{"id":32218,"date":"2020-05-24T12:12:43","date_gmt":"2020-05-24T10:12:43","guid":{"rendered":"https:\/\/www.aquimicasa.net\/blog\/?p=30012"},"modified":"2020-05-28T11:22:44","modified_gmt":"2020-05-28T09:22:44","slug":"la-ocu-estima-que-la-vivienda-puede-caer-hasta-un-30","status":"publish","type":"post","link":"https:\/\/www.aquimicasa.net\/blog\/vivienda\/noticias-mercado-inmobiliario\/la-ocu-estima-que-la-vivienda-puede-caer-hasta-un-30\/","title":{"rendered":"La OCU estima que la vivienda puede caer hasta un 30%"},"content":{"rendered":"<div class=\"title-holder\">A pesar de que seg\u00fan fuentes del INE, las <strong>ventas de viviendas<\/strong> en nuestro pa\u00eds ya hab\u00edan bajado en 2019 un -3,3%, lo cierto es que, desde el inicio del estado de alarma, las citadas ventas se han paralizado debido a las limitaciones de actividad y movimiento y debido a la incertidumbre creada. Seg\u00fan los <strong>notarios<\/strong>, las ventas cayeron un 37,5% en marzo. Desde entonces, el par\u00f3n ha sido casi total.<\/div>\n<div class=\"content-holder\">\n<p class=\"Standard\"><span class=\"Fuentedeprrafopredeter1\">Pero el inter\u00e9s en el <strong>inmobiliario<\/strong> contin\u00faa existiendo y el confinamiento y la crisis van a traer cambios considerables en el sector. Para unos, porque tras la experiencia vivida, habr\u00e1n observado deficiencias en la propia vivienda y querr\u00e1n buscar otra con patio, terraza o jard\u00edn, y otros, porque con la crisis econ\u00f3mica que muchos ya est\u00e1n viviendo, querr\u00e1n buscar otra m\u00e1s barata. <\/span><\/p>\n<p class=\"Standard\"><span class=\"Fuentedeprrafopredeter1\">\u00a0La <strong>vivienda<\/strong> carece de la liquidez de la Bolsa y su inmediata reacci\u00f3n<\/span>. En periodos de crisis como el que vivimos ahora, las estad\u00edsticas tardan meses hasta mostrar las ca\u00eddas del precio de nuestras casas. Existe mucha m\u00e1s inercia en este mercado que en el de las acciones burs\u00e1tiles. Las decisiones se toman de otro modo y su ejecuci\u00f3n requiere de m\u00e1s tiempo. Hay un periodo de tiempo entre el inicio de la crisis y el momento en que el vendedor comprende que debe adaptar sus expectativas a la realidad econ\u00f3mica actual si quiere vender.<\/p>\n<p class=\"Standard\"><span class=\"Fuentedeprrafopredeter1\">Y en esa situaci\u00f3n se mantiene de momento el mercado, m<\/span><span class=\"Fuentedeprrafopredeter1\">ientras la demanda ha perdido capacidad econ\u00f3mica (por p\u00e9rdida de ingresos, p\u00e9rdida de empleo, cambio en las prioridades de gasto en los hogares, etc.), de momento, la oferta no lo ha asimilado y pretende mantener precios. Es l\u00f3gico que intente no tener menoscabo econ\u00f3mico, pero la realidad se abrir\u00e1 paso y quienes quieran vender deber\u00e1n hacer rebajas del precio.<\/span><\/p>\n<p class=\"Standard\"><span class=\"Fuentedeprrafopredeter1\">En OCU estiman que la <strong>crisis econ\u00f3mica<\/strong> que se est\u00e1 generando con motivo de la irrupci\u00f3n del Covid-19 va a tener como uno de sus efectos una ca\u00edda significativa del<strong> precio de la vivienda<\/strong> en nuestro pa\u00eds. <\/span><span class=\"Fuentedeprrafopredeter1\">En esa bajada del precio influir\u00e1n factores, entre otros, como el incremento del paro, la abrupta reducci\u00f3n de ingresos de los hogares espa\u00f1oles, las medidas de ajuste que se impondr\u00e1n para contener el gasto p\u00fablico generado por la crisis, subida previsible de impuestos, etc.<\/span><\/p>\n<p class=\"Standard\"><span class=\"Fuentedeprrafopredeter1\">\u00a0<\/span><span class=\"Fuentedeprrafopredeter1\">En este sentido, si tiene un <strong>inmueble a la venta<\/strong>, OCU considera que cuanto antes lo venda, podr\u00e1 hacerlo a un precio m\u00e1s cercano al actual, ya que, si se espera mucho, puede arriesgarse a tener que vender con fuertes rebajas del precio. Si, por el contrario, es Vd. comprador y puede esperar unos a\u00f1os, quiz\u00e1 pueda adquirir el mismo inmueble a un precio m\u00e1s econ\u00f3mico.<\/span><\/p>\n<p class=\"Standard\"><span class=\"Fuentedeprrafopredeter1\">\u00a0<\/span><span class=\"Fuentedeprrafopredeter1\">Para quien se plantee la <strong>adquisici\u00f3n de un inmueble<\/strong> con criterios econ\u00f3micos y de ahorro a largo plazo, en OCU no apuestan por los inmuebles urbanos en este momento. La crisis ha hecho que la diferencia existente entre el precio de mercado de esos inmuebles y su valor econ\u00f3micamente razonable se ampl\u00ede a\u00fan m\u00e1s. Prevemos ca\u00eddas significativas de precios en los pr\u00f3ximos a\u00f1os, y es el motivo por el que hemos modificado la composici\u00f3n de nuestras carteras modelo de inversi\u00f3n a largo plazo con inmuebles, donde s\u00ed caben las<strong> fincas r\u00fasticas<\/strong>.<\/span><\/p>\n<p class=\"Standard\"><span class=\"Fuentedeprrafopredeter1\">\u00a0<\/span><span class=\"Fuentedeprrafopredeter1\"><strong>No se f\u00ede de las \u201crebajas\u201d durante el estado de alarma<\/strong><\/span><\/p>\n<p class=\"Standard\"><span class=\"Fuentedeprrafopredeter1\">Tras el estallido de la crisis del Covid-19 y sus previsibles consecuencias para la econom\u00eda y el empleo, varios fondos han decidido que es hora de <strong>vender sus inmuebles<\/strong> en Espa\u00f1a, para materializar ganancias antes de que los precios caigan. <\/span><span class=\"Fuentedeprrafopredeter1\">Anticip\u00e1ndose a esta debacle, algunos portales o\u00a0<em>servicers<\/em>\u00a0(instrumentos de gesti\u00f3n de activos de grandes fondos de inversi\u00f3n) como Aliseda, por ejemplo, ha lanzado una campa\u00f1a de <strong>promoci\u00f3n de inmuebles<\/strong>, s\u00f3lo vigente durante el estado de alarma, en la que anuncia rebajas de precios y la posibilidad de hacer reservas sin compromiso.<\/span><\/p>\n<p class=\"Standard\"><span class=\"Fuentedeprrafopredeter1\">\u00a0<\/span><span class=\"Fuentedeprrafopredeter1\">Seg\u00fan ha analizado OCU, esas rebajas no resultan atractivas por los siguientes motivos:<\/span><\/p>\n<p class=\"Standard\"><span class=\"Fuentedeprrafopredeter1\">\u00a0<\/span><span class=\"Fuentedeprrafopredeter1\">1) Muchos de los <strong>inmuebles ofertados<\/strong> se sit\u00faan fuera de los grandes n\u00facleos urbanos y por tanto, solo encajar\u00e1n a quien tenga inter\u00e9s en esa \u00e1rea.<\/span><\/p>\n<p class=\"Standard\"><span class=\"Fuentedeprrafopredeter1\">\u00a0<\/span><span class=\"Fuentedeprrafopredeter1\">2) En las principales ciudades las \u201cofertas\u201d anunciadas son menos interesantes, con descuentos de un 7%, cuando probablemente en los pr\u00f3ximos meses la bajada de la vivienda superar\u00e1 el 20 o 30%. Por ejemplo, se han analizado ofertas de rebajas del 7% para pisos en el Casco Hist\u00f3rico de Vallecas (Madrid) y en La Roqueta, distrito de Extramuros, en Valencia, y en ambos casos se ha observado que tal rebaja sobre el valor actual de oferta es claramente insuficiente, ya que el valor razonable de esas <strong>viviendas<\/strong> resulta al menos un 40% inferior al valor actual de mercado.<\/span><\/p>\n<p class=\"Standard\"><span class=\"Fuentedeprrafopredeter1\">\u00a0<\/span><span class=\"Fuentedeprrafopredeter1\">3) Es muy importante tener en cuenta el estado material del inmueble y asegurarse de que la vivienda no tenga defectos estructurales u otros vicios que luego ser\u00e1 dif\u00edcil de reclamar. <strong>OCU<\/strong> recomienda no comprometerse ni adelantar dinero por una vivienda que no haya podido ser visitada previamente.<\/span><\/p>\n<\/div>\n","protected":false},"excerpt":{"rendered":"<p>En OCU estiman que la crisis econ\u00f3mica que se est\u00e1 generando con motivo de la irrupci\u00f3n del Covid-19 va a tener como uno de sus efectos una ca\u00edda significativa del precio de la vivienda en nuestro pa\u00eds. En esa bajada del precio influir\u00e1n factores, entre otros, como el incremento del paro, la abrupta reducci\u00f3n de ingresos de los hogares espa\u00f1oles, las medidas de ajuste que se impondr\u00e1n para contener el gasto p\u00fablico generado por la crisis, subida previsible de impuestos, etc.<\/p>\n","protected":false},"author":3,"featured_media":28577,"comment_status":"open","ping_status":"open","sticky":false,"template":"","format":"standard","meta":{"_jetpack_memberships_contains_paid_content":false,"footnotes":"","jetpack_publicize_message":"","jetpack_publicize_feature_enabled":true,"jetpack_social_post_already_shared":true,"jetpack_social_options":{"image_generator_settings":{"template":"highway","default_image_id":0,"font":"","enabled":false},"version":2}},"categories":[7565],"tags":[7537,2487],"class_list":["post-32218","post","type-post","status-publish","format-standard","has-post-thumbnail","hentry","category-noticias-mercado-inmobiliario","tag-coronavirus","tag-vivienda"],"yoast_head":"<!-- This site is optimized with the Yoast SEO plugin v28.2 - https:\/\/yoast.com\/product\/yoast-seo-wordpress\/ -->\n<title>La OCU estima que la vivienda puede caer hasta un 30%<\/title>\n<meta name=\"description\" content=\"En OCU estiman que la crisis econ\u00f3mica que se est\u00e1 generando con motivo del Covid-19 va a causar una ca\u00edda significativa del precio de la vivienda\" \/>\n<meta name=\"robots\" content=\"index, follow, max-snippet:-1, max-image-preview:large, max-video-preview:-1\" \/>\n<link rel=\"canonical\" href=\"https:\/\/www.aquimicasa.net\/blog\/vivienda\/noticias-mercado-inmobiliario\/la-ocu-estima-que-la-vivienda-puede-caer-hasta-un-30\/\" \/>\n<meta property=\"og:locale\" content=\"es_ES\" \/>\n<meta property=\"og:type\" content=\"article\" \/>\n<meta property=\"og:title\" content=\"La OCU estima que la vivienda puede caer hasta un 30%\" \/>\n<meta property=\"og:description\" content=\"En OCU estiman que la crisis econ\u00f3mica que se est\u00e1 generando con motivo del Covid-19 va a causar una ca\u00edda significativa del precio de la vivienda\" \/>\n<meta property=\"og:url\" content=\"https:\/\/www.aquimicasa.net\/blog\/vivienda\/noticias-mercado-inmobiliario\/la-ocu-estima-que-la-vivienda-puede-caer-hasta-un-30\/\" \/>\n<meta property=\"og:site_name\" content=\"Blog de aquimicasa.net\" \/>\n<meta property=\"article:publisher\" content=\"https:\/\/www.facebook.com\/aquimicasa.net\" \/>\n<meta property=\"article:published_time\" content=\"2020-05-24T10:12:43+00:00\" \/>\n<meta property=\"article:modified_time\" content=\"2020-05-28T09:22:44+00:00\" \/>\n<meta property=\"og:image\" content=\"https:\/\/www.aquimicasa.net\/blog\/wp-content\/uploads\/Crisis-inmobiliaria3-scaled-e1595196132369.jpg\" \/>\n\t<meta property=\"og:image:width\" content=\"400\" \/>\n\t<meta property=\"og:image:height\" content=\"267\" \/>\n\t<meta property=\"og:image:type\" content=\"image\/jpeg\" \/>\n<meta name=\"author\" content=\"Eduardo Lizarraga\" \/>\n<meta name=\"twitter:label1\" content=\"Escrito por\" \/>\n\t<meta name=\"twitter:data1\" content=\"Eduardo Lizarraga\" \/>\n\t<meta name=\"twitter:label2\" content=\"Tiempo de lectura\" \/>\n\t<meta name=\"twitter:data2\" content=\"4 minutos\" \/>\n<script type=\"application\/ld+json\" class=\"yoast-schema-graph\">{\"@context\":\"https:\\\/\\\/schema.org\",\"@graph\":[{\"@type\":\"Article\",\"@id\":\"https:\\\/\\\/www.aquimicasa.net\\\/blog\\\/vivienda\\\/noticias-mercado-inmobiliario\\\/la-ocu-estima-que-la-vivienda-puede-caer-hasta-un-30\\\/#article\",\"isPartOf\":{\"@id\":\"https:\\\/\\\/www.aquimicasa.net\\\/blog\\\/vivienda\\\/noticias-mercado-inmobiliario\\\/la-ocu-estima-que-la-vivienda-puede-caer-hasta-un-30\\\/\"},\"author\":{\"name\":\"Eduardo Lizarraga\",\"@id\":\"https:\\\/\\\/www.aquimicasa.net\\\/blog\\\/#\\\/schema\\\/person\\\/2cdfa2605534583395c8d7ce1d6cac14\"},\"headline\":\"La OCU estima que la vivienda puede caer hasta un 30%\",\"datePublished\":\"2020-05-24T10:12:43+00:00\",\"dateModified\":\"2020-05-28T09:22:44+00:00\",\"mainEntityOfPage\":{\"@id\":\"https:\\\/\\\/www.aquimicasa.net\\\/blog\\\/vivienda\\\/noticias-mercado-inmobiliario\\\/la-ocu-estima-que-la-vivienda-puede-caer-hasta-un-30\\\/\"},\"wordCount\":895,\"commentCount\":0,\"publisher\":{\"@id\":\"https:\\\/\\\/www.aquimicasa.net\\\/blog\\\/#organization\"},\"image\":{\"@id\":\"https:\\\/\\\/www.aquimicasa.net\\\/blog\\\/vivienda\\\/noticias-mercado-inmobiliario\\\/la-ocu-estima-que-la-vivienda-puede-caer-hasta-un-30\\\/#primaryimage\"},\"thumbnailUrl\":\"https:\\\/\\\/www.aquimicasa.net\\\/blog\\\/wp-content\\\/uploads\\\/Crisis-inmobiliaria3-scaled-e1595196132369.jpg\",\"keywords\":[\"Coronavirus\",\"Vivienda\"],\"articleSection\":[\"Noticias Mercado Inmobiliario\"],\"inLanguage\":\"es\",\"potentialAction\":[{\"@type\":\"CommentAction\",\"name\":\"Comment\",\"target\":[\"https:\\\/\\\/www.aquimicasa.net\\\/blog\\\/vivienda\\\/noticias-mercado-inmobiliario\\\/la-ocu-estima-que-la-vivienda-puede-caer-hasta-un-30\\\/#respond\"]}]},{\"@type\":\"WebPage\",\"@id\":\"https:\\\/\\\/www.aquimicasa.net\\\/blog\\\/vivienda\\\/noticias-mercado-inmobiliario\\\/la-ocu-estima-que-la-vivienda-puede-caer-hasta-un-30\\\/\",\"url\":\"https:\\\/\\\/www.aquimicasa.net\\\/blog\\\/vivienda\\\/noticias-mercado-inmobiliario\\\/la-ocu-estima-que-la-vivienda-puede-caer-hasta-un-30\\\/\",\"name\":\"La OCU estima que la vivienda puede caer hasta un 30%\",\"isPartOf\":{\"@id\":\"https:\\\/\\\/www.aquimicasa.net\\\/blog\\\/#website\"},\"primaryImageOfPage\":{\"@id\":\"https:\\\/\\\/www.aquimicasa.net\\\/blog\\\/vivienda\\\/noticias-mercado-inmobiliario\\\/la-ocu-estima-que-la-vivienda-puede-caer-hasta-un-30\\\/#primaryimage\"},\"image\":{\"@id\":\"https:\\\/\\\/www.aquimicasa.net\\\/blog\\\/vivienda\\\/noticias-mercado-inmobiliario\\\/la-ocu-estima-que-la-vivienda-puede-caer-hasta-un-30\\\/#primaryimage\"},\"thumbnailUrl\":\"https:\\\/\\\/www.aquimicasa.net\\\/blog\\\/wp-content\\\/uploads\\\/Crisis-inmobiliaria3-scaled-e1595196132369.jpg\",\"datePublished\":\"2020-05-24T10:12:43+00:00\",\"dateModified\":\"2020-05-28T09:22:44+00:00\",\"description\":\"En OCU estiman que la crisis econ\u00f3mica que se est\u00e1 generando con motivo del Covid-19 va a causar una ca\u00edda significativa del precio de la vivienda\",\"breadcrumb\":{\"@id\":\"https:\\\/\\\/www.aquimicasa.net\\\/blog\\\/vivienda\\\/noticias-mercado-inmobiliario\\\/la-ocu-estima-que-la-vivienda-puede-caer-hasta-un-30\\\/#breadcrumb\"},\"inLanguage\":\"es\",\"potentialAction\":[{\"@type\":\"ReadAction\",\"target\":[\"https:\\\/\\\/www.aquimicasa.net\\\/blog\\\/vivienda\\\/noticias-mercado-inmobiliario\\\/la-ocu-estima-que-la-vivienda-puede-caer-hasta-un-30\\\/\"]}]},{\"@type\":\"ImageObject\",\"inLanguage\":\"es\",\"@id\":\"https:\\\/\\\/www.aquimicasa.net\\\/blog\\\/vivienda\\\/noticias-mercado-inmobiliario\\\/la-ocu-estima-que-la-vivienda-puede-caer-hasta-un-30\\\/#primaryimage\",\"url\":\"https:\\\/\\\/www.aquimicasa.net\\\/blog\\\/wp-content\\\/uploads\\\/Crisis-inmobiliaria3-scaled-e1595196132369.jpg\",\"contentUrl\":\"https:\\\/\\\/www.aquimicasa.net\\\/blog\\\/wp-content\\\/uploads\\\/Crisis-inmobiliaria3-scaled-e1595196132369.jpg\",\"width\":400,\"height\":267,\"caption\":\"Precios de la vivienda en julio\"},{\"@type\":\"BreadcrumbList\",\"@id\":\"https:\\\/\\\/www.aquimicasa.net\\\/blog\\\/vivienda\\\/noticias-mercado-inmobiliario\\\/la-ocu-estima-que-la-vivienda-puede-caer-hasta-un-30\\\/#breadcrumb\",\"itemListElement\":[{\"@type\":\"ListItem\",\"position\":1,\"name\":\"Portada\",\"item\":\"https:\\\/\\\/www.aquimicasa.net\\\/blog\\\/\"},{\"@type\":\"ListItem\",\"position\":2,\"name\":\"La OCU estima que la vivienda puede caer hasta un 30%\"}]},{\"@type\":\"WebSite\",\"@id\":\"https:\\\/\\\/www.aquimicasa.net\\\/blog\\\/#website\",\"url\":\"https:\\\/\\\/www.aquimicasa.net\\\/blog\\\/\",\"name\":\"Blog de aquimicasa.net\",\"description\":\"Noticias del Mundo Inmobiliario\",\"publisher\":{\"@id\":\"https:\\\/\\\/www.aquimicasa.net\\\/blog\\\/#organization\"},\"potentialAction\":[{\"@type\":\"SearchAction\",\"target\":{\"@type\":\"EntryPoint\",\"urlTemplate\":\"https:\\\/\\\/www.aquimicasa.net\\\/blog\\\/?s={search_term_string}\"},\"query-input\":{\"@type\":\"PropertyValueSpecification\",\"valueRequired\":true,\"valueName\":\"search_term_string\"}}],\"inLanguage\":\"es\"},{\"@type\":\"Organization\",\"@id\":\"https:\\\/\\\/www.aquimicasa.net\\\/blog\\\/#organization\",\"name\":\"Blog de aquimicasa.net\",\"url\":\"https:\\\/\\\/www.aquimicasa.net\\\/blog\\\/\",\"logo\":{\"@type\":\"ImageObject\",\"inLanguage\":\"es\",\"@id\":\"https:\\\/\\\/www.aquimicasa.net\\\/blog\\\/#\\\/schema\\\/logo\\\/image\\\/\",\"url\":\"https:\\\/\\\/www.aquimicasa.net\\\/blog\\\/wp-content\\\/uploads\\\/Logo-aquimicasa-1-e1528048213782.png\",\"contentUrl\":\"https:\\\/\\\/www.aquimicasa.net\\\/blog\\\/wp-content\\\/uploads\\\/Logo-aquimicasa-1-e1528048213782.png\",\"width\":225,\"height\":225,\"caption\":\"Blog de aquimicasa.net\"},\"image\":{\"@id\":\"https:\\\/\\\/www.aquimicasa.net\\\/blog\\\/#\\\/schema\\\/logo\\\/image\\\/\"},\"sameAs\":[\"https:\\\/\\\/www.facebook.com\\\/aquimicasa.net\",\"https:\\\/\\\/www.instagram.com\\\/\",\"https:\\\/\\\/x.com\\\/EduLizarragaD\",\"https:\\\/\\\/www.linkedin.com\\\/feed\\\/\"]},{\"@type\":\"Person\",\"@id\":\"https:\\\/\\\/www.aquimicasa.net\\\/blog\\\/#\\\/schema\\\/person\\\/2cdfa2605534583395c8d7ce1d6cac14\",\"name\":\"Eduardo Lizarraga\",\"image\":{\"@type\":\"ImageObject\",\"inLanguage\":\"es\",\"@id\":\"https:\\\/\\\/secure.gravatar.com\\\/avatar\\\/bdabe1eeeed97b65a9cb7de2edd624b07995f7e13abc5fead15961f745f908cc?s=96&d=mm&r=g\",\"url\":\"https:\\\/\\\/secure.gravatar.com\\\/avatar\\\/bdabe1eeeed97b65a9cb7de2edd624b07995f7e13abc5fead15961f745f908cc?s=96&d=mm&r=g\",\"contentUrl\":\"https:\\\/\\\/secure.gravatar.com\\\/avatar\\\/bdabe1eeeed97b65a9cb7de2edd624b07995f7e13abc5fead15961f745f908cc?s=96&d=mm&r=g\",\"caption\":\"Eduardo Lizarraga\"},\"description\":\"Periodista Econ\u00f3mico. Ha trabajado en diversos campos de la informaci\u00f3n. Corresponsal en conflictos, analista pol\u00edtico en Congreso y Senado, periodista del medio ambiente, editor, director editorial, director de comunicaci\u00f3n.... En estos momentos se ha especializado en el sector inmobiliario. Pero tambi\u00e9n es navegante y viajero, preocupado por la pobreza, el medio ambiente y por las actuaciones descontroladas del neoliberalismo empresarial y pol\u00edtico en todo el mundo. Los desahucios, la pobreza infantil y la falta de acceso a los suministros b\u00e1sicos son algunos de los grandes dramas de nuestra sociedad y que es preciso solucionar para hacerla m\u00e1s justa. CEO en www.aquimicasa.net\",\"sameAs\":[\"https:\\\/\\\/www.aquimicasa.net\\\/\"],\"url\":\"https:\\\/\\\/www.aquimicasa.net\\\/blog\\\/author\\\/eduardo\\\/\"}]}<\/script>\n<!-- \/ Yoast SEO plugin. -->","yoast_head_json":{"title":"La OCU estima que la vivienda puede caer hasta un 30%","description":"En OCU estiman que la crisis econ\u00f3mica que se est\u00e1 generando con motivo del Covid-19 va a causar una ca\u00edda significativa del precio de la vivienda","robots":{"index":"index","follow":"follow","max-snippet":"max-snippet:-1","max-image-preview":"max-image-preview:large","max-video-preview":"max-video-preview:-1"},"canonical":"https:\/\/www.aquimicasa.net\/blog\/vivienda\/noticias-mercado-inmobiliario\/la-ocu-estima-que-la-vivienda-puede-caer-hasta-un-30\/","og_locale":"es_ES","og_type":"article","og_title":"La OCU estima que la vivienda puede caer hasta un 30%","og_description":"En OCU estiman que la crisis econ\u00f3mica que se est\u00e1 generando con motivo del Covid-19 va a causar una ca\u00edda significativa del precio de la vivienda","og_url":"https:\/\/www.aquimicasa.net\/blog\/vivienda\/noticias-mercado-inmobiliario\/la-ocu-estima-que-la-vivienda-puede-caer-hasta-un-30\/","og_site_name":"Blog de aquimicasa.net","article_publisher":"https:\/\/www.facebook.com\/aquimicasa.net","article_published_time":"2020-05-24T10:12:43+00:00","article_modified_time":"2020-05-28T09:22:44+00:00","og_image":[{"width":400,"height":267,"url":"https:\/\/www.aquimicasa.net\/blog\/wp-content\/uploads\/Crisis-inmobiliaria3-scaled-e1595196132369.jpg","type":"image\/jpeg"}],"author":"Eduardo Lizarraga","twitter_misc":{"Escrito por":"Eduardo Lizarraga","Tiempo de lectura":"4 minutos"},"schema":{"@context":"https:\/\/schema.org","@graph":[{"@type":"Article","@id":"https:\/\/www.aquimicasa.net\/blog\/vivienda\/noticias-mercado-inmobiliario\/la-ocu-estima-que-la-vivienda-puede-caer-hasta-un-30\/#article","isPartOf":{"@id":"https:\/\/www.aquimicasa.net\/blog\/vivienda\/noticias-mercado-inmobiliario\/la-ocu-estima-que-la-vivienda-puede-caer-hasta-un-30\/"},"author":{"name":"Eduardo Lizarraga","@id":"https:\/\/www.aquimicasa.net\/blog\/#\/schema\/person\/2cdfa2605534583395c8d7ce1d6cac14"},"headline":"La OCU estima que la vivienda puede caer hasta un 30%","datePublished":"2020-05-24T10:12:43+00:00","dateModified":"2020-05-28T09:22:44+00:00","mainEntityOfPage":{"@id":"https:\/\/www.aquimicasa.net\/blog\/vivienda\/noticias-mercado-inmobiliario\/la-ocu-estima-que-la-vivienda-puede-caer-hasta-un-30\/"},"wordCount":895,"commentCount":0,"publisher":{"@id":"https:\/\/www.aquimicasa.net\/blog\/#organization"},"image":{"@id":"https:\/\/www.aquimicasa.net\/blog\/vivienda\/noticias-mercado-inmobiliario\/la-ocu-estima-que-la-vivienda-puede-caer-hasta-un-30\/#primaryimage"},"thumbnailUrl":"https:\/\/www.aquimicasa.net\/blog\/wp-content\/uploads\/Crisis-inmobiliaria3-scaled-e1595196132369.jpg","keywords":["Coronavirus","Vivienda"],"articleSection":["Noticias Mercado Inmobiliario"],"inLanguage":"es","potentialAction":[{"@type":"CommentAction","name":"Comment","target":["https:\/\/www.aquimicasa.net\/blog\/vivienda\/noticias-mercado-inmobiliario\/la-ocu-estima-que-la-vivienda-puede-caer-hasta-un-30\/#respond"]}]},{"@type":"WebPage","@id":"https:\/\/www.aquimicasa.net\/blog\/vivienda\/noticias-mercado-inmobiliario\/la-ocu-estima-que-la-vivienda-puede-caer-hasta-un-30\/","url":"https:\/\/www.aquimicasa.net\/blog\/vivienda\/noticias-mercado-inmobiliario\/la-ocu-estima-que-la-vivienda-puede-caer-hasta-un-30\/","name":"La OCU estima que la vivienda puede caer hasta un 30%","isPartOf":{"@id":"https:\/\/www.aquimicasa.net\/blog\/#website"},"primaryImageOfPage":{"@id":"https:\/\/www.aquimicasa.net\/blog\/vivienda\/noticias-mercado-inmobiliario\/la-ocu-estima-que-la-vivienda-puede-caer-hasta-un-30\/#primaryimage"},"image":{"@id":"https:\/\/www.aquimicasa.net\/blog\/vivienda\/noticias-mercado-inmobiliario\/la-ocu-estima-que-la-vivienda-puede-caer-hasta-un-30\/#primaryimage"},"thumbnailUrl":"https:\/\/www.aquimicasa.net\/blog\/wp-content\/uploads\/Crisis-inmobiliaria3-scaled-e1595196132369.jpg","datePublished":"2020-05-24T10:12:43+00:00","dateModified":"2020-05-28T09:22:44+00:00","description":"En OCU estiman que la crisis econ\u00f3mica que se est\u00e1 generando con motivo del Covid-19 va a causar una ca\u00edda significativa del precio de la vivienda","breadcrumb":{"@id":"https:\/\/www.aquimicasa.net\/blog\/vivienda\/noticias-mercado-inmobiliario\/la-ocu-estima-que-la-vivienda-puede-caer-hasta-un-30\/#breadcrumb"},"inLanguage":"es","potentialAction":[{"@type":"ReadAction","target":["https:\/\/www.aquimicasa.net\/blog\/vivienda\/noticias-mercado-inmobiliario\/la-ocu-estima-que-la-vivienda-puede-caer-hasta-un-30\/"]}]},{"@type":"ImageObject","inLanguage":"es","@id":"https:\/\/www.aquimicasa.net\/blog\/vivienda\/noticias-mercado-inmobiliario\/la-ocu-estima-que-la-vivienda-puede-caer-hasta-un-30\/#primaryimage","url":"https:\/\/www.aquimicasa.net\/blog\/wp-content\/uploads\/Crisis-inmobiliaria3-scaled-e1595196132369.jpg","contentUrl":"https:\/\/www.aquimicasa.net\/blog\/wp-content\/uploads\/Crisis-inmobiliaria3-scaled-e1595196132369.jpg","width":400,"height":267,"caption":"Precios de la vivienda en julio"},{"@type":"BreadcrumbList","@id":"https:\/\/www.aquimicasa.net\/blog\/vivienda\/noticias-mercado-inmobiliario\/la-ocu-estima-que-la-vivienda-puede-caer-hasta-un-30\/#breadcrumb","itemListElement":[{"@type":"ListItem","position":1,"name":"Portada","item":"https:\/\/www.aquimicasa.net\/blog\/"},{"@type":"ListItem","position":2,"name":"La OCU estima que la vivienda puede caer hasta un 30%"}]},{"@type":"WebSite","@id":"https:\/\/www.aquimicasa.net\/blog\/#website","url":"https:\/\/www.aquimicasa.net\/blog\/","name":"Blog de aquimicasa.net","description":"Noticias del Mundo Inmobiliario","publisher":{"@id":"https:\/\/www.aquimicasa.net\/blog\/#organization"},"potentialAction":[{"@type":"SearchAction","target":{"@type":"EntryPoint","urlTemplate":"https:\/\/www.aquimicasa.net\/blog\/?s={search_term_string}"},"query-input":{"@type":"PropertyValueSpecification","valueRequired":true,"valueName":"search_term_string"}}],"inLanguage":"es"},{"@type":"Organization","@id":"https:\/\/www.aquimicasa.net\/blog\/#organization","name":"Blog de aquimicasa.net","url":"https:\/\/www.aquimicasa.net\/blog\/","logo":{"@type":"ImageObject","inLanguage":"es","@id":"https:\/\/www.aquimicasa.net\/blog\/#\/schema\/logo\/image\/","url":"https:\/\/www.aquimicasa.net\/blog\/wp-content\/uploads\/Logo-aquimicasa-1-e1528048213782.png","contentUrl":"https:\/\/www.aquimicasa.net\/blog\/wp-content\/uploads\/Logo-aquimicasa-1-e1528048213782.png","width":225,"height":225,"caption":"Blog de aquimicasa.net"},"image":{"@id":"https:\/\/www.aquimicasa.net\/blog\/#\/schema\/logo\/image\/"},"sameAs":["https:\/\/www.facebook.com\/aquimicasa.net","https:\/\/www.instagram.com\/","https:\/\/x.com\/EduLizarragaD","https:\/\/www.linkedin.com\/feed\/"]},{"@type":"Person","@id":"https:\/\/www.aquimicasa.net\/blog\/#\/schema\/person\/2cdfa2605534583395c8d7ce1d6cac14","name":"Eduardo Lizarraga","image":{"@type":"ImageObject","inLanguage":"es","@id":"https:\/\/secure.gravatar.com\/avatar\/bdabe1eeeed97b65a9cb7de2edd624b07995f7e13abc5fead15961f745f908cc?s=96&d=mm&r=g","url":"https:\/\/secure.gravatar.com\/avatar\/bdabe1eeeed97b65a9cb7de2edd624b07995f7e13abc5fead15961f745f908cc?s=96&d=mm&r=g","contentUrl":"https:\/\/secure.gravatar.com\/avatar\/bdabe1eeeed97b65a9cb7de2edd624b07995f7e13abc5fead15961f745f908cc?s=96&d=mm&r=g","caption":"Eduardo Lizarraga"},"description":"Periodista Econ\u00f3mico. Ha trabajado en diversos campos de la informaci\u00f3n. Corresponsal en conflictos, analista pol\u00edtico en Congreso y Senado, periodista del medio ambiente, editor, director editorial, director de comunicaci\u00f3n.... En estos momentos se ha especializado en el sector inmobiliario. Pero tambi\u00e9n es navegante y viajero, preocupado por la pobreza, el medio ambiente y por las actuaciones descontroladas del neoliberalismo empresarial y pol\u00edtico en todo el mundo. Los desahucios, la pobreza infantil y la falta de acceso a los suministros b\u00e1sicos son algunos de los grandes dramas de nuestra sociedad y que es preciso solucionar para hacerla m\u00e1s justa. CEO en www.aquimicasa.net","sameAs":["https:\/\/www.aquimicasa.net\/"],"url":"https:\/\/www.aquimicasa.net\/blog\/author\/eduardo\/"}]}},"jetpack_publicize_connections":[],"jetpack_featured_media_url":"https:\/\/www.aquimicasa.net\/blog\/wp-content\/uploads\/Crisis-inmobiliaria3-scaled-e1595196132369.jpg","jetpack_sharing_enabled":true,"jetpack_likes_enabled":true,"_links":{"self":[{"href":"https:\/\/www.aquimicasa.net\/blog\/wp-json\/wp\/v2\/posts\/32218","targetHints":{"allow":["GET"]}}],"collection":[{"href":"https:\/\/www.aquimicasa.net\/blog\/wp-json\/wp\/v2\/posts"}],"about":[{"href":"https:\/\/www.aquimicasa.net\/blog\/wp-json\/wp\/v2\/types\/post"}],"author":[{"embeddable":true,"href":"https:\/\/www.aquimicasa.net\/blog\/wp-json\/wp\/v2\/users\/3"}],"replies":[{"embeddable":true,"href":"https:\/\/www.aquimicasa.net\/blog\/wp-json\/wp\/v2\/comments?post=32218"}],"version-history":[{"count":1,"href":"https:\/\/www.aquimicasa.net\/blog\/wp-json\/wp\/v2\/posts\/32218\/revisions"}],"predecessor-version":[{"id":32314,"href":"https:\/\/www.aquimicasa.net\/blog\/wp-json\/wp\/v2\/posts\/32218\/revisions\/32314"}],"wp:featuredmedia":[{"embeddable":true,"href":"https:\/\/www.aquimicasa.net\/blog\/wp-json\/wp\/v2\/media\/28577"}],"wp:attachment":[{"href":"https:\/\/www.aquimicasa.net\/blog\/wp-json\/wp\/v2\/media?parent=32218"}],"wp:term":[{"taxonomy":"category","embeddable":true,"href":"https:\/\/www.aquimicasa.net\/blog\/wp-json\/wp\/v2\/categories?post=32218"},{"taxonomy":"post_tag","embeddable":true,"href":"https:\/\/www.aquimicasa.net\/blog\/wp-json\/wp\/v2\/tags?post=32218"}],"curies":[{"name":"wp","href":"https:\/\/api.w.org\/{rel}","templated":true}]}}