{"id":32705,"date":"2020-04-08T20:14:11","date_gmt":"2020-04-08T18:14:11","guid":{"rendered":"https:\/\/www.aquimicasa.net\/blog-old\/?p=29205"},"modified":"2020-06-10T17:42:42","modified_gmt":"2020-06-10T15:42:42","slug":"el-sector-inmobiliario-incrementaba-un-25-su-precio-trimestral","status":"publish","type":"post","link":"https:\/\/www.aquimicasa.net\/blog\/vivienda\/noticias-mercado-inmobiliario\/el-sector-inmobiliario-incrementaba-un-25-su-precio-trimestral\/","title":{"rendered":"El sector inmobiliario incrementaba un 2,5% su precio trimestral"},"content":{"rendered":"<p>A pesar de las malas perspectivas con que termin\u00f3 el a\u00f1o 2019, compar\u00e1ndolas con lo que hab\u00eda un a\u00f1o antes, nadie se imaginaba cuando brindamos el 31 de diciembre lo que estaba por llegar. La ca\u00edda extrema de las cifras de demanda y la paralizaci\u00f3n reciente de la actividad promotora conllevar\u00e1 m\u00e1s que probables ajustes en los precios medios de la vivienda, que comenzar\u00e1n a reflejarse en las estad\u00edsticas de los pr\u00f3ximos meses. El informe IMIE Mercados Locales de Tinsa (trimestral) y el \u00edndice Tinsa IMIE General y Grandes mercados (mensual),\u00a0 no recogen todav\u00eda variaciones de precio causadas por la actual crisis, sino que se enmarcan en la coyuntura observada durante los \u00faltimos trimestres, y, por tanto, representa la situaci\u00f3n del mercado residencial inmediatamente previa al impacto de la emergencia sanitaria en Espa\u00f1a.<\/p>\n<p>El IMIE Mercados Locales del primer trimestre de 2020 refleja que el precio medio en Espa\u00f1a se increment\u00f3 un 2,5 % interanual en el primer trimestre del a\u00f1o, hasta 1.383 \u20ac\/m2, cifra que representa un aumento del 0,7% respecto al trimestre anterior. \u201cEn el primer trimestre del a\u00f1o la estabilidad del mercado se traduce en variaciones de precio menos significativas que las registradas meses atr\u00e1s y en indicadores de oferta y demanda, hipotecarios y de rentabilidad an\u00e1logos a los de buena parte de 2019\u201d, explica Rafael Gil.<\/p>\n<p>La ciudad de Madrid registr\u00f3 una variaci\u00f3n interanual del 2,3 % (+0,4 % intertrimestral), mientras que en Barcelona el valor medio se redujo un 1,6 % en el \u00faltimo a\u00f1o, tras caer un 0,5 % en tasa intertrimestral. En un escenario de precios estabilizados, la Ciudad Condal suma tres trimestres consecutivos de descensos interanuales.<\/p>\n<p>\u201cPese a las se\u00f1ales de desaceleraci\u00f3n o incluso enfriamiento de la actividad, la variaci\u00f3n de valor en la mayor\u00eda de regiones, a excepci\u00f3n del cuadrante noroccidental peninsular, sigue siendo positiva, si bien ya m\u00e1s contenida. En las principales ciudades, la periferia mantiene tasas de encarecimiento m\u00e1s notables\u201d, destaca el director del Servicio de Estudios.<\/p>\n<p>Por su parte, la estad\u00edstica mensual (IMIE General) correspondiente al mes de marzo muestra un incremento del 3,5 % en tasa interanual, con una subida del 1,1 % respecto al mes anterior.\u00a0 La costa mediterr\u00e1nea y el grupo Baleares y Canarias incrementan por encima del 5% el precio medio en marzo respecto a febrero.<\/p>\n","protected":false},"excerpt":{"rendered":"<p>La ca\u00edda extrema de las cifras de demanda y la paralizaci\u00f3n reciente de la actividad promotora conllevar\u00e1 m\u00e1s que probables ajustes en los precios medios de la vivienda, que comenzar\u00e1n a reflejarse en las estad\u00edsticas de los pr\u00f3ximos meses. El informe IMIE Mercados Locales de Tinsa (trimestral) y el \u00edndice Tinsa IMIE General y Grandes mercados (mensual),\u00a0 no recogen todav\u00eda variaciones de precio causadas por la actual crisis, sino que se enmarcan en la coyuntura observada durante los \u00faltimos trimestres<\/p>\n","protected":false},"author":3,"featured_media":27888,"comment_status":"open","ping_status":"open","sticky":false,"template":"","format":"standard","meta":{"_jetpack_memberships_contains_paid_content":false,"footnotes":"","jetpack_publicize_message":"","jetpack_publicize_feature_enabled":true,"jetpack_social_post_already_shared":true,"jetpack_social_options":{"image_generator_settings":{"template":"highway","default_image_id":0,"font":"","enabled":false},"version":2}},"categories":[7565],"tags":[6468,7581],"class_list":["post-32705","post","type-post","status-publish","format-standard","has-post-thumbnail","hentry","category-noticias-mercado-inmobiliario","tag-indice-tinsa-imie","tag-primer-trimestre"],"yoast_head":"<!-- This site is optimized with the Yoast SEO plugin v28.2 - https:\/\/yoast.com\/product\/yoast-seo-wordpress\/ -->\n<title>El sector inmobiliario incrementaba un 2,5% su precio trimestral<\/title>\n<meta name=\"description\" content=\"La ca\u00edda de las cifras de demanda y la paralizaci\u00f3n reciente de la actividad promotora conllevar\u00e1 m\u00e1s que ajustes en los precios medios de la vivienda,\" \/>\n<meta name=\"robots\" content=\"index, follow, max-snippet:-1, max-image-preview:large, max-video-preview:-1\" \/>\n<link rel=\"canonical\" href=\"https:\/\/www.aquimicasa.net\/blog\/vivienda\/noticias-mercado-inmobiliario\/el-sector-inmobiliario-incrementaba-un-25-su-precio-trimestral\/\" \/>\n<meta property=\"og:locale\" content=\"es_ES\" \/>\n<meta property=\"og:type\" content=\"article\" \/>\n<meta property=\"og:title\" content=\"El sector inmobiliario incrementaba un 2,5% su precio trimestral\" \/>\n<meta property=\"og:description\" content=\"La ca\u00edda de las cifras de demanda y la paralizaci\u00f3n reciente de la actividad promotora conllevar\u00e1 m\u00e1s que ajustes en los precios medios de la vivienda,\" \/>\n<meta property=\"og:url\" content=\"https:\/\/www.aquimicasa.net\/blog\/vivienda\/noticias-mercado-inmobiliario\/el-sector-inmobiliario-incrementaba-un-25-su-precio-trimestral\/\" \/>\n<meta property=\"og:site_name\" content=\"Blog de aquimicasa.net\" \/>\n<meta property=\"article:publisher\" content=\"https:\/\/www.facebook.com\/aquimicasa.net\" \/>\n<meta property=\"article:published_time\" content=\"2020-04-08T18:14:11+00:00\" \/>\n<meta property=\"article:modified_time\" content=\"2020-06-10T15:42:42+00:00\" \/>\n<meta property=\"og:image\" content=\"https:\/\/www.aquimicasa.net\/blog\/wp-content\/uploads\/Rafael-gil-tinsa.jpg\" \/>\n\t<meta property=\"og:image:width\" content=\"1000\" \/>\n\t<meta property=\"og:image:height\" content=\"663\" \/>\n\t<meta property=\"og:image:type\" content=\"image\/jpeg\" \/>\n<meta name=\"author\" content=\"Eduardo Lizarraga\" \/>\n<meta name=\"twitter:label1\" content=\"Escrito por\" \/>\n\t<meta name=\"twitter:data1\" content=\"Eduardo Lizarraga\" \/>\n\t<meta name=\"twitter:label2\" content=\"Tiempo de lectura\" \/>\n\t<meta name=\"twitter:data2\" content=\"2 minutos\" \/>\n<script type=\"application\/ld+json\" class=\"yoast-schema-graph\">{\"@context\":\"https:\\\/\\\/schema.org\",\"@graph\":[{\"@type\":\"Article\",\"@id\":\"https:\\\/\\\/www.aquimicasa.net\\\/blog\\\/vivienda\\\/noticias-mercado-inmobiliario\\\/el-sector-inmobiliario-incrementaba-un-25-su-precio-trimestral\\\/#article\",\"isPartOf\":{\"@id\":\"https:\\\/\\\/www.aquimicasa.net\\\/blog\\\/vivienda\\\/noticias-mercado-inmobiliario\\\/el-sector-inmobiliario-incrementaba-un-25-su-precio-trimestral\\\/\"},\"author\":{\"name\":\"Eduardo Lizarraga\",\"@id\":\"https:\\\/\\\/www.aquimicasa.net\\\/blog\\\/#\\\/schema\\\/person\\\/2cdfa2605534583395c8d7ce1d6cac14\"},\"headline\":\"El sector inmobiliario incrementaba un 2,5% su precio trimestral\",\"datePublished\":\"2020-04-08T18:14:11+00:00\",\"dateModified\":\"2020-06-10T15:42:42+00:00\",\"mainEntityOfPage\":{\"@id\":\"https:\\\/\\\/www.aquimicasa.net\\\/blog\\\/vivienda\\\/noticias-mercado-inmobiliario\\\/el-sector-inmobiliario-incrementaba-un-25-su-precio-trimestral\\\/\"},\"wordCount\":398,\"commentCount\":0,\"publisher\":{\"@id\":\"https:\\\/\\\/www.aquimicasa.net\\\/blog\\\/#organization\"},\"image\":{\"@id\":\"https:\\\/\\\/www.aquimicasa.net\\\/blog\\\/vivienda\\\/noticias-mercado-inmobiliario\\\/el-sector-inmobiliario-incrementaba-un-25-su-precio-trimestral\\\/#primaryimage\"},\"thumbnailUrl\":\"https:\\\/\\\/www.aquimicasa.net\\\/blog\\\/wp-content\\\/uploads\\\/Rafael-gil-tinsa.jpg\",\"keywords\":[\"\u00cdndice Tinsa IMIE\",\"Primer trimestre\"],\"articleSection\":[\"Noticias Mercado Inmobiliario\"],\"inLanguage\":\"es\",\"potentialAction\":[{\"@type\":\"CommentAction\",\"name\":\"Comment\",\"target\":[\"https:\\\/\\\/www.aquimicasa.net\\\/blog\\\/vivienda\\\/noticias-mercado-inmobiliario\\\/el-sector-inmobiliario-incrementaba-un-25-su-precio-trimestral\\\/#respond\"]}]},{\"@type\":\"WebPage\",\"@id\":\"https:\\\/\\\/www.aquimicasa.net\\\/blog\\\/vivienda\\\/noticias-mercado-inmobiliario\\\/el-sector-inmobiliario-incrementaba-un-25-su-precio-trimestral\\\/\",\"url\":\"https:\\\/\\\/www.aquimicasa.net\\\/blog\\\/vivienda\\\/noticias-mercado-inmobiliario\\\/el-sector-inmobiliario-incrementaba-un-25-su-precio-trimestral\\\/\",\"name\":\"El sector inmobiliario incrementaba un 2,5% su precio trimestral\",\"isPartOf\":{\"@id\":\"https:\\\/\\\/www.aquimicasa.net\\\/blog\\\/#website\"},\"primaryImageOfPage\":{\"@id\":\"https:\\\/\\\/www.aquimicasa.net\\\/blog\\\/vivienda\\\/noticias-mercado-inmobiliario\\\/el-sector-inmobiliario-incrementaba-un-25-su-precio-trimestral\\\/#primaryimage\"},\"image\":{\"@id\":\"https:\\\/\\\/www.aquimicasa.net\\\/blog\\\/vivienda\\\/noticias-mercado-inmobiliario\\\/el-sector-inmobiliario-incrementaba-un-25-su-precio-trimestral\\\/#primaryimage\"},\"thumbnailUrl\":\"https:\\\/\\\/www.aquimicasa.net\\\/blog\\\/wp-content\\\/uploads\\\/Rafael-gil-tinsa.jpg\",\"datePublished\":\"2020-04-08T18:14:11+00:00\",\"dateModified\":\"2020-06-10T15:42:42+00:00\",\"description\":\"La ca\u00edda de las cifras de demanda y la paralizaci\u00f3n reciente de la actividad promotora conllevar\u00e1 m\u00e1s que ajustes en los precios medios de la vivienda,\",\"breadcrumb\":{\"@id\":\"https:\\\/\\\/www.aquimicasa.net\\\/blog\\\/vivienda\\\/noticias-mercado-inmobiliario\\\/el-sector-inmobiliario-incrementaba-un-25-su-precio-trimestral\\\/#breadcrumb\"},\"inLanguage\":\"es\",\"potentialAction\":[{\"@type\":\"ReadAction\",\"target\":[\"https:\\\/\\\/www.aquimicasa.net\\\/blog\\\/vivienda\\\/noticias-mercado-inmobiliario\\\/el-sector-inmobiliario-incrementaba-un-25-su-precio-trimestral\\\/\"]}]},{\"@type\":\"ImageObject\",\"inLanguage\":\"es\",\"@id\":\"https:\\\/\\\/www.aquimicasa.net\\\/blog\\\/vivienda\\\/noticias-mercado-inmobiliario\\\/el-sector-inmobiliario-incrementaba-un-25-su-precio-trimestral\\\/#primaryimage\",\"url\":\"https:\\\/\\\/www.aquimicasa.net\\\/blog\\\/wp-content\\\/uploads\\\/Rafael-gil-tinsa.jpg\",\"contentUrl\":\"https:\\\/\\\/www.aquimicasa.net\\\/blog\\\/wp-content\\\/uploads\\\/Rafael-gil-tinsa.jpg\",\"width\":1000,\"height\":663},{\"@type\":\"BreadcrumbList\",\"@id\":\"https:\\\/\\\/www.aquimicasa.net\\\/blog\\\/vivienda\\\/noticias-mercado-inmobiliario\\\/el-sector-inmobiliario-incrementaba-un-25-su-precio-trimestral\\\/#breadcrumb\",\"itemListElement\":[{\"@type\":\"ListItem\",\"position\":1,\"name\":\"Portada\",\"item\":\"https:\\\/\\\/www.aquimicasa.net\\\/blog\\\/\"},{\"@type\":\"ListItem\",\"position\":2,\"name\":\"El sector inmobiliario incrementaba un 2,5% su precio trimestral\"}]},{\"@type\":\"WebSite\",\"@id\":\"https:\\\/\\\/www.aquimicasa.net\\\/blog\\\/#website\",\"url\":\"https:\\\/\\\/www.aquimicasa.net\\\/blog\\\/\",\"name\":\"Blog de aquimicasa.net\",\"description\":\"Noticias del Mundo Inmobiliario\",\"publisher\":{\"@id\":\"https:\\\/\\\/www.aquimicasa.net\\\/blog\\\/#organization\"},\"potentialAction\":[{\"@type\":\"SearchAction\",\"target\":{\"@type\":\"EntryPoint\",\"urlTemplate\":\"https:\\\/\\\/www.aquimicasa.net\\\/blog\\\/?s={search_term_string}\"},\"query-input\":{\"@type\":\"PropertyValueSpecification\",\"valueRequired\":true,\"valueName\":\"search_term_string\"}}],\"inLanguage\":\"es\"},{\"@type\":\"Organization\",\"@id\":\"https:\\\/\\\/www.aquimicasa.net\\\/blog\\\/#organization\",\"name\":\"Blog de aquimicasa.net\",\"url\":\"https:\\\/\\\/www.aquimicasa.net\\\/blog\\\/\",\"logo\":{\"@type\":\"ImageObject\",\"inLanguage\":\"es\",\"@id\":\"https:\\\/\\\/www.aquimicasa.net\\\/blog\\\/#\\\/schema\\\/logo\\\/image\\\/\",\"url\":\"https:\\\/\\\/www.aquimicasa.net\\\/blog\\\/wp-content\\\/uploads\\\/Logo-aquimicasa-1-e1528048213782.png\",\"contentUrl\":\"https:\\\/\\\/www.aquimicasa.net\\\/blog\\\/wp-content\\\/uploads\\\/Logo-aquimicasa-1-e1528048213782.png\",\"width\":225,\"height\":225,\"caption\":\"Blog de aquimicasa.net\"},\"image\":{\"@id\":\"https:\\\/\\\/www.aquimicasa.net\\\/blog\\\/#\\\/schema\\\/logo\\\/image\\\/\"},\"sameAs\":[\"https:\\\/\\\/www.facebook.com\\\/aquimicasa.net\",\"https:\\\/\\\/www.instagram.com\\\/\",\"https:\\\/\\\/x.com\\\/EduLizarragaD\",\"https:\\\/\\\/www.linkedin.com\\\/feed\\\/\"]},{\"@type\":\"Person\",\"@id\":\"https:\\\/\\\/www.aquimicasa.net\\\/blog\\\/#\\\/schema\\\/person\\\/2cdfa2605534583395c8d7ce1d6cac14\",\"name\":\"Eduardo Lizarraga\",\"image\":{\"@type\":\"ImageObject\",\"inLanguage\":\"es\",\"@id\":\"https:\\\/\\\/secure.gravatar.com\\\/avatar\\\/bdabe1eeeed97b65a9cb7de2edd624b07995f7e13abc5fead15961f745f908cc?s=96&d=mm&r=g\",\"url\":\"https:\\\/\\\/secure.gravatar.com\\\/avatar\\\/bdabe1eeeed97b65a9cb7de2edd624b07995f7e13abc5fead15961f745f908cc?s=96&d=mm&r=g\",\"contentUrl\":\"https:\\\/\\\/secure.gravatar.com\\\/avatar\\\/bdabe1eeeed97b65a9cb7de2edd624b07995f7e13abc5fead15961f745f908cc?s=96&d=mm&r=g\",\"caption\":\"Eduardo Lizarraga\"},\"description\":\"Periodista Econ\u00f3mico. Ha trabajado en diversos campos de la informaci\u00f3n. Corresponsal en conflictos, analista pol\u00edtico en Congreso y Senado, periodista del medio ambiente, editor, director editorial, director de comunicaci\u00f3n.... En estos momentos se ha especializado en el sector inmobiliario. Pero tambi\u00e9n es navegante y viajero, preocupado por la pobreza, el medio ambiente y por las actuaciones descontroladas del neoliberalismo empresarial y pol\u00edtico en todo el mundo. Los desahucios, la pobreza infantil y la falta de acceso a los suministros b\u00e1sicos son algunos de los grandes dramas de nuestra sociedad y que es preciso solucionar para hacerla m\u00e1s justa. CEO en www.aquimicasa.net\",\"sameAs\":[\"https:\\\/\\\/www.aquimicasa.net\\\/\"],\"url\":\"https:\\\/\\\/www.aquimicasa.net\\\/blog\\\/author\\\/eduardo\\\/\"}]}<\/script>\n<!-- \/ Yoast SEO plugin. -->","yoast_head_json":{"title":"El sector inmobiliario incrementaba un 2,5% su precio trimestral","description":"La ca\u00edda de las cifras de demanda y la paralizaci\u00f3n reciente de la actividad promotora conllevar\u00e1 m\u00e1s que ajustes en los precios medios de la vivienda,","robots":{"index":"index","follow":"follow","max-snippet":"max-snippet:-1","max-image-preview":"max-image-preview:large","max-video-preview":"max-video-preview:-1"},"canonical":"https:\/\/www.aquimicasa.net\/blog\/vivienda\/noticias-mercado-inmobiliario\/el-sector-inmobiliario-incrementaba-un-25-su-precio-trimestral\/","og_locale":"es_ES","og_type":"article","og_title":"El sector inmobiliario incrementaba un 2,5% su precio trimestral","og_description":"La ca\u00edda de las cifras de demanda y la paralizaci\u00f3n reciente de la actividad promotora conllevar\u00e1 m\u00e1s que ajustes en los precios medios de la vivienda,","og_url":"https:\/\/www.aquimicasa.net\/blog\/vivienda\/noticias-mercado-inmobiliario\/el-sector-inmobiliario-incrementaba-un-25-su-precio-trimestral\/","og_site_name":"Blog de aquimicasa.net","article_publisher":"https:\/\/www.facebook.com\/aquimicasa.net","article_published_time":"2020-04-08T18:14:11+00:00","article_modified_time":"2020-06-10T15:42:42+00:00","og_image":[{"width":1000,"height":663,"url":"https:\/\/www.aquimicasa.net\/blog\/wp-content\/uploads\/Rafael-gil-tinsa.jpg","type":"image\/jpeg"}],"author":"Eduardo Lizarraga","twitter_misc":{"Escrito por":"Eduardo Lizarraga","Tiempo de lectura":"2 minutos"},"schema":{"@context":"https:\/\/schema.org","@graph":[{"@type":"Article","@id":"https:\/\/www.aquimicasa.net\/blog\/vivienda\/noticias-mercado-inmobiliario\/el-sector-inmobiliario-incrementaba-un-25-su-precio-trimestral\/#article","isPartOf":{"@id":"https:\/\/www.aquimicasa.net\/blog\/vivienda\/noticias-mercado-inmobiliario\/el-sector-inmobiliario-incrementaba-un-25-su-precio-trimestral\/"},"author":{"name":"Eduardo Lizarraga","@id":"https:\/\/www.aquimicasa.net\/blog\/#\/schema\/person\/2cdfa2605534583395c8d7ce1d6cac14"},"headline":"El sector inmobiliario incrementaba un 2,5% su precio trimestral","datePublished":"2020-04-08T18:14:11+00:00","dateModified":"2020-06-10T15:42:42+00:00","mainEntityOfPage":{"@id":"https:\/\/www.aquimicasa.net\/blog\/vivienda\/noticias-mercado-inmobiliario\/el-sector-inmobiliario-incrementaba-un-25-su-precio-trimestral\/"},"wordCount":398,"commentCount":0,"publisher":{"@id":"https:\/\/www.aquimicasa.net\/blog\/#organization"},"image":{"@id":"https:\/\/www.aquimicasa.net\/blog\/vivienda\/noticias-mercado-inmobiliario\/el-sector-inmobiliario-incrementaba-un-25-su-precio-trimestral\/#primaryimage"},"thumbnailUrl":"https:\/\/www.aquimicasa.net\/blog\/wp-content\/uploads\/Rafael-gil-tinsa.jpg","keywords":["\u00cdndice Tinsa IMIE","Primer trimestre"],"articleSection":["Noticias Mercado Inmobiliario"],"inLanguage":"es","potentialAction":[{"@type":"CommentAction","name":"Comment","target":["https:\/\/www.aquimicasa.net\/blog\/vivienda\/noticias-mercado-inmobiliario\/el-sector-inmobiliario-incrementaba-un-25-su-precio-trimestral\/#respond"]}]},{"@type":"WebPage","@id":"https:\/\/www.aquimicasa.net\/blog\/vivienda\/noticias-mercado-inmobiliario\/el-sector-inmobiliario-incrementaba-un-25-su-precio-trimestral\/","url":"https:\/\/www.aquimicasa.net\/blog\/vivienda\/noticias-mercado-inmobiliario\/el-sector-inmobiliario-incrementaba-un-25-su-precio-trimestral\/","name":"El sector inmobiliario incrementaba un 2,5% su precio trimestral","isPartOf":{"@id":"https:\/\/www.aquimicasa.net\/blog\/#website"},"primaryImageOfPage":{"@id":"https:\/\/www.aquimicasa.net\/blog\/vivienda\/noticias-mercado-inmobiliario\/el-sector-inmobiliario-incrementaba-un-25-su-precio-trimestral\/#primaryimage"},"image":{"@id":"https:\/\/www.aquimicasa.net\/blog\/vivienda\/noticias-mercado-inmobiliario\/el-sector-inmobiliario-incrementaba-un-25-su-precio-trimestral\/#primaryimage"},"thumbnailUrl":"https:\/\/www.aquimicasa.net\/blog\/wp-content\/uploads\/Rafael-gil-tinsa.jpg","datePublished":"2020-04-08T18:14:11+00:00","dateModified":"2020-06-10T15:42:42+00:00","description":"La ca\u00edda de las cifras de demanda y la paralizaci\u00f3n reciente de la actividad promotora conllevar\u00e1 m\u00e1s que ajustes en los precios medios de la vivienda,","breadcrumb":{"@id":"https:\/\/www.aquimicasa.net\/blog\/vivienda\/noticias-mercado-inmobiliario\/el-sector-inmobiliario-incrementaba-un-25-su-precio-trimestral\/#breadcrumb"},"inLanguage":"es","potentialAction":[{"@type":"ReadAction","target":["https:\/\/www.aquimicasa.net\/blog\/vivienda\/noticias-mercado-inmobiliario\/el-sector-inmobiliario-incrementaba-un-25-su-precio-trimestral\/"]}]},{"@type":"ImageObject","inLanguage":"es","@id":"https:\/\/www.aquimicasa.net\/blog\/vivienda\/noticias-mercado-inmobiliario\/el-sector-inmobiliario-incrementaba-un-25-su-precio-trimestral\/#primaryimage","url":"https:\/\/www.aquimicasa.net\/blog\/wp-content\/uploads\/Rafael-gil-tinsa.jpg","contentUrl":"https:\/\/www.aquimicasa.net\/blog\/wp-content\/uploads\/Rafael-gil-tinsa.jpg","width":1000,"height":663},{"@type":"BreadcrumbList","@id":"https:\/\/www.aquimicasa.net\/blog\/vivienda\/noticias-mercado-inmobiliario\/el-sector-inmobiliario-incrementaba-un-25-su-precio-trimestral\/#breadcrumb","itemListElement":[{"@type":"ListItem","position":1,"name":"Portada","item":"https:\/\/www.aquimicasa.net\/blog\/"},{"@type":"ListItem","position":2,"name":"El sector inmobiliario incrementaba un 2,5% su precio trimestral"}]},{"@type":"WebSite","@id":"https:\/\/www.aquimicasa.net\/blog\/#website","url":"https:\/\/www.aquimicasa.net\/blog\/","name":"Blog de aquimicasa.net","description":"Noticias del Mundo Inmobiliario","publisher":{"@id":"https:\/\/www.aquimicasa.net\/blog\/#organization"},"potentialAction":[{"@type":"SearchAction","target":{"@type":"EntryPoint","urlTemplate":"https:\/\/www.aquimicasa.net\/blog\/?s={search_term_string}"},"query-input":{"@type":"PropertyValueSpecification","valueRequired":true,"valueName":"search_term_string"}}],"inLanguage":"es"},{"@type":"Organization","@id":"https:\/\/www.aquimicasa.net\/blog\/#organization","name":"Blog de aquimicasa.net","url":"https:\/\/www.aquimicasa.net\/blog\/","logo":{"@type":"ImageObject","inLanguage":"es","@id":"https:\/\/www.aquimicasa.net\/blog\/#\/schema\/logo\/image\/","url":"https:\/\/www.aquimicasa.net\/blog\/wp-content\/uploads\/Logo-aquimicasa-1-e1528048213782.png","contentUrl":"https:\/\/www.aquimicasa.net\/blog\/wp-content\/uploads\/Logo-aquimicasa-1-e1528048213782.png","width":225,"height":225,"caption":"Blog de aquimicasa.net"},"image":{"@id":"https:\/\/www.aquimicasa.net\/blog\/#\/schema\/logo\/image\/"},"sameAs":["https:\/\/www.facebook.com\/aquimicasa.net","https:\/\/www.instagram.com\/","https:\/\/x.com\/EduLizarragaD","https:\/\/www.linkedin.com\/feed\/"]},{"@type":"Person","@id":"https:\/\/www.aquimicasa.net\/blog\/#\/schema\/person\/2cdfa2605534583395c8d7ce1d6cac14","name":"Eduardo Lizarraga","image":{"@type":"ImageObject","inLanguage":"es","@id":"https:\/\/secure.gravatar.com\/avatar\/bdabe1eeeed97b65a9cb7de2edd624b07995f7e13abc5fead15961f745f908cc?s=96&d=mm&r=g","url":"https:\/\/secure.gravatar.com\/avatar\/bdabe1eeeed97b65a9cb7de2edd624b07995f7e13abc5fead15961f745f908cc?s=96&d=mm&r=g","contentUrl":"https:\/\/secure.gravatar.com\/avatar\/bdabe1eeeed97b65a9cb7de2edd624b07995f7e13abc5fead15961f745f908cc?s=96&d=mm&r=g","caption":"Eduardo Lizarraga"},"description":"Periodista Econ\u00f3mico. Ha trabajado en diversos campos de la informaci\u00f3n. Corresponsal en conflictos, analista pol\u00edtico en Congreso y Senado, periodista del medio ambiente, editor, director editorial, director de comunicaci\u00f3n.... En estos momentos se ha especializado en el sector inmobiliario. Pero tambi\u00e9n es navegante y viajero, preocupado por la pobreza, el medio ambiente y por las actuaciones descontroladas del neoliberalismo empresarial y pol\u00edtico en todo el mundo. Los desahucios, la pobreza infantil y la falta de acceso a los suministros b\u00e1sicos son algunos de los grandes dramas de nuestra sociedad y que es preciso solucionar para hacerla m\u00e1s justa. CEO en www.aquimicasa.net","sameAs":["https:\/\/www.aquimicasa.net\/"],"url":"https:\/\/www.aquimicasa.net\/blog\/author\/eduardo\/"}]}},"jetpack_publicize_connections":[],"jetpack_featured_media_url":"https:\/\/www.aquimicasa.net\/blog\/wp-content\/uploads\/Rafael-gil-tinsa.jpg","jetpack_sharing_enabled":true,"jetpack_likes_enabled":true,"_links":{"self":[{"href":"https:\/\/www.aquimicasa.net\/blog\/wp-json\/wp\/v2\/posts\/32705","targetHints":{"allow":["GET"]}}],"collection":[{"href":"https:\/\/www.aquimicasa.net\/blog\/wp-json\/wp\/v2\/posts"}],"about":[{"href":"https:\/\/www.aquimicasa.net\/blog\/wp-json\/wp\/v2\/types\/post"}],"author":[{"embeddable":true,"href":"https:\/\/www.aquimicasa.net\/blog\/wp-json\/wp\/v2\/users\/3"}],"replies":[{"embeddable":true,"href":"https:\/\/www.aquimicasa.net\/blog\/wp-json\/wp\/v2\/comments?post=32705"}],"version-history":[{"count":1,"href":"https:\/\/www.aquimicasa.net\/blog\/wp-json\/wp\/v2\/posts\/32705\/revisions"}],"predecessor-version":[{"id":32772,"href":"https:\/\/www.aquimicasa.net\/blog\/wp-json\/wp\/v2\/posts\/32705\/revisions\/32772"}],"wp:featuredmedia":[{"embeddable":true,"href":"https:\/\/www.aquimicasa.net\/blog\/wp-json\/wp\/v2\/media\/27888"}],"wp:attachment":[{"href":"https:\/\/www.aquimicasa.net\/blog\/wp-json\/wp\/v2\/media?parent=32705"}],"wp:term":[{"taxonomy":"category","embeddable":true,"href":"https:\/\/www.aquimicasa.net\/blog\/wp-json\/wp\/v2\/categories?post=32705"},{"taxonomy":"post_tag","embeddable":true,"href":"https:\/\/www.aquimicasa.net\/blog\/wp-json\/wp\/v2\/tags?post=32705"}],"curies":[{"name":"wp","href":"https:\/\/api.w.org\/{rel}","templated":true}]}}