{"id":32740,"date":"2020-04-28T22:43:22","date_gmt":"2020-04-28T20:43:22","guid":{"rendered":"https:\/\/www.aquimicasa.net\/blog-old\/?p=29584"},"modified":"2020-06-10T14:29:19","modified_gmt":"2020-06-10T12:29:19","slug":"valencia-encarecia-su-vivienda-un-34-interanual-antes-del-coronavirus","status":"publish","type":"post","link":"https:\/\/www.aquimicasa.net\/blog\/vivienda\/noticias-mercado-inmobiliario\/valencia-encarecia-su-vivienda-un-34-interanual-antes-del-coronavirus\/","title":{"rendered":"Valencia encarec\u00eda su vivienda un 3,4% interanual antes del coronavirus"},"content":{"rendered":"<div class=\"content_block\">\n<div class=\"post_title_con\">\n<div class=\"title--entradilla\">\n<p>La declaraci\u00f3n del estado de alarma el pasado 14 de marzo ha supuesto un punto de inflexi\u00f3n en el desarrollo del mercado inmobiliario en nuestro pa\u00eds y generado un grado de incertidumbre que se extiende en todo el sector. Ser\u00e1 la duraci\u00f3n de esta situaci\u00f3n de alarma y la de la salida escalonada ser\u00e1n determinante en la velocidad de recuperaci\u00f3n,\u00a0 la <strong>sociedad de tasaciones Tinsa<\/strong> ha elaborado un informe de cu\u00e1l era la situaci\u00f3n inmediatamente anterior al estallido de la crisis en varias ciudades. Lo ha hecho a partir de la informaci\u00f3n reflejada en la estad\u00edstica IMIE Mercados Locales del primer trimestre del a\u00f1o, que revela crecimientos de precio menos significativos que los registrados en los meses anteriores.<\/p>\n<\/div>\n<\/div>\n<\/div>\n<div class=\"content_block col-md-9 f_left\">\n<div class=\"hm_blog_full_list hm_blog_list clearfix\">\n<div id=\"post-310431\" class=\"clearfix post-310431 blog type-blog status-publish has-post-thumbnail hentry category-vivienda\">\n<div class=\"feature_inner\">\n<div class=\"feature_inner_corners\">\n<div class=\"porto_galla owl-carousel owl-theme\">\n<div class=\"owl-wrapper-outer\">\n<div class=\"owl-wrapper\">\n<div class=\"owl-item\">En concreto hasta 43 capitales espa\u00f1olas han mostrado en el primer trimestre de 2020 un precio superior al que ten\u00edan un a\u00f1o antes, registr\u00e1ndose los<strong> incrementos interanuales<\/strong> m\u00e1s significativos en Girona (+14%), Logro\u00f1o (+12,8%) y Pamplona (+12,7%). A estas tres ciudades les siguen dos de las grandes capitales: Zaragoza y Valencia, que anotaron ambas un incremento del 8,9%, muy por encima de las cifras de Sevilla (+5,4%) y Madrid (+2,3%). En Barcelona, el precio medio se redujo un 1,6% en tasa interanual y acumula ya<strong> tres trimestres consecutivos de ca\u00edda<\/strong>.<\/div>\n<\/div>\n<\/div>\n<\/div>\n<\/div>\n<\/div>\n<div class=\"blog_grid_con\">\n<p>La capital del Turia se sigue mostrando m\u00e1s din\u00e1mica que el conjunto de su provincia, con diferencia respecto al resto de capitales y provincias de la Comunidad. Mientras que la <strong>provincia de Valencia<\/strong> se encareci\u00f3 un 3,4% interanual en primer trimestre, la de <strong>Castell\u00f3n<\/strong> lo hizo un 3,1% y la de Alicante registr\u00f3 un descenso del 0,7% interanual. En la regi\u00f3n valenciana en su conjunto, <strong>el precio medio aument\u00f3 un 2% en el \u00faltimo a\u00f1o<\/strong>, frente al 8,9% de la capital valenciana (1.515 \u20ac\/m2).<\/p>\n<p>En el \u00faltimo trimestre previo al impacto del COVID-19, todos los distritos de la ciudad de Valencia registraron subidas, salvo Quatre Carreres, cuyo precio descendi\u00f3 un 5,7% en este primer trimestre de 2020. <a href=\"https:\/\/www.aquimicasa.net\/blog-old\/viviendas-en-venta-y-alquiler-en\/pisos-y-casas-en-venta-para-vivir-en-la-zona-centro-de-valencia\"><strong>Pisos y casas en venta para vivir en el centro de Valencia.<\/strong><\/a><\/p>\n<p>Los mayores incrementos en tasa interanual se localizaron en <strong>Poblats Maritims<\/strong>, con una subida del 19,9%, seguido por Poblados del Oeste (19,4%), Patraix (16,3%), Benicalap (16,2%), Camins al Grau (11,6%) y Rascanya (11,5%). Si lo comparamos con el trimestre anterior, los distritos de L\u2019Eixample, Extramurs, Quatre Carreres y Poblats Maritims registraron descensos de precios. Para ayudarte en la b\u00fasqueda de vivienda<strong> <a href=\"https:\/\/www.aquimicasa.net\/blog-old\/articulos-de-localizacion-geografica\/artiiculos-de-agencias-inmobiliarias\/nosoloinmo-es-la-mejor-agencia-inmobiliaria-en-mestalla\">Nosoloinmo es la mejor agencia inmobiliaria en Mestalla.<\/a><\/strong><\/p>\n<p>La <strong>rentabilidad bruta del alquiler en la capital fue de un 4,5% de medi<\/strong>a, con porcentajes mayores en distritos de la periferia. Patraix, Jes\u00fas, Benimaclet y Benicalap superan el 5% de rentabilidad, mientras que las zonas m\u00e1s c\u00e9ntricas no alcanzan el 4%, con la excepci\u00f3n de Ciutat Vella (4,2%).<\/p>\n<div id=\"tablepress-87-no-2_wrapper\" class=\"dataTables_wrapper no-footer\">\n<table id=\"tablepress-87-no-2\" class=\"tablepress tablepress-id-87 dataTable no-footer\" role=\"grid\">\n<thead>\n<tr class=\"row-1 odd\" role=\"row\">\n<th class=\"column-1 sorting\" tabindex=\"0\" colspan=\"1\" rowspan=\"1\" aria-controls=\"tablepress-87-no-2\" aria-label=\"Distrito: Activar para ordenar la columna de manera ascendente\">Distrito<\/th>\n<th class=\"column-2 sorting\" tabindex=\"0\" colspan=\"1\" rowspan=\"1\" aria-controls=\"tablepress-87-no-2\" aria-label=\"\u20ac\/m2: Activar para ordenar la columna de manera ascendente\">\u20ac\/m2<\/th>\n<th class=\"column-3 sorting\" tabindex=\"0\" colspan=\"1\" rowspan=\"1\" aria-controls=\"tablepress-87-no-2\" aria-label=\"% Interanual: Activar para ordenar la columna de manera ascendente\">% Interanual<\/th>\n<th class=\"column-4 sorting\" tabindex=\"0\" colspan=\"1\" rowspan=\"1\" aria-controls=\"tablepress-87-no-2\" aria-label=\"Rentabilidad: Activar para ordenar la columna de manera ascendente\">Rentabilidad<\/th>\n<\/tr>\n<\/thead>\n<tbody class=\"row-hover\">\n<tr class=\"row-2 even\" role=\"row\">\n<td class=\"column-1\">Ciutat Vella<\/td>\n<td class=\"column-2\">2.350<\/td>\n<td class=\"column-3\">1,7%<\/td>\n<td class=\"column-4\">4,2<\/td>\n<\/tr>\n<tr class=\"row-3 odd\" role=\"row\">\n<td class=\"column-1\">L&#8217;Eixample<\/td>\n<td class=\"column-2\">2.327<\/td>\n<td class=\"column-3\">3,6%<\/td>\n<td class=\"column-4\">3,9<\/td>\n<\/tr>\n<tr class=\"row-4 even\" role=\"row\">\n<td class=\"column-1\">Extramurs<\/td>\n<td class=\"column-2\">1.802<\/td>\n<td class=\"column-3\">1,8%<\/td>\n<td class=\"column-4\">3,8<\/td>\n<\/tr>\n<tr class=\"row-5 odd\" role=\"row\">\n<td class=\"column-1\">Campanar<\/td>\n<td class=\"column-2\">1.723<\/td>\n<td class=\"column-3\">6,1%<\/td>\n<td class=\"column-4\">4,6<\/td>\n<\/tr>\n<tr class=\"row-6 even\" role=\"row\">\n<td class=\"column-1\">La Sa\u00efdia<\/td>\n<td class=\"column-2\">1.443<\/td>\n<td class=\"column-3\">7,9%<\/td>\n<td class=\"column-4\">4,6<\/td>\n<\/tr>\n<tr class=\"row-7 odd\" role=\"row\">\n<td class=\"column-1\">El Pla del Real<\/td>\n<td class=\"column-2\">2.134<\/td>\n<td class=\"column-3\">2,4%<\/td>\n<td class=\"column-4\">3,9<\/td>\n<\/tr>\n<tr class=\"row-8 even\" role=\"row\">\n<td class=\"column-1\">L&#8217; Olivereta<\/td>\n<td class=\"column-2\">1.143<\/td>\n<td class=\"column-3\">2,2%<\/td>\n<td class=\"column-4\">5,0<\/td>\n<\/tr>\n<tr class=\"row-9 odd\" role=\"row\">\n<td class=\"column-1\">Patraix<\/td>\n<td class=\"column-2\">1.436<\/td>\n<td class=\"column-3\">16,3%<\/td>\n<td class=\"column-4\">5,1<\/td>\n<\/tr>\n<tr class=\"row-10 even\" role=\"row\">\n<td class=\"column-1\">Jes\u00fas<\/td>\n<td class=\"column-2\">1.141<\/td>\n<td class=\"column-3\">5,9%<\/td>\n<td class=\"column-4\">5,3<\/td>\n<\/tr>\n<tr class=\"row-11 odd\" role=\"row\">\n<td class=\"column-1\">Quatre Carreres<\/td>\n<td class=\"column-2\">1.362<\/td>\n<td class=\"column-3\">-5,7%<\/td>\n<td class=\"column-4\">4,5<\/td>\n<\/tr>\n<tr class=\"row-12 even\" role=\"row\">\n<td class=\"column-1\">Poblats Mar\u00edtims<\/td>\n<td class=\"column-2\">1.491<\/td>\n<td class=\"column-3\">19,9%<\/td>\n<td class=\"column-4\">4,3<\/td>\n<\/tr>\n<tr class=\"row-13 odd\" role=\"row\">\n<td class=\"column-1\">Camins al Grau<\/td>\n<td class=\"column-2\">1.791<\/td>\n<td class=\"column-3\">11,6%<\/td>\n<td class=\"column-4\">4,5<\/td>\n<\/tr>\n<tr class=\"row-14 even\" role=\"row\">\n<td class=\"column-1\">Algir\u00f3s<\/td>\n<td class=\"column-2\">1.611<\/td>\n<td class=\"column-3\">3,7%<\/td>\n<td class=\"column-4\">4,5<\/td>\n<\/tr>\n<tr class=\"row-15 odd\" role=\"row\">\n<td class=\"column-1\">Benimaclet<\/td>\n<td class=\"column-2\">1.581<\/td>\n<td class=\"column-3\">6,4%<\/td>\n<td class=\"column-4\">5,1<\/td>\n<\/tr>\n<tr class=\"row-16 even\" role=\"row\">\n<td class=\"column-1\">Rascanya<\/td>\n<td class=\"column-2\">1.263<\/td>\n<td class=\"column-3\">11,5%<\/td>\n<td class=\"column-4\">4,5<\/td>\n<\/tr>\n<tr class=\"row-17 odd\" role=\"row\">\n<td class=\"column-1\">Benicalap<\/td>\n<td class=\"column-2\">1.347<\/td>\n<td class=\"column-3\">16,2%<\/td>\n<td class=\"column-4\">5,1<\/td>\n<\/tr>\n<tr class=\"row-18 even\" role=\"row\">\n<td class=\"column-1\">Poblados del Norte<\/td>\n<td class=\"column-2\">1.126<\/td>\n<td class=\"column-3\">1,6%<\/td>\n<td class=\"column-4\">N.D.<\/td>\n<\/tr>\n<tr class=\"row-19 odd\" role=\"row\">\n<td class=\"column-1\">Poblados del Oeste<\/td>\n<td class=\"column-2\">1.038<\/td>\n<td class=\"column-3\">19,4%<\/td>\n<td class=\"column-4\">N.D.<\/td>\n<\/tr>\n<tr class=\"row-20 even\" role=\"row\">\n<td class=\"column-1\">Poblados del Sur<\/td>\n<td class=\"column-2\">1.188<\/td>\n<td class=\"column-3\">1,8%<\/td>\n<td class=\"column-4\">4,5<\/td>\n<\/tr>\n<\/tbody>\n<\/table>\n<\/div>\n<div id=\"tablepress-89-no-2_wrapper\" class=\"dataTables_wrapper no-footer\"><\/div>\n<\/div>\n<\/div>\n<\/div>\n<\/div>\n","protected":false},"excerpt":{"rendered":"<p>La declaraci\u00f3n del estado de alarma el pasado 14 de marzo ha supuesto un punto de inflexi\u00f3n en el desarrollo del mercado inmobiliario en nuestro pa\u00eds y generado un grado de incertidumbre que se extiende en todo el sector. Ser\u00e1 la duraci\u00f3n de esta situaci\u00f3n de alarma y la de la salida escalonada ser\u00e1n determinante en la velocidad de recuperaci\u00f3n,\u00a0 la sociedad de tasaciones Tinsa ha elaborado un informe de cu\u00e1l era la situaci\u00f3n inmediatamente anterior al estallido de la crisis en varias ciudades<\/p>\n","protected":false},"author":3,"featured_media":29591,"comment_status":"open","ping_status":"open","sticky":false,"template":"","format":"standard","meta":{"_jetpack_memberships_contains_paid_content":false,"footnotes":"","jetpack_publicize_message":"","jetpack_publicize_feature_enabled":true,"jetpack_social_post_already_shared":true,"jetpack_social_options":{"image_generator_settings":{"template":"highway","default_image_id":0,"font":"","enabled":false},"version":2}},"categories":[7565],"tags":[7537,705,304],"class_list":["post-32740","post","type-post","status-publish","format-standard","has-post-thumbnail","hentry","category-noticias-mercado-inmobiliario","tag-coronavirus","tag-rentabilidad","tag-valencia"],"yoast_head":"<!-- This site is optimized with the Yoast SEO plugin v28.2 - https:\/\/yoast.com\/product\/yoast-seo-wordpress\/ -->\n<title>Valencia encarec\u00eda su vivienda un 3,4% interanual antes del coronavirus<\/title>\n<meta name=\"description\" content=\"La sociedad de tasaciones Tinsa ha elaborado un informe de cu\u00e1l era la situaci\u00f3n inmediatamente anterior al estallido de la crisis en varias ciudades\" \/>\n<meta name=\"robots\" content=\"index, follow, max-snippet:-1, max-image-preview:large, max-video-preview:-1\" \/>\n<link rel=\"canonical\" href=\"https:\/\/www.aquimicasa.net\/blog\/vivienda\/noticias-mercado-inmobiliario\/valencia-encarecia-su-vivienda-un-34-interanual-antes-del-coronavirus\/\" \/>\n<meta property=\"og:locale\" content=\"es_ES\" \/>\n<meta property=\"og:type\" content=\"article\" \/>\n<meta property=\"og:title\" content=\"Valencia encarec\u00eda su vivienda un 3,4% interanual antes del coronavirus\" \/>\n<meta property=\"og:description\" content=\"La sociedad de tasaciones Tinsa ha elaborado un informe de cu\u00e1l era la situaci\u00f3n inmediatamente anterior al estallido de la crisis en varias ciudades\" \/>\n<meta property=\"og:url\" content=\"https:\/\/www.aquimicasa.net\/blog\/vivienda\/noticias-mercado-inmobiliario\/valencia-encarecia-su-vivienda-un-34-interanual-antes-del-coronavirus\/\" \/>\n<meta property=\"og:site_name\" content=\"Blog de aquimicasa.net\" \/>\n<meta property=\"article:publisher\" content=\"https:\/\/www.facebook.com\/aquimicasa.net\" \/>\n<meta property=\"article:published_time\" content=\"2020-04-28T20:43:22+00:00\" \/>\n<meta property=\"article:modified_time\" content=\"2020-06-10T12:29:19+00:00\" \/>\n<meta name=\"author\" content=\"Eduardo Lizarraga\" \/>\n<meta name=\"twitter:label1\" content=\"Escrito por\" \/>\n\t<meta name=\"twitter:data1\" content=\"Eduardo Lizarraga\" \/>\n\t<meta name=\"twitter:label2\" content=\"Tiempo de lectura\" \/>\n\t<meta name=\"twitter:data2\" content=\"3 minutos\" \/>\n<script type=\"application\/ld+json\" class=\"yoast-schema-graph\">{\"@context\":\"https:\\\/\\\/schema.org\",\"@graph\":[{\"@type\":\"Article\",\"@id\":\"https:\\\/\\\/www.aquimicasa.net\\\/blog\\\/vivienda\\\/noticias-mercado-inmobiliario\\\/valencia-encarecia-su-vivienda-un-34-interanual-antes-del-coronavirus\\\/#article\",\"isPartOf\":{\"@id\":\"https:\\\/\\\/www.aquimicasa.net\\\/blog\\\/vivienda\\\/noticias-mercado-inmobiliario\\\/valencia-encarecia-su-vivienda-un-34-interanual-antes-del-coronavirus\\\/\"},\"author\":{\"name\":\"Eduardo Lizarraga\",\"@id\":\"https:\\\/\\\/www.aquimicasa.net\\\/blog\\\/#\\\/schema\\\/person\\\/2cdfa2605534583395c8d7ce1d6cac14\"},\"headline\":\"Valencia encarec\u00eda su vivienda un 3,4% interanual antes del coronavirus\",\"datePublished\":\"2020-04-28T20:43:22+00:00\",\"dateModified\":\"2020-06-10T12:29:19+00:00\",\"mainEntityOfPage\":{\"@id\":\"https:\\\/\\\/www.aquimicasa.net\\\/blog\\\/vivienda\\\/noticias-mercado-inmobiliario\\\/valencia-encarecia-su-vivienda-un-34-interanual-antes-del-coronavirus\\\/\"},\"wordCount\":516,\"commentCount\":0,\"publisher\":{\"@id\":\"https:\\\/\\\/www.aquimicasa.net\\\/blog\\\/#organization\"},\"image\":{\"@id\":\"https:\\\/\\\/www.aquimicasa.net\\\/blog\\\/vivienda\\\/noticias-mercado-inmobiliario\\\/valencia-encarecia-su-vivienda-un-34-interanual-antes-del-coronavirus\\\/#primaryimage\"},\"thumbnailUrl\":\"\",\"keywords\":[\"Coronavirus\",\"rentabilidad\",\"Valencia\"],\"articleSection\":[\"Noticias Mercado Inmobiliario\"],\"inLanguage\":\"es\",\"potentialAction\":[{\"@type\":\"CommentAction\",\"name\":\"Comment\",\"target\":[\"https:\\\/\\\/www.aquimicasa.net\\\/blog\\\/vivienda\\\/noticias-mercado-inmobiliario\\\/valencia-encarecia-su-vivienda-un-34-interanual-antes-del-coronavirus\\\/#respond\"]}]},{\"@type\":\"WebPage\",\"@id\":\"https:\\\/\\\/www.aquimicasa.net\\\/blog\\\/vivienda\\\/noticias-mercado-inmobiliario\\\/valencia-encarecia-su-vivienda-un-34-interanual-antes-del-coronavirus\\\/\",\"url\":\"https:\\\/\\\/www.aquimicasa.net\\\/blog\\\/vivienda\\\/noticias-mercado-inmobiliario\\\/valencia-encarecia-su-vivienda-un-34-interanual-antes-del-coronavirus\\\/\",\"name\":\"Valencia encarec\u00eda su vivienda un 3,4% interanual antes del coronavirus\",\"isPartOf\":{\"@id\":\"https:\\\/\\\/www.aquimicasa.net\\\/blog\\\/#website\"},\"primaryImageOfPage\":{\"@id\":\"https:\\\/\\\/www.aquimicasa.net\\\/blog\\\/vivienda\\\/noticias-mercado-inmobiliario\\\/valencia-encarecia-su-vivienda-un-34-interanual-antes-del-coronavirus\\\/#primaryimage\"},\"image\":{\"@id\":\"https:\\\/\\\/www.aquimicasa.net\\\/blog\\\/vivienda\\\/noticias-mercado-inmobiliario\\\/valencia-encarecia-su-vivienda-un-34-interanual-antes-del-coronavirus\\\/#primaryimage\"},\"thumbnailUrl\":\"\",\"datePublished\":\"2020-04-28T20:43:22+00:00\",\"dateModified\":\"2020-06-10T12:29:19+00:00\",\"description\":\"La sociedad de tasaciones Tinsa ha elaborado un informe de cu\u00e1l era la situaci\u00f3n inmediatamente anterior al estallido de la crisis en varias ciudades\",\"breadcrumb\":{\"@id\":\"https:\\\/\\\/www.aquimicasa.net\\\/blog\\\/vivienda\\\/noticias-mercado-inmobiliario\\\/valencia-encarecia-su-vivienda-un-34-interanual-antes-del-coronavirus\\\/#breadcrumb\"},\"inLanguage\":\"es\",\"potentialAction\":[{\"@type\":\"ReadAction\",\"target\":[\"https:\\\/\\\/www.aquimicasa.net\\\/blog\\\/vivienda\\\/noticias-mercado-inmobiliario\\\/valencia-encarecia-su-vivienda-un-34-interanual-antes-del-coronavirus\\\/\"]}]},{\"@type\":\"ImageObject\",\"inLanguage\":\"es\",\"@id\":\"https:\\\/\\\/www.aquimicasa.net\\\/blog\\\/vivienda\\\/noticias-mercado-inmobiliario\\\/valencia-encarecia-su-vivienda-un-34-interanual-antes-del-coronavirus\\\/#primaryimage\",\"url\":\"\",\"contentUrl\":\"\"},{\"@type\":\"BreadcrumbList\",\"@id\":\"https:\\\/\\\/www.aquimicasa.net\\\/blog\\\/vivienda\\\/noticias-mercado-inmobiliario\\\/valencia-encarecia-su-vivienda-un-34-interanual-antes-del-coronavirus\\\/#breadcrumb\",\"itemListElement\":[{\"@type\":\"ListItem\",\"position\":1,\"name\":\"Portada\",\"item\":\"https:\\\/\\\/www.aquimicasa.net\\\/blog\\\/\"},{\"@type\":\"ListItem\",\"position\":2,\"name\":\"Valencia encarec\u00eda su vivienda un 3,4% interanual antes del coronavirus\"}]},{\"@type\":\"WebSite\",\"@id\":\"https:\\\/\\\/www.aquimicasa.net\\\/blog\\\/#website\",\"url\":\"https:\\\/\\\/www.aquimicasa.net\\\/blog\\\/\",\"name\":\"Blog de aquimicasa.net\",\"description\":\"Noticias del Mundo Inmobiliario\",\"publisher\":{\"@id\":\"https:\\\/\\\/www.aquimicasa.net\\\/blog\\\/#organization\"},\"potentialAction\":[{\"@type\":\"SearchAction\",\"target\":{\"@type\":\"EntryPoint\",\"urlTemplate\":\"https:\\\/\\\/www.aquimicasa.net\\\/blog\\\/?s={search_term_string}\"},\"query-input\":{\"@type\":\"PropertyValueSpecification\",\"valueRequired\":true,\"valueName\":\"search_term_string\"}}],\"inLanguage\":\"es\"},{\"@type\":\"Organization\",\"@id\":\"https:\\\/\\\/www.aquimicasa.net\\\/blog\\\/#organization\",\"name\":\"Blog de aquimicasa.net\",\"url\":\"https:\\\/\\\/www.aquimicasa.net\\\/blog\\\/\",\"logo\":{\"@type\":\"ImageObject\",\"inLanguage\":\"es\",\"@id\":\"https:\\\/\\\/www.aquimicasa.net\\\/blog\\\/#\\\/schema\\\/logo\\\/image\\\/\",\"url\":\"https:\\\/\\\/www.aquimicasa.net\\\/blog\\\/wp-content\\\/uploads\\\/Logo-aquimicasa-1-e1528048213782.png\",\"contentUrl\":\"https:\\\/\\\/www.aquimicasa.net\\\/blog\\\/wp-content\\\/uploads\\\/Logo-aquimicasa-1-e1528048213782.png\",\"width\":225,\"height\":225,\"caption\":\"Blog de aquimicasa.net\"},\"image\":{\"@id\":\"https:\\\/\\\/www.aquimicasa.net\\\/blog\\\/#\\\/schema\\\/logo\\\/image\\\/\"},\"sameAs\":[\"https:\\\/\\\/www.facebook.com\\\/aquimicasa.net\",\"https:\\\/\\\/www.instagram.com\\\/\",\"https:\\\/\\\/x.com\\\/EduLizarragaD\",\"https:\\\/\\\/www.linkedin.com\\\/feed\\\/\"]},{\"@type\":\"Person\",\"@id\":\"https:\\\/\\\/www.aquimicasa.net\\\/blog\\\/#\\\/schema\\\/person\\\/2cdfa2605534583395c8d7ce1d6cac14\",\"name\":\"Eduardo Lizarraga\",\"image\":{\"@type\":\"ImageObject\",\"inLanguage\":\"es\",\"@id\":\"https:\\\/\\\/secure.gravatar.com\\\/avatar\\\/bdabe1eeeed97b65a9cb7de2edd624b07995f7e13abc5fead15961f745f908cc?s=96&d=mm&r=g\",\"url\":\"https:\\\/\\\/secure.gravatar.com\\\/avatar\\\/bdabe1eeeed97b65a9cb7de2edd624b07995f7e13abc5fead15961f745f908cc?s=96&d=mm&r=g\",\"contentUrl\":\"https:\\\/\\\/secure.gravatar.com\\\/avatar\\\/bdabe1eeeed97b65a9cb7de2edd624b07995f7e13abc5fead15961f745f908cc?s=96&d=mm&r=g\",\"caption\":\"Eduardo Lizarraga\"},\"description\":\"Periodista Econ\u00f3mico. Ha trabajado en diversos campos de la informaci\u00f3n. Corresponsal en conflictos, analista pol\u00edtico en Congreso y Senado, periodista del medio ambiente, editor, director editorial, director de comunicaci\u00f3n.... En estos momentos se ha especializado en el sector inmobiliario. Pero tambi\u00e9n es navegante y viajero, preocupado por la pobreza, el medio ambiente y por las actuaciones descontroladas del neoliberalismo empresarial y pol\u00edtico en todo el mundo. Los desahucios, la pobreza infantil y la falta de acceso a los suministros b\u00e1sicos son algunos de los grandes dramas de nuestra sociedad y que es preciso solucionar para hacerla m\u00e1s justa. CEO en www.aquimicasa.net\",\"sameAs\":[\"https:\\\/\\\/www.aquimicasa.net\\\/\"],\"url\":\"https:\\\/\\\/www.aquimicasa.net\\\/blog\\\/author\\\/eduardo\\\/\"}]}<\/script>\n<!-- \/ Yoast SEO plugin. -->","yoast_head_json":{"title":"Valencia encarec\u00eda su vivienda un 3,4% interanual antes del coronavirus","description":"La sociedad de tasaciones Tinsa ha elaborado un informe de cu\u00e1l era la situaci\u00f3n inmediatamente anterior al estallido de la crisis en varias ciudades","robots":{"index":"index","follow":"follow","max-snippet":"max-snippet:-1","max-image-preview":"max-image-preview:large","max-video-preview":"max-video-preview:-1"},"canonical":"https:\/\/www.aquimicasa.net\/blog\/vivienda\/noticias-mercado-inmobiliario\/valencia-encarecia-su-vivienda-un-34-interanual-antes-del-coronavirus\/","og_locale":"es_ES","og_type":"article","og_title":"Valencia encarec\u00eda su vivienda un 3,4% interanual antes del coronavirus","og_description":"La sociedad de tasaciones Tinsa ha elaborado un informe de cu\u00e1l era la situaci\u00f3n inmediatamente anterior al estallido de la crisis en varias ciudades","og_url":"https:\/\/www.aquimicasa.net\/blog\/vivienda\/noticias-mercado-inmobiliario\/valencia-encarecia-su-vivienda-un-34-interanual-antes-del-coronavirus\/","og_site_name":"Blog de aquimicasa.net","article_publisher":"https:\/\/www.facebook.com\/aquimicasa.net","article_published_time":"2020-04-28T20:43:22+00:00","article_modified_time":"2020-06-10T12:29:19+00:00","author":"Eduardo Lizarraga","twitter_misc":{"Escrito por":"Eduardo Lizarraga","Tiempo de lectura":"3 minutos"},"schema":{"@context":"https:\/\/schema.org","@graph":[{"@type":"Article","@id":"https:\/\/www.aquimicasa.net\/blog\/vivienda\/noticias-mercado-inmobiliario\/valencia-encarecia-su-vivienda-un-34-interanual-antes-del-coronavirus\/#article","isPartOf":{"@id":"https:\/\/www.aquimicasa.net\/blog\/vivienda\/noticias-mercado-inmobiliario\/valencia-encarecia-su-vivienda-un-34-interanual-antes-del-coronavirus\/"},"author":{"name":"Eduardo Lizarraga","@id":"https:\/\/www.aquimicasa.net\/blog\/#\/schema\/person\/2cdfa2605534583395c8d7ce1d6cac14"},"headline":"Valencia encarec\u00eda su vivienda un 3,4% interanual antes del coronavirus","datePublished":"2020-04-28T20:43:22+00:00","dateModified":"2020-06-10T12:29:19+00:00","mainEntityOfPage":{"@id":"https:\/\/www.aquimicasa.net\/blog\/vivienda\/noticias-mercado-inmobiliario\/valencia-encarecia-su-vivienda-un-34-interanual-antes-del-coronavirus\/"},"wordCount":516,"commentCount":0,"publisher":{"@id":"https:\/\/www.aquimicasa.net\/blog\/#organization"},"image":{"@id":"https:\/\/www.aquimicasa.net\/blog\/vivienda\/noticias-mercado-inmobiliario\/valencia-encarecia-su-vivienda-un-34-interanual-antes-del-coronavirus\/#primaryimage"},"thumbnailUrl":"","keywords":["Coronavirus","rentabilidad","Valencia"],"articleSection":["Noticias Mercado Inmobiliario"],"inLanguage":"es","potentialAction":[{"@type":"CommentAction","name":"Comment","target":["https:\/\/www.aquimicasa.net\/blog\/vivienda\/noticias-mercado-inmobiliario\/valencia-encarecia-su-vivienda-un-34-interanual-antes-del-coronavirus\/#respond"]}]},{"@type":"WebPage","@id":"https:\/\/www.aquimicasa.net\/blog\/vivienda\/noticias-mercado-inmobiliario\/valencia-encarecia-su-vivienda-un-34-interanual-antes-del-coronavirus\/","url":"https:\/\/www.aquimicasa.net\/blog\/vivienda\/noticias-mercado-inmobiliario\/valencia-encarecia-su-vivienda-un-34-interanual-antes-del-coronavirus\/","name":"Valencia encarec\u00eda su vivienda un 3,4% interanual antes del coronavirus","isPartOf":{"@id":"https:\/\/www.aquimicasa.net\/blog\/#website"},"primaryImageOfPage":{"@id":"https:\/\/www.aquimicasa.net\/blog\/vivienda\/noticias-mercado-inmobiliario\/valencia-encarecia-su-vivienda-un-34-interanual-antes-del-coronavirus\/#primaryimage"},"image":{"@id":"https:\/\/www.aquimicasa.net\/blog\/vivienda\/noticias-mercado-inmobiliario\/valencia-encarecia-su-vivienda-un-34-interanual-antes-del-coronavirus\/#primaryimage"},"thumbnailUrl":"","datePublished":"2020-04-28T20:43:22+00:00","dateModified":"2020-06-10T12:29:19+00:00","description":"La sociedad de tasaciones Tinsa ha elaborado un informe de cu\u00e1l era la situaci\u00f3n inmediatamente anterior al estallido de la crisis en varias ciudades","breadcrumb":{"@id":"https:\/\/www.aquimicasa.net\/blog\/vivienda\/noticias-mercado-inmobiliario\/valencia-encarecia-su-vivienda-un-34-interanual-antes-del-coronavirus\/#breadcrumb"},"inLanguage":"es","potentialAction":[{"@type":"ReadAction","target":["https:\/\/www.aquimicasa.net\/blog\/vivienda\/noticias-mercado-inmobiliario\/valencia-encarecia-su-vivienda-un-34-interanual-antes-del-coronavirus\/"]}]},{"@type":"ImageObject","inLanguage":"es","@id":"https:\/\/www.aquimicasa.net\/blog\/vivienda\/noticias-mercado-inmobiliario\/valencia-encarecia-su-vivienda-un-34-interanual-antes-del-coronavirus\/#primaryimage","url":"","contentUrl":""},{"@type":"BreadcrumbList","@id":"https:\/\/www.aquimicasa.net\/blog\/vivienda\/noticias-mercado-inmobiliario\/valencia-encarecia-su-vivienda-un-34-interanual-antes-del-coronavirus\/#breadcrumb","itemListElement":[{"@type":"ListItem","position":1,"name":"Portada","item":"https:\/\/www.aquimicasa.net\/blog\/"},{"@type":"ListItem","position":2,"name":"Valencia encarec\u00eda su vivienda un 3,4% interanual antes del coronavirus"}]},{"@type":"WebSite","@id":"https:\/\/www.aquimicasa.net\/blog\/#website","url":"https:\/\/www.aquimicasa.net\/blog\/","name":"Blog de aquimicasa.net","description":"Noticias del Mundo Inmobiliario","publisher":{"@id":"https:\/\/www.aquimicasa.net\/blog\/#organization"},"potentialAction":[{"@type":"SearchAction","target":{"@type":"EntryPoint","urlTemplate":"https:\/\/www.aquimicasa.net\/blog\/?s={search_term_string}"},"query-input":{"@type":"PropertyValueSpecification","valueRequired":true,"valueName":"search_term_string"}}],"inLanguage":"es"},{"@type":"Organization","@id":"https:\/\/www.aquimicasa.net\/blog\/#organization","name":"Blog de aquimicasa.net","url":"https:\/\/www.aquimicasa.net\/blog\/","logo":{"@type":"ImageObject","inLanguage":"es","@id":"https:\/\/www.aquimicasa.net\/blog\/#\/schema\/logo\/image\/","url":"https:\/\/www.aquimicasa.net\/blog\/wp-content\/uploads\/Logo-aquimicasa-1-e1528048213782.png","contentUrl":"https:\/\/www.aquimicasa.net\/blog\/wp-content\/uploads\/Logo-aquimicasa-1-e1528048213782.png","width":225,"height":225,"caption":"Blog de aquimicasa.net"},"image":{"@id":"https:\/\/www.aquimicasa.net\/blog\/#\/schema\/logo\/image\/"},"sameAs":["https:\/\/www.facebook.com\/aquimicasa.net","https:\/\/www.instagram.com\/","https:\/\/x.com\/EduLizarragaD","https:\/\/www.linkedin.com\/feed\/"]},{"@type":"Person","@id":"https:\/\/www.aquimicasa.net\/blog\/#\/schema\/person\/2cdfa2605534583395c8d7ce1d6cac14","name":"Eduardo Lizarraga","image":{"@type":"ImageObject","inLanguage":"es","@id":"https:\/\/secure.gravatar.com\/avatar\/bdabe1eeeed97b65a9cb7de2edd624b07995f7e13abc5fead15961f745f908cc?s=96&d=mm&r=g","url":"https:\/\/secure.gravatar.com\/avatar\/bdabe1eeeed97b65a9cb7de2edd624b07995f7e13abc5fead15961f745f908cc?s=96&d=mm&r=g","contentUrl":"https:\/\/secure.gravatar.com\/avatar\/bdabe1eeeed97b65a9cb7de2edd624b07995f7e13abc5fead15961f745f908cc?s=96&d=mm&r=g","caption":"Eduardo Lizarraga"},"description":"Periodista Econ\u00f3mico. Ha trabajado en diversos campos de la informaci\u00f3n. Corresponsal en conflictos, analista pol\u00edtico en Congreso y Senado, periodista del medio ambiente, editor, director editorial, director de comunicaci\u00f3n.... En estos momentos se ha especializado en el sector inmobiliario. Pero tambi\u00e9n es navegante y viajero, preocupado por la pobreza, el medio ambiente y por las actuaciones descontroladas del neoliberalismo empresarial y pol\u00edtico en todo el mundo. Los desahucios, la pobreza infantil y la falta de acceso a los suministros b\u00e1sicos son algunos de los grandes dramas de nuestra sociedad y que es preciso solucionar para hacerla m\u00e1s justa. CEO en www.aquimicasa.net","sameAs":["https:\/\/www.aquimicasa.net\/"],"url":"https:\/\/www.aquimicasa.net\/blog\/author\/eduardo\/"}]}},"jetpack_publicize_connections":[],"jetpack_featured_media_url":"","jetpack_sharing_enabled":true,"jetpack_likes_enabled":true,"_links":{"self":[{"href":"https:\/\/www.aquimicasa.net\/blog\/wp-json\/wp\/v2\/posts\/32740","targetHints":{"allow":["GET"]}}],"collection":[{"href":"https:\/\/www.aquimicasa.net\/blog\/wp-json\/wp\/v2\/posts"}],"about":[{"href":"https:\/\/www.aquimicasa.net\/blog\/wp-json\/wp\/v2\/types\/post"}],"author":[{"embeddable":true,"href":"https:\/\/www.aquimicasa.net\/blog\/wp-json\/wp\/v2\/users\/3"}],"replies":[{"embeddable":true,"href":"https:\/\/www.aquimicasa.net\/blog\/wp-json\/wp\/v2\/comments?post=32740"}],"version-history":[{"count":1,"href":"https:\/\/www.aquimicasa.net\/blog\/wp-json\/wp\/v2\/posts\/32740\/revisions"}],"predecessor-version":[{"id":32746,"href":"https:\/\/www.aquimicasa.net\/blog\/wp-json\/wp\/v2\/posts\/32740\/revisions\/32746"}],"wp:featuredmedia":[{"embeddable":true,"href":"https:\/\/www.aquimicasa.net\/blog\/wp-json\/"}],"wp:attachment":[{"href":"https:\/\/www.aquimicasa.net\/blog\/wp-json\/wp\/v2\/media?parent=32740"}],"wp:term":[{"taxonomy":"category","embeddable":true,"href":"https:\/\/www.aquimicasa.net\/blog\/wp-json\/wp\/v2\/categories?post=32740"},{"taxonomy":"post_tag","embeddable":true,"href":"https:\/\/www.aquimicasa.net\/blog\/wp-json\/wp\/v2\/tags?post=32740"}],"curies":[{"name":"wp","href":"https:\/\/api.w.org\/{rel}","templated":true}]}}