{"id":32992,"date":"2020-06-19T10:28:59","date_gmt":"2020-06-19T08:28:59","guid":{"rendered":"https:\/\/www.aquimicasa.net\/blog\/?p=32992"},"modified":"2020-06-22T17:48:26","modified_gmt":"2020-06-22T15:48:26","slug":"un-juzgado-anula-la-decision-de-acabar-con-madrid-central","status":"publish","type":"post","link":"https:\/\/www.aquimicasa.net\/blog\/administracion-y-gobierno\/ayuntamientos\/un-juzgado-anula-la-decision-de-acabar-con-madrid-central\/","title":{"rendered":"Un juzgado anula la decisi\u00f3n de acabar con Madrid Central"},"content":{"rendered":"<div class=\"fusion-fullwidth fullwidth-box fusion-builder-row-1 nonhundred-percent-fullwidth non-hundred-percent-height-scrolling\" style=\"background-color: rgba(255,255,255,0);background-position: center center;background-repeat: no-repeat;padding-top:0px;padding-right:0px;padding-bottom:0px;padding-left:0px;margin-bottom: 0px;margin-top: 0px;border-width: 0px 0px 0px 0px;border-color:#eae9e9;border-style:solid;\" ><div class=\"fusion-builder-row fusion-row\"><div class=\"fusion-layout-column fusion_builder_column fusion-builder-column-0 fusion_builder_column_1_1 1_1 fusion-one-full fusion-column-first fusion-column-last\" style=\"margin-top:0px;margin-bottom:0px;\"><div class=\"fusion-column-wrapper fusion-flex-column-wrapper-legacy\" style=\"background-position:left top;background-repeat:no-repeat;-webkit-background-size:cover;-moz-background-size:cover;-o-background-size:cover;background-size:cover;padding: 0px 0px 0px 0px;\"><div class=\"fusion-text fusion-text-1\"><p class=\"mce\">La Justicia ha optado por el <strong>derecho a un medio ambiente<\/strong> m\u00e1s sano frente al fundamentalismo anti ambientalista de una parte de la derecha nacional. Vivimos en un pa\u00eds absurdo que se reparte las propiedades comunes entre la izquierda y la derecha. As\u00ed, parece que la bandera y alg\u00fan otro s\u00edmbolo del Estado pertenecen a la derecha y el medio ambiente a la izquierda. Curioso reparto que indica algunas cosas. Viene al caso, porque el\u00a0 juez de lo Contencioso-Administrativo n\u00famero 24 de Madrid, ha anulado la decisi\u00f3n de junio de 2019 del <strong>Ayuntamiento de Madrid<\/strong> de establecer una moratoria de las multas en la <strong>Zona de Bajas Emisiones<\/strong> de la capital, conocida como Madrid Central, por ser \u00ab<em>disconforme a derecho<\/em>\u00bb y al considerar que se debe proteger el <strong>Medio Ambient<\/strong>e<\/p>\n<p class=\"mce\">As\u00ed consta en un auto, en el que el juez estima el recurso de Aedenat-Ecologistas en Acci\u00f3n de Madrid contra el acuerdo de la Junta de Gobierno de 27 de junio de 2019 del <strong>Ayuntamiento de Madrid<\/strong>, que procede a anularlo. Y con esta medida vac\u00eda de contenido una de las propuestas y actuaciones m\u00e1s importantes del anterior gobierno municipal.<\/p>\n<p class=\"mce\">La citada moratoria temporal de multas, que el nuevo equipo de Gobierno estableci\u00f3 entonces hasta decidir reformas en la estrategia de medidas contra la contaminaci\u00f3n, estaba suspendida cautelarmente desde julio de 2019 al estimarse sendos recursos interpuestos por el PSOE y Greenpeace.<\/p>\n<p class=\"mce\">La resoluci\u00f3n aclara que \u00ab<em>la existencia de deficiencias en el sistema de multas debe ceder ante la protecci\u00f3n a la salud y al medio ambiente<\/em>\u00bb y se\u00f1ala que el acuerdo municipal \u00ab<em>no ofrece ninguna alternativa para suplir la supresi\u00f3n de la zona de bajas emisiones ni justifica tampoco que la misma haya sido ineficaz o haya producido un da\u00f1o mayor del que trataba de evitar, ello en el plano medioambiental<\/em>\u00ab.<\/p>\n<p class=\"mce\">En la misma l\u00ednea, la resoluci\u00f3n recuerda que \u00ab<em>la <strong>protecci\u00f3n de la salud y el medio ambiente<\/strong> son principios que deben regir los poderes p\u00fablicos<\/em>\u00ab, subrayando que en este caso es exigible en mayor medida dado que \u00ab<em>se est\u00e1 suprimiendo una actuaci\u00f3n tendente a proteger ambos <strong>bienes constitucionales<\/strong>, sin ofrecer alternativas ni medidas opcionales<\/em>\u00ab.<\/p>\n<p class=\"mce\">\u00ab<em>La sustituci\u00f3n de las denuncias por infracci\u00f3n por meros avisos supone la renuncia de la administraci\u00f3n municipal al principal mecanismo para garantizar el cumplimiento de la norma que reconoce el ordenamiento jur\u00eddico, cual es el ejercicio de la potestad sancionadora de la administraci\u00f3n<\/em>\u00ab, se\u00f1ala.<\/p>\n<p class=\"mce\">El juez manifiesta que con el acuerdo se renuncia a \u00ab<em>garantizar el cumplimiento de los preceptos de la Ordenanza de Movilidad Sostenible relativos al acceso no autorizado a la ZBE (<strong>Madrid Central<\/strong>)<\/em>\u00ab, cuya finalidad declarada es \u00ab<em>la <strong>protecci\u00f3n de la vida, la salud y la integridad f\u00edsica de las personas<\/strong>, la protecci\u00f3n del medio ambiente y la ordenaci\u00f3n de la movilidad para la protecci\u00f3n de la seguridad de las personas y la seguridad vial<\/em>\u00ab.<\/p>\n<\/div><div class=\"fusion-clearfix\"><\/div><\/div><\/div><\/div><\/div>\n","protected":false},"excerpt":{"rendered":"<p>El\u00a0 juez de lo Contencioso-Administrativo n\u00famero 24 de Madrid ha anulado la decisi\u00f3n de junio de 2019 del Ayuntamiento de Madrid de establecer una moratoria de las multas en la Zona de Bajas Emisiones de la capital, conocida como Madrid Central,<\/p>\n","protected":false},"author":3,"featured_media":33000,"comment_status":"open","ping_status":"open","sticky":false,"template":"","format":"standard","meta":{"_jetpack_memberships_contains_paid_content":false,"footnotes":"","jetpack_publicize_message":"","jetpack_publicize_feature_enabled":true,"jetpack_social_post_already_shared":true,"jetpack_social_options":{"image_generator_settings":{"template":"highway","default_image_id":0,"font":"","enabled":false},"version":2}},"categories":[5461],"tags":[700,7862,972,7865],"class_list":["post-32992","post","type-post","status-publish","format-standard","has-post-thumbnail","hentry","category-ayuntamientos","tag-ayuntamiento-de-madrid","tag-madrid-central","tag-medio-ambiente","tag-newsletter-259"],"yoast_head":"<!-- This site is optimized with the Yoast SEO plugin v27.4 - https:\/\/yoast.com\/product\/yoast-seo-wordpress\/ -->\n<title>Un juzgado anula la decisi\u00f3n de acabar con Madrid Central<\/title>\n<meta name=\"description\" content=\"Un juez de Madrid ha anulado la decisi\u00f3n del Ayuntamiento de Madrid de establecer una moratoria de las multas en la zona conocida como Madrid Central,\" \/>\n<meta name=\"robots\" content=\"index, follow, max-snippet:-1, max-image-preview:large, max-video-preview:-1\" \/>\n<link rel=\"canonical\" href=\"https:\/\/www.aquimicasa.net\/blog\/administracion-y-gobierno\/ayuntamientos\/un-juzgado-anula-la-decision-de-acabar-con-madrid-central\/\" \/>\n<meta property=\"og:locale\" content=\"es_ES\" \/>\n<meta property=\"og:type\" content=\"article\" \/>\n<meta property=\"og:title\" content=\"Un juzgado anula la decisi\u00f3n de acabar con Madrid Central\" \/>\n<meta property=\"og:description\" content=\"Un juez de Madrid ha anulado la decisi\u00f3n del Ayuntamiento de Madrid de establecer una moratoria de las multas en la zona conocida como Madrid Central,\" \/>\n<meta property=\"og:url\" content=\"https:\/\/www.aquimicasa.net\/blog\/administracion-y-gobierno\/ayuntamientos\/un-juzgado-anula-la-decision-de-acabar-con-madrid-central\/\" \/>\n<meta property=\"og:site_name\" content=\"Blog de aquimicasa.net\" \/>\n<meta property=\"article:publisher\" content=\"https:\/\/www.facebook.com\/aquimicasa.net\" \/>\n<meta property=\"article:published_time\" content=\"2020-06-19T08:28:59+00:00\" \/>\n<meta property=\"article:modified_time\" content=\"2020-06-22T15:48:26+00:00\" \/>\n<meta property=\"og:image\" content=\"https:\/\/www.aquimicasa.net\/blog\/wp-content\/uploads\/Madrid-Central-e1592555030375.jpg\" \/>\n\t<meta property=\"og:image:width\" content=\"400\" \/>\n\t<meta property=\"og:image:height\" content=\"226\" \/>\n\t<meta property=\"og:image:type\" content=\"image\/jpeg\" \/>\n<meta name=\"author\" content=\"Eduardo Lizarraga\" \/>\n<meta name=\"twitter:label1\" content=\"Escrito por\" \/>\n\t<meta name=\"twitter:data1\" content=\"Eduardo Lizarraga\" \/>\n\t<meta name=\"twitter:label2\" content=\"Tiempo de lectura\" \/>\n\t<meta name=\"twitter:data2\" content=\"3 minutos\" \/>\n<script type=\"application\/ld+json\" class=\"yoast-schema-graph\">{\"@context\":\"https:\\\/\\\/schema.org\",\"@graph\":[{\"@type\":\"Article\",\"@id\":\"https:\\\/\\\/www.aquimicasa.net\\\/blog\\\/administracion-y-gobierno\\\/ayuntamientos\\\/un-juzgado-anula-la-decision-de-acabar-con-madrid-central\\\/#article\",\"isPartOf\":{\"@id\":\"https:\\\/\\\/www.aquimicasa.net\\\/blog\\\/administracion-y-gobierno\\\/ayuntamientos\\\/un-juzgado-anula-la-decision-de-acabar-con-madrid-central\\\/\"},\"author\":{\"name\":\"Eduardo Lizarraga\",\"@id\":\"https:\\\/\\\/www.aquimicasa.net\\\/blog\\\/#\\\/schema\\\/person\\\/2cdfa2605534583395c8d7ce1d6cac14\"},\"headline\":\"Un juzgado anula la decisi\u00f3n de acabar con Madrid Central\",\"datePublished\":\"2020-06-19T08:28:59+00:00\",\"dateModified\":\"2020-06-22T15:48:26+00:00\",\"mainEntityOfPage\":{\"@id\":\"https:\\\/\\\/www.aquimicasa.net\\\/blog\\\/administracion-y-gobierno\\\/ayuntamientos\\\/un-juzgado-anula-la-decision-de-acabar-con-madrid-central\\\/\"},\"wordCount\":670,\"commentCount\":0,\"publisher\":{\"@id\":\"https:\\\/\\\/www.aquimicasa.net\\\/blog\\\/#organization\"},\"image\":{\"@id\":\"https:\\\/\\\/www.aquimicasa.net\\\/blog\\\/administracion-y-gobierno\\\/ayuntamientos\\\/un-juzgado-anula-la-decision-de-acabar-con-madrid-central\\\/#primaryimage\"},\"thumbnailUrl\":\"https:\\\/\\\/www.aquimicasa.net\\\/blog\\\/wp-content\\\/uploads\\\/Madrid-Central-e1592555030375.jpg\",\"keywords\":[\"Ayuntamiento de Madrid\",\"Madrid Central\",\"Medio Ambiente\",\"Newsletter 259\"],\"articleSection\":[\"Ayuntamientos\"],\"inLanguage\":\"es\",\"potentialAction\":[{\"@type\":\"CommentAction\",\"name\":\"Comment\",\"target\":[\"https:\\\/\\\/www.aquimicasa.net\\\/blog\\\/administracion-y-gobierno\\\/ayuntamientos\\\/un-juzgado-anula-la-decision-de-acabar-con-madrid-central\\\/#respond\"]}]},{\"@type\":\"WebPage\",\"@id\":\"https:\\\/\\\/www.aquimicasa.net\\\/blog\\\/administracion-y-gobierno\\\/ayuntamientos\\\/un-juzgado-anula-la-decision-de-acabar-con-madrid-central\\\/\",\"url\":\"https:\\\/\\\/www.aquimicasa.net\\\/blog\\\/administracion-y-gobierno\\\/ayuntamientos\\\/un-juzgado-anula-la-decision-de-acabar-con-madrid-central\\\/\",\"name\":\"Un juzgado anula la decisi\u00f3n de acabar con Madrid Central\",\"isPartOf\":{\"@id\":\"https:\\\/\\\/www.aquimicasa.net\\\/blog\\\/#website\"},\"primaryImageOfPage\":{\"@id\":\"https:\\\/\\\/www.aquimicasa.net\\\/blog\\\/administracion-y-gobierno\\\/ayuntamientos\\\/un-juzgado-anula-la-decision-de-acabar-con-madrid-central\\\/#primaryimage\"},\"image\":{\"@id\":\"https:\\\/\\\/www.aquimicasa.net\\\/blog\\\/administracion-y-gobierno\\\/ayuntamientos\\\/un-juzgado-anula-la-decision-de-acabar-con-madrid-central\\\/#primaryimage\"},\"thumbnailUrl\":\"https:\\\/\\\/www.aquimicasa.net\\\/blog\\\/wp-content\\\/uploads\\\/Madrid-Central-e1592555030375.jpg\",\"datePublished\":\"2020-06-19T08:28:59+00:00\",\"dateModified\":\"2020-06-22T15:48:26+00:00\",\"description\":\"Un juez de Madrid ha anulado la decisi\u00f3n del Ayuntamiento de Madrid de establecer una moratoria de las multas en la zona conocida como Madrid Central,\",\"breadcrumb\":{\"@id\":\"https:\\\/\\\/www.aquimicasa.net\\\/blog\\\/administracion-y-gobierno\\\/ayuntamientos\\\/un-juzgado-anula-la-decision-de-acabar-con-madrid-central\\\/#breadcrumb\"},\"inLanguage\":\"es\",\"potentialAction\":[{\"@type\":\"ReadAction\",\"target\":[\"https:\\\/\\\/www.aquimicasa.net\\\/blog\\\/administracion-y-gobierno\\\/ayuntamientos\\\/un-juzgado-anula-la-decision-de-acabar-con-madrid-central\\\/\"]}]},{\"@type\":\"ImageObject\",\"inLanguage\":\"es\",\"@id\":\"https:\\\/\\\/www.aquimicasa.net\\\/blog\\\/administracion-y-gobierno\\\/ayuntamientos\\\/un-juzgado-anula-la-decision-de-acabar-con-madrid-central\\\/#primaryimage\",\"url\":\"https:\\\/\\\/www.aquimicasa.net\\\/blog\\\/wp-content\\\/uploads\\\/Madrid-Central-e1592555030375.jpg\",\"contentUrl\":\"https:\\\/\\\/www.aquimicasa.net\\\/blog\\\/wp-content\\\/uploads\\\/Madrid-Central-e1592555030375.jpg\",\"width\":400,\"height\":226},{\"@type\":\"BreadcrumbList\",\"@id\":\"https:\\\/\\\/www.aquimicasa.net\\\/blog\\\/administracion-y-gobierno\\\/ayuntamientos\\\/un-juzgado-anula-la-decision-de-acabar-con-madrid-central\\\/#breadcrumb\",\"itemListElement\":[{\"@type\":\"ListItem\",\"position\":1,\"name\":\"Portada\",\"item\":\"https:\\\/\\\/www.aquimicasa.net\\\/blog\\\/\"},{\"@type\":\"ListItem\",\"position\":2,\"name\":\"Un juzgado anula la decisi\u00f3n de acabar con Madrid Central\"}]},{\"@type\":\"WebSite\",\"@id\":\"https:\\\/\\\/www.aquimicasa.net\\\/blog\\\/#website\",\"url\":\"https:\\\/\\\/www.aquimicasa.net\\\/blog\\\/\",\"name\":\"Blog de aquimicasa.net\",\"description\":\"Noticias del Mundo Inmobiliario\",\"publisher\":{\"@id\":\"https:\\\/\\\/www.aquimicasa.net\\\/blog\\\/#organization\"},\"potentialAction\":[{\"@type\":\"SearchAction\",\"target\":{\"@type\":\"EntryPoint\",\"urlTemplate\":\"https:\\\/\\\/www.aquimicasa.net\\\/blog\\\/?s={search_term_string}\"},\"query-input\":{\"@type\":\"PropertyValueSpecification\",\"valueRequired\":true,\"valueName\":\"search_term_string\"}}],\"inLanguage\":\"es\"},{\"@type\":\"Organization\",\"@id\":\"https:\\\/\\\/www.aquimicasa.net\\\/blog\\\/#organization\",\"name\":\"Blog de aquimicasa.net\",\"url\":\"https:\\\/\\\/www.aquimicasa.net\\\/blog\\\/\",\"logo\":{\"@type\":\"ImageObject\",\"inLanguage\":\"es\",\"@id\":\"https:\\\/\\\/www.aquimicasa.net\\\/blog\\\/#\\\/schema\\\/logo\\\/image\\\/\",\"url\":\"https:\\\/\\\/www.aquimicasa.net\\\/blog\\\/wp-content\\\/uploads\\\/Logo-aquimicasa-1-e1528048213782.png\",\"contentUrl\":\"https:\\\/\\\/www.aquimicasa.net\\\/blog\\\/wp-content\\\/uploads\\\/Logo-aquimicasa-1-e1528048213782.png\",\"width\":225,\"height\":225,\"caption\":\"Blog de aquimicasa.net\"},\"image\":{\"@id\":\"https:\\\/\\\/www.aquimicasa.net\\\/blog\\\/#\\\/schema\\\/logo\\\/image\\\/\"},\"sameAs\":[\"https:\\\/\\\/www.facebook.com\\\/aquimicasa.net\",\"https:\\\/\\\/www.instagram.com\\\/\",\"https:\\\/\\\/x.com\\\/EduLizarragaD\",\"https:\\\/\\\/www.linkedin.com\\\/feed\\\/\"]},{\"@type\":\"Person\",\"@id\":\"https:\\\/\\\/www.aquimicasa.net\\\/blog\\\/#\\\/schema\\\/person\\\/2cdfa2605534583395c8d7ce1d6cac14\",\"name\":\"Eduardo Lizarraga\",\"image\":{\"@type\":\"ImageObject\",\"inLanguage\":\"es\",\"@id\":\"https:\\\/\\\/secure.gravatar.com\\\/avatar\\\/bdabe1eeeed97b65a9cb7de2edd624b07995f7e13abc5fead15961f745f908cc?s=96&d=mm&r=g\",\"url\":\"https:\\\/\\\/secure.gravatar.com\\\/avatar\\\/bdabe1eeeed97b65a9cb7de2edd624b07995f7e13abc5fead15961f745f908cc?s=96&d=mm&r=g\",\"contentUrl\":\"https:\\\/\\\/secure.gravatar.com\\\/avatar\\\/bdabe1eeeed97b65a9cb7de2edd624b07995f7e13abc5fead15961f745f908cc?s=96&d=mm&r=g\",\"caption\":\"Eduardo Lizarraga\"},\"description\":\"Periodista Econ\u00f3mico. Ha trabajado en diversos campos de la informaci\u00f3n. Corresponsal en conflictos, analista pol\u00edtico en Congreso y Senado, periodista del medio ambiente, editor, director editorial, director de comunicaci\u00f3n.... En estos momentos se ha especializado en el sector inmobiliario. Pero tambi\u00e9n es navegante y viajero, preocupado por la pobreza, el medio ambiente y por las actuaciones descontroladas del neoliberalismo empresarial y pol\u00edtico en todo el mundo. Los desahucios, la pobreza infantil y la falta de acceso a los suministros b\u00e1sicos son algunos de los grandes dramas de nuestra sociedad y que es preciso solucionar para hacerla m\u00e1s justa. CEO en www.aquimicasa.net\",\"sameAs\":[\"https:\\\/\\\/www.aquimicasa.net\\\/\"],\"url\":\"https:\\\/\\\/www.aquimicasa.net\\\/blog\\\/author\\\/eduardo\\\/\"}]}<\/script>\n<!-- \/ Yoast SEO plugin. -->","yoast_head_json":{"title":"Un juzgado anula la decisi\u00f3n de acabar con Madrid Central","description":"Un juez de Madrid ha anulado la decisi\u00f3n del Ayuntamiento de Madrid de establecer una moratoria de las multas en la zona conocida como Madrid Central,","robots":{"index":"index","follow":"follow","max-snippet":"max-snippet:-1","max-image-preview":"max-image-preview:large","max-video-preview":"max-video-preview:-1"},"canonical":"https:\/\/www.aquimicasa.net\/blog\/administracion-y-gobierno\/ayuntamientos\/un-juzgado-anula-la-decision-de-acabar-con-madrid-central\/","og_locale":"es_ES","og_type":"article","og_title":"Un juzgado anula la decisi\u00f3n de acabar con Madrid Central","og_description":"Un juez de Madrid ha anulado la decisi\u00f3n del Ayuntamiento de Madrid de establecer una moratoria de las multas en la zona conocida como Madrid Central,","og_url":"https:\/\/www.aquimicasa.net\/blog\/administracion-y-gobierno\/ayuntamientos\/un-juzgado-anula-la-decision-de-acabar-con-madrid-central\/","og_site_name":"Blog de aquimicasa.net","article_publisher":"https:\/\/www.facebook.com\/aquimicasa.net","article_published_time":"2020-06-19T08:28:59+00:00","article_modified_time":"2020-06-22T15:48:26+00:00","og_image":[{"width":400,"height":226,"url":"https:\/\/www.aquimicasa.net\/blog\/wp-content\/uploads\/Madrid-Central-e1592555030375.jpg","type":"image\/jpeg"}],"author":"Eduardo Lizarraga","twitter_misc":{"Escrito por":"Eduardo Lizarraga","Tiempo de lectura":"3 minutos"},"schema":{"@context":"https:\/\/schema.org","@graph":[{"@type":"Article","@id":"https:\/\/www.aquimicasa.net\/blog\/administracion-y-gobierno\/ayuntamientos\/un-juzgado-anula-la-decision-de-acabar-con-madrid-central\/#article","isPartOf":{"@id":"https:\/\/www.aquimicasa.net\/blog\/administracion-y-gobierno\/ayuntamientos\/un-juzgado-anula-la-decision-de-acabar-con-madrid-central\/"},"author":{"name":"Eduardo Lizarraga","@id":"https:\/\/www.aquimicasa.net\/blog\/#\/schema\/person\/2cdfa2605534583395c8d7ce1d6cac14"},"headline":"Un juzgado anula la decisi\u00f3n de acabar con Madrid Central","datePublished":"2020-06-19T08:28:59+00:00","dateModified":"2020-06-22T15:48:26+00:00","mainEntityOfPage":{"@id":"https:\/\/www.aquimicasa.net\/blog\/administracion-y-gobierno\/ayuntamientos\/un-juzgado-anula-la-decision-de-acabar-con-madrid-central\/"},"wordCount":670,"commentCount":0,"publisher":{"@id":"https:\/\/www.aquimicasa.net\/blog\/#organization"},"image":{"@id":"https:\/\/www.aquimicasa.net\/blog\/administracion-y-gobierno\/ayuntamientos\/un-juzgado-anula-la-decision-de-acabar-con-madrid-central\/#primaryimage"},"thumbnailUrl":"https:\/\/www.aquimicasa.net\/blog\/wp-content\/uploads\/Madrid-Central-e1592555030375.jpg","keywords":["Ayuntamiento de Madrid","Madrid Central","Medio Ambiente","Newsletter 259"],"articleSection":["Ayuntamientos"],"inLanguage":"es","potentialAction":[{"@type":"CommentAction","name":"Comment","target":["https:\/\/www.aquimicasa.net\/blog\/administracion-y-gobierno\/ayuntamientos\/un-juzgado-anula-la-decision-de-acabar-con-madrid-central\/#respond"]}]},{"@type":"WebPage","@id":"https:\/\/www.aquimicasa.net\/blog\/administracion-y-gobierno\/ayuntamientos\/un-juzgado-anula-la-decision-de-acabar-con-madrid-central\/","url":"https:\/\/www.aquimicasa.net\/blog\/administracion-y-gobierno\/ayuntamientos\/un-juzgado-anula-la-decision-de-acabar-con-madrid-central\/","name":"Un juzgado anula la decisi\u00f3n de acabar con Madrid Central","isPartOf":{"@id":"https:\/\/www.aquimicasa.net\/blog\/#website"},"primaryImageOfPage":{"@id":"https:\/\/www.aquimicasa.net\/blog\/administracion-y-gobierno\/ayuntamientos\/un-juzgado-anula-la-decision-de-acabar-con-madrid-central\/#primaryimage"},"image":{"@id":"https:\/\/www.aquimicasa.net\/blog\/administracion-y-gobierno\/ayuntamientos\/un-juzgado-anula-la-decision-de-acabar-con-madrid-central\/#primaryimage"},"thumbnailUrl":"https:\/\/www.aquimicasa.net\/blog\/wp-content\/uploads\/Madrid-Central-e1592555030375.jpg","datePublished":"2020-06-19T08:28:59+00:00","dateModified":"2020-06-22T15:48:26+00:00","description":"Un juez de Madrid ha anulado la decisi\u00f3n del Ayuntamiento de Madrid de establecer una moratoria de las multas en la zona conocida como Madrid Central,","breadcrumb":{"@id":"https:\/\/www.aquimicasa.net\/blog\/administracion-y-gobierno\/ayuntamientos\/un-juzgado-anula-la-decision-de-acabar-con-madrid-central\/#breadcrumb"},"inLanguage":"es","potentialAction":[{"@type":"ReadAction","target":["https:\/\/www.aquimicasa.net\/blog\/administracion-y-gobierno\/ayuntamientos\/un-juzgado-anula-la-decision-de-acabar-con-madrid-central\/"]}]},{"@type":"ImageObject","inLanguage":"es","@id":"https:\/\/www.aquimicasa.net\/blog\/administracion-y-gobierno\/ayuntamientos\/un-juzgado-anula-la-decision-de-acabar-con-madrid-central\/#primaryimage","url":"https:\/\/www.aquimicasa.net\/blog\/wp-content\/uploads\/Madrid-Central-e1592555030375.jpg","contentUrl":"https:\/\/www.aquimicasa.net\/blog\/wp-content\/uploads\/Madrid-Central-e1592555030375.jpg","width":400,"height":226},{"@type":"BreadcrumbList","@id":"https:\/\/www.aquimicasa.net\/blog\/administracion-y-gobierno\/ayuntamientos\/un-juzgado-anula-la-decision-de-acabar-con-madrid-central\/#breadcrumb","itemListElement":[{"@type":"ListItem","position":1,"name":"Portada","item":"https:\/\/www.aquimicasa.net\/blog\/"},{"@type":"ListItem","position":2,"name":"Un juzgado anula la decisi\u00f3n de acabar con Madrid Central"}]},{"@type":"WebSite","@id":"https:\/\/www.aquimicasa.net\/blog\/#website","url":"https:\/\/www.aquimicasa.net\/blog\/","name":"Blog de aquimicasa.net","description":"Noticias del Mundo Inmobiliario","publisher":{"@id":"https:\/\/www.aquimicasa.net\/blog\/#organization"},"potentialAction":[{"@type":"SearchAction","target":{"@type":"EntryPoint","urlTemplate":"https:\/\/www.aquimicasa.net\/blog\/?s={search_term_string}"},"query-input":{"@type":"PropertyValueSpecification","valueRequired":true,"valueName":"search_term_string"}}],"inLanguage":"es"},{"@type":"Organization","@id":"https:\/\/www.aquimicasa.net\/blog\/#organization","name":"Blog de aquimicasa.net","url":"https:\/\/www.aquimicasa.net\/blog\/","logo":{"@type":"ImageObject","inLanguage":"es","@id":"https:\/\/www.aquimicasa.net\/blog\/#\/schema\/logo\/image\/","url":"https:\/\/www.aquimicasa.net\/blog\/wp-content\/uploads\/Logo-aquimicasa-1-e1528048213782.png","contentUrl":"https:\/\/www.aquimicasa.net\/blog\/wp-content\/uploads\/Logo-aquimicasa-1-e1528048213782.png","width":225,"height":225,"caption":"Blog de aquimicasa.net"},"image":{"@id":"https:\/\/www.aquimicasa.net\/blog\/#\/schema\/logo\/image\/"},"sameAs":["https:\/\/www.facebook.com\/aquimicasa.net","https:\/\/www.instagram.com\/","https:\/\/x.com\/EduLizarragaD","https:\/\/www.linkedin.com\/feed\/"]},{"@type":"Person","@id":"https:\/\/www.aquimicasa.net\/blog\/#\/schema\/person\/2cdfa2605534583395c8d7ce1d6cac14","name":"Eduardo Lizarraga","image":{"@type":"ImageObject","inLanguage":"es","@id":"https:\/\/secure.gravatar.com\/avatar\/bdabe1eeeed97b65a9cb7de2edd624b07995f7e13abc5fead15961f745f908cc?s=96&d=mm&r=g","url":"https:\/\/secure.gravatar.com\/avatar\/bdabe1eeeed97b65a9cb7de2edd624b07995f7e13abc5fead15961f745f908cc?s=96&d=mm&r=g","contentUrl":"https:\/\/secure.gravatar.com\/avatar\/bdabe1eeeed97b65a9cb7de2edd624b07995f7e13abc5fead15961f745f908cc?s=96&d=mm&r=g","caption":"Eduardo Lizarraga"},"description":"Periodista Econ\u00f3mico. Ha trabajado en diversos campos de la informaci\u00f3n. Corresponsal en conflictos, analista pol\u00edtico en Congreso y Senado, periodista del medio ambiente, editor, director editorial, director de comunicaci\u00f3n.... En estos momentos se ha especializado en el sector inmobiliario. Pero tambi\u00e9n es navegante y viajero, preocupado por la pobreza, el medio ambiente y por las actuaciones descontroladas del neoliberalismo empresarial y pol\u00edtico en todo el mundo. Los desahucios, la pobreza infantil y la falta de acceso a los suministros b\u00e1sicos son algunos de los grandes dramas de nuestra sociedad y que es preciso solucionar para hacerla m\u00e1s justa. CEO en www.aquimicasa.net","sameAs":["https:\/\/www.aquimicasa.net\/"],"url":"https:\/\/www.aquimicasa.net\/blog\/author\/eduardo\/"}]}},"jetpack_publicize_connections":[],"jetpack_featured_media_url":"https:\/\/www.aquimicasa.net\/blog\/wp-content\/uploads\/Madrid-Central-e1592555030375.jpg","jetpack_sharing_enabled":true,"jetpack_likes_enabled":true,"_links":{"self":[{"href":"https:\/\/www.aquimicasa.net\/blog\/wp-json\/wp\/v2\/posts\/32992","targetHints":{"allow":["GET"]}}],"collection":[{"href":"https:\/\/www.aquimicasa.net\/blog\/wp-json\/wp\/v2\/posts"}],"about":[{"href":"https:\/\/www.aquimicasa.net\/blog\/wp-json\/wp\/v2\/types\/post"}],"author":[{"embeddable":true,"href":"https:\/\/www.aquimicasa.net\/blog\/wp-json\/wp\/v2\/users\/3"}],"replies":[{"embeddable":true,"href":"https:\/\/www.aquimicasa.net\/blog\/wp-json\/wp\/v2\/comments?post=32992"}],"version-history":[{"count":3,"href":"https:\/\/www.aquimicasa.net\/blog\/wp-json\/wp\/v2\/posts\/32992\/revisions"}],"predecessor-version":[{"id":33002,"href":"https:\/\/www.aquimicasa.net\/blog\/wp-json\/wp\/v2\/posts\/32992\/revisions\/33002"}],"wp:featuredmedia":[{"embeddable":true,"href":"https:\/\/www.aquimicasa.net\/blog\/wp-json\/wp\/v2\/media\/33000"}],"wp:attachment":[{"href":"https:\/\/www.aquimicasa.net\/blog\/wp-json\/wp\/v2\/media?parent=32992"}],"wp:term":[{"taxonomy":"category","embeddable":true,"href":"https:\/\/www.aquimicasa.net\/blog\/wp-json\/wp\/v2\/categories?post=32992"},{"taxonomy":"post_tag","embeddable":true,"href":"https:\/\/www.aquimicasa.net\/blog\/wp-json\/wp\/v2\/tags?post=32992"}],"curies":[{"name":"wp","href":"https:\/\/api.w.org\/{rel}","templated":true}]}}