{"id":33030,"date":"2020-06-29T01:16:33","date_gmt":"2020-06-28T23:16:33","guid":{"rendered":"https:\/\/www.aquimicasa.net\/blog\/?p=33030"},"modified":"2020-06-29T01:16:33","modified_gmt":"2020-06-28T23:16:33","slug":"el-coapi-preve-que-el-inmobiliario-se-recuperara-a-finales-del-2021","status":"publish","type":"post","link":"https:\/\/www.aquimicasa.net\/blog\/vivienda\/noticias-mercado-inmobiliario\/el-coapi-preve-que-el-inmobiliario-se-recuperara-a-finales-del-2021\/","title":{"rendered":"El COAPI prev\u00e9 que el inmobiliario se recuperar\u00e1 a finales del 2021"},"content":{"rendered":"<div class=\"fusion-fullwidth fullwidth-box fusion-builder-row-1 nonhundred-percent-fullwidth non-hundred-percent-height-scrolling\" style=\"background-color: rgba(255,255,255,0);background-position: center center;background-repeat: no-repeat;padding-top:0px;padding-right:0px;padding-bottom:0px;padding-left:0px;margin-bottom: 0px;margin-top: 0px;border-width: 0px 0px 0px 0px;border-color:#eae9e9;border-style:solid;\" ><div class=\"fusion-builder-row fusion-row\"><div class=\"fusion-layout-column fusion_builder_column fusion-builder-column-0 fusion_builder_column_1_1 1_1 fusion-one-full fusion-column-first fusion-column-last\" style=\"margin-top:0px;margin-bottom:0px;\"><div class=\"fusion-column-wrapper fusion-flex-column-wrapper-legacy\" style=\"background-position:left top;background-repeat:no-repeat;-webkit-background-size:cover;-moz-background-size:cover;-o-background-size:cover;background-size:cover;padding: 0px 0px 0px 0px;\"><div class=\"fusion-text fusion-text-1\"><p>No hay sector afectado por la crisis econ\u00f3mica, que llega aparejada a la sanitaria, que no est\u00e9 haciendo previsiones sobre la recuperaci\u00f3n. Y el <strong>sector inmobiliario<\/strong>, uno de los que puede resultar m\u00e1s afectados, tambi\u00e9n est\u00e1 haciendo sus propios c\u00e1lculos. Llegan desde grupos inmobiliarios, franquicias, promotores y tambi\u00e9n desde los agentes inmobiliarios.\u00a0 En este caso es el <strong>COAPI<\/strong> quien hace sus propias previsiones.<\/p>\n<p>COAPI espera una evoluci\u00f3n del mercado ajustado a un modelo de `U\u00b4 no muy acusada, por lo que estima que se puede producir una <strong>recuperaci\u00f3n de los niveles pre-COVID19<\/strong> en un 80-90% a finales de 2021.\u00a0 Lo asegura\u00a0 <img decoding=\"async\" class=\"alignnone  wp-image-33145\" src=\"https:\/\/www.aquimicasa.net\/blog\/wp-content\/uploads\/lola-alcover.jpg\" alt=\"\" width=\"139\" height=\"139\" srcset=\"https:\/\/www.aquimicasa.net\/blog\/wp-content\/uploads\/lola-alcover-66x66.jpg 66w, https:\/\/www.aquimicasa.net\/blog\/wp-content\/uploads\/lola-alcover-150x150.jpg 150w, https:\/\/www.aquimicasa.net\/blog\/wp-content\/uploads\/lola-alcover-200x200.jpg 200w, https:\/\/www.aquimicasa.net\/blog\/wp-content\/uploads\/lola-alcover.jpg 210w\" sizes=\"(max-width: 139px) 100vw, 139px\" \/>Lola Alcover, secretaria del <strong>Consejo General de los Colegios Oficiales de Agentes de la Propiedad Inmobiliaria<\/strong> de Espa\u00f1a, <span class=\"html-tag\">que <\/span>\u00a0vaticina un descenso en el <strong>precio de la vivienda<\/strong> en una horquilla de entre el 10% al 15% como media, con posibilidad de que en algunas zonas m\u00e1s desfavorecidas el desplome alcance tramos del 20%, mientras que en otras m\u00e1s pr\u00f3speras los recortes que puedan sufrir queden por debajo de ese 10%.<\/p>\n<p>El <strong>sector inmobiliario<\/strong>, que comenz\u00f3 a recuperar la normalidad hace poco m\u00e1s de un mes, est\u00e1 viendo como se reactivan las operaciones de forma gradual, a la vez que\u00a0 la econom\u00eda se vuelve a poner en pie. Desde <strong>COAPI<\/strong> estiman que una vez estudiados todos los posibles escenarios, desde los m\u00e1s ben\u00e9volos, con crisis en V, de las que se saldr\u00e1 de forma r\u00e1pida, hasta las m\u00e1s catastrofistas, con ca\u00eddas en L y un largo tiempo de permanencia en una crisis demoledora, piensan que el escenario m\u00e1s probable ser\u00e1 una crisis en U, con un cierto tiempo de bajada de operaciones, y con una recuperaci\u00f3n lenta en el plazo de poco m\u00e1s de un a\u00f1o.<\/p>\n<p>Esta apreciaci\u00f3n se basa en una serie de encuestas realizadas a los asociados con sondeos entre clientes.\u00a0 Barajan tambi\u00e9n los datos de operaciones cerradas entre los <strong>agentes inmobiliarios\u00a0<\/strong> que muestran un mercado en positivo con mejores perspectivas de las que se vaticinan, con fluidez tanto en la oferta como en la demanda.<\/p>\n<p>Se estima que va a producirse un descenso en el <strong>precio de la vivienda<\/strong> que se mueve en una horquilla de entre el <strong>10 al 15%<\/strong> como media, con posibilidad de que en algunas zonas m\u00e1s desfavorecidas el desplome alcance tramos del 20%, mientras que en otras m\u00e1s pr\u00f3speras los recortes que puedan sufrir queden por debajo de ese 10%.<\/p>\n<p><span class=\"html-tag\">En cuanto a los c<\/span>ambios de tendencia en la<strong> demanda de viviendas<\/strong>, desde COAPI \u00a0est\u00e1n detectando de manera incuestionable, y que todos los sondeos ratifican, que se ha producido un importante incremento en el inter\u00e9s de los clientes hacia viviendas que ofrezcan espacios habitables al aire libre y superficies de recreo ajardinadas.\u00a0 El requisito \u00a0m\u00ednimo imprescindible que se demanda es que la vivienda buscada disponga de <strong>terrazas o balcones<\/strong>.<\/p>\n<\/div><div class=\"fusion-clearfix\"><\/div><\/div><\/div><\/div><\/div>\n","protected":false},"excerpt":{"rendered":"<p>COAPI espera una evoluci\u00f3n del mercado ajustado a un modelo de `U\u00b4 no muy acusada, por lo que estima que se puede producir una recuperaci\u00f3n de los niveles pre-COVID19 en un 80-90% a finales de 2021.\u00a0 Lo asegura Lola Alcover, secretaria del Consejo General de los Colegios Oficiales de Agentes de la Propiedad Inmobiliaria de Espa\u00f1a, que \u00a0vaticina un descenso en el precio de la vivienda en una horquilla de entre el 10% al 15% como media<\/p>\n","protected":false},"author":3,"featured_media":33146,"comment_status":"open","ping_status":"open","sticky":false,"template":"","format":"standard","meta":{"_jetpack_memberships_contains_paid_content":false,"footnotes":"","jetpack_publicize_message":"","jetpack_publicize_feature_enabled":true,"jetpack_social_post_already_shared":true,"jetpack_social_options":{"image_generator_settings":{"template":"highway","default_image_id":0,"font":"","enabled":false},"version":2}},"categories":[7565],"tags":[1411,7869,3398],"class_list":["post-33030","post","type-post","status-publish","format-standard","has-post-thumbnail","hentry","category-noticias-mercado-inmobiliario","tag-coapi","tag-newsletter-260","tag-previsiones-en-vivienda"],"yoast_head":"<!-- This site is optimized with the Yoast SEO plugin v28.2 - https:\/\/yoast.com\/product\/yoast-seo-wordpress\/ -->\n<title>El COAPI prev\u00e9 que el inmobiliario se recuperar\u00e1 a finales del 2021<\/title>\n<meta name=\"description\" content=\"COAPI espera una evoluci\u00f3n del mercado ajustado a un modelo de `U\u00b4 a, por lo que estima que se puede producir una recuperaci\u00f3n a finales de 2021.\" \/>\n<meta name=\"robots\" content=\"index, follow, max-snippet:-1, max-image-preview:large, max-video-preview:-1\" \/>\n<link rel=\"canonical\" href=\"https:\/\/www.aquimicasa.net\/blog\/vivienda\/noticias-mercado-inmobiliario\/el-coapi-preve-que-el-inmobiliario-se-recuperara-a-finales-del-2021\/\" \/>\n<meta property=\"og:locale\" content=\"es_ES\" \/>\n<meta property=\"og:type\" content=\"article\" \/>\n<meta property=\"og:title\" content=\"El COAPI prev\u00e9 que el inmobiliario se recuperar\u00e1 a finales del 2021\" \/>\n<meta property=\"og:description\" content=\"COAPI espera una evoluci\u00f3n del mercado ajustado a un modelo de `U\u00b4 a, por lo que estima que se puede producir una recuperaci\u00f3n a finales de 2021.\" \/>\n<meta property=\"og:url\" content=\"https:\/\/www.aquimicasa.net\/blog\/vivienda\/noticias-mercado-inmobiliario\/el-coapi-preve-que-el-inmobiliario-se-recuperara-a-finales-del-2021\/\" \/>\n<meta property=\"og:site_name\" content=\"Blog de aquimicasa.net\" \/>\n<meta property=\"article:publisher\" content=\"https:\/\/www.facebook.com\/aquimicasa.net\" \/>\n<meta property=\"article:published_time\" content=\"2020-06-28T23:16:33+00:00\" \/>\n<meta property=\"og:image\" content=\"https:\/\/www.aquimicasa.net\/blog\/wp-content\/uploads\/logo-Coapi-e1593386176223.png\" \/>\n\t<meta property=\"og:image:width\" content=\"500\" \/>\n\t<meta property=\"og:image:height\" content=\"250\" \/>\n\t<meta property=\"og:image:type\" content=\"image\/png\" \/>\n<meta name=\"author\" content=\"Eduardo Lizarraga\" \/>\n<meta name=\"twitter:label1\" content=\"Escrito por\" \/>\n\t<meta name=\"twitter:data1\" content=\"Eduardo Lizarraga\" \/>\n\t<meta name=\"twitter:label2\" content=\"Tiempo de lectura\" \/>\n\t<meta name=\"twitter:data2\" content=\"3 minutos\" \/>\n<script type=\"application\/ld+json\" class=\"yoast-schema-graph\">{\"@context\":\"https:\\\/\\\/schema.org\",\"@graph\":[{\"@type\":\"Article\",\"@id\":\"https:\\\/\\\/www.aquimicasa.net\\\/blog\\\/vivienda\\\/noticias-mercado-inmobiliario\\\/el-coapi-preve-que-el-inmobiliario-se-recuperara-a-finales-del-2021\\\/#article\",\"isPartOf\":{\"@id\":\"https:\\\/\\\/www.aquimicasa.net\\\/blog\\\/vivienda\\\/noticias-mercado-inmobiliario\\\/el-coapi-preve-que-el-inmobiliario-se-recuperara-a-finales-del-2021\\\/\"},\"author\":{\"name\":\"Eduardo Lizarraga\",\"@id\":\"https:\\\/\\\/www.aquimicasa.net\\\/blog\\\/#\\\/schema\\\/person\\\/2cdfa2605534583395c8d7ce1d6cac14\"},\"headline\":\"El COAPI prev\u00e9 que el inmobiliario se recuperar\u00e1 a finales del 2021\",\"datePublished\":\"2020-06-28T23:16:33+00:00\",\"mainEntityOfPage\":{\"@id\":\"https:\\\/\\\/www.aquimicasa.net\\\/blog\\\/vivienda\\\/noticias-mercado-inmobiliario\\\/el-coapi-preve-que-el-inmobiliario-se-recuperara-a-finales-del-2021\\\/\"},\"wordCount\":660,\"commentCount\":0,\"publisher\":{\"@id\":\"https:\\\/\\\/www.aquimicasa.net\\\/blog\\\/#organization\"},\"image\":{\"@id\":\"https:\\\/\\\/www.aquimicasa.net\\\/blog\\\/vivienda\\\/noticias-mercado-inmobiliario\\\/el-coapi-preve-que-el-inmobiliario-se-recuperara-a-finales-del-2021\\\/#primaryimage\"},\"thumbnailUrl\":\"https:\\\/\\\/www.aquimicasa.net\\\/blog\\\/wp-content\\\/uploads\\\/logo-Coapi-e1593386176223.png\",\"keywords\":[\"COAPI\",\"Newsletter 260\",\"previsiones en vivienda\"],\"articleSection\":[\"Noticias Mercado Inmobiliario\"],\"inLanguage\":\"es\",\"potentialAction\":[{\"@type\":\"CommentAction\",\"name\":\"Comment\",\"target\":[\"https:\\\/\\\/www.aquimicasa.net\\\/blog\\\/vivienda\\\/noticias-mercado-inmobiliario\\\/el-coapi-preve-que-el-inmobiliario-se-recuperara-a-finales-del-2021\\\/#respond\"]}]},{\"@type\":\"WebPage\",\"@id\":\"https:\\\/\\\/www.aquimicasa.net\\\/blog\\\/vivienda\\\/noticias-mercado-inmobiliario\\\/el-coapi-preve-que-el-inmobiliario-se-recuperara-a-finales-del-2021\\\/\",\"url\":\"https:\\\/\\\/www.aquimicasa.net\\\/blog\\\/vivienda\\\/noticias-mercado-inmobiliario\\\/el-coapi-preve-que-el-inmobiliario-se-recuperara-a-finales-del-2021\\\/\",\"name\":\"El COAPI prev\u00e9 que el inmobiliario se recuperar\u00e1 a finales del 2021\",\"isPartOf\":{\"@id\":\"https:\\\/\\\/www.aquimicasa.net\\\/blog\\\/#website\"},\"primaryImageOfPage\":{\"@id\":\"https:\\\/\\\/www.aquimicasa.net\\\/blog\\\/vivienda\\\/noticias-mercado-inmobiliario\\\/el-coapi-preve-que-el-inmobiliario-se-recuperara-a-finales-del-2021\\\/#primaryimage\"},\"image\":{\"@id\":\"https:\\\/\\\/www.aquimicasa.net\\\/blog\\\/vivienda\\\/noticias-mercado-inmobiliario\\\/el-coapi-preve-que-el-inmobiliario-se-recuperara-a-finales-del-2021\\\/#primaryimage\"},\"thumbnailUrl\":\"https:\\\/\\\/www.aquimicasa.net\\\/blog\\\/wp-content\\\/uploads\\\/logo-Coapi-e1593386176223.png\",\"datePublished\":\"2020-06-28T23:16:33+00:00\",\"description\":\"COAPI espera una evoluci\u00f3n del mercado ajustado a un modelo de `U\u00b4 a, por lo que estima que se puede producir una recuperaci\u00f3n a finales de 2021.\",\"breadcrumb\":{\"@id\":\"https:\\\/\\\/www.aquimicasa.net\\\/blog\\\/vivienda\\\/noticias-mercado-inmobiliario\\\/el-coapi-preve-que-el-inmobiliario-se-recuperara-a-finales-del-2021\\\/#breadcrumb\"},\"inLanguage\":\"es\",\"potentialAction\":[{\"@type\":\"ReadAction\",\"target\":[\"https:\\\/\\\/www.aquimicasa.net\\\/blog\\\/vivienda\\\/noticias-mercado-inmobiliario\\\/el-coapi-preve-que-el-inmobiliario-se-recuperara-a-finales-del-2021\\\/\"]}]},{\"@type\":\"ImageObject\",\"inLanguage\":\"es\",\"@id\":\"https:\\\/\\\/www.aquimicasa.net\\\/blog\\\/vivienda\\\/noticias-mercado-inmobiliario\\\/el-coapi-preve-que-el-inmobiliario-se-recuperara-a-finales-del-2021\\\/#primaryimage\",\"url\":\"https:\\\/\\\/www.aquimicasa.net\\\/blog\\\/wp-content\\\/uploads\\\/logo-Coapi-e1593386176223.png\",\"contentUrl\":\"https:\\\/\\\/www.aquimicasa.net\\\/blog\\\/wp-content\\\/uploads\\\/logo-Coapi-e1593386176223.png\",\"width\":500,\"height\":250},{\"@type\":\"BreadcrumbList\",\"@id\":\"https:\\\/\\\/www.aquimicasa.net\\\/blog\\\/vivienda\\\/noticias-mercado-inmobiliario\\\/el-coapi-preve-que-el-inmobiliario-se-recuperara-a-finales-del-2021\\\/#breadcrumb\",\"itemListElement\":[{\"@type\":\"ListItem\",\"position\":1,\"name\":\"Portada\",\"item\":\"https:\\\/\\\/www.aquimicasa.net\\\/blog\\\/\"},{\"@type\":\"ListItem\",\"position\":2,\"name\":\"El COAPI prev\u00e9 que el inmobiliario se recuperar\u00e1 a finales del 2021\"}]},{\"@type\":\"WebSite\",\"@id\":\"https:\\\/\\\/www.aquimicasa.net\\\/blog\\\/#website\",\"url\":\"https:\\\/\\\/www.aquimicasa.net\\\/blog\\\/\",\"name\":\"Blog de aquimicasa.net\",\"description\":\"Noticias del Mundo Inmobiliario\",\"publisher\":{\"@id\":\"https:\\\/\\\/www.aquimicasa.net\\\/blog\\\/#organization\"},\"potentialAction\":[{\"@type\":\"SearchAction\",\"target\":{\"@type\":\"EntryPoint\",\"urlTemplate\":\"https:\\\/\\\/www.aquimicasa.net\\\/blog\\\/?s={search_term_string}\"},\"query-input\":{\"@type\":\"PropertyValueSpecification\",\"valueRequired\":true,\"valueName\":\"search_term_string\"}}],\"inLanguage\":\"es\"},{\"@type\":\"Organization\",\"@id\":\"https:\\\/\\\/www.aquimicasa.net\\\/blog\\\/#organization\",\"name\":\"Blog de aquimicasa.net\",\"url\":\"https:\\\/\\\/www.aquimicasa.net\\\/blog\\\/\",\"logo\":{\"@type\":\"ImageObject\",\"inLanguage\":\"es\",\"@id\":\"https:\\\/\\\/www.aquimicasa.net\\\/blog\\\/#\\\/schema\\\/logo\\\/image\\\/\",\"url\":\"https:\\\/\\\/www.aquimicasa.net\\\/blog\\\/wp-content\\\/uploads\\\/Logo-aquimicasa-1-e1528048213782.png\",\"contentUrl\":\"https:\\\/\\\/www.aquimicasa.net\\\/blog\\\/wp-content\\\/uploads\\\/Logo-aquimicasa-1-e1528048213782.png\",\"width\":225,\"height\":225,\"caption\":\"Blog de aquimicasa.net\"},\"image\":{\"@id\":\"https:\\\/\\\/www.aquimicasa.net\\\/blog\\\/#\\\/schema\\\/logo\\\/image\\\/\"},\"sameAs\":[\"https:\\\/\\\/www.facebook.com\\\/aquimicasa.net\",\"https:\\\/\\\/www.instagram.com\\\/\",\"https:\\\/\\\/x.com\\\/EduLizarragaD\",\"https:\\\/\\\/www.linkedin.com\\\/feed\\\/\"]},{\"@type\":\"Person\",\"@id\":\"https:\\\/\\\/www.aquimicasa.net\\\/blog\\\/#\\\/schema\\\/person\\\/2cdfa2605534583395c8d7ce1d6cac14\",\"name\":\"Eduardo Lizarraga\",\"image\":{\"@type\":\"ImageObject\",\"inLanguage\":\"es\",\"@id\":\"https:\\\/\\\/secure.gravatar.com\\\/avatar\\\/bdabe1eeeed97b65a9cb7de2edd624b07995f7e13abc5fead15961f745f908cc?s=96&d=mm&r=g\",\"url\":\"https:\\\/\\\/secure.gravatar.com\\\/avatar\\\/bdabe1eeeed97b65a9cb7de2edd624b07995f7e13abc5fead15961f745f908cc?s=96&d=mm&r=g\",\"contentUrl\":\"https:\\\/\\\/secure.gravatar.com\\\/avatar\\\/bdabe1eeeed97b65a9cb7de2edd624b07995f7e13abc5fead15961f745f908cc?s=96&d=mm&r=g\",\"caption\":\"Eduardo Lizarraga\"},\"description\":\"Periodista Econ\u00f3mico. Ha trabajado en diversos campos de la informaci\u00f3n. Corresponsal en conflictos, analista pol\u00edtico en Congreso y Senado, periodista del medio ambiente, editor, director editorial, director de comunicaci\u00f3n.... En estos momentos se ha especializado en el sector inmobiliario. Pero tambi\u00e9n es navegante y viajero, preocupado por la pobreza, el medio ambiente y por las actuaciones descontroladas del neoliberalismo empresarial y pol\u00edtico en todo el mundo. Los desahucios, la pobreza infantil y la falta de acceso a los suministros b\u00e1sicos son algunos de los grandes dramas de nuestra sociedad y que es preciso solucionar para hacerla m\u00e1s justa. CEO en www.aquimicasa.net\",\"sameAs\":[\"https:\\\/\\\/www.aquimicasa.net\\\/\"],\"url\":\"https:\\\/\\\/www.aquimicasa.net\\\/blog\\\/author\\\/eduardo\\\/\"}]}<\/script>\n<!-- \/ Yoast SEO plugin. -->","yoast_head_json":{"title":"El COAPI prev\u00e9 que el inmobiliario se recuperar\u00e1 a finales del 2021","description":"COAPI espera una evoluci\u00f3n del mercado ajustado a un modelo de `U\u00b4 a, por lo que estima que se puede producir una recuperaci\u00f3n a finales de 2021.","robots":{"index":"index","follow":"follow","max-snippet":"max-snippet:-1","max-image-preview":"max-image-preview:large","max-video-preview":"max-video-preview:-1"},"canonical":"https:\/\/www.aquimicasa.net\/blog\/vivienda\/noticias-mercado-inmobiliario\/el-coapi-preve-que-el-inmobiliario-se-recuperara-a-finales-del-2021\/","og_locale":"es_ES","og_type":"article","og_title":"El COAPI prev\u00e9 que el inmobiliario se recuperar\u00e1 a finales del 2021","og_description":"COAPI espera una evoluci\u00f3n del mercado ajustado a un modelo de `U\u00b4 a, por lo que estima que se puede producir una recuperaci\u00f3n a finales de 2021.","og_url":"https:\/\/www.aquimicasa.net\/blog\/vivienda\/noticias-mercado-inmobiliario\/el-coapi-preve-que-el-inmobiliario-se-recuperara-a-finales-del-2021\/","og_site_name":"Blog de aquimicasa.net","article_publisher":"https:\/\/www.facebook.com\/aquimicasa.net","article_published_time":"2020-06-28T23:16:33+00:00","og_image":[{"width":500,"height":250,"url":"https:\/\/www.aquimicasa.net\/blog\/wp-content\/uploads\/logo-Coapi-e1593386176223.png","type":"image\/png"}],"author":"Eduardo Lizarraga","twitter_misc":{"Escrito por":"Eduardo Lizarraga","Tiempo de lectura":"3 minutos"},"schema":{"@context":"https:\/\/schema.org","@graph":[{"@type":"Article","@id":"https:\/\/www.aquimicasa.net\/blog\/vivienda\/noticias-mercado-inmobiliario\/el-coapi-preve-que-el-inmobiliario-se-recuperara-a-finales-del-2021\/#article","isPartOf":{"@id":"https:\/\/www.aquimicasa.net\/blog\/vivienda\/noticias-mercado-inmobiliario\/el-coapi-preve-que-el-inmobiliario-se-recuperara-a-finales-del-2021\/"},"author":{"name":"Eduardo Lizarraga","@id":"https:\/\/www.aquimicasa.net\/blog\/#\/schema\/person\/2cdfa2605534583395c8d7ce1d6cac14"},"headline":"El COAPI prev\u00e9 que el inmobiliario se recuperar\u00e1 a finales del 2021","datePublished":"2020-06-28T23:16:33+00:00","mainEntityOfPage":{"@id":"https:\/\/www.aquimicasa.net\/blog\/vivienda\/noticias-mercado-inmobiliario\/el-coapi-preve-que-el-inmobiliario-se-recuperara-a-finales-del-2021\/"},"wordCount":660,"commentCount":0,"publisher":{"@id":"https:\/\/www.aquimicasa.net\/blog\/#organization"},"image":{"@id":"https:\/\/www.aquimicasa.net\/blog\/vivienda\/noticias-mercado-inmobiliario\/el-coapi-preve-que-el-inmobiliario-se-recuperara-a-finales-del-2021\/#primaryimage"},"thumbnailUrl":"https:\/\/www.aquimicasa.net\/blog\/wp-content\/uploads\/logo-Coapi-e1593386176223.png","keywords":["COAPI","Newsletter 260","previsiones en vivienda"],"articleSection":["Noticias Mercado Inmobiliario"],"inLanguage":"es","potentialAction":[{"@type":"CommentAction","name":"Comment","target":["https:\/\/www.aquimicasa.net\/blog\/vivienda\/noticias-mercado-inmobiliario\/el-coapi-preve-que-el-inmobiliario-se-recuperara-a-finales-del-2021\/#respond"]}]},{"@type":"WebPage","@id":"https:\/\/www.aquimicasa.net\/blog\/vivienda\/noticias-mercado-inmobiliario\/el-coapi-preve-que-el-inmobiliario-se-recuperara-a-finales-del-2021\/","url":"https:\/\/www.aquimicasa.net\/blog\/vivienda\/noticias-mercado-inmobiliario\/el-coapi-preve-que-el-inmobiliario-se-recuperara-a-finales-del-2021\/","name":"El COAPI prev\u00e9 que el inmobiliario se recuperar\u00e1 a finales del 2021","isPartOf":{"@id":"https:\/\/www.aquimicasa.net\/blog\/#website"},"primaryImageOfPage":{"@id":"https:\/\/www.aquimicasa.net\/blog\/vivienda\/noticias-mercado-inmobiliario\/el-coapi-preve-que-el-inmobiliario-se-recuperara-a-finales-del-2021\/#primaryimage"},"image":{"@id":"https:\/\/www.aquimicasa.net\/blog\/vivienda\/noticias-mercado-inmobiliario\/el-coapi-preve-que-el-inmobiliario-se-recuperara-a-finales-del-2021\/#primaryimage"},"thumbnailUrl":"https:\/\/www.aquimicasa.net\/blog\/wp-content\/uploads\/logo-Coapi-e1593386176223.png","datePublished":"2020-06-28T23:16:33+00:00","description":"COAPI espera una evoluci\u00f3n del mercado ajustado a un modelo de `U\u00b4 a, por lo que estima que se puede producir una recuperaci\u00f3n a finales de 2021.","breadcrumb":{"@id":"https:\/\/www.aquimicasa.net\/blog\/vivienda\/noticias-mercado-inmobiliario\/el-coapi-preve-que-el-inmobiliario-se-recuperara-a-finales-del-2021\/#breadcrumb"},"inLanguage":"es","potentialAction":[{"@type":"ReadAction","target":["https:\/\/www.aquimicasa.net\/blog\/vivienda\/noticias-mercado-inmobiliario\/el-coapi-preve-que-el-inmobiliario-se-recuperara-a-finales-del-2021\/"]}]},{"@type":"ImageObject","inLanguage":"es","@id":"https:\/\/www.aquimicasa.net\/blog\/vivienda\/noticias-mercado-inmobiliario\/el-coapi-preve-que-el-inmobiliario-se-recuperara-a-finales-del-2021\/#primaryimage","url":"https:\/\/www.aquimicasa.net\/blog\/wp-content\/uploads\/logo-Coapi-e1593386176223.png","contentUrl":"https:\/\/www.aquimicasa.net\/blog\/wp-content\/uploads\/logo-Coapi-e1593386176223.png","width":500,"height":250},{"@type":"BreadcrumbList","@id":"https:\/\/www.aquimicasa.net\/blog\/vivienda\/noticias-mercado-inmobiliario\/el-coapi-preve-que-el-inmobiliario-se-recuperara-a-finales-del-2021\/#breadcrumb","itemListElement":[{"@type":"ListItem","position":1,"name":"Portada","item":"https:\/\/www.aquimicasa.net\/blog\/"},{"@type":"ListItem","position":2,"name":"El COAPI prev\u00e9 que el inmobiliario se recuperar\u00e1 a finales del 2021"}]},{"@type":"WebSite","@id":"https:\/\/www.aquimicasa.net\/blog\/#website","url":"https:\/\/www.aquimicasa.net\/blog\/","name":"Blog de aquimicasa.net","description":"Noticias del Mundo Inmobiliario","publisher":{"@id":"https:\/\/www.aquimicasa.net\/blog\/#organization"},"potentialAction":[{"@type":"SearchAction","target":{"@type":"EntryPoint","urlTemplate":"https:\/\/www.aquimicasa.net\/blog\/?s={search_term_string}"},"query-input":{"@type":"PropertyValueSpecification","valueRequired":true,"valueName":"search_term_string"}}],"inLanguage":"es"},{"@type":"Organization","@id":"https:\/\/www.aquimicasa.net\/blog\/#organization","name":"Blog de aquimicasa.net","url":"https:\/\/www.aquimicasa.net\/blog\/","logo":{"@type":"ImageObject","inLanguage":"es","@id":"https:\/\/www.aquimicasa.net\/blog\/#\/schema\/logo\/image\/","url":"https:\/\/www.aquimicasa.net\/blog\/wp-content\/uploads\/Logo-aquimicasa-1-e1528048213782.png","contentUrl":"https:\/\/www.aquimicasa.net\/blog\/wp-content\/uploads\/Logo-aquimicasa-1-e1528048213782.png","width":225,"height":225,"caption":"Blog de aquimicasa.net"},"image":{"@id":"https:\/\/www.aquimicasa.net\/blog\/#\/schema\/logo\/image\/"},"sameAs":["https:\/\/www.facebook.com\/aquimicasa.net","https:\/\/www.instagram.com\/","https:\/\/x.com\/EduLizarragaD","https:\/\/www.linkedin.com\/feed\/"]},{"@type":"Person","@id":"https:\/\/www.aquimicasa.net\/blog\/#\/schema\/person\/2cdfa2605534583395c8d7ce1d6cac14","name":"Eduardo Lizarraga","image":{"@type":"ImageObject","inLanguage":"es","@id":"https:\/\/secure.gravatar.com\/avatar\/bdabe1eeeed97b65a9cb7de2edd624b07995f7e13abc5fead15961f745f908cc?s=96&d=mm&r=g","url":"https:\/\/secure.gravatar.com\/avatar\/bdabe1eeeed97b65a9cb7de2edd624b07995f7e13abc5fead15961f745f908cc?s=96&d=mm&r=g","contentUrl":"https:\/\/secure.gravatar.com\/avatar\/bdabe1eeeed97b65a9cb7de2edd624b07995f7e13abc5fead15961f745f908cc?s=96&d=mm&r=g","caption":"Eduardo Lizarraga"},"description":"Periodista Econ\u00f3mico. Ha trabajado en diversos campos de la informaci\u00f3n. Corresponsal en conflictos, analista pol\u00edtico en Congreso y Senado, periodista del medio ambiente, editor, director editorial, director de comunicaci\u00f3n.... En estos momentos se ha especializado en el sector inmobiliario. Pero tambi\u00e9n es navegante y viajero, preocupado por la pobreza, el medio ambiente y por las actuaciones descontroladas del neoliberalismo empresarial y pol\u00edtico en todo el mundo. Los desahucios, la pobreza infantil y la falta de acceso a los suministros b\u00e1sicos son algunos de los grandes dramas de nuestra sociedad y que es preciso solucionar para hacerla m\u00e1s justa. CEO en www.aquimicasa.net","sameAs":["https:\/\/www.aquimicasa.net\/"],"url":"https:\/\/www.aquimicasa.net\/blog\/author\/eduardo\/"}]}},"jetpack_publicize_connections":[],"jetpack_featured_media_url":"https:\/\/www.aquimicasa.net\/blog\/wp-content\/uploads\/logo-Coapi-e1593386176223.png","jetpack_sharing_enabled":true,"jetpack_likes_enabled":true,"_links":{"self":[{"href":"https:\/\/www.aquimicasa.net\/blog\/wp-json\/wp\/v2\/posts\/33030","targetHints":{"allow":["GET"]}}],"collection":[{"href":"https:\/\/www.aquimicasa.net\/blog\/wp-json\/wp\/v2\/posts"}],"about":[{"href":"https:\/\/www.aquimicasa.net\/blog\/wp-json\/wp\/v2\/types\/post"}],"author":[{"embeddable":true,"href":"https:\/\/www.aquimicasa.net\/blog\/wp-json\/wp\/v2\/users\/3"}],"replies":[{"embeddable":true,"href":"https:\/\/www.aquimicasa.net\/blog\/wp-json\/wp\/v2\/comments?post=33030"}],"version-history":[{"count":5,"href":"https:\/\/www.aquimicasa.net\/blog\/wp-json\/wp\/v2\/posts\/33030\/revisions"}],"predecessor-version":[{"id":33147,"href":"https:\/\/www.aquimicasa.net\/blog\/wp-json\/wp\/v2\/posts\/33030\/revisions\/33147"}],"wp:featuredmedia":[{"embeddable":true,"href":"https:\/\/www.aquimicasa.net\/blog\/wp-json\/wp\/v2\/media\/33146"}],"wp:attachment":[{"href":"https:\/\/www.aquimicasa.net\/blog\/wp-json\/wp\/v2\/media?parent=33030"}],"wp:term":[{"taxonomy":"category","embeddable":true,"href":"https:\/\/www.aquimicasa.net\/blog\/wp-json\/wp\/v2\/categories?post=33030"},{"taxonomy":"post_tag","embeddable":true,"href":"https:\/\/www.aquimicasa.net\/blog\/wp-json\/wp\/v2\/tags?post=33030"}],"curies":[{"name":"wp","href":"https:\/\/api.w.org\/{rel}","templated":true}]}}