{"id":33223,"date":"2020-07-03T07:56:39","date_gmt":"2020-07-03T05:56:39","guid":{"rendered":"https:\/\/www.aquimicasa.net\/blog\/?p=33223"},"modified":"2020-07-03T07:56:39","modified_gmt":"2020-07-03T05:56:39","slug":"para-los-afectados-por-la-usura-de-cofidis-ese-que-se-anuncia","status":"publish","type":"post","link":"https:\/\/www.aquimicasa.net\/blog\/consumo\/consumidores\/para-los-afectados-por-la-usura-de-cofidis-ese-que-se-anuncia\/","title":{"rendered":"Para los afectados por la usura de Cofidis, ese que se anuncia"},"content":{"rendered":"<div class=\"fusion-fullwidth fullwidth-box fusion-builder-row-1 nonhundred-percent-fullwidth non-hundred-percent-height-scrolling\" style=\"background-color: rgba(255,255,255,0);background-position: center center;background-repeat: no-repeat;padding-top:0px;padding-right:0px;padding-bottom:0px;padding-left:0px;margin-bottom: 0px;margin-top: 0px;border-width: 0px 0px 0px 0px;border-color:#eae9e9;border-style:solid;\" ><div class=\"fusion-builder-row fusion-row\"><div class=\"fusion-layout-column fusion_builder_column fusion-builder-column-0 fusion_builder_column_1_1 1_1 fusion-one-full fusion-column-first fusion-column-last\" style=\"margin-top:0px;margin-bottom:0px;\"><div class=\"fusion-column-wrapper fusion-flex-column-wrapper-legacy\" style=\"background-position:left top;background-repeat:no-repeat;-webkit-background-size:cover;-moz-background-size:cover;-o-background-size:cover;background-size:cover;padding: 0px 0px 0px 0px;\"><div class=\"fusion-text fusion-text-1\"><p>La <strong>usura de los prestamistas<\/strong> en nuestro pa\u00eds no conoce l\u00edmites y ya es hora de que la Justicia se los ponga, castig\u00e1ndoles donde m\u00e1s les duele, el bolsillo. Aunque una estancia en la picota tampoco estar\u00eda de m\u00e1s. Tras la actuaci\u00f3n dela asociaci\u00f3n de consumidores\u00a0 FACUA, <strong>Cofidis<\/strong> ha tenido que reembolsar un total de 2.757 euros a una usuaria pertenecientes a los intereses que le aplic\u00f3 por un cr\u00e9dito de tan s\u00f3lo 1.000 euros. Se los estuvo cobrando durante veinte a\u00f1os.<\/p>\n<p><strong>Mar\u00eda Dolores D.L.<\/strong>, residente en Madrid, dispuso en el a\u00f1o 2000 de 1.000 euros mediante una tarjeta de cr\u00e9dito que contrat\u00f3 con la empresa Cuenta Ahora. Posteriormente, dicha empresa fue absorbida por Cofidis, quien se encarg\u00f3 desde ese momento de la gesti\u00f3n del cr\u00e9dito.<\/p>\n<p>Desde la formalizaci\u00f3n del contrato hasta septiembre de 2018, la usuaria abon\u00f3 todas las cuotas que le gir\u00f3 la financiera. En un momento dado, lleg\u00f3 incluso a pagar 3.000 euros para intentar saldar parcialmente el pr\u00e9stamo, sin que viese disminuir su deuda.<\/p>\n<p>Debido a esta situaci\u00f3n,\u00a0<strong>Mar\u00eda Dolores<\/strong>\u00a0decidi\u00f3 acudir a <strong>FACUA<\/strong> Madrid para que ejerciera acciones en defensa de sus derechos. El equipo jur\u00eddico de la asociaci\u00f3n, al analizar el hist\u00f3rico de pagos, comprob\u00f3 que los intereses aplicados eran excesivamente altos para un cr\u00e9dito personal,\u00a0un CER del 22,95% y un TIN mensual del 1,74% (equivalente a un 20,88% anual), y muy superiores al inter\u00e9s normal del dinero para este tipo de contratos, por lo que la entidad podr\u00eda estar incurriendo en usura.<\/p>\n<p>En su escrito, la asociaci\u00f3n record\u00f3 a <strong>Cofidis<\/strong> que el art\u00edculo 1 de la <strong>Ley de Represi\u00f3n de la Usura<\/strong> recoge que \u00ab<em>ser\u00e1 nulo todo contrato de pr\u00e9stamo en que se estipule un inter\u00e9s notablemente superior al normal del dinero y manifiestamente desproporcionado con las circunstancias del caso o en condiciones tales que resulte aqu\u00e9l leonino<\/em>\u00ab.<\/p>\n<p>A su vez, <strong>FACUA<\/strong> Madrid tambi\u00e9n inform\u00f3 de que el <strong>Tribunal Supremo<\/strong> establece que, en caso de apreciarse usura en el tipo de inter\u00e9s del pr\u00e9stamo o cr\u00e9dito, la norma obliga claramente a la \u00ab<em>nulidad radical, absoluta y originaria, que no admite convalidaci\u00f3n confirmatoria, porque es fatalmente insubsanable, ni es susceptible de prescripci\u00f3n extintiva<\/em>\u00ab.<\/p>\n<p>La asociaci\u00f3n, por tanto, inst\u00f3 a la entidad a que devolviera todas las cantidades que hab\u00eda cobrado de m\u00e1s a\u00a0<strong>Mar\u00eda Dolores<\/strong> por la aplicaci\u00f3n de dichos intereses tan elevados y diera por finalizado el pr\u00e9stamo. La respuesta de <strong>Cofidis<\/strong>, como cabe esperar de quien hace de la usura su negocio y del abuso su norma, fue rid\u00edcula.\u00a0 Tan s\u00f3lo plante\u00f3 como opci\u00f3n realizar una quita del 25% de la deuda por los intereses abonados. <strong>FACUA<\/strong> Madrid, sin embargo, le volvi\u00f3 a reclamar la devoluci\u00f3n total de dichos intereses y la finalizaci\u00f3n del pr\u00e9stamo, ya que la usuaria hab\u00eda satisfecho con creces el cr\u00e9dito.<\/p>\n<p>As\u00ed, la asociaci\u00f3n indicaba que el art\u00edculo 3 de la <strong>Ley de Represi\u00f3n de la Usura<\/strong> se\u00f1ala que \u00ab<em>el prestatario estar\u00e1 obligado a entregar tan s\u00f3lo la suma recibida; y si hubiera satisfecho parte de aqu\u00e9lla y los intereses vencidos, el prestamista devolver\u00e1 al prestatario lo que, tomando en cuenta el total de lo percibido, exceda del capital prestado<\/em>\u00ab.<\/p>\n<p>Finalmente,\u00a0 Cofidis ha reintegrado los 2.757 euros a <strong>Mar\u00eda Dolores<\/strong>\u00a0y ha dado por finalizado el pr\u00e9stamo \u00ab<em>para solventar la controversia existente en relaci\u00f3n a los intereses aplicados<\/em>\u00ab, seg\u00fan ha indicado en su escrito. Que lo tengan claro todos los usuarios afectados por estos usureros: existen leyes para reprimirlos y es preciso llevarles a los tribunales, perder\u00e1n.<\/p>\n<\/div><div class=\"fusion-clearfix\"><\/div><\/div><\/div><\/div><\/div>\n","protected":false},"excerpt":{"rendered":"<p>el art\u00edculo 3 de la Ley de Represi\u00f3n de la Usura se\u00f1ala que \u00abel prestatario estar\u00e1 obligado a entregar tan s\u00f3lo la suma recibida; y si hubiera satisfecho parte de aqu\u00e9lla y los intereses vencidos, el prestamista devolver\u00e1 al prestatario lo que, tomando en cuenta el total de lo percibido, exceda del capital prestado\u00bb.<\/p>\n","protected":false},"author":3,"featured_media":33227,"comment_status":"open","ping_status":"open","sticky":false,"template":"","format":"standard","meta":{"_jetpack_memberships_contains_paid_content":false,"footnotes":"","jetpack_publicize_message":"","jetpack_publicize_feature_enabled":true,"jetpack_social_post_already_shared":true,"jetpack_social_options":{"image_generator_settings":{"template":"highway","default_image_id":0,"font":"","enabled":false},"version":2}},"categories":[7512],"tags":[1744,7873],"class_list":["post-33223","post","type-post","status-publish","format-standard","has-post-thumbnail","hentry","category-consumidores","tag-cofidis","tag-newsletter-261"],"yoast_head":"<!-- This site is optimized with the Yoast SEO plugin v27.5 - https:\/\/yoast.com\/product\/yoast-seo-wordpress\/ -->\n<title>Para los afectados por la usura de Cofidis, ese que se anuncia<\/title>\n<meta name=\"description\" content=\"La usura de los prestamistas en nuestro pa\u00eds no conoce l\u00edmites y ya es hora de que la Justicia se los ponga, castig\u00e1ndoles donde m\u00e1s les duele, el bolsillo\" \/>\n<meta name=\"robots\" content=\"index, follow, max-snippet:-1, max-image-preview:large, max-video-preview:-1\" \/>\n<link rel=\"canonical\" href=\"https:\/\/www.aquimicasa.net\/blog\/consumo\/consumidores\/para-los-afectados-por-la-usura-de-cofidis-ese-que-se-anuncia\/\" \/>\n<meta property=\"og:locale\" content=\"es_ES\" \/>\n<meta property=\"og:type\" content=\"article\" \/>\n<meta property=\"og:title\" content=\"Para los afectados por la usura de Cofidis, ese que se anuncia\" \/>\n<meta property=\"og:description\" content=\"La usura de los prestamistas en nuestro pa\u00eds no conoce l\u00edmites y ya es hora de que la Justicia se los ponga, castig\u00e1ndoles donde m\u00e1s les duele, el bolsillo\" \/>\n<meta property=\"og:url\" content=\"https:\/\/www.aquimicasa.net\/blog\/consumo\/consumidores\/para-los-afectados-por-la-usura-de-cofidis-ese-que-se-anuncia\/\" \/>\n<meta property=\"og:site_name\" content=\"Blog de aquimicasa.net\" \/>\n<meta property=\"article:publisher\" content=\"https:\/\/www.facebook.com\/aquimicasa.net\" \/>\n<meta property=\"article:published_time\" content=\"2020-07-03T05:56:39+00:00\" \/>\n<meta property=\"og:image\" content=\"https:\/\/www.aquimicasa.net\/blog\/wp-content\/uploads\/Logo-Cofidis1-e1593755674453.png\" \/>\n\t<meta property=\"og:image:width\" content=\"400\" \/>\n\t<meta property=\"og:image:height\" content=\"221\" \/>\n\t<meta property=\"og:image:type\" content=\"image\/png\" \/>\n<meta name=\"author\" content=\"Eduardo Lizarraga\" \/>\n<meta name=\"twitter:label1\" content=\"Escrito por\" \/>\n\t<meta name=\"twitter:data1\" content=\"Eduardo Lizarraga\" \/>\n\t<meta name=\"twitter:label2\" content=\"Tiempo de lectura\" \/>\n\t<meta name=\"twitter:data2\" content=\"4 minutos\" \/>\n<script type=\"application\/ld+json\" class=\"yoast-schema-graph\">{\"@context\":\"https:\\\/\\\/schema.org\",\"@graph\":[{\"@type\":\"Article\",\"@id\":\"https:\\\/\\\/www.aquimicasa.net\\\/blog\\\/consumo\\\/consumidores\\\/para-los-afectados-por-la-usura-de-cofidis-ese-que-se-anuncia\\\/#article\",\"isPartOf\":{\"@id\":\"https:\\\/\\\/www.aquimicasa.net\\\/blog\\\/consumo\\\/consumidores\\\/para-los-afectados-por-la-usura-de-cofidis-ese-que-se-anuncia\\\/\"},\"author\":{\"name\":\"Eduardo Lizarraga\",\"@id\":\"https:\\\/\\\/www.aquimicasa.net\\\/blog\\\/#\\\/schema\\\/person\\\/2cdfa2605534583395c8d7ce1d6cac14\"},\"headline\":\"Para los afectados por la usura de Cofidis, ese que se anuncia\",\"datePublished\":\"2020-07-03T05:56:39+00:00\",\"mainEntityOfPage\":{\"@id\":\"https:\\\/\\\/www.aquimicasa.net\\\/blog\\\/consumo\\\/consumidores\\\/para-los-afectados-por-la-usura-de-cofidis-ese-que-se-anuncia\\\/\"},\"wordCount\":802,\"commentCount\":0,\"publisher\":{\"@id\":\"https:\\\/\\\/www.aquimicasa.net\\\/blog\\\/#organization\"},\"image\":{\"@id\":\"https:\\\/\\\/www.aquimicasa.net\\\/blog\\\/consumo\\\/consumidores\\\/para-los-afectados-por-la-usura-de-cofidis-ese-que-se-anuncia\\\/#primaryimage\"},\"thumbnailUrl\":\"https:\\\/\\\/www.aquimicasa.net\\\/blog\\\/wp-content\\\/uploads\\\/Logo-Cofidis1-e1593755674453.png\",\"keywords\":[\"Cofidis\",\"Newsletter 261\"],\"articleSection\":[\"Consumidores\"],\"inLanguage\":\"es\",\"potentialAction\":[{\"@type\":\"CommentAction\",\"name\":\"Comment\",\"target\":[\"https:\\\/\\\/www.aquimicasa.net\\\/blog\\\/consumo\\\/consumidores\\\/para-los-afectados-por-la-usura-de-cofidis-ese-que-se-anuncia\\\/#respond\"]}]},{\"@type\":\"WebPage\",\"@id\":\"https:\\\/\\\/www.aquimicasa.net\\\/blog\\\/consumo\\\/consumidores\\\/para-los-afectados-por-la-usura-de-cofidis-ese-que-se-anuncia\\\/\",\"url\":\"https:\\\/\\\/www.aquimicasa.net\\\/blog\\\/consumo\\\/consumidores\\\/para-los-afectados-por-la-usura-de-cofidis-ese-que-se-anuncia\\\/\",\"name\":\"Para los afectados por la usura de Cofidis, ese que se anuncia\",\"isPartOf\":{\"@id\":\"https:\\\/\\\/www.aquimicasa.net\\\/blog\\\/#website\"},\"primaryImageOfPage\":{\"@id\":\"https:\\\/\\\/www.aquimicasa.net\\\/blog\\\/consumo\\\/consumidores\\\/para-los-afectados-por-la-usura-de-cofidis-ese-que-se-anuncia\\\/#primaryimage\"},\"image\":{\"@id\":\"https:\\\/\\\/www.aquimicasa.net\\\/blog\\\/consumo\\\/consumidores\\\/para-los-afectados-por-la-usura-de-cofidis-ese-que-se-anuncia\\\/#primaryimage\"},\"thumbnailUrl\":\"https:\\\/\\\/www.aquimicasa.net\\\/blog\\\/wp-content\\\/uploads\\\/Logo-Cofidis1-e1593755674453.png\",\"datePublished\":\"2020-07-03T05:56:39+00:00\",\"description\":\"La usura de los prestamistas en nuestro pa\u00eds no conoce l\u00edmites y ya es hora de que la Justicia se los ponga, castig\u00e1ndoles donde m\u00e1s les duele, el bolsillo\",\"breadcrumb\":{\"@id\":\"https:\\\/\\\/www.aquimicasa.net\\\/blog\\\/consumo\\\/consumidores\\\/para-los-afectados-por-la-usura-de-cofidis-ese-que-se-anuncia\\\/#breadcrumb\"},\"inLanguage\":\"es\",\"potentialAction\":[{\"@type\":\"ReadAction\",\"target\":[\"https:\\\/\\\/www.aquimicasa.net\\\/blog\\\/consumo\\\/consumidores\\\/para-los-afectados-por-la-usura-de-cofidis-ese-que-se-anuncia\\\/\"]}]},{\"@type\":\"ImageObject\",\"inLanguage\":\"es\",\"@id\":\"https:\\\/\\\/www.aquimicasa.net\\\/blog\\\/consumo\\\/consumidores\\\/para-los-afectados-por-la-usura-de-cofidis-ese-que-se-anuncia\\\/#primaryimage\",\"url\":\"https:\\\/\\\/www.aquimicasa.net\\\/blog\\\/wp-content\\\/uploads\\\/Logo-Cofidis1-e1593755674453.png\",\"contentUrl\":\"https:\\\/\\\/www.aquimicasa.net\\\/blog\\\/wp-content\\\/uploads\\\/Logo-Cofidis1-e1593755674453.png\",\"width\":400,\"height\":221,\"caption\":\"Nuevo revolc\u00f3n judicial para Cofidis\"},{\"@type\":\"BreadcrumbList\",\"@id\":\"https:\\\/\\\/www.aquimicasa.net\\\/blog\\\/consumo\\\/consumidores\\\/para-los-afectados-por-la-usura-de-cofidis-ese-que-se-anuncia\\\/#breadcrumb\",\"itemListElement\":[{\"@type\":\"ListItem\",\"position\":1,\"name\":\"Portada\",\"item\":\"https:\\\/\\\/www.aquimicasa.net\\\/blog\\\/\"},{\"@type\":\"ListItem\",\"position\":2,\"name\":\"Para los afectados por la usura de Cofidis, ese que se anuncia\"}]},{\"@type\":\"WebSite\",\"@id\":\"https:\\\/\\\/www.aquimicasa.net\\\/blog\\\/#website\",\"url\":\"https:\\\/\\\/www.aquimicasa.net\\\/blog\\\/\",\"name\":\"Blog de aquimicasa.net\",\"description\":\"Noticias del Mundo Inmobiliario\",\"publisher\":{\"@id\":\"https:\\\/\\\/www.aquimicasa.net\\\/blog\\\/#organization\"},\"potentialAction\":[{\"@type\":\"SearchAction\",\"target\":{\"@type\":\"EntryPoint\",\"urlTemplate\":\"https:\\\/\\\/www.aquimicasa.net\\\/blog\\\/?s={search_term_string}\"},\"query-input\":{\"@type\":\"PropertyValueSpecification\",\"valueRequired\":true,\"valueName\":\"search_term_string\"}}],\"inLanguage\":\"es\"},{\"@type\":\"Organization\",\"@id\":\"https:\\\/\\\/www.aquimicasa.net\\\/blog\\\/#organization\",\"name\":\"Blog de aquimicasa.net\",\"url\":\"https:\\\/\\\/www.aquimicasa.net\\\/blog\\\/\",\"logo\":{\"@type\":\"ImageObject\",\"inLanguage\":\"es\",\"@id\":\"https:\\\/\\\/www.aquimicasa.net\\\/blog\\\/#\\\/schema\\\/logo\\\/image\\\/\",\"url\":\"https:\\\/\\\/www.aquimicasa.net\\\/blog\\\/wp-content\\\/uploads\\\/Logo-aquimicasa-1-e1528048213782.png\",\"contentUrl\":\"https:\\\/\\\/www.aquimicasa.net\\\/blog\\\/wp-content\\\/uploads\\\/Logo-aquimicasa-1-e1528048213782.png\",\"width\":225,\"height\":225,\"caption\":\"Blog de aquimicasa.net\"},\"image\":{\"@id\":\"https:\\\/\\\/www.aquimicasa.net\\\/blog\\\/#\\\/schema\\\/logo\\\/image\\\/\"},\"sameAs\":[\"https:\\\/\\\/www.facebook.com\\\/aquimicasa.net\",\"https:\\\/\\\/www.instagram.com\\\/\",\"https:\\\/\\\/x.com\\\/EduLizarragaD\",\"https:\\\/\\\/www.linkedin.com\\\/feed\\\/\"]},{\"@type\":\"Person\",\"@id\":\"https:\\\/\\\/www.aquimicasa.net\\\/blog\\\/#\\\/schema\\\/person\\\/2cdfa2605534583395c8d7ce1d6cac14\",\"name\":\"Eduardo Lizarraga\",\"image\":{\"@type\":\"ImageObject\",\"inLanguage\":\"es\",\"@id\":\"https:\\\/\\\/secure.gravatar.com\\\/avatar\\\/bdabe1eeeed97b65a9cb7de2edd624b07995f7e13abc5fead15961f745f908cc?s=96&d=mm&r=g\",\"url\":\"https:\\\/\\\/secure.gravatar.com\\\/avatar\\\/bdabe1eeeed97b65a9cb7de2edd624b07995f7e13abc5fead15961f745f908cc?s=96&d=mm&r=g\",\"contentUrl\":\"https:\\\/\\\/secure.gravatar.com\\\/avatar\\\/bdabe1eeeed97b65a9cb7de2edd624b07995f7e13abc5fead15961f745f908cc?s=96&d=mm&r=g\",\"caption\":\"Eduardo Lizarraga\"},\"description\":\"Periodista Econ\u00f3mico. Ha trabajado en diversos campos de la informaci\u00f3n. Corresponsal en conflictos, analista pol\u00edtico en Congreso y Senado, periodista del medio ambiente, editor, director editorial, director de comunicaci\u00f3n.... En estos momentos se ha especializado en el sector inmobiliario. Pero tambi\u00e9n es navegante y viajero, preocupado por la pobreza, el medio ambiente y por las actuaciones descontroladas del neoliberalismo empresarial y pol\u00edtico en todo el mundo. Los desahucios, la pobreza infantil y la falta de acceso a los suministros b\u00e1sicos son algunos de los grandes dramas de nuestra sociedad y que es preciso solucionar para hacerla m\u00e1s justa. CEO en www.aquimicasa.net\",\"sameAs\":[\"https:\\\/\\\/www.aquimicasa.net\\\/\"],\"url\":\"https:\\\/\\\/www.aquimicasa.net\\\/blog\\\/author\\\/eduardo\\\/\"}]}<\/script>\n<!-- \/ Yoast SEO plugin. -->","yoast_head_json":{"title":"Para los afectados por la usura de Cofidis, ese que se anuncia","description":"La usura de los prestamistas en nuestro pa\u00eds no conoce l\u00edmites y ya es hora de que la Justicia se los ponga, castig\u00e1ndoles donde m\u00e1s les duele, el bolsillo","robots":{"index":"index","follow":"follow","max-snippet":"max-snippet:-1","max-image-preview":"max-image-preview:large","max-video-preview":"max-video-preview:-1"},"canonical":"https:\/\/www.aquimicasa.net\/blog\/consumo\/consumidores\/para-los-afectados-por-la-usura-de-cofidis-ese-que-se-anuncia\/","og_locale":"es_ES","og_type":"article","og_title":"Para los afectados por la usura de Cofidis, ese que se anuncia","og_description":"La usura de los prestamistas en nuestro pa\u00eds no conoce l\u00edmites y ya es hora de que la Justicia se los ponga, castig\u00e1ndoles donde m\u00e1s les duele, el bolsillo","og_url":"https:\/\/www.aquimicasa.net\/blog\/consumo\/consumidores\/para-los-afectados-por-la-usura-de-cofidis-ese-que-se-anuncia\/","og_site_name":"Blog de aquimicasa.net","article_publisher":"https:\/\/www.facebook.com\/aquimicasa.net","article_published_time":"2020-07-03T05:56:39+00:00","og_image":[{"width":400,"height":221,"url":"https:\/\/www.aquimicasa.net\/blog\/wp-content\/uploads\/Logo-Cofidis1-e1593755674453.png","type":"image\/png"}],"author":"Eduardo Lizarraga","twitter_misc":{"Escrito por":"Eduardo Lizarraga","Tiempo de lectura":"4 minutos"},"schema":{"@context":"https:\/\/schema.org","@graph":[{"@type":"Article","@id":"https:\/\/www.aquimicasa.net\/blog\/consumo\/consumidores\/para-los-afectados-por-la-usura-de-cofidis-ese-que-se-anuncia\/#article","isPartOf":{"@id":"https:\/\/www.aquimicasa.net\/blog\/consumo\/consumidores\/para-los-afectados-por-la-usura-de-cofidis-ese-que-se-anuncia\/"},"author":{"name":"Eduardo Lizarraga","@id":"https:\/\/www.aquimicasa.net\/blog\/#\/schema\/person\/2cdfa2605534583395c8d7ce1d6cac14"},"headline":"Para los afectados por la usura de Cofidis, ese que se anuncia","datePublished":"2020-07-03T05:56:39+00:00","mainEntityOfPage":{"@id":"https:\/\/www.aquimicasa.net\/blog\/consumo\/consumidores\/para-los-afectados-por-la-usura-de-cofidis-ese-que-se-anuncia\/"},"wordCount":802,"commentCount":0,"publisher":{"@id":"https:\/\/www.aquimicasa.net\/blog\/#organization"},"image":{"@id":"https:\/\/www.aquimicasa.net\/blog\/consumo\/consumidores\/para-los-afectados-por-la-usura-de-cofidis-ese-que-se-anuncia\/#primaryimage"},"thumbnailUrl":"https:\/\/www.aquimicasa.net\/blog\/wp-content\/uploads\/Logo-Cofidis1-e1593755674453.png","keywords":["Cofidis","Newsletter 261"],"articleSection":["Consumidores"],"inLanguage":"es","potentialAction":[{"@type":"CommentAction","name":"Comment","target":["https:\/\/www.aquimicasa.net\/blog\/consumo\/consumidores\/para-los-afectados-por-la-usura-de-cofidis-ese-que-se-anuncia\/#respond"]}]},{"@type":"WebPage","@id":"https:\/\/www.aquimicasa.net\/blog\/consumo\/consumidores\/para-los-afectados-por-la-usura-de-cofidis-ese-que-se-anuncia\/","url":"https:\/\/www.aquimicasa.net\/blog\/consumo\/consumidores\/para-los-afectados-por-la-usura-de-cofidis-ese-que-se-anuncia\/","name":"Para los afectados por la usura de Cofidis, ese que se anuncia","isPartOf":{"@id":"https:\/\/www.aquimicasa.net\/blog\/#website"},"primaryImageOfPage":{"@id":"https:\/\/www.aquimicasa.net\/blog\/consumo\/consumidores\/para-los-afectados-por-la-usura-de-cofidis-ese-que-se-anuncia\/#primaryimage"},"image":{"@id":"https:\/\/www.aquimicasa.net\/blog\/consumo\/consumidores\/para-los-afectados-por-la-usura-de-cofidis-ese-que-se-anuncia\/#primaryimage"},"thumbnailUrl":"https:\/\/www.aquimicasa.net\/blog\/wp-content\/uploads\/Logo-Cofidis1-e1593755674453.png","datePublished":"2020-07-03T05:56:39+00:00","description":"La usura de los prestamistas en nuestro pa\u00eds no conoce l\u00edmites y ya es hora de que la Justicia se los ponga, castig\u00e1ndoles donde m\u00e1s les duele, el bolsillo","breadcrumb":{"@id":"https:\/\/www.aquimicasa.net\/blog\/consumo\/consumidores\/para-los-afectados-por-la-usura-de-cofidis-ese-que-se-anuncia\/#breadcrumb"},"inLanguage":"es","potentialAction":[{"@type":"ReadAction","target":["https:\/\/www.aquimicasa.net\/blog\/consumo\/consumidores\/para-los-afectados-por-la-usura-de-cofidis-ese-que-se-anuncia\/"]}]},{"@type":"ImageObject","inLanguage":"es","@id":"https:\/\/www.aquimicasa.net\/blog\/consumo\/consumidores\/para-los-afectados-por-la-usura-de-cofidis-ese-que-se-anuncia\/#primaryimage","url":"https:\/\/www.aquimicasa.net\/blog\/wp-content\/uploads\/Logo-Cofidis1-e1593755674453.png","contentUrl":"https:\/\/www.aquimicasa.net\/blog\/wp-content\/uploads\/Logo-Cofidis1-e1593755674453.png","width":400,"height":221,"caption":"Nuevo revolc\u00f3n judicial para Cofidis"},{"@type":"BreadcrumbList","@id":"https:\/\/www.aquimicasa.net\/blog\/consumo\/consumidores\/para-los-afectados-por-la-usura-de-cofidis-ese-que-se-anuncia\/#breadcrumb","itemListElement":[{"@type":"ListItem","position":1,"name":"Portada","item":"https:\/\/www.aquimicasa.net\/blog\/"},{"@type":"ListItem","position":2,"name":"Para los afectados por la usura de Cofidis, ese que se anuncia"}]},{"@type":"WebSite","@id":"https:\/\/www.aquimicasa.net\/blog\/#website","url":"https:\/\/www.aquimicasa.net\/blog\/","name":"Blog de aquimicasa.net","description":"Noticias del Mundo Inmobiliario","publisher":{"@id":"https:\/\/www.aquimicasa.net\/blog\/#organization"},"potentialAction":[{"@type":"SearchAction","target":{"@type":"EntryPoint","urlTemplate":"https:\/\/www.aquimicasa.net\/blog\/?s={search_term_string}"},"query-input":{"@type":"PropertyValueSpecification","valueRequired":true,"valueName":"search_term_string"}}],"inLanguage":"es"},{"@type":"Organization","@id":"https:\/\/www.aquimicasa.net\/blog\/#organization","name":"Blog de aquimicasa.net","url":"https:\/\/www.aquimicasa.net\/blog\/","logo":{"@type":"ImageObject","inLanguage":"es","@id":"https:\/\/www.aquimicasa.net\/blog\/#\/schema\/logo\/image\/","url":"https:\/\/www.aquimicasa.net\/blog\/wp-content\/uploads\/Logo-aquimicasa-1-e1528048213782.png","contentUrl":"https:\/\/www.aquimicasa.net\/blog\/wp-content\/uploads\/Logo-aquimicasa-1-e1528048213782.png","width":225,"height":225,"caption":"Blog de aquimicasa.net"},"image":{"@id":"https:\/\/www.aquimicasa.net\/blog\/#\/schema\/logo\/image\/"},"sameAs":["https:\/\/www.facebook.com\/aquimicasa.net","https:\/\/www.instagram.com\/","https:\/\/x.com\/EduLizarragaD","https:\/\/www.linkedin.com\/feed\/"]},{"@type":"Person","@id":"https:\/\/www.aquimicasa.net\/blog\/#\/schema\/person\/2cdfa2605534583395c8d7ce1d6cac14","name":"Eduardo Lizarraga","image":{"@type":"ImageObject","inLanguage":"es","@id":"https:\/\/secure.gravatar.com\/avatar\/bdabe1eeeed97b65a9cb7de2edd624b07995f7e13abc5fead15961f745f908cc?s=96&d=mm&r=g","url":"https:\/\/secure.gravatar.com\/avatar\/bdabe1eeeed97b65a9cb7de2edd624b07995f7e13abc5fead15961f745f908cc?s=96&d=mm&r=g","contentUrl":"https:\/\/secure.gravatar.com\/avatar\/bdabe1eeeed97b65a9cb7de2edd624b07995f7e13abc5fead15961f745f908cc?s=96&d=mm&r=g","caption":"Eduardo Lizarraga"},"description":"Periodista Econ\u00f3mico. Ha trabajado en diversos campos de la informaci\u00f3n. Corresponsal en conflictos, analista pol\u00edtico en Congreso y Senado, periodista del medio ambiente, editor, director editorial, director de comunicaci\u00f3n.... En estos momentos se ha especializado en el sector inmobiliario. Pero tambi\u00e9n es navegante y viajero, preocupado por la pobreza, el medio ambiente y por las actuaciones descontroladas del neoliberalismo empresarial y pol\u00edtico en todo el mundo. Los desahucios, la pobreza infantil y la falta de acceso a los suministros b\u00e1sicos son algunos de los grandes dramas de nuestra sociedad y que es preciso solucionar para hacerla m\u00e1s justa. CEO en www.aquimicasa.net","sameAs":["https:\/\/www.aquimicasa.net\/"],"url":"https:\/\/www.aquimicasa.net\/blog\/author\/eduardo\/"}]}},"jetpack_publicize_connections":[],"jetpack_featured_media_url":"https:\/\/www.aquimicasa.net\/blog\/wp-content\/uploads\/Logo-Cofidis1-e1593755674453.png","jetpack_sharing_enabled":true,"jetpack_likes_enabled":true,"_links":{"self":[{"href":"https:\/\/www.aquimicasa.net\/blog\/wp-json\/wp\/v2\/posts\/33223","targetHints":{"allow":["GET"]}}],"collection":[{"href":"https:\/\/www.aquimicasa.net\/blog\/wp-json\/wp\/v2\/posts"}],"about":[{"href":"https:\/\/www.aquimicasa.net\/blog\/wp-json\/wp\/v2\/types\/post"}],"author":[{"embeddable":true,"href":"https:\/\/www.aquimicasa.net\/blog\/wp-json\/wp\/v2\/users\/3"}],"replies":[{"embeddable":true,"href":"https:\/\/www.aquimicasa.net\/blog\/wp-json\/wp\/v2\/comments?post=33223"}],"version-history":[{"count":2,"href":"https:\/\/www.aquimicasa.net\/blog\/wp-json\/wp\/v2\/posts\/33223\/revisions"}],"predecessor-version":[{"id":33228,"href":"https:\/\/www.aquimicasa.net\/blog\/wp-json\/wp\/v2\/posts\/33223\/revisions\/33228"}],"wp:featuredmedia":[{"embeddable":true,"href":"https:\/\/www.aquimicasa.net\/blog\/wp-json\/wp\/v2\/media\/33227"}],"wp:attachment":[{"href":"https:\/\/www.aquimicasa.net\/blog\/wp-json\/wp\/v2\/media?parent=33223"}],"wp:term":[{"taxonomy":"category","embeddable":true,"href":"https:\/\/www.aquimicasa.net\/blog\/wp-json\/wp\/v2\/categories?post=33223"},{"taxonomy":"post_tag","embeddable":true,"href":"https:\/\/www.aquimicasa.net\/blog\/wp-json\/wp\/v2\/tags?post=33223"}],"curies":[{"name":"wp","href":"https:\/\/api.w.org\/{rel}","templated":true}]}}