{"id":34145,"date":"2020-09-14T21:25:40","date_gmt":"2020-09-14T19:25:40","guid":{"rendered":"https:\/\/www.aquimicasa.net\/blog\/?p=34145"},"modified":"2020-09-14T21:25:40","modified_gmt":"2020-09-14T19:25:40","slug":"el-precio-de-la-bombona-popular-de-butano-baja-un-5","status":"publish","type":"post","link":"https:\/\/www.aquimicasa.net\/blog\/vivienda\/compraventa-de-viviendas\/el-precio-de-la-bombona-popular-de-butano-baja-un-5\/","title":{"rendered":"El precio de la bombona popular de butano baja un 5%"},"content":{"rendered":"<div class=\"fusion-fullwidth fullwidth-box fusion-builder-row-1 nonhundred-percent-fullwidth non-hundred-percent-height-scrolling\" style=\"background-color: rgba(255,255,255,0);background-position: center center;background-repeat: no-repeat;padding-top:0px;padding-right:0px;padding-bottom:0px;padding-left:0px;margin-bottom: 0px;margin-top: 0px;border-width: 0px 0px 0px 0px;border-color:#eae9e9;border-style:solid;\" ><div class=\"fusion-builder-row fusion-row\"><div class=\"fusion-layout-column fusion_builder_column fusion-builder-column-0 fusion_builder_column_1_1 1_1 fusion-one-full fusion-column-first fusion-column-last\" style=\"margin-top:0px;margin-bottom:0px;\"><div class=\"fusion-column-wrapper fusion-flex-column-wrapper-legacy\" style=\"background-position:left top;background-repeat:no-repeat;-webkit-background-size:cover;-moz-background-size:cover;-o-background-size:cover;background-size:cover;padding: 0px 0px 0px 0px;\"><div class=\"fusion-text fusion-text-1\"><p id=\"m21-20-22\">Seg\u00fan informa el Ministerio para la Transici\u00f3n Ecol\u00f3gica y el Reto Demogr\u00e1fico, el precio de la bombona de butano de 12,5 kilogramos bajar\u00e1 un 4,88% a partir de este martes, situ\u00e1ndose en los 12,08 euros, frente a los 12,71 euros del precio m\u00e1ximo vigente. Este descenso se explica principalmente por la aplicaci\u00f3n sobre el precio del \u00abdesajuste pendiente de recuperar en el bimestre anterior\u00bb, que se sit\u00faa en 0,17 euros por botella, y por la debilidad del d\u00f3lar, con una ca\u00edda del 5%.<\/p>\n<p id=\"m438-2-439\">El Ministerio explica que estos aspectos compensan \u00aben su totalidad y sobrepasan\u00bb el impacto sobre el precio vinculado con el incremento del 12,4% del coste de las materias primas y del 11,5% de los fletes en comparaci\u00f3n con el bimestre anterior.<\/p>\n<div class=\"relacionadas\">\n<div class=\"related-module related-news-between-text\">\n<div class=\"related\">\n<div id=\"m323-322-324\" class=\"item-related-news-between-text add-author no-icon\" data-collection=\"m206-205-207\">Para paliar los efectos de la crisis sanitaria provocada por el Covid-19, y mediante el Real Decreto-ley 8\/2020, de 17 de marzo, el Gobierno suspendi\u00f3 durante tres bimestres este sistema de revisi\u00f3n de precios m\u00e1ximos del gas licuado del petr\u00f3leo (GLP) envasado. Durante este periodo, el precio queda congelado si, en aplicaci\u00f3n de la revisi\u00f3n, correspondiera una subida. Esta medida excepcional deja de ser de aplicaci\u00f3n este bimestre tras tres periodos de suspensi\u00f3n del sistema de revisi\u00f3n de precios, seg\u00fan recoge el Real Decreto de estado de alarma del pasado 17 de marzo.<\/div>\n<\/div>\n<\/div>\n<\/div>\n<p id=\"m470-6-471\">Por tanto, desde este martes desciende un 4,88% el precio m\u00e1ximo de venta de los gases licuados del petr\u00f3leo envasados (GLP) en envases de entre 8 y 20 kilogramos (la tradicional bombona de butano).<\/p>\n<div class=\"relacionadas\">\n<div class=\"related-module related-news-between-text\">\n<div class=\"related\">\n<div id=\"m346-345-347\" class=\"item-related-news-between-text add-author no-icon\" data-collection=\"m206-205-207\">El precio m\u00e1ximo de venta de la bombona de butano se revisa cada dos meses el tercer martes del mes. Esta revisi\u00f3n se calcula en funci\u00f3n del coste de la materia prima (propano y butano) en los mercados internacionales, as\u00ed como del coste de los fletes (transporte) y la evoluci\u00f3n del tipo de cambio euro-d\u00f3lar. La revisi\u00f3n del precio, al alza o a la baja, est\u00e1 limitada al 5%, acumul\u00e1ndose el exceso o defecto de precio para su aplicaci\u00f3n en posteriores revisiones.<\/div>\n<\/div>\n<\/div>\n<\/div>\n<\/div><div class=\"fusion-clearfix\"><\/div><\/div><\/div><\/div><\/div>\n","protected":false},"excerpt":{"rendered":"<p>El precio m\u00e1ximo de venta de la bombona de butano se revisa cada dos meses el tercer martes del mes. Esta revisi\u00f3n se calcula en funci\u00f3n del coste de la materia prima (propano y butano) en los mercados internacionales, as\u00ed como del coste de los fletes (transporte) y la evoluci\u00f3n del tipo de cambio euro-d\u00f3lar.<\/p>\n","protected":false},"author":3,"featured_media":12405,"comment_status":"open","ping_status":"open","sticky":false,"template":"","format":"standard","meta":{"_jetpack_memberships_contains_paid_content":false,"footnotes":"","jetpack_publicize_message":"","jetpack_publicize_feature_enabled":true,"jetpack_social_post_already_shared":true,"jetpack_social_options":{"image_generator_settings":{"template":"highway","default_image_id":0,"font":"","enabled":false},"version":2}},"categories":[100,7558,7563],"tags":[7908],"class_list":["post-34145","post","type-post","status-publish","format-standard","has-post-thumbnail","hentry","category-compraventa-de-viviendas","category-gas-y-petroleo","category-noticias-consumo","tag-newsletter-271"],"yoast_head":"<!-- This site is optimized with the Yoast SEO plugin v28.2 - https:\/\/yoast.com\/product\/yoast-seo-wordpress\/ -->\n<title>El precio de la bombona popular de butano baja un 5%<\/title>\n<meta name=\"description\" content=\"El precio de la bombona de butano de 12,5 kilogramos bajar\u00e1 un 4,88% a partir de este martes, situ\u00e1ndose en los 12,08 euros, frente a los 12,71 actuales\" \/>\n<meta name=\"robots\" content=\"index, follow, max-snippet:-1, max-image-preview:large, max-video-preview:-1\" \/>\n<link rel=\"canonical\" href=\"https:\/\/www.aquimicasa.net\/blog\/vivienda\/compraventa-de-viviendas\/el-precio-de-la-bombona-popular-de-butano-baja-un-5\/\" \/>\n<meta property=\"og:locale\" content=\"es_ES\" \/>\n<meta property=\"og:type\" content=\"article\" \/>\n<meta property=\"og:title\" content=\"El precio de la bombona popular de butano baja un 5%\" \/>\n<meta property=\"og:description\" content=\"El precio de la bombona de butano de 12,5 kilogramos bajar\u00e1 un 4,88% a partir de este martes, situ\u00e1ndose en los 12,08 euros, frente a los 12,71 actuales\" \/>\n<meta property=\"og:url\" content=\"https:\/\/www.aquimicasa.net\/blog\/vivienda\/compraventa-de-viviendas\/el-precio-de-la-bombona-popular-de-butano-baja-un-5\/\" \/>\n<meta property=\"og:site_name\" content=\"Blog de aquimicasa.net\" \/>\n<meta property=\"article:publisher\" content=\"https:\/\/www.facebook.com\/aquimicasa.net\" \/>\n<meta property=\"article:published_time\" content=\"2020-09-14T19:25:40+00:00\" \/>\n<meta property=\"og:image\" content=\"https:\/\/www.aquimicasa.net\/blog\/wp-content\/uploads\/Butano1-e1537298782726.jpg\" \/>\n\t<meta property=\"og:image:width\" content=\"400\" \/>\n\t<meta property=\"og:image:height\" content=\"226\" \/>\n\t<meta property=\"og:image:type\" content=\"image\/jpeg\" \/>\n<meta name=\"author\" content=\"Eduardo Lizarraga\" \/>\n<meta name=\"twitter:label1\" content=\"Escrito por\" \/>\n\t<meta name=\"twitter:data1\" content=\"Eduardo Lizarraga\" \/>\n\t<meta name=\"twitter:label2\" content=\"Tiempo de lectura\" \/>\n\t<meta name=\"twitter:data2\" content=\"3 minutos\" \/>\n<script type=\"application\/ld+json\" class=\"yoast-schema-graph\">{\"@context\":\"https:\\\/\\\/schema.org\",\"@graph\":[{\"@type\":\"Article\",\"@id\":\"https:\\\/\\\/www.aquimicasa.net\\\/blog\\\/vivienda\\\/compraventa-de-viviendas\\\/el-precio-de-la-bombona-popular-de-butano-baja-un-5\\\/#article\",\"isPartOf\":{\"@id\":\"https:\\\/\\\/www.aquimicasa.net\\\/blog\\\/vivienda\\\/compraventa-de-viviendas\\\/el-precio-de-la-bombona-popular-de-butano-baja-un-5\\\/\"},\"author\":{\"name\":\"Eduardo Lizarraga\",\"@id\":\"https:\\\/\\\/www.aquimicasa.net\\\/blog\\\/#\\\/schema\\\/person\\\/2cdfa2605534583395c8d7ce1d6cac14\"},\"headline\":\"El precio de la bombona popular de butano baja un 5%\",\"datePublished\":\"2020-09-14T19:25:40+00:00\",\"mainEntityOfPage\":{\"@id\":\"https:\\\/\\\/www.aquimicasa.net\\\/blog\\\/vivienda\\\/compraventa-de-viviendas\\\/el-precio-de-la-bombona-popular-de-butano-baja-un-5\\\/\"},\"wordCount\":590,\"commentCount\":0,\"publisher\":{\"@id\":\"https:\\\/\\\/www.aquimicasa.net\\\/blog\\\/#organization\"},\"image\":{\"@id\":\"https:\\\/\\\/www.aquimicasa.net\\\/blog\\\/vivienda\\\/compraventa-de-viviendas\\\/el-precio-de-la-bombona-popular-de-butano-baja-un-5\\\/#primaryimage\"},\"thumbnailUrl\":\"https:\\\/\\\/www.aquimicasa.net\\\/blog\\\/wp-content\\\/uploads\\\/Butano1-e1537298782726.jpg\",\"keywords\":[\"newsletter 271\"],\"articleSection\":[\"Compra Venta\",\"Gas y Petr\u00f3leo\",\"Noticias Consumo\"],\"inLanguage\":\"es\",\"potentialAction\":[{\"@type\":\"CommentAction\",\"name\":\"Comment\",\"target\":[\"https:\\\/\\\/www.aquimicasa.net\\\/blog\\\/vivienda\\\/compraventa-de-viviendas\\\/el-precio-de-la-bombona-popular-de-butano-baja-un-5\\\/#respond\"]}]},{\"@type\":\"WebPage\",\"@id\":\"https:\\\/\\\/www.aquimicasa.net\\\/blog\\\/vivienda\\\/compraventa-de-viviendas\\\/el-precio-de-la-bombona-popular-de-butano-baja-un-5\\\/\",\"url\":\"https:\\\/\\\/www.aquimicasa.net\\\/blog\\\/vivienda\\\/compraventa-de-viviendas\\\/el-precio-de-la-bombona-popular-de-butano-baja-un-5\\\/\",\"name\":\"El precio de la bombona popular de butano baja un 5%\",\"isPartOf\":{\"@id\":\"https:\\\/\\\/www.aquimicasa.net\\\/blog\\\/#website\"},\"primaryImageOfPage\":{\"@id\":\"https:\\\/\\\/www.aquimicasa.net\\\/blog\\\/vivienda\\\/compraventa-de-viviendas\\\/el-precio-de-la-bombona-popular-de-butano-baja-un-5\\\/#primaryimage\"},\"image\":{\"@id\":\"https:\\\/\\\/www.aquimicasa.net\\\/blog\\\/vivienda\\\/compraventa-de-viviendas\\\/el-precio-de-la-bombona-popular-de-butano-baja-un-5\\\/#primaryimage\"},\"thumbnailUrl\":\"https:\\\/\\\/www.aquimicasa.net\\\/blog\\\/wp-content\\\/uploads\\\/Butano1-e1537298782726.jpg\",\"datePublished\":\"2020-09-14T19:25:40+00:00\",\"description\":\"El precio de la bombona de butano de 12,5 kilogramos bajar\u00e1 un 4,88% a partir de este martes, situ\u00e1ndose en los 12,08 euros, frente a los 12,71 actuales\",\"breadcrumb\":{\"@id\":\"https:\\\/\\\/www.aquimicasa.net\\\/blog\\\/vivienda\\\/compraventa-de-viviendas\\\/el-precio-de-la-bombona-popular-de-butano-baja-un-5\\\/#breadcrumb\"},\"inLanguage\":\"es\",\"potentialAction\":[{\"@type\":\"ReadAction\",\"target\":[\"https:\\\/\\\/www.aquimicasa.net\\\/blog\\\/vivienda\\\/compraventa-de-viviendas\\\/el-precio-de-la-bombona-popular-de-butano-baja-un-5\\\/\"]}]},{\"@type\":\"ImageObject\",\"inLanguage\":\"es\",\"@id\":\"https:\\\/\\\/www.aquimicasa.net\\\/blog\\\/vivienda\\\/compraventa-de-viviendas\\\/el-precio-de-la-bombona-popular-de-butano-baja-un-5\\\/#primaryimage\",\"url\":\"https:\\\/\\\/www.aquimicasa.net\\\/blog\\\/wp-content\\\/uploads\\\/Butano1-e1537298782726.jpg\",\"contentUrl\":\"https:\\\/\\\/www.aquimicasa.net\\\/blog\\\/wp-content\\\/uploads\\\/Butano1-e1537298782726.jpg\",\"width\":400,\"height\":226,\"caption\":\"Baja el butano un 5%\"},{\"@type\":\"BreadcrumbList\",\"@id\":\"https:\\\/\\\/www.aquimicasa.net\\\/blog\\\/vivienda\\\/compraventa-de-viviendas\\\/el-precio-de-la-bombona-popular-de-butano-baja-un-5\\\/#breadcrumb\",\"itemListElement\":[{\"@type\":\"ListItem\",\"position\":1,\"name\":\"Portada\",\"item\":\"https:\\\/\\\/www.aquimicasa.net\\\/blog\\\/\"},{\"@type\":\"ListItem\",\"position\":2,\"name\":\"El precio de la bombona popular de butano baja un 5%\"}]},{\"@type\":\"WebSite\",\"@id\":\"https:\\\/\\\/www.aquimicasa.net\\\/blog\\\/#website\",\"url\":\"https:\\\/\\\/www.aquimicasa.net\\\/blog\\\/\",\"name\":\"Blog de aquimicasa.net\",\"description\":\"Noticias del Mundo Inmobiliario\",\"publisher\":{\"@id\":\"https:\\\/\\\/www.aquimicasa.net\\\/blog\\\/#organization\"},\"potentialAction\":[{\"@type\":\"SearchAction\",\"target\":{\"@type\":\"EntryPoint\",\"urlTemplate\":\"https:\\\/\\\/www.aquimicasa.net\\\/blog\\\/?s={search_term_string}\"},\"query-input\":{\"@type\":\"PropertyValueSpecification\",\"valueRequired\":true,\"valueName\":\"search_term_string\"}}],\"inLanguage\":\"es\"},{\"@type\":\"Organization\",\"@id\":\"https:\\\/\\\/www.aquimicasa.net\\\/blog\\\/#organization\",\"name\":\"Blog de aquimicasa.net\",\"url\":\"https:\\\/\\\/www.aquimicasa.net\\\/blog\\\/\",\"logo\":{\"@type\":\"ImageObject\",\"inLanguage\":\"es\",\"@id\":\"https:\\\/\\\/www.aquimicasa.net\\\/blog\\\/#\\\/schema\\\/logo\\\/image\\\/\",\"url\":\"https:\\\/\\\/www.aquimicasa.net\\\/blog\\\/wp-content\\\/uploads\\\/Logo-aquimicasa-1-e1528048213782.png\",\"contentUrl\":\"https:\\\/\\\/www.aquimicasa.net\\\/blog\\\/wp-content\\\/uploads\\\/Logo-aquimicasa-1-e1528048213782.png\",\"width\":225,\"height\":225,\"caption\":\"Blog de aquimicasa.net\"},\"image\":{\"@id\":\"https:\\\/\\\/www.aquimicasa.net\\\/blog\\\/#\\\/schema\\\/logo\\\/image\\\/\"},\"sameAs\":[\"https:\\\/\\\/www.facebook.com\\\/aquimicasa.net\",\"https:\\\/\\\/www.instagram.com\\\/\",\"https:\\\/\\\/x.com\\\/EduLizarragaD\",\"https:\\\/\\\/www.linkedin.com\\\/feed\\\/\"]},{\"@type\":\"Person\",\"@id\":\"https:\\\/\\\/www.aquimicasa.net\\\/blog\\\/#\\\/schema\\\/person\\\/2cdfa2605534583395c8d7ce1d6cac14\",\"name\":\"Eduardo Lizarraga\",\"image\":{\"@type\":\"ImageObject\",\"inLanguage\":\"es\",\"@id\":\"https:\\\/\\\/secure.gravatar.com\\\/avatar\\\/bdabe1eeeed97b65a9cb7de2edd624b07995f7e13abc5fead15961f745f908cc?s=96&d=mm&r=g\",\"url\":\"https:\\\/\\\/secure.gravatar.com\\\/avatar\\\/bdabe1eeeed97b65a9cb7de2edd624b07995f7e13abc5fead15961f745f908cc?s=96&d=mm&r=g\",\"contentUrl\":\"https:\\\/\\\/secure.gravatar.com\\\/avatar\\\/bdabe1eeeed97b65a9cb7de2edd624b07995f7e13abc5fead15961f745f908cc?s=96&d=mm&r=g\",\"caption\":\"Eduardo Lizarraga\"},\"description\":\"Periodista Econ\u00f3mico. Ha trabajado en diversos campos de la informaci\u00f3n. Corresponsal en conflictos, analista pol\u00edtico en Congreso y Senado, periodista del medio ambiente, editor, director editorial, director de comunicaci\u00f3n.... En estos momentos se ha especializado en el sector inmobiliario. Pero tambi\u00e9n es navegante y viajero, preocupado por la pobreza, el medio ambiente y por las actuaciones descontroladas del neoliberalismo empresarial y pol\u00edtico en todo el mundo. Los desahucios, la pobreza infantil y la falta de acceso a los suministros b\u00e1sicos son algunos de los grandes dramas de nuestra sociedad y que es preciso solucionar para hacerla m\u00e1s justa. CEO en www.aquimicasa.net\",\"sameAs\":[\"https:\\\/\\\/www.aquimicasa.net\\\/\"],\"url\":\"https:\\\/\\\/www.aquimicasa.net\\\/blog\\\/author\\\/eduardo\\\/\"}]}<\/script>\n<!-- \/ Yoast SEO plugin. -->","yoast_head_json":{"title":"El precio de la bombona popular de butano baja un 5%","description":"El precio de la bombona de butano de 12,5 kilogramos bajar\u00e1 un 4,88% a partir de este martes, situ\u00e1ndose en los 12,08 euros, frente a los 12,71 actuales","robots":{"index":"index","follow":"follow","max-snippet":"max-snippet:-1","max-image-preview":"max-image-preview:large","max-video-preview":"max-video-preview:-1"},"canonical":"https:\/\/www.aquimicasa.net\/blog\/vivienda\/compraventa-de-viviendas\/el-precio-de-la-bombona-popular-de-butano-baja-un-5\/","og_locale":"es_ES","og_type":"article","og_title":"El precio de la bombona popular de butano baja un 5%","og_description":"El precio de la bombona de butano de 12,5 kilogramos bajar\u00e1 un 4,88% a partir de este martes, situ\u00e1ndose en los 12,08 euros, frente a los 12,71 actuales","og_url":"https:\/\/www.aquimicasa.net\/blog\/vivienda\/compraventa-de-viviendas\/el-precio-de-la-bombona-popular-de-butano-baja-un-5\/","og_site_name":"Blog de aquimicasa.net","article_publisher":"https:\/\/www.facebook.com\/aquimicasa.net","article_published_time":"2020-09-14T19:25:40+00:00","og_image":[{"width":400,"height":226,"url":"https:\/\/www.aquimicasa.net\/blog\/wp-content\/uploads\/Butano1-e1537298782726.jpg","type":"image\/jpeg"}],"author":"Eduardo Lizarraga","twitter_misc":{"Escrito por":"Eduardo Lizarraga","Tiempo de lectura":"3 minutos"},"schema":{"@context":"https:\/\/schema.org","@graph":[{"@type":"Article","@id":"https:\/\/www.aquimicasa.net\/blog\/vivienda\/compraventa-de-viviendas\/el-precio-de-la-bombona-popular-de-butano-baja-un-5\/#article","isPartOf":{"@id":"https:\/\/www.aquimicasa.net\/blog\/vivienda\/compraventa-de-viviendas\/el-precio-de-la-bombona-popular-de-butano-baja-un-5\/"},"author":{"name":"Eduardo Lizarraga","@id":"https:\/\/www.aquimicasa.net\/blog\/#\/schema\/person\/2cdfa2605534583395c8d7ce1d6cac14"},"headline":"El precio de la bombona popular de butano baja un 5%","datePublished":"2020-09-14T19:25:40+00:00","mainEntityOfPage":{"@id":"https:\/\/www.aquimicasa.net\/blog\/vivienda\/compraventa-de-viviendas\/el-precio-de-la-bombona-popular-de-butano-baja-un-5\/"},"wordCount":590,"commentCount":0,"publisher":{"@id":"https:\/\/www.aquimicasa.net\/blog\/#organization"},"image":{"@id":"https:\/\/www.aquimicasa.net\/blog\/vivienda\/compraventa-de-viviendas\/el-precio-de-la-bombona-popular-de-butano-baja-un-5\/#primaryimage"},"thumbnailUrl":"https:\/\/www.aquimicasa.net\/blog\/wp-content\/uploads\/Butano1-e1537298782726.jpg","keywords":["newsletter 271"],"articleSection":["Compra Venta","Gas y Petr\u00f3leo","Noticias Consumo"],"inLanguage":"es","potentialAction":[{"@type":"CommentAction","name":"Comment","target":["https:\/\/www.aquimicasa.net\/blog\/vivienda\/compraventa-de-viviendas\/el-precio-de-la-bombona-popular-de-butano-baja-un-5\/#respond"]}]},{"@type":"WebPage","@id":"https:\/\/www.aquimicasa.net\/blog\/vivienda\/compraventa-de-viviendas\/el-precio-de-la-bombona-popular-de-butano-baja-un-5\/","url":"https:\/\/www.aquimicasa.net\/blog\/vivienda\/compraventa-de-viviendas\/el-precio-de-la-bombona-popular-de-butano-baja-un-5\/","name":"El precio de la bombona popular de butano baja un 5%","isPartOf":{"@id":"https:\/\/www.aquimicasa.net\/blog\/#website"},"primaryImageOfPage":{"@id":"https:\/\/www.aquimicasa.net\/blog\/vivienda\/compraventa-de-viviendas\/el-precio-de-la-bombona-popular-de-butano-baja-un-5\/#primaryimage"},"image":{"@id":"https:\/\/www.aquimicasa.net\/blog\/vivienda\/compraventa-de-viviendas\/el-precio-de-la-bombona-popular-de-butano-baja-un-5\/#primaryimage"},"thumbnailUrl":"https:\/\/www.aquimicasa.net\/blog\/wp-content\/uploads\/Butano1-e1537298782726.jpg","datePublished":"2020-09-14T19:25:40+00:00","description":"El precio de la bombona de butano de 12,5 kilogramos bajar\u00e1 un 4,88% a partir de este martes, situ\u00e1ndose en los 12,08 euros, frente a los 12,71 actuales","breadcrumb":{"@id":"https:\/\/www.aquimicasa.net\/blog\/vivienda\/compraventa-de-viviendas\/el-precio-de-la-bombona-popular-de-butano-baja-un-5\/#breadcrumb"},"inLanguage":"es","potentialAction":[{"@type":"ReadAction","target":["https:\/\/www.aquimicasa.net\/blog\/vivienda\/compraventa-de-viviendas\/el-precio-de-la-bombona-popular-de-butano-baja-un-5\/"]}]},{"@type":"ImageObject","inLanguage":"es","@id":"https:\/\/www.aquimicasa.net\/blog\/vivienda\/compraventa-de-viviendas\/el-precio-de-la-bombona-popular-de-butano-baja-un-5\/#primaryimage","url":"https:\/\/www.aquimicasa.net\/blog\/wp-content\/uploads\/Butano1-e1537298782726.jpg","contentUrl":"https:\/\/www.aquimicasa.net\/blog\/wp-content\/uploads\/Butano1-e1537298782726.jpg","width":400,"height":226,"caption":"Baja el butano un 5%"},{"@type":"BreadcrumbList","@id":"https:\/\/www.aquimicasa.net\/blog\/vivienda\/compraventa-de-viviendas\/el-precio-de-la-bombona-popular-de-butano-baja-un-5\/#breadcrumb","itemListElement":[{"@type":"ListItem","position":1,"name":"Portada","item":"https:\/\/www.aquimicasa.net\/blog\/"},{"@type":"ListItem","position":2,"name":"El precio de la bombona popular de butano baja un 5%"}]},{"@type":"WebSite","@id":"https:\/\/www.aquimicasa.net\/blog\/#website","url":"https:\/\/www.aquimicasa.net\/blog\/","name":"Blog de aquimicasa.net","description":"Noticias del Mundo Inmobiliario","publisher":{"@id":"https:\/\/www.aquimicasa.net\/blog\/#organization"},"potentialAction":[{"@type":"SearchAction","target":{"@type":"EntryPoint","urlTemplate":"https:\/\/www.aquimicasa.net\/blog\/?s={search_term_string}"},"query-input":{"@type":"PropertyValueSpecification","valueRequired":true,"valueName":"search_term_string"}}],"inLanguage":"es"},{"@type":"Organization","@id":"https:\/\/www.aquimicasa.net\/blog\/#organization","name":"Blog de aquimicasa.net","url":"https:\/\/www.aquimicasa.net\/blog\/","logo":{"@type":"ImageObject","inLanguage":"es","@id":"https:\/\/www.aquimicasa.net\/blog\/#\/schema\/logo\/image\/","url":"https:\/\/www.aquimicasa.net\/blog\/wp-content\/uploads\/Logo-aquimicasa-1-e1528048213782.png","contentUrl":"https:\/\/www.aquimicasa.net\/blog\/wp-content\/uploads\/Logo-aquimicasa-1-e1528048213782.png","width":225,"height":225,"caption":"Blog de aquimicasa.net"},"image":{"@id":"https:\/\/www.aquimicasa.net\/blog\/#\/schema\/logo\/image\/"},"sameAs":["https:\/\/www.facebook.com\/aquimicasa.net","https:\/\/www.instagram.com\/","https:\/\/x.com\/EduLizarragaD","https:\/\/www.linkedin.com\/feed\/"]},{"@type":"Person","@id":"https:\/\/www.aquimicasa.net\/blog\/#\/schema\/person\/2cdfa2605534583395c8d7ce1d6cac14","name":"Eduardo Lizarraga","image":{"@type":"ImageObject","inLanguage":"es","@id":"https:\/\/secure.gravatar.com\/avatar\/bdabe1eeeed97b65a9cb7de2edd624b07995f7e13abc5fead15961f745f908cc?s=96&d=mm&r=g","url":"https:\/\/secure.gravatar.com\/avatar\/bdabe1eeeed97b65a9cb7de2edd624b07995f7e13abc5fead15961f745f908cc?s=96&d=mm&r=g","contentUrl":"https:\/\/secure.gravatar.com\/avatar\/bdabe1eeeed97b65a9cb7de2edd624b07995f7e13abc5fead15961f745f908cc?s=96&d=mm&r=g","caption":"Eduardo Lizarraga"},"description":"Periodista Econ\u00f3mico. Ha trabajado en diversos campos de la informaci\u00f3n. Corresponsal en conflictos, analista pol\u00edtico en Congreso y Senado, periodista del medio ambiente, editor, director editorial, director de comunicaci\u00f3n.... En estos momentos se ha especializado en el sector inmobiliario. Pero tambi\u00e9n es navegante y viajero, preocupado por la pobreza, el medio ambiente y por las actuaciones descontroladas del neoliberalismo empresarial y pol\u00edtico en todo el mundo. Los desahucios, la pobreza infantil y la falta de acceso a los suministros b\u00e1sicos son algunos de los grandes dramas de nuestra sociedad y que es preciso solucionar para hacerla m\u00e1s justa. CEO en www.aquimicasa.net","sameAs":["https:\/\/www.aquimicasa.net\/"],"url":"https:\/\/www.aquimicasa.net\/blog\/author\/eduardo\/"}]}},"jetpack_publicize_connections":[],"jetpack_featured_media_url":"https:\/\/www.aquimicasa.net\/blog\/wp-content\/uploads\/Butano1-e1537298782726.jpg","jetpack_sharing_enabled":true,"jetpack_likes_enabled":true,"_links":{"self":[{"href":"https:\/\/www.aquimicasa.net\/blog\/wp-json\/wp\/v2\/posts\/34145","targetHints":{"allow":["GET"]}}],"collection":[{"href":"https:\/\/www.aquimicasa.net\/blog\/wp-json\/wp\/v2\/posts"}],"about":[{"href":"https:\/\/www.aquimicasa.net\/blog\/wp-json\/wp\/v2\/types\/post"}],"author":[{"embeddable":true,"href":"https:\/\/www.aquimicasa.net\/blog\/wp-json\/wp\/v2\/users\/3"}],"replies":[{"embeddable":true,"href":"https:\/\/www.aquimicasa.net\/blog\/wp-json\/wp\/v2\/comments?post=34145"}],"version-history":[{"count":2,"href":"https:\/\/www.aquimicasa.net\/blog\/wp-json\/wp\/v2\/posts\/34145\/revisions"}],"predecessor-version":[{"id":34148,"href":"https:\/\/www.aquimicasa.net\/blog\/wp-json\/wp\/v2\/posts\/34145\/revisions\/34148"}],"wp:featuredmedia":[{"embeddable":true,"href":"https:\/\/www.aquimicasa.net\/blog\/wp-json\/wp\/v2\/media\/12405"}],"wp:attachment":[{"href":"https:\/\/www.aquimicasa.net\/blog\/wp-json\/wp\/v2\/media?parent=34145"}],"wp:term":[{"taxonomy":"category","embeddable":true,"href":"https:\/\/www.aquimicasa.net\/blog\/wp-json\/wp\/v2\/categories?post=34145"},{"taxonomy":"post_tag","embeddable":true,"href":"https:\/\/www.aquimicasa.net\/blog\/wp-json\/wp\/v2\/tags?post=34145"}],"curies":[{"name":"wp","href":"https:\/\/api.w.org\/{rel}","templated":true}]}}