{"id":3425,"date":"2014-01-26T18:01:44","date_gmt":"2014-01-26T18:01:44","guid":{"rendered":"http:\/\/haciadelante.es\/?p=3425"},"modified":"2020-04-02T18:32:03","modified_gmt":"2020-04-02T16:32:03","slug":"consecuencias-de-la-privatizacion-del-servicio-del-agua-en-jerez","status":"publish","type":"post","link":"https:\/\/www.aquimicasa.net\/blog\/economia\/noticias-economia\/consecuencias-de-la-privatizacion-del-servicio-del-agua-en-jerez\/","title":{"rendered":"La privatizaci\u00f3n del agua en Jerez supedita inter\u00e9s social a beneficios"},"content":{"rendered":"<p>La privatizaci\u00f3n de servicios p\u00fablicos tan imprescindibles como puede ser el abastecimiento del agua est\u00e1 consiguiendo que los usuarios puedan quedarse privados del mismo. Y es muy discutible que el derecho al agua, que es un bien necesario para la vida, pueda ser suprimido por los intereses financieros de empresas privadas que han incluido en su precio el cap\u00edtulo de beneficios. Muchos ayuntamientos han visto en la venta del abastecimiento de aguas al municipio una fuente de ingresos municipal y un negocio seguro para los propietarios de las empresas explotadoras. El Ayuntamiento de Jerez, gobernado por el Partido Popular, privatiz\u00f3 la gesti\u00f3n de este servicio b\u00e1sico en abril de 2013, a cambio de un canon de 80,1 millones de euros. Ocho meses despu\u00e9s de la externalizaci\u00f3n del servicio, la compa\u00f1\u00eda Aqualia ha ordenado desconectar a los usuarios con impagos. La empresa defiende que algunos vecinos adeudan facturas \u00abdesde hace ocho meses\u00bb.<\/p>\n<p>Todos las familias que han sufrido la suspensi\u00f3n del suministro deben abonar adem\u00e1s del recibo pendiente un canon de reconexi\u00f3n de 60 euros. Desde Izquierda Unida de Jerez, el concejal Joaqu\u00edn del Valle, ha tachado de \u00abbarbaridad\u00bb la \u00abofensiva\u00bb de Aqualia. \u00abSe ha cortado el agua en los hogares sin tener en cuenta si viven ni\u00f1os, mayores o enfermos, a\u00f1ade el l\u00edder de IU. As\u00ed el derecho al agua queda supeditado a los intereses econ\u00f3micos de grandes empresas y a las necesidades de sus cuentas de resultados.<\/p>\n<p>Por su parte, Alejandro L\u00f3pez, alcalde de La Barca, una de las pedan\u00edas de Jerez afectadas por los cortes de agua, ha afirmado que se habilitar\u00e1n ayudas para asistir a los afectados. La plataforma en defensa de la gesti\u00f3n p\u00fablica del agua ya ha convocado concentraciones de protesta para este fin de semana que podr\u00edan prolongarse si no se alcanzan soluciones.<\/p>\n","protected":false},"excerpt":{"rendered":"<p>La privatizaci\u00f3n de servicios p\u00fablicos tan imprescindibles como puede ser [&hellip;]<\/p>\n","protected":false},"author":3,"featured_media":0,"comment_status":"open","ping_status":"open","sticky":false,"template":"","format":"standard","meta":{"_jetpack_memberships_contains_paid_content":false,"footnotes":"","jetpack_publicize_message":"","jetpack_publicize_feature_enabled":true,"jetpack_social_post_already_shared":false,"jetpack_social_options":{"image_generator_settings":{"template":"highway","default_image_id":0,"font":"","enabled":false},"version":2}},"categories":[7564,7565],"tags":[401,511,512],"class_list":["post-3425","post","type-post","status-publish","format-standard","hentry","category-noticias-economia","category-noticias-mercado-inmobiliario","tag-agua","tag-aqualia","tag-cortes-de-suministro"],"yoast_head":"<!-- This site is optimized with the Yoast SEO plugin v28.2 - https:\/\/yoast.com\/product\/yoast-seo-wordpress\/ -->\n<title>La privatizaci\u00f3n del agua en Jerez supedita necesidad a econom\u00eda<\/title>\n<meta name=\"robots\" content=\"index, follow, max-snippet:-1, max-image-preview:large, max-video-preview:-1\" \/>\n<link rel=\"canonical\" href=\"https:\/\/www.aquimicasa.net\/blog\/economia\/noticias-economia\/consecuencias-de-la-privatizacion-del-servicio-del-agua-en-jerez\/\" \/>\n<meta property=\"og:locale\" content=\"es_ES\" \/>\n<meta property=\"og:type\" content=\"article\" \/>\n<meta property=\"og:title\" content=\"La privatizaci\u00f3n del agua en Jerez supedita necesidad a econom\u00eda\" \/>\n<meta property=\"og:description\" content=\"La privatizaci\u00f3n de servicios p\u00fablicos tan imprescindibles como puede ser [&hellip;]\" \/>\n<meta property=\"og:url\" content=\"https:\/\/www.aquimicasa.net\/blog\/economia\/noticias-economia\/consecuencias-de-la-privatizacion-del-servicio-del-agua-en-jerez\/\" \/>\n<meta property=\"og:site_name\" content=\"Blog de aquimicasa.net\" \/>\n<meta property=\"article:publisher\" content=\"https:\/\/www.facebook.com\/aquimicasa.net\" \/>\n<meta property=\"article:published_time\" content=\"2014-01-26T18:01:44+00:00\" \/>\n<meta property=\"article:modified_time\" content=\"2020-04-02T16:32:03+00:00\" \/>\n<meta name=\"author\" content=\"Eduardo Lizarraga\" \/>\n<meta name=\"twitter:label1\" content=\"Escrito por\" \/>\n\t<meta name=\"twitter:data1\" content=\"Eduardo Lizarraga\" \/>\n\t<meta name=\"twitter:label2\" content=\"Tiempo de lectura\" \/>\n\t<meta name=\"twitter:data2\" content=\"2 minutos\" \/>\n<script type=\"application\/ld+json\" class=\"yoast-schema-graph\">{\"@context\":\"https:\\\/\\\/schema.org\",\"@graph\":[{\"@type\":\"Article\",\"@id\":\"https:\\\/\\\/www.aquimicasa.net\\\/blog\\\/economia\\\/noticias-economia\\\/consecuencias-de-la-privatizacion-del-servicio-del-agua-en-jerez\\\/#article\",\"isPartOf\":{\"@id\":\"https:\\\/\\\/www.aquimicasa.net\\\/blog\\\/economia\\\/noticias-economia\\\/consecuencias-de-la-privatizacion-del-servicio-del-agua-en-jerez\\\/\"},\"author\":{\"name\":\"Eduardo Lizarraga\",\"@id\":\"https:\\\/\\\/www.aquimicasa.net\\\/blog\\\/#\\\/schema\\\/person\\\/2cdfa2605534583395c8d7ce1d6cac14\"},\"headline\":\"La privatizaci\u00f3n del agua en Jerez supedita inter\u00e9s social a beneficios\",\"datePublished\":\"2014-01-26T18:01:44+00:00\",\"dateModified\":\"2020-04-02T16:32:03+00:00\",\"mainEntityOfPage\":{\"@id\":\"https:\\\/\\\/www.aquimicasa.net\\\/blog\\\/economia\\\/noticias-economia\\\/consecuencias-de-la-privatizacion-del-servicio-del-agua-en-jerez\\\/\"},\"wordCount\":331,\"commentCount\":0,\"publisher\":{\"@id\":\"https:\\\/\\\/www.aquimicasa.net\\\/blog\\\/#organization\"},\"keywords\":[\"agua\",\"Aqualia\",\"cortes de suministro\"],\"articleSection\":[\"Noticias Econom\u00eda\",\"Noticias Mercado Inmobiliario\"],\"inLanguage\":\"es\",\"potentialAction\":[{\"@type\":\"CommentAction\",\"name\":\"Comment\",\"target\":[\"https:\\\/\\\/www.aquimicasa.net\\\/blog\\\/economia\\\/noticias-economia\\\/consecuencias-de-la-privatizacion-del-servicio-del-agua-en-jerez\\\/#respond\"]}]},{\"@type\":\"WebPage\",\"@id\":\"https:\\\/\\\/www.aquimicasa.net\\\/blog\\\/economia\\\/noticias-economia\\\/consecuencias-de-la-privatizacion-del-servicio-del-agua-en-jerez\\\/\",\"url\":\"https:\\\/\\\/www.aquimicasa.net\\\/blog\\\/economia\\\/noticias-economia\\\/consecuencias-de-la-privatizacion-del-servicio-del-agua-en-jerez\\\/\",\"name\":\"La privatizaci\u00f3n del agua en Jerez supedita necesidad a econom\u00eda\",\"isPartOf\":{\"@id\":\"https:\\\/\\\/www.aquimicasa.net\\\/blog\\\/#website\"},\"datePublished\":\"2014-01-26T18:01:44+00:00\",\"dateModified\":\"2020-04-02T16:32:03+00:00\",\"breadcrumb\":{\"@id\":\"https:\\\/\\\/www.aquimicasa.net\\\/blog\\\/economia\\\/noticias-economia\\\/consecuencias-de-la-privatizacion-del-servicio-del-agua-en-jerez\\\/#breadcrumb\"},\"inLanguage\":\"es\",\"potentialAction\":[{\"@type\":\"ReadAction\",\"target\":[\"https:\\\/\\\/www.aquimicasa.net\\\/blog\\\/economia\\\/noticias-economia\\\/consecuencias-de-la-privatizacion-del-servicio-del-agua-en-jerez\\\/\"]}]},{\"@type\":\"BreadcrumbList\",\"@id\":\"https:\\\/\\\/www.aquimicasa.net\\\/blog\\\/economia\\\/noticias-economia\\\/consecuencias-de-la-privatizacion-del-servicio-del-agua-en-jerez\\\/#breadcrumb\",\"itemListElement\":[{\"@type\":\"ListItem\",\"position\":1,\"name\":\"Portada\",\"item\":\"https:\\\/\\\/www.aquimicasa.net\\\/blog\\\/\"},{\"@type\":\"ListItem\",\"position\":2,\"name\":\"La privatizaci\u00f3n del agua en Jerez supedita inter\u00e9s social a beneficios\"}]},{\"@type\":\"WebSite\",\"@id\":\"https:\\\/\\\/www.aquimicasa.net\\\/blog\\\/#website\",\"url\":\"https:\\\/\\\/www.aquimicasa.net\\\/blog\\\/\",\"name\":\"Blog de aquimicasa.net\",\"description\":\"Noticias del Mundo Inmobiliario\",\"publisher\":{\"@id\":\"https:\\\/\\\/www.aquimicasa.net\\\/blog\\\/#organization\"},\"potentialAction\":[{\"@type\":\"SearchAction\",\"target\":{\"@type\":\"EntryPoint\",\"urlTemplate\":\"https:\\\/\\\/www.aquimicasa.net\\\/blog\\\/?s={search_term_string}\"},\"query-input\":{\"@type\":\"PropertyValueSpecification\",\"valueRequired\":true,\"valueName\":\"search_term_string\"}}],\"inLanguage\":\"es\"},{\"@type\":\"Organization\",\"@id\":\"https:\\\/\\\/www.aquimicasa.net\\\/blog\\\/#organization\",\"name\":\"Blog de aquimicasa.net\",\"url\":\"https:\\\/\\\/www.aquimicasa.net\\\/blog\\\/\",\"logo\":{\"@type\":\"ImageObject\",\"inLanguage\":\"es\",\"@id\":\"https:\\\/\\\/www.aquimicasa.net\\\/blog\\\/#\\\/schema\\\/logo\\\/image\\\/\",\"url\":\"https:\\\/\\\/www.aquimicasa.net\\\/blog\\\/wp-content\\\/uploads\\\/Logo-aquimicasa-1-e1528048213782.png\",\"contentUrl\":\"https:\\\/\\\/www.aquimicasa.net\\\/blog\\\/wp-content\\\/uploads\\\/Logo-aquimicasa-1-e1528048213782.png\",\"width\":225,\"height\":225,\"caption\":\"Blog de aquimicasa.net\"},\"image\":{\"@id\":\"https:\\\/\\\/www.aquimicasa.net\\\/blog\\\/#\\\/schema\\\/logo\\\/image\\\/\"},\"sameAs\":[\"https:\\\/\\\/www.facebook.com\\\/aquimicasa.net\",\"https:\\\/\\\/www.instagram.com\\\/\",\"https:\\\/\\\/x.com\\\/EduLizarragaD\",\"https:\\\/\\\/www.linkedin.com\\\/feed\\\/\"]},{\"@type\":\"Person\",\"@id\":\"https:\\\/\\\/www.aquimicasa.net\\\/blog\\\/#\\\/schema\\\/person\\\/2cdfa2605534583395c8d7ce1d6cac14\",\"name\":\"Eduardo Lizarraga\",\"image\":{\"@type\":\"ImageObject\",\"inLanguage\":\"es\",\"@id\":\"https:\\\/\\\/secure.gravatar.com\\\/avatar\\\/bdabe1eeeed97b65a9cb7de2edd624b07995f7e13abc5fead15961f745f908cc?s=96&d=mm&r=g\",\"url\":\"https:\\\/\\\/secure.gravatar.com\\\/avatar\\\/bdabe1eeeed97b65a9cb7de2edd624b07995f7e13abc5fead15961f745f908cc?s=96&d=mm&r=g\",\"contentUrl\":\"https:\\\/\\\/secure.gravatar.com\\\/avatar\\\/bdabe1eeeed97b65a9cb7de2edd624b07995f7e13abc5fead15961f745f908cc?s=96&d=mm&r=g\",\"caption\":\"Eduardo Lizarraga\"},\"description\":\"Periodista Econ\u00f3mico. Ha trabajado en diversos campos de la informaci\u00f3n. Corresponsal en conflictos, analista pol\u00edtico en Congreso y Senado, periodista del medio ambiente, editor, director editorial, director de comunicaci\u00f3n.... En estos momentos se ha especializado en el sector inmobiliario. Pero tambi\u00e9n es navegante y viajero, preocupado por la pobreza, el medio ambiente y por las actuaciones descontroladas del neoliberalismo empresarial y pol\u00edtico en todo el mundo. Los desahucios, la pobreza infantil y la falta de acceso a los suministros b\u00e1sicos son algunos de los grandes dramas de nuestra sociedad y que es preciso solucionar para hacerla m\u00e1s justa. CEO en www.aquimicasa.net\",\"sameAs\":[\"https:\\\/\\\/www.aquimicasa.net\\\/\"],\"url\":\"https:\\\/\\\/www.aquimicasa.net\\\/blog\\\/author\\\/eduardo\\\/\"}]}<\/script>\n<!-- \/ Yoast SEO plugin. -->","yoast_head_json":{"title":"La privatizaci\u00f3n del agua en Jerez supedita necesidad a econom\u00eda","robots":{"index":"index","follow":"follow","max-snippet":"max-snippet:-1","max-image-preview":"max-image-preview:large","max-video-preview":"max-video-preview:-1"},"canonical":"https:\/\/www.aquimicasa.net\/blog\/economia\/noticias-economia\/consecuencias-de-la-privatizacion-del-servicio-del-agua-en-jerez\/","og_locale":"es_ES","og_type":"article","og_title":"La privatizaci\u00f3n del agua en Jerez supedita necesidad a econom\u00eda","og_description":"La privatizaci\u00f3n de servicios p\u00fablicos tan imprescindibles como puede ser [&hellip;]","og_url":"https:\/\/www.aquimicasa.net\/blog\/economia\/noticias-economia\/consecuencias-de-la-privatizacion-del-servicio-del-agua-en-jerez\/","og_site_name":"Blog de aquimicasa.net","article_publisher":"https:\/\/www.facebook.com\/aquimicasa.net","article_published_time":"2014-01-26T18:01:44+00:00","article_modified_time":"2020-04-02T16:32:03+00:00","author":"Eduardo Lizarraga","twitter_misc":{"Escrito por":"Eduardo Lizarraga","Tiempo de lectura":"2 minutos"},"schema":{"@context":"https:\/\/schema.org","@graph":[{"@type":"Article","@id":"https:\/\/www.aquimicasa.net\/blog\/economia\/noticias-economia\/consecuencias-de-la-privatizacion-del-servicio-del-agua-en-jerez\/#article","isPartOf":{"@id":"https:\/\/www.aquimicasa.net\/blog\/economia\/noticias-economia\/consecuencias-de-la-privatizacion-del-servicio-del-agua-en-jerez\/"},"author":{"name":"Eduardo Lizarraga","@id":"https:\/\/www.aquimicasa.net\/blog\/#\/schema\/person\/2cdfa2605534583395c8d7ce1d6cac14"},"headline":"La privatizaci\u00f3n del agua en Jerez supedita inter\u00e9s social a beneficios","datePublished":"2014-01-26T18:01:44+00:00","dateModified":"2020-04-02T16:32:03+00:00","mainEntityOfPage":{"@id":"https:\/\/www.aquimicasa.net\/blog\/economia\/noticias-economia\/consecuencias-de-la-privatizacion-del-servicio-del-agua-en-jerez\/"},"wordCount":331,"commentCount":0,"publisher":{"@id":"https:\/\/www.aquimicasa.net\/blog\/#organization"},"keywords":["agua","Aqualia","cortes de suministro"],"articleSection":["Noticias Econom\u00eda","Noticias Mercado Inmobiliario"],"inLanguage":"es","potentialAction":[{"@type":"CommentAction","name":"Comment","target":["https:\/\/www.aquimicasa.net\/blog\/economia\/noticias-economia\/consecuencias-de-la-privatizacion-del-servicio-del-agua-en-jerez\/#respond"]}]},{"@type":"WebPage","@id":"https:\/\/www.aquimicasa.net\/blog\/economia\/noticias-economia\/consecuencias-de-la-privatizacion-del-servicio-del-agua-en-jerez\/","url":"https:\/\/www.aquimicasa.net\/blog\/economia\/noticias-economia\/consecuencias-de-la-privatizacion-del-servicio-del-agua-en-jerez\/","name":"La privatizaci\u00f3n del agua en Jerez supedita necesidad a econom\u00eda","isPartOf":{"@id":"https:\/\/www.aquimicasa.net\/blog\/#website"},"datePublished":"2014-01-26T18:01:44+00:00","dateModified":"2020-04-02T16:32:03+00:00","breadcrumb":{"@id":"https:\/\/www.aquimicasa.net\/blog\/economia\/noticias-economia\/consecuencias-de-la-privatizacion-del-servicio-del-agua-en-jerez\/#breadcrumb"},"inLanguage":"es","potentialAction":[{"@type":"ReadAction","target":["https:\/\/www.aquimicasa.net\/blog\/economia\/noticias-economia\/consecuencias-de-la-privatizacion-del-servicio-del-agua-en-jerez\/"]}]},{"@type":"BreadcrumbList","@id":"https:\/\/www.aquimicasa.net\/blog\/economia\/noticias-economia\/consecuencias-de-la-privatizacion-del-servicio-del-agua-en-jerez\/#breadcrumb","itemListElement":[{"@type":"ListItem","position":1,"name":"Portada","item":"https:\/\/www.aquimicasa.net\/blog\/"},{"@type":"ListItem","position":2,"name":"La privatizaci\u00f3n del agua en Jerez supedita inter\u00e9s social a beneficios"}]},{"@type":"WebSite","@id":"https:\/\/www.aquimicasa.net\/blog\/#website","url":"https:\/\/www.aquimicasa.net\/blog\/","name":"Blog de aquimicasa.net","description":"Noticias del Mundo Inmobiliario","publisher":{"@id":"https:\/\/www.aquimicasa.net\/blog\/#organization"},"potentialAction":[{"@type":"SearchAction","target":{"@type":"EntryPoint","urlTemplate":"https:\/\/www.aquimicasa.net\/blog\/?s={search_term_string}"},"query-input":{"@type":"PropertyValueSpecification","valueRequired":true,"valueName":"search_term_string"}}],"inLanguage":"es"},{"@type":"Organization","@id":"https:\/\/www.aquimicasa.net\/blog\/#organization","name":"Blog de aquimicasa.net","url":"https:\/\/www.aquimicasa.net\/blog\/","logo":{"@type":"ImageObject","inLanguage":"es","@id":"https:\/\/www.aquimicasa.net\/blog\/#\/schema\/logo\/image\/","url":"https:\/\/www.aquimicasa.net\/blog\/wp-content\/uploads\/Logo-aquimicasa-1-e1528048213782.png","contentUrl":"https:\/\/www.aquimicasa.net\/blog\/wp-content\/uploads\/Logo-aquimicasa-1-e1528048213782.png","width":225,"height":225,"caption":"Blog de aquimicasa.net"},"image":{"@id":"https:\/\/www.aquimicasa.net\/blog\/#\/schema\/logo\/image\/"},"sameAs":["https:\/\/www.facebook.com\/aquimicasa.net","https:\/\/www.instagram.com\/","https:\/\/x.com\/EduLizarragaD","https:\/\/www.linkedin.com\/feed\/"]},{"@type":"Person","@id":"https:\/\/www.aquimicasa.net\/blog\/#\/schema\/person\/2cdfa2605534583395c8d7ce1d6cac14","name":"Eduardo Lizarraga","image":{"@type":"ImageObject","inLanguage":"es","@id":"https:\/\/secure.gravatar.com\/avatar\/bdabe1eeeed97b65a9cb7de2edd624b07995f7e13abc5fead15961f745f908cc?s=96&d=mm&r=g","url":"https:\/\/secure.gravatar.com\/avatar\/bdabe1eeeed97b65a9cb7de2edd624b07995f7e13abc5fead15961f745f908cc?s=96&d=mm&r=g","contentUrl":"https:\/\/secure.gravatar.com\/avatar\/bdabe1eeeed97b65a9cb7de2edd624b07995f7e13abc5fead15961f745f908cc?s=96&d=mm&r=g","caption":"Eduardo Lizarraga"},"description":"Periodista Econ\u00f3mico. Ha trabajado en diversos campos de la informaci\u00f3n. Corresponsal en conflictos, analista pol\u00edtico en Congreso y Senado, periodista del medio ambiente, editor, director editorial, director de comunicaci\u00f3n.... En estos momentos se ha especializado en el sector inmobiliario. Pero tambi\u00e9n es navegante y viajero, preocupado por la pobreza, el medio ambiente y por las actuaciones descontroladas del neoliberalismo empresarial y pol\u00edtico en todo el mundo. Los desahucios, la pobreza infantil y la falta de acceso a los suministros b\u00e1sicos son algunos de los grandes dramas de nuestra sociedad y que es preciso solucionar para hacerla m\u00e1s justa. CEO en www.aquimicasa.net","sameAs":["https:\/\/www.aquimicasa.net\/"],"url":"https:\/\/www.aquimicasa.net\/blog\/author\/eduardo\/"}]}},"jetpack_publicize_connections":[],"jetpack_featured_media_url":"","jetpack_sharing_enabled":true,"jetpack_likes_enabled":true,"_links":{"self":[{"href":"https:\/\/www.aquimicasa.net\/blog\/wp-json\/wp\/v2\/posts\/3425","targetHints":{"allow":["GET"]}}],"collection":[{"href":"https:\/\/www.aquimicasa.net\/blog\/wp-json\/wp\/v2\/posts"}],"about":[{"href":"https:\/\/www.aquimicasa.net\/blog\/wp-json\/wp\/v2\/types\/post"}],"author":[{"embeddable":true,"href":"https:\/\/www.aquimicasa.net\/blog\/wp-json\/wp\/v2\/users\/3"}],"replies":[{"embeddable":true,"href":"https:\/\/www.aquimicasa.net\/blog\/wp-json\/wp\/v2\/comments?post=3425"}],"version-history":[{"count":1,"href":"https:\/\/www.aquimicasa.net\/blog\/wp-json\/wp\/v2\/posts\/3425\/revisions"}],"predecessor-version":[{"id":30983,"href":"https:\/\/www.aquimicasa.net\/blog\/wp-json\/wp\/v2\/posts\/3425\/revisions\/30983"}],"wp:attachment":[{"href":"https:\/\/www.aquimicasa.net\/blog\/wp-json\/wp\/v2\/media?parent=3425"}],"wp:term":[{"taxonomy":"category","embeddable":true,"href":"https:\/\/www.aquimicasa.net\/blog\/wp-json\/wp\/v2\/categories?post=3425"},{"taxonomy":"post_tag","embeddable":true,"href":"https:\/\/www.aquimicasa.net\/blog\/wp-json\/wp\/v2\/tags?post=3425"}],"curies":[{"name":"wp","href":"https:\/\/api.w.org\/{rel}","templated":true}]}}