{"id":34324,"date":"2020-10-03T23:26:47","date_gmt":"2020-10-03T21:26:47","guid":{"rendered":"https:\/\/www.aquimicasa.net\/blog\/?p=34324"},"modified":"2020-10-03T23:26:47","modified_gmt":"2020-10-03T21:26:47","slug":"la-calefaccion-mas-barata-con-la-tarifa-tur-de-gas-natural","status":"publish","type":"post","link":"https:\/\/www.aquimicasa.net\/blog\/consumo\/noticias-consumo\/la-calefaccion-mas-barata-con-la-tarifa-tur-de-gas-natural\/","title":{"rendered":"La calefacci\u00f3n m\u00e1s barata con la tarifa TUR de gas natural"},"content":{"rendered":"<div class=\"fusion-fullwidth fullwidth-box fusion-builder-row-1 nonhundred-percent-fullwidth non-hundred-percent-height-scrolling\" style=\"background-color: rgba(255,255,255,0);background-position: center center;background-repeat: no-repeat;padding-top:0px;padding-right:0px;padding-bottom:0px;padding-left:0px;margin-bottom: 0px;margin-top: 0px;border-width: 0px 0px 0px 0px;border-color:#eae9e9;border-style:solid;\" ><div class=\"fusion-builder-row fusion-row\"><div class=\"fusion-layout-column fusion_builder_column fusion-builder-column-0 fusion_builder_column_1_1 1_1 fusion-one-full fusion-column-first fusion-column-last\" style=\"margin-top:0px;margin-bottom:0px;\"><div class=\"fusion-column-wrapper fusion-flex-column-wrapper-legacy\" style=\"background-position:left top;background-repeat:no-repeat;-webkit-background-size:cover;-moz-background-size:cover;-o-background-size:cover;background-size:cover;padding: 0px 0px 0px 0px;\"><div class=\"fusion-text fusion-text-1\"><p class=\"Standard\"><span class=\"Fuentedeprrafopredeter1\">Las compa\u00f1\u00edas suministradoras de agua y energ\u00eda tienen en nuestro pa\u00eds un negocio redondo y la falacia de que la libre competencia reduce los precios est\u00e1 cada vez m\u00e1s a la vista. Entre ellas fijan las tarifas a los consumidores. Que sea ahora la<strong> Comisi\u00f3n Nacional de los Mercados y la Competencia (CNMC)<\/strong> la encargada de fijar las tarifas de acceso del gas natural se ha traducido en una rebaja de su precio, que contempla el transporte y la distribuci\u00f3n del gas, de entre el 1,1% y el 4,8% seg\u00fan el consumo. Una rebaja que, sumada a la reducci\u00f3n del coste de la energ\u00eda, se traduce en significativo ahorro en la factura.<\/span><\/p>\n<p class=\"Standard\"><span class=\"Fuentedeprrafopredeter1\">La Organizaci\u00f3n de Consumidores y Usuarios, (OCU) estima que este ahorro ya tiene cifras y se traduce en u<\/span><span class=\"Fuentedeprrafopredeter1\">n<\/span><span class=\"Fuentedeprrafopredeter1\"> 2,5% para los hogares que menos gastan, con la tarifa 3.1 (TUR1). Que implica un ahorro de alrededor de 15 euros al a\u00f1o. Y de u<\/span><span class=\"Fuentedeprrafopredeter1\">n 5,2% para los hogares que consumen m\u00e1s de 5.000 kWh al a\u00f1o, con la tarifa 3.2 (TUR2). Un ahorro de unos 30 euros al a\u00f1o.<\/span><\/p>\n<p class=\"Standard\"><span class=\"Fuentedeprrafopredeter1\">La inmensa mayor\u00eda de los usuarios con tarifa libre solo se beneficiar\u00e1n, de momento, de la rebaja de las tarifas de acceso. Para otro tipo de cambios en su tarifa tendr\u00e1n que esperar hasta su fecha de renovaci\u00f3n y analizar la nueva propuesta que les haga su compa\u00f1\u00eda. En la actualidad buena parte de las <strong>tarifas libres<\/strong> son desaconsejables por su alto coste.<\/span><\/p>\n<p class=\"Standard\"><span class=\"Fuentedeprrafopredeter1\">\u00a0La <\/span><span class=\"Fuentedeprrafopredeter1\">OCU recomienda a los usuarios que comprueben el tipo de tarifa que tienen contratada y, en el caso de que est\u00e9n en el mercado libre (tal y como les sucede a cuatro de cada cinco), que comparen el precio que pagan con el de las tarifas m\u00e1s baratas, entre ellas la <strong>TUR,<\/strong> entrando en \u00a0<\/span>www.quieropagarmenosluz.org<span class=\"Fuentedeprrafopredeter1\">. Las diferencias entre distintas tarifas para un mismo consumo superan en muchos casos el 15%.<\/span><\/p>\n<\/div><div class=\"fusion-clearfix\"><\/div><\/div><\/div><\/div><\/div>\n","protected":false},"excerpt":{"rendered":"<p>Que sea ahora la Comisi\u00f3n Nacional de los Mercados y la Competencia (CNMC) la encargada de fijar las tarifas de acceso del gas natural se ha traducido en una rebaja de su precio, que contempla el transporte y la distribuci\u00f3n del gas, de entre el 1,1% y el 4,8% seg\u00fan el consumo.<\/p>\n","protected":false},"author":3,"featured_media":16683,"comment_status":"open","ping_status":"open","sticky":false,"template":"","format":"standard","meta":{"_jetpack_memberships_contains_paid_content":false,"footnotes":"","jetpack_publicize_message":"","jetpack_publicize_feature_enabled":true,"jetpack_social_post_already_shared":true,"jetpack_social_options":{"image_generator_settings":{"template":"highway","default_image_id":0,"font":"","enabled":false},"version":2}},"categories":[7563],"tags":[7911],"class_list":["post-34324","post","type-post","status-publish","format-standard","has-post-thumbnail","hentry","category-noticias-consumo","tag-newsletter-274"],"yoast_head":"<!-- This site is optimized with the Yoast SEO plugin v27.5 - https:\/\/yoast.com\/product\/yoast-seo-wordpress\/ -->\n<title>La calefacci\u00f3n m\u00e1s barata con la tarifa TUR de gas natural<\/title>\n<meta name=\"description\" content=\"Desde que la Comisi\u00f3n Nacional de los Mercados y la Competencia (CNMC) fija las tarifas de acceso del gas natural se ha rebajado entre 1,1% y el 4,8%\" \/>\n<meta name=\"robots\" content=\"index, follow, max-snippet:-1, max-image-preview:large, max-video-preview:-1\" \/>\n<link rel=\"canonical\" href=\"https:\/\/www.aquimicasa.net\/blog\/consumo\/noticias-consumo\/la-calefaccion-mas-barata-con-la-tarifa-tur-de-gas-natural\/\" \/>\n<meta property=\"og:locale\" content=\"es_ES\" \/>\n<meta property=\"og:type\" content=\"article\" \/>\n<meta property=\"og:title\" content=\"La calefacci\u00f3n m\u00e1s barata con la tarifa TUR de gas natural\" \/>\n<meta property=\"og:description\" content=\"Desde que la Comisi\u00f3n Nacional de los Mercados y la Competencia (CNMC) fija las tarifas de acceso del gas natural se ha rebajado entre 1,1% y el 4,8%\" \/>\n<meta property=\"og:url\" content=\"https:\/\/www.aquimicasa.net\/blog\/consumo\/noticias-consumo\/la-calefaccion-mas-barata-con-la-tarifa-tur-de-gas-natural\/\" \/>\n<meta property=\"og:site_name\" content=\"Blog de aquimicasa.net\" \/>\n<meta property=\"article:publisher\" content=\"https:\/\/www.facebook.com\/aquimicasa.net\" \/>\n<meta property=\"article:published_time\" content=\"2020-10-03T21:26:47+00:00\" \/>\n<meta property=\"og:image\" content=\"https:\/\/www.aquimicasa.net\/blog\/wp-content\/uploads\/Gas-Natural1-e1500915397726.jpg\" \/>\n\t<meta property=\"og:image:width\" content=\"360\" \/>\n\t<meta property=\"og:image:height\" content=\"240\" \/>\n\t<meta property=\"og:image:type\" content=\"image\/jpeg\" \/>\n<meta name=\"author\" content=\"Eduardo Lizarraga\" \/>\n<meta name=\"twitter:label1\" content=\"Escrito por\" \/>\n\t<meta name=\"twitter:data1\" content=\"Eduardo Lizarraga\" \/>\n\t<meta name=\"twitter:label2\" content=\"Tiempo de lectura\" \/>\n\t<meta name=\"twitter:data2\" content=\"3 minutos\" \/>\n<script type=\"application\/ld+json\" class=\"yoast-schema-graph\">{\"@context\":\"https:\\\/\\\/schema.org\",\"@graph\":[{\"@type\":\"Article\",\"@id\":\"https:\\\/\\\/www.aquimicasa.net\\\/blog\\\/consumo\\\/noticias-consumo\\\/la-calefaccion-mas-barata-con-la-tarifa-tur-de-gas-natural\\\/#article\",\"isPartOf\":{\"@id\":\"https:\\\/\\\/www.aquimicasa.net\\\/blog\\\/consumo\\\/noticias-consumo\\\/la-calefaccion-mas-barata-con-la-tarifa-tur-de-gas-natural\\\/\"},\"author\":{\"name\":\"Eduardo Lizarraga\",\"@id\":\"https:\\\/\\\/www.aquimicasa.net\\\/blog\\\/#\\\/schema\\\/person\\\/2cdfa2605534583395c8d7ce1d6cac14\"},\"headline\":\"La calefacci\u00f3n m\u00e1s barata con la tarifa TUR de gas natural\",\"datePublished\":\"2020-10-03T21:26:47+00:00\",\"mainEntityOfPage\":{\"@id\":\"https:\\\/\\\/www.aquimicasa.net\\\/blog\\\/consumo\\\/noticias-consumo\\\/la-calefaccion-mas-barata-con-la-tarifa-tur-de-gas-natural\\\/\"},\"wordCount\":576,\"commentCount\":0,\"publisher\":{\"@id\":\"https:\\\/\\\/www.aquimicasa.net\\\/blog\\\/#organization\"},\"image\":{\"@id\":\"https:\\\/\\\/www.aquimicasa.net\\\/blog\\\/consumo\\\/noticias-consumo\\\/la-calefaccion-mas-barata-con-la-tarifa-tur-de-gas-natural\\\/#primaryimage\"},\"thumbnailUrl\":\"https:\\\/\\\/www.aquimicasa.net\\\/blog\\\/wp-content\\\/uploads\\\/Gas-Natural1-e1500915397726.jpg\",\"keywords\":[\"newsletter 274\"],\"articleSection\":[\"Noticias Consumo\"],\"inLanguage\":\"es\",\"potentialAction\":[{\"@type\":\"CommentAction\",\"name\":\"Comment\",\"target\":[\"https:\\\/\\\/www.aquimicasa.net\\\/blog\\\/consumo\\\/noticias-consumo\\\/la-calefaccion-mas-barata-con-la-tarifa-tur-de-gas-natural\\\/#respond\"]}]},{\"@type\":\"WebPage\",\"@id\":\"https:\\\/\\\/www.aquimicasa.net\\\/blog\\\/consumo\\\/noticias-consumo\\\/la-calefaccion-mas-barata-con-la-tarifa-tur-de-gas-natural\\\/\",\"url\":\"https:\\\/\\\/www.aquimicasa.net\\\/blog\\\/consumo\\\/noticias-consumo\\\/la-calefaccion-mas-barata-con-la-tarifa-tur-de-gas-natural\\\/\",\"name\":\"La calefacci\u00f3n m\u00e1s barata con la tarifa TUR de gas natural\",\"isPartOf\":{\"@id\":\"https:\\\/\\\/www.aquimicasa.net\\\/blog\\\/#website\"},\"primaryImageOfPage\":{\"@id\":\"https:\\\/\\\/www.aquimicasa.net\\\/blog\\\/consumo\\\/noticias-consumo\\\/la-calefaccion-mas-barata-con-la-tarifa-tur-de-gas-natural\\\/#primaryimage\"},\"image\":{\"@id\":\"https:\\\/\\\/www.aquimicasa.net\\\/blog\\\/consumo\\\/noticias-consumo\\\/la-calefaccion-mas-barata-con-la-tarifa-tur-de-gas-natural\\\/#primaryimage\"},\"thumbnailUrl\":\"https:\\\/\\\/www.aquimicasa.net\\\/blog\\\/wp-content\\\/uploads\\\/Gas-Natural1-e1500915397726.jpg\",\"datePublished\":\"2020-10-03T21:26:47+00:00\",\"description\":\"Desde que la Comisi\u00f3n Nacional de los Mercados y la Competencia (CNMC) fija las tarifas de acceso del gas natural se ha rebajado entre 1,1% y el 4,8%\",\"breadcrumb\":{\"@id\":\"https:\\\/\\\/www.aquimicasa.net\\\/blog\\\/consumo\\\/noticias-consumo\\\/la-calefaccion-mas-barata-con-la-tarifa-tur-de-gas-natural\\\/#breadcrumb\"},\"inLanguage\":\"es\",\"potentialAction\":[{\"@type\":\"ReadAction\",\"target\":[\"https:\\\/\\\/www.aquimicasa.net\\\/blog\\\/consumo\\\/noticias-consumo\\\/la-calefaccion-mas-barata-con-la-tarifa-tur-de-gas-natural\\\/\"]}]},{\"@type\":\"ImageObject\",\"inLanguage\":\"es\",\"@id\":\"https:\\\/\\\/www.aquimicasa.net\\\/blog\\\/consumo\\\/noticias-consumo\\\/la-calefaccion-mas-barata-con-la-tarifa-tur-de-gas-natural\\\/#primaryimage\",\"url\":\"https:\\\/\\\/www.aquimicasa.net\\\/blog\\\/wp-content\\\/uploads\\\/Gas-Natural1-e1500915397726.jpg\",\"contentUrl\":\"https:\\\/\\\/www.aquimicasa.net\\\/blog\\\/wp-content\\\/uploads\\\/Gas-Natural1-e1500915397726.jpg\",\"width\":360,\"height\":240,\"caption\":\"Sube de nuevo el gas butano\"},{\"@type\":\"BreadcrumbList\",\"@id\":\"https:\\\/\\\/www.aquimicasa.net\\\/blog\\\/consumo\\\/noticias-consumo\\\/la-calefaccion-mas-barata-con-la-tarifa-tur-de-gas-natural\\\/#breadcrumb\",\"itemListElement\":[{\"@type\":\"ListItem\",\"position\":1,\"name\":\"Portada\",\"item\":\"https:\\\/\\\/www.aquimicasa.net\\\/blog\\\/\"},{\"@type\":\"ListItem\",\"position\":2,\"name\":\"La calefacci\u00f3n m\u00e1s barata con la tarifa TUR de gas natural\"}]},{\"@type\":\"WebSite\",\"@id\":\"https:\\\/\\\/www.aquimicasa.net\\\/blog\\\/#website\",\"url\":\"https:\\\/\\\/www.aquimicasa.net\\\/blog\\\/\",\"name\":\"Blog de aquimicasa.net\",\"description\":\"Noticias del Mundo Inmobiliario\",\"publisher\":{\"@id\":\"https:\\\/\\\/www.aquimicasa.net\\\/blog\\\/#organization\"},\"potentialAction\":[{\"@type\":\"SearchAction\",\"target\":{\"@type\":\"EntryPoint\",\"urlTemplate\":\"https:\\\/\\\/www.aquimicasa.net\\\/blog\\\/?s={search_term_string}\"},\"query-input\":{\"@type\":\"PropertyValueSpecification\",\"valueRequired\":true,\"valueName\":\"search_term_string\"}}],\"inLanguage\":\"es\"},{\"@type\":\"Organization\",\"@id\":\"https:\\\/\\\/www.aquimicasa.net\\\/blog\\\/#organization\",\"name\":\"Blog de aquimicasa.net\",\"url\":\"https:\\\/\\\/www.aquimicasa.net\\\/blog\\\/\",\"logo\":{\"@type\":\"ImageObject\",\"inLanguage\":\"es\",\"@id\":\"https:\\\/\\\/www.aquimicasa.net\\\/blog\\\/#\\\/schema\\\/logo\\\/image\\\/\",\"url\":\"https:\\\/\\\/www.aquimicasa.net\\\/blog\\\/wp-content\\\/uploads\\\/Logo-aquimicasa-1-e1528048213782.png\",\"contentUrl\":\"https:\\\/\\\/www.aquimicasa.net\\\/blog\\\/wp-content\\\/uploads\\\/Logo-aquimicasa-1-e1528048213782.png\",\"width\":225,\"height\":225,\"caption\":\"Blog de aquimicasa.net\"},\"image\":{\"@id\":\"https:\\\/\\\/www.aquimicasa.net\\\/blog\\\/#\\\/schema\\\/logo\\\/image\\\/\"},\"sameAs\":[\"https:\\\/\\\/www.facebook.com\\\/aquimicasa.net\",\"https:\\\/\\\/www.instagram.com\\\/\",\"https:\\\/\\\/x.com\\\/EduLizarragaD\",\"https:\\\/\\\/www.linkedin.com\\\/feed\\\/\"]},{\"@type\":\"Person\",\"@id\":\"https:\\\/\\\/www.aquimicasa.net\\\/blog\\\/#\\\/schema\\\/person\\\/2cdfa2605534583395c8d7ce1d6cac14\",\"name\":\"Eduardo Lizarraga\",\"image\":{\"@type\":\"ImageObject\",\"inLanguage\":\"es\",\"@id\":\"https:\\\/\\\/secure.gravatar.com\\\/avatar\\\/bdabe1eeeed97b65a9cb7de2edd624b07995f7e13abc5fead15961f745f908cc?s=96&d=mm&r=g\",\"url\":\"https:\\\/\\\/secure.gravatar.com\\\/avatar\\\/bdabe1eeeed97b65a9cb7de2edd624b07995f7e13abc5fead15961f745f908cc?s=96&d=mm&r=g\",\"contentUrl\":\"https:\\\/\\\/secure.gravatar.com\\\/avatar\\\/bdabe1eeeed97b65a9cb7de2edd624b07995f7e13abc5fead15961f745f908cc?s=96&d=mm&r=g\",\"caption\":\"Eduardo Lizarraga\"},\"description\":\"Periodista Econ\u00f3mico. Ha trabajado en diversos campos de la informaci\u00f3n. Corresponsal en conflictos, analista pol\u00edtico en Congreso y Senado, periodista del medio ambiente, editor, director editorial, director de comunicaci\u00f3n.... En estos momentos se ha especializado en el sector inmobiliario. Pero tambi\u00e9n es navegante y viajero, preocupado por la pobreza, el medio ambiente y por las actuaciones descontroladas del neoliberalismo empresarial y pol\u00edtico en todo el mundo. Los desahucios, la pobreza infantil y la falta de acceso a los suministros b\u00e1sicos son algunos de los grandes dramas de nuestra sociedad y que es preciso solucionar para hacerla m\u00e1s justa. CEO en www.aquimicasa.net\",\"sameAs\":[\"https:\\\/\\\/www.aquimicasa.net\\\/\"],\"url\":\"https:\\\/\\\/www.aquimicasa.net\\\/blog\\\/author\\\/eduardo\\\/\"}]}<\/script>\n<!-- \/ Yoast SEO plugin. -->","yoast_head_json":{"title":"La calefacci\u00f3n m\u00e1s barata con la tarifa TUR de gas natural","description":"Desde que la Comisi\u00f3n Nacional de los Mercados y la Competencia (CNMC) fija las tarifas de acceso del gas natural se ha rebajado entre 1,1% y el 4,8%","robots":{"index":"index","follow":"follow","max-snippet":"max-snippet:-1","max-image-preview":"max-image-preview:large","max-video-preview":"max-video-preview:-1"},"canonical":"https:\/\/www.aquimicasa.net\/blog\/consumo\/noticias-consumo\/la-calefaccion-mas-barata-con-la-tarifa-tur-de-gas-natural\/","og_locale":"es_ES","og_type":"article","og_title":"La calefacci\u00f3n m\u00e1s barata con la tarifa TUR de gas natural","og_description":"Desde que la Comisi\u00f3n Nacional de los Mercados y la Competencia (CNMC) fija las tarifas de acceso del gas natural se ha rebajado entre 1,1% y el 4,8%","og_url":"https:\/\/www.aquimicasa.net\/blog\/consumo\/noticias-consumo\/la-calefaccion-mas-barata-con-la-tarifa-tur-de-gas-natural\/","og_site_name":"Blog de aquimicasa.net","article_publisher":"https:\/\/www.facebook.com\/aquimicasa.net","article_published_time":"2020-10-03T21:26:47+00:00","og_image":[{"width":360,"height":240,"url":"https:\/\/www.aquimicasa.net\/blog\/wp-content\/uploads\/Gas-Natural1-e1500915397726.jpg","type":"image\/jpeg"}],"author":"Eduardo Lizarraga","twitter_misc":{"Escrito por":"Eduardo Lizarraga","Tiempo de lectura":"3 minutos"},"schema":{"@context":"https:\/\/schema.org","@graph":[{"@type":"Article","@id":"https:\/\/www.aquimicasa.net\/blog\/consumo\/noticias-consumo\/la-calefaccion-mas-barata-con-la-tarifa-tur-de-gas-natural\/#article","isPartOf":{"@id":"https:\/\/www.aquimicasa.net\/blog\/consumo\/noticias-consumo\/la-calefaccion-mas-barata-con-la-tarifa-tur-de-gas-natural\/"},"author":{"name":"Eduardo Lizarraga","@id":"https:\/\/www.aquimicasa.net\/blog\/#\/schema\/person\/2cdfa2605534583395c8d7ce1d6cac14"},"headline":"La calefacci\u00f3n m\u00e1s barata con la tarifa TUR de gas natural","datePublished":"2020-10-03T21:26:47+00:00","mainEntityOfPage":{"@id":"https:\/\/www.aquimicasa.net\/blog\/consumo\/noticias-consumo\/la-calefaccion-mas-barata-con-la-tarifa-tur-de-gas-natural\/"},"wordCount":576,"commentCount":0,"publisher":{"@id":"https:\/\/www.aquimicasa.net\/blog\/#organization"},"image":{"@id":"https:\/\/www.aquimicasa.net\/blog\/consumo\/noticias-consumo\/la-calefaccion-mas-barata-con-la-tarifa-tur-de-gas-natural\/#primaryimage"},"thumbnailUrl":"https:\/\/www.aquimicasa.net\/blog\/wp-content\/uploads\/Gas-Natural1-e1500915397726.jpg","keywords":["newsletter 274"],"articleSection":["Noticias Consumo"],"inLanguage":"es","potentialAction":[{"@type":"CommentAction","name":"Comment","target":["https:\/\/www.aquimicasa.net\/blog\/consumo\/noticias-consumo\/la-calefaccion-mas-barata-con-la-tarifa-tur-de-gas-natural\/#respond"]}]},{"@type":"WebPage","@id":"https:\/\/www.aquimicasa.net\/blog\/consumo\/noticias-consumo\/la-calefaccion-mas-barata-con-la-tarifa-tur-de-gas-natural\/","url":"https:\/\/www.aquimicasa.net\/blog\/consumo\/noticias-consumo\/la-calefaccion-mas-barata-con-la-tarifa-tur-de-gas-natural\/","name":"La calefacci\u00f3n m\u00e1s barata con la tarifa TUR de gas natural","isPartOf":{"@id":"https:\/\/www.aquimicasa.net\/blog\/#website"},"primaryImageOfPage":{"@id":"https:\/\/www.aquimicasa.net\/blog\/consumo\/noticias-consumo\/la-calefaccion-mas-barata-con-la-tarifa-tur-de-gas-natural\/#primaryimage"},"image":{"@id":"https:\/\/www.aquimicasa.net\/blog\/consumo\/noticias-consumo\/la-calefaccion-mas-barata-con-la-tarifa-tur-de-gas-natural\/#primaryimage"},"thumbnailUrl":"https:\/\/www.aquimicasa.net\/blog\/wp-content\/uploads\/Gas-Natural1-e1500915397726.jpg","datePublished":"2020-10-03T21:26:47+00:00","description":"Desde que la Comisi\u00f3n Nacional de los Mercados y la Competencia (CNMC) fija las tarifas de acceso del gas natural se ha rebajado entre 1,1% y el 4,8%","breadcrumb":{"@id":"https:\/\/www.aquimicasa.net\/blog\/consumo\/noticias-consumo\/la-calefaccion-mas-barata-con-la-tarifa-tur-de-gas-natural\/#breadcrumb"},"inLanguage":"es","potentialAction":[{"@type":"ReadAction","target":["https:\/\/www.aquimicasa.net\/blog\/consumo\/noticias-consumo\/la-calefaccion-mas-barata-con-la-tarifa-tur-de-gas-natural\/"]}]},{"@type":"ImageObject","inLanguage":"es","@id":"https:\/\/www.aquimicasa.net\/blog\/consumo\/noticias-consumo\/la-calefaccion-mas-barata-con-la-tarifa-tur-de-gas-natural\/#primaryimage","url":"https:\/\/www.aquimicasa.net\/blog\/wp-content\/uploads\/Gas-Natural1-e1500915397726.jpg","contentUrl":"https:\/\/www.aquimicasa.net\/blog\/wp-content\/uploads\/Gas-Natural1-e1500915397726.jpg","width":360,"height":240,"caption":"Sube de nuevo el gas butano"},{"@type":"BreadcrumbList","@id":"https:\/\/www.aquimicasa.net\/blog\/consumo\/noticias-consumo\/la-calefaccion-mas-barata-con-la-tarifa-tur-de-gas-natural\/#breadcrumb","itemListElement":[{"@type":"ListItem","position":1,"name":"Portada","item":"https:\/\/www.aquimicasa.net\/blog\/"},{"@type":"ListItem","position":2,"name":"La calefacci\u00f3n m\u00e1s barata con la tarifa TUR de gas natural"}]},{"@type":"WebSite","@id":"https:\/\/www.aquimicasa.net\/blog\/#website","url":"https:\/\/www.aquimicasa.net\/blog\/","name":"Blog de aquimicasa.net","description":"Noticias del Mundo Inmobiliario","publisher":{"@id":"https:\/\/www.aquimicasa.net\/blog\/#organization"},"potentialAction":[{"@type":"SearchAction","target":{"@type":"EntryPoint","urlTemplate":"https:\/\/www.aquimicasa.net\/blog\/?s={search_term_string}"},"query-input":{"@type":"PropertyValueSpecification","valueRequired":true,"valueName":"search_term_string"}}],"inLanguage":"es"},{"@type":"Organization","@id":"https:\/\/www.aquimicasa.net\/blog\/#organization","name":"Blog de aquimicasa.net","url":"https:\/\/www.aquimicasa.net\/blog\/","logo":{"@type":"ImageObject","inLanguage":"es","@id":"https:\/\/www.aquimicasa.net\/blog\/#\/schema\/logo\/image\/","url":"https:\/\/www.aquimicasa.net\/blog\/wp-content\/uploads\/Logo-aquimicasa-1-e1528048213782.png","contentUrl":"https:\/\/www.aquimicasa.net\/blog\/wp-content\/uploads\/Logo-aquimicasa-1-e1528048213782.png","width":225,"height":225,"caption":"Blog de aquimicasa.net"},"image":{"@id":"https:\/\/www.aquimicasa.net\/blog\/#\/schema\/logo\/image\/"},"sameAs":["https:\/\/www.facebook.com\/aquimicasa.net","https:\/\/www.instagram.com\/","https:\/\/x.com\/EduLizarragaD","https:\/\/www.linkedin.com\/feed\/"]},{"@type":"Person","@id":"https:\/\/www.aquimicasa.net\/blog\/#\/schema\/person\/2cdfa2605534583395c8d7ce1d6cac14","name":"Eduardo Lizarraga","image":{"@type":"ImageObject","inLanguage":"es","@id":"https:\/\/secure.gravatar.com\/avatar\/bdabe1eeeed97b65a9cb7de2edd624b07995f7e13abc5fead15961f745f908cc?s=96&d=mm&r=g","url":"https:\/\/secure.gravatar.com\/avatar\/bdabe1eeeed97b65a9cb7de2edd624b07995f7e13abc5fead15961f745f908cc?s=96&d=mm&r=g","contentUrl":"https:\/\/secure.gravatar.com\/avatar\/bdabe1eeeed97b65a9cb7de2edd624b07995f7e13abc5fead15961f745f908cc?s=96&d=mm&r=g","caption":"Eduardo Lizarraga"},"description":"Periodista Econ\u00f3mico. Ha trabajado en diversos campos de la informaci\u00f3n. Corresponsal en conflictos, analista pol\u00edtico en Congreso y Senado, periodista del medio ambiente, editor, director editorial, director de comunicaci\u00f3n.... En estos momentos se ha especializado en el sector inmobiliario. Pero tambi\u00e9n es navegante y viajero, preocupado por la pobreza, el medio ambiente y por las actuaciones descontroladas del neoliberalismo empresarial y pol\u00edtico en todo el mundo. Los desahucios, la pobreza infantil y la falta de acceso a los suministros b\u00e1sicos son algunos de los grandes dramas de nuestra sociedad y que es preciso solucionar para hacerla m\u00e1s justa. CEO en www.aquimicasa.net","sameAs":["https:\/\/www.aquimicasa.net\/"],"url":"https:\/\/www.aquimicasa.net\/blog\/author\/eduardo\/"}]}},"jetpack_publicize_connections":[],"jetpack_featured_media_url":"https:\/\/www.aquimicasa.net\/blog\/wp-content\/uploads\/Gas-Natural1-e1500915397726.jpg","jetpack_sharing_enabled":true,"jetpack_likes_enabled":true,"_links":{"self":[{"href":"https:\/\/www.aquimicasa.net\/blog\/wp-json\/wp\/v2\/posts\/34324","targetHints":{"allow":["GET"]}}],"collection":[{"href":"https:\/\/www.aquimicasa.net\/blog\/wp-json\/wp\/v2\/posts"}],"about":[{"href":"https:\/\/www.aquimicasa.net\/blog\/wp-json\/wp\/v2\/types\/post"}],"author":[{"embeddable":true,"href":"https:\/\/www.aquimicasa.net\/blog\/wp-json\/wp\/v2\/users\/3"}],"replies":[{"embeddable":true,"href":"https:\/\/www.aquimicasa.net\/blog\/wp-json\/wp\/v2\/comments?post=34324"}],"version-history":[{"count":2,"href":"https:\/\/www.aquimicasa.net\/blog\/wp-json\/wp\/v2\/posts\/34324\/revisions"}],"predecessor-version":[{"id":34326,"href":"https:\/\/www.aquimicasa.net\/blog\/wp-json\/wp\/v2\/posts\/34324\/revisions\/34326"}],"wp:featuredmedia":[{"embeddable":true,"href":"https:\/\/www.aquimicasa.net\/blog\/wp-json\/wp\/v2\/media\/16683"}],"wp:attachment":[{"href":"https:\/\/www.aquimicasa.net\/blog\/wp-json\/wp\/v2\/media?parent=34324"}],"wp:term":[{"taxonomy":"category","embeddable":true,"href":"https:\/\/www.aquimicasa.net\/blog\/wp-json\/wp\/v2\/categories?post=34324"},{"taxonomy":"post_tag","embeddable":true,"href":"https:\/\/www.aquimicasa.net\/blog\/wp-json\/wp\/v2\/tags?post=34324"}],"curies":[{"name":"wp","href":"https:\/\/api.w.org\/{rel}","templated":true}]}}