{"id":34447,"date":"2020-10-14T19:52:05","date_gmt":"2020-10-14T17:52:05","guid":{"rendered":"https:\/\/www.aquimicasa.net\/blog\/?p=34447"},"modified":"2020-10-14T19:52:05","modified_gmt":"2020-10-14T17:52:05","slug":"la-mayor-parte-de-los-espanoles-busca-una-vivienda-de-3-dormitorios","status":"publish","type":"post","link":"https:\/\/www.aquimicasa.net\/blog\/vivienda\/compraventa-de-viviendas\/la-mayor-parte-de-los-espanoles-busca-una-vivienda-de-3-dormitorios\/","title":{"rendered":"La mayor parte de los espa\u00f1oles busca una vivienda de 3 dormitorios"},"content":{"rendered":"<div class=\"fusion-fullwidth fullwidth-box fusion-builder-row-1 nonhundred-percent-fullwidth non-hundred-percent-height-scrolling\" style=\"background-color: rgba(255,255,255,0);background-position: center center;background-repeat: no-repeat;padding-top:0px;padding-right:0px;padding-bottom:0px;padding-left:0px;margin-bottom: 0px;margin-top: 0px;border-width: 0px 0px 0px 0px;border-color:#eae9e9;border-style:solid;\" ><div class=\"fusion-builder-row fusion-row\"><div class=\"fusion-layout-column fusion_builder_column fusion-builder-column-0 fusion_builder_column_1_1 1_1 fusion-one-full fusion-column-first fusion-column-last\" style=\"margin-top:0px;margin-bottom:0px;\"><div class=\"fusion-column-wrapper fusion-flex-column-wrapper-legacy\" style=\"background-position:left top;background-repeat:no-repeat;-webkit-background-size:cover;-moz-background-size:cover;-o-background-size:cover;background-size:cover;padding: 0px 0px 0px 0px;\"><div class=\"fusion-text fusion-text-1\"><p class=\"Standard\"><span class=\"Fuentedeprrafopredeter1\">La <strong>Organizaci\u00f3n de Consumidores y Usuarios (OCU)<\/strong>, ha publicado una encuesta sobre qu\u00e9 tipo de <strong>vivienda<\/strong> se busca en la actualidad y cu\u00e1ntas personas se plantean una compra o un alquiler ahora. <\/span><span class=\"Fuentedeprrafopredeter1\">Durante los meses de junio y julio de este a\u00f1o OCU ha entrevistado a 521 personas mayores de edad, con una distribuci\u00f3n geogr\u00e1fica a lo largo del pa\u00eds, y que es una muestra representativa de la poblaci\u00f3n.<\/span><\/p>\n<p><span class=\"Fuentedeprrafopredeter1\">\u00a0<\/span><span class=\"Fuentedeprrafopredeter1\">Seg\u00fan el resultado de la encuesta, un 87% est\u00e1 satisfecho con la vivienda actual, frente a un 13% que no lo est\u00e1. Entre los insatisfechos, hay un 12% que tiene intenci\u00f3n de cambiar de vivienda, pero el resto, tambi\u00e9n tiene ganas de realizar cambios en sus casas, seg\u00fan el siguiente detalle:<\/span><\/p>\n<p><span class=\"Fuentedeprrafopredeter1\">\u2022 Una reforma integral: 6%<\/span><\/p>\n<p><span class=\"Fuentedeprrafopredeter1\">\u2022 Cambio sistema calefacci\u00f3n: 6%<\/span><\/p>\n<p><span class=\"Fuentedeprrafopredeter1\">\u2022 Sistema refrigeraci\u00f3n: 7%<\/span><\/p>\n<p><span class=\"Fuentedeprrafopredeter1\">\u2022 Reforma de cocina: 7,5%<\/span><\/p>\n<p><span class=\"Fuentedeprrafopredeter1\">\u2022 Reforma de ba\u00f1os: 10%<\/span><\/p>\n<p><span class=\"Fuentedeprrafopredeter1\">\u2022 Otras reformas: 4% (por ejemplo, pintar: 3%).<\/span><\/p>\n<p><span class=\"Fuentedeprrafopredeter1\">\u00a0<\/span><span class=\"Fuentedeprrafopredeter1\">OCU pregunt\u00f3 a aquellos que tienen intenci\u00f3n de <strong>adquirir una vivienda<\/strong>\u00a0<\/span>o les gustar\u00eda comprar, pero ahora mismo no pueden,<strong>\u00a0<\/strong><span class=\"Fuentedeprrafopredeter1\">sobre sus preferencias para la nueva residencia y estos son los resultados:<\/span><\/p>\n<ul>\n<li><span class=\"Fuentedeprrafopredeter1\">Un 67% elegir\u00eda un piso, mientras que un 18% se ir\u00eda a un unifamiliar adosado o pareado y otro 15% optar\u00eda por un unifamiliar independiente.<\/span><\/li>\n<li><span class=\"Fuentedeprrafopredeter1\">Predomina la vivienda de tres dormitorios, pero le sigue la de dos a menor distancia. Tres de cada cinco buscan una casa con 3 dormitorios (44% en 2017). El 21% busca 2 dormitorios (36% en 2017), mientras que un 18% busca 4 o m\u00e1s (eran 12% en 2017). Solo un 1% busca de un dormitorio, frente al 7% en 2017. Es m\u00e1s, en 2017, hab\u00eda un porcentaje que quer\u00eda un estudio, pero en 2020 nadie ha optado por ello.<\/span><\/li>\n<li><span class=\"Fuentedeprrafopredeter1\">En relaci\u00f3n con la superficie del inmueble: Uno de cada tres quiere una vivienda de m\u00e1s de 100 m\u00b2 (23% en 2017), y nadie quiere una de menos de 50 m\u00b2, aunque en 2017 eran un 9%.<\/span><\/li>\n<li><span class=\"Fuentedeprrafopredeter1\">Otras caracter\u00edsticas: un 73% quiere una plaza de garaje, un 62% un trastero, un 68% una terraza, un 45% un jard\u00edn y un 29% una piscina.<\/span><\/li>\n<\/ul>\n<p>Otro aspecto importante se refiere al r\u00e9gimen de tenencia: un 45% contemplan la <strong>nueva vivienda en alquiler<\/strong>, frente al 52% que piensa en propiedad.<\/p>\n<p><span class=\"Fuentedeprrafopredeter1\">La tendencia actual hacia una vida m\u00e1s confortable fuera de las ciudades choca con la corriente de personas que sigue yendo hacia la gran ciudad en busca de trabajo o de servicios o comodidades que no encuen\u00adtran en su medio actual. Del total de encuestados, un 9 % tiene intenci\u00f3n de irse a vivir a otra localidad. La tendencia es mayor en quienes habitan en ciudades grandes\u00a0<\/span>de m\u00e1s de 100.000 habitantes y ciudades peque\u00f1as (entre 20.000 y 50.000 habitantes).\u00a0<span class=\"Fuentedeprrafopredeter1\">Se van mayoritariamente en alqui\u00adler (50 %), a una vivienda de entre 50-100 m\u00b2 (54 %), de dos dormitorios (50 %) o tres (31 %).<\/span><\/p>\n<p><span class=\"Fuentedeprrafopredeter1\">\u00a0<\/span><span class=\"Fuentedeprrafopredeter1\">En la pr\u00e1ctica, en el momento de realizar la encuesta las intenciones reales de llevar a cabo alguna operaci\u00f3n con inmuebles eran las siguientes:<\/span><\/p>\n<ul>\n<li><span class=\"Fuentedeprrafopredeter1\">Un 72% no se plan\u00adteaba realizar ninguna operaci\u00f3n por el momento.<\/span><\/li>\n<li><span class=\"Fuentedeprrafopredeter1\">Hay un 4% que s\u00ed tiene intenci\u00f3n de comprar, y otro 4% que va a vender.<\/span><\/li>\n<li><span class=\"Fuentedeprrafopredeter1\">Adem\u00e1s, existe otro 12% al que le gustar\u00eda comprar ahora una vivienda, pero no puede porque necesitan un descuento de entre 20-40 %, de media. Pero para un 23% de aquellos que querr\u00edan y no pueden, el descuento necesario deber\u00eda ser superior al 50%.<\/span><\/li>\n<\/ul>\n<p><span class=\"Fuentedeprrafopredeter1\">OCU considera que esto da una idea de la dificultad que muchos compradores potenciales encuentran a la hora de plantearse comprar una vivienda, por el desfase existente entre los precios medios y la capacidad de pago de los hogares, especial\u00admente de los j\u00f3venes, aunque no solo de ellos.<\/span><\/p>\n<p><span class=\"Fuentedeprrafopredeter1\">\u00a0<\/span><span class=\"Fuentedeprrafopredeter1\">La finalidad para la que se desea adquirir una vivienda ha variado respecto de lo manifestado en la encuesta anterior que hizo OCU en 2017. Entonces el 80% de quienes ten\u00edan intenci\u00f3n de comprar una vivienda buscaban su vivienda principal. Hoy son solo es un 29%, mientras que un 34% est\u00e1 pensando en una segunda residencia y un 21% se lo plantea como inversi\u00f3n. Un 62% de los compradores piensa en una casa usada y el 38% en una nueva.<\/span><\/p>\n<p><span class=\"Fuentedeprrafopredeter1\">\u00a0<\/span><span class=\"Fuentedeprrafopredeter1\">Por \u00faltimo, en relaci\u00f3n con los aspectos tenidos en cuenta en la elecci\u00f3n de la vivienda, seg\u00fan el grado de importancia que le dan los encuestados, del 1 a 10, respecto de 2017 OCU destaca el hecho de que la superficie ha perdido peso en la elecci\u00f3n, pasando de ser el segundo criterio al quinto. Sigue primando el precio, seguido de la seguridad del entorno. La disponibilidad de terraza o jard\u00edn es valorada con un 5,4\/10, por encima de la altura del piso en el bloque.<\/span><\/p>\n<p><span class=\"Fuentedeprrafopredeter1\">\u00a0<\/span><\/p>\n<\/div><div class=\"fusion-clearfix\"><\/div><\/div><\/div><\/div><\/div>\n","protected":false},"excerpt":{"rendered":"<p>La superficie ha perdido peso en la elecci\u00f3n, pasando de ser el segundo criterio al quinto. Sigue primando el precio, seguido de la seguridad del entorno. La disponibilidad de terraza o jard\u00edn es valorada con un 5,4\/10, por encima de la altura del piso en el bloque.<\/p>\n","protected":false},"author":3,"featured_media":28577,"comment_status":"open","ping_status":"open","sticky":false,"template":"","format":"standard","meta":{"_jetpack_memberships_contains_paid_content":false,"footnotes":"","jetpack_publicize_message":"","jetpack_publicize_feature_enabled":true,"jetpack_social_post_already_shared":true,"jetpack_social_options":{"image_generator_settings":{"template":"highway","default_image_id":0,"font":"","enabled":false},"version":2}},"categories":[100,7565],"tags":[7912],"class_list":["post-34447","post","type-post","status-publish","format-standard","has-post-thumbnail","hentry","category-compraventa-de-viviendas","category-noticias-mercado-inmobiliario","tag-newsletter-275"],"yoast_head":"<!-- This site is optimized with the Yoast SEO plugin v28.2 - https:\/\/yoast.com\/product\/yoast-seo-wordpress\/ -->\n<title>La mayor parte de los espa\u00f1oles busca una vivienda de 3 dormitorios<\/title>\n<meta name=\"description\" content=\"Un 67% elegir\u00eda un piso, mientras que un 18% se ir\u00eda a un unifamiliar adosado o pareado y otro 15% optar\u00eda por un unifamiliar independiente.\" \/>\n<meta name=\"robots\" content=\"index, follow, max-snippet:-1, max-image-preview:large, max-video-preview:-1\" \/>\n<link rel=\"canonical\" href=\"https:\/\/www.aquimicasa.net\/blog\/vivienda\/compraventa-de-viviendas\/la-mayor-parte-de-los-espanoles-busca-una-vivienda-de-3-dormitorios\/\" \/>\n<meta property=\"og:locale\" content=\"es_ES\" \/>\n<meta property=\"og:type\" content=\"article\" \/>\n<meta property=\"og:title\" content=\"La mayor parte de los espa\u00f1oles busca una vivienda de 3 dormitorios\" \/>\n<meta property=\"og:description\" content=\"Un 67% elegir\u00eda un piso, mientras que un 18% se ir\u00eda a un unifamiliar adosado o pareado y otro 15% optar\u00eda por un unifamiliar independiente.\" \/>\n<meta property=\"og:url\" content=\"https:\/\/www.aquimicasa.net\/blog\/vivienda\/compraventa-de-viviendas\/la-mayor-parte-de-los-espanoles-busca-una-vivienda-de-3-dormitorios\/\" \/>\n<meta property=\"og:site_name\" content=\"Blog de aquimicasa.net\" \/>\n<meta property=\"article:publisher\" content=\"https:\/\/www.facebook.com\/aquimicasa.net\" \/>\n<meta property=\"article:published_time\" content=\"2020-10-14T17:52:05+00:00\" \/>\n<meta property=\"og:image\" content=\"https:\/\/www.aquimicasa.net\/blog\/wp-content\/uploads\/Crisis-inmobiliaria3-scaled-e1595196132369.jpg\" \/>\n\t<meta property=\"og:image:width\" content=\"400\" \/>\n\t<meta property=\"og:image:height\" content=\"267\" \/>\n\t<meta property=\"og:image:type\" content=\"image\/jpeg\" \/>\n<meta name=\"author\" content=\"Eduardo Lizarraga\" \/>\n<meta name=\"twitter:label1\" content=\"Escrito por\" \/>\n\t<meta name=\"twitter:data1\" content=\"Eduardo Lizarraga\" \/>\n\t<meta name=\"twitter:label2\" content=\"Tiempo de lectura\" \/>\n\t<meta name=\"twitter:data2\" content=\"5 minutos\" \/>\n<script type=\"application\/ld+json\" class=\"yoast-schema-graph\">{\"@context\":\"https:\\\/\\\/schema.org\",\"@graph\":[{\"@type\":\"Article\",\"@id\":\"https:\\\/\\\/www.aquimicasa.net\\\/blog\\\/vivienda\\\/compraventa-de-viviendas\\\/la-mayor-parte-de-los-espanoles-busca-una-vivienda-de-3-dormitorios\\\/#article\",\"isPartOf\":{\"@id\":\"https:\\\/\\\/www.aquimicasa.net\\\/blog\\\/vivienda\\\/compraventa-de-viviendas\\\/la-mayor-parte-de-los-espanoles-busca-una-vivienda-de-3-dormitorios\\\/\"},\"author\":{\"name\":\"Eduardo Lizarraga\",\"@id\":\"https:\\\/\\\/www.aquimicasa.net\\\/blog\\\/#\\\/schema\\\/person\\\/2cdfa2605534583395c8d7ce1d6cac14\"},\"headline\":\"La mayor parte de los espa\u00f1oles busca una vivienda de 3 dormitorios\",\"datePublished\":\"2020-10-14T17:52:05+00:00\",\"mainEntityOfPage\":{\"@id\":\"https:\\\/\\\/www.aquimicasa.net\\\/blog\\\/vivienda\\\/compraventa-de-viviendas\\\/la-mayor-parte-de-los-espanoles-busca-una-vivienda-de-3-dormitorios\\\/\"},\"wordCount\":1006,\"commentCount\":0,\"publisher\":{\"@id\":\"https:\\\/\\\/www.aquimicasa.net\\\/blog\\\/#organization\"},\"image\":{\"@id\":\"https:\\\/\\\/www.aquimicasa.net\\\/blog\\\/vivienda\\\/compraventa-de-viviendas\\\/la-mayor-parte-de-los-espanoles-busca-una-vivienda-de-3-dormitorios\\\/#primaryimage\"},\"thumbnailUrl\":\"https:\\\/\\\/www.aquimicasa.net\\\/blog\\\/wp-content\\\/uploads\\\/Crisis-inmobiliaria3-scaled-e1595196132369.jpg\",\"keywords\":[\"newsletter 275\"],\"articleSection\":[\"Compra Venta\",\"Noticias Mercado Inmobiliario\"],\"inLanguage\":\"es\",\"potentialAction\":[{\"@type\":\"CommentAction\",\"name\":\"Comment\",\"target\":[\"https:\\\/\\\/www.aquimicasa.net\\\/blog\\\/vivienda\\\/compraventa-de-viviendas\\\/la-mayor-parte-de-los-espanoles-busca-una-vivienda-de-3-dormitorios\\\/#respond\"]}]},{\"@type\":\"WebPage\",\"@id\":\"https:\\\/\\\/www.aquimicasa.net\\\/blog\\\/vivienda\\\/compraventa-de-viviendas\\\/la-mayor-parte-de-los-espanoles-busca-una-vivienda-de-3-dormitorios\\\/\",\"url\":\"https:\\\/\\\/www.aquimicasa.net\\\/blog\\\/vivienda\\\/compraventa-de-viviendas\\\/la-mayor-parte-de-los-espanoles-busca-una-vivienda-de-3-dormitorios\\\/\",\"name\":\"La mayor parte de los espa\u00f1oles busca una vivienda de 3 dormitorios\",\"isPartOf\":{\"@id\":\"https:\\\/\\\/www.aquimicasa.net\\\/blog\\\/#website\"},\"primaryImageOfPage\":{\"@id\":\"https:\\\/\\\/www.aquimicasa.net\\\/blog\\\/vivienda\\\/compraventa-de-viviendas\\\/la-mayor-parte-de-los-espanoles-busca-una-vivienda-de-3-dormitorios\\\/#primaryimage\"},\"image\":{\"@id\":\"https:\\\/\\\/www.aquimicasa.net\\\/blog\\\/vivienda\\\/compraventa-de-viviendas\\\/la-mayor-parte-de-los-espanoles-busca-una-vivienda-de-3-dormitorios\\\/#primaryimage\"},\"thumbnailUrl\":\"https:\\\/\\\/www.aquimicasa.net\\\/blog\\\/wp-content\\\/uploads\\\/Crisis-inmobiliaria3-scaled-e1595196132369.jpg\",\"datePublished\":\"2020-10-14T17:52:05+00:00\",\"description\":\"Un 67% elegir\u00eda un piso, mientras que un 18% se ir\u00eda a un unifamiliar adosado o pareado y otro 15% optar\u00eda por un unifamiliar independiente.\",\"breadcrumb\":{\"@id\":\"https:\\\/\\\/www.aquimicasa.net\\\/blog\\\/vivienda\\\/compraventa-de-viviendas\\\/la-mayor-parte-de-los-espanoles-busca-una-vivienda-de-3-dormitorios\\\/#breadcrumb\"},\"inLanguage\":\"es\",\"potentialAction\":[{\"@type\":\"ReadAction\",\"target\":[\"https:\\\/\\\/www.aquimicasa.net\\\/blog\\\/vivienda\\\/compraventa-de-viviendas\\\/la-mayor-parte-de-los-espanoles-busca-una-vivienda-de-3-dormitorios\\\/\"]}]},{\"@type\":\"ImageObject\",\"inLanguage\":\"es\",\"@id\":\"https:\\\/\\\/www.aquimicasa.net\\\/blog\\\/vivienda\\\/compraventa-de-viviendas\\\/la-mayor-parte-de-los-espanoles-busca-una-vivienda-de-3-dormitorios\\\/#primaryimage\",\"url\":\"https:\\\/\\\/www.aquimicasa.net\\\/blog\\\/wp-content\\\/uploads\\\/Crisis-inmobiliaria3-scaled-e1595196132369.jpg\",\"contentUrl\":\"https:\\\/\\\/www.aquimicasa.net\\\/blog\\\/wp-content\\\/uploads\\\/Crisis-inmobiliaria3-scaled-e1595196132369.jpg\",\"width\":400,\"height\":267,\"caption\":\"Precios de la vivienda en julio\"},{\"@type\":\"BreadcrumbList\",\"@id\":\"https:\\\/\\\/www.aquimicasa.net\\\/blog\\\/vivienda\\\/compraventa-de-viviendas\\\/la-mayor-parte-de-los-espanoles-busca-una-vivienda-de-3-dormitorios\\\/#breadcrumb\",\"itemListElement\":[{\"@type\":\"ListItem\",\"position\":1,\"name\":\"Portada\",\"item\":\"https:\\\/\\\/www.aquimicasa.net\\\/blog\\\/\"},{\"@type\":\"ListItem\",\"position\":2,\"name\":\"La mayor parte de los espa\u00f1oles busca una vivienda de 3 dormitorios\"}]},{\"@type\":\"WebSite\",\"@id\":\"https:\\\/\\\/www.aquimicasa.net\\\/blog\\\/#website\",\"url\":\"https:\\\/\\\/www.aquimicasa.net\\\/blog\\\/\",\"name\":\"Blog de aquimicasa.net\",\"description\":\"Noticias del Mundo Inmobiliario\",\"publisher\":{\"@id\":\"https:\\\/\\\/www.aquimicasa.net\\\/blog\\\/#organization\"},\"potentialAction\":[{\"@type\":\"SearchAction\",\"target\":{\"@type\":\"EntryPoint\",\"urlTemplate\":\"https:\\\/\\\/www.aquimicasa.net\\\/blog\\\/?s={search_term_string}\"},\"query-input\":{\"@type\":\"PropertyValueSpecification\",\"valueRequired\":true,\"valueName\":\"search_term_string\"}}],\"inLanguage\":\"es\"},{\"@type\":\"Organization\",\"@id\":\"https:\\\/\\\/www.aquimicasa.net\\\/blog\\\/#organization\",\"name\":\"Blog de aquimicasa.net\",\"url\":\"https:\\\/\\\/www.aquimicasa.net\\\/blog\\\/\",\"logo\":{\"@type\":\"ImageObject\",\"inLanguage\":\"es\",\"@id\":\"https:\\\/\\\/www.aquimicasa.net\\\/blog\\\/#\\\/schema\\\/logo\\\/image\\\/\",\"url\":\"https:\\\/\\\/www.aquimicasa.net\\\/blog\\\/wp-content\\\/uploads\\\/Logo-aquimicasa-1-e1528048213782.png\",\"contentUrl\":\"https:\\\/\\\/www.aquimicasa.net\\\/blog\\\/wp-content\\\/uploads\\\/Logo-aquimicasa-1-e1528048213782.png\",\"width\":225,\"height\":225,\"caption\":\"Blog de aquimicasa.net\"},\"image\":{\"@id\":\"https:\\\/\\\/www.aquimicasa.net\\\/blog\\\/#\\\/schema\\\/logo\\\/image\\\/\"},\"sameAs\":[\"https:\\\/\\\/www.facebook.com\\\/aquimicasa.net\",\"https:\\\/\\\/www.instagram.com\\\/\",\"https:\\\/\\\/x.com\\\/EduLizarragaD\",\"https:\\\/\\\/www.linkedin.com\\\/feed\\\/\"]},{\"@type\":\"Person\",\"@id\":\"https:\\\/\\\/www.aquimicasa.net\\\/blog\\\/#\\\/schema\\\/person\\\/2cdfa2605534583395c8d7ce1d6cac14\",\"name\":\"Eduardo Lizarraga\",\"image\":{\"@type\":\"ImageObject\",\"inLanguage\":\"es\",\"@id\":\"https:\\\/\\\/secure.gravatar.com\\\/avatar\\\/bdabe1eeeed97b65a9cb7de2edd624b07995f7e13abc5fead15961f745f908cc?s=96&d=mm&r=g\",\"url\":\"https:\\\/\\\/secure.gravatar.com\\\/avatar\\\/bdabe1eeeed97b65a9cb7de2edd624b07995f7e13abc5fead15961f745f908cc?s=96&d=mm&r=g\",\"contentUrl\":\"https:\\\/\\\/secure.gravatar.com\\\/avatar\\\/bdabe1eeeed97b65a9cb7de2edd624b07995f7e13abc5fead15961f745f908cc?s=96&d=mm&r=g\",\"caption\":\"Eduardo Lizarraga\"},\"description\":\"Periodista Econ\u00f3mico. Ha trabajado en diversos campos de la informaci\u00f3n. Corresponsal en conflictos, analista pol\u00edtico en Congreso y Senado, periodista del medio ambiente, editor, director editorial, director de comunicaci\u00f3n.... En estos momentos se ha especializado en el sector inmobiliario. Pero tambi\u00e9n es navegante y viajero, preocupado por la pobreza, el medio ambiente y por las actuaciones descontroladas del neoliberalismo empresarial y pol\u00edtico en todo el mundo. Los desahucios, la pobreza infantil y la falta de acceso a los suministros b\u00e1sicos son algunos de los grandes dramas de nuestra sociedad y que es preciso solucionar para hacerla m\u00e1s justa. CEO en www.aquimicasa.net\",\"sameAs\":[\"https:\\\/\\\/www.aquimicasa.net\\\/\"],\"url\":\"https:\\\/\\\/www.aquimicasa.net\\\/blog\\\/author\\\/eduardo\\\/\"}]}<\/script>\n<!-- \/ Yoast SEO plugin. -->","yoast_head_json":{"title":"La mayor parte de los espa\u00f1oles busca una vivienda de 3 dormitorios","description":"Un 67% elegir\u00eda un piso, mientras que un 18% se ir\u00eda a un unifamiliar adosado o pareado y otro 15% optar\u00eda por un unifamiliar independiente.","robots":{"index":"index","follow":"follow","max-snippet":"max-snippet:-1","max-image-preview":"max-image-preview:large","max-video-preview":"max-video-preview:-1"},"canonical":"https:\/\/www.aquimicasa.net\/blog\/vivienda\/compraventa-de-viviendas\/la-mayor-parte-de-los-espanoles-busca-una-vivienda-de-3-dormitorios\/","og_locale":"es_ES","og_type":"article","og_title":"La mayor parte de los espa\u00f1oles busca una vivienda de 3 dormitorios","og_description":"Un 67% elegir\u00eda un piso, mientras que un 18% se ir\u00eda a un unifamiliar adosado o pareado y otro 15% optar\u00eda por un unifamiliar independiente.","og_url":"https:\/\/www.aquimicasa.net\/blog\/vivienda\/compraventa-de-viviendas\/la-mayor-parte-de-los-espanoles-busca-una-vivienda-de-3-dormitorios\/","og_site_name":"Blog de aquimicasa.net","article_publisher":"https:\/\/www.facebook.com\/aquimicasa.net","article_published_time":"2020-10-14T17:52:05+00:00","og_image":[{"width":400,"height":267,"url":"https:\/\/www.aquimicasa.net\/blog\/wp-content\/uploads\/Crisis-inmobiliaria3-scaled-e1595196132369.jpg","type":"image\/jpeg"}],"author":"Eduardo Lizarraga","twitter_misc":{"Escrito por":"Eduardo Lizarraga","Tiempo de lectura":"5 minutos"},"schema":{"@context":"https:\/\/schema.org","@graph":[{"@type":"Article","@id":"https:\/\/www.aquimicasa.net\/blog\/vivienda\/compraventa-de-viviendas\/la-mayor-parte-de-los-espanoles-busca-una-vivienda-de-3-dormitorios\/#article","isPartOf":{"@id":"https:\/\/www.aquimicasa.net\/blog\/vivienda\/compraventa-de-viviendas\/la-mayor-parte-de-los-espanoles-busca-una-vivienda-de-3-dormitorios\/"},"author":{"name":"Eduardo Lizarraga","@id":"https:\/\/www.aquimicasa.net\/blog\/#\/schema\/person\/2cdfa2605534583395c8d7ce1d6cac14"},"headline":"La mayor parte de los espa\u00f1oles busca una vivienda de 3 dormitorios","datePublished":"2020-10-14T17:52:05+00:00","mainEntityOfPage":{"@id":"https:\/\/www.aquimicasa.net\/blog\/vivienda\/compraventa-de-viviendas\/la-mayor-parte-de-los-espanoles-busca-una-vivienda-de-3-dormitorios\/"},"wordCount":1006,"commentCount":0,"publisher":{"@id":"https:\/\/www.aquimicasa.net\/blog\/#organization"},"image":{"@id":"https:\/\/www.aquimicasa.net\/blog\/vivienda\/compraventa-de-viviendas\/la-mayor-parte-de-los-espanoles-busca-una-vivienda-de-3-dormitorios\/#primaryimage"},"thumbnailUrl":"https:\/\/www.aquimicasa.net\/blog\/wp-content\/uploads\/Crisis-inmobiliaria3-scaled-e1595196132369.jpg","keywords":["newsletter 275"],"articleSection":["Compra Venta","Noticias Mercado Inmobiliario"],"inLanguage":"es","potentialAction":[{"@type":"CommentAction","name":"Comment","target":["https:\/\/www.aquimicasa.net\/blog\/vivienda\/compraventa-de-viviendas\/la-mayor-parte-de-los-espanoles-busca-una-vivienda-de-3-dormitorios\/#respond"]}]},{"@type":"WebPage","@id":"https:\/\/www.aquimicasa.net\/blog\/vivienda\/compraventa-de-viviendas\/la-mayor-parte-de-los-espanoles-busca-una-vivienda-de-3-dormitorios\/","url":"https:\/\/www.aquimicasa.net\/blog\/vivienda\/compraventa-de-viviendas\/la-mayor-parte-de-los-espanoles-busca-una-vivienda-de-3-dormitorios\/","name":"La mayor parte de los espa\u00f1oles busca una vivienda de 3 dormitorios","isPartOf":{"@id":"https:\/\/www.aquimicasa.net\/blog\/#website"},"primaryImageOfPage":{"@id":"https:\/\/www.aquimicasa.net\/blog\/vivienda\/compraventa-de-viviendas\/la-mayor-parte-de-los-espanoles-busca-una-vivienda-de-3-dormitorios\/#primaryimage"},"image":{"@id":"https:\/\/www.aquimicasa.net\/blog\/vivienda\/compraventa-de-viviendas\/la-mayor-parte-de-los-espanoles-busca-una-vivienda-de-3-dormitorios\/#primaryimage"},"thumbnailUrl":"https:\/\/www.aquimicasa.net\/blog\/wp-content\/uploads\/Crisis-inmobiliaria3-scaled-e1595196132369.jpg","datePublished":"2020-10-14T17:52:05+00:00","description":"Un 67% elegir\u00eda un piso, mientras que un 18% se ir\u00eda a un unifamiliar adosado o pareado y otro 15% optar\u00eda por un unifamiliar independiente.","breadcrumb":{"@id":"https:\/\/www.aquimicasa.net\/blog\/vivienda\/compraventa-de-viviendas\/la-mayor-parte-de-los-espanoles-busca-una-vivienda-de-3-dormitorios\/#breadcrumb"},"inLanguage":"es","potentialAction":[{"@type":"ReadAction","target":["https:\/\/www.aquimicasa.net\/blog\/vivienda\/compraventa-de-viviendas\/la-mayor-parte-de-los-espanoles-busca-una-vivienda-de-3-dormitorios\/"]}]},{"@type":"ImageObject","inLanguage":"es","@id":"https:\/\/www.aquimicasa.net\/blog\/vivienda\/compraventa-de-viviendas\/la-mayor-parte-de-los-espanoles-busca-una-vivienda-de-3-dormitorios\/#primaryimage","url":"https:\/\/www.aquimicasa.net\/blog\/wp-content\/uploads\/Crisis-inmobiliaria3-scaled-e1595196132369.jpg","contentUrl":"https:\/\/www.aquimicasa.net\/blog\/wp-content\/uploads\/Crisis-inmobiliaria3-scaled-e1595196132369.jpg","width":400,"height":267,"caption":"Precios de la vivienda en julio"},{"@type":"BreadcrumbList","@id":"https:\/\/www.aquimicasa.net\/blog\/vivienda\/compraventa-de-viviendas\/la-mayor-parte-de-los-espanoles-busca-una-vivienda-de-3-dormitorios\/#breadcrumb","itemListElement":[{"@type":"ListItem","position":1,"name":"Portada","item":"https:\/\/www.aquimicasa.net\/blog\/"},{"@type":"ListItem","position":2,"name":"La mayor parte de los espa\u00f1oles busca una vivienda de 3 dormitorios"}]},{"@type":"WebSite","@id":"https:\/\/www.aquimicasa.net\/blog\/#website","url":"https:\/\/www.aquimicasa.net\/blog\/","name":"Blog de aquimicasa.net","description":"Noticias del Mundo Inmobiliario","publisher":{"@id":"https:\/\/www.aquimicasa.net\/blog\/#organization"},"potentialAction":[{"@type":"SearchAction","target":{"@type":"EntryPoint","urlTemplate":"https:\/\/www.aquimicasa.net\/blog\/?s={search_term_string}"},"query-input":{"@type":"PropertyValueSpecification","valueRequired":true,"valueName":"search_term_string"}}],"inLanguage":"es"},{"@type":"Organization","@id":"https:\/\/www.aquimicasa.net\/blog\/#organization","name":"Blog de aquimicasa.net","url":"https:\/\/www.aquimicasa.net\/blog\/","logo":{"@type":"ImageObject","inLanguage":"es","@id":"https:\/\/www.aquimicasa.net\/blog\/#\/schema\/logo\/image\/","url":"https:\/\/www.aquimicasa.net\/blog\/wp-content\/uploads\/Logo-aquimicasa-1-e1528048213782.png","contentUrl":"https:\/\/www.aquimicasa.net\/blog\/wp-content\/uploads\/Logo-aquimicasa-1-e1528048213782.png","width":225,"height":225,"caption":"Blog de aquimicasa.net"},"image":{"@id":"https:\/\/www.aquimicasa.net\/blog\/#\/schema\/logo\/image\/"},"sameAs":["https:\/\/www.facebook.com\/aquimicasa.net","https:\/\/www.instagram.com\/","https:\/\/x.com\/EduLizarragaD","https:\/\/www.linkedin.com\/feed\/"]},{"@type":"Person","@id":"https:\/\/www.aquimicasa.net\/blog\/#\/schema\/person\/2cdfa2605534583395c8d7ce1d6cac14","name":"Eduardo Lizarraga","image":{"@type":"ImageObject","inLanguage":"es","@id":"https:\/\/secure.gravatar.com\/avatar\/bdabe1eeeed97b65a9cb7de2edd624b07995f7e13abc5fead15961f745f908cc?s=96&d=mm&r=g","url":"https:\/\/secure.gravatar.com\/avatar\/bdabe1eeeed97b65a9cb7de2edd624b07995f7e13abc5fead15961f745f908cc?s=96&d=mm&r=g","contentUrl":"https:\/\/secure.gravatar.com\/avatar\/bdabe1eeeed97b65a9cb7de2edd624b07995f7e13abc5fead15961f745f908cc?s=96&d=mm&r=g","caption":"Eduardo Lizarraga"},"description":"Periodista Econ\u00f3mico. Ha trabajado en diversos campos de la informaci\u00f3n. Corresponsal en conflictos, analista pol\u00edtico en Congreso y Senado, periodista del medio ambiente, editor, director editorial, director de comunicaci\u00f3n.... En estos momentos se ha especializado en el sector inmobiliario. Pero tambi\u00e9n es navegante y viajero, preocupado por la pobreza, el medio ambiente y por las actuaciones descontroladas del neoliberalismo empresarial y pol\u00edtico en todo el mundo. Los desahucios, la pobreza infantil y la falta de acceso a los suministros b\u00e1sicos son algunos de los grandes dramas de nuestra sociedad y que es preciso solucionar para hacerla m\u00e1s justa. CEO en www.aquimicasa.net","sameAs":["https:\/\/www.aquimicasa.net\/"],"url":"https:\/\/www.aquimicasa.net\/blog\/author\/eduardo\/"}]}},"jetpack_publicize_connections":[],"jetpack_featured_media_url":"https:\/\/www.aquimicasa.net\/blog\/wp-content\/uploads\/Crisis-inmobiliaria3-scaled-e1595196132369.jpg","jetpack_sharing_enabled":true,"jetpack_likes_enabled":true,"_links":{"self":[{"href":"https:\/\/www.aquimicasa.net\/blog\/wp-json\/wp\/v2\/posts\/34447","targetHints":{"allow":["GET"]}}],"collection":[{"href":"https:\/\/www.aquimicasa.net\/blog\/wp-json\/wp\/v2\/posts"}],"about":[{"href":"https:\/\/www.aquimicasa.net\/blog\/wp-json\/wp\/v2\/types\/post"}],"author":[{"embeddable":true,"href":"https:\/\/www.aquimicasa.net\/blog\/wp-json\/wp\/v2\/users\/3"}],"replies":[{"embeddable":true,"href":"https:\/\/www.aquimicasa.net\/blog\/wp-json\/wp\/v2\/comments?post=34447"}],"version-history":[{"count":2,"href":"https:\/\/www.aquimicasa.net\/blog\/wp-json\/wp\/v2\/posts\/34447\/revisions"}],"predecessor-version":[{"id":34449,"href":"https:\/\/www.aquimicasa.net\/blog\/wp-json\/wp\/v2\/posts\/34447\/revisions\/34449"}],"wp:featuredmedia":[{"embeddable":true,"href":"https:\/\/www.aquimicasa.net\/blog\/wp-json\/wp\/v2\/media\/28577"}],"wp:attachment":[{"href":"https:\/\/www.aquimicasa.net\/blog\/wp-json\/wp\/v2\/media?parent=34447"}],"wp:term":[{"taxonomy":"category","embeddable":true,"href":"https:\/\/www.aquimicasa.net\/blog\/wp-json\/wp\/v2\/categories?post=34447"},{"taxonomy":"post_tag","embeddable":true,"href":"https:\/\/www.aquimicasa.net\/blog\/wp-json\/wp\/v2\/tags?post=34447"}],"curies":[{"name":"wp","href":"https:\/\/api.w.org\/{rel}","templated":true}]}}