{"id":35060,"date":"2020-12-12T00:29:13","date_gmt":"2020-12-11T23:29:13","guid":{"rendered":"https:\/\/www.aquimicasa.net\/blog\/?p=35060"},"modified":"2020-12-12T00:29:13","modified_gmt":"2020-12-11T23:29:13","slug":"en-el-ano-de-internet-los-ciberdelincuentes-hacen-su-agosto","status":"publish","type":"post","link":"https:\/\/www.aquimicasa.net\/blog\/consumo\/noticias-consumo\/en-el-ano-de-internet-los-ciberdelincuentes-hacen-su-agosto\/","title":{"rendered":"En el a\u00f1o de internet los ciberdelincuentes hacen su agosto"},"content":{"rendered":"<div class=\"fusion-fullwidth fullwidth-box fusion-builder-row-1 nonhundred-percent-fullwidth non-hundred-percent-height-scrolling\" style=\"background-color: rgba(255,255,255,0);background-position: center center;background-repeat: no-repeat;padding-top:0px;padding-right:0px;padding-bottom:0px;padding-left:0px;margin-bottom: 0px;margin-top: 0px;border-width: 0px 0px 0px 0px;border-color:#eae9e9;border-style:solid;\" ><div class=\"fusion-builder-row fusion-row\"><div class=\"fusion-layout-column fusion_builder_column fusion-builder-column-0 fusion_builder_column_1_1 1_1 fusion-one-full fusion-column-first fusion-column-last\" style=\"margin-top:0px;margin-bottom:0px;\"><div class=\"fusion-column-wrapper fusion-flex-column-wrapper-legacy\" style=\"background-position:left top;background-repeat:no-repeat;-webkit-background-size:cover;-moz-background-size:cover;-o-background-size:cover;background-size:cover;padding: 0px 0px 0px 0px;\"><div class=\"fusion-text fusion-text-1\"><p>Los sucesivos confinamientos y limitaciones al movimiento han propiciado que internet est\u00e9 teniendo un desarrollo que nadie esperaba. Durante semanas y hasta meses el ordenador o el m\u00f3vil han sido nuestra ventana al mundo y tambi\u00e9n la forma de comprar con el resto cerrado. El impulso ya no lo para nadie. Pero la circunstancia tambi\u00e9n est\u00e1 siendo aprovechada por los <strong>ciberdelincuentes<\/strong> que todas las semanas lanzan <strong>phishings<\/strong> para los menos avisados.<\/p>\n<p>La <strong>Oficina de Seguridad del Internauta (OSI)<\/strong> ha alertado de un falso correo electr\u00f3nico con informaci\u00f3n sobre restricciones perimetrales por el Covid-19 que instala <em>malware<\/em> -un archivo malicioso- si se accede al enlace que contiene. El organismo,\u00a0dependiente del Instituto Nacional de Ciberseguridad (Incibe), indica que esta campa\u00f1a de\u00a0<em>phishing<\/em>\u00a0suplanta al Ministerio de Sanidad para infectar los equipos de los usuarios.<\/p>\n<p>El correo electr\u00f3nico se env\u00eda desde una direcci\u00f3n que suplanta el dominio del Gobierno -gob.es- y con el asunto \u00ab<em>Comunicacion Urgente &#8211; COVID-19. &#8211; [ id xxxxxx]<\/em>\u00ab, aunque no descarta la existencia de otros asuntos parecidos. Para dar mayor credibilidad, incluye la URL de La Moncloa, aunque no se trata de un enlace clicable, y un mapa de Espa\u00f1a que simula representar el <strong>impacto del Covid-19<\/strong> en el pa\u00eds.<\/p>\n<p>La OSI indica que el correo alerta a los usuarios de que hay nuevas<strong> restricciones en su municipio<\/strong> y que para comprobarlo deben descargar el archivo adjunto pulsando en un enlace. El texto que aparece presenta diversas faltas de ortograf\u00eda, lo que da indicios de que pueda ser un texto traducido desde otro idioma.<\/p>\n<div class=\"imagenContenido\"><img decoding=\"async\" class=\"no-redimensionar\" title=\"Ejemplo del correo fraudulento. | Imagen: OSI.\" src=\"https:\/\/www.facua.org\/es\/images\/noticia16214h_2.jpg\" alt=\"\" \/><\/div>\n<p>Si el usuario hace clic en el enlace para acceder al supuesto archivo con las restricciones, el\u00a0<strong><em>malware<\/em><\/strong>\u00a0se descarga autom\u00e1ticamente en un archivo .zip e infecta el equipo.<\/p>\n<p>La OSI recomienda a los usuarios que reciban este mensaje que lo ignoren y no accedan en ning\u00fan caso a los enlaces que contenga.\u00a0De igual forma, aconseja <strong>no abrir ni responder nunca a correos electr\u00f3nicos,<\/strong> no acceder a p\u00e1ginas web que no inspiren confianza y tener siempre actualizados el sistema operativo y el antivirus<\/p>\n<\/div><div class=\"fusion-clearfix\"><\/div><\/div><\/div><\/div><\/div>\n","protected":false},"excerpt":{"rendered":"<p>La Oficina de Seguridad del Internauta (OSI) ha alertado de un falso correo electr\u00f3nico con informaci\u00f3n sobre restricciones perimetrales por el Covid-19 que instala malware -un archivo malicioso- si se accede al enlace que contiene.<\/p>\n","protected":false},"author":3,"featured_media":0,"comment_status":"open","ping_status":"open","sticky":false,"template":"","format":"standard","meta":{"_jetpack_memberships_contains_paid_content":false,"footnotes":"","jetpack_publicize_message":"","jetpack_publicize_feature_enabled":true,"jetpack_social_post_already_shared":true,"jetpack_social_options":{"image_generator_settings":{"template":"highway","default_image_id":0,"font":"","enabled":false},"version":2}},"categories":[7563,7564],"tags":[7537,7924],"class_list":["post-35060","post","type-post","status-publish","format-standard","hentry","category-noticias-consumo","category-noticias-economia","tag-coronavirus","tag-newsletter-284"],"yoast_head":"<!-- This site is optimized with the Yoast SEO plugin v27.4 - https:\/\/yoast.com\/product\/yoast-seo-wordpress\/ -->\n<title>En el a\u00f1o de internet los ciberdelincuentes hacen su agosto<\/title>\n<meta name=\"description\" content=\"La Oficina de Seguridad del Internauta (OSI) alerta de un falso correo electr\u00f3nico con informaci\u00f3n de restricciones perimetrales por Covid-19\" \/>\n<meta name=\"robots\" content=\"index, follow, max-snippet:-1, max-image-preview:large, max-video-preview:-1\" \/>\n<link rel=\"canonical\" href=\"https:\/\/www.aquimicasa.net\/blog\/consumo\/noticias-consumo\/en-el-ano-de-internet-los-ciberdelincuentes-hacen-su-agosto\/\" \/>\n<meta property=\"og:locale\" content=\"es_ES\" \/>\n<meta property=\"og:type\" content=\"article\" \/>\n<meta property=\"og:title\" content=\"En el a\u00f1o de internet los ciberdelincuentes hacen su agosto\" \/>\n<meta property=\"og:description\" content=\"La Oficina de Seguridad del Internauta (OSI) alerta de un falso correo electr\u00f3nico con informaci\u00f3n de restricciones perimetrales por Covid-19\" \/>\n<meta property=\"og:url\" content=\"https:\/\/www.aquimicasa.net\/blog\/consumo\/noticias-consumo\/en-el-ano-de-internet-los-ciberdelincuentes-hacen-su-agosto\/\" \/>\n<meta property=\"og:site_name\" content=\"Blog de aquimicasa.net\" \/>\n<meta property=\"article:publisher\" content=\"https:\/\/www.facebook.com\/aquimicasa.net\" \/>\n<meta property=\"article:published_time\" content=\"2020-12-11T23:29:13+00:00\" \/>\n<meta property=\"og:image\" content=\"https:\/\/www.aquimicasa.net\/blog\/wp-content\/uploads\/ciberdelincuentes4.jpg\" \/>\n\t<meta property=\"og:image:width\" content=\"370\" \/>\n\t<meta property=\"og:image:height\" content=\"250\" \/>\n\t<meta property=\"og:image:type\" content=\"image\/jpeg\" \/>\n<meta name=\"author\" content=\"Eduardo Lizarraga\" \/>\n<meta name=\"twitter:label1\" content=\"Escrito por\" \/>\n\t<meta name=\"twitter:data1\" content=\"Eduardo Lizarraga\" \/>\n\t<meta name=\"twitter:label2\" content=\"Tiempo de lectura\" \/>\n\t<meta name=\"twitter:data2\" content=\"3 minutos\" \/>\n<script type=\"application\/ld+json\" class=\"yoast-schema-graph\">{\"@context\":\"https:\\\/\\\/schema.org\",\"@graph\":[{\"@type\":\"Article\",\"@id\":\"https:\\\/\\\/www.aquimicasa.net\\\/blog\\\/consumo\\\/noticias-consumo\\\/en-el-ano-de-internet-los-ciberdelincuentes-hacen-su-agosto\\\/#article\",\"isPartOf\":{\"@id\":\"https:\\\/\\\/www.aquimicasa.net\\\/blog\\\/consumo\\\/noticias-consumo\\\/en-el-ano-de-internet-los-ciberdelincuentes-hacen-su-agosto\\\/\"},\"author\":{\"name\":\"Eduardo Lizarraga\",\"@id\":\"https:\\\/\\\/www.aquimicasa.net\\\/blog\\\/#\\\/schema\\\/person\\\/2cdfa2605534583395c8d7ce1d6cac14\"},\"headline\":\"En el a\u00f1o de internet los ciberdelincuentes hacen su agosto\",\"datePublished\":\"2020-12-11T23:29:13+00:00\",\"mainEntityOfPage\":{\"@id\":\"https:\\\/\\\/www.aquimicasa.net\\\/blog\\\/consumo\\\/noticias-consumo\\\/en-el-ano-de-internet-los-ciberdelincuentes-hacen-su-agosto\\\/\"},\"wordCount\":599,\"commentCount\":0,\"publisher\":{\"@id\":\"https:\\\/\\\/www.aquimicasa.net\\\/blog\\\/#organization\"},\"image\":{\"@id\":\"https:\\\/\\\/www.aquimicasa.net\\\/blog\\\/consumo\\\/noticias-consumo\\\/en-el-ano-de-internet-los-ciberdelincuentes-hacen-su-agosto\\\/#primaryimage\"},\"thumbnailUrl\":\"https:\\\/\\\/www.facua.org\\\/es\\\/images\\\/noticia16214h_2.jpg\",\"keywords\":[\"Coronavirus\",\"newsletter 284\"],\"articleSection\":[\"Noticias Consumo\",\"Noticias Econom\u00eda\"],\"inLanguage\":\"es\",\"potentialAction\":[{\"@type\":\"CommentAction\",\"name\":\"Comment\",\"target\":[\"https:\\\/\\\/www.aquimicasa.net\\\/blog\\\/consumo\\\/noticias-consumo\\\/en-el-ano-de-internet-los-ciberdelincuentes-hacen-su-agosto\\\/#respond\"]}]},{\"@type\":\"WebPage\",\"@id\":\"https:\\\/\\\/www.aquimicasa.net\\\/blog\\\/consumo\\\/noticias-consumo\\\/en-el-ano-de-internet-los-ciberdelincuentes-hacen-su-agosto\\\/\",\"url\":\"https:\\\/\\\/www.aquimicasa.net\\\/blog\\\/consumo\\\/noticias-consumo\\\/en-el-ano-de-internet-los-ciberdelincuentes-hacen-su-agosto\\\/\",\"name\":\"En el a\u00f1o de internet los ciberdelincuentes hacen su agosto\",\"isPartOf\":{\"@id\":\"https:\\\/\\\/www.aquimicasa.net\\\/blog\\\/#website\"},\"primaryImageOfPage\":{\"@id\":\"https:\\\/\\\/www.aquimicasa.net\\\/blog\\\/consumo\\\/noticias-consumo\\\/en-el-ano-de-internet-los-ciberdelincuentes-hacen-su-agosto\\\/#primaryimage\"},\"image\":{\"@id\":\"https:\\\/\\\/www.aquimicasa.net\\\/blog\\\/consumo\\\/noticias-consumo\\\/en-el-ano-de-internet-los-ciberdelincuentes-hacen-su-agosto\\\/#primaryimage\"},\"thumbnailUrl\":\"https:\\\/\\\/www.facua.org\\\/es\\\/images\\\/noticia16214h_2.jpg\",\"datePublished\":\"2020-12-11T23:29:13+00:00\",\"description\":\"La Oficina de Seguridad del Internauta (OSI) alerta de un falso correo electr\u00f3nico con informaci\u00f3n de restricciones perimetrales por Covid-19\",\"breadcrumb\":{\"@id\":\"https:\\\/\\\/www.aquimicasa.net\\\/blog\\\/consumo\\\/noticias-consumo\\\/en-el-ano-de-internet-los-ciberdelincuentes-hacen-su-agosto\\\/#breadcrumb\"},\"inLanguage\":\"es\",\"potentialAction\":[{\"@type\":\"ReadAction\",\"target\":[\"https:\\\/\\\/www.aquimicasa.net\\\/blog\\\/consumo\\\/noticias-consumo\\\/en-el-ano-de-internet-los-ciberdelincuentes-hacen-su-agosto\\\/\"]}]},{\"@type\":\"ImageObject\",\"inLanguage\":\"es\",\"@id\":\"https:\\\/\\\/www.aquimicasa.net\\\/blog\\\/consumo\\\/noticias-consumo\\\/en-el-ano-de-internet-los-ciberdelincuentes-hacen-su-agosto\\\/#primaryimage\",\"url\":\"https:\\\/\\\/www.facua.org\\\/es\\\/images\\\/noticia16214h_2.jpg\",\"contentUrl\":\"https:\\\/\\\/www.facua.org\\\/es\\\/images\\\/noticia16214h_2.jpg\"},{\"@type\":\"BreadcrumbList\",\"@id\":\"https:\\\/\\\/www.aquimicasa.net\\\/blog\\\/consumo\\\/noticias-consumo\\\/en-el-ano-de-internet-los-ciberdelincuentes-hacen-su-agosto\\\/#breadcrumb\",\"itemListElement\":[{\"@type\":\"ListItem\",\"position\":1,\"name\":\"Portada\",\"item\":\"https:\\\/\\\/www.aquimicasa.net\\\/blog\\\/\"},{\"@type\":\"ListItem\",\"position\":2,\"name\":\"En el a\u00f1o de internet los ciberdelincuentes hacen su agosto\"}]},{\"@type\":\"WebSite\",\"@id\":\"https:\\\/\\\/www.aquimicasa.net\\\/blog\\\/#website\",\"url\":\"https:\\\/\\\/www.aquimicasa.net\\\/blog\\\/\",\"name\":\"Blog de aquimicasa.net\",\"description\":\"Noticias del Mundo Inmobiliario\",\"publisher\":{\"@id\":\"https:\\\/\\\/www.aquimicasa.net\\\/blog\\\/#organization\"},\"potentialAction\":[{\"@type\":\"SearchAction\",\"target\":{\"@type\":\"EntryPoint\",\"urlTemplate\":\"https:\\\/\\\/www.aquimicasa.net\\\/blog\\\/?s={search_term_string}\"},\"query-input\":{\"@type\":\"PropertyValueSpecification\",\"valueRequired\":true,\"valueName\":\"search_term_string\"}}],\"inLanguage\":\"es\"},{\"@type\":\"Organization\",\"@id\":\"https:\\\/\\\/www.aquimicasa.net\\\/blog\\\/#organization\",\"name\":\"Blog de aquimicasa.net\",\"url\":\"https:\\\/\\\/www.aquimicasa.net\\\/blog\\\/\",\"logo\":{\"@type\":\"ImageObject\",\"inLanguage\":\"es\",\"@id\":\"https:\\\/\\\/www.aquimicasa.net\\\/blog\\\/#\\\/schema\\\/logo\\\/image\\\/\",\"url\":\"https:\\\/\\\/www.aquimicasa.net\\\/blog\\\/wp-content\\\/uploads\\\/Logo-aquimicasa-1-e1528048213782.png\",\"contentUrl\":\"https:\\\/\\\/www.aquimicasa.net\\\/blog\\\/wp-content\\\/uploads\\\/Logo-aquimicasa-1-e1528048213782.png\",\"width\":225,\"height\":225,\"caption\":\"Blog de aquimicasa.net\"},\"image\":{\"@id\":\"https:\\\/\\\/www.aquimicasa.net\\\/blog\\\/#\\\/schema\\\/logo\\\/image\\\/\"},\"sameAs\":[\"https:\\\/\\\/www.facebook.com\\\/aquimicasa.net\",\"https:\\\/\\\/www.instagram.com\\\/\",\"https:\\\/\\\/x.com\\\/EduLizarragaD\",\"https:\\\/\\\/www.linkedin.com\\\/feed\\\/\"]},{\"@type\":\"Person\",\"@id\":\"https:\\\/\\\/www.aquimicasa.net\\\/blog\\\/#\\\/schema\\\/person\\\/2cdfa2605534583395c8d7ce1d6cac14\",\"name\":\"Eduardo Lizarraga\",\"image\":{\"@type\":\"ImageObject\",\"inLanguage\":\"es\",\"@id\":\"https:\\\/\\\/secure.gravatar.com\\\/avatar\\\/bdabe1eeeed97b65a9cb7de2edd624b07995f7e13abc5fead15961f745f908cc?s=96&d=mm&r=g\",\"url\":\"https:\\\/\\\/secure.gravatar.com\\\/avatar\\\/bdabe1eeeed97b65a9cb7de2edd624b07995f7e13abc5fead15961f745f908cc?s=96&d=mm&r=g\",\"contentUrl\":\"https:\\\/\\\/secure.gravatar.com\\\/avatar\\\/bdabe1eeeed97b65a9cb7de2edd624b07995f7e13abc5fead15961f745f908cc?s=96&d=mm&r=g\",\"caption\":\"Eduardo Lizarraga\"},\"description\":\"Periodista Econ\u00f3mico. Ha trabajado en diversos campos de la informaci\u00f3n. Corresponsal en conflictos, analista pol\u00edtico en Congreso y Senado, periodista del medio ambiente, editor, director editorial, director de comunicaci\u00f3n.... En estos momentos se ha especializado en el sector inmobiliario. Pero tambi\u00e9n es navegante y viajero, preocupado por la pobreza, el medio ambiente y por las actuaciones descontroladas del neoliberalismo empresarial y pol\u00edtico en todo el mundo. Los desahucios, la pobreza infantil y la falta de acceso a los suministros b\u00e1sicos son algunos de los grandes dramas de nuestra sociedad y que es preciso solucionar para hacerla m\u00e1s justa. CEO en www.aquimicasa.net\",\"sameAs\":[\"https:\\\/\\\/www.aquimicasa.net\\\/\"],\"url\":\"https:\\\/\\\/www.aquimicasa.net\\\/blog\\\/author\\\/eduardo\\\/\"}]}<\/script>\n<!-- \/ Yoast SEO plugin. -->","yoast_head_json":{"title":"En el a\u00f1o de internet los ciberdelincuentes hacen su agosto","description":"La Oficina de Seguridad del Internauta (OSI) alerta de un falso correo electr\u00f3nico con informaci\u00f3n de restricciones perimetrales por Covid-19","robots":{"index":"index","follow":"follow","max-snippet":"max-snippet:-1","max-image-preview":"max-image-preview:large","max-video-preview":"max-video-preview:-1"},"canonical":"https:\/\/www.aquimicasa.net\/blog\/consumo\/noticias-consumo\/en-el-ano-de-internet-los-ciberdelincuentes-hacen-su-agosto\/","og_locale":"es_ES","og_type":"article","og_title":"En el a\u00f1o de internet los ciberdelincuentes hacen su agosto","og_description":"La Oficina de Seguridad del Internauta (OSI) alerta de un falso correo electr\u00f3nico con informaci\u00f3n de restricciones perimetrales por Covid-19","og_url":"https:\/\/www.aquimicasa.net\/blog\/consumo\/noticias-consumo\/en-el-ano-de-internet-los-ciberdelincuentes-hacen-su-agosto\/","og_site_name":"Blog de aquimicasa.net","article_publisher":"https:\/\/www.facebook.com\/aquimicasa.net","article_published_time":"2020-12-11T23:29:13+00:00","og_image":[{"width":370,"height":250,"url":"https:\/\/www.aquimicasa.net\/blog\/wp-content\/uploads\/ciberdelincuentes4.jpg","type":"image\/jpeg"}],"author":"Eduardo Lizarraga","twitter_misc":{"Escrito por":"Eduardo Lizarraga","Tiempo de lectura":"3 minutos"},"schema":{"@context":"https:\/\/schema.org","@graph":[{"@type":"Article","@id":"https:\/\/www.aquimicasa.net\/blog\/consumo\/noticias-consumo\/en-el-ano-de-internet-los-ciberdelincuentes-hacen-su-agosto\/#article","isPartOf":{"@id":"https:\/\/www.aquimicasa.net\/blog\/consumo\/noticias-consumo\/en-el-ano-de-internet-los-ciberdelincuentes-hacen-su-agosto\/"},"author":{"name":"Eduardo Lizarraga","@id":"https:\/\/www.aquimicasa.net\/blog\/#\/schema\/person\/2cdfa2605534583395c8d7ce1d6cac14"},"headline":"En el a\u00f1o de internet los ciberdelincuentes hacen su agosto","datePublished":"2020-12-11T23:29:13+00:00","mainEntityOfPage":{"@id":"https:\/\/www.aquimicasa.net\/blog\/consumo\/noticias-consumo\/en-el-ano-de-internet-los-ciberdelincuentes-hacen-su-agosto\/"},"wordCount":599,"commentCount":0,"publisher":{"@id":"https:\/\/www.aquimicasa.net\/blog\/#organization"},"image":{"@id":"https:\/\/www.aquimicasa.net\/blog\/consumo\/noticias-consumo\/en-el-ano-de-internet-los-ciberdelincuentes-hacen-su-agosto\/#primaryimage"},"thumbnailUrl":"https:\/\/www.facua.org\/es\/images\/noticia16214h_2.jpg","keywords":["Coronavirus","newsletter 284"],"articleSection":["Noticias Consumo","Noticias Econom\u00eda"],"inLanguage":"es","potentialAction":[{"@type":"CommentAction","name":"Comment","target":["https:\/\/www.aquimicasa.net\/blog\/consumo\/noticias-consumo\/en-el-ano-de-internet-los-ciberdelincuentes-hacen-su-agosto\/#respond"]}]},{"@type":"WebPage","@id":"https:\/\/www.aquimicasa.net\/blog\/consumo\/noticias-consumo\/en-el-ano-de-internet-los-ciberdelincuentes-hacen-su-agosto\/","url":"https:\/\/www.aquimicasa.net\/blog\/consumo\/noticias-consumo\/en-el-ano-de-internet-los-ciberdelincuentes-hacen-su-agosto\/","name":"En el a\u00f1o de internet los ciberdelincuentes hacen su agosto","isPartOf":{"@id":"https:\/\/www.aquimicasa.net\/blog\/#website"},"primaryImageOfPage":{"@id":"https:\/\/www.aquimicasa.net\/blog\/consumo\/noticias-consumo\/en-el-ano-de-internet-los-ciberdelincuentes-hacen-su-agosto\/#primaryimage"},"image":{"@id":"https:\/\/www.aquimicasa.net\/blog\/consumo\/noticias-consumo\/en-el-ano-de-internet-los-ciberdelincuentes-hacen-su-agosto\/#primaryimage"},"thumbnailUrl":"https:\/\/www.facua.org\/es\/images\/noticia16214h_2.jpg","datePublished":"2020-12-11T23:29:13+00:00","description":"La Oficina de Seguridad del Internauta (OSI) alerta de un falso correo electr\u00f3nico con informaci\u00f3n de restricciones perimetrales por Covid-19","breadcrumb":{"@id":"https:\/\/www.aquimicasa.net\/blog\/consumo\/noticias-consumo\/en-el-ano-de-internet-los-ciberdelincuentes-hacen-su-agosto\/#breadcrumb"},"inLanguage":"es","potentialAction":[{"@type":"ReadAction","target":["https:\/\/www.aquimicasa.net\/blog\/consumo\/noticias-consumo\/en-el-ano-de-internet-los-ciberdelincuentes-hacen-su-agosto\/"]}]},{"@type":"ImageObject","inLanguage":"es","@id":"https:\/\/www.aquimicasa.net\/blog\/consumo\/noticias-consumo\/en-el-ano-de-internet-los-ciberdelincuentes-hacen-su-agosto\/#primaryimage","url":"https:\/\/www.facua.org\/es\/images\/noticia16214h_2.jpg","contentUrl":"https:\/\/www.facua.org\/es\/images\/noticia16214h_2.jpg"},{"@type":"BreadcrumbList","@id":"https:\/\/www.aquimicasa.net\/blog\/consumo\/noticias-consumo\/en-el-ano-de-internet-los-ciberdelincuentes-hacen-su-agosto\/#breadcrumb","itemListElement":[{"@type":"ListItem","position":1,"name":"Portada","item":"https:\/\/www.aquimicasa.net\/blog\/"},{"@type":"ListItem","position":2,"name":"En el a\u00f1o de internet los ciberdelincuentes hacen su agosto"}]},{"@type":"WebSite","@id":"https:\/\/www.aquimicasa.net\/blog\/#website","url":"https:\/\/www.aquimicasa.net\/blog\/","name":"Blog de aquimicasa.net","description":"Noticias del Mundo Inmobiliario","publisher":{"@id":"https:\/\/www.aquimicasa.net\/blog\/#organization"},"potentialAction":[{"@type":"SearchAction","target":{"@type":"EntryPoint","urlTemplate":"https:\/\/www.aquimicasa.net\/blog\/?s={search_term_string}"},"query-input":{"@type":"PropertyValueSpecification","valueRequired":true,"valueName":"search_term_string"}}],"inLanguage":"es"},{"@type":"Organization","@id":"https:\/\/www.aquimicasa.net\/blog\/#organization","name":"Blog de aquimicasa.net","url":"https:\/\/www.aquimicasa.net\/blog\/","logo":{"@type":"ImageObject","inLanguage":"es","@id":"https:\/\/www.aquimicasa.net\/blog\/#\/schema\/logo\/image\/","url":"https:\/\/www.aquimicasa.net\/blog\/wp-content\/uploads\/Logo-aquimicasa-1-e1528048213782.png","contentUrl":"https:\/\/www.aquimicasa.net\/blog\/wp-content\/uploads\/Logo-aquimicasa-1-e1528048213782.png","width":225,"height":225,"caption":"Blog de aquimicasa.net"},"image":{"@id":"https:\/\/www.aquimicasa.net\/blog\/#\/schema\/logo\/image\/"},"sameAs":["https:\/\/www.facebook.com\/aquimicasa.net","https:\/\/www.instagram.com\/","https:\/\/x.com\/EduLizarragaD","https:\/\/www.linkedin.com\/feed\/"]},{"@type":"Person","@id":"https:\/\/www.aquimicasa.net\/blog\/#\/schema\/person\/2cdfa2605534583395c8d7ce1d6cac14","name":"Eduardo Lizarraga","image":{"@type":"ImageObject","inLanguage":"es","@id":"https:\/\/secure.gravatar.com\/avatar\/bdabe1eeeed97b65a9cb7de2edd624b07995f7e13abc5fead15961f745f908cc?s=96&d=mm&r=g","url":"https:\/\/secure.gravatar.com\/avatar\/bdabe1eeeed97b65a9cb7de2edd624b07995f7e13abc5fead15961f745f908cc?s=96&d=mm&r=g","contentUrl":"https:\/\/secure.gravatar.com\/avatar\/bdabe1eeeed97b65a9cb7de2edd624b07995f7e13abc5fead15961f745f908cc?s=96&d=mm&r=g","caption":"Eduardo Lizarraga"},"description":"Periodista Econ\u00f3mico. Ha trabajado en diversos campos de la informaci\u00f3n. Corresponsal en conflictos, analista pol\u00edtico en Congreso y Senado, periodista del medio ambiente, editor, director editorial, director de comunicaci\u00f3n.... En estos momentos se ha especializado en el sector inmobiliario. Pero tambi\u00e9n es navegante y viajero, preocupado por la pobreza, el medio ambiente y por las actuaciones descontroladas del neoliberalismo empresarial y pol\u00edtico en todo el mundo. Los desahucios, la pobreza infantil y la falta de acceso a los suministros b\u00e1sicos son algunos de los grandes dramas de nuestra sociedad y que es preciso solucionar para hacerla m\u00e1s justa. CEO en www.aquimicasa.net","sameAs":["https:\/\/www.aquimicasa.net\/"],"url":"https:\/\/www.aquimicasa.net\/blog\/author\/eduardo\/"}]}},"jetpack_publicize_connections":[],"jetpack_featured_media_url":"","jetpack_sharing_enabled":true,"jetpack_likes_enabled":true,"_links":{"self":[{"href":"https:\/\/www.aquimicasa.net\/blog\/wp-json\/wp\/v2\/posts\/35060","targetHints":{"allow":["GET"]}}],"collection":[{"href":"https:\/\/www.aquimicasa.net\/blog\/wp-json\/wp\/v2\/posts"}],"about":[{"href":"https:\/\/www.aquimicasa.net\/blog\/wp-json\/wp\/v2\/types\/post"}],"author":[{"embeddable":true,"href":"https:\/\/www.aquimicasa.net\/blog\/wp-json\/wp\/v2\/users\/3"}],"replies":[{"embeddable":true,"href":"https:\/\/www.aquimicasa.net\/blog\/wp-json\/wp\/v2\/comments?post=35060"}],"version-history":[{"count":5,"href":"https:\/\/www.aquimicasa.net\/blog\/wp-json\/wp\/v2\/posts\/35060\/revisions"}],"predecessor-version":[{"id":35102,"href":"https:\/\/www.aquimicasa.net\/blog\/wp-json\/wp\/v2\/posts\/35060\/revisions\/35102"}],"wp:attachment":[{"href":"https:\/\/www.aquimicasa.net\/blog\/wp-json\/wp\/v2\/media?parent=35060"}],"wp:term":[{"taxonomy":"category","embeddable":true,"href":"https:\/\/www.aquimicasa.net\/blog\/wp-json\/wp\/v2\/categories?post=35060"},{"taxonomy":"post_tag","embeddable":true,"href":"https:\/\/www.aquimicasa.net\/blog\/wp-json\/wp\/v2\/tags?post=35060"}],"curies":[{"name":"wp","href":"https:\/\/api.w.org\/{rel}","templated":true}]}}