{"id":35151,"date":"2020-12-19T11:07:03","date_gmt":"2020-12-19T10:07:03","guid":{"rendered":"https:\/\/www.aquimicasa.net\/blog\/?p=35151"},"modified":"2020-12-19T11:07:03","modified_gmt":"2020-12-19T10:07:03","slug":"rivas-impulsa-su-demanda-contra-el-iajd-hasta-estrasburgo","status":"publish","type":"post","link":"https:\/\/www.aquimicasa.net\/blog\/vivienda\/compraventa-de-viviendas\/rivas-impulsa-su-demanda-contra-el-iajd-hasta-estrasburgo\/","title":{"rendered":"Rivas impulsa su demanda contra el IAJD hasta Estrasburgo"},"content":{"rendered":"<div class=\"fusion-fullwidth fullwidth-box fusion-builder-row-1 nonhundred-percent-fullwidth non-hundred-percent-height-scrolling\" style=\"background-color: rgba(255,255,255,0);background-position: center center;background-repeat: no-repeat;padding-top:0px;padding-right:0px;padding-bottom:0px;padding-left:0px;margin-bottom: 0px;margin-top: 0px;border-width: 0px 0px 0px 0px;border-color:#eae9e9;border-style:solid;\" ><div class=\"fusion-builder-row fusion-row\"><div class=\"fusion-layout-column fusion_builder_column fusion-builder-column-0 fusion_builder_column_1_1 1_1 fusion-one-full fusion-column-first fusion-column-last\" style=\"margin-top:0px;margin-bottom:0px;\"><div class=\"fusion-column-wrapper fusion-flex-column-wrapper-legacy\" style=\"background-position:left top;background-repeat:no-repeat;-webkit-background-size:cover;-moz-background-size:cover;-o-background-size:cover;background-size:cover;padding: 0px 0px 0px 0px;\"><div class=\"fusion-text fusion-text-1\"><p class=\"article-text\">El <strong>Ayuntamiento de Rivas-Vaciamadrid<\/strong> ha cumplido su promesa y contin\u00faa con la batalla legal por el impuesto a las hipotecas que emprendi\u00f3 en 2018 y lo lleva a Europa. La Empresa Municipal de la Vivienda de la localidad ha presentado un recurso ante el <strong>Tribunal de Estrasburgo<\/strong> contra la decisi\u00f3n del Tribunal Supremo de autoenmendarse a s\u00ed mismo y ordenar que sean los clientes, y no los bancos, quienes deben pagar el <strong>Impuesto de Actos Jur\u00eddicos Documentados (AJD)<\/strong>.<\/p>\n<div class=\"edi-advertising ad__no-dotted ad__no-legend\">\n<div class=\"advertising-wrapper ad__no-dotted ad__no-legend\">\n<div id=\"10_mediumRectangle\" class=\"advertising\" data-google-query-id=\"CMibvK7O0O0CFdfhGwodUFAAhw\">Como sucede en todo lo que concierne a los beneficios de la banca, y es una de las razones que deben llevar a su renovaci\u00f3n, la deliberaci\u00f3n del Supremo fue muy ajustada: 15 votos a favor y 13 en contra. El Pleno de la Sala de lo Contencioso-Administrativo desestim\u00f3 tres recursos que el Ayuntamiento de Rivas plante\u00f3 contra otras tantas sentencias del TSJ de Madrid, que determinaban que eran los prestatarios, los clientes, quienes deb\u00edan abonar el impuesto. Sin embargo, otras tres sentencias previas del mismo Supremo hab\u00edan dado la raz\u00f3n al municipio y ordenaban que fueran las <strong>entidades financieras quienes deber\u00edan de pagarlo<\/strong> por ser las beneficiarias de que las hipotecas pasen por la notar\u00eda, para luego poder hacer los desahucios m\u00e1s r\u00e1pidos.<\/div>\n<\/div>\n<\/div>\n<p class=\"article-text\">El cambio de doctrina del Supremo, favorable a la banca, se produjo en apenas dos semanas, seg\u00fan recuerda el municipio de Rivas en su recurso, registrado la pasada semana ante el <strong>Tribunal Europeo de Derechos Humanos<\/strong>. El documento, repasa los hechos del oto\u00f1o de 2018, cuando coincidieron en el tiempo la decisi\u00f3n del Tribunal Supremo de autoenmendar su propia doctrina de dos semanas antes y una reforma legal promovida por el primer Gobierno de Pedro S\u00e1nchez que determinaba que eran las instituciones financieras las que deb\u00edan pagar el IAJD, aunque la norma<strong> no tendr\u00eda car\u00e1cter retroactivo<\/strong>, lo que cerraba cualquier puerta a las reclamaciones de los clientes.<\/p>\n<p class=\"article-text\">La EMV de Rivas alega en su recurso que la decisi\u00f3n del Alto Tribunal supuso \u00abla vulneraci\u00f3n\u00bb de sus \u00abgarant\u00edas procesales\u00bb ya que \u00abni se le escuch\u00f3 en vista, aparte de no comunicarle formalmente todas las incidencias de estos procesos\u00bb. Tambi\u00e9n la vulneraci\u00f3n del \u00abderecho al juez predeterminado por la ley\u00bb, as\u00ed como al \u00abprincipio de igualdad en la aplicaci\u00f3n de la ley\u00bb por el \u00ab<strong>no reconocimiento de la extensi\u00f3n de efectos<\/strong> de las sentencias previas dictadas que fueron estimatorias\u00bb.<\/p>\n<p class=\"article-text\">Rivas aduce la violaci\u00f3n de varios de los derechos recogidos en el Convenio Europeo de Derechos Humanos y Libertades P\u00fablicas, como el derecho al respeto de sus bienes, el derecho un proceso equitativo. Si el Ayuntamiento de Rivas consigue que Estrasburgo le d\u00e9 la raz\u00f3n, todos nos beneficiaremos y podremos reclamar a la banca que nos devuelva lo pagado.<\/p>\n<\/div><div class=\"fusion-clearfix\"><\/div><\/div><\/div><\/div><\/div>\n","protected":false},"excerpt":{"rendered":"<p>El Ayuntamiento de Rivas-Vaciamadrid ha cumplido su promesa y contin\u00faa con la batalla legal por el impuesto a las hipotecas que emprendi\u00f3 en 2018 y lo lleva a Europa. La Empresa Municipal de la Vivienda de la localidad ha presentado un recurso ante el Tribunal de Estrasburgo contra la decisi\u00f3n del Tribunal Supremo de autoenmendarse a s\u00ed mismo y ordenar que sean los clientes, y no los bancos, quienes deben pagar el Impuesto de Actos Jur\u00eddicos Documentados (AJD).\u00a0<\/p>\n","protected":false},"author":3,"featured_media":35190,"comment_status":"open","ping_status":"open","sticky":false,"template":"","format":"standard","meta":{"_jetpack_memberships_contains_paid_content":false,"footnotes":"","jetpack_publicize_message":"","jetpack_publicize_feature_enabled":true,"jetpack_social_post_already_shared":true,"jetpack_social_options":{"image_generator_settings":{"template":"highway","default_image_id":0,"font":"","enabled":false},"version":2}},"categories":[5461,46,100,7564],"tags":[7925],"class_list":["post-35151","post","type-post","status-publish","format-standard","has-post-thumbnail","hentry","category-ayuntamientos","category-bancos","category-compraventa-de-viviendas","category-noticias-economia","tag-newsletter-285"],"yoast_head":"<!-- This site is optimized with the Yoast SEO plugin v27.4 - https:\/\/yoast.com\/product\/yoast-seo-wordpress\/ -->\n<title>Rivas impulsa su demanda contra el IAJD hasta Estrasburgo<\/title>\n<meta name=\"description\" content=\"Rivas-Vaciamadrid ha cumplido su promesa y contin\u00faa con la batalla legal por el impuesto a las hipotecas y lo lleva a Europa.\" \/>\n<meta name=\"robots\" content=\"index, follow, max-snippet:-1, max-image-preview:large, max-video-preview:-1\" \/>\n<link rel=\"canonical\" href=\"https:\/\/www.aquimicasa.net\/blog\/vivienda\/compraventa-de-viviendas\/rivas-impulsa-su-demanda-contra-el-iajd-hasta-estrasburgo\/\" \/>\n<meta property=\"og:locale\" content=\"es_ES\" \/>\n<meta property=\"og:type\" content=\"article\" \/>\n<meta property=\"og:title\" content=\"Rivas impulsa su demanda contra el IAJD hasta Estrasburgo\" \/>\n<meta property=\"og:description\" content=\"Rivas-Vaciamadrid ha cumplido su promesa y contin\u00faa con la batalla legal por el impuesto a las hipotecas y lo lleva a Europa.\" \/>\n<meta property=\"og:url\" content=\"https:\/\/www.aquimicasa.net\/blog\/vivienda\/compraventa-de-viviendas\/rivas-impulsa-su-demanda-contra-el-iajd-hasta-estrasburgo\/\" \/>\n<meta property=\"og:site_name\" content=\"Blog de aquimicasa.net\" \/>\n<meta property=\"article:publisher\" content=\"https:\/\/www.facebook.com\/aquimicasa.net\" \/>\n<meta property=\"article:published_time\" content=\"2020-12-19T10:07:03+00:00\" \/>\n<meta property=\"og:image\" content=\"https:\/\/www.aquimicasa.net\/blog\/wp-content\/uploads\/Banqueros-ladrones3-4.jpg\" \/>\n\t<meta property=\"og:image:width\" content=\"578\" \/>\n\t<meta property=\"og:image:height\" content=\"260\" \/>\n\t<meta property=\"og:image:type\" content=\"image\/jpeg\" \/>\n<meta name=\"author\" content=\"Eduardo Lizarraga\" \/>\n<meta name=\"twitter:label1\" content=\"Escrito por\" \/>\n\t<meta name=\"twitter:data1\" content=\"Eduardo Lizarraga\" \/>\n\t<meta name=\"twitter:label2\" content=\"Tiempo de lectura\" \/>\n\t<meta name=\"twitter:data2\" content=\"4 minutos\" \/>\n<script type=\"application\/ld+json\" class=\"yoast-schema-graph\">{\"@context\":\"https:\\\/\\\/schema.org\",\"@graph\":[{\"@type\":\"Article\",\"@id\":\"https:\\\/\\\/www.aquimicasa.net\\\/blog\\\/vivienda\\\/compraventa-de-viviendas\\\/rivas-impulsa-su-demanda-contra-el-iajd-hasta-estrasburgo\\\/#article\",\"isPartOf\":{\"@id\":\"https:\\\/\\\/www.aquimicasa.net\\\/blog\\\/vivienda\\\/compraventa-de-viviendas\\\/rivas-impulsa-su-demanda-contra-el-iajd-hasta-estrasburgo\\\/\"},\"author\":{\"name\":\"Eduardo Lizarraga\",\"@id\":\"https:\\\/\\\/www.aquimicasa.net\\\/blog\\\/#\\\/schema\\\/person\\\/2cdfa2605534583395c8d7ce1d6cac14\"},\"headline\":\"Rivas impulsa su demanda contra el IAJD hasta Estrasburgo\",\"datePublished\":\"2020-12-19T10:07:03+00:00\",\"mainEntityOfPage\":{\"@id\":\"https:\\\/\\\/www.aquimicasa.net\\\/blog\\\/vivienda\\\/compraventa-de-viviendas\\\/rivas-impulsa-su-demanda-contra-el-iajd-hasta-estrasburgo\\\/\"},\"wordCount\":713,\"commentCount\":0,\"publisher\":{\"@id\":\"https:\\\/\\\/www.aquimicasa.net\\\/blog\\\/#organization\"},\"image\":{\"@id\":\"https:\\\/\\\/www.aquimicasa.net\\\/blog\\\/vivienda\\\/compraventa-de-viviendas\\\/rivas-impulsa-su-demanda-contra-el-iajd-hasta-estrasburgo\\\/#primaryimage\"},\"thumbnailUrl\":\"https:\\\/\\\/www.aquimicasa.net\\\/blog\\\/wp-content\\\/uploads\\\/Banqueros-ladrones3-4.jpg\",\"keywords\":[\"newsletter 285\"],\"articleSection\":[\"Ayuntamientos\",\"Bancos\",\"Compra Venta\",\"Noticias Econom\u00eda\"],\"inLanguage\":\"es\",\"potentialAction\":[{\"@type\":\"CommentAction\",\"name\":\"Comment\",\"target\":[\"https:\\\/\\\/www.aquimicasa.net\\\/blog\\\/vivienda\\\/compraventa-de-viviendas\\\/rivas-impulsa-su-demanda-contra-el-iajd-hasta-estrasburgo\\\/#respond\"]}]},{\"@type\":\"WebPage\",\"@id\":\"https:\\\/\\\/www.aquimicasa.net\\\/blog\\\/vivienda\\\/compraventa-de-viviendas\\\/rivas-impulsa-su-demanda-contra-el-iajd-hasta-estrasburgo\\\/\",\"url\":\"https:\\\/\\\/www.aquimicasa.net\\\/blog\\\/vivienda\\\/compraventa-de-viviendas\\\/rivas-impulsa-su-demanda-contra-el-iajd-hasta-estrasburgo\\\/\",\"name\":\"Rivas impulsa su demanda contra el IAJD hasta Estrasburgo\",\"isPartOf\":{\"@id\":\"https:\\\/\\\/www.aquimicasa.net\\\/blog\\\/#website\"},\"primaryImageOfPage\":{\"@id\":\"https:\\\/\\\/www.aquimicasa.net\\\/blog\\\/vivienda\\\/compraventa-de-viviendas\\\/rivas-impulsa-su-demanda-contra-el-iajd-hasta-estrasburgo\\\/#primaryimage\"},\"image\":{\"@id\":\"https:\\\/\\\/www.aquimicasa.net\\\/blog\\\/vivienda\\\/compraventa-de-viviendas\\\/rivas-impulsa-su-demanda-contra-el-iajd-hasta-estrasburgo\\\/#primaryimage\"},\"thumbnailUrl\":\"https:\\\/\\\/www.aquimicasa.net\\\/blog\\\/wp-content\\\/uploads\\\/Banqueros-ladrones3-4.jpg\",\"datePublished\":\"2020-12-19T10:07:03+00:00\",\"description\":\"Rivas-Vaciamadrid ha cumplido su promesa y contin\u00faa con la batalla legal por el impuesto a las hipotecas y lo lleva a Europa.\",\"breadcrumb\":{\"@id\":\"https:\\\/\\\/www.aquimicasa.net\\\/blog\\\/vivienda\\\/compraventa-de-viviendas\\\/rivas-impulsa-su-demanda-contra-el-iajd-hasta-estrasburgo\\\/#breadcrumb\"},\"inLanguage\":\"es\",\"potentialAction\":[{\"@type\":\"ReadAction\",\"target\":[\"https:\\\/\\\/www.aquimicasa.net\\\/blog\\\/vivienda\\\/compraventa-de-viviendas\\\/rivas-impulsa-su-demanda-contra-el-iajd-hasta-estrasburgo\\\/\"]}]},{\"@type\":\"ImageObject\",\"inLanguage\":\"es\",\"@id\":\"https:\\\/\\\/www.aquimicasa.net\\\/blog\\\/vivienda\\\/compraventa-de-viviendas\\\/rivas-impulsa-su-demanda-contra-el-iajd-hasta-estrasburgo\\\/#primaryimage\",\"url\":\"https:\\\/\\\/www.aquimicasa.net\\\/blog\\\/wp-content\\\/uploads\\\/Banqueros-ladrones3-4.jpg\",\"contentUrl\":\"https:\\\/\\\/www.aquimicasa.net\\\/blog\\\/wp-content\\\/uploads\\\/Banqueros-ladrones3-4.jpg\",\"width\":578,\"height\":260,\"caption\":\"Banca espa\u00f1ola ladrona\"},{\"@type\":\"BreadcrumbList\",\"@id\":\"https:\\\/\\\/www.aquimicasa.net\\\/blog\\\/vivienda\\\/compraventa-de-viviendas\\\/rivas-impulsa-su-demanda-contra-el-iajd-hasta-estrasburgo\\\/#breadcrumb\",\"itemListElement\":[{\"@type\":\"ListItem\",\"position\":1,\"name\":\"Portada\",\"item\":\"https:\\\/\\\/www.aquimicasa.net\\\/blog\\\/\"},{\"@type\":\"ListItem\",\"position\":2,\"name\":\"Rivas impulsa su demanda contra el IAJD hasta Estrasburgo\"}]},{\"@type\":\"WebSite\",\"@id\":\"https:\\\/\\\/www.aquimicasa.net\\\/blog\\\/#website\",\"url\":\"https:\\\/\\\/www.aquimicasa.net\\\/blog\\\/\",\"name\":\"Blog de aquimicasa.net\",\"description\":\"Noticias del Mundo Inmobiliario\",\"publisher\":{\"@id\":\"https:\\\/\\\/www.aquimicasa.net\\\/blog\\\/#organization\"},\"potentialAction\":[{\"@type\":\"SearchAction\",\"target\":{\"@type\":\"EntryPoint\",\"urlTemplate\":\"https:\\\/\\\/www.aquimicasa.net\\\/blog\\\/?s={search_term_string}\"},\"query-input\":{\"@type\":\"PropertyValueSpecification\",\"valueRequired\":true,\"valueName\":\"search_term_string\"}}],\"inLanguage\":\"es\"},{\"@type\":\"Organization\",\"@id\":\"https:\\\/\\\/www.aquimicasa.net\\\/blog\\\/#organization\",\"name\":\"Blog de aquimicasa.net\",\"url\":\"https:\\\/\\\/www.aquimicasa.net\\\/blog\\\/\",\"logo\":{\"@type\":\"ImageObject\",\"inLanguage\":\"es\",\"@id\":\"https:\\\/\\\/www.aquimicasa.net\\\/blog\\\/#\\\/schema\\\/logo\\\/image\\\/\",\"url\":\"https:\\\/\\\/www.aquimicasa.net\\\/blog\\\/wp-content\\\/uploads\\\/Logo-aquimicasa-1-e1528048213782.png\",\"contentUrl\":\"https:\\\/\\\/www.aquimicasa.net\\\/blog\\\/wp-content\\\/uploads\\\/Logo-aquimicasa-1-e1528048213782.png\",\"width\":225,\"height\":225,\"caption\":\"Blog de aquimicasa.net\"},\"image\":{\"@id\":\"https:\\\/\\\/www.aquimicasa.net\\\/blog\\\/#\\\/schema\\\/logo\\\/image\\\/\"},\"sameAs\":[\"https:\\\/\\\/www.facebook.com\\\/aquimicasa.net\",\"https:\\\/\\\/www.instagram.com\\\/\",\"https:\\\/\\\/x.com\\\/EduLizarragaD\",\"https:\\\/\\\/www.linkedin.com\\\/feed\\\/\"]},{\"@type\":\"Person\",\"@id\":\"https:\\\/\\\/www.aquimicasa.net\\\/blog\\\/#\\\/schema\\\/person\\\/2cdfa2605534583395c8d7ce1d6cac14\",\"name\":\"Eduardo Lizarraga\",\"image\":{\"@type\":\"ImageObject\",\"inLanguage\":\"es\",\"@id\":\"https:\\\/\\\/secure.gravatar.com\\\/avatar\\\/bdabe1eeeed97b65a9cb7de2edd624b07995f7e13abc5fead15961f745f908cc?s=96&d=mm&r=g\",\"url\":\"https:\\\/\\\/secure.gravatar.com\\\/avatar\\\/bdabe1eeeed97b65a9cb7de2edd624b07995f7e13abc5fead15961f745f908cc?s=96&d=mm&r=g\",\"contentUrl\":\"https:\\\/\\\/secure.gravatar.com\\\/avatar\\\/bdabe1eeeed97b65a9cb7de2edd624b07995f7e13abc5fead15961f745f908cc?s=96&d=mm&r=g\",\"caption\":\"Eduardo Lizarraga\"},\"description\":\"Periodista Econ\u00f3mico. Ha trabajado en diversos campos de la informaci\u00f3n. Corresponsal en conflictos, analista pol\u00edtico en Congreso y Senado, periodista del medio ambiente, editor, director editorial, director de comunicaci\u00f3n.... En estos momentos se ha especializado en el sector inmobiliario. Pero tambi\u00e9n es navegante y viajero, preocupado por la pobreza, el medio ambiente y por las actuaciones descontroladas del neoliberalismo empresarial y pol\u00edtico en todo el mundo. Los desahucios, la pobreza infantil y la falta de acceso a los suministros b\u00e1sicos son algunos de los grandes dramas de nuestra sociedad y que es preciso solucionar para hacerla m\u00e1s justa. CEO en www.aquimicasa.net\",\"sameAs\":[\"https:\\\/\\\/www.aquimicasa.net\\\/\"],\"url\":\"https:\\\/\\\/www.aquimicasa.net\\\/blog\\\/author\\\/eduardo\\\/\"}]}<\/script>\n<!-- \/ Yoast SEO plugin. -->","yoast_head_json":{"title":"Rivas impulsa su demanda contra el IAJD hasta Estrasburgo","description":"Rivas-Vaciamadrid ha cumplido su promesa y contin\u00faa con la batalla legal por el impuesto a las hipotecas y lo lleva a Europa.","robots":{"index":"index","follow":"follow","max-snippet":"max-snippet:-1","max-image-preview":"max-image-preview:large","max-video-preview":"max-video-preview:-1"},"canonical":"https:\/\/www.aquimicasa.net\/blog\/vivienda\/compraventa-de-viviendas\/rivas-impulsa-su-demanda-contra-el-iajd-hasta-estrasburgo\/","og_locale":"es_ES","og_type":"article","og_title":"Rivas impulsa su demanda contra el IAJD hasta Estrasburgo","og_description":"Rivas-Vaciamadrid ha cumplido su promesa y contin\u00faa con la batalla legal por el impuesto a las hipotecas y lo lleva a Europa.","og_url":"https:\/\/www.aquimicasa.net\/blog\/vivienda\/compraventa-de-viviendas\/rivas-impulsa-su-demanda-contra-el-iajd-hasta-estrasburgo\/","og_site_name":"Blog de aquimicasa.net","article_publisher":"https:\/\/www.facebook.com\/aquimicasa.net","article_published_time":"2020-12-19T10:07:03+00:00","og_image":[{"width":578,"height":260,"url":"https:\/\/www.aquimicasa.net\/blog\/wp-content\/uploads\/Banqueros-ladrones3-4.jpg","type":"image\/jpeg"}],"author":"Eduardo Lizarraga","twitter_misc":{"Escrito por":"Eduardo Lizarraga","Tiempo de lectura":"4 minutos"},"schema":{"@context":"https:\/\/schema.org","@graph":[{"@type":"Article","@id":"https:\/\/www.aquimicasa.net\/blog\/vivienda\/compraventa-de-viviendas\/rivas-impulsa-su-demanda-contra-el-iajd-hasta-estrasburgo\/#article","isPartOf":{"@id":"https:\/\/www.aquimicasa.net\/blog\/vivienda\/compraventa-de-viviendas\/rivas-impulsa-su-demanda-contra-el-iajd-hasta-estrasburgo\/"},"author":{"name":"Eduardo Lizarraga","@id":"https:\/\/www.aquimicasa.net\/blog\/#\/schema\/person\/2cdfa2605534583395c8d7ce1d6cac14"},"headline":"Rivas impulsa su demanda contra el IAJD hasta Estrasburgo","datePublished":"2020-12-19T10:07:03+00:00","mainEntityOfPage":{"@id":"https:\/\/www.aquimicasa.net\/blog\/vivienda\/compraventa-de-viviendas\/rivas-impulsa-su-demanda-contra-el-iajd-hasta-estrasburgo\/"},"wordCount":713,"commentCount":0,"publisher":{"@id":"https:\/\/www.aquimicasa.net\/blog\/#organization"},"image":{"@id":"https:\/\/www.aquimicasa.net\/blog\/vivienda\/compraventa-de-viviendas\/rivas-impulsa-su-demanda-contra-el-iajd-hasta-estrasburgo\/#primaryimage"},"thumbnailUrl":"https:\/\/www.aquimicasa.net\/blog\/wp-content\/uploads\/Banqueros-ladrones3-4.jpg","keywords":["newsletter 285"],"articleSection":["Ayuntamientos","Bancos","Compra Venta","Noticias Econom\u00eda"],"inLanguage":"es","potentialAction":[{"@type":"CommentAction","name":"Comment","target":["https:\/\/www.aquimicasa.net\/blog\/vivienda\/compraventa-de-viviendas\/rivas-impulsa-su-demanda-contra-el-iajd-hasta-estrasburgo\/#respond"]}]},{"@type":"WebPage","@id":"https:\/\/www.aquimicasa.net\/blog\/vivienda\/compraventa-de-viviendas\/rivas-impulsa-su-demanda-contra-el-iajd-hasta-estrasburgo\/","url":"https:\/\/www.aquimicasa.net\/blog\/vivienda\/compraventa-de-viviendas\/rivas-impulsa-su-demanda-contra-el-iajd-hasta-estrasburgo\/","name":"Rivas impulsa su demanda contra el IAJD hasta Estrasburgo","isPartOf":{"@id":"https:\/\/www.aquimicasa.net\/blog\/#website"},"primaryImageOfPage":{"@id":"https:\/\/www.aquimicasa.net\/blog\/vivienda\/compraventa-de-viviendas\/rivas-impulsa-su-demanda-contra-el-iajd-hasta-estrasburgo\/#primaryimage"},"image":{"@id":"https:\/\/www.aquimicasa.net\/blog\/vivienda\/compraventa-de-viviendas\/rivas-impulsa-su-demanda-contra-el-iajd-hasta-estrasburgo\/#primaryimage"},"thumbnailUrl":"https:\/\/www.aquimicasa.net\/blog\/wp-content\/uploads\/Banqueros-ladrones3-4.jpg","datePublished":"2020-12-19T10:07:03+00:00","description":"Rivas-Vaciamadrid ha cumplido su promesa y contin\u00faa con la batalla legal por el impuesto a las hipotecas y lo lleva a Europa.","breadcrumb":{"@id":"https:\/\/www.aquimicasa.net\/blog\/vivienda\/compraventa-de-viviendas\/rivas-impulsa-su-demanda-contra-el-iajd-hasta-estrasburgo\/#breadcrumb"},"inLanguage":"es","potentialAction":[{"@type":"ReadAction","target":["https:\/\/www.aquimicasa.net\/blog\/vivienda\/compraventa-de-viviendas\/rivas-impulsa-su-demanda-contra-el-iajd-hasta-estrasburgo\/"]}]},{"@type":"ImageObject","inLanguage":"es","@id":"https:\/\/www.aquimicasa.net\/blog\/vivienda\/compraventa-de-viviendas\/rivas-impulsa-su-demanda-contra-el-iajd-hasta-estrasburgo\/#primaryimage","url":"https:\/\/www.aquimicasa.net\/blog\/wp-content\/uploads\/Banqueros-ladrones3-4.jpg","contentUrl":"https:\/\/www.aquimicasa.net\/blog\/wp-content\/uploads\/Banqueros-ladrones3-4.jpg","width":578,"height":260,"caption":"Banca espa\u00f1ola ladrona"},{"@type":"BreadcrumbList","@id":"https:\/\/www.aquimicasa.net\/blog\/vivienda\/compraventa-de-viviendas\/rivas-impulsa-su-demanda-contra-el-iajd-hasta-estrasburgo\/#breadcrumb","itemListElement":[{"@type":"ListItem","position":1,"name":"Portada","item":"https:\/\/www.aquimicasa.net\/blog\/"},{"@type":"ListItem","position":2,"name":"Rivas impulsa su demanda contra el IAJD hasta Estrasburgo"}]},{"@type":"WebSite","@id":"https:\/\/www.aquimicasa.net\/blog\/#website","url":"https:\/\/www.aquimicasa.net\/blog\/","name":"Blog de aquimicasa.net","description":"Noticias del Mundo Inmobiliario","publisher":{"@id":"https:\/\/www.aquimicasa.net\/blog\/#organization"},"potentialAction":[{"@type":"SearchAction","target":{"@type":"EntryPoint","urlTemplate":"https:\/\/www.aquimicasa.net\/blog\/?s={search_term_string}"},"query-input":{"@type":"PropertyValueSpecification","valueRequired":true,"valueName":"search_term_string"}}],"inLanguage":"es"},{"@type":"Organization","@id":"https:\/\/www.aquimicasa.net\/blog\/#organization","name":"Blog de aquimicasa.net","url":"https:\/\/www.aquimicasa.net\/blog\/","logo":{"@type":"ImageObject","inLanguage":"es","@id":"https:\/\/www.aquimicasa.net\/blog\/#\/schema\/logo\/image\/","url":"https:\/\/www.aquimicasa.net\/blog\/wp-content\/uploads\/Logo-aquimicasa-1-e1528048213782.png","contentUrl":"https:\/\/www.aquimicasa.net\/blog\/wp-content\/uploads\/Logo-aquimicasa-1-e1528048213782.png","width":225,"height":225,"caption":"Blog de aquimicasa.net"},"image":{"@id":"https:\/\/www.aquimicasa.net\/blog\/#\/schema\/logo\/image\/"},"sameAs":["https:\/\/www.facebook.com\/aquimicasa.net","https:\/\/www.instagram.com\/","https:\/\/x.com\/EduLizarragaD","https:\/\/www.linkedin.com\/feed\/"]},{"@type":"Person","@id":"https:\/\/www.aquimicasa.net\/blog\/#\/schema\/person\/2cdfa2605534583395c8d7ce1d6cac14","name":"Eduardo Lizarraga","image":{"@type":"ImageObject","inLanguage":"es","@id":"https:\/\/secure.gravatar.com\/avatar\/bdabe1eeeed97b65a9cb7de2edd624b07995f7e13abc5fead15961f745f908cc?s=96&d=mm&r=g","url":"https:\/\/secure.gravatar.com\/avatar\/bdabe1eeeed97b65a9cb7de2edd624b07995f7e13abc5fead15961f745f908cc?s=96&d=mm&r=g","contentUrl":"https:\/\/secure.gravatar.com\/avatar\/bdabe1eeeed97b65a9cb7de2edd624b07995f7e13abc5fead15961f745f908cc?s=96&d=mm&r=g","caption":"Eduardo Lizarraga"},"description":"Periodista Econ\u00f3mico. Ha trabajado en diversos campos de la informaci\u00f3n. Corresponsal en conflictos, analista pol\u00edtico en Congreso y Senado, periodista del medio ambiente, editor, director editorial, director de comunicaci\u00f3n.... En estos momentos se ha especializado en el sector inmobiliario. Pero tambi\u00e9n es navegante y viajero, preocupado por la pobreza, el medio ambiente y por las actuaciones descontroladas del neoliberalismo empresarial y pol\u00edtico en todo el mundo. Los desahucios, la pobreza infantil y la falta de acceso a los suministros b\u00e1sicos son algunos de los grandes dramas de nuestra sociedad y que es preciso solucionar para hacerla m\u00e1s justa. CEO en www.aquimicasa.net","sameAs":["https:\/\/www.aquimicasa.net\/"],"url":"https:\/\/www.aquimicasa.net\/blog\/author\/eduardo\/"}]}},"jetpack_publicize_connections":[],"jetpack_featured_media_url":"https:\/\/www.aquimicasa.net\/blog\/wp-content\/uploads\/Banqueros-ladrones3-4.jpg","jetpack_sharing_enabled":true,"jetpack_likes_enabled":true,"_links":{"self":[{"href":"https:\/\/www.aquimicasa.net\/blog\/wp-json\/wp\/v2\/posts\/35151","targetHints":{"allow":["GET"]}}],"collection":[{"href":"https:\/\/www.aquimicasa.net\/blog\/wp-json\/wp\/v2\/posts"}],"about":[{"href":"https:\/\/www.aquimicasa.net\/blog\/wp-json\/wp\/v2\/types\/post"}],"author":[{"embeddable":true,"href":"https:\/\/www.aquimicasa.net\/blog\/wp-json\/wp\/v2\/users\/3"}],"replies":[{"embeddable":true,"href":"https:\/\/www.aquimicasa.net\/blog\/wp-json\/wp\/v2\/comments?post=35151"}],"version-history":[{"count":2,"href":"https:\/\/www.aquimicasa.net\/blog\/wp-json\/wp\/v2\/posts\/35151\/revisions"}],"predecessor-version":[{"id":35189,"href":"https:\/\/www.aquimicasa.net\/blog\/wp-json\/wp\/v2\/posts\/35151\/revisions\/35189"}],"wp:featuredmedia":[{"embeddable":true,"href":"https:\/\/www.aquimicasa.net\/blog\/wp-json\/wp\/v2\/media\/35190"}],"wp:attachment":[{"href":"https:\/\/www.aquimicasa.net\/blog\/wp-json\/wp\/v2\/media?parent=35151"}],"wp:term":[{"taxonomy":"category","embeddable":true,"href":"https:\/\/www.aquimicasa.net\/blog\/wp-json\/wp\/v2\/categories?post=35151"},{"taxonomy":"post_tag","embeddable":true,"href":"https:\/\/www.aquimicasa.net\/blog\/wp-json\/wp\/v2\/tags?post=35151"}],"curies":[{"name":"wp","href":"https:\/\/api.w.org\/{rel}","templated":true}]}}