{"id":35153,"date":"2020-12-16T10:49:39","date_gmt":"2020-12-16T09:49:39","guid":{"rendered":"https:\/\/www.aquimicasa.net\/blog\/?p=35153"},"modified":"2020-12-16T10:49:53","modified_gmt":"2020-12-16T09:49:53","slug":"europa-admite-la-demanda-de-arriaga-contra-el-estado-por-el-irph","status":"publish","type":"post","link":"https:\/\/www.aquimicasa.net\/blog\/economia\/bancos\/europa-admite-la-demanda-de-arriaga-contra-el-estado-por-el-irph\/","title":{"rendered":"Europa admite la demanda de Arriaga contra el Estado por el IRPH"},"content":{"rendered":"<div class=\"fusion-fullwidth fullwidth-box fusion-builder-row-1 nonhundred-percent-fullwidth non-hundred-percent-height-scrolling\" style=\"background-color: rgba(255,255,255,0);background-position: center center;background-repeat: no-repeat;padding-top:0px;padding-right:0px;padding-bottom:0px;padding-left:0px;margin-bottom: 0px;margin-top: 0px;border-width: 0px 0px 0px 0px;border-color:#eae9e9;border-style:solid;\" ><div class=\"fusion-builder-row fusion-row\"><div class=\"fusion-layout-column fusion_builder_column fusion-builder-column-0 fusion_builder_column_1_1 1_1 fusion-one-full fusion-column-first fusion-column-last\" style=\"margin-top:0px;margin-bottom:0px;\"><div class=\"fusion-column-wrapper fusion-flex-column-wrapper-legacy\" style=\"background-position:left top;background-repeat:no-repeat;-webkit-background-size:cover;-moz-background-size:cover;-o-background-size:cover;background-size:cover;padding: 0px 0px 0px 0px;\"><div class=\"fusion-text fusion-text-1\"><p>Que por mucha intenci\u00f3n que tengan de hacerlo el Tribunal Supremo de Espa\u00f1a no ha zanjado el problema del IRPH, es un hecho manifiesto. Y cada d\u00eda parece m\u00e1s claro que tan s\u00f3lo ha retrasado al a\u00f1o pr\u00f3ximo su soluci\u00f3n definitiva, para beneficio de la Banca que podr\u00e1 tener mayores beneficios e incertidumbre y agobio de los afectados que a\u00fan no saben a\u00a0 qu\u00e9 atenerse. Lo que si sabemos es que mientras se mantenga la actual estructura judicial, los intereses de la banca prevalecer\u00e1n sobre los de los consumidores.<\/p>\n<p>El procedimiento contin\u00faa en marcha y una buena prueba es la noticia de Confilegal adelantando que\u00a0 la Direcci\u00f3n General de Justicia y Consumidores de la <strong>Comisi\u00f3n Europea<\/strong>\u00a0ha admitido a tr\u00e1mite la denuncia de\u00a0<strong>Arriaga Asociados<\/strong> contra el Estado espa\u00f1ol. En la misma, Arriaga denuncia el \u00ab<strong>incumplimiento\u00bb de la normativa europea<\/strong>\u00a0en materia de defensa de los consumidores y usuarios, tras las resoluciones dictadas por el<strong>\u00a0Tribunal Supremo (TS)<\/strong>\u00a0el pasado 12 de noviembre sobre la falta de transparencia y abusividad de la cl\u00e1usula del tipo de inter\u00e9s\u00a0<strong>IRPH;\u00a0<\/strong>las sentencias n\u00famero\u00a0<strong>595, 596, 597 y 598. <\/strong>As\u00ed, los servicios de la Comisi\u00f3n examinar\u00e1n la demanda a la luz del Derecho de la Uni\u00f3n Europea. Tendremos que esperar que la Justicia europea nos conceda lo que la espa\u00f1ola nos niega.<\/p>\n<div class=\"page\" title=\"Page 1\">\n<div class=\"layoutArea\">\n<div class=\"column\">\n<p>En la denuncia, presentada el pasado 27 de noviembre, Arriaga Asociados expone que\u00a0el\u00a0Supremo determina que la falta de transparencia de la cl\u00e1usula IRPH ante el incumplimiento de la obligaci\u00f3n de las entidades bancarias de entregar la evoluci\u00f3n pasada del \u00edndice\u00a0<strong>no implica que dicha cl\u00e1usula sea abusiva. <\/strong>Lo que va en contra de la jurisprudencia y doctrina de la Uni\u00f3n Europea.<\/p>\n<aside class=\"fspf wrap\">\n<article>\n<div class=\"fspf-description flex-column\">El problema para los afectados es que el pasado 12 de noviembre la Sala Primera notific\u00f3 las sentencias que resuelven cuatro recursos de casaci\u00f3n en relaci\u00f3n con el \u00edndice IRPH de las hipotecas, asuntos que se deliberaron en el Pleno del pasado 21 de octubre, fecha en la que se adelant\u00f3 el fallo. El Supremo no ve el IRPH m\u00e1s manipulable que el Eur\u00edbor<\/div>\n<\/article>\n<\/aside>\n<p>Ante esta situaci\u00f3n, el bufete Arriaga y Asociados subraya que <strong>\u00abla falta de transparencia<\/strong>\u00a0conlleva que el consumidor no fue informado ni sobre el IRPH ni sobre las consecuencias econ\u00f3micas acerca del precio del contrato de pr\u00e9stamo, lo que comporta que necesariamente sea\u00a0<strong>abusiva y, por tanto, nula\u00bb. <\/strong>Adem\u00e1s, destaca que la falta de informaci\u00f3n, como por ejemplo la evoluci\u00f3n del IRPH y el Euribor de los \u00faltimos dos a\u00f1os a la contrataci\u00f3n, \u00absupone una situaci\u00f3n de desventaja para el consumidor\u00a0sobre una informaci\u00f3n que de haberla tenido es probable que no hubiera elegido el IRPH por estar\u00a0<strong>hist\u00f3ricamente por encima del Euribor\u00bb.<\/strong><\/p>\n<p>Arriaga afirma en su denuncia\u00a0 que de esta forma, el Alto Tribunal no aplica adecuadamente\u00bb el derecho comunitario en materia de defensa de los consumidores y usuarios, vulnerando el principio de primac\u00eda del derecho de la Uni\u00f3n Europea, al no respetar la finalidad de la Directiva 93\/13\/CEE del Consejo, de 5 de abril de 1993, sobre las cl\u00e1usulas abusivas en los contratos celebrados con consumidores ni la interpretaci\u00f3n que de la misma ha realizado el Tribunal de Justicia de la Uni\u00f3n Europea (TJUE), que en varias ocasiones ha manifestado la m\u00e1xima protecci\u00f3n al consumidor tal y como recoge el art\u00edculo 38 de la Carta de Derechos de la UE. Lo que al parecer la Uni\u00f3n Europea no entiende es que la Justicia espa\u00f1ola y sus conveniencias contin\u00faan pensando que est\u00e1n por encima de todo, incuso del TJUE.<\/p>\n<p>Subraya Arriaga que el IRPH se inserta en millones de contratos de pr\u00e9stamo hipotecario en Espa\u00f1a, y que la Comisi\u00f3n Europea el 31 de mayo de 2018, en el asunto 125\/18, determin\u00f3 que estos contratos tienen una gran trascendencia econ\u00f3mica y social, ya que resultan clave para el ejercicio del derecho a la vivienda, reconocido en el art\u00edculo 7 de la Carta de Derechos Fundamentales de la Uni\u00f3n Europea, derecho que ha de tenerse en cuenta a la hora de aplicar la Directiva 93\/13.<\/p>\n<p>Tambi\u00e9n indica\u00a0que\u00a0en el propio seno del TS \u00abexisten discrepancias sobre la abusividad de esta cl\u00e1usula, como as\u00ed ha manifestado uno de los magistrados en un acertado voto particular\u00bb, en alusi\u00f3n a\u00a0<strong>Francisco Javier Arroyo Fiestas<\/strong>, quien anteriormente tambi\u00e9n se adhiri\u00f3 al voto particular formulado por el entonces magistrado del Supremo <strong>Francisco Javier Ordu\u00f1a Moreno.<\/strong><\/p>\n<p>Adem\u00e1s, apunta que \u00abel Alto Tribunal reconoce el efecto directo de la nulidad para las cl\u00e1usulas no transparentes cuando se trata de una cl\u00e1usula suelo o de una hipoteca multidivisa, pero no as\u00ed cuando se trata de la cl\u00e1usula IRPH, cuando la no transparencia afecta en el mismo sentido a cualquier cl\u00e1usula impuesta\u00bb. Al parecer pesan mucho los casi 40.000 millones que la banca tendr\u00eda que devolver, intereses incluidos.<\/p>\n<\/div>\n<\/div>\n<\/div>\n<div class=\"page\" title=\"Page 2\">\n<div class=\"layoutArea\">\n<div class=\"column\">\n<p><strong>\u201cSon buenas noticias que en Europa se tenga conocimiento de la injusticia<\/strong>\u00a0que padecen millones de consumidores y que la propia Comisi\u00f3n Europea proceda a estudiar la denuncia presentada por Arriaga Asociados frente a las\u00a0<strong>incoherencias e incorrecciones<\/strong>\u00a0llevadas a cabo por el Tribunal Supremo espa\u00f1ol\u201d, ha expresado en un comunicado\u00a0<strong>Jes\u00fas Mar\u00eda Ruiz de Arriaga<\/strong>,\u00a0socio fundador de Arriaga Asociados.<\/p>\n<p>A\u00f1ade que ante la situaci\u00f3n de\u00a0<strong>\u00abincertidumbre e injusticia de miles de afectados\u00bb, desde el bufete seguir\u00e1n luchando<\/strong>\u00a0por \u00abhacer valer los derechos de los consumidores con todos los instrumentos jur\u00eddicos disponibles para tratar de hacer efectiva su protecci\u00f3n\u00bb.<\/p>\n<\/div>\n<\/div>\n<\/div>\n<\/div><div class=\"fusion-clearfix\"><\/div><\/div><\/div><\/div><\/div>\n","protected":false},"excerpt":{"rendered":"<p>El procedimiento contin\u00faa en marcha y una buena prueba es la noticia de Confilegal adelantando que\u00a0 la Direcci\u00f3n General de Justicia y Consumidores de la Comisi\u00f3n Europea\u00a0ha admitido a tr\u00e1mite la denuncia de\u00a0Arriaga Asociados contra el Estado espa\u00f1ol. En la misma, Arriaga denuncia el \u00abincumplimiento\u00bb de la normativa europea\u00a0en materia de defensa de los consumidores y usuarios, tras las resoluciones dictadas por el\u00a0Tribunal Supremo (TS)\u00a0el pasado 12 de noviembre sobre la falta de transparencia y abusividad de la cl\u00e1usula del tipo de inter\u00e9s\u00a0IRPH;\u00a0las sentencias n\u00famero\u00a0595, 596, 597 y 598. As\u00ed, los servicios de la Comisi\u00f3n examinar\u00e1n la demanda a la luz del Derecho de la Uni\u00f3n Europea.<\/p>\n","protected":false},"author":3,"featured_media":12482,"comment_status":"open","ping_status":"open","sticky":false,"template":"","format":"standard","meta":{"_jetpack_memberships_contains_paid_content":false,"footnotes":"","jetpack_publicize_message":"","jetpack_publicize_feature_enabled":true,"jetpack_social_post_already_shared":true,"jetpack_social_options":{"image_generator_settings":{"template":"highway","default_image_id":0,"font":"","enabled":false},"version":2}},"categories":[46,7566],"tags":[7924],"class_list":["post-35153","post","type-post","status-publish","format-standard","has-post-thumbnail","hentry","category-bancos","category-noticias-sobre-el-mercado-hipotecario","tag-newsletter-284"],"yoast_head":"<!-- This site is optimized with the Yoast SEO plugin v27.5 - https:\/\/yoast.com\/product\/yoast-seo-wordpress\/ -->\n<title>Europa admite la demanda de Arriaga contra el Estado por el IRPH<\/title>\n<meta name=\"description\" content=\"La Direcci\u00f3n General de Justicia y Consumidores de la Comisi\u00f3n Europea\u00a0ha admitido a tr\u00e1mite la denuncia de\u00a0Arriaga contra el Estado espa\u00f1ol.\" \/>\n<meta name=\"robots\" content=\"index, follow, max-snippet:-1, max-image-preview:large, max-video-preview:-1\" \/>\n<link rel=\"canonical\" href=\"https:\/\/www.aquimicasa.net\/blog\/economia\/bancos\/europa-admite-la-demanda-de-arriaga-contra-el-estado-por-el-irph\/\" \/>\n<meta property=\"og:locale\" content=\"es_ES\" \/>\n<meta property=\"og:type\" content=\"article\" \/>\n<meta property=\"og:title\" content=\"Europa admite la demanda de Arriaga contra el Estado por el IRPH\" \/>\n<meta property=\"og:description\" content=\"La Direcci\u00f3n General de Justicia y Consumidores de la Comisi\u00f3n Europea\u00a0ha admitido a tr\u00e1mite la denuncia de\u00a0Arriaga contra el Estado espa\u00f1ol.\" \/>\n<meta property=\"og:url\" content=\"https:\/\/www.aquimicasa.net\/blog\/economia\/bancos\/europa-admite-la-demanda-de-arriaga-contra-el-estado-por-el-irph\/\" \/>\n<meta property=\"og:site_name\" content=\"Blog de aquimicasa.net\" \/>\n<meta property=\"article:publisher\" content=\"https:\/\/www.facebook.com\/aquimicasa.net\" \/>\n<meta property=\"article:published_time\" content=\"2020-12-16T09:49:39+00:00\" \/>\n<meta property=\"article:modified_time\" content=\"2020-12-16T09:49:53+00:00\" \/>\n<meta property=\"og:image\" content=\"https:\/\/www.aquimicasa.net\/blog\/wp-content\/uploads\/IRPH.jpg\" \/>\n\t<meta property=\"og:image:width\" content=\"206\" \/>\n\t<meta property=\"og:image:height\" content=\"206\" \/>\n\t<meta property=\"og:image:type\" content=\"image\/jpeg\" \/>\n<meta name=\"author\" content=\"Eduardo Lizarraga\" \/>\n<meta name=\"twitter:label1\" content=\"Escrito por\" \/>\n\t<meta name=\"twitter:data1\" content=\"Eduardo Lizarraga\" \/>\n\t<meta name=\"twitter:label2\" content=\"Tiempo de lectura\" \/>\n\t<meta name=\"twitter:data2\" content=\"6 minutos\" \/>\n<script type=\"application\/ld+json\" class=\"yoast-schema-graph\">{\"@context\":\"https:\\\/\\\/schema.org\",\"@graph\":[{\"@type\":\"Article\",\"@id\":\"https:\\\/\\\/www.aquimicasa.net\\\/blog\\\/economia\\\/bancos\\\/europa-admite-la-demanda-de-arriaga-contra-el-estado-por-el-irph\\\/#article\",\"isPartOf\":{\"@id\":\"https:\\\/\\\/www.aquimicasa.net\\\/blog\\\/economia\\\/bancos\\\/europa-admite-la-demanda-de-arriaga-contra-el-estado-por-el-irph\\\/\"},\"author\":{\"name\":\"Eduardo Lizarraga\",\"@id\":\"https:\\\/\\\/www.aquimicasa.net\\\/blog\\\/#\\\/schema\\\/person\\\/2cdfa2605534583395c8d7ce1d6cac14\"},\"headline\":\"Europa admite la demanda de Arriaga contra el Estado por el IRPH\",\"datePublished\":\"2020-12-16T09:49:39+00:00\",\"dateModified\":\"2020-12-16T09:49:53+00:00\",\"mainEntityOfPage\":{\"@id\":\"https:\\\/\\\/www.aquimicasa.net\\\/blog\\\/economia\\\/bancos\\\/europa-admite-la-demanda-de-arriaga-contra-el-estado-por-el-irph\\\/\"},\"wordCount\":1202,\"commentCount\":0,\"publisher\":{\"@id\":\"https:\\\/\\\/www.aquimicasa.net\\\/blog\\\/#organization\"},\"image\":{\"@id\":\"https:\\\/\\\/www.aquimicasa.net\\\/blog\\\/economia\\\/bancos\\\/europa-admite-la-demanda-de-arriaga-contra-el-estado-por-el-irph\\\/#primaryimage\"},\"thumbnailUrl\":\"https:\\\/\\\/www.aquimicasa.net\\\/blog\\\/wp-content\\\/uploads\\\/IRPH.jpg\",\"keywords\":[\"newsletter 284\"],\"articleSection\":[\"Bancos\",\"Noticias sobre el Mercado Hipotecario\"],\"inLanguage\":\"es\",\"potentialAction\":[{\"@type\":\"CommentAction\",\"name\":\"Comment\",\"target\":[\"https:\\\/\\\/www.aquimicasa.net\\\/blog\\\/economia\\\/bancos\\\/europa-admite-la-demanda-de-arriaga-contra-el-estado-por-el-irph\\\/#respond\"]}]},{\"@type\":\"WebPage\",\"@id\":\"https:\\\/\\\/www.aquimicasa.net\\\/blog\\\/economia\\\/bancos\\\/europa-admite-la-demanda-de-arriaga-contra-el-estado-por-el-irph\\\/\",\"url\":\"https:\\\/\\\/www.aquimicasa.net\\\/blog\\\/economia\\\/bancos\\\/europa-admite-la-demanda-de-arriaga-contra-el-estado-por-el-irph\\\/\",\"name\":\"Europa admite la demanda de Arriaga contra el Estado por el IRPH\",\"isPartOf\":{\"@id\":\"https:\\\/\\\/www.aquimicasa.net\\\/blog\\\/#website\"},\"primaryImageOfPage\":{\"@id\":\"https:\\\/\\\/www.aquimicasa.net\\\/blog\\\/economia\\\/bancos\\\/europa-admite-la-demanda-de-arriaga-contra-el-estado-por-el-irph\\\/#primaryimage\"},\"image\":{\"@id\":\"https:\\\/\\\/www.aquimicasa.net\\\/blog\\\/economia\\\/bancos\\\/europa-admite-la-demanda-de-arriaga-contra-el-estado-por-el-irph\\\/#primaryimage\"},\"thumbnailUrl\":\"https:\\\/\\\/www.aquimicasa.net\\\/blog\\\/wp-content\\\/uploads\\\/IRPH.jpg\",\"datePublished\":\"2020-12-16T09:49:39+00:00\",\"dateModified\":\"2020-12-16T09:49:53+00:00\",\"description\":\"La Direcci\u00f3n General de Justicia y Consumidores de la Comisi\u00f3n Europea\u00a0ha admitido a tr\u00e1mite la denuncia de\u00a0Arriaga contra el Estado espa\u00f1ol.\",\"breadcrumb\":{\"@id\":\"https:\\\/\\\/www.aquimicasa.net\\\/blog\\\/economia\\\/bancos\\\/europa-admite-la-demanda-de-arriaga-contra-el-estado-por-el-irph\\\/#breadcrumb\"},\"inLanguage\":\"es\",\"potentialAction\":[{\"@type\":\"ReadAction\",\"target\":[\"https:\\\/\\\/www.aquimicasa.net\\\/blog\\\/economia\\\/bancos\\\/europa-admite-la-demanda-de-arriaga-contra-el-estado-por-el-irph\\\/\"]}]},{\"@type\":\"ImageObject\",\"inLanguage\":\"es\",\"@id\":\"https:\\\/\\\/www.aquimicasa.net\\\/blog\\\/economia\\\/bancos\\\/europa-admite-la-demanda-de-arriaga-contra-el-estado-por-el-irph\\\/#primaryimage\",\"url\":\"https:\\\/\\\/www.aquimicasa.net\\\/blog\\\/wp-content\\\/uploads\\\/IRPH.jpg\",\"contentUrl\":\"https:\\\/\\\/www.aquimicasa.net\\\/blog\\\/wp-content\\\/uploads\\\/IRPH.jpg\",\"width\":206,\"height\":206,\"caption\":\"Arriaga se querella contra la Audiencia de Baleares por prevaricaci\u00f3n\"},{\"@type\":\"BreadcrumbList\",\"@id\":\"https:\\\/\\\/www.aquimicasa.net\\\/blog\\\/economia\\\/bancos\\\/europa-admite-la-demanda-de-arriaga-contra-el-estado-por-el-irph\\\/#breadcrumb\",\"itemListElement\":[{\"@type\":\"ListItem\",\"position\":1,\"name\":\"Portada\",\"item\":\"https:\\\/\\\/www.aquimicasa.net\\\/blog\\\/\"},{\"@type\":\"ListItem\",\"position\":2,\"name\":\"Europa admite la demanda de Arriaga contra el Estado por el IRPH\"}]},{\"@type\":\"WebSite\",\"@id\":\"https:\\\/\\\/www.aquimicasa.net\\\/blog\\\/#website\",\"url\":\"https:\\\/\\\/www.aquimicasa.net\\\/blog\\\/\",\"name\":\"Blog de aquimicasa.net\",\"description\":\"Noticias del Mundo Inmobiliario\",\"publisher\":{\"@id\":\"https:\\\/\\\/www.aquimicasa.net\\\/blog\\\/#organization\"},\"potentialAction\":[{\"@type\":\"SearchAction\",\"target\":{\"@type\":\"EntryPoint\",\"urlTemplate\":\"https:\\\/\\\/www.aquimicasa.net\\\/blog\\\/?s={search_term_string}\"},\"query-input\":{\"@type\":\"PropertyValueSpecification\",\"valueRequired\":true,\"valueName\":\"search_term_string\"}}],\"inLanguage\":\"es\"},{\"@type\":\"Organization\",\"@id\":\"https:\\\/\\\/www.aquimicasa.net\\\/blog\\\/#organization\",\"name\":\"Blog de aquimicasa.net\",\"url\":\"https:\\\/\\\/www.aquimicasa.net\\\/blog\\\/\",\"logo\":{\"@type\":\"ImageObject\",\"inLanguage\":\"es\",\"@id\":\"https:\\\/\\\/www.aquimicasa.net\\\/blog\\\/#\\\/schema\\\/logo\\\/image\\\/\",\"url\":\"https:\\\/\\\/www.aquimicasa.net\\\/blog\\\/wp-content\\\/uploads\\\/Logo-aquimicasa-1-e1528048213782.png\",\"contentUrl\":\"https:\\\/\\\/www.aquimicasa.net\\\/blog\\\/wp-content\\\/uploads\\\/Logo-aquimicasa-1-e1528048213782.png\",\"width\":225,\"height\":225,\"caption\":\"Blog de aquimicasa.net\"},\"image\":{\"@id\":\"https:\\\/\\\/www.aquimicasa.net\\\/blog\\\/#\\\/schema\\\/logo\\\/image\\\/\"},\"sameAs\":[\"https:\\\/\\\/www.facebook.com\\\/aquimicasa.net\",\"https:\\\/\\\/www.instagram.com\\\/\",\"https:\\\/\\\/x.com\\\/EduLizarragaD\",\"https:\\\/\\\/www.linkedin.com\\\/feed\\\/\"]},{\"@type\":\"Person\",\"@id\":\"https:\\\/\\\/www.aquimicasa.net\\\/blog\\\/#\\\/schema\\\/person\\\/2cdfa2605534583395c8d7ce1d6cac14\",\"name\":\"Eduardo Lizarraga\",\"image\":{\"@type\":\"ImageObject\",\"inLanguage\":\"es\",\"@id\":\"https:\\\/\\\/secure.gravatar.com\\\/avatar\\\/bdabe1eeeed97b65a9cb7de2edd624b07995f7e13abc5fead15961f745f908cc?s=96&d=mm&r=g\",\"url\":\"https:\\\/\\\/secure.gravatar.com\\\/avatar\\\/bdabe1eeeed97b65a9cb7de2edd624b07995f7e13abc5fead15961f745f908cc?s=96&d=mm&r=g\",\"contentUrl\":\"https:\\\/\\\/secure.gravatar.com\\\/avatar\\\/bdabe1eeeed97b65a9cb7de2edd624b07995f7e13abc5fead15961f745f908cc?s=96&d=mm&r=g\",\"caption\":\"Eduardo Lizarraga\"},\"description\":\"Periodista Econ\u00f3mico. Ha trabajado en diversos campos de la informaci\u00f3n. Corresponsal en conflictos, analista pol\u00edtico en Congreso y Senado, periodista del medio ambiente, editor, director editorial, director de comunicaci\u00f3n.... En estos momentos se ha especializado en el sector inmobiliario. Pero tambi\u00e9n es navegante y viajero, preocupado por la pobreza, el medio ambiente y por las actuaciones descontroladas del neoliberalismo empresarial y pol\u00edtico en todo el mundo. Los desahucios, la pobreza infantil y la falta de acceso a los suministros b\u00e1sicos son algunos de los grandes dramas de nuestra sociedad y que es preciso solucionar para hacerla m\u00e1s justa. CEO en www.aquimicasa.net\",\"sameAs\":[\"https:\\\/\\\/www.aquimicasa.net\\\/\"],\"url\":\"https:\\\/\\\/www.aquimicasa.net\\\/blog\\\/author\\\/eduardo\\\/\"}]}<\/script>\n<!-- \/ Yoast SEO plugin. -->","yoast_head_json":{"title":"Europa admite la demanda de Arriaga contra el Estado por el IRPH","description":"La Direcci\u00f3n General de Justicia y Consumidores de la Comisi\u00f3n Europea\u00a0ha admitido a tr\u00e1mite la denuncia de\u00a0Arriaga contra el Estado espa\u00f1ol.","robots":{"index":"index","follow":"follow","max-snippet":"max-snippet:-1","max-image-preview":"max-image-preview:large","max-video-preview":"max-video-preview:-1"},"canonical":"https:\/\/www.aquimicasa.net\/blog\/economia\/bancos\/europa-admite-la-demanda-de-arriaga-contra-el-estado-por-el-irph\/","og_locale":"es_ES","og_type":"article","og_title":"Europa admite la demanda de Arriaga contra el Estado por el IRPH","og_description":"La Direcci\u00f3n General de Justicia y Consumidores de la Comisi\u00f3n Europea\u00a0ha admitido a tr\u00e1mite la denuncia de\u00a0Arriaga contra el Estado espa\u00f1ol.","og_url":"https:\/\/www.aquimicasa.net\/blog\/economia\/bancos\/europa-admite-la-demanda-de-arriaga-contra-el-estado-por-el-irph\/","og_site_name":"Blog de aquimicasa.net","article_publisher":"https:\/\/www.facebook.com\/aquimicasa.net","article_published_time":"2020-12-16T09:49:39+00:00","article_modified_time":"2020-12-16T09:49:53+00:00","og_image":[{"width":206,"height":206,"url":"https:\/\/www.aquimicasa.net\/blog\/wp-content\/uploads\/IRPH.jpg","type":"image\/jpeg"}],"author":"Eduardo Lizarraga","twitter_misc":{"Escrito por":"Eduardo Lizarraga","Tiempo de lectura":"6 minutos"},"schema":{"@context":"https:\/\/schema.org","@graph":[{"@type":"Article","@id":"https:\/\/www.aquimicasa.net\/blog\/economia\/bancos\/europa-admite-la-demanda-de-arriaga-contra-el-estado-por-el-irph\/#article","isPartOf":{"@id":"https:\/\/www.aquimicasa.net\/blog\/economia\/bancos\/europa-admite-la-demanda-de-arriaga-contra-el-estado-por-el-irph\/"},"author":{"name":"Eduardo Lizarraga","@id":"https:\/\/www.aquimicasa.net\/blog\/#\/schema\/person\/2cdfa2605534583395c8d7ce1d6cac14"},"headline":"Europa admite la demanda de Arriaga contra el Estado por el IRPH","datePublished":"2020-12-16T09:49:39+00:00","dateModified":"2020-12-16T09:49:53+00:00","mainEntityOfPage":{"@id":"https:\/\/www.aquimicasa.net\/blog\/economia\/bancos\/europa-admite-la-demanda-de-arriaga-contra-el-estado-por-el-irph\/"},"wordCount":1202,"commentCount":0,"publisher":{"@id":"https:\/\/www.aquimicasa.net\/blog\/#organization"},"image":{"@id":"https:\/\/www.aquimicasa.net\/blog\/economia\/bancos\/europa-admite-la-demanda-de-arriaga-contra-el-estado-por-el-irph\/#primaryimage"},"thumbnailUrl":"https:\/\/www.aquimicasa.net\/blog\/wp-content\/uploads\/IRPH.jpg","keywords":["newsletter 284"],"articleSection":["Bancos","Noticias sobre el Mercado Hipotecario"],"inLanguage":"es","potentialAction":[{"@type":"CommentAction","name":"Comment","target":["https:\/\/www.aquimicasa.net\/blog\/economia\/bancos\/europa-admite-la-demanda-de-arriaga-contra-el-estado-por-el-irph\/#respond"]}]},{"@type":"WebPage","@id":"https:\/\/www.aquimicasa.net\/blog\/economia\/bancos\/europa-admite-la-demanda-de-arriaga-contra-el-estado-por-el-irph\/","url":"https:\/\/www.aquimicasa.net\/blog\/economia\/bancos\/europa-admite-la-demanda-de-arriaga-contra-el-estado-por-el-irph\/","name":"Europa admite la demanda de Arriaga contra el Estado por el IRPH","isPartOf":{"@id":"https:\/\/www.aquimicasa.net\/blog\/#website"},"primaryImageOfPage":{"@id":"https:\/\/www.aquimicasa.net\/blog\/economia\/bancos\/europa-admite-la-demanda-de-arriaga-contra-el-estado-por-el-irph\/#primaryimage"},"image":{"@id":"https:\/\/www.aquimicasa.net\/blog\/economia\/bancos\/europa-admite-la-demanda-de-arriaga-contra-el-estado-por-el-irph\/#primaryimage"},"thumbnailUrl":"https:\/\/www.aquimicasa.net\/blog\/wp-content\/uploads\/IRPH.jpg","datePublished":"2020-12-16T09:49:39+00:00","dateModified":"2020-12-16T09:49:53+00:00","description":"La Direcci\u00f3n General de Justicia y Consumidores de la Comisi\u00f3n Europea\u00a0ha admitido a tr\u00e1mite la denuncia de\u00a0Arriaga contra el Estado espa\u00f1ol.","breadcrumb":{"@id":"https:\/\/www.aquimicasa.net\/blog\/economia\/bancos\/europa-admite-la-demanda-de-arriaga-contra-el-estado-por-el-irph\/#breadcrumb"},"inLanguage":"es","potentialAction":[{"@type":"ReadAction","target":["https:\/\/www.aquimicasa.net\/blog\/economia\/bancos\/europa-admite-la-demanda-de-arriaga-contra-el-estado-por-el-irph\/"]}]},{"@type":"ImageObject","inLanguage":"es","@id":"https:\/\/www.aquimicasa.net\/blog\/economia\/bancos\/europa-admite-la-demanda-de-arriaga-contra-el-estado-por-el-irph\/#primaryimage","url":"https:\/\/www.aquimicasa.net\/blog\/wp-content\/uploads\/IRPH.jpg","contentUrl":"https:\/\/www.aquimicasa.net\/blog\/wp-content\/uploads\/IRPH.jpg","width":206,"height":206,"caption":"Arriaga se querella contra la Audiencia de Baleares por prevaricaci\u00f3n"},{"@type":"BreadcrumbList","@id":"https:\/\/www.aquimicasa.net\/blog\/economia\/bancos\/europa-admite-la-demanda-de-arriaga-contra-el-estado-por-el-irph\/#breadcrumb","itemListElement":[{"@type":"ListItem","position":1,"name":"Portada","item":"https:\/\/www.aquimicasa.net\/blog\/"},{"@type":"ListItem","position":2,"name":"Europa admite la demanda de Arriaga contra el Estado por el IRPH"}]},{"@type":"WebSite","@id":"https:\/\/www.aquimicasa.net\/blog\/#website","url":"https:\/\/www.aquimicasa.net\/blog\/","name":"Blog de aquimicasa.net","description":"Noticias del Mundo Inmobiliario","publisher":{"@id":"https:\/\/www.aquimicasa.net\/blog\/#organization"},"potentialAction":[{"@type":"SearchAction","target":{"@type":"EntryPoint","urlTemplate":"https:\/\/www.aquimicasa.net\/blog\/?s={search_term_string}"},"query-input":{"@type":"PropertyValueSpecification","valueRequired":true,"valueName":"search_term_string"}}],"inLanguage":"es"},{"@type":"Organization","@id":"https:\/\/www.aquimicasa.net\/blog\/#organization","name":"Blog de aquimicasa.net","url":"https:\/\/www.aquimicasa.net\/blog\/","logo":{"@type":"ImageObject","inLanguage":"es","@id":"https:\/\/www.aquimicasa.net\/blog\/#\/schema\/logo\/image\/","url":"https:\/\/www.aquimicasa.net\/blog\/wp-content\/uploads\/Logo-aquimicasa-1-e1528048213782.png","contentUrl":"https:\/\/www.aquimicasa.net\/blog\/wp-content\/uploads\/Logo-aquimicasa-1-e1528048213782.png","width":225,"height":225,"caption":"Blog de aquimicasa.net"},"image":{"@id":"https:\/\/www.aquimicasa.net\/blog\/#\/schema\/logo\/image\/"},"sameAs":["https:\/\/www.facebook.com\/aquimicasa.net","https:\/\/www.instagram.com\/","https:\/\/x.com\/EduLizarragaD","https:\/\/www.linkedin.com\/feed\/"]},{"@type":"Person","@id":"https:\/\/www.aquimicasa.net\/blog\/#\/schema\/person\/2cdfa2605534583395c8d7ce1d6cac14","name":"Eduardo Lizarraga","image":{"@type":"ImageObject","inLanguage":"es","@id":"https:\/\/secure.gravatar.com\/avatar\/bdabe1eeeed97b65a9cb7de2edd624b07995f7e13abc5fead15961f745f908cc?s=96&d=mm&r=g","url":"https:\/\/secure.gravatar.com\/avatar\/bdabe1eeeed97b65a9cb7de2edd624b07995f7e13abc5fead15961f745f908cc?s=96&d=mm&r=g","contentUrl":"https:\/\/secure.gravatar.com\/avatar\/bdabe1eeeed97b65a9cb7de2edd624b07995f7e13abc5fead15961f745f908cc?s=96&d=mm&r=g","caption":"Eduardo Lizarraga"},"description":"Periodista Econ\u00f3mico. Ha trabajado en diversos campos de la informaci\u00f3n. Corresponsal en conflictos, analista pol\u00edtico en Congreso y Senado, periodista del medio ambiente, editor, director editorial, director de comunicaci\u00f3n.... En estos momentos se ha especializado en el sector inmobiliario. Pero tambi\u00e9n es navegante y viajero, preocupado por la pobreza, el medio ambiente y por las actuaciones descontroladas del neoliberalismo empresarial y pol\u00edtico en todo el mundo. Los desahucios, la pobreza infantil y la falta de acceso a los suministros b\u00e1sicos son algunos de los grandes dramas de nuestra sociedad y que es preciso solucionar para hacerla m\u00e1s justa. CEO en www.aquimicasa.net","sameAs":["https:\/\/www.aquimicasa.net\/"],"url":"https:\/\/www.aquimicasa.net\/blog\/author\/eduardo\/"}]}},"jetpack_publicize_connections":[],"jetpack_featured_media_url":"https:\/\/www.aquimicasa.net\/blog\/wp-content\/uploads\/IRPH.jpg","jetpack_sharing_enabled":true,"jetpack_likes_enabled":true,"_links":{"self":[{"href":"https:\/\/www.aquimicasa.net\/blog\/wp-json\/wp\/v2\/posts\/35153","targetHints":{"allow":["GET"]}}],"collection":[{"href":"https:\/\/www.aquimicasa.net\/blog\/wp-json\/wp\/v2\/posts"}],"about":[{"href":"https:\/\/www.aquimicasa.net\/blog\/wp-json\/wp\/v2\/types\/post"}],"author":[{"embeddable":true,"href":"https:\/\/www.aquimicasa.net\/blog\/wp-json\/wp\/v2\/users\/3"}],"replies":[{"embeddable":true,"href":"https:\/\/www.aquimicasa.net\/blog\/wp-json\/wp\/v2\/comments?post=35153"}],"version-history":[{"count":5,"href":"https:\/\/www.aquimicasa.net\/blog\/wp-json\/wp\/v2\/posts\/35153\/revisions"}],"predecessor-version":[{"id":35169,"href":"https:\/\/www.aquimicasa.net\/blog\/wp-json\/wp\/v2\/posts\/35153\/revisions\/35169"}],"wp:featuredmedia":[{"embeddable":true,"href":"https:\/\/www.aquimicasa.net\/blog\/wp-json\/wp\/v2\/media\/12482"}],"wp:attachment":[{"href":"https:\/\/www.aquimicasa.net\/blog\/wp-json\/wp\/v2\/media?parent=35153"}],"wp:term":[{"taxonomy":"category","embeddable":true,"href":"https:\/\/www.aquimicasa.net\/blog\/wp-json\/wp\/v2\/categories?post=35153"},{"taxonomy":"post_tag","embeddable":true,"href":"https:\/\/www.aquimicasa.net\/blog\/wp-json\/wp\/v2\/tags?post=35153"}],"curies":[{"name":"wp","href":"https:\/\/api.w.org\/{rel}","templated":true}]}}