{"id":35709,"date":"2021-02-05T08:11:48","date_gmt":"2021-02-05T07:11:48","guid":{"rendered":"https:\/\/www.aquimicasa.net\/blog\/?p=35709"},"modified":"2021-02-05T08:11:48","modified_gmt":"2021-02-05T07:11:48","slug":"las-capitales-y-grandes-ciudades-subieron-el-precio-de-la-vivienda","status":"publish","type":"post","link":"https:\/\/www.aquimicasa.net\/blog\/vivienda\/noticias-mercado-inmobiliario\/las-capitales-y-grandes-ciudades-subieron-el-precio-de-la-vivienda\/","title":{"rendered":"Las capitales y grandes ciudades subieron el precio de la vivienda"},"content":{"rendered":"<div class=\"fusion-fullwidth fullwidth-box fusion-builder-row-1 nonhundred-percent-fullwidth non-hundred-percent-height-scrolling\" style=\"background-color: rgba(255,255,255,0);background-position: center center;background-repeat: no-repeat;padding-top:0px;padding-right:0px;padding-bottom:0px;padding-left:0px;margin-bottom: 0px;margin-top: 0px;border-width: 0px 0px 0px 0px;border-color:#eae9e9;border-style:solid;\" ><div class=\"fusion-builder-row fusion-row\"><div class=\"fusion-layout-column fusion_builder_column fusion-builder-column-0 fusion_builder_column_1_1 1_1 fusion-one-full fusion-column-first fusion-column-last\" style=\"margin-top:0px;margin-bottom:0px;\"><div class=\"fusion-column-wrapper fusion-flex-column-wrapper-legacy\" style=\"background-position:left top;background-repeat:no-repeat;-webkit-background-size:cover;-moz-background-size:cover;-o-background-size:cover;background-size:cover;padding: 0px 0px 0px 0px;\"><div class=\"fusion-text fusion-text-1\"><p>El precio medio de la<strong> vivienda nueva y usada<\/strong> en Espa\u00f1a aument\u00f3 un 1,9 % en enero en comparaci\u00f3n con el mes anterior, lo que deja la variaci\u00f3n interanual en el primer mes del a\u00f1o en un incremento del 0,7 %, seg\u00fan la estad\u00edstica <strong>Tinsa IMIE General y Grandes Mercados<\/strong> publicada hoy. \u201cLos \u00edndices medios de enero suponen un aumento generalizado respecto a los de diciembre de 2020. La variaci\u00f3n del dato general desde el inicio de la pandemia es pr\u00e1cticamente nula tras compensarse las ca\u00eddas del verano y comienzo del oto\u00f1o pasados\u201d, apunta <strong>Rafael Gil,<\/strong> director del Servicio de Estudios de Tinsa.<\/p>\n<div class=\"content_block col-md-9 f_left\">\n<div class=\"hm_blog_full_list hm_blog_list clearfix\">\n<div id=\"post-628986\" class=\"clearfix post-628986 sala-de-prensa type-sala-de-prensa status-publish hentry sala_de_prensa_taxonomy-imie\">\n<div id=\"tablepress-104_wrapper\" class=\"dataTables_wrapper no-footer\">\n<table id=\"tablepress-104\" class=\"tablepress tablepress-id-104 dataTable no-footer\" role=\"grid\">\n<thead>\n<tr class=\"row-1 odd\" role=\"row\">\n<th class=\"column-1 sorting\" tabindex=\"0\" colspan=\"1\" rowspan=\"1\" aria-controls=\"tablepress-104\" aria-label=\"(PUNTOS del \u00edndice): Activar para ordenar la columna de manera ascendente\">(PUNTOS del \u00edndice)<\/th>\n<th class=\"column-2 sorting\" tabindex=\"0\" colspan=\"1\" rowspan=\"1\" aria-controls=\"tablepress-104\" aria-label=\"\u00cdndice ene-21: Activar para ordenar la columna de manera ascendente\">\n<p align=\"center\"><b>\u00cdndice ene-21<\/b><\/p>\n<\/th>\n<th class=\"column-3 sorting\" tabindex=\"0\" colspan=\"1\" rowspan=\"1\" aria-controls=\"tablepress-104\" aria-label=\"Variaci\u00f3n interanual: Activar para ordenar la columna de manera ascendente\">\n<p align=\"center\"><b>Variaci\u00f3n interanual<\/b><\/p>\n<\/th>\n<th class=\"column-4 sorting\" tabindex=\"0\" colspan=\"1\" rowspan=\"1\" aria-controls=\"tablepress-104\" aria-label=\"Variaci\u00f3n desde marzo 2020: Activar para ordenar la columna de manera ascendente\">\n<p align=\"center\"><b>Variaci\u00f3n desde marzo 2020<\/b><\/p>\n<\/th>\n<th class=\"column-5 sorting\" tabindex=\"0\" colspan=\"1\" rowspan=\"1\" aria-controls=\"tablepress-104\" aria-label=\"Variaci\u00f3n mensual: Activar para ordenar la columna de manera ascendente\">\n<p align=\"center\"><b>Variaci\u00f3n<br \/>\nmensual<\/b><\/p>\n<\/th>\n<th class=\"column-6 sorting\" tabindex=\"0\" colspan=\"1\" rowspan=\"1\" aria-controls=\"tablepress-104\" aria-label=\"Variaci\u00f3n desde m\u00ednimos post-crisis: Activar para ordenar la columna de manera ascendente\">\n<p align=\"center\"><b>Variaci\u00f3n desde m\u00ednimos post-crisis<\/b><\/p>\n<\/th>\n<th class=\"column-7 sorting\" tabindex=\"0\" colspan=\"1\" rowspan=\"1\" aria-controls=\"tablepress-104\" aria-label=\"Variaci\u00f3n desde m\u00e1ximos pre-crisis : Activar para ordenar la columna de manera ascendente\">\n<p align=\"center\"><b>Variaci\u00f3n desde m\u00e1ximos pre-crisis<\/b><\/p>\n<\/th>\n<\/tr>\n<\/thead>\n<tbody class=\"row-hover\">\n<tr class=\"row-2 even\" role=\"row\">\n<td class=\"column-1\">General<\/td>\n<td class=\"column-2\">\n<p align=\"center\">1.540<\/p>\n<\/td>\n<td class=\"column-3\">\n<p align=\"center\"><b>0,7%<\/b><\/p>\n<\/td>\n<td class=\"column-4\">\n<p align=\"center\">-0,2%<\/p>\n<\/td>\n<td class=\"column-5\">\n<p align=\"center\">1,9%<\/p>\n<\/td>\n<td class=\"column-6\">\n<p align=\"center\">17,5%<\/p>\n<\/td>\n<td class=\"column-7\">\n<p align=\"center\">-32,6%<\/p>\n<\/td>\n<\/tr>\n<tr class=\"row-3 odd\" role=\"row\">\n<td class=\"column-1\">Capitales y grandes ciudades<\/td>\n<td class=\"column-2\">\n<p align=\"center\">1.651<\/p>\n<\/td>\n<td class=\"column-3\">\n<p align=\"center\"><b>-1,4%<\/b><\/p>\n<\/td>\n<td class=\"column-4\">\n<p align=\"center\">0,6%<\/p>\n<\/td>\n<td class=\"column-5\">\n<p align=\"center\">1,1%<\/p>\n<\/td>\n<td class=\"column-6\">\n<p align=\"center\">26,9%<\/p>\n<\/td>\n<td class=\"column-7\">\n<p align=\"center\">-32,2%<\/p>\n<\/td>\n<\/tr>\n<tr class=\"row-4 even\" role=\"row\">\n<td class=\"column-1\">\u00c1reas metropolitanas<\/td>\n<td class=\"column-2\">\n<p align=\"center\">1.383<\/p>\n<\/td>\n<td class=\"column-3\">\n<p align=\"center\"><b>2,6%<\/b><\/p>\n<\/td>\n<td class=\"column-4\">\n<p align=\"center\">-1,4%<\/p>\n<\/td>\n<td class=\"column-5\">\n<p align=\"center\">2,6%<\/p>\n<\/td>\n<td class=\"column-6\">\n<p align=\"center\">13,7%<\/p>\n<\/td>\n<td class=\"column-7\">\n<p align=\"center\">-39,2%<\/p>\n<\/td>\n<\/tr>\n<tr class=\"row-5 odd\" role=\"row\">\n<td class=\"column-1\">Costa mediterr\u00e1nea<\/td>\n<td class=\"column-2\">\n<p align=\"center\">1.508<\/p>\n<\/td>\n<td class=\"column-3\">\n<p align=\"center\"><b>0,1%<\/b><\/p>\n<\/td>\n<td class=\"column-4\">\n<p align=\"center\">-1,7%<\/p>\n<\/td>\n<td class=\"column-5\">\n<p align=\"center\">5,5%<\/p>\n<\/td>\n<td class=\"column-6\">\n<p align=\"center\">19,0%<\/p>\n<\/td>\n<td class=\"column-7\">\n<p align=\"center\">-41,8%<\/p>\n<\/td>\n<\/tr>\n<tr class=\"row-6 even\" role=\"row\">\n<td class=\"column-1\">Islas<\/td>\n<td class=\"column-2\">\n<p align=\"center\">1.579<\/p>\n<\/td>\n<td class=\"column-3\">\n<p align=\"center\"><b>5,5%<\/b><\/p>\n<\/td>\n<td class=\"column-4\">\n<p align=\"center\">-5,3%<\/p>\n<\/td>\n<td class=\"column-5\">\n<p align=\"center\">1,0%<\/p>\n<\/td>\n<td class=\"column-6\">\n<p align=\"center\">27,0%<\/p>\n<\/td>\n<td class=\"column-7\">\n<p align=\"center\">-16,8%<\/p>\n<\/td>\n<\/tr>\n<tr class=\"row-7 odd\" role=\"row\">\n<td class=\"column-1\">Resto de municipios<\/td>\n<td class=\"column-2\">\n<p align=\"center\">1.440<\/p>\n<\/td>\n<td class=\"column-3\">\n<p align=\"center\"><b>1,6%<\/b><\/p>\n<\/td>\n<td class=\"column-4\">\n<p align=\"center\">1,7%<\/p>\n<\/td>\n<td class=\"column-5\">\n<p align=\"center\">1,6%<\/p>\n<\/td>\n<td class=\"column-6\">\n<p align=\"center\">7,8%<\/p>\n<\/td>\n<td class=\"column-7\">\n<p align=\"center\">-33,6%<\/p>\n<\/td>\n<\/tr>\n<\/tbody>\n<\/table>\n<\/div>\n<\/div>\n<\/div>\n<\/div>\n<p>Los incrementos m\u00e1s notables en el \u00faltimo mes en el precio medio de la <strong>vivienda nueva y usada<\/strong> se localizan en la costa mediterr\u00e1nea (+5,5 % desde diciembre) y en las \u00e1reas metropolitanas (+2,6 %). La mejora de los precios medios en todos los grupos durante enero ha reducido a un 0,2 % la\u00a0depreciaci\u00f3n\u00a0sufrida por el \u00edndice general desde el inicio de la crisis sanitaria en marzo de 2020.<\/p>\n<p>El mayor <strong>descenso acumulado<\/strong> en los nueve meses de pandemia se mantiene en las islas, donde el valor medio es un 5,3 % inferior al de marzo del a\u00f1o pasado. Tambi\u00e9n la costa mediterr\u00e1nea (-1,7 %) y las \u00e1reas metropolitanas (-1,4 %) mantienen en este periodo poscovid un descenso superior a la media nacional. Por el contrario, el \u00edndice de las <strong>capitales y grandes ciudades<\/strong> (+0,6 % desde marzo) y sobre todo el de las localidades de interior y costa atl\u00e1ntica agrupadas en el grupo \u2018Resto de municipios\u2019 (+1,7 %) muestran valores medios superiores a los del inicio de la crisis sanitaria.<\/p>\n<p>En tasa interanual la mayor\u00eda de los grupos muestra un<strong> precio medio<\/strong> superior al de enero de 2020. \u201cSolo el grupo de capitales y grandes ciudades registra descenso en t\u00e9rminos interanuales (-1,4 %), a pesar de un repunte mensual en enero del 1,1 %\u201d, explica Rafael Gil. Las islas destacan con el mayor crecimiento en tasa interanual, con un 5,5 %, seguidas de las \u00e1reas metropolitanas (+2,6 % anual) y el grupo \u2018Resto de municipios\u2019 (+1,6 %).<\/p>\n<p><strong>VARIACI\u00d3N RELATIVA INTERANUAL\u00a0<\/strong><\/p>\n<p><img decoding=\"async\" class=\"wp-image-629014 aligncenter lazyloaded\" src=\"https:\/\/www.tinsa.es\/wp-content\/uploads\/2021\/02\/IMAGEN_VARIACION-533x300.png\" sizes=\"(max-width: 632px) 100vw, 632px\" srcset=\"https:\/\/www.tinsa.es\/wp-content\/uploads\/2021\/02\/IMAGEN_VARIACION-533x300.png 533w, https:\/\/www.tinsa.es\/wp-content\/uploads\/2021\/02\/IMAGEN_VARIACION-711x400.png 711w, https:\/\/www.tinsa.es\/wp-content\/uploads\/2021\/02\/IMAGEN_VARIACION-768x432.png 768w, https:\/\/www.tinsa.es\/wp-content\/uploads\/2021\/02\/IMAGEN_VARIACION.png 1280w\" alt=\"\" width=\"632\" height=\"356\" data-lazy-srcset=\"https:\/\/www.tinsa.es\/wp-content\/uploads\/2021\/02\/IMAGEN_VARIACION-533x300.png 533w, https:\/\/www.tinsa.es\/wp-content\/uploads\/2021\/02\/IMAGEN_VARIACION-711x400.png 711w, https:\/\/www.tinsa.es\/wp-content\/uploads\/2021\/02\/IMAGEN_VARIACION-768x432.png 768w, https:\/\/www.tinsa.es\/wp-content\/uploads\/2021\/02\/IMAGEN_VARIACION.png 1280w\" data-lazy-sizes=\"(max-width: 632px) 100vw, 632px\" data-lazy-src=\"https:\/\/www.tinsa.es\/wp-content\/uploads\/2021\/02\/IMAGEN_VARIACION-533x300.png\" data-was-processed=\"true\" \/><\/p>\n<h2>Evoluci\u00f3n desde m\u00ednimos<\/h2>\n<p>El <strong>precio medio en Espa\u00f1a<\/strong> es un 17,5 % superior al m\u00ednimo de 2015 y acumula un descenso del 32,6 % respecto a los m\u00e1ximos alcanzados en 2007. Las capitales y grandes ciudades y las islas son los grupos donde la vivienda nueva y usada ha experimentado un mayor recorrido al alza desde sus m\u00ednimos: un 26,9 % y un 27,0 %, respectivamente.<\/p>\n<\/div><div class=\"fusion-clearfix\"><\/div><\/div><\/div><\/div><\/div>\n","protected":false},"excerpt":{"rendered":"<p>El mayor descenso acumulado en los nueve meses de pandemia se mantiene en las islas, donde el valor medio es un 5,3 % inferior al de marzo del a\u00f1o pasado.<\/p>\n","protected":false},"author":3,"featured_media":26850,"comment_status":"closed","ping_status":"closed","sticky":false,"template":"","format":"standard","meta":{"_jetpack_memberships_contains_paid_content":false,"footnotes":"","jetpack_publicize_message":"","jetpack_publicize_feature_enabled":true,"jetpack_social_post_already_shared":true,"jetpack_social_options":{"image_generator_settings":{"template":"highway","default_image_id":0,"font":"","enabled":false},"version":2}},"categories":[7565],"tags":[7932],"class_list":["post-35709","post","type-post","status-publish","format-standard","has-post-thumbnail","hentry","category-noticias-mercado-inmobiliario","tag-newsletter-292"],"yoast_head":"<!-- This site is optimized with the Yoast SEO plugin v28.2 - https:\/\/yoast.com\/product\/yoast-seo-wordpress\/ -->\n<title>Las capitales y grandes ciudades subieron el precio de la vivienda<\/title>\n<meta name=\"description\" content=\"El mayor descenso de precio en la vivienda acumulado en los nueve meses de pandemia se mantiene en las islas,\" \/>\n<meta name=\"robots\" content=\"index, follow, max-snippet:-1, max-image-preview:large, max-video-preview:-1\" \/>\n<link rel=\"canonical\" href=\"https:\/\/www.aquimicasa.net\/blog\/vivienda\/noticias-mercado-inmobiliario\/las-capitales-y-grandes-ciudades-subieron-el-precio-de-la-vivienda\/\" \/>\n<meta property=\"og:locale\" content=\"es_ES\" \/>\n<meta property=\"og:type\" content=\"article\" \/>\n<meta property=\"og:title\" content=\"Las capitales y grandes ciudades subieron el precio de la vivienda\" \/>\n<meta property=\"og:description\" content=\"El mayor descenso de precio en la vivienda acumulado en los nueve meses de pandemia se mantiene en las islas,\" \/>\n<meta property=\"og:url\" content=\"https:\/\/www.aquimicasa.net\/blog\/vivienda\/noticias-mercado-inmobiliario\/las-capitales-y-grandes-ciudades-subieron-el-precio-de-la-vivienda\/\" \/>\n<meta property=\"og:site_name\" content=\"Blog de aquimicasa.net\" \/>\n<meta property=\"article:publisher\" content=\"https:\/\/www.facebook.com\/aquimicasa.net\" \/>\n<meta property=\"article:published_time\" content=\"2021-02-05T07:11:48+00:00\" \/>\n<meta property=\"og:image\" content=\"https:\/\/www.aquimicasa.net\/blog\/wp-content\/uploads\/impuestos-municipales3-1-e1596648670510.jpg\" \/>\n\t<meta property=\"og:image:width\" content=\"400\" \/>\n\t<meta property=\"og:image:height\" content=\"266\" \/>\n\t<meta property=\"og:image:type\" content=\"image\/jpeg\" \/>\n<meta name=\"author\" content=\"Eduardo Lizarraga\" \/>\n<meta name=\"twitter:label1\" content=\"Escrito por\" \/>\n\t<meta name=\"twitter:data1\" content=\"Eduardo Lizarraga\" \/>\n\t<meta name=\"twitter:label2\" content=\"Tiempo de lectura\" \/>\n\t<meta name=\"twitter:data2\" content=\"3 minutos\" \/>\n<script type=\"application\/ld+json\" class=\"yoast-schema-graph\">{\"@context\":\"https:\\\/\\\/schema.org\",\"@graph\":[{\"@type\":\"Article\",\"@id\":\"https:\\\/\\\/www.aquimicasa.net\\\/blog\\\/vivienda\\\/noticias-mercado-inmobiliario\\\/las-capitales-y-grandes-ciudades-subieron-el-precio-de-la-vivienda\\\/#article\",\"isPartOf\":{\"@id\":\"https:\\\/\\\/www.aquimicasa.net\\\/blog\\\/vivienda\\\/noticias-mercado-inmobiliario\\\/las-capitales-y-grandes-ciudades-subieron-el-precio-de-la-vivienda\\\/\"},\"author\":{\"name\":\"Eduardo Lizarraga\",\"@id\":\"https:\\\/\\\/www.aquimicasa.net\\\/blog\\\/#\\\/schema\\\/person\\\/2cdfa2605534583395c8d7ce1d6cac14\"},\"headline\":\"Las capitales y grandes ciudades subieron el precio de la vivienda\",\"datePublished\":\"2021-02-05T07:11:48+00:00\",\"mainEntityOfPage\":{\"@id\":\"https:\\\/\\\/www.aquimicasa.net\\\/blog\\\/vivienda\\\/noticias-mercado-inmobiliario\\\/las-capitales-y-grandes-ciudades-subieron-el-precio-de-la-vivienda\\\/\"},\"wordCount\":702,\"publisher\":{\"@id\":\"https:\\\/\\\/www.aquimicasa.net\\\/blog\\\/#organization\"},\"image\":{\"@id\":\"https:\\\/\\\/www.aquimicasa.net\\\/blog\\\/vivienda\\\/noticias-mercado-inmobiliario\\\/las-capitales-y-grandes-ciudades-subieron-el-precio-de-la-vivienda\\\/#primaryimage\"},\"thumbnailUrl\":\"https:\\\/\\\/www.aquimicasa.net\\\/blog\\\/wp-content\\\/uploads\\\/impuestos-municipales3-1-e1596648670510.jpg\",\"keywords\":[\"newsletter 292\"],\"articleSection\":[\"Noticias Mercado Inmobiliario\"],\"inLanguage\":\"es\"},{\"@type\":\"WebPage\",\"@id\":\"https:\\\/\\\/www.aquimicasa.net\\\/blog\\\/vivienda\\\/noticias-mercado-inmobiliario\\\/las-capitales-y-grandes-ciudades-subieron-el-precio-de-la-vivienda\\\/\",\"url\":\"https:\\\/\\\/www.aquimicasa.net\\\/blog\\\/vivienda\\\/noticias-mercado-inmobiliario\\\/las-capitales-y-grandes-ciudades-subieron-el-precio-de-la-vivienda\\\/\",\"name\":\"Las capitales y grandes ciudades subieron el precio de la vivienda\",\"isPartOf\":{\"@id\":\"https:\\\/\\\/www.aquimicasa.net\\\/blog\\\/#website\"},\"primaryImageOfPage\":{\"@id\":\"https:\\\/\\\/www.aquimicasa.net\\\/blog\\\/vivienda\\\/noticias-mercado-inmobiliario\\\/las-capitales-y-grandes-ciudades-subieron-el-precio-de-la-vivienda\\\/#primaryimage\"},\"image\":{\"@id\":\"https:\\\/\\\/www.aquimicasa.net\\\/blog\\\/vivienda\\\/noticias-mercado-inmobiliario\\\/las-capitales-y-grandes-ciudades-subieron-el-precio-de-la-vivienda\\\/#primaryimage\"},\"thumbnailUrl\":\"https:\\\/\\\/www.aquimicasa.net\\\/blog\\\/wp-content\\\/uploads\\\/impuestos-municipales3-1-e1596648670510.jpg\",\"datePublished\":\"2021-02-05T07:11:48+00:00\",\"description\":\"El mayor descenso de precio en la vivienda acumulado en los nueve meses de pandemia se mantiene en las islas,\",\"breadcrumb\":{\"@id\":\"https:\\\/\\\/www.aquimicasa.net\\\/blog\\\/vivienda\\\/noticias-mercado-inmobiliario\\\/las-capitales-y-grandes-ciudades-subieron-el-precio-de-la-vivienda\\\/#breadcrumb\"},\"inLanguage\":\"es\",\"potentialAction\":[{\"@type\":\"ReadAction\",\"target\":[\"https:\\\/\\\/www.aquimicasa.net\\\/blog\\\/vivienda\\\/noticias-mercado-inmobiliario\\\/las-capitales-y-grandes-ciudades-subieron-el-precio-de-la-vivienda\\\/\"]}]},{\"@type\":\"ImageObject\",\"inLanguage\":\"es\",\"@id\":\"https:\\\/\\\/www.aquimicasa.net\\\/blog\\\/vivienda\\\/noticias-mercado-inmobiliario\\\/las-capitales-y-grandes-ciudades-subieron-el-precio-de-la-vivienda\\\/#primaryimage\",\"url\":\"https:\\\/\\\/www.aquimicasa.net\\\/blog\\\/wp-content\\\/uploads\\\/impuestos-municipales3-1-e1596648670510.jpg\",\"contentUrl\":\"https:\\\/\\\/www.aquimicasa.net\\\/blog\\\/wp-content\\\/uploads\\\/impuestos-municipales3-1-e1596648670510.jpg\",\"width\":400,\"height\":266,\"caption\":\"El precio de la vivienda se incrementa un 4,5% anual\"},{\"@type\":\"BreadcrumbList\",\"@id\":\"https:\\\/\\\/www.aquimicasa.net\\\/blog\\\/vivienda\\\/noticias-mercado-inmobiliario\\\/las-capitales-y-grandes-ciudades-subieron-el-precio-de-la-vivienda\\\/#breadcrumb\",\"itemListElement\":[{\"@type\":\"ListItem\",\"position\":1,\"name\":\"Portada\",\"item\":\"https:\\\/\\\/www.aquimicasa.net\\\/blog\\\/\"},{\"@type\":\"ListItem\",\"position\":2,\"name\":\"Las capitales y grandes ciudades subieron el precio de la vivienda\"}]},{\"@type\":\"WebSite\",\"@id\":\"https:\\\/\\\/www.aquimicasa.net\\\/blog\\\/#website\",\"url\":\"https:\\\/\\\/www.aquimicasa.net\\\/blog\\\/\",\"name\":\"Blog de aquimicasa.net\",\"description\":\"Noticias del Mundo Inmobiliario\",\"publisher\":{\"@id\":\"https:\\\/\\\/www.aquimicasa.net\\\/blog\\\/#organization\"},\"potentialAction\":[{\"@type\":\"SearchAction\",\"target\":{\"@type\":\"EntryPoint\",\"urlTemplate\":\"https:\\\/\\\/www.aquimicasa.net\\\/blog\\\/?s={search_term_string}\"},\"query-input\":{\"@type\":\"PropertyValueSpecification\",\"valueRequired\":true,\"valueName\":\"search_term_string\"}}],\"inLanguage\":\"es\"},{\"@type\":\"Organization\",\"@id\":\"https:\\\/\\\/www.aquimicasa.net\\\/blog\\\/#organization\",\"name\":\"Blog de aquimicasa.net\",\"url\":\"https:\\\/\\\/www.aquimicasa.net\\\/blog\\\/\",\"logo\":{\"@type\":\"ImageObject\",\"inLanguage\":\"es\",\"@id\":\"https:\\\/\\\/www.aquimicasa.net\\\/blog\\\/#\\\/schema\\\/logo\\\/image\\\/\",\"url\":\"https:\\\/\\\/www.aquimicasa.net\\\/blog\\\/wp-content\\\/uploads\\\/Logo-aquimicasa-1-e1528048213782.png\",\"contentUrl\":\"https:\\\/\\\/www.aquimicasa.net\\\/blog\\\/wp-content\\\/uploads\\\/Logo-aquimicasa-1-e1528048213782.png\",\"width\":225,\"height\":225,\"caption\":\"Blog de aquimicasa.net\"},\"image\":{\"@id\":\"https:\\\/\\\/www.aquimicasa.net\\\/blog\\\/#\\\/schema\\\/logo\\\/image\\\/\"},\"sameAs\":[\"https:\\\/\\\/www.facebook.com\\\/aquimicasa.net\",\"https:\\\/\\\/www.instagram.com\\\/\",\"https:\\\/\\\/x.com\\\/EduLizarragaD\",\"https:\\\/\\\/www.linkedin.com\\\/feed\\\/\"]},{\"@type\":\"Person\",\"@id\":\"https:\\\/\\\/www.aquimicasa.net\\\/blog\\\/#\\\/schema\\\/person\\\/2cdfa2605534583395c8d7ce1d6cac14\",\"name\":\"Eduardo Lizarraga\",\"image\":{\"@type\":\"ImageObject\",\"inLanguage\":\"es\",\"@id\":\"https:\\\/\\\/secure.gravatar.com\\\/avatar\\\/bdabe1eeeed97b65a9cb7de2edd624b07995f7e13abc5fead15961f745f908cc?s=96&d=mm&r=g\",\"url\":\"https:\\\/\\\/secure.gravatar.com\\\/avatar\\\/bdabe1eeeed97b65a9cb7de2edd624b07995f7e13abc5fead15961f745f908cc?s=96&d=mm&r=g\",\"contentUrl\":\"https:\\\/\\\/secure.gravatar.com\\\/avatar\\\/bdabe1eeeed97b65a9cb7de2edd624b07995f7e13abc5fead15961f745f908cc?s=96&d=mm&r=g\",\"caption\":\"Eduardo Lizarraga\"},\"description\":\"Periodista Econ\u00f3mico. Ha trabajado en diversos campos de la informaci\u00f3n. Corresponsal en conflictos, analista pol\u00edtico en Congreso y Senado, periodista del medio ambiente, editor, director editorial, director de comunicaci\u00f3n.... En estos momentos se ha especializado en el sector inmobiliario. Pero tambi\u00e9n es navegante y viajero, preocupado por la pobreza, el medio ambiente y por las actuaciones descontroladas del neoliberalismo empresarial y pol\u00edtico en todo el mundo. Los desahucios, la pobreza infantil y la falta de acceso a los suministros b\u00e1sicos son algunos de los grandes dramas de nuestra sociedad y que es preciso solucionar para hacerla m\u00e1s justa. CEO en www.aquimicasa.net\",\"sameAs\":[\"https:\\\/\\\/www.aquimicasa.net\\\/\"],\"url\":\"https:\\\/\\\/www.aquimicasa.net\\\/blog\\\/author\\\/eduardo\\\/\"}]}<\/script>\n<!-- \/ Yoast SEO plugin. -->","yoast_head_json":{"title":"Las capitales y grandes ciudades subieron el precio de la vivienda","description":"El mayor descenso de precio en la vivienda acumulado en los nueve meses de pandemia se mantiene en las islas,","robots":{"index":"index","follow":"follow","max-snippet":"max-snippet:-1","max-image-preview":"max-image-preview:large","max-video-preview":"max-video-preview:-1"},"canonical":"https:\/\/www.aquimicasa.net\/blog\/vivienda\/noticias-mercado-inmobiliario\/las-capitales-y-grandes-ciudades-subieron-el-precio-de-la-vivienda\/","og_locale":"es_ES","og_type":"article","og_title":"Las capitales y grandes ciudades subieron el precio de la vivienda","og_description":"El mayor descenso de precio en la vivienda acumulado en los nueve meses de pandemia se mantiene en las islas,","og_url":"https:\/\/www.aquimicasa.net\/blog\/vivienda\/noticias-mercado-inmobiliario\/las-capitales-y-grandes-ciudades-subieron-el-precio-de-la-vivienda\/","og_site_name":"Blog de aquimicasa.net","article_publisher":"https:\/\/www.facebook.com\/aquimicasa.net","article_published_time":"2021-02-05T07:11:48+00:00","og_image":[{"width":400,"height":266,"url":"https:\/\/www.aquimicasa.net\/blog\/wp-content\/uploads\/impuestos-municipales3-1-e1596648670510.jpg","type":"image\/jpeg"}],"author":"Eduardo Lizarraga","twitter_misc":{"Escrito por":"Eduardo Lizarraga","Tiempo de lectura":"3 minutos"},"schema":{"@context":"https:\/\/schema.org","@graph":[{"@type":"Article","@id":"https:\/\/www.aquimicasa.net\/blog\/vivienda\/noticias-mercado-inmobiliario\/las-capitales-y-grandes-ciudades-subieron-el-precio-de-la-vivienda\/#article","isPartOf":{"@id":"https:\/\/www.aquimicasa.net\/blog\/vivienda\/noticias-mercado-inmobiliario\/las-capitales-y-grandes-ciudades-subieron-el-precio-de-la-vivienda\/"},"author":{"name":"Eduardo Lizarraga","@id":"https:\/\/www.aquimicasa.net\/blog\/#\/schema\/person\/2cdfa2605534583395c8d7ce1d6cac14"},"headline":"Las capitales y grandes ciudades subieron el precio de la vivienda","datePublished":"2021-02-05T07:11:48+00:00","mainEntityOfPage":{"@id":"https:\/\/www.aquimicasa.net\/blog\/vivienda\/noticias-mercado-inmobiliario\/las-capitales-y-grandes-ciudades-subieron-el-precio-de-la-vivienda\/"},"wordCount":702,"publisher":{"@id":"https:\/\/www.aquimicasa.net\/blog\/#organization"},"image":{"@id":"https:\/\/www.aquimicasa.net\/blog\/vivienda\/noticias-mercado-inmobiliario\/las-capitales-y-grandes-ciudades-subieron-el-precio-de-la-vivienda\/#primaryimage"},"thumbnailUrl":"https:\/\/www.aquimicasa.net\/blog\/wp-content\/uploads\/impuestos-municipales3-1-e1596648670510.jpg","keywords":["newsletter 292"],"articleSection":["Noticias Mercado Inmobiliario"],"inLanguage":"es"},{"@type":"WebPage","@id":"https:\/\/www.aquimicasa.net\/blog\/vivienda\/noticias-mercado-inmobiliario\/las-capitales-y-grandes-ciudades-subieron-el-precio-de-la-vivienda\/","url":"https:\/\/www.aquimicasa.net\/blog\/vivienda\/noticias-mercado-inmobiliario\/las-capitales-y-grandes-ciudades-subieron-el-precio-de-la-vivienda\/","name":"Las capitales y grandes ciudades subieron el precio de la vivienda","isPartOf":{"@id":"https:\/\/www.aquimicasa.net\/blog\/#website"},"primaryImageOfPage":{"@id":"https:\/\/www.aquimicasa.net\/blog\/vivienda\/noticias-mercado-inmobiliario\/las-capitales-y-grandes-ciudades-subieron-el-precio-de-la-vivienda\/#primaryimage"},"image":{"@id":"https:\/\/www.aquimicasa.net\/blog\/vivienda\/noticias-mercado-inmobiliario\/las-capitales-y-grandes-ciudades-subieron-el-precio-de-la-vivienda\/#primaryimage"},"thumbnailUrl":"https:\/\/www.aquimicasa.net\/blog\/wp-content\/uploads\/impuestos-municipales3-1-e1596648670510.jpg","datePublished":"2021-02-05T07:11:48+00:00","description":"El mayor descenso de precio en la vivienda acumulado en los nueve meses de pandemia se mantiene en las islas,","breadcrumb":{"@id":"https:\/\/www.aquimicasa.net\/blog\/vivienda\/noticias-mercado-inmobiliario\/las-capitales-y-grandes-ciudades-subieron-el-precio-de-la-vivienda\/#breadcrumb"},"inLanguage":"es","potentialAction":[{"@type":"ReadAction","target":["https:\/\/www.aquimicasa.net\/blog\/vivienda\/noticias-mercado-inmobiliario\/las-capitales-y-grandes-ciudades-subieron-el-precio-de-la-vivienda\/"]}]},{"@type":"ImageObject","inLanguage":"es","@id":"https:\/\/www.aquimicasa.net\/blog\/vivienda\/noticias-mercado-inmobiliario\/las-capitales-y-grandes-ciudades-subieron-el-precio-de-la-vivienda\/#primaryimage","url":"https:\/\/www.aquimicasa.net\/blog\/wp-content\/uploads\/impuestos-municipales3-1-e1596648670510.jpg","contentUrl":"https:\/\/www.aquimicasa.net\/blog\/wp-content\/uploads\/impuestos-municipales3-1-e1596648670510.jpg","width":400,"height":266,"caption":"El precio de la vivienda se incrementa un 4,5% anual"},{"@type":"BreadcrumbList","@id":"https:\/\/www.aquimicasa.net\/blog\/vivienda\/noticias-mercado-inmobiliario\/las-capitales-y-grandes-ciudades-subieron-el-precio-de-la-vivienda\/#breadcrumb","itemListElement":[{"@type":"ListItem","position":1,"name":"Portada","item":"https:\/\/www.aquimicasa.net\/blog\/"},{"@type":"ListItem","position":2,"name":"Las capitales y grandes ciudades subieron el precio de la vivienda"}]},{"@type":"WebSite","@id":"https:\/\/www.aquimicasa.net\/blog\/#website","url":"https:\/\/www.aquimicasa.net\/blog\/","name":"Blog de aquimicasa.net","description":"Noticias del Mundo Inmobiliario","publisher":{"@id":"https:\/\/www.aquimicasa.net\/blog\/#organization"},"potentialAction":[{"@type":"SearchAction","target":{"@type":"EntryPoint","urlTemplate":"https:\/\/www.aquimicasa.net\/blog\/?s={search_term_string}"},"query-input":{"@type":"PropertyValueSpecification","valueRequired":true,"valueName":"search_term_string"}}],"inLanguage":"es"},{"@type":"Organization","@id":"https:\/\/www.aquimicasa.net\/blog\/#organization","name":"Blog de aquimicasa.net","url":"https:\/\/www.aquimicasa.net\/blog\/","logo":{"@type":"ImageObject","inLanguage":"es","@id":"https:\/\/www.aquimicasa.net\/blog\/#\/schema\/logo\/image\/","url":"https:\/\/www.aquimicasa.net\/blog\/wp-content\/uploads\/Logo-aquimicasa-1-e1528048213782.png","contentUrl":"https:\/\/www.aquimicasa.net\/blog\/wp-content\/uploads\/Logo-aquimicasa-1-e1528048213782.png","width":225,"height":225,"caption":"Blog de aquimicasa.net"},"image":{"@id":"https:\/\/www.aquimicasa.net\/blog\/#\/schema\/logo\/image\/"},"sameAs":["https:\/\/www.facebook.com\/aquimicasa.net","https:\/\/www.instagram.com\/","https:\/\/x.com\/EduLizarragaD","https:\/\/www.linkedin.com\/feed\/"]},{"@type":"Person","@id":"https:\/\/www.aquimicasa.net\/blog\/#\/schema\/person\/2cdfa2605534583395c8d7ce1d6cac14","name":"Eduardo Lizarraga","image":{"@type":"ImageObject","inLanguage":"es","@id":"https:\/\/secure.gravatar.com\/avatar\/bdabe1eeeed97b65a9cb7de2edd624b07995f7e13abc5fead15961f745f908cc?s=96&d=mm&r=g","url":"https:\/\/secure.gravatar.com\/avatar\/bdabe1eeeed97b65a9cb7de2edd624b07995f7e13abc5fead15961f745f908cc?s=96&d=mm&r=g","contentUrl":"https:\/\/secure.gravatar.com\/avatar\/bdabe1eeeed97b65a9cb7de2edd624b07995f7e13abc5fead15961f745f908cc?s=96&d=mm&r=g","caption":"Eduardo Lizarraga"},"description":"Periodista Econ\u00f3mico. Ha trabajado en diversos campos de la informaci\u00f3n. Corresponsal en conflictos, analista pol\u00edtico en Congreso y Senado, periodista del medio ambiente, editor, director editorial, director de comunicaci\u00f3n.... En estos momentos se ha especializado en el sector inmobiliario. Pero tambi\u00e9n es navegante y viajero, preocupado por la pobreza, el medio ambiente y por las actuaciones descontroladas del neoliberalismo empresarial y pol\u00edtico en todo el mundo. Los desahucios, la pobreza infantil y la falta de acceso a los suministros b\u00e1sicos son algunos de los grandes dramas de nuestra sociedad y que es preciso solucionar para hacerla m\u00e1s justa. CEO en www.aquimicasa.net","sameAs":["https:\/\/www.aquimicasa.net\/"],"url":"https:\/\/www.aquimicasa.net\/blog\/author\/eduardo\/"}]}},"jetpack_publicize_connections":[],"jetpack_featured_media_url":"https:\/\/www.aquimicasa.net\/blog\/wp-content\/uploads\/impuestos-municipales3-1-e1596648670510.jpg","jetpack_sharing_enabled":true,"jetpack_likes_enabled":true,"_links":{"self":[{"href":"https:\/\/www.aquimicasa.net\/blog\/wp-json\/wp\/v2\/posts\/35709","targetHints":{"allow":["GET"]}}],"collection":[{"href":"https:\/\/www.aquimicasa.net\/blog\/wp-json\/wp\/v2\/posts"}],"about":[{"href":"https:\/\/www.aquimicasa.net\/blog\/wp-json\/wp\/v2\/types\/post"}],"author":[{"embeddable":true,"href":"https:\/\/www.aquimicasa.net\/blog\/wp-json\/wp\/v2\/users\/3"}],"replies":[{"embeddable":true,"href":"https:\/\/www.aquimicasa.net\/blog\/wp-json\/wp\/v2\/comments?post=35709"}],"version-history":[{"count":2,"href":"https:\/\/www.aquimicasa.net\/blog\/wp-json\/wp\/v2\/posts\/35709\/revisions"}],"predecessor-version":[{"id":35711,"href":"https:\/\/www.aquimicasa.net\/blog\/wp-json\/wp\/v2\/posts\/35709\/revisions\/35711"}],"wp:featuredmedia":[{"embeddable":true,"href":"https:\/\/www.aquimicasa.net\/blog\/wp-json\/wp\/v2\/media\/26850"}],"wp:attachment":[{"href":"https:\/\/www.aquimicasa.net\/blog\/wp-json\/wp\/v2\/media?parent=35709"}],"wp:term":[{"taxonomy":"category","embeddable":true,"href":"https:\/\/www.aquimicasa.net\/blog\/wp-json\/wp\/v2\/categories?post=35709"},{"taxonomy":"post_tag","embeddable":true,"href":"https:\/\/www.aquimicasa.net\/blog\/wp-json\/wp\/v2\/tags?post=35709"}],"curies":[{"name":"wp","href":"https:\/\/api.w.org\/{rel}","templated":true}]}}