{"id":35896,"date":"2021-02-20T12:36:32","date_gmt":"2021-02-20T11:36:32","guid":{"rendered":"https:\/\/www.aquimicasa.net\/blog\/?p=35896"},"modified":"2021-02-20T12:36:32","modified_gmt":"2021-02-20T11:36:32","slug":"si-eres-consumidor-de-gas-pasate-a-tur-o-iberdrola","status":"publish","type":"post","link":"https:\/\/www.aquimicasa.net\/blog\/consumo\/consumidores\/si-eres-consumidor-de-gas-pasate-a-tur-o-iberdrola\/","title":{"rendered":"Si eres consumidor de gas p\u00e1sate a TUR o Iberdrola"},"content":{"rendered":"<div class=\"fusion-fullwidth fullwidth-box fusion-builder-row-1 nonhundred-percent-fullwidth non-hundred-percent-height-scrolling\" style=\"background-color: rgba(255,255,255,0);background-position: center center;background-repeat: no-repeat;padding-top:0px;padding-right:0px;padding-bottom:0px;padding-left:0px;margin-bottom: 0px;margin-top: 0px;border-width: 0px 0px 0px 0px;border-color:#eae9e9;border-style:solid;\" ><div class=\"fusion-builder-row fusion-row\"><div class=\"fusion-layout-column fusion_builder_column fusion-builder-column-0 fusion_builder_column_1_1 1_1 fusion-one-full fusion-column-first fusion-column-last\" style=\"margin-top:0px;margin-bottom:0px;\"><div class=\"fusion-column-wrapper fusion-flex-column-wrapper-legacy\" style=\"background-position:left top;background-repeat:no-repeat;-webkit-background-size:cover;-moz-background-size:cover;-o-background-size:cover;background-size:cover;padding: 0px 0px 0px 0px;\"><div class=\"fusion-text fusion-text-1\"><p>Como sucede con la energ\u00eda el\u00e9ctrica, tambi\u00e9n en el <strong>suministro de gas<\/strong> existen empresas que <strong>esquilman a los consumidores<\/strong> con tarifas car\u00edsimas, mucho m\u00e1s que el precio de mercado. En este sentido, como asegura Facua, Repsol, Lucera, Podo y Fen\u00ede son las comercializadoras de gas natural con las tarifas m\u00e1s caras, entre las ofertas del mercado libre frente a las Tarifas de \u00daltimo Recurso (TUR), reguladas por el Gobierno.<\/p>\n<p>En el gas natural se ofertan dos tarifas distintas, en funci\u00f3n de que el usuario consuma menos de 5.000 kWh al a\u00f1o o a partir de esa cantidad. Para el primer perfil, <strong>FACUA<\/strong> ha realizado la comparativa tomando como referencia un usuario que consume 400 kWh mensuales; para el segundo, uno con 800 kWh de consumo al mes.<\/p>\n<p>Las tarifas TUR se revisan y publican en el BOE cada tres meses. Para contratarlas, hay que acudir a una de las cuatro comercializadoras de referencia o de \u00faltimo recurso, que pertenecen a los mismos grupos empresariales que las grandes compa\u00f1\u00edas del mercado libre.<\/p>\n<p>El an\u00e1lisis de la asociaci\u00f3n, realizado el 12 de febrero, parte de las Tarifas de \u00daltimo Recurso vigentes desde el pasado 1 de enero y las compara con las ofertas de Endesa, Fen\u00ede, Iberdrola, Lucera, Naturgy, Podo y Repsol.<\/p>\n<p><strong>Con Lucera, el recibo se dispara hasta un 24%<\/strong><\/p>\n<p>Con la TUR, un usuario que consume 400 kWh mensuales paga actualmente 29,51 euros al mes\u00a0 En el mercado libre gas\u00edstico, su factura puede llegar a incrementarse hasta los 36,56 euros, un 23,9% m\u00e1s, en el caso de que est\u00e9 con <strong>Lucera.<\/strong> Despu\u00e9s de esta compa\u00f1\u00eda, las m\u00e1s caras con el citado perfil de consumo son <strong>Repsol, Podo y Fen\u00ede<\/strong>. Todas las comercializadoras objeto del an\u00e1lisis resultan m\u00e1s caras excepto Iberdrola, donde con el citado consumo la factura representa 29,40 euros al mes.<\/p>\n<p>Para un perfil de usuario con un consumo de 800 kWh mensuales, con la TUR que le corresponde -la que se aplica a consumo a partir de 5.000 kWh al a\u00f1o- paga una factura de 52,04 euros al mes. En el mercado libre, puede llegar a pagar hasta 64,05 euros, un 23,1% m\u00e1s, si tiene la oferta de Repsol. Tras ella, las m\u00e1s caras para este perfil de consumo son Fen\u00ede, Lucera y Podo. La \u00fanica compa\u00f1\u00eda que resulta actualmente algo m\u00e1s econ\u00f3mica que la TUR es <strong>Iberdrola<\/strong> (50,72 euros).<\/p>\n<p><strong>C\u00f3mo volver a las tarifas TUR<\/strong><\/p>\n<p>FACUA advierte a los usuarios que se pasaran al mercado libre de que para volver a tener las tarifas reguladas TUR s\u00f3lo tienen que contactar con cualquiera de las denominadas comercializadoras de referencia, que pertenecen a grupos empresariales que tambi\u00e9n poseen comercializadoras de mercado libre (aqu\u00ed tienes sus\u00a0<a href=\"https:\/\/www.facua.org\/es\/noticia.php?Id=16480#pvpc\"  rel=\"nofollow noopener\">datos de contacto<\/a>).<\/p>\n<p><strong>Repsol, Fen\u00ede y Lucera: los precios por kWh m\u00e1s caros<\/strong><\/p>\n<p>Al revisar las tarifas por kWh para los usuarios que consumen menos de 5.000 al a\u00f1o, las m\u00e1s elevadas son las de Repsol (7,51 c\u00e9ntimos), Fen\u00ede y Lucera (ambas 6,90 c\u00e9ntimos). Las diferencias llegan a alcanzar el 23,3% con respecto a los 6,09 c\u00e9ntimos por kWh vigentes desde el 1 de enero con la TUR.<\/p>\n<p>En el caso de los usuarios que consumen a partir de 5.000 kWh anuales, las tarifas por kWh m\u00e1s caras son tambi\u00e9n las de Repsol (6,68 c\u00e9ntimos), Fen\u00ede (6,10) y Lucera (5,80). Hasta un 29,2% por encima de los 5,17 c\u00e9ntimos\/kWh que se pagan actualmente con la TUR.<\/p>\n<p><strong>Podo: las tarifas fijas m\u00e1s caras<\/strong><\/p>\n<p>Tambi\u00e9n es muy importante tener en cuenta la tarifa fija que aplican las compa\u00f1\u00edas. Con la tarifa TUR para consumos inferiores a 5.000 kWh al a\u00f1o, supone 5,15 euros al mes, mientras que para los que est\u00e1n por encima se eleva a 9,70 euros mensuales. En todas las ofertas analizadas el importe es m\u00e1s caro. Las <strong>tarifas fijas m\u00e1s elevadas son las de Podo<\/strong>, que llegan a alcanzar 9,08 y 15,13 euros, hasta un 76,3% m\u00e1s.<\/p>\n<p>\u00c9stas son las tarifas analizadas por FACUA y la factura mensual que supondr\u00edan para dos perfiles de usuario, que consumen 400 y 800 kWh mensuales.<\/p>\n<div>\n<table>\n<tbody>\n<tr>\n<td><b>Comercializadora<\/b><\/td>\n<td><strong>Fijo (\u20ac)<\/strong><\/td>\n<td><b>Energ\u00eda (c\u00e9nt\/kWh)<\/b><\/td>\n<td><strong>Recibo (\u20ac)<\/strong><\/td>\n<\/tr>\n<tr>\n<td><strong>TUR<\/strong>\u00a0(400kWh\/mes) (1)<\/td>\n<td>5,15<\/td>\n<td>6,09<\/td>\n<td>29,51<\/td>\n<\/tr>\n<tr>\n<td><b><strong>TUR<\/strong><\/b>\u00a0(800kWh\/mes)<b><\/b><\/td>\n<td>9,70<\/td>\n<td>5,17<\/td>\n<td>52,04<\/td>\n<\/tr>\n<tr>\n<td><b>Podo<\/b>\u00a0(400kWh\/mes)<\/td>\n<td>9,08<\/td>\n<td>6,27<\/td>\n<td>34,17<\/td>\n<\/tr>\n<tr>\n<td><strong>Podo<\/strong>\u00a0(800kWh\/mes)<\/td>\n<td>15,13<\/td>\n<td>5,45<\/td>\n<td>58,72<\/td>\n<\/tr>\n<tr>\n<td><strong>Endesa<\/strong>\u00a0(400kWh\/mes)<\/td>\n<td>5,99<\/td>\n<td>6,39<\/td>\n<td>31,56<\/td>\n<\/tr>\n<tr>\n<td><strong>Endesa<\/strong>\u00a0(800kWh\/mes)<\/td>\n<td>10,59<\/td>\n<td>5,46<\/td>\n<td>54,23<\/td>\n<\/tr>\n<tr>\n<td><b>Fen\u00ede\u00a0<\/b>(400kWh\/mes)<\/td>\n<td>5,18<\/td>\n<td>6,90<\/td>\n<td>32,76<\/td>\n<\/tr>\n<tr>\n<td><b>Fen\u00ede<\/b>\u00a0(800kWh\/mes)<\/td>\n<td>10,65<\/td>\n<td>6,10<\/td>\n<td>59,47<\/td>\n<\/tr>\n<tr>\n<td><strong>Iberdrola<\/strong>\u00a0(400kWh\/mes)<\/td>\n<td>5,28<\/td>\n<td>6,03<\/td>\n<td>29,40<\/td>\n<\/tr>\n<tr>\n<td><strong>Iberdrola<\/strong>\u00a0(800kWh\/mes)<\/td>\n<td>10,70<\/td>\n<td>5,00<\/td>\n<td>50,72<\/td>\n<\/tr>\n<tr>\n<td><b>Lucera<\/b>\u00a0(400kWh\/mes) (2)<\/td>\n<td>8,96<\/td>\n<td>6,90<\/td>\n<td>36,56<\/td>\n<\/tr>\n<tr>\n<td><b>Lucera\u00a0<\/b>(800kWh\/mes)<b><\/b><\/td>\n<td>12,60<\/td>\n<td>5,80<\/td>\n<td>59,00<\/td>\n<\/tr>\n<tr>\n<td><b>Naturgy<\/b>\u00a0(400kWh\/mes)<\/td>\n<td>6,05<\/td>\n<td>6,18<\/td>\n<td>30,78<\/td>\n<\/tr>\n<tr>\n<td><b>Naturgy<\/b>\u00a0(800kWh\/mes)<b><\/b><\/td>\n<td>11,27<\/td>\n<td>5,24<\/td>\n<td>53,21<\/td>\n<\/tr>\n<tr>\n<td><b>Repsol<\/b>\u00a0(400kWh\/mes)<\/td>\n<td>5,42<\/td>\n<td>7,51<\/td>\n<td>35,54<\/td>\n<\/tr>\n<tr>\n<td><b>Repsol<\/b>\u00a0(800kWh\/mes)<b><\/b><\/td>\n<td>10,58<\/td>\n<td>6,68<\/td>\n<td>64,05<\/td>\n<\/tr>\n<\/tbody>\n<\/table>\n<\/div>\n<p><em>Las tarifas se indican con el 21% de IVA y el impuesto especial sobre hidrocarburos.<\/em><\/p>\n<p><em>(1) Las tarifas reguladas TUR se contratan con cualquiera de las denominadas comercializadoras de referencia o de \u00faltimo recurso, que pertenecen a grupos empresariales que tambi\u00e9n poseen comercializadoras de mercado libre. En la tabla se indican los datos relativos a las tarifas TUR vigentes desde enero de 2021. Se actualizan trimestralmente.<\/em><\/p>\n<p><em>(2) Con Lucera, en la parte fija se indica tanto el concepto que cobra como t\u00e9rmino fijo, 3,029 o 6,672 euros al mes en funci\u00f3n de que el consumo sea inferior o superior a 5.000 kWh al a\u00f1o, como una cuota mensual que aplica de 5,93 euros al mes (si se tiene contratada tambi\u00e9n la luz, es una \u00fanica cuota por ambos servicios).<\/em><\/p>\n<\/div><div class=\"fusion-clearfix\"><\/div><\/div><\/div><\/div><\/div>\n","protected":false},"excerpt":{"rendered":"<p>Como sucede con la energ\u00eda el\u00e9ctrica, tambi\u00e9n el suministro de gas existen empresas que esquilman a los consumidores con tarifas car\u00edsimas, mucho m\u00e1s que el precio de mercado. En este sentido, como asegura Facua, Repsol, Lucera, Podo y Fen\u00ede son las comercializadoras de gas natural con las tarifas m\u00e1s caras, entre las ofertas del mercado libre frente a las Tarifas de \u00daltimo Recurso (TUR), reguladas por el Gobierno.<\/p>\n","protected":false},"author":3,"featured_media":16683,"comment_status":"closed","ping_status":"closed","sticky":false,"template":"","format":"standard","meta":{"_jetpack_memberships_contains_paid_content":false,"footnotes":"","jetpack_publicize_message":"","jetpack_publicize_feature_enabled":true,"jetpack_social_post_already_shared":true,"jetpack_social_options":{"image_generator_settings":{"template":"highway","default_image_id":0,"font":"","enabled":false},"version":2}},"categories":[7512,7558],"tags":[7934],"class_list":["post-35896","post","type-post","status-publish","format-standard","has-post-thumbnail","hentry","category-consumidores","category-gas-y-petroleo","tag-newsletter-294"],"yoast_head":"<!-- This site is optimized with the Yoast SEO plugin v28.2 - https:\/\/yoast.com\/product\/yoast-seo-wordpress\/ -->\n<title>Si eres consumidor de gas p\u00e1sate a TUR o Iberdrola<\/title>\n<meta name=\"description\" content=\"Lucera, Podo y Fen\u00ede son las comercializadoras de gas natural con las tarifas m\u00e1s caras, frente a las Tarifas de \u00daltimo Recurso (TUR)\" \/>\n<meta name=\"robots\" content=\"index, follow, max-snippet:-1, max-image-preview:large, max-video-preview:-1\" \/>\n<link rel=\"canonical\" href=\"https:\/\/www.aquimicasa.net\/blog\/consumo\/consumidores\/si-eres-consumidor-de-gas-pasate-a-tur-o-iberdrola\/\" \/>\n<meta property=\"og:locale\" content=\"es_ES\" \/>\n<meta property=\"og:type\" content=\"article\" \/>\n<meta property=\"og:title\" content=\"Si eres consumidor de gas p\u00e1sate a TUR o Iberdrola\" \/>\n<meta property=\"og:description\" content=\"Lucera, Podo y Fen\u00ede son las comercializadoras de gas natural con las tarifas m\u00e1s caras, frente a las Tarifas de \u00daltimo Recurso (TUR)\" \/>\n<meta property=\"og:url\" content=\"https:\/\/www.aquimicasa.net\/blog\/consumo\/consumidores\/si-eres-consumidor-de-gas-pasate-a-tur-o-iberdrola\/\" \/>\n<meta property=\"og:site_name\" content=\"Blog de aquimicasa.net\" \/>\n<meta property=\"article:publisher\" content=\"https:\/\/www.facebook.com\/aquimicasa.net\" \/>\n<meta property=\"article:published_time\" content=\"2021-02-20T11:36:32+00:00\" \/>\n<meta property=\"og:image\" content=\"https:\/\/www.aquimicasa.net\/blog\/wp-content\/uploads\/Gas-Natural1-e1500915397726.jpg\" \/>\n\t<meta property=\"og:image:width\" content=\"360\" \/>\n\t<meta property=\"og:image:height\" content=\"240\" \/>\n\t<meta property=\"og:image:type\" content=\"image\/jpeg\" \/>\n<meta name=\"author\" content=\"Eduardo Lizarraga\" \/>\n<meta name=\"twitter:label1\" content=\"Escrito por\" \/>\n\t<meta name=\"twitter:data1\" content=\"Eduardo Lizarraga\" \/>\n\t<meta name=\"twitter:label2\" content=\"Tiempo de lectura\" \/>\n\t<meta name=\"twitter:data2\" content=\"6 minutos\" \/>\n<script type=\"application\/ld+json\" class=\"yoast-schema-graph\">{\"@context\":\"https:\\\/\\\/schema.org\",\"@graph\":[{\"@type\":\"Article\",\"@id\":\"https:\\\/\\\/www.aquimicasa.net\\\/blog\\\/consumo\\\/consumidores\\\/si-eres-consumidor-de-gas-pasate-a-tur-o-iberdrola\\\/#article\",\"isPartOf\":{\"@id\":\"https:\\\/\\\/www.aquimicasa.net\\\/blog\\\/consumo\\\/consumidores\\\/si-eres-consumidor-de-gas-pasate-a-tur-o-iberdrola\\\/\"},\"author\":{\"name\":\"Eduardo Lizarraga\",\"@id\":\"https:\\\/\\\/www.aquimicasa.net\\\/blog\\\/#\\\/schema\\\/person\\\/2cdfa2605534583395c8d7ce1d6cac14\"},\"headline\":\"Si eres consumidor de gas p\u00e1sate a TUR o Iberdrola\",\"datePublished\":\"2021-02-20T11:36:32+00:00\",\"mainEntityOfPage\":{\"@id\":\"https:\\\/\\\/www.aquimicasa.net\\\/blog\\\/consumo\\\/consumidores\\\/si-eres-consumidor-de-gas-pasate-a-tur-o-iberdrola\\\/\"},\"wordCount\":1112,\"publisher\":{\"@id\":\"https:\\\/\\\/www.aquimicasa.net\\\/blog\\\/#organization\"},\"image\":{\"@id\":\"https:\\\/\\\/www.aquimicasa.net\\\/blog\\\/consumo\\\/consumidores\\\/si-eres-consumidor-de-gas-pasate-a-tur-o-iberdrola\\\/#primaryimage\"},\"thumbnailUrl\":\"https:\\\/\\\/www.aquimicasa.net\\\/blog\\\/wp-content\\\/uploads\\\/Gas-Natural1-e1500915397726.jpg\",\"keywords\":[\"newsletter 294\"],\"articleSection\":[\"Consumidores\",\"Gas y Petr\u00f3leo\"],\"inLanguage\":\"es\"},{\"@type\":\"WebPage\",\"@id\":\"https:\\\/\\\/www.aquimicasa.net\\\/blog\\\/consumo\\\/consumidores\\\/si-eres-consumidor-de-gas-pasate-a-tur-o-iberdrola\\\/\",\"url\":\"https:\\\/\\\/www.aquimicasa.net\\\/blog\\\/consumo\\\/consumidores\\\/si-eres-consumidor-de-gas-pasate-a-tur-o-iberdrola\\\/\",\"name\":\"Si eres consumidor de gas p\u00e1sate a TUR o Iberdrola\",\"isPartOf\":{\"@id\":\"https:\\\/\\\/www.aquimicasa.net\\\/blog\\\/#website\"},\"primaryImageOfPage\":{\"@id\":\"https:\\\/\\\/www.aquimicasa.net\\\/blog\\\/consumo\\\/consumidores\\\/si-eres-consumidor-de-gas-pasate-a-tur-o-iberdrola\\\/#primaryimage\"},\"image\":{\"@id\":\"https:\\\/\\\/www.aquimicasa.net\\\/blog\\\/consumo\\\/consumidores\\\/si-eres-consumidor-de-gas-pasate-a-tur-o-iberdrola\\\/#primaryimage\"},\"thumbnailUrl\":\"https:\\\/\\\/www.aquimicasa.net\\\/blog\\\/wp-content\\\/uploads\\\/Gas-Natural1-e1500915397726.jpg\",\"datePublished\":\"2021-02-20T11:36:32+00:00\",\"description\":\"Lucera, Podo y Fen\u00ede son las comercializadoras de gas natural con las tarifas m\u00e1s caras, frente a las Tarifas de \u00daltimo Recurso (TUR)\",\"breadcrumb\":{\"@id\":\"https:\\\/\\\/www.aquimicasa.net\\\/blog\\\/consumo\\\/consumidores\\\/si-eres-consumidor-de-gas-pasate-a-tur-o-iberdrola\\\/#breadcrumb\"},\"inLanguage\":\"es\",\"potentialAction\":[{\"@type\":\"ReadAction\",\"target\":[\"https:\\\/\\\/www.aquimicasa.net\\\/blog\\\/consumo\\\/consumidores\\\/si-eres-consumidor-de-gas-pasate-a-tur-o-iberdrola\\\/\"]}]},{\"@type\":\"ImageObject\",\"inLanguage\":\"es\",\"@id\":\"https:\\\/\\\/www.aquimicasa.net\\\/blog\\\/consumo\\\/consumidores\\\/si-eres-consumidor-de-gas-pasate-a-tur-o-iberdrola\\\/#primaryimage\",\"url\":\"https:\\\/\\\/www.aquimicasa.net\\\/blog\\\/wp-content\\\/uploads\\\/Gas-Natural1-e1500915397726.jpg\",\"contentUrl\":\"https:\\\/\\\/www.aquimicasa.net\\\/blog\\\/wp-content\\\/uploads\\\/Gas-Natural1-e1500915397726.jpg\",\"width\":360,\"height\":240,\"caption\":\"Sube de nuevo el gas butano\"},{\"@type\":\"BreadcrumbList\",\"@id\":\"https:\\\/\\\/www.aquimicasa.net\\\/blog\\\/consumo\\\/consumidores\\\/si-eres-consumidor-de-gas-pasate-a-tur-o-iberdrola\\\/#breadcrumb\",\"itemListElement\":[{\"@type\":\"ListItem\",\"position\":1,\"name\":\"Portada\",\"item\":\"https:\\\/\\\/www.aquimicasa.net\\\/blog\\\/\"},{\"@type\":\"ListItem\",\"position\":2,\"name\":\"Si eres consumidor de gas p\u00e1sate a TUR o Iberdrola\"}]},{\"@type\":\"WebSite\",\"@id\":\"https:\\\/\\\/www.aquimicasa.net\\\/blog\\\/#website\",\"url\":\"https:\\\/\\\/www.aquimicasa.net\\\/blog\\\/\",\"name\":\"Blog de aquimicasa.net\",\"description\":\"Noticias del Mundo Inmobiliario\",\"publisher\":{\"@id\":\"https:\\\/\\\/www.aquimicasa.net\\\/blog\\\/#organization\"},\"potentialAction\":[{\"@type\":\"SearchAction\",\"target\":{\"@type\":\"EntryPoint\",\"urlTemplate\":\"https:\\\/\\\/www.aquimicasa.net\\\/blog\\\/?s={search_term_string}\"},\"query-input\":{\"@type\":\"PropertyValueSpecification\",\"valueRequired\":true,\"valueName\":\"search_term_string\"}}],\"inLanguage\":\"es\"},{\"@type\":\"Organization\",\"@id\":\"https:\\\/\\\/www.aquimicasa.net\\\/blog\\\/#organization\",\"name\":\"Blog de aquimicasa.net\",\"url\":\"https:\\\/\\\/www.aquimicasa.net\\\/blog\\\/\",\"logo\":{\"@type\":\"ImageObject\",\"inLanguage\":\"es\",\"@id\":\"https:\\\/\\\/www.aquimicasa.net\\\/blog\\\/#\\\/schema\\\/logo\\\/image\\\/\",\"url\":\"https:\\\/\\\/www.aquimicasa.net\\\/blog\\\/wp-content\\\/uploads\\\/Logo-aquimicasa-1-e1528048213782.png\",\"contentUrl\":\"https:\\\/\\\/www.aquimicasa.net\\\/blog\\\/wp-content\\\/uploads\\\/Logo-aquimicasa-1-e1528048213782.png\",\"width\":225,\"height\":225,\"caption\":\"Blog de aquimicasa.net\"},\"image\":{\"@id\":\"https:\\\/\\\/www.aquimicasa.net\\\/blog\\\/#\\\/schema\\\/logo\\\/image\\\/\"},\"sameAs\":[\"https:\\\/\\\/www.facebook.com\\\/aquimicasa.net\",\"https:\\\/\\\/www.instagram.com\\\/\",\"https:\\\/\\\/x.com\\\/EduLizarragaD\",\"https:\\\/\\\/www.linkedin.com\\\/feed\\\/\"]},{\"@type\":\"Person\",\"@id\":\"https:\\\/\\\/www.aquimicasa.net\\\/blog\\\/#\\\/schema\\\/person\\\/2cdfa2605534583395c8d7ce1d6cac14\",\"name\":\"Eduardo Lizarraga\",\"image\":{\"@type\":\"ImageObject\",\"inLanguage\":\"es\",\"@id\":\"https:\\\/\\\/secure.gravatar.com\\\/avatar\\\/bdabe1eeeed97b65a9cb7de2edd624b07995f7e13abc5fead15961f745f908cc?s=96&d=mm&r=g\",\"url\":\"https:\\\/\\\/secure.gravatar.com\\\/avatar\\\/bdabe1eeeed97b65a9cb7de2edd624b07995f7e13abc5fead15961f745f908cc?s=96&d=mm&r=g\",\"contentUrl\":\"https:\\\/\\\/secure.gravatar.com\\\/avatar\\\/bdabe1eeeed97b65a9cb7de2edd624b07995f7e13abc5fead15961f745f908cc?s=96&d=mm&r=g\",\"caption\":\"Eduardo Lizarraga\"},\"description\":\"Periodista Econ\u00f3mico. Ha trabajado en diversos campos de la informaci\u00f3n. Corresponsal en conflictos, analista pol\u00edtico en Congreso y Senado, periodista del medio ambiente, editor, director editorial, director de comunicaci\u00f3n.... En estos momentos se ha especializado en el sector inmobiliario. Pero tambi\u00e9n es navegante y viajero, preocupado por la pobreza, el medio ambiente y por las actuaciones descontroladas del neoliberalismo empresarial y pol\u00edtico en todo el mundo. Los desahucios, la pobreza infantil y la falta de acceso a los suministros b\u00e1sicos son algunos de los grandes dramas de nuestra sociedad y que es preciso solucionar para hacerla m\u00e1s justa. CEO en www.aquimicasa.net\",\"sameAs\":[\"https:\\\/\\\/www.aquimicasa.net\\\/\"],\"url\":\"https:\\\/\\\/www.aquimicasa.net\\\/blog\\\/author\\\/eduardo\\\/\"}]}<\/script>\n<!-- \/ Yoast SEO plugin. -->","yoast_head_json":{"title":"Si eres consumidor de gas p\u00e1sate a TUR o Iberdrola","description":"Lucera, Podo y Fen\u00ede son las comercializadoras de gas natural con las tarifas m\u00e1s caras, frente a las Tarifas de \u00daltimo Recurso (TUR)","robots":{"index":"index","follow":"follow","max-snippet":"max-snippet:-1","max-image-preview":"max-image-preview:large","max-video-preview":"max-video-preview:-1"},"canonical":"https:\/\/www.aquimicasa.net\/blog\/consumo\/consumidores\/si-eres-consumidor-de-gas-pasate-a-tur-o-iberdrola\/","og_locale":"es_ES","og_type":"article","og_title":"Si eres consumidor de gas p\u00e1sate a TUR o Iberdrola","og_description":"Lucera, Podo y Fen\u00ede son las comercializadoras de gas natural con las tarifas m\u00e1s caras, frente a las Tarifas de \u00daltimo Recurso (TUR)","og_url":"https:\/\/www.aquimicasa.net\/blog\/consumo\/consumidores\/si-eres-consumidor-de-gas-pasate-a-tur-o-iberdrola\/","og_site_name":"Blog de aquimicasa.net","article_publisher":"https:\/\/www.facebook.com\/aquimicasa.net","article_published_time":"2021-02-20T11:36:32+00:00","og_image":[{"width":360,"height":240,"url":"https:\/\/www.aquimicasa.net\/blog\/wp-content\/uploads\/Gas-Natural1-e1500915397726.jpg","type":"image\/jpeg"}],"author":"Eduardo Lizarraga","twitter_misc":{"Escrito por":"Eduardo Lizarraga","Tiempo de lectura":"6 minutos"},"schema":{"@context":"https:\/\/schema.org","@graph":[{"@type":"Article","@id":"https:\/\/www.aquimicasa.net\/blog\/consumo\/consumidores\/si-eres-consumidor-de-gas-pasate-a-tur-o-iberdrola\/#article","isPartOf":{"@id":"https:\/\/www.aquimicasa.net\/blog\/consumo\/consumidores\/si-eres-consumidor-de-gas-pasate-a-tur-o-iberdrola\/"},"author":{"name":"Eduardo Lizarraga","@id":"https:\/\/www.aquimicasa.net\/blog\/#\/schema\/person\/2cdfa2605534583395c8d7ce1d6cac14"},"headline":"Si eres consumidor de gas p\u00e1sate a TUR o Iberdrola","datePublished":"2021-02-20T11:36:32+00:00","mainEntityOfPage":{"@id":"https:\/\/www.aquimicasa.net\/blog\/consumo\/consumidores\/si-eres-consumidor-de-gas-pasate-a-tur-o-iberdrola\/"},"wordCount":1112,"publisher":{"@id":"https:\/\/www.aquimicasa.net\/blog\/#organization"},"image":{"@id":"https:\/\/www.aquimicasa.net\/blog\/consumo\/consumidores\/si-eres-consumidor-de-gas-pasate-a-tur-o-iberdrola\/#primaryimage"},"thumbnailUrl":"https:\/\/www.aquimicasa.net\/blog\/wp-content\/uploads\/Gas-Natural1-e1500915397726.jpg","keywords":["newsletter 294"],"articleSection":["Consumidores","Gas y Petr\u00f3leo"],"inLanguage":"es"},{"@type":"WebPage","@id":"https:\/\/www.aquimicasa.net\/blog\/consumo\/consumidores\/si-eres-consumidor-de-gas-pasate-a-tur-o-iberdrola\/","url":"https:\/\/www.aquimicasa.net\/blog\/consumo\/consumidores\/si-eres-consumidor-de-gas-pasate-a-tur-o-iberdrola\/","name":"Si eres consumidor de gas p\u00e1sate a TUR o Iberdrola","isPartOf":{"@id":"https:\/\/www.aquimicasa.net\/blog\/#website"},"primaryImageOfPage":{"@id":"https:\/\/www.aquimicasa.net\/blog\/consumo\/consumidores\/si-eres-consumidor-de-gas-pasate-a-tur-o-iberdrola\/#primaryimage"},"image":{"@id":"https:\/\/www.aquimicasa.net\/blog\/consumo\/consumidores\/si-eres-consumidor-de-gas-pasate-a-tur-o-iberdrola\/#primaryimage"},"thumbnailUrl":"https:\/\/www.aquimicasa.net\/blog\/wp-content\/uploads\/Gas-Natural1-e1500915397726.jpg","datePublished":"2021-02-20T11:36:32+00:00","description":"Lucera, Podo y Fen\u00ede son las comercializadoras de gas natural con las tarifas m\u00e1s caras, frente a las Tarifas de \u00daltimo Recurso (TUR)","breadcrumb":{"@id":"https:\/\/www.aquimicasa.net\/blog\/consumo\/consumidores\/si-eres-consumidor-de-gas-pasate-a-tur-o-iberdrola\/#breadcrumb"},"inLanguage":"es","potentialAction":[{"@type":"ReadAction","target":["https:\/\/www.aquimicasa.net\/blog\/consumo\/consumidores\/si-eres-consumidor-de-gas-pasate-a-tur-o-iberdrola\/"]}]},{"@type":"ImageObject","inLanguage":"es","@id":"https:\/\/www.aquimicasa.net\/blog\/consumo\/consumidores\/si-eres-consumidor-de-gas-pasate-a-tur-o-iberdrola\/#primaryimage","url":"https:\/\/www.aquimicasa.net\/blog\/wp-content\/uploads\/Gas-Natural1-e1500915397726.jpg","contentUrl":"https:\/\/www.aquimicasa.net\/blog\/wp-content\/uploads\/Gas-Natural1-e1500915397726.jpg","width":360,"height":240,"caption":"Sube de nuevo el gas butano"},{"@type":"BreadcrumbList","@id":"https:\/\/www.aquimicasa.net\/blog\/consumo\/consumidores\/si-eres-consumidor-de-gas-pasate-a-tur-o-iberdrola\/#breadcrumb","itemListElement":[{"@type":"ListItem","position":1,"name":"Portada","item":"https:\/\/www.aquimicasa.net\/blog\/"},{"@type":"ListItem","position":2,"name":"Si eres consumidor de gas p\u00e1sate a TUR o Iberdrola"}]},{"@type":"WebSite","@id":"https:\/\/www.aquimicasa.net\/blog\/#website","url":"https:\/\/www.aquimicasa.net\/blog\/","name":"Blog de aquimicasa.net","description":"Noticias del Mundo Inmobiliario","publisher":{"@id":"https:\/\/www.aquimicasa.net\/blog\/#organization"},"potentialAction":[{"@type":"SearchAction","target":{"@type":"EntryPoint","urlTemplate":"https:\/\/www.aquimicasa.net\/blog\/?s={search_term_string}"},"query-input":{"@type":"PropertyValueSpecification","valueRequired":true,"valueName":"search_term_string"}}],"inLanguage":"es"},{"@type":"Organization","@id":"https:\/\/www.aquimicasa.net\/blog\/#organization","name":"Blog de aquimicasa.net","url":"https:\/\/www.aquimicasa.net\/blog\/","logo":{"@type":"ImageObject","inLanguage":"es","@id":"https:\/\/www.aquimicasa.net\/blog\/#\/schema\/logo\/image\/","url":"https:\/\/www.aquimicasa.net\/blog\/wp-content\/uploads\/Logo-aquimicasa-1-e1528048213782.png","contentUrl":"https:\/\/www.aquimicasa.net\/blog\/wp-content\/uploads\/Logo-aquimicasa-1-e1528048213782.png","width":225,"height":225,"caption":"Blog de aquimicasa.net"},"image":{"@id":"https:\/\/www.aquimicasa.net\/blog\/#\/schema\/logo\/image\/"},"sameAs":["https:\/\/www.facebook.com\/aquimicasa.net","https:\/\/www.instagram.com\/","https:\/\/x.com\/EduLizarragaD","https:\/\/www.linkedin.com\/feed\/"]},{"@type":"Person","@id":"https:\/\/www.aquimicasa.net\/blog\/#\/schema\/person\/2cdfa2605534583395c8d7ce1d6cac14","name":"Eduardo Lizarraga","image":{"@type":"ImageObject","inLanguage":"es","@id":"https:\/\/secure.gravatar.com\/avatar\/bdabe1eeeed97b65a9cb7de2edd624b07995f7e13abc5fead15961f745f908cc?s=96&d=mm&r=g","url":"https:\/\/secure.gravatar.com\/avatar\/bdabe1eeeed97b65a9cb7de2edd624b07995f7e13abc5fead15961f745f908cc?s=96&d=mm&r=g","contentUrl":"https:\/\/secure.gravatar.com\/avatar\/bdabe1eeeed97b65a9cb7de2edd624b07995f7e13abc5fead15961f745f908cc?s=96&d=mm&r=g","caption":"Eduardo Lizarraga"},"description":"Periodista Econ\u00f3mico. Ha trabajado en diversos campos de la informaci\u00f3n. Corresponsal en conflictos, analista pol\u00edtico en Congreso y Senado, periodista del medio ambiente, editor, director editorial, director de comunicaci\u00f3n.... En estos momentos se ha especializado en el sector inmobiliario. Pero tambi\u00e9n es navegante y viajero, preocupado por la pobreza, el medio ambiente y por las actuaciones descontroladas del neoliberalismo empresarial y pol\u00edtico en todo el mundo. Los desahucios, la pobreza infantil y la falta de acceso a los suministros b\u00e1sicos son algunos de los grandes dramas de nuestra sociedad y que es preciso solucionar para hacerla m\u00e1s justa. CEO en www.aquimicasa.net","sameAs":["https:\/\/www.aquimicasa.net\/"],"url":"https:\/\/www.aquimicasa.net\/blog\/author\/eduardo\/"}]}},"jetpack_publicize_connections":[],"jetpack_featured_media_url":"https:\/\/www.aquimicasa.net\/blog\/wp-content\/uploads\/Gas-Natural1-e1500915397726.jpg","jetpack_sharing_enabled":true,"jetpack_likes_enabled":true,"_links":{"self":[{"href":"https:\/\/www.aquimicasa.net\/blog\/wp-json\/wp\/v2\/posts\/35896","targetHints":{"allow":["GET"]}}],"collection":[{"href":"https:\/\/www.aquimicasa.net\/blog\/wp-json\/wp\/v2\/posts"}],"about":[{"href":"https:\/\/www.aquimicasa.net\/blog\/wp-json\/wp\/v2\/types\/post"}],"author":[{"embeddable":true,"href":"https:\/\/www.aquimicasa.net\/blog\/wp-json\/wp\/v2\/users\/3"}],"replies":[{"embeddable":true,"href":"https:\/\/www.aquimicasa.net\/blog\/wp-json\/wp\/v2\/comments?post=35896"}],"version-history":[{"count":5,"href":"https:\/\/www.aquimicasa.net\/blog\/wp-json\/wp\/v2\/posts\/35896\/revisions"}],"predecessor-version":[{"id":35908,"href":"https:\/\/www.aquimicasa.net\/blog\/wp-json\/wp\/v2\/posts\/35896\/revisions\/35908"}],"wp:featuredmedia":[{"embeddable":true,"href":"https:\/\/www.aquimicasa.net\/blog\/wp-json\/wp\/v2\/media\/16683"}],"wp:attachment":[{"href":"https:\/\/www.aquimicasa.net\/blog\/wp-json\/wp\/v2\/media?parent=35896"}],"wp:term":[{"taxonomy":"category","embeddable":true,"href":"https:\/\/www.aquimicasa.net\/blog\/wp-json\/wp\/v2\/categories?post=35896"},{"taxonomy":"post_tag","embeddable":true,"href":"https:\/\/www.aquimicasa.net\/blog\/wp-json\/wp\/v2\/tags?post=35896"}],"curies":[{"name":"wp","href":"https:\/\/api.w.org\/{rel}","templated":true}]}}