{"id":35979,"date":"2021-02-27T00:39:13","date_gmt":"2021-02-26T23:39:13","guid":{"rendered":"https:\/\/www.aquimicasa.net\/blog\/?p=35979"},"modified":"2021-02-27T00:39:13","modified_gmt":"2021-02-26T23:39:13","slug":"la-ley-por-el-derecho-a-la-vivienda-preocupa-a-la-sociedad","status":"publish","type":"post","link":"https:\/\/www.aquimicasa.net\/blog\/vivienda\/compraventa-de-viviendas\/la-ley-por-el-derecho-a-la-vivienda-preocupa-a-la-sociedad\/","title":{"rendered":"La ley por el Derecho a la Vivienda preocupa a la sociedad"},"content":{"rendered":"<div class=\"fusion-fullwidth fullwidth-box fusion-builder-row-1 nonhundred-percent-fullwidth non-hundred-percent-height-scrolling\" style=\"background-color: rgba(255,255,255,0);background-position: center center;background-repeat: no-repeat;padding-top:0px;padding-right:0px;padding-bottom:0px;padding-left:0px;margin-bottom: 0px;margin-top: 0px;border-width: 0px 0px 0px 0px;border-color:#eae9e9;border-style:solid;\" ><div class=\"fusion-builder-row fusion-row\"><div class=\"fusion-layout-column fusion_builder_column fusion-builder-column-0 fusion_builder_column_1_1 1_1 fusion-one-full fusion-column-first fusion-column-last\" style=\"margin-top:0px;margin-bottom:0px;\"><div class=\"fusion-column-wrapper fusion-flex-column-wrapper-legacy\" style=\"background-position:left top;background-repeat:no-repeat;-webkit-background-size:cover;-moz-background-size:cover;-o-background-size:cover;background-size:cover;padding: 0px 0px 0px 0px;\"><div class=\"fusion-text fusion-text-1\"><p align=\"left\">El paso atr\u00e1s del PSOE con la <strong>Ley de Vivienda<\/strong> con \u00c1balos como portavoz oficioso de ASVAL est\u00e1 preocupando y mucho a los sectores m\u00e1s implicados en la lucha por una vivienda digna. Para mostrar su apoyo, alrededor de 50 organizaciones sociales se han unido en una Iniciativa por una ley que garantice el <strong>derecho a la vivienda<\/strong>. Este pasado jueves 25 de febrero, una representaci\u00f3n de las organizaciones participantes se reunieron en el Congreso de los Diputados con los partidos Unidas Podemos, ERC, Junts, Bildu, M\u00e1s Pa\u00eds, Nueva Canarias y BNG, que han mostrado su apoyo al manifiesto.<\/p>\n<p align=\"left\">Las organizaciones consideran imprescindible que el proyecto de ley de vivienda que prepara el Ejecutivo y que parece que ser\u00e1 presentado en el Consejo de Ministros de manera inminente, contenga medidas que protejan y garanticen de manera efectiva el <strong>derecho a una vivienda digna<\/strong> en todo el territorio del Estado.<\/p>\n<p align=\"left\">El manifiesto suscrito por las organizaciones sociales recuerda que m\u00e1s de 320.000 personas est\u00e1n sin hogar en Espa\u00f1a, donde hay 12 millones de personas en riesgo de exclusi\u00f3n social y se han sufrido <strong>m\u00e1s de un mill\u00f3n de desahucios desde 2008<\/strong>, muchos de ellos agravados con cl\u00e1usulas abusivas y ejecutados con una legislaci\u00f3n contraria a los est\u00e1ndares europeos.<\/p>\n<p align=\"left\">Por este motivo, las organizaciones proponen que l<strong>a ley por el Derecho a la Vivienda<\/strong> incluya como m\u00ednimo estas 8 medidas de aplicaci\u00f3n directa:<\/p>\n<p align=\"left\">1. La ley debe garantizar el derecho a una vivienda digna, asequible, accesible y adecuada como derecho subjetivo, garantizando que esta protecci\u00f3n sea efectiva y evitando que ninguna persona sufra <strong>situaci\u00f3n de sinhogarismo<\/strong>.<\/p>\n<p align=\"left\">2. <strong>Stop desahucios<\/strong> de personas vulnerables sin alternativa de vivienda digna y adecuada, as\u00ed como la obligaci\u00f3n de alquiler social estable para los grandes tenedores y en el resto de casos realojo digno y adecuado a cargo de los poderes p\u00fablicos.<\/p>\n<p align=\"left\">3. Asegurar y ampliar el <strong>parque p\u00fablico de alquiler social<\/strong>, como m\u00ednimo al 20% del conjunto de viviendas en veinte a\u00f1os, haciendo frente a la emergencia habitacional de forma prioritaria.<\/p>\n<p align=\"left\">4. Regulaci\u00f3n estatal de <strong>alquileres a precios adecuados a los salarios<\/strong> de la poblaci\u00f3n en cada zona del territorio. Modificaci\u00f3n de la ley de arrendamientos urbanos para dar protecci\u00f3n y estabilidad a los inquilinos del conjunto del pa\u00eds.<\/p>\n<p align=\"left\">5. <strong>Garantizar los suministros b\u00e1sicos<\/strong> de agua, luz, gas y acceso a las telecomunicaciones para evitar la brecha digital como parte de una vivienda digna.<\/p>\n<p align=\"left\">6. Garantizar una <strong>segunda oportunidad efectiva para los hogares con deudas hipotecarias<\/strong>, y desarrollar medidas contra el sobreendeudamiento y los abusos financieros e inmobiliarios.<\/p>\n<p align=\"left\">7. <strong>Ampliaci\u00f3n presupuestaria para vivienda social<\/strong> y pol\u00edticas sociales de vivienda hasta llegar al promedio europeo de parque p\u00fablico, destinando como m\u00ednimo el 2% del presupuesto estatal. Asignaci\u00f3n de una parte suficiente de los fondos europeos de recuperaci\u00f3n a este objetivo.<\/p>\n<p align=\"left\">8. Participaci\u00f3n activa de la poblaci\u00f3n en toda la pol\u00edtica de vivienda y urbanismo.<\/p>\n<p align=\"left\">Esta Iniciativa est\u00e1 apoyada por las siguientes organizaciones: CGT, Sindicato de Inquilinas, Plataforma de Afectados por la Hipoteca (PAH), Plataforma DESC Espa\u00f1a, FACUA, Cobas, Coespe, Rebeld\u00eda, JOC, Ecologistas en Acci\u00f3n, UGT, CCOO, Movimiento Nadie sin Hogar, Entrebarris, Alianza de Mareas y Movimientos Sociales de Catalu\u00f1a, Comisi\u00f3n Promotora de la Renta Garantizada de Ciudadan\u00eda, Coordinadora de Asambleas de trabajadores en paro de Catalu\u00f1a, Taula d&#8217;Entitas del Tercer Sector Social, Confederaci\u00f3n Intersindical CI, Alianza contra la Pobreza Energ\u00e9tica, Alianza por el Derecho a la Vivienda de Madrid, Plataforma contra los Fondos Buitre, Intersindical Valencia, Marea Blanca Catalunya, CNT Val\u00e8ncia, Decidim, Plataforma pel Dret a Decidir del Pa\u00eds Valenci\u00e0, Sillas contra el Hambre, Marea B\u00e1sica, Attac Espa\u00f1a, Coordinadora Residencias 5+1, Red Agua P\u00fablica, IAC, Abrir Brecha, Afectados BB Serveis, CAES, El Rogle, Marea Blanca Pa\u00eds Valenci\u00e0 Comarques del Sud, Audita Ciudadana de la Deuda en Sanidad (Audita Sanidad), FAVB, Marea Colomense, Marea Pensionista de Catalunya, Abrir Fenda, Oficina Popular de Vivienda Valladolid, Intersindical Salut, COS del&#8217;Horta, Obrir Escletxa.<\/p>\n<\/div><div class=\"fusion-clearfix\"><\/div><\/div><\/div><\/div><\/div>\n","protected":false},"excerpt":{"rendered":"<p>Un manifiesto suscrito por las organizaciones sociales recuerda que m\u00e1s de 320.000 personas est\u00e1n sin hogar en Espa\u00f1a, donde hay 12 millones de personas en riesgo de exclusi\u00f3n social y se han sufrido m\u00e1s de un mill\u00f3n de desahucios desde 2008, muchos de ellos agravados con cl\u00e1usulas abusivas y ejecutados con una legislaci\u00f3n contraria a los est\u00e1ndares europeos.<\/p>\n","protected":false},"author":3,"featured_media":16489,"comment_status":"closed","ping_status":"closed","sticky":false,"template":"","format":"standard","meta":{"_jetpack_memberships_contains_paid_content":false,"footnotes":"","jetpack_publicize_message":"","jetpack_publicize_feature_enabled":true,"jetpack_social_post_already_shared":true,"jetpack_social_options":{"image_generator_settings":{"template":"highway","default_image_id":0,"font":"","enabled":false},"version":2}},"categories":[100,25,104,28],"tags":[7935],"class_list":["post-35979","post","type-post","status-publish","format-standard","has-post-thumbnail","hentry","category-compraventa-de-viviendas","category-desahucio","category-leyes","category-plataforma-de-afectados-por-la-hipoteca","tag-newsletter-295"],"yoast_head":"<!-- This site is optimized with the Yoast SEO plugin v27.5 - https:\/\/yoast.com\/product\/yoast-seo-wordpress\/ -->\n<title>La ley por el Derecho a la Vivienda preocupa a la sociedad<\/title>\n<meta name=\"description\" content=\"El paso atr\u00e1s del PSOE con la Ley de Vivienda est\u00e1 preocupando y mucho a los sectores m\u00e1s implicados en la lucha por una vivienda digna\" \/>\n<meta name=\"robots\" content=\"index, follow, max-snippet:-1, max-image-preview:large, max-video-preview:-1\" \/>\n<link rel=\"canonical\" href=\"https:\/\/www.aquimicasa.net\/blog\/vivienda\/compraventa-de-viviendas\/la-ley-por-el-derecho-a-la-vivienda-preocupa-a-la-sociedad\/\" \/>\n<meta property=\"og:locale\" content=\"es_ES\" \/>\n<meta property=\"og:type\" content=\"article\" \/>\n<meta property=\"og:title\" content=\"La ley por el Derecho a la Vivienda preocupa a la sociedad\" \/>\n<meta property=\"og:description\" content=\"El paso atr\u00e1s del PSOE con la Ley de Vivienda est\u00e1 preocupando y mucho a los sectores m\u00e1s implicados en la lucha por una vivienda digna\" \/>\n<meta property=\"og:url\" content=\"https:\/\/www.aquimicasa.net\/blog\/vivienda\/compraventa-de-viviendas\/la-ley-por-el-derecho-a-la-vivienda-preocupa-a-la-sociedad\/\" \/>\n<meta property=\"og:site_name\" content=\"Blog de aquimicasa.net\" \/>\n<meta property=\"article:publisher\" content=\"https:\/\/www.facebook.com\/aquimicasa.net\" \/>\n<meta property=\"article:published_time\" content=\"2021-02-26T23:39:13+00:00\" \/>\n<meta property=\"og:image\" content=\"https:\/\/www.aquimicasa.net\/blog\/wp-content\/uploads\/Desahucios3-e1531256023221.jpg\" \/>\n\t<meta property=\"og:image:width\" content=\"400\" \/>\n\t<meta property=\"og:image:height\" content=\"225\" \/>\n\t<meta property=\"og:image:type\" content=\"image\/jpeg\" \/>\n<meta name=\"author\" content=\"Eduardo Lizarraga\" \/>\n<meta name=\"twitter:label1\" content=\"Escrito por\" \/>\n\t<meta name=\"twitter:data1\" content=\"Eduardo Lizarraga\" \/>\n\t<meta name=\"twitter:label2\" content=\"Tiempo de lectura\" \/>\n\t<meta name=\"twitter:data2\" content=\"5 minutos\" \/>\n<script type=\"application\/ld+json\" class=\"yoast-schema-graph\">{\"@context\":\"https:\\\/\\\/schema.org\",\"@graph\":[{\"@type\":\"Article\",\"@id\":\"https:\\\/\\\/www.aquimicasa.net\\\/blog\\\/vivienda\\\/compraventa-de-viviendas\\\/la-ley-por-el-derecho-a-la-vivienda-preocupa-a-la-sociedad\\\/#article\",\"isPartOf\":{\"@id\":\"https:\\\/\\\/www.aquimicasa.net\\\/blog\\\/vivienda\\\/compraventa-de-viviendas\\\/la-ley-por-el-derecho-a-la-vivienda-preocupa-a-la-sociedad\\\/\"},\"author\":{\"name\":\"Eduardo Lizarraga\",\"@id\":\"https:\\\/\\\/www.aquimicasa.net\\\/blog\\\/#\\\/schema\\\/person\\\/2cdfa2605534583395c8d7ce1d6cac14\"},\"headline\":\"La ley por el Derecho a la Vivienda preocupa a la sociedad\",\"datePublished\":\"2021-02-26T23:39:13+00:00\",\"mainEntityOfPage\":{\"@id\":\"https:\\\/\\\/www.aquimicasa.net\\\/blog\\\/vivienda\\\/compraventa-de-viviendas\\\/la-ley-por-el-derecho-a-la-vivienda-preocupa-a-la-sociedad\\\/\"},\"wordCount\":923,\"publisher\":{\"@id\":\"https:\\\/\\\/www.aquimicasa.net\\\/blog\\\/#organization\"},\"image\":{\"@id\":\"https:\\\/\\\/www.aquimicasa.net\\\/blog\\\/vivienda\\\/compraventa-de-viviendas\\\/la-ley-por-el-derecho-a-la-vivienda-preocupa-a-la-sociedad\\\/#primaryimage\"},\"thumbnailUrl\":\"https:\\\/\\\/www.aquimicasa.net\\\/blog\\\/wp-content\\\/uploads\\\/Desahucios3-e1531256023221.jpg\",\"keywords\":[\"newsletter 295\"],\"articleSection\":[\"Compra Venta\",\"Desahucios\",\"Leyes\",\"Plataforma de Afectados por la Hipoteca\"],\"inLanguage\":\"es\"},{\"@type\":\"WebPage\",\"@id\":\"https:\\\/\\\/www.aquimicasa.net\\\/blog\\\/vivienda\\\/compraventa-de-viviendas\\\/la-ley-por-el-derecho-a-la-vivienda-preocupa-a-la-sociedad\\\/\",\"url\":\"https:\\\/\\\/www.aquimicasa.net\\\/blog\\\/vivienda\\\/compraventa-de-viviendas\\\/la-ley-por-el-derecho-a-la-vivienda-preocupa-a-la-sociedad\\\/\",\"name\":\"La ley por el Derecho a la Vivienda preocupa a la sociedad\",\"isPartOf\":{\"@id\":\"https:\\\/\\\/www.aquimicasa.net\\\/blog\\\/#website\"},\"primaryImageOfPage\":{\"@id\":\"https:\\\/\\\/www.aquimicasa.net\\\/blog\\\/vivienda\\\/compraventa-de-viviendas\\\/la-ley-por-el-derecho-a-la-vivienda-preocupa-a-la-sociedad\\\/#primaryimage\"},\"image\":{\"@id\":\"https:\\\/\\\/www.aquimicasa.net\\\/blog\\\/vivienda\\\/compraventa-de-viviendas\\\/la-ley-por-el-derecho-a-la-vivienda-preocupa-a-la-sociedad\\\/#primaryimage\"},\"thumbnailUrl\":\"https:\\\/\\\/www.aquimicasa.net\\\/blog\\\/wp-content\\\/uploads\\\/Desahucios3-e1531256023221.jpg\",\"datePublished\":\"2021-02-26T23:39:13+00:00\",\"description\":\"El paso atr\u00e1s del PSOE con la Ley de Vivienda est\u00e1 preocupando y mucho a los sectores m\u00e1s implicados en la lucha por una vivienda digna\",\"breadcrumb\":{\"@id\":\"https:\\\/\\\/www.aquimicasa.net\\\/blog\\\/vivienda\\\/compraventa-de-viviendas\\\/la-ley-por-el-derecho-a-la-vivienda-preocupa-a-la-sociedad\\\/#breadcrumb\"},\"inLanguage\":\"es\",\"potentialAction\":[{\"@type\":\"ReadAction\",\"target\":[\"https:\\\/\\\/www.aquimicasa.net\\\/blog\\\/vivienda\\\/compraventa-de-viviendas\\\/la-ley-por-el-derecho-a-la-vivienda-preocupa-a-la-sociedad\\\/\"]}]},{\"@type\":\"ImageObject\",\"inLanguage\":\"es\",\"@id\":\"https:\\\/\\\/www.aquimicasa.net\\\/blog\\\/vivienda\\\/compraventa-de-viviendas\\\/la-ley-por-el-derecho-a-la-vivienda-preocupa-a-la-sociedad\\\/#primaryimage\",\"url\":\"https:\\\/\\\/www.aquimicasa.net\\\/blog\\\/wp-content\\\/uploads\\\/Desahucios3-e1531256023221.jpg\",\"contentUrl\":\"https:\\\/\\\/www.aquimicasa.net\\\/blog\\\/wp-content\\\/uploads\\\/Desahucios3-e1531256023221.jpg\",\"width\":400,\"height\":225},{\"@type\":\"BreadcrumbList\",\"@id\":\"https:\\\/\\\/www.aquimicasa.net\\\/blog\\\/vivienda\\\/compraventa-de-viviendas\\\/la-ley-por-el-derecho-a-la-vivienda-preocupa-a-la-sociedad\\\/#breadcrumb\",\"itemListElement\":[{\"@type\":\"ListItem\",\"position\":1,\"name\":\"Portada\",\"item\":\"https:\\\/\\\/www.aquimicasa.net\\\/blog\\\/\"},{\"@type\":\"ListItem\",\"position\":2,\"name\":\"La ley por el Derecho a la Vivienda preocupa a la sociedad\"}]},{\"@type\":\"WebSite\",\"@id\":\"https:\\\/\\\/www.aquimicasa.net\\\/blog\\\/#website\",\"url\":\"https:\\\/\\\/www.aquimicasa.net\\\/blog\\\/\",\"name\":\"Blog de aquimicasa.net\",\"description\":\"Noticias del Mundo Inmobiliario\",\"publisher\":{\"@id\":\"https:\\\/\\\/www.aquimicasa.net\\\/blog\\\/#organization\"},\"potentialAction\":[{\"@type\":\"SearchAction\",\"target\":{\"@type\":\"EntryPoint\",\"urlTemplate\":\"https:\\\/\\\/www.aquimicasa.net\\\/blog\\\/?s={search_term_string}\"},\"query-input\":{\"@type\":\"PropertyValueSpecification\",\"valueRequired\":true,\"valueName\":\"search_term_string\"}}],\"inLanguage\":\"es\"},{\"@type\":\"Organization\",\"@id\":\"https:\\\/\\\/www.aquimicasa.net\\\/blog\\\/#organization\",\"name\":\"Blog de aquimicasa.net\",\"url\":\"https:\\\/\\\/www.aquimicasa.net\\\/blog\\\/\",\"logo\":{\"@type\":\"ImageObject\",\"inLanguage\":\"es\",\"@id\":\"https:\\\/\\\/www.aquimicasa.net\\\/blog\\\/#\\\/schema\\\/logo\\\/image\\\/\",\"url\":\"https:\\\/\\\/www.aquimicasa.net\\\/blog\\\/wp-content\\\/uploads\\\/Logo-aquimicasa-1-e1528048213782.png\",\"contentUrl\":\"https:\\\/\\\/www.aquimicasa.net\\\/blog\\\/wp-content\\\/uploads\\\/Logo-aquimicasa-1-e1528048213782.png\",\"width\":225,\"height\":225,\"caption\":\"Blog de aquimicasa.net\"},\"image\":{\"@id\":\"https:\\\/\\\/www.aquimicasa.net\\\/blog\\\/#\\\/schema\\\/logo\\\/image\\\/\"},\"sameAs\":[\"https:\\\/\\\/www.facebook.com\\\/aquimicasa.net\",\"https:\\\/\\\/www.instagram.com\\\/\",\"https:\\\/\\\/x.com\\\/EduLizarragaD\",\"https:\\\/\\\/www.linkedin.com\\\/feed\\\/\"]},{\"@type\":\"Person\",\"@id\":\"https:\\\/\\\/www.aquimicasa.net\\\/blog\\\/#\\\/schema\\\/person\\\/2cdfa2605534583395c8d7ce1d6cac14\",\"name\":\"Eduardo Lizarraga\",\"image\":{\"@type\":\"ImageObject\",\"inLanguage\":\"es\",\"@id\":\"https:\\\/\\\/secure.gravatar.com\\\/avatar\\\/bdabe1eeeed97b65a9cb7de2edd624b07995f7e13abc5fead15961f745f908cc?s=96&d=mm&r=g\",\"url\":\"https:\\\/\\\/secure.gravatar.com\\\/avatar\\\/bdabe1eeeed97b65a9cb7de2edd624b07995f7e13abc5fead15961f745f908cc?s=96&d=mm&r=g\",\"contentUrl\":\"https:\\\/\\\/secure.gravatar.com\\\/avatar\\\/bdabe1eeeed97b65a9cb7de2edd624b07995f7e13abc5fead15961f745f908cc?s=96&d=mm&r=g\",\"caption\":\"Eduardo Lizarraga\"},\"description\":\"Periodista Econ\u00f3mico. Ha trabajado en diversos campos de la informaci\u00f3n. Corresponsal en conflictos, analista pol\u00edtico en Congreso y Senado, periodista del medio ambiente, editor, director editorial, director de comunicaci\u00f3n.... En estos momentos se ha especializado en el sector inmobiliario. Pero tambi\u00e9n es navegante y viajero, preocupado por la pobreza, el medio ambiente y por las actuaciones descontroladas del neoliberalismo empresarial y pol\u00edtico en todo el mundo. Los desahucios, la pobreza infantil y la falta de acceso a los suministros b\u00e1sicos son algunos de los grandes dramas de nuestra sociedad y que es preciso solucionar para hacerla m\u00e1s justa. CEO en www.aquimicasa.net\",\"sameAs\":[\"https:\\\/\\\/www.aquimicasa.net\\\/\"],\"url\":\"https:\\\/\\\/www.aquimicasa.net\\\/blog\\\/author\\\/eduardo\\\/\"}]}<\/script>\n<!-- \/ Yoast SEO plugin. -->","yoast_head_json":{"title":"La ley por el Derecho a la Vivienda preocupa a la sociedad","description":"El paso atr\u00e1s del PSOE con la Ley de Vivienda est\u00e1 preocupando y mucho a los sectores m\u00e1s implicados en la lucha por una vivienda digna","robots":{"index":"index","follow":"follow","max-snippet":"max-snippet:-1","max-image-preview":"max-image-preview:large","max-video-preview":"max-video-preview:-1"},"canonical":"https:\/\/www.aquimicasa.net\/blog\/vivienda\/compraventa-de-viviendas\/la-ley-por-el-derecho-a-la-vivienda-preocupa-a-la-sociedad\/","og_locale":"es_ES","og_type":"article","og_title":"La ley por el Derecho a la Vivienda preocupa a la sociedad","og_description":"El paso atr\u00e1s del PSOE con la Ley de Vivienda est\u00e1 preocupando y mucho a los sectores m\u00e1s implicados en la lucha por una vivienda digna","og_url":"https:\/\/www.aquimicasa.net\/blog\/vivienda\/compraventa-de-viviendas\/la-ley-por-el-derecho-a-la-vivienda-preocupa-a-la-sociedad\/","og_site_name":"Blog de aquimicasa.net","article_publisher":"https:\/\/www.facebook.com\/aquimicasa.net","article_published_time":"2021-02-26T23:39:13+00:00","og_image":[{"width":400,"height":225,"url":"https:\/\/www.aquimicasa.net\/blog\/wp-content\/uploads\/Desahucios3-e1531256023221.jpg","type":"image\/jpeg"}],"author":"Eduardo Lizarraga","twitter_misc":{"Escrito por":"Eduardo Lizarraga","Tiempo de lectura":"5 minutos"},"schema":{"@context":"https:\/\/schema.org","@graph":[{"@type":"Article","@id":"https:\/\/www.aquimicasa.net\/blog\/vivienda\/compraventa-de-viviendas\/la-ley-por-el-derecho-a-la-vivienda-preocupa-a-la-sociedad\/#article","isPartOf":{"@id":"https:\/\/www.aquimicasa.net\/blog\/vivienda\/compraventa-de-viviendas\/la-ley-por-el-derecho-a-la-vivienda-preocupa-a-la-sociedad\/"},"author":{"name":"Eduardo Lizarraga","@id":"https:\/\/www.aquimicasa.net\/blog\/#\/schema\/person\/2cdfa2605534583395c8d7ce1d6cac14"},"headline":"La ley por el Derecho a la Vivienda preocupa a la sociedad","datePublished":"2021-02-26T23:39:13+00:00","mainEntityOfPage":{"@id":"https:\/\/www.aquimicasa.net\/blog\/vivienda\/compraventa-de-viviendas\/la-ley-por-el-derecho-a-la-vivienda-preocupa-a-la-sociedad\/"},"wordCount":923,"publisher":{"@id":"https:\/\/www.aquimicasa.net\/blog\/#organization"},"image":{"@id":"https:\/\/www.aquimicasa.net\/blog\/vivienda\/compraventa-de-viviendas\/la-ley-por-el-derecho-a-la-vivienda-preocupa-a-la-sociedad\/#primaryimage"},"thumbnailUrl":"https:\/\/www.aquimicasa.net\/blog\/wp-content\/uploads\/Desahucios3-e1531256023221.jpg","keywords":["newsletter 295"],"articleSection":["Compra Venta","Desahucios","Leyes","Plataforma de Afectados por la Hipoteca"],"inLanguage":"es"},{"@type":"WebPage","@id":"https:\/\/www.aquimicasa.net\/blog\/vivienda\/compraventa-de-viviendas\/la-ley-por-el-derecho-a-la-vivienda-preocupa-a-la-sociedad\/","url":"https:\/\/www.aquimicasa.net\/blog\/vivienda\/compraventa-de-viviendas\/la-ley-por-el-derecho-a-la-vivienda-preocupa-a-la-sociedad\/","name":"La ley por el Derecho a la Vivienda preocupa a la sociedad","isPartOf":{"@id":"https:\/\/www.aquimicasa.net\/blog\/#website"},"primaryImageOfPage":{"@id":"https:\/\/www.aquimicasa.net\/blog\/vivienda\/compraventa-de-viviendas\/la-ley-por-el-derecho-a-la-vivienda-preocupa-a-la-sociedad\/#primaryimage"},"image":{"@id":"https:\/\/www.aquimicasa.net\/blog\/vivienda\/compraventa-de-viviendas\/la-ley-por-el-derecho-a-la-vivienda-preocupa-a-la-sociedad\/#primaryimage"},"thumbnailUrl":"https:\/\/www.aquimicasa.net\/blog\/wp-content\/uploads\/Desahucios3-e1531256023221.jpg","datePublished":"2021-02-26T23:39:13+00:00","description":"El paso atr\u00e1s del PSOE con la Ley de Vivienda est\u00e1 preocupando y mucho a los sectores m\u00e1s implicados en la lucha por una vivienda digna","breadcrumb":{"@id":"https:\/\/www.aquimicasa.net\/blog\/vivienda\/compraventa-de-viviendas\/la-ley-por-el-derecho-a-la-vivienda-preocupa-a-la-sociedad\/#breadcrumb"},"inLanguage":"es","potentialAction":[{"@type":"ReadAction","target":["https:\/\/www.aquimicasa.net\/blog\/vivienda\/compraventa-de-viviendas\/la-ley-por-el-derecho-a-la-vivienda-preocupa-a-la-sociedad\/"]}]},{"@type":"ImageObject","inLanguage":"es","@id":"https:\/\/www.aquimicasa.net\/blog\/vivienda\/compraventa-de-viviendas\/la-ley-por-el-derecho-a-la-vivienda-preocupa-a-la-sociedad\/#primaryimage","url":"https:\/\/www.aquimicasa.net\/blog\/wp-content\/uploads\/Desahucios3-e1531256023221.jpg","contentUrl":"https:\/\/www.aquimicasa.net\/blog\/wp-content\/uploads\/Desahucios3-e1531256023221.jpg","width":400,"height":225},{"@type":"BreadcrumbList","@id":"https:\/\/www.aquimicasa.net\/blog\/vivienda\/compraventa-de-viviendas\/la-ley-por-el-derecho-a-la-vivienda-preocupa-a-la-sociedad\/#breadcrumb","itemListElement":[{"@type":"ListItem","position":1,"name":"Portada","item":"https:\/\/www.aquimicasa.net\/blog\/"},{"@type":"ListItem","position":2,"name":"La ley por el Derecho a la Vivienda preocupa a la sociedad"}]},{"@type":"WebSite","@id":"https:\/\/www.aquimicasa.net\/blog\/#website","url":"https:\/\/www.aquimicasa.net\/blog\/","name":"Blog de aquimicasa.net","description":"Noticias del Mundo Inmobiliario","publisher":{"@id":"https:\/\/www.aquimicasa.net\/blog\/#organization"},"potentialAction":[{"@type":"SearchAction","target":{"@type":"EntryPoint","urlTemplate":"https:\/\/www.aquimicasa.net\/blog\/?s={search_term_string}"},"query-input":{"@type":"PropertyValueSpecification","valueRequired":true,"valueName":"search_term_string"}}],"inLanguage":"es"},{"@type":"Organization","@id":"https:\/\/www.aquimicasa.net\/blog\/#organization","name":"Blog de aquimicasa.net","url":"https:\/\/www.aquimicasa.net\/blog\/","logo":{"@type":"ImageObject","inLanguage":"es","@id":"https:\/\/www.aquimicasa.net\/blog\/#\/schema\/logo\/image\/","url":"https:\/\/www.aquimicasa.net\/blog\/wp-content\/uploads\/Logo-aquimicasa-1-e1528048213782.png","contentUrl":"https:\/\/www.aquimicasa.net\/blog\/wp-content\/uploads\/Logo-aquimicasa-1-e1528048213782.png","width":225,"height":225,"caption":"Blog de aquimicasa.net"},"image":{"@id":"https:\/\/www.aquimicasa.net\/blog\/#\/schema\/logo\/image\/"},"sameAs":["https:\/\/www.facebook.com\/aquimicasa.net","https:\/\/www.instagram.com\/","https:\/\/x.com\/EduLizarragaD","https:\/\/www.linkedin.com\/feed\/"]},{"@type":"Person","@id":"https:\/\/www.aquimicasa.net\/blog\/#\/schema\/person\/2cdfa2605534583395c8d7ce1d6cac14","name":"Eduardo Lizarraga","image":{"@type":"ImageObject","inLanguage":"es","@id":"https:\/\/secure.gravatar.com\/avatar\/bdabe1eeeed97b65a9cb7de2edd624b07995f7e13abc5fead15961f745f908cc?s=96&d=mm&r=g","url":"https:\/\/secure.gravatar.com\/avatar\/bdabe1eeeed97b65a9cb7de2edd624b07995f7e13abc5fead15961f745f908cc?s=96&d=mm&r=g","contentUrl":"https:\/\/secure.gravatar.com\/avatar\/bdabe1eeeed97b65a9cb7de2edd624b07995f7e13abc5fead15961f745f908cc?s=96&d=mm&r=g","caption":"Eduardo Lizarraga"},"description":"Periodista Econ\u00f3mico. Ha trabajado en diversos campos de la informaci\u00f3n. Corresponsal en conflictos, analista pol\u00edtico en Congreso y Senado, periodista del medio ambiente, editor, director editorial, director de comunicaci\u00f3n.... En estos momentos se ha especializado en el sector inmobiliario. Pero tambi\u00e9n es navegante y viajero, preocupado por la pobreza, el medio ambiente y por las actuaciones descontroladas del neoliberalismo empresarial y pol\u00edtico en todo el mundo. Los desahucios, la pobreza infantil y la falta de acceso a los suministros b\u00e1sicos son algunos de los grandes dramas de nuestra sociedad y que es preciso solucionar para hacerla m\u00e1s justa. CEO en www.aquimicasa.net","sameAs":["https:\/\/www.aquimicasa.net\/"],"url":"https:\/\/www.aquimicasa.net\/blog\/author\/eduardo\/"}]}},"jetpack_publicize_connections":[],"jetpack_featured_media_url":"https:\/\/www.aquimicasa.net\/blog\/wp-content\/uploads\/Desahucios3-e1531256023221.jpg","jetpack_sharing_enabled":true,"jetpack_likes_enabled":true,"_links":{"self":[{"href":"https:\/\/www.aquimicasa.net\/blog\/wp-json\/wp\/v2\/posts\/35979","targetHints":{"allow":["GET"]}}],"collection":[{"href":"https:\/\/www.aquimicasa.net\/blog\/wp-json\/wp\/v2\/posts"}],"about":[{"href":"https:\/\/www.aquimicasa.net\/blog\/wp-json\/wp\/v2\/types\/post"}],"author":[{"embeddable":true,"href":"https:\/\/www.aquimicasa.net\/blog\/wp-json\/wp\/v2\/users\/3"}],"replies":[{"embeddable":true,"href":"https:\/\/www.aquimicasa.net\/blog\/wp-json\/wp\/v2\/comments?post=35979"}],"version-history":[{"count":3,"href":"https:\/\/www.aquimicasa.net\/blog\/wp-json\/wp\/v2\/posts\/35979\/revisions"}],"predecessor-version":[{"id":35990,"href":"https:\/\/www.aquimicasa.net\/blog\/wp-json\/wp\/v2\/posts\/35979\/revisions\/35990"}],"wp:featuredmedia":[{"embeddable":true,"href":"https:\/\/www.aquimicasa.net\/blog\/wp-json\/wp\/v2\/media\/16489"}],"wp:attachment":[{"href":"https:\/\/www.aquimicasa.net\/blog\/wp-json\/wp\/v2\/media?parent=35979"}],"wp:term":[{"taxonomy":"category","embeddable":true,"href":"https:\/\/www.aquimicasa.net\/blog\/wp-json\/wp\/v2\/categories?post=35979"},{"taxonomy":"post_tag","embeddable":true,"href":"https:\/\/www.aquimicasa.net\/blog\/wp-json\/wp\/v2\/tags?post=35979"}],"curies":[{"name":"wp","href":"https:\/\/api.w.org\/{rel}","templated":true}]}}