{"id":36309,"date":"2021-03-14T10:28:40","date_gmt":"2021-03-14T09:28:40","guid":{"rendered":"https:\/\/www.aquimicasa.net\/blog\/?p=36309"},"modified":"2021-03-14T10:28:40","modified_gmt":"2021-03-14T09:28:40","slug":"newsletter-296agazapados-tras-los-ertes-esperan-miles-de-desahucios","status":"publish","type":"post","link":"https:\/\/www.aquimicasa.net\/blog\/boletines\/newsletter-296agazapados-tras-los-ertes-esperan-miles-de-desahucios\/","title":{"rendered":"Newsletter 296&#8243;Agazapados tras los ERTES esperan miles de desahucios\u00bb"},"content":{"rendered":"<p><div class=\"fusion-fullwidth fullwidth-box fusion-builder-row-1 nonhundred-percent-fullwidth non-hundred-percent-height-scrolling\" style=\"background-color: rgba(255,255,255,0);background-position: center center;background-repeat: no-repeat;padding-top:0px;padding-right:0px;padding-bottom:0px;padding-left:0px;margin-bottom: 0px;margin-top: 0px;border-width: 0px 0px 0px 0px;border-color:#eae9e9;border-style:solid;\" ><div class=\"fusion-builder-row fusion-row\"><div class=\"fusion-layout-column fusion_builder_column fusion-builder-column-0 fusion_builder_column_1_1 1_1 fusion-one-full fusion-column-first fusion-column-last\" style=\"margin-top:0px;margin-bottom:20px;\"><div class=\"fusion-column-wrapper fusion-flex-column-wrapper-legacy\" style=\"background-position:left top;background-repeat:no-repeat;-webkit-background-size:cover;-moz-background-size:cover;-o-background-size:cover;background-size:cover;padding: 0px 0px 0px 0px;\"><style type=\"text\/css\"><\/style><div class=\"fusion-title title fusion-title-1 fusion-sep-none fusion-title-center fusion-title-text fusion-title-size-two\" style=\"margin-top:0px;margin-right:0px;margin-bottom:31px;margin-left:0px;\"><h2 class=\"title-heading-center\" style=\"margin:0;\"><p style=\"text-align: center;\">NOTICIAS DEL MERCADO INMOBILIARIO Y CONSUMO \u00abNEWSLETTER 296\u00bb<\/p><\/h2><\/div><div class=\"fusion-sep-clear\"><\/div><div class=\"fusion-separator fusion-has-icon\" style=\"margin-left: auto;margin-right: auto;margin-bottom:5%;width:100%;max-width:50%;\"><div class=\"fusion-separator-border sep-single sep-solid\" style=\"border-color:#000000;border-top-width:2px;\"><\/div><span class=\"icon-wrapper\" style=\"border-color:transparent;font-size:25px;width: 1.75em; height: 1.75em;border-width:2px;padding:2px;margin-top:-1px\"><i class=\"fa-rss fas\" style=\"font-size: inherit;color:#000000;\" aria-hidden=\"true\"><\/i><\/span><div class=\"fusion-separator-border sep-single sep-solid\" style=\"border-color:#000000;border-top-width:2px;\"><\/div><\/div><div class=\"fusion-sep-clear\"><\/div><div class=\"fusion-clearfix\"><\/div><\/div><\/div><\/div><\/div><div class=\"fusion-fullwidth fullwidth-box fusion-builder-row-2 nonhundred-percent-fullwidth non-hundred-percent-height-scrolling\" style=\"background-color: rgba(255,255,255,0);background-position: center center;background-repeat: no-repeat;padding-top:0px;padding-right:0px;padding-bottom:0px;padding-left:0px;margin-bottom: 0px;margin-top: 0px;border-width: 0px 0px 0px 0px;border-color:#eae9e9;border-style:solid;\" ><div class=\"fusion-builder-row fusion-row\"><div class=\"fusion-layout-column fusion_builder_column fusion-builder-column-1 fusion_builder_column_1_1 1_1 fusion-one-full fusion-column-first fusion-column-last\" style=\"margin-top:0px;margin-bottom:20px;\"><div class=\"fusion-column-wrapper fusion-flex-column-wrapper-legacy\" style=\"background-position:left top;background-repeat:no-repeat;-webkit-background-size:cover;-moz-background-size:cover;-o-background-size:cover;background-size:cover;padding: 0px 0px 0px 0px;\"><div class=\"fusion-blog-shortcode fusion-blog-shortcode-1 fusion-blog-archive fusion-blog-layout-medium-alternate fusion-blog-pagination fusion-blog-no-images\"><div class=\"fusion-posts-container fusion-posts-container-pagination\" data-pages=\"1\"><article id=\"blog-1-post-36231\" class=\"fusion-post-medium-alternate post-36231 post type-post status-publish format-standard has-post-thumbnail hentry category-desahucio category-noticias-economia tag-articulo-de-opinion tag-newsletter-296 tag-newsletter-297\">\n<div class=\"fusion-date-and-formats\"><div class=\"fusion-date-box updated\"><span class=\"fusion-date\">11<\/span><span class=\"fusion-month-year\">03, 2021<\/span><\/div><div class=\"fusion-format-box\"><i class=\"fusion-icon-pen\" aria-hidden=\"true\"><\/i><\/div><\/div><div class=\"fusion-post-content post-content\"><h2 class=\"blog-shortcode-post-title entry-title\"><a href=\"https:\/\/www.aquimicasa.net\/blog\/economia\/noticias-economia\/agazapados-tras-los-ertes-esperan-miles-de-desahucios\/\">Agazapados tras los ERTEs esperan miles de desahucios<\/a><\/h2><p class=\"fusion-single-line-meta\"><span class=\"updated\" style=\"display:none;\">2021-03-21T10:01:20+01:00<\/span>Por <span class=\"vcard\"><span class=\"fn\"><a href=\"https:\/\/www.aquimicasa.net\/blog\/author\/eduardo\/\" title=\"Entradas de Eduardo Lizarraga\" rel=\"author\">Eduardo Lizarraga<\/a><\/span><\/span><span class=\"fusion-inline-sep\">|<\/span><a href=\"https:\/\/www.aquimicasa.net\/blog\/noticias\/vivienda\/desahucio\/\" rel=\"category tag\">Desahucios<\/a>, <a href=\"https:\/\/www.aquimicasa.net\/blog\/noticias\/economia\/noticias-economia\/\" rel=\"category tag\">Noticias Econom\u00eda<\/a><span class=\"fusion-inline-sep\">|<\/span><\/p><div class=\"fusion-post-content-container\"><p>Seg\u00fan el Instituto Nacional de Estad\u00edstica se iniciaron 9.407 ejecuciones hipotecarias sobre viviendas de particulares, lo que supone nada menos que un 27,4% m\u00e1s que durante el a\u00f1o 2019 y un cambio de tendencia, ya que las ejecuciones hipotecarias no aumentaban desde el 2014<\/p><\/div><\/div><div class=\"fusion-clearfix\"><\/div><\/article>\n<article id=\"blog-1-post-36218\" class=\"fusion-post-medium-alternate post-36218 post type-post status-publish format-standard has-post-thumbnail hentry category-compraventa-de-viviendas category-noticias-mercado-inmobiliario tag-newsletter-296\">\n<div class=\"fusion-date-and-formats\"><div class=\"fusion-date-box updated\"><span class=\"fusion-date\">10<\/span><span class=\"fusion-month-year\">03, 2021<\/span><\/div><div class=\"fusion-format-box\"><i class=\"fusion-icon-pen\" aria-hidden=\"true\"><\/i><\/div><\/div><div class=\"fusion-post-content post-content\"><h2 class=\"blog-shortcode-post-title entry-title\"><a href=\"https:\/\/www.aquimicasa.net\/blog\/vivienda\/compraventa-de-viviendas\/el-indice-de-precios-de-la-vivienda-disminuye-dos-decimas\/\">El \u00cdndice de Precios de la Vivienda disminuye dos d\u00e9cimas<\/a><\/h2><p class=\"fusion-single-line-meta\"><span class=\"updated\" style=\"display:none;\">2021-03-10T20:20:52+01:00<\/span>Por <span class=\"vcard\"><span class=\"fn\"><a href=\"https:\/\/www.aquimicasa.net\/blog\/author\/eduardo\/\" title=\"Entradas de Eduardo Lizarraga\" rel=\"author\">Eduardo Lizarraga<\/a><\/span><\/span><span class=\"fusion-inline-sep\">|<\/span><a href=\"https:\/\/www.aquimicasa.net\/blog\/noticias\/vivienda\/compraventa-de-viviendas\/\" rel=\"category tag\">Compra Venta<\/a>, <a href=\"https:\/\/www.aquimicasa.net\/blog\/noticias\/vivienda\/noticias-mercado-inmobiliario\/\" rel=\"category tag\">Noticias Mercado Inmobiliario<\/a><span class=\"fusion-inline-sep\">|<\/span><\/p><div class=\"fusion-post-content-container\"><p>Es la IPV m\u00e1s baja desde el primer trimestre de 2015. Por tipo de vivienda, la tasa de la vivienda nueva alcanza el 8,2%, siete d\u00e9cimas por encima de la registrada el trimestre anterior.<\/p><\/div><\/div><div class=\"fusion-clearfix\"><\/div><\/article>\n<article id=\"blog-1-post-36187\" class=\"fusion-post-medium-alternate post-36187 post type-post status-publish format-standard has-post-thumbnail hentry category-noticias-mercado-inmobiliario category-construccion-de-viviendas tag-newsletter-296\">\n<div class=\"fusion-date-and-formats\"><div class=\"fusion-date-box updated\"><span class=\"fusion-date\">9<\/span><span class=\"fusion-month-year\">03, 2021<\/span><\/div><div class=\"fusion-format-box\"><i class=\"fusion-icon-pen\" aria-hidden=\"true\"><\/i><\/div><\/div><div class=\"fusion-post-content post-content\"><h2 class=\"blog-shortcode-post-title entry-title\"><a href=\"https:\/\/www.aquimicasa.net\/blog\/vivienda\/noticias-mercado-inmobiliario\/valencia-ajusta-el-precio-de-la-vivienda-de-segunda-mano\/\">Valencia ajusta el precio de la vivienda de segunda mano<\/a><\/h2><p class=\"fusion-single-line-meta\"><span class=\"updated\" style=\"display:none;\">2021-03-09T22:42:05+01:00<\/span>Por <span class=\"vcard\"><span class=\"fn\"><a href=\"https:\/\/www.aquimicasa.net\/blog\/author\/eduardo\/\" title=\"Entradas de Eduardo Lizarraga\" rel=\"author\">Eduardo Lizarraga<\/a><\/span><\/span><span class=\"fusion-inline-sep\">|<\/span><a href=\"https:\/\/www.aquimicasa.net\/blog\/noticias\/vivienda\/noticias-mercado-inmobiliario\/\" rel=\"category tag\">Noticias Mercado Inmobiliario<\/a>, <a href=\"https:\/\/www.aquimicasa.net\/blog\/noticias\/vivienda\/construccion-de-viviendas\/\" rel=\"category tag\">Obra Nueva<\/a><span class=\"fusion-inline-sep\">|<\/span><\/p><div class=\"fusion-post-content-container\"><p>Ya en el cuarto trimestre del a\u00f1o, de acuerdo con las 53 capitales analizadas por Tinsa, Valencia ocupaba el puesto 19 del ranking con una ca\u00edda en tasa interanual del 2,1%. Una cifra m\u00e1s moderada que la registrada en las dos grandes capitales: Madrid y Barcelona, cuyos descensos superaron el 5%.<\/p><\/div><\/div><div class=\"fusion-clearfix\"><\/div><\/article>\n<article id=\"blog-1-post-36139\" class=\"fusion-post-medium-alternate post-36139 post type-post status-publish format-standard has-post-thumbnail hentry category-asociacion-de-consumidores tag-newsletter-296\">\n<div class=\"fusion-date-and-formats\"><div class=\"fusion-date-box updated\"><span class=\"fusion-date\">8<\/span><span class=\"fusion-month-year\">03, 2021<\/span><\/div><div class=\"fusion-format-box\"><i class=\"fusion-icon-pen\" aria-hidden=\"true\"><\/i><\/div><\/div><div class=\"fusion-post-content post-content\"><h2 class=\"blog-shortcode-post-title entry-title\"><a href=\"https:\/\/www.aquimicasa.net\/blog\/consumo\/asociacion-de-consumidores\/puedes-votar-por-el-anuncio-mas-machista-del-ano\/\">Puedes votar por el anuncio m\u00e1s machista del a\u00f1o<\/a><\/h2><p class=\"fusion-single-line-meta\"><span class=\"updated\" style=\"display:none;\">2021-03-08T20:10:49+01:00<\/span>Por <span class=\"vcard\"><span class=\"fn\"><a href=\"https:\/\/www.aquimicasa.net\/blog\/author\/eduardo\/\" title=\"Entradas de Eduardo Lizarraga\" rel=\"author\">Eduardo Lizarraga<\/a><\/span><\/span><span class=\"fusion-inline-sep\">|<\/span><a href=\"https:\/\/www.aquimicasa.net\/blog\/noticias\/consumo\/asociacion-de-consumidores\/\" rel=\"category tag\">Asociaciones de Consumidores<\/a><span class=\"fusion-inline-sep\">|<\/span><\/p><div class=\"fusion-post-content-container\"><p>FACUA ha dado a conocer a los nominados este 8 de marzo, D\u00eda Internacional de la Mujer, para poner el acento en c\u00f3mo la publicidad contin\u00faa trat\u00e1ndolas como meros objetos, reclamos para vender un producto y transmiten una idea a\u00fan estereotipada de lo que es ser mujer, en la que se le atribuyen valores que tienen poco o nada que ver con sus capacidades y mucho con su aspecto f\u00edsico.<\/p><\/div><\/div><div class=\"fusion-clearfix\"><\/div><\/article>\n<article id=\"blog-1-post-36100\" class=\"fusion-post-medium-alternate post-36100 post type-post status-publish format-standard has-post-thumbnail hentry category-desahucio category-plataforma-de-afectados-por-la-hipoteca tag-newsletter-296\">\n<div class=\"fusion-date-and-formats\"><div class=\"fusion-date-box updated\"><span class=\"fusion-date\">7<\/span><span class=\"fusion-month-year\">03, 2021<\/span><\/div><div class=\"fusion-format-box\"><i class=\"fusion-icon-pen\" aria-hidden=\"true\"><\/i><\/div><\/div><div class=\"fusion-post-content post-content\"><h2 class=\"blog-shortcode-post-title entry-title\"><a href=\"https:\/\/www.aquimicasa.net\/blog\/hipotecas\/plataforma-de-afectados-por-la-hipoteca\/se-han-producido-casi-30-000-desahucios-en-el-ano-de-la-pandemia\/\">Se han producido casi 30.000 desahucios en el a\u00f1o de la pandemia<\/a><\/h2><p class=\"fusion-single-line-meta\"><span class=\"updated\" style=\"display:none;\">2021-03-07T11:02:37+01:00<\/span>Por <span class=\"vcard\"><span class=\"fn\"><a href=\"https:\/\/www.aquimicasa.net\/blog\/author\/eduardo\/\" title=\"Entradas de Eduardo Lizarraga\" rel=\"author\">Eduardo Lizarraga<\/a><\/span><\/span><span class=\"fusion-inline-sep\">|<\/span><a href=\"https:\/\/www.aquimicasa.net\/blog\/noticias\/vivienda\/desahucio\/\" rel=\"category tag\">Desahucios<\/a>, <a href=\"https:\/\/www.aquimicasa.net\/blog\/noticias\/hipotecas\/plataforma-de-afectados-por-la-hipoteca\/\" rel=\"category tag\">Plataforma de Afectados por la Hipoteca<\/a><span class=\"fusion-inline-sep\">|<\/span><\/p><div class=\"fusion-post-content-container\"><p>Desde el comienzo del estado de alarma, el confinamiento, y las primeras medidas de protecci\u00f3n aprobadas por el gobierno, se estuvo asegurando que los desahucios estaban suspendidos. Pero no era verdad, como los demuestran los datos del GGPJ que llevan los desahucios efectuados hasta los 29.406 . De los cuales 6.915 son derivados de ejecuci\u00f3n hipotecaria, 21.145 derivados de alquileres y 1.346\u00a0por otras causas.<\/p><\/div><\/div><div class=\"fusion-clearfix\"><\/div><\/article>\n<article id=\"blog-1-post-36075\" class=\"fusion-post-medium-alternate post-36075 post type-post status-publish format-standard has-post-thumbnail hentry category-leyes category-noticias-mercado-inmobiliario tag-newsletter-296\">\n<div class=\"fusion-date-and-formats\"><div class=\"fusion-date-box updated\"><span class=\"fusion-date\">6<\/span><span class=\"fusion-month-year\">03, 2021<\/span><\/div><div class=\"fusion-format-box\"><i class=\"fusion-icon-pen\" aria-hidden=\"true\"><\/i><\/div><\/div><div class=\"fusion-post-content post-content\"><h2 class=\"blog-shortcode-post-title entry-title\"><a href=\"https:\/\/www.aquimicasa.net\/blog\/justicia\/leyes\/baleares-comienza-la-expropiacion-de-viviendas-de-grandes-tenedores\/\">Baleares comienza la expropiaci\u00f3n de viviendas de grandes tenedores<\/a><\/h2><p class=\"fusion-single-line-meta\"><span class=\"updated\" style=\"display:none;\">2021-03-06T12:44:23+01:00<\/span>Por <span class=\"vcard\"><span class=\"fn\"><a href=\"https:\/\/www.aquimicasa.net\/blog\/author\/eduardo\/\" title=\"Entradas de Eduardo Lizarraga\" rel=\"author\">Eduardo Lizarraga<\/a><\/span><\/span><span class=\"fusion-inline-sep\">|<\/span><a href=\"https:\/\/www.aquimicasa.net\/blog\/noticias\/justicia\/leyes\/\" rel=\"category tag\">Leyes<\/a>, <a href=\"https:\/\/www.aquimicasa.net\/blog\/noticias\/vivienda\/noticias-mercado-inmobiliario\/\" rel=\"category tag\">Noticias Mercado Inmobiliario<\/a><span class=\"fusion-inline-sep\">|<\/span><\/p><div class=\"fusion-post-content-container\"><p>El Govern inicia la expropiaci\u00f3n de 56 viviendas de grandes propietarios inscritas en el registro oficial, con un coste total de 1,8 millones de euros y por un plazo de siete a\u00f1os. Este precio supone una rebaja del 40% respecto a los precios de mercado en Baleares, con una media de 391 euros mensuales por vivienda.<\/p><\/div><\/div><div class=\"fusion-clearfix\"><\/div><\/article>\n<article id=\"blog-1-post-36070\" class=\"fusion-post-medium-alternate post-36070 post type-post status-publish format-standard has-post-thumbnail hentry category-credito-hipotecario category-noticias-mercado-inmobiliario tag-newsletter-296\">\n<div class=\"fusion-date-and-formats\"><div class=\"fusion-date-box updated\"><span class=\"fusion-date\">5<\/span><span class=\"fusion-month-year\">03, 2021<\/span><\/div><div class=\"fusion-format-box\"><i class=\"fusion-icon-pen\" aria-hidden=\"true\"><\/i><\/div><\/div><div class=\"fusion-post-content post-content\"><h2 class=\"blog-shortcode-post-title entry-title\"><a href=\"https:\/\/www.aquimicasa.net\/blog\/economia\/credito-hipotecario\/las-compraventas-de-vivienda-caen-en-enero-el-154-anual\/\">Las compraventas de vivienda caen en enero el 15,4% anual<\/a><\/h2><p class=\"fusion-single-line-meta\"><span class=\"updated\" style=\"display:none;\">2021-03-05T21:27:21+01:00<\/span>Por <span class=\"vcard\"><span class=\"fn\"><a href=\"https:\/\/www.aquimicasa.net\/blog\/author\/eduardo\/\" title=\"Entradas de Eduardo Lizarraga\" rel=\"author\">Eduardo Lizarraga<\/a><\/span><\/span><span class=\"fusion-inline-sep\">|<\/span><a href=\"https:\/\/www.aquimicasa.net\/blog\/noticias\/economia\/credito-hipotecario\/\" rel=\"category tag\">Cr\u00e9dito hipotecario<\/a>, <a href=\"https:\/\/www.aquimicasa.net\/blog\/noticias\/vivienda\/noticias-mercado-inmobiliario\/\" rel=\"category tag\">Noticias Mercado Inmobiliario<\/a><span class=\"fusion-inline-sep\">|<\/span><\/p><div class=\"fusion-post-content-container\"><p>Las hipotecas sobre vivienda tambi\u00e9n registraron una disminuci\u00f3n de m\u00e1s de 11.000 operaciones, pasando de las 37.363 hipotecas de vivienda inscritas en enero de 2020, a las 26.002 operaciones de este \u00faltimo mes de enero.<\/p><\/div><\/div><div class=\"fusion-clearfix\"><\/div><\/article>\n<article id=\"blog-1-post-36081\" class=\"fusion-post-medium-alternate post-36081 post type-post status-publish format-standard has-post-thumbnail hentry category-consumidores category-credito-hipotecario category-tribunal-supremo tag-newsletter-296\">\n<div class=\"fusion-date-and-formats\"><div class=\"fusion-date-box updated\"><span class=\"fusion-date\">5<\/span><span class=\"fusion-month-year\">03, 2021<\/span><\/div><div class=\"fusion-format-box\"><i class=\"fusion-icon-pen\" aria-hidden=\"true\"><\/i><\/div><\/div><div class=\"fusion-post-content post-content\"><h2 class=\"blog-shortcode-post-title entry-title\"><a href=\"https:\/\/www.aquimicasa.net\/blog\/consumo\/consumidores\/el-supremo-da-marcha-atras-y-esperara-la-decision-de-europa-con-el-irph\/\">El Supremo da marcha atr\u00e1s y esperar\u00e1 la decisi\u00f3n de Europa con el IRPH<\/a><\/h2><p class=\"fusion-single-line-meta\"><span class=\"updated\" style=\"display:none;\">2021-03-05T21:36:57+01:00<\/span>Por <span class=\"vcard\"><span class=\"fn\"><a href=\"https:\/\/www.aquimicasa.net\/blog\/author\/eduardo\/\" title=\"Entradas de Eduardo Lizarraga\" rel=\"author\">Eduardo Lizarraga<\/a><\/span><\/span><span class=\"fusion-inline-sep\">|<\/span><a href=\"https:\/\/www.aquimicasa.net\/blog\/noticias\/consumo\/consumidores\/\" rel=\"category tag\">Consumidores<\/a>, <a href=\"https:\/\/www.aquimicasa.net\/blog\/noticias\/economia\/credito-hipotecario\/\" rel=\"category tag\">Cr\u00e9dito hipotecario<\/a>, <a href=\"https:\/\/www.aquimicasa.net\/blog\/noticias\/justicia\/tribunal-supremo\/\" rel=\"category tag\">Tribunal Supremo<\/a><span class=\"fusion-inline-sep\">|<\/span><\/p><div class=\"fusion-post-content-container\"><p>El Tribunal Supremo ha dado a conocer hoy, d\u00eda 5 de marzo, una providencia por la que asegura que esperar\u00e1 a que ha decidido paralizar todos los asuntos pendientes de resoluci\u00f3n sobre cr\u00e9ditos inmobiliarios ligados al pol\u00e9mico \u00cdndice de Referencia de Pr\u00e9stamos Hipotecarios (IRPH) hasta que el Tribunal de Justicia de la Uni\u00f3n Europea (TJUE) vuelva a pronunciarse al respecto.<\/p><\/div><\/div><div class=\"fusion-clearfix\"><\/div><\/article>\n<article id=\"blog-1-post-36040\" class=\"fusion-post-medium-alternate post-36040 post type-post status-publish format-standard has-post-thumbnail hentry category-noticias-economia tag-newsletter-296\">\n<div class=\"fusion-date-and-formats\"><div class=\"fusion-date-box updated\"><span class=\"fusion-date\">5<\/span><span class=\"fusion-month-year\">03, 2021<\/span><\/div><div class=\"fusion-format-box\"><i class=\"fusion-icon-pen\" aria-hidden=\"true\"><\/i><\/div><\/div><div class=\"fusion-post-content post-content\"><h2 class=\"blog-shortcode-post-title entry-title\"><a href=\"https:\/\/www.aquimicasa.net\/blog\/economia\/noticias-economia\/el-euribor-detiene-su-descenso-en-febrero\/\">El Euribor detiene su descenso en febrero<\/a><\/h2><p class=\"fusion-single-line-meta\"><span class=\"updated\" style=\"display:none;\">2021-03-05T07:57:30+01:00<\/span>Por <span class=\"vcard\"><span class=\"fn\"><a href=\"https:\/\/www.aquimicasa.net\/blog\/author\/eduardo\/\" title=\"Entradas de Eduardo Lizarraga\" rel=\"author\">Eduardo Lizarraga<\/a><\/span><\/span><span class=\"fusion-inline-sep\">|<\/span><a href=\"https:\/\/www.aquimicasa.net\/blog\/noticias\/economia\/noticias-economia\/\" rel=\"category tag\">Noticias Econom\u00eda<\/a><span class=\"fusion-inline-sep\">|<\/span><\/p><div class=\"fusion-post-content-container\"><p>El Eur\u00edbor, el \u00edndice al que se encuentran referenciadas la mayor\u00eda de las hipotecas espa\u00f1olas, cerr\u00f3 febrero en el -0,501%, frente al -0,505% de enero, lo que supone su primera subida despu\u00e9s de ocho meses de ca\u00eddas y cinco a\u00f1os desde que entr\u00f3 por primera vez en terreno negativo, seg\u00fan afirma el Banco de Espa\u00f1a. El viernes, \u00faltimo d\u00eda del mes, el eur\u00edbor se situ\u00f3 en\u00a0-0,483%, lo que arroja esta media del -0,501% en el conjunto del mes.<\/p><\/div><\/div><div class=\"fusion-clearfix\"><\/div><\/article>\n<article id=\"blog-1-post-36055\" class=\"fusion-post-medium-alternate post-36055 post type-post status-publish format-standard has-post-thumbnail hentry category-compraventa-de-viviendas category-desahucio category-noticias-mercado-inmobiliario tag-newsletter-295 tag-newsletter-296\">\n<div class=\"fusion-date-and-formats\"><div class=\"fusion-date-box updated\"><span class=\"fusion-date\">4<\/span><span class=\"fusion-month-year\">03, 2021<\/span><\/div><div class=\"fusion-format-box\"><i class=\"fusion-icon-pen\" aria-hidden=\"true\"><\/i><\/div><\/div><div class=\"fusion-post-content post-content\"><h2 class=\"blog-shortcode-post-title entry-title\"><a href=\"https:\/\/www.aquimicasa.net\/blog\/vivienda\/compraventa-de-viviendas\/con-el-rifirrafe-de-la-ley-de-vivienda-de-fondo-algunos-hacen-camino\/\">Con el rifirrafe de la Ley de Vivienda de fondo algunos hacen camino<\/a><\/h2><p class=\"fusion-single-line-meta\"><span class=\"updated\" style=\"display:none;\">2021-03-14T10:22:12+01:00<\/span>Por <span class=\"vcard\"><span class=\"fn\"><a href=\"https:\/\/www.aquimicasa.net\/blog\/author\/eduardo\/\" title=\"Entradas de Eduardo Lizarraga\" rel=\"author\">Eduardo Lizarraga<\/a><\/span><\/span><span class=\"fusion-inline-sep\">|<\/span><a href=\"https:\/\/www.aquimicasa.net\/blog\/noticias\/vivienda\/compraventa-de-viviendas\/\" rel=\"category tag\">Compra Venta<\/a>, <a href=\"https:\/\/www.aquimicasa.net\/blog\/noticias\/vivienda\/desahucio\/\" rel=\"category tag\">Desahucios<\/a>, <a href=\"https:\/\/www.aquimicasa.net\/blog\/noticias\/vivienda\/noticias-mercado-inmobiliario\/\" rel=\"category tag\">Noticias Mercado Inmobiliario<\/a><span class=\"fusion-inline-sep\">|<\/span><\/p><div class=\"fusion-post-content-container\"><p>El control de los precios de los alquileres ha desembocado en una guerra abierta entre Unidas Podemos, que defiende la regulaci\u00f3n de precios en el compromiso firmado y los miembros del PSOE implicados, \u00c1balos hasta ahora, a quien se ha sumado en los \u00faltimos d\u00edas Calvi\u00f1o,\u00a0 que ponen por delante del acuerdo de gobierno la seguridad jur\u00eddica de los propietarios y pagar sus menores ingresos con beneficios fiscales, es decir, con dinero p\u00fablico<\/p><\/div><\/div><div class=\"fusion-clearfix\"><\/div><\/article>\n<\/div><\/div><div class=\"fusion-clearfix\"><\/div><\/div><\/div><\/div><\/div><div class=\"fusion-fullwidth fullwidth-box fusion-builder-row-3 nonhundred-percent-fullwidth non-hundred-percent-height-scrolling\" style=\"background-color: rgba(255,255,255,0);background-position: center center;background-repeat: no-repeat;padding-top:0px;padding-right:0px;padding-bottom:0px;padding-left:0px;margin-bottom: 0px;margin-top: 0px;border-width: 0px 0px 0px 0px;border-color:#eae9e9;border-style:solid;\" ><div class=\"fusion-builder-row fusion-row\"><div class=\"fusion-layout-column fusion_builder_column fusion-builder-column-2 fusion_builder_column_1_1 1_1 fusion-one-full fusion-column-first fusion-column-last\" style=\"margin-top:0px;margin-bottom:20px;\"><div class=\"fusion-column-wrapper fusion-flex-column-wrapper-legacy\" style=\"background-position:left top;background-repeat:no-repeat;-webkit-background-size:cover;-moz-background-size:cover;-o-background-size:cover;background-size:cover;padding: 0px 0px 0px 0px;\"><div class=\"fusion-sep-clear\"><\/div><div class=\"fusion-separator\" style=\"margin-left: auto;margin-right: auto;margin-top:5%;width:100%;max-width:50%;\"><\/div><div class=\"fusion-sep-clear\"><\/div><style type=\"text\/css\"><\/style><div class=\"fusion-title title fusion-title-2 fusion-sep-none fusion-title-center fusion-title-text fusion-title-size-two\" style=\"margin-top:0px;margin-right:0px;margin-bottom:31px;margin-left:0px;\"><h2 class=\"title-heading-center\" style=\"margin:0;\"><p style=\"text-align: center;\">SELECCI\u00d3N DE PISOS Y CASAS EN VENTA<\/p><\/h2><\/div><div class=\"fusion-sep-clear\"><\/div><div class=\"fusion-separator fusion-has-icon\" style=\"margin-left: auto;margin-right: auto;margin-bottom:5%;width:100%;max-width:30%;\"><div class=\"fusion-separator-border sep-single sep-solid\" style=\"border-color:#000000;border-top-width:2px;\"><\/div><span class=\"icon-wrapper\" style=\"border-color:transparent;font-size:25px;width: 1.75em; height: 1.75em;border-width:2px;padding:2px;margin-top:-1px\"><i class=\"fa-home fas\" style=\"font-size: inherit;color:#000000;\" aria-hidden=\"true\"><\/i><\/span><div class=\"fusion-separator-border sep-single sep-solid\" style=\"border-color:#000000;border-top-width:2px;\"><\/div><\/div><div class=\"fusion-sep-clear\"><\/div><div class=\"fusion-clearfix\"><\/div><\/div><\/div><\/div><\/div><div class=\"fusion-fullwidth fullwidth-box fusion-builder-row-4 nonhundred-percent-fullwidth non-hundred-percent-height-scrolling\" style=\"background-color: rgba(255,255,255,0);background-position: center center;background-repeat: no-repeat;padding-top:0px;padding-right:0px;padding-bottom:0px;padding-left:0px;margin-bottom: 0px;margin-top: 0px;border-width: 0px 0px 0px 0px;border-color:#eae9e9;border-style:solid;\" ><div class=\"fusion-builder-row fusion-row\"><div class=\"fusion-layout-column fusion_builder_column fusion-builder-column-3 fusion_builder_column_1_1 1_1 fusion-one-full fusion-column-first fusion-column-last\" style=\"margin-top:0px;margin-bottom:20px;\"><div class=\"fusion-column-wrapper fusion-flex-column-wrapper-legacy\" style=\"background-position:left top;background-repeat:no-repeat;-webkit-background-size:cover;-moz-background-size:cover;-o-background-size:cover;background-size:cover;padding: 0px 0px 0px 0px;\"><div class=\"fusion-blog-shortcode fusion-blog-shortcode-2 fusion-blog-archive fusion-blog-layout-grid-wrapper fusion-blog-pagination\"><style type=\"text\/css\">.fusion-blog-shortcode-2 .fusion-blog-layout-grid .fusion-post-grid{padding:20px;}.fusion-blog-shortcode-2 .fusion-posts-container{margin-left: -20px !important; margin-right:-20px !important;}<\/style><div class=\"fusion-posts-container fusion-posts-container-pagination fusion-blog-rollover fusion-blog-layout-grid fusion-blog-layout-grid-3 isotope\" data-pages=\"1\" data-grid-col-space=\"40\" style=\"margin: -20px -20px 0;min-height:500px;\"><article id=\"blog-2-post-44413\" class=\"fusion-post-grid post-44413 post type-post status-publish format-standard has-post-thumbnail hentry category-agencias-inmobiliarias category-compraventa-de-viviendas category-noticias-economia category-noticias-mercado-inmobiliario tag-agencia-boletin-2 tag-cordoba tag-newsletter-412\">\n<div class=\"fusion-post-wrapper\" style=\"background-color:rgba(255,255,255,0);border:1px solid #ebeaea;border-bottom-width:3px;\">\n\n\t\t\t<div class=\"fusion-flexslider flexslider fusion-flexslider-loading fusion-post-slideshow\" style=\"border-color:#ebeaea;\">\n\t\t<ul class=\"slides\">\n\t\t\t\n\t\t\t\t\t\t\t\t\t\t\t\t\t\t<li>\n\n<div  class=\"fusion-image-wrapper\" aria-haspopup=\"true\">\n\t\n\t\n\t\n\t\t\n\t\t\t\t\t<img decoding=\"async\" width=\"400\" height=\"291\" src=\"https:\/\/www.aquimicasa.net\/blog\/wp-content\/uploads\/Cordoba6-1-e1654337746243.jpg\" class=\"attachment-full size-full wp-post-image\" alt=\"\" \/>\n\t\n\n\t\t<div class=\"fusion-rollover\">\n\t<div class=\"fusion-rollover-content\">\n\n\t\t\t\t\n\t\t\n\t\t\t\t\t\t\t\t\t\t\t\t<h4 class=\"fusion-rollover-title\">\n\t\t\t\t\t<a class=\"fusion-rollover-title-link\" href=\"https:\/\/www.aquimicasa.net\/blog\/vivienda\/compraventa-de-viviendas\/pisos-y-casas-en-venta-en-el-campo-de-la-verdad\/\">\n\t\t\t\t\t\tPisos y casas en venta para vivir en el Campo de la Verdad\t\t\t\t\t<\/a>\n\t\t\t\t<\/h4>\n\t\t\t\n\t\t\t\t\t\t\t\t\n\t\t\n\t\t\t\t\t\t<a class=\"fusion-link-wrapper\" href=\"https:\/\/www.aquimicasa.net\/blog\/vivienda\/compraventa-de-viviendas\/pisos-y-casas-en-venta-en-el-campo-de-la-verdad\/\" aria-label=\"Pisos y casas en venta para vivir en el Campo de la Verdad\"><\/a>\n\t<\/div>\n<\/div>\n\n\t\n<\/div>\n<\/li>\n\t\t\t\n\t\t\t\n\t\t\t\t\t\t\t\t\t\t\t\t\t\t\t\t\t\t\t\t\t\t\t\t\t\t\t\t\t\t\t\t\t\t\t\t\t\t\t\t\t\t\t\t\t\t\t\t\t\t\t\t\t\t\t\t\t\t\t\t\t\t\t\t\t\t\t\t<\/ul>\n\t<\/div>\n\t<div class=\"fusion-post-content-wrapper\" style=\"padding:30px 25px 20px 25px;\"><div class=\"fusion-post-content post-content\"><h2 class=\"blog-shortcode-post-title entry-title\"><a href=\"https:\/\/www.aquimicasa.net\/blog\/vivienda\/compraventa-de-viviendas\/pisos-y-casas-en-venta-en-el-campo-de-la-verdad\/\">Pisos y casas en venta para vivir en el Campo de la Verdad<\/a><\/h2><p class=\"fusion-single-line-meta\"><span class=\"updated\" style=\"display:none;\">2024-06-03T22:07:05+02:00<\/span>Por <span class=\"vcard\"><span class=\"fn\"><a href=\"https:\/\/www.aquimicasa.net\/blog\/author\/eduardo\/\" title=\"Entradas de Eduardo Lizarraga\" rel=\"author\">Eduardo Lizarraga<\/a><\/span><\/span><span class=\"fusion-inline-sep\">|<\/span><a href=\"https:\/\/www.aquimicasa.net\/blog\/noticias\/vivienda\/agencias-inmobiliarias\/\" rel=\"category tag\">Agencias Inmobiliarias<\/a>, <a href=\"https:\/\/www.aquimicasa.net\/blog\/noticias\/vivienda\/compraventa-de-viviendas\/\" rel=\"category tag\">Compra Venta<\/a>, <a href=\"https:\/\/www.aquimicasa.net\/blog\/noticias\/economia\/noticias-economia\/\" rel=\"category tag\">Noticias Econom\u00eda<\/a>, <a href=\"https:\/\/www.aquimicasa.net\/blog\/noticias\/vivienda\/noticias-mercado-inmobiliario\/\" rel=\"category tag\">Noticias Mercado Inmobiliario<\/a><span class=\"fusion-inline-sep\">|<\/span><\/p><div class=\"fusion-content-sep sep-double sep-solid\" style=\"border-color:#ebeaea;\"><\/div><div class=\"fusion-post-content-container\"><p>Se comenz\u00f3 por el Barrio de Fray Albino, unas calles de viviendas unifamiliares situadas en la margen izquierda del Guadalquivir. En la zona conocida como Campo de la Verdad y delimitada por el cauce del r\u00edo, la carretera de Castro y la Avenida de C\u00e1diz. En toda esta zona la oferta de\u00a0pisos y casas en venta en el Sector Sur de C\u00f3rdoba\u00a0es amplia.<\/p><\/div><\/div><\/div><div class=\"fusion-clearfix\"><\/div><\/div>\n<\/article>\n<article id=\"blog-2-post-39830\" class=\"fusion-post-grid post-39830 post type-post status-publish format-standard has-post-thumbnail hentry category-agencias-inmobiliarias category-compraventa-de-viviendas tag-agencia-boletin-2 tag-casas-para-vivir-en-sagunto tag-inmobiliaria-lacruz tag-pisos-en-alquiler-en-puerto-de-sagunto tag-pisos-en-playa-de-sagunto tag-vivienda-en-venta-en-puerto-de-sagunto\">\n<div class=\"fusion-post-wrapper\" style=\"background-color:rgba(255,255,255,0);border:1px solid #ebeaea;border-bottom-width:3px;\">\n\n\t\t\t<div class=\"fusion-flexslider flexslider fusion-flexslider-loading fusion-post-slideshow\" style=\"border-color:#ebeaea;\">\n\t\t<ul class=\"slides\">\n\t\t\t\n\t\t\t\t\t\t\t\t\t\t\t\t\t\t<li>\n\n<div  class=\"fusion-image-wrapper\" aria-haspopup=\"true\">\n\t\n\t\n\t\n\t\t\n\t\t\t\t\t<img decoding=\"async\" width=\"340\" height=\"227\" src=\"https:\/\/www.aquimicasa.net\/blog\/wp-content\/uploads\/Sagunto2-e1529258590461.jpg\" class=\"attachment-full size-full wp-post-image\" alt=\"\" \/>\n\t\n\n\t\t<div class=\"fusion-rollover\">\n\t<div class=\"fusion-rollover-content\">\n\n\t\t\t\t\n\t\t\n\t\t\t\t\t\t\t\t\t\t\t\t<h4 class=\"fusion-rollover-title\">\n\t\t\t\t\t<a class=\"fusion-rollover-title-link\" href=\"https:\/\/www.aquimicasa.net\/blog\/vivienda\/agencias-inmobiliarias\/pisos-en-venta-para-la-playa-en-puerto-de-sagunto-2\/\">\n\t\t\t\t\t\tPisos en venta para la playa en Puerto de Sagunto\t\t\t\t\t<\/a>\n\t\t\t\t<\/h4>\n\t\t\t\n\t\t\t\t\t\t\t\t\n\t\t\n\t\t\t\t\t\t<a class=\"fusion-link-wrapper\" href=\"https:\/\/www.aquimicasa.net\/blog\/vivienda\/agencias-inmobiliarias\/pisos-en-venta-para-la-playa-en-puerto-de-sagunto-2\/\" aria-label=\"Pisos en venta para la playa en Puerto de Sagunto\"><\/a>\n\t<\/div>\n<\/div>\n\n\t\n<\/div>\n<\/li>\n\t\t\t\n\t\t\t\n\t\t\t\t\t\t\t\t\t\t\t\t\t\t\t\t\t\t\t\t\t\t\t\t\t\t\t\t\t\t\t\t\t\t\t\t\t\t\t\t\t\t\t\t\t\t\t\t\t\t\t\t\t\t\t\t\t\t\t\t\t\t\t\t\t\t\t\t<\/ul>\n\t<\/div>\n\t<div class=\"fusion-post-content-wrapper\" style=\"padding:30px 25px 20px 25px;\"><div class=\"fusion-post-content post-content\"><h2 class=\"blog-shortcode-post-title entry-title\"><a href=\"https:\/\/www.aquimicasa.net\/blog\/vivienda\/agencias-inmobiliarias\/pisos-en-venta-para-la-playa-en-puerto-de-sagunto-2\/\">Pisos en venta para la playa en Puerto de Sagunto<\/a><\/h2><p class=\"fusion-single-line-meta\"><span class=\"updated\" style=\"display:none;\">2023-07-24T17:49:16+02:00<\/span>Por <span class=\"vcard\"><span class=\"fn\"><a href=\"https:\/\/www.aquimicasa.net\/blog\/author\/eduardo\/\" title=\"Entradas de Eduardo Lizarraga\" rel=\"author\">Eduardo Lizarraga<\/a><\/span><\/span><span class=\"fusion-inline-sep\">|<\/span><a href=\"https:\/\/www.aquimicasa.net\/blog\/noticias\/vivienda\/agencias-inmobiliarias\/\" rel=\"category tag\">Agencias Inmobiliarias<\/a>, <a href=\"https:\/\/www.aquimicasa.net\/blog\/noticias\/vivienda\/compraventa-de-viviendas\/\" rel=\"category tag\">Compra Venta<\/a><span class=\"fusion-inline-sep\">|<\/span><\/p><div class=\"fusion-content-sep sep-double sep-solid\" style=\"border-color:#ebeaea;\"><\/div><div class=\"fusion-post-content-container\"><p>Su\u00a0playa, con m\u00e1s de 1.200 metros de longitud, est\u00e1 considerada como una de las mejores de la Comunidad Valenciana. Se encuentra al noreste del propio puerto de Sagunto que le sirve de contenci\u00f3n hacia los calientes vientos del sur. Es de arena fina, agua c\u00e1lida y rodeada de dunas bien fijadas por extensos ca\u00f1averales. En las urbanizaciones y cerca del puerto, la oferta de\u00a0pisos en venta para la playa en Puerto de Sagunto\u00a0es muy completa.<\/p><\/div><\/div><\/div><div class=\"fusion-clearfix\"><\/div><\/div>\n<\/article>\n<article id=\"blog-2-post-36661\" class=\"fusion-post-grid post-36661 post type-post status-publish format-standard has-post-thumbnail hentry category-agencias-inmobiliarias tag-agencia-boletin-2\">\n<div class=\"fusion-post-wrapper\" style=\"background-color:rgba(255,255,255,0);border:1px solid #ebeaea;border-bottom-width:3px;\">\n\n\t\t\t<div class=\"fusion-flexslider flexslider fusion-flexslider-loading fusion-post-slideshow\" style=\"border-color:#ebeaea;\">\n\t\t<ul class=\"slides\">\n\t\t\t\n\t\t\t\t\t\t\t\t\t\t\t\t\t\t<li>\n\n<div  class=\"fusion-image-wrapper\" aria-haspopup=\"true\">\n\t\n\t\n\t\n\t\t\n\t\t\t\t\t<img decoding=\"async\" width=\"400\" height=\"317\" src=\"https:\/\/www.aquimicasa.net\/blog\/wp-content\/uploads\/Castellon3-e1617309664391.jpg\" class=\"attachment-full size-full wp-post-image\" alt=\"Pisos y casas en venta en Castell\u00f3n\" \/>\n\t\n\n\t\t<div class=\"fusion-rollover\">\n\t<div class=\"fusion-rollover-content\">\n\n\t\t\t\t\n\t\t\n\t\t\t\t\t\t\t\t\t\t\t\t<h4 class=\"fusion-rollover-title\">\n\t\t\t\t\t<a class=\"fusion-rollover-title-link\" href=\"https:\/\/www.aquimicasa.net\/blog\/vivienda\/agencias-inmobiliarias\/pisos-y-casas-en-venta-para-vivir-en-castellon-de-la-plana\/\">\n\t\t\t\t\t\tPisos y casas en venta para vivir en Castell\u00f3n de la Plana\t\t\t\t\t<\/a>\n\t\t\t\t<\/h4>\n\t\t\t\n\t\t\t\t\t\t\t\t\n\t\t\n\t\t\t\t\t\t<a class=\"fusion-link-wrapper\" href=\"https:\/\/www.aquimicasa.net\/blog\/vivienda\/agencias-inmobiliarias\/pisos-y-casas-en-venta-para-vivir-en-castellon-de-la-plana\/\" aria-label=\"Pisos y casas en venta para vivir en Castell\u00f3n de la Plana\"><\/a>\n\t<\/div>\n<\/div>\n\n\t\n<\/div>\n<\/li>\n\t\t\t\n\t\t\t\n\t\t\t\t\t\t\t\t\t\t\t\t\t\t\t\t\t\t\t\t\t\t\t\t\t\t\t\t\t\t\t\t\t\t\t\t\t\t\t\t\t\t\t\t\t\t\t\t\t\t\t\t\t\t\t\t\t\t\t\t\t\t\t\t\t\t\t\t<\/ul>\n\t<\/div>\n\t<div class=\"fusion-post-content-wrapper\" style=\"padding:30px 25px 20px 25px;\"><div class=\"fusion-post-content post-content\"><h2 class=\"blog-shortcode-post-title entry-title\"><a href=\"https:\/\/www.aquimicasa.net\/blog\/vivienda\/agencias-inmobiliarias\/pisos-y-casas-en-venta-para-vivir-en-castellon-de-la-plana\/\">Pisos y casas en venta para vivir en Castell\u00f3n de la Plana<\/a><\/h2><p class=\"fusion-single-line-meta\"><span class=\"updated\" style=\"display:none;\">2021-05-01T21:34:59+02:00<\/span>Por <span class=\"vcard\"><span class=\"fn\"><a href=\"https:\/\/www.aquimicasa.net\/blog\/author\/eduardo\/\" title=\"Entradas de Eduardo Lizarraga\" rel=\"author\">Eduardo Lizarraga<\/a><\/span><\/span><span class=\"fusion-inline-sep\">|<\/span><a href=\"https:\/\/www.aquimicasa.net\/blog\/noticias\/vivienda\/agencias-inmobiliarias\/\" rel=\"category tag\">Agencias Inmobiliarias<\/a><span class=\"fusion-inline-sep\">|<\/span><\/p><div class=\"fusion-content-sep sep-double sep-solid\" style=\"border-color:#ebeaea;\"><\/div><div class=\"fusion-post-content-container\"><p>La costa castellonense cuenta con 10 kil\u00f3metros de largo, ocupados en gran parte por el puerto de El Grao, el\u00a0barrio mar\u00edtimo\u00a0de la ciudad, distante cuatro kil\u00f3metros del centro de Castell\u00f3n y situado al sur de Benic\u00e1sim y al norte de Almazora.<\/p><\/div><\/div><\/div><div class=\"fusion-clearfix\"><\/div><\/div>\n<\/article>\n<article id=\"blog-2-post-36312\" class=\"fusion-post-grid post-36312 post type-post status-publish format-standard has-post-thumbnail hentry category-agencias-inmobiliarias category-compraventa-de-viviendas tag-agencia-boletin-2\">\n<div class=\"fusion-post-wrapper\" style=\"background-color:rgba(255,255,255,0);border:1px solid #ebeaea;border-bottom-width:3px;\">\n\n\t\t\t<div class=\"fusion-flexslider flexslider fusion-flexslider-loading fusion-post-slideshow\" style=\"border-color:#ebeaea;\">\n\t\t<ul class=\"slides\">\n\t\t\t\n\t\t\t\t\t\t\t\t\t\t\t\t\t\t<li>\n\n<div  class=\"fusion-image-wrapper\" aria-haspopup=\"true\">\n\t\n\t\n\t\n\t\t\n\t\t\t\t\t<img decoding=\"async\" width=\"400\" height=\"300\" src=\"https:\/\/www.aquimicasa.net\/blog\/wp-content\/uploads\/Molina-de-segura-e1615728177602.jpg\" class=\"attachment-full size-full wp-post-image\" alt=\"Pisos en venta en Molina de Segura\" \/>\n\t\n\n\t\t<div class=\"fusion-rollover\">\n\t<div class=\"fusion-rollover-content\">\n\n\t\t\t\t\n\t\t\n\t\t\t\t\t\t\t\t\t\t\t\t<h4 class=\"fusion-rollover-title\">\n\t\t\t\t\t<a class=\"fusion-rollover-title-link\" href=\"https:\/\/www.aquimicasa.net\/blog\/vivienda\/compraventa-de-viviendas\/pisos-y-casas-en-venta-para-vivir-en-molina-de-segura\/\">\n\t\t\t\t\t\tPisos y casas en venta para vivir en Molina de Segura\t\t\t\t\t<\/a>\n\t\t\t\t<\/h4>\n\t\t\t\n\t\t\t\t\t\t\t\t\n\t\t\n\t\t\t\t\t\t<a class=\"fusion-link-wrapper\" href=\"https:\/\/www.aquimicasa.net\/blog\/vivienda\/compraventa-de-viviendas\/pisos-y-casas-en-venta-para-vivir-en-molina-de-segura\/\" aria-label=\"Pisos y casas en venta para vivir en Molina de Segura\"><\/a>\n\t<\/div>\n<\/div>\n\n\t\n<\/div>\n<\/li>\n\t\t\t\n\t\t\t\n\t\t\t\t\t\t\t\t\t\t\t\t\t\t\t\t\t\t\t\t\t\t\t\t\t\t\t\t\t\t\t\t\t\t\t\t\t\t\t\t\t\t\t\t\t\t\t\t\t\t\t\t\t\t\t\t\t\t\t\t\t\t\t\t\t\t\t\t<\/ul>\n\t<\/div>\n\t<div class=\"fusion-post-content-wrapper\" style=\"padding:30px 25px 20px 25px;\"><div class=\"fusion-post-content post-content\"><h2 class=\"blog-shortcode-post-title entry-title\"><a href=\"https:\/\/www.aquimicasa.net\/blog\/vivienda\/compraventa-de-viviendas\/pisos-y-casas-en-venta-para-vivir-en-molina-de-segura\/\">Pisos y casas en venta para vivir en Molina de Segura<\/a><\/h2><p class=\"fusion-single-line-meta\"><span class=\"updated\" style=\"display:none;\">2023-02-16T20:16:17+01:00<\/span>Por <span class=\"vcard\"><span class=\"fn\"><a href=\"https:\/\/www.aquimicasa.net\/blog\/author\/eduardo\/\" title=\"Entradas de Eduardo Lizarraga\" rel=\"author\">Eduardo Lizarraga<\/a><\/span><\/span><span class=\"fusion-inline-sep\">|<\/span><a href=\"https:\/\/www.aquimicasa.net\/blog\/noticias\/vivienda\/agencias-inmobiliarias\/\" rel=\"category tag\">Agencias Inmobiliarias<\/a>, <a href=\"https:\/\/www.aquimicasa.net\/blog\/noticias\/vivienda\/compraventa-de-viviendas\/\" rel=\"category tag\">Compra Venta<\/a><span class=\"fusion-inline-sep\">|<\/span><\/p><div class=\"fusion-content-sep sep-double sep-solid\" style=\"border-color:#ebeaea;\"><\/div><div class=\"fusion-post-content-container\"><p>Situada en la Vega Media del Segura y a menos de 10 kil\u00f3metros de Murcia capital, de cuya \u00e1rea metropolitana forma parte, Molina de Segura es la cuarta ciudad en poblaci\u00f3n de la regi\u00f3n murciana<\/p><\/div><\/div><\/div><div class=\"fusion-clearfix\"><\/div><\/div>\n<\/article>\n<article id=\"blog-2-post-26192\" class=\"fusion-post-grid post-26192 post type-post status-publish format-standard has-post-thumbnail hentry category-agencias-inmobiliarias tag-agencia-boletin-2 tag-cala-finestrat tag-milpisos-agencia-inmobiliaria tag-promocion-de-villas\">\n<div class=\"fusion-post-wrapper\" style=\"background-color:rgba(255,255,255,0);border:1px solid #ebeaea;border-bottom-width:3px;\">\n\n\t\t\t<div class=\"fusion-flexslider flexslider fusion-flexslider-loading fusion-post-slideshow\" style=\"border-color:#ebeaea;\">\n\t\t<ul class=\"slides\">\n\t\t\t\n\t\t\t\t\t\t\t\t\t\t\t\t\t\t<li>\n\n<div  class=\"fusion-image-wrapper\" aria-haspopup=\"true\">\n\t\n\t\n\t\n\t\t\n\t\t\t\t\t<img decoding=\"async\" width=\"400\" height=\"300\" src=\"https:\/\/www.aquimicasa.net\/blog\/wp-content\/uploads\/foto7-e1591685880626.jpg\" class=\"attachment-full size-full wp-post-image\" alt=\"\" \/>\n\t\n\n\t\t<div class=\"fusion-rollover\">\n\t<div class=\"fusion-rollover-content\">\n\n\t\t\t\t\n\t\t\n\t\t\t\t\t\t\t\t\t\t\t\t<h4 class=\"fusion-rollover-title\">\n\t\t\t\t\t<a class=\"fusion-rollover-title-link\" href=\"https:\/\/www.aquimicasa.net\/blog\/vivienda\/agencias-inmobiliarias\/promocion-de-villas-en-venta-en-cala-finestrat-alicante\/\">\n\t\t\t\t\t\tPromoci\u00f3n de villas en venta en Cala Finestrat Alicante\t\t\t\t\t<\/a>\n\t\t\t\t<\/h4>\n\t\t\t\n\t\t\t\t\t\t\t\t\n\t\t\n\t\t\t\t\t\t<a class=\"fusion-link-wrapper\" href=\"https:\/\/www.aquimicasa.net\/blog\/vivienda\/agencias-inmobiliarias\/promocion-de-villas-en-venta-en-cala-finestrat-alicante\/\" aria-label=\"Promoci\u00f3n de villas en venta en Cala Finestrat Alicante\"><\/a>\n\t<\/div>\n<\/div>\n\n\t\n<\/div>\n<\/li>\n\t\t\t\n\t\t\t\n\t\t\t\t\t\t\t\t\t\t\t\t\t\t\t\t\t\t\t\t\t\t\t\t\t\t\t\t\t\t\t\t\t\t\t\t\t\t\t\t\t\t\t\t\t\t\t\t\t\t\t\t\t\t\t\t\t\t\t\t\t\t\t\t\t\t\t\t<\/ul>\n\t<\/div>\n\t<div class=\"fusion-post-content-wrapper\" style=\"padding:30px 25px 20px 25px;\"><div class=\"fusion-post-content post-content\"><h2 class=\"blog-shortcode-post-title entry-title\"><a href=\"https:\/\/www.aquimicasa.net\/blog\/vivienda\/agencias-inmobiliarias\/promocion-de-villas-en-venta-en-cala-finestrat-alicante\/\">Promoci\u00f3n de villas en venta en Cala Finestrat Alicante<\/a><\/h2><p class=\"fusion-single-line-meta\"><span class=\"updated\" style=\"display:none;\">2021-08-19T10:05:40+02:00<\/span>Por <span class=\"vcard\"><span class=\"fn\"><a href=\"https:\/\/www.aquimicasa.net\/blog\/author\/eduardo\/\" title=\"Entradas de Eduardo Lizarraga\" rel=\"author\">Eduardo Lizarraga<\/a><\/span><\/span><span class=\"fusion-inline-sep\">|<\/span><a href=\"https:\/\/www.aquimicasa.net\/blog\/noticias\/vivienda\/agencias-inmobiliarias\/\" rel=\"category tag\">Agencias Inmobiliarias<\/a><span class=\"fusion-inline-sep\">|<\/span><\/p><div class=\"fusion-content-sep sep-double sep-solid\" style=\"border-color:#ebeaea;\"><\/div><div class=\"fusion-post-content-container\"><p>Todos los detalles de esta Promoci\u00f3n de villas en venta en Cala Finestrat\u00a0est\u00e1n concebidos para que sus propietarios sientan la exclusividad, independencia y comodidad que otorga la singular disposici\u00f3n de una vivienda por planta, con unos acabados y est\u00e9tica de primer nivel con la mejor relaci\u00f3n calidad\/precio<\/p><\/div><\/div><\/div><div class=\"fusion-clearfix\"><\/div><\/div>\n<\/article>\n<article id=\"blog-2-post-28411\" class=\"fusion-post-grid post-28411 post type-post status-publish format-standard has-post-thumbnail hentry category-agencias-inmobiliarias tag-actualidad-agencias-inmobiliarias tag-agencia-boletin-2 tag-pisos-en-venta-en-la-ciudad-de-oviedo tag-pisos-y-casas-en-venta-en-pueblos-de-asturias\">\n<div class=\"fusion-post-wrapper\" style=\"background-color:rgba(255,255,255,0);border:1px solid #ebeaea;border-bottom-width:3px;\">\n\n\t\t\t<div class=\"fusion-flexslider flexslider fusion-flexslider-loading fusion-post-slideshow\" style=\"border-color:#ebeaea;\">\n\t\t<ul class=\"slides\">\n\t\t\t\n\t\t\t\t\t\t\t\t\t\t\t\t\t\t<li>\n\n<div  class=\"fusion-image-wrapper\" aria-haspopup=\"true\">\n\t\n\t\n\t\n\t\t\n\t\t\t\t\t<img decoding=\"async\" width=\"400\" height=\"225\" src=\"https:\/\/www.aquimicasa.net\/blog\/wp-content\/uploads\/Oviedo2-e1591686951711.jpg\" class=\"attachment-full size-full wp-post-image\" alt=\"\" \/>\n\t\n\n\t\t<div class=\"fusion-rollover\">\n\t<div class=\"fusion-rollover-content\">\n\n\t\t\t\t\n\t\t\n\t\t\t\t\t\t\t\t\t\t\t\t<h4 class=\"fusion-rollover-title\">\n\t\t\t\t\t<a class=\"fusion-rollover-title-link\" href=\"https:\/\/www.aquimicasa.net\/blog\/vivienda\/agencias-inmobiliarias\/mejor-oferta-de-pisos-en-venta-en-oviedo\/\">\n\t\t\t\t\t\tMejor oferta de pisos en venta en Oviedo\t\t\t\t\t<\/a>\n\t\t\t\t<\/h4>\n\t\t\t\n\t\t\t\t\t\t\t\t\n\t\t\n\t\t\t\t\t\t<a class=\"fusion-link-wrapper\" href=\"https:\/\/www.aquimicasa.net\/blog\/vivienda\/agencias-inmobiliarias\/mejor-oferta-de-pisos-en-venta-en-oviedo\/\" aria-label=\"Mejor oferta de pisos en venta en Oviedo\"><\/a>\n\t<\/div>\n<\/div>\n\n\t\n<\/div>\n<\/li>\n\t\t\t\n\t\t\t\n\t\t\t\t\t\t\t\t\t\t\t\t\t\t\t\t\t\t\t\t\t\t\t\t\t\t\t\t\t\t\t\t\t\t\t\t\t\t\t\t\t\t\t\t\t\t\t\t\t\t\t\t\t\t\t\t\t\t\t\t\t\t\t\t\t\t\t\t<\/ul>\n\t<\/div>\n\t<div class=\"fusion-post-content-wrapper\" style=\"padding:30px 25px 20px 25px;\"><div class=\"fusion-post-content post-content\"><h2 class=\"blog-shortcode-post-title entry-title\"><a href=\"https:\/\/www.aquimicasa.net\/blog\/vivienda\/agencias-inmobiliarias\/mejor-oferta-de-pisos-en-venta-en-oviedo\/\">Mejor oferta de pisos en venta en Oviedo<\/a><\/h2><p class=\"fusion-single-line-meta\"><span class=\"updated\" style=\"display:none;\">2023-07-04T16:29:45+02:00<\/span>Por <span class=\"vcard\"><span class=\"fn\"><a href=\"https:\/\/www.aquimicasa.net\/blog\/author\/eduardo\/\" title=\"Entradas de Eduardo Lizarraga\" rel=\"author\">Eduardo Lizarraga<\/a><\/span><\/span><span class=\"fusion-inline-sep\">|<\/span><a href=\"https:\/\/www.aquimicasa.net\/blog\/noticias\/vivienda\/agencias-inmobiliarias\/\" rel=\"category tag\">Agencias Inmobiliarias<\/a><span class=\"fusion-inline-sep\">|<\/span><\/p><div class=\"fusion-content-sep sep-double sep-solid\" style=\"border-color:#ebeaea;\"><\/div><div class=\"fusion-post-content-container\"><p>La verdadera funci\u00f3n de Oviedo en el entorno asturiano\u00a0 fue log\u00edstica, organizativa y financiera, gracias a su privilegiada situaci\u00f3n entre las cuencas hulleras y los puertos cant\u00e1bricos y a la apertura de cuatro bancos en la ciudad. Desde aquel momento muchas personas comenzaron a buscar la mejor oferta de pisos en venta en Oviedo.<\/p><\/div><\/div><\/div><div class=\"fusion-clearfix\"><\/div><\/div>\n<\/article>\n<article id=\"blog-2-post-27668\" class=\"fusion-post-grid post-27668 post type-post status-publish format-standard has-post-thumbnail hentry category-agencias-inmobiliarias category-compraventa-de-viviendas tag-agencia-boletin-2 tag-anna-gomez-inmobiliaria tag-bai-penedes tag-calafell tag-pisos-y-casas-en-venta-para-la-playa-en-calafell tag-pisos-y-casas-en-venta-para-vivir-en-calafell\">\n<div class=\"fusion-post-wrapper\" style=\"background-color:rgba(255,255,255,0);border:1px solid #ebeaea;border-bottom-width:3px;\">\n\n\t\t\t<div class=\"fusion-flexslider flexslider fusion-flexslider-loading fusion-post-slideshow\" style=\"border-color:#ebeaea;\">\n\t\t<ul class=\"slides\">\n\t\t\t\n\t\t\t\t\t\t\t\t\t\t\t\t\t\t<li>\n\n<div  class=\"fusion-image-wrapper\" aria-haspopup=\"true\">\n\t\n\t\n\t\n\t\t\n\t\t\t\t\t<img decoding=\"async\" width=\"800\" height=\"333\" src=\"https:\/\/www.aquimicasa.net\/blog\/wp-content\/uploads\/CALAFELL4-e1580110266477.jpg\" class=\"attachment-full size-full wp-post-image\" alt=\"\" srcset=\"https:\/\/www.aquimicasa.net\/blog\/wp-content\/uploads\/CALAFELL4-e1580110266477-200x83.jpg 200w, https:\/\/www.aquimicasa.net\/blog\/wp-content\/uploads\/CALAFELL4-e1580110266477-400x167.jpg 400w, https:\/\/www.aquimicasa.net\/blog\/wp-content\/uploads\/CALAFELL4-e1580110266477-600x250.jpg 600w, https:\/\/www.aquimicasa.net\/blog\/wp-content\/uploads\/CALAFELL4-e1580110266477.jpg 800w\" sizes=\"(min-width: 2200px) 100vw, (min-width: 784px) 340px, (min-width: 712px) 510px, (min-width: 640px) 712px, \" \/>\n\t\n\n\t\t<div class=\"fusion-rollover\">\n\t<div class=\"fusion-rollover-content\">\n\n\t\t\t\t\n\t\t\n\t\t\t\t\t\t\t\t\t\t\t\t<h4 class=\"fusion-rollover-title\">\n\t\t\t\t\t<a class=\"fusion-rollover-title-link\" href=\"https:\/\/www.aquimicasa.net\/blog\/vivienda\/agencias-inmobiliarias\/pisos-y-casas-en-venta-para-la-playa-en-calafell\/\">\n\t\t\t\t\t\tPisos y casas en venta para la playa en Calafell\t\t\t\t\t<\/a>\n\t\t\t\t<\/h4>\n\t\t\t\n\t\t\t\t\t\t\t\t\n\t\t\n\t\t\t\t\t\t<a class=\"fusion-link-wrapper\" href=\"https:\/\/www.aquimicasa.net\/blog\/vivienda\/agencias-inmobiliarias\/pisos-y-casas-en-venta-para-la-playa-en-calafell\/\" aria-label=\"Pisos y casas en venta para la playa en Calafell\"><\/a>\n\t<\/div>\n<\/div>\n\n\t\n<\/div>\n<\/li>\n\t\t\t\n\t\t\t\n\t\t\t\t\t\t\t\t\t\t\t\t\t\t\t\t\t\t\t\t\t\t\t\t\t\t\t\t\t\t\t\t\t\t\t\t\t\t\t\t\t\t\t\t\t\t\t\t\t\t\t\t\t\t\t\t\t\t\t\t\t\t\t\t\t\t\t\t<\/ul>\n\t<\/div>\n\t<div class=\"fusion-post-content-wrapper\" style=\"padding:30px 25px 20px 25px;\"><div class=\"fusion-post-content post-content\"><h2 class=\"blog-shortcode-post-title entry-title\"><a href=\"https:\/\/www.aquimicasa.net\/blog\/vivienda\/agencias-inmobiliarias\/pisos-y-casas-en-venta-para-la-playa-en-calafell\/\">Pisos y casas en venta para la playa en Calafell<\/a><\/h2><p class=\"fusion-single-line-meta\"><span class=\"updated\" style=\"display:none;\">2025-02-08T11:08:26+01:00<\/span>Por <span class=\"vcard\"><span class=\"fn\"><a href=\"https:\/\/www.aquimicasa.net\/blog\/author\/eduardo\/\" title=\"Entradas de Eduardo Lizarraga\" rel=\"author\">Eduardo Lizarraga<\/a><\/span><\/span><span class=\"fusion-inline-sep\">|<\/span><a href=\"https:\/\/www.aquimicasa.net\/blog\/noticias\/vivienda\/agencias-inmobiliarias\/\" rel=\"category tag\">Agencias Inmobiliarias<\/a>, <a href=\"https:\/\/www.aquimicasa.net\/blog\/noticias\/vivienda\/compraventa-de-viviendas\/\" rel=\"category tag\">Compra Venta<\/a><span class=\"fusion-inline-sep\">|<\/span><\/p><div class=\"fusion-content-sep sep-double sep-solid\" style=\"border-color:#ebeaea;\"><\/div><div class=\"fusion-post-content-container\"><p>Calafell forma parte de la comarca del Baix Pened\u00e9s y se sit\u00faa entre las provincias de Tarragona y Barcelona. Su antigua econom\u00eda, basada en la agricultura de secano, con vides y olivos, a la que se a\u00f1ad\u00eda la pesca, se ha ido transformando y hoy en d\u00eda es el turismo la principal fuente de ingresos de la poblaci\u00f3n. Acompa\u00f1ando al turismo, la construcci\u00f3n, la hosteler\u00eda y la gesti\u00f3n inmobiliaria dan ocupaci\u00f3n a una gran parte de sus m\u00e1s de 26.000 habitantes. Y si buscas una vivienda, Anna G\u00f3mez Inmobiliaria dispone de una amplia oferta de pisos y casas en venta para vivir en Calafell.<\/p><\/div><\/div><\/div><div class=\"fusion-clearfix\"><\/div><\/div>\n<\/article>\n<article id=\"blog-2-post-26352\" class=\"fusion-post-grid post-26352 post type-post status-publish format-standard has-post-thumbnail hentry category-agencias-inmobiliarias category-compraventa-de-viviendas tag-agencia-boletin-2 tag-chalet-adosado-4-habitaciones-en-venta-montesoro-algete tag-garaje-en-alquiler-en-zona-moncloa-de-madrid tag-local-comercial-en-venta-en-mostoles-central tag-local-hosteleria-en-alquiler-en-vallehermoso-madrid tag-local-restaurante-en-traspaso-en-arguelles-madrid tag-oficina-en-venta-zona-intercambiador-moncloa-madrid tag-parcela-con-chalet-para-inversores-en-boadilla-del-monte tag-piso-en-venta-4-habitaciones-zona-gaztambide-madrid tag-piso-en-venta-inversores-en-zona-canillas-madrid tag-pisos-en-venta-y-alquiler-en-chamberi-arguelles-de-madrid tag-soluciones-inmobiliarias-jaspem\">\n<div class=\"fusion-post-wrapper\" style=\"background-color:rgba(255,255,255,0);border:1px solid #ebeaea;border-bottom-width:3px;\">\n\n\t\t\t<div class=\"fusion-flexslider flexslider fusion-flexslider-loading fusion-post-slideshow\" style=\"border-color:#ebeaea;\">\n\t\t<ul class=\"slides\">\n\t\t\t\n\t\t\t\t\t\t\t\t\t\t\t\t\t\t<li>\n\n<div  class=\"fusion-image-wrapper\" aria-haspopup=\"true\">\n\t\n\t\n\t\n\t\t\n\t\t\t\t\t<img decoding=\"async\" width=\"640\" height=\"480\" src=\"https:\/\/www.aquimicasa.net\/blog\/wp-content\/uploads\/Arguelles1.jpg\" class=\"attachment-full size-full wp-post-image\" alt=\"\" srcset=\"https:\/\/www.aquimicasa.net\/blog\/wp-content\/uploads\/Arguelles1-200x150.jpg 200w, https:\/\/www.aquimicasa.net\/blog\/wp-content\/uploads\/Arguelles1-400x300.jpg 400w, https:\/\/www.aquimicasa.net\/blog\/wp-content\/uploads\/Arguelles1-600x450.jpg 600w, https:\/\/www.aquimicasa.net\/blog\/wp-content\/uploads\/Arguelles1.jpg 640w\" sizes=\"(min-width: 2200px) 100vw, (min-width: 784px) 340px, (min-width: 712px) 510px, (min-width: 640px) 712px, \" \/>\n\t\n\n\t\t<div class=\"fusion-rollover\">\n\t<div class=\"fusion-rollover-content\">\n\n\t\t\t\t\n\t\t\n\t\t\t\t\t\t\t\t\t\t\t\t<h4 class=\"fusion-rollover-title\">\n\t\t\t\t\t<a class=\"fusion-rollover-title-link\" href=\"https:\/\/www.aquimicasa.net\/blog\/vivienda\/compraventa-de-viviendas\/pisos-en-venta-y-alquiler-en-chamberi-arguelles-de-madrid\/\">\n\t\t\t\t\t\tPisos en venta y alquiler en Chamberi Arguelles de Madrid\t\t\t\t\t<\/a>\n\t\t\t\t<\/h4>\n\t\t\t\n\t\t\t\t\t\t\t\t\n\t\t\n\t\t\t\t\t\t<a class=\"fusion-link-wrapper\" href=\"https:\/\/www.aquimicasa.net\/blog\/vivienda\/compraventa-de-viviendas\/pisos-en-venta-y-alquiler-en-chamberi-arguelles-de-madrid\/\" aria-label=\"Pisos en venta y alquiler en Chamberi Arguelles de Madrid\"><\/a>\n\t<\/div>\n<\/div>\n\n\t\n<\/div>\n<\/li>\n\t\t\t\n\t\t\t\n\t\t\t\t\t\t\t\t\t\t\t\t\t\t\t\t\t\t\t\t\t\t\t\t\t\t\t\t\t\t\t\t\t\t\t\t\t\t\t\t\t\t\t\t\t\t\t\t\t\t\t\t\t\t\t\t\t\t\t\t\t\t\t\t\t\t\t\t<\/ul>\n\t<\/div>\n\t<div class=\"fusion-post-content-wrapper\" style=\"padding:30px 25px 20px 25px;\"><div class=\"fusion-post-content post-content\"><h2 class=\"blog-shortcode-post-title entry-title\"><a href=\"https:\/\/www.aquimicasa.net\/blog\/vivienda\/compraventa-de-viviendas\/pisos-en-venta-y-alquiler-en-chamberi-arguelles-de-madrid\/\">Pisos en venta y alquiler en Chamberi Arguelles de Madrid<\/a><\/h2><p class=\"fusion-single-line-meta\"><span class=\"updated\" style=\"display:none;\">2021-03-14T08:39:19+01:00<\/span>Por <span class=\"vcard\"><span class=\"fn\"><a href=\"https:\/\/www.aquimicasa.net\/blog\/author\/eduardo\/\" title=\"Entradas de Eduardo Lizarraga\" rel=\"author\">Eduardo Lizarraga<\/a><\/span><\/span><span class=\"fusion-inline-sep\">|<\/span><a href=\"https:\/\/www.aquimicasa.net\/blog\/noticias\/vivienda\/agencias-inmobiliarias\/\" rel=\"category tag\">Agencias Inmobiliarias<\/a>, <a href=\"https:\/\/www.aquimicasa.net\/blog\/noticias\/vivienda\/compraventa-de-viviendas\/\" rel=\"category tag\">Compra Venta<\/a><span class=\"fusion-inline-sep\">|<\/span><\/p><div class=\"fusion-content-sep sep-double sep-solid\" style=\"border-color:#ebeaea;\"><\/div><div class=\"fusion-post-content-container\"><p>Piso en venta 4 habitaciones zona Gaztambide Madrid, Local restaurante en traspaso en Arguelles Madrid, Local hosteler\u00eda en alquiler en Vallehermoso Madrid, Oficina en venta zona intercambiador Moncloa Madrid, Piso en venta 4 habitaciones zona Gaztambide Madrid, Garaje en alquiler en zona Moncloa de Madrid, Local comercial en venta en M\u00f3stoles Central, Parcela con chalet para inversores en Boadilla del Monte, Piso en venta inversores en zona Canillas Madrid, Chalet adosado 4 habitaciones en venta Montesoro Algete, Soluciones Inmobiliarias Jaspem, pisos en venta y alquiler en Chamberi Arguelles de Madrid<\/p><\/div><\/div><\/div><div class=\"fusion-clearfix\"><\/div><\/div>\n<\/article>\n<article id=\"blog-2-post-25724\" class=\"fusion-post-grid post-25724 post type-post status-publish format-standard has-post-thumbnail hentry category-compraventa-de-viviendas tag-agencia-boletin-2 tag-obra-nueva-en-los-alcazares tag-promocion-nueva-en-los-alcazares\">\n<div class=\"fusion-post-wrapper\" style=\"background-color:rgba(255,255,255,0);border:1px solid #ebeaea;border-bottom-width:3px;\">\n\n\t\t\t<div class=\"fusion-flexslider flexslider fusion-flexslider-loading fusion-post-slideshow\" style=\"border-color:#ebeaea;\">\n\t\t<ul class=\"slides\">\n\t\t\t\n\t\t\t\t\t\t\t\t\t\t\t\t\t\t<li>\n\n<div  class=\"fusion-image-wrapper\" aria-haspopup=\"true\">\n\t\n\t\n\t\n\t\t\n\t\t\t\t\t<img decoding=\"async\" width=\"1500\" height=\"1125\" src=\"https:\/\/www.aquimicasa.net\/blog\/wp-content\/uploads\/672187579.jpg\" class=\"attachment-full size-full wp-post-image\" alt=\"\" srcset=\"https:\/\/www.aquimicasa.net\/blog\/wp-content\/uploads\/672187579-200x150.jpg 200w, https:\/\/www.aquimicasa.net\/blog\/wp-content\/uploads\/672187579-400x300.jpg 400w, https:\/\/www.aquimicasa.net\/blog\/wp-content\/uploads\/672187579-600x450.jpg 600w, https:\/\/www.aquimicasa.net\/blog\/wp-content\/uploads\/672187579-800x600.jpg 800w, https:\/\/www.aquimicasa.net\/blog\/wp-content\/uploads\/672187579-1200x900.jpg 1200w, https:\/\/www.aquimicasa.net\/blog\/wp-content\/uploads\/672187579.jpg 1500w\" sizes=\"(min-width: 2200px) 100vw, (min-width: 784px) 340px, (min-width: 712px) 510px, (min-width: 640px) 712px, \" \/>\n\t\n\n\t\t<div class=\"fusion-rollover\">\n\t<div class=\"fusion-rollover-content\">\n\n\t\t\t\t\n\t\t\n\t\t\t\t\t\t\t\t\t\t\t\t<h4 class=\"fusion-rollover-title\">\n\t\t\t\t\t<a class=\"fusion-rollover-title-link\" href=\"https:\/\/www.aquimicasa.net\/blog\/vivienda\/compraventa-de-viviendas\/promocion-de-obra-nueva-para-vivir-en-los-alcazares\/\">\n\t\t\t\t\t\tPromoci\u00f3n de obra nueva para vivir en Los Alc\u00e1zares\t\t\t\t\t<\/a>\n\t\t\t\t<\/h4>\n\t\t\t\n\t\t\t\t\t\t\t\t\n\t\t\n\t\t\t\t\t\t<a class=\"fusion-link-wrapper\" href=\"https:\/\/www.aquimicasa.net\/blog\/vivienda\/compraventa-de-viviendas\/promocion-de-obra-nueva-para-vivir-en-los-alcazares\/\" aria-label=\"Promoci\u00f3n de obra nueva para vivir en Los Alc\u00e1zares\"><\/a>\n\t<\/div>\n<\/div>\n\n\t\n<\/div>\n<\/li>\n\t\t\t\n\t\t\t\n\t\t\t\t\t\t\t\t\t\t\t\t\t\t\t\t\t\t\t\t\t\t\t\t\t\t\t\t\t\t\t\t\t\t\t\t\t\t\t\t\t\t\t\t\t\t\t\t\t\t\t\t\t\t\t\t\t\t\t\t\t\t\t\t\t\t\t\t<\/ul>\n\t<\/div>\n\t<div class=\"fusion-post-content-wrapper\" style=\"padding:30px 25px 20px 25px;\"><div class=\"fusion-post-content post-content\"><h2 class=\"blog-shortcode-post-title entry-title\"><a href=\"https:\/\/www.aquimicasa.net\/blog\/vivienda\/compraventa-de-viviendas\/promocion-de-obra-nueva-para-vivir-en-los-alcazares\/\">Promoci\u00f3n de obra nueva para vivir en Los Alc\u00e1zares<\/a><\/h2><p class=\"fusion-single-line-meta\"><span class=\"updated\" style=\"display:none;\">2020-06-17T21:06:46+02:00<\/span>Por <span class=\"vcard\"><span class=\"fn\"><a href=\"https:\/\/www.aquimicasa.net\/blog\/author\/eduardo\/\" title=\"Entradas de Eduardo Lizarraga\" rel=\"author\">Eduardo Lizarraga<\/a><\/span><\/span><span class=\"fusion-inline-sep\">|<\/span><a href=\"https:\/\/www.aquimicasa.net\/blog\/noticias\/vivienda\/compraventa-de-viviendas\/\" rel=\"category tag\">Compra Venta<\/a><span class=\"fusion-inline-sep\">|<\/span><\/p><div class=\"fusion-content-sep sep-double sep-solid\" style=\"border-color:#ebeaea;\"><\/div><div class=\"fusion-post-content-container\"><p> El buen tiempo y la calidez de las aguas del Mar Menor, fueron desde antiguo un importante foco de atracci\u00f3n para \u00a0la poblaci\u00f3n que, desde antiguo habit\u00f3 en sus riberas. Los romanos construyeron una gran villa termal y difundieron la tonicidad de los ba\u00f1os. Los \u00e1rabes le dieron el nombre al fortificar la antigua villa romana, en la que sus dirigentes continuaron la tradici\u00f3n \u00a0de aprovechar las propiedades termales del Mar Menor.\u00a0 Y la llegada del turismo, a partir [...]<\/p><\/div><\/div><\/div><div class=\"fusion-clearfix\"><\/div><\/div>\n<\/article>\n<article id=\"blog-2-post-24826\" class=\"fusion-post-grid post-24826 post type-post status-publish format-standard has-post-thumbnail hentry category-agencias-inmobiliarias category-compraventa-de-viviendas category-noticias-mercado-inmobiliario tag-agencia-boletin-2 tag-almendra-central-de-madrid\">\n<div class=\"fusion-post-wrapper\" style=\"background-color:rgba(255,255,255,0);border:1px solid #ebeaea;border-bottom-width:3px;\">\n\n\t\t\t<div class=\"fusion-flexslider flexslider fusion-flexslider-loading fusion-post-slideshow\" style=\"border-color:#ebeaea;\">\n\t\t<ul class=\"slides\">\n\t\t\t\n\t\t\t\t\t\t\t\t\t\t\t\t\t\t<li>\n\n<div  class=\"fusion-image-wrapper\" aria-haspopup=\"true\">\n\t\n\t\n\t\n\t\t\n\t\t\t\t\t<img decoding=\"async\" width=\"450\" height=\"245\" src=\"https:\/\/www.aquimicasa.net\/blog\/wp-content\/uploads\/Madrid3-e1552503036721.jpg\" class=\"attachment-full size-full wp-post-image\" alt=\"\" \/>\n\t\n\n\t\t<div class=\"fusion-rollover\">\n\t<div class=\"fusion-rollover-content\">\n\n\t\t\t\t\n\t\t\n\t\t\t\t\t\t\t\t\t\t\t\t<h4 class=\"fusion-rollover-title\">\n\t\t\t\t\t<a class=\"fusion-rollover-title-link\" href=\"https:\/\/www.aquimicasa.net\/blog\/vivienda\/compraventa-de-viviendas\/un-piso-en-venta-para-vivir-la-almendra-central-de-madrid\/\">\n\t\t\t\t\t\tUn piso en venta para vivir la almendra central de Madrid\t\t\t\t\t<\/a>\n\t\t\t\t<\/h4>\n\t\t\t\n\t\t\t\t\t\t\t\t\n\t\t\n\t\t\t\t\t\t<a class=\"fusion-link-wrapper\" href=\"https:\/\/www.aquimicasa.net\/blog\/vivienda\/compraventa-de-viviendas\/un-piso-en-venta-para-vivir-la-almendra-central-de-madrid\/\" aria-label=\"Un piso en venta para vivir la almendra central de Madrid\"><\/a>\n\t<\/div>\n<\/div>\n\n\t\n<\/div>\n<\/li>\n\t\t\t\n\t\t\t\n\t\t\t\t\t\t\t\t\t\t\t\t\t\t\t\t\t\t\t\t\t\t\t\t\t\t\t\t\t\t\t\t\t\t\t\t\t\t\t\t\t\t\t\t\t\t\t\t\t\t\t\t\t\t\t\t\t\t\t\t\t\t\t\t\t\t\t\t<\/ul>\n\t<\/div>\n\t<div class=\"fusion-post-content-wrapper\" style=\"padding:30px 25px 20px 25px;\"><div class=\"fusion-post-content post-content\"><h2 class=\"blog-shortcode-post-title entry-title\"><a href=\"https:\/\/www.aquimicasa.net\/blog\/vivienda\/compraventa-de-viviendas\/un-piso-en-venta-para-vivir-la-almendra-central-de-madrid\/\">Un piso en venta para vivir la almendra central de Madrid<\/a><\/h2><p class=\"fusion-single-line-meta\"><span class=\"updated\" style=\"display:none;\">2024-09-01T11:25:20+02:00<\/span>Por <span class=\"vcard\"><span class=\"fn\"><a href=\"https:\/\/www.aquimicasa.net\/blog\/author\/eduardo\/\" title=\"Entradas de Eduardo Lizarraga\" rel=\"author\">Eduardo Lizarraga<\/a><\/span><\/span><span class=\"fusion-inline-sep\">|<\/span><a href=\"https:\/\/www.aquimicasa.net\/blog\/noticias\/vivienda\/agencias-inmobiliarias\/\" rel=\"category tag\">Agencias Inmobiliarias<\/a>, <a href=\"https:\/\/www.aquimicasa.net\/blog\/noticias\/vivienda\/compraventa-de-viviendas\/\" rel=\"category tag\">Compra Venta<\/a>, <a href=\"https:\/\/www.aquimicasa.net\/blog\/noticias\/vivienda\/noticias-mercado-inmobiliario\/\" rel=\"category tag\">Noticias Mercado Inmobiliario<\/a><span class=\"fusion-inline-sep\">|<\/span><\/p><div class=\"fusion-content-sep sep-double sep-solid\" style=\"border-color:#ebeaea;\"><\/div><div class=\"fusion-post-content-container\"><p>Encontrar\u00a0un\u00a0piso en venta para vivir la almendra central de Madrid\u00a0es el objetivo de miles de personas que buscan las mejores ofertas en todos los barrios del\u00a0centro de Madrid. Porque eso es la\u00a0almendra central de Madrid, \u00a0los distritos y barrios que encontramos dentro de la v\u00eda de circunvalaci\u00f3n M-30 que los rodea a todos formando una almendra.<\/p><\/div><\/div><\/div><div class=\"fusion-clearfix\"><\/div><\/div>\n<\/article>\n<article id=\"blog-2-post-20629\" class=\"fusion-post-grid post-20629 post type-post status-publish format-standard has-post-thumbnail hentry category-agencias-inmobiliarias category-compraventa-de-viviendas tag-agencia-boletin-2 tag-casas-para-vivir-en-sagunto tag-inmobiliaria-lacruz tag-pisos-en-alquiler-en-puerto-de-sagunto tag-pisos-en-playa-de-sagunto tag-vivienda-en-venta-en-puerto-de-sagunto\">\n<div class=\"fusion-post-wrapper\" style=\"background-color:rgba(255,255,255,0);border:1px solid #ebeaea;border-bottom-width:3px;\">\n\n\t\t\t<div class=\"fusion-flexslider flexslider fusion-flexslider-loading fusion-post-slideshow\" style=\"border-color:#ebeaea;\">\n\t\t<ul class=\"slides\">\n\t\t\t\n\t\t\t\t\t\t\t\t\t\t\t\t\t\t<li>\n\n<div  class=\"fusion-image-wrapper\" aria-haspopup=\"true\">\n\t\n\t\n\t\n\t\t\n\t\t\t\t\t<img decoding=\"async\" width=\"340\" height=\"227\" src=\"https:\/\/www.aquimicasa.net\/blog\/wp-content\/uploads\/Sagunto2-e1529258590461.jpg\" class=\"attachment-full size-full wp-post-image\" alt=\"\" \/>\n\t\n\n\t\t<div class=\"fusion-rollover\">\n\t<div class=\"fusion-rollover-content\">\n\n\t\t\t\t\n\t\t\n\t\t\t\t\t\t\t\t\t\t\t\t<h4 class=\"fusion-rollover-title\">\n\t\t\t\t\t<a class=\"fusion-rollover-title-link\" href=\"https:\/\/www.aquimicasa.net\/blog\/vivienda\/agencias-inmobiliarias\/casas-en-venta-para-vivir-en-sagunto\/\">\n\t\t\t\t\t\tCasas en venta para vivir en Sagunto\t\t\t\t\t<\/a>\n\t\t\t\t<\/h4>\n\t\t\t\n\t\t\t\t\t\t\t\t\n\t\t\n\t\t\t\t\t\t<a class=\"fusion-link-wrapper\" href=\"https:\/\/www.aquimicasa.net\/blog\/vivienda\/agencias-inmobiliarias\/casas-en-venta-para-vivir-en-sagunto\/\" aria-label=\"Casas en venta para vivir en Sagunto\"><\/a>\n\t<\/div>\n<\/div>\n\n\t\n<\/div>\n<\/li>\n\t\t\t\n\t\t\t\n\t\t\t\t\t\t\t\t\t\t\t\t\t\t\t\t\t\t\t\t\t\t\t\t\t\t\t\t\t\t\t\t\t\t\t\t\t\t\t\t\t\t\t\t\t\t\t\t\t\t\t\t\t\t\t\t\t\t\t\t\t\t\t\t\t\t\t\t<\/ul>\n\t<\/div>\n\t<div class=\"fusion-post-content-wrapper\" style=\"padding:30px 25px 20px 25px;\"><div class=\"fusion-post-content post-content\"><h2 class=\"blog-shortcode-post-title entry-title\"><a href=\"https:\/\/www.aquimicasa.net\/blog\/vivienda\/agencias-inmobiliarias\/casas-en-venta-para-vivir-en-sagunto\/\">Casas en venta para vivir en Sagunto<\/a><\/h2><p class=\"fusion-single-line-meta\"><span class=\"updated\" style=\"display:none;\">2021-05-03T23:06:26+02:00<\/span>Por <span class=\"vcard\"><span class=\"fn\"><a href=\"https:\/\/www.aquimicasa.net\/blog\/author\/eduardo\/\" title=\"Entradas de Eduardo Lizarraga\" rel=\"author\">Eduardo Lizarraga<\/a><\/span><\/span><span class=\"fusion-inline-sep\">|<\/span><a href=\"https:\/\/www.aquimicasa.net\/blog\/noticias\/vivienda\/agencias-inmobiliarias\/\" rel=\"category tag\">Agencias Inmobiliarias<\/a>, <a href=\"https:\/\/www.aquimicasa.net\/blog\/noticias\/vivienda\/compraventa-de-viviendas\/\" rel=\"category tag\">Compra Venta<\/a><span class=\"fusion-inline-sep\">|<\/span><\/p><div class=\"fusion-content-sep sep-double sep-solid\" style=\"border-color:#ebeaea;\"><\/div><div class=\"fusion-post-content-container\"><p>Aunque era un importante puerto comercial desde el siglo VI AC, las primeras apariciones de Sagunto en la historia tienen mucho que ver con la guerra y el drama. Su decidido posicionamiento con Roma, cuando a\u00fan era una ciudad ibera llamada Arse, la colocaron en el punto de mira del general cartagin\u00e9s An\u00edbal, que la siti\u00f3 y tom\u00f3 en el 219 AC, al cabo de ocho meses de heroica resistencia, comenzando con esta acci\u00f3n cartaginesa la segunda guerra p\u00fanica.<\/p><\/div><\/div><\/div><div class=\"fusion-clearfix\"><\/div><\/div>\n<\/article>\n<article id=\"blog-2-post-23803\" class=\"fusion-post-grid post-23803 post type-post status-publish format-standard has-post-thumbnail hentry category-agencias-inmobiliarias tag-agencia-boletin-2 tag-aticos tag-aticos-en-alquiler-en-la-manga tag-aticos-en-venta-en-la-manga tag-mar-menor\">\n<div class=\"fusion-post-wrapper\" style=\"background-color:rgba(255,255,255,0);border:1px solid #ebeaea;border-bottom-width:3px;\">\n\n\t\t\t<div class=\"fusion-flexslider flexslider fusion-flexslider-loading fusion-post-slideshow\" style=\"border-color:#ebeaea;\">\n\t\t<ul class=\"slides\">\n\t\t\t\n\t\t\t\t\t\t\t\t\t\t\t\t\t\t<li>\n\n<div  class=\"fusion-image-wrapper\" aria-haspopup=\"true\">\n\t\n\t\n\t\n\t\t\n\t\t\t\t\t<img decoding=\"async\" width=\"450\" height=\"253\" src=\"https:\/\/www.aquimicasa.net\/blog\/wp-content\/uploads\/La-Manga1-e1550337436636.jpg\" class=\"attachment-full size-full wp-post-image\" alt=\"\" \/>\n\t\n\n\t\t<div class=\"fusion-rollover\">\n\t<div class=\"fusion-rollover-content\">\n\n\t\t\t\t\n\t\t\n\t\t\t\t\t\t\t\t\t\t\t\t<h4 class=\"fusion-rollover-title\">\n\t\t\t\t\t<a class=\"fusion-rollover-title-link\" href=\"https:\/\/www.aquimicasa.net\/blog\/vivienda\/agencias-inmobiliarias\/mejor-oferta-de-aticos-en-venta-en-la-manga-del-mar-menor\/\">\n\t\t\t\t\t\tMejor oferta de \u00e1ticos en venta en la Manga del Mar Menor\t\t\t\t\t<\/a>\n\t\t\t\t<\/h4>\n\t\t\t\n\t\t\t\t\t\t\t\t\n\t\t\n\t\t\t\t\t\t<a class=\"fusion-link-wrapper\" href=\"https:\/\/www.aquimicasa.net\/blog\/vivienda\/agencias-inmobiliarias\/mejor-oferta-de-aticos-en-venta-en-la-manga-del-mar-menor\/\" aria-label=\"Mejor oferta de \u00e1ticos en venta en la Manga del Mar Menor\"><\/a>\n\t<\/div>\n<\/div>\n\n\t\n<\/div>\n<\/li>\n\t\t\t\n\t\t\t\n\t\t\t\t\t\t\t\t\t\t\t\t\t\t\t\t\t\t\t\t\t\t\t\t\t\t\t\t\t\t\t\t\t\t\t\t\t\t\t\t\t\t\t\t\t\t\t\t\t\t\t\t\t\t\t\t\t\t\t\t\t\t\t\t\t\t\t\t<\/ul>\n\t<\/div>\n\t<div class=\"fusion-post-content-wrapper\" style=\"padding:30px 25px 20px 25px;\"><div class=\"fusion-post-content post-content\"><h2 class=\"blog-shortcode-post-title entry-title\"><a href=\"https:\/\/www.aquimicasa.net\/blog\/vivienda\/agencias-inmobiliarias\/mejor-oferta-de-aticos-en-venta-en-la-manga-del-mar-menor\/\">Mejor oferta de \u00e1ticos en venta en la Manga del Mar Menor<\/a><\/h2><p class=\"fusion-single-line-meta\"><span class=\"updated\" style=\"display:none;\">2025-02-11T20:45:20+01:00<\/span>Por <span class=\"vcard\"><span class=\"fn\"><a href=\"https:\/\/www.aquimicasa.net\/blog\/author\/eduardo\/\" title=\"Entradas de Eduardo Lizarraga\" rel=\"author\">Eduardo Lizarraga<\/a><\/span><\/span><span class=\"fusion-inline-sep\">|<\/span><a href=\"https:\/\/www.aquimicasa.net\/blog\/noticias\/vivienda\/agencias-inmobiliarias\/\" rel=\"category tag\">Agencias Inmobiliarias<\/a><span class=\"fusion-inline-sep\">|<\/span><\/p><div class=\"fusion-content-sep sep-double sep-solid\" style=\"border-color:#ebeaea;\"><\/div><div class=\"fusion-post-content-container\"><p>Disponer de un \u00e1tico en el Levante, con temperaturas suaves y en primera l\u00ednea de playa en La Manga es algo que nos reconforta con la vida. Hacer la vida frente al mar- en La Manga tenemos dos- y con una suave brisa alrededor, es la sensaci\u00f3n \u00fanica que nos brindan los \u00e1ticos en venta para vivir de La Manga. Dicen los propietarios que lo mejor es comenzar el d\u00eda desayunando en la terraza frente al mar, aunque habr\u00e1 que elegir si es frente al Mediterr\u00e1neo o el Mar Menor.<\/p><\/div><\/div><\/div><div class=\"fusion-clearfix\"><\/div><\/div>\n<\/article>\n<article id=\"blog-2-post-23284\" class=\"fusion-post-grid post-23284 post type-post status-publish format-standard has-post-thumbnail hentry category-compraventa-de-viviendas tag-agencia-boletin-2 tag-alfa-badalona tag-alfa-badalona-centromar tag-badalona tag-frente-maritimo-de-badalona tag-front-maritime\">\n<div class=\"fusion-post-wrapper\" style=\"background-color:rgba(255,255,255,0);border:1px solid #ebeaea;border-bottom-width:3px;\">\n\n\t\t\t<div class=\"fusion-flexslider flexslider fusion-flexslider-loading fusion-post-slideshow\" style=\"border-color:#ebeaea;\">\n\t\t<ul class=\"slides\">\n\t\t\t\n\t\t\t\t\t\t\t\t\t\t\t\t\t\t<li>\n\n<div  class=\"fusion-image-wrapper\" aria-haspopup=\"true\">\n\t\n\t\n\t\n\t\t\n\t\t\t\t\t<img decoding=\"async\" width=\"360\" height=\"222\" src=\"https:\/\/www.aquimicasa.net\/blog\/wp-content\/uploads\/Fente-maritimo4-e1546429602899.jpg\" class=\"attachment-full size-full wp-post-image\" alt=\"\" \/>\n\t\n\n\t\t<div class=\"fusion-rollover\">\n\t<div class=\"fusion-rollover-content\">\n\n\t\t\t\t\n\t\t\n\t\t\t\t\t\t\t\t\t\t\t\t<h4 class=\"fusion-rollover-title\">\n\t\t\t\t\t<a class=\"fusion-rollover-title-link\" href=\"https:\/\/www.aquimicasa.net\/blog\/vivienda\/compraventa-de-viviendas\/mejor-oferta-de-pisos-en-venta-en-el-frente-maritimo-de-badalona\/\">\n\t\t\t\t\t\tMejor oferta de pisos en venta en el Frente Mar\u00edtimo de Badalona\t\t\t\t\t<\/a>\n\t\t\t\t<\/h4>\n\t\t\t\n\t\t\t\t\t\t\t\t\n\t\t\n\t\t\t\t\t\t<a class=\"fusion-link-wrapper\" href=\"https:\/\/www.aquimicasa.net\/blog\/vivienda\/compraventa-de-viviendas\/mejor-oferta-de-pisos-en-venta-en-el-frente-maritimo-de-badalona\/\" aria-label=\"Mejor oferta de pisos en venta en el Frente Mar\u00edtimo de Badalona\"><\/a>\n\t<\/div>\n<\/div>\n\n\t\n<\/div>\n<\/li>\n\t\t\t\n\t\t\t\n\t\t\t\t\t\t\t\t\t\t\t\t\t\t\t\t\t\t\t\t\t\t\t\t\t\t\t\t\t\t\t\t\t\t\t\t\t\t\t\t\t\t\t\t\t\t\t\t\t\t\t\t\t\t\t\t\t\t\t\t\t\t\t\t\t\t\t\t<\/ul>\n\t<\/div>\n\t<div class=\"fusion-post-content-wrapper\" style=\"padding:30px 25px 20px 25px;\"><div class=\"fusion-post-content post-content\"><h2 class=\"blog-shortcode-post-title entry-title\"><a href=\"https:\/\/www.aquimicasa.net\/blog\/vivienda\/compraventa-de-viviendas\/mejor-oferta-de-pisos-en-venta-en-el-frente-maritimo-de-badalona\/\">Mejor oferta de pisos en venta en el Frente Mar\u00edtimo de Badalona<\/a><\/h2><p class=\"fusion-single-line-meta\"><span class=\"updated\" style=\"display:none;\">2021-03-17T08:11:49+01:00<\/span>Por <span class=\"vcard\"><span class=\"fn\"><a href=\"https:\/\/www.aquimicasa.net\/blog\/author\/eduardo\/\" title=\"Entradas de Eduardo Lizarraga\" rel=\"author\">Eduardo Lizarraga<\/a><\/span><\/span><span class=\"fusion-inline-sep\">|<\/span><a href=\"https:\/\/www.aquimicasa.net\/blog\/noticias\/vivienda\/compraventa-de-viviendas\/\" rel=\"category tag\">Compra Venta<\/a><span class=\"fusion-inline-sep\">|<\/span><\/p><div class=\"fusion-content-sep sep-double sep-solid\" style=\"border-color:#ebeaea;\"><\/div><div class=\"fusion-post-content-container\"><p>La mejor oferta en l\u00ednea de mar y otras zona de la ciudad  Situada en la\u00a0costa del mar Mediterr\u00e1neo\u00a0y a 10 km de Barcelona, una de las ciudades m\u00e1s cosmopolitas de Espa\u00f1a,\u00a0Badalona inici\u00f3 su larga andadura como poblaci\u00f3n alrededor del a\u00f1o 100 AC, cuando se funda por los romanos con el nombre de Baetulo. Su situaci\u00f3n privilegiada, en la costa entre el delta del Bes\u00f3s y la Sierra de la Marina,\u00a0\u00a0 hija por igual del mar y la monta\u00f1a, [...]<\/p><\/div><\/div><\/div><div class=\"fusion-clearfix\"><\/div><\/div>\n<\/article>\n<article id=\"blog-2-post-21867\" class=\"fusion-post-grid post-21867 post type-post status-publish format-standard has-post-thumbnail hentry category-agencias-inmobiliarias category-compraventa-de-viviendas category-noticias-mercado-inmobiliario tag-agencia-boletin-2 tag-las-higuericas-exclusive-residential-in-alicante tag-luxury-villa-first-line-in-torre-de-la-horadada-alicante tag-pilar-de-la-horadada tag-playa-las-higuericas tag-torre-de-la-horadada tag-una-casa-en-venta-en-playa-las-higuericas tag-villa-de-lujo-en-las-higuericas-de-pilar-de-la-horadada tag-villa-de-lujo-en-primera-linea-en-torre-de-la-horadada\">\n<div class=\"fusion-post-wrapper\" style=\"background-color:rgba(255,255,255,0);border:1px solid #ebeaea;border-bottom-width:3px;\">\n\n\t\t\t<div class=\"fusion-flexslider flexslider fusion-flexslider-loading fusion-post-slideshow\" style=\"border-color:#ebeaea;\">\n\t\t<ul class=\"slides\">\n\t\t\t\n\t\t\t\t\t\t\t\t\t\t\t\t\t\t<li>\n\n<div  class=\"fusion-image-wrapper\" aria-haspopup=\"true\">\n\t\n\t\n\t\n\t\t\n\t\t\t\t\t<img decoding=\"async\" width=\"300\" height=\"225\" src=\"https:\/\/www.aquimicasa.net\/blog\/wp-content\/uploads\/Playa-Las-Higuericas3-e1538426273591.jpg\" class=\"attachment-full size-full wp-post-image\" alt=\"\" \/>\n\t\n\n\t\t<div class=\"fusion-rollover\">\n\t<div class=\"fusion-rollover-content\">\n\n\t\t\t\t\n\t\t\n\t\t\t\t\t\t\t\t\t\t\t\t<h4 class=\"fusion-rollover-title\">\n\t\t\t\t\t<a class=\"fusion-rollover-title-link\" href=\"https:\/\/www.aquimicasa.net\/blog\/vivienda\/compraventa-de-viviendas\/una-casa-en-venta-en-playa-las-higuericas\/\">\n\t\t\t\t\t\tUna casa en venta en playa Las Higuericas\t\t\t\t\t<\/a>\n\t\t\t\t<\/h4>\n\t\t\t\n\t\t\t\t\t\t\t\t\n\t\t\n\t\t\t\t\t\t<a class=\"fusion-link-wrapper\" href=\"https:\/\/www.aquimicasa.net\/blog\/vivienda\/compraventa-de-viviendas\/una-casa-en-venta-en-playa-las-higuericas\/\" aria-label=\"Una casa en venta en playa Las Higuericas\"><\/a>\n\t<\/div>\n<\/div>\n\n\t\n<\/div>\n<\/li>\n\t\t\t\n\t\t\t\n\t\t\t\t\t\t\t\t\t\t\t\t\t\t\t\t\t\t\t\t\t\t\t\t\t\t\t\t\t\t\t\t\t\t\t\t\t\t\t\t\t\t\t\t\t\t\t\t\t\t\t\t\t\t\t\t\t\t\t\t\t\t\t\t\t\t\t\t<\/ul>\n\t<\/div>\n\t<div class=\"fusion-post-content-wrapper\" style=\"padding:30px 25px 20px 25px;\"><div class=\"fusion-post-content post-content\"><h2 class=\"blog-shortcode-post-title entry-title\"><a href=\"https:\/\/www.aquimicasa.net\/blog\/vivienda\/compraventa-de-viviendas\/una-casa-en-venta-en-playa-las-higuericas\/\">Una casa en venta en playa Las Higuericas<\/a><\/h2><p class=\"fusion-single-line-meta\"><span class=\"updated\" style=\"display:none;\">2021-05-03T23:03:47+02:00<\/span>Por <span class=\"vcard\"><span class=\"fn\"><a href=\"https:\/\/www.aquimicasa.net\/blog\/author\/eduardo\/\" title=\"Entradas de Eduardo Lizarraga\" rel=\"author\">Eduardo Lizarraga<\/a><\/span><\/span><span class=\"fusion-inline-sep\">|<\/span><a href=\"https:\/\/www.aquimicasa.net\/blog\/noticias\/vivienda\/agencias-inmobiliarias\/\" rel=\"category tag\">Agencias Inmobiliarias<\/a>, <a href=\"https:\/\/www.aquimicasa.net\/blog\/noticias\/vivienda\/compraventa-de-viviendas\/\" rel=\"category tag\">Compra Venta<\/a>, <a href=\"https:\/\/www.aquimicasa.net\/blog\/noticias\/vivienda\/noticias-mercado-inmobiliario\/\" rel=\"category tag\">Noticias Mercado Inmobiliario<\/a><span class=\"fusion-inline-sep\">|<\/span><\/p><div class=\"fusion-content-sep sep-double sep-solid\" style=\"border-color:#ebeaea;\"><\/div><div class=\"fusion-post-content-container\"><p>La Playa de Las Higuericas, que cuenta con el deseado distintivo azul desde 1994, se sit\u00faa en un entorno urbano en el que las villas y las urbanizaciones tienen una categor\u00eda muy especial. \u00a0De fina y dorada arena tiene una longitud de casi un kil\u00f3metro y medio con una anchura de 80 metros, lo que la convierte en una playa muy desahogada.<\/p><\/div><\/div><\/div><div class=\"fusion-clearfix\"><\/div><\/div>\n<\/article>\n<article id=\"blog-2-post-21575\" class=\"fusion-post-grid post-21575 post type-post status-publish format-standard has-post-thumbnail hentry category-agencias-inmobiliarias tag-agencia-boletin-2 tag-locales-en-alquiler-en-pamplona tag-locales-en-venta-en-pamplona tag-navarraviviendas\">\n<div class=\"fusion-post-wrapper\" style=\"background-color:rgba(255,255,255,0);border:1px solid #ebeaea;border-bottom-width:3px;\">\n\n\t\t\t<div class=\"fusion-flexslider flexslider fusion-flexslider-loading fusion-post-slideshow\" style=\"border-color:#ebeaea;\">\n\t\t<ul class=\"slides\">\n\t\t\t\n\t\t\t\t\t\t\t\t\t\t\t\t\t\t<li>\n\n<div  class=\"fusion-image-wrapper\" aria-haspopup=\"true\">\n\t\n\t\n\t\n\t\t\n\t\t\t\t\t<img decoding=\"async\" width=\"450\" height=\"225\" src=\"https:\/\/www.aquimicasa.net\/blog\/wp-content\/uploads\/pamplonab7-e1537031119253.jpg\" class=\"attachment-full size-full wp-post-image\" alt=\"\" \/>\n\t\n\n\t\t<div class=\"fusion-rollover\">\n\t<div class=\"fusion-rollover-content\">\n\n\t\t\t\t\n\t\t\n\t\t\t\t\t\t\t\t\t\t\t\t<h4 class=\"fusion-rollover-title\">\n\t\t\t\t\t<a class=\"fusion-rollover-title-link\" href=\"https:\/\/www.aquimicasa.net\/blog\/vivienda\/agencias-inmobiliarias\/locales-comerciales-en-venta-o-alquiler-en-pamplona\/\">\n\t\t\t\t\t\tLocales comerciales en venta o alquiler en Pamplona\t\t\t\t\t<\/a>\n\t\t\t\t<\/h4>\n\t\t\t\n\t\t\t\t\t\t\t\t\n\t\t\n\t\t\t\t\t\t<a class=\"fusion-link-wrapper\" href=\"https:\/\/www.aquimicasa.net\/blog\/vivienda\/agencias-inmobiliarias\/locales-comerciales-en-venta-o-alquiler-en-pamplona\/\" aria-label=\"Locales comerciales en venta o alquiler en Pamplona\"><\/a>\n\t<\/div>\n<\/div>\n\n\t\n<\/div>\n<\/li>\n\t\t\t\n\t\t\t\n\t\t\t\t\t\t\t\t\t\t\t\t\t\t\t\t\t\t\t\t\t\t\t\t\t\t\t\t\t\t\t\t\t\t\t\t\t\t\t\t\t\t\t\t\t\t\t\t\t\t\t\t\t\t\t\t\t\t\t\t\t\t\t\t\t\t\t\t<\/ul>\n\t<\/div>\n\t<div class=\"fusion-post-content-wrapper\" style=\"padding:30px 25px 20px 25px;\"><div class=\"fusion-post-content post-content\"><h2 class=\"blog-shortcode-post-title entry-title\"><a href=\"https:\/\/www.aquimicasa.net\/blog\/vivienda\/agencias-inmobiliarias\/locales-comerciales-en-venta-o-alquiler-en-pamplona\/\">Locales comerciales en venta o alquiler en Pamplona<\/a><\/h2><p class=\"fusion-single-line-meta\"><span class=\"updated\" style=\"display:none;\">2023-08-31T21:28:48+02:00<\/span>Por <span class=\"vcard\"><span class=\"fn\"><a href=\"https:\/\/www.aquimicasa.net\/blog\/author\/eduardo\/\" title=\"Entradas de Eduardo Lizarraga\" rel=\"author\">Eduardo Lizarraga<\/a><\/span><\/span><span class=\"fusion-inline-sep\">|<\/span><a href=\"https:\/\/www.aquimicasa.net\/blog\/noticias\/vivienda\/agencias-inmobiliarias\/\" rel=\"category tag\">Agencias Inmobiliarias<\/a><span class=\"fusion-inline-sep\">|<\/span><\/p><div class=\"fusion-content-sep sep-double sep-solid\" style=\"border-color:#ebeaea;\"><\/div><div class=\"fusion-post-content-container\"><p>La rentabilidad obtenida por el alquiler de los locales comerciales contin\u00faa increment\u00e1ndose superando ya una media del 9,2% en todo el pa\u00eds y sin trazas de descender. Todo lo contrario, ya que no se va a ver afectado por las medidas que intentar\u00e1n controlar el precio de los alquileres de vivienda.<\/p><\/div><\/div><\/div><div class=\"fusion-clearfix\"><\/div><\/div>\n<\/article>\n<article id=\"blog-2-post-21165\" class=\"fusion-post-grid post-21165 post type-post status-publish format-standard has-post-thumbnail hentry category-agencias-inmobiliarias tag-agencia-boletin-2 tag-casa-barata-en-lliria tag-chalet-barato-en-lliria tag-chalet-barato-en-venta-en-lliria tag-lliria\">\n<div class=\"fusion-post-wrapper\" style=\"background-color:rgba(255,255,255,0);border:1px solid #ebeaea;border-bottom-width:3px;\">\n\n\t\t\t<div class=\"fusion-flexslider flexslider fusion-flexslider-loading fusion-post-slideshow\" style=\"border-color:#ebeaea;\">\n\t\t<ul class=\"slides\">\n\t\t\t\n\t\t\t\t\t\t\t\t\t\t\t\t\t\t<li>\n\n<div  class=\"fusion-image-wrapper\" aria-haspopup=\"true\">\n\t\n\t\n\t\n\t\t\n\t\t\t\t\t<img decoding=\"async\" width=\"400\" height=\"267\" src=\"https:\/\/www.aquimicasa.net\/blog\/wp-content\/uploads\/Lliria10-e1557559481878.jpg\" class=\"attachment-full size-full wp-post-image\" alt=\"\" \/>\n\t\n\n\t\t<div class=\"fusion-rollover\">\n\t<div class=\"fusion-rollover-content\">\n\n\t\t\t\t\n\t\t\n\t\t\t\t\t\t\t\t\t\t\t\t<h4 class=\"fusion-rollover-title\">\n\t\t\t\t\t<a class=\"fusion-rollover-title-link\" href=\"https:\/\/www.aquimicasa.net\/blog\/vivienda\/agencias-inmobiliarias\/un-chalet-barato-en-venta-para-vivir-en-lliria\/\">\n\t\t\t\t\t\tUn chalet barato en venta para vivir en Lliria\t\t\t\t\t<\/a>\n\t\t\t\t<\/h4>\n\t\t\t\n\t\t\t\t\t\t\t\t\n\t\t\n\t\t\t\t\t\t<a class=\"fusion-link-wrapper\" href=\"https:\/\/www.aquimicasa.net\/blog\/vivienda\/agencias-inmobiliarias\/un-chalet-barato-en-venta-para-vivir-en-lliria\/\" aria-label=\"Un chalet barato en venta para vivir en Lliria\"><\/a>\n\t<\/div>\n<\/div>\n\n\t\n<\/div>\n<\/li>\n\t\t\t\n\t\t\t\n\t\t\t\t\t\t\t\t\t\t\t\t\t\t\t\t\t\t\t\t\t\t\t\t\t\t\t\t\t\t\t\t\t\t\t\t\t\t\t\t\t\t\t\t\t\t\t\t\t\t\t\t\t\t\t\t\t\t\t\t\t\t\t\t\t\t\t\t<\/ul>\n\t<\/div>\n\t<div class=\"fusion-post-content-wrapper\" style=\"padding:30px 25px 20px 25px;\"><div class=\"fusion-post-content post-content\"><h2 class=\"blog-shortcode-post-title entry-title\"><a href=\"https:\/\/www.aquimicasa.net\/blog\/vivienda\/agencias-inmobiliarias\/un-chalet-barato-en-venta-para-vivir-en-lliria\/\">Un chalet barato en venta para vivir en Lliria<\/a><\/h2><p class=\"fusion-single-line-meta\"><span class=\"updated\" style=\"display:none;\">2021-05-03T23:10:35+02:00<\/span>Por <span class=\"vcard\"><span class=\"fn\"><a href=\"https:\/\/www.aquimicasa.net\/blog\/author\/eduardo\/\" title=\"Entradas de Eduardo Lizarraga\" rel=\"author\">Eduardo Lizarraga<\/a><\/span><\/span><span class=\"fusion-inline-sep\">|<\/span><a href=\"https:\/\/www.aquimicasa.net\/blog\/noticias\/vivienda\/agencias-inmobiliarias\/\" rel=\"category tag\">Agencias Inmobiliarias<\/a><span class=\"fusion-inline-sep\">|<\/span><\/p><div class=\"fusion-content-sep sep-double sep-solid\" style=\"border-color:#ebeaea;\"><\/div><div class=\"fusion-post-content-container\"><p>Lliria, la Ciudad de la M\u00fasica, dista 25 kil\u00f3metros de la ciudad de Valencia y es la capital del Camp del Turia. Sus casi 230 kil\u00f3metros cuadrados de extensi\u00f3n convierten al municipio en uno de los m\u00e1s grandes de la Comunidad Valenciana y tambi\u00e9n en uno de los que gozan de mayores contrastes paisaj\u00edsticos.<\/p><\/div><\/div><\/div><div class=\"fusion-clearfix\"><\/div><\/div>\n<\/article>\n<article id=\"blog-2-post-21066\" class=\"fusion-post-grid post-21066 post type-post status-publish format-standard has-post-thumbnail hentry category-agencias-inmobiliarias tag-agencia-boletin-2 tag-apartamento-en-calpe tag-atico-en-calpe tag-calpe tag-casa-en-calpe tag-chalet-en-calpe tag-playa-de-calpe tag-villa-en-calpe\">\n<div class=\"fusion-post-wrapper\" style=\"background-color:rgba(255,255,255,0);border:1px solid #ebeaea;border-bottom-width:3px;\">\n\n\t\t\t<div class=\"fusion-flexslider flexslider fusion-flexslider-loading fusion-post-slideshow\" style=\"border-color:#ebeaea;\">\n\t\t<ul class=\"slides\">\n\t\t\t\n\t\t\t\t\t\t\t\t\t\t\t\t\t\t<li>\n\n<div  class=\"fusion-image-wrapper\" aria-haspopup=\"true\">\n\t\n\t\n\t\n\t\t\n\t\t\t\t\t<img decoding=\"async\" width=\"350\" height=\"230\" src=\"https:\/\/www.aquimicasa.net\/blog\/wp-content\/uploads\/CalpeA1-e1531672902908.jpg\" class=\"attachment-full size-full wp-post-image\" alt=\"\" \/>\n\t\n\n\t\t<div class=\"fusion-rollover\">\n\t<div class=\"fusion-rollover-content\">\n\n\t\t\t\t\n\t\t\n\t\t\t\t\t\t\t\t\t\t\t\t<h4 class=\"fusion-rollover-title\">\n\t\t\t\t\t<a class=\"fusion-rollover-title-link\" href=\"https:\/\/www.aquimicasa.net\/blog\/vivienda\/agencias-inmobiliarias\/un-apartamento-en-venta-en-la-playa-de-calpe\/\">\n\t\t\t\t\t\tUn apartamento en venta en la playa de Calpe\t\t\t\t\t<\/a>\n\t\t\t\t<\/h4>\n\t\t\t\n\t\t\t\t\t\t\t\t\n\t\t\n\t\t\t\t\t\t<a class=\"fusion-link-wrapper\" href=\"https:\/\/www.aquimicasa.net\/blog\/vivienda\/agencias-inmobiliarias\/un-apartamento-en-venta-en-la-playa-de-calpe\/\" aria-label=\"Un apartamento en venta en la playa de Calpe\"><\/a>\n\t<\/div>\n<\/div>\n\n\t\n<\/div>\n<\/li>\n\t\t\t\n\t\t\t\n\t\t\t\t\t\t\t\t\t\t\t\t\t\t\t\t\t\t\t\t\t\t\t\t\t\t\t\t\t\t\t\t\t\t\t\t\t\t\t\t\t\t\t\t\t\t\t\t\t\t\t\t\t\t\t\t\t\t\t\t\t\t\t\t\t\t\t\t<\/ul>\n\t<\/div>\n\t<div class=\"fusion-post-content-wrapper\" style=\"padding:30px 25px 20px 25px;\"><div class=\"fusion-post-content post-content\"><h2 class=\"blog-shortcode-post-title entry-title\"><a href=\"https:\/\/www.aquimicasa.net\/blog\/vivienda\/agencias-inmobiliarias\/un-apartamento-en-venta-en-la-playa-de-calpe\/\">Un apartamento en venta en la playa de Calpe<\/a><\/h2><p class=\"fusion-single-line-meta\"><span class=\"updated\" style=\"display:none;\">2023-02-16T13:06:42+01:00<\/span>Por <span class=\"vcard\"><span class=\"fn\"><a href=\"https:\/\/www.aquimicasa.net\/blog\/author\/eduardo\/\" title=\"Entradas de Eduardo Lizarraga\" rel=\"author\">Eduardo Lizarraga<\/a><\/span><\/span><span class=\"fusion-inline-sep\">|<\/span><a href=\"https:\/\/www.aquimicasa.net\/blog\/noticias\/vivienda\/agencias-inmobiliarias\/\" rel=\"category tag\">Agencias Inmobiliarias<\/a><span class=\"fusion-inline-sep\">|<\/span><\/p><div class=\"fusion-content-sep sep-double sep-solid\" style=\"border-color:#ebeaea;\"><\/div><div class=\"fusion-post-content-container\"><p>Los tiempos han cambiado y los visitantes tambi\u00e9n; la poblaci\u00f3n se ha convertido en una de los principales n\u00facleos tur\u00edsticos del levante, donde pasar el verano y algo m\u00e1s. Y as\u00ed alemanes, ingleses, franceses, belgas\u2026y muchas m\u00e1s nacionalidades buscan la tranquilidad de esta costa y lo benigno de su climatolog\u00eda y disponen de un apartamento en venta para vivir en la playa de Calpe.<\/p><\/div><\/div><\/div><div class=\"fusion-clearfix\"><\/div><\/div>\n<\/article>\n<div class=\"fusion-clearfix\"><\/div><\/div><\/div><div class=\"fusion-clearfix\"><\/div><\/div><\/div><\/div><\/div><div class=\"fusion-fullwidth fullwidth-box fusion-builder-row-5 nonhundred-percent-fullwidth non-hundred-percent-height-scrolling\" style=\"background-color: rgba(255,255,255,0);background-position: center center;background-repeat: no-repeat;padding-top:0px;padding-right:0px;padding-bottom:0px;padding-left:0px;margin-bottom: 0px;margin-top: 0px;border-width: 0px 0px 0px 0px;border-color:#eae9e9;border-style:solid;\" ><div class=\"fusion-builder-row fusion-row\"><div class=\"fusion-layout-column fusion_builder_column fusion-builder-column-4 fusion_builder_column_1_1 1_1 fusion-one-full fusion-column-first fusion-column-last\" style=\"margin-top:0px;margin-bottom:20px;\"><div class=\"fusion-column-wrapper fusion-flex-column-wrapper-legacy\" style=\"background-position:left top;background-repeat:no-repeat;-webkit-background-size:cover;-moz-background-size:cover;-o-background-size:cover;background-size:cover;padding: 0px 0px 0px 0px;\"><div class=\"fusion-sep-clear\"><\/div><div class=\"fusion-separator\" style=\"margin-left: auto;margin-right: auto;margin-top:5%;width:100%;max-width:50%;\"><\/div><div class=\"fusion-sep-clear\"><\/div><style type=\"text\/css\"><\/style><div class=\"fusion-title title fusion-title-3 fusion-sep-none fusion-title-center fusion-title-text fusion-title-size-two\" style=\"margin-top:0px;margin-right:0px;margin-bottom:31px;margin-left:0px;\"><h2 class=\"title-heading-center\" style=\"margin:0;\"><p style=\"text-align: center;\">SUSCRIBETE A NUESTRA NEWSLETTER<\/p><\/h2><\/div><div class=\"fusion-sep-clear\"><\/div><div class=\"fusion-separator fusion-has-icon\" style=\"margin-left: auto;margin-right: auto;margin-bottom:3%;width:100%;max-width:30%;\"><div class=\"fusion-separator-border sep-single sep-solid\" style=\"border-color:#000000;border-top-width:2px;\"><\/div><span class=\"icon-wrapper\" style=\"border-color:transparent;font-size:25px;width: 1.75em; height: 1.75em;border-width:2px;padding:2px;margin-top:-1px\"><i class=\"fa-thumbs-up fas\" style=\"font-size: inherit;color:#000000;\" aria-hidden=\"true\"><\/i><\/span><div class=\"fusion-separator-border sep-single sep-solid\" style=\"border-color:#000000;border-top-width:2px;\"><\/div><\/div><div class=\"fusion-sep-clear\"><\/div><div class=\"fusion-clearfix\"><\/div><\/div><\/div><\/div><\/div><div class=\"fusion-fullwidth fullwidth-box fusion-builder-row-6 nonhundred-percent-fullwidth non-hundred-percent-height-scrolling\" style=\"background-color: rgba(255,255,255,0);background-position: center center;background-repeat: no-repeat;padding-top:0px;padding-right:0px;padding-bottom:0px;padding-left:0px;margin-bottom: 0px;margin-top: 0px;border-width: 0px 0px 0px 0px;border-color:#eae9e9;border-style:solid;\" ><div class=\"fusion-builder-row fusion-row\"><div class=\"fusion-layout-column fusion_builder_column fusion-builder-column-5 fusion_builder_column_1_4 1_4 fusion-one-fourth fusion-column-first\" style=\"width:25%;width:calc(25% - ( ( 4% + 4% ) * 0.25 ) );margin-right: 4%;margin-top:0px;margin-bottom:20px;\"><div class=\"fusion-column-wrapper fusion-flex-column-wrapper-legacy\" style=\"background-position:left top;background-repeat:no-repeat;-webkit-background-size:cover;-moz-background-size:cover;-o-background-size:cover;background-size:cover;padding: 0px 0px 0px 0px;\"><div class=\"fusion-clearfix\"><\/div><\/div><\/div><div class=\"fusion-layout-column fusion_builder_column fusion-builder-column-6 fusion_builder_column_1_2 1_2 fusion-one-half\" style=\"width:50%;width:calc(50% - ( ( 4% + 4% ) * 0.5 ) );margin-right: 4%;margin-top:0px;margin-bottom:20px;\"><div class=\"fusion-column-wrapper fusion-flex-column-wrapper-legacy\" style=\"background-position:left top;background-repeat:no-repeat;-webkit-background-size:cover;-moz-background-size:cover;-o-background-size:cover;background-size:cover;padding: 0px 0px 0px 0px;\">\n<div class=\"wpcf7 no-js\" id=\"wpcf7-f2814-o1\" lang=\"en-US\" dir=\"ltr\" data-wpcf7-id=\"2814\">\n<div class=\"screen-reader-response\"><p role=\"status\" aria-live=\"polite\" aria-atomic=\"true\"><\/p> <ul><\/ul><\/div>\n<form action=\"\/blog\/wp-json\/wp\/v2\/posts\/36309#wpcf7-f2814-o1\" method=\"post\" class=\"wpcf7-form init\" aria-label=\"Contact form\" novalidate=\"novalidate\" data-status=\"init\">\n<fieldset class=\"hidden-fields-container\"><input type=\"hidden\" name=\"_wpcf7\" value=\"2814\" \/><input type=\"hidden\" name=\"_wpcf7_version\" value=\"6.1.7\" \/><input type=\"hidden\" name=\"_wpcf7_locale\" value=\"en_US\" \/><input type=\"hidden\" name=\"_wpcf7_unit_tag\" value=\"wpcf7-f2814-o1\" \/><input type=\"hidden\" name=\"_wpcf7_container_post\" value=\"0\" \/><input type=\"hidden\" name=\"_wpcf7_posted_data_hash\" value=\"\" \/>\n<\/fieldset>\n<p><span id=\"wpcf7-6a9776e8e26bc-wrapper\" class=\"wpcf7-form-control-wrap cf7apps-honeypot-wrap email-wrap\" data-cf7apps-honeypot=\"email\" ><input type=\"hidden\" name=\"email-random-hash\" value=\"20260902\"><input type=\"hidden\" name=\"email-time-token\" value=\"MTc4ODMxMTI3Mg==.bd701d670a8a2a629db5b09585f07fd49822f53e2747baa9df48598198c76430\"><input\n\t    id=\"wpcf7-6a9776e8e26bc-field\"\n\t    \n\t    class=\"wpcf7-form-control wpcf7-text\"\n\t    type=\"text\"\n\t    name=\"jia4lfgd71lw\"\n\t    value=\"\"\n\t    autocomplete=\"new-password\"\n\t    tabindex=\"1000\"\n\t    data-cf7apps-tabindex=\"1000\"\n    \/><\/span><label><span class=\"wpcf7-form-control-wrap\" data-name=\"your-email\"><input size=\"40\" maxlength=\"400\" class=\"wpcf7-form-control wpcf7-email wpcf7-validates-as-required wpcf7-text wpcf7-validates-as-email\" aria-required=\"true\" aria-invalid=\"false\" placeholder=\"Email\" value=\"\" type=\"email\" name=\"your-email\" \/><\/span><\/label>\n<\/p>\n<p><label><span class=\"wpcf7-form-control-wrap\" data-name=\"text-944\"><input size=\"40\" maxlength=\"400\" class=\"wpcf7-form-control wpcf7-text wpcf7-validates-as-required\" aria-required=\"true\" aria-invalid=\"false\" placeholder=\"Nombre\" value=\"\" type=\"text\" name=\"text-944\" \/><\/span><\/label>\n<\/p>\n<p style=\"color:#00000;\"><span class=\"wpcf7-form-control-wrap\" data-name=\"acceptance-884\"><span class=\"wpcf7-form-control wpcf7-acceptance\"><span class=\"wpcf7-list-item\"><label><input type=\"checkbox\" name=\"acceptance-884\" value=\"1\" aria-invalid=\"false\" \/><span class=\"wpcf7-list-item-label\">He le\u00eddo y acepto vuestra <a href=\"https:\/\/aquimicasa.net\/blog\/politica-de-privacidad\/\" target=\"_blank\";><u>Pol\u00edtica de Privacidad<\/u><\/a><\/span><\/label><\/span><\/span><\/span>\n<\/p>\n<p><input class=\"wpcf7-form-control wpcf7-submit has-spinner\" type=\"submit\" value=\"SUSCRIBIRME\" \/>\n<\/p><div class=\"fusion-alert alert custom alert-custom fusion-alert-center wpcf7-response-output fusion-alert-capitalize alert-dismissable\" style=\"border-width:1px;\"><button type=\"button\" class=\"close toggle-alert\" data-dismiss=\"alert\" aria-hidden=\"true\">&times;<\/button><div class=\"fusion-alert-content-wrapper\"><span class=\"fusion-alert-content\"><\/span><\/div><\/div>\n<\/form>\n<\/div>\n<div class=\"fusion-clearfix\"><\/div><\/div><\/div><div class=\"fusion-layout-column fusion_builder_column fusion-builder-column-7 fusion_builder_column_1_4 1_4 fusion-one-fourth fusion-column-last\" style=\"width:25%;width:calc(25% - ( ( 4% + 4% ) * 0.25 ) );margin-top:0px;margin-bottom:20px;\"><div class=\"fusion-column-wrapper fusion-flex-column-wrapper-legacy\" style=\"background-position:left top;background-repeat:no-repeat;-webkit-background-size:cover;-moz-background-size:cover;-o-background-size:cover;background-size:cover;padding: 0px 0px 0px 0px;\"><div class=\"fusion-clearfix\"><\/div><\/div><\/div><\/div><\/div><\/p>\n","protected":false},"excerpt":{"rendered":"<p>Newsletter dedicada al inmobiliario y el consumo. En este n\u00famero encontrar\u00e1s la situaci\u00f3n en los desahucios que llegan tras los ERTES, la expropiaci\u00f3n de viviendas en Baleares, las compraventas de vivienda en enero y el Supremo con el IRPH, entre otras informaciones&#8230;<\/p>\n","protected":false},"author":3,"featured_media":17772,"comment_status":"open","ping_status":"open","sticky":false,"template":"","format":"standard","meta":{"_jetpack_memberships_contains_paid_content":false,"footnotes":"","jetpack_publicize_message":"","jetpack_publicize_feature_enabled":true,"jetpack_social_post_already_shared":true,"jetpack_social_options":{"image_generator_settings":{"template":"highway","default_image_id":0,"font":"","enabled":false},"version":2}},"categories":[2548],"tags":[7878],"class_list":["post-36309","post","type-post","status-publish","format-standard","has-post-thumbnail","hentry","category-boletines","tag-newsletter"],"yoast_head":"<!-- This site is optimized with the Yoast SEO plugin v28.2 - https:\/\/yoast.com\/product\/yoast-seo-wordpress\/ -->\n<title>Newsletter 296&quot;Agazapados tras los ERTES esperan miles de desahucios&quot;<\/title>\n<meta name=\"description\" content=\"Newsletter 296&quot;Agazapados tras los ERTES esperan miles de desahucios&quot; Promoci\u00f3n de villas en venta en Cala Finestrat...\" \/>\n<meta name=\"robots\" content=\"index, follow, max-snippet:-1, max-image-preview:large, max-video-preview:-1\" \/>\n<link rel=\"canonical\" href=\"https:\/\/www.aquimicasa.net\/blog\/boletines\/newsletter-296agazapados-tras-los-ertes-esperan-miles-de-desahucios\/\" \/>\n<meta property=\"og:locale\" content=\"es_ES\" \/>\n<meta property=\"og:type\" content=\"article\" \/>\n<meta property=\"og:title\" content=\"Newsletter 296&quot;Agazapados tras los ERTES esperan miles de desahucios&quot;\" \/>\n<meta property=\"og:description\" content=\"Newsletter 296&quot;Agazapados tras los ERTES esperan miles de desahucios&quot; Promoci\u00f3n de villas en venta en Cala Finestrat...\" \/>\n<meta property=\"og:url\" content=\"https:\/\/www.aquimicasa.net\/blog\/boletines\/newsletter-296agazapados-tras-los-ertes-esperan-miles-de-desahucios\/\" \/>\n<meta property=\"og:site_name\" content=\"Blog de aquimicasa.net\" \/>\n<meta property=\"article:publisher\" content=\"https:\/\/www.facebook.com\/aquimicasa.net\" \/>\n<meta property=\"article:published_time\" content=\"2021-03-14T09:28:40+00:00\" \/>\n<meta property=\"og:image\" content=\"https:\/\/www.aquimicasa.net\/blog\/wp-content\/uploads\/Logo-aquimicasa.png\" \/>\n\t<meta property=\"og:image:width\" content=\"300\" \/>\n\t<meta property=\"og:image:height\" content=\"300\" \/>\n\t<meta property=\"og:image:type\" content=\"image\/png\" \/>\n<meta name=\"author\" content=\"Eduardo Lizarraga\" \/>\n<meta name=\"twitter:label1\" content=\"Escrito por\" \/>\n\t<meta name=\"twitter:data1\" content=\"Eduardo Lizarraga\" \/>\n\t<meta name=\"twitter:label2\" content=\"Tiempo de lectura\" \/>\n\t<meta name=\"twitter:data2\" content=\"15 minutos\" \/>\n<script type=\"application\/ld+json\" class=\"yoast-schema-graph\">{\"@context\":\"https:\\\/\\\/schema.org\",\"@graph\":[{\"@type\":\"Article\",\"@id\":\"https:\\\/\\\/www.aquimicasa.net\\\/blog\\\/boletines\\\/newsletter-296agazapados-tras-los-ertes-esperan-miles-de-desahucios\\\/#article\",\"isPartOf\":{\"@id\":\"https:\\\/\\\/www.aquimicasa.net\\\/blog\\\/boletines\\\/newsletter-296agazapados-tras-los-ertes-esperan-miles-de-desahucios\\\/\"},\"author\":{\"name\":\"Eduardo Lizarraga\",\"@id\":\"https:\\\/\\\/www.aquimicasa.net\\\/blog\\\/#\\\/schema\\\/person\\\/2cdfa2605534583395c8d7ce1d6cac14\"},\"headline\":\"Newsletter 296&#8243;Agazapados tras los ERTES esperan miles de desahucios\u00bb\",\"datePublished\":\"2021-03-14T09:28:40+00:00\",\"mainEntityOfPage\":{\"@id\":\"https:\\\/\\\/www.aquimicasa.net\\\/blog\\\/boletines\\\/newsletter-296agazapados-tras-los-ertes-esperan-miles-de-desahucios\\\/\"},\"wordCount\":3106,\"commentCount\":0,\"publisher\":{\"@id\":\"https:\\\/\\\/www.aquimicasa.net\\\/blog\\\/#organization\"},\"image\":{\"@id\":\"https:\\\/\\\/www.aquimicasa.net\\\/blog\\\/boletines\\\/newsletter-296agazapados-tras-los-ertes-esperan-miles-de-desahucios\\\/#primaryimage\"},\"thumbnailUrl\":\"https:\\\/\\\/www.aquimicasa.net\\\/blog\\\/wp-content\\\/uploads\\\/Logo-aquimicasa.png\",\"keywords\":[\"Newsletter\"],\"articleSection\":[\"Newsletters\"],\"inLanguage\":\"es\",\"potentialAction\":[{\"@type\":\"CommentAction\",\"name\":\"Comment\",\"target\":[\"https:\\\/\\\/www.aquimicasa.net\\\/blog\\\/boletines\\\/newsletter-296agazapados-tras-los-ertes-esperan-miles-de-desahucios\\\/#respond\"]}]},{\"@type\":\"WebPage\",\"@id\":\"https:\\\/\\\/www.aquimicasa.net\\\/blog\\\/boletines\\\/newsletter-296agazapados-tras-los-ertes-esperan-miles-de-desahucios\\\/\",\"url\":\"https:\\\/\\\/www.aquimicasa.net\\\/blog\\\/boletines\\\/newsletter-296agazapados-tras-los-ertes-esperan-miles-de-desahucios\\\/\",\"name\":\"Newsletter 296\\\"Agazapados tras los ERTES esperan miles de desahucios\\\"\",\"isPartOf\":{\"@id\":\"https:\\\/\\\/www.aquimicasa.net\\\/blog\\\/#website\"},\"primaryImageOfPage\":{\"@id\":\"https:\\\/\\\/www.aquimicasa.net\\\/blog\\\/boletines\\\/newsletter-296agazapados-tras-los-ertes-esperan-miles-de-desahucios\\\/#primaryimage\"},\"image\":{\"@id\":\"https:\\\/\\\/www.aquimicasa.net\\\/blog\\\/boletines\\\/newsletter-296agazapados-tras-los-ertes-esperan-miles-de-desahucios\\\/#primaryimage\"},\"thumbnailUrl\":\"https:\\\/\\\/www.aquimicasa.net\\\/blog\\\/wp-content\\\/uploads\\\/Logo-aquimicasa.png\",\"datePublished\":\"2021-03-14T09:28:40+00:00\",\"description\":\"Newsletter 296\\\"Agazapados tras los ERTES esperan miles de desahucios\\\" Promoci\u00f3n de villas en venta en Cala Finestrat...\",\"breadcrumb\":{\"@id\":\"https:\\\/\\\/www.aquimicasa.net\\\/blog\\\/boletines\\\/newsletter-296agazapados-tras-los-ertes-esperan-miles-de-desahucios\\\/#breadcrumb\"},\"inLanguage\":\"es\",\"potentialAction\":[{\"@type\":\"ReadAction\",\"target\":[\"https:\\\/\\\/www.aquimicasa.net\\\/blog\\\/boletines\\\/newsletter-296agazapados-tras-los-ertes-esperan-miles-de-desahucios\\\/\"]}]},{\"@type\":\"ImageObject\",\"inLanguage\":\"es\",\"@id\":\"https:\\\/\\\/www.aquimicasa.net\\\/blog\\\/boletines\\\/newsletter-296agazapados-tras-los-ertes-esperan-miles-de-desahucios\\\/#primaryimage\",\"url\":\"https:\\\/\\\/www.aquimicasa.net\\\/blog\\\/wp-content\\\/uploads\\\/Logo-aquimicasa.png\",\"contentUrl\":\"https:\\\/\\\/www.aquimicasa.net\\\/blog\\\/wp-content\\\/uploads\\\/Logo-aquimicasa.png\",\"width\":300,\"height\":300},{\"@type\":\"BreadcrumbList\",\"@id\":\"https:\\\/\\\/www.aquimicasa.net\\\/blog\\\/boletines\\\/newsletter-296agazapados-tras-los-ertes-esperan-miles-de-desahucios\\\/#breadcrumb\",\"itemListElement\":[{\"@type\":\"ListItem\",\"position\":1,\"name\":\"Portada\",\"item\":\"https:\\\/\\\/www.aquimicasa.net\\\/blog\\\/\"},{\"@type\":\"ListItem\",\"position\":2,\"name\":\"Newsletter 296&#8243;Agazapados tras los ERTES esperan miles de desahucios\u00bb\"}]},{\"@type\":\"WebSite\",\"@id\":\"https:\\\/\\\/www.aquimicasa.net\\\/blog\\\/#website\",\"url\":\"https:\\\/\\\/www.aquimicasa.net\\\/blog\\\/\",\"name\":\"Blog de aquimicasa.net\",\"description\":\"Noticias del Mundo Inmobiliario\",\"publisher\":{\"@id\":\"https:\\\/\\\/www.aquimicasa.net\\\/blog\\\/#organization\"},\"potentialAction\":[{\"@type\":\"SearchAction\",\"target\":{\"@type\":\"EntryPoint\",\"urlTemplate\":\"https:\\\/\\\/www.aquimicasa.net\\\/blog\\\/?s={search_term_string}\"},\"query-input\":{\"@type\":\"PropertyValueSpecification\",\"valueRequired\":true,\"valueName\":\"search_term_string\"}}],\"inLanguage\":\"es\"},{\"@type\":\"Organization\",\"@id\":\"https:\\\/\\\/www.aquimicasa.net\\\/blog\\\/#organization\",\"name\":\"Blog de aquimicasa.net\",\"url\":\"https:\\\/\\\/www.aquimicasa.net\\\/blog\\\/\",\"logo\":{\"@type\":\"ImageObject\",\"inLanguage\":\"es\",\"@id\":\"https:\\\/\\\/www.aquimicasa.net\\\/blog\\\/#\\\/schema\\\/logo\\\/image\\\/\",\"url\":\"https:\\\/\\\/www.aquimicasa.net\\\/blog\\\/wp-content\\\/uploads\\\/Logo-aquimicasa-1-e1528048213782.png\",\"contentUrl\":\"https:\\\/\\\/www.aquimicasa.net\\\/blog\\\/wp-content\\\/uploads\\\/Logo-aquimicasa-1-e1528048213782.png\",\"width\":225,\"height\":225,\"caption\":\"Blog de aquimicasa.net\"},\"image\":{\"@id\":\"https:\\\/\\\/www.aquimicasa.net\\\/blog\\\/#\\\/schema\\\/logo\\\/image\\\/\"},\"sameAs\":[\"https:\\\/\\\/www.facebook.com\\\/aquimicasa.net\",\"https:\\\/\\\/www.instagram.com\\\/\",\"https:\\\/\\\/x.com\\\/EduLizarragaD\",\"https:\\\/\\\/www.linkedin.com\\\/feed\\\/\"]},{\"@type\":\"Person\",\"@id\":\"https:\\\/\\\/www.aquimicasa.net\\\/blog\\\/#\\\/schema\\\/person\\\/2cdfa2605534583395c8d7ce1d6cac14\",\"name\":\"Eduardo Lizarraga\",\"image\":{\"@type\":\"ImageObject\",\"inLanguage\":\"es\",\"@id\":\"https:\\\/\\\/secure.gravatar.com\\\/avatar\\\/bdabe1eeeed97b65a9cb7de2edd624b07995f7e13abc5fead15961f745f908cc?s=96&d=mm&r=g\",\"url\":\"https:\\\/\\\/secure.gravatar.com\\\/avatar\\\/bdabe1eeeed97b65a9cb7de2edd624b07995f7e13abc5fead15961f745f908cc?s=96&d=mm&r=g\",\"contentUrl\":\"https:\\\/\\\/secure.gravatar.com\\\/avatar\\\/bdabe1eeeed97b65a9cb7de2edd624b07995f7e13abc5fead15961f745f908cc?s=96&d=mm&r=g\",\"caption\":\"Eduardo Lizarraga\"},\"description\":\"Periodista Econ\u00f3mico. Ha trabajado en diversos campos de la informaci\u00f3n. Corresponsal en conflictos, analista pol\u00edtico en Congreso y Senado, periodista del medio ambiente, editor, director editorial, director de comunicaci\u00f3n.... En estos momentos se ha especializado en el sector inmobiliario. Pero tambi\u00e9n es navegante y viajero, preocupado por la pobreza, el medio ambiente y por las actuaciones descontroladas del neoliberalismo empresarial y pol\u00edtico en todo el mundo. Los desahucios, la pobreza infantil y la falta de acceso a los suministros b\u00e1sicos son algunos de los grandes dramas de nuestra sociedad y que es preciso solucionar para hacerla m\u00e1s justa. CEO en www.aquimicasa.net\",\"sameAs\":[\"https:\\\/\\\/www.aquimicasa.net\\\/\"],\"url\":\"https:\\\/\\\/www.aquimicasa.net\\\/blog\\\/author\\\/eduardo\\\/\"}]}<\/script>\n<!-- \/ Yoast SEO plugin. -->","yoast_head_json":{"title":"Newsletter 296\"Agazapados tras los ERTES esperan miles de desahucios\"","description":"Newsletter 296\"Agazapados tras los ERTES esperan miles de desahucios\" Promoci\u00f3n de villas en venta en Cala Finestrat...","robots":{"index":"index","follow":"follow","max-snippet":"max-snippet:-1","max-image-preview":"max-image-preview:large","max-video-preview":"max-video-preview:-1"},"canonical":"https:\/\/www.aquimicasa.net\/blog\/boletines\/newsletter-296agazapados-tras-los-ertes-esperan-miles-de-desahucios\/","og_locale":"es_ES","og_type":"article","og_title":"Newsletter 296\"Agazapados tras los ERTES esperan miles de desahucios\"","og_description":"Newsletter 296\"Agazapados tras los ERTES esperan miles de desahucios\" Promoci\u00f3n de villas en venta en Cala Finestrat...","og_url":"https:\/\/www.aquimicasa.net\/blog\/boletines\/newsletter-296agazapados-tras-los-ertes-esperan-miles-de-desahucios\/","og_site_name":"Blog de aquimicasa.net","article_publisher":"https:\/\/www.facebook.com\/aquimicasa.net","article_published_time":"2021-03-14T09:28:40+00:00","og_image":[{"width":300,"height":300,"url":"https:\/\/www.aquimicasa.net\/blog\/wp-content\/uploads\/Logo-aquimicasa.png","type":"image\/png"}],"author":"Eduardo Lizarraga","twitter_misc":{"Escrito por":"Eduardo Lizarraga","Tiempo de lectura":"15 minutos"},"schema":{"@context":"https:\/\/schema.org","@graph":[{"@type":"Article","@id":"https:\/\/www.aquimicasa.net\/blog\/boletines\/newsletter-296agazapados-tras-los-ertes-esperan-miles-de-desahucios\/#article","isPartOf":{"@id":"https:\/\/www.aquimicasa.net\/blog\/boletines\/newsletter-296agazapados-tras-los-ertes-esperan-miles-de-desahucios\/"},"author":{"name":"Eduardo Lizarraga","@id":"https:\/\/www.aquimicasa.net\/blog\/#\/schema\/person\/2cdfa2605534583395c8d7ce1d6cac14"},"headline":"Newsletter 296&#8243;Agazapados tras los ERTES esperan miles de desahucios\u00bb","datePublished":"2021-03-14T09:28:40+00:00","mainEntityOfPage":{"@id":"https:\/\/www.aquimicasa.net\/blog\/boletines\/newsletter-296agazapados-tras-los-ertes-esperan-miles-de-desahucios\/"},"wordCount":3106,"commentCount":0,"publisher":{"@id":"https:\/\/www.aquimicasa.net\/blog\/#organization"},"image":{"@id":"https:\/\/www.aquimicasa.net\/blog\/boletines\/newsletter-296agazapados-tras-los-ertes-esperan-miles-de-desahucios\/#primaryimage"},"thumbnailUrl":"https:\/\/www.aquimicasa.net\/blog\/wp-content\/uploads\/Logo-aquimicasa.png","keywords":["Newsletter"],"articleSection":["Newsletters"],"inLanguage":"es","potentialAction":[{"@type":"CommentAction","name":"Comment","target":["https:\/\/www.aquimicasa.net\/blog\/boletines\/newsletter-296agazapados-tras-los-ertes-esperan-miles-de-desahucios\/#respond"]}]},{"@type":"WebPage","@id":"https:\/\/www.aquimicasa.net\/blog\/boletines\/newsletter-296agazapados-tras-los-ertes-esperan-miles-de-desahucios\/","url":"https:\/\/www.aquimicasa.net\/blog\/boletines\/newsletter-296agazapados-tras-los-ertes-esperan-miles-de-desahucios\/","name":"Newsletter 296\"Agazapados tras los ERTES esperan miles de desahucios\"","isPartOf":{"@id":"https:\/\/www.aquimicasa.net\/blog\/#website"},"primaryImageOfPage":{"@id":"https:\/\/www.aquimicasa.net\/blog\/boletines\/newsletter-296agazapados-tras-los-ertes-esperan-miles-de-desahucios\/#primaryimage"},"image":{"@id":"https:\/\/www.aquimicasa.net\/blog\/boletines\/newsletter-296agazapados-tras-los-ertes-esperan-miles-de-desahucios\/#primaryimage"},"thumbnailUrl":"https:\/\/www.aquimicasa.net\/blog\/wp-content\/uploads\/Logo-aquimicasa.png","datePublished":"2021-03-14T09:28:40+00:00","description":"Newsletter 296\"Agazapados tras los ERTES esperan miles de desahucios\" Promoci\u00f3n de villas en venta en Cala Finestrat...","breadcrumb":{"@id":"https:\/\/www.aquimicasa.net\/blog\/boletines\/newsletter-296agazapados-tras-los-ertes-esperan-miles-de-desahucios\/#breadcrumb"},"inLanguage":"es","potentialAction":[{"@type":"ReadAction","target":["https:\/\/www.aquimicasa.net\/blog\/boletines\/newsletter-296agazapados-tras-los-ertes-esperan-miles-de-desahucios\/"]}]},{"@type":"ImageObject","inLanguage":"es","@id":"https:\/\/www.aquimicasa.net\/blog\/boletines\/newsletter-296agazapados-tras-los-ertes-esperan-miles-de-desahucios\/#primaryimage","url":"https:\/\/www.aquimicasa.net\/blog\/wp-content\/uploads\/Logo-aquimicasa.png","contentUrl":"https:\/\/www.aquimicasa.net\/blog\/wp-content\/uploads\/Logo-aquimicasa.png","width":300,"height":300},{"@type":"BreadcrumbList","@id":"https:\/\/www.aquimicasa.net\/blog\/boletines\/newsletter-296agazapados-tras-los-ertes-esperan-miles-de-desahucios\/#breadcrumb","itemListElement":[{"@type":"ListItem","position":1,"name":"Portada","item":"https:\/\/www.aquimicasa.net\/blog\/"},{"@type":"ListItem","position":2,"name":"Newsletter 296&#8243;Agazapados tras los ERTES esperan miles de desahucios\u00bb"}]},{"@type":"WebSite","@id":"https:\/\/www.aquimicasa.net\/blog\/#website","url":"https:\/\/www.aquimicasa.net\/blog\/","name":"Blog de aquimicasa.net","description":"Noticias del Mundo Inmobiliario","publisher":{"@id":"https:\/\/www.aquimicasa.net\/blog\/#organization"},"potentialAction":[{"@type":"SearchAction","target":{"@type":"EntryPoint","urlTemplate":"https:\/\/www.aquimicasa.net\/blog\/?s={search_term_string}"},"query-input":{"@type":"PropertyValueSpecification","valueRequired":true,"valueName":"search_term_string"}}],"inLanguage":"es"},{"@type":"Organization","@id":"https:\/\/www.aquimicasa.net\/blog\/#organization","name":"Blog de aquimicasa.net","url":"https:\/\/www.aquimicasa.net\/blog\/","logo":{"@type":"ImageObject","inLanguage":"es","@id":"https:\/\/www.aquimicasa.net\/blog\/#\/schema\/logo\/image\/","url":"https:\/\/www.aquimicasa.net\/blog\/wp-content\/uploads\/Logo-aquimicasa-1-e1528048213782.png","contentUrl":"https:\/\/www.aquimicasa.net\/blog\/wp-content\/uploads\/Logo-aquimicasa-1-e1528048213782.png","width":225,"height":225,"caption":"Blog de aquimicasa.net"},"image":{"@id":"https:\/\/www.aquimicasa.net\/blog\/#\/schema\/logo\/image\/"},"sameAs":["https:\/\/www.facebook.com\/aquimicasa.net","https:\/\/www.instagram.com\/","https:\/\/x.com\/EduLizarragaD","https:\/\/www.linkedin.com\/feed\/"]},{"@type":"Person","@id":"https:\/\/www.aquimicasa.net\/blog\/#\/schema\/person\/2cdfa2605534583395c8d7ce1d6cac14","name":"Eduardo Lizarraga","image":{"@type":"ImageObject","inLanguage":"es","@id":"https:\/\/secure.gravatar.com\/avatar\/bdabe1eeeed97b65a9cb7de2edd624b07995f7e13abc5fead15961f745f908cc?s=96&d=mm&r=g","url":"https:\/\/secure.gravatar.com\/avatar\/bdabe1eeeed97b65a9cb7de2edd624b07995f7e13abc5fead15961f745f908cc?s=96&d=mm&r=g","contentUrl":"https:\/\/secure.gravatar.com\/avatar\/bdabe1eeeed97b65a9cb7de2edd624b07995f7e13abc5fead15961f745f908cc?s=96&d=mm&r=g","caption":"Eduardo Lizarraga"},"description":"Periodista Econ\u00f3mico. Ha trabajado en diversos campos de la informaci\u00f3n. Corresponsal en conflictos, analista pol\u00edtico en Congreso y Senado, periodista del medio ambiente, editor, director editorial, director de comunicaci\u00f3n.... En estos momentos se ha especializado en el sector inmobiliario. Pero tambi\u00e9n es navegante y viajero, preocupado por la pobreza, el medio ambiente y por las actuaciones descontroladas del neoliberalismo empresarial y pol\u00edtico en todo el mundo. Los desahucios, la pobreza infantil y la falta de acceso a los suministros b\u00e1sicos son algunos de los grandes dramas de nuestra sociedad y que es preciso solucionar para hacerla m\u00e1s justa. CEO en www.aquimicasa.net","sameAs":["https:\/\/www.aquimicasa.net\/"],"url":"https:\/\/www.aquimicasa.net\/blog\/author\/eduardo\/"}]}},"jetpack_publicize_connections":[],"jetpack_featured_media_url":"https:\/\/www.aquimicasa.net\/blog\/wp-content\/uploads\/Logo-aquimicasa.png","jetpack_sharing_enabled":true,"jetpack_likes_enabled":true,"_links":{"self":[{"href":"https:\/\/www.aquimicasa.net\/blog\/wp-json\/wp\/v2\/posts\/36309","targetHints":{"allow":["GET"]}}],"collection":[{"href":"https:\/\/www.aquimicasa.net\/blog\/wp-json\/wp\/v2\/posts"}],"about":[{"href":"https:\/\/www.aquimicasa.net\/blog\/wp-json\/wp\/v2\/types\/post"}],"author":[{"embeddable":true,"href":"https:\/\/www.aquimicasa.net\/blog\/wp-json\/wp\/v2\/users\/3"}],"replies":[{"embeddable":true,"href":"https:\/\/www.aquimicasa.net\/blog\/wp-json\/wp\/v2\/comments?post=36309"}],"version-history":[{"count":1,"href":"https:\/\/www.aquimicasa.net\/blog\/wp-json\/wp\/v2\/posts\/36309\/revisions"}],"predecessor-version":[{"id":36310,"href":"https:\/\/www.aquimicasa.net\/blog\/wp-json\/wp\/v2\/posts\/36309\/revisions\/36310"}],"wp:featuredmedia":[{"embeddable":true,"href":"https:\/\/www.aquimicasa.net\/blog\/wp-json\/wp\/v2\/media\/17772"}],"wp:attachment":[{"href":"https:\/\/www.aquimicasa.net\/blog\/wp-json\/wp\/v2\/media?parent=36309"}],"wp:term":[{"taxonomy":"category","embeddable":true,"href":"https:\/\/www.aquimicasa.net\/blog\/wp-json\/wp\/v2\/categories?post=36309"},{"taxonomy":"post_tag","embeddable":true,"href":"https:\/\/www.aquimicasa.net\/blog\/wp-json\/wp\/v2\/tags?post=36309"}],"curies":[{"name":"wp","href":"https:\/\/api.w.org\/{rel}","templated":true}]}}