{"id":36486,"date":"2021-03-21T11:40:20","date_gmt":"2021-03-21T10:40:20","guid":{"rendered":"https:\/\/www.aquimicasa.net\/blog\/?p=36486"},"modified":"2021-05-03T23:34:10","modified_gmt":"2021-05-03T21:34:10","slug":"pisos-y-chalets-en-venta-o-alquiler-para-vivir-en-la-sagra","status":"publish","type":"post","link":"https:\/\/www.aquimicasa.net\/blog\/vivienda\/compraventa-de-viviendas\/pisos-y-chalets-en-venta-o-alquiler-para-vivir-en-la-sagra\/","title":{"rendered":"Pisos y chalets en venta o alquiler para vivir en La Sagra"},"content":{"rendered":"<p><div class=\"fusion-fullwidth fullwidth-box fusion-builder-row-1 nonhundred-percent-fullwidth non-hundred-percent-height-scrolling\" style=\"background-color: rgba(255,255,255,0);background-position: center center;background-repeat: no-repeat;padding-top:0px;padding-right:0px;padding-bottom:0px;padding-left:0px;margin-bottom: 0px;margin-top: 0px;border-width: 0px 0px 0px 0px;border-color:#eae9e9;border-style:solid;\" ><div class=\"fusion-builder-row fusion-row\"><div class=\"fusion-layout-column fusion_builder_column fusion-builder-column-0 fusion_builder_column_1_1 1_1 fusion-one-full fusion-column-first fusion-column-last\" style=\"margin-top:0px;margin-bottom:20px;\"><div class=\"fusion-column-wrapper fusion-flex-column-wrapper-legacy\" style=\"background-position:left top;background-repeat:no-repeat;-webkit-background-size:cover;-moz-background-size:cover;-o-background-size:cover;background-size:cover;padding: 0px 0px 0px 0px;\"><style type=\"text\/css\"><\/style><div class=\"fusion-title title fusion-title-1 fusion-sep-none fusion-title-text fusion-title-size-two\" style=\"font-size:28px;margin-top:0px;margin-right:0px;margin-bottom:31px;margin-left:0px;\"><h2 class=\"title-heading-left\" style=\"margin:0;font-size:1em;\">Para encontrar las mejores propuestas inmobiliarias en la Comarca de La Sagra<\/h2><\/div><div class=\"fusion-text fusion-text-1\"><p>Saliendo por la Puerta Bisagra de la imperial Toledo y tomando el antiguo camino romano que se dirige hacia el norte, llegamos a la\u00a0<strong>Comarca de La Sagra<\/strong>, un territorio cerealista, a caballo entre Madrid y Toledo, enmarcado por los r\u00edos Tajo y Guadarrama. La comarca se ha caracterizado desde siempre por la riqueza de sus f\u00e9rtiles tierras, regadas por el Guadarrama y el Tajo, junto a innumerables arroyos y por estar poblado desde la antig\u00fcedad. Los romanos se encontraron con pueblos carpetanos, de procedencia celta e ib\u00e9rica, junto a vacceos y vetones que se extend\u00edan hacia la sierra de Gredos. Consiguieron dominarlos tras varias campa\u00f1as y conquistar su capital Toletum.<\/p>\n<\/div><div class=\"fusion-clearfix\"><\/div><\/div><\/div><\/div><\/div><div class=\"fusion-fullwidth fullwidth-box fusion-builder-row-2 nonhundred-percent-fullwidth non-hundred-percent-height-scrolling\" style=\"background-color: rgba(255,255,255,0);background-position: center center;background-repeat: no-repeat;padding-top:0px;padding-right:0px;padding-bottom:0px;padding-left:0px;margin-bottom: 0px;margin-top: 0px;border-width: 0px 0px 0px 0px;border-color:#eae9e9;border-style:solid;\" ><div class=\"fusion-builder-row fusion-row\"><div class=\"fusion-layout-column fusion_builder_column fusion-builder-column-1 fusion_builder_column_1_4 1_4 fusion-one-fourth fusion-column-first\" style=\"width:25%;width:calc(25% - ( ( 4% + 4% + 4% ) * 0.25 ) );margin-right: 4%;margin-top:0px;margin-bottom:20px;\"><div class=\"fusion-column-wrapper fusion-flex-column-wrapper-legacy\" style=\"background-position:left top;background-repeat:no-repeat;-webkit-background-size:cover;-moz-background-size:cover;-o-background-size:cover;background-size:cover;padding: 10% 0px 10% 0px;\"><div class=\"fusion-fa-align-center\"><i class=\"fb-icon-element-1 fb-icon-element fontawesome-icon fa-building fas circle-yes\" style=\"font-size:44px;line-height:86px;height:88px;width:88px;border-width:1px;\"><\/i><\/div><style>i.fb-icon-element.fontawesome-icon.fb-icon-element-1{ color: rgba(0,0,0,0.8); background-color: #ffffff; border-color: rgba(101,188,123,0.8);}i.fb-icon-element.fontawesome-icon.fb-icon-element-1:hover { color: rgba(0,0,0,0.8); background-color: #ffffff; border-color: rgba(101,188,123,0.8);}<\/style><div class=\"fusion-sep-clear\"><\/div><div class=\"fusion-separator fusion-full-width-sep\" style=\"margin-left: auto;margin-right: auto;margin-top:5%;margin-bottom:5%;width:100%;\"><\/div><div class=\"fusion-sep-clear\"><\/div><div class=\"fusion-aligncenter\"><style type=\"text\/css\">.fusion-button.button-1 .fusion-button-text, .fusion-button.button-1 i {color:rgba(101,188,123,0.8);}.fusion-button.button-1 .fusion-button-icon-divider{border-color:rgba(101,188,123,0.8);}.fusion-button.button-1:hover .fusion-button-text, .fusion-button.button-1:hover i,.fusion-button.button-1:focus .fusion-button-text, .fusion-button.button-1:focus i,.fusion-button.button-1:active .fusion-button-text, .fusion-button.button-1:active{color:#ffffff;}.fusion-button.button-1:hover .fusion-button-icon-divider, .fusion-button.button-1:hover .fusion-button-icon-divider, .fusion-button.button-1:active .fusion-button-icon-divider{border-color:#ffffff;}.fusion-button.button-1:hover, .fusion-button.button-1:focus, .fusion-button.button-1:active{border-color:#ffffff;border-width:0px;}.fusion-button.button-1 {border-color:rgba(101,188,123,0.8);border-width:0px;border-radius:0px;}.fusion-button.button-1{background: #f6f6f6;}.fusion-button.button-1:hover,.button-1:focus,.fusion-button.button-1:active{background: rgba(101,188,123,0.8);}<\/style><a class=\"fusion-button button-flat button-xlarge button-custom button-1 fusion-button-default-span fusion-button-default-type\" target=\"_blank\" rel=\"noopener noreferrer\" href=\"https:\/\/www.aquimicasa.net\/profesionales\/477\/acacia-wellness\/t\/pisos\/\"><span class=\"fusion-button-text\">pisos<\/span><\/a><\/div><div class=\"fusion-clearfix\"><\/div><\/div><\/div><div class=\"fusion-layout-column fusion_builder_column fusion-builder-column-2 fusion_builder_column_1_4 1_4 fusion-one-fourth\" style=\"width:25%;width:calc(25% - ( ( 4% + 4% + 4% ) * 0.25 ) );margin-right: 4%;margin-top:0px;margin-bottom:20px;\"><div class=\"fusion-column-wrapper fusion-flex-column-wrapper-legacy\" style=\"background-position:left top;background-repeat:no-repeat;-webkit-background-size:cover;-moz-background-size:cover;-o-background-size:cover;background-size:cover;padding: 10% 0px 10% 0px;\"><div class=\"fusion-fa-align-center\"><i class=\"fb-icon-element-2 fb-icon-element fontawesome-icon fa-home fas circle-yes\" style=\"font-size:44px;line-height:86px;height:88px;width:88px;border-width:1px;\"><\/i><\/div><style>i.fb-icon-element.fontawesome-icon.fb-icon-element-2{ color: #000000; background-color: #ffffff; border-color: rgba(101,188,123,0.8);}i.fb-icon-element.fontawesome-icon.fb-icon-element-2:hover { color: #000000; background-color: #ffffff; border-color: rgba(101,188,123,0.8);}<\/style><div class=\"fusion-sep-clear\"><\/div><div class=\"fusion-separator fusion-full-width-sep\" style=\"margin-left: auto;margin-right: auto;margin-top:5%;margin-bottom:5%;width:100%;\"><\/div><div class=\"fusion-sep-clear\"><\/div><div class=\"fusion-aligncenter\"><style type=\"text\/css\">.fusion-button.button-2 .fusion-button-text, .fusion-button.button-2 i {color:rgba(101,188,123,0.8);}.fusion-button.button-2 .fusion-button-icon-divider{border-color:rgba(101,188,123,0.8);}.fusion-button.button-2:hover .fusion-button-text, .fusion-button.button-2:hover i,.fusion-button.button-2:focus .fusion-button-text, .fusion-button.button-2:focus i,.fusion-button.button-2:active .fusion-button-text, .fusion-button.button-2:active{color:#ffffff;}.fusion-button.button-2:hover .fusion-button-icon-divider, .fusion-button.button-2:hover .fusion-button-icon-divider, .fusion-button.button-2:active .fusion-button-icon-divider{border-color:#ffffff;}.fusion-button.button-2:hover, .fusion-button.button-2:focus, .fusion-button.button-2:active{border-color:#ffffff;border-width:0px;}.fusion-button.button-2 {border-color:rgba(101,188,123,0.8);border-width:0px;border-radius:0px;}.fusion-button.button-2{background: #f6f6f6;}.fusion-button.button-2:hover,.button-2:focus,.fusion-button.button-2:active{background: rgba(101,188,123,0.8);}.fusion-button.button-2 .fusion-button-text {text-transform:uppercase;}<\/style><a class=\"fusion-button button-flat button-xlarge button-custom button-2 fusion-button-default-span \" target=\"_blank\" rel=\"noopener noreferrer\" href=\"https:\/\/www.aquimicasa.net\/profesionales\/477\/acacia-wellness\/t\/casas-chalets-adosados\/\"><span class=\"fusion-button-text\">casas y chalets<\/span><\/a><\/div><div class=\"fusion-clearfix\"><\/div><\/div><\/div><div class=\"fusion-layout-column fusion_builder_column fusion-builder-column-3 fusion_builder_column_1_4 1_4 fusion-one-fourth\" style=\"width:25%;width:calc(25% - ( ( 4% + 4% + 4% ) * 0.25 ) );margin-right: 4%;margin-top:0px;margin-bottom:20px;\"><div class=\"fusion-column-wrapper fusion-flex-column-wrapper-legacy\" style=\"background-position:left top;background-repeat:no-repeat;-webkit-background-size:cover;-moz-background-size:cover;-o-background-size:cover;background-size:cover;padding: 10% 0px 10% 0px;\"><div class=\"fusion-fa-align-center\"><i class=\"fb-icon-element-3 fb-icon-element fontawesome-icon fa-city fas circle-yes\" style=\"font-size:44px;line-height:86px;height:88px;width:88px;border-width:1px;\"><\/i><\/div><style>i.fb-icon-element.fontawesome-icon.fb-icon-element-3{ color: #000000; background-color: #ffffff; border-color: rgba(101,188,123,0.8);}i.fb-icon-element.fontawesome-icon.fb-icon-element-3:hover { color: #000000; background-color: #ffffff; border-color: rgba(101,188,123,0.8);}<\/style><div class=\"fusion-sep-clear\"><\/div><div class=\"fusion-separator fusion-full-width-sep\" style=\"margin-left: auto;margin-right: auto;margin-top:5%;margin-bottom:5%;width:100%;\"><\/div><div class=\"fusion-sep-clear\"><\/div><div class=\"fusion-aligncenter\"><style type=\"text\/css\">.fusion-button.button-3 .fusion-button-text, .fusion-button.button-3 i {color:rgba(101,188,123,0.8);}.fusion-button.button-3 .fusion-button-icon-divider{border-color:rgba(101,188,123,0.8);}.fusion-button.button-3:hover .fusion-button-text, .fusion-button.button-3:hover i,.fusion-button.button-3:focus .fusion-button-text, .fusion-button.button-3:focus i,.fusion-button.button-3:active .fusion-button-text, .fusion-button.button-3:active{color:#ffffff;}.fusion-button.button-3:hover .fusion-button-icon-divider, .fusion-button.button-3:hover .fusion-button-icon-divider, .fusion-button.button-3:active .fusion-button-icon-divider{border-color:#ffffff;}.fusion-button.button-3:hover, .fusion-button.button-3:focus, .fusion-button.button-3:active{border-color:#ffffff;border-width:0px;}.fusion-button.button-3 {border-color:rgba(101,188,123,0.8);border-width:0px;border-radius:0px;}.fusion-button.button-3{background: #f6f6f6;}.fusion-button.button-3:hover,.button-3:focus,.fusion-button.button-3:active{background: rgba(101,188,123,0.8);}<\/style><a class=\"fusion-button button-flat button-xlarge button-custom button-3 fusion-button-default-span fusion-button-default-type\" target=\"_blank\" rel=\"noopener noreferrer\" href=\"https:\/\/www.aquimicasa.net\/profesionales\/477\/acacia-wellness\/t\/aticos\/\"><span class=\"fusion-button-text\">\u00e1ticos<\/span><\/a><\/div><div class=\"fusion-clearfix\"><\/div><\/div><\/div><div class=\"fusion-layout-column fusion_builder_column fusion-builder-column-4 fusion_builder_column_1_4 1_4 fusion-one-fourth fusion-column-last\" style=\"width:25%;width:calc(25% - ( ( 4% + 4% + 4% ) * 0.25 ) );margin-top:0px;margin-bottom:20px;\"><div class=\"fusion-column-wrapper fusion-flex-column-wrapper-legacy\" style=\"background-position:left top;background-repeat:no-repeat;-webkit-background-size:cover;-moz-background-size:cover;-o-background-size:cover;background-size:cover;padding: 10% 0px 10% 0px;\"><div class=\"fusion-fa-align-center\"><i class=\"fb-icon-element-4 fb-icon-element fontawesome-icon fa-laptop-house fas circle-yes\" style=\"font-size:44px;line-height:86px;height:88px;width:88px;border-width:1px;\"><\/i><\/div><style>i.fb-icon-element.fontawesome-icon.fb-icon-element-4{ color: #000000; background-color: #ffffff; border-color: rgba(101,188,123,0.8);}i.fb-icon-element.fontawesome-icon.fb-icon-element-4:hover { color: #000000; background-color: #ffffff; border-color: rgba(101,188,123,0.8);}<\/style><div class=\"fusion-sep-clear\"><\/div><div class=\"fusion-separator fusion-full-width-sep\" style=\"margin-left: auto;margin-right: auto;margin-top:5%;margin-bottom:5%;width:100%;\"><\/div><div class=\"fusion-sep-clear\"><\/div><div class=\"fusion-aligncenter\"><style type=\"text\/css\">.fusion-button.button-4 .fusion-button-text, .fusion-button.button-4 i {color:rgba(101,188,123,0.8);}.fusion-button.button-4 .fusion-button-icon-divider{border-color:rgba(101,188,123,0.8);}.fusion-button.button-4:hover .fusion-button-text, .fusion-button.button-4:hover i,.fusion-button.button-4:focus .fusion-button-text, .fusion-button.button-4:focus i,.fusion-button.button-4:active .fusion-button-text, .fusion-button.button-4:active{color:#ffffff;}.fusion-button.button-4:hover .fusion-button-icon-divider, .fusion-button.button-4:hover .fusion-button-icon-divider, .fusion-button.button-4:active .fusion-button-icon-divider{border-color:#ffffff;}.fusion-button.button-4:hover, .fusion-button.button-4:focus, .fusion-button.button-4:active{border-color:#ffffff;border-width:0px;}.fusion-button.button-4 {border-color:rgba(101,188,123,0.8);border-width:0px;border-radius:0px;}.fusion-button.button-4{background: #f6f6f6;}.fusion-button.button-4:hover,.button-4:focus,.fusion-button.button-4:active{background: rgba(101,188,123,0.8);}<\/style><a class=\"fusion-button button-flat button-xlarge button-custom button-4 fusion-button-default-span fusion-button-default-type\" target=\"_blank\" rel=\"noopener noreferrer\" href=\"https:\/\/www.aquimicasa.net\/profesionales\/477\/acacia-wellness\/t\/oficinas\/\"><span class=\"fusion-button-text\">oficinas<\/span><\/a><\/div><div class=\"fusion-clearfix\"><\/div><\/div><\/div><div class=\"fusion-layout-column fusion_builder_column fusion-builder-column-5 fusion_builder_column_1_3 1_3 fusion-one-third fusion-column-first\" style=\"width:33.333333333333%;width:calc(33.333333333333% - ( ( 4% + 4% ) * 0.33333333333333 ) );margin-right: 4%;margin-top:0px;margin-bottom:20px;\"><div class=\"fusion-column-wrapper fusion-flex-column-wrapper-legacy\" style=\"background-position:left top;background-repeat:no-repeat;-webkit-background-size:cover;-moz-background-size:cover;-o-background-size:cover;background-size:cover;padding: 10% 0px 10% 0px;\"><div class=\"fusion-fa-align-center\"><i class=\"fb-icon-element-5 fb-icon-element fontawesome-icon fa-store-alt fas circle-yes\" style=\"font-size:44px;line-height:86px;height:88px;width:88px;border-width:1px;\"><\/i><\/div><style>i.fb-icon-element.fontawesome-icon.fb-icon-element-5{ color: #000000; background-color: #ffffff; border-color: rgba(101,188,123,0.8);}i.fb-icon-element.fontawesome-icon.fb-icon-element-5:hover { color: #000000; background-color: #ffffff; border-color: rgba(101,188,123,0.8);}<\/style><div class=\"fusion-sep-clear\"><\/div><div class=\"fusion-separator fusion-full-width-sep\" style=\"margin-left: auto;margin-right: auto;margin-top:5%;margin-bottom:5%;width:100%;\"><\/div><div class=\"fusion-sep-clear\"><\/div><div class=\"fusion-aligncenter\"><style type=\"text\/css\">.fusion-button.button-5 .fusion-button-text, .fusion-button.button-5 i {color:rgba(101,188,123,0.8);}.fusion-button.button-5 .fusion-button-icon-divider{border-color:rgba(101,188,123,0.8);}.fusion-button.button-5:hover .fusion-button-text, .fusion-button.button-5:hover i,.fusion-button.button-5:focus .fusion-button-text, .fusion-button.button-5:focus i,.fusion-button.button-5:active .fusion-button-text, .fusion-button.button-5:active{color:#ffffff;}.fusion-button.button-5:hover .fusion-button-icon-divider, .fusion-button.button-5:hover .fusion-button-icon-divider, .fusion-button.button-5:active .fusion-button-icon-divider{border-color:#ffffff;}.fusion-button.button-5:hover, .fusion-button.button-5:focus, .fusion-button.button-5:active{border-color:#ffffff;border-width:0px;}.fusion-button.button-5 {border-color:rgba(101,188,123,0.8);border-width:0px;border-radius:0px;}.fusion-button.button-5{background: #f6f6f6;}.fusion-button.button-5:hover,.button-5:focus,.fusion-button.button-5:active{background: rgba(101,188,123,0.8);}<\/style><a class=\"fusion-button button-flat button-xlarge button-custom button-5 fusion-button-default-span fusion-button-default-type\" target=\"_blank\" rel=\"noopener noreferrer\" href=\"https:\/\/www.aquimicasa.net\/profesionales\/477\/acacia-wellness\/t\/locales-comerciales\/\"><span class=\"fusion-button-text\">locales comerciales<\/span><\/a><\/div><div class=\"fusion-clearfix\"><\/div><\/div><\/div><div class=\"fusion-layout-column fusion_builder_column fusion-builder-column-6 fusion_builder_column_1_3 1_3 fusion-one-third\" style=\"width:33.333333333333%;width:calc(33.333333333333% - ( ( 4% + 4% ) * 0.33333333333333 ) );margin-right: 4%;margin-top:0px;margin-bottom:20px;\"><div class=\"fusion-column-wrapper fusion-flex-column-wrapper-legacy\" style=\"background-position:left top;background-repeat:no-repeat;-webkit-background-size:cover;-moz-background-size:cover;-o-background-size:cover;background-size:cover;padding: 10% 0px 10% 0px;\"><div class=\"fusion-fa-align-center\"><i class=\"fb-icon-element-6 fb-icon-element fontawesome-icon fa-tree fas circle-yes\" style=\"font-size:44px;line-height:86px;height:88px;width:88px;border-width:1px;\"><\/i><\/div><style>i.fb-icon-element.fontawesome-icon.fb-icon-element-6{ color: #000000; background-color: #ffffff; border-color: rgba(101,188,123,0.8);}i.fb-icon-element.fontawesome-icon.fb-icon-element-6:hover { color: #000000; background-color: #ffffff; border-color: rgba(101,188,123,0.8);}<\/style><div class=\"fusion-sep-clear\"><\/div><div class=\"fusion-separator fusion-full-width-sep\" style=\"margin-left: auto;margin-right: auto;margin-top:5%;margin-bottom:5%;width:100%;\"><\/div><div class=\"fusion-sep-clear\"><\/div><div class=\"fusion-aligncenter\"><style type=\"text\/css\">.fusion-button.button-6 .fusion-button-text, .fusion-button.button-6 i {color:rgba(101,188,123,0.8);}.fusion-button.button-6 .fusion-button-icon-divider{border-color:rgba(101,188,123,0.8);}.fusion-button.button-6:hover .fusion-button-text, .fusion-button.button-6:hover i,.fusion-button.button-6:focus .fusion-button-text, .fusion-button.button-6:focus i,.fusion-button.button-6:active .fusion-button-text, .fusion-button.button-6:active{color:#ffffff;}.fusion-button.button-6:hover .fusion-button-icon-divider, .fusion-button.button-6:hover .fusion-button-icon-divider, .fusion-button.button-6:active .fusion-button-icon-divider{border-color:#ffffff;}.fusion-button.button-6:hover, .fusion-button.button-6:focus, .fusion-button.button-6:active{border-color:#ffffff;border-width:0px;}.fusion-button.button-6 {border-color:rgba(101,188,123,0.8);border-width:0px;border-radius:0px;}.fusion-button.button-6{background: #f6f6f6;}.fusion-button.button-6:hover,.button-6:focus,.fusion-button.button-6:active{background: rgba(101,188,123,0.8);}<\/style><a class=\"fusion-button button-flat button-xlarge button-custom button-6 fusion-button-default-span fusion-button-default-type\" target=\"_blank\" rel=\"noopener noreferrer\" href=\"https:\/\/www.aquimicasa.net\/profesionales\/477\/acacia-wellness\/t\/solares-terrenos\/\"><span class=\"fusion-button-text\">terrenos y parcelas<\/span><\/a><\/div><div class=\"fusion-clearfix\"><\/div><\/div><\/div><div class=\"fusion-layout-column fusion_builder_column fusion-builder-column-7 fusion_builder_column_1_3 1_3 fusion-one-third fusion-column-last\" style=\"width:33.333333333333%;width:calc(33.333333333333% - ( ( 4% + 4% ) * 0.33333333333333 ) );margin-top:0px;margin-bottom:20px;\"><div class=\"fusion-column-wrapper fusion-flex-column-wrapper-legacy\" style=\"background-position:left top;background-repeat:no-repeat;-webkit-background-size:cover;-moz-background-size:cover;-o-background-size:cover;background-size:cover;padding: 10% 0px 10% 0px;\"><div class=\"fusion-fa-align-center\"><i class=\"fb-icon-element-7 fb-icon-element fontawesome-icon fa-industry fas circle-yes\" style=\"font-size:44px;line-height:86px;height:88px;width:88px;border-width:1px;\"><\/i><\/div><style>i.fb-icon-element.fontawesome-icon.fb-icon-element-7{ color: #000000; background-color: #ffffff; border-color: rgba(101,188,123,0.8);}i.fb-icon-element.fontawesome-icon.fb-icon-element-7:hover { color: #000000; background-color: #ffffff; border-color: rgba(101,188,123,0.8);}<\/style><div class=\"fusion-sep-clear\"><\/div><div class=\"fusion-separator fusion-full-width-sep\" style=\"margin-left: auto;margin-right: auto;margin-top:5%;margin-bottom:5%;width:100%;\"><\/div><div class=\"fusion-sep-clear\"><\/div><div class=\"fusion-aligncenter\"><style type=\"text\/css\">.fusion-button.button-7 .fusion-button-text, .fusion-button.button-7 i {color:rgba(101,188,123,0.8);}.fusion-button.button-7 .fusion-button-icon-divider{border-color:rgba(101,188,123,0.8);}.fusion-button.button-7:hover .fusion-button-text, .fusion-button.button-7:hover i,.fusion-button.button-7:focus .fusion-button-text, .fusion-button.button-7:focus i,.fusion-button.button-7:active .fusion-button-text, .fusion-button.button-7:active{color:#ffffff;}.fusion-button.button-7:hover .fusion-button-icon-divider, .fusion-button.button-7:hover .fusion-button-icon-divider, .fusion-button.button-7:active .fusion-button-icon-divider{border-color:#ffffff;}.fusion-button.button-7:hover, .fusion-button.button-7:focus, .fusion-button.button-7:active{border-color:#ffffff;border-width:0px;}.fusion-button.button-7 {border-color:rgba(101,188,123,0.8);border-width:0px;border-radius:0px;}.fusion-button.button-7{background: #f6f6f6;}.fusion-button.button-7:hover,.button-7:focus,.fusion-button.button-7:active{background: rgba(101,188,123,0.8);}<\/style><a class=\"fusion-button button-flat button-xlarge button-custom button-7 fusion-button-default-span fusion-button-default-type\" target=\"_blank\" rel=\"noopener noreferrer\" href=\"https:\/\/www.aquimicasa.net\/profesionales\/477\/acacia-wellness\/t\/naves-industriales\/\"><span class=\"fusion-button-text\">naves industriales<\/span><\/a><\/div><div class=\"fusion-clearfix\"><\/div><\/div><\/div><\/div><\/div><div class=\"fusion-fullwidth fullwidth-box fusion-builder-row-3 nonhundred-percent-fullwidth non-hundred-percent-height-scrolling\" style=\"background-color: rgba(255,255,255,0);background-position: center center;background-repeat: no-repeat;padding-top:0px;padding-right:0px;padding-bottom:0px;padding-left:0px;margin-bottom: 0px;margin-top: 0px;border-width: 0px 0px 0px 0px;border-color:#eae9e9;border-style:solid;\" ><div class=\"fusion-builder-row fusion-row\"><div class=\"fusion-layout-column fusion_builder_column fusion-builder-column-8 fusion_builder_column_1_1 1_1 fusion-one-full fusion-column-first fusion-column-last\" style=\"margin-top:0px;margin-bottom:20px;\"><div class=\"fusion-column-wrapper fusion-flex-column-wrapper-legacy\" style=\"background-position:left top;background-repeat:no-repeat;-webkit-background-size:cover;-moz-background-size:cover;-o-background-size:cover;background-size:cover;padding: 0px 0px 2% 0px;\"><div class=\"fusion-sep-clear\"><\/div><div class=\"fusion-separator fusion-full-width-sep\" style=\"margin-left: auto;margin-right: auto;margin-top:1%;margin-bottom:1%;width:100%;\"><\/div><div class=\"fusion-sep-clear\"><\/div><div class=\"fusion-text fusion-text-2\"><p>La romanizaci\u00f3n extendi\u00f3 la poblaci\u00f3n desde sus castros originales, cercanos a las riberas de los r\u00edos, a toda la comarca sagre\u00f1a que se extiendo por algo m\u00e1s de 1.200 kil\u00f3metros cuadrados. Y la pusieron en producci\u00f3n, sobre todo cereales, pero tambi\u00e9n vid y olivo. De esta importante producci\u00f3n agr\u00edcola le llega el nombre, ya sea \u00e1rabe o romano.<\/p>\n<p>Por encima de las divisiones pol\u00edticas entre Madrid y Toledo, que poco o nada tienen que ver con su historia o toponimia, la\u00a0<strong>Comarca de La Sagra<\/strong>\u00a0que tiene 42 municipios en los que ya casi viven 390.000 personas, se divide entre alta, baja y madrile\u00f1a.<\/p>\n<p><img decoding=\"async\" class=\"alignnone wp-image-36500\" src=\"https:\/\/www.aquimicasa.net\/blog\/wp-content\/uploads\/La-Sagra1.png\" sizes=\"(max-width: 214px) 100vw, 214px\" srcset=\"https:\/\/www.aquimicasa.net\/blog\/wp-content\/uploads\/La-Sagra1-150x113.png 150w, https:\/\/www.aquimicasa.net\/blog\/wp-content\/uploads\/La-Sagra1-200x151.png 200w, https:\/\/www.aquimicasa.net\/blog\/wp-content\/uploads\/La-Sagra1.png 259w\" alt=\"\" width=\"214\" height=\"161\" \/><\/p>\n<p>La Sagra Baja est\u00e1 formada por los municipios de Alameda de la Sagra, A\u00f1over de Tajo, Bargas, Caba\u00f1as de la Sagra, Lominchar, Mag\u00e1n, Mocej\u00f3n, Ol\u00edas del rey, Villaluenga de la Sagra, Yuncler y Yunclillis. \u00a0Todos los municipios pertenecen a la\u00a0Mancomunidad de la Sagra Baja\u00a0a excepci\u00f3n de Bargas, Ol\u00edas y Lominchar.<\/p>\n<p>Por su parte en La Sagra Alta encontramos Borox, Casarrubios del Monte, Carranque, Cedillo del Condado, Chozas de Canales, Cobeja, El Viso de San Juan, Esquivias, Illescas, Las Ventas de Retamosa, Numancia de la Sagra, Palomeque, Pantoja, Sese\u00f1a, Ugena, Valmojado, Yeles y Yuncos.\u00a0 En todos estos pueblos de La Sagra toledana existen\u00a0<strong>pisos y chalets en venta o alquiler para vivir en La Sagra\u00a0<\/strong>con importantes desarrollos previstos en unifamiliares.<\/p>\n<p>La Sagra Madrile\u00f1a es la m\u00e1s poblada, agrupando casi al 70% de la poblaci\u00f3n de la comarca. Y no deja de crecer por su proximidad con Madrid y el efecto llamada de\u00a0<strong>viviendas asequibles<\/strong>\u00a0y buenos medios de comunicaci\u00f3n con la capital. Integrada por Arroyomolinos, Batres, El \u00c1lamo, Casarrubuelos, Ciempozuelos, Cubas de la Sagra, Gri\u00f1on, Moraleja de Enmedio, Serranillos del Valle, Torrej\u00f3n de la Calzada, Torrej\u00f3n de Velasco y Valdemoro. La oferta de\u00a0<strong>pisos y chalets en venta o alquiler para vivir en La Sagra\u00a0<\/strong>es muy competitiva y se recomiendan los servicios de un profesional como\u00a0<strong>Acacia Wellness<\/strong>\u00a0para encontrar la mejor oportunidad.<\/p>\n<p>Adem\u00e1s del tradicional cultivo de cereales, la industria existente en La Sagra se centra en la elaboraci\u00f3n de tejas y ladrillos. Sin olvidar la fabricaci\u00f3n del llamado \u201cmueble castellano\u201d en Yuncos y Yuncler. \u00a0Pero el cambio industrial que se est\u00e1 produciendo en los \u00faltimos a\u00f1os est\u00e1 fijando un gran n\u00famero de empresas en los pol\u00edgonos industriales, m\u00e1s numerosos conforme nos acercamos a Madrid, que existen en la comarca.<\/p>\n<p>Auspiciado por este desarrollo industrial y la implantaci\u00f3n de importantes pol\u00edgonos log\u00edsticos en su zona norte, La Sagra est\u00e1 aumentando su poblaci\u00f3n, tanto en la zona de Toledo como en la de Madrid. Este desarrollo industrial y el imparable avance demogr\u00e1fico generan demandas de suelo e inmuebles espec\u00edficas, necesitadas de mayor fomento y regulaci\u00f3n por parte de la Administraci\u00f3n, tanto la de ClM, como la de Madrid. De este incremento demogr\u00e1fico se genera un aumento de la demanda de\u00a0<strong>pisos y chalets en venta o alquiler para vivir en La Sagra.<\/strong><\/p>\n<p>Municipios como Arroyomolinos, Cubas de la Sagra, Valdemoro, Casarrubuelos\u00a0 o Serranillos del Valle est\u00e1n teniendo un imparable incremento de poblaci\u00f3n. Toda la comarca est\u00e1 inmersa en\u00a0 un gran cambio empresarial, sectorial y territorial con evidentes implicaciones urban\u00edsticas. Por ello la demanda de vivienda y de suelo para construirla es imparable. Encuentra aqu\u00ed las mejores propuestas de\u00a0<strong>Acacia Wellness<\/strong>\u00a0en\u00a0<strong>pisos y chalets en venta o alquiler para vivir en La Sagra.<\/strong><\/p>\n<p><img decoding=\"async\" class=\"\" src=\"https:\/\/www.acaciawellness.es\/sites\/default\/files\/Logo11.png\" alt=\"Inicio\" width=\"374\" height=\"58\" \/><\/p>\n<\/div><div class=\"fusion-clearfix\"><\/div><\/div><\/div><div class=\"fusion-layout-column fusion_builder_column fusion-builder-column-9 fusion_builder_column_1_1 1_1 fusion-one-full fusion-column-first fusion-column-last\" style=\"margin-top:0px;margin-bottom:20px;\"><div class=\"fusion-column-wrapper fusion-flex-column-wrapper-legacy\" style=\"background-position:left top;background-repeat:no-repeat;-webkit-background-size:cover;-moz-background-size:cover;-o-background-size:cover;background-size:cover;padding: 2% 0px 0px 0px;\"><div class=\"fusion-aligncenter\"><style type=\"text\/css\">.fusion-button.button-8 {border-radius:2px;}<\/style><a class=\"fusion-button button-flat button-xlarge button-default button-8 fusion-button-default-span fusion-button-default-type\" target=\"_blank\" rel=\"noopener noreferrer\" href=\"https:\/\/www.aquimicasa.net\/profesionales\/477\/acacia-wellness\/\"><span class=\"fusion-button-text\">Ver m\u00e1s inmuebles de Acacia Wellness<\/span><\/a><\/div><div class=\"fusion-clearfix\"><\/div><\/div><\/div><div class=\"fusion-layout-column fusion_builder_column fusion-builder-column-10 fusion_builder_column_1_1 1_1 fusion-one-full fusion-column-first fusion-column-last\" style=\"margin-top:0px;margin-bottom:20px;\"><div class=\"fusion-column-wrapper fusion-flex-column-wrapper-legacy\" style=\"background-position:left top;background-repeat:no-repeat;-webkit-background-size:cover;-moz-background-size:cover;-o-background-size:cover;background-size:cover;padding: 0px 0px 0px 0px;\"><div class=\"fusion-sep-clear\"><\/div><div class=\"fusion-separator fusion-full-width-sep\" style=\"margin-left: auto;margin-right: auto;margin-bottom:2%;width:100%;\"><\/div><div class=\"fusion-sep-clear\"><\/div><div class=\"fusion-clearfix\"><\/div><\/div><\/div><\/div><\/div><\/p>\n","protected":false},"excerpt":{"rendered":"<p>Saliendo por la Puerta Bisagra de la imperial Toledo y tomando el antiguo camino romano que se dirige hacia el norte, llegamos a la Comarca de La Sagra, un territorio cerealista, a caballo entre Madrid y Toledo, enmarcado por los r\u00edos Tajo y Guadarrama.\u00a0<\/p>\n","protected":false},"author":3,"featured_media":36499,"comment_status":"closed","ping_status":"closed","sticky":false,"template":"","format":"standard","meta":{"_jetpack_memberships_contains_paid_content":false,"footnotes":"","jetpack_publicize_message":"","jetpack_publicize_feature_enabled":true,"jetpack_social_post_already_shared":true,"jetpack_social_options":{"image_generator_settings":{"template":"highway","default_image_id":0,"font":"","enabled":false},"version":2}},"categories":[100],"tags":[7944,7955],"class_list":["post-36486","post","type-post","status-publish","format-standard","has-post-thumbnail","hentry","category-compraventa-de-viviendas","tag-acacia-wellness","tag-agencia-newsletter-4"],"yoast_head":"<!-- This site is optimized with the Yoast SEO plugin v27.4 - https:\/\/yoast.com\/product\/yoast-seo-wordpress\/ -->\n<title>Pisos y chalets en venta o alquiler para vivir en La Sagra<\/title>\n<meta name=\"description\" content=\"La comarca de La Sagra a caballo entre Toledo y Madrid est\u00e1 viviendo un fuerte crecimiento demogr\u00e1fico. Busca tu mejor vivienda\" \/>\n<meta name=\"robots\" content=\"index, follow, max-snippet:-1, max-image-preview:large, max-video-preview:-1\" \/>\n<link rel=\"canonical\" href=\"https:\/\/www.aquimicasa.net\/blog\/vivienda\/compraventa-de-viviendas\/pisos-y-chalets-en-venta-o-alquiler-para-vivir-en-la-sagra\/\" \/>\n<meta property=\"og:locale\" content=\"es_ES\" \/>\n<meta property=\"og:type\" content=\"article\" \/>\n<meta property=\"og:title\" content=\"Pisos y chalets en venta o alquiler para vivir en La Sagra\" \/>\n<meta property=\"og:description\" content=\"La comarca de La Sagra a caballo entre Toledo y Madrid est\u00e1 viviendo un fuerte crecimiento demogr\u00e1fico. Busca tu mejor vivienda\" \/>\n<meta property=\"og:url\" content=\"https:\/\/www.aquimicasa.net\/blog\/vivienda\/compraventa-de-viviendas\/pisos-y-chalets-en-venta-o-alquiler-para-vivir-en-la-sagra\/\" \/>\n<meta property=\"og:site_name\" content=\"Blog de aquimicasa.net\" \/>\n<meta property=\"article:publisher\" content=\"https:\/\/www.facebook.com\/aquimicasa.net\" \/>\n<meta property=\"article:published_time\" content=\"2021-03-21T10:40:20+00:00\" \/>\n<meta property=\"article:modified_time\" content=\"2021-05-03T21:34:10+00:00\" \/>\n<meta property=\"og:image\" content=\"https:\/\/www.aquimicasa.net\/blog\/wp-content\/uploads\/La-Sagra4-e1616322908588.jpg\" \/>\n\t<meta property=\"og:image:width\" content=\"400\" \/>\n\t<meta property=\"og:image:height\" content=\"266\" \/>\n\t<meta property=\"og:image:type\" content=\"image\/jpeg\" \/>\n<meta name=\"author\" content=\"Eduardo Lizarraga\" \/>\n<meta name=\"twitter:label1\" content=\"Escrito por\" \/>\n\t<meta name=\"twitter:data1\" content=\"Eduardo Lizarraga\" \/>\n\t<meta name=\"twitter:label2\" content=\"Tiempo de lectura\" \/>\n\t<meta name=\"twitter:data2\" content=\"4 minutos\" \/>\n<script type=\"application\/ld+json\" class=\"yoast-schema-graph\">{\"@context\":\"https:\\\/\\\/schema.org\",\"@graph\":[{\"@type\":\"Article\",\"@id\":\"https:\\\/\\\/www.aquimicasa.net\\\/blog\\\/vivienda\\\/compraventa-de-viviendas\\\/pisos-y-chalets-en-venta-o-alquiler-para-vivir-en-la-sagra\\\/#article\",\"isPartOf\":{\"@id\":\"https:\\\/\\\/www.aquimicasa.net\\\/blog\\\/vivienda\\\/compraventa-de-viviendas\\\/pisos-y-chalets-en-venta-o-alquiler-para-vivir-en-la-sagra\\\/\"},\"author\":{\"name\":\"Eduardo Lizarraga\",\"@id\":\"https:\\\/\\\/www.aquimicasa.net\\\/blog\\\/#\\\/schema\\\/person\\\/2cdfa2605534583395c8d7ce1d6cac14\"},\"headline\":\"Pisos y chalets en venta o alquiler para vivir en La Sagra\",\"datePublished\":\"2021-03-21T10:40:20+00:00\",\"dateModified\":\"2021-05-03T21:34:10+00:00\",\"mainEntityOfPage\":{\"@id\":\"https:\\\/\\\/www.aquimicasa.net\\\/blog\\\/vivienda\\\/compraventa-de-viviendas\\\/pisos-y-chalets-en-venta-o-alquiler-para-vivir-en-la-sagra\\\/\"},\"wordCount\":5650,\"publisher\":{\"@id\":\"https:\\\/\\\/www.aquimicasa.net\\\/blog\\\/#organization\"},\"image\":{\"@id\":\"https:\\\/\\\/www.aquimicasa.net\\\/blog\\\/vivienda\\\/compraventa-de-viviendas\\\/pisos-y-chalets-en-venta-o-alquiler-para-vivir-en-la-sagra\\\/#primaryimage\"},\"thumbnailUrl\":\"https:\\\/\\\/www.aquimicasa.net\\\/blog\\\/wp-content\\\/uploads\\\/La-Sagra4-e1616322908588.jpg\",\"keywords\":[\"Acacia Wellness\",\"Agencia Newsletter 4\"],\"articleSection\":[\"Compra Venta\"],\"inLanguage\":\"es\"},{\"@type\":\"WebPage\",\"@id\":\"https:\\\/\\\/www.aquimicasa.net\\\/blog\\\/vivienda\\\/compraventa-de-viviendas\\\/pisos-y-chalets-en-venta-o-alquiler-para-vivir-en-la-sagra\\\/\",\"url\":\"https:\\\/\\\/www.aquimicasa.net\\\/blog\\\/vivienda\\\/compraventa-de-viviendas\\\/pisos-y-chalets-en-venta-o-alquiler-para-vivir-en-la-sagra\\\/\",\"name\":\"Pisos y chalets en venta o alquiler para vivir en La Sagra\",\"isPartOf\":{\"@id\":\"https:\\\/\\\/www.aquimicasa.net\\\/blog\\\/#website\"},\"primaryImageOfPage\":{\"@id\":\"https:\\\/\\\/www.aquimicasa.net\\\/blog\\\/vivienda\\\/compraventa-de-viviendas\\\/pisos-y-chalets-en-venta-o-alquiler-para-vivir-en-la-sagra\\\/#primaryimage\"},\"image\":{\"@id\":\"https:\\\/\\\/www.aquimicasa.net\\\/blog\\\/vivienda\\\/compraventa-de-viviendas\\\/pisos-y-chalets-en-venta-o-alquiler-para-vivir-en-la-sagra\\\/#primaryimage\"},\"thumbnailUrl\":\"https:\\\/\\\/www.aquimicasa.net\\\/blog\\\/wp-content\\\/uploads\\\/La-Sagra4-e1616322908588.jpg\",\"datePublished\":\"2021-03-21T10:40:20+00:00\",\"dateModified\":\"2021-05-03T21:34:10+00:00\",\"description\":\"La comarca de La Sagra a caballo entre Toledo y Madrid est\u00e1 viviendo un fuerte crecimiento demogr\u00e1fico. Busca tu mejor vivienda\",\"breadcrumb\":{\"@id\":\"https:\\\/\\\/www.aquimicasa.net\\\/blog\\\/vivienda\\\/compraventa-de-viviendas\\\/pisos-y-chalets-en-venta-o-alquiler-para-vivir-en-la-sagra\\\/#breadcrumb\"},\"inLanguage\":\"es\",\"potentialAction\":[{\"@type\":\"ReadAction\",\"target\":[\"https:\\\/\\\/www.aquimicasa.net\\\/blog\\\/vivienda\\\/compraventa-de-viviendas\\\/pisos-y-chalets-en-venta-o-alquiler-para-vivir-en-la-sagra\\\/\"]}]},{\"@type\":\"ImageObject\",\"inLanguage\":\"es\",\"@id\":\"https:\\\/\\\/www.aquimicasa.net\\\/blog\\\/vivienda\\\/compraventa-de-viviendas\\\/pisos-y-chalets-en-venta-o-alquiler-para-vivir-en-la-sagra\\\/#primaryimage\",\"url\":\"https:\\\/\\\/www.aquimicasa.net\\\/blog\\\/wp-content\\\/uploads\\\/La-Sagra4-e1616322908588.jpg\",\"contentUrl\":\"https:\\\/\\\/www.aquimicasa.net\\\/blog\\\/wp-content\\\/uploads\\\/La-Sagra4-e1616322908588.jpg\",\"width\":400,\"height\":266,\"caption\":\"Pisos y casas en La Sagra\"},{\"@type\":\"BreadcrumbList\",\"@id\":\"https:\\\/\\\/www.aquimicasa.net\\\/blog\\\/vivienda\\\/compraventa-de-viviendas\\\/pisos-y-chalets-en-venta-o-alquiler-para-vivir-en-la-sagra\\\/#breadcrumb\",\"itemListElement\":[{\"@type\":\"ListItem\",\"position\":1,\"name\":\"Portada\",\"item\":\"https:\\\/\\\/www.aquimicasa.net\\\/blog\\\/\"},{\"@type\":\"ListItem\",\"position\":2,\"name\":\"Pisos y chalets en venta o alquiler para vivir en La Sagra\"}]},{\"@type\":\"WebSite\",\"@id\":\"https:\\\/\\\/www.aquimicasa.net\\\/blog\\\/#website\",\"url\":\"https:\\\/\\\/www.aquimicasa.net\\\/blog\\\/\",\"name\":\"Blog de aquimicasa.net\",\"description\":\"Noticias del Mundo Inmobiliario\",\"publisher\":{\"@id\":\"https:\\\/\\\/www.aquimicasa.net\\\/blog\\\/#organization\"},\"potentialAction\":[{\"@type\":\"SearchAction\",\"target\":{\"@type\":\"EntryPoint\",\"urlTemplate\":\"https:\\\/\\\/www.aquimicasa.net\\\/blog\\\/?s={search_term_string}\"},\"query-input\":{\"@type\":\"PropertyValueSpecification\",\"valueRequired\":true,\"valueName\":\"search_term_string\"}}],\"inLanguage\":\"es\"},{\"@type\":\"Organization\",\"@id\":\"https:\\\/\\\/www.aquimicasa.net\\\/blog\\\/#organization\",\"name\":\"Blog de aquimicasa.net\",\"url\":\"https:\\\/\\\/www.aquimicasa.net\\\/blog\\\/\",\"logo\":{\"@type\":\"ImageObject\",\"inLanguage\":\"es\",\"@id\":\"https:\\\/\\\/www.aquimicasa.net\\\/blog\\\/#\\\/schema\\\/logo\\\/image\\\/\",\"url\":\"https:\\\/\\\/www.aquimicasa.net\\\/blog\\\/wp-content\\\/uploads\\\/Logo-aquimicasa-1-e1528048213782.png\",\"contentUrl\":\"https:\\\/\\\/www.aquimicasa.net\\\/blog\\\/wp-content\\\/uploads\\\/Logo-aquimicasa-1-e1528048213782.png\",\"width\":225,\"height\":225,\"caption\":\"Blog de aquimicasa.net\"},\"image\":{\"@id\":\"https:\\\/\\\/www.aquimicasa.net\\\/blog\\\/#\\\/schema\\\/logo\\\/image\\\/\"},\"sameAs\":[\"https:\\\/\\\/www.facebook.com\\\/aquimicasa.net\",\"https:\\\/\\\/www.instagram.com\\\/\",\"https:\\\/\\\/x.com\\\/EduLizarragaD\",\"https:\\\/\\\/www.linkedin.com\\\/feed\\\/\"]},{\"@type\":\"Person\",\"@id\":\"https:\\\/\\\/www.aquimicasa.net\\\/blog\\\/#\\\/schema\\\/person\\\/2cdfa2605534583395c8d7ce1d6cac14\",\"name\":\"Eduardo Lizarraga\",\"image\":{\"@type\":\"ImageObject\",\"inLanguage\":\"es\",\"@id\":\"https:\\\/\\\/secure.gravatar.com\\\/avatar\\\/bdabe1eeeed97b65a9cb7de2edd624b07995f7e13abc5fead15961f745f908cc?s=96&d=mm&r=g\",\"url\":\"https:\\\/\\\/secure.gravatar.com\\\/avatar\\\/bdabe1eeeed97b65a9cb7de2edd624b07995f7e13abc5fead15961f745f908cc?s=96&d=mm&r=g\",\"contentUrl\":\"https:\\\/\\\/secure.gravatar.com\\\/avatar\\\/bdabe1eeeed97b65a9cb7de2edd624b07995f7e13abc5fead15961f745f908cc?s=96&d=mm&r=g\",\"caption\":\"Eduardo Lizarraga\"},\"description\":\"Periodista Econ\u00f3mico. Ha trabajado en diversos campos de la informaci\u00f3n. Corresponsal en conflictos, analista pol\u00edtico en Congreso y Senado, periodista del medio ambiente, editor, director editorial, director de comunicaci\u00f3n.... En estos momentos se ha especializado en el sector inmobiliario. Pero tambi\u00e9n es navegante y viajero, preocupado por la pobreza, el medio ambiente y por las actuaciones descontroladas del neoliberalismo empresarial y pol\u00edtico en todo el mundo. Los desahucios, la pobreza infantil y la falta de acceso a los suministros b\u00e1sicos son algunos de los grandes dramas de nuestra sociedad y que es preciso solucionar para hacerla m\u00e1s justa. CEO en www.aquimicasa.net\",\"sameAs\":[\"https:\\\/\\\/www.aquimicasa.net\\\/\"],\"url\":\"https:\\\/\\\/www.aquimicasa.net\\\/blog\\\/author\\\/eduardo\\\/\"}]}<\/script>\n<!-- \/ Yoast SEO plugin. -->","yoast_head_json":{"title":"Pisos y chalets en venta o alquiler para vivir en La Sagra","description":"La comarca de La Sagra a caballo entre Toledo y Madrid est\u00e1 viviendo un fuerte crecimiento demogr\u00e1fico. Busca tu mejor vivienda","robots":{"index":"index","follow":"follow","max-snippet":"max-snippet:-1","max-image-preview":"max-image-preview:large","max-video-preview":"max-video-preview:-1"},"canonical":"https:\/\/www.aquimicasa.net\/blog\/vivienda\/compraventa-de-viviendas\/pisos-y-chalets-en-venta-o-alquiler-para-vivir-en-la-sagra\/","og_locale":"es_ES","og_type":"article","og_title":"Pisos y chalets en venta o alquiler para vivir en La Sagra","og_description":"La comarca de La Sagra a caballo entre Toledo y Madrid est\u00e1 viviendo un fuerte crecimiento demogr\u00e1fico. Busca tu mejor vivienda","og_url":"https:\/\/www.aquimicasa.net\/blog\/vivienda\/compraventa-de-viviendas\/pisos-y-chalets-en-venta-o-alquiler-para-vivir-en-la-sagra\/","og_site_name":"Blog de aquimicasa.net","article_publisher":"https:\/\/www.facebook.com\/aquimicasa.net","article_published_time":"2021-03-21T10:40:20+00:00","article_modified_time":"2021-05-03T21:34:10+00:00","og_image":[{"width":400,"height":266,"url":"https:\/\/www.aquimicasa.net\/blog\/wp-content\/uploads\/La-Sagra4-e1616322908588.jpg","type":"image\/jpeg"}],"author":"Eduardo Lizarraga","twitter_misc":{"Escrito por":"Eduardo Lizarraga","Tiempo de lectura":"4 minutos"},"schema":{"@context":"https:\/\/schema.org","@graph":[{"@type":"Article","@id":"https:\/\/www.aquimicasa.net\/blog\/vivienda\/compraventa-de-viviendas\/pisos-y-chalets-en-venta-o-alquiler-para-vivir-en-la-sagra\/#article","isPartOf":{"@id":"https:\/\/www.aquimicasa.net\/blog\/vivienda\/compraventa-de-viviendas\/pisos-y-chalets-en-venta-o-alquiler-para-vivir-en-la-sagra\/"},"author":{"name":"Eduardo Lizarraga","@id":"https:\/\/www.aquimicasa.net\/blog\/#\/schema\/person\/2cdfa2605534583395c8d7ce1d6cac14"},"headline":"Pisos y chalets en venta o alquiler para vivir en La Sagra","datePublished":"2021-03-21T10:40:20+00:00","dateModified":"2021-05-03T21:34:10+00:00","mainEntityOfPage":{"@id":"https:\/\/www.aquimicasa.net\/blog\/vivienda\/compraventa-de-viviendas\/pisos-y-chalets-en-venta-o-alquiler-para-vivir-en-la-sagra\/"},"wordCount":5650,"publisher":{"@id":"https:\/\/www.aquimicasa.net\/blog\/#organization"},"image":{"@id":"https:\/\/www.aquimicasa.net\/blog\/vivienda\/compraventa-de-viviendas\/pisos-y-chalets-en-venta-o-alquiler-para-vivir-en-la-sagra\/#primaryimage"},"thumbnailUrl":"https:\/\/www.aquimicasa.net\/blog\/wp-content\/uploads\/La-Sagra4-e1616322908588.jpg","keywords":["Acacia Wellness","Agencia Newsletter 4"],"articleSection":["Compra Venta"],"inLanguage":"es"},{"@type":"WebPage","@id":"https:\/\/www.aquimicasa.net\/blog\/vivienda\/compraventa-de-viviendas\/pisos-y-chalets-en-venta-o-alquiler-para-vivir-en-la-sagra\/","url":"https:\/\/www.aquimicasa.net\/blog\/vivienda\/compraventa-de-viviendas\/pisos-y-chalets-en-venta-o-alquiler-para-vivir-en-la-sagra\/","name":"Pisos y chalets en venta o alquiler para vivir en La Sagra","isPartOf":{"@id":"https:\/\/www.aquimicasa.net\/blog\/#website"},"primaryImageOfPage":{"@id":"https:\/\/www.aquimicasa.net\/blog\/vivienda\/compraventa-de-viviendas\/pisos-y-chalets-en-venta-o-alquiler-para-vivir-en-la-sagra\/#primaryimage"},"image":{"@id":"https:\/\/www.aquimicasa.net\/blog\/vivienda\/compraventa-de-viviendas\/pisos-y-chalets-en-venta-o-alquiler-para-vivir-en-la-sagra\/#primaryimage"},"thumbnailUrl":"https:\/\/www.aquimicasa.net\/blog\/wp-content\/uploads\/La-Sagra4-e1616322908588.jpg","datePublished":"2021-03-21T10:40:20+00:00","dateModified":"2021-05-03T21:34:10+00:00","description":"La comarca de La Sagra a caballo entre Toledo y Madrid est\u00e1 viviendo un fuerte crecimiento demogr\u00e1fico. Busca tu mejor vivienda","breadcrumb":{"@id":"https:\/\/www.aquimicasa.net\/blog\/vivienda\/compraventa-de-viviendas\/pisos-y-chalets-en-venta-o-alquiler-para-vivir-en-la-sagra\/#breadcrumb"},"inLanguage":"es","potentialAction":[{"@type":"ReadAction","target":["https:\/\/www.aquimicasa.net\/blog\/vivienda\/compraventa-de-viviendas\/pisos-y-chalets-en-venta-o-alquiler-para-vivir-en-la-sagra\/"]}]},{"@type":"ImageObject","inLanguage":"es","@id":"https:\/\/www.aquimicasa.net\/blog\/vivienda\/compraventa-de-viviendas\/pisos-y-chalets-en-venta-o-alquiler-para-vivir-en-la-sagra\/#primaryimage","url":"https:\/\/www.aquimicasa.net\/blog\/wp-content\/uploads\/La-Sagra4-e1616322908588.jpg","contentUrl":"https:\/\/www.aquimicasa.net\/blog\/wp-content\/uploads\/La-Sagra4-e1616322908588.jpg","width":400,"height":266,"caption":"Pisos y casas en La Sagra"},{"@type":"BreadcrumbList","@id":"https:\/\/www.aquimicasa.net\/blog\/vivienda\/compraventa-de-viviendas\/pisos-y-chalets-en-venta-o-alquiler-para-vivir-en-la-sagra\/#breadcrumb","itemListElement":[{"@type":"ListItem","position":1,"name":"Portada","item":"https:\/\/www.aquimicasa.net\/blog\/"},{"@type":"ListItem","position":2,"name":"Pisos y chalets en venta o alquiler para vivir en La Sagra"}]},{"@type":"WebSite","@id":"https:\/\/www.aquimicasa.net\/blog\/#website","url":"https:\/\/www.aquimicasa.net\/blog\/","name":"Blog de aquimicasa.net","description":"Noticias del Mundo Inmobiliario","publisher":{"@id":"https:\/\/www.aquimicasa.net\/blog\/#organization"},"potentialAction":[{"@type":"SearchAction","target":{"@type":"EntryPoint","urlTemplate":"https:\/\/www.aquimicasa.net\/blog\/?s={search_term_string}"},"query-input":{"@type":"PropertyValueSpecification","valueRequired":true,"valueName":"search_term_string"}}],"inLanguage":"es"},{"@type":"Organization","@id":"https:\/\/www.aquimicasa.net\/blog\/#organization","name":"Blog de aquimicasa.net","url":"https:\/\/www.aquimicasa.net\/blog\/","logo":{"@type":"ImageObject","inLanguage":"es","@id":"https:\/\/www.aquimicasa.net\/blog\/#\/schema\/logo\/image\/","url":"https:\/\/www.aquimicasa.net\/blog\/wp-content\/uploads\/Logo-aquimicasa-1-e1528048213782.png","contentUrl":"https:\/\/www.aquimicasa.net\/blog\/wp-content\/uploads\/Logo-aquimicasa-1-e1528048213782.png","width":225,"height":225,"caption":"Blog de aquimicasa.net"},"image":{"@id":"https:\/\/www.aquimicasa.net\/blog\/#\/schema\/logo\/image\/"},"sameAs":["https:\/\/www.facebook.com\/aquimicasa.net","https:\/\/www.instagram.com\/","https:\/\/x.com\/EduLizarragaD","https:\/\/www.linkedin.com\/feed\/"]},{"@type":"Person","@id":"https:\/\/www.aquimicasa.net\/blog\/#\/schema\/person\/2cdfa2605534583395c8d7ce1d6cac14","name":"Eduardo Lizarraga","image":{"@type":"ImageObject","inLanguage":"es","@id":"https:\/\/secure.gravatar.com\/avatar\/bdabe1eeeed97b65a9cb7de2edd624b07995f7e13abc5fead15961f745f908cc?s=96&d=mm&r=g","url":"https:\/\/secure.gravatar.com\/avatar\/bdabe1eeeed97b65a9cb7de2edd624b07995f7e13abc5fead15961f745f908cc?s=96&d=mm&r=g","contentUrl":"https:\/\/secure.gravatar.com\/avatar\/bdabe1eeeed97b65a9cb7de2edd624b07995f7e13abc5fead15961f745f908cc?s=96&d=mm&r=g","caption":"Eduardo Lizarraga"},"description":"Periodista Econ\u00f3mico. Ha trabajado en diversos campos de la informaci\u00f3n. Corresponsal en conflictos, analista pol\u00edtico en Congreso y Senado, periodista del medio ambiente, editor, director editorial, director de comunicaci\u00f3n.... En estos momentos se ha especializado en el sector inmobiliario. Pero tambi\u00e9n es navegante y viajero, preocupado por la pobreza, el medio ambiente y por las actuaciones descontroladas del neoliberalismo empresarial y pol\u00edtico en todo el mundo. Los desahucios, la pobreza infantil y la falta de acceso a los suministros b\u00e1sicos son algunos de los grandes dramas de nuestra sociedad y que es preciso solucionar para hacerla m\u00e1s justa. CEO en www.aquimicasa.net","sameAs":["https:\/\/www.aquimicasa.net\/"],"url":"https:\/\/www.aquimicasa.net\/blog\/author\/eduardo\/"}]}},"jetpack_publicize_connections":[],"jetpack_featured_media_url":"https:\/\/www.aquimicasa.net\/blog\/wp-content\/uploads\/La-Sagra4-e1616322908588.jpg","jetpack_sharing_enabled":true,"jetpack_likes_enabled":true,"_links":{"self":[{"href":"https:\/\/www.aquimicasa.net\/blog\/wp-json\/wp\/v2\/posts\/36486","targetHints":{"allow":["GET"]}}],"collection":[{"href":"https:\/\/www.aquimicasa.net\/blog\/wp-json\/wp\/v2\/posts"}],"about":[{"href":"https:\/\/www.aquimicasa.net\/blog\/wp-json\/wp\/v2\/types\/post"}],"author":[{"embeddable":true,"href":"https:\/\/www.aquimicasa.net\/blog\/wp-json\/wp\/v2\/users\/3"}],"replies":[{"embeddable":true,"href":"https:\/\/www.aquimicasa.net\/blog\/wp-json\/wp\/v2\/comments?post=36486"}],"version-history":[{"count":10,"href":"https:\/\/www.aquimicasa.net\/blog\/wp-json\/wp\/v2\/posts\/36486\/revisions"}],"predecessor-version":[{"id":36508,"href":"https:\/\/www.aquimicasa.net\/blog\/wp-json\/wp\/v2\/posts\/36486\/revisions\/36508"}],"wp:featuredmedia":[{"embeddable":true,"href":"https:\/\/www.aquimicasa.net\/blog\/wp-json\/wp\/v2\/media\/36499"}],"wp:attachment":[{"href":"https:\/\/www.aquimicasa.net\/blog\/wp-json\/wp\/v2\/media?parent=36486"}],"wp:term":[{"taxonomy":"category","embeddable":true,"href":"https:\/\/www.aquimicasa.net\/blog\/wp-json\/wp\/v2\/categories?post=36486"},{"taxonomy":"post_tag","embeddable":true,"href":"https:\/\/www.aquimicasa.net\/blog\/wp-json\/wp\/v2\/tags?post=36486"}],"curies":[{"name":"wp","href":"https:\/\/api.w.org\/{rel}","templated":true}]}}