{"id":36511,"date":"2021-03-22T22:53:47","date_gmt":"2021-03-22T21:53:47","guid":{"rendered":"https:\/\/www.aquimicasa.net\/blog\/?p=36511"},"modified":"2021-03-22T22:53:47","modified_gmt":"2021-03-22T21:53:47","slug":"los-bancos-suben-sus-intereses-en-los-creditos-al-consumo","status":"publish","type":"post","link":"https:\/\/www.aquimicasa.net\/blog\/economia\/bancos\/los-bancos-suben-sus-intereses-en-los-creditos-al-consumo\/","title":{"rendered":"Los bancos suben sus intereses en los cr\u00e9ditos al consumo"},"content":{"rendered":"<div class=\"fusion-fullwidth fullwidth-box fusion-builder-row-1 nonhundred-percent-fullwidth non-hundred-percent-height-scrolling\" style=\"background-color: rgba(255,255,255,0);background-position: center center;background-repeat: no-repeat;padding-top:0px;padding-right:0px;padding-bottom:0px;padding-left:0px;margin-bottom: 0px;margin-top: 0px;border-width: 0px 0px 0px 0px;border-color:#eae9e9;border-style:solid;\" ><div class=\"fusion-builder-row fusion-row\"><div class=\"fusion-layout-column fusion_builder_column fusion-builder-column-0 fusion_builder_column_1_1 1_1 fusion-one-full fusion-column-first fusion-column-last\" style=\"margin-top:0px;margin-bottom:0px;\"><div class=\"fusion-column-wrapper fusion-flex-column-wrapper-legacy\" style=\"background-position:left top;background-repeat:no-repeat;-webkit-background-size:cover;-moz-background-size:cover;-o-background-size:cover;background-size:cover;padding: 0px 0px 0px 0px;\"><div class=\"fusion-text fusion-text-1\"><p>No es ninguna broma, pero demuestra muy a las claras el particular sentido del humor que exhiben nuestras entidades financieras o sus ansias carro\u00f1eras, que todo puede ser; y es que ante la terrible situaci\u00f3n econ\u00f3mica que est\u00e1 viviendo una gran parte de la poblaci\u00f3n de nuestro pa\u00eds los bancos han decidido ayudar al consumo y a la poblaci\u00f3n en general <strong>subiendo sus tipos de inter\u00e9s<\/strong>. Y lo hacen a pesar de que el precio del dinero contin\u00faa en el -0,52%. Ellos dir\u00e1n que es por salvaguardarse del riesgo que suponen los posibles impagados y para disminuir el riesgo suben el inter\u00e9s y lo que tendr\u00e1n que devolver los afectados&#8230;jajajaja \u00bfa que parece broma? Como lo de las comisiones de 20 euros al mes de \u00abmantenimiento\u00bb&#8230;por cambiar el aceite y los filtros a la cuenta todos los meses.<\/p>\n<p>Nos lo cuenta el II Bar\u00f3metro Asufin de pr\u00e9stamo al consumo cuando asegura que el incremento de necesidades de financiaci\u00f3n entre los espa\u00f1oles en estos momentos <strong>ha duplicado el n\u00famero<\/strong> de los que declaran su intenci\u00f3n de pedir pr\u00e9stamos para refinanciar deuda: del 10,2% registrado en el mes de junio al 19,1%, en estos momentos,\u00a0Frente a esto, se desploma el porcentaje de los que piensan en endeudarse para <strong>comprar veh\u00edculo<\/strong> o pagar unas vacaciones: del 25,3 al 13,1%, en el primer caso; del 6,2 a un testimonial 1,1%, en el segundo caso.<\/p>\n<p>Los espa\u00f1oles que tienen intenci\u00f3n de pedir un pr\u00e9stamo en estos momentos ha pasado del 14,2 al 19,2% y entre ellos, m\u00e1s del 50% se orientan a la necesidad de\u00a0<strong>obtener liquidez o sanear la situaci\u00f3n de deudas<\/strong> en las que se encuentran tras muchos meses de haber vistos reducidos sus ingresos, con ERTES o sin ellos.<\/p>\n<p>Frente a la realidad de un momento en el que los ciudadanos manifiestan la <strong>necesidad de endeudarse<\/strong> para hacer frente a sus problemas econ\u00f3micos, las entidades est\u00e1n encareciendo de forma importante los precios, como muestran los datos recabados por ASUFIN de las 19 principales entidades bancarias y los Establecimientos Financieros de Cr\u00e9dito vinculados y no vinculados a fabricantes de automoci\u00f3n.<\/p>\n<p>Esta subida se produce m\u00e1s en el corto plazo, es decir, pr\u00e9stamos de 1 a 5 a\u00f1os, con una media del 8,79% y un incremento del 1,43% con respecto al 7,45% del mes de junio. En el largo plazo, pr\u00e9stamos a m\u00e1s de cinco a\u00f1os, los tipos de inter\u00e9s escalan en menor medida: un 1,13% m\u00e1s con respecto al 7,89% del mes de junio, para situarse en el 9,01% (de media). Tal vez algo tenga que ver la expectativa de aumento del precio del dinero en el medio plazo. Resulta tambi\u00e9n muy clarificador de la banca que padecemos el saber que el tipo de inter\u00e9s medio en Espa\u00f1a para este tipo de cr\u00e9ditos <strong>es del 9,01% frente al 5,67% de la zona euro<\/strong>. Esto se llama fe ciega en nuestro pa\u00eds.<\/p>\n<\/div><div class=\"fusion-clearfix\"><\/div><\/div><\/div><\/div><\/div>\n","protected":false},"excerpt":{"rendered":"<p>Los espa\u00f1oles que tienen intenci\u00f3n de pedir un pr\u00e9stamo en estos momentos ha pasado del 14,2 al 19,2% y entre ellos, m\u00e1s del 50% se orientan a la necesidad de\u00a0obtener liquidez o sanear la situaci\u00f3n de deudas en las que se encuentran tras muchos meses de haber vistos reducidos sus ingresos, con ERTES o sin ellos<\/p>\n","protected":false},"author":3,"featured_media":36514,"comment_status":"closed","ping_status":"closed","sticky":false,"template":"","format":"standard","meta":{"_jetpack_memberships_contains_paid_content":false,"footnotes":"","jetpack_publicize_message":"","jetpack_publicize_feature_enabled":true,"jetpack_social_post_already_shared":true,"jetpack_social_options":{"image_generator_settings":{"template":"highway","default_image_id":0,"font":"","enabled":false},"version":2}},"categories":[46],"tags":[7943],"class_list":["post-36511","post","type-post","status-publish","format-standard","has-post-thumbnail","hentry","category-bancos","tag-newsletter-298"],"yoast_head":"<!-- This site is optimized with the Yoast SEO plugin v28.2 - https:\/\/yoast.com\/product\/yoast-seo-wordpress\/ -->\n<title>Los bancos suben sus intereses en los cr\u00e9ditos al consumo<\/title>\n<meta name=\"description\" content=\"El incremento de necesidades de financiaci\u00f3n de los espa\u00f1oles ha duplicado el n\u00famero de los que declaran su intenci\u00f3n de pedir pr\u00e9stamos\" \/>\n<meta name=\"robots\" content=\"index, follow, max-snippet:-1, max-image-preview:large, max-video-preview:-1\" \/>\n<link rel=\"canonical\" href=\"https:\/\/www.aquimicasa.net\/blog\/economia\/bancos\/los-bancos-suben-sus-intereses-en-los-creditos-al-consumo\/\" \/>\n<meta property=\"og:locale\" content=\"es_ES\" \/>\n<meta property=\"og:type\" content=\"article\" \/>\n<meta property=\"og:title\" content=\"Los bancos suben sus intereses en los cr\u00e9ditos al consumo\" \/>\n<meta property=\"og:description\" content=\"El incremento de necesidades de financiaci\u00f3n de los espa\u00f1oles ha duplicado el n\u00famero de los que declaran su intenci\u00f3n de pedir pr\u00e9stamos\" \/>\n<meta property=\"og:url\" content=\"https:\/\/www.aquimicasa.net\/blog\/economia\/bancos\/los-bancos-suben-sus-intereses-en-los-creditos-al-consumo\/\" \/>\n<meta property=\"og:site_name\" content=\"Blog de aquimicasa.net\" \/>\n<meta property=\"article:publisher\" content=\"https:\/\/www.facebook.com\/aquimicasa.net\" \/>\n<meta property=\"article:published_time\" content=\"2021-03-22T21:53:47+00:00\" \/>\n<meta property=\"og:image\" content=\"https:\/\/www.aquimicasa.net\/blog\/wp-content\/uploads\/banqueros-ladrones2-4.jpg\" \/>\n\t<meta property=\"og:image:width\" content=\"403\" \/>\n\t<meta property=\"og:image:height\" content=\"316\" \/>\n\t<meta property=\"og:image:type\" content=\"image\/jpeg\" \/>\n<meta name=\"author\" content=\"Eduardo Lizarraga\" \/>\n<meta name=\"twitter:label1\" content=\"Escrito por\" \/>\n\t<meta name=\"twitter:data1\" content=\"Eduardo Lizarraga\" \/>\n\t<meta name=\"twitter:label2\" content=\"Tiempo de lectura\" \/>\n\t<meta name=\"twitter:data2\" content=\"3 minutos\" \/>\n<script type=\"application\/ld+json\" class=\"yoast-schema-graph\">{\"@context\":\"https:\\\/\\\/schema.org\",\"@graph\":[{\"@type\":\"Article\",\"@id\":\"https:\\\/\\\/www.aquimicasa.net\\\/blog\\\/economia\\\/bancos\\\/los-bancos-suben-sus-intereses-en-los-creditos-al-consumo\\\/#article\",\"isPartOf\":{\"@id\":\"https:\\\/\\\/www.aquimicasa.net\\\/blog\\\/economia\\\/bancos\\\/los-bancos-suben-sus-intereses-en-los-creditos-al-consumo\\\/\"},\"author\":{\"name\":\"Eduardo Lizarraga\",\"@id\":\"https:\\\/\\\/www.aquimicasa.net\\\/blog\\\/#\\\/schema\\\/person\\\/2cdfa2605534583395c8d7ce1d6cac14\"},\"headline\":\"Los bancos suben sus intereses en los cr\u00e9ditos al consumo\",\"datePublished\":\"2021-03-22T21:53:47+00:00\",\"mainEntityOfPage\":{\"@id\":\"https:\\\/\\\/www.aquimicasa.net\\\/blog\\\/economia\\\/bancos\\\/los-bancos-suben-sus-intereses-en-los-creditos-al-consumo\\\/\"},\"wordCount\":743,\"publisher\":{\"@id\":\"https:\\\/\\\/www.aquimicasa.net\\\/blog\\\/#organization\"},\"image\":{\"@id\":\"https:\\\/\\\/www.aquimicasa.net\\\/blog\\\/economia\\\/bancos\\\/los-bancos-suben-sus-intereses-en-los-creditos-al-consumo\\\/#primaryimage\"},\"thumbnailUrl\":\"https:\\\/\\\/www.aquimicasa.net\\\/blog\\\/wp-content\\\/uploads\\\/banqueros-ladrones2-4.jpg\",\"keywords\":[\"newsletter 298\"],\"articleSection\":[\"Bancos\"],\"inLanguage\":\"es\"},{\"@type\":\"WebPage\",\"@id\":\"https:\\\/\\\/www.aquimicasa.net\\\/blog\\\/economia\\\/bancos\\\/los-bancos-suben-sus-intereses-en-los-creditos-al-consumo\\\/\",\"url\":\"https:\\\/\\\/www.aquimicasa.net\\\/blog\\\/economia\\\/bancos\\\/los-bancos-suben-sus-intereses-en-los-creditos-al-consumo\\\/\",\"name\":\"Los bancos suben sus intereses en los cr\u00e9ditos al consumo\",\"isPartOf\":{\"@id\":\"https:\\\/\\\/www.aquimicasa.net\\\/blog\\\/#website\"},\"primaryImageOfPage\":{\"@id\":\"https:\\\/\\\/www.aquimicasa.net\\\/blog\\\/economia\\\/bancos\\\/los-bancos-suben-sus-intereses-en-los-creditos-al-consumo\\\/#primaryimage\"},\"image\":{\"@id\":\"https:\\\/\\\/www.aquimicasa.net\\\/blog\\\/economia\\\/bancos\\\/los-bancos-suben-sus-intereses-en-los-creditos-al-consumo\\\/#primaryimage\"},\"thumbnailUrl\":\"https:\\\/\\\/www.aquimicasa.net\\\/blog\\\/wp-content\\\/uploads\\\/banqueros-ladrones2-4.jpg\",\"datePublished\":\"2021-03-22T21:53:47+00:00\",\"description\":\"El incremento de necesidades de financiaci\u00f3n de los espa\u00f1oles ha duplicado el n\u00famero de los que declaran su intenci\u00f3n de pedir pr\u00e9stamos\",\"breadcrumb\":{\"@id\":\"https:\\\/\\\/www.aquimicasa.net\\\/blog\\\/economia\\\/bancos\\\/los-bancos-suben-sus-intereses-en-los-creditos-al-consumo\\\/#breadcrumb\"},\"inLanguage\":\"es\",\"potentialAction\":[{\"@type\":\"ReadAction\",\"target\":[\"https:\\\/\\\/www.aquimicasa.net\\\/blog\\\/economia\\\/bancos\\\/los-bancos-suben-sus-intereses-en-los-creditos-al-consumo\\\/\"]}]},{\"@type\":\"ImageObject\",\"inLanguage\":\"es\",\"@id\":\"https:\\\/\\\/www.aquimicasa.net\\\/blog\\\/economia\\\/bancos\\\/los-bancos-suben-sus-intereses-en-los-creditos-al-consumo\\\/#primaryimage\",\"url\":\"https:\\\/\\\/www.aquimicasa.net\\\/blog\\\/wp-content\\\/uploads\\\/banqueros-ladrones2-4.jpg\",\"contentUrl\":\"https:\\\/\\\/www.aquimicasa.net\\\/blog\\\/wp-content\\\/uploads\\\/banqueros-ladrones2-4.jpg\",\"width\":403,\"height\":316},{\"@type\":\"BreadcrumbList\",\"@id\":\"https:\\\/\\\/www.aquimicasa.net\\\/blog\\\/economia\\\/bancos\\\/los-bancos-suben-sus-intereses-en-los-creditos-al-consumo\\\/#breadcrumb\",\"itemListElement\":[{\"@type\":\"ListItem\",\"position\":1,\"name\":\"Portada\",\"item\":\"https:\\\/\\\/www.aquimicasa.net\\\/blog\\\/\"},{\"@type\":\"ListItem\",\"position\":2,\"name\":\"Los bancos suben sus intereses en los cr\u00e9ditos al consumo\"}]},{\"@type\":\"WebSite\",\"@id\":\"https:\\\/\\\/www.aquimicasa.net\\\/blog\\\/#website\",\"url\":\"https:\\\/\\\/www.aquimicasa.net\\\/blog\\\/\",\"name\":\"Blog de aquimicasa.net\",\"description\":\"Noticias del Mundo Inmobiliario\",\"publisher\":{\"@id\":\"https:\\\/\\\/www.aquimicasa.net\\\/blog\\\/#organization\"},\"potentialAction\":[{\"@type\":\"SearchAction\",\"target\":{\"@type\":\"EntryPoint\",\"urlTemplate\":\"https:\\\/\\\/www.aquimicasa.net\\\/blog\\\/?s={search_term_string}\"},\"query-input\":{\"@type\":\"PropertyValueSpecification\",\"valueRequired\":true,\"valueName\":\"search_term_string\"}}],\"inLanguage\":\"es\"},{\"@type\":\"Organization\",\"@id\":\"https:\\\/\\\/www.aquimicasa.net\\\/blog\\\/#organization\",\"name\":\"Blog de aquimicasa.net\",\"url\":\"https:\\\/\\\/www.aquimicasa.net\\\/blog\\\/\",\"logo\":{\"@type\":\"ImageObject\",\"inLanguage\":\"es\",\"@id\":\"https:\\\/\\\/www.aquimicasa.net\\\/blog\\\/#\\\/schema\\\/logo\\\/image\\\/\",\"url\":\"https:\\\/\\\/www.aquimicasa.net\\\/blog\\\/wp-content\\\/uploads\\\/Logo-aquimicasa-1-e1528048213782.png\",\"contentUrl\":\"https:\\\/\\\/www.aquimicasa.net\\\/blog\\\/wp-content\\\/uploads\\\/Logo-aquimicasa-1-e1528048213782.png\",\"width\":225,\"height\":225,\"caption\":\"Blog de aquimicasa.net\"},\"image\":{\"@id\":\"https:\\\/\\\/www.aquimicasa.net\\\/blog\\\/#\\\/schema\\\/logo\\\/image\\\/\"},\"sameAs\":[\"https:\\\/\\\/www.facebook.com\\\/aquimicasa.net\",\"https:\\\/\\\/www.instagram.com\\\/\",\"https:\\\/\\\/x.com\\\/EduLizarragaD\",\"https:\\\/\\\/www.linkedin.com\\\/feed\\\/\"]},{\"@type\":\"Person\",\"@id\":\"https:\\\/\\\/www.aquimicasa.net\\\/blog\\\/#\\\/schema\\\/person\\\/2cdfa2605534583395c8d7ce1d6cac14\",\"name\":\"Eduardo Lizarraga\",\"image\":{\"@type\":\"ImageObject\",\"inLanguage\":\"es\",\"@id\":\"https:\\\/\\\/secure.gravatar.com\\\/avatar\\\/bdabe1eeeed97b65a9cb7de2edd624b07995f7e13abc5fead15961f745f908cc?s=96&d=mm&r=g\",\"url\":\"https:\\\/\\\/secure.gravatar.com\\\/avatar\\\/bdabe1eeeed97b65a9cb7de2edd624b07995f7e13abc5fead15961f745f908cc?s=96&d=mm&r=g\",\"contentUrl\":\"https:\\\/\\\/secure.gravatar.com\\\/avatar\\\/bdabe1eeeed97b65a9cb7de2edd624b07995f7e13abc5fead15961f745f908cc?s=96&d=mm&r=g\",\"caption\":\"Eduardo Lizarraga\"},\"description\":\"Periodista Econ\u00f3mico. Ha trabajado en diversos campos de la informaci\u00f3n. Corresponsal en conflictos, analista pol\u00edtico en Congreso y Senado, periodista del medio ambiente, editor, director editorial, director de comunicaci\u00f3n.... En estos momentos se ha especializado en el sector inmobiliario. Pero tambi\u00e9n es navegante y viajero, preocupado por la pobreza, el medio ambiente y por las actuaciones descontroladas del neoliberalismo empresarial y pol\u00edtico en todo el mundo. Los desahucios, la pobreza infantil y la falta de acceso a los suministros b\u00e1sicos son algunos de los grandes dramas de nuestra sociedad y que es preciso solucionar para hacerla m\u00e1s justa. CEO en www.aquimicasa.net\",\"sameAs\":[\"https:\\\/\\\/www.aquimicasa.net\\\/\"],\"url\":\"https:\\\/\\\/www.aquimicasa.net\\\/blog\\\/author\\\/eduardo\\\/\"}]}<\/script>\n<!-- \/ Yoast SEO plugin. -->","yoast_head_json":{"title":"Los bancos suben sus intereses en los cr\u00e9ditos al consumo","description":"El incremento de necesidades de financiaci\u00f3n de los espa\u00f1oles ha duplicado el n\u00famero de los que declaran su intenci\u00f3n de pedir pr\u00e9stamos","robots":{"index":"index","follow":"follow","max-snippet":"max-snippet:-1","max-image-preview":"max-image-preview:large","max-video-preview":"max-video-preview:-1"},"canonical":"https:\/\/www.aquimicasa.net\/blog\/economia\/bancos\/los-bancos-suben-sus-intereses-en-los-creditos-al-consumo\/","og_locale":"es_ES","og_type":"article","og_title":"Los bancos suben sus intereses en los cr\u00e9ditos al consumo","og_description":"El incremento de necesidades de financiaci\u00f3n de los espa\u00f1oles ha duplicado el n\u00famero de los que declaran su intenci\u00f3n de pedir pr\u00e9stamos","og_url":"https:\/\/www.aquimicasa.net\/blog\/economia\/bancos\/los-bancos-suben-sus-intereses-en-los-creditos-al-consumo\/","og_site_name":"Blog de aquimicasa.net","article_publisher":"https:\/\/www.facebook.com\/aquimicasa.net","article_published_time":"2021-03-22T21:53:47+00:00","og_image":[{"width":403,"height":316,"url":"https:\/\/www.aquimicasa.net\/blog\/wp-content\/uploads\/banqueros-ladrones2-4.jpg","type":"image\/jpeg"}],"author":"Eduardo Lizarraga","twitter_misc":{"Escrito por":"Eduardo Lizarraga","Tiempo de lectura":"3 minutos"},"schema":{"@context":"https:\/\/schema.org","@graph":[{"@type":"Article","@id":"https:\/\/www.aquimicasa.net\/blog\/economia\/bancos\/los-bancos-suben-sus-intereses-en-los-creditos-al-consumo\/#article","isPartOf":{"@id":"https:\/\/www.aquimicasa.net\/blog\/economia\/bancos\/los-bancos-suben-sus-intereses-en-los-creditos-al-consumo\/"},"author":{"name":"Eduardo Lizarraga","@id":"https:\/\/www.aquimicasa.net\/blog\/#\/schema\/person\/2cdfa2605534583395c8d7ce1d6cac14"},"headline":"Los bancos suben sus intereses en los cr\u00e9ditos al consumo","datePublished":"2021-03-22T21:53:47+00:00","mainEntityOfPage":{"@id":"https:\/\/www.aquimicasa.net\/blog\/economia\/bancos\/los-bancos-suben-sus-intereses-en-los-creditos-al-consumo\/"},"wordCount":743,"publisher":{"@id":"https:\/\/www.aquimicasa.net\/blog\/#organization"},"image":{"@id":"https:\/\/www.aquimicasa.net\/blog\/economia\/bancos\/los-bancos-suben-sus-intereses-en-los-creditos-al-consumo\/#primaryimage"},"thumbnailUrl":"https:\/\/www.aquimicasa.net\/blog\/wp-content\/uploads\/banqueros-ladrones2-4.jpg","keywords":["newsletter 298"],"articleSection":["Bancos"],"inLanguage":"es"},{"@type":"WebPage","@id":"https:\/\/www.aquimicasa.net\/blog\/economia\/bancos\/los-bancos-suben-sus-intereses-en-los-creditos-al-consumo\/","url":"https:\/\/www.aquimicasa.net\/blog\/economia\/bancos\/los-bancos-suben-sus-intereses-en-los-creditos-al-consumo\/","name":"Los bancos suben sus intereses en los cr\u00e9ditos al consumo","isPartOf":{"@id":"https:\/\/www.aquimicasa.net\/blog\/#website"},"primaryImageOfPage":{"@id":"https:\/\/www.aquimicasa.net\/blog\/economia\/bancos\/los-bancos-suben-sus-intereses-en-los-creditos-al-consumo\/#primaryimage"},"image":{"@id":"https:\/\/www.aquimicasa.net\/blog\/economia\/bancos\/los-bancos-suben-sus-intereses-en-los-creditos-al-consumo\/#primaryimage"},"thumbnailUrl":"https:\/\/www.aquimicasa.net\/blog\/wp-content\/uploads\/banqueros-ladrones2-4.jpg","datePublished":"2021-03-22T21:53:47+00:00","description":"El incremento de necesidades de financiaci\u00f3n de los espa\u00f1oles ha duplicado el n\u00famero de los que declaran su intenci\u00f3n de pedir pr\u00e9stamos","breadcrumb":{"@id":"https:\/\/www.aquimicasa.net\/blog\/economia\/bancos\/los-bancos-suben-sus-intereses-en-los-creditos-al-consumo\/#breadcrumb"},"inLanguage":"es","potentialAction":[{"@type":"ReadAction","target":["https:\/\/www.aquimicasa.net\/blog\/economia\/bancos\/los-bancos-suben-sus-intereses-en-los-creditos-al-consumo\/"]}]},{"@type":"ImageObject","inLanguage":"es","@id":"https:\/\/www.aquimicasa.net\/blog\/economia\/bancos\/los-bancos-suben-sus-intereses-en-los-creditos-al-consumo\/#primaryimage","url":"https:\/\/www.aquimicasa.net\/blog\/wp-content\/uploads\/banqueros-ladrones2-4.jpg","contentUrl":"https:\/\/www.aquimicasa.net\/blog\/wp-content\/uploads\/banqueros-ladrones2-4.jpg","width":403,"height":316},{"@type":"BreadcrumbList","@id":"https:\/\/www.aquimicasa.net\/blog\/economia\/bancos\/los-bancos-suben-sus-intereses-en-los-creditos-al-consumo\/#breadcrumb","itemListElement":[{"@type":"ListItem","position":1,"name":"Portada","item":"https:\/\/www.aquimicasa.net\/blog\/"},{"@type":"ListItem","position":2,"name":"Los bancos suben sus intereses en los cr\u00e9ditos al consumo"}]},{"@type":"WebSite","@id":"https:\/\/www.aquimicasa.net\/blog\/#website","url":"https:\/\/www.aquimicasa.net\/blog\/","name":"Blog de aquimicasa.net","description":"Noticias del Mundo Inmobiliario","publisher":{"@id":"https:\/\/www.aquimicasa.net\/blog\/#organization"},"potentialAction":[{"@type":"SearchAction","target":{"@type":"EntryPoint","urlTemplate":"https:\/\/www.aquimicasa.net\/blog\/?s={search_term_string}"},"query-input":{"@type":"PropertyValueSpecification","valueRequired":true,"valueName":"search_term_string"}}],"inLanguage":"es"},{"@type":"Organization","@id":"https:\/\/www.aquimicasa.net\/blog\/#organization","name":"Blog de aquimicasa.net","url":"https:\/\/www.aquimicasa.net\/blog\/","logo":{"@type":"ImageObject","inLanguage":"es","@id":"https:\/\/www.aquimicasa.net\/blog\/#\/schema\/logo\/image\/","url":"https:\/\/www.aquimicasa.net\/blog\/wp-content\/uploads\/Logo-aquimicasa-1-e1528048213782.png","contentUrl":"https:\/\/www.aquimicasa.net\/blog\/wp-content\/uploads\/Logo-aquimicasa-1-e1528048213782.png","width":225,"height":225,"caption":"Blog de aquimicasa.net"},"image":{"@id":"https:\/\/www.aquimicasa.net\/blog\/#\/schema\/logo\/image\/"},"sameAs":["https:\/\/www.facebook.com\/aquimicasa.net","https:\/\/www.instagram.com\/","https:\/\/x.com\/EduLizarragaD","https:\/\/www.linkedin.com\/feed\/"]},{"@type":"Person","@id":"https:\/\/www.aquimicasa.net\/blog\/#\/schema\/person\/2cdfa2605534583395c8d7ce1d6cac14","name":"Eduardo Lizarraga","image":{"@type":"ImageObject","inLanguage":"es","@id":"https:\/\/secure.gravatar.com\/avatar\/bdabe1eeeed97b65a9cb7de2edd624b07995f7e13abc5fead15961f745f908cc?s=96&d=mm&r=g","url":"https:\/\/secure.gravatar.com\/avatar\/bdabe1eeeed97b65a9cb7de2edd624b07995f7e13abc5fead15961f745f908cc?s=96&d=mm&r=g","contentUrl":"https:\/\/secure.gravatar.com\/avatar\/bdabe1eeeed97b65a9cb7de2edd624b07995f7e13abc5fead15961f745f908cc?s=96&d=mm&r=g","caption":"Eduardo Lizarraga"},"description":"Periodista Econ\u00f3mico. Ha trabajado en diversos campos de la informaci\u00f3n. Corresponsal en conflictos, analista pol\u00edtico en Congreso y Senado, periodista del medio ambiente, editor, director editorial, director de comunicaci\u00f3n.... En estos momentos se ha especializado en el sector inmobiliario. Pero tambi\u00e9n es navegante y viajero, preocupado por la pobreza, el medio ambiente y por las actuaciones descontroladas del neoliberalismo empresarial y pol\u00edtico en todo el mundo. Los desahucios, la pobreza infantil y la falta de acceso a los suministros b\u00e1sicos son algunos de los grandes dramas de nuestra sociedad y que es preciso solucionar para hacerla m\u00e1s justa. CEO en www.aquimicasa.net","sameAs":["https:\/\/www.aquimicasa.net\/"],"url":"https:\/\/www.aquimicasa.net\/blog\/author\/eduardo\/"}]}},"jetpack_publicize_connections":[],"jetpack_featured_media_url":"https:\/\/www.aquimicasa.net\/blog\/wp-content\/uploads\/banqueros-ladrones2-4.jpg","jetpack_sharing_enabled":true,"jetpack_likes_enabled":true,"_links":{"self":[{"href":"https:\/\/www.aquimicasa.net\/blog\/wp-json\/wp\/v2\/posts\/36511","targetHints":{"allow":["GET"]}}],"collection":[{"href":"https:\/\/www.aquimicasa.net\/blog\/wp-json\/wp\/v2\/posts"}],"about":[{"href":"https:\/\/www.aquimicasa.net\/blog\/wp-json\/wp\/v2\/types\/post"}],"author":[{"embeddable":true,"href":"https:\/\/www.aquimicasa.net\/blog\/wp-json\/wp\/v2\/users\/3"}],"replies":[{"embeddable":true,"href":"https:\/\/www.aquimicasa.net\/blog\/wp-json\/wp\/v2\/comments?post=36511"}],"version-history":[{"count":3,"href":"https:\/\/www.aquimicasa.net\/blog\/wp-json\/wp\/v2\/posts\/36511\/revisions"}],"predecessor-version":[{"id":36515,"href":"https:\/\/www.aquimicasa.net\/blog\/wp-json\/wp\/v2\/posts\/36511\/revisions\/36515"}],"wp:featuredmedia":[{"embeddable":true,"href":"https:\/\/www.aquimicasa.net\/blog\/wp-json\/wp\/v2\/media\/36514"}],"wp:attachment":[{"href":"https:\/\/www.aquimicasa.net\/blog\/wp-json\/wp\/v2\/media?parent=36511"}],"wp:term":[{"taxonomy":"category","embeddable":true,"href":"https:\/\/www.aquimicasa.net\/blog\/wp-json\/wp\/v2\/categories?post=36511"},{"taxonomy":"post_tag","embeddable":true,"href":"https:\/\/www.aquimicasa.net\/blog\/wp-json\/wp\/v2\/tags?post=36511"}],"curies":[{"name":"wp","href":"https:\/\/api.w.org\/{rel}","templated":true}]}}