{"id":36609,"date":"2021-03-29T23:32:44","date_gmt":"2021-03-29T21:32:44","guid":{"rendered":"https:\/\/www.aquimicasa.net\/blog\/?p=36609"},"modified":"2021-04-10T23:16:26","modified_gmt":"2021-04-10T21:16:26","slug":"panorama-actual-de-la-vivienda-unifamiliar-en-espana","status":"publish","type":"post","link":"https:\/\/www.aquimicasa.net\/blog\/vivienda\/noticias-mercado-inmobiliario\/panorama-actual-de-la-vivienda-unifamiliar-en-espana\/","title":{"rendered":"Panorama actual de la vivienda unifamiliar en Espa\u00f1a"},"content":{"rendered":"<div class=\"fusion-fullwidth fullwidth-box fusion-builder-row-1 nonhundred-percent-fullwidth non-hundred-percent-height-scrolling\" style=\"background-color: rgba(255,255,255,0);background-position: center center;background-repeat: no-repeat;padding-top:0px;padding-right:0px;padding-bottom:0px;padding-left:0px;margin-bottom: 0px;margin-top: 0px;border-width: 0px 0px 0px 0px;border-color:#eae9e9;border-style:solid;\" ><div class=\"fusion-builder-row fusion-row\"><div class=\"fusion-layout-column fusion_builder_column fusion-builder-column-0 fusion_builder_column_1_1 1_1 fusion-one-full fusion-column-first fusion-column-last\" style=\"margin-top:0px;margin-bottom:0px;\"><div class=\"fusion-column-wrapper fusion-flex-column-wrapper-legacy\" style=\"background-position:left top;background-repeat:no-repeat;-webkit-background-size:cover;-moz-background-size:cover;-o-background-size:cover;background-size:cover;padding: 0px 0px 0px 0px;\"><div class=\"fusion-text fusion-text-1\"><p>Con el cambio de tendencia en la vivienda producido por la pandemia, el incremento de la <strong>vivienda unifamiliar<\/strong> parece un hecho contrastado. La empresa de tasaci\u00f3n, <strong>Tinsa<\/strong>, ha elaborado un informe de su situaci\u00f3n en las diferentes provincias espa\u00f1olas.<\/p>\n<p>Actualmente e<strong>l 32% de las viviendas<\/strong> existentes en Espa\u00f1a son de tipolog\u00eda unifamiliar. El urbanismo en Espa\u00f1a ha priorizado hist\u00f3ricamente los desarrollos m\u00e1s densos con <strong>viviendas en altura<\/strong>, de ah\u00ed que los pisos representen una clara mayor\u00eda en el parque residencial espa\u00f1ol, con el 68% de las viviendas existentes, seg\u00fan datos del Catastro, que no incluye datos de Navarra y Pa\u00eds Vasco. Ese porcentaje supone <strong>16.250.000 pisos<\/strong>. Dentro del otro 32% que representa tipolog\u00eda unifamiliar, las mayores concentraciones se localizan en las provincias de interior.<\/p>\n<p>Si hacemos zoom sobre el territorio, las provincias donde la <strong>tipolog\u00eda unifamiliar<\/strong> tiene mayo peso son la provincia de Cuenca, donde la proporci\u00f3n de unifamiliares alcanza el 68% (frente al 13% de Madrid y el 32% de la media nacional), seguida de las provincias de Zamora, Toledo y Teruel, con un peso de la vivienda unifamiliar superior al 60% en estos tres casos. En el extremo contrario, Madrid, Barcelona y Cantabria registran la menor proporci\u00f3n de unifamiliares sobre el total, con un 13%, el 18% y el 19% del parque, respectivamente.<\/p>\n<p>\u00bfY esa media nacional del 32% de vivienda unifamiliar d\u00f3nde nos sit\u00faa frente a otros pa\u00edses europeos? Espa\u00f1a destaca entre los pa\u00edses donde <strong>menos proporci\u00f3n de poblaci\u00f3n vive en unifamiliares<\/strong>. Ocupa la segunda posici\u00f3n, por detr\u00e1s de Lituania y por delante de Suiza, seg\u00fan datos de Eurostat. Por el contrario, los pa\u00edses con m\u00e1s porcentaje de poblaci\u00f3n residiendo en viviendas unifamiliares son Irlanda y Reino Unido, con proporciones que superan el 80%.<\/p>\n<h2>Tipolog\u00edas de vivienda y pol\u00edticas urban\u00edsticas<\/h2>\n<p>En definitiva, la mayor o menor presencia de un tipo u otro de vivienda depende de la orientaci\u00f3n de las pol\u00edticas urban\u00edsticas. En el contexto pand\u00e9mico, la <strong>tipolog\u00eda unifamiliar<\/strong> goza de un mayor protagonismo, pero desde un punto de vista urban\u00edstico el respaldo a una u otra tipolog\u00eda tiene implicaciones.<\/p>\n<p>La apuesta por un desarrollo de baja densidad residencial, o, lo que es lo mismo, por un predominio de vivienda unifamiliar, supone una mayor ocupaci\u00f3n del territorio, mayor exigencia de infraestructuras de transporte privado, una tendencia a la concentraci\u00f3n de servicios en grandes centros comerciales y un mayor consumo y por tanto <strong>menor eficiencia energ\u00e9tica<\/strong> generalizada debido a la dispersi\u00f3n. De ah\u00ed que los <strong>Objetivos de Desarrollo Sostenible<\/strong> tiendan a defender el modelo opuesto: una mayor densidad residencial (vivienda en altura). Una ciudad compacta con una mayor cercan\u00eda a los servicios, mayor eficiencia energ\u00e9tica derivada de la<strong> concentraci\u00f3n<\/strong> y una menor dependencia del transporte privado.<\/p>\n<\/div><div class=\"fusion-clearfix\"><\/div><\/div><\/div><\/div><\/div>\n","protected":false},"excerpt":{"rendered":"<p>Actualmente el 32% de las viviendas existentes en Espa\u00f1a son de tipolog\u00eda unifamiliar. El urbanismo en Espa\u00f1a ha priorizado hist\u00f3ricamente los desarrollos m\u00e1s densos con viviendas en altura, de ah\u00ed que los pisos representen una clara mayor\u00eda en el parque residencial espa\u00f1ol, con el 68% de las viviendas existentes.<\/p>\n","protected":false},"author":3,"featured_media":36610,"comment_status":"closed","ping_status":"closed","sticky":false,"template":"","format":"standard","meta":{"_jetpack_memberships_contains_paid_content":false,"footnotes":"","jetpack_publicize_message":"","jetpack_publicize_feature_enabled":true,"jetpack_social_post_already_shared":true,"jetpack_social_options":{"image_generator_settings":{"template":"highway","default_image_id":0,"font":"","enabled":false},"version":2}},"categories":[7565],"tags":[7537,7945],"class_list":["post-36609","post","type-post","status-publish","format-standard","has-post-thumbnail","hentry","category-noticias-mercado-inmobiliario","tag-coronavirus","tag-newsletter-299"],"yoast_head":"<!-- This site is optimized with the Yoast SEO plugin v27.4 - https:\/\/yoast.com\/product\/yoast-seo-wordpress\/ -->\n<title>Panorama actual de la vivienda unifamiliar en Espa\u00f1a<\/title>\n<meta name=\"description\" content=\"Con el cambio de tendencia en la vivienda producido por la pandemia, el incremento de la vivienda unifamiliar parece un hecho contrastado\" \/>\n<meta name=\"robots\" content=\"index, follow, max-snippet:-1, max-image-preview:large, max-video-preview:-1\" \/>\n<link rel=\"canonical\" href=\"https:\/\/www.aquimicasa.net\/blog\/vivienda\/noticias-mercado-inmobiliario\/panorama-actual-de-la-vivienda-unifamiliar-en-espana\/\" \/>\n<meta property=\"og:locale\" content=\"es_ES\" \/>\n<meta property=\"og:type\" content=\"article\" \/>\n<meta property=\"og:title\" content=\"Panorama actual de la vivienda unifamiliar en Espa\u00f1a\" \/>\n<meta property=\"og:description\" content=\"Con el cambio de tendencia en la vivienda producido por la pandemia, el incremento de la vivienda unifamiliar parece un hecho contrastado\" \/>\n<meta property=\"og:url\" content=\"https:\/\/www.aquimicasa.net\/blog\/vivienda\/noticias-mercado-inmobiliario\/panorama-actual-de-la-vivienda-unifamiliar-en-espana\/\" \/>\n<meta property=\"og:site_name\" content=\"Blog de aquimicasa.net\" \/>\n<meta property=\"article:publisher\" content=\"https:\/\/www.facebook.com\/aquimicasa.net\" \/>\n<meta property=\"article:published_time\" content=\"2021-03-29T21:32:44+00:00\" \/>\n<meta property=\"article:modified_time\" content=\"2021-04-10T21:16:26+00:00\" \/>\n<meta property=\"og:image\" content=\"https:\/\/www.aquimicasa.net\/blog\/wp-content\/uploads\/Piscina2-e1617053540859.jpg\" \/>\n\t<meta property=\"og:image:width\" content=\"400\" \/>\n\t<meta property=\"og:image:height\" content=\"226\" \/>\n\t<meta property=\"og:image:type\" content=\"image\/jpeg\" \/>\n<meta name=\"author\" content=\"Eduardo Lizarraga\" \/>\n<meta name=\"twitter:label1\" content=\"Escrito por\" \/>\n\t<meta name=\"twitter:data1\" content=\"Eduardo Lizarraga\" \/>\n\t<meta name=\"twitter:label2\" content=\"Tiempo de lectura\" \/>\n\t<meta name=\"twitter:data2\" content=\"2 minutos\" \/>\n<script type=\"application\/ld+json\" class=\"yoast-schema-graph\">{\"@context\":\"https:\\\/\\\/schema.org\",\"@graph\":[{\"@type\":\"Article\",\"@id\":\"https:\\\/\\\/www.aquimicasa.net\\\/blog\\\/vivienda\\\/noticias-mercado-inmobiliario\\\/panorama-actual-de-la-vivienda-unifamiliar-en-espana\\\/#article\",\"isPartOf\":{\"@id\":\"https:\\\/\\\/www.aquimicasa.net\\\/blog\\\/vivienda\\\/noticias-mercado-inmobiliario\\\/panorama-actual-de-la-vivienda-unifamiliar-en-espana\\\/\"},\"author\":{\"name\":\"Eduardo Lizarraga\",\"@id\":\"https:\\\/\\\/www.aquimicasa.net\\\/blog\\\/#\\\/schema\\\/person\\\/2cdfa2605534583395c8d7ce1d6cac14\"},\"headline\":\"Panorama actual de la vivienda unifamiliar en Espa\u00f1a\",\"datePublished\":\"2021-03-29T21:32:44+00:00\",\"dateModified\":\"2021-04-10T21:16:26+00:00\",\"mainEntityOfPage\":{\"@id\":\"https:\\\/\\\/www.aquimicasa.net\\\/blog\\\/vivienda\\\/noticias-mercado-inmobiliario\\\/panorama-actual-de-la-vivienda-unifamiliar-en-espana\\\/\"},\"wordCount\":661,\"publisher\":{\"@id\":\"https:\\\/\\\/www.aquimicasa.net\\\/blog\\\/#organization\"},\"image\":{\"@id\":\"https:\\\/\\\/www.aquimicasa.net\\\/blog\\\/vivienda\\\/noticias-mercado-inmobiliario\\\/panorama-actual-de-la-vivienda-unifamiliar-en-espana\\\/#primaryimage\"},\"thumbnailUrl\":\"https:\\\/\\\/www.aquimicasa.net\\\/blog\\\/wp-content\\\/uploads\\\/Piscina2-e1617053540859.jpg\",\"keywords\":[\"Coronavirus\",\"newsletter 299\"],\"articleSection\":[\"Noticias Mercado Inmobiliario\"],\"inLanguage\":\"es\"},{\"@type\":\"WebPage\",\"@id\":\"https:\\\/\\\/www.aquimicasa.net\\\/blog\\\/vivienda\\\/noticias-mercado-inmobiliario\\\/panorama-actual-de-la-vivienda-unifamiliar-en-espana\\\/\",\"url\":\"https:\\\/\\\/www.aquimicasa.net\\\/blog\\\/vivienda\\\/noticias-mercado-inmobiliario\\\/panorama-actual-de-la-vivienda-unifamiliar-en-espana\\\/\",\"name\":\"Panorama actual de la vivienda unifamiliar en Espa\u00f1a\",\"isPartOf\":{\"@id\":\"https:\\\/\\\/www.aquimicasa.net\\\/blog\\\/#website\"},\"primaryImageOfPage\":{\"@id\":\"https:\\\/\\\/www.aquimicasa.net\\\/blog\\\/vivienda\\\/noticias-mercado-inmobiliario\\\/panorama-actual-de-la-vivienda-unifamiliar-en-espana\\\/#primaryimage\"},\"image\":{\"@id\":\"https:\\\/\\\/www.aquimicasa.net\\\/blog\\\/vivienda\\\/noticias-mercado-inmobiliario\\\/panorama-actual-de-la-vivienda-unifamiliar-en-espana\\\/#primaryimage\"},\"thumbnailUrl\":\"https:\\\/\\\/www.aquimicasa.net\\\/blog\\\/wp-content\\\/uploads\\\/Piscina2-e1617053540859.jpg\",\"datePublished\":\"2021-03-29T21:32:44+00:00\",\"dateModified\":\"2021-04-10T21:16:26+00:00\",\"description\":\"Con el cambio de tendencia en la vivienda producido por la pandemia, el incremento de la vivienda unifamiliar parece un hecho contrastado\",\"breadcrumb\":{\"@id\":\"https:\\\/\\\/www.aquimicasa.net\\\/blog\\\/vivienda\\\/noticias-mercado-inmobiliario\\\/panorama-actual-de-la-vivienda-unifamiliar-en-espana\\\/#breadcrumb\"},\"inLanguage\":\"es\",\"potentialAction\":[{\"@type\":\"ReadAction\",\"target\":[\"https:\\\/\\\/www.aquimicasa.net\\\/blog\\\/vivienda\\\/noticias-mercado-inmobiliario\\\/panorama-actual-de-la-vivienda-unifamiliar-en-espana\\\/\"]}]},{\"@type\":\"ImageObject\",\"inLanguage\":\"es\",\"@id\":\"https:\\\/\\\/www.aquimicasa.net\\\/blog\\\/vivienda\\\/noticias-mercado-inmobiliario\\\/panorama-actual-de-la-vivienda-unifamiliar-en-espana\\\/#primaryimage\",\"url\":\"https:\\\/\\\/www.aquimicasa.net\\\/blog\\\/wp-content\\\/uploads\\\/Piscina2-e1617053540859.jpg\",\"contentUrl\":\"https:\\\/\\\/www.aquimicasa.net\\\/blog\\\/wp-content\\\/uploads\\\/Piscina2-e1617053540859.jpg\",\"width\":400,\"height\":226,\"caption\":\"vivienda en altura\"},{\"@type\":\"BreadcrumbList\",\"@id\":\"https:\\\/\\\/www.aquimicasa.net\\\/blog\\\/vivienda\\\/noticias-mercado-inmobiliario\\\/panorama-actual-de-la-vivienda-unifamiliar-en-espana\\\/#breadcrumb\",\"itemListElement\":[{\"@type\":\"ListItem\",\"position\":1,\"name\":\"Portada\",\"item\":\"https:\\\/\\\/www.aquimicasa.net\\\/blog\\\/\"},{\"@type\":\"ListItem\",\"position\":2,\"name\":\"Panorama actual de la vivienda unifamiliar en Espa\u00f1a\"}]},{\"@type\":\"WebSite\",\"@id\":\"https:\\\/\\\/www.aquimicasa.net\\\/blog\\\/#website\",\"url\":\"https:\\\/\\\/www.aquimicasa.net\\\/blog\\\/\",\"name\":\"Blog de aquimicasa.net\",\"description\":\"Noticias del Mundo Inmobiliario\",\"publisher\":{\"@id\":\"https:\\\/\\\/www.aquimicasa.net\\\/blog\\\/#organization\"},\"potentialAction\":[{\"@type\":\"SearchAction\",\"target\":{\"@type\":\"EntryPoint\",\"urlTemplate\":\"https:\\\/\\\/www.aquimicasa.net\\\/blog\\\/?s={search_term_string}\"},\"query-input\":{\"@type\":\"PropertyValueSpecification\",\"valueRequired\":true,\"valueName\":\"search_term_string\"}}],\"inLanguage\":\"es\"},{\"@type\":\"Organization\",\"@id\":\"https:\\\/\\\/www.aquimicasa.net\\\/blog\\\/#organization\",\"name\":\"Blog de aquimicasa.net\",\"url\":\"https:\\\/\\\/www.aquimicasa.net\\\/blog\\\/\",\"logo\":{\"@type\":\"ImageObject\",\"inLanguage\":\"es\",\"@id\":\"https:\\\/\\\/www.aquimicasa.net\\\/blog\\\/#\\\/schema\\\/logo\\\/image\\\/\",\"url\":\"https:\\\/\\\/www.aquimicasa.net\\\/blog\\\/wp-content\\\/uploads\\\/Logo-aquimicasa-1-e1528048213782.png\",\"contentUrl\":\"https:\\\/\\\/www.aquimicasa.net\\\/blog\\\/wp-content\\\/uploads\\\/Logo-aquimicasa-1-e1528048213782.png\",\"width\":225,\"height\":225,\"caption\":\"Blog de aquimicasa.net\"},\"image\":{\"@id\":\"https:\\\/\\\/www.aquimicasa.net\\\/blog\\\/#\\\/schema\\\/logo\\\/image\\\/\"},\"sameAs\":[\"https:\\\/\\\/www.facebook.com\\\/aquimicasa.net\",\"https:\\\/\\\/www.instagram.com\\\/\",\"https:\\\/\\\/x.com\\\/EduLizarragaD\",\"https:\\\/\\\/www.linkedin.com\\\/feed\\\/\"]},{\"@type\":\"Person\",\"@id\":\"https:\\\/\\\/www.aquimicasa.net\\\/blog\\\/#\\\/schema\\\/person\\\/2cdfa2605534583395c8d7ce1d6cac14\",\"name\":\"Eduardo Lizarraga\",\"image\":{\"@type\":\"ImageObject\",\"inLanguage\":\"es\",\"@id\":\"https:\\\/\\\/secure.gravatar.com\\\/avatar\\\/bdabe1eeeed97b65a9cb7de2edd624b07995f7e13abc5fead15961f745f908cc?s=96&d=mm&r=g\",\"url\":\"https:\\\/\\\/secure.gravatar.com\\\/avatar\\\/bdabe1eeeed97b65a9cb7de2edd624b07995f7e13abc5fead15961f745f908cc?s=96&d=mm&r=g\",\"contentUrl\":\"https:\\\/\\\/secure.gravatar.com\\\/avatar\\\/bdabe1eeeed97b65a9cb7de2edd624b07995f7e13abc5fead15961f745f908cc?s=96&d=mm&r=g\",\"caption\":\"Eduardo Lizarraga\"},\"description\":\"Periodista Econ\u00f3mico. Ha trabajado en diversos campos de la informaci\u00f3n. Corresponsal en conflictos, analista pol\u00edtico en Congreso y Senado, periodista del medio ambiente, editor, director editorial, director de comunicaci\u00f3n.... En estos momentos se ha especializado en el sector inmobiliario. Pero tambi\u00e9n es navegante y viajero, preocupado por la pobreza, el medio ambiente y por las actuaciones descontroladas del neoliberalismo empresarial y pol\u00edtico en todo el mundo. Los desahucios, la pobreza infantil y la falta de acceso a los suministros b\u00e1sicos son algunos de los grandes dramas de nuestra sociedad y que es preciso solucionar para hacerla m\u00e1s justa. CEO en www.aquimicasa.net\",\"sameAs\":[\"https:\\\/\\\/www.aquimicasa.net\\\/\"],\"url\":\"https:\\\/\\\/www.aquimicasa.net\\\/blog\\\/author\\\/eduardo\\\/\"}]}<\/script>\n<!-- \/ Yoast SEO plugin. -->","yoast_head_json":{"title":"Panorama actual de la vivienda unifamiliar en Espa\u00f1a","description":"Con el cambio de tendencia en la vivienda producido por la pandemia, el incremento de la vivienda unifamiliar parece un hecho contrastado","robots":{"index":"index","follow":"follow","max-snippet":"max-snippet:-1","max-image-preview":"max-image-preview:large","max-video-preview":"max-video-preview:-1"},"canonical":"https:\/\/www.aquimicasa.net\/blog\/vivienda\/noticias-mercado-inmobiliario\/panorama-actual-de-la-vivienda-unifamiliar-en-espana\/","og_locale":"es_ES","og_type":"article","og_title":"Panorama actual de la vivienda unifamiliar en Espa\u00f1a","og_description":"Con el cambio de tendencia en la vivienda producido por la pandemia, el incremento de la vivienda unifamiliar parece un hecho contrastado","og_url":"https:\/\/www.aquimicasa.net\/blog\/vivienda\/noticias-mercado-inmobiliario\/panorama-actual-de-la-vivienda-unifamiliar-en-espana\/","og_site_name":"Blog de aquimicasa.net","article_publisher":"https:\/\/www.facebook.com\/aquimicasa.net","article_published_time":"2021-03-29T21:32:44+00:00","article_modified_time":"2021-04-10T21:16:26+00:00","og_image":[{"width":400,"height":226,"url":"https:\/\/www.aquimicasa.net\/blog\/wp-content\/uploads\/Piscina2-e1617053540859.jpg","type":"image\/jpeg"}],"author":"Eduardo Lizarraga","twitter_misc":{"Escrito por":"Eduardo Lizarraga","Tiempo de lectura":"2 minutos"},"schema":{"@context":"https:\/\/schema.org","@graph":[{"@type":"Article","@id":"https:\/\/www.aquimicasa.net\/blog\/vivienda\/noticias-mercado-inmobiliario\/panorama-actual-de-la-vivienda-unifamiliar-en-espana\/#article","isPartOf":{"@id":"https:\/\/www.aquimicasa.net\/blog\/vivienda\/noticias-mercado-inmobiliario\/panorama-actual-de-la-vivienda-unifamiliar-en-espana\/"},"author":{"name":"Eduardo Lizarraga","@id":"https:\/\/www.aquimicasa.net\/blog\/#\/schema\/person\/2cdfa2605534583395c8d7ce1d6cac14"},"headline":"Panorama actual de la vivienda unifamiliar en Espa\u00f1a","datePublished":"2021-03-29T21:32:44+00:00","dateModified":"2021-04-10T21:16:26+00:00","mainEntityOfPage":{"@id":"https:\/\/www.aquimicasa.net\/blog\/vivienda\/noticias-mercado-inmobiliario\/panorama-actual-de-la-vivienda-unifamiliar-en-espana\/"},"wordCount":661,"publisher":{"@id":"https:\/\/www.aquimicasa.net\/blog\/#organization"},"image":{"@id":"https:\/\/www.aquimicasa.net\/blog\/vivienda\/noticias-mercado-inmobiliario\/panorama-actual-de-la-vivienda-unifamiliar-en-espana\/#primaryimage"},"thumbnailUrl":"https:\/\/www.aquimicasa.net\/blog\/wp-content\/uploads\/Piscina2-e1617053540859.jpg","keywords":["Coronavirus","newsletter 299"],"articleSection":["Noticias Mercado Inmobiliario"],"inLanguage":"es"},{"@type":"WebPage","@id":"https:\/\/www.aquimicasa.net\/blog\/vivienda\/noticias-mercado-inmobiliario\/panorama-actual-de-la-vivienda-unifamiliar-en-espana\/","url":"https:\/\/www.aquimicasa.net\/blog\/vivienda\/noticias-mercado-inmobiliario\/panorama-actual-de-la-vivienda-unifamiliar-en-espana\/","name":"Panorama actual de la vivienda unifamiliar en Espa\u00f1a","isPartOf":{"@id":"https:\/\/www.aquimicasa.net\/blog\/#website"},"primaryImageOfPage":{"@id":"https:\/\/www.aquimicasa.net\/blog\/vivienda\/noticias-mercado-inmobiliario\/panorama-actual-de-la-vivienda-unifamiliar-en-espana\/#primaryimage"},"image":{"@id":"https:\/\/www.aquimicasa.net\/blog\/vivienda\/noticias-mercado-inmobiliario\/panorama-actual-de-la-vivienda-unifamiliar-en-espana\/#primaryimage"},"thumbnailUrl":"https:\/\/www.aquimicasa.net\/blog\/wp-content\/uploads\/Piscina2-e1617053540859.jpg","datePublished":"2021-03-29T21:32:44+00:00","dateModified":"2021-04-10T21:16:26+00:00","description":"Con el cambio de tendencia en la vivienda producido por la pandemia, el incremento de la vivienda unifamiliar parece un hecho contrastado","breadcrumb":{"@id":"https:\/\/www.aquimicasa.net\/blog\/vivienda\/noticias-mercado-inmobiliario\/panorama-actual-de-la-vivienda-unifamiliar-en-espana\/#breadcrumb"},"inLanguage":"es","potentialAction":[{"@type":"ReadAction","target":["https:\/\/www.aquimicasa.net\/blog\/vivienda\/noticias-mercado-inmobiliario\/panorama-actual-de-la-vivienda-unifamiliar-en-espana\/"]}]},{"@type":"ImageObject","inLanguage":"es","@id":"https:\/\/www.aquimicasa.net\/blog\/vivienda\/noticias-mercado-inmobiliario\/panorama-actual-de-la-vivienda-unifamiliar-en-espana\/#primaryimage","url":"https:\/\/www.aquimicasa.net\/blog\/wp-content\/uploads\/Piscina2-e1617053540859.jpg","contentUrl":"https:\/\/www.aquimicasa.net\/blog\/wp-content\/uploads\/Piscina2-e1617053540859.jpg","width":400,"height":226,"caption":"vivienda en altura"},{"@type":"BreadcrumbList","@id":"https:\/\/www.aquimicasa.net\/blog\/vivienda\/noticias-mercado-inmobiliario\/panorama-actual-de-la-vivienda-unifamiliar-en-espana\/#breadcrumb","itemListElement":[{"@type":"ListItem","position":1,"name":"Portada","item":"https:\/\/www.aquimicasa.net\/blog\/"},{"@type":"ListItem","position":2,"name":"Panorama actual de la vivienda unifamiliar en Espa\u00f1a"}]},{"@type":"WebSite","@id":"https:\/\/www.aquimicasa.net\/blog\/#website","url":"https:\/\/www.aquimicasa.net\/blog\/","name":"Blog de aquimicasa.net","description":"Noticias del Mundo Inmobiliario","publisher":{"@id":"https:\/\/www.aquimicasa.net\/blog\/#organization"},"potentialAction":[{"@type":"SearchAction","target":{"@type":"EntryPoint","urlTemplate":"https:\/\/www.aquimicasa.net\/blog\/?s={search_term_string}"},"query-input":{"@type":"PropertyValueSpecification","valueRequired":true,"valueName":"search_term_string"}}],"inLanguage":"es"},{"@type":"Organization","@id":"https:\/\/www.aquimicasa.net\/blog\/#organization","name":"Blog de aquimicasa.net","url":"https:\/\/www.aquimicasa.net\/blog\/","logo":{"@type":"ImageObject","inLanguage":"es","@id":"https:\/\/www.aquimicasa.net\/blog\/#\/schema\/logo\/image\/","url":"https:\/\/www.aquimicasa.net\/blog\/wp-content\/uploads\/Logo-aquimicasa-1-e1528048213782.png","contentUrl":"https:\/\/www.aquimicasa.net\/blog\/wp-content\/uploads\/Logo-aquimicasa-1-e1528048213782.png","width":225,"height":225,"caption":"Blog de aquimicasa.net"},"image":{"@id":"https:\/\/www.aquimicasa.net\/blog\/#\/schema\/logo\/image\/"},"sameAs":["https:\/\/www.facebook.com\/aquimicasa.net","https:\/\/www.instagram.com\/","https:\/\/x.com\/EduLizarragaD","https:\/\/www.linkedin.com\/feed\/"]},{"@type":"Person","@id":"https:\/\/www.aquimicasa.net\/blog\/#\/schema\/person\/2cdfa2605534583395c8d7ce1d6cac14","name":"Eduardo Lizarraga","image":{"@type":"ImageObject","inLanguage":"es","@id":"https:\/\/secure.gravatar.com\/avatar\/bdabe1eeeed97b65a9cb7de2edd624b07995f7e13abc5fead15961f745f908cc?s=96&d=mm&r=g","url":"https:\/\/secure.gravatar.com\/avatar\/bdabe1eeeed97b65a9cb7de2edd624b07995f7e13abc5fead15961f745f908cc?s=96&d=mm&r=g","contentUrl":"https:\/\/secure.gravatar.com\/avatar\/bdabe1eeeed97b65a9cb7de2edd624b07995f7e13abc5fead15961f745f908cc?s=96&d=mm&r=g","caption":"Eduardo Lizarraga"},"description":"Periodista Econ\u00f3mico. Ha trabajado en diversos campos de la informaci\u00f3n. Corresponsal en conflictos, analista pol\u00edtico en Congreso y Senado, periodista del medio ambiente, editor, director editorial, director de comunicaci\u00f3n.... En estos momentos se ha especializado en el sector inmobiliario. Pero tambi\u00e9n es navegante y viajero, preocupado por la pobreza, el medio ambiente y por las actuaciones descontroladas del neoliberalismo empresarial y pol\u00edtico en todo el mundo. Los desahucios, la pobreza infantil y la falta de acceso a los suministros b\u00e1sicos son algunos de los grandes dramas de nuestra sociedad y que es preciso solucionar para hacerla m\u00e1s justa. CEO en www.aquimicasa.net","sameAs":["https:\/\/www.aquimicasa.net\/"],"url":"https:\/\/www.aquimicasa.net\/blog\/author\/eduardo\/"}]}},"jetpack_publicize_connections":[],"jetpack_featured_media_url":"https:\/\/www.aquimicasa.net\/blog\/wp-content\/uploads\/Piscina2-e1617053540859.jpg","jetpack_sharing_enabled":true,"jetpack_likes_enabled":true,"_links":{"self":[{"href":"https:\/\/www.aquimicasa.net\/blog\/wp-json\/wp\/v2\/posts\/36609","targetHints":{"allow":["GET"]}}],"collection":[{"href":"https:\/\/www.aquimicasa.net\/blog\/wp-json\/wp\/v2\/posts"}],"about":[{"href":"https:\/\/www.aquimicasa.net\/blog\/wp-json\/wp\/v2\/types\/post"}],"author":[{"embeddable":true,"href":"https:\/\/www.aquimicasa.net\/blog\/wp-json\/wp\/v2\/users\/3"}],"replies":[{"embeddable":true,"href":"https:\/\/www.aquimicasa.net\/blog\/wp-json\/wp\/v2\/comments?post=36609"}],"version-history":[{"count":2,"href":"https:\/\/www.aquimicasa.net\/blog\/wp-json\/wp\/v2\/posts\/36609\/revisions"}],"predecessor-version":[{"id":36612,"href":"https:\/\/www.aquimicasa.net\/blog\/wp-json\/wp\/v2\/posts\/36609\/revisions\/36612"}],"wp:featuredmedia":[{"embeddable":true,"href":"https:\/\/www.aquimicasa.net\/blog\/wp-json\/wp\/v2\/media\/36610"}],"wp:attachment":[{"href":"https:\/\/www.aquimicasa.net\/blog\/wp-json\/wp\/v2\/media?parent=36609"}],"wp:term":[{"taxonomy":"category","embeddable":true,"href":"https:\/\/www.aquimicasa.net\/blog\/wp-json\/wp\/v2\/categories?post=36609"},{"taxonomy":"post_tag","embeddable":true,"href":"https:\/\/www.aquimicasa.net\/blog\/wp-json\/wp\/v2\/tags?post=36609"}],"curies":[{"name":"wp","href":"https:\/\/api.w.org\/{rel}","templated":true}]}}