{"id":36920,"date":"2021-04-25T10:05:54","date_gmt":"2021-04-25T08:05:54","guid":{"rendered":"https:\/\/www.aquimicasa.net\/blog\/?p=36920"},"modified":"2021-04-25T10:05:54","modified_gmt":"2021-04-25T08:05:54","slug":"newsletter-302-repartiendo-bonus-y-despidos-con-el-irph-en-el-horizonte","status":"publish","type":"post","link":"https:\/\/www.aquimicasa.net\/blog\/boletines\/newsletter-302-repartiendo-bonus-y-despidos-con-el-irph-en-el-horizonte\/","title":{"rendered":"Newsletter 302 \u00abRepartiendo bonus y despidos con el IRPH en el horizonte\u00bb"},"content":{"rendered":"<p><div class=\"fusion-fullwidth fullwidth-box fusion-builder-row-1 nonhundred-percent-fullwidth non-hundred-percent-height-scrolling\" style=\"background-color: rgba(255,255,255,0);background-position: center center;background-repeat: no-repeat;padding-top:0px;padding-right:0px;padding-bottom:0px;padding-left:0px;margin-bottom: 0px;margin-top: 0px;border-width: 0px 0px 0px 0px;border-color:#eae9e9;border-style:solid;\" ><div class=\"fusion-builder-row fusion-row\"><div class=\"fusion-layout-column fusion_builder_column fusion-builder-column-0 fusion_builder_column_1_1 1_1 fusion-one-full fusion-column-first fusion-column-last\" style=\"margin-top:0px;margin-bottom:20px;\"><div class=\"fusion-column-wrapper fusion-flex-column-wrapper-legacy\" style=\"background-position:left top;background-repeat:no-repeat;-webkit-background-size:cover;-moz-background-size:cover;-o-background-size:cover;background-size:cover;padding: 0px 0px 0px 0px;\"><style type=\"text\/css\"><\/style><div class=\"fusion-title title fusion-title-1 fusion-sep-none fusion-title-center fusion-title-text fusion-title-size-two\" style=\"margin-top:0px;margin-right:0px;margin-bottom:31px;margin-left:0px;\"><h2 class=\"title-heading-center\" style=\"margin:0;\"><p style=\"text-align: center;\">NOTICIAS DEL MERCADO INMOBILIARIO Y CONSUMO \u00abNEWSLETTER 302\u00bb<\/p><\/h2><\/div><div class=\"fusion-sep-clear\"><\/div><div class=\"fusion-separator fusion-has-icon\" style=\"margin-left: auto;margin-right: auto;margin-bottom:5%;width:100%;max-width:50%;\"><div class=\"fusion-separator-border sep-single sep-solid\" style=\"border-color:#000000;border-top-width:2px;\"><\/div><span class=\"icon-wrapper\" style=\"border-color:transparent;font-size:25px;width: 1.75em; height: 1.75em;border-width:2px;padding:2px;margin-top:-1px\"><i class=\"fa-rss fas\" style=\"font-size: inherit;color:#000000;\" aria-hidden=\"true\"><\/i><\/span><div class=\"fusion-separator-border sep-single sep-solid\" style=\"border-color:#000000;border-top-width:2px;\"><\/div><\/div><div class=\"fusion-sep-clear\"><\/div><div class=\"fusion-clearfix\"><\/div><\/div><\/div><\/div><\/div><div class=\"fusion-fullwidth fullwidth-box fusion-builder-row-2 nonhundred-percent-fullwidth non-hundred-percent-height-scrolling\" style=\"background-color: rgba(255,255,255,0);background-position: center center;background-repeat: no-repeat;padding-top:0px;padding-right:0px;padding-bottom:0px;padding-left:0px;margin-bottom: 0px;margin-top: 0px;border-width: 0px 0px 0px 0px;border-color:#eae9e9;border-style:solid;\" ><div class=\"fusion-builder-row fusion-row\"><div class=\"fusion-layout-column fusion_builder_column fusion-builder-column-1 fusion_builder_column_1_1 1_1 fusion-one-full fusion-column-first fusion-column-last\" style=\"margin-top:0px;margin-bottom:20px;\"><div class=\"fusion-column-wrapper fusion-flex-column-wrapper-legacy\" style=\"background-position:left top;background-repeat:no-repeat;-webkit-background-size:cover;-moz-background-size:cover;-o-background-size:cover;background-size:cover;padding: 0px 0px 0px 0px;\"><div class=\"fusion-blog-shortcode fusion-blog-shortcode-1 fusion-blog-archive fusion-blog-layout-medium-alternate fusion-blog-pagination fusion-blog-no-images\"><div class=\"fusion-posts-container fusion-posts-container-pagination\" data-pages=\"1\"><article id=\"blog-1-post-36894\" class=\"fusion-post-medium-alternate post-36894 post type-post status-publish format-standard has-post-thumbnail hentry category-compraventa-de-viviendas tag-articulo-de-opinion tag-newsletter-302 tag-newsletter-303\">\n<div class=\"fusion-date-and-formats\"><div class=\"fusion-date-box updated\"><span class=\"fusion-date\">22<\/span><span class=\"fusion-month-year\">04, 2021<\/span><\/div><div class=\"fusion-format-box\"><i class=\"fusion-icon-pen\" aria-hidden=\"true\"><\/i><\/div><\/div><div class=\"fusion-post-content post-content\"><h2 class=\"blog-shortcode-post-title entry-title\"><a href=\"https:\/\/www.aquimicasa.net\/blog\/vivienda\/compraventa-de-viviendas\/repartiendo-bonus-y-despidos-con-el-irph-en-el-horizonte\/\">Repartiendo bonus y despidos con el IRPH en el horizonte<\/a><\/h2><p class=\"fusion-single-line-meta\"><span class=\"updated\" style=\"display:none;\">2021-05-02T11:15:29+02:00<\/span>Por <span class=\"vcard\"><span class=\"fn\"><a href=\"https:\/\/www.aquimicasa.net\/blog\/author\/eduardo\/\" title=\"Entradas de Eduardo Lizarraga\" rel=\"author\">Eduardo Lizarraga<\/a><\/span><\/span><span class=\"fusion-inline-sep\">|<\/span><a href=\"https:\/\/www.aquimicasa.net\/blog\/noticias\/vivienda\/compraventa-de-viviendas\/\" rel=\"category tag\">Compra Venta<\/a><span class=\"fusion-inline-sep\">|<\/span><\/p><div class=\"fusion-post-content-container\"><p>Con su actual situaci\u00f3n financiera y las p\u00e9rdidas de la pandemia los bancos no van a poder pagar con sus propios recursos el resultado de la sentencia y si lo hacen quedar\u00edan en el l\u00edmite de la quiebra. Pero no hay que tener l\u00e1stima ni consideraci\u00f3n, que es lo que vienen pidiendo desde hace a\u00f1os; la banca espa\u00f1ola ya percibi\u00f3 de forma indebida esos miles de millones que ahora tendr\u00e1n que devolver.<\/p><\/div><\/div><div class=\"fusion-clearfix\"><\/div><\/article>\n<article id=\"blog-1-post-36891\" class=\"fusion-post-medium-alternate post-36891 post type-post status-publish format-standard has-post-thumbnail hentry category-construccion-de-viviendas tag-newsletter-302\">\n<div class=\"fusion-date-and-formats\"><div class=\"fusion-date-box updated\"><span class=\"fusion-date\">21<\/span><span class=\"fusion-month-year\">04, 2021<\/span><\/div><div class=\"fusion-format-box\"><i class=\"fusion-icon-pen\" aria-hidden=\"true\"><\/i><\/div><\/div><div class=\"fusion-post-content post-content\"><h2 class=\"blog-shortcode-post-title entry-title\"><a href=\"https:\/\/www.aquimicasa.net\/blog\/vivienda\/construccion-de-viviendas\/el-retroceso-en-visados-para-obra-nueva-vaticina-un-aumento-de-precio\/\">El retroceso en visados para obra nueva vaticina un aumento de precio<\/a><\/h2><p class=\"fusion-single-line-meta\"><span class=\"updated\" style=\"display:none;\">2021-04-21T17:19:02+02:00<\/span>Por <span class=\"vcard\"><span class=\"fn\"><a href=\"https:\/\/www.aquimicasa.net\/blog\/author\/eduardo\/\" title=\"Entradas de Eduardo Lizarraga\" rel=\"author\">Eduardo Lizarraga<\/a><\/span><\/span><span class=\"fusion-inline-sep\">|<\/span><a href=\"https:\/\/www.aquimicasa.net\/blog\/noticias\/vivienda\/construccion-de-viviendas\/\" rel=\"category tag\">Obra Nueva<\/a><span class=\"fusion-inline-sep\">|<\/span><\/p><div class=\"fusion-post-content-container\"><p>El retroceso de los visados para obra nueva del 20% durante el pasado a\u00f1o se\u00f1ala la fortaleza de precios en la vivienda nueva y una previsible subida de precios. El dato es de 3,3 visados por cada 1.000 viviendas de parque existente.<\/p><\/div><\/div><div class=\"fusion-clearfix\"><\/div><\/article>\n<article id=\"blog-1-post-36886\" class=\"fusion-post-medium-alternate post-36886 post type-post status-publish format-standard has-post-thumbnail hentry category-noticias-economia tag-newsletter-302\">\n<div class=\"fusion-date-and-formats\"><div class=\"fusion-date-box updated\"><span class=\"fusion-date\">20<\/span><span class=\"fusion-month-year\">04, 2021<\/span><\/div><div class=\"fusion-format-box\"><i class=\"fusion-icon-pen\" aria-hidden=\"true\"><\/i><\/div><\/div><div class=\"fusion-post-content post-content\"><h2 class=\"blog-shortcode-post-title entry-title\"><a href=\"https:\/\/www.aquimicasa.net\/blog\/economia\/noticias-economia\/los-concursos-de-acreedores-se-incrementan-el-primer-trimestre\/\">Los concursos de acreedores se incrementan el primer trimestre<\/a><\/h2><p class=\"fusion-single-line-meta\"><span class=\"updated\" style=\"display:none;\">2021-04-20T23:12:17+02:00<\/span>Por <span class=\"vcard\"><span class=\"fn\"><a href=\"https:\/\/www.aquimicasa.net\/blog\/author\/eduardo\/\" title=\"Entradas de Eduardo Lizarraga\" rel=\"author\">Eduardo Lizarraga<\/a><\/span><\/span><span class=\"fusion-inline-sep\">|<\/span><a href=\"https:\/\/www.aquimicasa.net\/blog\/noticias\/economia\/noticias-economia\/\" rel=\"category tag\">Noticias Econom\u00eda<\/a><span class=\"fusion-inline-sep\">|<\/span><\/p><div class=\"fusion-post-content-container\"><p>Los resultados de la crisis sanitaria trasladados a la econom\u00eda est\u00e1n comenzando a percibirse en la viabilidad empresarial. Las empresas con serias dificultades financieras, que inscribieron concurso de acreedores entre enero y marzo fueron 1.154, un aumento del 15,3% en relaci\u00f3n al mismo trimestre de 2020. Desde el tercer trimestre de 2019 se viene observando una tendencia al aumento de los concursos, exceptuando el segundo trimestre de 2.020, cuando se produjo una fuerte ca\u00edda del 59,3%, coincidiendo con el primer [...]<\/p><\/div><\/div><div class=\"fusion-clearfix\"><\/div><\/article>\n<article id=\"blog-1-post-36867\" class=\"fusion-post-medium-alternate post-36867 post type-post status-publish format-standard has-post-thumbnail hentry category-bancos category-consumidores tag-newsletter-302\">\n<div class=\"fusion-date-and-formats\"><div class=\"fusion-date-box updated\"><span class=\"fusion-date\">19<\/span><span class=\"fusion-month-year\">04, 2021<\/span><\/div><div class=\"fusion-format-box\"><i class=\"fusion-icon-pen\" aria-hidden=\"true\"><\/i><\/div><\/div><div class=\"fusion-post-content post-content\"><h2 class=\"blog-shortcode-post-title entry-title\"><a href=\"https:\/\/www.aquimicasa.net\/blog\/consumo\/consumidores\/el-colapso-de-los-juzgados-juega-a-favor-de-los-bancos\/\">El colapso de los Juzgados juega a favor de los bancos<\/a><\/h2><p class=\"fusion-single-line-meta\"><span class=\"updated\" style=\"display:none;\">2021-04-20T20:15:27+02:00<\/span>Por <span class=\"vcard\"><span class=\"fn\"><a href=\"https:\/\/www.aquimicasa.net\/blog\/author\/eduardo\/\" title=\"Entradas de Eduardo Lizarraga\" rel=\"author\">Eduardo Lizarraga<\/a><\/span><\/span><span class=\"fusion-inline-sep\">|<\/span><a href=\"https:\/\/www.aquimicasa.net\/blog\/noticias\/economia\/bancos\/\" rel=\"category tag\">Bancos<\/a>, <a href=\"https:\/\/www.aquimicasa.net\/blog\/noticias\/consumo\/consumidores\/\" rel=\"category tag\">Consumidores<\/a><span class=\"fusion-inline-sep\">|<\/span><\/p><div class=\"fusion-post-content-container\"><p>El Consejo General del Poder Judicial deber\u00eda incrementar el n\u00famero de funcionarios de manera proporcional a la de Jueces de Adscripci\u00f3n Territorial. De nada sirven 3 jueces m\u00e1s en un Juzgado si no se triplica el n\u00famero de funcionarios que tramiten las causas hasta su archivo.<\/p><\/div><\/div><div class=\"fusion-clearfix\"><\/div><\/article>\n<article id=\"blog-1-post-36872\" class=\"fusion-post-medium-alternate post-36872 post type-post status-publish format-standard has-post-thumbnail hentry category-bancos category-consumidores tag-newsletter-302\">\n<div class=\"fusion-date-and-formats\"><div class=\"fusion-date-box updated\"><span class=\"fusion-date\">19<\/span><span class=\"fusion-month-year\">04, 2021<\/span><\/div><div class=\"fusion-format-box\"><i class=\"fusion-icon-pen\" aria-hidden=\"true\"><\/i><\/div><\/div><div class=\"fusion-post-content post-content\"><h2 class=\"blog-shortcode-post-title entry-title\"><a href=\"https:\/\/www.aquimicasa.net\/blog\/consumo\/consumidores\/el-bbva-planea-volver-a-meternos-mano-en-el-bolsillo\/\">El BBVA planea volver a meternos mano en el bolsillo<\/a><\/h2><p class=\"fusion-single-line-meta\"><span class=\"updated\" style=\"display:none;\">2021-04-19T00:05:02+02:00<\/span>Por <span class=\"vcard\"><span class=\"fn\"><a href=\"https:\/\/www.aquimicasa.net\/blog\/author\/eduardo\/\" title=\"Entradas de Eduardo Lizarraga\" rel=\"author\">Eduardo Lizarraga<\/a><\/span><\/span><span class=\"fusion-inline-sep\">|<\/span><a href=\"https:\/\/www.aquimicasa.net\/blog\/noticias\/economia\/bancos\/\" rel=\"category tag\">Bancos<\/a>, <a href=\"https:\/\/www.aquimicasa.net\/blog\/noticias\/consumo\/consumidores\/\" rel=\"category tag\">Consumidores<\/a><span class=\"fusion-inline-sep\">|<\/span><\/p><div class=\"fusion-post-content-container\"><p>El BVVA endurecer\u00e1 los requisitos de vinculaci\u00f3n para no pagar comisiones por las cuentas corrientes, al tiempo que aumentar\u00e1 las comisiones a los clientes no vinculados. Unos cambios que entrar\u00e1n en vigor el 15 de junio, poco m\u00e1s de un a\u00f1o despu\u00e9s de las anteriores subidas.<\/p><\/div><\/div><div class=\"fusion-clearfix\"><\/div><\/article>\n<article id=\"blog-1-post-36823\" class=\"fusion-post-medium-alternate post-36823 post type-post status-publish format-standard has-post-thumbnail hentry category-compraventa-de-viviendas category-noticias-mercado-inmobiliario tag-newsletter-302\">\n<div class=\"fusion-date-and-formats\"><div class=\"fusion-date-box updated\"><span class=\"fusion-date\">17<\/span><span class=\"fusion-month-year\">04, 2021<\/span><\/div><div class=\"fusion-format-box\"><i class=\"fusion-icon-pen\" aria-hidden=\"true\"><\/i><\/div><\/div><div class=\"fusion-post-content post-content\"><h2 class=\"blog-shortcode-post-title entry-title\"><a href=\"https:\/\/www.aquimicasa.net\/blog\/vivienda\/compraventa-de-viviendas\/las-inversiones-en-inmobiliario-cayeron-un-60-en-el-primer-trimestre\/\">Las inversiones en inmobiliario cayeron un 60% en el primer trimestre<\/a><\/h2><p class=\"fusion-single-line-meta\"><span class=\"updated\" style=\"display:none;\">2021-04-17T12:35:10+02:00<\/span>Por <span class=\"vcard\"><span class=\"fn\"><a href=\"https:\/\/www.aquimicasa.net\/blog\/author\/eduardo\/\" title=\"Entradas de Eduardo Lizarraga\" rel=\"author\">Eduardo Lizarraga<\/a><\/span><\/span><span class=\"fusion-inline-sep\">|<\/span><a href=\"https:\/\/www.aquimicasa.net\/blog\/noticias\/vivienda\/compraventa-de-viviendas\/\" rel=\"category tag\">Compra Venta<\/a>, <a href=\"https:\/\/www.aquimicasa.net\/blog\/noticias\/vivienda\/noticias-mercado-inmobiliario\/\" rel=\"category tag\">Noticias Mercado Inmobiliario<\/a><span class=\"fusion-inline-sep\">|<\/span><\/p><div class=\"fusion-post-content-container\"><p>La Consultora CBRE, perteneciente a\u00a0 CBRE Group, el gestor de inversiones inmobiliarias m\u00e1s grande del mundo, asegura que la inversi\u00f3n en el sector inmobiliario en Espa\u00f1a, sin contar compras de suelo ni edificios adquiridos para uso propio, fue de alrededor de 1.600 millones de euros en el primer trimestre del a\u00f1o.<\/p><\/div><\/div><div class=\"fusion-clearfix\"><\/div><\/article>\n<article id=\"blog-1-post-36850\" class=\"fusion-post-medium-alternate post-36850 post type-post status-publish format-standard has-post-thumbnail hentry category-consumidores category-ministerios category-noticias-mercado-inmobiliario tag-newsletter-302\">\n<div class=\"fusion-date-and-formats\"><div class=\"fusion-date-box updated\"><span class=\"fusion-date\">17<\/span><span class=\"fusion-month-year\">04, 2021<\/span><\/div><div class=\"fusion-format-box\"><i class=\"fusion-icon-pen\" aria-hidden=\"true\"><\/i><\/div><\/div><div class=\"fusion-post-content post-content\"><h2 class=\"blog-shortcode-post-title entry-title\"><a href=\"https:\/\/www.aquimicasa.net\/blog\/consumo\/consumidores\/el-ministro-abalos-continua-incrementando-su-popularidad\/\">El ministro \u00c1balos contin\u00faa incrementando su popularidad<\/a><\/h2><p class=\"fusion-single-line-meta\"><span class=\"updated\" style=\"display:none;\">2021-04-17T00:47:56+02:00<\/span>Por <span class=\"vcard\"><span class=\"fn\"><a href=\"https:\/\/www.aquimicasa.net\/blog\/author\/eduardo\/\" title=\"Entradas de Eduardo Lizarraga\" rel=\"author\">Eduardo Lizarraga<\/a><\/span><\/span><span class=\"fusion-inline-sep\">|<\/span><a href=\"https:\/\/www.aquimicasa.net\/blog\/noticias\/consumo\/consumidores\/\" rel=\"category tag\">Consumidores<\/a>, <a href=\"https:\/\/www.aquimicasa.net\/blog\/noticias\/administracion-y-gobierno\/ministerios\/\" rel=\"category tag\">Ministerios<\/a>, <a href=\"https:\/\/www.aquimicasa.net\/blog\/noticias\/vivienda\/noticias-mercado-inmobiliario\/\" rel=\"category tag\">Noticias Mercado Inmobiliario<\/a><span class=\"fusion-inline-sep\">|<\/span><\/p><div class=\"fusion-post-content-container\"><p>El colectivo Movimiento por la Vivienda advierte de que la situaci\u00f3n que vive el Estado espa\u00f1ol es m\u00e1s alarmante que nunca. Debido a la imprudencia y dejadez del PSOE, a 24 d\u00edas de que finalice el estado de alarma y tras la pr\u00f3rroga por s\u00f3lo tres meses de las medidas antidesahucio, no existe a\u00fan una ley que asegure el acceso a una vivienda digna.<\/p><\/div><\/div><div class=\"fusion-clearfix\"><\/div><\/article>\n<article id=\"blog-1-post-36846\" class=\"fusion-post-medium-alternate post-36846 post type-post status-publish format-standard has-post-thumbnail hentry category-consumidores tag-newsletter-302\">\n<div class=\"fusion-date-and-formats\"><div class=\"fusion-date-box updated\"><span class=\"fusion-date\">15<\/span><span class=\"fusion-month-year\">04, 2021<\/span><\/div><div class=\"fusion-format-box\"><i class=\"fusion-icon-pen\" aria-hidden=\"true\"><\/i><\/div><\/div><div class=\"fusion-post-content post-content\"><h2 class=\"blog-shortcode-post-title entry-title\"><a href=\"https:\/\/www.aquimicasa.net\/blog\/consumo\/consumidores\/el-susto-de-la-agencia-tributaria-es-solo-un-intento-de-robo\/\">El susto de la Agencia Tributaria es solo un intento de robo<\/a><\/h2><p class=\"fusion-single-line-meta\"><span class=\"updated\" style=\"display:none;\">2021-04-15T23:32:37+02:00<\/span>Por <span class=\"vcard\"><span class=\"fn\"><a href=\"https:\/\/www.aquimicasa.net\/blog\/author\/eduardo\/\" title=\"Entradas de Eduardo Lizarraga\" rel=\"author\">Eduardo Lizarraga<\/a><\/span><\/span><span class=\"fusion-inline-sep\">|<\/span><a href=\"https:\/\/www.aquimicasa.net\/blog\/noticias\/consumo\/consumidores\/\" rel=\"category tag\">Consumidores<\/a><span class=\"fusion-inline-sep\">|<\/span><\/p><div class=\"fusion-post-content-container\"><p>El Instituto Nacional de Ciberseguridad (Incibe) ha alertado sobre un malware\u00a0que, haci\u00e9ndose pasar por la Agencia Tributaria en pleno inicio de la campa\u00f1a de la declaraci\u00f3n de la Renta, act\u00faa a trav\u00e9s de un correo con el asunto \"Acci\u00f3n fiscal\" para robar datos personales a los usuarios.<\/p><\/div><\/div><div class=\"fusion-clearfix\"><\/div><\/article>\n<article id=\"blog-1-post-36843\" class=\"fusion-post-medium-alternate post-36843 post type-post status-publish format-standard has-post-thumbnail hentry category-noticias-mercado-inmobiliario category-construccion-de-viviendas tag-newsletter-302\">\n<div class=\"fusion-date-and-formats\"><div class=\"fusion-date-box updated\"><span class=\"fusion-date\">15<\/span><span class=\"fusion-month-year\">04, 2021<\/span><\/div><div class=\"fusion-format-box\"><i class=\"fusion-icon-pen\" aria-hidden=\"true\"><\/i><\/div><\/div><div class=\"fusion-post-content post-content\"><h2 class=\"blog-shortcode-post-title entry-title\"><a href=\"https:\/\/www.aquimicasa.net\/blog\/vivienda\/noticias-mercado-inmobiliario\/la-vivienda-subio-en-espana-un-07-durante-el-pasado-ano\/\">La vivienda subi\u00f3 en Espa\u00f1a un 0,7% durante el pasado a\u00f1o<\/a><\/h2><p class=\"fusion-single-line-meta\"><span class=\"updated\" style=\"display:none;\">2021-04-15T22:13:50+02:00<\/span>Por <span class=\"vcard\"><span class=\"fn\"><a href=\"https:\/\/www.aquimicasa.net\/blog\/author\/eduardo\/\" title=\"Entradas de Eduardo Lizarraga\" rel=\"author\">Eduardo Lizarraga<\/a><\/span><\/span><span class=\"fusion-inline-sep\">|<\/span><a href=\"https:\/\/www.aquimicasa.net\/blog\/noticias\/vivienda\/noticias-mercado-inmobiliario\/\" rel=\"category tag\">Noticias Mercado Inmobiliario<\/a>, <a href=\"https:\/\/www.aquimicasa.net\/blog\/noticias\/vivienda\/construccion-de-viviendas\/\" rel=\"category tag\">Obra Nueva<\/a><span class=\"fusion-inline-sep\">|<\/span><\/p><div class=\"fusion-post-content-container\"><p>El precio de la vivienda se ha estabilizado durante los \u00faltimos meses en Espa\u00f1a\u00a0de forma generalizada y que\u00a0la confianza en el sector inmobiliario-residencial ha aumentado<\/p><\/div><\/div><div class=\"fusion-clearfix\"><\/div><\/article>\n<article id=\"blog-1-post-36831\" class=\"fusion-post-medium-alternate post-36831 post type-post status-publish format-standard has-post-thumbnail hentry category-opinion tag-articulo-de-opinion tag-newsletter-301 tag-newsletter-302\">\n<div class=\"fusion-date-and-formats\"><div class=\"fusion-date-box updated\"><span class=\"fusion-date\">15<\/span><span class=\"fusion-month-year\">04, 2021<\/span><\/div><div class=\"fusion-format-box\"><i class=\"fusion-icon-pen\" aria-hidden=\"true\"><\/i><\/div><\/div><div class=\"fusion-post-content post-content\"><h2 class=\"blog-shortcode-post-title entry-title\"><a href=\"https:\/\/www.aquimicasa.net\/blog\/opinion\/preparados-en-sus-marcas-listos-ya\/\">Preparados en sus marcas&#8230;listos&#8230;\u00a1Ya!<\/a><\/h2><p class=\"fusion-single-line-meta\"><span class=\"updated\" style=\"display:none;\">2021-04-25T09:57:46+02:00<\/span>Por <span class=\"vcard\"><span class=\"fn\"><a href=\"https:\/\/www.aquimicasa.net\/blog\/author\/eduardo\/\" title=\"Entradas de Eduardo Lizarraga\" rel=\"author\">Eduardo Lizarraga<\/a><\/span><\/span><span class=\"fusion-inline-sep\">|<\/span><a href=\"https:\/\/www.aquimicasa.net\/blog\/noticias\/opinion\/\" rel=\"category tag\">Opini\u00f3n<\/a><span class=\"fusion-inline-sep\">|<\/span><\/p><div class=\"fusion-post-content-container\"><p>Hay trasiego inmobiliario y las agencias, sobre todo las del arco mediterr\u00e1neo y las islas, llevan ya un par de meses trabajando bien, al menos movi\u00e9ndose, porque las firmas en el notario se hacen desear un poco m\u00e1s. Y es que todo parece bueno viniendo de donde venimos, un a\u00f1o 2020 que promet\u00eda buenos resultados en febrero y termin\u00f3 como el rosario de la aurora, llev\u00e1ndonos a recordar los malos a\u00f1os de la crisis anterior.<\/p><\/div><\/div><div class=\"fusion-clearfix\"><\/div><\/article>\n<\/div><\/div><div class=\"fusion-clearfix\"><\/div><\/div><\/div><\/div><\/div><div class=\"fusion-fullwidth fullwidth-box fusion-builder-row-3 nonhundred-percent-fullwidth non-hundred-percent-height-scrolling\" style=\"background-color: rgba(255,255,255,0);background-position: center center;background-repeat: no-repeat;padding-top:0px;padding-right:0px;padding-bottom:0px;padding-left:0px;margin-bottom: 0px;margin-top: 0px;border-width: 0px 0px 0px 0px;border-color:#eae9e9;border-style:solid;\" ><div class=\"fusion-builder-row fusion-row\"><div class=\"fusion-layout-column fusion_builder_column fusion-builder-column-2 fusion_builder_column_1_1 1_1 fusion-one-full fusion-column-first fusion-column-last\" style=\"margin-top:0px;margin-bottom:20px;\"><div class=\"fusion-column-wrapper fusion-flex-column-wrapper-legacy\" style=\"background-position:left top;background-repeat:no-repeat;-webkit-background-size:cover;-moz-background-size:cover;-o-background-size:cover;background-size:cover;padding: 0px 0px 0px 0px;\"><div class=\"fusion-sep-clear\"><\/div><div class=\"fusion-separator\" style=\"margin-left: auto;margin-right: auto;margin-top:5%;width:100%;max-width:50%;\"><\/div><div class=\"fusion-sep-clear\"><\/div><style type=\"text\/css\"><\/style><div class=\"fusion-title title fusion-title-2 fusion-sep-none fusion-title-center fusion-title-text fusion-title-size-two\" style=\"margin-top:0px;margin-right:0px;margin-bottom:31px;margin-left:0px;\"><h2 class=\"title-heading-center\" style=\"margin:0;\"><p style=\"text-align: center;\">SELECCI\u00d3N DE PISOS Y CASAS EN VENTA<\/p><\/h2><\/div><div class=\"fusion-sep-clear\"><\/div><div class=\"fusion-separator fusion-has-icon\" style=\"margin-left: auto;margin-right: auto;margin-bottom:5%;width:100%;max-width:30%;\"><div class=\"fusion-separator-border sep-single sep-solid\" style=\"border-color:#000000;border-top-width:2px;\"><\/div><span class=\"icon-wrapper\" style=\"border-color:transparent;font-size:25px;width: 1.75em; height: 1.75em;border-width:2px;padding:2px;margin-top:-1px\"><i class=\"fa-home fas\" style=\"font-size: inherit;color:#000000;\" aria-hidden=\"true\"><\/i><\/span><div class=\"fusion-separator-border sep-single sep-solid\" style=\"border-color:#000000;border-top-width:2px;\"><\/div><\/div><div class=\"fusion-sep-clear\"><\/div><div class=\"fusion-clearfix\"><\/div><\/div><\/div><\/div><\/div><div class=\"fusion-fullwidth fullwidth-box fusion-builder-row-4 nonhundred-percent-fullwidth non-hundred-percent-height-scrolling\" style=\"background-color: rgba(255,255,255,0);background-position: center center;background-repeat: no-repeat;padding-top:0px;padding-right:0px;padding-bottom:0px;padding-left:0px;margin-bottom: 0px;margin-top: 0px;border-width: 0px 0px 0px 0px;border-color:#eae9e9;border-style:solid;\" ><div class=\"fusion-builder-row fusion-row\"><div class=\"fusion-layout-column fusion_builder_column fusion-builder-column-3 fusion_builder_column_1_1 1_1 fusion-one-full fusion-column-first fusion-column-last\" style=\"margin-top:0px;margin-bottom:20px;\"><div class=\"fusion-column-wrapper fusion-flex-column-wrapper-legacy\" style=\"background-position:left top;background-repeat:no-repeat;-webkit-background-size:cover;-moz-background-size:cover;-o-background-size:cover;background-size:cover;padding: 0px 0px 0px 0px;\"><div class=\"fusion-blog-shortcode fusion-blog-shortcode-2 fusion-blog-archive fusion-blog-layout-grid-wrapper fusion-blog-pagination\"><style type=\"text\/css\">.fusion-blog-shortcode-2 .fusion-blog-layout-grid .fusion-post-grid{padding:20px;}.fusion-blog-shortcode-2 .fusion-posts-container{margin-left: -20px !important; margin-right:-20px !important;}<\/style><div class=\"fusion-posts-container fusion-posts-container-pagination fusion-blog-rollover fusion-blog-layout-grid fusion-blog-layout-grid-3 isotope\" data-pages=\"1\" data-grid-col-space=\"40\" style=\"margin: -20px -20px 0;min-height:500px;\"><article id=\"blog-2-post-44413\" class=\"fusion-post-grid post-44413 post type-post status-publish format-standard has-post-thumbnail hentry category-agencias-inmobiliarias category-compraventa-de-viviendas category-noticias-economia category-noticias-mercado-inmobiliario tag-agencia-boletin-2 tag-cordoba tag-newsletter-412\">\n<div class=\"fusion-post-wrapper\" style=\"background-color:rgba(255,255,255,0);border:1px solid #ebeaea;border-bottom-width:3px;\">\n\n\t\t\t<div class=\"fusion-flexslider flexslider fusion-flexslider-loading fusion-post-slideshow\" style=\"border-color:#ebeaea;\">\n\t\t<ul class=\"slides\">\n\t\t\t\n\t\t\t\t\t\t\t\t\t\t\t\t\t\t<li>\n\n<div  class=\"fusion-image-wrapper\" aria-haspopup=\"true\">\n\t\n\t\n\t\n\t\t\n\t\t\t\t\t<img decoding=\"async\" width=\"400\" height=\"291\" src=\"https:\/\/www.aquimicasa.net\/blog\/wp-content\/uploads\/Cordoba6-1-e1654337746243.jpg\" class=\"attachment-full size-full wp-post-image\" alt=\"\" \/>\n\t\n\n\t\t<div class=\"fusion-rollover\">\n\t<div class=\"fusion-rollover-content\">\n\n\t\t\t\t\n\t\t\n\t\t\t\t\t\t\t\t\t\t\t\t<h4 class=\"fusion-rollover-title\">\n\t\t\t\t\t<a class=\"fusion-rollover-title-link\" href=\"https:\/\/www.aquimicasa.net\/blog\/vivienda\/compraventa-de-viviendas\/pisos-y-casas-en-venta-en-el-campo-de-la-verdad\/\">\n\t\t\t\t\t\tPisos y casas en venta para vivir en el Campo de la Verdad\t\t\t\t\t<\/a>\n\t\t\t\t<\/h4>\n\t\t\t\n\t\t\t\t\t\t\t\t\n\t\t\n\t\t\t\t\t\t<a class=\"fusion-link-wrapper\" href=\"https:\/\/www.aquimicasa.net\/blog\/vivienda\/compraventa-de-viviendas\/pisos-y-casas-en-venta-en-el-campo-de-la-verdad\/\" aria-label=\"Pisos y casas en venta para vivir en el Campo de la Verdad\"><\/a>\n\t<\/div>\n<\/div>\n\n\t\n<\/div>\n<\/li>\n\t\t\t\n\t\t\t\n\t\t\t\t\t\t\t\t\t\t\t\t\t\t\t\t\t\t\t\t\t\t\t\t\t\t\t\t\t\t\t\t\t\t\t\t\t\t\t\t\t\t\t\t\t\t\t\t\t\t\t\t\t\t\t\t\t\t\t\t\t\t\t\t\t\t\t\t<\/ul>\n\t<\/div>\n\t<div class=\"fusion-post-content-wrapper\" style=\"padding:30px 25px 20px 25px;\"><div class=\"fusion-post-content post-content\"><h2 class=\"blog-shortcode-post-title entry-title\"><a href=\"https:\/\/www.aquimicasa.net\/blog\/vivienda\/compraventa-de-viviendas\/pisos-y-casas-en-venta-en-el-campo-de-la-verdad\/\">Pisos y casas en venta para vivir en el Campo de la Verdad<\/a><\/h2><p class=\"fusion-single-line-meta\"><span class=\"updated\" style=\"display:none;\">2024-06-03T22:07:05+02:00<\/span>Por <span class=\"vcard\"><span class=\"fn\"><a href=\"https:\/\/www.aquimicasa.net\/blog\/author\/eduardo\/\" title=\"Entradas de Eduardo Lizarraga\" rel=\"author\">Eduardo Lizarraga<\/a><\/span><\/span><span class=\"fusion-inline-sep\">|<\/span><a href=\"https:\/\/www.aquimicasa.net\/blog\/noticias\/vivienda\/agencias-inmobiliarias\/\" rel=\"category tag\">Agencias Inmobiliarias<\/a>, <a href=\"https:\/\/www.aquimicasa.net\/blog\/noticias\/vivienda\/compraventa-de-viviendas\/\" rel=\"category tag\">Compra Venta<\/a>, <a href=\"https:\/\/www.aquimicasa.net\/blog\/noticias\/economia\/noticias-economia\/\" rel=\"category tag\">Noticias Econom\u00eda<\/a>, <a href=\"https:\/\/www.aquimicasa.net\/blog\/noticias\/vivienda\/noticias-mercado-inmobiliario\/\" rel=\"category tag\">Noticias Mercado Inmobiliario<\/a><span class=\"fusion-inline-sep\">|<\/span><\/p><div class=\"fusion-content-sep sep-double sep-solid\" style=\"border-color:#ebeaea;\"><\/div><div class=\"fusion-post-content-container\"><p>Se comenz\u00f3 por el Barrio de Fray Albino, unas calles de viviendas unifamiliares situadas en la margen izquierda del Guadalquivir. En la zona conocida como Campo de la Verdad y delimitada por el cauce del r\u00edo, la carretera de Castro y la Avenida de C\u00e1diz. En toda esta zona la oferta de\u00a0pisos y casas en venta en el Sector Sur de C\u00f3rdoba\u00a0es amplia.<\/p><\/div><\/div><\/div><div class=\"fusion-clearfix\"><\/div><\/div>\n<\/article>\n<article id=\"blog-2-post-39830\" class=\"fusion-post-grid post-39830 post type-post status-publish format-standard has-post-thumbnail hentry category-agencias-inmobiliarias category-compraventa-de-viviendas tag-agencia-boletin-2 tag-casas-para-vivir-en-sagunto tag-inmobiliaria-lacruz tag-pisos-en-alquiler-en-puerto-de-sagunto tag-pisos-en-playa-de-sagunto tag-vivienda-en-venta-en-puerto-de-sagunto\">\n<div class=\"fusion-post-wrapper\" style=\"background-color:rgba(255,255,255,0);border:1px solid #ebeaea;border-bottom-width:3px;\">\n\n\t\t\t<div class=\"fusion-flexslider flexslider fusion-flexslider-loading fusion-post-slideshow\" style=\"border-color:#ebeaea;\">\n\t\t<ul class=\"slides\">\n\t\t\t\n\t\t\t\t\t\t\t\t\t\t\t\t\t\t<li>\n\n<div  class=\"fusion-image-wrapper\" aria-haspopup=\"true\">\n\t\n\t\n\t\n\t\t\n\t\t\t\t\t<img decoding=\"async\" width=\"340\" height=\"227\" src=\"https:\/\/www.aquimicasa.net\/blog\/wp-content\/uploads\/Sagunto2-e1529258590461.jpg\" class=\"attachment-full size-full wp-post-image\" alt=\"\" \/>\n\t\n\n\t\t<div class=\"fusion-rollover\">\n\t<div class=\"fusion-rollover-content\">\n\n\t\t\t\t\n\t\t\n\t\t\t\t\t\t\t\t\t\t\t\t<h4 class=\"fusion-rollover-title\">\n\t\t\t\t\t<a class=\"fusion-rollover-title-link\" href=\"https:\/\/www.aquimicasa.net\/blog\/vivienda\/agencias-inmobiliarias\/pisos-en-venta-para-la-playa-en-puerto-de-sagunto-2\/\">\n\t\t\t\t\t\tPisos en venta para la playa en Puerto de Sagunto\t\t\t\t\t<\/a>\n\t\t\t\t<\/h4>\n\t\t\t\n\t\t\t\t\t\t\t\t\n\t\t\n\t\t\t\t\t\t<a class=\"fusion-link-wrapper\" href=\"https:\/\/www.aquimicasa.net\/blog\/vivienda\/agencias-inmobiliarias\/pisos-en-venta-para-la-playa-en-puerto-de-sagunto-2\/\" aria-label=\"Pisos en venta para la playa en Puerto de Sagunto\"><\/a>\n\t<\/div>\n<\/div>\n\n\t\n<\/div>\n<\/li>\n\t\t\t\n\t\t\t\n\t\t\t\t\t\t\t\t\t\t\t\t\t\t\t\t\t\t\t\t\t\t\t\t\t\t\t\t\t\t\t\t\t\t\t\t\t\t\t\t\t\t\t\t\t\t\t\t\t\t\t\t\t\t\t\t\t\t\t\t\t\t\t\t\t\t\t\t<\/ul>\n\t<\/div>\n\t<div class=\"fusion-post-content-wrapper\" style=\"padding:30px 25px 20px 25px;\"><div class=\"fusion-post-content post-content\"><h2 class=\"blog-shortcode-post-title entry-title\"><a href=\"https:\/\/www.aquimicasa.net\/blog\/vivienda\/agencias-inmobiliarias\/pisos-en-venta-para-la-playa-en-puerto-de-sagunto-2\/\">Pisos en venta para la playa en Puerto de Sagunto<\/a><\/h2><p class=\"fusion-single-line-meta\"><span class=\"updated\" style=\"display:none;\">2023-07-24T17:49:16+02:00<\/span>Por <span class=\"vcard\"><span class=\"fn\"><a href=\"https:\/\/www.aquimicasa.net\/blog\/author\/eduardo\/\" title=\"Entradas de Eduardo Lizarraga\" rel=\"author\">Eduardo Lizarraga<\/a><\/span><\/span><span class=\"fusion-inline-sep\">|<\/span><a href=\"https:\/\/www.aquimicasa.net\/blog\/noticias\/vivienda\/agencias-inmobiliarias\/\" rel=\"category tag\">Agencias Inmobiliarias<\/a>, <a href=\"https:\/\/www.aquimicasa.net\/blog\/noticias\/vivienda\/compraventa-de-viviendas\/\" rel=\"category tag\">Compra Venta<\/a><span class=\"fusion-inline-sep\">|<\/span><\/p><div class=\"fusion-content-sep sep-double sep-solid\" style=\"border-color:#ebeaea;\"><\/div><div class=\"fusion-post-content-container\"><p>Su\u00a0playa, con m\u00e1s de 1.200 metros de longitud, est\u00e1 considerada como una de las mejores de la Comunidad Valenciana. Se encuentra al noreste del propio puerto de Sagunto que le sirve de contenci\u00f3n hacia los calientes vientos del sur. Es de arena fina, agua c\u00e1lida y rodeada de dunas bien fijadas por extensos ca\u00f1averales. En las urbanizaciones y cerca del puerto, la oferta de\u00a0pisos en venta para la playa en Puerto de Sagunto\u00a0es muy completa.<\/p><\/div><\/div><\/div><div class=\"fusion-clearfix\"><\/div><\/div>\n<\/article>\n<article id=\"blog-2-post-36661\" class=\"fusion-post-grid post-36661 post type-post status-publish format-standard has-post-thumbnail hentry category-agencias-inmobiliarias tag-agencia-boletin-2\">\n<div class=\"fusion-post-wrapper\" style=\"background-color:rgba(255,255,255,0);border:1px solid #ebeaea;border-bottom-width:3px;\">\n\n\t\t\t<div class=\"fusion-flexslider flexslider fusion-flexslider-loading fusion-post-slideshow\" style=\"border-color:#ebeaea;\">\n\t\t<ul class=\"slides\">\n\t\t\t\n\t\t\t\t\t\t\t\t\t\t\t\t\t\t<li>\n\n<div  class=\"fusion-image-wrapper\" aria-haspopup=\"true\">\n\t\n\t\n\t\n\t\t\n\t\t\t\t\t<img decoding=\"async\" width=\"400\" height=\"317\" src=\"https:\/\/www.aquimicasa.net\/blog\/wp-content\/uploads\/Castellon3-e1617309664391.jpg\" class=\"attachment-full size-full wp-post-image\" alt=\"Pisos y casas en venta en Castell\u00f3n\" \/>\n\t\n\n\t\t<div class=\"fusion-rollover\">\n\t<div class=\"fusion-rollover-content\">\n\n\t\t\t\t\n\t\t\n\t\t\t\t\t\t\t\t\t\t\t\t<h4 class=\"fusion-rollover-title\">\n\t\t\t\t\t<a class=\"fusion-rollover-title-link\" href=\"https:\/\/www.aquimicasa.net\/blog\/vivienda\/agencias-inmobiliarias\/pisos-y-casas-en-venta-para-vivir-en-castellon-de-la-plana\/\">\n\t\t\t\t\t\tPisos y casas en venta para vivir en Castell\u00f3n de la Plana\t\t\t\t\t<\/a>\n\t\t\t\t<\/h4>\n\t\t\t\n\t\t\t\t\t\t\t\t\n\t\t\n\t\t\t\t\t\t<a class=\"fusion-link-wrapper\" href=\"https:\/\/www.aquimicasa.net\/blog\/vivienda\/agencias-inmobiliarias\/pisos-y-casas-en-venta-para-vivir-en-castellon-de-la-plana\/\" aria-label=\"Pisos y casas en venta para vivir en Castell\u00f3n de la Plana\"><\/a>\n\t<\/div>\n<\/div>\n\n\t\n<\/div>\n<\/li>\n\t\t\t\n\t\t\t\n\t\t\t\t\t\t\t\t\t\t\t\t\t\t\t\t\t\t\t\t\t\t\t\t\t\t\t\t\t\t\t\t\t\t\t\t\t\t\t\t\t\t\t\t\t\t\t\t\t\t\t\t\t\t\t\t\t\t\t\t\t\t\t\t\t\t\t\t<\/ul>\n\t<\/div>\n\t<div class=\"fusion-post-content-wrapper\" style=\"padding:30px 25px 20px 25px;\"><div class=\"fusion-post-content post-content\"><h2 class=\"blog-shortcode-post-title entry-title\"><a href=\"https:\/\/www.aquimicasa.net\/blog\/vivienda\/agencias-inmobiliarias\/pisos-y-casas-en-venta-para-vivir-en-castellon-de-la-plana\/\">Pisos y casas en venta para vivir en Castell\u00f3n de la Plana<\/a><\/h2><p class=\"fusion-single-line-meta\"><span class=\"updated\" style=\"display:none;\">2021-05-01T21:34:59+02:00<\/span>Por <span class=\"vcard\"><span class=\"fn\"><a href=\"https:\/\/www.aquimicasa.net\/blog\/author\/eduardo\/\" title=\"Entradas de Eduardo Lizarraga\" rel=\"author\">Eduardo Lizarraga<\/a><\/span><\/span><span class=\"fusion-inline-sep\">|<\/span><a href=\"https:\/\/www.aquimicasa.net\/blog\/noticias\/vivienda\/agencias-inmobiliarias\/\" rel=\"category tag\">Agencias Inmobiliarias<\/a><span class=\"fusion-inline-sep\">|<\/span><\/p><div class=\"fusion-content-sep sep-double sep-solid\" style=\"border-color:#ebeaea;\"><\/div><div class=\"fusion-post-content-container\"><p>La costa castellonense cuenta con 10 kil\u00f3metros de largo, ocupados en gran parte por el puerto de El Grao, el\u00a0barrio mar\u00edtimo\u00a0de la ciudad, distante cuatro kil\u00f3metros del centro de Castell\u00f3n y situado al sur de Benic\u00e1sim y al norte de Almazora.<\/p><\/div><\/div><\/div><div class=\"fusion-clearfix\"><\/div><\/div>\n<\/article>\n<article id=\"blog-2-post-36312\" class=\"fusion-post-grid post-36312 post type-post status-publish format-standard has-post-thumbnail hentry category-agencias-inmobiliarias category-compraventa-de-viviendas tag-agencia-boletin-2\">\n<div class=\"fusion-post-wrapper\" style=\"background-color:rgba(255,255,255,0);border:1px solid #ebeaea;border-bottom-width:3px;\">\n\n\t\t\t<div class=\"fusion-flexslider flexslider fusion-flexslider-loading fusion-post-slideshow\" style=\"border-color:#ebeaea;\">\n\t\t<ul class=\"slides\">\n\t\t\t\n\t\t\t\t\t\t\t\t\t\t\t\t\t\t<li>\n\n<div  class=\"fusion-image-wrapper\" aria-haspopup=\"true\">\n\t\n\t\n\t\n\t\t\n\t\t\t\t\t<img decoding=\"async\" width=\"400\" height=\"300\" src=\"https:\/\/www.aquimicasa.net\/blog\/wp-content\/uploads\/Molina-de-segura-e1615728177602.jpg\" class=\"attachment-full size-full wp-post-image\" alt=\"Pisos en venta en Molina de Segura\" \/>\n\t\n\n\t\t<div class=\"fusion-rollover\">\n\t<div class=\"fusion-rollover-content\">\n\n\t\t\t\t\n\t\t\n\t\t\t\t\t\t\t\t\t\t\t\t<h4 class=\"fusion-rollover-title\">\n\t\t\t\t\t<a class=\"fusion-rollover-title-link\" href=\"https:\/\/www.aquimicasa.net\/blog\/vivienda\/compraventa-de-viviendas\/pisos-y-casas-en-venta-para-vivir-en-molina-de-segura\/\">\n\t\t\t\t\t\tPisos y casas en venta para vivir en Molina de Segura\t\t\t\t\t<\/a>\n\t\t\t\t<\/h4>\n\t\t\t\n\t\t\t\t\t\t\t\t\n\t\t\n\t\t\t\t\t\t<a class=\"fusion-link-wrapper\" href=\"https:\/\/www.aquimicasa.net\/blog\/vivienda\/compraventa-de-viviendas\/pisos-y-casas-en-venta-para-vivir-en-molina-de-segura\/\" aria-label=\"Pisos y casas en venta para vivir en Molina de Segura\"><\/a>\n\t<\/div>\n<\/div>\n\n\t\n<\/div>\n<\/li>\n\t\t\t\n\t\t\t\n\t\t\t\t\t\t\t\t\t\t\t\t\t\t\t\t\t\t\t\t\t\t\t\t\t\t\t\t\t\t\t\t\t\t\t\t\t\t\t\t\t\t\t\t\t\t\t\t\t\t\t\t\t\t\t\t\t\t\t\t\t\t\t\t\t\t\t\t<\/ul>\n\t<\/div>\n\t<div class=\"fusion-post-content-wrapper\" style=\"padding:30px 25px 20px 25px;\"><div class=\"fusion-post-content post-content\"><h2 class=\"blog-shortcode-post-title entry-title\"><a href=\"https:\/\/www.aquimicasa.net\/blog\/vivienda\/compraventa-de-viviendas\/pisos-y-casas-en-venta-para-vivir-en-molina-de-segura\/\">Pisos y casas en venta para vivir en Molina de Segura<\/a><\/h2><p class=\"fusion-single-line-meta\"><span class=\"updated\" style=\"display:none;\">2023-02-16T20:16:17+01:00<\/span>Por <span class=\"vcard\"><span class=\"fn\"><a href=\"https:\/\/www.aquimicasa.net\/blog\/author\/eduardo\/\" title=\"Entradas de Eduardo Lizarraga\" rel=\"author\">Eduardo Lizarraga<\/a><\/span><\/span><span class=\"fusion-inline-sep\">|<\/span><a href=\"https:\/\/www.aquimicasa.net\/blog\/noticias\/vivienda\/agencias-inmobiliarias\/\" rel=\"category tag\">Agencias Inmobiliarias<\/a>, <a href=\"https:\/\/www.aquimicasa.net\/blog\/noticias\/vivienda\/compraventa-de-viviendas\/\" rel=\"category tag\">Compra Venta<\/a><span class=\"fusion-inline-sep\">|<\/span><\/p><div class=\"fusion-content-sep sep-double sep-solid\" style=\"border-color:#ebeaea;\"><\/div><div class=\"fusion-post-content-container\"><p>Situada en la Vega Media del Segura y a menos de 10 kil\u00f3metros de Murcia capital, de cuya \u00e1rea metropolitana forma parte, Molina de Segura es la cuarta ciudad en poblaci\u00f3n de la regi\u00f3n murciana<\/p><\/div><\/div><\/div><div class=\"fusion-clearfix\"><\/div><\/div>\n<\/article>\n<article id=\"blog-2-post-26192\" class=\"fusion-post-grid post-26192 post type-post status-publish format-standard has-post-thumbnail hentry category-agencias-inmobiliarias tag-agencia-boletin-2 tag-cala-finestrat tag-milpisos-agencia-inmobiliaria tag-promocion-de-villas\">\n<div class=\"fusion-post-wrapper\" style=\"background-color:rgba(255,255,255,0);border:1px solid #ebeaea;border-bottom-width:3px;\">\n\n\t\t\t<div class=\"fusion-flexslider flexslider fusion-flexslider-loading fusion-post-slideshow\" style=\"border-color:#ebeaea;\">\n\t\t<ul class=\"slides\">\n\t\t\t\n\t\t\t\t\t\t\t\t\t\t\t\t\t\t<li>\n\n<div  class=\"fusion-image-wrapper\" aria-haspopup=\"true\">\n\t\n\t\n\t\n\t\t\n\t\t\t\t\t<img decoding=\"async\" width=\"400\" height=\"300\" src=\"https:\/\/www.aquimicasa.net\/blog\/wp-content\/uploads\/foto7-e1591685880626.jpg\" class=\"attachment-full size-full wp-post-image\" alt=\"\" \/>\n\t\n\n\t\t<div class=\"fusion-rollover\">\n\t<div class=\"fusion-rollover-content\">\n\n\t\t\t\t\n\t\t\n\t\t\t\t\t\t\t\t\t\t\t\t<h4 class=\"fusion-rollover-title\">\n\t\t\t\t\t<a class=\"fusion-rollover-title-link\" href=\"https:\/\/www.aquimicasa.net\/blog\/vivienda\/agencias-inmobiliarias\/promocion-de-villas-en-venta-en-cala-finestrat-alicante\/\">\n\t\t\t\t\t\tPromoci\u00f3n de villas en venta en Cala Finestrat Alicante\t\t\t\t\t<\/a>\n\t\t\t\t<\/h4>\n\t\t\t\n\t\t\t\t\t\t\t\t\n\t\t\n\t\t\t\t\t\t<a class=\"fusion-link-wrapper\" href=\"https:\/\/www.aquimicasa.net\/blog\/vivienda\/agencias-inmobiliarias\/promocion-de-villas-en-venta-en-cala-finestrat-alicante\/\" aria-label=\"Promoci\u00f3n de villas en venta en Cala Finestrat Alicante\"><\/a>\n\t<\/div>\n<\/div>\n\n\t\n<\/div>\n<\/li>\n\t\t\t\n\t\t\t\n\t\t\t\t\t\t\t\t\t\t\t\t\t\t\t\t\t\t\t\t\t\t\t\t\t\t\t\t\t\t\t\t\t\t\t\t\t\t\t\t\t\t\t\t\t\t\t\t\t\t\t\t\t\t\t\t\t\t\t\t\t\t\t\t\t\t\t\t<\/ul>\n\t<\/div>\n\t<div class=\"fusion-post-content-wrapper\" style=\"padding:30px 25px 20px 25px;\"><div class=\"fusion-post-content post-content\"><h2 class=\"blog-shortcode-post-title entry-title\"><a href=\"https:\/\/www.aquimicasa.net\/blog\/vivienda\/agencias-inmobiliarias\/promocion-de-villas-en-venta-en-cala-finestrat-alicante\/\">Promoci\u00f3n de villas en venta en Cala Finestrat Alicante<\/a><\/h2><p class=\"fusion-single-line-meta\"><span class=\"updated\" style=\"display:none;\">2021-08-19T10:05:40+02:00<\/span>Por <span class=\"vcard\"><span class=\"fn\"><a href=\"https:\/\/www.aquimicasa.net\/blog\/author\/eduardo\/\" title=\"Entradas de Eduardo Lizarraga\" rel=\"author\">Eduardo Lizarraga<\/a><\/span><\/span><span class=\"fusion-inline-sep\">|<\/span><a href=\"https:\/\/www.aquimicasa.net\/blog\/noticias\/vivienda\/agencias-inmobiliarias\/\" rel=\"category tag\">Agencias Inmobiliarias<\/a><span class=\"fusion-inline-sep\">|<\/span><\/p><div class=\"fusion-content-sep sep-double sep-solid\" style=\"border-color:#ebeaea;\"><\/div><div class=\"fusion-post-content-container\"><p>Todos los detalles de esta Promoci\u00f3n de villas en venta en Cala Finestrat\u00a0est\u00e1n concebidos para que sus propietarios sientan la exclusividad, independencia y comodidad que otorga la singular disposici\u00f3n de una vivienda por planta, con unos acabados y est\u00e9tica de primer nivel con la mejor relaci\u00f3n calidad\/precio<\/p><\/div><\/div><\/div><div class=\"fusion-clearfix\"><\/div><\/div>\n<\/article>\n<article id=\"blog-2-post-28411\" class=\"fusion-post-grid post-28411 post type-post status-publish format-standard has-post-thumbnail hentry category-agencias-inmobiliarias tag-actualidad-agencias-inmobiliarias tag-agencia-boletin-2 tag-pisos-en-venta-en-la-ciudad-de-oviedo tag-pisos-y-casas-en-venta-en-pueblos-de-asturias\">\n<div class=\"fusion-post-wrapper\" style=\"background-color:rgba(255,255,255,0);border:1px solid #ebeaea;border-bottom-width:3px;\">\n\n\t\t\t<div class=\"fusion-flexslider flexslider fusion-flexslider-loading fusion-post-slideshow\" style=\"border-color:#ebeaea;\">\n\t\t<ul class=\"slides\">\n\t\t\t\n\t\t\t\t\t\t\t\t\t\t\t\t\t\t<li>\n\n<div  class=\"fusion-image-wrapper\" aria-haspopup=\"true\">\n\t\n\t\n\t\n\t\t\n\t\t\t\t\t<img decoding=\"async\" width=\"400\" height=\"225\" src=\"https:\/\/www.aquimicasa.net\/blog\/wp-content\/uploads\/Oviedo2-e1591686951711.jpg\" class=\"attachment-full size-full wp-post-image\" alt=\"\" \/>\n\t\n\n\t\t<div class=\"fusion-rollover\">\n\t<div class=\"fusion-rollover-content\">\n\n\t\t\t\t\n\t\t\n\t\t\t\t\t\t\t\t\t\t\t\t<h4 class=\"fusion-rollover-title\">\n\t\t\t\t\t<a class=\"fusion-rollover-title-link\" href=\"https:\/\/www.aquimicasa.net\/blog\/vivienda\/agencias-inmobiliarias\/mejor-oferta-de-pisos-en-venta-en-oviedo\/\">\n\t\t\t\t\t\tMejor oferta de pisos en venta en Oviedo\t\t\t\t\t<\/a>\n\t\t\t\t<\/h4>\n\t\t\t\n\t\t\t\t\t\t\t\t\n\t\t\n\t\t\t\t\t\t<a class=\"fusion-link-wrapper\" href=\"https:\/\/www.aquimicasa.net\/blog\/vivienda\/agencias-inmobiliarias\/mejor-oferta-de-pisos-en-venta-en-oviedo\/\" aria-label=\"Mejor oferta de pisos en venta en Oviedo\"><\/a>\n\t<\/div>\n<\/div>\n\n\t\n<\/div>\n<\/li>\n\t\t\t\n\t\t\t\n\t\t\t\t\t\t\t\t\t\t\t\t\t\t\t\t\t\t\t\t\t\t\t\t\t\t\t\t\t\t\t\t\t\t\t\t\t\t\t\t\t\t\t\t\t\t\t\t\t\t\t\t\t\t\t\t\t\t\t\t\t\t\t\t\t\t\t\t<\/ul>\n\t<\/div>\n\t<div class=\"fusion-post-content-wrapper\" style=\"padding:30px 25px 20px 25px;\"><div class=\"fusion-post-content post-content\"><h2 class=\"blog-shortcode-post-title entry-title\"><a href=\"https:\/\/www.aquimicasa.net\/blog\/vivienda\/agencias-inmobiliarias\/mejor-oferta-de-pisos-en-venta-en-oviedo\/\">Mejor oferta de pisos en venta en Oviedo<\/a><\/h2><p class=\"fusion-single-line-meta\"><span class=\"updated\" style=\"display:none;\">2023-07-04T16:29:45+02:00<\/span>Por <span class=\"vcard\"><span class=\"fn\"><a href=\"https:\/\/www.aquimicasa.net\/blog\/author\/eduardo\/\" title=\"Entradas de Eduardo Lizarraga\" rel=\"author\">Eduardo Lizarraga<\/a><\/span><\/span><span class=\"fusion-inline-sep\">|<\/span><a href=\"https:\/\/www.aquimicasa.net\/blog\/noticias\/vivienda\/agencias-inmobiliarias\/\" rel=\"category tag\">Agencias Inmobiliarias<\/a><span class=\"fusion-inline-sep\">|<\/span><\/p><div class=\"fusion-content-sep sep-double sep-solid\" style=\"border-color:#ebeaea;\"><\/div><div class=\"fusion-post-content-container\"><p>La verdadera funci\u00f3n de Oviedo en el entorno asturiano\u00a0 fue log\u00edstica, organizativa y financiera, gracias a su privilegiada situaci\u00f3n entre las cuencas hulleras y los puertos cant\u00e1bricos y a la apertura de cuatro bancos en la ciudad. Desde aquel momento muchas personas comenzaron a buscar la mejor oferta de pisos en venta en Oviedo.<\/p><\/div><\/div><\/div><div class=\"fusion-clearfix\"><\/div><\/div>\n<\/article>\n<article id=\"blog-2-post-27668\" class=\"fusion-post-grid post-27668 post type-post status-publish format-standard has-post-thumbnail hentry category-agencias-inmobiliarias category-compraventa-de-viviendas tag-agencia-boletin-2 tag-anna-gomez-inmobiliaria tag-bai-penedes tag-calafell tag-pisos-y-casas-en-venta-para-la-playa-en-calafell tag-pisos-y-casas-en-venta-para-vivir-en-calafell\">\n<div class=\"fusion-post-wrapper\" style=\"background-color:rgba(255,255,255,0);border:1px solid #ebeaea;border-bottom-width:3px;\">\n\n\t\t\t<div class=\"fusion-flexslider flexslider fusion-flexslider-loading fusion-post-slideshow\" style=\"border-color:#ebeaea;\">\n\t\t<ul class=\"slides\">\n\t\t\t\n\t\t\t\t\t\t\t\t\t\t\t\t\t\t<li>\n\n<div  class=\"fusion-image-wrapper\" aria-haspopup=\"true\">\n\t\n\t\n\t\n\t\t\n\t\t\t\t\t<img decoding=\"async\" width=\"800\" height=\"333\" src=\"https:\/\/www.aquimicasa.net\/blog\/wp-content\/uploads\/CALAFELL4-e1580110266477.jpg\" class=\"attachment-full size-full wp-post-image\" alt=\"\" srcset=\"https:\/\/www.aquimicasa.net\/blog\/wp-content\/uploads\/CALAFELL4-e1580110266477-200x83.jpg 200w, https:\/\/www.aquimicasa.net\/blog\/wp-content\/uploads\/CALAFELL4-e1580110266477-400x167.jpg 400w, https:\/\/www.aquimicasa.net\/blog\/wp-content\/uploads\/CALAFELL4-e1580110266477-600x250.jpg 600w, https:\/\/www.aquimicasa.net\/blog\/wp-content\/uploads\/CALAFELL4-e1580110266477.jpg 800w\" sizes=\"(min-width: 2200px) 100vw, (min-width: 784px) 340px, (min-width: 712px) 510px, (min-width: 640px) 712px, \" \/>\n\t\n\n\t\t<div class=\"fusion-rollover\">\n\t<div class=\"fusion-rollover-content\">\n\n\t\t\t\t\n\t\t\n\t\t\t\t\t\t\t\t\t\t\t\t<h4 class=\"fusion-rollover-title\">\n\t\t\t\t\t<a class=\"fusion-rollover-title-link\" href=\"https:\/\/www.aquimicasa.net\/blog\/vivienda\/agencias-inmobiliarias\/pisos-y-casas-en-venta-para-la-playa-en-calafell\/\">\n\t\t\t\t\t\tPisos y casas en venta para la playa en Calafell\t\t\t\t\t<\/a>\n\t\t\t\t<\/h4>\n\t\t\t\n\t\t\t\t\t\t\t\t\n\t\t\n\t\t\t\t\t\t<a class=\"fusion-link-wrapper\" href=\"https:\/\/www.aquimicasa.net\/blog\/vivienda\/agencias-inmobiliarias\/pisos-y-casas-en-venta-para-la-playa-en-calafell\/\" aria-label=\"Pisos y casas en venta para la playa en Calafell\"><\/a>\n\t<\/div>\n<\/div>\n\n\t\n<\/div>\n<\/li>\n\t\t\t\n\t\t\t\n\t\t\t\t\t\t\t\t\t\t\t\t\t\t\t\t\t\t\t\t\t\t\t\t\t\t\t\t\t\t\t\t\t\t\t\t\t\t\t\t\t\t\t\t\t\t\t\t\t\t\t\t\t\t\t\t\t\t\t\t\t\t\t\t\t\t\t\t<\/ul>\n\t<\/div>\n\t<div class=\"fusion-post-content-wrapper\" style=\"padding:30px 25px 20px 25px;\"><div class=\"fusion-post-content post-content\"><h2 class=\"blog-shortcode-post-title entry-title\"><a href=\"https:\/\/www.aquimicasa.net\/blog\/vivienda\/agencias-inmobiliarias\/pisos-y-casas-en-venta-para-la-playa-en-calafell\/\">Pisos y casas en venta para la playa en Calafell<\/a><\/h2><p class=\"fusion-single-line-meta\"><span class=\"updated\" style=\"display:none;\">2025-02-08T11:08:26+01:00<\/span>Por <span class=\"vcard\"><span class=\"fn\"><a href=\"https:\/\/www.aquimicasa.net\/blog\/author\/eduardo\/\" title=\"Entradas de Eduardo Lizarraga\" rel=\"author\">Eduardo Lizarraga<\/a><\/span><\/span><span class=\"fusion-inline-sep\">|<\/span><a href=\"https:\/\/www.aquimicasa.net\/blog\/noticias\/vivienda\/agencias-inmobiliarias\/\" rel=\"category tag\">Agencias Inmobiliarias<\/a>, <a href=\"https:\/\/www.aquimicasa.net\/blog\/noticias\/vivienda\/compraventa-de-viviendas\/\" rel=\"category tag\">Compra Venta<\/a><span class=\"fusion-inline-sep\">|<\/span><\/p><div class=\"fusion-content-sep sep-double sep-solid\" style=\"border-color:#ebeaea;\"><\/div><div class=\"fusion-post-content-container\"><p>Calafell forma parte de la comarca del Baix Pened\u00e9s y se sit\u00faa entre las provincias de Tarragona y Barcelona. Su antigua econom\u00eda, basada en la agricultura de secano, con vides y olivos, a la que se a\u00f1ad\u00eda la pesca, se ha ido transformando y hoy en d\u00eda es el turismo la principal fuente de ingresos de la poblaci\u00f3n. Acompa\u00f1ando al turismo, la construcci\u00f3n, la hosteler\u00eda y la gesti\u00f3n inmobiliaria dan ocupaci\u00f3n a una gran parte de sus m\u00e1s de 26.000 habitantes. Y si buscas una vivienda, Anna G\u00f3mez Inmobiliaria dispone de una amplia oferta de pisos y casas en venta para vivir en Calafell.<\/p><\/div><\/div><\/div><div class=\"fusion-clearfix\"><\/div><\/div>\n<\/article>\n<article id=\"blog-2-post-26352\" class=\"fusion-post-grid post-26352 post type-post status-publish format-standard has-post-thumbnail hentry category-agencias-inmobiliarias category-compraventa-de-viviendas tag-agencia-boletin-2 tag-chalet-adosado-4-habitaciones-en-venta-montesoro-algete tag-garaje-en-alquiler-en-zona-moncloa-de-madrid tag-local-comercial-en-venta-en-mostoles-central tag-local-hosteleria-en-alquiler-en-vallehermoso-madrid tag-local-restaurante-en-traspaso-en-arguelles-madrid tag-oficina-en-venta-zona-intercambiador-moncloa-madrid tag-parcela-con-chalet-para-inversores-en-boadilla-del-monte tag-piso-en-venta-4-habitaciones-zona-gaztambide-madrid tag-piso-en-venta-inversores-en-zona-canillas-madrid tag-pisos-en-venta-y-alquiler-en-chamberi-arguelles-de-madrid tag-soluciones-inmobiliarias-jaspem\">\n<div class=\"fusion-post-wrapper\" style=\"background-color:rgba(255,255,255,0);border:1px solid #ebeaea;border-bottom-width:3px;\">\n\n\t\t\t<div class=\"fusion-flexslider flexslider fusion-flexslider-loading fusion-post-slideshow\" style=\"border-color:#ebeaea;\">\n\t\t<ul class=\"slides\">\n\t\t\t\n\t\t\t\t\t\t\t\t\t\t\t\t\t\t<li>\n\n<div  class=\"fusion-image-wrapper\" aria-haspopup=\"true\">\n\t\n\t\n\t\n\t\t\n\t\t\t\t\t<img decoding=\"async\" width=\"640\" height=\"480\" src=\"https:\/\/www.aquimicasa.net\/blog\/wp-content\/uploads\/Arguelles1.jpg\" class=\"attachment-full size-full wp-post-image\" alt=\"\" srcset=\"https:\/\/www.aquimicasa.net\/blog\/wp-content\/uploads\/Arguelles1-200x150.jpg 200w, https:\/\/www.aquimicasa.net\/blog\/wp-content\/uploads\/Arguelles1-400x300.jpg 400w, https:\/\/www.aquimicasa.net\/blog\/wp-content\/uploads\/Arguelles1-600x450.jpg 600w, https:\/\/www.aquimicasa.net\/blog\/wp-content\/uploads\/Arguelles1.jpg 640w\" sizes=\"(min-width: 2200px) 100vw, (min-width: 784px) 340px, (min-width: 712px) 510px, (min-width: 640px) 712px, \" \/>\n\t\n\n\t\t<div class=\"fusion-rollover\">\n\t<div class=\"fusion-rollover-content\">\n\n\t\t\t\t\n\t\t\n\t\t\t\t\t\t\t\t\t\t\t\t<h4 class=\"fusion-rollover-title\">\n\t\t\t\t\t<a class=\"fusion-rollover-title-link\" href=\"https:\/\/www.aquimicasa.net\/blog\/vivienda\/compraventa-de-viviendas\/pisos-en-venta-y-alquiler-en-chamberi-arguelles-de-madrid\/\">\n\t\t\t\t\t\tPisos en venta y alquiler en Chamberi Arguelles de Madrid\t\t\t\t\t<\/a>\n\t\t\t\t<\/h4>\n\t\t\t\n\t\t\t\t\t\t\t\t\n\t\t\n\t\t\t\t\t\t<a class=\"fusion-link-wrapper\" href=\"https:\/\/www.aquimicasa.net\/blog\/vivienda\/compraventa-de-viviendas\/pisos-en-venta-y-alquiler-en-chamberi-arguelles-de-madrid\/\" aria-label=\"Pisos en venta y alquiler en Chamberi Arguelles de Madrid\"><\/a>\n\t<\/div>\n<\/div>\n\n\t\n<\/div>\n<\/li>\n\t\t\t\n\t\t\t\n\t\t\t\t\t\t\t\t\t\t\t\t\t\t\t\t\t\t\t\t\t\t\t\t\t\t\t\t\t\t\t\t\t\t\t\t\t\t\t\t\t\t\t\t\t\t\t\t\t\t\t\t\t\t\t\t\t\t\t\t\t\t\t\t\t\t\t\t<\/ul>\n\t<\/div>\n\t<div class=\"fusion-post-content-wrapper\" style=\"padding:30px 25px 20px 25px;\"><div class=\"fusion-post-content post-content\"><h2 class=\"blog-shortcode-post-title entry-title\"><a href=\"https:\/\/www.aquimicasa.net\/blog\/vivienda\/compraventa-de-viviendas\/pisos-en-venta-y-alquiler-en-chamberi-arguelles-de-madrid\/\">Pisos en venta y alquiler en Chamberi Arguelles de Madrid<\/a><\/h2><p class=\"fusion-single-line-meta\"><span class=\"updated\" style=\"display:none;\">2021-03-14T08:39:19+01:00<\/span>Por <span class=\"vcard\"><span class=\"fn\"><a href=\"https:\/\/www.aquimicasa.net\/blog\/author\/eduardo\/\" title=\"Entradas de Eduardo Lizarraga\" rel=\"author\">Eduardo Lizarraga<\/a><\/span><\/span><span class=\"fusion-inline-sep\">|<\/span><a href=\"https:\/\/www.aquimicasa.net\/blog\/noticias\/vivienda\/agencias-inmobiliarias\/\" rel=\"category tag\">Agencias Inmobiliarias<\/a>, <a href=\"https:\/\/www.aquimicasa.net\/blog\/noticias\/vivienda\/compraventa-de-viviendas\/\" rel=\"category tag\">Compra Venta<\/a><span class=\"fusion-inline-sep\">|<\/span><\/p><div class=\"fusion-content-sep sep-double sep-solid\" style=\"border-color:#ebeaea;\"><\/div><div class=\"fusion-post-content-container\"><p>Piso en venta 4 habitaciones zona Gaztambide Madrid, Local restaurante en traspaso en Arguelles Madrid, Local hosteler\u00eda en alquiler en Vallehermoso Madrid, Oficina en venta zona intercambiador Moncloa Madrid, Piso en venta 4 habitaciones zona Gaztambide Madrid, Garaje en alquiler en zona Moncloa de Madrid, Local comercial en venta en M\u00f3stoles Central, Parcela con chalet para inversores en Boadilla del Monte, Piso en venta inversores en zona Canillas Madrid, Chalet adosado 4 habitaciones en venta Montesoro Algete, Soluciones Inmobiliarias Jaspem, pisos en venta y alquiler en Chamberi Arguelles de Madrid<\/p><\/div><\/div><\/div><div class=\"fusion-clearfix\"><\/div><\/div>\n<\/article>\n<article id=\"blog-2-post-25724\" class=\"fusion-post-grid post-25724 post type-post status-publish format-standard has-post-thumbnail hentry category-compraventa-de-viviendas tag-agencia-boletin-2 tag-obra-nueva-en-los-alcazares tag-promocion-nueva-en-los-alcazares\">\n<div class=\"fusion-post-wrapper\" style=\"background-color:rgba(255,255,255,0);border:1px solid #ebeaea;border-bottom-width:3px;\">\n\n\t\t\t<div class=\"fusion-flexslider flexslider fusion-flexslider-loading fusion-post-slideshow\" style=\"border-color:#ebeaea;\">\n\t\t<ul class=\"slides\">\n\t\t\t\n\t\t\t\t\t\t\t\t\t\t\t\t\t\t<li>\n\n<div  class=\"fusion-image-wrapper\" aria-haspopup=\"true\">\n\t\n\t\n\t\n\t\t\n\t\t\t\t\t<img decoding=\"async\" width=\"1500\" height=\"1125\" src=\"https:\/\/www.aquimicasa.net\/blog\/wp-content\/uploads\/672187579.jpg\" class=\"attachment-full size-full wp-post-image\" alt=\"\" srcset=\"https:\/\/www.aquimicasa.net\/blog\/wp-content\/uploads\/672187579-200x150.jpg 200w, https:\/\/www.aquimicasa.net\/blog\/wp-content\/uploads\/672187579-400x300.jpg 400w, https:\/\/www.aquimicasa.net\/blog\/wp-content\/uploads\/672187579-600x450.jpg 600w, https:\/\/www.aquimicasa.net\/blog\/wp-content\/uploads\/672187579-800x600.jpg 800w, https:\/\/www.aquimicasa.net\/blog\/wp-content\/uploads\/672187579-1200x900.jpg 1200w, https:\/\/www.aquimicasa.net\/blog\/wp-content\/uploads\/672187579.jpg 1500w\" sizes=\"(min-width: 2200px) 100vw, (min-width: 784px) 340px, (min-width: 712px) 510px, (min-width: 640px) 712px, \" \/>\n\t\n\n\t\t<div class=\"fusion-rollover\">\n\t<div class=\"fusion-rollover-content\">\n\n\t\t\t\t\n\t\t\n\t\t\t\t\t\t\t\t\t\t\t\t<h4 class=\"fusion-rollover-title\">\n\t\t\t\t\t<a class=\"fusion-rollover-title-link\" href=\"https:\/\/www.aquimicasa.net\/blog\/vivienda\/compraventa-de-viviendas\/promocion-de-obra-nueva-para-vivir-en-los-alcazares\/\">\n\t\t\t\t\t\tPromoci\u00f3n de obra nueva para vivir en Los Alc\u00e1zares\t\t\t\t\t<\/a>\n\t\t\t\t<\/h4>\n\t\t\t\n\t\t\t\t\t\t\t\t\n\t\t\n\t\t\t\t\t\t<a class=\"fusion-link-wrapper\" href=\"https:\/\/www.aquimicasa.net\/blog\/vivienda\/compraventa-de-viviendas\/promocion-de-obra-nueva-para-vivir-en-los-alcazares\/\" aria-label=\"Promoci\u00f3n de obra nueva para vivir en Los Alc\u00e1zares\"><\/a>\n\t<\/div>\n<\/div>\n\n\t\n<\/div>\n<\/li>\n\t\t\t\n\t\t\t\n\t\t\t\t\t\t\t\t\t\t\t\t\t\t\t\t\t\t\t\t\t\t\t\t\t\t\t\t\t\t\t\t\t\t\t\t\t\t\t\t\t\t\t\t\t\t\t\t\t\t\t\t\t\t\t\t\t\t\t\t\t\t\t\t\t\t\t\t<\/ul>\n\t<\/div>\n\t<div class=\"fusion-post-content-wrapper\" style=\"padding:30px 25px 20px 25px;\"><div class=\"fusion-post-content post-content\"><h2 class=\"blog-shortcode-post-title entry-title\"><a href=\"https:\/\/www.aquimicasa.net\/blog\/vivienda\/compraventa-de-viviendas\/promocion-de-obra-nueva-para-vivir-en-los-alcazares\/\">Promoci\u00f3n de obra nueva para vivir en Los Alc\u00e1zares<\/a><\/h2><p class=\"fusion-single-line-meta\"><span class=\"updated\" style=\"display:none;\">2020-06-17T21:06:46+02:00<\/span>Por <span class=\"vcard\"><span class=\"fn\"><a href=\"https:\/\/www.aquimicasa.net\/blog\/author\/eduardo\/\" title=\"Entradas de Eduardo Lizarraga\" rel=\"author\">Eduardo Lizarraga<\/a><\/span><\/span><span class=\"fusion-inline-sep\">|<\/span><a href=\"https:\/\/www.aquimicasa.net\/blog\/noticias\/vivienda\/compraventa-de-viviendas\/\" rel=\"category tag\">Compra Venta<\/a><span class=\"fusion-inline-sep\">|<\/span><\/p><div class=\"fusion-content-sep sep-double sep-solid\" style=\"border-color:#ebeaea;\"><\/div><div class=\"fusion-post-content-container\"><p> El buen tiempo y la calidez de las aguas del Mar Menor, fueron desde antiguo un importante foco de atracci\u00f3n para \u00a0la poblaci\u00f3n que, desde antiguo habit\u00f3 en sus riberas. Los romanos construyeron una gran villa termal y difundieron la tonicidad de los ba\u00f1os. Los \u00e1rabes le dieron el nombre al fortificar la antigua villa romana, en la que sus dirigentes continuaron la tradici\u00f3n \u00a0de aprovechar las propiedades termales del Mar Menor.\u00a0 Y la llegada del turismo, a partir [...]<\/p><\/div><\/div><\/div><div class=\"fusion-clearfix\"><\/div><\/div>\n<\/article>\n<article id=\"blog-2-post-24826\" class=\"fusion-post-grid post-24826 post type-post status-publish format-standard has-post-thumbnail hentry category-agencias-inmobiliarias category-compraventa-de-viviendas category-noticias-mercado-inmobiliario tag-agencia-boletin-2 tag-almendra-central-de-madrid\">\n<div class=\"fusion-post-wrapper\" style=\"background-color:rgba(255,255,255,0);border:1px solid #ebeaea;border-bottom-width:3px;\">\n\n\t\t\t<div class=\"fusion-flexslider flexslider fusion-flexslider-loading fusion-post-slideshow\" style=\"border-color:#ebeaea;\">\n\t\t<ul class=\"slides\">\n\t\t\t\n\t\t\t\t\t\t\t\t\t\t\t\t\t\t<li>\n\n<div  class=\"fusion-image-wrapper\" aria-haspopup=\"true\">\n\t\n\t\n\t\n\t\t\n\t\t\t\t\t<img decoding=\"async\" width=\"450\" height=\"245\" src=\"https:\/\/www.aquimicasa.net\/blog\/wp-content\/uploads\/Madrid3-e1552503036721.jpg\" class=\"attachment-full size-full wp-post-image\" alt=\"\" \/>\n\t\n\n\t\t<div class=\"fusion-rollover\">\n\t<div class=\"fusion-rollover-content\">\n\n\t\t\t\t\n\t\t\n\t\t\t\t\t\t\t\t\t\t\t\t<h4 class=\"fusion-rollover-title\">\n\t\t\t\t\t<a class=\"fusion-rollover-title-link\" href=\"https:\/\/www.aquimicasa.net\/blog\/vivienda\/compraventa-de-viviendas\/un-piso-en-venta-para-vivir-la-almendra-central-de-madrid\/\">\n\t\t\t\t\t\tUn piso en venta para vivir la almendra central de Madrid\t\t\t\t\t<\/a>\n\t\t\t\t<\/h4>\n\t\t\t\n\t\t\t\t\t\t\t\t\n\t\t\n\t\t\t\t\t\t<a class=\"fusion-link-wrapper\" href=\"https:\/\/www.aquimicasa.net\/blog\/vivienda\/compraventa-de-viviendas\/un-piso-en-venta-para-vivir-la-almendra-central-de-madrid\/\" aria-label=\"Un piso en venta para vivir la almendra central de Madrid\"><\/a>\n\t<\/div>\n<\/div>\n\n\t\n<\/div>\n<\/li>\n\t\t\t\n\t\t\t\n\t\t\t\t\t\t\t\t\t\t\t\t\t\t\t\t\t\t\t\t\t\t\t\t\t\t\t\t\t\t\t\t\t\t\t\t\t\t\t\t\t\t\t\t\t\t\t\t\t\t\t\t\t\t\t\t\t\t\t\t\t\t\t\t\t\t\t\t<\/ul>\n\t<\/div>\n\t<div class=\"fusion-post-content-wrapper\" style=\"padding:30px 25px 20px 25px;\"><div class=\"fusion-post-content post-content\"><h2 class=\"blog-shortcode-post-title entry-title\"><a href=\"https:\/\/www.aquimicasa.net\/blog\/vivienda\/compraventa-de-viviendas\/un-piso-en-venta-para-vivir-la-almendra-central-de-madrid\/\">Un piso en venta para vivir la almendra central de Madrid<\/a><\/h2><p class=\"fusion-single-line-meta\"><span class=\"updated\" style=\"display:none;\">2024-09-01T11:25:20+02:00<\/span>Por <span class=\"vcard\"><span class=\"fn\"><a href=\"https:\/\/www.aquimicasa.net\/blog\/author\/eduardo\/\" title=\"Entradas de Eduardo Lizarraga\" rel=\"author\">Eduardo Lizarraga<\/a><\/span><\/span><span class=\"fusion-inline-sep\">|<\/span><a href=\"https:\/\/www.aquimicasa.net\/blog\/noticias\/vivienda\/agencias-inmobiliarias\/\" rel=\"category tag\">Agencias Inmobiliarias<\/a>, <a href=\"https:\/\/www.aquimicasa.net\/blog\/noticias\/vivienda\/compraventa-de-viviendas\/\" rel=\"category tag\">Compra Venta<\/a>, <a href=\"https:\/\/www.aquimicasa.net\/blog\/noticias\/vivienda\/noticias-mercado-inmobiliario\/\" rel=\"category tag\">Noticias Mercado Inmobiliario<\/a><span class=\"fusion-inline-sep\">|<\/span><\/p><div class=\"fusion-content-sep sep-double sep-solid\" style=\"border-color:#ebeaea;\"><\/div><div class=\"fusion-post-content-container\"><p>Encontrar\u00a0un\u00a0piso en venta para vivir la almendra central de Madrid\u00a0es el objetivo de miles de personas que buscan las mejores ofertas en todos los barrios del\u00a0centro de Madrid. Porque eso es la\u00a0almendra central de Madrid, \u00a0los distritos y barrios que encontramos dentro de la v\u00eda de circunvalaci\u00f3n M-30 que los rodea a todos formando una almendra.<\/p><\/div><\/div><\/div><div class=\"fusion-clearfix\"><\/div><\/div>\n<\/article>\n<article id=\"blog-2-post-20629\" class=\"fusion-post-grid post-20629 post type-post status-publish format-standard has-post-thumbnail hentry category-agencias-inmobiliarias category-compraventa-de-viviendas tag-agencia-boletin-2 tag-casas-para-vivir-en-sagunto tag-inmobiliaria-lacruz tag-pisos-en-alquiler-en-puerto-de-sagunto tag-pisos-en-playa-de-sagunto tag-vivienda-en-venta-en-puerto-de-sagunto\">\n<div class=\"fusion-post-wrapper\" style=\"background-color:rgba(255,255,255,0);border:1px solid #ebeaea;border-bottom-width:3px;\">\n\n\t\t\t<div class=\"fusion-flexslider flexslider fusion-flexslider-loading fusion-post-slideshow\" style=\"border-color:#ebeaea;\">\n\t\t<ul class=\"slides\">\n\t\t\t\n\t\t\t\t\t\t\t\t\t\t\t\t\t\t<li>\n\n<div  class=\"fusion-image-wrapper\" aria-haspopup=\"true\">\n\t\n\t\n\t\n\t\t\n\t\t\t\t\t<img decoding=\"async\" width=\"340\" height=\"227\" src=\"https:\/\/www.aquimicasa.net\/blog\/wp-content\/uploads\/Sagunto2-e1529258590461.jpg\" class=\"attachment-full size-full wp-post-image\" alt=\"\" \/>\n\t\n\n\t\t<div class=\"fusion-rollover\">\n\t<div class=\"fusion-rollover-content\">\n\n\t\t\t\t\n\t\t\n\t\t\t\t\t\t\t\t\t\t\t\t<h4 class=\"fusion-rollover-title\">\n\t\t\t\t\t<a class=\"fusion-rollover-title-link\" href=\"https:\/\/www.aquimicasa.net\/blog\/vivienda\/agencias-inmobiliarias\/casas-en-venta-para-vivir-en-sagunto\/\">\n\t\t\t\t\t\tCasas en venta para vivir en Sagunto\t\t\t\t\t<\/a>\n\t\t\t\t<\/h4>\n\t\t\t\n\t\t\t\t\t\t\t\t\n\t\t\n\t\t\t\t\t\t<a class=\"fusion-link-wrapper\" href=\"https:\/\/www.aquimicasa.net\/blog\/vivienda\/agencias-inmobiliarias\/casas-en-venta-para-vivir-en-sagunto\/\" aria-label=\"Casas en venta para vivir en Sagunto\"><\/a>\n\t<\/div>\n<\/div>\n\n\t\n<\/div>\n<\/li>\n\t\t\t\n\t\t\t\n\t\t\t\t\t\t\t\t\t\t\t\t\t\t\t\t\t\t\t\t\t\t\t\t\t\t\t\t\t\t\t\t\t\t\t\t\t\t\t\t\t\t\t\t\t\t\t\t\t\t\t\t\t\t\t\t\t\t\t\t\t\t\t\t\t\t\t\t<\/ul>\n\t<\/div>\n\t<div class=\"fusion-post-content-wrapper\" style=\"padding:30px 25px 20px 25px;\"><div class=\"fusion-post-content post-content\"><h2 class=\"blog-shortcode-post-title entry-title\"><a href=\"https:\/\/www.aquimicasa.net\/blog\/vivienda\/agencias-inmobiliarias\/casas-en-venta-para-vivir-en-sagunto\/\">Casas en venta para vivir en Sagunto<\/a><\/h2><p class=\"fusion-single-line-meta\"><span class=\"updated\" style=\"display:none;\">2021-05-03T23:06:26+02:00<\/span>Por <span class=\"vcard\"><span class=\"fn\"><a href=\"https:\/\/www.aquimicasa.net\/blog\/author\/eduardo\/\" title=\"Entradas de Eduardo Lizarraga\" rel=\"author\">Eduardo Lizarraga<\/a><\/span><\/span><span class=\"fusion-inline-sep\">|<\/span><a href=\"https:\/\/www.aquimicasa.net\/blog\/noticias\/vivienda\/agencias-inmobiliarias\/\" rel=\"category tag\">Agencias Inmobiliarias<\/a>, <a href=\"https:\/\/www.aquimicasa.net\/blog\/noticias\/vivienda\/compraventa-de-viviendas\/\" rel=\"category tag\">Compra Venta<\/a><span class=\"fusion-inline-sep\">|<\/span><\/p><div class=\"fusion-content-sep sep-double sep-solid\" style=\"border-color:#ebeaea;\"><\/div><div class=\"fusion-post-content-container\"><p>Aunque era un importante puerto comercial desde el siglo VI AC, las primeras apariciones de Sagunto en la historia tienen mucho que ver con la guerra y el drama. Su decidido posicionamiento con Roma, cuando a\u00fan era una ciudad ibera llamada Arse, la colocaron en el punto de mira del general cartagin\u00e9s An\u00edbal, que la siti\u00f3 y tom\u00f3 en el 219 AC, al cabo de ocho meses de heroica resistencia, comenzando con esta acci\u00f3n cartaginesa la segunda guerra p\u00fanica.<\/p><\/div><\/div><\/div><div class=\"fusion-clearfix\"><\/div><\/div>\n<\/article>\n<article id=\"blog-2-post-23803\" class=\"fusion-post-grid post-23803 post type-post status-publish format-standard has-post-thumbnail hentry category-agencias-inmobiliarias tag-agencia-boletin-2 tag-aticos tag-aticos-en-alquiler-en-la-manga tag-aticos-en-venta-en-la-manga tag-mar-menor\">\n<div class=\"fusion-post-wrapper\" style=\"background-color:rgba(255,255,255,0);border:1px solid #ebeaea;border-bottom-width:3px;\">\n\n\t\t\t<div class=\"fusion-flexslider flexslider fusion-flexslider-loading fusion-post-slideshow\" style=\"border-color:#ebeaea;\">\n\t\t<ul class=\"slides\">\n\t\t\t\n\t\t\t\t\t\t\t\t\t\t\t\t\t\t<li>\n\n<div  class=\"fusion-image-wrapper\" aria-haspopup=\"true\">\n\t\n\t\n\t\n\t\t\n\t\t\t\t\t<img decoding=\"async\" width=\"450\" height=\"253\" src=\"https:\/\/www.aquimicasa.net\/blog\/wp-content\/uploads\/La-Manga1-e1550337436636.jpg\" class=\"attachment-full size-full wp-post-image\" alt=\"\" \/>\n\t\n\n\t\t<div class=\"fusion-rollover\">\n\t<div class=\"fusion-rollover-content\">\n\n\t\t\t\t\n\t\t\n\t\t\t\t\t\t\t\t\t\t\t\t<h4 class=\"fusion-rollover-title\">\n\t\t\t\t\t<a class=\"fusion-rollover-title-link\" href=\"https:\/\/www.aquimicasa.net\/blog\/vivienda\/agencias-inmobiliarias\/mejor-oferta-de-aticos-en-venta-en-la-manga-del-mar-menor\/\">\n\t\t\t\t\t\tMejor oferta de \u00e1ticos en venta en la Manga del Mar Menor\t\t\t\t\t<\/a>\n\t\t\t\t<\/h4>\n\t\t\t\n\t\t\t\t\t\t\t\t\n\t\t\n\t\t\t\t\t\t<a class=\"fusion-link-wrapper\" href=\"https:\/\/www.aquimicasa.net\/blog\/vivienda\/agencias-inmobiliarias\/mejor-oferta-de-aticos-en-venta-en-la-manga-del-mar-menor\/\" aria-label=\"Mejor oferta de \u00e1ticos en venta en la Manga del Mar Menor\"><\/a>\n\t<\/div>\n<\/div>\n\n\t\n<\/div>\n<\/li>\n\t\t\t\n\t\t\t\n\t\t\t\t\t\t\t\t\t\t\t\t\t\t\t\t\t\t\t\t\t\t\t\t\t\t\t\t\t\t\t\t\t\t\t\t\t\t\t\t\t\t\t\t\t\t\t\t\t\t\t\t\t\t\t\t\t\t\t\t\t\t\t\t\t\t\t\t<\/ul>\n\t<\/div>\n\t<div class=\"fusion-post-content-wrapper\" style=\"padding:30px 25px 20px 25px;\"><div class=\"fusion-post-content post-content\"><h2 class=\"blog-shortcode-post-title entry-title\"><a href=\"https:\/\/www.aquimicasa.net\/blog\/vivienda\/agencias-inmobiliarias\/mejor-oferta-de-aticos-en-venta-en-la-manga-del-mar-menor\/\">Mejor oferta de \u00e1ticos en venta en la Manga del Mar Menor<\/a><\/h2><p class=\"fusion-single-line-meta\"><span class=\"updated\" style=\"display:none;\">2025-02-11T20:45:20+01:00<\/span>Por <span class=\"vcard\"><span class=\"fn\"><a href=\"https:\/\/www.aquimicasa.net\/blog\/author\/eduardo\/\" title=\"Entradas de Eduardo Lizarraga\" rel=\"author\">Eduardo Lizarraga<\/a><\/span><\/span><span class=\"fusion-inline-sep\">|<\/span><a href=\"https:\/\/www.aquimicasa.net\/blog\/noticias\/vivienda\/agencias-inmobiliarias\/\" rel=\"category tag\">Agencias Inmobiliarias<\/a><span class=\"fusion-inline-sep\">|<\/span><\/p><div class=\"fusion-content-sep sep-double sep-solid\" style=\"border-color:#ebeaea;\"><\/div><div class=\"fusion-post-content-container\"><p>Disponer de un \u00e1tico en el Levante, con temperaturas suaves y en primera l\u00ednea de playa en La Manga es algo que nos reconforta con la vida. Hacer la vida frente al mar- en La Manga tenemos dos- y con una suave brisa alrededor, es la sensaci\u00f3n \u00fanica que nos brindan los \u00e1ticos en venta para vivir de La Manga. Dicen los propietarios que lo mejor es comenzar el d\u00eda desayunando en la terraza frente al mar, aunque habr\u00e1 que elegir si es frente al Mediterr\u00e1neo o el Mar Menor.<\/p><\/div><\/div><\/div><div class=\"fusion-clearfix\"><\/div><\/div>\n<\/article>\n<article id=\"blog-2-post-23284\" class=\"fusion-post-grid post-23284 post type-post status-publish format-standard has-post-thumbnail hentry category-compraventa-de-viviendas tag-agencia-boletin-2 tag-alfa-badalona tag-alfa-badalona-centromar tag-badalona tag-frente-maritimo-de-badalona tag-front-maritime\">\n<div class=\"fusion-post-wrapper\" style=\"background-color:rgba(255,255,255,0);border:1px solid #ebeaea;border-bottom-width:3px;\">\n\n\t\t\t<div class=\"fusion-flexslider flexslider fusion-flexslider-loading fusion-post-slideshow\" style=\"border-color:#ebeaea;\">\n\t\t<ul class=\"slides\">\n\t\t\t\n\t\t\t\t\t\t\t\t\t\t\t\t\t\t<li>\n\n<div  class=\"fusion-image-wrapper\" aria-haspopup=\"true\">\n\t\n\t\n\t\n\t\t\n\t\t\t\t\t<img decoding=\"async\" width=\"360\" height=\"222\" src=\"https:\/\/www.aquimicasa.net\/blog\/wp-content\/uploads\/Fente-maritimo4-e1546429602899.jpg\" class=\"attachment-full size-full wp-post-image\" alt=\"\" \/>\n\t\n\n\t\t<div class=\"fusion-rollover\">\n\t<div class=\"fusion-rollover-content\">\n\n\t\t\t\t\n\t\t\n\t\t\t\t\t\t\t\t\t\t\t\t<h4 class=\"fusion-rollover-title\">\n\t\t\t\t\t<a class=\"fusion-rollover-title-link\" href=\"https:\/\/www.aquimicasa.net\/blog\/vivienda\/compraventa-de-viviendas\/mejor-oferta-de-pisos-en-venta-en-el-frente-maritimo-de-badalona\/\">\n\t\t\t\t\t\tMejor oferta de pisos en venta en el Frente Mar\u00edtimo de Badalona\t\t\t\t\t<\/a>\n\t\t\t\t<\/h4>\n\t\t\t\n\t\t\t\t\t\t\t\t\n\t\t\n\t\t\t\t\t\t<a class=\"fusion-link-wrapper\" href=\"https:\/\/www.aquimicasa.net\/blog\/vivienda\/compraventa-de-viviendas\/mejor-oferta-de-pisos-en-venta-en-el-frente-maritimo-de-badalona\/\" aria-label=\"Mejor oferta de pisos en venta en el Frente Mar\u00edtimo de Badalona\"><\/a>\n\t<\/div>\n<\/div>\n\n\t\n<\/div>\n<\/li>\n\t\t\t\n\t\t\t\n\t\t\t\t\t\t\t\t\t\t\t\t\t\t\t\t\t\t\t\t\t\t\t\t\t\t\t\t\t\t\t\t\t\t\t\t\t\t\t\t\t\t\t\t\t\t\t\t\t\t\t\t\t\t\t\t\t\t\t\t\t\t\t\t\t\t\t\t<\/ul>\n\t<\/div>\n\t<div class=\"fusion-post-content-wrapper\" style=\"padding:30px 25px 20px 25px;\"><div class=\"fusion-post-content post-content\"><h2 class=\"blog-shortcode-post-title entry-title\"><a href=\"https:\/\/www.aquimicasa.net\/blog\/vivienda\/compraventa-de-viviendas\/mejor-oferta-de-pisos-en-venta-en-el-frente-maritimo-de-badalona\/\">Mejor oferta de pisos en venta en el Frente Mar\u00edtimo de Badalona<\/a><\/h2><p class=\"fusion-single-line-meta\"><span class=\"updated\" style=\"display:none;\">2021-03-17T08:11:49+01:00<\/span>Por <span class=\"vcard\"><span class=\"fn\"><a href=\"https:\/\/www.aquimicasa.net\/blog\/author\/eduardo\/\" title=\"Entradas de Eduardo Lizarraga\" rel=\"author\">Eduardo Lizarraga<\/a><\/span><\/span><span class=\"fusion-inline-sep\">|<\/span><a href=\"https:\/\/www.aquimicasa.net\/blog\/noticias\/vivienda\/compraventa-de-viviendas\/\" rel=\"category tag\">Compra Venta<\/a><span class=\"fusion-inline-sep\">|<\/span><\/p><div class=\"fusion-content-sep sep-double sep-solid\" style=\"border-color:#ebeaea;\"><\/div><div class=\"fusion-post-content-container\"><p>La mejor oferta en l\u00ednea de mar y otras zona de la ciudad  Situada en la\u00a0costa del mar Mediterr\u00e1neo\u00a0y a 10 km de Barcelona, una de las ciudades m\u00e1s cosmopolitas de Espa\u00f1a,\u00a0Badalona inici\u00f3 su larga andadura como poblaci\u00f3n alrededor del a\u00f1o 100 AC, cuando se funda por los romanos con el nombre de Baetulo. Su situaci\u00f3n privilegiada, en la costa entre el delta del Bes\u00f3s y la Sierra de la Marina,\u00a0\u00a0 hija por igual del mar y la monta\u00f1a, [...]<\/p><\/div><\/div><\/div><div class=\"fusion-clearfix\"><\/div><\/div>\n<\/article>\n<article id=\"blog-2-post-21867\" class=\"fusion-post-grid post-21867 post type-post status-publish format-standard has-post-thumbnail hentry category-agencias-inmobiliarias category-compraventa-de-viviendas category-noticias-mercado-inmobiliario tag-agencia-boletin-2 tag-las-higuericas-exclusive-residential-in-alicante tag-luxury-villa-first-line-in-torre-de-la-horadada-alicante tag-pilar-de-la-horadada tag-playa-las-higuericas tag-torre-de-la-horadada tag-una-casa-en-venta-en-playa-las-higuericas tag-villa-de-lujo-en-las-higuericas-de-pilar-de-la-horadada tag-villa-de-lujo-en-primera-linea-en-torre-de-la-horadada\">\n<div class=\"fusion-post-wrapper\" style=\"background-color:rgba(255,255,255,0);border:1px solid #ebeaea;border-bottom-width:3px;\">\n\n\t\t\t<div class=\"fusion-flexslider flexslider fusion-flexslider-loading fusion-post-slideshow\" style=\"border-color:#ebeaea;\">\n\t\t<ul class=\"slides\">\n\t\t\t\n\t\t\t\t\t\t\t\t\t\t\t\t\t\t<li>\n\n<div  class=\"fusion-image-wrapper\" aria-haspopup=\"true\">\n\t\n\t\n\t\n\t\t\n\t\t\t\t\t<img decoding=\"async\" width=\"300\" height=\"225\" src=\"https:\/\/www.aquimicasa.net\/blog\/wp-content\/uploads\/Playa-Las-Higuericas3-e1538426273591.jpg\" class=\"attachment-full size-full wp-post-image\" alt=\"\" \/>\n\t\n\n\t\t<div class=\"fusion-rollover\">\n\t<div class=\"fusion-rollover-content\">\n\n\t\t\t\t\n\t\t\n\t\t\t\t\t\t\t\t\t\t\t\t<h4 class=\"fusion-rollover-title\">\n\t\t\t\t\t<a class=\"fusion-rollover-title-link\" href=\"https:\/\/www.aquimicasa.net\/blog\/vivienda\/compraventa-de-viviendas\/una-casa-en-venta-en-playa-las-higuericas\/\">\n\t\t\t\t\t\tUna casa en venta en playa Las Higuericas\t\t\t\t\t<\/a>\n\t\t\t\t<\/h4>\n\t\t\t\n\t\t\t\t\t\t\t\t\n\t\t\n\t\t\t\t\t\t<a class=\"fusion-link-wrapper\" href=\"https:\/\/www.aquimicasa.net\/blog\/vivienda\/compraventa-de-viviendas\/una-casa-en-venta-en-playa-las-higuericas\/\" aria-label=\"Una casa en venta en playa Las Higuericas\"><\/a>\n\t<\/div>\n<\/div>\n\n\t\n<\/div>\n<\/li>\n\t\t\t\n\t\t\t\n\t\t\t\t\t\t\t\t\t\t\t\t\t\t\t\t\t\t\t\t\t\t\t\t\t\t\t\t\t\t\t\t\t\t\t\t\t\t\t\t\t\t\t\t\t\t\t\t\t\t\t\t\t\t\t\t\t\t\t\t\t\t\t\t\t\t\t\t<\/ul>\n\t<\/div>\n\t<div class=\"fusion-post-content-wrapper\" style=\"padding:30px 25px 20px 25px;\"><div class=\"fusion-post-content post-content\"><h2 class=\"blog-shortcode-post-title entry-title\"><a href=\"https:\/\/www.aquimicasa.net\/blog\/vivienda\/compraventa-de-viviendas\/una-casa-en-venta-en-playa-las-higuericas\/\">Una casa en venta en playa Las Higuericas<\/a><\/h2><p class=\"fusion-single-line-meta\"><span class=\"updated\" style=\"display:none;\">2021-05-03T23:03:47+02:00<\/span>Por <span class=\"vcard\"><span class=\"fn\"><a href=\"https:\/\/www.aquimicasa.net\/blog\/author\/eduardo\/\" title=\"Entradas de Eduardo Lizarraga\" rel=\"author\">Eduardo Lizarraga<\/a><\/span><\/span><span class=\"fusion-inline-sep\">|<\/span><a href=\"https:\/\/www.aquimicasa.net\/blog\/noticias\/vivienda\/agencias-inmobiliarias\/\" rel=\"category tag\">Agencias Inmobiliarias<\/a>, <a href=\"https:\/\/www.aquimicasa.net\/blog\/noticias\/vivienda\/compraventa-de-viviendas\/\" rel=\"category tag\">Compra Venta<\/a>, <a href=\"https:\/\/www.aquimicasa.net\/blog\/noticias\/vivienda\/noticias-mercado-inmobiliario\/\" rel=\"category tag\">Noticias Mercado Inmobiliario<\/a><span class=\"fusion-inline-sep\">|<\/span><\/p><div class=\"fusion-content-sep sep-double sep-solid\" style=\"border-color:#ebeaea;\"><\/div><div class=\"fusion-post-content-container\"><p>La Playa de Las Higuericas, que cuenta con el deseado distintivo azul desde 1994, se sit\u00faa en un entorno urbano en el que las villas y las urbanizaciones tienen una categor\u00eda muy especial. \u00a0De fina y dorada arena tiene una longitud de casi un kil\u00f3metro y medio con una anchura de 80 metros, lo que la convierte en una playa muy desahogada.<\/p><\/div><\/div><\/div><div class=\"fusion-clearfix\"><\/div><\/div>\n<\/article>\n<article id=\"blog-2-post-21575\" class=\"fusion-post-grid post-21575 post type-post status-publish format-standard has-post-thumbnail hentry category-agencias-inmobiliarias tag-agencia-boletin-2 tag-locales-en-alquiler-en-pamplona tag-locales-en-venta-en-pamplona tag-navarraviviendas\">\n<div class=\"fusion-post-wrapper\" style=\"background-color:rgba(255,255,255,0);border:1px solid #ebeaea;border-bottom-width:3px;\">\n\n\t\t\t<div class=\"fusion-flexslider flexslider fusion-flexslider-loading fusion-post-slideshow\" style=\"border-color:#ebeaea;\">\n\t\t<ul class=\"slides\">\n\t\t\t\n\t\t\t\t\t\t\t\t\t\t\t\t\t\t<li>\n\n<div  class=\"fusion-image-wrapper\" aria-haspopup=\"true\">\n\t\n\t\n\t\n\t\t\n\t\t\t\t\t<img decoding=\"async\" width=\"450\" height=\"225\" src=\"https:\/\/www.aquimicasa.net\/blog\/wp-content\/uploads\/pamplonab7-e1537031119253.jpg\" class=\"attachment-full size-full wp-post-image\" alt=\"\" \/>\n\t\n\n\t\t<div class=\"fusion-rollover\">\n\t<div class=\"fusion-rollover-content\">\n\n\t\t\t\t\n\t\t\n\t\t\t\t\t\t\t\t\t\t\t\t<h4 class=\"fusion-rollover-title\">\n\t\t\t\t\t<a class=\"fusion-rollover-title-link\" href=\"https:\/\/www.aquimicasa.net\/blog\/vivienda\/agencias-inmobiliarias\/locales-comerciales-en-venta-o-alquiler-en-pamplona\/\">\n\t\t\t\t\t\tLocales comerciales en venta o alquiler en Pamplona\t\t\t\t\t<\/a>\n\t\t\t\t<\/h4>\n\t\t\t\n\t\t\t\t\t\t\t\t\n\t\t\n\t\t\t\t\t\t<a class=\"fusion-link-wrapper\" href=\"https:\/\/www.aquimicasa.net\/blog\/vivienda\/agencias-inmobiliarias\/locales-comerciales-en-venta-o-alquiler-en-pamplona\/\" aria-label=\"Locales comerciales en venta o alquiler en Pamplona\"><\/a>\n\t<\/div>\n<\/div>\n\n\t\n<\/div>\n<\/li>\n\t\t\t\n\t\t\t\n\t\t\t\t\t\t\t\t\t\t\t\t\t\t\t\t\t\t\t\t\t\t\t\t\t\t\t\t\t\t\t\t\t\t\t\t\t\t\t\t\t\t\t\t\t\t\t\t\t\t\t\t\t\t\t\t\t\t\t\t\t\t\t\t\t\t\t\t<\/ul>\n\t<\/div>\n\t<div class=\"fusion-post-content-wrapper\" style=\"padding:30px 25px 20px 25px;\"><div class=\"fusion-post-content post-content\"><h2 class=\"blog-shortcode-post-title entry-title\"><a href=\"https:\/\/www.aquimicasa.net\/blog\/vivienda\/agencias-inmobiliarias\/locales-comerciales-en-venta-o-alquiler-en-pamplona\/\">Locales comerciales en venta o alquiler en Pamplona<\/a><\/h2><p class=\"fusion-single-line-meta\"><span class=\"updated\" style=\"display:none;\">2023-08-31T21:28:48+02:00<\/span>Por <span class=\"vcard\"><span class=\"fn\"><a href=\"https:\/\/www.aquimicasa.net\/blog\/author\/eduardo\/\" title=\"Entradas de Eduardo Lizarraga\" rel=\"author\">Eduardo Lizarraga<\/a><\/span><\/span><span class=\"fusion-inline-sep\">|<\/span><a href=\"https:\/\/www.aquimicasa.net\/blog\/noticias\/vivienda\/agencias-inmobiliarias\/\" rel=\"category tag\">Agencias Inmobiliarias<\/a><span class=\"fusion-inline-sep\">|<\/span><\/p><div class=\"fusion-content-sep sep-double sep-solid\" style=\"border-color:#ebeaea;\"><\/div><div class=\"fusion-post-content-container\"><p>La rentabilidad obtenida por el alquiler de los locales comerciales contin\u00faa increment\u00e1ndose superando ya una media del 9,2% en todo el pa\u00eds y sin trazas de descender. Todo lo contrario, ya que no se va a ver afectado por las medidas que intentar\u00e1n controlar el precio de los alquileres de vivienda.<\/p><\/div><\/div><\/div><div class=\"fusion-clearfix\"><\/div><\/div>\n<\/article>\n<article id=\"blog-2-post-21165\" class=\"fusion-post-grid post-21165 post type-post status-publish format-standard has-post-thumbnail hentry category-agencias-inmobiliarias tag-agencia-boletin-2 tag-casa-barata-en-lliria tag-chalet-barato-en-lliria tag-chalet-barato-en-venta-en-lliria tag-lliria\">\n<div class=\"fusion-post-wrapper\" style=\"background-color:rgba(255,255,255,0);border:1px solid #ebeaea;border-bottom-width:3px;\">\n\n\t\t\t<div class=\"fusion-flexslider flexslider fusion-flexslider-loading fusion-post-slideshow\" style=\"border-color:#ebeaea;\">\n\t\t<ul class=\"slides\">\n\t\t\t\n\t\t\t\t\t\t\t\t\t\t\t\t\t\t<li>\n\n<div  class=\"fusion-image-wrapper\" aria-haspopup=\"true\">\n\t\n\t\n\t\n\t\t\n\t\t\t\t\t<img decoding=\"async\" width=\"400\" height=\"267\" src=\"https:\/\/www.aquimicasa.net\/blog\/wp-content\/uploads\/Lliria10-e1557559481878.jpg\" class=\"attachment-full size-full wp-post-image\" alt=\"\" \/>\n\t\n\n\t\t<div class=\"fusion-rollover\">\n\t<div class=\"fusion-rollover-content\">\n\n\t\t\t\t\n\t\t\n\t\t\t\t\t\t\t\t\t\t\t\t<h4 class=\"fusion-rollover-title\">\n\t\t\t\t\t<a class=\"fusion-rollover-title-link\" href=\"https:\/\/www.aquimicasa.net\/blog\/vivienda\/agencias-inmobiliarias\/un-chalet-barato-en-venta-para-vivir-en-lliria\/\">\n\t\t\t\t\t\tUn chalet barato en venta para vivir en Lliria\t\t\t\t\t<\/a>\n\t\t\t\t<\/h4>\n\t\t\t\n\t\t\t\t\t\t\t\t\n\t\t\n\t\t\t\t\t\t<a class=\"fusion-link-wrapper\" href=\"https:\/\/www.aquimicasa.net\/blog\/vivienda\/agencias-inmobiliarias\/un-chalet-barato-en-venta-para-vivir-en-lliria\/\" aria-label=\"Un chalet barato en venta para vivir en Lliria\"><\/a>\n\t<\/div>\n<\/div>\n\n\t\n<\/div>\n<\/li>\n\t\t\t\n\t\t\t\n\t\t\t\t\t\t\t\t\t\t\t\t\t\t\t\t\t\t\t\t\t\t\t\t\t\t\t\t\t\t\t\t\t\t\t\t\t\t\t\t\t\t\t\t\t\t\t\t\t\t\t\t\t\t\t\t\t\t\t\t\t\t\t\t\t\t\t\t<\/ul>\n\t<\/div>\n\t<div class=\"fusion-post-content-wrapper\" style=\"padding:30px 25px 20px 25px;\"><div class=\"fusion-post-content post-content\"><h2 class=\"blog-shortcode-post-title entry-title\"><a href=\"https:\/\/www.aquimicasa.net\/blog\/vivienda\/agencias-inmobiliarias\/un-chalet-barato-en-venta-para-vivir-en-lliria\/\">Un chalet barato en venta para vivir en Lliria<\/a><\/h2><p class=\"fusion-single-line-meta\"><span class=\"updated\" style=\"display:none;\">2021-05-03T23:10:35+02:00<\/span>Por <span class=\"vcard\"><span class=\"fn\"><a href=\"https:\/\/www.aquimicasa.net\/blog\/author\/eduardo\/\" title=\"Entradas de Eduardo Lizarraga\" rel=\"author\">Eduardo Lizarraga<\/a><\/span><\/span><span class=\"fusion-inline-sep\">|<\/span><a href=\"https:\/\/www.aquimicasa.net\/blog\/noticias\/vivienda\/agencias-inmobiliarias\/\" rel=\"category tag\">Agencias Inmobiliarias<\/a><span class=\"fusion-inline-sep\">|<\/span><\/p><div class=\"fusion-content-sep sep-double sep-solid\" style=\"border-color:#ebeaea;\"><\/div><div class=\"fusion-post-content-container\"><p>Lliria, la Ciudad de la M\u00fasica, dista 25 kil\u00f3metros de la ciudad de Valencia y es la capital del Camp del Turia. Sus casi 230 kil\u00f3metros cuadrados de extensi\u00f3n convierten al municipio en uno de los m\u00e1s grandes de la Comunidad Valenciana y tambi\u00e9n en uno de los que gozan de mayores contrastes paisaj\u00edsticos.<\/p><\/div><\/div><\/div><div class=\"fusion-clearfix\"><\/div><\/div>\n<\/article>\n<article id=\"blog-2-post-21066\" class=\"fusion-post-grid post-21066 post type-post status-publish format-standard has-post-thumbnail hentry category-agencias-inmobiliarias tag-agencia-boletin-2 tag-apartamento-en-calpe tag-atico-en-calpe tag-calpe tag-casa-en-calpe tag-chalet-en-calpe tag-playa-de-calpe tag-villa-en-calpe\">\n<div class=\"fusion-post-wrapper\" style=\"background-color:rgba(255,255,255,0);border:1px solid #ebeaea;border-bottom-width:3px;\">\n\n\t\t\t<div class=\"fusion-flexslider flexslider fusion-flexslider-loading fusion-post-slideshow\" style=\"border-color:#ebeaea;\">\n\t\t<ul class=\"slides\">\n\t\t\t\n\t\t\t\t\t\t\t\t\t\t\t\t\t\t<li>\n\n<div  class=\"fusion-image-wrapper\" aria-haspopup=\"true\">\n\t\n\t\n\t\n\t\t\n\t\t\t\t\t<img decoding=\"async\" width=\"350\" height=\"230\" src=\"https:\/\/www.aquimicasa.net\/blog\/wp-content\/uploads\/CalpeA1-e1531672902908.jpg\" class=\"attachment-full size-full wp-post-image\" alt=\"\" \/>\n\t\n\n\t\t<div class=\"fusion-rollover\">\n\t<div class=\"fusion-rollover-content\">\n\n\t\t\t\t\n\t\t\n\t\t\t\t\t\t\t\t\t\t\t\t<h4 class=\"fusion-rollover-title\">\n\t\t\t\t\t<a class=\"fusion-rollover-title-link\" href=\"https:\/\/www.aquimicasa.net\/blog\/vivienda\/agencias-inmobiliarias\/un-apartamento-en-venta-en-la-playa-de-calpe\/\">\n\t\t\t\t\t\tUn apartamento en venta en la playa de Calpe\t\t\t\t\t<\/a>\n\t\t\t\t<\/h4>\n\t\t\t\n\t\t\t\t\t\t\t\t\n\t\t\n\t\t\t\t\t\t<a class=\"fusion-link-wrapper\" href=\"https:\/\/www.aquimicasa.net\/blog\/vivienda\/agencias-inmobiliarias\/un-apartamento-en-venta-en-la-playa-de-calpe\/\" aria-label=\"Un apartamento en venta en la playa de Calpe\"><\/a>\n\t<\/div>\n<\/div>\n\n\t\n<\/div>\n<\/li>\n\t\t\t\n\t\t\t\n\t\t\t\t\t\t\t\t\t\t\t\t\t\t\t\t\t\t\t\t\t\t\t\t\t\t\t\t\t\t\t\t\t\t\t\t\t\t\t\t\t\t\t\t\t\t\t\t\t\t\t\t\t\t\t\t\t\t\t\t\t\t\t\t\t\t\t\t<\/ul>\n\t<\/div>\n\t<div class=\"fusion-post-content-wrapper\" style=\"padding:30px 25px 20px 25px;\"><div class=\"fusion-post-content post-content\"><h2 class=\"blog-shortcode-post-title entry-title\"><a href=\"https:\/\/www.aquimicasa.net\/blog\/vivienda\/agencias-inmobiliarias\/un-apartamento-en-venta-en-la-playa-de-calpe\/\">Un apartamento en venta en la playa de Calpe<\/a><\/h2><p class=\"fusion-single-line-meta\"><span class=\"updated\" style=\"display:none;\">2023-02-16T13:06:42+01:00<\/span>Por <span class=\"vcard\"><span class=\"fn\"><a href=\"https:\/\/www.aquimicasa.net\/blog\/author\/eduardo\/\" title=\"Entradas de Eduardo Lizarraga\" rel=\"author\">Eduardo Lizarraga<\/a><\/span><\/span><span class=\"fusion-inline-sep\">|<\/span><a href=\"https:\/\/www.aquimicasa.net\/blog\/noticias\/vivienda\/agencias-inmobiliarias\/\" rel=\"category tag\">Agencias Inmobiliarias<\/a><span class=\"fusion-inline-sep\">|<\/span><\/p><div class=\"fusion-content-sep sep-double sep-solid\" style=\"border-color:#ebeaea;\"><\/div><div class=\"fusion-post-content-container\"><p>Los tiempos han cambiado y los visitantes tambi\u00e9n; la poblaci\u00f3n se ha convertido en una de los principales n\u00facleos tur\u00edsticos del levante, donde pasar el verano y algo m\u00e1s. Y as\u00ed alemanes, ingleses, franceses, belgas\u2026y muchas m\u00e1s nacionalidades buscan la tranquilidad de esta costa y lo benigno de su climatolog\u00eda y disponen de un apartamento en venta para vivir en la playa de Calpe.<\/p><\/div><\/div><\/div><div class=\"fusion-clearfix\"><\/div><\/div>\n<\/article>\n<div class=\"fusion-clearfix\"><\/div><\/div><\/div><div class=\"fusion-clearfix\"><\/div><\/div><\/div><\/div><\/div><div class=\"fusion-fullwidth fullwidth-box fusion-builder-row-5 nonhundred-percent-fullwidth non-hundred-percent-height-scrolling\" style=\"background-color: rgba(255,255,255,0);background-position: center center;background-repeat: no-repeat;padding-top:0px;padding-right:0px;padding-bottom:0px;padding-left:0px;margin-bottom: 0px;margin-top: 0px;border-width: 0px 0px 0px 0px;border-color:#eae9e9;border-style:solid;\" ><div class=\"fusion-builder-row fusion-row\"><div class=\"fusion-layout-column fusion_builder_column fusion-builder-column-4 fusion_builder_column_1_1 1_1 fusion-one-full fusion-column-first fusion-column-last\" style=\"margin-top:0px;margin-bottom:20px;\"><div class=\"fusion-column-wrapper fusion-flex-column-wrapper-legacy\" style=\"background-position:left top;background-repeat:no-repeat;-webkit-background-size:cover;-moz-background-size:cover;-o-background-size:cover;background-size:cover;padding: 0px 0px 0px 0px;\"><div class=\"fusion-sep-clear\"><\/div><div class=\"fusion-separator\" style=\"margin-left: auto;margin-right: auto;margin-top:5%;width:100%;max-width:50%;\"><\/div><div class=\"fusion-sep-clear\"><\/div><style type=\"text\/css\"><\/style><div class=\"fusion-title title fusion-title-3 fusion-sep-none fusion-title-center fusion-title-text fusion-title-size-two\" style=\"margin-top:0px;margin-right:0px;margin-bottom:31px;margin-left:0px;\"><h2 class=\"title-heading-center\" style=\"margin:0;\"><p style=\"text-align: center;\">SUSCRIBETE A NUESTRA NEWSLETTER<\/p><\/h2><\/div><div class=\"fusion-sep-clear\"><\/div><div class=\"fusion-separator fusion-has-icon\" style=\"margin-left: auto;margin-right: auto;margin-bottom:3%;width:100%;max-width:30%;\"><div class=\"fusion-separator-border sep-single sep-solid\" style=\"border-color:#000000;border-top-width:2px;\"><\/div><span class=\"icon-wrapper\" style=\"border-color:transparent;font-size:25px;width: 1.75em; height: 1.75em;border-width:2px;padding:2px;margin-top:-1px\"><i class=\"fa-thumbs-up fas\" style=\"font-size: inherit;color:#000000;\" aria-hidden=\"true\"><\/i><\/span><div class=\"fusion-separator-border sep-single sep-solid\" style=\"border-color:#000000;border-top-width:2px;\"><\/div><\/div><div class=\"fusion-sep-clear\"><\/div><div class=\"fusion-clearfix\"><\/div><\/div><\/div><\/div><\/div><div class=\"fusion-fullwidth fullwidth-box fusion-builder-row-6 nonhundred-percent-fullwidth non-hundred-percent-height-scrolling\" style=\"background-color: rgba(255,255,255,0);background-position: center center;background-repeat: no-repeat;padding-top:0px;padding-right:0px;padding-bottom:0px;padding-left:0px;margin-bottom: 0px;margin-top: 0px;border-width: 0px 0px 0px 0px;border-color:#eae9e9;border-style:solid;\" ><div class=\"fusion-builder-row fusion-row\"><div class=\"fusion-layout-column fusion_builder_column fusion-builder-column-5 fusion_builder_column_1_4 1_4 fusion-one-fourth fusion-column-first\" style=\"width:25%;width:calc(25% - ( ( 4% + 4% ) * 0.25 ) );margin-right: 4%;margin-top:0px;margin-bottom:20px;\"><div class=\"fusion-column-wrapper fusion-flex-column-wrapper-legacy\" style=\"background-position:left top;background-repeat:no-repeat;-webkit-background-size:cover;-moz-background-size:cover;-o-background-size:cover;background-size:cover;padding: 0px 0px 0px 0px;\"><div class=\"fusion-clearfix\"><\/div><\/div><\/div><div class=\"fusion-layout-column fusion_builder_column fusion-builder-column-6 fusion_builder_column_1_2 1_2 fusion-one-half\" style=\"width:50%;width:calc(50% - ( ( 4% + 4% ) * 0.5 ) );margin-right: 4%;margin-top:0px;margin-bottom:20px;\"><div class=\"fusion-column-wrapper fusion-flex-column-wrapper-legacy\" style=\"background-position:left top;background-repeat:no-repeat;-webkit-background-size:cover;-moz-background-size:cover;-o-background-size:cover;background-size:cover;padding: 0px 0px 0px 0px;\">\n<div class=\"wpcf7 no-js\" id=\"wpcf7-f2814-o1\" lang=\"en-US\" dir=\"ltr\" data-wpcf7-id=\"2814\">\n<div class=\"screen-reader-response\"><p role=\"status\" aria-live=\"polite\" aria-atomic=\"true\"><\/p> <ul><\/ul><\/div>\n<form action=\"\/blog\/wp-json\/wp\/v2\/posts\/36920#wpcf7-f2814-o1\" method=\"post\" class=\"wpcf7-form init\" aria-label=\"Contact form\" novalidate=\"novalidate\" data-status=\"init\">\n<fieldset class=\"hidden-fields-container\"><input type=\"hidden\" name=\"_wpcf7\" value=\"2814\" \/><input type=\"hidden\" name=\"_wpcf7_version\" value=\"6.1.7\" \/><input type=\"hidden\" name=\"_wpcf7_locale\" value=\"en_US\" \/><input type=\"hidden\" name=\"_wpcf7_unit_tag\" value=\"wpcf7-f2814-o1\" \/><input type=\"hidden\" name=\"_wpcf7_container_post\" value=\"0\" \/><input type=\"hidden\" name=\"_wpcf7_posted_data_hash\" value=\"\" \/>\n<\/fieldset>\n<p><span id=\"wpcf7-6a9894eccd67b-wrapper\" class=\"wpcf7-form-control-wrap cf7apps-honeypot-wrap email-wrap\" data-cf7apps-honeypot=\"email\" ><input type=\"hidden\" name=\"email-random-hash\" value=\"20260902\"><input type=\"hidden\" name=\"email-time-token\" value=\"MTc4ODM4NDQ5Mg==.0cbf4b74a82707a168d67bfc3d6d6f028481041952829d90d705106b596a43f9\"><input\n\t    id=\"wpcf7-6a9894eccd67b-field\"\n\t    \n\t    class=\"wpcf7-form-control wpcf7-text\"\n\t    type=\"text\"\n\t    name=\"jia4lfgd71lw\"\n\t    value=\"\"\n\t    autocomplete=\"new-password\"\n\t    tabindex=\"1000\"\n\t    data-cf7apps-tabindex=\"1000\"\n    \/><\/span><label><span class=\"wpcf7-form-control-wrap\" data-name=\"your-email\"><input size=\"40\" maxlength=\"400\" class=\"wpcf7-form-control wpcf7-email wpcf7-validates-as-required wpcf7-text wpcf7-validates-as-email\" aria-required=\"true\" aria-invalid=\"false\" placeholder=\"Email\" value=\"\" type=\"email\" name=\"your-email\" \/><\/span><\/label>\n<\/p>\n<p><label><span class=\"wpcf7-form-control-wrap\" data-name=\"text-944\"><input size=\"40\" maxlength=\"400\" class=\"wpcf7-form-control wpcf7-text wpcf7-validates-as-required\" aria-required=\"true\" aria-invalid=\"false\" placeholder=\"Nombre\" value=\"\" type=\"text\" name=\"text-944\" \/><\/span><\/label>\n<\/p>\n<p style=\"color:#00000;\"><span class=\"wpcf7-form-control-wrap\" data-name=\"acceptance-884\"><span class=\"wpcf7-form-control wpcf7-acceptance\"><span class=\"wpcf7-list-item\"><label><input type=\"checkbox\" name=\"acceptance-884\" value=\"1\" aria-invalid=\"false\" \/><span class=\"wpcf7-list-item-label\">He le\u00eddo y acepto vuestra <a href=\"https:\/\/aquimicasa.net\/blog\/politica-de-privacidad\/\" target=\"_blank\";><u>Pol\u00edtica de Privacidad<\/u><\/a><\/span><\/label><\/span><\/span><\/span>\n<\/p>\n<p><input class=\"wpcf7-form-control wpcf7-submit has-spinner\" type=\"submit\" value=\"SUSCRIBIRME\" \/>\n<\/p><div class=\"fusion-alert alert custom alert-custom fusion-alert-center wpcf7-response-output fusion-alert-capitalize alert-dismissable\" style=\"border-width:1px;\"><button type=\"button\" class=\"close toggle-alert\" data-dismiss=\"alert\" aria-hidden=\"true\">&times;<\/button><div class=\"fusion-alert-content-wrapper\"><span class=\"fusion-alert-content\"><\/span><\/div><\/div>\n<\/form>\n<\/div>\n<div class=\"fusion-clearfix\"><\/div><\/div><\/div><div class=\"fusion-layout-column fusion_builder_column fusion-builder-column-7 fusion_builder_column_1_4 1_4 fusion-one-fourth fusion-column-last\" style=\"width:25%;width:calc(25% - ( ( 4% + 4% ) * 0.25 ) );margin-top:0px;margin-bottom:20px;\"><div class=\"fusion-column-wrapper fusion-flex-column-wrapper-legacy\" style=\"background-position:left top;background-repeat:no-repeat;-webkit-background-size:cover;-moz-background-size:cover;-o-background-size:cover;background-size:cover;padding: 0px 0px 0px 0px;\"><div class=\"fusion-clearfix\"><\/div><\/div><\/div><\/div><\/div><\/p>\n","protected":false},"excerpt":{"rendered":"<p>Newsletter dedicada al inmobiliario y el consumo. En este n\u00famero encontrar\u00e1s opini\u00f3n sobre la inmoral actuaci\u00f3n de los bancos repartiendo bonus a sus directivos y despidos a los trabajadores, el retroceso de visados de obra nueva, el colapso de los juzgados, la situaci\u00f3n de las inversiones en inmobiliario y el precio de la vivienda, entre otras informaciones&#8230;<\/p>\n","protected":false},"author":3,"featured_media":17772,"comment_status":"open","ping_status":"open","sticky":false,"template":"","format":"standard","meta":{"_jetpack_memberships_contains_paid_content":false,"footnotes":"","jetpack_publicize_message":"","jetpack_publicize_feature_enabled":true,"jetpack_social_post_already_shared":true,"jetpack_social_options":{"image_generator_settings":{"template":"highway","default_image_id":0,"font":"","enabled":false},"version":2}},"categories":[2548],"tags":[7878],"class_list":["post-36920","post","type-post","status-publish","format-standard","has-post-thumbnail","hentry","category-boletines","tag-newsletter"],"yoast_head":"<!-- This site is optimized with the Yoast SEO plugin v28.2 - https:\/\/yoast.com\/product\/yoast-seo-wordpress\/ -->\n<title>Newsletter 302 &quot;Repartiendo bonus y despidos con el IRPH en l horizonte&quot;<\/title>\n<meta name=\"description\" content=\"Newsletter 302 &quot;Repartiendo bonus y despidos con el IRPH en el horizonte&quot;. Promoci\u00f3n de villas en venta en Cala Finestrat...\" \/>\n<meta name=\"robots\" content=\"index, follow, max-snippet:-1, max-image-preview:large, max-video-preview:-1\" \/>\n<link rel=\"canonical\" href=\"https:\/\/www.aquimicasa.net\/blog\/boletines\/newsletter-302-repartiendo-bonus-y-despidos-con-el-irph-en-el-horizonte\/\" \/>\n<meta property=\"og:locale\" content=\"es_ES\" \/>\n<meta property=\"og:type\" content=\"article\" \/>\n<meta property=\"og:title\" content=\"Newsletter 302 &quot;Repartiendo bonus y despidos con el IRPH en l horizonte&quot;\" \/>\n<meta property=\"og:description\" content=\"Newsletter 302 &quot;Repartiendo bonus y despidos con el IRPH en el horizonte&quot;. Promoci\u00f3n de villas en venta en Cala Finestrat...\" \/>\n<meta property=\"og:url\" content=\"https:\/\/www.aquimicasa.net\/blog\/boletines\/newsletter-302-repartiendo-bonus-y-despidos-con-el-irph-en-el-horizonte\/\" \/>\n<meta property=\"og:site_name\" content=\"Blog de aquimicasa.net\" \/>\n<meta property=\"article:publisher\" content=\"https:\/\/www.facebook.com\/aquimicasa.net\" \/>\n<meta property=\"article:published_time\" content=\"2021-04-25T08:05:54+00:00\" \/>\n<meta property=\"og:image\" content=\"https:\/\/www.aquimicasa.net\/blog\/wp-content\/uploads\/Logo-aquimicasa.png\" \/>\n\t<meta property=\"og:image:width\" content=\"300\" \/>\n\t<meta property=\"og:image:height\" content=\"300\" \/>\n\t<meta property=\"og:image:type\" content=\"image\/png\" \/>\n<meta name=\"author\" content=\"Eduardo Lizarraga\" \/>\n<meta name=\"twitter:label1\" content=\"Escrito por\" \/>\n\t<meta name=\"twitter:data1\" content=\"Eduardo Lizarraga\" \/>\n\t<meta name=\"twitter:label2\" content=\"Tiempo de lectura\" \/>\n\t<meta name=\"twitter:data2\" content=\"6 minutos\" \/>\n<script type=\"application\/ld+json\" class=\"yoast-schema-graph\">{\"@context\":\"https:\\\/\\\/schema.org\",\"@graph\":[{\"@type\":\"Article\",\"@id\":\"https:\\\/\\\/www.aquimicasa.net\\\/blog\\\/boletines\\\/newsletter-302-repartiendo-bonus-y-despidos-con-el-irph-en-el-horizonte\\\/#article\",\"isPartOf\":{\"@id\":\"https:\\\/\\\/www.aquimicasa.net\\\/blog\\\/boletines\\\/newsletter-302-repartiendo-bonus-y-despidos-con-el-irph-en-el-horizonte\\\/\"},\"author\":{\"name\":\"Eduardo Lizarraga\",\"@id\":\"https:\\\/\\\/www.aquimicasa.net\\\/blog\\\/#\\\/schema\\\/person\\\/2cdfa2605534583395c8d7ce1d6cac14\"},\"headline\":\"Newsletter 302 \u00abRepartiendo bonus y despidos con el IRPH en el horizonte\u00bb\",\"datePublished\":\"2021-04-25T08:05:54+00:00\",\"mainEntityOfPage\":{\"@id\":\"https:\\\/\\\/www.aquimicasa.net\\\/blog\\\/boletines\\\/newsletter-302-repartiendo-bonus-y-despidos-con-el-irph-en-el-horizonte\\\/\"},\"wordCount\":3108,\"commentCount\":0,\"publisher\":{\"@id\":\"https:\\\/\\\/www.aquimicasa.net\\\/blog\\\/#organization\"},\"image\":{\"@id\":\"https:\\\/\\\/www.aquimicasa.net\\\/blog\\\/boletines\\\/newsletter-302-repartiendo-bonus-y-despidos-con-el-irph-en-el-horizonte\\\/#primaryimage\"},\"thumbnailUrl\":\"https:\\\/\\\/www.aquimicasa.net\\\/blog\\\/wp-content\\\/uploads\\\/Logo-aquimicasa.png\",\"keywords\":[\"Newsletter\"],\"articleSection\":[\"Newsletters\"],\"inLanguage\":\"es\",\"potentialAction\":[{\"@type\":\"CommentAction\",\"name\":\"Comment\",\"target\":[\"https:\\\/\\\/www.aquimicasa.net\\\/blog\\\/boletines\\\/newsletter-302-repartiendo-bonus-y-despidos-con-el-irph-en-el-horizonte\\\/#respond\"]}]},{\"@type\":\"WebPage\",\"@id\":\"https:\\\/\\\/www.aquimicasa.net\\\/blog\\\/boletines\\\/newsletter-302-repartiendo-bonus-y-despidos-con-el-irph-en-el-horizonte\\\/\",\"url\":\"https:\\\/\\\/www.aquimicasa.net\\\/blog\\\/boletines\\\/newsletter-302-repartiendo-bonus-y-despidos-con-el-irph-en-el-horizonte\\\/\",\"name\":\"Newsletter 302 \\\"Repartiendo bonus y despidos con el IRPH en l horizonte\\\"\",\"isPartOf\":{\"@id\":\"https:\\\/\\\/www.aquimicasa.net\\\/blog\\\/#website\"},\"primaryImageOfPage\":{\"@id\":\"https:\\\/\\\/www.aquimicasa.net\\\/blog\\\/boletines\\\/newsletter-302-repartiendo-bonus-y-despidos-con-el-irph-en-el-horizonte\\\/#primaryimage\"},\"image\":{\"@id\":\"https:\\\/\\\/www.aquimicasa.net\\\/blog\\\/boletines\\\/newsletter-302-repartiendo-bonus-y-despidos-con-el-irph-en-el-horizonte\\\/#primaryimage\"},\"thumbnailUrl\":\"https:\\\/\\\/www.aquimicasa.net\\\/blog\\\/wp-content\\\/uploads\\\/Logo-aquimicasa.png\",\"datePublished\":\"2021-04-25T08:05:54+00:00\",\"description\":\"Newsletter 302 \\\"Repartiendo bonus y despidos con el IRPH en el horizonte\\\". Promoci\u00f3n de villas en venta en Cala Finestrat...\",\"breadcrumb\":{\"@id\":\"https:\\\/\\\/www.aquimicasa.net\\\/blog\\\/boletines\\\/newsletter-302-repartiendo-bonus-y-despidos-con-el-irph-en-el-horizonte\\\/#breadcrumb\"},\"inLanguage\":\"es\",\"potentialAction\":[{\"@type\":\"ReadAction\",\"target\":[\"https:\\\/\\\/www.aquimicasa.net\\\/blog\\\/boletines\\\/newsletter-302-repartiendo-bonus-y-despidos-con-el-irph-en-el-horizonte\\\/\"]}]},{\"@type\":\"ImageObject\",\"inLanguage\":\"es\",\"@id\":\"https:\\\/\\\/www.aquimicasa.net\\\/blog\\\/boletines\\\/newsletter-302-repartiendo-bonus-y-despidos-con-el-irph-en-el-horizonte\\\/#primaryimage\",\"url\":\"https:\\\/\\\/www.aquimicasa.net\\\/blog\\\/wp-content\\\/uploads\\\/Logo-aquimicasa.png\",\"contentUrl\":\"https:\\\/\\\/www.aquimicasa.net\\\/blog\\\/wp-content\\\/uploads\\\/Logo-aquimicasa.png\",\"width\":300,\"height\":300},{\"@type\":\"BreadcrumbList\",\"@id\":\"https:\\\/\\\/www.aquimicasa.net\\\/blog\\\/boletines\\\/newsletter-302-repartiendo-bonus-y-despidos-con-el-irph-en-el-horizonte\\\/#breadcrumb\",\"itemListElement\":[{\"@type\":\"ListItem\",\"position\":1,\"name\":\"Portada\",\"item\":\"https:\\\/\\\/www.aquimicasa.net\\\/blog\\\/\"},{\"@type\":\"ListItem\",\"position\":2,\"name\":\"Newsletter 302 \u00abRepartiendo bonus y despidos con el IRPH en el horizonte\u00bb\"}]},{\"@type\":\"WebSite\",\"@id\":\"https:\\\/\\\/www.aquimicasa.net\\\/blog\\\/#website\",\"url\":\"https:\\\/\\\/www.aquimicasa.net\\\/blog\\\/\",\"name\":\"Blog de aquimicasa.net\",\"description\":\"Noticias del Mundo Inmobiliario\",\"publisher\":{\"@id\":\"https:\\\/\\\/www.aquimicasa.net\\\/blog\\\/#organization\"},\"potentialAction\":[{\"@type\":\"SearchAction\",\"target\":{\"@type\":\"EntryPoint\",\"urlTemplate\":\"https:\\\/\\\/www.aquimicasa.net\\\/blog\\\/?s={search_term_string}\"},\"query-input\":{\"@type\":\"PropertyValueSpecification\",\"valueRequired\":true,\"valueName\":\"search_term_string\"}}],\"inLanguage\":\"es\"},{\"@type\":\"Organization\",\"@id\":\"https:\\\/\\\/www.aquimicasa.net\\\/blog\\\/#organization\",\"name\":\"Blog de aquimicasa.net\",\"url\":\"https:\\\/\\\/www.aquimicasa.net\\\/blog\\\/\",\"logo\":{\"@type\":\"ImageObject\",\"inLanguage\":\"es\",\"@id\":\"https:\\\/\\\/www.aquimicasa.net\\\/blog\\\/#\\\/schema\\\/logo\\\/image\\\/\",\"url\":\"https:\\\/\\\/www.aquimicasa.net\\\/blog\\\/wp-content\\\/uploads\\\/Logo-aquimicasa-1-e1528048213782.png\",\"contentUrl\":\"https:\\\/\\\/www.aquimicasa.net\\\/blog\\\/wp-content\\\/uploads\\\/Logo-aquimicasa-1-e1528048213782.png\",\"width\":225,\"height\":225,\"caption\":\"Blog de aquimicasa.net\"},\"image\":{\"@id\":\"https:\\\/\\\/www.aquimicasa.net\\\/blog\\\/#\\\/schema\\\/logo\\\/image\\\/\"},\"sameAs\":[\"https:\\\/\\\/www.facebook.com\\\/aquimicasa.net\",\"https:\\\/\\\/www.instagram.com\\\/\",\"https:\\\/\\\/x.com\\\/EduLizarragaD\",\"https:\\\/\\\/www.linkedin.com\\\/feed\\\/\"]},{\"@type\":\"Person\",\"@id\":\"https:\\\/\\\/www.aquimicasa.net\\\/blog\\\/#\\\/schema\\\/person\\\/2cdfa2605534583395c8d7ce1d6cac14\",\"name\":\"Eduardo Lizarraga\",\"image\":{\"@type\":\"ImageObject\",\"inLanguage\":\"es\",\"@id\":\"https:\\\/\\\/secure.gravatar.com\\\/avatar\\\/bdabe1eeeed97b65a9cb7de2edd624b07995f7e13abc5fead15961f745f908cc?s=96&d=mm&r=g\",\"url\":\"https:\\\/\\\/secure.gravatar.com\\\/avatar\\\/bdabe1eeeed97b65a9cb7de2edd624b07995f7e13abc5fead15961f745f908cc?s=96&d=mm&r=g\",\"contentUrl\":\"https:\\\/\\\/secure.gravatar.com\\\/avatar\\\/bdabe1eeeed97b65a9cb7de2edd624b07995f7e13abc5fead15961f745f908cc?s=96&d=mm&r=g\",\"caption\":\"Eduardo Lizarraga\"},\"description\":\"Periodista Econ\u00f3mico. Ha trabajado en diversos campos de la informaci\u00f3n. Corresponsal en conflictos, analista pol\u00edtico en Congreso y Senado, periodista del medio ambiente, editor, director editorial, director de comunicaci\u00f3n.... En estos momentos se ha especializado en el sector inmobiliario. Pero tambi\u00e9n es navegante y viajero, preocupado por la pobreza, el medio ambiente y por las actuaciones descontroladas del neoliberalismo empresarial y pol\u00edtico en todo el mundo. Los desahucios, la pobreza infantil y la falta de acceso a los suministros b\u00e1sicos son algunos de los grandes dramas de nuestra sociedad y que es preciso solucionar para hacerla m\u00e1s justa. CEO en www.aquimicasa.net\",\"sameAs\":[\"https:\\\/\\\/www.aquimicasa.net\\\/\"],\"url\":\"https:\\\/\\\/www.aquimicasa.net\\\/blog\\\/author\\\/eduardo\\\/\"}]}<\/script>\n<!-- \/ Yoast SEO plugin. -->","yoast_head_json":{"title":"Newsletter 302 \"Repartiendo bonus y despidos con el IRPH en l horizonte\"","description":"Newsletter 302 \"Repartiendo bonus y despidos con el IRPH en el horizonte\". Promoci\u00f3n de villas en venta en Cala Finestrat...","robots":{"index":"index","follow":"follow","max-snippet":"max-snippet:-1","max-image-preview":"max-image-preview:large","max-video-preview":"max-video-preview:-1"},"canonical":"https:\/\/www.aquimicasa.net\/blog\/boletines\/newsletter-302-repartiendo-bonus-y-despidos-con-el-irph-en-el-horizonte\/","og_locale":"es_ES","og_type":"article","og_title":"Newsletter 302 \"Repartiendo bonus y despidos con el IRPH en l horizonte\"","og_description":"Newsletter 302 \"Repartiendo bonus y despidos con el IRPH en el horizonte\". Promoci\u00f3n de villas en venta en Cala Finestrat...","og_url":"https:\/\/www.aquimicasa.net\/blog\/boletines\/newsletter-302-repartiendo-bonus-y-despidos-con-el-irph-en-el-horizonte\/","og_site_name":"Blog de aquimicasa.net","article_publisher":"https:\/\/www.facebook.com\/aquimicasa.net","article_published_time":"2021-04-25T08:05:54+00:00","og_image":[{"width":300,"height":300,"url":"https:\/\/www.aquimicasa.net\/blog\/wp-content\/uploads\/Logo-aquimicasa.png","type":"image\/png"}],"author":"Eduardo Lizarraga","twitter_misc":{"Escrito por":"Eduardo Lizarraga","Tiempo de lectura":"6 minutos"},"schema":{"@context":"https:\/\/schema.org","@graph":[{"@type":"Article","@id":"https:\/\/www.aquimicasa.net\/blog\/boletines\/newsletter-302-repartiendo-bonus-y-despidos-con-el-irph-en-el-horizonte\/#article","isPartOf":{"@id":"https:\/\/www.aquimicasa.net\/blog\/boletines\/newsletter-302-repartiendo-bonus-y-despidos-con-el-irph-en-el-horizonte\/"},"author":{"name":"Eduardo Lizarraga","@id":"https:\/\/www.aquimicasa.net\/blog\/#\/schema\/person\/2cdfa2605534583395c8d7ce1d6cac14"},"headline":"Newsletter 302 \u00abRepartiendo bonus y despidos con el IRPH en el horizonte\u00bb","datePublished":"2021-04-25T08:05:54+00:00","mainEntityOfPage":{"@id":"https:\/\/www.aquimicasa.net\/blog\/boletines\/newsletter-302-repartiendo-bonus-y-despidos-con-el-irph-en-el-horizonte\/"},"wordCount":3108,"commentCount":0,"publisher":{"@id":"https:\/\/www.aquimicasa.net\/blog\/#organization"},"image":{"@id":"https:\/\/www.aquimicasa.net\/blog\/boletines\/newsletter-302-repartiendo-bonus-y-despidos-con-el-irph-en-el-horizonte\/#primaryimage"},"thumbnailUrl":"https:\/\/www.aquimicasa.net\/blog\/wp-content\/uploads\/Logo-aquimicasa.png","keywords":["Newsletter"],"articleSection":["Newsletters"],"inLanguage":"es","potentialAction":[{"@type":"CommentAction","name":"Comment","target":["https:\/\/www.aquimicasa.net\/blog\/boletines\/newsletter-302-repartiendo-bonus-y-despidos-con-el-irph-en-el-horizonte\/#respond"]}]},{"@type":"WebPage","@id":"https:\/\/www.aquimicasa.net\/blog\/boletines\/newsletter-302-repartiendo-bonus-y-despidos-con-el-irph-en-el-horizonte\/","url":"https:\/\/www.aquimicasa.net\/blog\/boletines\/newsletter-302-repartiendo-bonus-y-despidos-con-el-irph-en-el-horizonte\/","name":"Newsletter 302 \"Repartiendo bonus y despidos con el IRPH en l horizonte\"","isPartOf":{"@id":"https:\/\/www.aquimicasa.net\/blog\/#website"},"primaryImageOfPage":{"@id":"https:\/\/www.aquimicasa.net\/blog\/boletines\/newsletter-302-repartiendo-bonus-y-despidos-con-el-irph-en-el-horizonte\/#primaryimage"},"image":{"@id":"https:\/\/www.aquimicasa.net\/blog\/boletines\/newsletter-302-repartiendo-bonus-y-despidos-con-el-irph-en-el-horizonte\/#primaryimage"},"thumbnailUrl":"https:\/\/www.aquimicasa.net\/blog\/wp-content\/uploads\/Logo-aquimicasa.png","datePublished":"2021-04-25T08:05:54+00:00","description":"Newsletter 302 \"Repartiendo bonus y despidos con el IRPH en el horizonte\". Promoci\u00f3n de villas en venta en Cala Finestrat...","breadcrumb":{"@id":"https:\/\/www.aquimicasa.net\/blog\/boletines\/newsletter-302-repartiendo-bonus-y-despidos-con-el-irph-en-el-horizonte\/#breadcrumb"},"inLanguage":"es","potentialAction":[{"@type":"ReadAction","target":["https:\/\/www.aquimicasa.net\/blog\/boletines\/newsletter-302-repartiendo-bonus-y-despidos-con-el-irph-en-el-horizonte\/"]}]},{"@type":"ImageObject","inLanguage":"es","@id":"https:\/\/www.aquimicasa.net\/blog\/boletines\/newsletter-302-repartiendo-bonus-y-despidos-con-el-irph-en-el-horizonte\/#primaryimage","url":"https:\/\/www.aquimicasa.net\/blog\/wp-content\/uploads\/Logo-aquimicasa.png","contentUrl":"https:\/\/www.aquimicasa.net\/blog\/wp-content\/uploads\/Logo-aquimicasa.png","width":300,"height":300},{"@type":"BreadcrumbList","@id":"https:\/\/www.aquimicasa.net\/blog\/boletines\/newsletter-302-repartiendo-bonus-y-despidos-con-el-irph-en-el-horizonte\/#breadcrumb","itemListElement":[{"@type":"ListItem","position":1,"name":"Portada","item":"https:\/\/www.aquimicasa.net\/blog\/"},{"@type":"ListItem","position":2,"name":"Newsletter 302 \u00abRepartiendo bonus y despidos con el IRPH en el horizonte\u00bb"}]},{"@type":"WebSite","@id":"https:\/\/www.aquimicasa.net\/blog\/#website","url":"https:\/\/www.aquimicasa.net\/blog\/","name":"Blog de aquimicasa.net","description":"Noticias del Mundo Inmobiliario","publisher":{"@id":"https:\/\/www.aquimicasa.net\/blog\/#organization"},"potentialAction":[{"@type":"SearchAction","target":{"@type":"EntryPoint","urlTemplate":"https:\/\/www.aquimicasa.net\/blog\/?s={search_term_string}"},"query-input":{"@type":"PropertyValueSpecification","valueRequired":true,"valueName":"search_term_string"}}],"inLanguage":"es"},{"@type":"Organization","@id":"https:\/\/www.aquimicasa.net\/blog\/#organization","name":"Blog de aquimicasa.net","url":"https:\/\/www.aquimicasa.net\/blog\/","logo":{"@type":"ImageObject","inLanguage":"es","@id":"https:\/\/www.aquimicasa.net\/blog\/#\/schema\/logo\/image\/","url":"https:\/\/www.aquimicasa.net\/blog\/wp-content\/uploads\/Logo-aquimicasa-1-e1528048213782.png","contentUrl":"https:\/\/www.aquimicasa.net\/blog\/wp-content\/uploads\/Logo-aquimicasa-1-e1528048213782.png","width":225,"height":225,"caption":"Blog de aquimicasa.net"},"image":{"@id":"https:\/\/www.aquimicasa.net\/blog\/#\/schema\/logo\/image\/"},"sameAs":["https:\/\/www.facebook.com\/aquimicasa.net","https:\/\/www.instagram.com\/","https:\/\/x.com\/EduLizarragaD","https:\/\/www.linkedin.com\/feed\/"]},{"@type":"Person","@id":"https:\/\/www.aquimicasa.net\/blog\/#\/schema\/person\/2cdfa2605534583395c8d7ce1d6cac14","name":"Eduardo Lizarraga","image":{"@type":"ImageObject","inLanguage":"es","@id":"https:\/\/secure.gravatar.com\/avatar\/bdabe1eeeed97b65a9cb7de2edd624b07995f7e13abc5fead15961f745f908cc?s=96&d=mm&r=g","url":"https:\/\/secure.gravatar.com\/avatar\/bdabe1eeeed97b65a9cb7de2edd624b07995f7e13abc5fead15961f745f908cc?s=96&d=mm&r=g","contentUrl":"https:\/\/secure.gravatar.com\/avatar\/bdabe1eeeed97b65a9cb7de2edd624b07995f7e13abc5fead15961f745f908cc?s=96&d=mm&r=g","caption":"Eduardo Lizarraga"},"description":"Periodista Econ\u00f3mico. Ha trabajado en diversos campos de la informaci\u00f3n. Corresponsal en conflictos, analista pol\u00edtico en Congreso y Senado, periodista del medio ambiente, editor, director editorial, director de comunicaci\u00f3n.... En estos momentos se ha especializado en el sector inmobiliario. Pero tambi\u00e9n es navegante y viajero, preocupado por la pobreza, el medio ambiente y por las actuaciones descontroladas del neoliberalismo empresarial y pol\u00edtico en todo el mundo. Los desahucios, la pobreza infantil y la falta de acceso a los suministros b\u00e1sicos son algunos de los grandes dramas de nuestra sociedad y que es preciso solucionar para hacerla m\u00e1s justa. CEO en www.aquimicasa.net","sameAs":["https:\/\/www.aquimicasa.net\/"],"url":"https:\/\/www.aquimicasa.net\/blog\/author\/eduardo\/"}]}},"jetpack_publicize_connections":[],"jetpack_featured_media_url":"https:\/\/www.aquimicasa.net\/blog\/wp-content\/uploads\/Logo-aquimicasa.png","jetpack_sharing_enabled":true,"jetpack_likes_enabled":true,"_links":{"self":[{"href":"https:\/\/www.aquimicasa.net\/blog\/wp-json\/wp\/v2\/posts\/36920","targetHints":{"allow":["GET"]}}],"collection":[{"href":"https:\/\/www.aquimicasa.net\/blog\/wp-json\/wp\/v2\/posts"}],"about":[{"href":"https:\/\/www.aquimicasa.net\/blog\/wp-json\/wp\/v2\/types\/post"}],"author":[{"embeddable":true,"href":"https:\/\/www.aquimicasa.net\/blog\/wp-json\/wp\/v2\/users\/3"}],"replies":[{"embeddable":true,"href":"https:\/\/www.aquimicasa.net\/blog\/wp-json\/wp\/v2\/comments?post=36920"}],"version-history":[{"count":2,"href":"https:\/\/www.aquimicasa.net\/blog\/wp-json\/wp\/v2\/posts\/36920\/revisions"}],"predecessor-version":[{"id":36922,"href":"https:\/\/www.aquimicasa.net\/blog\/wp-json\/wp\/v2\/posts\/36920\/revisions\/36922"}],"wp:featuredmedia":[{"embeddable":true,"href":"https:\/\/www.aquimicasa.net\/blog\/wp-json\/wp\/v2\/media\/17772"}],"wp:attachment":[{"href":"https:\/\/www.aquimicasa.net\/blog\/wp-json\/wp\/v2\/media?parent=36920"}],"wp:term":[{"taxonomy":"category","embeddable":true,"href":"https:\/\/www.aquimicasa.net\/blog\/wp-json\/wp\/v2\/categories?post=36920"},{"taxonomy":"post_tag","embeddable":true,"href":"https:\/\/www.aquimicasa.net\/blog\/wp-json\/wp\/v2\/tags?post=36920"}],"curies":[{"name":"wp","href":"https:\/\/api.w.org\/{rel}","templated":true}]}}