{"id":36948,"date":"2021-04-29T18:57:44","date_gmt":"2021-04-29T16:57:44","guid":{"rendered":"https:\/\/www.aquimicasa.net\/blog\/?p=36948"},"modified":"2021-04-29T18:57:44","modified_gmt":"2021-04-29T16:57:44","slug":"madrid-y-barcelona-las-ciudades-peor-valoradas-en-calidad-de-vida","status":"publish","type":"post","link":"https:\/\/www.aquimicasa.net\/blog\/consumo\/consumidores\/madrid-y-barcelona-las-ciudades-peor-valoradas-en-calidad-de-vida\/","title":{"rendered":"Madrid y Barcelona las ciudades peor valoradas en calidad de vida"},"content":{"rendered":"<div class=\"fusion-fullwidth fullwidth-box fusion-builder-row-1 nonhundred-percent-fullwidth non-hundred-percent-height-scrolling\" style=\"background-color: rgba(255,255,255,0);background-position: center center;background-repeat: no-repeat;padding-top:0px;padding-right:0px;padding-bottom:0px;padding-left:0px;margin-bottom: 0px;margin-top: 0px;border-width: 0px 0px 0px 0px;border-color:#eae9e9;border-style:solid;\" ><div class=\"fusion-builder-row fusion-row\"><div class=\"fusion-layout-column fusion_builder_column fusion-builder-column-0 fusion_builder_column_1_1 1_1 fusion-one-full fusion-column-first fusion-column-last\" style=\"margin-top:0px;margin-bottom:0px;\"><div class=\"fusion-column-wrapper fusion-flex-column-wrapper-legacy\" style=\"background-position:left top;background-repeat:no-repeat;-webkit-background-size:cover;-moz-background-size:cover;-o-background-size:cover;background-size:cover;padding: 0px 0px 0px 0px;\"><div class=\"fusion-text fusion-text-1\"><p class=\"Standard\">La encuesta sobre calidad de vida en las 15 ciudades m\u00e1s pobladas de Espa\u00f1a, realizada por la <strong>Organizaci\u00f3n de Consumidores y Usuarios (OCU)<\/strong>, refleja la abrupta ca\u00edda de muchos indicadores como consecuencia de la pandemia. La evaluaci\u00f3n general de los 2.816 encuestados sobre sus respectivas ciudades ha ca\u00eddo 10 puntos de media en apenas un a\u00f1o; o incluso m\u00e1s en Palma, Madrid, Sevilla y Gij\u00f3n, en buena parte impulsado por el descenso de la valoraci\u00f3n de los servicios de salud, que han dejado de ser el aspecto m\u00e1s destacado por los encuestados. Aunque las evaluaciones var\u00edan mucho seg\u00fan<span class=\"Fuentedeprrafopredeter1\">\u00a0cada ciudad.<\/span><\/p>\n<p class=\"Standard\"><strong>Madrid y Barcelona destacan por ser las dos ciudades peor valoradas por sus residentes,<\/strong> sobre todo en contaminaci\u00f3n y medio ambiente, coste de la vida, mercado inmobiliario y limpieza, tal y como se refleja en la revista OCU Compra Maestra de marzo. Madrid obtiene adem\u00e1s evaluaciones por debajo de la media en <strong>educaci\u00f3n y servicios de salud<\/strong>; mientras que Barcelona suspende en seguridad. Ambas urbes solo superan la valoraci\u00f3n media en empleo y mercado laboral, as\u00ed como en cultura, deporte y ocio.<\/p>\n<p class=\"Standard\"><span class=\"Fuentedeprrafopredeter1\">El ranking<\/span>\u00a0de calidad de vida de las 15 ciudades m\u00e1s pobladas est\u00e1 <strong>liderado por Vigo<\/strong>, que destaca por sus buenas valoraciones en seguridad, limpieza, educaci\u00f3n o medio ambiente y contaminaci\u00f3n. Y es adem\u00e1s una de las mejores ciudades para familias con ni\u00f1os, ya que la oferta de ocio, deporte y cultura obtiene tambi\u00e9n una buena nota. Claro que tambi\u00e9n tiene algunos puntos d\u00e9biles, como el mercado laboral e inmobiliario.<\/p>\n<p class=\"Standard\">Entre las mejores ciudades para vivir tambi\u00e9n <strong>destaca Zaragoza<\/strong>. La ciudad del Ebro solo flojea un poco en limpieza y gesti\u00f3n de residuos, mientras que las valoraciones de sus vecinos en movilidad, servicios de salud, empleo, educaci\u00f3n, cultura, deporte y ocio est\u00e1n entre las m\u00e1s altas. Lo mismo que Bilbao, que por el contrario flojea en coste de la vida y el mercado inmobiliario. Valladolid y C\u00f3rdoba, por su parte, son otras dos urbes entre las mejor valoradas por sus ciudadanos.<\/p>\n<p class=\"Standard\">En definitiva, OCU considera que, si bien la <strong>presi\u00f3n sobre los recursos sanitarios<\/strong> ha tenido mucho peso este a\u00f1o en las valoraciones de los ciudadanos, la encuesta permite conocer qu\u00e9 apartados concretos necesitan una atenci\u00f3n prioritaria para que no sigan degrad\u00e1ndose o para mejorar una situaci\u00f3n que ya no era buena antes de que todo empezara.<\/p>\n<p>Informaci\u00f3n ampliada en este\u00a0<strong><a href=\"https:\/\/www.ocu.org\/consumo-familia\/derechos-consumidor\/informe\/calidad-vida-urbana\"  rel=\"nofollow noopener\">enlace<\/a><\/strong>.<\/p>\n<\/div><div class=\"fusion-clearfix\"><\/div><\/div><\/div><\/div><\/div>\n","protected":false},"excerpt":{"rendered":"<p>Madrid y Barcelona destacan por ser las dos ciudades peor valoradas por sus residentes, sobre todo en contaminaci\u00f3n y medio ambiente, coste de la vida, mercado inmobiliario y limpieza<\/p>\n","protected":false},"author":3,"featured_media":36976,"comment_status":"closed","ping_status":"closed","sticky":false,"template":"","format":"standard","meta":{"_jetpack_memberships_contains_paid_content":false,"footnotes":"","jetpack_publicize_message":"","jetpack_publicize_feature_enabled":true,"jetpack_social_post_already_shared":true,"jetpack_social_options":{"image_generator_settings":{"template":"highway","default_image_id":0,"font":"","enabled":false},"version":2}},"categories":[641,7512],"tags":[7951],"class_list":["post-36948","post","type-post","status-publish","format-standard","has-post-thumbnail","hentry","category-asociacion-de-consumidores","category-consumidores","tag-newsletter-304"],"yoast_head":"<!-- This site is optimized with the Yoast SEO plugin v27.5 - https:\/\/yoast.com\/product\/yoast-seo-wordpress\/ -->\n<title>Madrid y Barcelona las ciudades peor valoradas en calidad de vida<\/title>\n<meta name=\"description\" content=\"Madrid y Barcelona son las dos ciudades peor valoradas, sobre todo en contaminaci\u00f3n, coste de la vida, mercado inmobiliario y limpieza\" \/>\n<meta name=\"robots\" content=\"index, follow, max-snippet:-1, max-image-preview:large, max-video-preview:-1\" \/>\n<link rel=\"canonical\" href=\"https:\/\/www.aquimicasa.net\/blog\/consumo\/consumidores\/madrid-y-barcelona-las-ciudades-peor-valoradas-en-calidad-de-vida\/\" \/>\n<meta property=\"og:locale\" content=\"es_ES\" \/>\n<meta property=\"og:type\" content=\"article\" \/>\n<meta property=\"og:title\" content=\"Madrid y Barcelona las ciudades peor valoradas en calidad de vida\" \/>\n<meta property=\"og:description\" content=\"Madrid y Barcelona son las dos ciudades peor valoradas, sobre todo en contaminaci\u00f3n, coste de la vida, mercado inmobiliario y limpieza\" \/>\n<meta property=\"og:url\" content=\"https:\/\/www.aquimicasa.net\/blog\/consumo\/consumidores\/madrid-y-barcelona-las-ciudades-peor-valoradas-en-calidad-de-vida\/\" \/>\n<meta property=\"og:site_name\" content=\"Blog de aquimicasa.net\" \/>\n<meta property=\"article:publisher\" content=\"https:\/\/www.facebook.com\/aquimicasa.net\" \/>\n<meta property=\"article:published_time\" content=\"2021-04-29T16:57:44+00:00\" \/>\n<meta property=\"og:image\" content=\"https:\/\/www.aquimicasa.net\/blog\/wp-content\/uploads\/Madrid5-3-e1619715436331.jpg\" \/>\n\t<meta property=\"og:image:width\" content=\"400\" \/>\n\t<meta property=\"og:image:height\" content=\"267\" \/>\n\t<meta property=\"og:image:type\" content=\"image\/jpeg\" \/>\n<meta name=\"author\" content=\"Eduardo Lizarraga\" \/>\n<meta name=\"twitter:label1\" content=\"Escrito por\" \/>\n\t<meta name=\"twitter:data1\" content=\"Eduardo Lizarraga\" \/>\n\t<meta name=\"twitter:label2\" content=\"Tiempo de lectura\" \/>\n\t<meta name=\"twitter:data2\" content=\"3 minutos\" \/>\n<script type=\"application\/ld+json\" class=\"yoast-schema-graph\">{\"@context\":\"https:\\\/\\\/schema.org\",\"@graph\":[{\"@type\":\"Article\",\"@id\":\"https:\\\/\\\/www.aquimicasa.net\\\/blog\\\/consumo\\\/consumidores\\\/madrid-y-barcelona-las-ciudades-peor-valoradas-en-calidad-de-vida\\\/#article\",\"isPartOf\":{\"@id\":\"https:\\\/\\\/www.aquimicasa.net\\\/blog\\\/consumo\\\/consumidores\\\/madrid-y-barcelona-las-ciudades-peor-valoradas-en-calidad-de-vida\\\/\"},\"author\":{\"name\":\"Eduardo Lizarraga\",\"@id\":\"https:\\\/\\\/www.aquimicasa.net\\\/blog\\\/#\\\/schema\\\/person\\\/2cdfa2605534583395c8d7ce1d6cac14\"},\"headline\":\"Madrid y Barcelona las ciudades peor valoradas en calidad de vida\",\"datePublished\":\"2021-04-29T16:57:44+00:00\",\"mainEntityOfPage\":{\"@id\":\"https:\\\/\\\/www.aquimicasa.net\\\/blog\\\/consumo\\\/consumidores\\\/madrid-y-barcelona-las-ciudades-peor-valoradas-en-calidad-de-vida\\\/\"},\"wordCount\":669,\"publisher\":{\"@id\":\"https:\\\/\\\/www.aquimicasa.net\\\/blog\\\/#organization\"},\"image\":{\"@id\":\"https:\\\/\\\/www.aquimicasa.net\\\/blog\\\/consumo\\\/consumidores\\\/madrid-y-barcelona-las-ciudades-peor-valoradas-en-calidad-de-vida\\\/#primaryimage\"},\"thumbnailUrl\":\"https:\\\/\\\/www.aquimicasa.net\\\/blog\\\/wp-content\\\/uploads\\\/Madrid5-3-e1619715436331.jpg\",\"keywords\":[\"newsletter 304\"],\"articleSection\":[\"Asociaciones de Consumidores\",\"Consumidores\"],\"inLanguage\":\"es\"},{\"@type\":\"WebPage\",\"@id\":\"https:\\\/\\\/www.aquimicasa.net\\\/blog\\\/consumo\\\/consumidores\\\/madrid-y-barcelona-las-ciudades-peor-valoradas-en-calidad-de-vida\\\/\",\"url\":\"https:\\\/\\\/www.aquimicasa.net\\\/blog\\\/consumo\\\/consumidores\\\/madrid-y-barcelona-las-ciudades-peor-valoradas-en-calidad-de-vida\\\/\",\"name\":\"Madrid y Barcelona las ciudades peor valoradas en calidad de vida\",\"isPartOf\":{\"@id\":\"https:\\\/\\\/www.aquimicasa.net\\\/blog\\\/#website\"},\"primaryImageOfPage\":{\"@id\":\"https:\\\/\\\/www.aquimicasa.net\\\/blog\\\/consumo\\\/consumidores\\\/madrid-y-barcelona-las-ciudades-peor-valoradas-en-calidad-de-vida\\\/#primaryimage\"},\"image\":{\"@id\":\"https:\\\/\\\/www.aquimicasa.net\\\/blog\\\/consumo\\\/consumidores\\\/madrid-y-barcelona-las-ciudades-peor-valoradas-en-calidad-de-vida\\\/#primaryimage\"},\"thumbnailUrl\":\"https:\\\/\\\/www.aquimicasa.net\\\/blog\\\/wp-content\\\/uploads\\\/Madrid5-3-e1619715436331.jpg\",\"datePublished\":\"2021-04-29T16:57:44+00:00\",\"description\":\"Madrid y Barcelona son las dos ciudades peor valoradas, sobre todo en contaminaci\u00f3n, coste de la vida, mercado inmobiliario y limpieza\",\"breadcrumb\":{\"@id\":\"https:\\\/\\\/www.aquimicasa.net\\\/blog\\\/consumo\\\/consumidores\\\/madrid-y-barcelona-las-ciudades-peor-valoradas-en-calidad-de-vida\\\/#breadcrumb\"},\"inLanguage\":\"es\",\"potentialAction\":[{\"@type\":\"ReadAction\",\"target\":[\"https:\\\/\\\/www.aquimicasa.net\\\/blog\\\/consumo\\\/consumidores\\\/madrid-y-barcelona-las-ciudades-peor-valoradas-en-calidad-de-vida\\\/\"]}]},{\"@type\":\"ImageObject\",\"inLanguage\":\"es\",\"@id\":\"https:\\\/\\\/www.aquimicasa.net\\\/blog\\\/consumo\\\/consumidores\\\/madrid-y-barcelona-las-ciudades-peor-valoradas-en-calidad-de-vida\\\/#primaryimage\",\"url\":\"https:\\\/\\\/www.aquimicasa.net\\\/blog\\\/wp-content\\\/uploads\\\/Madrid5-3-e1619715436331.jpg\",\"contentUrl\":\"https:\\\/\\\/www.aquimicasa.net\\\/blog\\\/wp-content\\\/uploads\\\/Madrid5-3-e1619715436331.jpg\",\"width\":400,\"height\":267,\"caption\":\"Los 25 barrios de alquileres m\u00e1s baratos en Madrid\"},{\"@type\":\"BreadcrumbList\",\"@id\":\"https:\\\/\\\/www.aquimicasa.net\\\/blog\\\/consumo\\\/consumidores\\\/madrid-y-barcelona-las-ciudades-peor-valoradas-en-calidad-de-vida\\\/#breadcrumb\",\"itemListElement\":[{\"@type\":\"ListItem\",\"position\":1,\"name\":\"Portada\",\"item\":\"https:\\\/\\\/www.aquimicasa.net\\\/blog\\\/\"},{\"@type\":\"ListItem\",\"position\":2,\"name\":\"Madrid y Barcelona las ciudades peor valoradas en calidad de vida\"}]},{\"@type\":\"WebSite\",\"@id\":\"https:\\\/\\\/www.aquimicasa.net\\\/blog\\\/#website\",\"url\":\"https:\\\/\\\/www.aquimicasa.net\\\/blog\\\/\",\"name\":\"Blog de aquimicasa.net\",\"description\":\"Noticias del Mundo Inmobiliario\",\"publisher\":{\"@id\":\"https:\\\/\\\/www.aquimicasa.net\\\/blog\\\/#organization\"},\"potentialAction\":[{\"@type\":\"SearchAction\",\"target\":{\"@type\":\"EntryPoint\",\"urlTemplate\":\"https:\\\/\\\/www.aquimicasa.net\\\/blog\\\/?s={search_term_string}\"},\"query-input\":{\"@type\":\"PropertyValueSpecification\",\"valueRequired\":true,\"valueName\":\"search_term_string\"}}],\"inLanguage\":\"es\"},{\"@type\":\"Organization\",\"@id\":\"https:\\\/\\\/www.aquimicasa.net\\\/blog\\\/#organization\",\"name\":\"Blog de aquimicasa.net\",\"url\":\"https:\\\/\\\/www.aquimicasa.net\\\/blog\\\/\",\"logo\":{\"@type\":\"ImageObject\",\"inLanguage\":\"es\",\"@id\":\"https:\\\/\\\/www.aquimicasa.net\\\/blog\\\/#\\\/schema\\\/logo\\\/image\\\/\",\"url\":\"https:\\\/\\\/www.aquimicasa.net\\\/blog\\\/wp-content\\\/uploads\\\/Logo-aquimicasa-1-e1528048213782.png\",\"contentUrl\":\"https:\\\/\\\/www.aquimicasa.net\\\/blog\\\/wp-content\\\/uploads\\\/Logo-aquimicasa-1-e1528048213782.png\",\"width\":225,\"height\":225,\"caption\":\"Blog de aquimicasa.net\"},\"image\":{\"@id\":\"https:\\\/\\\/www.aquimicasa.net\\\/blog\\\/#\\\/schema\\\/logo\\\/image\\\/\"},\"sameAs\":[\"https:\\\/\\\/www.facebook.com\\\/aquimicasa.net\",\"https:\\\/\\\/www.instagram.com\\\/\",\"https:\\\/\\\/x.com\\\/EduLizarragaD\",\"https:\\\/\\\/www.linkedin.com\\\/feed\\\/\"]},{\"@type\":\"Person\",\"@id\":\"https:\\\/\\\/www.aquimicasa.net\\\/blog\\\/#\\\/schema\\\/person\\\/2cdfa2605534583395c8d7ce1d6cac14\",\"name\":\"Eduardo Lizarraga\",\"image\":{\"@type\":\"ImageObject\",\"inLanguage\":\"es\",\"@id\":\"https:\\\/\\\/secure.gravatar.com\\\/avatar\\\/bdabe1eeeed97b65a9cb7de2edd624b07995f7e13abc5fead15961f745f908cc?s=96&d=mm&r=g\",\"url\":\"https:\\\/\\\/secure.gravatar.com\\\/avatar\\\/bdabe1eeeed97b65a9cb7de2edd624b07995f7e13abc5fead15961f745f908cc?s=96&d=mm&r=g\",\"contentUrl\":\"https:\\\/\\\/secure.gravatar.com\\\/avatar\\\/bdabe1eeeed97b65a9cb7de2edd624b07995f7e13abc5fead15961f745f908cc?s=96&d=mm&r=g\",\"caption\":\"Eduardo Lizarraga\"},\"description\":\"Periodista Econ\u00f3mico. Ha trabajado en diversos campos de la informaci\u00f3n. Corresponsal en conflictos, analista pol\u00edtico en Congreso y Senado, periodista del medio ambiente, editor, director editorial, director de comunicaci\u00f3n.... En estos momentos se ha especializado en el sector inmobiliario. Pero tambi\u00e9n es navegante y viajero, preocupado por la pobreza, el medio ambiente y por las actuaciones descontroladas del neoliberalismo empresarial y pol\u00edtico en todo el mundo. Los desahucios, la pobreza infantil y la falta de acceso a los suministros b\u00e1sicos son algunos de los grandes dramas de nuestra sociedad y que es preciso solucionar para hacerla m\u00e1s justa. CEO en www.aquimicasa.net\",\"sameAs\":[\"https:\\\/\\\/www.aquimicasa.net\\\/\"],\"url\":\"https:\\\/\\\/www.aquimicasa.net\\\/blog\\\/author\\\/eduardo\\\/\"}]}<\/script>\n<!-- \/ Yoast SEO plugin. -->","yoast_head_json":{"title":"Madrid y Barcelona las ciudades peor valoradas en calidad de vida","description":"Madrid y Barcelona son las dos ciudades peor valoradas, sobre todo en contaminaci\u00f3n, coste de la vida, mercado inmobiliario y limpieza","robots":{"index":"index","follow":"follow","max-snippet":"max-snippet:-1","max-image-preview":"max-image-preview:large","max-video-preview":"max-video-preview:-1"},"canonical":"https:\/\/www.aquimicasa.net\/blog\/consumo\/consumidores\/madrid-y-barcelona-las-ciudades-peor-valoradas-en-calidad-de-vida\/","og_locale":"es_ES","og_type":"article","og_title":"Madrid y Barcelona las ciudades peor valoradas en calidad de vida","og_description":"Madrid y Barcelona son las dos ciudades peor valoradas, sobre todo en contaminaci\u00f3n, coste de la vida, mercado inmobiliario y limpieza","og_url":"https:\/\/www.aquimicasa.net\/blog\/consumo\/consumidores\/madrid-y-barcelona-las-ciudades-peor-valoradas-en-calidad-de-vida\/","og_site_name":"Blog de aquimicasa.net","article_publisher":"https:\/\/www.facebook.com\/aquimicasa.net","article_published_time":"2021-04-29T16:57:44+00:00","og_image":[{"width":400,"height":267,"url":"https:\/\/www.aquimicasa.net\/blog\/wp-content\/uploads\/Madrid5-3-e1619715436331.jpg","type":"image\/jpeg"}],"author":"Eduardo Lizarraga","twitter_misc":{"Escrito por":"Eduardo Lizarraga","Tiempo de lectura":"3 minutos"},"schema":{"@context":"https:\/\/schema.org","@graph":[{"@type":"Article","@id":"https:\/\/www.aquimicasa.net\/blog\/consumo\/consumidores\/madrid-y-barcelona-las-ciudades-peor-valoradas-en-calidad-de-vida\/#article","isPartOf":{"@id":"https:\/\/www.aquimicasa.net\/blog\/consumo\/consumidores\/madrid-y-barcelona-las-ciudades-peor-valoradas-en-calidad-de-vida\/"},"author":{"name":"Eduardo Lizarraga","@id":"https:\/\/www.aquimicasa.net\/blog\/#\/schema\/person\/2cdfa2605534583395c8d7ce1d6cac14"},"headline":"Madrid y Barcelona las ciudades peor valoradas en calidad de vida","datePublished":"2021-04-29T16:57:44+00:00","mainEntityOfPage":{"@id":"https:\/\/www.aquimicasa.net\/blog\/consumo\/consumidores\/madrid-y-barcelona-las-ciudades-peor-valoradas-en-calidad-de-vida\/"},"wordCount":669,"publisher":{"@id":"https:\/\/www.aquimicasa.net\/blog\/#organization"},"image":{"@id":"https:\/\/www.aquimicasa.net\/blog\/consumo\/consumidores\/madrid-y-barcelona-las-ciudades-peor-valoradas-en-calidad-de-vida\/#primaryimage"},"thumbnailUrl":"https:\/\/www.aquimicasa.net\/blog\/wp-content\/uploads\/Madrid5-3-e1619715436331.jpg","keywords":["newsletter 304"],"articleSection":["Asociaciones de Consumidores","Consumidores"],"inLanguage":"es"},{"@type":"WebPage","@id":"https:\/\/www.aquimicasa.net\/blog\/consumo\/consumidores\/madrid-y-barcelona-las-ciudades-peor-valoradas-en-calidad-de-vida\/","url":"https:\/\/www.aquimicasa.net\/blog\/consumo\/consumidores\/madrid-y-barcelona-las-ciudades-peor-valoradas-en-calidad-de-vida\/","name":"Madrid y Barcelona las ciudades peor valoradas en calidad de vida","isPartOf":{"@id":"https:\/\/www.aquimicasa.net\/blog\/#website"},"primaryImageOfPage":{"@id":"https:\/\/www.aquimicasa.net\/blog\/consumo\/consumidores\/madrid-y-barcelona-las-ciudades-peor-valoradas-en-calidad-de-vida\/#primaryimage"},"image":{"@id":"https:\/\/www.aquimicasa.net\/blog\/consumo\/consumidores\/madrid-y-barcelona-las-ciudades-peor-valoradas-en-calidad-de-vida\/#primaryimage"},"thumbnailUrl":"https:\/\/www.aquimicasa.net\/blog\/wp-content\/uploads\/Madrid5-3-e1619715436331.jpg","datePublished":"2021-04-29T16:57:44+00:00","description":"Madrid y Barcelona son las dos ciudades peor valoradas, sobre todo en contaminaci\u00f3n, coste de la vida, mercado inmobiliario y limpieza","breadcrumb":{"@id":"https:\/\/www.aquimicasa.net\/blog\/consumo\/consumidores\/madrid-y-barcelona-las-ciudades-peor-valoradas-en-calidad-de-vida\/#breadcrumb"},"inLanguage":"es","potentialAction":[{"@type":"ReadAction","target":["https:\/\/www.aquimicasa.net\/blog\/consumo\/consumidores\/madrid-y-barcelona-las-ciudades-peor-valoradas-en-calidad-de-vida\/"]}]},{"@type":"ImageObject","inLanguage":"es","@id":"https:\/\/www.aquimicasa.net\/blog\/consumo\/consumidores\/madrid-y-barcelona-las-ciudades-peor-valoradas-en-calidad-de-vida\/#primaryimage","url":"https:\/\/www.aquimicasa.net\/blog\/wp-content\/uploads\/Madrid5-3-e1619715436331.jpg","contentUrl":"https:\/\/www.aquimicasa.net\/blog\/wp-content\/uploads\/Madrid5-3-e1619715436331.jpg","width":400,"height":267,"caption":"Los 25 barrios de alquileres m\u00e1s baratos en Madrid"},{"@type":"BreadcrumbList","@id":"https:\/\/www.aquimicasa.net\/blog\/consumo\/consumidores\/madrid-y-barcelona-las-ciudades-peor-valoradas-en-calidad-de-vida\/#breadcrumb","itemListElement":[{"@type":"ListItem","position":1,"name":"Portada","item":"https:\/\/www.aquimicasa.net\/blog\/"},{"@type":"ListItem","position":2,"name":"Madrid y Barcelona las ciudades peor valoradas en calidad de vida"}]},{"@type":"WebSite","@id":"https:\/\/www.aquimicasa.net\/blog\/#website","url":"https:\/\/www.aquimicasa.net\/blog\/","name":"Blog de aquimicasa.net","description":"Noticias del Mundo Inmobiliario","publisher":{"@id":"https:\/\/www.aquimicasa.net\/blog\/#organization"},"potentialAction":[{"@type":"SearchAction","target":{"@type":"EntryPoint","urlTemplate":"https:\/\/www.aquimicasa.net\/blog\/?s={search_term_string}"},"query-input":{"@type":"PropertyValueSpecification","valueRequired":true,"valueName":"search_term_string"}}],"inLanguage":"es"},{"@type":"Organization","@id":"https:\/\/www.aquimicasa.net\/blog\/#organization","name":"Blog de aquimicasa.net","url":"https:\/\/www.aquimicasa.net\/blog\/","logo":{"@type":"ImageObject","inLanguage":"es","@id":"https:\/\/www.aquimicasa.net\/blog\/#\/schema\/logo\/image\/","url":"https:\/\/www.aquimicasa.net\/blog\/wp-content\/uploads\/Logo-aquimicasa-1-e1528048213782.png","contentUrl":"https:\/\/www.aquimicasa.net\/blog\/wp-content\/uploads\/Logo-aquimicasa-1-e1528048213782.png","width":225,"height":225,"caption":"Blog de aquimicasa.net"},"image":{"@id":"https:\/\/www.aquimicasa.net\/blog\/#\/schema\/logo\/image\/"},"sameAs":["https:\/\/www.facebook.com\/aquimicasa.net","https:\/\/www.instagram.com\/","https:\/\/x.com\/EduLizarragaD","https:\/\/www.linkedin.com\/feed\/"]},{"@type":"Person","@id":"https:\/\/www.aquimicasa.net\/blog\/#\/schema\/person\/2cdfa2605534583395c8d7ce1d6cac14","name":"Eduardo Lizarraga","image":{"@type":"ImageObject","inLanguage":"es","@id":"https:\/\/secure.gravatar.com\/avatar\/bdabe1eeeed97b65a9cb7de2edd624b07995f7e13abc5fead15961f745f908cc?s=96&d=mm&r=g","url":"https:\/\/secure.gravatar.com\/avatar\/bdabe1eeeed97b65a9cb7de2edd624b07995f7e13abc5fead15961f745f908cc?s=96&d=mm&r=g","contentUrl":"https:\/\/secure.gravatar.com\/avatar\/bdabe1eeeed97b65a9cb7de2edd624b07995f7e13abc5fead15961f745f908cc?s=96&d=mm&r=g","caption":"Eduardo Lizarraga"},"description":"Periodista Econ\u00f3mico. Ha trabajado en diversos campos de la informaci\u00f3n. Corresponsal en conflictos, analista pol\u00edtico en Congreso y Senado, periodista del medio ambiente, editor, director editorial, director de comunicaci\u00f3n.... En estos momentos se ha especializado en el sector inmobiliario. Pero tambi\u00e9n es navegante y viajero, preocupado por la pobreza, el medio ambiente y por las actuaciones descontroladas del neoliberalismo empresarial y pol\u00edtico en todo el mundo. Los desahucios, la pobreza infantil y la falta de acceso a los suministros b\u00e1sicos son algunos de los grandes dramas de nuestra sociedad y que es preciso solucionar para hacerla m\u00e1s justa. CEO en www.aquimicasa.net","sameAs":["https:\/\/www.aquimicasa.net\/"],"url":"https:\/\/www.aquimicasa.net\/blog\/author\/eduardo\/"}]}},"jetpack_publicize_connections":[],"jetpack_featured_media_url":"https:\/\/www.aquimicasa.net\/blog\/wp-content\/uploads\/Madrid5-3-e1619715436331.jpg","jetpack_sharing_enabled":true,"jetpack_likes_enabled":true,"_links":{"self":[{"href":"https:\/\/www.aquimicasa.net\/blog\/wp-json\/wp\/v2\/posts\/36948","targetHints":{"allow":["GET"]}}],"collection":[{"href":"https:\/\/www.aquimicasa.net\/blog\/wp-json\/wp\/v2\/posts"}],"about":[{"href":"https:\/\/www.aquimicasa.net\/blog\/wp-json\/wp\/v2\/types\/post"}],"author":[{"embeddable":true,"href":"https:\/\/www.aquimicasa.net\/blog\/wp-json\/wp\/v2\/users\/3"}],"replies":[{"embeddable":true,"href":"https:\/\/www.aquimicasa.net\/blog\/wp-json\/wp\/v2\/comments?post=36948"}],"version-history":[{"count":3,"href":"https:\/\/www.aquimicasa.net\/blog\/wp-json\/wp\/v2\/posts\/36948\/revisions"}],"predecessor-version":[{"id":36977,"href":"https:\/\/www.aquimicasa.net\/blog\/wp-json\/wp\/v2\/posts\/36948\/revisions\/36977"}],"wp:featuredmedia":[{"embeddable":true,"href":"https:\/\/www.aquimicasa.net\/blog\/wp-json\/wp\/v2\/media\/36976"}],"wp:attachment":[{"href":"https:\/\/www.aquimicasa.net\/blog\/wp-json\/wp\/v2\/media?parent=36948"}],"wp:term":[{"taxonomy":"category","embeddable":true,"href":"https:\/\/www.aquimicasa.net\/blog\/wp-json\/wp\/v2\/categories?post=36948"},{"taxonomy":"post_tag","embeddable":true,"href":"https:\/\/www.aquimicasa.net\/blog\/wp-json\/wp\/v2\/tags?post=36948"}],"curies":[{"name":"wp","href":"https:\/\/api.w.org\/{rel}","templated":true}]}}