{"id":36953,"date":"2021-04-28T17:25:57","date_gmt":"2021-04-28T15:25:57","guid":{"rendered":"https:\/\/www.aquimicasa.net\/blog\/?p=36953"},"modified":"2021-04-28T17:25:57","modified_gmt":"2021-04-28T15:25:57","slug":"el-congreso-debatira-la-postura-del-estado-ante-el-juicio-al-irph","status":"publish","type":"post","link":"https:\/\/www.aquimicasa.net\/blog\/consumo\/consumidores\/el-congreso-debatira-la-postura-del-estado-ante-el-juicio-al-irph\/","title":{"rendered":"El Congreso debatir\u00e1 la postura del Estado ante el juicio al IRPH"},"content":{"rendered":"<div class=\"fusion-fullwidth fullwidth-box fusion-builder-row-1 nonhundred-percent-fullwidth non-hundred-percent-height-scrolling\" style=\"background-color: rgba(255,255,255,0);background-position: center center;background-repeat: no-repeat;padding-top:0px;padding-right:0px;padding-bottom:0px;padding-left:0px;margin-bottom: 0px;margin-top: 0px;border-width: 0px 0px 0px 0px;border-color:#eae9e9;border-style:solid;\" ><div class=\"fusion-builder-row fusion-row\"><div class=\"fusion-layout-column fusion_builder_column fusion-builder-column-0 fusion_builder_column_1_1 1_1 fusion-one-full fusion-column-first fusion-column-last\" style=\"margin-top:0px;margin-bottom:0px;\"><div class=\"fusion-column-wrapper fusion-flex-column-wrapper-legacy\" style=\"background-position:left top;background-repeat:no-repeat;-webkit-background-size:cover;-moz-background-size:cover;-o-background-size:cover;background-size:cover;padding: 0px 0px 0px 0px;\"><div class=\"fusion-text fusion-text-1\"><p>El Congreso espa\u00f1ol de los diputados debatir\u00e1 ma\u00f1ana jueves\u00a0una Proposici\u00f3n No de Ley (PNL) de IRPH Stop Gipuzkoa sobre la postura que debe adoptar el gobierno espa\u00f1ol en el pr\u00f3ximo \u201cjuicio al IRPH\u201d a celebrarse en el Tribunal de Justicia de la Uni\u00f3n Europea. La PNL, que se remiti\u00f3 a todos los grupos parlamentarios, fue registrada por EH Bildu, y se debatir\u00e1 ma\u00f1ana en la Comisi\u00f3n de Asuntos Econ\u00f3micos y Transformaci\u00f3n Digital.<\/p>\n<p>La PNL constata que el TJUE ha admitido a tr\u00e1mite dos cuestiones prejudiciales relativas al \u00edndice de referencia IRPH, y recuerda lo que ocurri\u00f3 la anterior ocasi\u00f3n. En aquella primera cuesti\u00f3n prejudicial el Reino de Espa\u00f1a con el <strong>Gobierno de Rajoy<\/strong>, decidi\u00f3 participar en el procedimiento a trav\u00e9s de la Abogac\u00eda del Estado ante el TJUE, que depende de la Secretar\u00eda de Estado para la UE. Y lo hizo <strong>defendiendo los intereses de la banca<\/strong> frente a los de todos los espa\u00f1oles.<\/p>\n<p>En la fase escrita del procedimiento, bajo gobierno de PP y en la vista oral, ya bajo gobierno de PSOE con S\u00e1nchez, la abogada del Estado <strong>defendi\u00f3 ante el TJUE los intereses de la banca<\/strong>, afirmando que no es necesario examinar si la cl\u00e1usula IRPH es o no transparente y a\u00f1adiendo que \u00abno tiene sentido suministrar las f\u00f3rmulas de estos tipos oficiales porque el consumidor medio no va a entenderlas\u00bb. Adem\u00e1s, y para el caso de que el IRPH fuera declarado nulo, el gobierno solicit\u00f3 que <strong>no se obligara a las entidades bancarias a devolver las cantidades indebidamente cobradas<\/strong>. Toda su intervenci\u00f3n fue similar a la de los abogados de la banca,<\/p>\n<p>El TJUE dict\u00f3 sentencia el 3 de marzo de 2020 estableciendo que la cl\u00e1usula IRPH s\u00ed deb\u00eda someterse al control de transparencia, <strong>corrigiendo as\u00ed al Tribunal Supremo espa\u00f1ol<\/strong> y desoyendo los argumentos de la abogada del gobierno espa\u00f1ol.<\/p>\n<p>Tras aquella sentencia el Supremo se pronunci\u00f3 el 12 de noviembre de 2020 mediante cuatro sentencias. En ellas, el Supremo admite que la cl\u00e1usula IRPH no supera el control de transparencia dictado por Europa pero, sorprendentemente, afirma que a pesar de ello <strong>la cl\u00e1usula no es abusiva<\/strong>. Las sentencias cuentan con un voto particular discrepante y numerosos juristas creen que son <strong>contrarias a la directiva europea<\/strong> de protecci\u00f3n de los consumidores. Como cab\u00eda esperar, el asunto ha sido <strong>nuevamente elevado a Europa<\/strong>, y es en ese contexto en el que se encuadra la iniciativa que se votar\u00e1 ma\u00f1ana.<\/p>\n<p>En la misma, se insta al gobierno a:<\/p>\n<p>1.- <strong>Personarse ante el Tribunal de Justicia de la Uni\u00f3n Europea<\/strong> en los asuntos C655-20 y C-79\/21 relativos al uso del \u00edndice IRPH en pr\u00e9stamos hipotecarios para <strong>defender los intereses de las personas afectadas<\/strong>, defendiendo que la falta de transparencia comporta de manera autom\u00e1tica la abusividad y consecuente nulidad de la cl\u00e1usula.<br \/>\n2.- Para el hipot\u00e9tico caso en el que el Gobierno de Espa\u00f1a decida <strong>no defender a su ciudadan\u00eda<\/strong>, adoptar al menos una postura neutral, no person\u00e1ndose en los asuntos C655-20 y C-79\/21.<\/p>\n<p>La sesi\u00f3n comenzar\u00e1 a las 11:00 y el IRPH es el cuarto punto en el orden del d\u00eda. El debate podr\u00e1 seguirse en directo a trav\u00e9s de\u00a0<a href=\"https:\/\/app.congreso.es\/AudiovisualCongreso\/audiovisualEmisionSemiDirecto?codOrgano=378&amp;codSesion=19&amp;idLegislaturaElegida=14\" target=\"_blank\" rel=\"nofollow noopener\">este enlace<\/a>.<\/p>\n<\/div><div class=\"fusion-clearfix\"><\/div><\/div><\/div><\/div><\/div>\n","protected":false},"excerpt":{"rendered":"<p>El TJUE dict\u00f3 sentencia el 3 de marzo de 2020 estableciendo que la cl\u00e1usula IRPH s\u00ed deb\u00eda someterse al control de transparencia, corrigiendo as\u00ed al Tribunal Supremo espa\u00f1ol y desoyendo los argumentos de la abogada del gobierno espa\u00f1ol.<\/p>\n","protected":false},"author":3,"featured_media":12482,"comment_status":"closed","ping_status":"closed","sticky":false,"template":"","format":"standard","meta":{"_jetpack_memberships_contains_paid_content":false,"footnotes":"","jetpack_publicize_message":"","jetpack_publicize_feature_enabled":true,"jetpack_social_post_already_shared":true,"jetpack_social_options":{"image_generator_settings":{"template":"highway","default_image_id":0,"font":"","enabled":false},"version":2}},"categories":[7512,43],"tags":[7950],"class_list":["post-36953","post","type-post","status-publish","format-standard","has-post-thumbnail","hentry","category-consumidores","category-credito-hipotecario","tag-newsletter-303"],"yoast_head":"<!-- This site is optimized with the Yoast SEO plugin v27.5 - https:\/\/yoast.com\/product\/yoast-seo-wordpress\/ -->\n<title>El Congreso debatir\u00e1 la postura del Estado ante el juicio al IRPH<\/title>\n<meta name=\"description\" content=\"El TJUE dict\u00f3 sentencia el 3 de marzo de 2020 estableciendo que la cl\u00e1usula IRPH s\u00ed deb\u00eda someterse al control de transparencia\" \/>\n<meta name=\"robots\" content=\"index, follow, max-snippet:-1, max-image-preview:large, max-video-preview:-1\" \/>\n<link rel=\"canonical\" href=\"https:\/\/www.aquimicasa.net\/blog\/consumo\/consumidores\/el-congreso-debatira-la-postura-del-estado-ante-el-juicio-al-irph\/\" \/>\n<meta property=\"og:locale\" content=\"es_ES\" \/>\n<meta property=\"og:type\" content=\"article\" \/>\n<meta property=\"og:title\" content=\"El Congreso debatir\u00e1 la postura del Estado ante el juicio al IRPH\" \/>\n<meta property=\"og:description\" content=\"El TJUE dict\u00f3 sentencia el 3 de marzo de 2020 estableciendo que la cl\u00e1usula IRPH s\u00ed deb\u00eda someterse al control de transparencia\" \/>\n<meta property=\"og:url\" content=\"https:\/\/www.aquimicasa.net\/blog\/consumo\/consumidores\/el-congreso-debatira-la-postura-del-estado-ante-el-juicio-al-irph\/\" \/>\n<meta property=\"og:site_name\" content=\"Blog de aquimicasa.net\" \/>\n<meta property=\"article:publisher\" content=\"https:\/\/www.facebook.com\/aquimicasa.net\" \/>\n<meta property=\"article:published_time\" content=\"2021-04-28T15:25:57+00:00\" \/>\n<meta property=\"og:image\" content=\"https:\/\/www.aquimicasa.net\/blog\/wp-content\/uploads\/IRPH.jpg\" \/>\n\t<meta property=\"og:image:width\" content=\"206\" \/>\n\t<meta property=\"og:image:height\" content=\"206\" \/>\n\t<meta property=\"og:image:type\" content=\"image\/jpeg\" \/>\n<meta name=\"author\" content=\"Eduardo Lizarraga\" \/>\n<meta name=\"twitter:label1\" content=\"Escrito por\" \/>\n\t<meta name=\"twitter:data1\" content=\"Eduardo Lizarraga\" \/>\n\t<meta name=\"twitter:label2\" content=\"Tiempo de lectura\" \/>\n\t<meta name=\"twitter:data2\" content=\"3 minutos\" \/>\n<script type=\"application\/ld+json\" class=\"yoast-schema-graph\">{\"@context\":\"https:\\\/\\\/schema.org\",\"@graph\":[{\"@type\":\"Article\",\"@id\":\"https:\\\/\\\/www.aquimicasa.net\\\/blog\\\/consumo\\\/consumidores\\\/el-congreso-debatira-la-postura-del-estado-ante-el-juicio-al-irph\\\/#article\",\"isPartOf\":{\"@id\":\"https:\\\/\\\/www.aquimicasa.net\\\/blog\\\/consumo\\\/consumidores\\\/el-congreso-debatira-la-postura-del-estado-ante-el-juicio-al-irph\\\/\"},\"author\":{\"name\":\"Eduardo Lizarraga\",\"@id\":\"https:\\\/\\\/www.aquimicasa.net\\\/blog\\\/#\\\/schema\\\/person\\\/2cdfa2605534583395c8d7ce1d6cac14\"},\"headline\":\"El Congreso debatir\u00e1 la postura del Estado ante el juicio al IRPH\",\"datePublished\":\"2021-04-28T15:25:57+00:00\",\"mainEntityOfPage\":{\"@id\":\"https:\\\/\\\/www.aquimicasa.net\\\/blog\\\/consumo\\\/consumidores\\\/el-congreso-debatira-la-postura-del-estado-ante-el-juicio-al-irph\\\/\"},\"wordCount\":808,\"publisher\":{\"@id\":\"https:\\\/\\\/www.aquimicasa.net\\\/blog\\\/#organization\"},\"image\":{\"@id\":\"https:\\\/\\\/www.aquimicasa.net\\\/blog\\\/consumo\\\/consumidores\\\/el-congreso-debatira-la-postura-del-estado-ante-el-juicio-al-irph\\\/#primaryimage\"},\"thumbnailUrl\":\"https:\\\/\\\/www.aquimicasa.net\\\/blog\\\/wp-content\\\/uploads\\\/IRPH.jpg\",\"keywords\":[\"newsletter 303\"],\"articleSection\":[\"Consumidores\",\"Cr\u00e9dito hipotecario\"],\"inLanguage\":\"es\"},{\"@type\":\"WebPage\",\"@id\":\"https:\\\/\\\/www.aquimicasa.net\\\/blog\\\/consumo\\\/consumidores\\\/el-congreso-debatira-la-postura-del-estado-ante-el-juicio-al-irph\\\/\",\"url\":\"https:\\\/\\\/www.aquimicasa.net\\\/blog\\\/consumo\\\/consumidores\\\/el-congreso-debatira-la-postura-del-estado-ante-el-juicio-al-irph\\\/\",\"name\":\"El Congreso debatir\u00e1 la postura del Estado ante el juicio al IRPH\",\"isPartOf\":{\"@id\":\"https:\\\/\\\/www.aquimicasa.net\\\/blog\\\/#website\"},\"primaryImageOfPage\":{\"@id\":\"https:\\\/\\\/www.aquimicasa.net\\\/blog\\\/consumo\\\/consumidores\\\/el-congreso-debatira-la-postura-del-estado-ante-el-juicio-al-irph\\\/#primaryimage\"},\"image\":{\"@id\":\"https:\\\/\\\/www.aquimicasa.net\\\/blog\\\/consumo\\\/consumidores\\\/el-congreso-debatira-la-postura-del-estado-ante-el-juicio-al-irph\\\/#primaryimage\"},\"thumbnailUrl\":\"https:\\\/\\\/www.aquimicasa.net\\\/blog\\\/wp-content\\\/uploads\\\/IRPH.jpg\",\"datePublished\":\"2021-04-28T15:25:57+00:00\",\"description\":\"El TJUE dict\u00f3 sentencia el 3 de marzo de 2020 estableciendo que la cl\u00e1usula IRPH s\u00ed deb\u00eda someterse al control de transparencia\",\"breadcrumb\":{\"@id\":\"https:\\\/\\\/www.aquimicasa.net\\\/blog\\\/consumo\\\/consumidores\\\/el-congreso-debatira-la-postura-del-estado-ante-el-juicio-al-irph\\\/#breadcrumb\"},\"inLanguage\":\"es\",\"potentialAction\":[{\"@type\":\"ReadAction\",\"target\":[\"https:\\\/\\\/www.aquimicasa.net\\\/blog\\\/consumo\\\/consumidores\\\/el-congreso-debatira-la-postura-del-estado-ante-el-juicio-al-irph\\\/\"]}]},{\"@type\":\"ImageObject\",\"inLanguage\":\"es\",\"@id\":\"https:\\\/\\\/www.aquimicasa.net\\\/blog\\\/consumo\\\/consumidores\\\/el-congreso-debatira-la-postura-del-estado-ante-el-juicio-al-irph\\\/#primaryimage\",\"url\":\"https:\\\/\\\/www.aquimicasa.net\\\/blog\\\/wp-content\\\/uploads\\\/IRPH.jpg\",\"contentUrl\":\"https:\\\/\\\/www.aquimicasa.net\\\/blog\\\/wp-content\\\/uploads\\\/IRPH.jpg\",\"width\":206,\"height\":206,\"caption\":\"Arriaga se querella contra la Audiencia de Baleares por prevaricaci\u00f3n\"},{\"@type\":\"BreadcrumbList\",\"@id\":\"https:\\\/\\\/www.aquimicasa.net\\\/blog\\\/consumo\\\/consumidores\\\/el-congreso-debatira-la-postura-del-estado-ante-el-juicio-al-irph\\\/#breadcrumb\",\"itemListElement\":[{\"@type\":\"ListItem\",\"position\":1,\"name\":\"Portada\",\"item\":\"https:\\\/\\\/www.aquimicasa.net\\\/blog\\\/\"},{\"@type\":\"ListItem\",\"position\":2,\"name\":\"El Congreso debatir\u00e1 la postura del Estado ante el juicio al IRPH\"}]},{\"@type\":\"WebSite\",\"@id\":\"https:\\\/\\\/www.aquimicasa.net\\\/blog\\\/#website\",\"url\":\"https:\\\/\\\/www.aquimicasa.net\\\/blog\\\/\",\"name\":\"Blog de aquimicasa.net\",\"description\":\"Noticias del Mundo Inmobiliario\",\"publisher\":{\"@id\":\"https:\\\/\\\/www.aquimicasa.net\\\/blog\\\/#organization\"},\"potentialAction\":[{\"@type\":\"SearchAction\",\"target\":{\"@type\":\"EntryPoint\",\"urlTemplate\":\"https:\\\/\\\/www.aquimicasa.net\\\/blog\\\/?s={search_term_string}\"},\"query-input\":{\"@type\":\"PropertyValueSpecification\",\"valueRequired\":true,\"valueName\":\"search_term_string\"}}],\"inLanguage\":\"es\"},{\"@type\":\"Organization\",\"@id\":\"https:\\\/\\\/www.aquimicasa.net\\\/blog\\\/#organization\",\"name\":\"Blog de aquimicasa.net\",\"url\":\"https:\\\/\\\/www.aquimicasa.net\\\/blog\\\/\",\"logo\":{\"@type\":\"ImageObject\",\"inLanguage\":\"es\",\"@id\":\"https:\\\/\\\/www.aquimicasa.net\\\/blog\\\/#\\\/schema\\\/logo\\\/image\\\/\",\"url\":\"https:\\\/\\\/www.aquimicasa.net\\\/blog\\\/wp-content\\\/uploads\\\/Logo-aquimicasa-1-e1528048213782.png\",\"contentUrl\":\"https:\\\/\\\/www.aquimicasa.net\\\/blog\\\/wp-content\\\/uploads\\\/Logo-aquimicasa-1-e1528048213782.png\",\"width\":225,\"height\":225,\"caption\":\"Blog de aquimicasa.net\"},\"image\":{\"@id\":\"https:\\\/\\\/www.aquimicasa.net\\\/blog\\\/#\\\/schema\\\/logo\\\/image\\\/\"},\"sameAs\":[\"https:\\\/\\\/www.facebook.com\\\/aquimicasa.net\",\"https:\\\/\\\/www.instagram.com\\\/\",\"https:\\\/\\\/x.com\\\/EduLizarragaD\",\"https:\\\/\\\/www.linkedin.com\\\/feed\\\/\"]},{\"@type\":\"Person\",\"@id\":\"https:\\\/\\\/www.aquimicasa.net\\\/blog\\\/#\\\/schema\\\/person\\\/2cdfa2605534583395c8d7ce1d6cac14\",\"name\":\"Eduardo Lizarraga\",\"image\":{\"@type\":\"ImageObject\",\"inLanguage\":\"es\",\"@id\":\"https:\\\/\\\/secure.gravatar.com\\\/avatar\\\/bdabe1eeeed97b65a9cb7de2edd624b07995f7e13abc5fead15961f745f908cc?s=96&d=mm&r=g\",\"url\":\"https:\\\/\\\/secure.gravatar.com\\\/avatar\\\/bdabe1eeeed97b65a9cb7de2edd624b07995f7e13abc5fead15961f745f908cc?s=96&d=mm&r=g\",\"contentUrl\":\"https:\\\/\\\/secure.gravatar.com\\\/avatar\\\/bdabe1eeeed97b65a9cb7de2edd624b07995f7e13abc5fead15961f745f908cc?s=96&d=mm&r=g\",\"caption\":\"Eduardo Lizarraga\"},\"description\":\"Periodista Econ\u00f3mico. Ha trabajado en diversos campos de la informaci\u00f3n. Corresponsal en conflictos, analista pol\u00edtico en Congreso y Senado, periodista del medio ambiente, editor, director editorial, director de comunicaci\u00f3n.... En estos momentos se ha especializado en el sector inmobiliario. Pero tambi\u00e9n es navegante y viajero, preocupado por la pobreza, el medio ambiente y por las actuaciones descontroladas del neoliberalismo empresarial y pol\u00edtico en todo el mundo. Los desahucios, la pobreza infantil y la falta de acceso a los suministros b\u00e1sicos son algunos de los grandes dramas de nuestra sociedad y que es preciso solucionar para hacerla m\u00e1s justa. CEO en www.aquimicasa.net\",\"sameAs\":[\"https:\\\/\\\/www.aquimicasa.net\\\/\"],\"url\":\"https:\\\/\\\/www.aquimicasa.net\\\/blog\\\/author\\\/eduardo\\\/\"}]}<\/script>\n<!-- \/ Yoast SEO plugin. -->","yoast_head_json":{"title":"El Congreso debatir\u00e1 la postura del Estado ante el juicio al IRPH","description":"El TJUE dict\u00f3 sentencia el 3 de marzo de 2020 estableciendo que la cl\u00e1usula IRPH s\u00ed deb\u00eda someterse al control de transparencia","robots":{"index":"index","follow":"follow","max-snippet":"max-snippet:-1","max-image-preview":"max-image-preview:large","max-video-preview":"max-video-preview:-1"},"canonical":"https:\/\/www.aquimicasa.net\/blog\/consumo\/consumidores\/el-congreso-debatira-la-postura-del-estado-ante-el-juicio-al-irph\/","og_locale":"es_ES","og_type":"article","og_title":"El Congreso debatir\u00e1 la postura del Estado ante el juicio al IRPH","og_description":"El TJUE dict\u00f3 sentencia el 3 de marzo de 2020 estableciendo que la cl\u00e1usula IRPH s\u00ed deb\u00eda someterse al control de transparencia","og_url":"https:\/\/www.aquimicasa.net\/blog\/consumo\/consumidores\/el-congreso-debatira-la-postura-del-estado-ante-el-juicio-al-irph\/","og_site_name":"Blog de aquimicasa.net","article_publisher":"https:\/\/www.facebook.com\/aquimicasa.net","article_published_time":"2021-04-28T15:25:57+00:00","og_image":[{"width":206,"height":206,"url":"https:\/\/www.aquimicasa.net\/blog\/wp-content\/uploads\/IRPH.jpg","type":"image\/jpeg"}],"author":"Eduardo Lizarraga","twitter_misc":{"Escrito por":"Eduardo Lizarraga","Tiempo de lectura":"3 minutos"},"schema":{"@context":"https:\/\/schema.org","@graph":[{"@type":"Article","@id":"https:\/\/www.aquimicasa.net\/blog\/consumo\/consumidores\/el-congreso-debatira-la-postura-del-estado-ante-el-juicio-al-irph\/#article","isPartOf":{"@id":"https:\/\/www.aquimicasa.net\/blog\/consumo\/consumidores\/el-congreso-debatira-la-postura-del-estado-ante-el-juicio-al-irph\/"},"author":{"name":"Eduardo Lizarraga","@id":"https:\/\/www.aquimicasa.net\/blog\/#\/schema\/person\/2cdfa2605534583395c8d7ce1d6cac14"},"headline":"El Congreso debatir\u00e1 la postura del Estado ante el juicio al IRPH","datePublished":"2021-04-28T15:25:57+00:00","mainEntityOfPage":{"@id":"https:\/\/www.aquimicasa.net\/blog\/consumo\/consumidores\/el-congreso-debatira-la-postura-del-estado-ante-el-juicio-al-irph\/"},"wordCount":808,"publisher":{"@id":"https:\/\/www.aquimicasa.net\/blog\/#organization"},"image":{"@id":"https:\/\/www.aquimicasa.net\/blog\/consumo\/consumidores\/el-congreso-debatira-la-postura-del-estado-ante-el-juicio-al-irph\/#primaryimage"},"thumbnailUrl":"https:\/\/www.aquimicasa.net\/blog\/wp-content\/uploads\/IRPH.jpg","keywords":["newsletter 303"],"articleSection":["Consumidores","Cr\u00e9dito hipotecario"],"inLanguage":"es"},{"@type":"WebPage","@id":"https:\/\/www.aquimicasa.net\/blog\/consumo\/consumidores\/el-congreso-debatira-la-postura-del-estado-ante-el-juicio-al-irph\/","url":"https:\/\/www.aquimicasa.net\/blog\/consumo\/consumidores\/el-congreso-debatira-la-postura-del-estado-ante-el-juicio-al-irph\/","name":"El Congreso debatir\u00e1 la postura del Estado ante el juicio al IRPH","isPartOf":{"@id":"https:\/\/www.aquimicasa.net\/blog\/#website"},"primaryImageOfPage":{"@id":"https:\/\/www.aquimicasa.net\/blog\/consumo\/consumidores\/el-congreso-debatira-la-postura-del-estado-ante-el-juicio-al-irph\/#primaryimage"},"image":{"@id":"https:\/\/www.aquimicasa.net\/blog\/consumo\/consumidores\/el-congreso-debatira-la-postura-del-estado-ante-el-juicio-al-irph\/#primaryimage"},"thumbnailUrl":"https:\/\/www.aquimicasa.net\/blog\/wp-content\/uploads\/IRPH.jpg","datePublished":"2021-04-28T15:25:57+00:00","description":"El TJUE dict\u00f3 sentencia el 3 de marzo de 2020 estableciendo que la cl\u00e1usula IRPH s\u00ed deb\u00eda someterse al control de transparencia","breadcrumb":{"@id":"https:\/\/www.aquimicasa.net\/blog\/consumo\/consumidores\/el-congreso-debatira-la-postura-del-estado-ante-el-juicio-al-irph\/#breadcrumb"},"inLanguage":"es","potentialAction":[{"@type":"ReadAction","target":["https:\/\/www.aquimicasa.net\/blog\/consumo\/consumidores\/el-congreso-debatira-la-postura-del-estado-ante-el-juicio-al-irph\/"]}]},{"@type":"ImageObject","inLanguage":"es","@id":"https:\/\/www.aquimicasa.net\/blog\/consumo\/consumidores\/el-congreso-debatira-la-postura-del-estado-ante-el-juicio-al-irph\/#primaryimage","url":"https:\/\/www.aquimicasa.net\/blog\/wp-content\/uploads\/IRPH.jpg","contentUrl":"https:\/\/www.aquimicasa.net\/blog\/wp-content\/uploads\/IRPH.jpg","width":206,"height":206,"caption":"Arriaga se querella contra la Audiencia de Baleares por prevaricaci\u00f3n"},{"@type":"BreadcrumbList","@id":"https:\/\/www.aquimicasa.net\/blog\/consumo\/consumidores\/el-congreso-debatira-la-postura-del-estado-ante-el-juicio-al-irph\/#breadcrumb","itemListElement":[{"@type":"ListItem","position":1,"name":"Portada","item":"https:\/\/www.aquimicasa.net\/blog\/"},{"@type":"ListItem","position":2,"name":"El Congreso debatir\u00e1 la postura del Estado ante el juicio al IRPH"}]},{"@type":"WebSite","@id":"https:\/\/www.aquimicasa.net\/blog\/#website","url":"https:\/\/www.aquimicasa.net\/blog\/","name":"Blog de aquimicasa.net","description":"Noticias del Mundo Inmobiliario","publisher":{"@id":"https:\/\/www.aquimicasa.net\/blog\/#organization"},"potentialAction":[{"@type":"SearchAction","target":{"@type":"EntryPoint","urlTemplate":"https:\/\/www.aquimicasa.net\/blog\/?s={search_term_string}"},"query-input":{"@type":"PropertyValueSpecification","valueRequired":true,"valueName":"search_term_string"}}],"inLanguage":"es"},{"@type":"Organization","@id":"https:\/\/www.aquimicasa.net\/blog\/#organization","name":"Blog de aquimicasa.net","url":"https:\/\/www.aquimicasa.net\/blog\/","logo":{"@type":"ImageObject","inLanguage":"es","@id":"https:\/\/www.aquimicasa.net\/blog\/#\/schema\/logo\/image\/","url":"https:\/\/www.aquimicasa.net\/blog\/wp-content\/uploads\/Logo-aquimicasa-1-e1528048213782.png","contentUrl":"https:\/\/www.aquimicasa.net\/blog\/wp-content\/uploads\/Logo-aquimicasa-1-e1528048213782.png","width":225,"height":225,"caption":"Blog de aquimicasa.net"},"image":{"@id":"https:\/\/www.aquimicasa.net\/blog\/#\/schema\/logo\/image\/"},"sameAs":["https:\/\/www.facebook.com\/aquimicasa.net","https:\/\/www.instagram.com\/","https:\/\/x.com\/EduLizarragaD","https:\/\/www.linkedin.com\/feed\/"]},{"@type":"Person","@id":"https:\/\/www.aquimicasa.net\/blog\/#\/schema\/person\/2cdfa2605534583395c8d7ce1d6cac14","name":"Eduardo Lizarraga","image":{"@type":"ImageObject","inLanguage":"es","@id":"https:\/\/secure.gravatar.com\/avatar\/bdabe1eeeed97b65a9cb7de2edd624b07995f7e13abc5fead15961f745f908cc?s=96&d=mm&r=g","url":"https:\/\/secure.gravatar.com\/avatar\/bdabe1eeeed97b65a9cb7de2edd624b07995f7e13abc5fead15961f745f908cc?s=96&d=mm&r=g","contentUrl":"https:\/\/secure.gravatar.com\/avatar\/bdabe1eeeed97b65a9cb7de2edd624b07995f7e13abc5fead15961f745f908cc?s=96&d=mm&r=g","caption":"Eduardo Lizarraga"},"description":"Periodista Econ\u00f3mico. Ha trabajado en diversos campos de la informaci\u00f3n. Corresponsal en conflictos, analista pol\u00edtico en Congreso y Senado, periodista del medio ambiente, editor, director editorial, director de comunicaci\u00f3n.... En estos momentos se ha especializado en el sector inmobiliario. Pero tambi\u00e9n es navegante y viajero, preocupado por la pobreza, el medio ambiente y por las actuaciones descontroladas del neoliberalismo empresarial y pol\u00edtico en todo el mundo. Los desahucios, la pobreza infantil y la falta de acceso a los suministros b\u00e1sicos son algunos de los grandes dramas de nuestra sociedad y que es preciso solucionar para hacerla m\u00e1s justa. CEO en www.aquimicasa.net","sameAs":["https:\/\/www.aquimicasa.net\/"],"url":"https:\/\/www.aquimicasa.net\/blog\/author\/eduardo\/"}]}},"jetpack_publicize_connections":[],"jetpack_featured_media_url":"https:\/\/www.aquimicasa.net\/blog\/wp-content\/uploads\/IRPH.jpg","jetpack_sharing_enabled":true,"jetpack_likes_enabled":true,"_links":{"self":[{"href":"https:\/\/www.aquimicasa.net\/blog\/wp-json\/wp\/v2\/posts\/36953","targetHints":{"allow":["GET"]}}],"collection":[{"href":"https:\/\/www.aquimicasa.net\/blog\/wp-json\/wp\/v2\/posts"}],"about":[{"href":"https:\/\/www.aquimicasa.net\/blog\/wp-json\/wp\/v2\/types\/post"}],"author":[{"embeddable":true,"href":"https:\/\/www.aquimicasa.net\/blog\/wp-json\/wp\/v2\/users\/3"}],"replies":[{"embeddable":true,"href":"https:\/\/www.aquimicasa.net\/blog\/wp-json\/wp\/v2\/comments?post=36953"}],"version-history":[{"count":2,"href":"https:\/\/www.aquimicasa.net\/blog\/wp-json\/wp\/v2\/posts\/36953\/revisions"}],"predecessor-version":[{"id":36955,"href":"https:\/\/www.aquimicasa.net\/blog\/wp-json\/wp\/v2\/posts\/36953\/revisions\/36955"}],"wp:featuredmedia":[{"embeddable":true,"href":"https:\/\/www.aquimicasa.net\/blog\/wp-json\/wp\/v2\/media\/12482"}],"wp:attachment":[{"href":"https:\/\/www.aquimicasa.net\/blog\/wp-json\/wp\/v2\/media?parent=36953"}],"wp:term":[{"taxonomy":"category","embeddable":true,"href":"https:\/\/www.aquimicasa.net\/blog\/wp-json\/wp\/v2\/categories?post=36953"},{"taxonomy":"post_tag","embeddable":true,"href":"https:\/\/www.aquimicasa.net\/blog\/wp-json\/wp\/v2\/tags?post=36953"}],"curies":[{"name":"wp","href":"https:\/\/api.w.org\/{rel}","templated":true}]}}