{"id":37352,"date":"2021-05-26T20:06:21","date_gmt":"2021-05-26T18:06:21","guid":{"rendered":"https:\/\/www.aquimicasa.net\/blog\/?p=37352"},"modified":"2021-05-26T20:06:21","modified_gmt":"2021-05-26T18:06:21","slug":"el-mediterraneo-espera-la-vuelta-de-los-compradores-extranjeros","status":"publish","type":"post","link":"https:\/\/www.aquimicasa.net\/blog\/vivienda\/compraventa-de-viviendas\/el-mediterraneo-espera-la-vuelta-de-los-compradores-extranjeros\/","title":{"rendered":"El Mediterr\u00e1neo espera la vuelta de los compradores extranjeros"},"content":{"rendered":"<div class=\"fusion-fullwidth fullwidth-box fusion-builder-row-1 nonhundred-percent-fullwidth non-hundred-percent-height-scrolling\" style=\"background-color: rgba(255,255,255,0);background-position: center center;background-repeat: no-repeat;padding-top:0px;padding-right:0px;padding-bottom:0px;padding-left:0px;margin-bottom: 0px;margin-top: 0px;border-width: 0px 0px 0px 0px;border-color:#eae9e9;border-style:solid;\" ><div class=\"fusion-builder-row fusion-row\"><div class=\"fusion-layout-column fusion_builder_column fusion-builder-column-0 fusion_builder_column_1_1 1_1 fusion-one-full fusion-column-first fusion-column-last\" style=\"margin-top:0px;margin-bottom:0px;\"><div class=\"fusion-column-wrapper fusion-flex-column-wrapper-legacy\" style=\"background-position:left top;background-repeat:no-repeat;-webkit-background-size:cover;-moz-background-size:cover;-o-background-size:cover;background-size:cover;padding: 0px 0px 0px 0px;\"><div class=\"fusion-text fusion-text-1\"><p>El <strong>Colegio de Agentes de la Propiedad Inmobiliaria de Alicante<\/strong> ha registrado un repunte en la actividad de las <strong>agencias inmobiliarias<\/strong> de la provincia tras la apertura de la movilidad a nivel nacional. La mejora de la situaci\u00f3n sanitaria y la posibilidad de que los ciudadanos de todas las comunidades puedan acudir hasta Alicante ha motivado un incremento de visitas a inmuebles y la reactivaci\u00f3n de operaciones que hab\u00edan quedado paralizadas por la crisis sanitaria.<\/p>\n<p>La presidente del COAPI Alicante, <strong>Marif\u00e9 Esteso<\/strong>, explica que las previsiones realizadas por el COAPI a comienzos de a\u00f1o ya hab\u00edan previsto este cambio de ciclo. \u201cEstamos convencidos de estar ante el verdadero punto de inflexi\u00f3n para nuestro sector, ya que ten\u00edamos a muchos compradores nacionales que estaban esperando a que se retomara la movilidad para poder visitar inmuebles y cerrar algunas operaciones. Hemos constatado que tambi\u00e9n se ha producido un cambio en la mentalidad de los compradores, que han visto despejadas muchas dudas gracias al r\u00e1pido avance del proceso de vacunaci\u00f3n\u201d, afirma.<\/p>\n<p>En ese sentido, tambi\u00e9n est\u00e1n ayudando las bajas cifras de contagios que se registran en los \u00faltimos meses en Alicante y toda la Comunidad Valenciana, lo que ayuda a identificar a Alicante como un <strong>destino seguro<\/strong> por el comprador espa\u00f1ol. Adem\u00e1s, Esteso espera que se produzca un nuevo incremento de la<strong> actividad en el sector inmobiliario<\/strong> tras la apertura de la movilidad internacional que acaba de anunciar el Gobierno desde el 7 de junio. \u201cEl cliente m\u00e1s habitual en nuestras inmobiliarias suele ser el ciudadano extranjero procedente de Europa que busca una vivienda para su jubilaci\u00f3n. Hablamos de pa\u00edses de origen que cuentan con procesos de vacunaci\u00f3n muy avanzados, especialmente Reino Unido, por lo que esperamos una afluencia importante que signifique un repunte importante del sector, sin olvidar a los que buscan su residencia de vacaciones en Espa\u00f1a, indica.<\/p>\n<p>Adem\u00e1s, el Colegio de Agentes de la Propiedad Inmobiliaria de Alicante espera que la demanda extranjera se vea reforzada por extranjeros de menor edad que buscan un destino de costa seguro y con buena calidad de vida para <strong>teletrabajar<\/strong> y establecerse permanentemente. De hecho, un reciente estudio internacional sit\u00faa a Alicante como la segunda ciudad preferida a nivel mundial por los extranjeros para establecer su residencia y teletrabajar desde all\u00ed, lo que refleja el gran atractivo del destino. La irrupci\u00f3n del teletrabajo ha supuesto un cambio muy importante en la venta de viviendas, pues las provincias costeras como Alicante pueden acceder a un tipo de comprador que anteriormente no se pod\u00eda plantear trasladarse hasta la jubilaci\u00f3n.<\/p>\n<p>Como consecuencia de la pandemia, la tipolog\u00eda de vivienda con m\u00e1s demanda son los<strong> chalets, viviendas\u00a0 unifamiliares y \u00e1ticos con terraza,<\/strong> inmuebles amplios y con espacios abiertos como jardines y terrazas. \u201cLa pandemia ha motivado que muchos compradores prioricen el <strong>tama\u00f1o de la vivienda sobre la ubicaci\u00f3n<\/strong>. Hay \u00a0clientes con alto poder adquisitivo que antes buscaban viviendas de lujo en el centro y ahora buscan viviendas con espacio al aire libre en zonas m\u00e1s perif\u00e9ricas\u201d, argumenta.<\/p>\n<\/div><div class=\"fusion-clearfix\"><\/div><\/div><\/div><\/div><\/div>\n","protected":false},"excerpt":{"rendered":"","protected":false},"author":3,"featured_media":37355,"comment_status":"closed","ping_status":"closed","sticky":false,"template":"","format":"standard","meta":{"_jetpack_memberships_contains_paid_content":false,"footnotes":"","jetpack_publicize_message":"","jetpack_publicize_feature_enabled":true,"jetpack_social_post_already_shared":true,"jetpack_social_options":{"image_generator_settings":{"template":"highway","default_image_id":0,"font":"","enabled":false},"version":2}},"categories":[100,7565],"tags":[7958],"class_list":["post-37352","post","type-post","status-publish","format-standard","has-post-thumbnail","hentry","category-compraventa-de-viviendas","category-noticias-mercado-inmobiliario","tag-newsletter-307"],"yoast_head":"<!-- This site is optimized with the Yoast SEO plugin v28.2 - https:\/\/yoast.com\/product\/yoast-seo-wordpress\/ -->\n<title>El Mediterr\u00e1neo espera la vuelta de los compradores extranjeros<\/title>\n<meta name=\"description\" content=\"La reapertura del tr\u00e1fico internacional el pr\u00f3ximo 7 de junio se convertir\u00e1 en el punto de inflexi\u00f3n en la situaci\u00f3n del sector inmobiliario\" \/>\n<meta name=\"robots\" content=\"index, follow, max-snippet:-1, max-image-preview:large, max-video-preview:-1\" \/>\n<link rel=\"canonical\" href=\"https:\/\/www.aquimicasa.net\/blog\/vivienda\/compraventa-de-viviendas\/el-mediterraneo-espera-la-vuelta-de-los-compradores-extranjeros\/\" \/>\n<meta property=\"og:locale\" content=\"es_ES\" \/>\n<meta property=\"og:type\" content=\"article\" \/>\n<meta property=\"og:title\" content=\"El Mediterr\u00e1neo espera la vuelta de los compradores extranjeros\" \/>\n<meta property=\"og:description\" content=\"La reapertura del tr\u00e1fico internacional el pr\u00f3ximo 7 de junio se convertir\u00e1 en el punto de inflexi\u00f3n en la situaci\u00f3n del sector inmobiliario\" \/>\n<meta property=\"og:url\" content=\"https:\/\/www.aquimicasa.net\/blog\/vivienda\/compraventa-de-viviendas\/el-mediterraneo-espera-la-vuelta-de-los-compradores-extranjeros\/\" \/>\n<meta property=\"og:site_name\" content=\"Blog de aquimicasa.net\" \/>\n<meta property=\"article:publisher\" content=\"https:\/\/www.facebook.com\/aquimicasa.net\" \/>\n<meta property=\"article:published_time\" content=\"2021-05-26T18:06:21+00:00\" \/>\n<meta property=\"og:image\" content=\"https:\/\/www.aquimicasa.net\/blog\/wp-content\/uploads\/Casa-en-Mediterraneo-1.jpg\" \/>\n\t<meta property=\"og:image:width\" content=\"460\" \/>\n\t<meta property=\"og:image:height\" content=\"300\" \/>\n\t<meta property=\"og:image:type\" content=\"image\/jpeg\" \/>\n<meta name=\"author\" content=\"Eduardo Lizarraga\" \/>\n<meta name=\"twitter:label1\" content=\"Escrito por\" \/>\n\t<meta name=\"twitter:data1\" content=\"Eduardo Lizarraga\" \/>\n\t<meta name=\"twitter:label2\" content=\"Tiempo de lectura\" \/>\n\t<meta name=\"twitter:data2\" content=\"3 minutos\" \/>\n<script type=\"application\/ld+json\" class=\"yoast-schema-graph\">{\"@context\":\"https:\\\/\\\/schema.org\",\"@graph\":[{\"@type\":\"Article\",\"@id\":\"https:\\\/\\\/www.aquimicasa.net\\\/blog\\\/vivienda\\\/compraventa-de-viviendas\\\/el-mediterraneo-espera-la-vuelta-de-los-compradores-extranjeros\\\/#article\",\"isPartOf\":{\"@id\":\"https:\\\/\\\/www.aquimicasa.net\\\/blog\\\/vivienda\\\/compraventa-de-viviendas\\\/el-mediterraneo-espera-la-vuelta-de-los-compradores-extranjeros\\\/\"},\"author\":{\"name\":\"Eduardo Lizarraga\",\"@id\":\"https:\\\/\\\/www.aquimicasa.net\\\/blog\\\/#\\\/schema\\\/person\\\/2cdfa2605534583395c8d7ce1d6cac14\"},\"headline\":\"El Mediterr\u00e1neo espera la vuelta de los compradores extranjeros\",\"datePublished\":\"2021-05-26T18:06:21+00:00\",\"mainEntityOfPage\":{\"@id\":\"https:\\\/\\\/www.aquimicasa.net\\\/blog\\\/vivienda\\\/compraventa-de-viviendas\\\/el-mediterraneo-espera-la-vuelta-de-los-compradores-extranjeros\\\/\"},\"wordCount\":769,\"publisher\":{\"@id\":\"https:\\\/\\\/www.aquimicasa.net\\\/blog\\\/#organization\"},\"image\":{\"@id\":\"https:\\\/\\\/www.aquimicasa.net\\\/blog\\\/vivienda\\\/compraventa-de-viviendas\\\/el-mediterraneo-espera-la-vuelta-de-los-compradores-extranjeros\\\/#primaryimage\"},\"thumbnailUrl\":\"https:\\\/\\\/www.aquimicasa.net\\\/blog\\\/wp-content\\\/uploads\\\/Casa-en-Mediterraneo-1.jpg\",\"keywords\":[\"newsletter 307\"],\"articleSection\":[\"Compra Venta\",\"Noticias Mercado Inmobiliario\"],\"inLanguage\":\"es\"},{\"@type\":\"WebPage\",\"@id\":\"https:\\\/\\\/www.aquimicasa.net\\\/blog\\\/vivienda\\\/compraventa-de-viviendas\\\/el-mediterraneo-espera-la-vuelta-de-los-compradores-extranjeros\\\/\",\"url\":\"https:\\\/\\\/www.aquimicasa.net\\\/blog\\\/vivienda\\\/compraventa-de-viviendas\\\/el-mediterraneo-espera-la-vuelta-de-los-compradores-extranjeros\\\/\",\"name\":\"El Mediterr\u00e1neo espera la vuelta de los compradores extranjeros\",\"isPartOf\":{\"@id\":\"https:\\\/\\\/www.aquimicasa.net\\\/blog\\\/#website\"},\"primaryImageOfPage\":{\"@id\":\"https:\\\/\\\/www.aquimicasa.net\\\/blog\\\/vivienda\\\/compraventa-de-viviendas\\\/el-mediterraneo-espera-la-vuelta-de-los-compradores-extranjeros\\\/#primaryimage\"},\"image\":{\"@id\":\"https:\\\/\\\/www.aquimicasa.net\\\/blog\\\/vivienda\\\/compraventa-de-viviendas\\\/el-mediterraneo-espera-la-vuelta-de-los-compradores-extranjeros\\\/#primaryimage\"},\"thumbnailUrl\":\"https:\\\/\\\/www.aquimicasa.net\\\/blog\\\/wp-content\\\/uploads\\\/Casa-en-Mediterraneo-1.jpg\",\"datePublished\":\"2021-05-26T18:06:21+00:00\",\"description\":\"La reapertura del tr\u00e1fico internacional el pr\u00f3ximo 7 de junio se convertir\u00e1 en el punto de inflexi\u00f3n en la situaci\u00f3n del sector inmobiliario\",\"breadcrumb\":{\"@id\":\"https:\\\/\\\/www.aquimicasa.net\\\/blog\\\/vivienda\\\/compraventa-de-viviendas\\\/el-mediterraneo-espera-la-vuelta-de-los-compradores-extranjeros\\\/#breadcrumb\"},\"inLanguage\":\"es\",\"potentialAction\":[{\"@type\":\"ReadAction\",\"target\":[\"https:\\\/\\\/www.aquimicasa.net\\\/blog\\\/vivienda\\\/compraventa-de-viviendas\\\/el-mediterraneo-espera-la-vuelta-de-los-compradores-extranjeros\\\/\"]}]},{\"@type\":\"ImageObject\",\"inLanguage\":\"es\",\"@id\":\"https:\\\/\\\/www.aquimicasa.net\\\/blog\\\/vivienda\\\/compraventa-de-viviendas\\\/el-mediterraneo-espera-la-vuelta-de-los-compradores-extranjeros\\\/#primaryimage\",\"url\":\"https:\\\/\\\/www.aquimicasa.net\\\/blog\\\/wp-content\\\/uploads\\\/Casa-en-Mediterraneo-1.jpg\",\"contentUrl\":\"https:\\\/\\\/www.aquimicasa.net\\\/blog\\\/wp-content\\\/uploads\\\/Casa-en-Mediterraneo-1.jpg\",\"width\":460,\"height\":300,\"caption\":\"El inmobiliario repunta en el Mediterr\u00e1neo\"},{\"@type\":\"BreadcrumbList\",\"@id\":\"https:\\\/\\\/www.aquimicasa.net\\\/blog\\\/vivienda\\\/compraventa-de-viviendas\\\/el-mediterraneo-espera-la-vuelta-de-los-compradores-extranjeros\\\/#breadcrumb\",\"itemListElement\":[{\"@type\":\"ListItem\",\"position\":1,\"name\":\"Portada\",\"item\":\"https:\\\/\\\/www.aquimicasa.net\\\/blog\\\/\"},{\"@type\":\"ListItem\",\"position\":2,\"name\":\"El Mediterr\u00e1neo espera la vuelta de los compradores extranjeros\"}]},{\"@type\":\"WebSite\",\"@id\":\"https:\\\/\\\/www.aquimicasa.net\\\/blog\\\/#website\",\"url\":\"https:\\\/\\\/www.aquimicasa.net\\\/blog\\\/\",\"name\":\"Blog de aquimicasa.net\",\"description\":\"Noticias del Mundo Inmobiliario\",\"publisher\":{\"@id\":\"https:\\\/\\\/www.aquimicasa.net\\\/blog\\\/#organization\"},\"potentialAction\":[{\"@type\":\"SearchAction\",\"target\":{\"@type\":\"EntryPoint\",\"urlTemplate\":\"https:\\\/\\\/www.aquimicasa.net\\\/blog\\\/?s={search_term_string}\"},\"query-input\":{\"@type\":\"PropertyValueSpecification\",\"valueRequired\":true,\"valueName\":\"search_term_string\"}}],\"inLanguage\":\"es\"},{\"@type\":\"Organization\",\"@id\":\"https:\\\/\\\/www.aquimicasa.net\\\/blog\\\/#organization\",\"name\":\"Blog de aquimicasa.net\",\"url\":\"https:\\\/\\\/www.aquimicasa.net\\\/blog\\\/\",\"logo\":{\"@type\":\"ImageObject\",\"inLanguage\":\"es\",\"@id\":\"https:\\\/\\\/www.aquimicasa.net\\\/blog\\\/#\\\/schema\\\/logo\\\/image\\\/\",\"url\":\"https:\\\/\\\/www.aquimicasa.net\\\/blog\\\/wp-content\\\/uploads\\\/Logo-aquimicasa-1-e1528048213782.png\",\"contentUrl\":\"https:\\\/\\\/www.aquimicasa.net\\\/blog\\\/wp-content\\\/uploads\\\/Logo-aquimicasa-1-e1528048213782.png\",\"width\":225,\"height\":225,\"caption\":\"Blog de aquimicasa.net\"},\"image\":{\"@id\":\"https:\\\/\\\/www.aquimicasa.net\\\/blog\\\/#\\\/schema\\\/logo\\\/image\\\/\"},\"sameAs\":[\"https:\\\/\\\/www.facebook.com\\\/aquimicasa.net\",\"https:\\\/\\\/www.instagram.com\\\/\",\"https:\\\/\\\/x.com\\\/EduLizarragaD\",\"https:\\\/\\\/www.linkedin.com\\\/feed\\\/\"]},{\"@type\":\"Person\",\"@id\":\"https:\\\/\\\/www.aquimicasa.net\\\/blog\\\/#\\\/schema\\\/person\\\/2cdfa2605534583395c8d7ce1d6cac14\",\"name\":\"Eduardo Lizarraga\",\"image\":{\"@type\":\"ImageObject\",\"inLanguage\":\"es\",\"@id\":\"https:\\\/\\\/secure.gravatar.com\\\/avatar\\\/bdabe1eeeed97b65a9cb7de2edd624b07995f7e13abc5fead15961f745f908cc?s=96&d=mm&r=g\",\"url\":\"https:\\\/\\\/secure.gravatar.com\\\/avatar\\\/bdabe1eeeed97b65a9cb7de2edd624b07995f7e13abc5fead15961f745f908cc?s=96&d=mm&r=g\",\"contentUrl\":\"https:\\\/\\\/secure.gravatar.com\\\/avatar\\\/bdabe1eeeed97b65a9cb7de2edd624b07995f7e13abc5fead15961f745f908cc?s=96&d=mm&r=g\",\"caption\":\"Eduardo Lizarraga\"},\"description\":\"Periodista Econ\u00f3mico. Ha trabajado en diversos campos de la informaci\u00f3n. Corresponsal en conflictos, analista pol\u00edtico en Congreso y Senado, periodista del medio ambiente, editor, director editorial, director de comunicaci\u00f3n.... En estos momentos se ha especializado en el sector inmobiliario. Pero tambi\u00e9n es navegante y viajero, preocupado por la pobreza, el medio ambiente y por las actuaciones descontroladas del neoliberalismo empresarial y pol\u00edtico en todo el mundo. Los desahucios, la pobreza infantil y la falta de acceso a los suministros b\u00e1sicos son algunos de los grandes dramas de nuestra sociedad y que es preciso solucionar para hacerla m\u00e1s justa. CEO en www.aquimicasa.net\",\"sameAs\":[\"https:\\\/\\\/www.aquimicasa.net\\\/\"],\"url\":\"https:\\\/\\\/www.aquimicasa.net\\\/blog\\\/author\\\/eduardo\\\/\"}]}<\/script>\n<!-- \/ Yoast SEO plugin. -->","yoast_head_json":{"title":"El Mediterr\u00e1neo espera la vuelta de los compradores extranjeros","description":"La reapertura del tr\u00e1fico internacional el pr\u00f3ximo 7 de junio se convertir\u00e1 en el punto de inflexi\u00f3n en la situaci\u00f3n del sector inmobiliario","robots":{"index":"index","follow":"follow","max-snippet":"max-snippet:-1","max-image-preview":"max-image-preview:large","max-video-preview":"max-video-preview:-1"},"canonical":"https:\/\/www.aquimicasa.net\/blog\/vivienda\/compraventa-de-viviendas\/el-mediterraneo-espera-la-vuelta-de-los-compradores-extranjeros\/","og_locale":"es_ES","og_type":"article","og_title":"El Mediterr\u00e1neo espera la vuelta de los compradores extranjeros","og_description":"La reapertura del tr\u00e1fico internacional el pr\u00f3ximo 7 de junio se convertir\u00e1 en el punto de inflexi\u00f3n en la situaci\u00f3n del sector inmobiliario","og_url":"https:\/\/www.aquimicasa.net\/blog\/vivienda\/compraventa-de-viviendas\/el-mediterraneo-espera-la-vuelta-de-los-compradores-extranjeros\/","og_site_name":"Blog de aquimicasa.net","article_publisher":"https:\/\/www.facebook.com\/aquimicasa.net","article_published_time":"2021-05-26T18:06:21+00:00","og_image":[{"width":460,"height":300,"url":"https:\/\/www.aquimicasa.net\/blog\/wp-content\/uploads\/Casa-en-Mediterraneo-1.jpg","type":"image\/jpeg"}],"author":"Eduardo Lizarraga","twitter_misc":{"Escrito por":"Eduardo Lizarraga","Tiempo de lectura":"3 minutos"},"schema":{"@context":"https:\/\/schema.org","@graph":[{"@type":"Article","@id":"https:\/\/www.aquimicasa.net\/blog\/vivienda\/compraventa-de-viviendas\/el-mediterraneo-espera-la-vuelta-de-los-compradores-extranjeros\/#article","isPartOf":{"@id":"https:\/\/www.aquimicasa.net\/blog\/vivienda\/compraventa-de-viviendas\/el-mediterraneo-espera-la-vuelta-de-los-compradores-extranjeros\/"},"author":{"name":"Eduardo Lizarraga","@id":"https:\/\/www.aquimicasa.net\/blog\/#\/schema\/person\/2cdfa2605534583395c8d7ce1d6cac14"},"headline":"El Mediterr\u00e1neo espera la vuelta de los compradores extranjeros","datePublished":"2021-05-26T18:06:21+00:00","mainEntityOfPage":{"@id":"https:\/\/www.aquimicasa.net\/blog\/vivienda\/compraventa-de-viviendas\/el-mediterraneo-espera-la-vuelta-de-los-compradores-extranjeros\/"},"wordCount":769,"publisher":{"@id":"https:\/\/www.aquimicasa.net\/blog\/#organization"},"image":{"@id":"https:\/\/www.aquimicasa.net\/blog\/vivienda\/compraventa-de-viviendas\/el-mediterraneo-espera-la-vuelta-de-los-compradores-extranjeros\/#primaryimage"},"thumbnailUrl":"https:\/\/www.aquimicasa.net\/blog\/wp-content\/uploads\/Casa-en-Mediterraneo-1.jpg","keywords":["newsletter 307"],"articleSection":["Compra Venta","Noticias Mercado Inmobiliario"],"inLanguage":"es"},{"@type":"WebPage","@id":"https:\/\/www.aquimicasa.net\/blog\/vivienda\/compraventa-de-viviendas\/el-mediterraneo-espera-la-vuelta-de-los-compradores-extranjeros\/","url":"https:\/\/www.aquimicasa.net\/blog\/vivienda\/compraventa-de-viviendas\/el-mediterraneo-espera-la-vuelta-de-los-compradores-extranjeros\/","name":"El Mediterr\u00e1neo espera la vuelta de los compradores extranjeros","isPartOf":{"@id":"https:\/\/www.aquimicasa.net\/blog\/#website"},"primaryImageOfPage":{"@id":"https:\/\/www.aquimicasa.net\/blog\/vivienda\/compraventa-de-viviendas\/el-mediterraneo-espera-la-vuelta-de-los-compradores-extranjeros\/#primaryimage"},"image":{"@id":"https:\/\/www.aquimicasa.net\/blog\/vivienda\/compraventa-de-viviendas\/el-mediterraneo-espera-la-vuelta-de-los-compradores-extranjeros\/#primaryimage"},"thumbnailUrl":"https:\/\/www.aquimicasa.net\/blog\/wp-content\/uploads\/Casa-en-Mediterraneo-1.jpg","datePublished":"2021-05-26T18:06:21+00:00","description":"La reapertura del tr\u00e1fico internacional el pr\u00f3ximo 7 de junio se convertir\u00e1 en el punto de inflexi\u00f3n en la situaci\u00f3n del sector inmobiliario","breadcrumb":{"@id":"https:\/\/www.aquimicasa.net\/blog\/vivienda\/compraventa-de-viviendas\/el-mediterraneo-espera-la-vuelta-de-los-compradores-extranjeros\/#breadcrumb"},"inLanguage":"es","potentialAction":[{"@type":"ReadAction","target":["https:\/\/www.aquimicasa.net\/blog\/vivienda\/compraventa-de-viviendas\/el-mediterraneo-espera-la-vuelta-de-los-compradores-extranjeros\/"]}]},{"@type":"ImageObject","inLanguage":"es","@id":"https:\/\/www.aquimicasa.net\/blog\/vivienda\/compraventa-de-viviendas\/el-mediterraneo-espera-la-vuelta-de-los-compradores-extranjeros\/#primaryimage","url":"https:\/\/www.aquimicasa.net\/blog\/wp-content\/uploads\/Casa-en-Mediterraneo-1.jpg","contentUrl":"https:\/\/www.aquimicasa.net\/blog\/wp-content\/uploads\/Casa-en-Mediterraneo-1.jpg","width":460,"height":300,"caption":"El inmobiliario repunta en el Mediterr\u00e1neo"},{"@type":"BreadcrumbList","@id":"https:\/\/www.aquimicasa.net\/blog\/vivienda\/compraventa-de-viviendas\/el-mediterraneo-espera-la-vuelta-de-los-compradores-extranjeros\/#breadcrumb","itemListElement":[{"@type":"ListItem","position":1,"name":"Portada","item":"https:\/\/www.aquimicasa.net\/blog\/"},{"@type":"ListItem","position":2,"name":"El Mediterr\u00e1neo espera la vuelta de los compradores extranjeros"}]},{"@type":"WebSite","@id":"https:\/\/www.aquimicasa.net\/blog\/#website","url":"https:\/\/www.aquimicasa.net\/blog\/","name":"Blog de aquimicasa.net","description":"Noticias del Mundo Inmobiliario","publisher":{"@id":"https:\/\/www.aquimicasa.net\/blog\/#organization"},"potentialAction":[{"@type":"SearchAction","target":{"@type":"EntryPoint","urlTemplate":"https:\/\/www.aquimicasa.net\/blog\/?s={search_term_string}"},"query-input":{"@type":"PropertyValueSpecification","valueRequired":true,"valueName":"search_term_string"}}],"inLanguage":"es"},{"@type":"Organization","@id":"https:\/\/www.aquimicasa.net\/blog\/#organization","name":"Blog de aquimicasa.net","url":"https:\/\/www.aquimicasa.net\/blog\/","logo":{"@type":"ImageObject","inLanguage":"es","@id":"https:\/\/www.aquimicasa.net\/blog\/#\/schema\/logo\/image\/","url":"https:\/\/www.aquimicasa.net\/blog\/wp-content\/uploads\/Logo-aquimicasa-1-e1528048213782.png","contentUrl":"https:\/\/www.aquimicasa.net\/blog\/wp-content\/uploads\/Logo-aquimicasa-1-e1528048213782.png","width":225,"height":225,"caption":"Blog de aquimicasa.net"},"image":{"@id":"https:\/\/www.aquimicasa.net\/blog\/#\/schema\/logo\/image\/"},"sameAs":["https:\/\/www.facebook.com\/aquimicasa.net","https:\/\/www.instagram.com\/","https:\/\/x.com\/EduLizarragaD","https:\/\/www.linkedin.com\/feed\/"]},{"@type":"Person","@id":"https:\/\/www.aquimicasa.net\/blog\/#\/schema\/person\/2cdfa2605534583395c8d7ce1d6cac14","name":"Eduardo Lizarraga","image":{"@type":"ImageObject","inLanguage":"es","@id":"https:\/\/secure.gravatar.com\/avatar\/bdabe1eeeed97b65a9cb7de2edd624b07995f7e13abc5fead15961f745f908cc?s=96&d=mm&r=g","url":"https:\/\/secure.gravatar.com\/avatar\/bdabe1eeeed97b65a9cb7de2edd624b07995f7e13abc5fead15961f745f908cc?s=96&d=mm&r=g","contentUrl":"https:\/\/secure.gravatar.com\/avatar\/bdabe1eeeed97b65a9cb7de2edd624b07995f7e13abc5fead15961f745f908cc?s=96&d=mm&r=g","caption":"Eduardo Lizarraga"},"description":"Periodista Econ\u00f3mico. Ha trabajado en diversos campos de la informaci\u00f3n. Corresponsal en conflictos, analista pol\u00edtico en Congreso y Senado, periodista del medio ambiente, editor, director editorial, director de comunicaci\u00f3n.... En estos momentos se ha especializado en el sector inmobiliario. Pero tambi\u00e9n es navegante y viajero, preocupado por la pobreza, el medio ambiente y por las actuaciones descontroladas del neoliberalismo empresarial y pol\u00edtico en todo el mundo. Los desahucios, la pobreza infantil y la falta de acceso a los suministros b\u00e1sicos son algunos de los grandes dramas de nuestra sociedad y que es preciso solucionar para hacerla m\u00e1s justa. CEO en www.aquimicasa.net","sameAs":["https:\/\/www.aquimicasa.net\/"],"url":"https:\/\/www.aquimicasa.net\/blog\/author\/eduardo\/"}]}},"jetpack_publicize_connections":[],"jetpack_featured_media_url":"https:\/\/www.aquimicasa.net\/blog\/wp-content\/uploads\/Casa-en-Mediterraneo-1.jpg","jetpack_sharing_enabled":true,"jetpack_likes_enabled":true,"_links":{"self":[{"href":"https:\/\/www.aquimicasa.net\/blog\/wp-json\/wp\/v2\/posts\/37352","targetHints":{"allow":["GET"]}}],"collection":[{"href":"https:\/\/www.aquimicasa.net\/blog\/wp-json\/wp\/v2\/posts"}],"about":[{"href":"https:\/\/www.aquimicasa.net\/blog\/wp-json\/wp\/v2\/types\/post"}],"author":[{"embeddable":true,"href":"https:\/\/www.aquimicasa.net\/blog\/wp-json\/wp\/v2\/users\/3"}],"replies":[{"embeddable":true,"href":"https:\/\/www.aquimicasa.net\/blog\/wp-json\/wp\/v2\/comments?post=37352"}],"version-history":[{"count":3,"href":"https:\/\/www.aquimicasa.net\/blog\/wp-json\/wp\/v2\/posts\/37352\/revisions"}],"predecessor-version":[{"id":37356,"href":"https:\/\/www.aquimicasa.net\/blog\/wp-json\/wp\/v2\/posts\/37352\/revisions\/37356"}],"wp:featuredmedia":[{"embeddable":true,"href":"https:\/\/www.aquimicasa.net\/blog\/wp-json\/wp\/v2\/media\/37355"}],"wp:attachment":[{"href":"https:\/\/www.aquimicasa.net\/blog\/wp-json\/wp\/v2\/media?parent=37352"}],"wp:term":[{"taxonomy":"category","embeddable":true,"href":"https:\/\/www.aquimicasa.net\/blog\/wp-json\/wp\/v2\/categories?post=37352"},{"taxonomy":"post_tag","embeddable":true,"href":"https:\/\/www.aquimicasa.net\/blog\/wp-json\/wp\/v2\/tags?post=37352"}],"curies":[{"name":"wp","href":"https:\/\/api.w.org\/{rel}","templated":true}]}}