{"id":37616,"date":"2021-06-17T08:50:07","date_gmt":"2021-06-17T06:50:07","guid":{"rendered":"https:\/\/www.aquimicasa.net\/blog\/?p=37616"},"modified":"2021-06-27T10:38:27","modified_gmt":"2021-06-27T08:38:27","slug":"vuelven-el-drama-de-los-desahucios-y-el-suicidio-a-la-vivienda","status":"publish","type":"post","link":"https:\/\/www.aquimicasa.net\/blog\/opinion\/vuelven-el-drama-de-los-desahucios-y-el-suicidio-a-la-vivienda\/","title":{"rendered":"Vuelven el drama de los desahucios y el suicidio a la vivienda"},"content":{"rendered":"<div class=\"fusion-fullwidth fullwidth-box fusion-builder-row-1 fusion-flex-container nonhundred-percent-fullwidth non-hundred-percent-height-scrolling\" style=\"background-color: rgba(255,255,255,0);background-position: center center;background-repeat: no-repeat;border-width: 0px 0px 0px 0px;border-color:#eae9e9;border-style:solid;\" ><div class=\"fusion-builder-row fusion-row fusion-flex-align-items-flex-start\" style=\"max-width:1144px;margin-left: calc(-4% \/ 2 );margin-right: calc(-4% \/ 2 );\"><div class=\"fusion-layout-column fusion_builder_column fusion-builder-column-0 fusion_builder_column_1_1 1_1 fusion-flex-column\"><div class=\"fusion-column-wrapper fusion-flex-justify-content-flex-start fusion-content-layout-column\" style=\"background-position:left top;background-repeat:no-repeat;-webkit-background-size:cover;-moz-background-size:cover;-o-background-size:cover;background-size:cover;padding: 0px 0px 0px 0px;\"><div class=\"fusion-text fusion-text-1\"><p>De forma sorpresiva\u00a0 y anunciando lo que puede ser el oto\u00f1o si no se pone remedio, el<strong> suicidio por desahucio<\/strong> ha vuelto a las p\u00e1ginas de los peri\u00f3dicos despu\u00e9s de meses silenciados. No se ha podido evitar, ni el desahucio ni el suicidio que le sigui\u00f3. Ha sido un hombre en Barcelona, en el barrio de Sants, que llevaba ya tres a\u00f1os en el desempleo y para el que los plazos que dio el juzgado para <strong>desalojarle de la vivienda de alquiler<\/strong> en que viv\u00eda desde el 2018, han marcado tr\u00e1gicamente el fin de su vida. Con la comitiva judicial en la puerta, notific\u00e1ndole el desalojo, se precipit\u00f3 a un patio interior dejando atr\u00e1s un perro con el que compart\u00eda sus d\u00edas, unos canarios enjaulados y la cara espantada del funcionario judicial que nunca se pudo imaginar lo que suceder\u00eda aquel d\u00eda.<\/p>\n<p>Este suicidio no es uno m\u00e1s en la larga lista de los sucedidos desde el 2010. Desde aquel a\u00f1o la crisis econ\u00f3mica e inmobiliaria, junto con la inacci\u00f3n del gobierno del momento y su apuesta por los derechos de los bancos, propiciaron una larga lista de suicidios declarados que se fueron silenciando siempre que hubo oportunidad y otra m\u00e1s larga a\u00fan en que por diferentes motivos los suicidios y sus actores quedaron ocultos ante la opini\u00f3n p\u00fablica. Este suicidio se produce en otro contexto, \u00a0con otro Gobierno m\u00e1s concienciado del problema y con unas leyes que pretenden impedir al menos una de sus causas, el desahucio.<\/p>\n<p>El Gobierno de coalici\u00f3n estableci\u00f3 una moratoria en el pago de la hipoteca y\u00a0<strong>prohibi\u00f3 los desahucios por alquiler a los afectados por la crisis del coronavirus<\/strong>. Con el decreto aprobado en diciembre pasado, esta prohibici\u00f3n se extiende hasta el pr\u00f3ximo 9 de agosto aplic\u00e1ndose tambi\u00e9n, en algunos casos, a personas que han ocupado la vivienda, lo que ha causado las iras de los que ven antes el beneficio econ\u00f3mico que la vida de las personas. La normativa pretende dar la posibilidad a la persona arrendataria de una vivienda habitual, de poder <strong>suspender el desahucio<\/strong> por encontrarse en una situaci\u00f3n de vulnerabilidad econ\u00f3mica que le imposibilite encontrar una alternativa habitacional en ese momento para s\u00ed y su familia. Esta mala situaci\u00f3n puede no derivarse de los efectos del covid, pero si haberse visto agravada por sus consecuencias.<\/p>\n<p>La normativa pretende agilizar el procedimiento de valoraci\u00f3n por parte de los servicios sociales y la b\u00fasqueda de una <strong>alternativa habitacional<\/strong>. Adem\u00e1s se atribuye al Juez la facultad de suspender el lanzamiento, previa valoraci\u00f3n ponderada y proporcional del caso\u00a0concreto y las circunstancias, hasta que los servicios sociales competentes puedan ofrecer las soluciones m\u00e1s adecuadas que hagan frente a la carencia de una vivienda digna, en el contexto de la excepcionalidad del estado de alarma. Para poder suspender el lanzamiento conforme al apartado anterior, debe tratarse de viviendas que pertenezcan a\u00a0personas jur\u00eddicas o a personas f\u00edsicas titulares de m\u00e1s de 10 viviendas\u00a0y que las personas que las habitan sin t\u00edtulo se encuentren en <strong>situaci\u00f3n de vulnerabilidad econ\u00f3mica<\/strong>\u00a0por encontrarse en alguna de las situaciones descritas en la normativa<\/p>\n<p>Pero <strong>el procedimiento no est\u00e1 funcionando<\/strong>, al menos en este caso ha fallado estrepitosamente y lo ha hecho desde el lado de los jueces que tienen que interpretar y aplicar la ley. Tanto la PAH, como los concienciados sindicatos de vivienda de Barcelona, creen que una vez m\u00e1s ha quedado demostrado que el decreto de moratoria contra los desahucios aprobado por el Gobierno, y que se extiende de momento hasta el 9 de agosto, no es efectivo en muchos casos. La alcaldesa de Barcelona,\u00a0<strong>Ada Colau<\/strong>, ha exigido a los juzgados que revisen los criterios con los que deciden aplicar o no la moratoria vigente para los desahucios de personas vulnerables.<\/p>\n<p>La realidad es que los desalojos se est\u00e1n incrementando, al menos los que afectan a los m\u00e1s vulnerables, los que viven de alquiler. En este primer trimestre de 2021, se produjeron un total de 7.862 lanzamientos derivados del\u00a0<strong>impago de la renta<\/strong>, un 14,01% en relaci\u00f3n al a\u00f1o anterior.\u00a0<strong>Por<\/strong>\u00a0el contrario, los lanzamientos derivados de ejecuciones hipotecarios se situaron en 2.548, lo que implica una variaci\u00f3n interanual del 6,52%.<\/p>\n<p>El mayor problema con el que se encuentran estas personas desahuciadas de sus viviendas alquiladas es que despu\u00e9s ya no hay nada. La inexistencia de la vivienda social necesaria deja a estos desalojados en la calle, con la nimia protecci\u00f3n de los servicios sociales que carecen de los medios suficientes.<\/p>\n<p>La salida elegida por Segundo, que as\u00ed se llamaba el hombre que iba a ser desahuciado en Sants, muestra uno de los problemas de salud p\u00fablica m\u00e1s soterrados en nuestro pa\u00eds: las muertes por suicidio.<\/p>\n<p>Al ser una cuesti\u00f3n tab\u00fa para nuestra sociedad no hay datos muy actuales, pero seg\u00fan el <strong>Instituto Nacional de Estad\u00edstica\u00a0 (INE)<\/strong>, el n\u00famero de muertes por suicidio en Espa\u00f1a creci\u00f3 en 2019 un 3,7% respecto al a\u00f1o anterior, llevando la cifra total a 3.671 personas frente a las 3.579 del a\u00f1o 2018. Es decir, <strong>cada d\u00eda se suicidan diez personas en Espa\u00f1a<\/strong> el doble de las que mueren por accidentes de tr\u00e1fico y convirtiendo as\u00ed a esta causa de fallecimiento en <strong>la primera del pa\u00eds<\/strong>, con 7,6 suicidios por casa 100.000 habitantes. En todo caso hay que tener en cuenta que estos son los datos oficiales, los otros multiplican la cifra por dos, ya que muchas muertes falsean su causa por cuestiones religiosas medievales y por \u00a0la verg\u00fcenza que supone un suicidio en la familia.<\/p>\n<p>Y si los datos nos cogen por sorpresa es porque nuestro desconocimiento se debe al inter\u00e9s existente por ocultarlos. Los bancos porque no quieren aparecer como asesinos de personas en sus desahucios, el Gobierno porque no destina presupuestos para su contenci\u00f3n y tratamiento y los medios porque se escudan en <strong>el \u00abefecto Werther\u00bb<\/strong>\u00a0o imitaci\u00f3n, cuyo nombre se debe a los suicidios ocurridos supuestamente en\u00a0<strong>el siglo XVIII<\/strong>\u00a0entre j\u00f3venes que leyeron la novela rom\u00e1ntica de Goethe &#8216;Las penas del joven Werther&#8217;.<\/p>\n<p>En los peores momentos de la anterior crisis, comenzada en 2008, que tuvo sus momentos m\u00e1s virulentos entre el 2011 y el 2015, \u00a0se produc\u00eda un suicidio cada 5 horas por desesperaci\u00f3n ante la situaci\u00f3n econ\u00f3mica, lo afirma \u00a0la Plataforma de Afectados por la Hipoteca en un informe basado en datos oficiales de la polic\u00eda. En la Comunidad de Madrid se estima que se produc\u00edan cada 54 horas, siendo los desahucios la causa principal de fallecimiento de los madrile\u00f1os.<\/p>\n<p><strong>La PAH<\/strong>\u00a0imputa al denominado terrorismo financiero\u00a0<strong>m\u00e1s de 13.300 suicidios<\/strong>\u00a0desde 2008 hasta 2015. Esta dura cifra representa algo menos del cincuenta por ciento de todos los que se producen \u00a0en el pa\u00eds. Lo que significa que la mala situaci\u00f3n econ\u00f3mica de los afectados o de sus familias es, en casi la mitad de las ocasiones, el\u00a0<strong>origen de tan dram\u00e1tica decisi\u00f3n<\/strong>.<\/p>\n<p>De momento no existen cifras oficiales del impacto y la evoluci\u00f3n que tendr\u00e1 este drama de la pandemia que vivimos en los suicidios, es una inc\u00f3gnita. Lo que s\u00ed es previsible y que hay que tener claro es que la situaci\u00f3n de la crisis sanitaria y sus consecuencias econ\u00f3micas y an\u00edmicas, junto a las medidas de confinamiento, los miedos que ha generado y el desgaste social, dejar\u00e1n un rastro importante en la vida de muchas personas. Y nada va a mejorar con unas <strong>previsiones econ\u00f3micas que no son buenas<\/strong> los pr\u00f3ximos dos a\u00f1os.<\/p>\n<p>En los casos m\u00e1s vulnerables ser\u00e1 la gota que puede colmar el vaso de la desesperaci\u00f3n que otros factores ya hab\u00edan llenado. Y una muestra de ello es que la venta de ansiol\u00edticos y antidepresivos ha aumentado en las farmacias, al igual que se ha incrementado el n\u00famero de pacientes que \u00a0buscan una ayuda de car\u00e1cter psiqui\u00e1trico, hasta ahora muy insuficiente en la sanidad p\u00fablica, con citas que pueden demorarse meses y precios alternativos en la sanidad privada que rondan los 60 euros hora.<\/p>\n<p>Se prev\u00e9 un <strong>fuerte aumento de los desahucios por alquiler<\/strong> en los pr\u00f3ximos meses. Con la <strong>Ley de Vivienda<\/strong> en discusi\u00f3n entre los socios de Gobierno y a\u00fan sin acuerdo, una de las medidas planteada por Unidas Podemos es la de incluir las medidas anti desahucio de primera vivienda para siempre, pero los fondos buitre asociados en Asoval, con la inestimable ayuda del Partido Popular, que ven antes el beneficio empresarial y la seguridad jur\u00eddica del inversor, que la vida de las personas, ya se han puesto en contra, amenazando con que la medida, si se toma, ser\u00e1 la causante de todos los males, hasta de la vuelta de la pertinaz sequ\u00eda.<\/p>\n<p>As\u00ed, la Agencia Negociadora del Alquiler,\u00a0 ha calculado que el decreto supondr\u00e1 de media unas p\u00e9rdidas de 9.000 euros por cada propietario afectado por impagos y\u00a0disparar\u00e1 la morosidad hasta los 132 millones de euros. M\u00e1s catastrofistas y amenazantes se muestran desde la <strong>Asociaci\u00f3n de Propietarios de Vivienda en Alquiler (ASVAL)<\/strong>, la patronal de los fondos buitre, que obtienen sus beneficios en el mercado de la vivienda de alquiler y tan s\u00f3lo ve en la posible inclusi\u00f3n de los desahucios en la Ley de Vivienda la protecci\u00f3n de los okupas, de lo que hace \u00abcasus belli\u00bb. Amenaza en concreto con impulsar una oleada de reclamaciones judiciales por responsabilidad patrimonial y econ\u00f3mica del Estado al ponerse en riesgo la tutela judicial efectiva. Asegura ASVAL que de llevarse adelante la Ley de Vivienda en los t\u00e9rminos que defiende Unidas Podemos, se imposibilitar\u00e1 el desarrollo del mercado del alquiler en Espa\u00f1a, ese en el que buscan sus beneficios. Adem\u00e1s, la protecci\u00f3n de los \u00abokupas\u00bb afectar\u00e1 la inversi\u00f3n extranjera y generar\u00e1 un \u00abefecto llamada\u00bb para la ocupaci\u00f3n de viviendas, \u00absomos el \u00fanico pa\u00eds que regulariza el delito de la ocupaci\u00f3n ilegal\u00bb, aseguran.<\/p>\n<p>La situaci\u00f3n es compleja porque nunca se debiera haber permitido que la vivienda, que es un bien de primera necesidad, se convirtiera en un producto de mercado sujeto a la especulaci\u00f3n y a las exigencias de los inversores. No al menos mientras no existiera un parque suficiente de vivienda social que imposibilitara esta especulaci\u00f3n a gran escala con las familias m\u00e1s vulnerables, expuls\u00e1ndoles de un mercado del alquiler que les debiera garantizar el acceso a un bien necesario.<\/p>\n<p>Pero despu\u00e9s de m\u00e1s de 50 a\u00f1os protegiendo a los propietarios con inmensos beneficios fiscales el mal ya est\u00e1 hecho y revertir la situaci\u00f3n no va a ser f\u00e1cil. Por un lado el derecho a la vivienda, por otro la seguridad jur\u00eddica de esos peque\u00f1os propietarios -m\u00e1s del 95% de la vivienda en alquiler est\u00e1 en sus manos-\u00a0 que complementan sus sueldos o pensiones con arrendamientos en todos los pueblos y ciudades de Espa\u00f1a.<\/p>\n<p>Los beneficios y manejos de los grandes propietarios llegados a este mercado con la crisis del 2011, debieran quedar aparte y su campo de actividad ce\u00f1irse a los alquileres temporales y tur\u00edsticos, que no son primera vivienda. La soluci\u00f3n es dif\u00edcil, porque est\u00e1n en juego las vidas de muchas personas y el bienestar de otras, pero debiera tomarse antes de que llegue el pr\u00f3ximo calent\u00f3n al mercado de la vivienda que ya est\u00e1 asomando.<\/p>\n<p><img decoding=\"async\" class=\"alignnone wp-image-36233\" src=\"https:\/\/www.aquimicasa.net\/blog\/wp-content\/uploads\/Edu3-240x300.jpg\" alt=\"Los suicidios por desahucio est\u00e1n volviendo\" width=\"134\" height=\"168\" srcset=\"https:\/\/www.aquimicasa.net\/blog\/wp-content\/uploads\/Edu3-120x150.jpg 120w, https:\/\/www.aquimicasa.net\/blog\/wp-content\/uploads\/Edu3-200x250.jpg 200w, https:\/\/www.aquimicasa.net\/blog\/wp-content\/uploads\/Edu3-240x300.jpg 240w, https:\/\/www.aquimicasa.net\/blog\/wp-content\/uploads\/Edu3-400x500.jpg 400w, https:\/\/www.aquimicasa.net\/blog\/wp-content\/uploads\/Edu3.jpg 485w\" sizes=\"(max-width: 134px) 100vw, 134px\" \/><\/p>\n<p>Eduardo Lizarraga<\/p>\n<p>WWW.AQUIMICASA.NET<\/p>\n<\/div><\/div><style type=\"text\/css\">.fusion-body .fusion-builder-column-0{width:100% !important;margin-top : 0px;margin-bottom : 0px;}.fusion-builder-column-0 > .fusion-column-wrapper {padding-top : 0px !important;padding-right : 0px !important;margin-right : 1.92%;padding-bottom : 0px !important;padding-left : 0px !important;margin-left : 1.92%;}@media only screen and (max-width:1024px) {.fusion-body .fusion-builder-column-0{width:100% !important;}.fusion-builder-column-0 > .fusion-column-wrapper {margin-right : 1.92%;margin-left : 1.92%;}}@media only screen and (max-width:640px) {.fusion-body .fusion-builder-column-0{width:100% !important;}.fusion-builder-column-0 > .fusion-column-wrapper {margin-right : 1.92%;margin-left : 1.92%;}}<\/style><\/div><\/div><style type=\"text\/css\">.fusion-body .fusion-flex-container.fusion-builder-row-1{ padding-top : 0px;margin-top : 0px;padding-right : 0px;padding-bottom : 0px;margin-bottom : 0px;padding-left : 0px;}<\/style><\/div>\n","protected":false},"excerpt":{"rendered":"<p>La situaci\u00f3n es compleja porque nunca se debiera haber permitido que la vivienda, que es un bien de primera necesidad, se convirtiera en un producto de mercado sujeto a la especulaci\u00f3n y a las exigencias de los inversores. No al menos mientras no existiera un parque suficiente de vivienda social que imposibilitara esta especulaci\u00f3n a gran escala con las familias m\u00e1s vulnerables, expuls\u00e1ndoles de un mercado del alquiler que les debiera garantizar el acceso a un bien necesario<\/p>\n","protected":false},"author":3,"featured_media":37620,"comment_status":"closed","ping_status":"closed","sticky":false,"template":"","format":"standard","meta":{"_jetpack_memberships_contains_paid_content":false,"footnotes":"","jetpack_publicize_message":"","jetpack_publicize_feature_enabled":true,"jetpack_social_post_already_shared":true,"jetpack_social_options":{"image_generator_settings":{"template":"highway","default_image_id":0,"font":"","enabled":false},"version":2}},"categories":[25,3249],"tags":[2989,7961,7968],"class_list":["post-37616","post","type-post","status-publish","format-standard","has-post-thumbnail","hentry","category-desahucio","category-opinion","tag-articulo-de-opinion","tag-newsletter-310","tag-newsletter-311"],"yoast_head":"<!-- This site is optimized with the Yoast SEO plugin v27.5 - https:\/\/yoast.com\/product\/yoast-seo-wordpress\/ -->\n<title>Vuelven el drama de los desahucios y el suicidio a la vivienda<\/title>\n<meta name=\"description\" content=\"El Gobierno estableci\u00f3 una moratoria en el pago de la hipoteca y\u00a0prohibi\u00f3 los desahucios por alquiler a los afectados por la crisis\" \/>\n<meta name=\"robots\" content=\"index, follow, max-snippet:-1, max-image-preview:large, max-video-preview:-1\" \/>\n<link rel=\"canonical\" href=\"https:\/\/www.aquimicasa.net\/blog\/opinion\/vuelven-el-drama-de-los-desahucios-y-el-suicidio-a-la-vivienda\/\" \/>\n<meta property=\"og:locale\" content=\"es_ES\" \/>\n<meta property=\"og:type\" content=\"article\" \/>\n<meta property=\"og:title\" content=\"Vuelven el drama de los desahucios y el suicidio a la vivienda\" \/>\n<meta property=\"og:description\" content=\"El Gobierno estableci\u00f3 una moratoria en el pago de la hipoteca y\u00a0prohibi\u00f3 los desahucios por alquiler a los afectados por la crisis\" \/>\n<meta property=\"og:url\" content=\"https:\/\/www.aquimicasa.net\/blog\/opinion\/vuelven-el-drama-de-los-desahucios-y-el-suicidio-a-la-vivienda\/\" \/>\n<meta property=\"og:site_name\" content=\"Blog de aquimicasa.net\" \/>\n<meta property=\"article:publisher\" content=\"https:\/\/www.facebook.com\/aquimicasa.net\" \/>\n<meta property=\"article:published_time\" content=\"2021-06-17T06:50:07+00:00\" \/>\n<meta property=\"article:modified_time\" content=\"2021-06-27T08:38:27+00:00\" \/>\n<meta property=\"og:image\" content=\"https:\/\/www.aquimicasa.net\/blog\/wp-content\/uploads\/Desahucios-en-la-crisis-del-coronavirus-1-scaled-e1623912551554.jpeg\" \/>\n\t<meta property=\"og:image:width\" content=\"450\" \/>\n\t<meta property=\"og:image:height\" content=\"300\" \/>\n\t<meta property=\"og:image:type\" content=\"image\/jpeg\" \/>\n<meta name=\"author\" content=\"Eduardo Lizarraga\" \/>\n<meta name=\"twitter:label1\" content=\"Escrito por\" \/>\n\t<meta name=\"twitter:data1\" content=\"Eduardo Lizarraga\" \/>\n\t<meta name=\"twitter:label2\" content=\"Tiempo de lectura\" \/>\n\t<meta name=\"twitter:data2\" content=\"8 minutos\" \/>\n<script type=\"application\/ld+json\" class=\"yoast-schema-graph\">{\"@context\":\"https:\\\/\\\/schema.org\",\"@graph\":[{\"@type\":\"Article\",\"@id\":\"https:\\\/\\\/www.aquimicasa.net\\\/blog\\\/opinion\\\/vuelven-el-drama-de-los-desahucios-y-el-suicidio-a-la-vivienda\\\/#article\",\"isPartOf\":{\"@id\":\"https:\\\/\\\/www.aquimicasa.net\\\/blog\\\/opinion\\\/vuelven-el-drama-de-los-desahucios-y-el-suicidio-a-la-vivienda\\\/\"},\"author\":{\"name\":\"Eduardo Lizarraga\",\"@id\":\"https:\\\/\\\/www.aquimicasa.net\\\/blog\\\/#\\\/schema\\\/person\\\/2cdfa2605534583395c8d7ce1d6cac14\"},\"headline\":\"Vuelven el drama de los desahucios y el suicidio a la vivienda\",\"datePublished\":\"2021-06-17T06:50:07+00:00\",\"dateModified\":\"2021-06-27T08:38:27+00:00\",\"mainEntityOfPage\":{\"@id\":\"https:\\\/\\\/www.aquimicasa.net\\\/blog\\\/opinion\\\/vuelven-el-drama-de-los-desahucios-y-el-suicidio-a-la-vivienda\\\/\"},\"wordCount\":2210,\"publisher\":{\"@id\":\"https:\\\/\\\/www.aquimicasa.net\\\/blog\\\/#organization\"},\"image\":{\"@id\":\"https:\\\/\\\/www.aquimicasa.net\\\/blog\\\/opinion\\\/vuelven-el-drama-de-los-desahucios-y-el-suicidio-a-la-vivienda\\\/#primaryimage\"},\"thumbnailUrl\":\"https:\\\/\\\/www.aquimicasa.net\\\/blog\\\/wp-content\\\/uploads\\\/Desahucios-en-la-crisis-del-coronavirus-1-scaled-e1623912551554.jpeg\",\"keywords\":[\"art\u00edculo de opini\u00f3n\",\"newsletter 310\",\"newsletter 311\"],\"articleSection\":[\"Desahucios\",\"Opini\u00f3n\"],\"inLanguage\":\"es\"},{\"@type\":\"WebPage\",\"@id\":\"https:\\\/\\\/www.aquimicasa.net\\\/blog\\\/opinion\\\/vuelven-el-drama-de-los-desahucios-y-el-suicidio-a-la-vivienda\\\/\",\"url\":\"https:\\\/\\\/www.aquimicasa.net\\\/blog\\\/opinion\\\/vuelven-el-drama-de-los-desahucios-y-el-suicidio-a-la-vivienda\\\/\",\"name\":\"Vuelven el drama de los desahucios y el suicidio a la vivienda\",\"isPartOf\":{\"@id\":\"https:\\\/\\\/www.aquimicasa.net\\\/blog\\\/#website\"},\"primaryImageOfPage\":{\"@id\":\"https:\\\/\\\/www.aquimicasa.net\\\/blog\\\/opinion\\\/vuelven-el-drama-de-los-desahucios-y-el-suicidio-a-la-vivienda\\\/#primaryimage\"},\"image\":{\"@id\":\"https:\\\/\\\/www.aquimicasa.net\\\/blog\\\/opinion\\\/vuelven-el-drama-de-los-desahucios-y-el-suicidio-a-la-vivienda\\\/#primaryimage\"},\"thumbnailUrl\":\"https:\\\/\\\/www.aquimicasa.net\\\/blog\\\/wp-content\\\/uploads\\\/Desahucios-en-la-crisis-del-coronavirus-1-scaled-e1623912551554.jpeg\",\"datePublished\":\"2021-06-17T06:50:07+00:00\",\"dateModified\":\"2021-06-27T08:38:27+00:00\",\"description\":\"El Gobierno estableci\u00f3 una moratoria en el pago de la hipoteca y\u00a0prohibi\u00f3 los desahucios por alquiler a los afectados por la crisis\",\"breadcrumb\":{\"@id\":\"https:\\\/\\\/www.aquimicasa.net\\\/blog\\\/opinion\\\/vuelven-el-drama-de-los-desahucios-y-el-suicidio-a-la-vivienda\\\/#breadcrumb\"},\"inLanguage\":\"es\",\"potentialAction\":[{\"@type\":\"ReadAction\",\"target\":[\"https:\\\/\\\/www.aquimicasa.net\\\/blog\\\/opinion\\\/vuelven-el-drama-de-los-desahucios-y-el-suicidio-a-la-vivienda\\\/\"]}]},{\"@type\":\"ImageObject\",\"inLanguage\":\"es\",\"@id\":\"https:\\\/\\\/www.aquimicasa.net\\\/blog\\\/opinion\\\/vuelven-el-drama-de-los-desahucios-y-el-suicidio-a-la-vivienda\\\/#primaryimage\",\"url\":\"https:\\\/\\\/www.aquimicasa.net\\\/blog\\\/wp-content\\\/uploads\\\/Desahucios-en-la-crisis-del-coronavirus-1-scaled-e1623912551554.jpeg\",\"contentUrl\":\"https:\\\/\\\/www.aquimicasa.net\\\/blog\\\/wp-content\\\/uploads\\\/Desahucios-en-la-crisis-del-coronavirus-1-scaled-e1623912551554.jpeg\",\"width\":450,\"height\":300,\"caption\":\"SE prorrogan las medidas de protecci\u00f3n de los hogares vulnerables\"},{\"@type\":\"BreadcrumbList\",\"@id\":\"https:\\\/\\\/www.aquimicasa.net\\\/blog\\\/opinion\\\/vuelven-el-drama-de-los-desahucios-y-el-suicidio-a-la-vivienda\\\/#breadcrumb\",\"itemListElement\":[{\"@type\":\"ListItem\",\"position\":1,\"name\":\"Portada\",\"item\":\"https:\\\/\\\/www.aquimicasa.net\\\/blog\\\/\"},{\"@type\":\"ListItem\",\"position\":2,\"name\":\"Vuelven el drama de los desahucios y el suicidio a la vivienda\"}]},{\"@type\":\"WebSite\",\"@id\":\"https:\\\/\\\/www.aquimicasa.net\\\/blog\\\/#website\",\"url\":\"https:\\\/\\\/www.aquimicasa.net\\\/blog\\\/\",\"name\":\"Blog de aquimicasa.net\",\"description\":\"Noticias del Mundo Inmobiliario\",\"publisher\":{\"@id\":\"https:\\\/\\\/www.aquimicasa.net\\\/blog\\\/#organization\"},\"potentialAction\":[{\"@type\":\"SearchAction\",\"target\":{\"@type\":\"EntryPoint\",\"urlTemplate\":\"https:\\\/\\\/www.aquimicasa.net\\\/blog\\\/?s={search_term_string}\"},\"query-input\":{\"@type\":\"PropertyValueSpecification\",\"valueRequired\":true,\"valueName\":\"search_term_string\"}}],\"inLanguage\":\"es\"},{\"@type\":\"Organization\",\"@id\":\"https:\\\/\\\/www.aquimicasa.net\\\/blog\\\/#organization\",\"name\":\"Blog de aquimicasa.net\",\"url\":\"https:\\\/\\\/www.aquimicasa.net\\\/blog\\\/\",\"logo\":{\"@type\":\"ImageObject\",\"inLanguage\":\"es\",\"@id\":\"https:\\\/\\\/www.aquimicasa.net\\\/blog\\\/#\\\/schema\\\/logo\\\/image\\\/\",\"url\":\"https:\\\/\\\/www.aquimicasa.net\\\/blog\\\/wp-content\\\/uploads\\\/Logo-aquimicasa-1-e1528048213782.png\",\"contentUrl\":\"https:\\\/\\\/www.aquimicasa.net\\\/blog\\\/wp-content\\\/uploads\\\/Logo-aquimicasa-1-e1528048213782.png\",\"width\":225,\"height\":225,\"caption\":\"Blog de aquimicasa.net\"},\"image\":{\"@id\":\"https:\\\/\\\/www.aquimicasa.net\\\/blog\\\/#\\\/schema\\\/logo\\\/image\\\/\"},\"sameAs\":[\"https:\\\/\\\/www.facebook.com\\\/aquimicasa.net\",\"https:\\\/\\\/www.instagram.com\\\/\",\"https:\\\/\\\/x.com\\\/EduLizarragaD\",\"https:\\\/\\\/www.linkedin.com\\\/feed\\\/\"]},{\"@type\":\"Person\",\"@id\":\"https:\\\/\\\/www.aquimicasa.net\\\/blog\\\/#\\\/schema\\\/person\\\/2cdfa2605534583395c8d7ce1d6cac14\",\"name\":\"Eduardo Lizarraga\",\"image\":{\"@type\":\"ImageObject\",\"inLanguage\":\"es\",\"@id\":\"https:\\\/\\\/secure.gravatar.com\\\/avatar\\\/bdabe1eeeed97b65a9cb7de2edd624b07995f7e13abc5fead15961f745f908cc?s=96&d=mm&r=g\",\"url\":\"https:\\\/\\\/secure.gravatar.com\\\/avatar\\\/bdabe1eeeed97b65a9cb7de2edd624b07995f7e13abc5fead15961f745f908cc?s=96&d=mm&r=g\",\"contentUrl\":\"https:\\\/\\\/secure.gravatar.com\\\/avatar\\\/bdabe1eeeed97b65a9cb7de2edd624b07995f7e13abc5fead15961f745f908cc?s=96&d=mm&r=g\",\"caption\":\"Eduardo Lizarraga\"},\"description\":\"Periodista Econ\u00f3mico. Ha trabajado en diversos campos de la informaci\u00f3n. Corresponsal en conflictos, analista pol\u00edtico en Congreso y Senado, periodista del medio ambiente, editor, director editorial, director de comunicaci\u00f3n.... En estos momentos se ha especializado en el sector inmobiliario. Pero tambi\u00e9n es navegante y viajero, preocupado por la pobreza, el medio ambiente y por las actuaciones descontroladas del neoliberalismo empresarial y pol\u00edtico en todo el mundo. Los desahucios, la pobreza infantil y la falta de acceso a los suministros b\u00e1sicos son algunos de los grandes dramas de nuestra sociedad y que es preciso solucionar para hacerla m\u00e1s justa. CEO en www.aquimicasa.net\",\"sameAs\":[\"https:\\\/\\\/www.aquimicasa.net\\\/\"],\"url\":\"https:\\\/\\\/www.aquimicasa.net\\\/blog\\\/author\\\/eduardo\\\/\"}]}<\/script>\n<!-- \/ Yoast SEO plugin. -->","yoast_head_json":{"title":"Vuelven el drama de los desahucios y el suicidio a la vivienda","description":"El Gobierno estableci\u00f3 una moratoria en el pago de la hipoteca y\u00a0prohibi\u00f3 los desahucios por alquiler a los afectados por la crisis","robots":{"index":"index","follow":"follow","max-snippet":"max-snippet:-1","max-image-preview":"max-image-preview:large","max-video-preview":"max-video-preview:-1"},"canonical":"https:\/\/www.aquimicasa.net\/blog\/opinion\/vuelven-el-drama-de-los-desahucios-y-el-suicidio-a-la-vivienda\/","og_locale":"es_ES","og_type":"article","og_title":"Vuelven el drama de los desahucios y el suicidio a la vivienda","og_description":"El Gobierno estableci\u00f3 una moratoria en el pago de la hipoteca y\u00a0prohibi\u00f3 los desahucios por alquiler a los afectados por la crisis","og_url":"https:\/\/www.aquimicasa.net\/blog\/opinion\/vuelven-el-drama-de-los-desahucios-y-el-suicidio-a-la-vivienda\/","og_site_name":"Blog de aquimicasa.net","article_publisher":"https:\/\/www.facebook.com\/aquimicasa.net","article_published_time":"2021-06-17T06:50:07+00:00","article_modified_time":"2021-06-27T08:38:27+00:00","og_image":[{"width":450,"height":300,"url":"https:\/\/www.aquimicasa.net\/blog\/wp-content\/uploads\/Desahucios-en-la-crisis-del-coronavirus-1-scaled-e1623912551554.jpeg","type":"image\/jpeg"}],"author":"Eduardo Lizarraga","twitter_misc":{"Escrito por":"Eduardo Lizarraga","Tiempo de lectura":"8 minutos"},"schema":{"@context":"https:\/\/schema.org","@graph":[{"@type":"Article","@id":"https:\/\/www.aquimicasa.net\/blog\/opinion\/vuelven-el-drama-de-los-desahucios-y-el-suicidio-a-la-vivienda\/#article","isPartOf":{"@id":"https:\/\/www.aquimicasa.net\/blog\/opinion\/vuelven-el-drama-de-los-desahucios-y-el-suicidio-a-la-vivienda\/"},"author":{"name":"Eduardo Lizarraga","@id":"https:\/\/www.aquimicasa.net\/blog\/#\/schema\/person\/2cdfa2605534583395c8d7ce1d6cac14"},"headline":"Vuelven el drama de los desahucios y el suicidio a la vivienda","datePublished":"2021-06-17T06:50:07+00:00","dateModified":"2021-06-27T08:38:27+00:00","mainEntityOfPage":{"@id":"https:\/\/www.aquimicasa.net\/blog\/opinion\/vuelven-el-drama-de-los-desahucios-y-el-suicidio-a-la-vivienda\/"},"wordCount":2210,"publisher":{"@id":"https:\/\/www.aquimicasa.net\/blog\/#organization"},"image":{"@id":"https:\/\/www.aquimicasa.net\/blog\/opinion\/vuelven-el-drama-de-los-desahucios-y-el-suicidio-a-la-vivienda\/#primaryimage"},"thumbnailUrl":"https:\/\/www.aquimicasa.net\/blog\/wp-content\/uploads\/Desahucios-en-la-crisis-del-coronavirus-1-scaled-e1623912551554.jpeg","keywords":["art\u00edculo de opini\u00f3n","newsletter 310","newsletter 311"],"articleSection":["Desahucios","Opini\u00f3n"],"inLanguage":"es"},{"@type":"WebPage","@id":"https:\/\/www.aquimicasa.net\/blog\/opinion\/vuelven-el-drama-de-los-desahucios-y-el-suicidio-a-la-vivienda\/","url":"https:\/\/www.aquimicasa.net\/blog\/opinion\/vuelven-el-drama-de-los-desahucios-y-el-suicidio-a-la-vivienda\/","name":"Vuelven el drama de los desahucios y el suicidio a la vivienda","isPartOf":{"@id":"https:\/\/www.aquimicasa.net\/blog\/#website"},"primaryImageOfPage":{"@id":"https:\/\/www.aquimicasa.net\/blog\/opinion\/vuelven-el-drama-de-los-desahucios-y-el-suicidio-a-la-vivienda\/#primaryimage"},"image":{"@id":"https:\/\/www.aquimicasa.net\/blog\/opinion\/vuelven-el-drama-de-los-desahucios-y-el-suicidio-a-la-vivienda\/#primaryimage"},"thumbnailUrl":"https:\/\/www.aquimicasa.net\/blog\/wp-content\/uploads\/Desahucios-en-la-crisis-del-coronavirus-1-scaled-e1623912551554.jpeg","datePublished":"2021-06-17T06:50:07+00:00","dateModified":"2021-06-27T08:38:27+00:00","description":"El Gobierno estableci\u00f3 una moratoria en el pago de la hipoteca y\u00a0prohibi\u00f3 los desahucios por alquiler a los afectados por la crisis","breadcrumb":{"@id":"https:\/\/www.aquimicasa.net\/blog\/opinion\/vuelven-el-drama-de-los-desahucios-y-el-suicidio-a-la-vivienda\/#breadcrumb"},"inLanguage":"es","potentialAction":[{"@type":"ReadAction","target":["https:\/\/www.aquimicasa.net\/blog\/opinion\/vuelven-el-drama-de-los-desahucios-y-el-suicidio-a-la-vivienda\/"]}]},{"@type":"ImageObject","inLanguage":"es","@id":"https:\/\/www.aquimicasa.net\/blog\/opinion\/vuelven-el-drama-de-los-desahucios-y-el-suicidio-a-la-vivienda\/#primaryimage","url":"https:\/\/www.aquimicasa.net\/blog\/wp-content\/uploads\/Desahucios-en-la-crisis-del-coronavirus-1-scaled-e1623912551554.jpeg","contentUrl":"https:\/\/www.aquimicasa.net\/blog\/wp-content\/uploads\/Desahucios-en-la-crisis-del-coronavirus-1-scaled-e1623912551554.jpeg","width":450,"height":300,"caption":"SE prorrogan las medidas de protecci\u00f3n de los hogares vulnerables"},{"@type":"BreadcrumbList","@id":"https:\/\/www.aquimicasa.net\/blog\/opinion\/vuelven-el-drama-de-los-desahucios-y-el-suicidio-a-la-vivienda\/#breadcrumb","itemListElement":[{"@type":"ListItem","position":1,"name":"Portada","item":"https:\/\/www.aquimicasa.net\/blog\/"},{"@type":"ListItem","position":2,"name":"Vuelven el drama de los desahucios y el suicidio a la vivienda"}]},{"@type":"WebSite","@id":"https:\/\/www.aquimicasa.net\/blog\/#website","url":"https:\/\/www.aquimicasa.net\/blog\/","name":"Blog de aquimicasa.net","description":"Noticias del Mundo Inmobiliario","publisher":{"@id":"https:\/\/www.aquimicasa.net\/blog\/#organization"},"potentialAction":[{"@type":"SearchAction","target":{"@type":"EntryPoint","urlTemplate":"https:\/\/www.aquimicasa.net\/blog\/?s={search_term_string}"},"query-input":{"@type":"PropertyValueSpecification","valueRequired":true,"valueName":"search_term_string"}}],"inLanguage":"es"},{"@type":"Organization","@id":"https:\/\/www.aquimicasa.net\/blog\/#organization","name":"Blog de aquimicasa.net","url":"https:\/\/www.aquimicasa.net\/blog\/","logo":{"@type":"ImageObject","inLanguage":"es","@id":"https:\/\/www.aquimicasa.net\/blog\/#\/schema\/logo\/image\/","url":"https:\/\/www.aquimicasa.net\/blog\/wp-content\/uploads\/Logo-aquimicasa-1-e1528048213782.png","contentUrl":"https:\/\/www.aquimicasa.net\/blog\/wp-content\/uploads\/Logo-aquimicasa-1-e1528048213782.png","width":225,"height":225,"caption":"Blog de aquimicasa.net"},"image":{"@id":"https:\/\/www.aquimicasa.net\/blog\/#\/schema\/logo\/image\/"},"sameAs":["https:\/\/www.facebook.com\/aquimicasa.net","https:\/\/www.instagram.com\/","https:\/\/x.com\/EduLizarragaD","https:\/\/www.linkedin.com\/feed\/"]},{"@type":"Person","@id":"https:\/\/www.aquimicasa.net\/blog\/#\/schema\/person\/2cdfa2605534583395c8d7ce1d6cac14","name":"Eduardo Lizarraga","image":{"@type":"ImageObject","inLanguage":"es","@id":"https:\/\/secure.gravatar.com\/avatar\/bdabe1eeeed97b65a9cb7de2edd624b07995f7e13abc5fead15961f745f908cc?s=96&d=mm&r=g","url":"https:\/\/secure.gravatar.com\/avatar\/bdabe1eeeed97b65a9cb7de2edd624b07995f7e13abc5fead15961f745f908cc?s=96&d=mm&r=g","contentUrl":"https:\/\/secure.gravatar.com\/avatar\/bdabe1eeeed97b65a9cb7de2edd624b07995f7e13abc5fead15961f745f908cc?s=96&d=mm&r=g","caption":"Eduardo Lizarraga"},"description":"Periodista Econ\u00f3mico. Ha trabajado en diversos campos de la informaci\u00f3n. Corresponsal en conflictos, analista pol\u00edtico en Congreso y Senado, periodista del medio ambiente, editor, director editorial, director de comunicaci\u00f3n.... En estos momentos se ha especializado en el sector inmobiliario. Pero tambi\u00e9n es navegante y viajero, preocupado por la pobreza, el medio ambiente y por las actuaciones descontroladas del neoliberalismo empresarial y pol\u00edtico en todo el mundo. Los desahucios, la pobreza infantil y la falta de acceso a los suministros b\u00e1sicos son algunos de los grandes dramas de nuestra sociedad y que es preciso solucionar para hacerla m\u00e1s justa. CEO en www.aquimicasa.net","sameAs":["https:\/\/www.aquimicasa.net\/"],"url":"https:\/\/www.aquimicasa.net\/blog\/author\/eduardo\/"}]}},"jetpack_publicize_connections":[],"jetpack_featured_media_url":"https:\/\/www.aquimicasa.net\/blog\/wp-content\/uploads\/Desahucios-en-la-crisis-del-coronavirus-1-scaled-e1623912551554.jpeg","jetpack_sharing_enabled":true,"jetpack_likes_enabled":true,"_links":{"self":[{"href":"https:\/\/www.aquimicasa.net\/blog\/wp-json\/wp\/v2\/posts\/37616","targetHints":{"allow":["GET"]}}],"collection":[{"href":"https:\/\/www.aquimicasa.net\/blog\/wp-json\/wp\/v2\/posts"}],"about":[{"href":"https:\/\/www.aquimicasa.net\/blog\/wp-json\/wp\/v2\/types\/post"}],"author":[{"embeddable":true,"href":"https:\/\/www.aquimicasa.net\/blog\/wp-json\/wp\/v2\/users\/3"}],"replies":[{"embeddable":true,"href":"https:\/\/www.aquimicasa.net\/blog\/wp-json\/wp\/v2\/comments?post=37616"}],"version-history":[{"count":8,"href":"https:\/\/www.aquimicasa.net\/blog\/wp-json\/wp\/v2\/posts\/37616\/revisions"}],"predecessor-version":[{"id":37645,"href":"https:\/\/www.aquimicasa.net\/blog\/wp-json\/wp\/v2\/posts\/37616\/revisions\/37645"}],"wp:featuredmedia":[{"embeddable":true,"href":"https:\/\/www.aquimicasa.net\/blog\/wp-json\/wp\/v2\/media\/37620"}],"wp:attachment":[{"href":"https:\/\/www.aquimicasa.net\/blog\/wp-json\/wp\/v2\/media?parent=37616"}],"wp:term":[{"taxonomy":"category","embeddable":true,"href":"https:\/\/www.aquimicasa.net\/blog\/wp-json\/wp\/v2\/categories?post=37616"},{"taxonomy":"post_tag","embeddable":true,"href":"https:\/\/www.aquimicasa.net\/blog\/wp-json\/wp\/v2\/tags?post=37616"}],"curies":[{"name":"wp","href":"https:\/\/api.w.org\/{rel}","templated":true}]}}