{"id":38165,"date":"2021-08-10T11:06:51","date_gmt":"2021-08-10T09:06:51","guid":{"rendered":"https:\/\/www.aquimicasa.net\/blog\/?p=38165"},"modified":"2021-08-10T11:06:51","modified_gmt":"2021-08-10T09:06:51","slug":"la-vivienda-vacacional-en-costa-resiste-y-mantiene-compraventas","status":"publish","type":"post","link":"https:\/\/www.aquimicasa.net\/blog\/vivienda\/compraventa-de-viviendas\/la-vivienda-vacacional-en-costa-resiste-y-mantiene-compraventas\/","title":{"rendered":"La vivienda vacacional en costa resiste y mantiene compraventas"},"content":{"rendered":"<div class=\"fusion-fullwidth fullwidth-box fusion-builder-row-1 fusion-flex-container nonhundred-percent-fullwidth non-hundred-percent-height-scrolling\" style=\"background-color: rgba(255,255,255,0);background-position: center center;background-repeat: no-repeat;border-width: 0px 0px 0px 0px;border-color:#eae9e9;border-style:solid;\" ><div class=\"fusion-builder-row fusion-row fusion-flex-align-items-flex-start\" style=\"max-width:1144px;margin-left: calc(-4% \/ 2 );margin-right: calc(-4% \/ 2 );\"><div class=\"fusion-layout-column fusion_builder_column fusion-builder-column-0 fusion_builder_column_1_1 1_1 fusion-flex-column\"><div class=\"fusion-column-wrapper fusion-flex-justify-content-flex-start fusion-content-layout-column\" style=\"background-position:left top;background-repeat:no-repeat;-webkit-background-size:cover;-moz-background-size:cover;-o-background-size:cover;background-size:cover;padding: 0px 0px 0px 0px;\"><div class=\"fusion-text fusion-text-1\"><p>El segmento de vivienda vacacional ha mantenido un cierto nivel de actividad y ha mostrado una mayor resistencia que el mercado de primera residencia en la costa durante el primer a\u00f1o transcurrido desde el inicio de la pandemia, y, especialmente, en los primeros meses de 2021. Es una de las conclusiones del informe\u00a0<strong>Vivienda en Costa 2021<\/strong>, elaborado por la empresa de valoraci\u00f3n inmobiliaria <strong>Tinsa<\/strong>, que refleja que, en un mercado at\u00edpico marcado por el descenso de operaciones, dos tercios de los municipios de costa registraron <strong>ca\u00eddas interanuales de precio<\/strong> en el primer trimestre de 2021.<\/p>\n<p><img decoding=\"async\" class=\"alignnone wp-image-36699\" src=\"https:\/\/www.aquimicasa.net\/blog\/wp-content\/uploads\/Andrea-de-la-Hoz_FOTO-300x252.jpg\" alt=\"Andrea de la Hoz\" width=\"180\" height=\"151\" srcset=\"https:\/\/www.aquimicasa.net\/blog\/wp-content\/uploads\/Andrea-de-la-Hoz_FOTO-150x126.jpg 150w, https:\/\/www.aquimicasa.net\/blog\/wp-content\/uploads\/Andrea-de-la-Hoz_FOTO-200x168.jpg 200w, https:\/\/www.aquimicasa.net\/blog\/wp-content\/uploads\/Andrea-de-la-Hoz_FOTO-300x252.jpg 300w, https:\/\/www.aquimicasa.net\/blog\/wp-content\/uploads\/Andrea-de-la-Hoz_FOTO-400x335.jpg 400w, https:\/\/www.aquimicasa.net\/blog\/wp-content\/uploads\/Andrea-de-la-Hoz_FOTO-600x503.jpg 600w, https:\/\/www.aquimicasa.net\/blog\/wp-content\/uploads\/Andrea-de-la-Hoz_FOTO-768x644.jpg 768w, https:\/\/www.aquimicasa.net\/blog\/wp-content\/uploads\/Andrea-de-la-Hoz_FOTO-800x671.jpg 800w, https:\/\/www.aquimicasa.net\/blog\/wp-content\/uploads\/Andrea-de-la-Hoz_FOTO.jpg 855w\" sizes=\"(max-width: 180px) 100vw, 180px\" \/>\u00a0\u201cEl<strong> descenso de las compraventas<\/strong> ha sido m\u00e1s atenuado en el segmento de segunda residencia, con ajustes de precios en su mayor\u00eda por debajo del 5 %. Incluso se han identificado tendencias alcistas puntuales en algunas ubicaciones\u201d, apunta <strong>Andrea de la Hoz,<\/strong> analista senior del Servicio de Estudios de Tinsa. \u201cLa <strong>actividad promotora<\/strong> ha registrado cifras positivas generalizadas para las tipolog\u00edas unifamiliares y un n\u00famero significativo de zonas muestra crecimiento del n\u00famero de visados totales\u201d, afirma.<\/p>\n<p><strong>Vivienda en Costa 2021<\/strong>\u00a0divide el litoral peninsular e islas en un total 63 zonas (23 provincias). A partir de una encuesta a los t\u00e9cnicos tasadores que trabajan repartidos por toda la costa espa\u00f1ola, el informe describe la situaci\u00f3n del <strong>mercado de vivienda vacacional<\/strong> en aspectos como oferta, demanda, actividad promotora o evoluci\u00f3n de los precios. Incluye tambi\u00e9n referencias de valor \u20ac\/m<sup>2\u00a0<\/sup>promedio en m\u00e1s de 150 poblaciones del litoral, as\u00ed como datos oficiales de compraventa y visados de\u00a0obra nueva\u00a0en los municipios costeros.<\/p>\n<p>En la edici\u00f3n de este a\u00f1o, las respuestas de los t\u00e9cnicos consultados han sido ponderadas en funci\u00f3n del porcentaje que representa cada zona analizada en el conjunto del parque residencial en la costa espa\u00f1ola. As\u00ed, las zonas que suman un mayor n\u00famero de viviendas en los municipios que las componen tienen m\u00e1s peso en el c\u00f3mputo de los resultados de la encuesta.<\/p>\n<p>Un primer an\u00e1lisis global revela que, en opini\u00f3n de los t\u00e9cnicos, el <strong>mercado vacacional<\/strong> mantuvo en 2020 un nivel de actividad similar al del a\u00f1o anterior en un 46,4 % de las zonas, mientras que en otro 52,9 % la actividad fue inferior.<\/p>\n<p><strong>SITUACI\u00d3N DEL MERCADO DE VIVIENDA VACACIONAL EN LA COSTA\u00a0<\/strong><\/p>\n<p><img decoding=\"async\" class=\"aligncenter wp-image-989617 size-full lazyloaded\" src=\"https:\/\/www.tinsa.es\/wp-content\/uploads\/2021\/07\/mapaRecortado.png\" sizes=\"(max-width: 1275px) 100vw, 1275px\" srcset=\"https:\/\/www.tinsa.es\/wp-content\/uploads\/2021\/07\/mapaRecortado.png 1275w, https:\/\/www.tinsa.es\/wp-content\/uploads\/2021\/07\/mapaRecortado-445x300.png 445w, https:\/\/www.tinsa.es\/wp-content\/uploads\/2021\/07\/mapaRecortado-593x400.png 593w, https:\/\/www.tinsa.es\/wp-content\/uploads\/2021\/07\/mapaRecortado-768x518.png 768w, https:\/\/www.tinsa.es\/wp-content\/uploads\/2021\/07\/mapaRecortado-90x60.png 90w\" alt=\"\" width=\"1275\" height=\"860\" data-lazy-srcset=\"https:\/\/www.tinsa.es\/wp-content\/uploads\/2021\/07\/mapaRecortado.png 1275w, https:\/\/www.tinsa.es\/wp-content\/uploads\/2021\/07\/mapaRecortado-445x300.png 445w, https:\/\/www.tinsa.es\/wp-content\/uploads\/2021\/07\/mapaRecortado-593x400.png 593w, https:\/\/www.tinsa.es\/wp-content\/uploads\/2021\/07\/mapaRecortado-768x518.png 768w, https:\/\/www.tinsa.es\/wp-content\/uploads\/2021\/07\/mapaRecortado-90x60.png 90w\" data-lazy-sizes=\"(max-width: 1275px) 100vw, 1275px\" data-lazy-src=\"https:\/\/www.tinsa.es\/wp-content\/uploads\/2021\/07\/mapaRecortado.png\" data-was-processed=\"true\" \/><\/p>\n<p>Sin embargo, los t\u00e9cnicos destacan que en los primeros meses de 2021 se habr\u00eda producido una <strong>recuperaci\u00f3n moderada del mercado de vivienda vacacional<\/strong> en un 66 % de las zonas. La recuperaci\u00f3n alcanza la calificaci\u00f3n de \u201cnotable\u201d en un 3,4 %, mientras que en otro 22,6 % el nivel de actividad seguir\u00eda siendo inferior al del a\u00f1o anterior. Los enclaves donde se apunta a una recuperaci\u00f3n notable del mercado de vivienda vacacional en los \u00faltimos meses se localizan en las costas de C\u00e1diz, Huelva, Pontevedra, Asturias y Vizcaya.<\/p>\n<h2 class=\"fusion-responsive-typography-calculated\" data-fontsize=\"18\" data-lineheight=\"27px\"><img decoding=\"async\" class=\"aligncenter wp-image-989618 size-large lazyloaded\" src=\"https:\/\/www.tinsa.es\/wp-content\/uploads\/2021\/07\/grafico2-850x397.png\" sizes=\"(max-width: 640px) 100vw, 640px\" srcset=\"https:\/\/www.tinsa.es\/wp-content\/uploads\/2021\/07\/grafico2-850x397.png 850w, https:\/\/www.tinsa.es\/wp-content\/uploads\/2021\/07\/grafico2-540x252.png 540w, https:\/\/www.tinsa.es\/wp-content\/uploads\/2021\/07\/grafico2-768x358.png 768w, https:\/\/www.tinsa.es\/wp-content\/uploads\/2021\/07\/grafico2.png 1453w\" alt=\"\" width=\"640\" height=\"299\" data-lazy-srcset=\"https:\/\/www.tinsa.es\/wp-content\/uploads\/2021\/07\/grafico2-850x397.png 850w, https:\/\/www.tinsa.es\/wp-content\/uploads\/2021\/07\/grafico2-540x252.png 540w, https:\/\/www.tinsa.es\/wp-content\/uploads\/2021\/07\/grafico2-768x358.png 768w, https:\/\/www.tinsa.es\/wp-content\/uploads\/2021\/07\/grafico2.png 1453w\" data-lazy-sizes=\"(max-width: 640px) 100vw, 640px\" data-lazy-src=\"https:\/\/www.tinsa.es\/wp-content\/uploads\/2021\/07\/grafico2-850x397.png\" data-was-processed=\"true\" \/><\/h2>\n<p>En opini\u00f3n de Andrea de la Hoz, las <strong>nuevas preferencias hacia espacios abiertos y de mayores dimensiones<\/strong>, as\u00ed como el avance del teletrabajo han empujado a una demanda local, que buscaba segundas residencias en enclaves costeros pr\u00f3ximos dentro de la propia provincia o Comunidad Aut\u00f3noma. \u201cLa <strong>demanda nacional<\/strong> ha experimentado un impulso, compensando parcialmente la disminuci\u00f3n de una demanda internacional con mayores restricciones de movilidad\u201d, se\u00f1ala.<\/p>\n<\/div><\/div><style type=\"text\/css\">.fusion-body .fusion-builder-column-0{width:100% !important;margin-top : 0px;margin-bottom : 0px;}.fusion-builder-column-0 > .fusion-column-wrapper {padding-top : 0px !important;padding-right : 0px !important;margin-right : 1.92%;padding-bottom : 0px !important;padding-left : 0px !important;margin-left : 1.92%;}@media only screen and (max-width:1024px) {.fusion-body .fusion-builder-column-0{width:100% !important;}.fusion-builder-column-0 > .fusion-column-wrapper {margin-right : 1.92%;margin-left : 1.92%;}}@media only screen and (max-width:640px) {.fusion-body .fusion-builder-column-0{width:100% !important;}.fusion-builder-column-0 > .fusion-column-wrapper {margin-right : 1.92%;margin-left : 1.92%;}}<\/style><\/div><\/div><style type=\"text\/css\">.fusion-body .fusion-flex-container.fusion-builder-row-1{ padding-top : 0px;margin-top : 0px;padding-right : 0px;padding-bottom : 0px;margin-bottom : 0px;padding-left : 0px;}<\/style><\/div>\n","protected":false},"excerpt":{"rendered":"<p>El segmento de vivienda vacacional ha mantenido un cierto nivel de actividad y ha mostrado una mayor resistencia que el mercado de primera residencia en la costa durante el primer a\u00f1o transcurrido desde el inicio de la pandemia, y, especialmente, en los primeros meses de 2021.<\/p>\n","protected":false},"author":3,"featured_media":38169,"comment_status":"closed","ping_status":"closed","sticky":false,"template":"","format":"standard","meta":{"_jetpack_memberships_contains_paid_content":false,"footnotes":"","jetpack_publicize_message":"","jetpack_publicize_feature_enabled":true,"jetpack_social_post_already_shared":true,"jetpack_social_options":{"image_generator_settings":{"template":"highway","default_image_id":0,"font":"","enabled":false},"version":2}},"categories":[100,96],"tags":[7976],"class_list":["post-38165","post","type-post","status-publish","format-standard","has-post-thumbnail","hentry","category-compraventa-de-viviendas","category-construccion-de-viviendas","tag-newsletter-318"],"yoast_head":"<!-- This site is optimized with the Yoast SEO plugin v27.4 - https:\/\/yoast.com\/product\/yoast-seo-wordpress\/ -->\n<title>La vivienda vacacional en costa resiste y mantiene compraventas<\/title>\n<meta name=\"description\" content=\"El mercado vacacional mantuvo en 2020 un nivel de actividad similar al del a\u00f1o anterior en casi el 50% de las ubicaciones\" \/>\n<meta name=\"robots\" content=\"index, follow, max-snippet:-1, max-image-preview:large, max-video-preview:-1\" \/>\n<link rel=\"canonical\" href=\"https:\/\/www.aquimicasa.net\/blog\/vivienda\/compraventa-de-viviendas\/la-vivienda-vacacional-en-costa-resiste-y-mantiene-compraventas\/\" \/>\n<meta property=\"og:locale\" content=\"es_ES\" \/>\n<meta property=\"og:type\" content=\"article\" \/>\n<meta property=\"og:title\" content=\"La vivienda vacacional en costa resiste y mantiene compraventas\" \/>\n<meta property=\"og:description\" content=\"El mercado vacacional mantuvo en 2020 un nivel de actividad similar al del a\u00f1o anterior en casi el 50% de las ubicaciones\" \/>\n<meta property=\"og:url\" content=\"https:\/\/www.aquimicasa.net\/blog\/vivienda\/compraventa-de-viviendas\/la-vivienda-vacacional-en-costa-resiste-y-mantiene-compraventas\/\" \/>\n<meta property=\"og:site_name\" content=\"Blog de aquimicasa.net\" \/>\n<meta property=\"article:publisher\" content=\"https:\/\/www.facebook.com\/aquimicasa.net\" \/>\n<meta property=\"article:published_time\" content=\"2021-08-10T09:06:51+00:00\" \/>\n<meta property=\"og:image\" content=\"https:\/\/www.aquimicasa.net\/blog\/wp-content\/uploads\/Vivienda-en-costa1.jpg\" \/>\n\t<meta property=\"og:image:width\" content=\"660\" \/>\n\t<meta property=\"og:image:height\" content=\"330\" \/>\n\t<meta property=\"og:image:type\" content=\"image\/jpeg\" \/>\n<meta name=\"author\" content=\"Eduardo Lizarraga\" \/>\n<meta name=\"twitter:label1\" content=\"Escrito por\" \/>\n\t<meta name=\"twitter:data1\" content=\"Eduardo Lizarraga\" \/>\n\t<meta name=\"twitter:label2\" content=\"Tiempo de lectura\" \/>\n\t<meta name=\"twitter:data2\" content=\"4 minutos\" \/>\n<script type=\"application\/ld+json\" class=\"yoast-schema-graph\">{\"@context\":\"https:\\\/\\\/schema.org\",\"@graph\":[{\"@type\":\"Article\",\"@id\":\"https:\\\/\\\/www.aquimicasa.net\\\/blog\\\/vivienda\\\/compraventa-de-viviendas\\\/la-vivienda-vacacional-en-costa-resiste-y-mantiene-compraventas\\\/#article\",\"isPartOf\":{\"@id\":\"https:\\\/\\\/www.aquimicasa.net\\\/blog\\\/vivienda\\\/compraventa-de-viviendas\\\/la-vivienda-vacacional-en-costa-resiste-y-mantiene-compraventas\\\/\"},\"author\":{\"name\":\"Eduardo Lizarraga\",\"@id\":\"https:\\\/\\\/www.aquimicasa.net\\\/blog\\\/#\\\/schema\\\/person\\\/2cdfa2605534583395c8d7ce1d6cac14\"},\"headline\":\"La vivienda vacacional en costa resiste y mantiene compraventas\",\"datePublished\":\"2021-08-10T09:06:51+00:00\",\"mainEntityOfPage\":{\"@id\":\"https:\\\/\\\/www.aquimicasa.net\\\/blog\\\/vivienda\\\/compraventa-de-viviendas\\\/la-vivienda-vacacional-en-costa-resiste-y-mantiene-compraventas\\\/\"},\"wordCount\":726,\"publisher\":{\"@id\":\"https:\\\/\\\/www.aquimicasa.net\\\/blog\\\/#organization\"},\"image\":{\"@id\":\"https:\\\/\\\/www.aquimicasa.net\\\/blog\\\/vivienda\\\/compraventa-de-viviendas\\\/la-vivienda-vacacional-en-costa-resiste-y-mantiene-compraventas\\\/#primaryimage\"},\"thumbnailUrl\":\"https:\\\/\\\/www.aquimicasa.net\\\/blog\\\/wp-content\\\/uploads\\\/Vivienda-en-costa1.jpg\",\"keywords\":[\"newsletter 318\"],\"articleSection\":[\"Compra Venta\",\"Obra Nueva\"],\"inLanguage\":\"es\"},{\"@type\":\"WebPage\",\"@id\":\"https:\\\/\\\/www.aquimicasa.net\\\/blog\\\/vivienda\\\/compraventa-de-viviendas\\\/la-vivienda-vacacional-en-costa-resiste-y-mantiene-compraventas\\\/\",\"url\":\"https:\\\/\\\/www.aquimicasa.net\\\/blog\\\/vivienda\\\/compraventa-de-viviendas\\\/la-vivienda-vacacional-en-costa-resiste-y-mantiene-compraventas\\\/\",\"name\":\"La vivienda vacacional en costa resiste y mantiene compraventas\",\"isPartOf\":{\"@id\":\"https:\\\/\\\/www.aquimicasa.net\\\/blog\\\/#website\"},\"primaryImageOfPage\":{\"@id\":\"https:\\\/\\\/www.aquimicasa.net\\\/blog\\\/vivienda\\\/compraventa-de-viviendas\\\/la-vivienda-vacacional-en-costa-resiste-y-mantiene-compraventas\\\/#primaryimage\"},\"image\":{\"@id\":\"https:\\\/\\\/www.aquimicasa.net\\\/blog\\\/vivienda\\\/compraventa-de-viviendas\\\/la-vivienda-vacacional-en-costa-resiste-y-mantiene-compraventas\\\/#primaryimage\"},\"thumbnailUrl\":\"https:\\\/\\\/www.aquimicasa.net\\\/blog\\\/wp-content\\\/uploads\\\/Vivienda-en-costa1.jpg\",\"datePublished\":\"2021-08-10T09:06:51+00:00\",\"description\":\"El mercado vacacional mantuvo en 2020 un nivel de actividad similar al del a\u00f1o anterior en casi el 50% de las ubicaciones\",\"breadcrumb\":{\"@id\":\"https:\\\/\\\/www.aquimicasa.net\\\/blog\\\/vivienda\\\/compraventa-de-viviendas\\\/la-vivienda-vacacional-en-costa-resiste-y-mantiene-compraventas\\\/#breadcrumb\"},\"inLanguage\":\"es\",\"potentialAction\":[{\"@type\":\"ReadAction\",\"target\":[\"https:\\\/\\\/www.aquimicasa.net\\\/blog\\\/vivienda\\\/compraventa-de-viviendas\\\/la-vivienda-vacacional-en-costa-resiste-y-mantiene-compraventas\\\/\"]}]},{\"@type\":\"ImageObject\",\"inLanguage\":\"es\",\"@id\":\"https:\\\/\\\/www.aquimicasa.net\\\/blog\\\/vivienda\\\/compraventa-de-viviendas\\\/la-vivienda-vacacional-en-costa-resiste-y-mantiene-compraventas\\\/#primaryimage\",\"url\":\"https:\\\/\\\/www.aquimicasa.net\\\/blog\\\/wp-content\\\/uploads\\\/Vivienda-en-costa1.jpg\",\"contentUrl\":\"https:\\\/\\\/www.aquimicasa.net\\\/blog\\\/wp-content\\\/uploads\\\/Vivienda-en-costa1.jpg\",\"width\":660,\"height\":330,\"caption\":\"La vivienda vacacional en costa aguanta bien y sube operaciones\"},{\"@type\":\"BreadcrumbList\",\"@id\":\"https:\\\/\\\/www.aquimicasa.net\\\/blog\\\/vivienda\\\/compraventa-de-viviendas\\\/la-vivienda-vacacional-en-costa-resiste-y-mantiene-compraventas\\\/#breadcrumb\",\"itemListElement\":[{\"@type\":\"ListItem\",\"position\":1,\"name\":\"Portada\",\"item\":\"https:\\\/\\\/www.aquimicasa.net\\\/blog\\\/\"},{\"@type\":\"ListItem\",\"position\":2,\"name\":\"La vivienda vacacional en costa resiste y mantiene compraventas\"}]},{\"@type\":\"WebSite\",\"@id\":\"https:\\\/\\\/www.aquimicasa.net\\\/blog\\\/#website\",\"url\":\"https:\\\/\\\/www.aquimicasa.net\\\/blog\\\/\",\"name\":\"Blog de aquimicasa.net\",\"description\":\"Noticias del Mundo Inmobiliario\",\"publisher\":{\"@id\":\"https:\\\/\\\/www.aquimicasa.net\\\/blog\\\/#organization\"},\"potentialAction\":[{\"@type\":\"SearchAction\",\"target\":{\"@type\":\"EntryPoint\",\"urlTemplate\":\"https:\\\/\\\/www.aquimicasa.net\\\/blog\\\/?s={search_term_string}\"},\"query-input\":{\"@type\":\"PropertyValueSpecification\",\"valueRequired\":true,\"valueName\":\"search_term_string\"}}],\"inLanguage\":\"es\"},{\"@type\":\"Organization\",\"@id\":\"https:\\\/\\\/www.aquimicasa.net\\\/blog\\\/#organization\",\"name\":\"Blog de aquimicasa.net\",\"url\":\"https:\\\/\\\/www.aquimicasa.net\\\/blog\\\/\",\"logo\":{\"@type\":\"ImageObject\",\"inLanguage\":\"es\",\"@id\":\"https:\\\/\\\/www.aquimicasa.net\\\/blog\\\/#\\\/schema\\\/logo\\\/image\\\/\",\"url\":\"https:\\\/\\\/www.aquimicasa.net\\\/blog\\\/wp-content\\\/uploads\\\/Logo-aquimicasa-1-e1528048213782.png\",\"contentUrl\":\"https:\\\/\\\/www.aquimicasa.net\\\/blog\\\/wp-content\\\/uploads\\\/Logo-aquimicasa-1-e1528048213782.png\",\"width\":225,\"height\":225,\"caption\":\"Blog de aquimicasa.net\"},\"image\":{\"@id\":\"https:\\\/\\\/www.aquimicasa.net\\\/blog\\\/#\\\/schema\\\/logo\\\/image\\\/\"},\"sameAs\":[\"https:\\\/\\\/www.facebook.com\\\/aquimicasa.net\",\"https:\\\/\\\/www.instagram.com\\\/\",\"https:\\\/\\\/x.com\\\/EduLizarragaD\",\"https:\\\/\\\/www.linkedin.com\\\/feed\\\/\"]},{\"@type\":\"Person\",\"@id\":\"https:\\\/\\\/www.aquimicasa.net\\\/blog\\\/#\\\/schema\\\/person\\\/2cdfa2605534583395c8d7ce1d6cac14\",\"name\":\"Eduardo Lizarraga\",\"image\":{\"@type\":\"ImageObject\",\"inLanguage\":\"es\",\"@id\":\"https:\\\/\\\/secure.gravatar.com\\\/avatar\\\/bdabe1eeeed97b65a9cb7de2edd624b07995f7e13abc5fead15961f745f908cc?s=96&d=mm&r=g\",\"url\":\"https:\\\/\\\/secure.gravatar.com\\\/avatar\\\/bdabe1eeeed97b65a9cb7de2edd624b07995f7e13abc5fead15961f745f908cc?s=96&d=mm&r=g\",\"contentUrl\":\"https:\\\/\\\/secure.gravatar.com\\\/avatar\\\/bdabe1eeeed97b65a9cb7de2edd624b07995f7e13abc5fead15961f745f908cc?s=96&d=mm&r=g\",\"caption\":\"Eduardo Lizarraga\"},\"description\":\"Periodista Econ\u00f3mico. Ha trabajado en diversos campos de la informaci\u00f3n. Corresponsal en conflictos, analista pol\u00edtico en Congreso y Senado, periodista del medio ambiente, editor, director editorial, director de comunicaci\u00f3n.... En estos momentos se ha especializado en el sector inmobiliario. Pero tambi\u00e9n es navegante y viajero, preocupado por la pobreza, el medio ambiente y por las actuaciones descontroladas del neoliberalismo empresarial y pol\u00edtico en todo el mundo. Los desahucios, la pobreza infantil y la falta de acceso a los suministros b\u00e1sicos son algunos de los grandes dramas de nuestra sociedad y que es preciso solucionar para hacerla m\u00e1s justa. CEO en www.aquimicasa.net\",\"sameAs\":[\"https:\\\/\\\/www.aquimicasa.net\\\/\"],\"url\":\"https:\\\/\\\/www.aquimicasa.net\\\/blog\\\/author\\\/eduardo\\\/\"}]}<\/script>\n<!-- \/ Yoast SEO plugin. -->","yoast_head_json":{"title":"La vivienda vacacional en costa resiste y mantiene compraventas","description":"El mercado vacacional mantuvo en 2020 un nivel de actividad similar al del a\u00f1o anterior en casi el 50% de las ubicaciones","robots":{"index":"index","follow":"follow","max-snippet":"max-snippet:-1","max-image-preview":"max-image-preview:large","max-video-preview":"max-video-preview:-1"},"canonical":"https:\/\/www.aquimicasa.net\/blog\/vivienda\/compraventa-de-viviendas\/la-vivienda-vacacional-en-costa-resiste-y-mantiene-compraventas\/","og_locale":"es_ES","og_type":"article","og_title":"La vivienda vacacional en costa resiste y mantiene compraventas","og_description":"El mercado vacacional mantuvo en 2020 un nivel de actividad similar al del a\u00f1o anterior en casi el 50% de las ubicaciones","og_url":"https:\/\/www.aquimicasa.net\/blog\/vivienda\/compraventa-de-viviendas\/la-vivienda-vacacional-en-costa-resiste-y-mantiene-compraventas\/","og_site_name":"Blog de aquimicasa.net","article_publisher":"https:\/\/www.facebook.com\/aquimicasa.net","article_published_time":"2021-08-10T09:06:51+00:00","og_image":[{"width":660,"height":330,"url":"https:\/\/www.aquimicasa.net\/blog\/wp-content\/uploads\/Vivienda-en-costa1.jpg","type":"image\/jpeg"}],"author":"Eduardo Lizarraga","twitter_misc":{"Escrito por":"Eduardo Lizarraga","Tiempo de lectura":"4 minutos"},"schema":{"@context":"https:\/\/schema.org","@graph":[{"@type":"Article","@id":"https:\/\/www.aquimicasa.net\/blog\/vivienda\/compraventa-de-viviendas\/la-vivienda-vacacional-en-costa-resiste-y-mantiene-compraventas\/#article","isPartOf":{"@id":"https:\/\/www.aquimicasa.net\/blog\/vivienda\/compraventa-de-viviendas\/la-vivienda-vacacional-en-costa-resiste-y-mantiene-compraventas\/"},"author":{"name":"Eduardo Lizarraga","@id":"https:\/\/www.aquimicasa.net\/blog\/#\/schema\/person\/2cdfa2605534583395c8d7ce1d6cac14"},"headline":"La vivienda vacacional en costa resiste y mantiene compraventas","datePublished":"2021-08-10T09:06:51+00:00","mainEntityOfPage":{"@id":"https:\/\/www.aquimicasa.net\/blog\/vivienda\/compraventa-de-viviendas\/la-vivienda-vacacional-en-costa-resiste-y-mantiene-compraventas\/"},"wordCount":726,"publisher":{"@id":"https:\/\/www.aquimicasa.net\/blog\/#organization"},"image":{"@id":"https:\/\/www.aquimicasa.net\/blog\/vivienda\/compraventa-de-viviendas\/la-vivienda-vacacional-en-costa-resiste-y-mantiene-compraventas\/#primaryimage"},"thumbnailUrl":"https:\/\/www.aquimicasa.net\/blog\/wp-content\/uploads\/Vivienda-en-costa1.jpg","keywords":["newsletter 318"],"articleSection":["Compra Venta","Obra Nueva"],"inLanguage":"es"},{"@type":"WebPage","@id":"https:\/\/www.aquimicasa.net\/blog\/vivienda\/compraventa-de-viviendas\/la-vivienda-vacacional-en-costa-resiste-y-mantiene-compraventas\/","url":"https:\/\/www.aquimicasa.net\/blog\/vivienda\/compraventa-de-viviendas\/la-vivienda-vacacional-en-costa-resiste-y-mantiene-compraventas\/","name":"La vivienda vacacional en costa resiste y mantiene compraventas","isPartOf":{"@id":"https:\/\/www.aquimicasa.net\/blog\/#website"},"primaryImageOfPage":{"@id":"https:\/\/www.aquimicasa.net\/blog\/vivienda\/compraventa-de-viviendas\/la-vivienda-vacacional-en-costa-resiste-y-mantiene-compraventas\/#primaryimage"},"image":{"@id":"https:\/\/www.aquimicasa.net\/blog\/vivienda\/compraventa-de-viviendas\/la-vivienda-vacacional-en-costa-resiste-y-mantiene-compraventas\/#primaryimage"},"thumbnailUrl":"https:\/\/www.aquimicasa.net\/blog\/wp-content\/uploads\/Vivienda-en-costa1.jpg","datePublished":"2021-08-10T09:06:51+00:00","description":"El mercado vacacional mantuvo en 2020 un nivel de actividad similar al del a\u00f1o anterior en casi el 50% de las ubicaciones","breadcrumb":{"@id":"https:\/\/www.aquimicasa.net\/blog\/vivienda\/compraventa-de-viviendas\/la-vivienda-vacacional-en-costa-resiste-y-mantiene-compraventas\/#breadcrumb"},"inLanguage":"es","potentialAction":[{"@type":"ReadAction","target":["https:\/\/www.aquimicasa.net\/blog\/vivienda\/compraventa-de-viviendas\/la-vivienda-vacacional-en-costa-resiste-y-mantiene-compraventas\/"]}]},{"@type":"ImageObject","inLanguage":"es","@id":"https:\/\/www.aquimicasa.net\/blog\/vivienda\/compraventa-de-viviendas\/la-vivienda-vacacional-en-costa-resiste-y-mantiene-compraventas\/#primaryimage","url":"https:\/\/www.aquimicasa.net\/blog\/wp-content\/uploads\/Vivienda-en-costa1.jpg","contentUrl":"https:\/\/www.aquimicasa.net\/blog\/wp-content\/uploads\/Vivienda-en-costa1.jpg","width":660,"height":330,"caption":"La vivienda vacacional en costa aguanta bien y sube operaciones"},{"@type":"BreadcrumbList","@id":"https:\/\/www.aquimicasa.net\/blog\/vivienda\/compraventa-de-viviendas\/la-vivienda-vacacional-en-costa-resiste-y-mantiene-compraventas\/#breadcrumb","itemListElement":[{"@type":"ListItem","position":1,"name":"Portada","item":"https:\/\/www.aquimicasa.net\/blog\/"},{"@type":"ListItem","position":2,"name":"La vivienda vacacional en costa resiste y mantiene compraventas"}]},{"@type":"WebSite","@id":"https:\/\/www.aquimicasa.net\/blog\/#website","url":"https:\/\/www.aquimicasa.net\/blog\/","name":"Blog de aquimicasa.net","description":"Noticias del Mundo Inmobiliario","publisher":{"@id":"https:\/\/www.aquimicasa.net\/blog\/#organization"},"potentialAction":[{"@type":"SearchAction","target":{"@type":"EntryPoint","urlTemplate":"https:\/\/www.aquimicasa.net\/blog\/?s={search_term_string}"},"query-input":{"@type":"PropertyValueSpecification","valueRequired":true,"valueName":"search_term_string"}}],"inLanguage":"es"},{"@type":"Organization","@id":"https:\/\/www.aquimicasa.net\/blog\/#organization","name":"Blog de aquimicasa.net","url":"https:\/\/www.aquimicasa.net\/blog\/","logo":{"@type":"ImageObject","inLanguage":"es","@id":"https:\/\/www.aquimicasa.net\/blog\/#\/schema\/logo\/image\/","url":"https:\/\/www.aquimicasa.net\/blog\/wp-content\/uploads\/Logo-aquimicasa-1-e1528048213782.png","contentUrl":"https:\/\/www.aquimicasa.net\/blog\/wp-content\/uploads\/Logo-aquimicasa-1-e1528048213782.png","width":225,"height":225,"caption":"Blog de aquimicasa.net"},"image":{"@id":"https:\/\/www.aquimicasa.net\/blog\/#\/schema\/logo\/image\/"},"sameAs":["https:\/\/www.facebook.com\/aquimicasa.net","https:\/\/www.instagram.com\/","https:\/\/x.com\/EduLizarragaD","https:\/\/www.linkedin.com\/feed\/"]},{"@type":"Person","@id":"https:\/\/www.aquimicasa.net\/blog\/#\/schema\/person\/2cdfa2605534583395c8d7ce1d6cac14","name":"Eduardo Lizarraga","image":{"@type":"ImageObject","inLanguage":"es","@id":"https:\/\/secure.gravatar.com\/avatar\/bdabe1eeeed97b65a9cb7de2edd624b07995f7e13abc5fead15961f745f908cc?s=96&d=mm&r=g","url":"https:\/\/secure.gravatar.com\/avatar\/bdabe1eeeed97b65a9cb7de2edd624b07995f7e13abc5fead15961f745f908cc?s=96&d=mm&r=g","contentUrl":"https:\/\/secure.gravatar.com\/avatar\/bdabe1eeeed97b65a9cb7de2edd624b07995f7e13abc5fead15961f745f908cc?s=96&d=mm&r=g","caption":"Eduardo Lizarraga"},"description":"Periodista Econ\u00f3mico. Ha trabajado en diversos campos de la informaci\u00f3n. Corresponsal en conflictos, analista pol\u00edtico en Congreso y Senado, periodista del medio ambiente, editor, director editorial, director de comunicaci\u00f3n.... En estos momentos se ha especializado en el sector inmobiliario. Pero tambi\u00e9n es navegante y viajero, preocupado por la pobreza, el medio ambiente y por las actuaciones descontroladas del neoliberalismo empresarial y pol\u00edtico en todo el mundo. Los desahucios, la pobreza infantil y la falta de acceso a los suministros b\u00e1sicos son algunos de los grandes dramas de nuestra sociedad y que es preciso solucionar para hacerla m\u00e1s justa. CEO en www.aquimicasa.net","sameAs":["https:\/\/www.aquimicasa.net\/"],"url":"https:\/\/www.aquimicasa.net\/blog\/author\/eduardo\/"}]}},"jetpack_publicize_connections":[],"jetpack_featured_media_url":"https:\/\/www.aquimicasa.net\/blog\/wp-content\/uploads\/Vivienda-en-costa1.jpg","jetpack_sharing_enabled":true,"jetpack_likes_enabled":true,"_links":{"self":[{"href":"https:\/\/www.aquimicasa.net\/blog\/wp-json\/wp\/v2\/posts\/38165","targetHints":{"allow":["GET"]}}],"collection":[{"href":"https:\/\/www.aquimicasa.net\/blog\/wp-json\/wp\/v2\/posts"}],"about":[{"href":"https:\/\/www.aquimicasa.net\/blog\/wp-json\/wp\/v2\/types\/post"}],"author":[{"embeddable":true,"href":"https:\/\/www.aquimicasa.net\/blog\/wp-json\/wp\/v2\/users\/3"}],"replies":[{"embeddable":true,"href":"https:\/\/www.aquimicasa.net\/blog\/wp-json\/wp\/v2\/comments?post=38165"}],"version-history":[{"count":2,"href":"https:\/\/www.aquimicasa.net\/blog\/wp-json\/wp\/v2\/posts\/38165\/revisions"}],"predecessor-version":[{"id":38170,"href":"https:\/\/www.aquimicasa.net\/blog\/wp-json\/wp\/v2\/posts\/38165\/revisions\/38170"}],"wp:featuredmedia":[{"embeddable":true,"href":"https:\/\/www.aquimicasa.net\/blog\/wp-json\/wp\/v2\/media\/38169"}],"wp:attachment":[{"href":"https:\/\/www.aquimicasa.net\/blog\/wp-json\/wp\/v2\/media?parent=38165"}],"wp:term":[{"taxonomy":"category","embeddable":true,"href":"https:\/\/www.aquimicasa.net\/blog\/wp-json\/wp\/v2\/categories?post=38165"},{"taxonomy":"post_tag","embeddable":true,"href":"https:\/\/www.aquimicasa.net\/blog\/wp-json\/wp\/v2\/tags?post=38165"}],"curies":[{"name":"wp","href":"https:\/\/api.w.org\/{rel}","templated":true}]}}