{"id":38315,"date":"2021-09-01T15:30:33","date_gmt":"2021-09-01T13:30:33","guid":{"rendered":"https:\/\/www.aquimicasa.net\/blog\/?p=38315"},"modified":"2021-09-06T22:42:03","modified_gmt":"2021-09-06T20:42:03","slug":"jajajaja-y-ahora-regalamos-mas-de-1-400-millones-a-las-electricas","status":"publish","type":"post","link":"https:\/\/www.aquimicasa.net\/blog\/energia\/electricas\/jajajaja-y-ahora-regalamos-mas-de-1-400-millones-a-las-electricas\/","title":{"rendered":"Jajajaja, y ahora regalamos m\u00e1s de 1.400 millones a las el\u00e9ctricas"},"content":{"rendered":"<div class=\"fusion-fullwidth fullwidth-box fusion-builder-row-1 fusion-flex-container nonhundred-percent-fullwidth non-hundred-percent-height-scrolling\" style=\"background-color: rgba(255,255,255,0);background-position: center center;background-repeat: no-repeat;border-width: 0px 0px 0px 0px;border-color:#eae9e9;border-style:solid;\" ><div class=\"fusion-builder-row fusion-row fusion-flex-align-items-flex-start\" style=\"max-width:1144px;margin-left: calc(-4% \/ 2 );margin-right: calc(-4% \/ 2 );\"><div class=\"fusion-layout-column fusion_builder_column fusion-builder-column-0 fusion_builder_column_1_1 1_1 fusion-flex-column\"><div class=\"fusion-column-wrapper fusion-flex-justify-content-flex-start fusion-content-layout-column\" style=\"background-position:left top;background-repeat:no-repeat;-webkit-background-size:cover;-moz-background-size:cover;-o-background-size:cover;background-size:cover;padding: 0px 0px 0px 0px;\"><div class=\"fusion-text fusion-text-1\"><p>Llevamos casi tres meses escandaliz\u00e1ndonos de las sucesivas subidas de la factura de la luz y tambi\u00e9n de los obscenos beneficios de las compa\u00f1\u00edas el\u00e9ctricas; hoy mismo el precio ha vuelto a marcar un r\u00e9cord estratosf\u00e9rico y van&#8230; Est\u00e1 claro que S\u00e1nchez Gal\u00e1n se equivoc\u00f3 al se\u00f1alar en 2.800 millones los beneficios de Iberdrola para este a\u00f1o&#8230; van a ser muchos m\u00e1s; igual que su sueldo. Y mientras tanto todos seguiremos sufriendo al ver el importe de la factura el\u00e9ctrica que nos llega a principios de mes a nuestras casas. Se va pasando el verano y hemos cambiado el aire acondicionado por la mesa al fresco y el abanico; ahora llega el invierno y cambiaremos la calefacci\u00f3n por la manta zamorana y el brasero de las emanaciones venenosas. Mientras tanto el Gobierno del PSOE\u00a0 no hace nada y el del PP de las \u00e9pocas de Rajoy, con Soria en el Ministerio, se equivoc\u00f3 y ahora hay que devolver un dinerito a las el\u00e9ctricas y con intereses. Jajaja si es que <strong>al perro flaco todo se le vuelven pulgas<\/strong>.<\/p>\n<p>El Tesoro P\u00fablico va a tener que devolver m\u00e1s de 1.400 millones de euros a las compa\u00f1\u00edas el\u00e9ctricas por un decreto aprobado por el Gobierno del PP en 2015 que ha anulado recientemente el Tribunal Supremo. El Alto Tribunal ha tumbado el denominado <em>\u00abcanon hidr\u00e1ulico\u00bb<\/em>\u00a0que el Ejecutivo de\u00a0<strong>Mariano Rajoy<\/strong>, con\u00a0<strong>Jos\u00e9 Manuel Soria<\/strong>\u00a0como ministro de Industria, implant\u00f3 para gravar el uso de aguas para la producci\u00f3n de energ\u00eda el\u00e9ctrica y atajar (seg\u00fan anunci\u00f3 en su momento) el llamado d\u00e9ficit de tarifa, la diferencia entre los ingresos y los costes regulados del sistema el\u00e9ctrico.<\/p>\n<p>Seg\u00fan ha informado\u00a0<em><a href=\"https:\/\/www.eldiario.es\/economia\/debera-devolver-1-400-millones-electricas-decreto-pp-anulado-supremo_1_8260825.html\" target=\"_blank\" rel=\"nofollow noopener\">elDiario.es<\/a><\/em>, la <strong>cifra de 1.400 millones<\/strong>, que pr\u00e1cticamente triplica las previsiones iniciales, es una estimaci\u00f3n provisional, tal y como han indicado fuentes del Ministerio para la Transici\u00f3n Ecol\u00f3gica. Esa millonaria devoluci\u00f3n para las el\u00e9ctricas tiene su origen en una sentencia del pasado 15 de abril, cuando la Sala Tercera de lo Contencioso-Administrativo del Supremo estim\u00f3 en parte el recurso presentado por la patronal de la industria el\u00e9ctrica Unesa contra el Real Decreto 198\/2015, de 23 de marzo, por el que se desarrolla el art\u00edculo 112 bis del texto refundido de la Ley de Aguas y <strong>se regul\u00f3 el canon por utilizaci\u00f3n de las aguas continentales<\/strong> para la producci\u00f3n de energ\u00eda el\u00e9ctrica en las demarcaciones intercomunitarias.<\/p>\n<p>Esta sentencia dict\u00f3 la nulidad de la disposici\u00f3n transitoria segunda del citado decreto de 2015, que establec\u00eda el car\u00e1cter retroactivo de los pagos de los ejercicios 2013 y 2014. Cuando trascendi\u00f3 la resoluci\u00f3n, se interpret\u00f3 que la devoluci\u00f3n se limitar\u00eda a esos dos ejercicios, lo que supondr\u00eda reintegrar a las el\u00e9ctricas unos 500 millones de euros. Pero en realidad la cifra a devolver es muy superior y las empresas van a recuperar todo lo recaudado hasta ahora fundamentalmente a Iberdrola (l\u00edder destacado en la hidroel\u00e9ctrica nacional), Endesa, Naturgy y Acciona. Esos fondos no van a parar al sistema el\u00e9ctrico, sino al <strong>Tesoro P\u00fablico<\/strong>, que ahora deber\u00e1 articular la correspondiente partida presupuestaria para <strong>devolv\u00e9rselo<\/strong> a las empresas, explican fuentes del Ministerio.<\/p>\n<p>La sentencia del Supremo que estim\u00f3 en parte del recurso de Unesa no solo tumb\u00f3 la retroactividad del canon para los ejercicios 2013 y 2014. Tambi\u00e9n la disposici\u00f3n adicional primera del decreto, relativa a la \u00ab<strong>revisi\u00f3n de concesiones<\/strong>\u00ab, que seg\u00fan argumentaban las el\u00e9ctricas en su demanda, implicaba\u00a0<em>\u00abuna infracci\u00f3n del principio de jerarqu\u00eda normativa por extralimitaci\u00f3n reglamentaria\u00bb<\/em>, seg\u00fan se lee en la sentencia.<\/p>\n<p>Esa revisi\u00f3n se dejaba al albur de lo fijado en la Ley 15\/2012, de 27 de diciembre, de <strong>medidas fiscales para la sostenibilidad energ\u00e9tica<\/strong>, tambi\u00e9n aprobada por el Gobierno de\u00a0<strong>Rajoy<\/strong>, y que establec\u00eda que las concesiones\u00a0<em>\u00abdeber\u00e1n ser adaptadas a la nueva regulaci\u00f3n\u00bb<\/em>\u00a0de conformidad con la Ley de Aguas y con el Reglamento de Dominio P\u00fablico Hidr\u00e1ulico.<\/p>\n<p><strong>Visto bueno del titular<\/strong><\/p>\n<p>El problema, explican fuentes del sector, es que este \u00faltimo reglamento dice en su art\u00edculo 116 que una concesi\u00f3n solo puede modificarse\u00a0<em>\u00ab<strong>si el peticionario aceptase las condiciones propuestas<\/strong>\u00ab<\/em>. Es decir, el concesionario tiene que dar su visto bueno al cambio y la Administraci\u00f3n, de oficio, no puede revisar la concesi\u00f3n si el concesionario no lo acepta. Pero las Confederaciones Hidrogr\u00e1ficas no han revisado las concesiones y se han limitado a cobrar el canon que ahora ha anulado el Supremo. Del total ingresado, el 98% va a parar al Tesoro P\u00fablico y el restante 2%, a los propios organismos de Cuenca.<\/p>\n<p>A esos 1.400 millones, que corresponden al periodo 2013-2020, habr\u00eda que <strong>sumar los correspondientes intereses<\/strong> generados en este per\u00edodo de tiempo y, en su caso, lo cobrado este 2021. Adem\u00e1s, hay que tener en cuenta que los organismos de Cuenca ya se han gastado, como m\u00ednimo, ese 2%, en la propia gesti\u00f3n ordinaria del tributo\u00a0<em>\u00aby deben ser compensadas por ello\u00bb,<\/em>\u00a0apunta el Ministerio, que califica esta situaci\u00f3n de\u00a0<em>\u00ab<strong>legado envenenado<\/strong>\u00ab.<\/em><\/p>\n<p>Las confederaciones, reconoce Transici\u00f3n Ecol\u00f3gica,\u00a0<em>\u00abno han revisado las numerosas concesiones para aprovechamiento hidroel\u00e9ctrico que se han otorgado en las distintas cuencas por la dificultad de tramitar estos procedimientos, por la paradoja de que las condiciones de la concesi\u00f3n han de ser aceptadas por el concesionario, aceptaci\u00f3n que no parece propia de un tributo cuyo presupuesto es la realizaci\u00f3n del hecho imponible\u00bb.<\/em><\/p>\n<p>El canon est\u00e1 vinculado a la <strong>producci\u00f3n hidroel\u00e9ctrica de cada central<\/strong>. Esta fuente de generaci\u00f3n, que utiliza un bien p\u00fablico, est\u00e1 en el centro de la pol\u00e9mica por su papel en el mercado mayorista de electricidad (ha sido la gran dominadora en agosto, por ahora el mes m\u00e1s caro de la historia), aprovechando los altos precios del gas y del carbono, a los que no hace frente, aunque el Gobierno ha planteado recortar sus ingresos y los de las nucleares por el encarecimiento del CO2.<\/p>\n<p><strong>Advertencias de las confederaciones<\/strong><\/p>\n<p>Las propias confederaciones ya ven\u00edan advirtiendo en las cuentas anuales que pr\u00f3ximamente se publicar\u00e1n en el BOE de que van a tener que devolver ese dinero. As\u00ed lo reconoce la del Duero, la que m\u00e1s recauda por ese canon. En sus \u00faltimas cuentas se\u00f1ala que\u00a0<em>\u00abpresumiblemente se ha de devolver el importe de lo ingresado\u00bb\u00a0<\/em>en el periodo 2013-2020, que cifra en m\u00e1s de 485 millones.<\/p>\n<p>Otro tanto apunta la del Mi\u00f1o-Sil (CHMS):<em>\u00a0\u00abPodr\u00eda llegar acordarse la devoluci\u00f3n de los ingresos percibidos entre los a\u00f1os 2015 y 2020 en concepto de canon por la utilizaci\u00f3n de las aguas continentales para la producci\u00f3n de energ\u00eda el\u00e9ctrica\u00bb, advierte. \u00abSe podr\u00eda acordar que la devoluci\u00f3n de la totalidad de los ingresos se realizase por la CHMS, previa transferencia de los fondos ingresados en el Tesoro. Por ello, nos encontramos ante un pasivo contingente equivalente a la cantidad ingresada en el Tesoro (362.069.793,05 \u20ac), y un activo contingente por id\u00e9ntico importe\u00bb, a\u00f1ade la entidad, que indica que \u00aben el ejercicio 2021 los ingresos por este canon ascienden a 47.399.925,59 euros\u00bb.<\/em><\/p>\n<p>Algunas el\u00e9ctricas ya han reclamado <strong>que se les devuelva parte del dinero<\/strong>. Es el caso de Endesa, que el pasado 21 de mayo<em>\u00a0\u00abha solicitado la devoluci\u00f3n las liquidaciones de los ejercicios 2013 y 2014, correspondientes al canon por la utilizaci\u00f3n de las aguas continentales para la producci\u00f3n de energ\u00eda el\u00e9ctrica, ascendiendo su importe a 3.355.839,79\u20ac\u00bb,\u00a0<\/em>explica la Confederaci\u00f3n del Guadiana en sus cuentas de 2020.<\/p>\n<p>Las el\u00e9ctricas trataron de tumbar el canon en el Tribunal de Justicia de la UE, que aval\u00f3 su naturaleza de impuesto medioambiental. Pero el tribunal europeo no entr\u00f3 en si contraven\u00eda o no otra normativa espa\u00f1ola. Ahora resulta que <strong>no se pod\u00eda aplicar si las compa\u00f1\u00edas el\u00e9ctricas no se aven\u00edan a aceptar el cambio en las concesiones<\/strong>. As\u00ed lo ha determinado el Supremo al estimar el recurso de Unesa. La patronal, rebautizada hace unos a\u00f1os como Aelec, tiene como secretario general a Pascual Sala Atienza, hijo del jurista<strong>\u00a0Pascual Sala S\u00e1nchez<\/strong>, ex presidente del Tribunal Supremo, del Consejo General del Poder Judicial y del Tribunal Constitucional.<\/p>\n<\/div><\/div><style type=\"text\/css\">.fusion-body .fusion-builder-column-0{width:100% !important;margin-top : 0px;margin-bottom : 0px;}.fusion-builder-column-0 > .fusion-column-wrapper {padding-top : 0px !important;padding-right : 0px !important;margin-right : 1.92%;padding-bottom : 0px !important;padding-left : 0px !important;margin-left : 1.92%;}@media only screen and (max-width:1024px) {.fusion-body .fusion-builder-column-0{width:100% !important;}.fusion-builder-column-0 > .fusion-column-wrapper {margin-right : 1.92%;margin-left : 1.92%;}}@media only screen and (max-width:640px) {.fusion-body .fusion-builder-column-0{width:100% !important;}.fusion-builder-column-0 > .fusion-column-wrapper {margin-right : 1.92%;margin-left : 1.92%;}}<\/style><\/div><\/div><style type=\"text\/css\">.fusion-body .fusion-flex-container.fusion-builder-row-1{ padding-top : 0px;margin-top : 0px;padding-right : 0px;padding-bottom : 0px;margin-bottom : 0px;padding-left : 0px;}<\/style><\/div>\n","protected":false},"excerpt":{"rendered":"<p>A esos 1.400 millones, que corresponden al periodo 2013-2020, habr\u00eda que sumar los correspondientes intereses generados en este per\u00edodo de tiempo y, en su caso, lo cobrado este 2021. Adem\u00e1s, hay que tener en cuenta que los organismos de Cuenca ya se han gastado, como m\u00ednimo, ese 2%, en la propia gesti\u00f3n ordinaria del tributo\u00a0\u00aby deben ser compensadas por ello\u00bb,\u00a0apunta el Ministerio, que califica esta situaci\u00f3n de\u00a0\u00ablegado envenenado\u00bb.<\/p>\n","protected":false},"author":3,"featured_media":38266,"comment_status":"closed","ping_status":"closed","sticky":false,"template":"","format":"standard","meta":{"_jetpack_memberships_contains_paid_content":false,"footnotes":"","jetpack_publicize_message":"","jetpack_publicize_feature_enabled":true,"jetpack_social_post_already_shared":true,"jetpack_social_options":{"image_generator_settings":{"template":"highway","default_image_id":0,"font":"","enabled":false},"version":2}},"categories":[639,7559],"tags":[7979],"class_list":["post-38315","post","type-post","status-publish","format-standard","has-post-thumbnail","hentry","category-electricas","category-tribunal-supremo","tag-newsletter-321"],"yoast_head":"<!-- This site is optimized with the Yoast SEO plugin v27.5 - https:\/\/yoast.com\/product\/yoast-seo-wordpress\/ -->\n<title>Jajajaja, y ahora regalamos m\u00e1s de 1.400 millones a las el\u00e9ctricas<\/title>\n<meta name=\"description\" content=\"El Tesoro P\u00fablico va a tener que devolver m\u00e1s de 1.400 millones de euros a las el\u00e9ctricas por un decreto aprobado por el Gobierno del PP\" \/>\n<meta name=\"robots\" content=\"index, follow, max-snippet:-1, max-image-preview:large, max-video-preview:-1\" \/>\n<link rel=\"canonical\" href=\"https:\/\/www.aquimicasa.net\/blog\/energia\/electricas\/jajajaja-y-ahora-regalamos-mas-de-1-400-millones-a-las-electricas\/\" \/>\n<meta property=\"og:locale\" content=\"es_ES\" \/>\n<meta property=\"og:type\" content=\"article\" \/>\n<meta property=\"og:title\" content=\"Jajajaja, y ahora regalamos m\u00e1s de 1.400 millones a las el\u00e9ctricas\" \/>\n<meta property=\"og:description\" content=\"El Tesoro P\u00fablico va a tener que devolver m\u00e1s de 1.400 millones de euros a las el\u00e9ctricas por un decreto aprobado por el Gobierno del PP\" \/>\n<meta property=\"og:url\" content=\"https:\/\/www.aquimicasa.net\/blog\/energia\/electricas\/jajajaja-y-ahora-regalamos-mas-de-1-400-millones-a-las-electricas\/\" \/>\n<meta property=\"og:site_name\" content=\"Blog de aquimicasa.net\" \/>\n<meta property=\"article:publisher\" content=\"https:\/\/www.facebook.com\/aquimicasa.net\" \/>\n<meta property=\"article:published_time\" content=\"2021-09-01T13:30:33+00:00\" \/>\n<meta property=\"article:modified_time\" content=\"2021-09-06T20:42:03+00:00\" \/>\n<meta property=\"og:image\" content=\"https:\/\/www.aquimicasa.net\/blog\/wp-content\/uploads\/Embalses2-e1629586368346.jpg\" \/>\n\t<meta property=\"og:image:width\" content=\"400\" \/>\n\t<meta property=\"og:image:height\" content=\"267\" \/>\n\t<meta property=\"og:image:type\" content=\"image\/jpeg\" \/>\n<meta name=\"author\" content=\"Eduardo Lizarraga\" \/>\n<meta name=\"twitter:label1\" content=\"Escrito por\" \/>\n\t<meta name=\"twitter:data1\" content=\"Eduardo Lizarraga\" \/>\n\t<meta name=\"twitter:label2\" content=\"Tiempo de lectura\" \/>\n\t<meta name=\"twitter:data2\" content=\"6 minutos\" \/>\n<script type=\"application\/ld+json\" class=\"yoast-schema-graph\">{\"@context\":\"https:\\\/\\\/schema.org\",\"@graph\":[{\"@type\":\"Article\",\"@id\":\"https:\\\/\\\/www.aquimicasa.net\\\/blog\\\/energia\\\/electricas\\\/jajajaja-y-ahora-regalamos-mas-de-1-400-millones-a-las-electricas\\\/#article\",\"isPartOf\":{\"@id\":\"https:\\\/\\\/www.aquimicasa.net\\\/blog\\\/energia\\\/electricas\\\/jajajaja-y-ahora-regalamos-mas-de-1-400-millones-a-las-electricas\\\/\"},\"author\":{\"name\":\"Eduardo Lizarraga\",\"@id\":\"https:\\\/\\\/www.aquimicasa.net\\\/blog\\\/#\\\/schema\\\/person\\\/2cdfa2605534583395c8d7ce1d6cac14\"},\"headline\":\"Jajajaja, y ahora regalamos m\u00e1s de 1.400 millones a las el\u00e9ctricas\",\"datePublished\":\"2021-09-01T13:30:33+00:00\",\"dateModified\":\"2021-09-06T20:42:03+00:00\",\"mainEntityOfPage\":{\"@id\":\"https:\\\/\\\/www.aquimicasa.net\\\/blog\\\/energia\\\/electricas\\\/jajajaja-y-ahora-regalamos-mas-de-1-400-millones-a-las-electricas\\\/\"},\"wordCount\":1653,\"publisher\":{\"@id\":\"https:\\\/\\\/www.aquimicasa.net\\\/blog\\\/#organization\"},\"image\":{\"@id\":\"https:\\\/\\\/www.aquimicasa.net\\\/blog\\\/energia\\\/electricas\\\/jajajaja-y-ahora-regalamos-mas-de-1-400-millones-a-las-electricas\\\/#primaryimage\"},\"thumbnailUrl\":\"https:\\\/\\\/www.aquimicasa.net\\\/blog\\\/wp-content\\\/uploads\\\/Embalses2-e1629586368346.jpg\",\"keywords\":[\"newsletter 321\"],\"articleSection\":[\"El\u00e9ctricas\",\"Tribunal Supremo\"],\"inLanguage\":\"es\"},{\"@type\":\"WebPage\",\"@id\":\"https:\\\/\\\/www.aquimicasa.net\\\/blog\\\/energia\\\/electricas\\\/jajajaja-y-ahora-regalamos-mas-de-1-400-millones-a-las-electricas\\\/\",\"url\":\"https:\\\/\\\/www.aquimicasa.net\\\/blog\\\/energia\\\/electricas\\\/jajajaja-y-ahora-regalamos-mas-de-1-400-millones-a-las-electricas\\\/\",\"name\":\"Jajajaja, y ahora regalamos m\u00e1s de 1.400 millones a las el\u00e9ctricas\",\"isPartOf\":{\"@id\":\"https:\\\/\\\/www.aquimicasa.net\\\/blog\\\/#website\"},\"primaryImageOfPage\":{\"@id\":\"https:\\\/\\\/www.aquimicasa.net\\\/blog\\\/energia\\\/electricas\\\/jajajaja-y-ahora-regalamos-mas-de-1-400-millones-a-las-electricas\\\/#primaryimage\"},\"image\":{\"@id\":\"https:\\\/\\\/www.aquimicasa.net\\\/blog\\\/energia\\\/electricas\\\/jajajaja-y-ahora-regalamos-mas-de-1-400-millones-a-las-electricas\\\/#primaryimage\"},\"thumbnailUrl\":\"https:\\\/\\\/www.aquimicasa.net\\\/blog\\\/wp-content\\\/uploads\\\/Embalses2-e1629586368346.jpg\",\"datePublished\":\"2021-09-01T13:30:33+00:00\",\"dateModified\":\"2021-09-06T20:42:03+00:00\",\"description\":\"El Tesoro P\u00fablico va a tener que devolver m\u00e1s de 1.400 millones de euros a las el\u00e9ctricas por un decreto aprobado por el Gobierno del PP\",\"breadcrumb\":{\"@id\":\"https:\\\/\\\/www.aquimicasa.net\\\/blog\\\/energia\\\/electricas\\\/jajajaja-y-ahora-regalamos-mas-de-1-400-millones-a-las-electricas\\\/#breadcrumb\"},\"inLanguage\":\"es\",\"potentialAction\":[{\"@type\":\"ReadAction\",\"target\":[\"https:\\\/\\\/www.aquimicasa.net\\\/blog\\\/energia\\\/electricas\\\/jajajaja-y-ahora-regalamos-mas-de-1-400-millones-a-las-electricas\\\/\"]}]},{\"@type\":\"ImageObject\",\"inLanguage\":\"es\",\"@id\":\"https:\\\/\\\/www.aquimicasa.net\\\/blog\\\/energia\\\/electricas\\\/jajajaja-y-ahora-regalamos-mas-de-1-400-millones-a-las-electricas\\\/#primaryimage\",\"url\":\"https:\\\/\\\/www.aquimicasa.net\\\/blog\\\/wp-content\\\/uploads\\\/Embalses2-e1629586368346.jpg\",\"contentUrl\":\"https:\\\/\\\/www.aquimicasa.net\\\/blog\\\/wp-content\\\/uploads\\\/Embalses2-e1629586368346.jpg\",\"width\":400,\"height\":267,\"caption\":\"Energ\u00eda hidroel\u00e9ctrica\"},{\"@type\":\"BreadcrumbList\",\"@id\":\"https:\\\/\\\/www.aquimicasa.net\\\/blog\\\/energia\\\/electricas\\\/jajajaja-y-ahora-regalamos-mas-de-1-400-millones-a-las-electricas\\\/#breadcrumb\",\"itemListElement\":[{\"@type\":\"ListItem\",\"position\":1,\"name\":\"Portada\",\"item\":\"https:\\\/\\\/www.aquimicasa.net\\\/blog\\\/\"},{\"@type\":\"ListItem\",\"position\":2,\"name\":\"Jajajaja, y ahora regalamos m\u00e1s de 1.400 millones a las el\u00e9ctricas\"}]},{\"@type\":\"WebSite\",\"@id\":\"https:\\\/\\\/www.aquimicasa.net\\\/blog\\\/#website\",\"url\":\"https:\\\/\\\/www.aquimicasa.net\\\/blog\\\/\",\"name\":\"Blog de aquimicasa.net\",\"description\":\"Noticias del Mundo Inmobiliario\",\"publisher\":{\"@id\":\"https:\\\/\\\/www.aquimicasa.net\\\/blog\\\/#organization\"},\"potentialAction\":[{\"@type\":\"SearchAction\",\"target\":{\"@type\":\"EntryPoint\",\"urlTemplate\":\"https:\\\/\\\/www.aquimicasa.net\\\/blog\\\/?s={search_term_string}\"},\"query-input\":{\"@type\":\"PropertyValueSpecification\",\"valueRequired\":true,\"valueName\":\"search_term_string\"}}],\"inLanguage\":\"es\"},{\"@type\":\"Organization\",\"@id\":\"https:\\\/\\\/www.aquimicasa.net\\\/blog\\\/#organization\",\"name\":\"Blog de aquimicasa.net\",\"url\":\"https:\\\/\\\/www.aquimicasa.net\\\/blog\\\/\",\"logo\":{\"@type\":\"ImageObject\",\"inLanguage\":\"es\",\"@id\":\"https:\\\/\\\/www.aquimicasa.net\\\/blog\\\/#\\\/schema\\\/logo\\\/image\\\/\",\"url\":\"https:\\\/\\\/www.aquimicasa.net\\\/blog\\\/wp-content\\\/uploads\\\/Logo-aquimicasa-1-e1528048213782.png\",\"contentUrl\":\"https:\\\/\\\/www.aquimicasa.net\\\/blog\\\/wp-content\\\/uploads\\\/Logo-aquimicasa-1-e1528048213782.png\",\"width\":225,\"height\":225,\"caption\":\"Blog de aquimicasa.net\"},\"image\":{\"@id\":\"https:\\\/\\\/www.aquimicasa.net\\\/blog\\\/#\\\/schema\\\/logo\\\/image\\\/\"},\"sameAs\":[\"https:\\\/\\\/www.facebook.com\\\/aquimicasa.net\",\"https:\\\/\\\/www.instagram.com\\\/\",\"https:\\\/\\\/x.com\\\/EduLizarragaD\",\"https:\\\/\\\/www.linkedin.com\\\/feed\\\/\"]},{\"@type\":\"Person\",\"@id\":\"https:\\\/\\\/www.aquimicasa.net\\\/blog\\\/#\\\/schema\\\/person\\\/2cdfa2605534583395c8d7ce1d6cac14\",\"name\":\"Eduardo Lizarraga\",\"image\":{\"@type\":\"ImageObject\",\"inLanguage\":\"es\",\"@id\":\"https:\\\/\\\/secure.gravatar.com\\\/avatar\\\/bdabe1eeeed97b65a9cb7de2edd624b07995f7e13abc5fead15961f745f908cc?s=96&d=mm&r=g\",\"url\":\"https:\\\/\\\/secure.gravatar.com\\\/avatar\\\/bdabe1eeeed97b65a9cb7de2edd624b07995f7e13abc5fead15961f745f908cc?s=96&d=mm&r=g\",\"contentUrl\":\"https:\\\/\\\/secure.gravatar.com\\\/avatar\\\/bdabe1eeeed97b65a9cb7de2edd624b07995f7e13abc5fead15961f745f908cc?s=96&d=mm&r=g\",\"caption\":\"Eduardo Lizarraga\"},\"description\":\"Periodista Econ\u00f3mico. Ha trabajado en diversos campos de la informaci\u00f3n. Corresponsal en conflictos, analista pol\u00edtico en Congreso y Senado, periodista del medio ambiente, editor, director editorial, director de comunicaci\u00f3n.... En estos momentos se ha especializado en el sector inmobiliario. Pero tambi\u00e9n es navegante y viajero, preocupado por la pobreza, el medio ambiente y por las actuaciones descontroladas del neoliberalismo empresarial y pol\u00edtico en todo el mundo. Los desahucios, la pobreza infantil y la falta de acceso a los suministros b\u00e1sicos son algunos de los grandes dramas de nuestra sociedad y que es preciso solucionar para hacerla m\u00e1s justa. CEO en www.aquimicasa.net\",\"sameAs\":[\"https:\\\/\\\/www.aquimicasa.net\\\/\"],\"url\":\"https:\\\/\\\/www.aquimicasa.net\\\/blog\\\/author\\\/eduardo\\\/\"}]}<\/script>\n<!-- \/ Yoast SEO plugin. -->","yoast_head_json":{"title":"Jajajaja, y ahora regalamos m\u00e1s de 1.400 millones a las el\u00e9ctricas","description":"El Tesoro P\u00fablico va a tener que devolver m\u00e1s de 1.400 millones de euros a las el\u00e9ctricas por un decreto aprobado por el Gobierno del PP","robots":{"index":"index","follow":"follow","max-snippet":"max-snippet:-1","max-image-preview":"max-image-preview:large","max-video-preview":"max-video-preview:-1"},"canonical":"https:\/\/www.aquimicasa.net\/blog\/energia\/electricas\/jajajaja-y-ahora-regalamos-mas-de-1-400-millones-a-las-electricas\/","og_locale":"es_ES","og_type":"article","og_title":"Jajajaja, y ahora regalamos m\u00e1s de 1.400 millones a las el\u00e9ctricas","og_description":"El Tesoro P\u00fablico va a tener que devolver m\u00e1s de 1.400 millones de euros a las el\u00e9ctricas por un decreto aprobado por el Gobierno del PP","og_url":"https:\/\/www.aquimicasa.net\/blog\/energia\/electricas\/jajajaja-y-ahora-regalamos-mas-de-1-400-millones-a-las-electricas\/","og_site_name":"Blog de aquimicasa.net","article_publisher":"https:\/\/www.facebook.com\/aquimicasa.net","article_published_time":"2021-09-01T13:30:33+00:00","article_modified_time":"2021-09-06T20:42:03+00:00","og_image":[{"width":400,"height":267,"url":"https:\/\/www.aquimicasa.net\/blog\/wp-content\/uploads\/Embalses2-e1629586368346.jpg","type":"image\/jpeg"}],"author":"Eduardo Lizarraga","twitter_misc":{"Escrito por":"Eduardo Lizarraga","Tiempo de lectura":"6 minutos"},"schema":{"@context":"https:\/\/schema.org","@graph":[{"@type":"Article","@id":"https:\/\/www.aquimicasa.net\/blog\/energia\/electricas\/jajajaja-y-ahora-regalamos-mas-de-1-400-millones-a-las-electricas\/#article","isPartOf":{"@id":"https:\/\/www.aquimicasa.net\/blog\/energia\/electricas\/jajajaja-y-ahora-regalamos-mas-de-1-400-millones-a-las-electricas\/"},"author":{"name":"Eduardo Lizarraga","@id":"https:\/\/www.aquimicasa.net\/blog\/#\/schema\/person\/2cdfa2605534583395c8d7ce1d6cac14"},"headline":"Jajajaja, y ahora regalamos m\u00e1s de 1.400 millones a las el\u00e9ctricas","datePublished":"2021-09-01T13:30:33+00:00","dateModified":"2021-09-06T20:42:03+00:00","mainEntityOfPage":{"@id":"https:\/\/www.aquimicasa.net\/blog\/energia\/electricas\/jajajaja-y-ahora-regalamos-mas-de-1-400-millones-a-las-electricas\/"},"wordCount":1653,"publisher":{"@id":"https:\/\/www.aquimicasa.net\/blog\/#organization"},"image":{"@id":"https:\/\/www.aquimicasa.net\/blog\/energia\/electricas\/jajajaja-y-ahora-regalamos-mas-de-1-400-millones-a-las-electricas\/#primaryimage"},"thumbnailUrl":"https:\/\/www.aquimicasa.net\/blog\/wp-content\/uploads\/Embalses2-e1629586368346.jpg","keywords":["newsletter 321"],"articleSection":["El\u00e9ctricas","Tribunal Supremo"],"inLanguage":"es"},{"@type":"WebPage","@id":"https:\/\/www.aquimicasa.net\/blog\/energia\/electricas\/jajajaja-y-ahora-regalamos-mas-de-1-400-millones-a-las-electricas\/","url":"https:\/\/www.aquimicasa.net\/blog\/energia\/electricas\/jajajaja-y-ahora-regalamos-mas-de-1-400-millones-a-las-electricas\/","name":"Jajajaja, y ahora regalamos m\u00e1s de 1.400 millones a las el\u00e9ctricas","isPartOf":{"@id":"https:\/\/www.aquimicasa.net\/blog\/#website"},"primaryImageOfPage":{"@id":"https:\/\/www.aquimicasa.net\/blog\/energia\/electricas\/jajajaja-y-ahora-regalamos-mas-de-1-400-millones-a-las-electricas\/#primaryimage"},"image":{"@id":"https:\/\/www.aquimicasa.net\/blog\/energia\/electricas\/jajajaja-y-ahora-regalamos-mas-de-1-400-millones-a-las-electricas\/#primaryimage"},"thumbnailUrl":"https:\/\/www.aquimicasa.net\/blog\/wp-content\/uploads\/Embalses2-e1629586368346.jpg","datePublished":"2021-09-01T13:30:33+00:00","dateModified":"2021-09-06T20:42:03+00:00","description":"El Tesoro P\u00fablico va a tener que devolver m\u00e1s de 1.400 millones de euros a las el\u00e9ctricas por un decreto aprobado por el Gobierno del PP","breadcrumb":{"@id":"https:\/\/www.aquimicasa.net\/blog\/energia\/electricas\/jajajaja-y-ahora-regalamos-mas-de-1-400-millones-a-las-electricas\/#breadcrumb"},"inLanguage":"es","potentialAction":[{"@type":"ReadAction","target":["https:\/\/www.aquimicasa.net\/blog\/energia\/electricas\/jajajaja-y-ahora-regalamos-mas-de-1-400-millones-a-las-electricas\/"]}]},{"@type":"ImageObject","inLanguage":"es","@id":"https:\/\/www.aquimicasa.net\/blog\/energia\/electricas\/jajajaja-y-ahora-regalamos-mas-de-1-400-millones-a-las-electricas\/#primaryimage","url":"https:\/\/www.aquimicasa.net\/blog\/wp-content\/uploads\/Embalses2-e1629586368346.jpg","contentUrl":"https:\/\/www.aquimicasa.net\/blog\/wp-content\/uploads\/Embalses2-e1629586368346.jpg","width":400,"height":267,"caption":"Energ\u00eda hidroel\u00e9ctrica"},{"@type":"BreadcrumbList","@id":"https:\/\/www.aquimicasa.net\/blog\/energia\/electricas\/jajajaja-y-ahora-regalamos-mas-de-1-400-millones-a-las-electricas\/#breadcrumb","itemListElement":[{"@type":"ListItem","position":1,"name":"Portada","item":"https:\/\/www.aquimicasa.net\/blog\/"},{"@type":"ListItem","position":2,"name":"Jajajaja, y ahora regalamos m\u00e1s de 1.400 millones a las el\u00e9ctricas"}]},{"@type":"WebSite","@id":"https:\/\/www.aquimicasa.net\/blog\/#website","url":"https:\/\/www.aquimicasa.net\/blog\/","name":"Blog de aquimicasa.net","description":"Noticias del Mundo Inmobiliario","publisher":{"@id":"https:\/\/www.aquimicasa.net\/blog\/#organization"},"potentialAction":[{"@type":"SearchAction","target":{"@type":"EntryPoint","urlTemplate":"https:\/\/www.aquimicasa.net\/blog\/?s={search_term_string}"},"query-input":{"@type":"PropertyValueSpecification","valueRequired":true,"valueName":"search_term_string"}}],"inLanguage":"es"},{"@type":"Organization","@id":"https:\/\/www.aquimicasa.net\/blog\/#organization","name":"Blog de aquimicasa.net","url":"https:\/\/www.aquimicasa.net\/blog\/","logo":{"@type":"ImageObject","inLanguage":"es","@id":"https:\/\/www.aquimicasa.net\/blog\/#\/schema\/logo\/image\/","url":"https:\/\/www.aquimicasa.net\/blog\/wp-content\/uploads\/Logo-aquimicasa-1-e1528048213782.png","contentUrl":"https:\/\/www.aquimicasa.net\/blog\/wp-content\/uploads\/Logo-aquimicasa-1-e1528048213782.png","width":225,"height":225,"caption":"Blog de aquimicasa.net"},"image":{"@id":"https:\/\/www.aquimicasa.net\/blog\/#\/schema\/logo\/image\/"},"sameAs":["https:\/\/www.facebook.com\/aquimicasa.net","https:\/\/www.instagram.com\/","https:\/\/x.com\/EduLizarragaD","https:\/\/www.linkedin.com\/feed\/"]},{"@type":"Person","@id":"https:\/\/www.aquimicasa.net\/blog\/#\/schema\/person\/2cdfa2605534583395c8d7ce1d6cac14","name":"Eduardo Lizarraga","image":{"@type":"ImageObject","inLanguage":"es","@id":"https:\/\/secure.gravatar.com\/avatar\/bdabe1eeeed97b65a9cb7de2edd624b07995f7e13abc5fead15961f745f908cc?s=96&d=mm&r=g","url":"https:\/\/secure.gravatar.com\/avatar\/bdabe1eeeed97b65a9cb7de2edd624b07995f7e13abc5fead15961f745f908cc?s=96&d=mm&r=g","contentUrl":"https:\/\/secure.gravatar.com\/avatar\/bdabe1eeeed97b65a9cb7de2edd624b07995f7e13abc5fead15961f745f908cc?s=96&d=mm&r=g","caption":"Eduardo Lizarraga"},"description":"Periodista Econ\u00f3mico. Ha trabajado en diversos campos de la informaci\u00f3n. Corresponsal en conflictos, analista pol\u00edtico en Congreso y Senado, periodista del medio ambiente, editor, director editorial, director de comunicaci\u00f3n.... En estos momentos se ha especializado en el sector inmobiliario. Pero tambi\u00e9n es navegante y viajero, preocupado por la pobreza, el medio ambiente y por las actuaciones descontroladas del neoliberalismo empresarial y pol\u00edtico en todo el mundo. Los desahucios, la pobreza infantil y la falta de acceso a los suministros b\u00e1sicos son algunos de los grandes dramas de nuestra sociedad y que es preciso solucionar para hacerla m\u00e1s justa. CEO en www.aquimicasa.net","sameAs":["https:\/\/www.aquimicasa.net\/"],"url":"https:\/\/www.aquimicasa.net\/blog\/author\/eduardo\/"}]}},"jetpack_publicize_connections":[],"jetpack_featured_media_url":"https:\/\/www.aquimicasa.net\/blog\/wp-content\/uploads\/Embalses2-e1629586368346.jpg","jetpack_sharing_enabled":true,"jetpack_likes_enabled":true,"_links":{"self":[{"href":"https:\/\/www.aquimicasa.net\/blog\/wp-json\/wp\/v2\/posts\/38315","targetHints":{"allow":["GET"]}}],"collection":[{"href":"https:\/\/www.aquimicasa.net\/blog\/wp-json\/wp\/v2\/posts"}],"about":[{"href":"https:\/\/www.aquimicasa.net\/blog\/wp-json\/wp\/v2\/types\/post"}],"author":[{"embeddable":true,"href":"https:\/\/www.aquimicasa.net\/blog\/wp-json\/wp\/v2\/users\/3"}],"replies":[{"embeddable":true,"href":"https:\/\/www.aquimicasa.net\/blog\/wp-json\/wp\/v2\/comments?post=38315"}],"version-history":[{"count":4,"href":"https:\/\/www.aquimicasa.net\/blog\/wp-json\/wp\/v2\/posts\/38315\/revisions"}],"predecessor-version":[{"id":38319,"href":"https:\/\/www.aquimicasa.net\/blog\/wp-json\/wp\/v2\/posts\/38315\/revisions\/38319"}],"wp:featuredmedia":[{"embeddable":true,"href":"https:\/\/www.aquimicasa.net\/blog\/wp-json\/wp\/v2\/media\/38266"}],"wp:attachment":[{"href":"https:\/\/www.aquimicasa.net\/blog\/wp-json\/wp\/v2\/media?parent=38315"}],"wp:term":[{"taxonomy":"category","embeddable":true,"href":"https:\/\/www.aquimicasa.net\/blog\/wp-json\/wp\/v2\/categories?post=38315"},{"taxonomy":"post_tag","embeddable":true,"href":"https:\/\/www.aquimicasa.net\/blog\/wp-json\/wp\/v2\/tags?post=38315"}],"curies":[{"name":"wp","href":"https:\/\/api.w.org\/{rel}","templated":true}]}}