{"id":38421,"date":"2021-09-15T13:41:25","date_gmt":"2021-09-15T11:41:25","guid":{"rendered":"https:\/\/www.aquimicasa.net\/blog\/?p=38421"},"modified":"2021-09-15T13:41:52","modified_gmt":"2021-09-15T11:41:52","slug":"la-tasa-anual-del-ipc-general-en-el-mes-de-agosto-sube-al-33","status":"publish","type":"post","link":"https:\/\/www.aquimicasa.net\/blog\/consumo\/noticias-consumo\/la-tasa-anual-del-ipc-general-en-el-mes-de-agosto-sube-al-33\/","title":{"rendered":"La tasa anual del IPC general en el mes de agosto sube al 3,3%"},"content":{"rendered":"<div class=\"fusion-fullwidth fullwidth-box fusion-builder-row-1 fusion-flex-container nonhundred-percent-fullwidth non-hundred-percent-height-scrolling\" style=\"background-color: rgba(255,255,255,0);background-position: center center;background-repeat: no-repeat;border-width: 0px 0px 0px 0px;border-color:#eae9e9;border-style:solid;\" ><div class=\"fusion-builder-row fusion-row fusion-flex-align-items-flex-start\" style=\"max-width:1144px;margin-left: calc(-4% \/ 2 );margin-right: calc(-4% \/ 2 );\"><div class=\"fusion-layout-column fusion_builder_column fusion-builder-column-0 fusion_builder_column_1_1 1_1 fusion-flex-column\"><div class=\"fusion-column-wrapper fusion-flex-justify-content-flex-start fusion-content-layout-column\" style=\"background-position:left top;background-repeat:no-repeat;-webkit-background-size:cover;-moz-background-size:cover;-o-background-size:cover;background-size:cover;padding: 0px 0px 0px 0px;\"><div class=\"fusion-text fusion-text-1\"><p>El <strong>Instituto Nacional de Estad\u00edstica<\/strong> ha publicado\u00a0 la tasa anual del <strong>\u00cdndice de Precios de Consumo (IPC)<\/strong> general en el mes de agosto que es del 3,3%, cuatro d\u00e9cimas por encima de la registrada el mes anterior.\u00a0Con este repunte, con el que el IPC anual encadena su octava tasa positiva consecutiva, la inflaci\u00f3n se sit\u00faa en niveles desconocidos desde hace casi nueve a\u00f1os.<\/p>\n<p>Los grupos que destacan por su influencia en el incremento de la tasa anual son:<br \/>\n&#8211;\u00a0 <strong>Vivienda<\/strong>, cuya variaci\u00f3n anual se sit\u00faa en el 11,5%, m\u00e1s de dos puntos por encima de la registrada el mes pasado, a consecuencia del aumento de los precios de la electricidad, mayor este mes que en agosto de 2020.<br \/>\n&#8211; Alimentos y bebidas no alcoh\u00f3licas, que registra una tasa del 1,9%, dos d\u00e9cimas por encima de la de julio, debido a la <strong>subida de los precios de las frutas<\/strong>, frente a la bajada del a\u00f1o pasado.<br \/>\n&#8211; Transporte, que incrementa su variaci\u00f3n tres d\u00e9cimas, hasta el 8,8%. Destaca en esta evoluci\u00f3n el <strong>aumento de los precios de los autom\u00f3viles<\/strong>, que descendieron en 2020, y, en menor medida, de los carburantes y lubricantes para el transporte personal, que suben m\u00e1s este mes que el a\u00f1o anterior.<\/p>\n<p>Por su parte, los grupos con mayor repercusi\u00f3n mensual positiva en la variaci\u00f3n mensual del IPC son:<br \/>\n&#8211; Vivienda, cuya variaci\u00f3n del 2,2%, repercute 0,316, y es debida al incremento de los precios de la electricidad. Cabe rese\u00f1ar tambi\u00e9n, aunque con influencia negativa, el <strong>descenso de los precios del gas\u00f3leo para calefacci\u00f3n<\/strong>.<br \/>\n&#8211; Alimentos y bebidas no alcoh\u00f3licas, que presenta una tasa del 0,3% y una repercusi\u00f3n de 0,063, motivadas por la subida de los precios de las frutas, las legumbres y hortalizas y los aceites y grasas.<br \/>\n&#8211; Hoteles, caf\u00e9s y restaurantes, que sit\u00faa su variaci\u00f3n mensual en el 0,4%, a consecuencia del aumento de los precios de los servicios de alojamiento y, en menor medida, de la restauraci\u00f3n. La repercusi\u00f3n de este grupo en el \u00edndice general es 0,052.<br \/>\n&#8211; Ocio y cultura, cuya tasa del 0,7%, que repercute 0,045, est\u00e1 causada por el incremento de los precios de los paquetes tur\u00edsticos.<br \/>\n&#8211; Transporte, con una variaci\u00f3n del 0,3% y una repercusi\u00f3n de 0,038, debidas a la subida de los precios de los carburantes y lubricantes para el transporte personal y los autom\u00f3viles.<br \/>\nEntre los grupos con repercusi\u00f3n mensual negativa destaca:<br \/>\n&#8211; Vestido y calzado, cuya tasa del \u20131,1%, recoge el comportamiento de los precios propio del final del periodo de rebajas de verano. La repercusi\u00f3n de este grupo en el IPC general es \u20130,060.<\/p>\n<p>Tambi\u00e9n se han publicado los datos de variaci\u00f3n anual correspondientes a las <strong>Comunidades Aut\u00f3nomas<\/strong>, reflej\u00e1ndose un aumento en todas ellas respecto al mes de julio. El mayor incremento se produce en Canarias, con una subida de seis d\u00e9cimas. Por su parte, Catalu\u00f1a, Castilla y Le\u00f3n y Comunidad Foral de Navarra registran los menores aumentos de sus tasas anuales, con una subida de tres d\u00e9cimas en todas ellas.<\/p>\n<\/div><\/div><style type=\"text\/css\">.fusion-body .fusion-builder-column-0{width:100% !important;margin-top : 0px;margin-bottom : 0px;}.fusion-builder-column-0 > .fusion-column-wrapper {padding-top : 0px !important;padding-right : 0px !important;margin-right : 1.92%;padding-bottom : 0px !important;padding-left : 0px !important;margin-left : 1.92%;}@media only screen and (max-width:1024px) {.fusion-body .fusion-builder-column-0{width:100% !important;}.fusion-builder-column-0 > .fusion-column-wrapper {margin-right : 1.92%;margin-left : 1.92%;}}@media only screen and (max-width:640px) {.fusion-body .fusion-builder-column-0{width:100% !important;}.fusion-builder-column-0 > .fusion-column-wrapper {margin-right : 1.92%;margin-left : 1.92%;}}<\/style><\/div><\/div><style type=\"text\/css\">.fusion-body .fusion-flex-container.fusion-builder-row-1{ padding-top : 0px;margin-top : 0px;padding-right : 0px;padding-bottom : 0px;margin-bottom : 0px;padding-left : 0px;}<\/style><\/div>\n","protected":false},"excerpt":{"rendered":"<p>Tambi\u00e9n se han publicado los datos de variaci\u00f3n anual correspondientes a las Comunidades Aut\u00f3nomas, reflej\u00e1ndose un aumento en todas ellas respecto al mes de julio. El mayor incremento se produce en Canarias, con una subida de seis d\u00e9cimas.<\/p>\n","protected":false},"author":3,"featured_media":37265,"comment_status":"closed","ping_status":"closed","sticky":false,"template":"","format":"standard","meta":{"_jetpack_memberships_contains_paid_content":false,"footnotes":"","jetpack_publicize_message":"","jetpack_publicize_feature_enabled":true,"jetpack_social_post_already_shared":true,"jetpack_social_options":{"image_generator_settings":{"template":"highway","default_image_id":0,"font":"","enabled":false},"version":2}},"categories":[7563,7564],"tags":[7982],"class_list":["post-38421","post","type-post","status-publish","format-standard","has-post-thumbnail","hentry","category-noticias-consumo","category-noticias-economia","tag-newsletter-323"],"yoast_head":"<!-- This site is optimized with the Yoast SEO plugin v27.4 - https:\/\/yoast.com\/product\/yoast-seo-wordpress\/ -->\n<title>La tasa anual del IPC general en el mes de agosto sube al 3,3%<\/title>\n<meta name=\"description\" content=\"Entre los grupos que destacan por su influencia en el incremento de la tasa anual est\u00e1 la vivienda, cuya variaci\u00f3n anual se sit\u00faa en 11,5%,\" \/>\n<meta name=\"robots\" content=\"index, follow, max-snippet:-1, max-image-preview:large, max-video-preview:-1\" \/>\n<link rel=\"canonical\" href=\"https:\/\/www.aquimicasa.net\/blog\/consumo\/noticias-consumo\/la-tasa-anual-del-ipc-general-en-el-mes-de-agosto-sube-al-33\/\" \/>\n<meta property=\"og:locale\" content=\"es_ES\" \/>\n<meta property=\"og:type\" content=\"article\" \/>\n<meta property=\"og:title\" content=\"La tasa anual del IPC general en el mes de agosto sube al 3,3%\" \/>\n<meta property=\"og:description\" content=\"Entre los grupos que destacan por su influencia en el incremento de la tasa anual est\u00e1 la vivienda, cuya variaci\u00f3n anual se sit\u00faa en 11,5%,\" \/>\n<meta property=\"og:url\" content=\"https:\/\/www.aquimicasa.net\/blog\/consumo\/noticias-consumo\/la-tasa-anual-del-ipc-general-en-el-mes-de-agosto-sube-al-33\/\" \/>\n<meta property=\"og:site_name\" content=\"Blog de aquimicasa.net\" \/>\n<meta property=\"article:publisher\" content=\"https:\/\/www.facebook.com\/aquimicasa.net\" \/>\n<meta property=\"article:published_time\" content=\"2021-09-15T11:41:25+00:00\" \/>\n<meta property=\"article:modified_time\" content=\"2021-09-15T11:41:52+00:00\" \/>\n<meta property=\"og:image\" content=\"https:\/\/www.aquimicasa.net\/blog\/wp-content\/uploads\/IPC.jpg\" \/>\n\t<meta property=\"og:image:width\" content=\"480\" \/>\n\t<meta property=\"og:image:height\" content=\"360\" \/>\n\t<meta property=\"og:image:type\" content=\"image\/jpeg\" \/>\n<meta name=\"author\" content=\"Eduardo Lizarraga\" \/>\n<meta name=\"twitter:label1\" content=\"Escrito por\" \/>\n\t<meta name=\"twitter:data1\" content=\"Eduardo Lizarraga\" \/>\n\t<meta name=\"twitter:label2\" content=\"Tiempo de lectura\" \/>\n\t<meta name=\"twitter:data2\" content=\"2 minutos\" \/>\n<script type=\"application\/ld+json\" class=\"yoast-schema-graph\">{\"@context\":\"https:\\\/\\\/schema.org\",\"@graph\":[{\"@type\":\"Article\",\"@id\":\"https:\\\/\\\/www.aquimicasa.net\\\/blog\\\/consumo\\\/noticias-consumo\\\/la-tasa-anual-del-ipc-general-en-el-mes-de-agosto-sube-al-33\\\/#article\",\"isPartOf\":{\"@id\":\"https:\\\/\\\/www.aquimicasa.net\\\/blog\\\/consumo\\\/noticias-consumo\\\/la-tasa-anual-del-ipc-general-en-el-mes-de-agosto-sube-al-33\\\/\"},\"author\":{\"name\":\"Eduardo Lizarraga\",\"@id\":\"https:\\\/\\\/www.aquimicasa.net\\\/blog\\\/#\\\/schema\\\/person\\\/2cdfa2605534583395c8d7ce1d6cac14\"},\"headline\":\"La tasa anual del IPC general en el mes de agosto sube al 3,3%\",\"datePublished\":\"2021-09-15T11:41:25+00:00\",\"dateModified\":\"2021-09-15T11:41:52+00:00\",\"mainEntityOfPage\":{\"@id\":\"https:\\\/\\\/www.aquimicasa.net\\\/blog\\\/consumo\\\/noticias-consumo\\\/la-tasa-anual-del-ipc-general-en-el-mes-de-agosto-sube-al-33\\\/\"},\"wordCount\":778,\"publisher\":{\"@id\":\"https:\\\/\\\/www.aquimicasa.net\\\/blog\\\/#organization\"},\"image\":{\"@id\":\"https:\\\/\\\/www.aquimicasa.net\\\/blog\\\/consumo\\\/noticias-consumo\\\/la-tasa-anual-del-ipc-general-en-el-mes-de-agosto-sube-al-33\\\/#primaryimage\"},\"thumbnailUrl\":\"https:\\\/\\\/www.aquimicasa.net\\\/blog\\\/wp-content\\\/uploads\\\/IPC.jpg\",\"keywords\":[\"newsletter 323\"],\"articleSection\":[\"Noticias Consumo\",\"Noticias Econom\u00eda\"],\"inLanguage\":\"es\"},{\"@type\":\"WebPage\",\"@id\":\"https:\\\/\\\/www.aquimicasa.net\\\/blog\\\/consumo\\\/noticias-consumo\\\/la-tasa-anual-del-ipc-general-en-el-mes-de-agosto-sube-al-33\\\/\",\"url\":\"https:\\\/\\\/www.aquimicasa.net\\\/blog\\\/consumo\\\/noticias-consumo\\\/la-tasa-anual-del-ipc-general-en-el-mes-de-agosto-sube-al-33\\\/\",\"name\":\"La tasa anual del IPC general en el mes de agosto sube al 3,3%\",\"isPartOf\":{\"@id\":\"https:\\\/\\\/www.aquimicasa.net\\\/blog\\\/#website\"},\"primaryImageOfPage\":{\"@id\":\"https:\\\/\\\/www.aquimicasa.net\\\/blog\\\/consumo\\\/noticias-consumo\\\/la-tasa-anual-del-ipc-general-en-el-mes-de-agosto-sube-al-33\\\/#primaryimage\"},\"image\":{\"@id\":\"https:\\\/\\\/www.aquimicasa.net\\\/blog\\\/consumo\\\/noticias-consumo\\\/la-tasa-anual-del-ipc-general-en-el-mes-de-agosto-sube-al-33\\\/#primaryimage\"},\"thumbnailUrl\":\"https:\\\/\\\/www.aquimicasa.net\\\/blog\\\/wp-content\\\/uploads\\\/IPC.jpg\",\"datePublished\":\"2021-09-15T11:41:25+00:00\",\"dateModified\":\"2021-09-15T11:41:52+00:00\",\"description\":\"Entre los grupos que destacan por su influencia en el incremento de la tasa anual est\u00e1 la vivienda, cuya variaci\u00f3n anual se sit\u00faa en 11,5%,\",\"breadcrumb\":{\"@id\":\"https:\\\/\\\/www.aquimicasa.net\\\/blog\\\/consumo\\\/noticias-consumo\\\/la-tasa-anual-del-ipc-general-en-el-mes-de-agosto-sube-al-33\\\/#breadcrumb\"},\"inLanguage\":\"es\",\"potentialAction\":[{\"@type\":\"ReadAction\",\"target\":[\"https:\\\/\\\/www.aquimicasa.net\\\/blog\\\/consumo\\\/noticias-consumo\\\/la-tasa-anual-del-ipc-general-en-el-mes-de-agosto-sube-al-33\\\/\"]}]},{\"@type\":\"ImageObject\",\"inLanguage\":\"es\",\"@id\":\"https:\\\/\\\/www.aquimicasa.net\\\/blog\\\/consumo\\\/noticias-consumo\\\/la-tasa-anual-del-ipc-general-en-el-mes-de-agosto-sube-al-33\\\/#primaryimage\",\"url\":\"https:\\\/\\\/www.aquimicasa.net\\\/blog\\\/wp-content\\\/uploads\\\/IPC.jpg\",\"contentUrl\":\"https:\\\/\\\/www.aquimicasa.net\\\/blog\\\/wp-content\\\/uploads\\\/IPC.jpg\",\"width\":480,\"height\":360,\"caption\":\"El IPC en enero se queda en el 6,1%\"},{\"@type\":\"BreadcrumbList\",\"@id\":\"https:\\\/\\\/www.aquimicasa.net\\\/blog\\\/consumo\\\/noticias-consumo\\\/la-tasa-anual-del-ipc-general-en-el-mes-de-agosto-sube-al-33\\\/#breadcrumb\",\"itemListElement\":[{\"@type\":\"ListItem\",\"position\":1,\"name\":\"Portada\",\"item\":\"https:\\\/\\\/www.aquimicasa.net\\\/blog\\\/\"},{\"@type\":\"ListItem\",\"position\":2,\"name\":\"La tasa anual del IPC general en el mes de agosto sube al 3,3%\"}]},{\"@type\":\"WebSite\",\"@id\":\"https:\\\/\\\/www.aquimicasa.net\\\/blog\\\/#website\",\"url\":\"https:\\\/\\\/www.aquimicasa.net\\\/blog\\\/\",\"name\":\"Blog de aquimicasa.net\",\"description\":\"Noticias del Mundo Inmobiliario\",\"publisher\":{\"@id\":\"https:\\\/\\\/www.aquimicasa.net\\\/blog\\\/#organization\"},\"potentialAction\":[{\"@type\":\"SearchAction\",\"target\":{\"@type\":\"EntryPoint\",\"urlTemplate\":\"https:\\\/\\\/www.aquimicasa.net\\\/blog\\\/?s={search_term_string}\"},\"query-input\":{\"@type\":\"PropertyValueSpecification\",\"valueRequired\":true,\"valueName\":\"search_term_string\"}}],\"inLanguage\":\"es\"},{\"@type\":\"Organization\",\"@id\":\"https:\\\/\\\/www.aquimicasa.net\\\/blog\\\/#organization\",\"name\":\"Blog de aquimicasa.net\",\"url\":\"https:\\\/\\\/www.aquimicasa.net\\\/blog\\\/\",\"logo\":{\"@type\":\"ImageObject\",\"inLanguage\":\"es\",\"@id\":\"https:\\\/\\\/www.aquimicasa.net\\\/blog\\\/#\\\/schema\\\/logo\\\/image\\\/\",\"url\":\"https:\\\/\\\/www.aquimicasa.net\\\/blog\\\/wp-content\\\/uploads\\\/Logo-aquimicasa-1-e1528048213782.png\",\"contentUrl\":\"https:\\\/\\\/www.aquimicasa.net\\\/blog\\\/wp-content\\\/uploads\\\/Logo-aquimicasa-1-e1528048213782.png\",\"width\":225,\"height\":225,\"caption\":\"Blog de aquimicasa.net\"},\"image\":{\"@id\":\"https:\\\/\\\/www.aquimicasa.net\\\/blog\\\/#\\\/schema\\\/logo\\\/image\\\/\"},\"sameAs\":[\"https:\\\/\\\/www.facebook.com\\\/aquimicasa.net\",\"https:\\\/\\\/www.instagram.com\\\/\",\"https:\\\/\\\/x.com\\\/EduLizarragaD\",\"https:\\\/\\\/www.linkedin.com\\\/feed\\\/\"]},{\"@type\":\"Person\",\"@id\":\"https:\\\/\\\/www.aquimicasa.net\\\/blog\\\/#\\\/schema\\\/person\\\/2cdfa2605534583395c8d7ce1d6cac14\",\"name\":\"Eduardo Lizarraga\",\"image\":{\"@type\":\"ImageObject\",\"inLanguage\":\"es\",\"@id\":\"https:\\\/\\\/secure.gravatar.com\\\/avatar\\\/bdabe1eeeed97b65a9cb7de2edd624b07995f7e13abc5fead15961f745f908cc?s=96&d=mm&r=g\",\"url\":\"https:\\\/\\\/secure.gravatar.com\\\/avatar\\\/bdabe1eeeed97b65a9cb7de2edd624b07995f7e13abc5fead15961f745f908cc?s=96&d=mm&r=g\",\"contentUrl\":\"https:\\\/\\\/secure.gravatar.com\\\/avatar\\\/bdabe1eeeed97b65a9cb7de2edd624b07995f7e13abc5fead15961f745f908cc?s=96&d=mm&r=g\",\"caption\":\"Eduardo Lizarraga\"},\"description\":\"Periodista Econ\u00f3mico. Ha trabajado en diversos campos de la informaci\u00f3n. Corresponsal en conflictos, analista pol\u00edtico en Congreso y Senado, periodista del medio ambiente, editor, director editorial, director de comunicaci\u00f3n.... En estos momentos se ha especializado en el sector inmobiliario. Pero tambi\u00e9n es navegante y viajero, preocupado por la pobreza, el medio ambiente y por las actuaciones descontroladas del neoliberalismo empresarial y pol\u00edtico en todo el mundo. Los desahucios, la pobreza infantil y la falta de acceso a los suministros b\u00e1sicos son algunos de los grandes dramas de nuestra sociedad y que es preciso solucionar para hacerla m\u00e1s justa. CEO en www.aquimicasa.net\",\"sameAs\":[\"https:\\\/\\\/www.aquimicasa.net\\\/\"],\"url\":\"https:\\\/\\\/www.aquimicasa.net\\\/blog\\\/author\\\/eduardo\\\/\"}]}<\/script>\n<!-- \/ Yoast SEO plugin. -->","yoast_head_json":{"title":"La tasa anual del IPC general en el mes de agosto sube al 3,3%","description":"Entre los grupos que destacan por su influencia en el incremento de la tasa anual est\u00e1 la vivienda, cuya variaci\u00f3n anual se sit\u00faa en 11,5%,","robots":{"index":"index","follow":"follow","max-snippet":"max-snippet:-1","max-image-preview":"max-image-preview:large","max-video-preview":"max-video-preview:-1"},"canonical":"https:\/\/www.aquimicasa.net\/blog\/consumo\/noticias-consumo\/la-tasa-anual-del-ipc-general-en-el-mes-de-agosto-sube-al-33\/","og_locale":"es_ES","og_type":"article","og_title":"La tasa anual del IPC general en el mes de agosto sube al 3,3%","og_description":"Entre los grupos que destacan por su influencia en el incremento de la tasa anual est\u00e1 la vivienda, cuya variaci\u00f3n anual se sit\u00faa en 11,5%,","og_url":"https:\/\/www.aquimicasa.net\/blog\/consumo\/noticias-consumo\/la-tasa-anual-del-ipc-general-en-el-mes-de-agosto-sube-al-33\/","og_site_name":"Blog de aquimicasa.net","article_publisher":"https:\/\/www.facebook.com\/aquimicasa.net","article_published_time":"2021-09-15T11:41:25+00:00","article_modified_time":"2021-09-15T11:41:52+00:00","og_image":[{"width":480,"height":360,"url":"https:\/\/www.aquimicasa.net\/blog\/wp-content\/uploads\/IPC.jpg","type":"image\/jpeg"}],"author":"Eduardo Lizarraga","twitter_misc":{"Escrito por":"Eduardo Lizarraga","Tiempo de lectura":"2 minutos"},"schema":{"@context":"https:\/\/schema.org","@graph":[{"@type":"Article","@id":"https:\/\/www.aquimicasa.net\/blog\/consumo\/noticias-consumo\/la-tasa-anual-del-ipc-general-en-el-mes-de-agosto-sube-al-33\/#article","isPartOf":{"@id":"https:\/\/www.aquimicasa.net\/blog\/consumo\/noticias-consumo\/la-tasa-anual-del-ipc-general-en-el-mes-de-agosto-sube-al-33\/"},"author":{"name":"Eduardo Lizarraga","@id":"https:\/\/www.aquimicasa.net\/blog\/#\/schema\/person\/2cdfa2605534583395c8d7ce1d6cac14"},"headline":"La tasa anual del IPC general en el mes de agosto sube al 3,3%","datePublished":"2021-09-15T11:41:25+00:00","dateModified":"2021-09-15T11:41:52+00:00","mainEntityOfPage":{"@id":"https:\/\/www.aquimicasa.net\/blog\/consumo\/noticias-consumo\/la-tasa-anual-del-ipc-general-en-el-mes-de-agosto-sube-al-33\/"},"wordCount":778,"publisher":{"@id":"https:\/\/www.aquimicasa.net\/blog\/#organization"},"image":{"@id":"https:\/\/www.aquimicasa.net\/blog\/consumo\/noticias-consumo\/la-tasa-anual-del-ipc-general-en-el-mes-de-agosto-sube-al-33\/#primaryimage"},"thumbnailUrl":"https:\/\/www.aquimicasa.net\/blog\/wp-content\/uploads\/IPC.jpg","keywords":["newsletter 323"],"articleSection":["Noticias Consumo","Noticias Econom\u00eda"],"inLanguage":"es"},{"@type":"WebPage","@id":"https:\/\/www.aquimicasa.net\/blog\/consumo\/noticias-consumo\/la-tasa-anual-del-ipc-general-en-el-mes-de-agosto-sube-al-33\/","url":"https:\/\/www.aquimicasa.net\/blog\/consumo\/noticias-consumo\/la-tasa-anual-del-ipc-general-en-el-mes-de-agosto-sube-al-33\/","name":"La tasa anual del IPC general en el mes de agosto sube al 3,3%","isPartOf":{"@id":"https:\/\/www.aquimicasa.net\/blog\/#website"},"primaryImageOfPage":{"@id":"https:\/\/www.aquimicasa.net\/blog\/consumo\/noticias-consumo\/la-tasa-anual-del-ipc-general-en-el-mes-de-agosto-sube-al-33\/#primaryimage"},"image":{"@id":"https:\/\/www.aquimicasa.net\/blog\/consumo\/noticias-consumo\/la-tasa-anual-del-ipc-general-en-el-mes-de-agosto-sube-al-33\/#primaryimage"},"thumbnailUrl":"https:\/\/www.aquimicasa.net\/blog\/wp-content\/uploads\/IPC.jpg","datePublished":"2021-09-15T11:41:25+00:00","dateModified":"2021-09-15T11:41:52+00:00","description":"Entre los grupos que destacan por su influencia en el incremento de la tasa anual est\u00e1 la vivienda, cuya variaci\u00f3n anual se sit\u00faa en 11,5%,","breadcrumb":{"@id":"https:\/\/www.aquimicasa.net\/blog\/consumo\/noticias-consumo\/la-tasa-anual-del-ipc-general-en-el-mes-de-agosto-sube-al-33\/#breadcrumb"},"inLanguage":"es","potentialAction":[{"@type":"ReadAction","target":["https:\/\/www.aquimicasa.net\/blog\/consumo\/noticias-consumo\/la-tasa-anual-del-ipc-general-en-el-mes-de-agosto-sube-al-33\/"]}]},{"@type":"ImageObject","inLanguage":"es","@id":"https:\/\/www.aquimicasa.net\/blog\/consumo\/noticias-consumo\/la-tasa-anual-del-ipc-general-en-el-mes-de-agosto-sube-al-33\/#primaryimage","url":"https:\/\/www.aquimicasa.net\/blog\/wp-content\/uploads\/IPC.jpg","contentUrl":"https:\/\/www.aquimicasa.net\/blog\/wp-content\/uploads\/IPC.jpg","width":480,"height":360,"caption":"El IPC en enero se queda en el 6,1%"},{"@type":"BreadcrumbList","@id":"https:\/\/www.aquimicasa.net\/blog\/consumo\/noticias-consumo\/la-tasa-anual-del-ipc-general-en-el-mes-de-agosto-sube-al-33\/#breadcrumb","itemListElement":[{"@type":"ListItem","position":1,"name":"Portada","item":"https:\/\/www.aquimicasa.net\/blog\/"},{"@type":"ListItem","position":2,"name":"La tasa anual del IPC general en el mes de agosto sube al 3,3%"}]},{"@type":"WebSite","@id":"https:\/\/www.aquimicasa.net\/blog\/#website","url":"https:\/\/www.aquimicasa.net\/blog\/","name":"Blog de aquimicasa.net","description":"Noticias del Mundo Inmobiliario","publisher":{"@id":"https:\/\/www.aquimicasa.net\/blog\/#organization"},"potentialAction":[{"@type":"SearchAction","target":{"@type":"EntryPoint","urlTemplate":"https:\/\/www.aquimicasa.net\/blog\/?s={search_term_string}"},"query-input":{"@type":"PropertyValueSpecification","valueRequired":true,"valueName":"search_term_string"}}],"inLanguage":"es"},{"@type":"Organization","@id":"https:\/\/www.aquimicasa.net\/blog\/#organization","name":"Blog de aquimicasa.net","url":"https:\/\/www.aquimicasa.net\/blog\/","logo":{"@type":"ImageObject","inLanguage":"es","@id":"https:\/\/www.aquimicasa.net\/blog\/#\/schema\/logo\/image\/","url":"https:\/\/www.aquimicasa.net\/blog\/wp-content\/uploads\/Logo-aquimicasa-1-e1528048213782.png","contentUrl":"https:\/\/www.aquimicasa.net\/blog\/wp-content\/uploads\/Logo-aquimicasa-1-e1528048213782.png","width":225,"height":225,"caption":"Blog de aquimicasa.net"},"image":{"@id":"https:\/\/www.aquimicasa.net\/blog\/#\/schema\/logo\/image\/"},"sameAs":["https:\/\/www.facebook.com\/aquimicasa.net","https:\/\/www.instagram.com\/","https:\/\/x.com\/EduLizarragaD","https:\/\/www.linkedin.com\/feed\/"]},{"@type":"Person","@id":"https:\/\/www.aquimicasa.net\/blog\/#\/schema\/person\/2cdfa2605534583395c8d7ce1d6cac14","name":"Eduardo Lizarraga","image":{"@type":"ImageObject","inLanguage":"es","@id":"https:\/\/secure.gravatar.com\/avatar\/bdabe1eeeed97b65a9cb7de2edd624b07995f7e13abc5fead15961f745f908cc?s=96&d=mm&r=g","url":"https:\/\/secure.gravatar.com\/avatar\/bdabe1eeeed97b65a9cb7de2edd624b07995f7e13abc5fead15961f745f908cc?s=96&d=mm&r=g","contentUrl":"https:\/\/secure.gravatar.com\/avatar\/bdabe1eeeed97b65a9cb7de2edd624b07995f7e13abc5fead15961f745f908cc?s=96&d=mm&r=g","caption":"Eduardo Lizarraga"},"description":"Periodista Econ\u00f3mico. Ha trabajado en diversos campos de la informaci\u00f3n. Corresponsal en conflictos, analista pol\u00edtico en Congreso y Senado, periodista del medio ambiente, editor, director editorial, director de comunicaci\u00f3n.... En estos momentos se ha especializado en el sector inmobiliario. Pero tambi\u00e9n es navegante y viajero, preocupado por la pobreza, el medio ambiente y por las actuaciones descontroladas del neoliberalismo empresarial y pol\u00edtico en todo el mundo. Los desahucios, la pobreza infantil y la falta de acceso a los suministros b\u00e1sicos son algunos de los grandes dramas de nuestra sociedad y que es preciso solucionar para hacerla m\u00e1s justa. CEO en www.aquimicasa.net","sameAs":["https:\/\/www.aquimicasa.net\/"],"url":"https:\/\/www.aquimicasa.net\/blog\/author\/eduardo\/"}]}},"jetpack_publicize_connections":[],"jetpack_featured_media_url":"https:\/\/www.aquimicasa.net\/blog\/wp-content\/uploads\/IPC.jpg","jetpack_sharing_enabled":true,"jetpack_likes_enabled":true,"_links":{"self":[{"href":"https:\/\/www.aquimicasa.net\/blog\/wp-json\/wp\/v2\/posts\/38421","targetHints":{"allow":["GET"]}}],"collection":[{"href":"https:\/\/www.aquimicasa.net\/blog\/wp-json\/wp\/v2\/posts"}],"about":[{"href":"https:\/\/www.aquimicasa.net\/blog\/wp-json\/wp\/v2\/types\/post"}],"author":[{"embeddable":true,"href":"https:\/\/www.aquimicasa.net\/blog\/wp-json\/wp\/v2\/users\/3"}],"replies":[{"embeddable":true,"href":"https:\/\/www.aquimicasa.net\/blog\/wp-json\/wp\/v2\/comments?post=38421"}],"version-history":[{"count":3,"href":"https:\/\/www.aquimicasa.net\/blog\/wp-json\/wp\/v2\/posts\/38421\/revisions"}],"predecessor-version":[{"id":38424,"href":"https:\/\/www.aquimicasa.net\/blog\/wp-json\/wp\/v2\/posts\/38421\/revisions\/38424"}],"wp:featuredmedia":[{"embeddable":true,"href":"https:\/\/www.aquimicasa.net\/blog\/wp-json\/wp\/v2\/media\/37265"}],"wp:attachment":[{"href":"https:\/\/www.aquimicasa.net\/blog\/wp-json\/wp\/v2\/media?parent=38421"}],"wp:term":[{"taxonomy":"category","embeddable":true,"href":"https:\/\/www.aquimicasa.net\/blog\/wp-json\/wp\/v2\/categories?post=38421"},{"taxonomy":"post_tag","embeddable":true,"href":"https:\/\/www.aquimicasa.net\/blog\/wp-json\/wp\/v2\/tags?post=38421"}],"curies":[{"name":"wp","href":"https:\/\/api.w.org\/{rel}","templated":true}]}}