{"id":38450,"date":"2021-09-19T12:21:41","date_gmt":"2021-09-19T10:21:41","guid":{"rendered":"https:\/\/www.aquimicasa.net\/blog\/?p=38450"},"modified":"2021-09-19T12:21:41","modified_gmt":"2021-09-19T10:21:41","slug":"la-subida-de-la-luz-ya-afecta-a-las-actividades-profesionales","status":"publish","type":"post","link":"https:\/\/www.aquimicasa.net\/blog\/consumo\/noticias-consumo\/la-subida-de-la-luz-ya-afecta-a-las-actividades-profesionales\/","title":{"rendered":"La subida de la luz ya afecta a las actividades profesionales"},"content":{"rendered":"<div class=\"fusion-fullwidth fullwidth-box fusion-builder-row-1 fusion-flex-container nonhundred-percent-fullwidth non-hundred-percent-height-scrolling\" style=\"background-color: rgba(255,255,255,0);background-position: center center;background-repeat: no-repeat;border-width: 0px 0px 0px 0px;border-color:#eae9e9;border-style:solid;\" ><div class=\"fusion-builder-row fusion-row fusion-flex-align-items-flex-start\" style=\"max-width:1144px;margin-left: calc(-4% \/ 2 );margin-right: calc(-4% \/ 2 );\"><div class=\"fusion-layout-column fusion_builder_column fusion-builder-column-0 fusion_builder_column_1_1 1_1 fusion-flex-column\"><div class=\"fusion-column-wrapper fusion-flex-justify-content-flex-start fusion-content-layout-column\" style=\"background-position:left top;background-repeat:no-repeat;-webkit-background-size:cover;-moz-background-size:cover;-o-background-size:cover;background-size:cover;padding: 0px 0px 0px 0px;\"><div class=\"fusion-text fusion-text-1\"><p>No se escucha discutir mucho de la\u00a0 carga que est\u00e1 suponiendo la <strong>constante subida de la factura de la luz<\/strong> en una gran cantidad de actividades profesionales y eso que el incremento puede calcularse en centenares de euros al mes en algunos casos. El l\u00edo est\u00e1 en la <strong>subida del SMI<\/strong> en 15 euros al mes, que parece puede llevar a muchas empresas al cierre o al fraude, al menos es lo que dice Garamendi de la CEOE. \u00bfLlevar\u00e1 tambi\u00e9n la constante subida de la factura el\u00e9ctrica al cierre de empresas o al enganche ilegal? Al menos de momento no lo est\u00e1n diciendo.<\/p>\n<p class=\"Standard\">Y es que, como no pod\u00eda ser de otro modo, las progresivas subidas del precio de la electricidad, el butano y los carburantes se siguen traduciendo en un significativo<strong> incremento del IPC<\/strong> en lo que va de este a\u00f1o 2021, especialmente en las partidas de transporte (8,2%) y vivienda (9,7%), tal y como acaba de publicar el Instituto Nacional de Estad\u00edstica en los datos desagregados de agosto.<\/p>\n<p class=\"Standard\"><span class=\"Fuentedeprrafopredeter1\">La <strong>Organizaci\u00f3n de Consumidores y Usuarios (OCU)<\/strong> considera que las enormes subidas del coste de la energ\u00eda pudieran haber afectado tambi\u00e9n, aunque nadie lo dice,\u00a0 al coste del turismo y la hosteler\u00eda: de enero a agosto su IPC se ha incrementado un 2,9% (con una subida del 0,7% respecto a julio); y, m\u00e1s preocupante, al coste de los productos alimentarios: desde enero de 2021, el IPC de los alimentos y las bebidas no alcoh\u00f3licas se ha incrementado un 1,7% (con una subida del 0,3% el \u00faltimo mes).<\/span><\/p>\n<p class=\"Standard\"><span class=\"Fuentedeprrafopredeter1\">\u00a0<\/span><span class=\"Fuentedeprrafopredeter1\">En concreto, varios alimentos de primera necesidad han sufrido ya importantes <strong>subidas de precios<\/strong>:<\/span><span class=\"Fuentedeprrafopredeter1\"> los aceites y las grasas (22%), aunque, al menos en este caso, todo apunta a un aumento provocado por una mala cosecha, la fruta fresca (5,3%), los huevos (4,0%) y la carne de ave (2,8%). De momento es solo una tendencia, pero si los precios de la energ\u00eda siguieran altos, el comercio no tendr\u00eda m\u00e1s remedio que trasladar el sobre coste de producci\u00f3n y transporte al consumidor final. La ca\u00f1a y el bocata madrile\u00f1o de calamares se nos van a poner por las nubes.<\/span><\/p>\n<p class=\"Standard\"><span class=\"Fuentedeprrafopredeter1\">\u00a0E<\/span>stas subidas no han afectado por igual a todas las regiones. Entre las que m\u00e1s han sufrido el incremento de precios destacan Galicia (2,9%), Cantabria (2,5%) y Asturias (2,4%), adem\u00e1s de Melilla (3,4%). Mientras que se ha sentido un poco menos en Canarias (1,2%), Murcia (1,3%) y La Rioja (1,4%), as\u00ed como la ciudad de Ceuta (1,1%).<\/p>\n<\/div><\/div><style type=\"text\/css\">.fusion-body .fusion-builder-column-0{width:100% !important;margin-top : 0px;margin-bottom : 0px;}.fusion-builder-column-0 > .fusion-column-wrapper {padding-top : 0px !important;padding-right : 0px !important;margin-right : 1.92%;padding-bottom : 0px !important;padding-left : 0px !important;margin-left : 1.92%;}@media only screen and (max-width:1024px) {.fusion-body .fusion-builder-column-0{width:100% !important;}.fusion-builder-column-0 > .fusion-column-wrapper {margin-right : 1.92%;margin-left : 1.92%;}}@media only screen and (max-width:640px) {.fusion-body .fusion-builder-column-0{width:100% !important;}.fusion-builder-column-0 > .fusion-column-wrapper {margin-right : 1.92%;margin-left : 1.92%;}}<\/style><\/div><\/div><style type=\"text\/css\">.fusion-body .fusion-flex-container.fusion-builder-row-1{ padding-top : 0px;margin-top : 0px;padding-right : 0px;padding-bottom : 0px;margin-bottom : 0px;padding-left : 0px;}<\/style><\/div>\n","protected":false},"excerpt":{"rendered":"<p>De momento es solo una tendencia, pero si los precios de la energ\u00eda siguieran altos, el comercio no tendr\u00eda m\u00e1s remedio que trasladar el sobre coste de producci\u00f3n y transporte al consumidor final. La ca\u00f1a y el bocata madrile\u00f1o de calamares se nos van a poner por las nubes.<\/p>\n","protected":false},"author":3,"featured_media":13180,"comment_status":"closed","ping_status":"closed","sticky":false,"template":"","format":"standard","meta":{"_jetpack_memberships_contains_paid_content":false,"footnotes":"","jetpack_publicize_message":"","jetpack_publicize_feature_enabled":true,"jetpack_social_post_already_shared":true,"jetpack_social_options":{"image_generator_settings":{"template":"highway","default_image_id":0,"font":"","enabled":false},"version":2}},"categories":[7563],"tags":[7984],"class_list":["post-38450","post","type-post","status-publish","format-standard","has-post-thumbnail","hentry","category-noticias-consumo","tag-newsletter-324"],"yoast_head":"<!-- This site is optimized with the Yoast SEO plugin v27.4 - https:\/\/yoast.com\/product\/yoast-seo-wordpress\/ -->\n<title>La subida de la luz ya afecta a las actividades profesionales<\/title>\n<meta name=\"description\" content=\"Las subidas del precio de la electricidad, el butano y los carburantes se est\u00e1n traduciendo en un significativo incremento del IPC\" \/>\n<meta name=\"robots\" content=\"index, follow, max-snippet:-1, max-image-preview:large, max-video-preview:-1\" \/>\n<link rel=\"canonical\" href=\"https:\/\/www.aquimicasa.net\/blog\/consumo\/noticias-consumo\/la-subida-de-la-luz-ya-afecta-a-las-actividades-profesionales\/\" \/>\n<meta property=\"og:locale\" content=\"es_ES\" \/>\n<meta property=\"og:type\" content=\"article\" \/>\n<meta property=\"og:title\" content=\"La subida de la luz ya afecta a las actividades profesionales\" \/>\n<meta property=\"og:description\" content=\"Las subidas del precio de la electricidad, el butano y los carburantes se est\u00e1n traduciendo en un significativo incremento del IPC\" \/>\n<meta property=\"og:url\" content=\"https:\/\/www.aquimicasa.net\/blog\/consumo\/noticias-consumo\/la-subida-de-la-luz-ya-afecta-a-las-actividades-profesionales\/\" \/>\n<meta property=\"og:site_name\" content=\"Blog de aquimicasa.net\" \/>\n<meta property=\"article:publisher\" content=\"https:\/\/www.facebook.com\/aquimicasa.net\" \/>\n<meta property=\"article:published_time\" content=\"2021-09-19T10:21:41+00:00\" \/>\n<meta property=\"og:image\" content=\"https:\/\/www.aquimicasa.net\/blog\/wp-content\/uploads\/Electricidad-e1481034773458.jpg\" \/>\n\t<meta property=\"og:image:width\" content=\"225\" \/>\n\t<meta property=\"og:image:height\" content=\"225\" \/>\n\t<meta property=\"og:image:type\" content=\"image\/jpeg\" \/>\n<meta name=\"author\" content=\"Eduardo Lizarraga\" \/>\n<meta name=\"twitter:label1\" content=\"Escrito por\" \/>\n\t<meta name=\"twitter:data1\" content=\"Eduardo Lizarraga\" \/>\n\t<meta name=\"twitter:label2\" content=\"Tiempo de lectura\" \/>\n\t<meta name=\"twitter:data2\" content=\"2 minutos\" \/>\n<script type=\"application\/ld+json\" class=\"yoast-schema-graph\">{\"@context\":\"https:\\\/\\\/schema.org\",\"@graph\":[{\"@type\":\"Article\",\"@id\":\"https:\\\/\\\/www.aquimicasa.net\\\/blog\\\/consumo\\\/noticias-consumo\\\/la-subida-de-la-luz-ya-afecta-a-las-actividades-profesionales\\\/#article\",\"isPartOf\":{\"@id\":\"https:\\\/\\\/www.aquimicasa.net\\\/blog\\\/consumo\\\/noticias-consumo\\\/la-subida-de-la-luz-ya-afecta-a-las-actividades-profesionales\\\/\"},\"author\":{\"name\":\"Eduardo Lizarraga\",\"@id\":\"https:\\\/\\\/www.aquimicasa.net\\\/blog\\\/#\\\/schema\\\/person\\\/2cdfa2605534583395c8d7ce1d6cac14\"},\"headline\":\"La subida de la luz ya afecta a las actividades profesionales\",\"datePublished\":\"2021-09-19T10:21:41+00:00\",\"mainEntityOfPage\":{\"@id\":\"https:\\\/\\\/www.aquimicasa.net\\\/blog\\\/consumo\\\/noticias-consumo\\\/la-subida-de-la-luz-ya-afecta-a-las-actividades-profesionales\\\/\"},\"wordCount\":662,\"publisher\":{\"@id\":\"https:\\\/\\\/www.aquimicasa.net\\\/blog\\\/#organization\"},\"image\":{\"@id\":\"https:\\\/\\\/www.aquimicasa.net\\\/blog\\\/consumo\\\/noticias-consumo\\\/la-subida-de-la-luz-ya-afecta-a-las-actividades-profesionales\\\/#primaryimage\"},\"thumbnailUrl\":\"https:\\\/\\\/www.aquimicasa.net\\\/blog\\\/wp-content\\\/uploads\\\/Electricidad-e1481034773458.jpg\",\"keywords\":[\"newsletter 324\"],\"articleSection\":[\"Noticias Consumo\"],\"inLanguage\":\"es\"},{\"@type\":\"WebPage\",\"@id\":\"https:\\\/\\\/www.aquimicasa.net\\\/blog\\\/consumo\\\/noticias-consumo\\\/la-subida-de-la-luz-ya-afecta-a-las-actividades-profesionales\\\/\",\"url\":\"https:\\\/\\\/www.aquimicasa.net\\\/blog\\\/consumo\\\/noticias-consumo\\\/la-subida-de-la-luz-ya-afecta-a-las-actividades-profesionales\\\/\",\"name\":\"La subida de la luz ya afecta a las actividades profesionales\",\"isPartOf\":{\"@id\":\"https:\\\/\\\/www.aquimicasa.net\\\/blog\\\/#website\"},\"primaryImageOfPage\":{\"@id\":\"https:\\\/\\\/www.aquimicasa.net\\\/blog\\\/consumo\\\/noticias-consumo\\\/la-subida-de-la-luz-ya-afecta-a-las-actividades-profesionales\\\/#primaryimage\"},\"image\":{\"@id\":\"https:\\\/\\\/www.aquimicasa.net\\\/blog\\\/consumo\\\/noticias-consumo\\\/la-subida-de-la-luz-ya-afecta-a-las-actividades-profesionales\\\/#primaryimage\"},\"thumbnailUrl\":\"https:\\\/\\\/www.aquimicasa.net\\\/blog\\\/wp-content\\\/uploads\\\/Electricidad-e1481034773458.jpg\",\"datePublished\":\"2021-09-19T10:21:41+00:00\",\"description\":\"Las subidas del precio de la electricidad, el butano y los carburantes se est\u00e1n traduciendo en un significativo incremento del IPC\",\"breadcrumb\":{\"@id\":\"https:\\\/\\\/www.aquimicasa.net\\\/blog\\\/consumo\\\/noticias-consumo\\\/la-subida-de-la-luz-ya-afecta-a-las-actividades-profesionales\\\/#breadcrumb\"},\"inLanguage\":\"es\",\"potentialAction\":[{\"@type\":\"ReadAction\",\"target\":[\"https:\\\/\\\/www.aquimicasa.net\\\/blog\\\/consumo\\\/noticias-consumo\\\/la-subida-de-la-luz-ya-afecta-a-las-actividades-profesionales\\\/\"]}]},{\"@type\":\"ImageObject\",\"inLanguage\":\"es\",\"@id\":\"https:\\\/\\\/www.aquimicasa.net\\\/blog\\\/consumo\\\/noticias-consumo\\\/la-subida-de-la-luz-ya-afecta-a-las-actividades-profesionales\\\/#primaryimage\",\"url\":\"https:\\\/\\\/www.aquimicasa.net\\\/blog\\\/wp-content\\\/uploads\\\/Electricidad-e1481034773458.jpg\",\"contentUrl\":\"https:\\\/\\\/www.aquimicasa.net\\\/blog\\\/wp-content\\\/uploads\\\/Electricidad-e1481034773458.jpg\",\"width\":225,\"height\":225,\"caption\":\"Las comunidades de vecinos podr\u00e1n seguir con la TUR\"},{\"@type\":\"BreadcrumbList\",\"@id\":\"https:\\\/\\\/www.aquimicasa.net\\\/blog\\\/consumo\\\/noticias-consumo\\\/la-subida-de-la-luz-ya-afecta-a-las-actividades-profesionales\\\/#breadcrumb\",\"itemListElement\":[{\"@type\":\"ListItem\",\"position\":1,\"name\":\"Portada\",\"item\":\"https:\\\/\\\/www.aquimicasa.net\\\/blog\\\/\"},{\"@type\":\"ListItem\",\"position\":2,\"name\":\"La subida de la luz ya afecta a las actividades profesionales\"}]},{\"@type\":\"WebSite\",\"@id\":\"https:\\\/\\\/www.aquimicasa.net\\\/blog\\\/#website\",\"url\":\"https:\\\/\\\/www.aquimicasa.net\\\/blog\\\/\",\"name\":\"Blog de aquimicasa.net\",\"description\":\"Noticias del Mundo Inmobiliario\",\"publisher\":{\"@id\":\"https:\\\/\\\/www.aquimicasa.net\\\/blog\\\/#organization\"},\"potentialAction\":[{\"@type\":\"SearchAction\",\"target\":{\"@type\":\"EntryPoint\",\"urlTemplate\":\"https:\\\/\\\/www.aquimicasa.net\\\/blog\\\/?s={search_term_string}\"},\"query-input\":{\"@type\":\"PropertyValueSpecification\",\"valueRequired\":true,\"valueName\":\"search_term_string\"}}],\"inLanguage\":\"es\"},{\"@type\":\"Organization\",\"@id\":\"https:\\\/\\\/www.aquimicasa.net\\\/blog\\\/#organization\",\"name\":\"Blog de aquimicasa.net\",\"url\":\"https:\\\/\\\/www.aquimicasa.net\\\/blog\\\/\",\"logo\":{\"@type\":\"ImageObject\",\"inLanguage\":\"es\",\"@id\":\"https:\\\/\\\/www.aquimicasa.net\\\/blog\\\/#\\\/schema\\\/logo\\\/image\\\/\",\"url\":\"https:\\\/\\\/www.aquimicasa.net\\\/blog\\\/wp-content\\\/uploads\\\/Logo-aquimicasa-1-e1528048213782.png\",\"contentUrl\":\"https:\\\/\\\/www.aquimicasa.net\\\/blog\\\/wp-content\\\/uploads\\\/Logo-aquimicasa-1-e1528048213782.png\",\"width\":225,\"height\":225,\"caption\":\"Blog de aquimicasa.net\"},\"image\":{\"@id\":\"https:\\\/\\\/www.aquimicasa.net\\\/blog\\\/#\\\/schema\\\/logo\\\/image\\\/\"},\"sameAs\":[\"https:\\\/\\\/www.facebook.com\\\/aquimicasa.net\",\"https:\\\/\\\/www.instagram.com\\\/\",\"https:\\\/\\\/x.com\\\/EduLizarragaD\",\"https:\\\/\\\/www.linkedin.com\\\/feed\\\/\"]},{\"@type\":\"Person\",\"@id\":\"https:\\\/\\\/www.aquimicasa.net\\\/blog\\\/#\\\/schema\\\/person\\\/2cdfa2605534583395c8d7ce1d6cac14\",\"name\":\"Eduardo Lizarraga\",\"image\":{\"@type\":\"ImageObject\",\"inLanguage\":\"es\",\"@id\":\"https:\\\/\\\/secure.gravatar.com\\\/avatar\\\/bdabe1eeeed97b65a9cb7de2edd624b07995f7e13abc5fead15961f745f908cc?s=96&d=mm&r=g\",\"url\":\"https:\\\/\\\/secure.gravatar.com\\\/avatar\\\/bdabe1eeeed97b65a9cb7de2edd624b07995f7e13abc5fead15961f745f908cc?s=96&d=mm&r=g\",\"contentUrl\":\"https:\\\/\\\/secure.gravatar.com\\\/avatar\\\/bdabe1eeeed97b65a9cb7de2edd624b07995f7e13abc5fead15961f745f908cc?s=96&d=mm&r=g\",\"caption\":\"Eduardo Lizarraga\"},\"description\":\"Periodista Econ\u00f3mico. Ha trabajado en diversos campos de la informaci\u00f3n. Corresponsal en conflictos, analista pol\u00edtico en Congreso y Senado, periodista del medio ambiente, editor, director editorial, director de comunicaci\u00f3n.... En estos momentos se ha especializado en el sector inmobiliario. Pero tambi\u00e9n es navegante y viajero, preocupado por la pobreza, el medio ambiente y por las actuaciones descontroladas del neoliberalismo empresarial y pol\u00edtico en todo el mundo. Los desahucios, la pobreza infantil y la falta de acceso a los suministros b\u00e1sicos son algunos de los grandes dramas de nuestra sociedad y que es preciso solucionar para hacerla m\u00e1s justa. CEO en www.aquimicasa.net\",\"sameAs\":[\"https:\\\/\\\/www.aquimicasa.net\\\/\"],\"url\":\"https:\\\/\\\/www.aquimicasa.net\\\/blog\\\/author\\\/eduardo\\\/\"}]}<\/script>\n<!-- \/ Yoast SEO plugin. -->","yoast_head_json":{"title":"La subida de la luz ya afecta a las actividades profesionales","description":"Las subidas del precio de la electricidad, el butano y los carburantes se est\u00e1n traduciendo en un significativo incremento del IPC","robots":{"index":"index","follow":"follow","max-snippet":"max-snippet:-1","max-image-preview":"max-image-preview:large","max-video-preview":"max-video-preview:-1"},"canonical":"https:\/\/www.aquimicasa.net\/blog\/consumo\/noticias-consumo\/la-subida-de-la-luz-ya-afecta-a-las-actividades-profesionales\/","og_locale":"es_ES","og_type":"article","og_title":"La subida de la luz ya afecta a las actividades profesionales","og_description":"Las subidas del precio de la electricidad, el butano y los carburantes se est\u00e1n traduciendo en un significativo incremento del IPC","og_url":"https:\/\/www.aquimicasa.net\/blog\/consumo\/noticias-consumo\/la-subida-de-la-luz-ya-afecta-a-las-actividades-profesionales\/","og_site_name":"Blog de aquimicasa.net","article_publisher":"https:\/\/www.facebook.com\/aquimicasa.net","article_published_time":"2021-09-19T10:21:41+00:00","og_image":[{"width":225,"height":225,"url":"https:\/\/www.aquimicasa.net\/blog\/wp-content\/uploads\/Electricidad-e1481034773458.jpg","type":"image\/jpeg"}],"author":"Eduardo Lizarraga","twitter_misc":{"Escrito por":"Eduardo Lizarraga","Tiempo de lectura":"2 minutos"},"schema":{"@context":"https:\/\/schema.org","@graph":[{"@type":"Article","@id":"https:\/\/www.aquimicasa.net\/blog\/consumo\/noticias-consumo\/la-subida-de-la-luz-ya-afecta-a-las-actividades-profesionales\/#article","isPartOf":{"@id":"https:\/\/www.aquimicasa.net\/blog\/consumo\/noticias-consumo\/la-subida-de-la-luz-ya-afecta-a-las-actividades-profesionales\/"},"author":{"name":"Eduardo Lizarraga","@id":"https:\/\/www.aquimicasa.net\/blog\/#\/schema\/person\/2cdfa2605534583395c8d7ce1d6cac14"},"headline":"La subida de la luz ya afecta a las actividades profesionales","datePublished":"2021-09-19T10:21:41+00:00","mainEntityOfPage":{"@id":"https:\/\/www.aquimicasa.net\/blog\/consumo\/noticias-consumo\/la-subida-de-la-luz-ya-afecta-a-las-actividades-profesionales\/"},"wordCount":662,"publisher":{"@id":"https:\/\/www.aquimicasa.net\/blog\/#organization"},"image":{"@id":"https:\/\/www.aquimicasa.net\/blog\/consumo\/noticias-consumo\/la-subida-de-la-luz-ya-afecta-a-las-actividades-profesionales\/#primaryimage"},"thumbnailUrl":"https:\/\/www.aquimicasa.net\/blog\/wp-content\/uploads\/Electricidad-e1481034773458.jpg","keywords":["newsletter 324"],"articleSection":["Noticias Consumo"],"inLanguage":"es"},{"@type":"WebPage","@id":"https:\/\/www.aquimicasa.net\/blog\/consumo\/noticias-consumo\/la-subida-de-la-luz-ya-afecta-a-las-actividades-profesionales\/","url":"https:\/\/www.aquimicasa.net\/blog\/consumo\/noticias-consumo\/la-subida-de-la-luz-ya-afecta-a-las-actividades-profesionales\/","name":"La subida de la luz ya afecta a las actividades profesionales","isPartOf":{"@id":"https:\/\/www.aquimicasa.net\/blog\/#website"},"primaryImageOfPage":{"@id":"https:\/\/www.aquimicasa.net\/blog\/consumo\/noticias-consumo\/la-subida-de-la-luz-ya-afecta-a-las-actividades-profesionales\/#primaryimage"},"image":{"@id":"https:\/\/www.aquimicasa.net\/blog\/consumo\/noticias-consumo\/la-subida-de-la-luz-ya-afecta-a-las-actividades-profesionales\/#primaryimage"},"thumbnailUrl":"https:\/\/www.aquimicasa.net\/blog\/wp-content\/uploads\/Electricidad-e1481034773458.jpg","datePublished":"2021-09-19T10:21:41+00:00","description":"Las subidas del precio de la electricidad, el butano y los carburantes se est\u00e1n traduciendo en un significativo incremento del IPC","breadcrumb":{"@id":"https:\/\/www.aquimicasa.net\/blog\/consumo\/noticias-consumo\/la-subida-de-la-luz-ya-afecta-a-las-actividades-profesionales\/#breadcrumb"},"inLanguage":"es","potentialAction":[{"@type":"ReadAction","target":["https:\/\/www.aquimicasa.net\/blog\/consumo\/noticias-consumo\/la-subida-de-la-luz-ya-afecta-a-las-actividades-profesionales\/"]}]},{"@type":"ImageObject","inLanguage":"es","@id":"https:\/\/www.aquimicasa.net\/blog\/consumo\/noticias-consumo\/la-subida-de-la-luz-ya-afecta-a-las-actividades-profesionales\/#primaryimage","url":"https:\/\/www.aquimicasa.net\/blog\/wp-content\/uploads\/Electricidad-e1481034773458.jpg","contentUrl":"https:\/\/www.aquimicasa.net\/blog\/wp-content\/uploads\/Electricidad-e1481034773458.jpg","width":225,"height":225,"caption":"Las comunidades de vecinos podr\u00e1n seguir con la TUR"},{"@type":"BreadcrumbList","@id":"https:\/\/www.aquimicasa.net\/blog\/consumo\/noticias-consumo\/la-subida-de-la-luz-ya-afecta-a-las-actividades-profesionales\/#breadcrumb","itemListElement":[{"@type":"ListItem","position":1,"name":"Portada","item":"https:\/\/www.aquimicasa.net\/blog\/"},{"@type":"ListItem","position":2,"name":"La subida de la luz ya afecta a las actividades profesionales"}]},{"@type":"WebSite","@id":"https:\/\/www.aquimicasa.net\/blog\/#website","url":"https:\/\/www.aquimicasa.net\/blog\/","name":"Blog de aquimicasa.net","description":"Noticias del Mundo Inmobiliario","publisher":{"@id":"https:\/\/www.aquimicasa.net\/blog\/#organization"},"potentialAction":[{"@type":"SearchAction","target":{"@type":"EntryPoint","urlTemplate":"https:\/\/www.aquimicasa.net\/blog\/?s={search_term_string}"},"query-input":{"@type":"PropertyValueSpecification","valueRequired":true,"valueName":"search_term_string"}}],"inLanguage":"es"},{"@type":"Organization","@id":"https:\/\/www.aquimicasa.net\/blog\/#organization","name":"Blog de aquimicasa.net","url":"https:\/\/www.aquimicasa.net\/blog\/","logo":{"@type":"ImageObject","inLanguage":"es","@id":"https:\/\/www.aquimicasa.net\/blog\/#\/schema\/logo\/image\/","url":"https:\/\/www.aquimicasa.net\/blog\/wp-content\/uploads\/Logo-aquimicasa-1-e1528048213782.png","contentUrl":"https:\/\/www.aquimicasa.net\/blog\/wp-content\/uploads\/Logo-aquimicasa-1-e1528048213782.png","width":225,"height":225,"caption":"Blog de aquimicasa.net"},"image":{"@id":"https:\/\/www.aquimicasa.net\/blog\/#\/schema\/logo\/image\/"},"sameAs":["https:\/\/www.facebook.com\/aquimicasa.net","https:\/\/www.instagram.com\/","https:\/\/x.com\/EduLizarragaD","https:\/\/www.linkedin.com\/feed\/"]},{"@type":"Person","@id":"https:\/\/www.aquimicasa.net\/blog\/#\/schema\/person\/2cdfa2605534583395c8d7ce1d6cac14","name":"Eduardo Lizarraga","image":{"@type":"ImageObject","inLanguage":"es","@id":"https:\/\/secure.gravatar.com\/avatar\/bdabe1eeeed97b65a9cb7de2edd624b07995f7e13abc5fead15961f745f908cc?s=96&d=mm&r=g","url":"https:\/\/secure.gravatar.com\/avatar\/bdabe1eeeed97b65a9cb7de2edd624b07995f7e13abc5fead15961f745f908cc?s=96&d=mm&r=g","contentUrl":"https:\/\/secure.gravatar.com\/avatar\/bdabe1eeeed97b65a9cb7de2edd624b07995f7e13abc5fead15961f745f908cc?s=96&d=mm&r=g","caption":"Eduardo Lizarraga"},"description":"Periodista Econ\u00f3mico. Ha trabajado en diversos campos de la informaci\u00f3n. Corresponsal en conflictos, analista pol\u00edtico en Congreso y Senado, periodista del medio ambiente, editor, director editorial, director de comunicaci\u00f3n.... En estos momentos se ha especializado en el sector inmobiliario. Pero tambi\u00e9n es navegante y viajero, preocupado por la pobreza, el medio ambiente y por las actuaciones descontroladas del neoliberalismo empresarial y pol\u00edtico en todo el mundo. Los desahucios, la pobreza infantil y la falta de acceso a los suministros b\u00e1sicos son algunos de los grandes dramas de nuestra sociedad y que es preciso solucionar para hacerla m\u00e1s justa. CEO en www.aquimicasa.net","sameAs":["https:\/\/www.aquimicasa.net\/"],"url":"https:\/\/www.aquimicasa.net\/blog\/author\/eduardo\/"}]}},"jetpack_publicize_connections":[],"jetpack_featured_media_url":"https:\/\/www.aquimicasa.net\/blog\/wp-content\/uploads\/Electricidad-e1481034773458.jpg","jetpack_sharing_enabled":true,"jetpack_likes_enabled":true,"_links":{"self":[{"href":"https:\/\/www.aquimicasa.net\/blog\/wp-json\/wp\/v2\/posts\/38450","targetHints":{"allow":["GET"]}}],"collection":[{"href":"https:\/\/www.aquimicasa.net\/blog\/wp-json\/wp\/v2\/posts"}],"about":[{"href":"https:\/\/www.aquimicasa.net\/blog\/wp-json\/wp\/v2\/types\/post"}],"author":[{"embeddable":true,"href":"https:\/\/www.aquimicasa.net\/blog\/wp-json\/wp\/v2\/users\/3"}],"replies":[{"embeddable":true,"href":"https:\/\/www.aquimicasa.net\/blog\/wp-json\/wp\/v2\/comments?post=38450"}],"version-history":[{"count":4,"href":"https:\/\/www.aquimicasa.net\/blog\/wp-json\/wp\/v2\/posts\/38450\/revisions"}],"predecessor-version":[{"id":38454,"href":"https:\/\/www.aquimicasa.net\/blog\/wp-json\/wp\/v2\/posts\/38450\/revisions\/38454"}],"wp:featuredmedia":[{"embeddable":true,"href":"https:\/\/www.aquimicasa.net\/blog\/wp-json\/wp\/v2\/media\/13180"}],"wp:attachment":[{"href":"https:\/\/www.aquimicasa.net\/blog\/wp-json\/wp\/v2\/media?parent=38450"}],"wp:term":[{"taxonomy":"category","embeddable":true,"href":"https:\/\/www.aquimicasa.net\/blog\/wp-json\/wp\/v2\/categories?post=38450"},{"taxonomy":"post_tag","embeddable":true,"href":"https:\/\/www.aquimicasa.net\/blog\/wp-json\/wp\/v2\/tags?post=38450"}],"curies":[{"name":"wp","href":"https:\/\/api.w.org\/{rel}","templated":true}]}}