{"id":38911,"date":"2021-11-06T23:52:06","date_gmt":"2021-11-06T22:52:06","guid":{"rendered":"https:\/\/www.aquimicasa.net\/blog\/?p=38911"},"modified":"2021-11-06T23:52:06","modified_gmt":"2021-11-06T22:52:06","slug":"la-vivienda-nueva-ha-recuperado-los-precios-previos-al-2007","status":"publish","type":"post","link":"https:\/\/www.aquimicasa.net\/blog\/vivienda\/construccion-de-viviendas\/la-vivienda-nueva-ha-recuperado-los-precios-previos-al-2007\/","title":{"rendered":"La vivienda nueva ha recuperado los precios previos al 2007"},"content":{"rendered":"<div class=\"fusion-fullwidth fullwidth-box fusion-builder-row-1 fusion-flex-container nonhundred-percent-fullwidth non-hundred-percent-height-scrolling\" style=\"background-color: rgba(255,255,255,0);background-position: center center;background-repeat: no-repeat;border-width: 0px 0px 0px 0px;border-color:#eae9e9;border-style:solid;\" ><div class=\"fusion-builder-row fusion-row fusion-flex-align-items-flex-start\" style=\"max-width:1144px;margin-left: calc(-4% \/ 2 );margin-right: calc(-4% \/ 2 );\"><div class=\"fusion-layout-column fusion_builder_column fusion-builder-column-0 fusion_builder_column_1_1 1_1 fusion-flex-column\"><div class=\"fusion-column-wrapper fusion-flex-justify-content-flex-start fusion-content-layout-column\" style=\"background-position:left top;background-repeat:no-repeat;-webkit-background-size:cover;-moz-background-size:cover;-o-background-size:cover;background-size:cover;padding: 0px 0px 0px 0px;\"><div class=\"fusion-text fusion-text-1\"><p>Todos estamos viviendo el extraordinario tir\u00f3n que est\u00e1 viviendo la<strong> obra nueva<\/strong>, con promociones que se vuelven a vender sobre plano y unos precios que est\u00e1n incrementando su distancia sobre la <strong>vivienda de segunda mano<\/strong>. Ya sea en costa ya en el interior la vivienda nueva es un valor en alza.<\/p>\n<p>\u201cEAE Business School ha publicado el estudio \u201c<strong>El mercado inmobiliario post Covid 19. \u00bfInversi\u00f3n rentable o nueva burbuja?\u201d<\/strong><span style=\"font-size: 16px;\">, del profesor de EAE Business School, <strong>Juan Carlos Higueras<\/strong>, del que se extrae que la evoluci\u00f3n de los precios de la vivienda nueva ha sido superior al de la vivienda de segunda mano y a la media general. Durante el tercer y cuarto trimestre de 2020, tras la finalizaci\u00f3n del estado de alarma, se origin\u00f3 \u201cuna importante brecha\u201d entre vivienda nueva y de segunda mano, con niveles de crecimiento del 7,5% (2020 T3) y 8,2% (2020 T4) frente a la vivienda usada, que mostraba aumentos del 0,8% y 0,4%, respectivamente.<\/span><\/p>\n<p>Seg\u00fan el estudio, a\u00fan no se han recuperado los niveles de precio que hab\u00eda en el tercer trimestre de 2007, en plena burbuja inmobiliaria, donde el IPV alcanzaba un valor general de 151,7 frente al valor de 130,9 del segundo trimestre de 2021. Sin embargo, desglosado por tipo de vivienda, en el caso de la nueva,\u00a0el \u00edndice del segundo trimestre de 2021 es de 141,1, mientras que en el tercer trimestre de 2007 era de 132,5, casi diez puntos menos que en la actualidad. \u201cEste dato pone de manifiesto que <strong>el precio de la vivienda nueva se ha recuperado<\/strong> y superado los niveles hist\u00f3ricos\u201d, se\u00f1ala Higueras. En el caso de la vivienda de segunda mano, a\u00fan queda \u201cun gran diferencial\u201d de 40 puntos, ya que el valor del IPV fue de 169,3 en el tercer trimestre de 2007 y 129,5 en el segundo trimestre de 2021.<\/p>\n<p>\u201cEl aumento de los<strong> precios de la vivienda<\/strong> es consecuencia del freno en la construcci\u00f3n de nueva vivienda, de la menor disponibilidad oferta de segunda mano, de los bajos tipos de inter\u00e9s y la elevada inflaci\u00f3n que est\u00e1n empujando a los inversores profesionales hacia el sector inmobiliario\u201d, explica Higueras.<\/p>\n<p class=\"text-align-justify\">Hay cuatro zonas cuyo precio medio por m2 de la vivienda libre est\u00e1 <strong>por encima de la media nacional:\u00a0<\/strong>Comunidad de Madrid (2.598,6\u20ac), Pa\u00eds Vasco (2.428,7\u20ac), Baleares (2.363,4\u20ac) y Catalu\u00f1a (2.016\u20ac). Sin embargo, no son las mismas las regiones donde el precio por m2 de la vivienda protegida supera la media nacional: Madrid (1.386,5\u20ac), Pa\u00eds Vasco (1.147,4\u20ac), Catalu\u00f1a (1.208,8\u20ac) y la Comunidad Foral de Navarra (1.186\u20ac). \u201cEs significativo si se tiene en cuenta la situaci\u00f3n de oferta de vivienda que existe actualmente en Baleares\u201d, puntualiza Higueras.<\/p>\n<p class=\"text-align-justify\"><strong>Los precios m\u00e1s bajos de vivienda<\/strong>\u00a0libre se encuentran en las regiones de Extremadura (833,5\u20ac), Castilla La Mancha (870,4\u20ac), Murcia (981,1\u20ac), Castilla y Le\u00f3n (1.015,4\u20ac) y La Rioja (1.079\u20ac), mientras que para la vivienda protegida se encuentran Extremadura (768,8\u20ac), Galicia (959\u20ac), Castilla La Mancha (975,9\u20ac), Murcia (986,5\u20ac) y Canarias (987,7\u20ac).<\/p>\n<p class=\"text-align-justify\">\u201cSi comparamos la regi\u00f3n con el precio m\u00e1s alto con la del precio m\u00e1s bajo, podemos llegar a la conclusi\u00f3n de que comprar una vivienda en Madrid es m\u00e1s del triple de caro para vivienda libre y casi el doble para la protegida que en Extremadura\u201d, concluye el profesor de EAE Business School.<\/p>\n<p class=\"text-align-justify\">Las operaciones de <strong>compraventa de vivienda nueva<\/strong> han aumentado a mayor velocidad que la usada, haci\u00e9ndolo en m\u00e1s de un 40% durante el primer trimestre de 2021 en t\u00e9rminos interanuales. \u201cEsta situaci\u00f3n pone de manifiesto que el mercado de la vivienda est\u00e1 creciendo de forma s\u00f3lida a pesar de la pandemia y de la fuerte ca\u00edda de la econom\u00eda espa\u00f1ola, posiblemente por la mejora de la confianza y expectativas en la econom\u00eda, que podr\u00edan estar favoreciendo una reactivaci\u00f3n de la demanda de vivienda nueva, aderezada por el cambio de h\u00e1bitos de algunas familias que tras la pandemia y el teletrabajo est\u00e1n apostando por viviendas de mayor superficie en zonas m\u00e1s residenciales y en las afueras, lo que estimula la construcci\u00f3n de viviendas familiares en zonas que tradicionalmente eran menos interesantes\u201d, explica Higueras.<\/p>\n<h3 class=\"text-align-center\">La compraventa de vivienda en 2021 y 2020<\/h3>\n<p class=\"text-align-justify\">La compraventa de vivienda ha ido creciendo a buen ritmo, alcanzando en marzo de 2021 los niveles pre- pandemia y, en junio de 2021, los m\u00e1ximos alcanzados en 2019. Con datos del mes de junio de 2021, el estudio concluye que\u00a0<strong>el n\u00famero de compraventas de fincas ha aumentado<\/strong> un 82,5% respecto al mismo mes de junio del a\u00f1o anteriory que representa un incremento acumulado anual del 39,3%.<\/p>\n<p class=\"text-align-justify\">Cuatro regiones concentran el 64,3% del total de las ventas entre enero y julio de 2021. <strong>Andaluc\u00eda<\/strong> es la primera con 76.422 viviendas (20%), seguida por <strong>Catalu\u00f1a\u00a0<\/strong>con 60.807 viviendas (15,9%),\u00a0<strong>Comunidad Valenciana<\/strong>\u00a0con 55.488 unidades (14,5%)<strong>\u00a0y Comunidad de Madrid<\/strong>\u00a0con 53.480 operaciones (14,0%). La Rioja (0,7%), Navarra (1,1%), Canarias (1,4%) y Extremadura (1,8%) son las regiones con menor peso. En este sentido la concesi\u00f3n de pr\u00e9stamos hipotecarios sigue en aumento durante el primer semestre de 2021, con un aumento de las operaciones superior al 13% respecto del mismo periodo del a\u00f1o 2019, si bien la cuant\u00eda por hipoteca disminuye.<\/p>\n<p class=\"text-align-justify\"><strong>Durante el a\u00f1o 2020,<\/strong>\u00a0el efecto COVID-19 se manifest\u00f3 con evidentes ca\u00eddas generalizadas en\u00a0la venta de pisos, con una <strong>ca\u00edda media de 7,9%<\/strong>,\u00a0mientras que en el caso de <strong>viviendas unifamiliares<\/strong> el retroceso solo fue del 3,1% en la media nacional.<\/p>\n<p class=\"text-align-justify\">Si se desglosa por comunidades aut\u00f3nomas, cabe destacar que<strong> la mayor ca\u00edda en venta de pisos la protagoniz\u00f3 Canarias<\/strong> (-36,0%), seguida de Baleares (-27,5%), Comunidad Valenciana (-21,2%), Catalu\u00f1a (-20,0%), Comunidad de Madrid (-16,6%), Castilla La Mancha (-16,5%), Andaluc\u00eda (-16,4%) o Arag\u00f3n (-16,1%).\u00a0\u201cLas tres Comunidades Aut\u00f3nomas que encabezan los descensos destacan por ser <strong>lugares muy tur\u00edsticos<\/strong>\u00a0donde la compra de vivienda vacacional por parte de ciudadanos extranjeros, aunque tambi\u00e9n nacionales, es uno de los ejes dinamizadores del mercado inmobiliario de estas zonas, que se han visto mucho m\u00e1s afectadas por las restricciones de movimientos\u201d, explica Higueras.<\/p>\n<p class=\"text-align-justify\">En el lado contrario, las regiones con menor impacto en la venta de pisos en 2020 fueron Asturias (-4,6%) y Navarra (-5,1%) aunque ya hab\u00edan iniciado el descenso durante el a\u00f1o anterior.<\/p>\n<\/div><\/div><style type=\"text\/css\">.fusion-body .fusion-builder-column-0{width:100% !important;margin-top : 0px;margin-bottom : 0px;}.fusion-builder-column-0 > .fusion-column-wrapper {padding-top : 0px !important;padding-right : 0px !important;margin-right : 1.92%;padding-bottom : 0px !important;padding-left : 0px !important;margin-left : 1.92%;}@media only screen and (max-width:1024px) {.fusion-body .fusion-builder-column-0{width:100% !important;}.fusion-builder-column-0 > .fusion-column-wrapper {margin-right : 1.92%;margin-left : 1.92%;}}@media only screen and (max-width:640px) {.fusion-body .fusion-builder-column-0{width:100% !important;}.fusion-builder-column-0 > .fusion-column-wrapper {margin-right : 1.92%;margin-left : 1.92%;}}<\/style><\/div><\/div><style type=\"text\/css\">.fusion-body .fusion-flex-container.fusion-builder-row-1{ padding-top : 0px;margin-top : 0px;padding-right : 0px;padding-bottom : 0px;margin-bottom : 0px;padding-left : 0px;}<\/style><\/div>\n","protected":false},"excerpt":{"rendered":"<p>El aumento de los precios de la vivienda es consecuencia del freno en la construcci\u00f3n de nueva vivienda, de la menor disponibilidad oferta de segunda mano, de los bajos tipos de inter\u00e9s y la elevada inflaci\u00f3n que est\u00e1n empujando a los inversores profesionales hacia el sector inmobiliario<\/p>\n","protected":false},"author":3,"featured_media":35714,"comment_status":"closed","ping_status":"closed","sticky":false,"template":"","format":"standard","meta":{"_jetpack_memberships_contains_paid_content":false,"footnotes":"","jetpack_publicize_message":"","jetpack_publicize_feature_enabled":true,"jetpack_social_post_already_shared":true,"jetpack_social_options":{"image_generator_settings":{"template":"highway","default_image_id":0,"font":"","enabled":false},"version":2}},"categories":[96],"tags":[7991],"class_list":["post-38911","post","type-post","status-publish","format-standard","has-post-thumbnail","hentry","category-construccion-de-viviendas","tag-newsletter-331"],"yoast_head":"<!-- This site is optimized with the Yoast SEO plugin v27.4 - https:\/\/yoast.com\/product\/yoast-seo-wordpress\/ -->\n<title>La vivienda nueva ha recuperado los precios previos al 2007<\/title>\n<meta name=\"description\" content=\"La evoluci\u00f3n de los precios de la vivienda nueva ha sido superior al de la vivienda de segunda mano y a la media general.\" \/>\n<meta name=\"robots\" content=\"index, follow, max-snippet:-1, max-image-preview:large, max-video-preview:-1\" \/>\n<link rel=\"canonical\" href=\"https:\/\/www.aquimicasa.net\/blog\/vivienda\/construccion-de-viviendas\/la-vivienda-nueva-ha-recuperado-los-precios-previos-al-2007\/\" \/>\n<meta property=\"og:locale\" content=\"es_ES\" \/>\n<meta property=\"og:type\" content=\"article\" \/>\n<meta property=\"og:title\" content=\"La vivienda nueva ha recuperado los precios previos al 2007\" \/>\n<meta property=\"og:description\" content=\"La evoluci\u00f3n de los precios de la vivienda nueva ha sido superior al de la vivienda de segunda mano y a la media general.\" \/>\n<meta property=\"og:url\" content=\"https:\/\/www.aquimicasa.net\/blog\/vivienda\/construccion-de-viviendas\/la-vivienda-nueva-ha-recuperado-los-precios-previos-al-2007\/\" \/>\n<meta property=\"og:site_name\" content=\"Blog de aquimicasa.net\" \/>\n<meta property=\"article:publisher\" content=\"https:\/\/www.facebook.com\/aquimicasa.net\" \/>\n<meta property=\"article:published_time\" content=\"2021-11-06T22:52:06+00:00\" \/>\n<meta property=\"og:image\" content=\"https:\/\/www.aquimicasa.net\/blog\/wp-content\/uploads\/Construccion5-3.jpg\" \/>\n\t<meta property=\"og:image:width\" content=\"620\" \/>\n\t<meta property=\"og:image:height\" content=\"320\" \/>\n\t<meta property=\"og:image:type\" content=\"image\/jpeg\" \/>\n<meta name=\"author\" content=\"Eduardo Lizarraga\" \/>\n<meta name=\"twitter:label1\" content=\"Escrito por\" \/>\n\t<meta name=\"twitter:data1\" content=\"Eduardo Lizarraga\" \/>\n\t<meta name=\"twitter:label2\" content=\"Tiempo de lectura\" \/>\n\t<meta name=\"twitter:data2\" content=\"5 minutos\" \/>\n<script type=\"application\/ld+json\" class=\"yoast-schema-graph\">{\"@context\":\"https:\\\/\\\/schema.org\",\"@graph\":[{\"@type\":\"Article\",\"@id\":\"https:\\\/\\\/www.aquimicasa.net\\\/blog\\\/vivienda\\\/construccion-de-viviendas\\\/la-vivienda-nueva-ha-recuperado-los-precios-previos-al-2007\\\/#article\",\"isPartOf\":{\"@id\":\"https:\\\/\\\/www.aquimicasa.net\\\/blog\\\/vivienda\\\/construccion-de-viviendas\\\/la-vivienda-nueva-ha-recuperado-los-precios-previos-al-2007\\\/\"},\"author\":{\"name\":\"Eduardo Lizarraga\",\"@id\":\"https:\\\/\\\/www.aquimicasa.net\\\/blog\\\/#\\\/schema\\\/person\\\/2cdfa2605534583395c8d7ce1d6cac14\"},\"headline\":\"La vivienda nueva ha recuperado los precios previos al 2007\",\"datePublished\":\"2021-11-06T22:52:06+00:00\",\"mainEntityOfPage\":{\"@id\":\"https:\\\/\\\/www.aquimicasa.net\\\/blog\\\/vivienda\\\/construccion-de-viviendas\\\/la-vivienda-nueva-ha-recuperado-los-precios-previos-al-2007\\\/\"},\"wordCount\":1266,\"publisher\":{\"@id\":\"https:\\\/\\\/www.aquimicasa.net\\\/blog\\\/#organization\"},\"image\":{\"@id\":\"https:\\\/\\\/www.aquimicasa.net\\\/blog\\\/vivienda\\\/construccion-de-viviendas\\\/la-vivienda-nueva-ha-recuperado-los-precios-previos-al-2007\\\/#primaryimage\"},\"thumbnailUrl\":\"https:\\\/\\\/www.aquimicasa.net\\\/blog\\\/wp-content\\\/uploads\\\/Construccion5-3-e1684952417786.jpg\",\"keywords\":[\"newsletter 331\"],\"articleSection\":[\"Obra Nueva\"],\"inLanguage\":\"es\"},{\"@type\":\"WebPage\",\"@id\":\"https:\\\/\\\/www.aquimicasa.net\\\/blog\\\/vivienda\\\/construccion-de-viviendas\\\/la-vivienda-nueva-ha-recuperado-los-precios-previos-al-2007\\\/\",\"url\":\"https:\\\/\\\/www.aquimicasa.net\\\/blog\\\/vivienda\\\/construccion-de-viviendas\\\/la-vivienda-nueva-ha-recuperado-los-precios-previos-al-2007\\\/\",\"name\":\"La vivienda nueva ha recuperado los precios previos al 2007\",\"isPartOf\":{\"@id\":\"https:\\\/\\\/www.aquimicasa.net\\\/blog\\\/#website\"},\"primaryImageOfPage\":{\"@id\":\"https:\\\/\\\/www.aquimicasa.net\\\/blog\\\/vivienda\\\/construccion-de-viviendas\\\/la-vivienda-nueva-ha-recuperado-los-precios-previos-al-2007\\\/#primaryimage\"},\"image\":{\"@id\":\"https:\\\/\\\/www.aquimicasa.net\\\/blog\\\/vivienda\\\/construccion-de-viviendas\\\/la-vivienda-nueva-ha-recuperado-los-precios-previos-al-2007\\\/#primaryimage\"},\"thumbnailUrl\":\"https:\\\/\\\/www.aquimicasa.net\\\/blog\\\/wp-content\\\/uploads\\\/Construccion5-3-e1684952417786.jpg\",\"datePublished\":\"2021-11-06T22:52:06+00:00\",\"description\":\"La evoluci\u00f3n de los precios de la vivienda nueva ha sido superior al de la vivienda de segunda mano y a la media general.\",\"breadcrumb\":{\"@id\":\"https:\\\/\\\/www.aquimicasa.net\\\/blog\\\/vivienda\\\/construccion-de-viviendas\\\/la-vivienda-nueva-ha-recuperado-los-precios-previos-al-2007\\\/#breadcrumb\"},\"inLanguage\":\"es\",\"potentialAction\":[{\"@type\":\"ReadAction\",\"target\":[\"https:\\\/\\\/www.aquimicasa.net\\\/blog\\\/vivienda\\\/construccion-de-viviendas\\\/la-vivienda-nueva-ha-recuperado-los-precios-previos-al-2007\\\/\"]}]},{\"@type\":\"ImageObject\",\"inLanguage\":\"es\",\"@id\":\"https:\\\/\\\/www.aquimicasa.net\\\/blog\\\/vivienda\\\/construccion-de-viviendas\\\/la-vivienda-nueva-ha-recuperado-los-precios-previos-al-2007\\\/#primaryimage\",\"url\":\"https:\\\/\\\/www.aquimicasa.net\\\/blog\\\/wp-content\\\/uploads\\\/Construccion5-3-e1684952417786.jpg\",\"contentUrl\":\"https:\\\/\\\/www.aquimicasa.net\\\/blog\\\/wp-content\\\/uploads\\\/Construccion5-3-e1684952417786.jpg\",\"width\":450,\"height\":232,\"caption\":\"Vivienda de obra nueva en la Regi\u00f3n de Murcia\"},{\"@type\":\"BreadcrumbList\",\"@id\":\"https:\\\/\\\/www.aquimicasa.net\\\/blog\\\/vivienda\\\/construccion-de-viviendas\\\/la-vivienda-nueva-ha-recuperado-los-precios-previos-al-2007\\\/#breadcrumb\",\"itemListElement\":[{\"@type\":\"ListItem\",\"position\":1,\"name\":\"Portada\",\"item\":\"https:\\\/\\\/www.aquimicasa.net\\\/blog\\\/\"},{\"@type\":\"ListItem\",\"position\":2,\"name\":\"La vivienda nueva ha recuperado los precios previos al 2007\"}]},{\"@type\":\"WebSite\",\"@id\":\"https:\\\/\\\/www.aquimicasa.net\\\/blog\\\/#website\",\"url\":\"https:\\\/\\\/www.aquimicasa.net\\\/blog\\\/\",\"name\":\"Blog de aquimicasa.net\",\"description\":\"Noticias del Mundo Inmobiliario\",\"publisher\":{\"@id\":\"https:\\\/\\\/www.aquimicasa.net\\\/blog\\\/#organization\"},\"potentialAction\":[{\"@type\":\"SearchAction\",\"target\":{\"@type\":\"EntryPoint\",\"urlTemplate\":\"https:\\\/\\\/www.aquimicasa.net\\\/blog\\\/?s={search_term_string}\"},\"query-input\":{\"@type\":\"PropertyValueSpecification\",\"valueRequired\":true,\"valueName\":\"search_term_string\"}}],\"inLanguage\":\"es\"},{\"@type\":\"Organization\",\"@id\":\"https:\\\/\\\/www.aquimicasa.net\\\/blog\\\/#organization\",\"name\":\"Blog de aquimicasa.net\",\"url\":\"https:\\\/\\\/www.aquimicasa.net\\\/blog\\\/\",\"logo\":{\"@type\":\"ImageObject\",\"inLanguage\":\"es\",\"@id\":\"https:\\\/\\\/www.aquimicasa.net\\\/blog\\\/#\\\/schema\\\/logo\\\/image\\\/\",\"url\":\"https:\\\/\\\/www.aquimicasa.net\\\/blog\\\/wp-content\\\/uploads\\\/Logo-aquimicasa-1-e1528048213782.png\",\"contentUrl\":\"https:\\\/\\\/www.aquimicasa.net\\\/blog\\\/wp-content\\\/uploads\\\/Logo-aquimicasa-1-e1528048213782.png\",\"width\":225,\"height\":225,\"caption\":\"Blog de aquimicasa.net\"},\"image\":{\"@id\":\"https:\\\/\\\/www.aquimicasa.net\\\/blog\\\/#\\\/schema\\\/logo\\\/image\\\/\"},\"sameAs\":[\"https:\\\/\\\/www.facebook.com\\\/aquimicasa.net\",\"https:\\\/\\\/www.instagram.com\\\/\",\"https:\\\/\\\/x.com\\\/EduLizarragaD\",\"https:\\\/\\\/www.linkedin.com\\\/feed\\\/\"]},{\"@type\":\"Person\",\"@id\":\"https:\\\/\\\/www.aquimicasa.net\\\/blog\\\/#\\\/schema\\\/person\\\/2cdfa2605534583395c8d7ce1d6cac14\",\"name\":\"Eduardo Lizarraga\",\"image\":{\"@type\":\"ImageObject\",\"inLanguage\":\"es\",\"@id\":\"https:\\\/\\\/secure.gravatar.com\\\/avatar\\\/bdabe1eeeed97b65a9cb7de2edd624b07995f7e13abc5fead15961f745f908cc?s=96&d=mm&r=g\",\"url\":\"https:\\\/\\\/secure.gravatar.com\\\/avatar\\\/bdabe1eeeed97b65a9cb7de2edd624b07995f7e13abc5fead15961f745f908cc?s=96&d=mm&r=g\",\"contentUrl\":\"https:\\\/\\\/secure.gravatar.com\\\/avatar\\\/bdabe1eeeed97b65a9cb7de2edd624b07995f7e13abc5fead15961f745f908cc?s=96&d=mm&r=g\",\"caption\":\"Eduardo Lizarraga\"},\"description\":\"Periodista Econ\u00f3mico. Ha trabajado en diversos campos de la informaci\u00f3n. Corresponsal en conflictos, analista pol\u00edtico en Congreso y Senado, periodista del medio ambiente, editor, director editorial, director de comunicaci\u00f3n.... En estos momentos se ha especializado en el sector inmobiliario. Pero tambi\u00e9n es navegante y viajero, preocupado por la pobreza, el medio ambiente y por las actuaciones descontroladas del neoliberalismo empresarial y pol\u00edtico en todo el mundo. Los desahucios, la pobreza infantil y la falta de acceso a los suministros b\u00e1sicos son algunos de los grandes dramas de nuestra sociedad y que es preciso solucionar para hacerla m\u00e1s justa. CEO en www.aquimicasa.net\",\"sameAs\":[\"https:\\\/\\\/www.aquimicasa.net\\\/\"],\"url\":\"https:\\\/\\\/www.aquimicasa.net\\\/blog\\\/author\\\/eduardo\\\/\"}]}<\/script>\n<!-- \/ Yoast SEO plugin. -->","yoast_head_json":{"title":"La vivienda nueva ha recuperado los precios previos al 2007","description":"La evoluci\u00f3n de los precios de la vivienda nueva ha sido superior al de la vivienda de segunda mano y a la media general.","robots":{"index":"index","follow":"follow","max-snippet":"max-snippet:-1","max-image-preview":"max-image-preview:large","max-video-preview":"max-video-preview:-1"},"canonical":"https:\/\/www.aquimicasa.net\/blog\/vivienda\/construccion-de-viviendas\/la-vivienda-nueva-ha-recuperado-los-precios-previos-al-2007\/","og_locale":"es_ES","og_type":"article","og_title":"La vivienda nueva ha recuperado los precios previos al 2007","og_description":"La evoluci\u00f3n de los precios de la vivienda nueva ha sido superior al de la vivienda de segunda mano y a la media general.","og_url":"https:\/\/www.aquimicasa.net\/blog\/vivienda\/construccion-de-viviendas\/la-vivienda-nueva-ha-recuperado-los-precios-previos-al-2007\/","og_site_name":"Blog de aquimicasa.net","article_publisher":"https:\/\/www.facebook.com\/aquimicasa.net","article_published_time":"2021-11-06T22:52:06+00:00","og_image":[{"width":620,"height":320,"url":"https:\/\/www.aquimicasa.net\/blog\/wp-content\/uploads\/Construccion5-3.jpg","type":"image\/jpeg"}],"author":"Eduardo Lizarraga","twitter_misc":{"Escrito por":"Eduardo Lizarraga","Tiempo de lectura":"5 minutos"},"schema":{"@context":"https:\/\/schema.org","@graph":[{"@type":"Article","@id":"https:\/\/www.aquimicasa.net\/blog\/vivienda\/construccion-de-viviendas\/la-vivienda-nueva-ha-recuperado-los-precios-previos-al-2007\/#article","isPartOf":{"@id":"https:\/\/www.aquimicasa.net\/blog\/vivienda\/construccion-de-viviendas\/la-vivienda-nueva-ha-recuperado-los-precios-previos-al-2007\/"},"author":{"name":"Eduardo Lizarraga","@id":"https:\/\/www.aquimicasa.net\/blog\/#\/schema\/person\/2cdfa2605534583395c8d7ce1d6cac14"},"headline":"La vivienda nueva ha recuperado los precios previos al 2007","datePublished":"2021-11-06T22:52:06+00:00","mainEntityOfPage":{"@id":"https:\/\/www.aquimicasa.net\/blog\/vivienda\/construccion-de-viviendas\/la-vivienda-nueva-ha-recuperado-los-precios-previos-al-2007\/"},"wordCount":1266,"publisher":{"@id":"https:\/\/www.aquimicasa.net\/blog\/#organization"},"image":{"@id":"https:\/\/www.aquimicasa.net\/blog\/vivienda\/construccion-de-viviendas\/la-vivienda-nueva-ha-recuperado-los-precios-previos-al-2007\/#primaryimage"},"thumbnailUrl":"https:\/\/www.aquimicasa.net\/blog\/wp-content\/uploads\/Construccion5-3-e1684952417786.jpg","keywords":["newsletter 331"],"articleSection":["Obra Nueva"],"inLanguage":"es"},{"@type":"WebPage","@id":"https:\/\/www.aquimicasa.net\/blog\/vivienda\/construccion-de-viviendas\/la-vivienda-nueva-ha-recuperado-los-precios-previos-al-2007\/","url":"https:\/\/www.aquimicasa.net\/blog\/vivienda\/construccion-de-viviendas\/la-vivienda-nueva-ha-recuperado-los-precios-previos-al-2007\/","name":"La vivienda nueva ha recuperado los precios previos al 2007","isPartOf":{"@id":"https:\/\/www.aquimicasa.net\/blog\/#website"},"primaryImageOfPage":{"@id":"https:\/\/www.aquimicasa.net\/blog\/vivienda\/construccion-de-viviendas\/la-vivienda-nueva-ha-recuperado-los-precios-previos-al-2007\/#primaryimage"},"image":{"@id":"https:\/\/www.aquimicasa.net\/blog\/vivienda\/construccion-de-viviendas\/la-vivienda-nueva-ha-recuperado-los-precios-previos-al-2007\/#primaryimage"},"thumbnailUrl":"https:\/\/www.aquimicasa.net\/blog\/wp-content\/uploads\/Construccion5-3-e1684952417786.jpg","datePublished":"2021-11-06T22:52:06+00:00","description":"La evoluci\u00f3n de los precios de la vivienda nueva ha sido superior al de la vivienda de segunda mano y a la media general.","breadcrumb":{"@id":"https:\/\/www.aquimicasa.net\/blog\/vivienda\/construccion-de-viviendas\/la-vivienda-nueva-ha-recuperado-los-precios-previos-al-2007\/#breadcrumb"},"inLanguage":"es","potentialAction":[{"@type":"ReadAction","target":["https:\/\/www.aquimicasa.net\/blog\/vivienda\/construccion-de-viviendas\/la-vivienda-nueva-ha-recuperado-los-precios-previos-al-2007\/"]}]},{"@type":"ImageObject","inLanguage":"es","@id":"https:\/\/www.aquimicasa.net\/blog\/vivienda\/construccion-de-viviendas\/la-vivienda-nueva-ha-recuperado-los-precios-previos-al-2007\/#primaryimage","url":"https:\/\/www.aquimicasa.net\/blog\/wp-content\/uploads\/Construccion5-3-e1684952417786.jpg","contentUrl":"https:\/\/www.aquimicasa.net\/blog\/wp-content\/uploads\/Construccion5-3-e1684952417786.jpg","width":450,"height":232,"caption":"Vivienda de obra nueva en la Regi\u00f3n de Murcia"},{"@type":"BreadcrumbList","@id":"https:\/\/www.aquimicasa.net\/blog\/vivienda\/construccion-de-viviendas\/la-vivienda-nueva-ha-recuperado-los-precios-previos-al-2007\/#breadcrumb","itemListElement":[{"@type":"ListItem","position":1,"name":"Portada","item":"https:\/\/www.aquimicasa.net\/blog\/"},{"@type":"ListItem","position":2,"name":"La vivienda nueva ha recuperado los precios previos al 2007"}]},{"@type":"WebSite","@id":"https:\/\/www.aquimicasa.net\/blog\/#website","url":"https:\/\/www.aquimicasa.net\/blog\/","name":"Blog de aquimicasa.net","description":"Noticias del Mundo Inmobiliario","publisher":{"@id":"https:\/\/www.aquimicasa.net\/blog\/#organization"},"potentialAction":[{"@type":"SearchAction","target":{"@type":"EntryPoint","urlTemplate":"https:\/\/www.aquimicasa.net\/blog\/?s={search_term_string}"},"query-input":{"@type":"PropertyValueSpecification","valueRequired":true,"valueName":"search_term_string"}}],"inLanguage":"es"},{"@type":"Organization","@id":"https:\/\/www.aquimicasa.net\/blog\/#organization","name":"Blog de aquimicasa.net","url":"https:\/\/www.aquimicasa.net\/blog\/","logo":{"@type":"ImageObject","inLanguage":"es","@id":"https:\/\/www.aquimicasa.net\/blog\/#\/schema\/logo\/image\/","url":"https:\/\/www.aquimicasa.net\/blog\/wp-content\/uploads\/Logo-aquimicasa-1-e1528048213782.png","contentUrl":"https:\/\/www.aquimicasa.net\/blog\/wp-content\/uploads\/Logo-aquimicasa-1-e1528048213782.png","width":225,"height":225,"caption":"Blog de aquimicasa.net"},"image":{"@id":"https:\/\/www.aquimicasa.net\/blog\/#\/schema\/logo\/image\/"},"sameAs":["https:\/\/www.facebook.com\/aquimicasa.net","https:\/\/www.instagram.com\/","https:\/\/x.com\/EduLizarragaD","https:\/\/www.linkedin.com\/feed\/"]},{"@type":"Person","@id":"https:\/\/www.aquimicasa.net\/blog\/#\/schema\/person\/2cdfa2605534583395c8d7ce1d6cac14","name":"Eduardo Lizarraga","image":{"@type":"ImageObject","inLanguage":"es","@id":"https:\/\/secure.gravatar.com\/avatar\/bdabe1eeeed97b65a9cb7de2edd624b07995f7e13abc5fead15961f745f908cc?s=96&d=mm&r=g","url":"https:\/\/secure.gravatar.com\/avatar\/bdabe1eeeed97b65a9cb7de2edd624b07995f7e13abc5fead15961f745f908cc?s=96&d=mm&r=g","contentUrl":"https:\/\/secure.gravatar.com\/avatar\/bdabe1eeeed97b65a9cb7de2edd624b07995f7e13abc5fead15961f745f908cc?s=96&d=mm&r=g","caption":"Eduardo Lizarraga"},"description":"Periodista Econ\u00f3mico. Ha trabajado en diversos campos de la informaci\u00f3n. Corresponsal en conflictos, analista pol\u00edtico en Congreso y Senado, periodista del medio ambiente, editor, director editorial, director de comunicaci\u00f3n.... En estos momentos se ha especializado en el sector inmobiliario. Pero tambi\u00e9n es navegante y viajero, preocupado por la pobreza, el medio ambiente y por las actuaciones descontroladas del neoliberalismo empresarial y pol\u00edtico en todo el mundo. Los desahucios, la pobreza infantil y la falta de acceso a los suministros b\u00e1sicos son algunos de los grandes dramas de nuestra sociedad y que es preciso solucionar para hacerla m\u00e1s justa. CEO en www.aquimicasa.net","sameAs":["https:\/\/www.aquimicasa.net\/"],"url":"https:\/\/www.aquimicasa.net\/blog\/author\/eduardo\/"}]}},"jetpack_publicize_connections":[],"jetpack_featured_media_url":"https:\/\/www.aquimicasa.net\/blog\/wp-content\/uploads\/Construccion5-3-e1684952417786.jpg","jetpack_sharing_enabled":true,"jetpack_likes_enabled":true,"_links":{"self":[{"href":"https:\/\/www.aquimicasa.net\/blog\/wp-json\/wp\/v2\/posts\/38911","targetHints":{"allow":["GET"]}}],"collection":[{"href":"https:\/\/www.aquimicasa.net\/blog\/wp-json\/wp\/v2\/posts"}],"about":[{"href":"https:\/\/www.aquimicasa.net\/blog\/wp-json\/wp\/v2\/types\/post"}],"author":[{"embeddable":true,"href":"https:\/\/www.aquimicasa.net\/blog\/wp-json\/wp\/v2\/users\/3"}],"replies":[{"embeddable":true,"href":"https:\/\/www.aquimicasa.net\/blog\/wp-json\/wp\/v2\/comments?post=38911"}],"version-history":[{"count":2,"href":"https:\/\/www.aquimicasa.net\/blog\/wp-json\/wp\/v2\/posts\/38911\/revisions"}],"predecessor-version":[{"id":38913,"href":"https:\/\/www.aquimicasa.net\/blog\/wp-json\/wp\/v2\/posts\/38911\/revisions\/38913"}],"wp:featuredmedia":[{"embeddable":true,"href":"https:\/\/www.aquimicasa.net\/blog\/wp-json\/wp\/v2\/media\/35714"}],"wp:attachment":[{"href":"https:\/\/www.aquimicasa.net\/blog\/wp-json\/wp\/v2\/media?parent=38911"}],"wp:term":[{"taxonomy":"category","embeddable":true,"href":"https:\/\/www.aquimicasa.net\/blog\/wp-json\/wp\/v2\/categories?post=38911"},{"taxonomy":"post_tag","embeddable":true,"href":"https:\/\/www.aquimicasa.net\/blog\/wp-json\/wp\/v2\/tags?post=38911"}],"curies":[{"name":"wp","href":"https:\/\/api.w.org\/{rel}","templated":true}]}}