{"id":39123,"date":"2021-11-26T22:16:40","date_gmt":"2021-11-26T21:16:40","guid":{"rendered":"https:\/\/www.aquimicasa.net\/blog\/?p=39123"},"modified":"2021-11-26T22:33:33","modified_gmt":"2021-11-26T21:33:33","slug":"la-vivienda-libre-subio-un-26-anual-en-el-tercer-trimestre","status":"publish","type":"post","link":"https:\/\/www.aquimicasa.net\/blog\/vivienda\/compraventa-de-viviendas\/la-vivienda-libre-subio-un-26-anual-en-el-tercer-trimestre\/","title":{"rendered":"La\u00a0vivienda libre subi\u00f3 un 2,6 % anual en el tercer trimestre"},"content":{"rendered":"<div class=\"fusion-fullwidth fullwidth-box fusion-builder-row-1 fusion-flex-container nonhundred-percent-fullwidth non-hundred-percent-height-scrolling\" style=\"background-color: rgba(255,255,255,0);background-position: center center;background-repeat: no-repeat;border-width: 0px 0px 0px 0px;border-color:#eae9e9;border-style:solid;\" ><div class=\"fusion-builder-row fusion-row fusion-flex-align-items-flex-start\" style=\"max-width:1144px;margin-left: calc(-4% \/ 2 );margin-right: calc(-4% \/ 2 );\"><div class=\"fusion-layout-column fusion_builder_column fusion-builder-column-0 fusion_builder_column_1_1 1_1 fusion-flex-column\"><div class=\"fusion-column-wrapper fusion-flex-justify-content-flex-start fusion-content-layout-column\" style=\"background-position:left top;background-repeat:no-repeat;-webkit-background-size:cover;-moz-background-size:cover;-o-background-size:cover;background-size:cover;padding: 0px 0px 0px 0px;\"><div class=\"fusion-text fusion-text-1\"><p>Sin parar de hacerlo desde finales de marzo, el <strong>precio de la vivienda<\/strong> contin\u00faa su senda alcista rompiendo todas las revisiones. Todos los prescriptores del sector inmobiliario han ido publicando sus datos y estad\u00edsticas, ahora es el<strong> Ministerio de Transportes, Movilidad y Agenda Urbana<\/strong> (Mitma) el que lo hace. Seg\u00fan lo publicado este pasado jueves, el precio medio de los inmuebles se situ\u00f3 en el tercer trimestre del a\u00f1o en los <strong>1.661 euros por metro cuadrado<\/strong>, lo que se traduce en un avance interanual del 2,6%,\u00a0 la cifra m\u00e1s alta recogida en la serie hist\u00f3rica desde el cuarto trimestre de 2011, cuando el metro cuadrado se situ\u00f3 en los 1.701 euros.<\/p>\n<p>De esta forma los precios de la vivienda se dirigen o ya superan en algunas zonas, a los precios pre Covid. Y las previsiones de todo el sector es que nos aguarden dos a\u00f1os buenos, con las compraventas disparadas y un cierto desabastecimiento de inmuebles en el sector profesional, <strong>la captaci\u00f3n est\u00e1 dura,<\/strong> dicen las inmobiliarias. Y es que en muchas zonas los particulares, aprovechando la bonanza del mercado, se han puesto el gorro de agente inmobiliario y realizan las operaciones de compraventa con su cuenta con el auxilio de alguna gestor\u00eda para tramitar la documentaci\u00f3n.<\/p>\n<p>El precio de la\u00a0<strong>vivienda<\/strong> libre subi\u00f3 un 2,6 % en el tercer trimestre, respecto al mismo periodo de 2020, hasta alcanzar los 1.661,6 euros el metro cuadrado, lo que confirma la tendencia al alza en lo que va de a\u00f1o, seg\u00fan la estad\u00edstica de valor tasado del Ministerio de Transportes, Movilidad y Agenda Urbana. Respecto al mismo trimestre de 2019, el \u00faltimo anterior a la pandemia, el precio de las casas ha aumentado un 1,4 %.<\/p>\n<p>En porcentaje interanual, las comunidades donde m\u00e1s se han incrementado los precios hasta septiembre son Baleares (4,8 %) y Andaluc\u00eda (4,7 %), mientras que en el otro lado de la tabla las mayores ca\u00eddas se registraron en Castilla y Le\u00f3n (0,5 %) y Galicia (0,9 %), adem\u00e1s de en Ceuta y Melilla (0,1 %). Siendo habituales referencias, a\u00f1adir que en la <strong>Comunidad de Madrid<\/strong> el precio de la vivienda aument\u00f3 un 2,9 % y\u00a0 por su parte, en <strong>Catalu\u00f1a<\/strong> lo hizo en un 1,9 %.<\/p>\n<p>Por encima de la media tambi\u00e9n subieron en la Comunidad Valenciana (3,8 %), Canarias 83,5 %), Pa\u00eds Vasco (3,3 %), Murcia (2,9 %). En el extremo opuesto encontramos que\u00a0 la vivienda se encareci\u00f3 en el tercer trimestre por debajo de la media en Navarra (2,2 %), Cantabria (2,1 %), La Rioja (1,9 %), Arag\u00f3n (1,4 %), Extremadura (1,4 %) y Castilla-La Mancha (1,3 %).<\/p>\n<\/div><\/div><style type=\"text\/css\">.fusion-body .fusion-builder-column-0{width:100% !important;margin-top : 0px;margin-bottom : 0px;}.fusion-builder-column-0 > .fusion-column-wrapper {padding-top : 0px !important;padding-right : 0px !important;margin-right : 1.92%;padding-bottom : 0px !important;padding-left : 0px !important;margin-left : 1.92%;}@media only screen and (max-width:1024px) {.fusion-body .fusion-builder-column-0{width:100% !important;}.fusion-builder-column-0 > .fusion-column-wrapper {margin-right : 1.92%;margin-left : 1.92%;}}@media only screen and (max-width:640px) {.fusion-body .fusion-builder-column-0{width:100% !important;}.fusion-builder-column-0 > .fusion-column-wrapper {margin-right : 1.92%;margin-left : 1.92%;}}<\/style><\/div><\/div><style type=\"text\/css\">.fusion-body .fusion-flex-container.fusion-builder-row-1{ padding-top : 0px;margin-top : 0px;padding-right : 0px;padding-bottom : 0px;margin-bottom : 0px;padding-left : 0px;}<\/style><\/div>\n","protected":false},"excerpt":{"rendered":"<p>En porcentaje interanual, las comunidades donde m\u00e1s se han incrementado los precios hasta septiembre son Baleares (4,8 %) y Andaluc\u00eda (4,7 %), mientras que en el otro lado de la tabla las mayores ca\u00eddas se registraron en Castilla y Le\u00f3n (0,5 %) y Galicia (0,9 %), adem\u00e1s de en Ceuta y Melilla (0,1 %).<\/p>\n","protected":false},"author":3,"featured_media":38498,"comment_status":"closed","ping_status":"closed","sticky":false,"template":"","format":"standard","meta":{"_jetpack_memberships_contains_paid_content":false,"footnotes":"","jetpack_publicize_message":"","jetpack_publicize_feature_enabled":true,"jetpack_social_post_already_shared":true,"jetpack_social_options":{"image_generator_settings":{"template":"highway","default_image_id":0,"font":"","enabled":false},"version":2}},"categories":[100,7565],"tags":[7995],"class_list":["post-39123","post","type-post","status-publish","format-standard","has-post-thumbnail","hentry","category-compraventa-de-viviendas","category-noticias-mercado-inmobiliario","tag-newsletter-334"],"yoast_head":"<!-- This site is optimized with the Yoast SEO plugin v28.2 - https:\/\/yoast.com\/product\/yoast-seo-wordpress\/ -->\n<title>La\u00a0vivienda libre subi\u00f3 un 2,6 % anual en el tercer trimestre - Blog de aquimicasa.net<\/title>\n<meta name=\"robots\" content=\"index, follow, max-snippet:-1, max-image-preview:large, max-video-preview:-1\" \/>\n<link rel=\"canonical\" href=\"https:\/\/www.aquimicasa.net\/blog\/vivienda\/compraventa-de-viviendas\/la-vivienda-libre-subio-un-26-anual-en-el-tercer-trimestre\/\" \/>\n<meta property=\"og:locale\" content=\"es_ES\" \/>\n<meta property=\"og:type\" content=\"article\" \/>\n<meta property=\"og:title\" content=\"La\u00a0vivienda libre subi\u00f3 un 2,6 % anual en el tercer trimestre - Blog de aquimicasa.net\" \/>\n<meta property=\"og:description\" content=\"En porcentaje interanual, las comunidades donde m\u00e1s se han incrementado los precios hasta septiembre son Baleares (4,8 %) y Andaluc\u00eda (4,7 %), mientras que en el otro lado de la tabla las mayores ca\u00eddas se registraron en Castilla y Le\u00f3n (0,5 %) y Galicia (0,9 %), adem\u00e1s de en Ceuta y Melilla (0,1 %).\" \/>\n<meta property=\"og:url\" content=\"https:\/\/www.aquimicasa.net\/blog\/vivienda\/compraventa-de-viviendas\/la-vivienda-libre-subio-un-26-anual-en-el-tercer-trimestre\/\" \/>\n<meta property=\"og:site_name\" content=\"Blog de aquimicasa.net\" \/>\n<meta property=\"article:publisher\" content=\"https:\/\/www.facebook.com\/aquimicasa.net\" \/>\n<meta property=\"article:published_time\" content=\"2021-11-26T21:16:40+00:00\" \/>\n<meta property=\"article:modified_time\" content=\"2021-11-26T21:33:33+00:00\" \/>\n<meta property=\"og:image\" content=\"https:\/\/www.aquimicasa.net\/blog\/wp-content\/uploads\/valoracion10-e1632380898200.jpg\" \/>\n\t<meta property=\"og:image:width\" content=\"400\" \/>\n\t<meta property=\"og:image:height\" content=\"263\" \/>\n\t<meta property=\"og:image:type\" content=\"image\/jpeg\" \/>\n<meta name=\"author\" content=\"Eduardo Lizarraga\" \/>\n<meta name=\"twitter:label1\" content=\"Escrito por\" \/>\n\t<meta name=\"twitter:data1\" content=\"Eduardo Lizarraga\" \/>\n\t<meta name=\"twitter:label2\" content=\"Tiempo de lectura\" \/>\n\t<meta name=\"twitter:data2\" content=\"1 minuto\" \/>\n<script type=\"application\/ld+json\" class=\"yoast-schema-graph\">{\"@context\":\"https:\\\/\\\/schema.org\",\"@graph\":[{\"@type\":\"Article\",\"@id\":\"https:\\\/\\\/www.aquimicasa.net\\\/blog\\\/vivienda\\\/compraventa-de-viviendas\\\/la-vivienda-libre-subio-un-26-anual-en-el-tercer-trimestre\\\/#article\",\"isPartOf\":{\"@id\":\"https:\\\/\\\/www.aquimicasa.net\\\/blog\\\/vivienda\\\/compraventa-de-viviendas\\\/la-vivienda-libre-subio-un-26-anual-en-el-tercer-trimestre\\\/\"},\"author\":{\"name\":\"Eduardo Lizarraga\",\"@id\":\"https:\\\/\\\/www.aquimicasa.net\\\/blog\\\/#\\\/schema\\\/person\\\/2cdfa2605534583395c8d7ce1d6cac14\"},\"headline\":\"La\u00a0vivienda libre subi\u00f3 un 2,6 % anual en el tercer trimestre\",\"datePublished\":\"2021-11-26T21:16:40+00:00\",\"dateModified\":\"2021-11-26T21:33:33+00:00\",\"mainEntityOfPage\":{\"@id\":\"https:\\\/\\\/www.aquimicasa.net\\\/blog\\\/vivienda\\\/compraventa-de-viviendas\\\/la-vivienda-libre-subio-un-26-anual-en-el-tercer-trimestre\\\/\"},\"wordCount\":660,\"publisher\":{\"@id\":\"https:\\\/\\\/www.aquimicasa.net\\\/blog\\\/#organization\"},\"image\":{\"@id\":\"https:\\\/\\\/www.aquimicasa.net\\\/blog\\\/vivienda\\\/compraventa-de-viviendas\\\/la-vivienda-libre-subio-un-26-anual-en-el-tercer-trimestre\\\/#primaryimage\"},\"thumbnailUrl\":\"https:\\\/\\\/www.aquimicasa.net\\\/blog\\\/wp-content\\\/uploads\\\/valoracion10-e1632380898200.jpg\",\"keywords\":[\"newsletter 334\"],\"articleSection\":[\"Compra Venta\",\"Noticias Mercado Inmobiliario\"],\"inLanguage\":\"es\"},{\"@type\":\"WebPage\",\"@id\":\"https:\\\/\\\/www.aquimicasa.net\\\/blog\\\/vivienda\\\/compraventa-de-viviendas\\\/la-vivienda-libre-subio-un-26-anual-en-el-tercer-trimestre\\\/\",\"url\":\"https:\\\/\\\/www.aquimicasa.net\\\/blog\\\/vivienda\\\/compraventa-de-viviendas\\\/la-vivienda-libre-subio-un-26-anual-en-el-tercer-trimestre\\\/\",\"name\":\"La\u00a0vivienda libre subi\u00f3 un 2,6 % anual en el tercer trimestre - Blog de aquimicasa.net\",\"isPartOf\":{\"@id\":\"https:\\\/\\\/www.aquimicasa.net\\\/blog\\\/#website\"},\"primaryImageOfPage\":{\"@id\":\"https:\\\/\\\/www.aquimicasa.net\\\/blog\\\/vivienda\\\/compraventa-de-viviendas\\\/la-vivienda-libre-subio-un-26-anual-en-el-tercer-trimestre\\\/#primaryimage\"},\"image\":{\"@id\":\"https:\\\/\\\/www.aquimicasa.net\\\/blog\\\/vivienda\\\/compraventa-de-viviendas\\\/la-vivienda-libre-subio-un-26-anual-en-el-tercer-trimestre\\\/#primaryimage\"},\"thumbnailUrl\":\"https:\\\/\\\/www.aquimicasa.net\\\/blog\\\/wp-content\\\/uploads\\\/valoracion10-e1632380898200.jpg\",\"datePublished\":\"2021-11-26T21:16:40+00:00\",\"dateModified\":\"2021-11-26T21:33:33+00:00\",\"breadcrumb\":{\"@id\":\"https:\\\/\\\/www.aquimicasa.net\\\/blog\\\/vivienda\\\/compraventa-de-viviendas\\\/la-vivienda-libre-subio-un-26-anual-en-el-tercer-trimestre\\\/#breadcrumb\"},\"inLanguage\":\"es\",\"potentialAction\":[{\"@type\":\"ReadAction\",\"target\":[\"https:\\\/\\\/www.aquimicasa.net\\\/blog\\\/vivienda\\\/compraventa-de-viviendas\\\/la-vivienda-libre-subio-un-26-anual-en-el-tercer-trimestre\\\/\"]}]},{\"@type\":\"ImageObject\",\"inLanguage\":\"es\",\"@id\":\"https:\\\/\\\/www.aquimicasa.net\\\/blog\\\/vivienda\\\/compraventa-de-viviendas\\\/la-vivienda-libre-subio-un-26-anual-en-el-tercer-trimestre\\\/#primaryimage\",\"url\":\"https:\\\/\\\/www.aquimicasa.net\\\/blog\\\/wp-content\\\/uploads\\\/valoracion10-e1632380898200.jpg\",\"contentUrl\":\"https:\\\/\\\/www.aquimicasa.net\\\/blog\\\/wp-content\\\/uploads\\\/valoracion10-e1632380898200.jpg\",\"width\":400,\"height\":263,\"caption\":\"Sube el precio de la vivienda en las ciudades\"},{\"@type\":\"BreadcrumbList\",\"@id\":\"https:\\\/\\\/www.aquimicasa.net\\\/blog\\\/vivienda\\\/compraventa-de-viviendas\\\/la-vivienda-libre-subio-un-26-anual-en-el-tercer-trimestre\\\/#breadcrumb\",\"itemListElement\":[{\"@type\":\"ListItem\",\"position\":1,\"name\":\"Portada\",\"item\":\"https:\\\/\\\/www.aquimicasa.net\\\/blog\\\/\"},{\"@type\":\"ListItem\",\"position\":2,\"name\":\"La\u00a0vivienda libre subi\u00f3 un 2,6 % anual en el tercer trimestre\"}]},{\"@type\":\"WebSite\",\"@id\":\"https:\\\/\\\/www.aquimicasa.net\\\/blog\\\/#website\",\"url\":\"https:\\\/\\\/www.aquimicasa.net\\\/blog\\\/\",\"name\":\"Blog de aquimicasa.net\",\"description\":\"Noticias del Mundo Inmobiliario\",\"publisher\":{\"@id\":\"https:\\\/\\\/www.aquimicasa.net\\\/blog\\\/#organization\"},\"potentialAction\":[{\"@type\":\"SearchAction\",\"target\":{\"@type\":\"EntryPoint\",\"urlTemplate\":\"https:\\\/\\\/www.aquimicasa.net\\\/blog\\\/?s={search_term_string}\"},\"query-input\":{\"@type\":\"PropertyValueSpecification\",\"valueRequired\":true,\"valueName\":\"search_term_string\"}}],\"inLanguage\":\"es\"},{\"@type\":\"Organization\",\"@id\":\"https:\\\/\\\/www.aquimicasa.net\\\/blog\\\/#organization\",\"name\":\"Blog de aquimicasa.net\",\"url\":\"https:\\\/\\\/www.aquimicasa.net\\\/blog\\\/\",\"logo\":{\"@type\":\"ImageObject\",\"inLanguage\":\"es\",\"@id\":\"https:\\\/\\\/www.aquimicasa.net\\\/blog\\\/#\\\/schema\\\/logo\\\/image\\\/\",\"url\":\"https:\\\/\\\/www.aquimicasa.net\\\/blog\\\/wp-content\\\/uploads\\\/Logo-aquimicasa-1-e1528048213782.png\",\"contentUrl\":\"https:\\\/\\\/www.aquimicasa.net\\\/blog\\\/wp-content\\\/uploads\\\/Logo-aquimicasa-1-e1528048213782.png\",\"width\":225,\"height\":225,\"caption\":\"Blog de aquimicasa.net\"},\"image\":{\"@id\":\"https:\\\/\\\/www.aquimicasa.net\\\/blog\\\/#\\\/schema\\\/logo\\\/image\\\/\"},\"sameAs\":[\"https:\\\/\\\/www.facebook.com\\\/aquimicasa.net\",\"https:\\\/\\\/www.instagram.com\\\/\",\"https:\\\/\\\/x.com\\\/EduLizarragaD\",\"https:\\\/\\\/www.linkedin.com\\\/feed\\\/\"]},{\"@type\":\"Person\",\"@id\":\"https:\\\/\\\/www.aquimicasa.net\\\/blog\\\/#\\\/schema\\\/person\\\/2cdfa2605534583395c8d7ce1d6cac14\",\"name\":\"Eduardo Lizarraga\",\"image\":{\"@type\":\"ImageObject\",\"inLanguage\":\"es\",\"@id\":\"https:\\\/\\\/secure.gravatar.com\\\/avatar\\\/bdabe1eeeed97b65a9cb7de2edd624b07995f7e13abc5fead15961f745f908cc?s=96&d=mm&r=g\",\"url\":\"https:\\\/\\\/secure.gravatar.com\\\/avatar\\\/bdabe1eeeed97b65a9cb7de2edd624b07995f7e13abc5fead15961f745f908cc?s=96&d=mm&r=g\",\"contentUrl\":\"https:\\\/\\\/secure.gravatar.com\\\/avatar\\\/bdabe1eeeed97b65a9cb7de2edd624b07995f7e13abc5fead15961f745f908cc?s=96&d=mm&r=g\",\"caption\":\"Eduardo Lizarraga\"},\"description\":\"Periodista Econ\u00f3mico. Ha trabajado en diversos campos de la informaci\u00f3n. Corresponsal en conflictos, analista pol\u00edtico en Congreso y Senado, periodista del medio ambiente, editor, director editorial, director de comunicaci\u00f3n.... En estos momentos se ha especializado en el sector inmobiliario. Pero tambi\u00e9n es navegante y viajero, preocupado por la pobreza, el medio ambiente y por las actuaciones descontroladas del neoliberalismo empresarial y pol\u00edtico en todo el mundo. Los desahucios, la pobreza infantil y la falta de acceso a los suministros b\u00e1sicos son algunos de los grandes dramas de nuestra sociedad y que es preciso solucionar para hacerla m\u00e1s justa. CEO en www.aquimicasa.net\",\"sameAs\":[\"https:\\\/\\\/www.aquimicasa.net\\\/\"],\"url\":\"https:\\\/\\\/www.aquimicasa.net\\\/blog\\\/author\\\/eduardo\\\/\"}]}<\/script>\n<!-- \/ Yoast SEO plugin. -->","yoast_head_json":{"title":"La\u00a0vivienda libre subi\u00f3 un 2,6 % anual en el tercer trimestre - Blog de aquimicasa.net","robots":{"index":"index","follow":"follow","max-snippet":"max-snippet:-1","max-image-preview":"max-image-preview:large","max-video-preview":"max-video-preview:-1"},"canonical":"https:\/\/www.aquimicasa.net\/blog\/vivienda\/compraventa-de-viviendas\/la-vivienda-libre-subio-un-26-anual-en-el-tercer-trimestre\/","og_locale":"es_ES","og_type":"article","og_title":"La\u00a0vivienda libre subi\u00f3 un 2,6 % anual en el tercer trimestre - Blog de aquimicasa.net","og_description":"En porcentaje interanual, las comunidades donde m\u00e1s se han incrementado los precios hasta septiembre son Baleares (4,8 %) y Andaluc\u00eda (4,7 %), mientras que en el otro lado de la tabla las mayores ca\u00eddas se registraron en Castilla y Le\u00f3n (0,5 %) y Galicia (0,9 %), adem\u00e1s de en Ceuta y Melilla (0,1 %).","og_url":"https:\/\/www.aquimicasa.net\/blog\/vivienda\/compraventa-de-viviendas\/la-vivienda-libre-subio-un-26-anual-en-el-tercer-trimestre\/","og_site_name":"Blog de aquimicasa.net","article_publisher":"https:\/\/www.facebook.com\/aquimicasa.net","article_published_time":"2021-11-26T21:16:40+00:00","article_modified_time":"2021-11-26T21:33:33+00:00","og_image":[{"width":400,"height":263,"url":"https:\/\/www.aquimicasa.net\/blog\/wp-content\/uploads\/valoracion10-e1632380898200.jpg","type":"image\/jpeg"}],"author":"Eduardo Lizarraga","twitter_misc":{"Escrito por":"Eduardo Lizarraga","Tiempo de lectura":"1 minuto"},"schema":{"@context":"https:\/\/schema.org","@graph":[{"@type":"Article","@id":"https:\/\/www.aquimicasa.net\/blog\/vivienda\/compraventa-de-viviendas\/la-vivienda-libre-subio-un-26-anual-en-el-tercer-trimestre\/#article","isPartOf":{"@id":"https:\/\/www.aquimicasa.net\/blog\/vivienda\/compraventa-de-viviendas\/la-vivienda-libre-subio-un-26-anual-en-el-tercer-trimestre\/"},"author":{"name":"Eduardo Lizarraga","@id":"https:\/\/www.aquimicasa.net\/blog\/#\/schema\/person\/2cdfa2605534583395c8d7ce1d6cac14"},"headline":"La\u00a0vivienda libre subi\u00f3 un 2,6 % anual en el tercer trimestre","datePublished":"2021-11-26T21:16:40+00:00","dateModified":"2021-11-26T21:33:33+00:00","mainEntityOfPage":{"@id":"https:\/\/www.aquimicasa.net\/blog\/vivienda\/compraventa-de-viviendas\/la-vivienda-libre-subio-un-26-anual-en-el-tercer-trimestre\/"},"wordCount":660,"publisher":{"@id":"https:\/\/www.aquimicasa.net\/blog\/#organization"},"image":{"@id":"https:\/\/www.aquimicasa.net\/blog\/vivienda\/compraventa-de-viviendas\/la-vivienda-libre-subio-un-26-anual-en-el-tercer-trimestre\/#primaryimage"},"thumbnailUrl":"https:\/\/www.aquimicasa.net\/blog\/wp-content\/uploads\/valoracion10-e1632380898200.jpg","keywords":["newsletter 334"],"articleSection":["Compra Venta","Noticias Mercado Inmobiliario"],"inLanguage":"es"},{"@type":"WebPage","@id":"https:\/\/www.aquimicasa.net\/blog\/vivienda\/compraventa-de-viviendas\/la-vivienda-libre-subio-un-26-anual-en-el-tercer-trimestre\/","url":"https:\/\/www.aquimicasa.net\/blog\/vivienda\/compraventa-de-viviendas\/la-vivienda-libre-subio-un-26-anual-en-el-tercer-trimestre\/","name":"La\u00a0vivienda libre subi\u00f3 un 2,6 % anual en el tercer trimestre - Blog de aquimicasa.net","isPartOf":{"@id":"https:\/\/www.aquimicasa.net\/blog\/#website"},"primaryImageOfPage":{"@id":"https:\/\/www.aquimicasa.net\/blog\/vivienda\/compraventa-de-viviendas\/la-vivienda-libre-subio-un-26-anual-en-el-tercer-trimestre\/#primaryimage"},"image":{"@id":"https:\/\/www.aquimicasa.net\/blog\/vivienda\/compraventa-de-viviendas\/la-vivienda-libre-subio-un-26-anual-en-el-tercer-trimestre\/#primaryimage"},"thumbnailUrl":"https:\/\/www.aquimicasa.net\/blog\/wp-content\/uploads\/valoracion10-e1632380898200.jpg","datePublished":"2021-11-26T21:16:40+00:00","dateModified":"2021-11-26T21:33:33+00:00","breadcrumb":{"@id":"https:\/\/www.aquimicasa.net\/blog\/vivienda\/compraventa-de-viviendas\/la-vivienda-libre-subio-un-26-anual-en-el-tercer-trimestre\/#breadcrumb"},"inLanguage":"es","potentialAction":[{"@type":"ReadAction","target":["https:\/\/www.aquimicasa.net\/blog\/vivienda\/compraventa-de-viviendas\/la-vivienda-libre-subio-un-26-anual-en-el-tercer-trimestre\/"]}]},{"@type":"ImageObject","inLanguage":"es","@id":"https:\/\/www.aquimicasa.net\/blog\/vivienda\/compraventa-de-viviendas\/la-vivienda-libre-subio-un-26-anual-en-el-tercer-trimestre\/#primaryimage","url":"https:\/\/www.aquimicasa.net\/blog\/wp-content\/uploads\/valoracion10-e1632380898200.jpg","contentUrl":"https:\/\/www.aquimicasa.net\/blog\/wp-content\/uploads\/valoracion10-e1632380898200.jpg","width":400,"height":263,"caption":"Sube el precio de la vivienda en las ciudades"},{"@type":"BreadcrumbList","@id":"https:\/\/www.aquimicasa.net\/blog\/vivienda\/compraventa-de-viviendas\/la-vivienda-libre-subio-un-26-anual-en-el-tercer-trimestre\/#breadcrumb","itemListElement":[{"@type":"ListItem","position":1,"name":"Portada","item":"https:\/\/www.aquimicasa.net\/blog\/"},{"@type":"ListItem","position":2,"name":"La\u00a0vivienda libre subi\u00f3 un 2,6 % anual en el tercer trimestre"}]},{"@type":"WebSite","@id":"https:\/\/www.aquimicasa.net\/blog\/#website","url":"https:\/\/www.aquimicasa.net\/blog\/","name":"Blog de aquimicasa.net","description":"Noticias del Mundo Inmobiliario","publisher":{"@id":"https:\/\/www.aquimicasa.net\/blog\/#organization"},"potentialAction":[{"@type":"SearchAction","target":{"@type":"EntryPoint","urlTemplate":"https:\/\/www.aquimicasa.net\/blog\/?s={search_term_string}"},"query-input":{"@type":"PropertyValueSpecification","valueRequired":true,"valueName":"search_term_string"}}],"inLanguage":"es"},{"@type":"Organization","@id":"https:\/\/www.aquimicasa.net\/blog\/#organization","name":"Blog de aquimicasa.net","url":"https:\/\/www.aquimicasa.net\/blog\/","logo":{"@type":"ImageObject","inLanguage":"es","@id":"https:\/\/www.aquimicasa.net\/blog\/#\/schema\/logo\/image\/","url":"https:\/\/www.aquimicasa.net\/blog\/wp-content\/uploads\/Logo-aquimicasa-1-e1528048213782.png","contentUrl":"https:\/\/www.aquimicasa.net\/blog\/wp-content\/uploads\/Logo-aquimicasa-1-e1528048213782.png","width":225,"height":225,"caption":"Blog de aquimicasa.net"},"image":{"@id":"https:\/\/www.aquimicasa.net\/blog\/#\/schema\/logo\/image\/"},"sameAs":["https:\/\/www.facebook.com\/aquimicasa.net","https:\/\/www.instagram.com\/","https:\/\/x.com\/EduLizarragaD","https:\/\/www.linkedin.com\/feed\/"]},{"@type":"Person","@id":"https:\/\/www.aquimicasa.net\/blog\/#\/schema\/person\/2cdfa2605534583395c8d7ce1d6cac14","name":"Eduardo Lizarraga","image":{"@type":"ImageObject","inLanguage":"es","@id":"https:\/\/secure.gravatar.com\/avatar\/bdabe1eeeed97b65a9cb7de2edd624b07995f7e13abc5fead15961f745f908cc?s=96&d=mm&r=g","url":"https:\/\/secure.gravatar.com\/avatar\/bdabe1eeeed97b65a9cb7de2edd624b07995f7e13abc5fead15961f745f908cc?s=96&d=mm&r=g","contentUrl":"https:\/\/secure.gravatar.com\/avatar\/bdabe1eeeed97b65a9cb7de2edd624b07995f7e13abc5fead15961f745f908cc?s=96&d=mm&r=g","caption":"Eduardo Lizarraga"},"description":"Periodista Econ\u00f3mico. Ha trabajado en diversos campos de la informaci\u00f3n. Corresponsal en conflictos, analista pol\u00edtico en Congreso y Senado, periodista del medio ambiente, editor, director editorial, director de comunicaci\u00f3n.... En estos momentos se ha especializado en el sector inmobiliario. Pero tambi\u00e9n es navegante y viajero, preocupado por la pobreza, el medio ambiente y por las actuaciones descontroladas del neoliberalismo empresarial y pol\u00edtico en todo el mundo. Los desahucios, la pobreza infantil y la falta de acceso a los suministros b\u00e1sicos son algunos de los grandes dramas de nuestra sociedad y que es preciso solucionar para hacerla m\u00e1s justa. CEO en www.aquimicasa.net","sameAs":["https:\/\/www.aquimicasa.net\/"],"url":"https:\/\/www.aquimicasa.net\/blog\/author\/eduardo\/"}]}},"jetpack_publicize_connections":[],"jetpack_featured_media_url":"https:\/\/www.aquimicasa.net\/blog\/wp-content\/uploads\/valoracion10-e1632380898200.jpg","jetpack_sharing_enabled":true,"jetpack_likes_enabled":true,"_links":{"self":[{"href":"https:\/\/www.aquimicasa.net\/blog\/wp-json\/wp\/v2\/posts\/39123","targetHints":{"allow":["GET"]}}],"collection":[{"href":"https:\/\/www.aquimicasa.net\/blog\/wp-json\/wp\/v2\/posts"}],"about":[{"href":"https:\/\/www.aquimicasa.net\/blog\/wp-json\/wp\/v2\/types\/post"}],"author":[{"embeddable":true,"href":"https:\/\/www.aquimicasa.net\/blog\/wp-json\/wp\/v2\/users\/3"}],"replies":[{"embeddable":true,"href":"https:\/\/www.aquimicasa.net\/blog\/wp-json\/wp\/v2\/comments?post=39123"}],"version-history":[{"count":3,"href":"https:\/\/www.aquimicasa.net\/blog\/wp-json\/wp\/v2\/posts\/39123\/revisions"}],"predecessor-version":[{"id":39129,"href":"https:\/\/www.aquimicasa.net\/blog\/wp-json\/wp\/v2\/posts\/39123\/revisions\/39129"}],"wp:featuredmedia":[{"embeddable":true,"href":"https:\/\/www.aquimicasa.net\/blog\/wp-json\/wp\/v2\/media\/38498"}],"wp:attachment":[{"href":"https:\/\/www.aquimicasa.net\/blog\/wp-json\/wp\/v2\/media?parent=39123"}],"wp:term":[{"taxonomy":"category","embeddable":true,"href":"https:\/\/www.aquimicasa.net\/blog\/wp-json\/wp\/v2\/categories?post=39123"},{"taxonomy":"post_tag","embeddable":true,"href":"https:\/\/www.aquimicasa.net\/blog\/wp-json\/wp\/v2\/tags?post=39123"}],"curies":[{"name":"wp","href":"https:\/\/api.w.org\/{rel}","templated":true}]}}