{"id":39175,"date":"2021-12-02T09:12:42","date_gmt":"2021-12-02T08:12:42","guid":{"rendered":"https:\/\/www.aquimicasa.net\/blog\/?p=39175"},"modified":"2021-12-12T10:28:14","modified_gmt":"2021-12-12T09:28:14","slug":"con-la-luz-de-diciembre-a-sanchez-le-crecera-la-nariz","status":"publish","type":"post","link":"https:\/\/www.aquimicasa.net\/blog\/opinion\/con-la-luz-de-diciembre-a-sanchez-le-crecera-la-nariz\/","title":{"rendered":"Con la luz de diciembre a S\u00e1nchez le crecer\u00e1 la nariz"},"content":{"rendered":"<div class=\"fusion-fullwidth fullwidth-box fusion-builder-row-1 fusion-flex-container nonhundred-percent-fullwidth non-hundred-percent-height-scrolling\" style=\"background-color: rgba(255,255,255,0);background-position: center center;background-repeat: no-repeat;border-width: 0px 0px 0px 0px;border-color:#eae9e9;border-style:solid;\" ><div class=\"fusion-builder-row fusion-row fusion-flex-align-items-flex-start\" style=\"max-width:1144px;margin-left: calc(-4% \/ 2 );margin-right: calc(-4% \/ 2 );\"><div class=\"fusion-layout-column fusion_builder_column fusion-builder-column-0 fusion_builder_column_1_1 1_1 fusion-flex-column\"><div class=\"fusion-column-wrapper fusion-flex-justify-content-flex-start fusion-content-layout-column\" style=\"background-position:left top;background-repeat:no-repeat;-webkit-background-size:cover;-moz-background-size:cover;-o-background-size:cover;background-size:cover;padding: 0px 0px 0px 0px;\"><div class=\"fusion-text fusion-text-1\"><p>No tiene pinta de que vaya a ser un buen mes para el Gobierno. Y aunque para muchos despu\u00e9s del pr\u00f3ximo puente se acabe el mundo y no por una tormenta de fuego sino por un atrac\u00f3n de turr\u00f3n y langostinos, con pandemia de cu\u00f1ados incluida, para <strong>Pedro S\u00e1nchez y su muchachada<\/strong>, la situaci\u00f3n se va ennegreciendo por momentos. No es de extra\u00f1ar que haya decidido realizar dos consejos de ministros a la semana a lo largo de diciembre y dado el caso podr\u00eda haber puesto un par de mobil homes &#8211; nada de promiscuidad XD- en los jardines de Moncloa para m\u00e1s comodidad de sus chicos y chicas.<\/p>\n<p>Y por eso de llevar un orden, deseable ante todo lo que llega, voy a comenzar por lo de la luz. Y en esto ando algo perplejo, porque no me esperaba que un pol\u00edtico como se dice, con m\u00e1s conchas que un gal\u00e1pago que es S\u00e1nchez, se dejara dar la pillada que se le avecina. \u00bfC\u00f3mo se le ocurre <strong>prometer que este a\u00f1o los consumidores pagar\u00e1n lo mismo que en 2018<\/strong> una vez descontado el IPC? Entiendo que debi\u00f3 ser un calent\u00f3n de esos que produce ir bien comido y aposentado, porque desde luego ni encomend\u00e1ndose al cielo y mucho menos a las el\u00e9ctricas los n\u00fameros le van a cuadrar.<\/p>\n<p>El recibo el\u00e9ctrico del usuario medio se ha situado en noviembre en 115,18 euros, un <strong>68,1% por encima de los 68,50 euros del mismo mes del a\u00f1o pasado<\/strong>. Se trata de la segunda factura m\u00e1s cara de la historia, tras la del pasado octubre, seg\u00fan pone de manifiesto el an\u00e1lisis de FACUA-Consumidores en Acci\u00f3n, que lleva meses enredando con la situaci\u00f3n,\u00a0 sobre la evoluci\u00f3n de la <strong>tarifa semirregulada PVPC.<\/strong><\/p>\n<p>Con estos datos y lo que llevamos de meses anteriores, un usuario medio tendr\u00eda que recibir una factura en la que su compa\u00f1\u00eda le devolviese 12 euros cuando finalice el pr\u00f3ximo mes. Jajajajaja, como que no veo yo que Pedro, a pesar de sus dotes ya probadas, pueda convencer a las hermanas kilowatio de semejante desatino y m\u00e1s despu\u00e9s de lo que ya les ha hecho los pasados meses con sus beneficios, que deben estar todos los CEOs del sector, con <strong>S\u00e1nchez Gal\u00e1n<\/strong> como Gran Maestre, haci\u00e9ndole sesiones intensivas de vud\u00fa jamaicano. Preveo un buen conjunto de Pinochos en las portadas de los medios m\u00e1s afines.<\/p>\n<p>El caso es que los sucesivos incrementos de todas las fuentes energ\u00e9ticas y no s\u00f3lo de la luz, han logrado incrementar, seg\u00fan la OCU -otra enredadora- en m\u00e1s de <strong>800 euros la factura energ\u00e9tica<\/strong> media de las familias espa\u00f1olas en relaci\u00f3n con la del a\u00f1o anterior: 260 en electricidad, casi 190 en gas y de 300 a 400 en carburantes.<\/p>\n<p>Muchos ayuntamientos, como Zaragoza, Valencia, Barcelona, Vigo, Sevilla, Segovia, Valladolid\u2026pocos del PP, con la honrosa excepci\u00f3n de Salamanca, est\u00e1n intentando paliar en lo posible los problemas de sus vecinos, con las <strong>peticiones a sus servicios sociales<\/strong> disparadas y ayudas planteadas en comida y energ\u00eda. \u00a0El problema es que las medidas del \u2018escudo social\u2019 desarrollado por el Gobierno por la pandemia, y que lograron evitar m\u00e1s de 200.000 cortes de suministro en los primeros meses, no condonan ni congelan la deuda de las familias con las empresas suministradoras. Y como \u00e9sta sigue creciendo, se avecina un v\u00eda crucis de reclamaciones,\u00a0 pleitos y embargos cuando dejen de estar vigentes.<\/p>\n<p>Y si lo de la luz est\u00e1 complicado, la <strong>subida de las pensiones<\/strong> con un IPC disparado y el di\u00e1logo social roto, se ha puesto un pel\u00edn caro. Seguro que cuando se acord\u00f3 regularizarlas con el IPC nadie pens\u00f3 en lo que est\u00e1 sucediendo. Resulta curioso, aunque l\u00f3gico en la propia din\u00e1mica empresarial de negociar una cosa y hacer la contraria, que la postura de la patronal de querer retrasar la edad de jubilaci\u00f3n hasta los 70 a\u00f1os, choque con las decisiones de las grandes empresas de jubilar cada vez m\u00e1s anticipadamente a sus trabajadores. Como por ejemplo <strong>Telef\u00f3nica<\/strong>, que acaba de presentar un plan de salida voluntaria del 60% de sus trabajadores de m\u00e1s de 54 a\u00f1os.<\/p>\n<p>Lo que demuestra de forma fehaciente que en Espa\u00f1a, a partir de los 50 a\u00f1os, <strong>los trabajadores son residuos laborales<\/strong> y sus perspectivas de encontrar un trabajo, si tienen la desgracia de quedarse en paro, son las de un plato de acelgas hervidas. La realidad, que no nos enga\u00f1en como acostumbran,\u00a0 es que de esta forma <strong>la pensi\u00f3n que recibir\u00e1n ser\u00e1 mucho menor<\/strong>; todos ganan menos los de siempre. Mientras a las empresas les resulte rentable el despido de los mayores y la contrataci\u00f3n de sus reemplazos con sueldos miserables, continuaremos desperdiciando la experiencia y el conocimiento. Y as\u00ed nos va.<\/p>\n<p>La inflaci\u00f3n anual estimada del<strong> IPC en noviembre<\/strong> es del 5,6%, de acuerdo con el indicador adelantado elaborado por el INE, es decir, la tasa m\u00e1s alta del IPC desde septiembre de 1992 y superior a la que tuvimos en octubre con un 5,4%. Este avance del IPC en caso de confirmarse supondr\u00eda un aumento de dos d\u00e9cimas en su tasa anual. En este comportamiento destacan las subidas de los <strong>precios de la alimentaci\u00f3n<\/strong>, impulsadas por el incremento de los costes energ\u00e9ticos y, en menor medida, los carburantes. Temblando estar\u00e1n en Moncloa con un mes de diciembre, tradicionalmente inflacionista.<\/p>\n<p>El caso es que <strong>las pensiones se revalorizar\u00e1n en un 2,5%<\/strong>, que es la inflaci\u00f3n media de los \u00faltimos 12 meses y no con la inflaci\u00f3n a cierre de noviembre, que pondr\u00eda en mayores aprietos las cuentas del estado. En todo caso muy lejos del 0,25% que impuso Rajoy sin negociaci\u00f3n de ning\u00fan tipo, poniendo a los pensionistas en pie de guerra .<\/p>\n<p>Como las pensiones en el 2021 se revalorizaron un 0,9%, los pensionistas recibir\u00e1n la paga compensatoria \u2013conocida coloquialmente como paguilla\u2013 por la desviaci\u00f3n del 0,9% al 2,5% final, es decir, un 1,6%, lo que alcanzar\u00e1 <strong>una media de unos 300 euros<\/strong>. Para el a\u00f1o pr\u00f3ximo, la pensi\u00f3n m\u00e1xima llegar\u00e1 a los 39.474 euros en 14 pagas, lo que suponen 2.820 mensuales, es decir 112 euros m\u00e1s de lo que percibieron en 2021.<\/p>\n<p>Y si lo de las pensiones est\u00e1 encauzado y no supondr\u00e1 dolores de cabeza al Ejecutivo, salvo en el caso de Jos\u00e9 Luis Escriv\u00e1, ministro de Inclusi\u00f3n, Seguridad Social y Migraciones, que lleva lanzando globos sonda desde hace meses y recogiendo de todo menos flores, aspecto diferente tiene <strong>la subida del SMI<\/strong> que se hab\u00eda dejado para enero y deber\u00e1 negociarse este mes, como \u201caguinaldo\u201d especial para S\u00e1nchez.<\/p>\n<p>La anterior subida del SMI se realiz\u00f3 a finales de septiembre, con efectos retroactivos al d\u00eda primero de ese mes, alcanzando los 965 euros sin la presencia de la patronal, que se levant\u00f3 de la mesa y ya no volvi\u00f3, lo que origin\u00f3 la conocida frase de <strong>Yolanda D\u00edaz<\/strong> \u201cA veces no negociando se pierde\u201d, aprovechando de paso la ocasi\u00f3n para <strong>pedirle a Garamendi<\/strong> que \u201cse resituara\u201d.<\/p>\n<p>La ministra de Trabajo quiere un nuevo incremento en enero, para que no sean los trabajadores m\u00e1s vulnerables los que paguen en sus salarios la consecuencia econ\u00f3mica de la inflaci\u00f3n, como ha sucedido de forma habitual. Pero no es la opini\u00f3n compartida por otros miembros del gabinete que prefieren que la subida se realice <strong>a lo largo del a\u00f1o<\/strong>, lo que provocar\u00e1 nuevas tensiones en el Gobierno de coalici\u00f3n.<\/p>\n<p>El objetivo del Gobierno es seguir las recomendaciones de la <strong>Carta Social Europea<\/strong> y fijar el SMI en el 60% del sueldo medio. Esto nos llevar\u00eda a situarlo en los 1000 euros en 2022 y en los 1.027 en el 2023. Est\u00e1 claro que la patronal volver\u00e1 a poner el grito en G\u00e9nova y que las falanges de Casado saldr\u00e1n a defender los intereses de los trabajadores como siempre, con la menor subida posible, para que los empresarios no sufran todo el esfuerzo y mantengan su nivel adquisitivo.<\/p>\n<p>Y si complicada est\u00e1 la situaci\u00f3n en el aspecto econ\u00f3mico, con una<strong> inflaci\u00f3n desbocada<\/strong> y unos datos econ\u00f3micos que a golpe de pandemia y de cepas diversas no terminan de consolidarse, el aspecto pol\u00edtico m\u00e1s duro est\u00e1 mucho peor, sumergido casi en el surrealismo.<\/p>\n<p>VOX y sus socios, tanto monta monta tanto Arrimadas como Casado, se han propuesto competir en el abonado campo de la involuci\u00f3n y lo demuestran cada d\u00eda, ya sea marchando en manifestaci\u00f3n con las fuerzas de seguridad del Estado, que van perdiendo la credibilidad y la equidistancia que debieran tener, como haciendo revivir a ETA en cada esquina o amenazando con reformar la reforma laboral y llevar la de <strong>la Ley Mordaza al Constitucional<\/strong>; como si una Ley Org\u00e1nica -4\/2015, de 30 de marzo- que entr\u00f3 en vigor el 1 de julio de 2015, en sustituci\u00f3n de la anterior Ley Org\u00e1nica sobre protecci\u00f3n de la seguridad ciudadana (1992), fuera uno de los principales pilares del Estado.<\/p>\n<p>Sin salir del surrealismo, pero cayendo un poco hacia lo bufo, no puedo resistirme a hacer menci\u00f3n del papel\u00f3n de<strong> nuestro entra\u00f1able Bert\u00edn<\/strong>, lleno de sentimientos patrios, sostenidos por un pie en Luxemburgo y otro en Panam\u00e1. Estoy casi seguro que para resarcirle de las maldades de gentes sin escr\u00fapulos ya estar\u00e1 pensando Almeida en hacerle hijo predilecto de Madrid, ahora que Almudena Grandes ha deca\u00eddo del nombramiento.<\/p>\n<p>Lo cierto es que tanto a los que se le llena la boca como a los que no, debi\u00e9ramos todos pensar un poco m\u00e1s en nuestra realidad. Con una estructura econ\u00f3mica que ha demostrado su debilidad frente a una pandemia de la que a\u00fan no hemos salido, <strong>actuar un poco m\u00e1s como pa\u00eds unido<\/strong> no nos vendr\u00eda mal. Y dejar las miserias para cuando todo esto acabe tampoco.<\/p>\n<div id=\"attachment_27470\" style=\"width: 121px\" class=\"wp-caption alignnone\"><img decoding=\"async\" aria-describedby=\"caption-attachment-27470\" class=\" wp-image-27470\" src=\"https:\/\/www.aquimicasa.net\/blog\/wp-content\/uploads\/Eduardo2-244x300.jpg\" alt=\"Periodista econ\u00f3mico\" width=\"111\" height=\"136\" srcset=\"https:\/\/www.aquimicasa.net\/blog\/wp-content\/uploads\/Eduardo2-122x150.jpg 122w, https:\/\/www.aquimicasa.net\/blog\/wp-content\/uploads\/Eduardo2-200x246.jpg 200w, https:\/\/www.aquimicasa.net\/blog\/wp-content\/uploads\/Eduardo2-244x300.jpg 244w, https:\/\/www.aquimicasa.net\/blog\/wp-content\/uploads\/Eduardo2-400x492.jpg 400w, https:\/\/www.aquimicasa.net\/blog\/wp-content\/uploads\/Eduardo2.jpg 513w\" sizes=\"(max-width: 111px) 100vw, 111px\" \/><p id=\"caption-attachment-27470\" class=\"wp-caption-text\">Periodista econ\u00f3mico<\/p><\/div>\n<p>Eduardo Lizarraga<\/p>\n<p>Aquimicasa.net<\/p>\n<\/div><\/div><style type=\"text\/css\">.fusion-body .fusion-builder-column-0{width:100% !important;margin-top : 0px;margin-bottom : 0px;}.fusion-builder-column-0 > .fusion-column-wrapper {padding-top : 0px !important;padding-right : 0px !important;margin-right : 1.92%;padding-bottom : 0px !important;padding-left : 0px !important;margin-left : 1.92%;}@media only screen and (max-width:1024px) {.fusion-body .fusion-builder-column-0{width:100% !important;}.fusion-builder-column-0 > .fusion-column-wrapper {margin-right : 1.92%;margin-left : 1.92%;}}@media only screen and (max-width:640px) {.fusion-body .fusion-builder-column-0{width:100% !important;}.fusion-builder-column-0 > .fusion-column-wrapper {margin-right : 1.92%;margin-left : 1.92%;}}<\/style><\/div><\/div><style type=\"text\/css\">.fusion-body .fusion-flex-container.fusion-builder-row-1{ padding-top : 0px;margin-top : 0px;padding-right : 0px;padding-bottom : 0px;margin-bottom : 0px;padding-left : 0px;}<\/style><\/div>\n","protected":false},"excerpt":{"rendered":"<p>Las pensiones se revalorizar\u00e1n en un 2,5%, que es la inflaci\u00f3n media de los \u00faltimos 12 meses y no con la inflaci\u00f3n a cierre de noviembre, que pondr\u00eda en mayores aprietos las cuentas del estado. En todo caso muy lejos del 0,25% que impuso Rajoy sin negociaci\u00f3n de ning\u00fan tipo, poniendo a los pensionistas en pie de guerra .<\/p>\n","protected":false},"author":3,"featured_media":39179,"comment_status":"closed","ping_status":"closed","sticky":false,"template":"","format":"standard","meta":{"_jetpack_memberships_contains_paid_content":false,"footnotes":"","jetpack_publicize_message":"","jetpack_publicize_feature_enabled":true,"jetpack_social_post_already_shared":true,"jetpack_social_options":{"image_generator_settings":{"template":"highway","default_image_id":0,"font":"","enabled":false},"version":2}},"categories":[3249],"tags":[2989,7995,7996],"class_list":["post-39175","post","type-post","status-publish","format-standard","has-post-thumbnail","hentry","category-opinion","tag-articulo-de-opinion","tag-newsletter-334","tag-newsletter-335"],"yoast_head":"<!-- This site is optimized with the Yoast SEO plugin v27.4 - https:\/\/yoast.com\/product\/yoast-seo-wordpress\/ -->\n<title>Con la luz de diciembre a S\u00e1nchez le crecer\u00e1 la nariz<\/title>\n<meta name=\"description\" content=\"El objetivo del Gobierno es seguir las recomendaciones de la Carta Social Europea y fijar el SMI en el 60% del sueldo medio\" \/>\n<meta name=\"robots\" content=\"index, follow, max-snippet:-1, max-image-preview:large, max-video-preview:-1\" \/>\n<link rel=\"canonical\" href=\"https:\/\/www.aquimicasa.net\/blog\/opinion\/con-la-luz-de-diciembre-a-sanchez-le-crecera-la-nariz\/\" \/>\n<meta property=\"og:locale\" content=\"es_ES\" \/>\n<meta property=\"og:type\" content=\"article\" \/>\n<meta property=\"og:title\" content=\"Con la luz de diciembre a S\u00e1nchez le crecer\u00e1 la nariz\" \/>\n<meta property=\"og:description\" content=\"El objetivo del Gobierno es seguir las recomendaciones de la Carta Social Europea y fijar el SMI en el 60% del sueldo medio\" \/>\n<meta property=\"og:url\" content=\"https:\/\/www.aquimicasa.net\/blog\/opinion\/con-la-luz-de-diciembre-a-sanchez-le-crecera-la-nariz\/\" \/>\n<meta property=\"og:site_name\" content=\"Blog de aquimicasa.net\" \/>\n<meta property=\"article:publisher\" content=\"https:\/\/www.facebook.com\/aquimicasa.net\" \/>\n<meta property=\"article:published_time\" content=\"2021-12-02T08:12:42+00:00\" \/>\n<meta property=\"article:modified_time\" content=\"2021-12-12T09:28:14+00:00\" \/>\n<meta property=\"og:image\" content=\"https:\/\/www.aquimicasa.net\/blog\/wp-content\/uploads\/cuentas-del-estado-4-e1638431447686.jpg\" \/>\n\t<meta property=\"og:image:width\" content=\"400\" \/>\n\t<meta property=\"og:image:height\" content=\"271\" \/>\n\t<meta property=\"og:image:type\" content=\"image\/jpeg\" \/>\n<meta name=\"author\" content=\"Eduardo Lizarraga\" \/>\n<meta name=\"twitter:label1\" content=\"Escrito por\" \/>\n\t<meta name=\"twitter:data1\" content=\"Eduardo Lizarraga\" \/>\n\t<meta name=\"twitter:label2\" content=\"Tiempo de lectura\" \/>\n\t<meta name=\"twitter:data2\" content=\"7 minutos\" \/>\n<script type=\"application\/ld+json\" class=\"yoast-schema-graph\">{\"@context\":\"https:\\\/\\\/schema.org\",\"@graph\":[{\"@type\":\"Article\",\"@id\":\"https:\\\/\\\/www.aquimicasa.net\\\/blog\\\/opinion\\\/con-la-luz-de-diciembre-a-sanchez-le-crecera-la-nariz\\\/#article\",\"isPartOf\":{\"@id\":\"https:\\\/\\\/www.aquimicasa.net\\\/blog\\\/opinion\\\/con-la-luz-de-diciembre-a-sanchez-le-crecera-la-nariz\\\/\"},\"author\":{\"name\":\"Eduardo Lizarraga\",\"@id\":\"https:\\\/\\\/www.aquimicasa.net\\\/blog\\\/#\\\/schema\\\/person\\\/2cdfa2605534583395c8d7ce1d6cac14\"},\"headline\":\"Con la luz de diciembre a S\u00e1nchez le crecer\u00e1 la nariz\",\"datePublished\":\"2021-12-02T08:12:42+00:00\",\"dateModified\":\"2021-12-12T09:28:14+00:00\",\"mainEntityOfPage\":{\"@id\":\"https:\\\/\\\/www.aquimicasa.net\\\/blog\\\/opinion\\\/con-la-luz-de-diciembre-a-sanchez-le-crecera-la-nariz\\\/\"},\"wordCount\":1953,\"publisher\":{\"@id\":\"https:\\\/\\\/www.aquimicasa.net\\\/blog\\\/#organization\"},\"image\":{\"@id\":\"https:\\\/\\\/www.aquimicasa.net\\\/blog\\\/opinion\\\/con-la-luz-de-diciembre-a-sanchez-le-crecera-la-nariz\\\/#primaryimage\"},\"thumbnailUrl\":\"https:\\\/\\\/www.aquimicasa.net\\\/blog\\\/wp-content\\\/uploads\\\/cuentas-del-estado-4-e1638431447686.jpg\",\"keywords\":[\"art\u00edculo de opini\u00f3n\",\"newsletter 334\",\"newsletter 335\"],\"articleSection\":[\"Opini\u00f3n\"],\"inLanguage\":\"es\"},{\"@type\":\"WebPage\",\"@id\":\"https:\\\/\\\/www.aquimicasa.net\\\/blog\\\/opinion\\\/con-la-luz-de-diciembre-a-sanchez-le-crecera-la-nariz\\\/\",\"url\":\"https:\\\/\\\/www.aquimicasa.net\\\/blog\\\/opinion\\\/con-la-luz-de-diciembre-a-sanchez-le-crecera-la-nariz\\\/\",\"name\":\"Con la luz de diciembre a S\u00e1nchez le crecer\u00e1 la nariz\",\"isPartOf\":{\"@id\":\"https:\\\/\\\/www.aquimicasa.net\\\/blog\\\/#website\"},\"primaryImageOfPage\":{\"@id\":\"https:\\\/\\\/www.aquimicasa.net\\\/blog\\\/opinion\\\/con-la-luz-de-diciembre-a-sanchez-le-crecera-la-nariz\\\/#primaryimage\"},\"image\":{\"@id\":\"https:\\\/\\\/www.aquimicasa.net\\\/blog\\\/opinion\\\/con-la-luz-de-diciembre-a-sanchez-le-crecera-la-nariz\\\/#primaryimage\"},\"thumbnailUrl\":\"https:\\\/\\\/www.aquimicasa.net\\\/blog\\\/wp-content\\\/uploads\\\/cuentas-del-estado-4-e1638431447686.jpg\",\"datePublished\":\"2021-12-02T08:12:42+00:00\",\"dateModified\":\"2021-12-12T09:28:14+00:00\",\"description\":\"El objetivo del Gobierno es seguir las recomendaciones de la Carta Social Europea y fijar el SMI en el 60% del sueldo medio\",\"breadcrumb\":{\"@id\":\"https:\\\/\\\/www.aquimicasa.net\\\/blog\\\/opinion\\\/con-la-luz-de-diciembre-a-sanchez-le-crecera-la-nariz\\\/#breadcrumb\"},\"inLanguage\":\"es\",\"potentialAction\":[{\"@type\":\"ReadAction\",\"target\":[\"https:\\\/\\\/www.aquimicasa.net\\\/blog\\\/opinion\\\/con-la-luz-de-diciembre-a-sanchez-le-crecera-la-nariz\\\/\"]}]},{\"@type\":\"ImageObject\",\"inLanguage\":\"es\",\"@id\":\"https:\\\/\\\/www.aquimicasa.net\\\/blog\\\/opinion\\\/con-la-luz-de-diciembre-a-sanchez-le-crecera-la-nariz\\\/#primaryimage\",\"url\":\"https:\\\/\\\/www.aquimicasa.net\\\/blog\\\/wp-content\\\/uploads\\\/cuentas-del-estado-4-e1638431447686.jpg\",\"contentUrl\":\"https:\\\/\\\/www.aquimicasa.net\\\/blog\\\/wp-content\\\/uploads\\\/cuentas-del-estado-4-e1638431447686.jpg\",\"width\":400,\"height\":271,\"caption\":\"Las cuentas de S\u00e1nchez en diciembre\"},{\"@type\":\"BreadcrumbList\",\"@id\":\"https:\\\/\\\/www.aquimicasa.net\\\/blog\\\/opinion\\\/con-la-luz-de-diciembre-a-sanchez-le-crecera-la-nariz\\\/#breadcrumb\",\"itemListElement\":[{\"@type\":\"ListItem\",\"position\":1,\"name\":\"Portada\",\"item\":\"https:\\\/\\\/www.aquimicasa.net\\\/blog\\\/\"},{\"@type\":\"ListItem\",\"position\":2,\"name\":\"Con la luz de diciembre a S\u00e1nchez le crecer\u00e1 la nariz\"}]},{\"@type\":\"WebSite\",\"@id\":\"https:\\\/\\\/www.aquimicasa.net\\\/blog\\\/#website\",\"url\":\"https:\\\/\\\/www.aquimicasa.net\\\/blog\\\/\",\"name\":\"Blog de aquimicasa.net\",\"description\":\"Noticias del Mundo Inmobiliario\",\"publisher\":{\"@id\":\"https:\\\/\\\/www.aquimicasa.net\\\/blog\\\/#organization\"},\"potentialAction\":[{\"@type\":\"SearchAction\",\"target\":{\"@type\":\"EntryPoint\",\"urlTemplate\":\"https:\\\/\\\/www.aquimicasa.net\\\/blog\\\/?s={search_term_string}\"},\"query-input\":{\"@type\":\"PropertyValueSpecification\",\"valueRequired\":true,\"valueName\":\"search_term_string\"}}],\"inLanguage\":\"es\"},{\"@type\":\"Organization\",\"@id\":\"https:\\\/\\\/www.aquimicasa.net\\\/blog\\\/#organization\",\"name\":\"Blog de aquimicasa.net\",\"url\":\"https:\\\/\\\/www.aquimicasa.net\\\/blog\\\/\",\"logo\":{\"@type\":\"ImageObject\",\"inLanguage\":\"es\",\"@id\":\"https:\\\/\\\/www.aquimicasa.net\\\/blog\\\/#\\\/schema\\\/logo\\\/image\\\/\",\"url\":\"https:\\\/\\\/www.aquimicasa.net\\\/blog\\\/wp-content\\\/uploads\\\/Logo-aquimicasa-1-e1528048213782.png\",\"contentUrl\":\"https:\\\/\\\/www.aquimicasa.net\\\/blog\\\/wp-content\\\/uploads\\\/Logo-aquimicasa-1-e1528048213782.png\",\"width\":225,\"height\":225,\"caption\":\"Blog de aquimicasa.net\"},\"image\":{\"@id\":\"https:\\\/\\\/www.aquimicasa.net\\\/blog\\\/#\\\/schema\\\/logo\\\/image\\\/\"},\"sameAs\":[\"https:\\\/\\\/www.facebook.com\\\/aquimicasa.net\",\"https:\\\/\\\/www.instagram.com\\\/\",\"https:\\\/\\\/x.com\\\/EduLizarragaD\",\"https:\\\/\\\/www.linkedin.com\\\/feed\\\/\"]},{\"@type\":\"Person\",\"@id\":\"https:\\\/\\\/www.aquimicasa.net\\\/blog\\\/#\\\/schema\\\/person\\\/2cdfa2605534583395c8d7ce1d6cac14\",\"name\":\"Eduardo Lizarraga\",\"image\":{\"@type\":\"ImageObject\",\"inLanguage\":\"es\",\"@id\":\"https:\\\/\\\/secure.gravatar.com\\\/avatar\\\/bdabe1eeeed97b65a9cb7de2edd624b07995f7e13abc5fead15961f745f908cc?s=96&d=mm&r=g\",\"url\":\"https:\\\/\\\/secure.gravatar.com\\\/avatar\\\/bdabe1eeeed97b65a9cb7de2edd624b07995f7e13abc5fead15961f745f908cc?s=96&d=mm&r=g\",\"contentUrl\":\"https:\\\/\\\/secure.gravatar.com\\\/avatar\\\/bdabe1eeeed97b65a9cb7de2edd624b07995f7e13abc5fead15961f745f908cc?s=96&d=mm&r=g\",\"caption\":\"Eduardo Lizarraga\"},\"description\":\"Periodista Econ\u00f3mico. Ha trabajado en diversos campos de la informaci\u00f3n. Corresponsal en conflictos, analista pol\u00edtico en Congreso y Senado, periodista del medio ambiente, editor, director editorial, director de comunicaci\u00f3n.... En estos momentos se ha especializado en el sector inmobiliario. Pero tambi\u00e9n es navegante y viajero, preocupado por la pobreza, el medio ambiente y por las actuaciones descontroladas del neoliberalismo empresarial y pol\u00edtico en todo el mundo. Los desahucios, la pobreza infantil y la falta de acceso a los suministros b\u00e1sicos son algunos de los grandes dramas de nuestra sociedad y que es preciso solucionar para hacerla m\u00e1s justa. CEO en www.aquimicasa.net\",\"sameAs\":[\"https:\\\/\\\/www.aquimicasa.net\\\/\"],\"url\":\"https:\\\/\\\/www.aquimicasa.net\\\/blog\\\/author\\\/eduardo\\\/\"}]}<\/script>\n<!-- \/ Yoast SEO plugin. -->","yoast_head_json":{"title":"Con la luz de diciembre a S\u00e1nchez le crecer\u00e1 la nariz","description":"El objetivo del Gobierno es seguir las recomendaciones de la Carta Social Europea y fijar el SMI en el 60% del sueldo medio","robots":{"index":"index","follow":"follow","max-snippet":"max-snippet:-1","max-image-preview":"max-image-preview:large","max-video-preview":"max-video-preview:-1"},"canonical":"https:\/\/www.aquimicasa.net\/blog\/opinion\/con-la-luz-de-diciembre-a-sanchez-le-crecera-la-nariz\/","og_locale":"es_ES","og_type":"article","og_title":"Con la luz de diciembre a S\u00e1nchez le crecer\u00e1 la nariz","og_description":"El objetivo del Gobierno es seguir las recomendaciones de la Carta Social Europea y fijar el SMI en el 60% del sueldo medio","og_url":"https:\/\/www.aquimicasa.net\/blog\/opinion\/con-la-luz-de-diciembre-a-sanchez-le-crecera-la-nariz\/","og_site_name":"Blog de aquimicasa.net","article_publisher":"https:\/\/www.facebook.com\/aquimicasa.net","article_published_time":"2021-12-02T08:12:42+00:00","article_modified_time":"2021-12-12T09:28:14+00:00","og_image":[{"width":400,"height":271,"url":"https:\/\/www.aquimicasa.net\/blog\/wp-content\/uploads\/cuentas-del-estado-4-e1638431447686.jpg","type":"image\/jpeg"}],"author":"Eduardo Lizarraga","twitter_misc":{"Escrito por":"Eduardo Lizarraga","Tiempo de lectura":"7 minutos"},"schema":{"@context":"https:\/\/schema.org","@graph":[{"@type":"Article","@id":"https:\/\/www.aquimicasa.net\/blog\/opinion\/con-la-luz-de-diciembre-a-sanchez-le-crecera-la-nariz\/#article","isPartOf":{"@id":"https:\/\/www.aquimicasa.net\/blog\/opinion\/con-la-luz-de-diciembre-a-sanchez-le-crecera-la-nariz\/"},"author":{"name":"Eduardo Lizarraga","@id":"https:\/\/www.aquimicasa.net\/blog\/#\/schema\/person\/2cdfa2605534583395c8d7ce1d6cac14"},"headline":"Con la luz de diciembre a S\u00e1nchez le crecer\u00e1 la nariz","datePublished":"2021-12-02T08:12:42+00:00","dateModified":"2021-12-12T09:28:14+00:00","mainEntityOfPage":{"@id":"https:\/\/www.aquimicasa.net\/blog\/opinion\/con-la-luz-de-diciembre-a-sanchez-le-crecera-la-nariz\/"},"wordCount":1953,"publisher":{"@id":"https:\/\/www.aquimicasa.net\/blog\/#organization"},"image":{"@id":"https:\/\/www.aquimicasa.net\/blog\/opinion\/con-la-luz-de-diciembre-a-sanchez-le-crecera-la-nariz\/#primaryimage"},"thumbnailUrl":"https:\/\/www.aquimicasa.net\/blog\/wp-content\/uploads\/cuentas-del-estado-4-e1638431447686.jpg","keywords":["art\u00edculo de opini\u00f3n","newsletter 334","newsletter 335"],"articleSection":["Opini\u00f3n"],"inLanguage":"es"},{"@type":"WebPage","@id":"https:\/\/www.aquimicasa.net\/blog\/opinion\/con-la-luz-de-diciembre-a-sanchez-le-crecera-la-nariz\/","url":"https:\/\/www.aquimicasa.net\/blog\/opinion\/con-la-luz-de-diciembre-a-sanchez-le-crecera-la-nariz\/","name":"Con la luz de diciembre a S\u00e1nchez le crecer\u00e1 la nariz","isPartOf":{"@id":"https:\/\/www.aquimicasa.net\/blog\/#website"},"primaryImageOfPage":{"@id":"https:\/\/www.aquimicasa.net\/blog\/opinion\/con-la-luz-de-diciembre-a-sanchez-le-crecera-la-nariz\/#primaryimage"},"image":{"@id":"https:\/\/www.aquimicasa.net\/blog\/opinion\/con-la-luz-de-diciembre-a-sanchez-le-crecera-la-nariz\/#primaryimage"},"thumbnailUrl":"https:\/\/www.aquimicasa.net\/blog\/wp-content\/uploads\/cuentas-del-estado-4-e1638431447686.jpg","datePublished":"2021-12-02T08:12:42+00:00","dateModified":"2021-12-12T09:28:14+00:00","description":"El objetivo del Gobierno es seguir las recomendaciones de la Carta Social Europea y fijar el SMI en el 60% del sueldo medio","breadcrumb":{"@id":"https:\/\/www.aquimicasa.net\/blog\/opinion\/con-la-luz-de-diciembre-a-sanchez-le-crecera-la-nariz\/#breadcrumb"},"inLanguage":"es","potentialAction":[{"@type":"ReadAction","target":["https:\/\/www.aquimicasa.net\/blog\/opinion\/con-la-luz-de-diciembre-a-sanchez-le-crecera-la-nariz\/"]}]},{"@type":"ImageObject","inLanguage":"es","@id":"https:\/\/www.aquimicasa.net\/blog\/opinion\/con-la-luz-de-diciembre-a-sanchez-le-crecera-la-nariz\/#primaryimage","url":"https:\/\/www.aquimicasa.net\/blog\/wp-content\/uploads\/cuentas-del-estado-4-e1638431447686.jpg","contentUrl":"https:\/\/www.aquimicasa.net\/blog\/wp-content\/uploads\/cuentas-del-estado-4-e1638431447686.jpg","width":400,"height":271,"caption":"Las cuentas de S\u00e1nchez en diciembre"},{"@type":"BreadcrumbList","@id":"https:\/\/www.aquimicasa.net\/blog\/opinion\/con-la-luz-de-diciembre-a-sanchez-le-crecera-la-nariz\/#breadcrumb","itemListElement":[{"@type":"ListItem","position":1,"name":"Portada","item":"https:\/\/www.aquimicasa.net\/blog\/"},{"@type":"ListItem","position":2,"name":"Con la luz de diciembre a S\u00e1nchez le crecer\u00e1 la nariz"}]},{"@type":"WebSite","@id":"https:\/\/www.aquimicasa.net\/blog\/#website","url":"https:\/\/www.aquimicasa.net\/blog\/","name":"Blog de aquimicasa.net","description":"Noticias del Mundo Inmobiliario","publisher":{"@id":"https:\/\/www.aquimicasa.net\/blog\/#organization"},"potentialAction":[{"@type":"SearchAction","target":{"@type":"EntryPoint","urlTemplate":"https:\/\/www.aquimicasa.net\/blog\/?s={search_term_string}"},"query-input":{"@type":"PropertyValueSpecification","valueRequired":true,"valueName":"search_term_string"}}],"inLanguage":"es"},{"@type":"Organization","@id":"https:\/\/www.aquimicasa.net\/blog\/#organization","name":"Blog de aquimicasa.net","url":"https:\/\/www.aquimicasa.net\/blog\/","logo":{"@type":"ImageObject","inLanguage":"es","@id":"https:\/\/www.aquimicasa.net\/blog\/#\/schema\/logo\/image\/","url":"https:\/\/www.aquimicasa.net\/blog\/wp-content\/uploads\/Logo-aquimicasa-1-e1528048213782.png","contentUrl":"https:\/\/www.aquimicasa.net\/blog\/wp-content\/uploads\/Logo-aquimicasa-1-e1528048213782.png","width":225,"height":225,"caption":"Blog de aquimicasa.net"},"image":{"@id":"https:\/\/www.aquimicasa.net\/blog\/#\/schema\/logo\/image\/"},"sameAs":["https:\/\/www.facebook.com\/aquimicasa.net","https:\/\/www.instagram.com\/","https:\/\/x.com\/EduLizarragaD","https:\/\/www.linkedin.com\/feed\/"]},{"@type":"Person","@id":"https:\/\/www.aquimicasa.net\/blog\/#\/schema\/person\/2cdfa2605534583395c8d7ce1d6cac14","name":"Eduardo Lizarraga","image":{"@type":"ImageObject","inLanguage":"es","@id":"https:\/\/secure.gravatar.com\/avatar\/bdabe1eeeed97b65a9cb7de2edd624b07995f7e13abc5fead15961f745f908cc?s=96&d=mm&r=g","url":"https:\/\/secure.gravatar.com\/avatar\/bdabe1eeeed97b65a9cb7de2edd624b07995f7e13abc5fead15961f745f908cc?s=96&d=mm&r=g","contentUrl":"https:\/\/secure.gravatar.com\/avatar\/bdabe1eeeed97b65a9cb7de2edd624b07995f7e13abc5fead15961f745f908cc?s=96&d=mm&r=g","caption":"Eduardo Lizarraga"},"description":"Periodista Econ\u00f3mico. Ha trabajado en diversos campos de la informaci\u00f3n. Corresponsal en conflictos, analista pol\u00edtico en Congreso y Senado, periodista del medio ambiente, editor, director editorial, director de comunicaci\u00f3n.... En estos momentos se ha especializado en el sector inmobiliario. Pero tambi\u00e9n es navegante y viajero, preocupado por la pobreza, el medio ambiente y por las actuaciones descontroladas del neoliberalismo empresarial y pol\u00edtico en todo el mundo. Los desahucios, la pobreza infantil y la falta de acceso a los suministros b\u00e1sicos son algunos de los grandes dramas de nuestra sociedad y que es preciso solucionar para hacerla m\u00e1s justa. CEO en www.aquimicasa.net","sameAs":["https:\/\/www.aquimicasa.net\/"],"url":"https:\/\/www.aquimicasa.net\/blog\/author\/eduardo\/"}]}},"jetpack_publicize_connections":[],"jetpack_featured_media_url":"https:\/\/www.aquimicasa.net\/blog\/wp-content\/uploads\/cuentas-del-estado-4-e1638431447686.jpg","jetpack_sharing_enabled":true,"jetpack_likes_enabled":true,"_links":{"self":[{"href":"https:\/\/www.aquimicasa.net\/blog\/wp-json\/wp\/v2\/posts\/39175","targetHints":{"allow":["GET"]}}],"collection":[{"href":"https:\/\/www.aquimicasa.net\/blog\/wp-json\/wp\/v2\/posts"}],"about":[{"href":"https:\/\/www.aquimicasa.net\/blog\/wp-json\/wp\/v2\/types\/post"}],"author":[{"embeddable":true,"href":"https:\/\/www.aquimicasa.net\/blog\/wp-json\/wp\/v2\/users\/3"}],"replies":[{"embeddable":true,"href":"https:\/\/www.aquimicasa.net\/blog\/wp-json\/wp\/v2\/comments?post=39175"}],"version-history":[{"count":7,"href":"https:\/\/www.aquimicasa.net\/blog\/wp-json\/wp\/v2\/posts\/39175\/revisions"}],"predecessor-version":[{"id":39183,"href":"https:\/\/www.aquimicasa.net\/blog\/wp-json\/wp\/v2\/posts\/39175\/revisions\/39183"}],"wp:featuredmedia":[{"embeddable":true,"href":"https:\/\/www.aquimicasa.net\/blog\/wp-json\/wp\/v2\/media\/39179"}],"wp:attachment":[{"href":"https:\/\/www.aquimicasa.net\/blog\/wp-json\/wp\/v2\/media?parent=39175"}],"wp:term":[{"taxonomy":"category","embeddable":true,"href":"https:\/\/www.aquimicasa.net\/blog\/wp-json\/wp\/v2\/categories?post=39175"},{"taxonomy":"post_tag","embeddable":true,"href":"https:\/\/www.aquimicasa.net\/blog\/wp-json\/wp\/v2\/tags?post=39175"}],"curies":[{"name":"wp","href":"https:\/\/api.w.org\/{rel}","templated":true}]}}