{"id":39615,"date":"2022-01-12T00:04:12","date_gmt":"2022-01-11T23:04:12","guid":{"rendered":"https:\/\/www.aquimicasa.net\/blog\/?p=39615"},"modified":"2022-01-12T00:04:12","modified_gmt":"2022-01-11T23:04:12","slug":"el-consumo-de-cemento-se-recupera-en-un-ambiente-optimista","status":"publish","type":"post","link":"https:\/\/www.aquimicasa.net\/blog\/economia\/noticias-economia\/el-consumo-de-cemento-se-recupera-en-un-ambiente-optimista\/","title":{"rendered":"El consumo de cemento se recupera en un ambiente optimista"},"content":{"rendered":"<div class=\"fusion-fullwidth fullwidth-box fusion-builder-row-1 fusion-flex-container nonhundred-percent-fullwidth non-hundred-percent-height-scrolling\" style=\"background-color: rgba(255,255,255,0);background-position: center center;background-repeat: no-repeat;border-width: 0px 0px 0px 0px;border-color:#eae9e9;border-style:solid;\" ><div class=\"fusion-builder-row fusion-row fusion-flex-align-items-flex-start\" style=\"max-width:1144px;margin-left: calc(-4% \/ 2 );margin-right: calc(-4% \/ 2 );\"><div class=\"fusion-layout-column fusion_builder_column fusion-builder-column-0 fusion_builder_column_1_1 1_1 fusion-flex-column\"><div class=\"fusion-column-wrapper fusion-flex-justify-content-flex-start fusion-content-layout-column\" style=\"background-position:left top;background-repeat:no-repeat;-webkit-background-size:cover;-moz-background-size:cover;-o-background-size:cover;background-size:cover;padding: 0px 0px 0px 0px;\"><div class=\"fusion-text fusion-text-1\"><p>Uno de los mejores indicadores para conocer la evoluci\u00f3n de la econom\u00eda es el consumo del cemento; se hundi\u00f3 en 2020 y se ha ido recuperando en el 2021, aunque sin alcanzar a\u00fan los niveles de consumo de la pre pandemia. El <strong>consumo de cemento<\/strong> ha crecido un 9,1% en noviembre, hasta alcanzar las 1.318.146 toneladas, 110.061 m\u00e1s que en el mismo mes de 2020, seg\u00fan recogen los \u00faltimos datos publicados en la Estad\u00edstica del Cemento.<\/p>\n<p>A solo un mes del cierre del ejercicio anual, el <strong>consumo de cemento<\/strong> se eleva ya a 13.737.500 toneladas, 1,3 millones de toneladas m\u00e1s que en el mismo per\u00edodo (ene-nov) de 2020. \u201cEn estos once meses el consumo acumula un crecimiento del 10,6%, una evoluci\u00f3n que mejora levemente las previsiones realizadas por nuestro departamento de Estudios en septiembre y que nos permite observar con <strong>moderado optimismo<\/strong> la evoluci\u00f3n del mercado dom\u00e9stico\u201d, indica Jos\u00e9 Manuel Cascajero, presidente de Oficemen.<\/p>\n<p>En datos acumulados de a\u00f1o m\u00f3vil (oct\u201920-nov\u201921), el <strong>crecimiento se sit\u00faa en un 10,5%,<\/strong> con un total de 14.771.032 toneladas de cemento consumidas en nuestro pa\u00eds durante los \u00faltimos 12 meses, una cifra similar a la alcanzada en 2019, antes de que incidiera la crisis sanitaria.<\/p>\n<p>A pesar de este aumento del consumo, la exportaci\u00f3n, perjudicada por los altos costos energ\u00e9ticos y de emisiones contin\u00faa en n\u00fameros rojos en el mes de noviembre. Noviembre se ha cerrado con una nueva <strong>ca\u00edda cercana al 12% en las exportaciones<\/strong>, que han perdido 56.451 t respecto al mismo mes del pasado a\u00f1o. De nuevo, la ca\u00edda mensual ha estado motivada por la mala evoluci\u00f3n de las <strong>exportaciones de cl\u00ednker<\/strong>, que se desplomaron un 42,2% en noviembre.<\/p>\n<p>\u201cNo podemos obviar que en este dato inciden los <strong>costes energ\u00e9ticos y de CO2<\/strong>, que actualmente est\u00e1n en sus m\u00e1ximos hist\u00f3ricos, y que, por su gran impacto en nuestro proceso de fabricaci\u00f3n, est\u00e1n lastrando gravemente la competitividad de nuestra industria\u201d, indica Cascajero.<\/p>\n<p>Este nuevo retroceso ha incidido tambi\u00e9n en las cifras del acumulado anual de las exportaciones, que se sit\u00faan ahora en un crecimiento cercano al 11% pero inferior en 5,5 puntos porcentuales al que marcaba la estad\u00edstica al cierre de octubre. \u201cLa tendencia es clara y urge buscar soluciones. Para ello, venimos reclamando entre otras cosas, la posibilidad de establecer <strong>contratos bilaterales con operadores de energ\u00edas renovables<\/strong>, a precios competitivos, y mediante subastas dirigidas a los consumidores industriales\u00bb, afirma el presidente de Oficemen.<\/p>\n<\/div><\/div><style type=\"text\/css\">.fusion-body .fusion-builder-column-0{width:100% !important;margin-top : 0px;margin-bottom : 0px;}.fusion-builder-column-0 > .fusion-column-wrapper {padding-top : 0px !important;padding-right : 0px !important;margin-right : 1.92%;padding-bottom : 0px !important;padding-left : 0px !important;margin-left : 1.92%;}@media only screen and (max-width:1024px) {.fusion-body .fusion-builder-column-0{width:100% !important;}.fusion-builder-column-0 > .fusion-column-wrapper {margin-right : 1.92%;margin-left : 1.92%;}}@media only screen and (max-width:640px) {.fusion-body .fusion-builder-column-0{width:100% !important;}.fusion-builder-column-0 > .fusion-column-wrapper {margin-right : 1.92%;margin-left : 1.92%;}}<\/style><\/div><\/div><style type=\"text\/css\">.fusion-body .fusion-flex-container.fusion-builder-row-1{ padding-top : 0px;margin-top : 0px;padding-right : 0px;padding-bottom : 0px;margin-bottom : 0px;padding-left : 0px;}<\/style><\/div>\n","protected":false},"excerpt":{"rendered":"<p>A un mes del cierre del ejercicio, el consumo de cemento se eleva ya a 13.737.500 toneladas, 1,3 millones de toneladas m\u00e1s que en el mismo per\u00edodo (ene-nov) de 2020<\/p>\n","protected":false},"author":3,"featured_media":32244,"comment_status":"closed","ping_status":"closed","sticky":false,"template":"","format":"standard","meta":{"_jetpack_memberships_contains_paid_content":false,"footnotes":"","jetpack_publicize_message":"","jetpack_publicize_feature_enabled":true,"jetpack_social_post_already_shared":true,"jetpack_social_options":{"image_generator_settings":{"template":"highway","default_image_id":0,"font":"","enabled":false},"version":2}},"categories":[7564],"tags":[8003],"class_list":["post-39615","post","type-post","status-publish","format-standard","has-post-thumbnail","hentry","category-noticias-economia","tag-newsletter-340"],"yoast_head":"<!-- This site is optimized with the Yoast SEO plugin v28.2 - https:\/\/yoast.com\/product\/yoast-seo-wordpress\/ -->\n<title>El consumo de cemento se recupera en un ambiente optimista<\/title>\n<meta name=\"description\" content=\"El consumo total de cemento en nuestro pa\u00eds ha crecido un 9,1% en noviembre, hasta alcanzar las 1.318.146 toneladas\" \/>\n<meta name=\"robots\" content=\"index, follow, max-snippet:-1, max-image-preview:large, max-video-preview:-1\" \/>\n<link rel=\"canonical\" href=\"https:\/\/www.aquimicasa.net\/blog\/economia\/noticias-economia\/el-consumo-de-cemento-se-recupera-en-un-ambiente-optimista\/\" \/>\n<meta property=\"og:locale\" content=\"es_ES\" \/>\n<meta property=\"og:type\" content=\"article\" \/>\n<meta property=\"og:title\" content=\"El consumo de cemento se recupera en un ambiente optimista\" \/>\n<meta property=\"og:description\" content=\"El consumo total de cemento en nuestro pa\u00eds ha crecido un 9,1% en noviembre, hasta alcanzar las 1.318.146 toneladas\" \/>\n<meta property=\"og:url\" content=\"https:\/\/www.aquimicasa.net\/blog\/economia\/noticias-economia\/el-consumo-de-cemento-se-recupera-en-un-ambiente-optimista\/\" \/>\n<meta property=\"og:site_name\" content=\"Blog de aquimicasa.net\" \/>\n<meta property=\"article:publisher\" content=\"https:\/\/www.facebook.com\/aquimicasa.net\" \/>\n<meta property=\"article:published_time\" content=\"2022-01-11T23:04:12+00:00\" \/>\n<meta property=\"og:image\" content=\"https:\/\/www.aquimicasa.net\/blog\/wp-content\/uploads\/cemento1-e1590163979787.jpg\" \/>\n\t<meta property=\"og:image:width\" content=\"500\" \/>\n\t<meta property=\"og:image:height\" content=\"269\" \/>\n\t<meta property=\"og:image:type\" content=\"image\/jpeg\" \/>\n<meta name=\"author\" content=\"Eduardo Lizarraga\" \/>\n<meta name=\"twitter:label1\" content=\"Escrito por\" \/>\n\t<meta name=\"twitter:data1\" content=\"Eduardo Lizarraga\" \/>\n\t<meta name=\"twitter:label2\" content=\"Tiempo de lectura\" \/>\n\t<meta name=\"twitter:data2\" content=\"2 minutos\" \/>\n<script type=\"application\/ld+json\" class=\"yoast-schema-graph\">{\"@context\":\"https:\\\/\\\/schema.org\",\"@graph\":[{\"@type\":\"Article\",\"@id\":\"https:\\\/\\\/www.aquimicasa.net\\\/blog\\\/economia\\\/noticias-economia\\\/el-consumo-de-cemento-se-recupera-en-un-ambiente-optimista\\\/#article\",\"isPartOf\":{\"@id\":\"https:\\\/\\\/www.aquimicasa.net\\\/blog\\\/economia\\\/noticias-economia\\\/el-consumo-de-cemento-se-recupera-en-un-ambiente-optimista\\\/\"},\"author\":{\"name\":\"Eduardo Lizarraga\",\"@id\":\"https:\\\/\\\/www.aquimicasa.net\\\/blog\\\/#\\\/schema\\\/person\\\/2cdfa2605534583395c8d7ce1d6cac14\"},\"headline\":\"El consumo de cemento se recupera en un ambiente optimista\",\"datePublished\":\"2022-01-11T23:04:12+00:00\",\"mainEntityOfPage\":{\"@id\":\"https:\\\/\\\/www.aquimicasa.net\\\/blog\\\/economia\\\/noticias-economia\\\/el-consumo-de-cemento-se-recupera-en-un-ambiente-optimista\\\/\"},\"wordCount\":666,\"publisher\":{\"@id\":\"https:\\\/\\\/www.aquimicasa.net\\\/blog\\\/#organization\"},\"image\":{\"@id\":\"https:\\\/\\\/www.aquimicasa.net\\\/blog\\\/economia\\\/noticias-economia\\\/el-consumo-de-cemento-se-recupera-en-un-ambiente-optimista\\\/#primaryimage\"},\"thumbnailUrl\":\"https:\\\/\\\/www.aquimicasa.net\\\/blog\\\/wp-content\\\/uploads\\\/cemento1-e1590163979787.jpg\",\"keywords\":[\"newsletter 340\"],\"articleSection\":[\"Noticias Econom\u00eda\"],\"inLanguage\":\"es\"},{\"@type\":\"WebPage\",\"@id\":\"https:\\\/\\\/www.aquimicasa.net\\\/blog\\\/economia\\\/noticias-economia\\\/el-consumo-de-cemento-se-recupera-en-un-ambiente-optimista\\\/\",\"url\":\"https:\\\/\\\/www.aquimicasa.net\\\/blog\\\/economia\\\/noticias-economia\\\/el-consumo-de-cemento-se-recupera-en-un-ambiente-optimista\\\/\",\"name\":\"El consumo de cemento se recupera en un ambiente optimista\",\"isPartOf\":{\"@id\":\"https:\\\/\\\/www.aquimicasa.net\\\/blog\\\/#website\"},\"primaryImageOfPage\":{\"@id\":\"https:\\\/\\\/www.aquimicasa.net\\\/blog\\\/economia\\\/noticias-economia\\\/el-consumo-de-cemento-se-recupera-en-un-ambiente-optimista\\\/#primaryimage\"},\"image\":{\"@id\":\"https:\\\/\\\/www.aquimicasa.net\\\/blog\\\/economia\\\/noticias-economia\\\/el-consumo-de-cemento-se-recupera-en-un-ambiente-optimista\\\/#primaryimage\"},\"thumbnailUrl\":\"https:\\\/\\\/www.aquimicasa.net\\\/blog\\\/wp-content\\\/uploads\\\/cemento1-e1590163979787.jpg\",\"datePublished\":\"2022-01-11T23:04:12+00:00\",\"description\":\"El consumo total de cemento en nuestro pa\u00eds ha crecido un 9,1% en noviembre, hasta alcanzar las 1.318.146 toneladas\",\"breadcrumb\":{\"@id\":\"https:\\\/\\\/www.aquimicasa.net\\\/blog\\\/economia\\\/noticias-economia\\\/el-consumo-de-cemento-se-recupera-en-un-ambiente-optimista\\\/#breadcrumb\"},\"inLanguage\":\"es\",\"potentialAction\":[{\"@type\":\"ReadAction\",\"target\":[\"https:\\\/\\\/www.aquimicasa.net\\\/blog\\\/economia\\\/noticias-economia\\\/el-consumo-de-cemento-se-recupera-en-un-ambiente-optimista\\\/\"]}]},{\"@type\":\"ImageObject\",\"inLanguage\":\"es\",\"@id\":\"https:\\\/\\\/www.aquimicasa.net\\\/blog\\\/economia\\\/noticias-economia\\\/el-consumo-de-cemento-se-recupera-en-un-ambiente-optimista\\\/#primaryimage\",\"url\":\"https:\\\/\\\/www.aquimicasa.net\\\/blog\\\/wp-content\\\/uploads\\\/cemento1-e1590163979787.jpg\",\"contentUrl\":\"https:\\\/\\\/www.aquimicasa.net\\\/blog\\\/wp-content\\\/uploads\\\/cemento1-e1590163979787.jpg\",\"width\":500,\"height\":269,\"caption\":\"Desciende el consumo de cemento un 2,9% anual\"},{\"@type\":\"BreadcrumbList\",\"@id\":\"https:\\\/\\\/www.aquimicasa.net\\\/blog\\\/economia\\\/noticias-economia\\\/el-consumo-de-cemento-se-recupera-en-un-ambiente-optimista\\\/#breadcrumb\",\"itemListElement\":[{\"@type\":\"ListItem\",\"position\":1,\"name\":\"Portada\",\"item\":\"https:\\\/\\\/www.aquimicasa.net\\\/blog\\\/\"},{\"@type\":\"ListItem\",\"position\":2,\"name\":\"El consumo de cemento se recupera en un ambiente optimista\"}]},{\"@type\":\"WebSite\",\"@id\":\"https:\\\/\\\/www.aquimicasa.net\\\/blog\\\/#website\",\"url\":\"https:\\\/\\\/www.aquimicasa.net\\\/blog\\\/\",\"name\":\"Blog de aquimicasa.net\",\"description\":\"Noticias del Mundo Inmobiliario\",\"publisher\":{\"@id\":\"https:\\\/\\\/www.aquimicasa.net\\\/blog\\\/#organization\"},\"potentialAction\":[{\"@type\":\"SearchAction\",\"target\":{\"@type\":\"EntryPoint\",\"urlTemplate\":\"https:\\\/\\\/www.aquimicasa.net\\\/blog\\\/?s={search_term_string}\"},\"query-input\":{\"@type\":\"PropertyValueSpecification\",\"valueRequired\":true,\"valueName\":\"search_term_string\"}}],\"inLanguage\":\"es\"},{\"@type\":\"Organization\",\"@id\":\"https:\\\/\\\/www.aquimicasa.net\\\/blog\\\/#organization\",\"name\":\"Blog de aquimicasa.net\",\"url\":\"https:\\\/\\\/www.aquimicasa.net\\\/blog\\\/\",\"logo\":{\"@type\":\"ImageObject\",\"inLanguage\":\"es\",\"@id\":\"https:\\\/\\\/www.aquimicasa.net\\\/blog\\\/#\\\/schema\\\/logo\\\/image\\\/\",\"url\":\"https:\\\/\\\/www.aquimicasa.net\\\/blog\\\/wp-content\\\/uploads\\\/Logo-aquimicasa-1-e1528048213782.png\",\"contentUrl\":\"https:\\\/\\\/www.aquimicasa.net\\\/blog\\\/wp-content\\\/uploads\\\/Logo-aquimicasa-1-e1528048213782.png\",\"width\":225,\"height\":225,\"caption\":\"Blog de aquimicasa.net\"},\"image\":{\"@id\":\"https:\\\/\\\/www.aquimicasa.net\\\/blog\\\/#\\\/schema\\\/logo\\\/image\\\/\"},\"sameAs\":[\"https:\\\/\\\/www.facebook.com\\\/aquimicasa.net\",\"https:\\\/\\\/www.instagram.com\\\/\",\"https:\\\/\\\/x.com\\\/EduLizarragaD\",\"https:\\\/\\\/www.linkedin.com\\\/feed\\\/\"]},{\"@type\":\"Person\",\"@id\":\"https:\\\/\\\/www.aquimicasa.net\\\/blog\\\/#\\\/schema\\\/person\\\/2cdfa2605534583395c8d7ce1d6cac14\",\"name\":\"Eduardo Lizarraga\",\"image\":{\"@type\":\"ImageObject\",\"inLanguage\":\"es\",\"@id\":\"https:\\\/\\\/secure.gravatar.com\\\/avatar\\\/bdabe1eeeed97b65a9cb7de2edd624b07995f7e13abc5fead15961f745f908cc?s=96&d=mm&r=g\",\"url\":\"https:\\\/\\\/secure.gravatar.com\\\/avatar\\\/bdabe1eeeed97b65a9cb7de2edd624b07995f7e13abc5fead15961f745f908cc?s=96&d=mm&r=g\",\"contentUrl\":\"https:\\\/\\\/secure.gravatar.com\\\/avatar\\\/bdabe1eeeed97b65a9cb7de2edd624b07995f7e13abc5fead15961f745f908cc?s=96&d=mm&r=g\",\"caption\":\"Eduardo Lizarraga\"},\"description\":\"Periodista Econ\u00f3mico. Ha trabajado en diversos campos de la informaci\u00f3n. Corresponsal en conflictos, analista pol\u00edtico en Congreso y Senado, periodista del medio ambiente, editor, director editorial, director de comunicaci\u00f3n.... En estos momentos se ha especializado en el sector inmobiliario. Pero tambi\u00e9n es navegante y viajero, preocupado por la pobreza, el medio ambiente y por las actuaciones descontroladas del neoliberalismo empresarial y pol\u00edtico en todo el mundo. Los desahucios, la pobreza infantil y la falta de acceso a los suministros b\u00e1sicos son algunos de los grandes dramas de nuestra sociedad y que es preciso solucionar para hacerla m\u00e1s justa. CEO en www.aquimicasa.net\",\"sameAs\":[\"https:\\\/\\\/www.aquimicasa.net\\\/\"],\"url\":\"https:\\\/\\\/www.aquimicasa.net\\\/blog\\\/author\\\/eduardo\\\/\"}]}<\/script>\n<!-- \/ Yoast SEO plugin. -->","yoast_head_json":{"title":"El consumo de cemento se recupera en un ambiente optimista","description":"El consumo total de cemento en nuestro pa\u00eds ha crecido un 9,1% en noviembre, hasta alcanzar las 1.318.146 toneladas","robots":{"index":"index","follow":"follow","max-snippet":"max-snippet:-1","max-image-preview":"max-image-preview:large","max-video-preview":"max-video-preview:-1"},"canonical":"https:\/\/www.aquimicasa.net\/blog\/economia\/noticias-economia\/el-consumo-de-cemento-se-recupera-en-un-ambiente-optimista\/","og_locale":"es_ES","og_type":"article","og_title":"El consumo de cemento se recupera en un ambiente optimista","og_description":"El consumo total de cemento en nuestro pa\u00eds ha crecido un 9,1% en noviembre, hasta alcanzar las 1.318.146 toneladas","og_url":"https:\/\/www.aquimicasa.net\/blog\/economia\/noticias-economia\/el-consumo-de-cemento-se-recupera-en-un-ambiente-optimista\/","og_site_name":"Blog de aquimicasa.net","article_publisher":"https:\/\/www.facebook.com\/aquimicasa.net","article_published_time":"2022-01-11T23:04:12+00:00","og_image":[{"width":500,"height":269,"url":"https:\/\/www.aquimicasa.net\/blog\/wp-content\/uploads\/cemento1-e1590163979787.jpg","type":"image\/jpeg"}],"author":"Eduardo Lizarraga","twitter_misc":{"Escrito por":"Eduardo Lizarraga","Tiempo de lectura":"2 minutos"},"schema":{"@context":"https:\/\/schema.org","@graph":[{"@type":"Article","@id":"https:\/\/www.aquimicasa.net\/blog\/economia\/noticias-economia\/el-consumo-de-cemento-se-recupera-en-un-ambiente-optimista\/#article","isPartOf":{"@id":"https:\/\/www.aquimicasa.net\/blog\/economia\/noticias-economia\/el-consumo-de-cemento-se-recupera-en-un-ambiente-optimista\/"},"author":{"name":"Eduardo Lizarraga","@id":"https:\/\/www.aquimicasa.net\/blog\/#\/schema\/person\/2cdfa2605534583395c8d7ce1d6cac14"},"headline":"El consumo de cemento se recupera en un ambiente optimista","datePublished":"2022-01-11T23:04:12+00:00","mainEntityOfPage":{"@id":"https:\/\/www.aquimicasa.net\/blog\/economia\/noticias-economia\/el-consumo-de-cemento-se-recupera-en-un-ambiente-optimista\/"},"wordCount":666,"publisher":{"@id":"https:\/\/www.aquimicasa.net\/blog\/#organization"},"image":{"@id":"https:\/\/www.aquimicasa.net\/blog\/economia\/noticias-economia\/el-consumo-de-cemento-se-recupera-en-un-ambiente-optimista\/#primaryimage"},"thumbnailUrl":"https:\/\/www.aquimicasa.net\/blog\/wp-content\/uploads\/cemento1-e1590163979787.jpg","keywords":["newsletter 340"],"articleSection":["Noticias Econom\u00eda"],"inLanguage":"es"},{"@type":"WebPage","@id":"https:\/\/www.aquimicasa.net\/blog\/economia\/noticias-economia\/el-consumo-de-cemento-se-recupera-en-un-ambiente-optimista\/","url":"https:\/\/www.aquimicasa.net\/blog\/economia\/noticias-economia\/el-consumo-de-cemento-se-recupera-en-un-ambiente-optimista\/","name":"El consumo de cemento se recupera en un ambiente optimista","isPartOf":{"@id":"https:\/\/www.aquimicasa.net\/blog\/#website"},"primaryImageOfPage":{"@id":"https:\/\/www.aquimicasa.net\/blog\/economia\/noticias-economia\/el-consumo-de-cemento-se-recupera-en-un-ambiente-optimista\/#primaryimage"},"image":{"@id":"https:\/\/www.aquimicasa.net\/blog\/economia\/noticias-economia\/el-consumo-de-cemento-se-recupera-en-un-ambiente-optimista\/#primaryimage"},"thumbnailUrl":"https:\/\/www.aquimicasa.net\/blog\/wp-content\/uploads\/cemento1-e1590163979787.jpg","datePublished":"2022-01-11T23:04:12+00:00","description":"El consumo total de cemento en nuestro pa\u00eds ha crecido un 9,1% en noviembre, hasta alcanzar las 1.318.146 toneladas","breadcrumb":{"@id":"https:\/\/www.aquimicasa.net\/blog\/economia\/noticias-economia\/el-consumo-de-cemento-se-recupera-en-un-ambiente-optimista\/#breadcrumb"},"inLanguage":"es","potentialAction":[{"@type":"ReadAction","target":["https:\/\/www.aquimicasa.net\/blog\/economia\/noticias-economia\/el-consumo-de-cemento-se-recupera-en-un-ambiente-optimista\/"]}]},{"@type":"ImageObject","inLanguage":"es","@id":"https:\/\/www.aquimicasa.net\/blog\/economia\/noticias-economia\/el-consumo-de-cemento-se-recupera-en-un-ambiente-optimista\/#primaryimage","url":"https:\/\/www.aquimicasa.net\/blog\/wp-content\/uploads\/cemento1-e1590163979787.jpg","contentUrl":"https:\/\/www.aquimicasa.net\/blog\/wp-content\/uploads\/cemento1-e1590163979787.jpg","width":500,"height":269,"caption":"Desciende el consumo de cemento un 2,9% anual"},{"@type":"BreadcrumbList","@id":"https:\/\/www.aquimicasa.net\/blog\/economia\/noticias-economia\/el-consumo-de-cemento-se-recupera-en-un-ambiente-optimista\/#breadcrumb","itemListElement":[{"@type":"ListItem","position":1,"name":"Portada","item":"https:\/\/www.aquimicasa.net\/blog\/"},{"@type":"ListItem","position":2,"name":"El consumo de cemento se recupera en un ambiente optimista"}]},{"@type":"WebSite","@id":"https:\/\/www.aquimicasa.net\/blog\/#website","url":"https:\/\/www.aquimicasa.net\/blog\/","name":"Blog de aquimicasa.net","description":"Noticias del Mundo Inmobiliario","publisher":{"@id":"https:\/\/www.aquimicasa.net\/blog\/#organization"},"potentialAction":[{"@type":"SearchAction","target":{"@type":"EntryPoint","urlTemplate":"https:\/\/www.aquimicasa.net\/blog\/?s={search_term_string}"},"query-input":{"@type":"PropertyValueSpecification","valueRequired":true,"valueName":"search_term_string"}}],"inLanguage":"es"},{"@type":"Organization","@id":"https:\/\/www.aquimicasa.net\/blog\/#organization","name":"Blog de aquimicasa.net","url":"https:\/\/www.aquimicasa.net\/blog\/","logo":{"@type":"ImageObject","inLanguage":"es","@id":"https:\/\/www.aquimicasa.net\/blog\/#\/schema\/logo\/image\/","url":"https:\/\/www.aquimicasa.net\/blog\/wp-content\/uploads\/Logo-aquimicasa-1-e1528048213782.png","contentUrl":"https:\/\/www.aquimicasa.net\/blog\/wp-content\/uploads\/Logo-aquimicasa-1-e1528048213782.png","width":225,"height":225,"caption":"Blog de aquimicasa.net"},"image":{"@id":"https:\/\/www.aquimicasa.net\/blog\/#\/schema\/logo\/image\/"},"sameAs":["https:\/\/www.facebook.com\/aquimicasa.net","https:\/\/www.instagram.com\/","https:\/\/x.com\/EduLizarragaD","https:\/\/www.linkedin.com\/feed\/"]},{"@type":"Person","@id":"https:\/\/www.aquimicasa.net\/blog\/#\/schema\/person\/2cdfa2605534583395c8d7ce1d6cac14","name":"Eduardo Lizarraga","image":{"@type":"ImageObject","inLanguage":"es","@id":"https:\/\/secure.gravatar.com\/avatar\/bdabe1eeeed97b65a9cb7de2edd624b07995f7e13abc5fead15961f745f908cc?s=96&d=mm&r=g","url":"https:\/\/secure.gravatar.com\/avatar\/bdabe1eeeed97b65a9cb7de2edd624b07995f7e13abc5fead15961f745f908cc?s=96&d=mm&r=g","contentUrl":"https:\/\/secure.gravatar.com\/avatar\/bdabe1eeeed97b65a9cb7de2edd624b07995f7e13abc5fead15961f745f908cc?s=96&d=mm&r=g","caption":"Eduardo Lizarraga"},"description":"Periodista Econ\u00f3mico. Ha trabajado en diversos campos de la informaci\u00f3n. Corresponsal en conflictos, analista pol\u00edtico en Congreso y Senado, periodista del medio ambiente, editor, director editorial, director de comunicaci\u00f3n.... En estos momentos se ha especializado en el sector inmobiliario. Pero tambi\u00e9n es navegante y viajero, preocupado por la pobreza, el medio ambiente y por las actuaciones descontroladas del neoliberalismo empresarial y pol\u00edtico en todo el mundo. Los desahucios, la pobreza infantil y la falta de acceso a los suministros b\u00e1sicos son algunos de los grandes dramas de nuestra sociedad y que es preciso solucionar para hacerla m\u00e1s justa. CEO en www.aquimicasa.net","sameAs":["https:\/\/www.aquimicasa.net\/"],"url":"https:\/\/www.aquimicasa.net\/blog\/author\/eduardo\/"}]}},"jetpack_publicize_connections":[],"jetpack_featured_media_url":"https:\/\/www.aquimicasa.net\/blog\/wp-content\/uploads\/cemento1-e1590163979787.jpg","jetpack_sharing_enabled":true,"jetpack_likes_enabled":true,"_links":{"self":[{"href":"https:\/\/www.aquimicasa.net\/blog\/wp-json\/wp\/v2\/posts\/39615","targetHints":{"allow":["GET"]}}],"collection":[{"href":"https:\/\/www.aquimicasa.net\/blog\/wp-json\/wp\/v2\/posts"}],"about":[{"href":"https:\/\/www.aquimicasa.net\/blog\/wp-json\/wp\/v2\/types\/post"}],"author":[{"embeddable":true,"href":"https:\/\/www.aquimicasa.net\/blog\/wp-json\/wp\/v2\/users\/3"}],"replies":[{"embeddable":true,"href":"https:\/\/www.aquimicasa.net\/blog\/wp-json\/wp\/v2\/comments?post=39615"}],"version-history":[{"count":2,"href":"https:\/\/www.aquimicasa.net\/blog\/wp-json\/wp\/v2\/posts\/39615\/revisions"}],"predecessor-version":[{"id":39617,"href":"https:\/\/www.aquimicasa.net\/blog\/wp-json\/wp\/v2\/posts\/39615\/revisions\/39617"}],"wp:featuredmedia":[{"embeddable":true,"href":"https:\/\/www.aquimicasa.net\/blog\/wp-json\/wp\/v2\/media\/32244"}],"wp:attachment":[{"href":"https:\/\/www.aquimicasa.net\/blog\/wp-json\/wp\/v2\/media?parent=39615"}],"wp:term":[{"taxonomy":"category","embeddable":true,"href":"https:\/\/www.aquimicasa.net\/blog\/wp-json\/wp\/v2\/categories?post=39615"},{"taxonomy":"post_tag","embeddable":true,"href":"https:\/\/www.aquimicasa.net\/blog\/wp-json\/wp\/v2\/tags?post=39615"}],"curies":[{"name":"wp","href":"https:\/\/api.w.org\/{rel}","templated":true}]}}