{"id":39668,"date":"2022-01-17T00:30:19","date_gmt":"2022-01-16T23:30:19","guid":{"rendered":"https:\/\/www.aquimicasa.net\/blog\/?p=39668"},"modified":"2022-01-17T00:30:19","modified_gmt":"2022-01-16T23:30:19","slug":"las-previsiones-inmobiliarias-de-gesvalt","status":"publish","type":"post","link":"https:\/\/www.aquimicasa.net\/blog\/vivienda\/compraventa-de-viviendas\/las-previsiones-inmobiliarias-de-gesvalt\/","title":{"rendered":"Las previsiones inmobiliarias de Gesvalt"},"content":{"rendered":"<div class=\"fusion-fullwidth fullwidth-box fusion-builder-row-1 fusion-flex-container nonhundred-percent-fullwidth non-hundred-percent-height-scrolling\" style=\"background-color: rgba(255,255,255,0);background-position: center center;background-repeat: no-repeat;border-width: 0px 0px 0px 0px;border-color:#eae9e9;border-style:solid;\" ><div class=\"fusion-builder-row fusion-row fusion-flex-align-items-flex-start\" style=\"max-width:1144px;margin-left: calc(-4% \/ 2 );margin-right: calc(-4% \/ 2 );\"><div class=\"fusion-layout-column fusion_builder_column fusion-builder-column-0 fusion_builder_column_1_1 1_1 fusion-flex-column\"><div class=\"fusion-column-wrapper fusion-flex-justify-content-flex-start fusion-content-layout-column\" style=\"background-position:left top;background-repeat:no-repeat;-webkit-background-size:cover;-moz-background-size:cover;-o-background-size:cover;background-size:cover;padding: 0px 0px 0px 0px;\"><div class=\"fusion-text fusion-text-1\"><p>A la vez del an\u00e1lisis de los datos del a\u00f1o que ha finalizado, las previsiones sobre este nuevo a\u00f1o que comienza tambi\u00e9n abundan en el sector. Y con mayor o menor vehemencia todas son optimistas para este nuevo ciclo. La sociedad de tasaci\u00f3n <strong>Gesvalt<\/strong>, que suele realizar unos buenos informes de situaci\u00f3n, aventura unas previsiones tambi\u00e9n optimistas, que reproducimos por su inter\u00e9s.<\/p>\n<p>Asegura Gesvalt que <strong>el mercado de la vivienda continuar\u00e1 al alza<\/strong> y ser\u00e1 un motor de crecimiento econ\u00f3mico en el nuevo a\u00f1o. El inmobiliario sigue recuper\u00e1ndose de la crisis sanitaria y sentando las bases del crecimiento sostenido que experimentar\u00e1 en 2022. Y es que el sector inmobiliario es de los que m\u00e1s ha resistido el impacto de la pandemia. Entre las razones de esta fortaleza encontramos el desequilibrio existente entre la oferta y la demanda de vivienda en Espa\u00f1a, que sigue fomentando la construcci\u00f3n de <strong>nuevas promociones<\/strong> en los principales n\u00facleos urbanos del pa\u00eds.<\/p>\n<p>En los \u00faltimos meses &#8211; prosigue la tasadora- hemos visto c\u00f3mo se han reactivado pr\u00e1cticamente hasta niveles prepandemia las compraventas y el <strong>incremento de los precios<\/strong>. Por ese motivo, consideramos que 2021 ha sido el a\u00f1o de recuperaci\u00f3n que ha sentado las bases del crecimiento que experimentar\u00e1 el sector en 2022.<\/p>\n<h2>Aumento moderado de los precios<\/h2>\n<p>Tambi\u00e9n se atreve Gesvalt con los precios y asegura que aumentar\u00e1n de forma moderada en 2022. A lo largo del 2021 -subraya la tasadora- se han presentado cuatro trimestres consecutivos de incrementos, alcanzando un precio un 3,9% superior entre julio y septiembre de este a\u00f1o respecto al mismo periodo del a\u00f1o anterior y del 3,7% en el \u00faltimo trimestre, llegando a los niveles previos a la pandemia. Con este aumento, <strong>el precio de la vivienda se sit\u00faa en 1.449 \u20ac\/m2.<\/strong><\/p>\n<p>La mayor\u00eda de las comunidades aut\u00f3nomas han registrado incrementos, con catorce de ellas aumentando el valor promedio de sus viviendas en el cuarto trimestre respecto al a\u00f1o anterior. As\u00ed, las regiones que han liderado esta estad\u00edstica han sido Baleares, con un 5,4%, Canarias, con un 4,1%, y la Comunidad de Madrid, con un 3,4%. Adem\u00e1s, Extremadura y La Rioja tambi\u00e9n han reflejado incrementos de por encima del 3,0%.<\/p>\n<p>Este crecimiento ser\u00e1 continuo pero moderado en los pr\u00f3ximos meses, adem\u00e1s de ser generalizado en todo el territorio nacional. Es necesario se\u00f1alar que, como siempre, se esperar\u00e1n mayores aumentos en las grandes urbes como Madrid, Barcelona, M\u00e1laga, Sevilla o Valencia.<\/p>\n<p>En cuanto a las preferencias de comprador, la modificaci\u00f3n de la demanda hacia la <strong>b\u00fasqueda de viviendas en la periferia<\/strong> se ha mantenido constante durante todo el a\u00f1o, impulsada por la necesidad de viviendas m\u00e1s espaciosas y la consolidaci\u00f3n del teletrabajo.<\/p>\n<h2>Retos para 2022<\/h2>\n<p>El nuevo a\u00f1o ser\u00e1 clave para fijar las bases de las tendencias que seguir\u00e1 el sector residencial, no exento de grandes retos.<\/p>\n<p>Entre los desaf\u00edos del sector ser\u00e1 necesario fomentar un <strong>marco regulatorio favorable<\/strong> y estable tanto para el modelo de vivienda tradicional como para los nuevos modelos que se est\u00e1n consolidando, tales como el Build to Rent, el coliving o el senior living.<\/p>\n<p>Estos nuevos modelos han aparecido para dar respuesta a las necesidades de una demanda que sigue siendo muy superior a la oferta en los grandes n\u00facleos urbanos y, al mismo tiempo, se est\u00e1n convirtiendo en un motor clave para todo el sector inmobiliario y la econom\u00eda espa\u00f1ola en general.<\/p>\n<p>El <strong>Build to rent<\/strong> (construir para alquilar) y el sector log\u00edstico seguir\u00e1n atrayendo con fuerza el capital. Ambos segmentos han salido reforzados tras la crisis sanitaria que aceler\u00f3 la tendencia de crecimiento que llevaban hac\u00eda a\u00f1os.<\/p>\n<p>El <strong>sector hotelero<\/strong> tambi\u00e9n sigue en el punto de mira de los inversores extranjeros. Los altos niveles de liquidez del mercado est\u00e1n impulsando las operaciones de inversores privados tipo Family office que buscan rentabilidad asegurada en el medio-largo plazo. Socimis y grupos internacionales tambi\u00e9n est\u00e1n centrando el foco inversor dirigido principalmente al <strong>producto vacacional<\/strong> para reposicionar.<\/p>\n<\/div><\/div><style type=\"text\/css\">.fusion-body .fusion-builder-column-0{width:100% !important;margin-top : 0px;margin-bottom : 0px;}.fusion-builder-column-0 > .fusion-column-wrapper {padding-top : 0px !important;padding-right : 0px !important;margin-right : 1.92%;padding-bottom : 0px !important;padding-left : 0px !important;margin-left : 1.92%;}@media only screen and (max-width:1024px) {.fusion-body .fusion-builder-column-0{width:100% !important;}.fusion-builder-column-0 > .fusion-column-wrapper {margin-right : 1.92%;margin-left : 1.92%;}}@media only screen and (max-width:640px) {.fusion-body .fusion-builder-column-0{width:100% !important;}.fusion-builder-column-0 > .fusion-column-wrapper {margin-right : 1.92%;margin-left : 1.92%;}}<\/style><\/div><\/div><style type=\"text\/css\">.fusion-body .fusion-flex-container.fusion-builder-row-1{ padding-top : 0px;margin-top : 0px;padding-right : 0px;padding-bottom : 0px;margin-bottom : 0px;padding-left : 0px;}<\/style><\/div>\n","protected":false},"excerpt":{"rendered":"<p>En cuanto a las preferencias de comprador, la modificaci\u00f3n de la demanda hacia la b\u00fasqueda de viviendas en la periferia se ha mantenido constante durante todo el a\u00f1o, impulsada por la necesidad de viviendas m\u00e1s espaciosas y la consolidaci\u00f3n del teletrabajo.<\/p>\n","protected":false},"author":3,"featured_media":39672,"comment_status":"closed","ping_status":"closed","sticky":false,"template":"","format":"standard","meta":{"_jetpack_memberships_contains_paid_content":false,"footnotes":"","jetpack_publicize_message":"","jetpack_publicize_feature_enabled":true,"jetpack_social_post_already_shared":true,"jetpack_social_options":{"image_generator_settings":{"template":"highway","default_image_id":0,"font":"","enabled":false},"version":2}},"categories":[100],"tags":[8004],"class_list":["post-39668","post","type-post","status-publish","format-standard","has-post-thumbnail","hentry","category-compraventa-de-viviendas","tag-newsletter-341"],"yoast_head":"<!-- This site is optimized with the Yoast SEO plugin v28.2 - https:\/\/yoast.com\/product\/yoast-seo-wordpress\/ -->\n<title>Las previsiones inmobiliarias de Gesvalt - Blog de aquimicasa.net<\/title>\n<meta name=\"description\" content=\"En los \u00faltimos meses se han reactivado pr\u00e1cticamente hasta niveles prepandemia las compraventas y el incremento de los precios.\" \/>\n<meta name=\"robots\" content=\"index, follow, max-snippet:-1, max-image-preview:large, max-video-preview:-1\" \/>\n<link rel=\"canonical\" href=\"https:\/\/www.aquimicasa.net\/blog\/vivienda\/compraventa-de-viviendas\/las-previsiones-inmobiliarias-de-gesvalt\/\" \/>\n<meta property=\"og:locale\" content=\"es_ES\" \/>\n<meta property=\"og:type\" content=\"article\" \/>\n<meta property=\"og:title\" content=\"Las previsiones inmobiliarias de Gesvalt - Blog de aquimicasa.net\" \/>\n<meta property=\"og:description\" content=\"En los \u00faltimos meses se han reactivado pr\u00e1cticamente hasta niveles prepandemia las compraventas y el incremento de los precios.\" \/>\n<meta property=\"og:url\" content=\"https:\/\/www.aquimicasa.net\/blog\/vivienda\/compraventa-de-viviendas\/las-previsiones-inmobiliarias-de-gesvalt\/\" \/>\n<meta property=\"og:site_name\" content=\"Blog de aquimicasa.net\" \/>\n<meta property=\"article:publisher\" content=\"https:\/\/www.facebook.com\/aquimicasa.net\" \/>\n<meta property=\"article:published_time\" content=\"2022-01-16T23:30:19+00:00\" \/>\n<meta property=\"og:image\" content=\"https:\/\/www.aquimicasa.net\/blog\/wp-content\/uploads\/Impuestos-municipales6-1-e1642375766294.jpg\" \/>\n\t<meta property=\"og:image:width\" content=\"400\" \/>\n\t<meta property=\"og:image:height\" content=\"274\" \/>\n\t<meta property=\"og:image:type\" content=\"image\/jpeg\" \/>\n<meta name=\"author\" content=\"Eduardo Lizarraga\" \/>\n<meta name=\"twitter:label1\" content=\"Escrito por\" \/>\n\t<meta name=\"twitter:data1\" content=\"Eduardo Lizarraga\" \/>\n\t<meta name=\"twitter:label2\" content=\"Tiempo de lectura\" \/>\n\t<meta name=\"twitter:data2\" content=\"3 minutos\" \/>\n<script type=\"application\/ld+json\" class=\"yoast-schema-graph\">{\"@context\":\"https:\\\/\\\/schema.org\",\"@graph\":[{\"@type\":\"Article\",\"@id\":\"https:\\\/\\\/www.aquimicasa.net\\\/blog\\\/vivienda\\\/compraventa-de-viviendas\\\/las-previsiones-inmobiliarias-de-gesvalt\\\/#article\",\"isPartOf\":{\"@id\":\"https:\\\/\\\/www.aquimicasa.net\\\/blog\\\/vivienda\\\/compraventa-de-viviendas\\\/las-previsiones-inmobiliarias-de-gesvalt\\\/\"},\"author\":{\"name\":\"Eduardo Lizarraga\",\"@id\":\"https:\\\/\\\/www.aquimicasa.net\\\/blog\\\/#\\\/schema\\\/person\\\/2cdfa2605534583395c8d7ce1d6cac14\"},\"headline\":\"Las previsiones inmobiliarias de Gesvalt\",\"datePublished\":\"2022-01-16T23:30:19+00:00\",\"mainEntityOfPage\":{\"@id\":\"https:\\\/\\\/www.aquimicasa.net\\\/blog\\\/vivienda\\\/compraventa-de-viviendas\\\/las-previsiones-inmobiliarias-de-gesvalt\\\/\"},\"wordCount\":936,\"publisher\":{\"@id\":\"https:\\\/\\\/www.aquimicasa.net\\\/blog\\\/#organization\"},\"image\":{\"@id\":\"https:\\\/\\\/www.aquimicasa.net\\\/blog\\\/vivienda\\\/compraventa-de-viviendas\\\/las-previsiones-inmobiliarias-de-gesvalt\\\/#primaryimage\"},\"thumbnailUrl\":\"https:\\\/\\\/www.aquimicasa.net\\\/blog\\\/wp-content\\\/uploads\\\/Impuestos-municipales6-1-e1642375766294.jpg\",\"keywords\":[\"newsletter 341\"],\"articleSection\":[\"Compra Venta\"],\"inLanguage\":\"es\"},{\"@type\":\"WebPage\",\"@id\":\"https:\\\/\\\/www.aquimicasa.net\\\/blog\\\/vivienda\\\/compraventa-de-viviendas\\\/las-previsiones-inmobiliarias-de-gesvalt\\\/\",\"url\":\"https:\\\/\\\/www.aquimicasa.net\\\/blog\\\/vivienda\\\/compraventa-de-viviendas\\\/las-previsiones-inmobiliarias-de-gesvalt\\\/\",\"name\":\"Las previsiones inmobiliarias de Gesvalt - Blog de aquimicasa.net\",\"isPartOf\":{\"@id\":\"https:\\\/\\\/www.aquimicasa.net\\\/blog\\\/#website\"},\"primaryImageOfPage\":{\"@id\":\"https:\\\/\\\/www.aquimicasa.net\\\/blog\\\/vivienda\\\/compraventa-de-viviendas\\\/las-previsiones-inmobiliarias-de-gesvalt\\\/#primaryimage\"},\"image\":{\"@id\":\"https:\\\/\\\/www.aquimicasa.net\\\/blog\\\/vivienda\\\/compraventa-de-viviendas\\\/las-previsiones-inmobiliarias-de-gesvalt\\\/#primaryimage\"},\"thumbnailUrl\":\"https:\\\/\\\/www.aquimicasa.net\\\/blog\\\/wp-content\\\/uploads\\\/Impuestos-municipales6-1-e1642375766294.jpg\",\"datePublished\":\"2022-01-16T23:30:19+00:00\",\"description\":\"En los \u00faltimos meses se han reactivado pr\u00e1cticamente hasta niveles prepandemia las compraventas y el incremento de los precios.\",\"breadcrumb\":{\"@id\":\"https:\\\/\\\/www.aquimicasa.net\\\/blog\\\/vivienda\\\/compraventa-de-viviendas\\\/las-previsiones-inmobiliarias-de-gesvalt\\\/#breadcrumb\"},\"inLanguage\":\"es\",\"potentialAction\":[{\"@type\":\"ReadAction\",\"target\":[\"https:\\\/\\\/www.aquimicasa.net\\\/blog\\\/vivienda\\\/compraventa-de-viviendas\\\/las-previsiones-inmobiliarias-de-gesvalt\\\/\"]}]},{\"@type\":\"ImageObject\",\"inLanguage\":\"es\",\"@id\":\"https:\\\/\\\/www.aquimicasa.net\\\/blog\\\/vivienda\\\/compraventa-de-viviendas\\\/las-previsiones-inmobiliarias-de-gesvalt\\\/#primaryimage\",\"url\":\"https:\\\/\\\/www.aquimicasa.net\\\/blog\\\/wp-content\\\/uploads\\\/Impuestos-municipales6-1-e1642375766294.jpg\",\"contentUrl\":\"https:\\\/\\\/www.aquimicasa.net\\\/blog\\\/wp-content\\\/uploads\\\/Impuestos-municipales6-1-e1642375766294.jpg\",\"width\":400,\"height\":274,\"caption\":\"Se incremental las tasaciones en volumen y precio\"},{\"@type\":\"BreadcrumbList\",\"@id\":\"https:\\\/\\\/www.aquimicasa.net\\\/blog\\\/vivienda\\\/compraventa-de-viviendas\\\/las-previsiones-inmobiliarias-de-gesvalt\\\/#breadcrumb\",\"itemListElement\":[{\"@type\":\"ListItem\",\"position\":1,\"name\":\"Portada\",\"item\":\"https:\\\/\\\/www.aquimicasa.net\\\/blog\\\/\"},{\"@type\":\"ListItem\",\"position\":2,\"name\":\"Las previsiones inmobiliarias de Gesvalt\"}]},{\"@type\":\"WebSite\",\"@id\":\"https:\\\/\\\/www.aquimicasa.net\\\/blog\\\/#website\",\"url\":\"https:\\\/\\\/www.aquimicasa.net\\\/blog\\\/\",\"name\":\"Blog de aquimicasa.net\",\"description\":\"Noticias del Mundo Inmobiliario\",\"publisher\":{\"@id\":\"https:\\\/\\\/www.aquimicasa.net\\\/blog\\\/#organization\"},\"potentialAction\":[{\"@type\":\"SearchAction\",\"target\":{\"@type\":\"EntryPoint\",\"urlTemplate\":\"https:\\\/\\\/www.aquimicasa.net\\\/blog\\\/?s={search_term_string}\"},\"query-input\":{\"@type\":\"PropertyValueSpecification\",\"valueRequired\":true,\"valueName\":\"search_term_string\"}}],\"inLanguage\":\"es\"},{\"@type\":\"Organization\",\"@id\":\"https:\\\/\\\/www.aquimicasa.net\\\/blog\\\/#organization\",\"name\":\"Blog de aquimicasa.net\",\"url\":\"https:\\\/\\\/www.aquimicasa.net\\\/blog\\\/\",\"logo\":{\"@type\":\"ImageObject\",\"inLanguage\":\"es\",\"@id\":\"https:\\\/\\\/www.aquimicasa.net\\\/blog\\\/#\\\/schema\\\/logo\\\/image\\\/\",\"url\":\"https:\\\/\\\/www.aquimicasa.net\\\/blog\\\/wp-content\\\/uploads\\\/Logo-aquimicasa-1-e1528048213782.png\",\"contentUrl\":\"https:\\\/\\\/www.aquimicasa.net\\\/blog\\\/wp-content\\\/uploads\\\/Logo-aquimicasa-1-e1528048213782.png\",\"width\":225,\"height\":225,\"caption\":\"Blog de aquimicasa.net\"},\"image\":{\"@id\":\"https:\\\/\\\/www.aquimicasa.net\\\/blog\\\/#\\\/schema\\\/logo\\\/image\\\/\"},\"sameAs\":[\"https:\\\/\\\/www.facebook.com\\\/aquimicasa.net\",\"https:\\\/\\\/www.instagram.com\\\/\",\"https:\\\/\\\/x.com\\\/EduLizarragaD\",\"https:\\\/\\\/www.linkedin.com\\\/feed\\\/\"]},{\"@type\":\"Person\",\"@id\":\"https:\\\/\\\/www.aquimicasa.net\\\/blog\\\/#\\\/schema\\\/person\\\/2cdfa2605534583395c8d7ce1d6cac14\",\"name\":\"Eduardo Lizarraga\",\"image\":{\"@type\":\"ImageObject\",\"inLanguage\":\"es\",\"@id\":\"https:\\\/\\\/secure.gravatar.com\\\/avatar\\\/bdabe1eeeed97b65a9cb7de2edd624b07995f7e13abc5fead15961f745f908cc?s=96&d=mm&r=g\",\"url\":\"https:\\\/\\\/secure.gravatar.com\\\/avatar\\\/bdabe1eeeed97b65a9cb7de2edd624b07995f7e13abc5fead15961f745f908cc?s=96&d=mm&r=g\",\"contentUrl\":\"https:\\\/\\\/secure.gravatar.com\\\/avatar\\\/bdabe1eeeed97b65a9cb7de2edd624b07995f7e13abc5fead15961f745f908cc?s=96&d=mm&r=g\",\"caption\":\"Eduardo Lizarraga\"},\"description\":\"Periodista Econ\u00f3mico. Ha trabajado en diversos campos de la informaci\u00f3n. Corresponsal en conflictos, analista pol\u00edtico en Congreso y Senado, periodista del medio ambiente, editor, director editorial, director de comunicaci\u00f3n.... En estos momentos se ha especializado en el sector inmobiliario. Pero tambi\u00e9n es navegante y viajero, preocupado por la pobreza, el medio ambiente y por las actuaciones descontroladas del neoliberalismo empresarial y pol\u00edtico en todo el mundo. Los desahucios, la pobreza infantil y la falta de acceso a los suministros b\u00e1sicos son algunos de los grandes dramas de nuestra sociedad y que es preciso solucionar para hacerla m\u00e1s justa. CEO en www.aquimicasa.net\",\"sameAs\":[\"https:\\\/\\\/www.aquimicasa.net\\\/\"],\"url\":\"https:\\\/\\\/www.aquimicasa.net\\\/blog\\\/author\\\/eduardo\\\/\"}]}<\/script>\n<!-- \/ Yoast SEO plugin. -->","yoast_head_json":{"title":"Las previsiones inmobiliarias de Gesvalt - Blog de aquimicasa.net","description":"En los \u00faltimos meses se han reactivado pr\u00e1cticamente hasta niveles prepandemia las compraventas y el incremento de los precios.","robots":{"index":"index","follow":"follow","max-snippet":"max-snippet:-1","max-image-preview":"max-image-preview:large","max-video-preview":"max-video-preview:-1"},"canonical":"https:\/\/www.aquimicasa.net\/blog\/vivienda\/compraventa-de-viviendas\/las-previsiones-inmobiliarias-de-gesvalt\/","og_locale":"es_ES","og_type":"article","og_title":"Las previsiones inmobiliarias de Gesvalt - Blog de aquimicasa.net","og_description":"En los \u00faltimos meses se han reactivado pr\u00e1cticamente hasta niveles prepandemia las compraventas y el incremento de los precios.","og_url":"https:\/\/www.aquimicasa.net\/blog\/vivienda\/compraventa-de-viviendas\/las-previsiones-inmobiliarias-de-gesvalt\/","og_site_name":"Blog de aquimicasa.net","article_publisher":"https:\/\/www.facebook.com\/aquimicasa.net","article_published_time":"2022-01-16T23:30:19+00:00","og_image":[{"width":400,"height":274,"url":"https:\/\/www.aquimicasa.net\/blog\/wp-content\/uploads\/Impuestos-municipales6-1-e1642375766294.jpg","type":"image\/jpeg"}],"author":"Eduardo Lizarraga","twitter_misc":{"Escrito por":"Eduardo Lizarraga","Tiempo de lectura":"3 minutos"},"schema":{"@context":"https:\/\/schema.org","@graph":[{"@type":"Article","@id":"https:\/\/www.aquimicasa.net\/blog\/vivienda\/compraventa-de-viviendas\/las-previsiones-inmobiliarias-de-gesvalt\/#article","isPartOf":{"@id":"https:\/\/www.aquimicasa.net\/blog\/vivienda\/compraventa-de-viviendas\/las-previsiones-inmobiliarias-de-gesvalt\/"},"author":{"name":"Eduardo Lizarraga","@id":"https:\/\/www.aquimicasa.net\/blog\/#\/schema\/person\/2cdfa2605534583395c8d7ce1d6cac14"},"headline":"Las previsiones inmobiliarias de Gesvalt","datePublished":"2022-01-16T23:30:19+00:00","mainEntityOfPage":{"@id":"https:\/\/www.aquimicasa.net\/blog\/vivienda\/compraventa-de-viviendas\/las-previsiones-inmobiliarias-de-gesvalt\/"},"wordCount":936,"publisher":{"@id":"https:\/\/www.aquimicasa.net\/blog\/#organization"},"image":{"@id":"https:\/\/www.aquimicasa.net\/blog\/vivienda\/compraventa-de-viviendas\/las-previsiones-inmobiliarias-de-gesvalt\/#primaryimage"},"thumbnailUrl":"https:\/\/www.aquimicasa.net\/blog\/wp-content\/uploads\/Impuestos-municipales6-1-e1642375766294.jpg","keywords":["newsletter 341"],"articleSection":["Compra Venta"],"inLanguage":"es"},{"@type":"WebPage","@id":"https:\/\/www.aquimicasa.net\/blog\/vivienda\/compraventa-de-viviendas\/las-previsiones-inmobiliarias-de-gesvalt\/","url":"https:\/\/www.aquimicasa.net\/blog\/vivienda\/compraventa-de-viviendas\/las-previsiones-inmobiliarias-de-gesvalt\/","name":"Las previsiones inmobiliarias de Gesvalt - Blog de aquimicasa.net","isPartOf":{"@id":"https:\/\/www.aquimicasa.net\/blog\/#website"},"primaryImageOfPage":{"@id":"https:\/\/www.aquimicasa.net\/blog\/vivienda\/compraventa-de-viviendas\/las-previsiones-inmobiliarias-de-gesvalt\/#primaryimage"},"image":{"@id":"https:\/\/www.aquimicasa.net\/blog\/vivienda\/compraventa-de-viviendas\/las-previsiones-inmobiliarias-de-gesvalt\/#primaryimage"},"thumbnailUrl":"https:\/\/www.aquimicasa.net\/blog\/wp-content\/uploads\/Impuestos-municipales6-1-e1642375766294.jpg","datePublished":"2022-01-16T23:30:19+00:00","description":"En los \u00faltimos meses se han reactivado pr\u00e1cticamente hasta niveles prepandemia las compraventas y el incremento de los precios.","breadcrumb":{"@id":"https:\/\/www.aquimicasa.net\/blog\/vivienda\/compraventa-de-viviendas\/las-previsiones-inmobiliarias-de-gesvalt\/#breadcrumb"},"inLanguage":"es","potentialAction":[{"@type":"ReadAction","target":["https:\/\/www.aquimicasa.net\/blog\/vivienda\/compraventa-de-viviendas\/las-previsiones-inmobiliarias-de-gesvalt\/"]}]},{"@type":"ImageObject","inLanguage":"es","@id":"https:\/\/www.aquimicasa.net\/blog\/vivienda\/compraventa-de-viviendas\/las-previsiones-inmobiliarias-de-gesvalt\/#primaryimage","url":"https:\/\/www.aquimicasa.net\/blog\/wp-content\/uploads\/Impuestos-municipales6-1-e1642375766294.jpg","contentUrl":"https:\/\/www.aquimicasa.net\/blog\/wp-content\/uploads\/Impuestos-municipales6-1-e1642375766294.jpg","width":400,"height":274,"caption":"Se incremental las tasaciones en volumen y precio"},{"@type":"BreadcrumbList","@id":"https:\/\/www.aquimicasa.net\/blog\/vivienda\/compraventa-de-viviendas\/las-previsiones-inmobiliarias-de-gesvalt\/#breadcrumb","itemListElement":[{"@type":"ListItem","position":1,"name":"Portada","item":"https:\/\/www.aquimicasa.net\/blog\/"},{"@type":"ListItem","position":2,"name":"Las previsiones inmobiliarias de Gesvalt"}]},{"@type":"WebSite","@id":"https:\/\/www.aquimicasa.net\/blog\/#website","url":"https:\/\/www.aquimicasa.net\/blog\/","name":"Blog de aquimicasa.net","description":"Noticias del Mundo Inmobiliario","publisher":{"@id":"https:\/\/www.aquimicasa.net\/blog\/#organization"},"potentialAction":[{"@type":"SearchAction","target":{"@type":"EntryPoint","urlTemplate":"https:\/\/www.aquimicasa.net\/blog\/?s={search_term_string}"},"query-input":{"@type":"PropertyValueSpecification","valueRequired":true,"valueName":"search_term_string"}}],"inLanguage":"es"},{"@type":"Organization","@id":"https:\/\/www.aquimicasa.net\/blog\/#organization","name":"Blog de aquimicasa.net","url":"https:\/\/www.aquimicasa.net\/blog\/","logo":{"@type":"ImageObject","inLanguage":"es","@id":"https:\/\/www.aquimicasa.net\/blog\/#\/schema\/logo\/image\/","url":"https:\/\/www.aquimicasa.net\/blog\/wp-content\/uploads\/Logo-aquimicasa-1-e1528048213782.png","contentUrl":"https:\/\/www.aquimicasa.net\/blog\/wp-content\/uploads\/Logo-aquimicasa-1-e1528048213782.png","width":225,"height":225,"caption":"Blog de aquimicasa.net"},"image":{"@id":"https:\/\/www.aquimicasa.net\/blog\/#\/schema\/logo\/image\/"},"sameAs":["https:\/\/www.facebook.com\/aquimicasa.net","https:\/\/www.instagram.com\/","https:\/\/x.com\/EduLizarragaD","https:\/\/www.linkedin.com\/feed\/"]},{"@type":"Person","@id":"https:\/\/www.aquimicasa.net\/blog\/#\/schema\/person\/2cdfa2605534583395c8d7ce1d6cac14","name":"Eduardo Lizarraga","image":{"@type":"ImageObject","inLanguage":"es","@id":"https:\/\/secure.gravatar.com\/avatar\/bdabe1eeeed97b65a9cb7de2edd624b07995f7e13abc5fead15961f745f908cc?s=96&d=mm&r=g","url":"https:\/\/secure.gravatar.com\/avatar\/bdabe1eeeed97b65a9cb7de2edd624b07995f7e13abc5fead15961f745f908cc?s=96&d=mm&r=g","contentUrl":"https:\/\/secure.gravatar.com\/avatar\/bdabe1eeeed97b65a9cb7de2edd624b07995f7e13abc5fead15961f745f908cc?s=96&d=mm&r=g","caption":"Eduardo Lizarraga"},"description":"Periodista Econ\u00f3mico. Ha trabajado en diversos campos de la informaci\u00f3n. Corresponsal en conflictos, analista pol\u00edtico en Congreso y Senado, periodista del medio ambiente, editor, director editorial, director de comunicaci\u00f3n.... En estos momentos se ha especializado en el sector inmobiliario. Pero tambi\u00e9n es navegante y viajero, preocupado por la pobreza, el medio ambiente y por las actuaciones descontroladas del neoliberalismo empresarial y pol\u00edtico en todo el mundo. Los desahucios, la pobreza infantil y la falta de acceso a los suministros b\u00e1sicos son algunos de los grandes dramas de nuestra sociedad y que es preciso solucionar para hacerla m\u00e1s justa. CEO en www.aquimicasa.net","sameAs":["https:\/\/www.aquimicasa.net\/"],"url":"https:\/\/www.aquimicasa.net\/blog\/author\/eduardo\/"}]}},"jetpack_publicize_connections":[],"jetpack_featured_media_url":"https:\/\/www.aquimicasa.net\/blog\/wp-content\/uploads\/Impuestos-municipales6-1-e1642375766294.jpg","jetpack_sharing_enabled":true,"jetpack_likes_enabled":true,"_links":{"self":[{"href":"https:\/\/www.aquimicasa.net\/blog\/wp-json\/wp\/v2\/posts\/39668","targetHints":{"allow":["GET"]}}],"collection":[{"href":"https:\/\/www.aquimicasa.net\/blog\/wp-json\/wp\/v2\/posts"}],"about":[{"href":"https:\/\/www.aquimicasa.net\/blog\/wp-json\/wp\/v2\/types\/post"}],"author":[{"embeddable":true,"href":"https:\/\/www.aquimicasa.net\/blog\/wp-json\/wp\/v2\/users\/3"}],"replies":[{"embeddable":true,"href":"https:\/\/www.aquimicasa.net\/blog\/wp-json\/wp\/v2\/comments?post=39668"}],"version-history":[{"count":3,"href":"https:\/\/www.aquimicasa.net\/blog\/wp-json\/wp\/v2\/posts\/39668\/revisions"}],"predecessor-version":[{"id":39671,"href":"https:\/\/www.aquimicasa.net\/blog\/wp-json\/wp\/v2\/posts\/39668\/revisions\/39671"}],"wp:featuredmedia":[{"embeddable":true,"href":"https:\/\/www.aquimicasa.net\/blog\/wp-json\/wp\/v2\/media\/39672"}],"wp:attachment":[{"href":"https:\/\/www.aquimicasa.net\/blog\/wp-json\/wp\/v2\/media?parent=39668"}],"wp:term":[{"taxonomy":"category","embeddable":true,"href":"https:\/\/www.aquimicasa.net\/blog\/wp-json\/wp\/v2\/categories?post=39668"},{"taxonomy":"post_tag","embeddable":true,"href":"https:\/\/www.aquimicasa.net\/blog\/wp-json\/wp\/v2\/tags?post=39668"}],"curies":[{"name":"wp","href":"https:\/\/api.w.org\/{rel}","templated":true}]}}