{"id":39870,"date":"2022-02-01T20:44:40","date_gmt":"2022-02-01T19:44:40","guid":{"rendered":"https:\/\/www.aquimicasa.net\/blog\/?p=39870"},"modified":"2022-02-01T20:44:48","modified_gmt":"2022-02-01T19:44:48","slug":"el-ipc-de-enero-da-un-respiro-a-la-economia","status":"publish","type":"post","link":"https:\/\/www.aquimicasa.net\/blog\/consumo\/noticias-consumo\/el-ipc-de-enero-da-un-respiro-a-la-economia\/","title":{"rendered":"El IPC de enero da un respiro a la econom\u00eda"},"content":{"rendered":"<div class=\"fusion-fullwidth fullwidth-box fusion-builder-row-1 fusion-flex-container nonhundred-percent-fullwidth non-hundred-percent-height-scrolling\" style=\"background-color: rgba(255,255,255,0);background-position: center center;background-repeat: no-repeat;border-width: 0px 0px 0px 0px;border-color:#eae9e9;border-style:solid;\" ><div class=\"fusion-builder-row fusion-row fusion-flex-align-items-flex-start\" style=\"max-width:1144px;margin-left: calc(-4% \/ 2 );margin-right: calc(-4% \/ 2 );\"><div class=\"fusion-layout-column fusion_builder_column fusion-builder-column-0 fusion_builder_column_1_1 1_1 fusion-flex-column\"><div class=\"fusion-column-wrapper fusion-flex-justify-content-flex-start fusion-content-layout-column\" style=\"background-position:left top;background-repeat:no-repeat;-webkit-background-size:cover;-moz-background-size:cover;-o-background-size:cover;background-size:cover;padding: 0px 0px 0px 0px;\"><div class=\"fusion-text fusion-text-1\"><p>La preocupante inflaci\u00f3n que puedes trastocar muchos de los planes econ\u00f3micos de Gobiernos y particulares contin\u00faa alta, pero cede unas d\u00e9cimas respecto a la de diciembre, que siempre es un mes muy inflacionista. No es enero el mejor mes para sacar conclusiones y ser\u00e1 necesario esperar a que termine febrero para tener una idea m\u00e1s acertada de la evoluci\u00f3n.<\/p>\n<p>El Instituto Nacional de Estad\u00edstica\u00a0<strong>(INE) ha publicado el dato adelantado del IPC de enero <\/strong>y, aunque los precios siguen demasiado altos, el primer mes del a\u00f1o alivia un tanto la situaci\u00f3n. Seg\u00fan el INE, <strong>los precios han crecido un 6%<\/strong>\u00a0con respecto a enero del a\u00f1o pasado, lo que representa\u00a0<strong>un 0,5% menos que en diciembre<\/strong>.<\/p>\n<p>En este comportamiento destaca la bajada del precio de la electricidad, frente a la subida registrada en enero de 2021.\u00a0Aunque el coste del megavatio hora ha estado por encima de los 200 euros en enero, se ha abaratado respecto a diciembre. Adem\u00e1s, en enero del a\u00f1o pasado se dispar\u00f3 con una\u00a0<strong>subida del 50% con respecto a enero de 2020 <\/strong>como consecuencia de la tormenta Filomena.<\/p>\n<div id=\"attachment_65389\" class=\"wp-caption aligncenter\">\n<p id=\"caption-attachment-65389\" class=\"wp-caption-text\">Por su parte, la <strong>tasa de variaci\u00f3n anual<\/strong> estimada de la inflaci\u00f3n subyacente (\u00edndice general sin alimentos no elaborados ni productos energ\u00e9ticos) aumenta tres d\u00e9cimas, hasta el 2,4%. Y este incremento\u00a0 resulta preocupante, porque desde el mes de agosto estaba increment\u00e1ndose al ritmo de 3-4 d\u00e9cimas mensuales y este mes de enero tenemos el dato m\u00e1s elevado desde octubre de 2012, lo que demuestra como la inflaci\u00f3n va llegando a todos los productos de la cesta de la compra.<\/p>\n<\/div>\n<p>Teniendo en cuenta los datos mensuales, comprobamos que han descendido un 0,5%\u00a0 frente al 1,2% que se incrementaron en diciembre y aunque no es muy fiable, por el tradicional comportamiento inflacionista de diciembre, es la primera vez en seis meses que el dato es negativo.<\/p>\n<p>En su nota explicativa, el INE \u00a0informa que la elaboraci\u00f3n del IPC de enero ha sido realizada con una <strong>nueva base de ponderaciones<\/strong> para reflejar con mayor exactitud la cesta de la compra. En esta nueva forma de c\u00e1lculo se <strong>eleva el peso en la cesta de la compra de la hosteler\u00eda<\/strong> (un 12% m\u00e1s), de la medicina, del transporte y de la vivienda (donde se incluye la electricidad). Y por otra parte, pierden importancia ocio y cultura, alimentaci\u00f3n, vestido y calzado y comunicaciones. Como novedad se incorporan a la cesta de la compra, las mascarillas higi\u00e9nicas y la suscripci\u00f3n de peri\u00f3dicos por Internet, saliendo los reproductores DVD o de CD al reducirse su consumo por las nuevas tecnolog\u00edas.<\/p>\n<p>El organismo a\u00f1ade que <strong>\u00a0a\u00fan no se ha incorporado el nuevo c\u00e1lculo de la electricidad<\/strong>, debido a que est\u00e1 a la espera de obtener la informaci\u00f3n que han de suministrar las compa\u00f1\u00edas el\u00e9ctricas con un suficiente nivel de detalle y con los criterios t\u00e9cnicos necesarios, para poder aplicar una metodolog\u00eda consistente con los requerimientos exigidos en el c\u00e1lculo del IPC.<\/p>\n<div id=\"r89-outstream-wrapper\">\n<div id=\"r89-video-outstream\" data-google-query-id=\"CPvI5Y793fUCFU6cJwIdhpAIwA\">\n<div id=\"google_ads_iframe_\/15748617\/Economistjuristes\/Economistjuristes-video-outstream_0__container__\"><\/div>\n<\/div>\n<\/div>\n<\/div><\/div><style type=\"text\/css\">.fusion-body .fusion-builder-column-0{width:100% !important;margin-top : 0px;margin-bottom : 0px;}.fusion-builder-column-0 > .fusion-column-wrapper {padding-top : 0px !important;padding-right : 0px !important;margin-right : 1.92%;padding-bottom : 0px !important;padding-left : 0px !important;margin-left : 1.92%;}@media only screen and (max-width:1024px) {.fusion-body .fusion-builder-column-0{width:100% !important;}.fusion-builder-column-0 > .fusion-column-wrapper {margin-right : 1.92%;margin-left : 1.92%;}}@media only screen and (max-width:640px) {.fusion-body .fusion-builder-column-0{width:100% !important;}.fusion-builder-column-0 > .fusion-column-wrapper {margin-right : 1.92%;margin-left : 1.92%;}}<\/style><\/div><\/div><style type=\"text\/css\">.fusion-body .fusion-flex-container.fusion-builder-row-1{ padding-top : 0px;margin-top : 0px;padding-right : 0px;padding-bottom : 0px;margin-bottom : 0px;padding-left : 0px;}<\/style><\/div>\n","protected":false},"excerpt":{"rendered":"<p>La preocupante inflaci\u00f3n que puedes trastocar muchos de los planes econ\u00f3micos de Gobiernos y particulares contin\u00faa alta, pero cede unas d\u00e9cimas respecto a la de diciembre, que siempre es un mes muy inflacionista. No es enero el mejor mes para sacar conclusiones y ser\u00e1 necesario esperar a que termine febrero para tener una idea m\u00e1s acertada de la evoluci\u00f3n.<\/p>\n","protected":false},"author":3,"featured_media":39873,"comment_status":"closed","ping_status":"closed","sticky":false,"template":"","format":"standard","meta":{"_jetpack_memberships_contains_paid_content":false,"footnotes":"","jetpack_publicize_message":"","jetpack_publicize_feature_enabled":true,"jetpack_social_post_already_shared":true,"jetpack_social_options":{"image_generator_settings":{"template":"highway","default_image_id":0,"font":"","enabled":false},"version":2}},"categories":[7563,7564],"tags":[8007],"class_list":["post-39870","post","type-post","status-publish","format-standard","has-post-thumbnail","hentry","category-noticias-consumo","category-noticias-economia","tag-newsletter-343"],"yoast_head":"<!-- This site is optimized with the Yoast SEO plugin v27.5 - https:\/\/yoast.com\/product\/yoast-seo-wordpress\/ -->\n<title>El IPC de enero da un respiro a la econom\u00eda<\/title>\n<meta name=\"description\" content=\"Seg\u00fan el INE, los precios han crecido un 6%\u00a0con respecto a enero del a\u00f1o pasado, lo que representa\u00a0un 0,5% menos que en diciembre\" \/>\n<meta name=\"robots\" content=\"index, follow, max-snippet:-1, max-image-preview:large, max-video-preview:-1\" \/>\n<link rel=\"canonical\" href=\"https:\/\/www.aquimicasa.net\/blog\/consumo\/noticias-consumo\/el-ipc-de-enero-da-un-respiro-a-la-economia\/\" \/>\n<meta property=\"og:locale\" content=\"es_ES\" \/>\n<meta property=\"og:type\" content=\"article\" \/>\n<meta property=\"og:title\" content=\"El IPC de enero da un respiro a la econom\u00eda\" \/>\n<meta property=\"og:description\" content=\"Seg\u00fan el INE, los precios han crecido un 6%\u00a0con respecto a enero del a\u00f1o pasado, lo que representa\u00a0un 0,5% menos que en diciembre\" \/>\n<meta property=\"og:url\" content=\"https:\/\/www.aquimicasa.net\/blog\/consumo\/noticias-consumo\/el-ipc-de-enero-da-un-respiro-a-la-economia\/\" \/>\n<meta property=\"og:site_name\" content=\"Blog de aquimicasa.net\" \/>\n<meta property=\"article:publisher\" content=\"https:\/\/www.facebook.com\/aquimicasa.net\" \/>\n<meta property=\"article:published_time\" content=\"2022-02-01T19:44:40+00:00\" \/>\n<meta property=\"article:modified_time\" content=\"2022-02-01T19:44:48+00:00\" \/>\n<meta property=\"og:image\" content=\"https:\/\/www.aquimicasa.net\/blog\/wp-content\/uploads\/supermercado2-e1643744523624.jpg\" \/>\n\t<meta property=\"og:image:width\" content=\"400\" \/>\n\t<meta property=\"og:image:height\" content=\"300\" \/>\n\t<meta property=\"og:image:type\" content=\"image\/jpeg\" \/>\n<meta name=\"author\" content=\"Eduardo Lizarraga\" \/>\n<meta name=\"twitter:label1\" content=\"Escrito por\" \/>\n\t<meta name=\"twitter:data1\" content=\"Eduardo Lizarraga\" \/>\n\t<meta name=\"twitter:label2\" content=\"Tiempo de lectura\" \/>\n\t<meta name=\"twitter:data2\" content=\"4 minutos\" \/>\n<script type=\"application\/ld+json\" class=\"yoast-schema-graph\">{\"@context\":\"https:\\\/\\\/schema.org\",\"@graph\":[{\"@type\":\"Article\",\"@id\":\"https:\\\/\\\/www.aquimicasa.net\\\/blog\\\/consumo\\\/noticias-consumo\\\/el-ipc-de-enero-da-un-respiro-a-la-economia\\\/#article\",\"isPartOf\":{\"@id\":\"https:\\\/\\\/www.aquimicasa.net\\\/blog\\\/consumo\\\/noticias-consumo\\\/el-ipc-de-enero-da-un-respiro-a-la-economia\\\/\"},\"author\":{\"name\":\"Eduardo Lizarraga\",\"@id\":\"https:\\\/\\\/www.aquimicasa.net\\\/blog\\\/#\\\/schema\\\/person\\\/2cdfa2605534583395c8d7ce1d6cac14\"},\"headline\":\"El IPC de enero da un respiro a la econom\u00eda\",\"datePublished\":\"2022-02-01T19:44:40+00:00\",\"dateModified\":\"2022-02-01T19:44:48+00:00\",\"mainEntityOfPage\":{\"@id\":\"https:\\\/\\\/www.aquimicasa.net\\\/blog\\\/consumo\\\/noticias-consumo\\\/el-ipc-de-enero-da-un-respiro-a-la-economia\\\/\"},\"wordCount\":764,\"publisher\":{\"@id\":\"https:\\\/\\\/www.aquimicasa.net\\\/blog\\\/#organization\"},\"image\":{\"@id\":\"https:\\\/\\\/www.aquimicasa.net\\\/blog\\\/consumo\\\/noticias-consumo\\\/el-ipc-de-enero-da-un-respiro-a-la-economia\\\/#primaryimage\"},\"thumbnailUrl\":\"https:\\\/\\\/www.aquimicasa.net\\\/blog\\\/wp-content\\\/uploads\\\/supermercado2-e1643744523624.jpg\",\"keywords\":[\"newsletter 343\"],\"articleSection\":[\"Noticias Consumo\",\"Noticias Econom\u00eda\"],\"inLanguage\":\"es\"},{\"@type\":\"WebPage\",\"@id\":\"https:\\\/\\\/www.aquimicasa.net\\\/blog\\\/consumo\\\/noticias-consumo\\\/el-ipc-de-enero-da-un-respiro-a-la-economia\\\/\",\"url\":\"https:\\\/\\\/www.aquimicasa.net\\\/blog\\\/consumo\\\/noticias-consumo\\\/el-ipc-de-enero-da-un-respiro-a-la-economia\\\/\",\"name\":\"El IPC de enero da un respiro a la econom\u00eda\",\"isPartOf\":{\"@id\":\"https:\\\/\\\/www.aquimicasa.net\\\/blog\\\/#website\"},\"primaryImageOfPage\":{\"@id\":\"https:\\\/\\\/www.aquimicasa.net\\\/blog\\\/consumo\\\/noticias-consumo\\\/el-ipc-de-enero-da-un-respiro-a-la-economia\\\/#primaryimage\"},\"image\":{\"@id\":\"https:\\\/\\\/www.aquimicasa.net\\\/blog\\\/consumo\\\/noticias-consumo\\\/el-ipc-de-enero-da-un-respiro-a-la-economia\\\/#primaryimage\"},\"thumbnailUrl\":\"https:\\\/\\\/www.aquimicasa.net\\\/blog\\\/wp-content\\\/uploads\\\/supermercado2-e1643744523624.jpg\",\"datePublished\":\"2022-02-01T19:44:40+00:00\",\"dateModified\":\"2022-02-01T19:44:48+00:00\",\"description\":\"Seg\u00fan el INE, los precios han crecido un 6%\u00a0con respecto a enero del a\u00f1o pasado, lo que representa\u00a0un 0,5% menos que en diciembre\",\"breadcrumb\":{\"@id\":\"https:\\\/\\\/www.aquimicasa.net\\\/blog\\\/consumo\\\/noticias-consumo\\\/el-ipc-de-enero-da-un-respiro-a-la-economia\\\/#breadcrumb\"},\"inLanguage\":\"es\",\"potentialAction\":[{\"@type\":\"ReadAction\",\"target\":[\"https:\\\/\\\/www.aquimicasa.net\\\/blog\\\/consumo\\\/noticias-consumo\\\/el-ipc-de-enero-da-un-respiro-a-la-economia\\\/\"]}]},{\"@type\":\"ImageObject\",\"inLanguage\":\"es\",\"@id\":\"https:\\\/\\\/www.aquimicasa.net\\\/blog\\\/consumo\\\/noticias-consumo\\\/el-ipc-de-enero-da-un-respiro-a-la-economia\\\/#primaryimage\",\"url\":\"https:\\\/\\\/www.aquimicasa.net\\\/blog\\\/wp-content\\\/uploads\\\/supermercado2-e1643744523624.jpg\",\"contentUrl\":\"https:\\\/\\\/www.aquimicasa.net\\\/blog\\\/wp-content\\\/uploads\\\/supermercado2-e1643744523624.jpg\",\"width\":400,\"height\":300,\"caption\":\"El control de la energ\u00eda se apunta un tanto\"},{\"@type\":\"BreadcrumbList\",\"@id\":\"https:\\\/\\\/www.aquimicasa.net\\\/blog\\\/consumo\\\/noticias-consumo\\\/el-ipc-de-enero-da-un-respiro-a-la-economia\\\/#breadcrumb\",\"itemListElement\":[{\"@type\":\"ListItem\",\"position\":1,\"name\":\"Portada\",\"item\":\"https:\\\/\\\/www.aquimicasa.net\\\/blog\\\/\"},{\"@type\":\"ListItem\",\"position\":2,\"name\":\"El IPC de enero da un respiro a la econom\u00eda\"}]},{\"@type\":\"WebSite\",\"@id\":\"https:\\\/\\\/www.aquimicasa.net\\\/blog\\\/#website\",\"url\":\"https:\\\/\\\/www.aquimicasa.net\\\/blog\\\/\",\"name\":\"Blog de aquimicasa.net\",\"description\":\"Noticias del Mundo Inmobiliario\",\"publisher\":{\"@id\":\"https:\\\/\\\/www.aquimicasa.net\\\/blog\\\/#organization\"},\"potentialAction\":[{\"@type\":\"SearchAction\",\"target\":{\"@type\":\"EntryPoint\",\"urlTemplate\":\"https:\\\/\\\/www.aquimicasa.net\\\/blog\\\/?s={search_term_string}\"},\"query-input\":{\"@type\":\"PropertyValueSpecification\",\"valueRequired\":true,\"valueName\":\"search_term_string\"}}],\"inLanguage\":\"es\"},{\"@type\":\"Organization\",\"@id\":\"https:\\\/\\\/www.aquimicasa.net\\\/blog\\\/#organization\",\"name\":\"Blog de aquimicasa.net\",\"url\":\"https:\\\/\\\/www.aquimicasa.net\\\/blog\\\/\",\"logo\":{\"@type\":\"ImageObject\",\"inLanguage\":\"es\",\"@id\":\"https:\\\/\\\/www.aquimicasa.net\\\/blog\\\/#\\\/schema\\\/logo\\\/image\\\/\",\"url\":\"https:\\\/\\\/www.aquimicasa.net\\\/blog\\\/wp-content\\\/uploads\\\/Logo-aquimicasa-1-e1528048213782.png\",\"contentUrl\":\"https:\\\/\\\/www.aquimicasa.net\\\/blog\\\/wp-content\\\/uploads\\\/Logo-aquimicasa-1-e1528048213782.png\",\"width\":225,\"height\":225,\"caption\":\"Blog de aquimicasa.net\"},\"image\":{\"@id\":\"https:\\\/\\\/www.aquimicasa.net\\\/blog\\\/#\\\/schema\\\/logo\\\/image\\\/\"},\"sameAs\":[\"https:\\\/\\\/www.facebook.com\\\/aquimicasa.net\",\"https:\\\/\\\/www.instagram.com\\\/\",\"https:\\\/\\\/x.com\\\/EduLizarragaD\",\"https:\\\/\\\/www.linkedin.com\\\/feed\\\/\"]},{\"@type\":\"Person\",\"@id\":\"https:\\\/\\\/www.aquimicasa.net\\\/blog\\\/#\\\/schema\\\/person\\\/2cdfa2605534583395c8d7ce1d6cac14\",\"name\":\"Eduardo Lizarraga\",\"image\":{\"@type\":\"ImageObject\",\"inLanguage\":\"es\",\"@id\":\"https:\\\/\\\/secure.gravatar.com\\\/avatar\\\/bdabe1eeeed97b65a9cb7de2edd624b07995f7e13abc5fead15961f745f908cc?s=96&d=mm&r=g\",\"url\":\"https:\\\/\\\/secure.gravatar.com\\\/avatar\\\/bdabe1eeeed97b65a9cb7de2edd624b07995f7e13abc5fead15961f745f908cc?s=96&d=mm&r=g\",\"contentUrl\":\"https:\\\/\\\/secure.gravatar.com\\\/avatar\\\/bdabe1eeeed97b65a9cb7de2edd624b07995f7e13abc5fead15961f745f908cc?s=96&d=mm&r=g\",\"caption\":\"Eduardo Lizarraga\"},\"description\":\"Periodista Econ\u00f3mico. Ha trabajado en diversos campos de la informaci\u00f3n. Corresponsal en conflictos, analista pol\u00edtico en Congreso y Senado, periodista del medio ambiente, editor, director editorial, director de comunicaci\u00f3n.... En estos momentos se ha especializado en el sector inmobiliario. Pero tambi\u00e9n es navegante y viajero, preocupado por la pobreza, el medio ambiente y por las actuaciones descontroladas del neoliberalismo empresarial y pol\u00edtico en todo el mundo. Los desahucios, la pobreza infantil y la falta de acceso a los suministros b\u00e1sicos son algunos de los grandes dramas de nuestra sociedad y que es preciso solucionar para hacerla m\u00e1s justa. CEO en www.aquimicasa.net\",\"sameAs\":[\"https:\\\/\\\/www.aquimicasa.net\\\/\"],\"url\":\"https:\\\/\\\/www.aquimicasa.net\\\/blog\\\/author\\\/eduardo\\\/\"}]}<\/script>\n<!-- \/ Yoast SEO plugin. -->","yoast_head_json":{"title":"El IPC de enero da un respiro a la econom\u00eda","description":"Seg\u00fan el INE, los precios han crecido un 6%\u00a0con respecto a enero del a\u00f1o pasado, lo que representa\u00a0un 0,5% menos que en diciembre","robots":{"index":"index","follow":"follow","max-snippet":"max-snippet:-1","max-image-preview":"max-image-preview:large","max-video-preview":"max-video-preview:-1"},"canonical":"https:\/\/www.aquimicasa.net\/blog\/consumo\/noticias-consumo\/el-ipc-de-enero-da-un-respiro-a-la-economia\/","og_locale":"es_ES","og_type":"article","og_title":"El IPC de enero da un respiro a la econom\u00eda","og_description":"Seg\u00fan el INE, los precios han crecido un 6%\u00a0con respecto a enero del a\u00f1o pasado, lo que representa\u00a0un 0,5% menos que en diciembre","og_url":"https:\/\/www.aquimicasa.net\/blog\/consumo\/noticias-consumo\/el-ipc-de-enero-da-un-respiro-a-la-economia\/","og_site_name":"Blog de aquimicasa.net","article_publisher":"https:\/\/www.facebook.com\/aquimicasa.net","article_published_time":"2022-02-01T19:44:40+00:00","article_modified_time":"2022-02-01T19:44:48+00:00","og_image":[{"width":400,"height":300,"url":"https:\/\/www.aquimicasa.net\/blog\/wp-content\/uploads\/supermercado2-e1643744523624.jpg","type":"image\/jpeg"}],"author":"Eduardo Lizarraga","twitter_misc":{"Escrito por":"Eduardo Lizarraga","Tiempo de lectura":"4 minutos"},"schema":{"@context":"https:\/\/schema.org","@graph":[{"@type":"Article","@id":"https:\/\/www.aquimicasa.net\/blog\/consumo\/noticias-consumo\/el-ipc-de-enero-da-un-respiro-a-la-economia\/#article","isPartOf":{"@id":"https:\/\/www.aquimicasa.net\/blog\/consumo\/noticias-consumo\/el-ipc-de-enero-da-un-respiro-a-la-economia\/"},"author":{"name":"Eduardo Lizarraga","@id":"https:\/\/www.aquimicasa.net\/blog\/#\/schema\/person\/2cdfa2605534583395c8d7ce1d6cac14"},"headline":"El IPC de enero da un respiro a la econom\u00eda","datePublished":"2022-02-01T19:44:40+00:00","dateModified":"2022-02-01T19:44:48+00:00","mainEntityOfPage":{"@id":"https:\/\/www.aquimicasa.net\/blog\/consumo\/noticias-consumo\/el-ipc-de-enero-da-un-respiro-a-la-economia\/"},"wordCount":764,"publisher":{"@id":"https:\/\/www.aquimicasa.net\/blog\/#organization"},"image":{"@id":"https:\/\/www.aquimicasa.net\/blog\/consumo\/noticias-consumo\/el-ipc-de-enero-da-un-respiro-a-la-economia\/#primaryimage"},"thumbnailUrl":"https:\/\/www.aquimicasa.net\/blog\/wp-content\/uploads\/supermercado2-e1643744523624.jpg","keywords":["newsletter 343"],"articleSection":["Noticias Consumo","Noticias Econom\u00eda"],"inLanguage":"es"},{"@type":"WebPage","@id":"https:\/\/www.aquimicasa.net\/blog\/consumo\/noticias-consumo\/el-ipc-de-enero-da-un-respiro-a-la-economia\/","url":"https:\/\/www.aquimicasa.net\/blog\/consumo\/noticias-consumo\/el-ipc-de-enero-da-un-respiro-a-la-economia\/","name":"El IPC de enero da un respiro a la econom\u00eda","isPartOf":{"@id":"https:\/\/www.aquimicasa.net\/blog\/#website"},"primaryImageOfPage":{"@id":"https:\/\/www.aquimicasa.net\/blog\/consumo\/noticias-consumo\/el-ipc-de-enero-da-un-respiro-a-la-economia\/#primaryimage"},"image":{"@id":"https:\/\/www.aquimicasa.net\/blog\/consumo\/noticias-consumo\/el-ipc-de-enero-da-un-respiro-a-la-economia\/#primaryimage"},"thumbnailUrl":"https:\/\/www.aquimicasa.net\/blog\/wp-content\/uploads\/supermercado2-e1643744523624.jpg","datePublished":"2022-02-01T19:44:40+00:00","dateModified":"2022-02-01T19:44:48+00:00","description":"Seg\u00fan el INE, los precios han crecido un 6%\u00a0con respecto a enero del a\u00f1o pasado, lo que representa\u00a0un 0,5% menos que en diciembre","breadcrumb":{"@id":"https:\/\/www.aquimicasa.net\/blog\/consumo\/noticias-consumo\/el-ipc-de-enero-da-un-respiro-a-la-economia\/#breadcrumb"},"inLanguage":"es","potentialAction":[{"@type":"ReadAction","target":["https:\/\/www.aquimicasa.net\/blog\/consumo\/noticias-consumo\/el-ipc-de-enero-da-un-respiro-a-la-economia\/"]}]},{"@type":"ImageObject","inLanguage":"es","@id":"https:\/\/www.aquimicasa.net\/blog\/consumo\/noticias-consumo\/el-ipc-de-enero-da-un-respiro-a-la-economia\/#primaryimage","url":"https:\/\/www.aquimicasa.net\/blog\/wp-content\/uploads\/supermercado2-e1643744523624.jpg","contentUrl":"https:\/\/www.aquimicasa.net\/blog\/wp-content\/uploads\/supermercado2-e1643744523624.jpg","width":400,"height":300,"caption":"El control de la energ\u00eda se apunta un tanto"},{"@type":"BreadcrumbList","@id":"https:\/\/www.aquimicasa.net\/blog\/consumo\/noticias-consumo\/el-ipc-de-enero-da-un-respiro-a-la-economia\/#breadcrumb","itemListElement":[{"@type":"ListItem","position":1,"name":"Portada","item":"https:\/\/www.aquimicasa.net\/blog\/"},{"@type":"ListItem","position":2,"name":"El IPC de enero da un respiro a la econom\u00eda"}]},{"@type":"WebSite","@id":"https:\/\/www.aquimicasa.net\/blog\/#website","url":"https:\/\/www.aquimicasa.net\/blog\/","name":"Blog de aquimicasa.net","description":"Noticias del Mundo Inmobiliario","publisher":{"@id":"https:\/\/www.aquimicasa.net\/blog\/#organization"},"potentialAction":[{"@type":"SearchAction","target":{"@type":"EntryPoint","urlTemplate":"https:\/\/www.aquimicasa.net\/blog\/?s={search_term_string}"},"query-input":{"@type":"PropertyValueSpecification","valueRequired":true,"valueName":"search_term_string"}}],"inLanguage":"es"},{"@type":"Organization","@id":"https:\/\/www.aquimicasa.net\/blog\/#organization","name":"Blog de aquimicasa.net","url":"https:\/\/www.aquimicasa.net\/blog\/","logo":{"@type":"ImageObject","inLanguage":"es","@id":"https:\/\/www.aquimicasa.net\/blog\/#\/schema\/logo\/image\/","url":"https:\/\/www.aquimicasa.net\/blog\/wp-content\/uploads\/Logo-aquimicasa-1-e1528048213782.png","contentUrl":"https:\/\/www.aquimicasa.net\/blog\/wp-content\/uploads\/Logo-aquimicasa-1-e1528048213782.png","width":225,"height":225,"caption":"Blog de aquimicasa.net"},"image":{"@id":"https:\/\/www.aquimicasa.net\/blog\/#\/schema\/logo\/image\/"},"sameAs":["https:\/\/www.facebook.com\/aquimicasa.net","https:\/\/www.instagram.com\/","https:\/\/x.com\/EduLizarragaD","https:\/\/www.linkedin.com\/feed\/"]},{"@type":"Person","@id":"https:\/\/www.aquimicasa.net\/blog\/#\/schema\/person\/2cdfa2605534583395c8d7ce1d6cac14","name":"Eduardo Lizarraga","image":{"@type":"ImageObject","inLanguage":"es","@id":"https:\/\/secure.gravatar.com\/avatar\/bdabe1eeeed97b65a9cb7de2edd624b07995f7e13abc5fead15961f745f908cc?s=96&d=mm&r=g","url":"https:\/\/secure.gravatar.com\/avatar\/bdabe1eeeed97b65a9cb7de2edd624b07995f7e13abc5fead15961f745f908cc?s=96&d=mm&r=g","contentUrl":"https:\/\/secure.gravatar.com\/avatar\/bdabe1eeeed97b65a9cb7de2edd624b07995f7e13abc5fead15961f745f908cc?s=96&d=mm&r=g","caption":"Eduardo Lizarraga"},"description":"Periodista Econ\u00f3mico. Ha trabajado en diversos campos de la informaci\u00f3n. Corresponsal en conflictos, analista pol\u00edtico en Congreso y Senado, periodista del medio ambiente, editor, director editorial, director de comunicaci\u00f3n.... En estos momentos se ha especializado en el sector inmobiliario. Pero tambi\u00e9n es navegante y viajero, preocupado por la pobreza, el medio ambiente y por las actuaciones descontroladas del neoliberalismo empresarial y pol\u00edtico en todo el mundo. Los desahucios, la pobreza infantil y la falta de acceso a los suministros b\u00e1sicos son algunos de los grandes dramas de nuestra sociedad y que es preciso solucionar para hacerla m\u00e1s justa. CEO en www.aquimicasa.net","sameAs":["https:\/\/www.aquimicasa.net\/"],"url":"https:\/\/www.aquimicasa.net\/blog\/author\/eduardo\/"}]}},"jetpack_publicize_connections":[],"jetpack_featured_media_url":"https:\/\/www.aquimicasa.net\/blog\/wp-content\/uploads\/supermercado2-e1643744523624.jpg","jetpack_sharing_enabled":true,"jetpack_likes_enabled":true,"_links":{"self":[{"href":"https:\/\/www.aquimicasa.net\/blog\/wp-json\/wp\/v2\/posts\/39870","targetHints":{"allow":["GET"]}}],"collection":[{"href":"https:\/\/www.aquimicasa.net\/blog\/wp-json\/wp\/v2\/posts"}],"about":[{"href":"https:\/\/www.aquimicasa.net\/blog\/wp-json\/wp\/v2\/types\/post"}],"author":[{"embeddable":true,"href":"https:\/\/www.aquimicasa.net\/blog\/wp-json\/wp\/v2\/users\/3"}],"replies":[{"embeddable":true,"href":"https:\/\/www.aquimicasa.net\/blog\/wp-json\/wp\/v2\/comments?post=39870"}],"version-history":[{"count":3,"href":"https:\/\/www.aquimicasa.net\/blog\/wp-json\/wp\/v2\/posts\/39870\/revisions"}],"predecessor-version":[{"id":39874,"href":"https:\/\/www.aquimicasa.net\/blog\/wp-json\/wp\/v2\/posts\/39870\/revisions\/39874"}],"wp:featuredmedia":[{"embeddable":true,"href":"https:\/\/www.aquimicasa.net\/blog\/wp-json\/wp\/v2\/media\/39873"}],"wp:attachment":[{"href":"https:\/\/www.aquimicasa.net\/blog\/wp-json\/wp\/v2\/media?parent=39870"}],"wp:term":[{"taxonomy":"category","embeddable":true,"href":"https:\/\/www.aquimicasa.net\/blog\/wp-json\/wp\/v2\/categories?post=39870"},{"taxonomy":"post_tag","embeddable":true,"href":"https:\/\/www.aquimicasa.net\/blog\/wp-json\/wp\/v2\/tags?post=39870"}],"curies":[{"name":"wp","href":"https:\/\/api.w.org\/{rel}","templated":true}]}}