{"id":3994,"date":"2014-03-10T16:46:26","date_gmt":"2014-03-10T16:46:26","guid":{"rendered":"http:\/\/haciadelante.es\/?p=3994"},"modified":"2020-04-02T19:04:18","modified_gmt":"2020-04-02T17:04:18","slug":"el-patrimonio-de-madrid-desaparece-con-el-partido-popular","status":"publish","type":"post","link":"https:\/\/www.aquimicasa.net\/blog\/vivienda\/construccion-de-viviendas\/el-patrimonio-de-madrid-desaparece-con-el-partido-popular\/","title":{"rendered":"El patrimonio de Madrid desaparece con el Partido Popular"},"content":{"rendered":"<p>El inter\u00e9s urban\u00edstico y el desinter\u00e9s cultural de la administraci\u00f3n madrile\u00f1a est\u00e1n causando que Madrid vaya perdiendo parte del patrimonio que hab\u00eda llegado hasta este siglo. Ante esta situaci\u00f3n parece que la \u00faltima salvaguarda de esta riqueza sea la administraci\u00f3n de Justicia. As\u00ed, la Fiscal\u00eda Provincial de Madrid investiga al Ayuntamiento de la capital (PP) por el derribo de una casa blasonada del siglo XVII que expropi\u00f3 hace una d\u00e9cada para construir un equipamiento p\u00fablico. P\u00e9rdida de patrimonio para la construcci\u00f3n de un equipamiento que a\u00fan est\u00e1 pendiente.<\/p>\n<p>La Fiscal\u00eda pretende averiguar si el edificio municipal se tir\u00f3, pese a gozar de protecci\u00f3n por su valor hist\u00f3rico o art\u00edstico, y qui\u00e9nes fueron responsables de su estado de ruina por falta de conservaci\u00f3n. Y el Ayuntamiento de Ana Botella no se lo est\u00e1 poniendo f\u00e1cil: las diligencias se abrieron en junio de 2013, pero la Fiscal\u00eda lleva m\u00e1s de cinco meses requiriendo sin \u00e9xito al Gobierno de Madrid el nombre y apellidos de los encargados de cuidar el edificio y cuya actuaci\u00f3n consigui\u00f3 su ruina.<\/p>\n<p>En su \u00faltima notificaci\u00f3n el fiscal amenaz\u00f3 al Ayuntamiento de Madrid con actuar por un delito de desobediencia si no facilitaba en 15 d\u00edas toda la informaci\u00f3n de manera directa e inequ\u00edvoca. <\/p>\n<p>Esta no es la \u00fanica investigaci\u00f3n abierta al Ayuntamiento de Madrid por presunto abandono del patrimonio hist\u00f3rico. La Fiscal\u00eda indaga tambi\u00e9n el deterioro de otra parte del patrimonio madrile\u00f1o, en concreto del palacio de la Duquesa de Sueca, un edificio municipal con la m\u00e1xima protecci\u00f3n hist\u00f3rica-art\u00edstica que se encuentra en estado de ruina por falta de conservaci\u00f3n. El Ayuntamiento quiso derribar el edificio pero un juzgado de la capital lo evit\u00f3 a instancias de la propia Fiscal\u00eda.<\/p>\n<p>La casa blasonada que ha motivado la actual investigaci\u00f3n estaba ubicada en el n\u00famero 18 de la calle Embajadores. Su construcci\u00f3n se remontaba al siglo XVII, seg\u00fan el informe remitido a la Fiscal\u00eda por la Asociaci\u00f3n Madrid, Ciudadan\u00eda y Patrimonio en verano de 2013, tras ejecutarse su derribo. Este palacete castellano estaba rematado por el escudo de armas de la familia Villalobos, y figuraba ya en el plano de Pedro de Teixeira de 1656. Gozaba de protecci\u00f3n parcial por su valor hist\u00f3rico-art\u00edstico, y seg\u00fan la citada asociaci\u00f3n fue derribado sin que su estado fuera tan ruinoso como para hacerlo necesario.<\/p>\n","protected":false},"excerpt":{"rendered":"<p>El inter\u00e9s urban\u00edstico y el desinter\u00e9s cultural de la administraci\u00f3n [&hellip;]<\/p>\n","protected":false},"author":3,"featured_media":0,"comment_status":"open","ping_status":"open","sticky":false,"template":"","format":"standard","meta":{"_jetpack_memberships_contains_paid_content":false,"footnotes":"","jetpack_publicize_message":"","jetpack_publicize_feature_enabled":true,"jetpack_social_post_already_shared":false,"jetpack_social_options":{"image_generator_settings":{"template":"highway","default_image_id":0,"font":"","enabled":false},"version":2}},"categories":[100,7564,7565,96],"tags":[589,590,464,319],"class_list":["post-3994","post","type-post","status-publish","format-standard","hentry","category-compraventa-de-viviendas","category-noticias-economia","category-noticias-mercado-inmobiliario","category-construccion-de-viviendas","tag-cultural","tag-historico","tag-madrid","tag-patrimonio"],"yoast_head":"<!-- This site is optimized with the Yoast SEO plugin v28.2 - https:\/\/yoast.com\/product\/yoast-seo-wordpress\/ -->\n<title>El patrimonio de Madrid desaparece con el Partido Popular<\/title>\n<meta name=\"description\" content=\"El inter\u00e9s urban\u00edstico y el desinter\u00e9s cultural son causa de que Madrid sea una de las capitales europeas que m\u00e1s edificios de su patrimonio est\u00e1 perdiendo\" \/>\n<meta name=\"robots\" content=\"index, follow, max-snippet:-1, max-image-preview:large, max-video-preview:-1\" \/>\n<link rel=\"canonical\" href=\"https:\/\/www.aquimicasa.net\/blog\/vivienda\/construccion-de-viviendas\/el-patrimonio-de-madrid-desaparece-con-el-partido-popular\/\" \/>\n<meta property=\"og:locale\" content=\"es_ES\" \/>\n<meta property=\"og:type\" content=\"article\" \/>\n<meta property=\"og:title\" content=\"El patrimonio de Madrid desaparece con el Partido Popular\" \/>\n<meta property=\"og:description\" content=\"El inter\u00e9s urban\u00edstico y el desinter\u00e9s cultural son causa de que Madrid sea una de las capitales europeas que m\u00e1s edificios de su patrimonio est\u00e1 perdiendo\" \/>\n<meta property=\"og:url\" content=\"https:\/\/www.aquimicasa.net\/blog\/vivienda\/construccion-de-viviendas\/el-patrimonio-de-madrid-desaparece-con-el-partido-popular\/\" \/>\n<meta property=\"og:site_name\" content=\"Blog de aquimicasa.net\" \/>\n<meta property=\"article:publisher\" content=\"https:\/\/www.facebook.com\/aquimicasa.net\" \/>\n<meta property=\"article:published_time\" content=\"2014-03-10T16:46:26+00:00\" \/>\n<meta property=\"article:modified_time\" content=\"2020-04-02T17:04:18+00:00\" \/>\n<meta name=\"author\" content=\"Eduardo Lizarraga\" \/>\n<meta name=\"twitter:label1\" content=\"Escrito por\" \/>\n\t<meta name=\"twitter:data1\" content=\"Eduardo Lizarraga\" \/>\n\t<meta name=\"twitter:label2\" content=\"Tiempo de lectura\" \/>\n\t<meta name=\"twitter:data2\" content=\"2 minutos\" \/>\n<script type=\"application\/ld+json\" class=\"yoast-schema-graph\">{\"@context\":\"https:\\\/\\\/schema.org\",\"@graph\":[{\"@type\":\"Article\",\"@id\":\"https:\\\/\\\/www.aquimicasa.net\\\/blog\\\/vivienda\\\/construccion-de-viviendas\\\/el-patrimonio-de-madrid-desaparece-con-el-partido-popular\\\/#article\",\"isPartOf\":{\"@id\":\"https:\\\/\\\/www.aquimicasa.net\\\/blog\\\/vivienda\\\/construccion-de-viviendas\\\/el-patrimonio-de-madrid-desaparece-con-el-partido-popular\\\/\"},\"author\":{\"name\":\"Eduardo Lizarraga\",\"@id\":\"https:\\\/\\\/www.aquimicasa.net\\\/blog\\\/#\\\/schema\\\/person\\\/2cdfa2605534583395c8d7ce1d6cac14\"},\"headline\":\"El patrimonio de Madrid desaparece con el Partido Popular\",\"datePublished\":\"2014-03-10T16:46:26+00:00\",\"dateModified\":\"2020-04-02T17:04:18+00:00\",\"mainEntityOfPage\":{\"@id\":\"https:\\\/\\\/www.aquimicasa.net\\\/blog\\\/vivienda\\\/construccion-de-viviendas\\\/el-patrimonio-de-madrid-desaparece-con-el-partido-popular\\\/\"},\"wordCount\":439,\"commentCount\":0,\"publisher\":{\"@id\":\"https:\\\/\\\/www.aquimicasa.net\\\/blog\\\/#organization\"},\"keywords\":[\"cultural\",\"hist\u00f3rico\",\"Madrid\",\"Patrimonio\"],\"articleSection\":[\"Compra Venta\",\"Noticias Econom\u00eda\",\"Noticias Mercado Inmobiliario\",\"Obra Nueva\"],\"inLanguage\":\"es\",\"potentialAction\":[{\"@type\":\"CommentAction\",\"name\":\"Comment\",\"target\":[\"https:\\\/\\\/www.aquimicasa.net\\\/blog\\\/vivienda\\\/construccion-de-viviendas\\\/el-patrimonio-de-madrid-desaparece-con-el-partido-popular\\\/#respond\"]}]},{\"@type\":\"WebPage\",\"@id\":\"https:\\\/\\\/www.aquimicasa.net\\\/blog\\\/vivienda\\\/construccion-de-viviendas\\\/el-patrimonio-de-madrid-desaparece-con-el-partido-popular\\\/\",\"url\":\"https:\\\/\\\/www.aquimicasa.net\\\/blog\\\/vivienda\\\/construccion-de-viviendas\\\/el-patrimonio-de-madrid-desaparece-con-el-partido-popular\\\/\",\"name\":\"El patrimonio de Madrid desaparece con el Partido Popular\",\"isPartOf\":{\"@id\":\"https:\\\/\\\/www.aquimicasa.net\\\/blog\\\/#website\"},\"datePublished\":\"2014-03-10T16:46:26+00:00\",\"dateModified\":\"2020-04-02T17:04:18+00:00\",\"description\":\"El inter\u00e9s urban\u00edstico y el desinter\u00e9s cultural son causa de que Madrid sea una de las capitales europeas que m\u00e1s edificios de su patrimonio est\u00e1 perdiendo\",\"breadcrumb\":{\"@id\":\"https:\\\/\\\/www.aquimicasa.net\\\/blog\\\/vivienda\\\/construccion-de-viviendas\\\/el-patrimonio-de-madrid-desaparece-con-el-partido-popular\\\/#breadcrumb\"},\"inLanguage\":\"es\",\"potentialAction\":[{\"@type\":\"ReadAction\",\"target\":[\"https:\\\/\\\/www.aquimicasa.net\\\/blog\\\/vivienda\\\/construccion-de-viviendas\\\/el-patrimonio-de-madrid-desaparece-con-el-partido-popular\\\/\"]}]},{\"@type\":\"BreadcrumbList\",\"@id\":\"https:\\\/\\\/www.aquimicasa.net\\\/blog\\\/vivienda\\\/construccion-de-viviendas\\\/el-patrimonio-de-madrid-desaparece-con-el-partido-popular\\\/#breadcrumb\",\"itemListElement\":[{\"@type\":\"ListItem\",\"position\":1,\"name\":\"Portada\",\"item\":\"https:\\\/\\\/www.aquimicasa.net\\\/blog\\\/\"},{\"@type\":\"ListItem\",\"position\":2,\"name\":\"El patrimonio de Madrid desaparece con el Partido Popular\"}]},{\"@type\":\"WebSite\",\"@id\":\"https:\\\/\\\/www.aquimicasa.net\\\/blog\\\/#website\",\"url\":\"https:\\\/\\\/www.aquimicasa.net\\\/blog\\\/\",\"name\":\"Blog de aquimicasa.net\",\"description\":\"Noticias del Mundo Inmobiliario\",\"publisher\":{\"@id\":\"https:\\\/\\\/www.aquimicasa.net\\\/blog\\\/#organization\"},\"potentialAction\":[{\"@type\":\"SearchAction\",\"target\":{\"@type\":\"EntryPoint\",\"urlTemplate\":\"https:\\\/\\\/www.aquimicasa.net\\\/blog\\\/?s={search_term_string}\"},\"query-input\":{\"@type\":\"PropertyValueSpecification\",\"valueRequired\":true,\"valueName\":\"search_term_string\"}}],\"inLanguage\":\"es\"},{\"@type\":\"Organization\",\"@id\":\"https:\\\/\\\/www.aquimicasa.net\\\/blog\\\/#organization\",\"name\":\"Blog de aquimicasa.net\",\"url\":\"https:\\\/\\\/www.aquimicasa.net\\\/blog\\\/\",\"logo\":{\"@type\":\"ImageObject\",\"inLanguage\":\"es\",\"@id\":\"https:\\\/\\\/www.aquimicasa.net\\\/blog\\\/#\\\/schema\\\/logo\\\/image\\\/\",\"url\":\"https:\\\/\\\/www.aquimicasa.net\\\/blog\\\/wp-content\\\/uploads\\\/Logo-aquimicasa-1-e1528048213782.png\",\"contentUrl\":\"https:\\\/\\\/www.aquimicasa.net\\\/blog\\\/wp-content\\\/uploads\\\/Logo-aquimicasa-1-e1528048213782.png\",\"width\":225,\"height\":225,\"caption\":\"Blog de aquimicasa.net\"},\"image\":{\"@id\":\"https:\\\/\\\/www.aquimicasa.net\\\/blog\\\/#\\\/schema\\\/logo\\\/image\\\/\"},\"sameAs\":[\"https:\\\/\\\/www.facebook.com\\\/aquimicasa.net\",\"https:\\\/\\\/www.instagram.com\\\/\",\"https:\\\/\\\/x.com\\\/EduLizarragaD\",\"https:\\\/\\\/www.linkedin.com\\\/feed\\\/\"]},{\"@type\":\"Person\",\"@id\":\"https:\\\/\\\/www.aquimicasa.net\\\/blog\\\/#\\\/schema\\\/person\\\/2cdfa2605534583395c8d7ce1d6cac14\",\"name\":\"Eduardo Lizarraga\",\"image\":{\"@type\":\"ImageObject\",\"inLanguage\":\"es\",\"@id\":\"https:\\\/\\\/secure.gravatar.com\\\/avatar\\\/bdabe1eeeed97b65a9cb7de2edd624b07995f7e13abc5fead15961f745f908cc?s=96&d=mm&r=g\",\"url\":\"https:\\\/\\\/secure.gravatar.com\\\/avatar\\\/bdabe1eeeed97b65a9cb7de2edd624b07995f7e13abc5fead15961f745f908cc?s=96&d=mm&r=g\",\"contentUrl\":\"https:\\\/\\\/secure.gravatar.com\\\/avatar\\\/bdabe1eeeed97b65a9cb7de2edd624b07995f7e13abc5fead15961f745f908cc?s=96&d=mm&r=g\",\"caption\":\"Eduardo Lizarraga\"},\"description\":\"Periodista Econ\u00f3mico. Ha trabajado en diversos campos de la informaci\u00f3n. Corresponsal en conflictos, analista pol\u00edtico en Congreso y Senado, periodista del medio ambiente, editor, director editorial, director de comunicaci\u00f3n.... En estos momentos se ha especializado en el sector inmobiliario. Pero tambi\u00e9n es navegante y viajero, preocupado por la pobreza, el medio ambiente y por las actuaciones descontroladas del neoliberalismo empresarial y pol\u00edtico en todo el mundo. Los desahucios, la pobreza infantil y la falta de acceso a los suministros b\u00e1sicos son algunos de los grandes dramas de nuestra sociedad y que es preciso solucionar para hacerla m\u00e1s justa. CEO en www.aquimicasa.net\",\"sameAs\":[\"https:\\\/\\\/www.aquimicasa.net\\\/\"],\"url\":\"https:\\\/\\\/www.aquimicasa.net\\\/blog\\\/author\\\/eduardo\\\/\"}]}<\/script>\n<!-- \/ Yoast SEO plugin. -->","yoast_head_json":{"title":"El patrimonio de Madrid desaparece con el Partido Popular","description":"El inter\u00e9s urban\u00edstico y el desinter\u00e9s cultural son causa de que Madrid sea una de las capitales europeas que m\u00e1s edificios de su patrimonio est\u00e1 perdiendo","robots":{"index":"index","follow":"follow","max-snippet":"max-snippet:-1","max-image-preview":"max-image-preview:large","max-video-preview":"max-video-preview:-1"},"canonical":"https:\/\/www.aquimicasa.net\/blog\/vivienda\/construccion-de-viviendas\/el-patrimonio-de-madrid-desaparece-con-el-partido-popular\/","og_locale":"es_ES","og_type":"article","og_title":"El patrimonio de Madrid desaparece con el Partido Popular","og_description":"El inter\u00e9s urban\u00edstico y el desinter\u00e9s cultural son causa de que Madrid sea una de las capitales europeas que m\u00e1s edificios de su patrimonio est\u00e1 perdiendo","og_url":"https:\/\/www.aquimicasa.net\/blog\/vivienda\/construccion-de-viviendas\/el-patrimonio-de-madrid-desaparece-con-el-partido-popular\/","og_site_name":"Blog de aquimicasa.net","article_publisher":"https:\/\/www.facebook.com\/aquimicasa.net","article_published_time":"2014-03-10T16:46:26+00:00","article_modified_time":"2020-04-02T17:04:18+00:00","author":"Eduardo Lizarraga","twitter_misc":{"Escrito por":"Eduardo Lizarraga","Tiempo de lectura":"2 minutos"},"schema":{"@context":"https:\/\/schema.org","@graph":[{"@type":"Article","@id":"https:\/\/www.aquimicasa.net\/blog\/vivienda\/construccion-de-viviendas\/el-patrimonio-de-madrid-desaparece-con-el-partido-popular\/#article","isPartOf":{"@id":"https:\/\/www.aquimicasa.net\/blog\/vivienda\/construccion-de-viviendas\/el-patrimonio-de-madrid-desaparece-con-el-partido-popular\/"},"author":{"name":"Eduardo Lizarraga","@id":"https:\/\/www.aquimicasa.net\/blog\/#\/schema\/person\/2cdfa2605534583395c8d7ce1d6cac14"},"headline":"El patrimonio de Madrid desaparece con el Partido Popular","datePublished":"2014-03-10T16:46:26+00:00","dateModified":"2020-04-02T17:04:18+00:00","mainEntityOfPage":{"@id":"https:\/\/www.aquimicasa.net\/blog\/vivienda\/construccion-de-viviendas\/el-patrimonio-de-madrid-desaparece-con-el-partido-popular\/"},"wordCount":439,"commentCount":0,"publisher":{"@id":"https:\/\/www.aquimicasa.net\/blog\/#organization"},"keywords":["cultural","hist\u00f3rico","Madrid","Patrimonio"],"articleSection":["Compra Venta","Noticias Econom\u00eda","Noticias Mercado Inmobiliario","Obra Nueva"],"inLanguage":"es","potentialAction":[{"@type":"CommentAction","name":"Comment","target":["https:\/\/www.aquimicasa.net\/blog\/vivienda\/construccion-de-viviendas\/el-patrimonio-de-madrid-desaparece-con-el-partido-popular\/#respond"]}]},{"@type":"WebPage","@id":"https:\/\/www.aquimicasa.net\/blog\/vivienda\/construccion-de-viviendas\/el-patrimonio-de-madrid-desaparece-con-el-partido-popular\/","url":"https:\/\/www.aquimicasa.net\/blog\/vivienda\/construccion-de-viviendas\/el-patrimonio-de-madrid-desaparece-con-el-partido-popular\/","name":"El patrimonio de Madrid desaparece con el Partido Popular","isPartOf":{"@id":"https:\/\/www.aquimicasa.net\/blog\/#website"},"datePublished":"2014-03-10T16:46:26+00:00","dateModified":"2020-04-02T17:04:18+00:00","description":"El inter\u00e9s urban\u00edstico y el desinter\u00e9s cultural son causa de que Madrid sea una de las capitales europeas que m\u00e1s edificios de su patrimonio est\u00e1 perdiendo","breadcrumb":{"@id":"https:\/\/www.aquimicasa.net\/blog\/vivienda\/construccion-de-viviendas\/el-patrimonio-de-madrid-desaparece-con-el-partido-popular\/#breadcrumb"},"inLanguage":"es","potentialAction":[{"@type":"ReadAction","target":["https:\/\/www.aquimicasa.net\/blog\/vivienda\/construccion-de-viviendas\/el-patrimonio-de-madrid-desaparece-con-el-partido-popular\/"]}]},{"@type":"BreadcrumbList","@id":"https:\/\/www.aquimicasa.net\/blog\/vivienda\/construccion-de-viviendas\/el-patrimonio-de-madrid-desaparece-con-el-partido-popular\/#breadcrumb","itemListElement":[{"@type":"ListItem","position":1,"name":"Portada","item":"https:\/\/www.aquimicasa.net\/blog\/"},{"@type":"ListItem","position":2,"name":"El patrimonio de Madrid desaparece con el Partido Popular"}]},{"@type":"WebSite","@id":"https:\/\/www.aquimicasa.net\/blog\/#website","url":"https:\/\/www.aquimicasa.net\/blog\/","name":"Blog de aquimicasa.net","description":"Noticias del Mundo Inmobiliario","publisher":{"@id":"https:\/\/www.aquimicasa.net\/blog\/#organization"},"potentialAction":[{"@type":"SearchAction","target":{"@type":"EntryPoint","urlTemplate":"https:\/\/www.aquimicasa.net\/blog\/?s={search_term_string}"},"query-input":{"@type":"PropertyValueSpecification","valueRequired":true,"valueName":"search_term_string"}}],"inLanguage":"es"},{"@type":"Organization","@id":"https:\/\/www.aquimicasa.net\/blog\/#organization","name":"Blog de aquimicasa.net","url":"https:\/\/www.aquimicasa.net\/blog\/","logo":{"@type":"ImageObject","inLanguage":"es","@id":"https:\/\/www.aquimicasa.net\/blog\/#\/schema\/logo\/image\/","url":"https:\/\/www.aquimicasa.net\/blog\/wp-content\/uploads\/Logo-aquimicasa-1-e1528048213782.png","contentUrl":"https:\/\/www.aquimicasa.net\/blog\/wp-content\/uploads\/Logo-aquimicasa-1-e1528048213782.png","width":225,"height":225,"caption":"Blog de aquimicasa.net"},"image":{"@id":"https:\/\/www.aquimicasa.net\/blog\/#\/schema\/logo\/image\/"},"sameAs":["https:\/\/www.facebook.com\/aquimicasa.net","https:\/\/www.instagram.com\/","https:\/\/x.com\/EduLizarragaD","https:\/\/www.linkedin.com\/feed\/"]},{"@type":"Person","@id":"https:\/\/www.aquimicasa.net\/blog\/#\/schema\/person\/2cdfa2605534583395c8d7ce1d6cac14","name":"Eduardo Lizarraga","image":{"@type":"ImageObject","inLanguage":"es","@id":"https:\/\/secure.gravatar.com\/avatar\/bdabe1eeeed97b65a9cb7de2edd624b07995f7e13abc5fead15961f745f908cc?s=96&d=mm&r=g","url":"https:\/\/secure.gravatar.com\/avatar\/bdabe1eeeed97b65a9cb7de2edd624b07995f7e13abc5fead15961f745f908cc?s=96&d=mm&r=g","contentUrl":"https:\/\/secure.gravatar.com\/avatar\/bdabe1eeeed97b65a9cb7de2edd624b07995f7e13abc5fead15961f745f908cc?s=96&d=mm&r=g","caption":"Eduardo Lizarraga"},"description":"Periodista Econ\u00f3mico. Ha trabajado en diversos campos de la informaci\u00f3n. Corresponsal en conflictos, analista pol\u00edtico en Congreso y Senado, periodista del medio ambiente, editor, director editorial, director de comunicaci\u00f3n.... En estos momentos se ha especializado en el sector inmobiliario. Pero tambi\u00e9n es navegante y viajero, preocupado por la pobreza, el medio ambiente y por las actuaciones descontroladas del neoliberalismo empresarial y pol\u00edtico en todo el mundo. Los desahucios, la pobreza infantil y la falta de acceso a los suministros b\u00e1sicos son algunos de los grandes dramas de nuestra sociedad y que es preciso solucionar para hacerla m\u00e1s justa. CEO en www.aquimicasa.net","sameAs":["https:\/\/www.aquimicasa.net\/"],"url":"https:\/\/www.aquimicasa.net\/blog\/author\/eduardo\/"}]}},"jetpack_publicize_connections":[],"jetpack_featured_media_url":"","jetpack_sharing_enabled":true,"jetpack_likes_enabled":true,"_links":{"self":[{"href":"https:\/\/www.aquimicasa.net\/blog\/wp-json\/wp\/v2\/posts\/3994","targetHints":{"allow":["GET"]}}],"collection":[{"href":"https:\/\/www.aquimicasa.net\/blog\/wp-json\/wp\/v2\/posts"}],"about":[{"href":"https:\/\/www.aquimicasa.net\/blog\/wp-json\/wp\/v2\/types\/post"}],"author":[{"embeddable":true,"href":"https:\/\/www.aquimicasa.net\/blog\/wp-json\/wp\/v2\/users\/3"}],"replies":[{"embeddable":true,"href":"https:\/\/www.aquimicasa.net\/blog\/wp-json\/wp\/v2\/comments?post=3994"}],"version-history":[{"count":1,"href":"https:\/\/www.aquimicasa.net\/blog\/wp-json\/wp\/v2\/posts\/3994\/revisions"}],"predecessor-version":[{"id":30979,"href":"https:\/\/www.aquimicasa.net\/blog\/wp-json\/wp\/v2\/posts\/3994\/revisions\/30979"}],"wp:attachment":[{"href":"https:\/\/www.aquimicasa.net\/blog\/wp-json\/wp\/v2\/media?parent=3994"}],"wp:term":[{"taxonomy":"category","embeddable":true,"href":"https:\/\/www.aquimicasa.net\/blog\/wp-json\/wp\/v2\/categories?post=3994"},{"taxonomy":"post_tag","embeddable":true,"href":"https:\/\/www.aquimicasa.net\/blog\/wp-json\/wp\/v2\/tags?post=3994"}],"curies":[{"name":"wp","href":"https:\/\/api.w.org\/{rel}","templated":true}]}}