{"id":40022,"date":"2022-02-16T17:59:09","date_gmt":"2022-02-16T16:59:09","guid":{"rendered":"https:\/\/www.aquimicasa.net\/blog\/?p=40022"},"modified":"2022-02-16T18:07:52","modified_gmt":"2022-02-16T17:07:52","slug":"el-riesgo-de-burbuja-inmobiliaria-se-extiende-por-europa","status":"publish","type":"post","link":"https:\/\/www.aquimicasa.net\/blog\/economia\/noticias-economia\/el-riesgo-de-burbuja-inmobiliaria-se-extiende-por-europa\/","title":{"rendered":"El riesgo de burbuja inmobiliaria se extiende por Europa"},"content":{"rendered":"<div class=\"fusion-fullwidth fullwidth-box fusion-builder-row-1 fusion-flex-container nonhundred-percent-fullwidth non-hundred-percent-height-scrolling\" style=\"background-color: rgba(255,255,255,0);background-position: center center;background-repeat: no-repeat;border-width: 0px 0px 0px 0px;border-color:#eae9e9;border-style:solid;\" ><div class=\"fusion-builder-row fusion-row fusion-flex-align-items-flex-start\" style=\"max-width:1144px;margin-left: calc(-4% \/ 2 );margin-right: calc(-4% \/ 2 );\"><div class=\"fusion-layout-column fusion_builder_column fusion-builder-column-0 fusion_builder_column_1_1 1_1 fusion-flex-column\"><div class=\"fusion-column-wrapper fusion-flex-justify-content-flex-start fusion-content-layout-column\" style=\"background-position:left top;background-repeat:no-repeat;-webkit-background-size:cover;-moz-background-size:cover;-o-background-size:cover;background-size:cover;padding: 0px 0px 0px 0px;\"><div class=\"fusion-text fusion-text-1\"><p>La Junta Europea de Riesgo Sist\u00e9mico (JERS),\u00a0un organismo que se cre\u00f3 en 2010 despu\u00e9s de la crisis financiera para <strong>velar por la salvaguarda de la estabilidad financiera<\/strong>, ha advertido\u00a0 a varios pa\u00edses del riesgo de burbujas inmobiliarias en sus mercados de propiedad residencial. Este organismo no ve<strong>\u00a0riesgos en el mercado inmobiliario residencial en Espa\u00f1a<\/strong>, donde el crecimiento de los precios y la sobrevaloraci\u00f3n son de los m\u00e1s bajos de Europa en estos momentos.<\/p>\n<p>Los riesgos observados son un r\u00e1pido crecimiento y sobrevaloraciones de los precios de la vivienda, un elevado endeudamiento de los hogares, el r\u00e1pido crecimiento del cr\u00e9dito hipotecario, que<strong>\u00a0se relajen las condiciones para conceder estos cr\u00e9ditos<\/strong> y se den con mucha facilidad. Algo que nos resulta un viejo conocido en Espa\u00f1a. Los riesgos de burbujas en los mercados de la vivienda est\u00e1n<strong> localizados en los pa\u00edses n\u00f3rdicos y del centro de Europa.<\/strong><\/p>\n<p>Alemania, con una<strong>\u00a0sobrevaloraci\u00f3n de los precios del 25%, y Austria, del 45%<\/strong>, ya hab\u00edan recibido advertencias en 2019 y 2016, respectivamente, y como no han hecho lo suficiente para remediar la situaci\u00f3n, la JERS les ha remitido nuevos avisos. Adem\u00e1s de las recomendaciones a estos dos pa\u00edses, indic\u00e1ndoles que es necesario hacer algo para remediar la situaci\u00f3n, la JERS ha enviado advertencias a los ministros competentes de Bulgaria, Croacia, Hungr\u00eda, Liechtenstein y Eslovaquia. En Dinamarca, Finlandia, Luxemburgo, Holanda y Suecia, pa\u00edses ya en riesgo desde el 2019,<strong>\u00a0los precios y las sobrevaloraciones han aumentado m\u00e1s<\/strong> pese a que han aplicado medidas que no han conseguido limitar el <strong>riesgo de endeudamiento hipotecario\u00a0<\/strong>de los hogares.<\/p>\n<p>Estas medidas a adoptar pueden ser incrementos fiscales, limitar legalmente el endeudamiento de los hogares y las exposiciones de los bancos y obligar a los bancos a tener m\u00e1s capital para exposiciones de riesgo con los <strong>colchones de capital<\/strong>.<\/p>\n<p>Con la pandemia la situaci\u00f3n es compleja y algo confusa, a pesar de que los ingresos de los hogares han bajado, los precios de la vivienda han subido m\u00e1s y en ning\u00fan pa\u00eds han ca\u00eddo. Algunos pa\u00edses hab\u00edan adoptado\u00a0<strong>medidas para afrontar los problemas antes de la pandemia<\/strong>, pero dejaron de aplicarlas parcial o completamente durante la pandemia. As\u00ed, Luxemburgo ha cumplido completamente las recomendaciones, B\u00e9lgica, Dinamarca y Suecia las han cumplido ampliamente y Finlandia y Holanda solo parcialmente. .<\/p>\n<section class=\"bodyObject inTextNews\">\n<div class=\"inTextNews__text\">\n<div class=\"inTextNews__signature\">Las nuevas recomendaciones y advertencias llegan en un momento en el que el Banco Central Europeo (BCE) se plantea subir los tipos de inter\u00e9s este a\u00f1o y, pese a que ha tratado de dejar claro que la normalizaci\u00f3n de la pol\u00edtica monetaria va a ser gradual, los tipos de inter\u00e9s suben en los mercados. En pa\u00edses como Alemania, donde <strong>gran parte de las hipotecas son a tipo de inter\u00e9s fijo<\/strong>, la subida de los tipos de inter\u00e9s del BCE no tendr\u00e1 probablemente mucho impacto en la capacidad de los hogares de devolver la deuda.<\/div>\n<\/div>\n<\/section>\n<p>Pero en otros como Suecia, donde<strong>\u00a0las hipotecas est\u00e1n referenciadas a tipos de inter\u00e9s a corto plazo\u00a0<\/strong>y variables, puede reducir su capacidad de devolver los pr\u00e9stamos.<\/p>\n<\/div><\/div><style type=\"text\/css\">.fusion-body .fusion-builder-column-0{width:100% !important;margin-top : 0px;margin-bottom : 0px;}.fusion-builder-column-0 > .fusion-column-wrapper {padding-top : 0px !important;padding-right : 0px !important;margin-right : 1.92%;padding-bottom : 0px !important;padding-left : 0px !important;margin-left : 1.92%;}@media only screen and (max-width:1024px) {.fusion-body .fusion-builder-column-0{width:100% !important;}.fusion-builder-column-0 > .fusion-column-wrapper {margin-right : 1.92%;margin-left : 1.92%;}}@media only screen and (max-width:640px) {.fusion-body .fusion-builder-column-0{width:100% !important;}.fusion-builder-column-0 > .fusion-column-wrapper {margin-right : 1.92%;margin-left : 1.92%;}}<\/style><\/div><\/div><style type=\"text\/css\">.fusion-body .fusion-flex-container.fusion-builder-row-1{ padding-top : 0px;margin-top : 0px;padding-right : 0px;padding-bottom : 0px;margin-bottom : 0px;padding-left : 0px;}<\/style><\/div>\n","protected":false},"excerpt":{"rendered":"<p>Los riesgos observados\u00a0son un r\u00e1pido crecimiento y sobrevaloraciones de los precios de la vivienda, un elevado endeudamiento de los hogares, el r\u00e1pido crecimiento del cr\u00e9dito hipotecario y que\u00a0se relajen las condiciones para conceder estos cr\u00e9ditos y se den con mucha facilidad. Algo que nos resulta muy familiar en Espa\u00f1a.<\/p>\n","protected":false},"author":3,"featured_media":40024,"comment_status":"closed","ping_status":"closed","sticky":false,"template":"","format":"standard","meta":{"_jetpack_memberships_contains_paid_content":false,"footnotes":"","jetpack_publicize_message":"","jetpack_publicize_feature_enabled":true,"jetpack_social_post_already_shared":true,"jetpack_social_options":{"image_generator_settings":{"template":"highway","default_image_id":0,"font":"","enabled":false},"version":2}},"categories":[7564,7566],"tags":[8010],"class_list":["post-40022","post","type-post","status-publish","format-standard","has-post-thumbnail","hentry","category-noticias-economia","category-noticias-sobre-el-mercado-hipotecario","tag-newsletter-345"],"yoast_head":"<!-- This site is optimized with the Yoast SEO plugin v27.5 - https:\/\/yoast.com\/product\/yoast-seo-wordpress\/ -->\n<title>El riesgo de burbuja inmobiliaria se extiende por Europa<\/title>\n<meta name=\"description\" content=\"Los riesgos de burbujas en los mercados de la vivienda\u00a0est\u00e1n localizados en los pa\u00edses n\u00f3rdicos y del centro de Europa\" \/>\n<meta name=\"robots\" content=\"index, follow, max-snippet:-1, max-image-preview:large, max-video-preview:-1\" \/>\n<link rel=\"canonical\" href=\"https:\/\/www.aquimicasa.net\/blog\/economia\/noticias-economia\/el-riesgo-de-burbuja-inmobiliaria-se-extiende-por-europa\/\" \/>\n<meta property=\"og:locale\" content=\"es_ES\" \/>\n<meta property=\"og:type\" content=\"article\" \/>\n<meta property=\"og:title\" content=\"El riesgo de burbuja inmobiliaria se extiende por Europa\" \/>\n<meta property=\"og:description\" content=\"Los riesgos de burbujas en los mercados de la vivienda\u00a0est\u00e1n localizados en los pa\u00edses n\u00f3rdicos y del centro de Europa\" \/>\n<meta property=\"og:url\" content=\"https:\/\/www.aquimicasa.net\/blog\/economia\/noticias-economia\/el-riesgo-de-burbuja-inmobiliaria-se-extiende-por-europa\/\" \/>\n<meta property=\"og:site_name\" content=\"Blog de aquimicasa.net\" \/>\n<meta property=\"article:publisher\" content=\"https:\/\/www.facebook.com\/aquimicasa.net\" \/>\n<meta property=\"article:published_time\" content=\"2022-02-16T16:59:09+00:00\" \/>\n<meta property=\"article:modified_time\" content=\"2022-02-16T17:07:52+00:00\" \/>\n<meta property=\"og:image\" content=\"https:\/\/www.aquimicasa.net\/blog\/wp-content\/uploads\/Burbuja7-e1645030710696.jpg\" \/>\n\t<meta property=\"og:image:width\" content=\"500\" \/>\n\t<meta property=\"og:image:height\" content=\"281\" \/>\n\t<meta property=\"og:image:type\" content=\"image\/jpeg\" \/>\n<meta name=\"author\" content=\"Eduardo Lizarraga\" \/>\n<meta name=\"twitter:label1\" content=\"Escrito por\" \/>\n\t<meta name=\"twitter:data1\" content=\"Eduardo Lizarraga\" \/>\n\t<meta name=\"twitter:label2\" content=\"Tiempo de lectura\" \/>\n\t<meta name=\"twitter:data2\" content=\"3 minutos\" \/>\n<script type=\"application\/ld+json\" class=\"yoast-schema-graph\">{\"@context\":\"https:\\\/\\\/schema.org\",\"@graph\":[{\"@type\":\"Article\",\"@id\":\"https:\\\/\\\/www.aquimicasa.net\\\/blog\\\/economia\\\/noticias-economia\\\/el-riesgo-de-burbuja-inmobiliaria-se-extiende-por-europa\\\/#article\",\"isPartOf\":{\"@id\":\"https:\\\/\\\/www.aquimicasa.net\\\/blog\\\/economia\\\/noticias-economia\\\/el-riesgo-de-burbuja-inmobiliaria-se-extiende-por-europa\\\/\"},\"author\":{\"name\":\"Eduardo Lizarraga\",\"@id\":\"https:\\\/\\\/www.aquimicasa.net\\\/blog\\\/#\\\/schema\\\/person\\\/2cdfa2605534583395c8d7ce1d6cac14\"},\"headline\":\"El riesgo de burbuja inmobiliaria se extiende por Europa\",\"datePublished\":\"2022-02-16T16:59:09+00:00\",\"dateModified\":\"2022-02-16T17:07:52+00:00\",\"mainEntityOfPage\":{\"@id\":\"https:\\\/\\\/www.aquimicasa.net\\\/blog\\\/economia\\\/noticias-economia\\\/el-riesgo-de-burbuja-inmobiliaria-se-extiende-por-europa\\\/\"},\"wordCount\":787,\"publisher\":{\"@id\":\"https:\\\/\\\/www.aquimicasa.net\\\/blog\\\/#organization\"},\"image\":{\"@id\":\"https:\\\/\\\/www.aquimicasa.net\\\/blog\\\/economia\\\/noticias-economia\\\/el-riesgo-de-burbuja-inmobiliaria-se-extiende-por-europa\\\/#primaryimage\"},\"thumbnailUrl\":\"https:\\\/\\\/www.aquimicasa.net\\\/blog\\\/wp-content\\\/uploads\\\/Burbuja7-e1645030710696.jpg\",\"keywords\":[\"newsletter 345\"],\"articleSection\":[\"Noticias Econom\u00eda\",\"Noticias sobre el Mercado Hipotecario\"],\"inLanguage\":\"es\"},{\"@type\":\"WebPage\",\"@id\":\"https:\\\/\\\/www.aquimicasa.net\\\/blog\\\/economia\\\/noticias-economia\\\/el-riesgo-de-burbuja-inmobiliaria-se-extiende-por-europa\\\/\",\"url\":\"https:\\\/\\\/www.aquimicasa.net\\\/blog\\\/economia\\\/noticias-economia\\\/el-riesgo-de-burbuja-inmobiliaria-se-extiende-por-europa\\\/\",\"name\":\"El riesgo de burbuja inmobiliaria se extiende por Europa\",\"isPartOf\":{\"@id\":\"https:\\\/\\\/www.aquimicasa.net\\\/blog\\\/#website\"},\"primaryImageOfPage\":{\"@id\":\"https:\\\/\\\/www.aquimicasa.net\\\/blog\\\/economia\\\/noticias-economia\\\/el-riesgo-de-burbuja-inmobiliaria-se-extiende-por-europa\\\/#primaryimage\"},\"image\":{\"@id\":\"https:\\\/\\\/www.aquimicasa.net\\\/blog\\\/economia\\\/noticias-economia\\\/el-riesgo-de-burbuja-inmobiliaria-se-extiende-por-europa\\\/#primaryimage\"},\"thumbnailUrl\":\"https:\\\/\\\/www.aquimicasa.net\\\/blog\\\/wp-content\\\/uploads\\\/Burbuja7-e1645030710696.jpg\",\"datePublished\":\"2022-02-16T16:59:09+00:00\",\"dateModified\":\"2022-02-16T17:07:52+00:00\",\"description\":\"Los riesgos de burbujas en los mercados de la vivienda\u00a0est\u00e1n localizados en los pa\u00edses n\u00f3rdicos y del centro de Europa\",\"breadcrumb\":{\"@id\":\"https:\\\/\\\/www.aquimicasa.net\\\/blog\\\/economia\\\/noticias-economia\\\/el-riesgo-de-burbuja-inmobiliaria-se-extiende-por-europa\\\/#breadcrumb\"},\"inLanguage\":\"es\",\"potentialAction\":[{\"@type\":\"ReadAction\",\"target\":[\"https:\\\/\\\/www.aquimicasa.net\\\/blog\\\/economia\\\/noticias-economia\\\/el-riesgo-de-burbuja-inmobiliaria-se-extiende-por-europa\\\/\"]}]},{\"@type\":\"ImageObject\",\"inLanguage\":\"es\",\"@id\":\"https:\\\/\\\/www.aquimicasa.net\\\/blog\\\/economia\\\/noticias-economia\\\/el-riesgo-de-burbuja-inmobiliaria-se-extiende-por-europa\\\/#primaryimage\",\"url\":\"https:\\\/\\\/www.aquimicasa.net\\\/blog\\\/wp-content\\\/uploads\\\/Burbuja7-e1645030710696.jpg\",\"contentUrl\":\"https:\\\/\\\/www.aquimicasa.net\\\/blog\\\/wp-content\\\/uploads\\\/Burbuja7-e1645030710696.jpg\",\"width\":500,\"height\":281,\"caption\":\"El riesgo de burbuja inmobiliaria se extiende por Europa\"},{\"@type\":\"BreadcrumbList\",\"@id\":\"https:\\\/\\\/www.aquimicasa.net\\\/blog\\\/economia\\\/noticias-economia\\\/el-riesgo-de-burbuja-inmobiliaria-se-extiende-por-europa\\\/#breadcrumb\",\"itemListElement\":[{\"@type\":\"ListItem\",\"position\":1,\"name\":\"Portada\",\"item\":\"https:\\\/\\\/www.aquimicasa.net\\\/blog\\\/\"},{\"@type\":\"ListItem\",\"position\":2,\"name\":\"El riesgo de burbuja inmobiliaria se extiende por Europa\"}]},{\"@type\":\"WebSite\",\"@id\":\"https:\\\/\\\/www.aquimicasa.net\\\/blog\\\/#website\",\"url\":\"https:\\\/\\\/www.aquimicasa.net\\\/blog\\\/\",\"name\":\"Blog de aquimicasa.net\",\"description\":\"Noticias del Mundo Inmobiliario\",\"publisher\":{\"@id\":\"https:\\\/\\\/www.aquimicasa.net\\\/blog\\\/#organization\"},\"potentialAction\":[{\"@type\":\"SearchAction\",\"target\":{\"@type\":\"EntryPoint\",\"urlTemplate\":\"https:\\\/\\\/www.aquimicasa.net\\\/blog\\\/?s={search_term_string}\"},\"query-input\":{\"@type\":\"PropertyValueSpecification\",\"valueRequired\":true,\"valueName\":\"search_term_string\"}}],\"inLanguage\":\"es\"},{\"@type\":\"Organization\",\"@id\":\"https:\\\/\\\/www.aquimicasa.net\\\/blog\\\/#organization\",\"name\":\"Blog de aquimicasa.net\",\"url\":\"https:\\\/\\\/www.aquimicasa.net\\\/blog\\\/\",\"logo\":{\"@type\":\"ImageObject\",\"inLanguage\":\"es\",\"@id\":\"https:\\\/\\\/www.aquimicasa.net\\\/blog\\\/#\\\/schema\\\/logo\\\/image\\\/\",\"url\":\"https:\\\/\\\/www.aquimicasa.net\\\/blog\\\/wp-content\\\/uploads\\\/Logo-aquimicasa-1-e1528048213782.png\",\"contentUrl\":\"https:\\\/\\\/www.aquimicasa.net\\\/blog\\\/wp-content\\\/uploads\\\/Logo-aquimicasa-1-e1528048213782.png\",\"width\":225,\"height\":225,\"caption\":\"Blog de aquimicasa.net\"},\"image\":{\"@id\":\"https:\\\/\\\/www.aquimicasa.net\\\/blog\\\/#\\\/schema\\\/logo\\\/image\\\/\"},\"sameAs\":[\"https:\\\/\\\/www.facebook.com\\\/aquimicasa.net\",\"https:\\\/\\\/www.instagram.com\\\/\",\"https:\\\/\\\/x.com\\\/EduLizarragaD\",\"https:\\\/\\\/www.linkedin.com\\\/feed\\\/\"]},{\"@type\":\"Person\",\"@id\":\"https:\\\/\\\/www.aquimicasa.net\\\/blog\\\/#\\\/schema\\\/person\\\/2cdfa2605534583395c8d7ce1d6cac14\",\"name\":\"Eduardo Lizarraga\",\"image\":{\"@type\":\"ImageObject\",\"inLanguage\":\"es\",\"@id\":\"https:\\\/\\\/secure.gravatar.com\\\/avatar\\\/bdabe1eeeed97b65a9cb7de2edd624b07995f7e13abc5fead15961f745f908cc?s=96&d=mm&r=g\",\"url\":\"https:\\\/\\\/secure.gravatar.com\\\/avatar\\\/bdabe1eeeed97b65a9cb7de2edd624b07995f7e13abc5fead15961f745f908cc?s=96&d=mm&r=g\",\"contentUrl\":\"https:\\\/\\\/secure.gravatar.com\\\/avatar\\\/bdabe1eeeed97b65a9cb7de2edd624b07995f7e13abc5fead15961f745f908cc?s=96&d=mm&r=g\",\"caption\":\"Eduardo Lizarraga\"},\"description\":\"Periodista Econ\u00f3mico. Ha trabajado en diversos campos de la informaci\u00f3n. Corresponsal en conflictos, analista pol\u00edtico en Congreso y Senado, periodista del medio ambiente, editor, director editorial, director de comunicaci\u00f3n.... En estos momentos se ha especializado en el sector inmobiliario. Pero tambi\u00e9n es navegante y viajero, preocupado por la pobreza, el medio ambiente y por las actuaciones descontroladas del neoliberalismo empresarial y pol\u00edtico en todo el mundo. Los desahucios, la pobreza infantil y la falta de acceso a los suministros b\u00e1sicos son algunos de los grandes dramas de nuestra sociedad y que es preciso solucionar para hacerla m\u00e1s justa. CEO en www.aquimicasa.net\",\"sameAs\":[\"https:\\\/\\\/www.aquimicasa.net\\\/\"],\"url\":\"https:\\\/\\\/www.aquimicasa.net\\\/blog\\\/author\\\/eduardo\\\/\"}]}<\/script>\n<!-- \/ Yoast SEO plugin. -->","yoast_head_json":{"title":"El riesgo de burbuja inmobiliaria se extiende por Europa","description":"Los riesgos de burbujas en los mercados de la vivienda\u00a0est\u00e1n localizados en los pa\u00edses n\u00f3rdicos y del centro de Europa","robots":{"index":"index","follow":"follow","max-snippet":"max-snippet:-1","max-image-preview":"max-image-preview:large","max-video-preview":"max-video-preview:-1"},"canonical":"https:\/\/www.aquimicasa.net\/blog\/economia\/noticias-economia\/el-riesgo-de-burbuja-inmobiliaria-se-extiende-por-europa\/","og_locale":"es_ES","og_type":"article","og_title":"El riesgo de burbuja inmobiliaria se extiende por Europa","og_description":"Los riesgos de burbujas en los mercados de la vivienda\u00a0est\u00e1n localizados en los pa\u00edses n\u00f3rdicos y del centro de Europa","og_url":"https:\/\/www.aquimicasa.net\/blog\/economia\/noticias-economia\/el-riesgo-de-burbuja-inmobiliaria-se-extiende-por-europa\/","og_site_name":"Blog de aquimicasa.net","article_publisher":"https:\/\/www.facebook.com\/aquimicasa.net","article_published_time":"2022-02-16T16:59:09+00:00","article_modified_time":"2022-02-16T17:07:52+00:00","og_image":[{"width":500,"height":281,"url":"https:\/\/www.aquimicasa.net\/blog\/wp-content\/uploads\/Burbuja7-e1645030710696.jpg","type":"image\/jpeg"}],"author":"Eduardo Lizarraga","twitter_misc":{"Escrito por":"Eduardo Lizarraga","Tiempo de lectura":"3 minutos"},"schema":{"@context":"https:\/\/schema.org","@graph":[{"@type":"Article","@id":"https:\/\/www.aquimicasa.net\/blog\/economia\/noticias-economia\/el-riesgo-de-burbuja-inmobiliaria-se-extiende-por-europa\/#article","isPartOf":{"@id":"https:\/\/www.aquimicasa.net\/blog\/economia\/noticias-economia\/el-riesgo-de-burbuja-inmobiliaria-se-extiende-por-europa\/"},"author":{"name":"Eduardo Lizarraga","@id":"https:\/\/www.aquimicasa.net\/blog\/#\/schema\/person\/2cdfa2605534583395c8d7ce1d6cac14"},"headline":"El riesgo de burbuja inmobiliaria se extiende por Europa","datePublished":"2022-02-16T16:59:09+00:00","dateModified":"2022-02-16T17:07:52+00:00","mainEntityOfPage":{"@id":"https:\/\/www.aquimicasa.net\/blog\/economia\/noticias-economia\/el-riesgo-de-burbuja-inmobiliaria-se-extiende-por-europa\/"},"wordCount":787,"publisher":{"@id":"https:\/\/www.aquimicasa.net\/blog\/#organization"},"image":{"@id":"https:\/\/www.aquimicasa.net\/blog\/economia\/noticias-economia\/el-riesgo-de-burbuja-inmobiliaria-se-extiende-por-europa\/#primaryimage"},"thumbnailUrl":"https:\/\/www.aquimicasa.net\/blog\/wp-content\/uploads\/Burbuja7-e1645030710696.jpg","keywords":["newsletter 345"],"articleSection":["Noticias Econom\u00eda","Noticias sobre el Mercado Hipotecario"],"inLanguage":"es"},{"@type":"WebPage","@id":"https:\/\/www.aquimicasa.net\/blog\/economia\/noticias-economia\/el-riesgo-de-burbuja-inmobiliaria-se-extiende-por-europa\/","url":"https:\/\/www.aquimicasa.net\/blog\/economia\/noticias-economia\/el-riesgo-de-burbuja-inmobiliaria-se-extiende-por-europa\/","name":"El riesgo de burbuja inmobiliaria se extiende por Europa","isPartOf":{"@id":"https:\/\/www.aquimicasa.net\/blog\/#website"},"primaryImageOfPage":{"@id":"https:\/\/www.aquimicasa.net\/blog\/economia\/noticias-economia\/el-riesgo-de-burbuja-inmobiliaria-se-extiende-por-europa\/#primaryimage"},"image":{"@id":"https:\/\/www.aquimicasa.net\/blog\/economia\/noticias-economia\/el-riesgo-de-burbuja-inmobiliaria-se-extiende-por-europa\/#primaryimage"},"thumbnailUrl":"https:\/\/www.aquimicasa.net\/blog\/wp-content\/uploads\/Burbuja7-e1645030710696.jpg","datePublished":"2022-02-16T16:59:09+00:00","dateModified":"2022-02-16T17:07:52+00:00","description":"Los riesgos de burbujas en los mercados de la vivienda\u00a0est\u00e1n localizados en los pa\u00edses n\u00f3rdicos y del centro de Europa","breadcrumb":{"@id":"https:\/\/www.aquimicasa.net\/blog\/economia\/noticias-economia\/el-riesgo-de-burbuja-inmobiliaria-se-extiende-por-europa\/#breadcrumb"},"inLanguage":"es","potentialAction":[{"@type":"ReadAction","target":["https:\/\/www.aquimicasa.net\/blog\/economia\/noticias-economia\/el-riesgo-de-burbuja-inmobiliaria-se-extiende-por-europa\/"]}]},{"@type":"ImageObject","inLanguage":"es","@id":"https:\/\/www.aquimicasa.net\/blog\/economia\/noticias-economia\/el-riesgo-de-burbuja-inmobiliaria-se-extiende-por-europa\/#primaryimage","url":"https:\/\/www.aquimicasa.net\/blog\/wp-content\/uploads\/Burbuja7-e1645030710696.jpg","contentUrl":"https:\/\/www.aquimicasa.net\/blog\/wp-content\/uploads\/Burbuja7-e1645030710696.jpg","width":500,"height":281,"caption":"El riesgo de burbuja inmobiliaria se extiende por Europa"},{"@type":"BreadcrumbList","@id":"https:\/\/www.aquimicasa.net\/blog\/economia\/noticias-economia\/el-riesgo-de-burbuja-inmobiliaria-se-extiende-por-europa\/#breadcrumb","itemListElement":[{"@type":"ListItem","position":1,"name":"Portada","item":"https:\/\/www.aquimicasa.net\/blog\/"},{"@type":"ListItem","position":2,"name":"El riesgo de burbuja inmobiliaria se extiende por Europa"}]},{"@type":"WebSite","@id":"https:\/\/www.aquimicasa.net\/blog\/#website","url":"https:\/\/www.aquimicasa.net\/blog\/","name":"Blog de aquimicasa.net","description":"Noticias del Mundo Inmobiliario","publisher":{"@id":"https:\/\/www.aquimicasa.net\/blog\/#organization"},"potentialAction":[{"@type":"SearchAction","target":{"@type":"EntryPoint","urlTemplate":"https:\/\/www.aquimicasa.net\/blog\/?s={search_term_string}"},"query-input":{"@type":"PropertyValueSpecification","valueRequired":true,"valueName":"search_term_string"}}],"inLanguage":"es"},{"@type":"Organization","@id":"https:\/\/www.aquimicasa.net\/blog\/#organization","name":"Blog de aquimicasa.net","url":"https:\/\/www.aquimicasa.net\/blog\/","logo":{"@type":"ImageObject","inLanguage":"es","@id":"https:\/\/www.aquimicasa.net\/blog\/#\/schema\/logo\/image\/","url":"https:\/\/www.aquimicasa.net\/blog\/wp-content\/uploads\/Logo-aquimicasa-1-e1528048213782.png","contentUrl":"https:\/\/www.aquimicasa.net\/blog\/wp-content\/uploads\/Logo-aquimicasa-1-e1528048213782.png","width":225,"height":225,"caption":"Blog de aquimicasa.net"},"image":{"@id":"https:\/\/www.aquimicasa.net\/blog\/#\/schema\/logo\/image\/"},"sameAs":["https:\/\/www.facebook.com\/aquimicasa.net","https:\/\/www.instagram.com\/","https:\/\/x.com\/EduLizarragaD","https:\/\/www.linkedin.com\/feed\/"]},{"@type":"Person","@id":"https:\/\/www.aquimicasa.net\/blog\/#\/schema\/person\/2cdfa2605534583395c8d7ce1d6cac14","name":"Eduardo Lizarraga","image":{"@type":"ImageObject","inLanguage":"es","@id":"https:\/\/secure.gravatar.com\/avatar\/bdabe1eeeed97b65a9cb7de2edd624b07995f7e13abc5fead15961f745f908cc?s=96&d=mm&r=g","url":"https:\/\/secure.gravatar.com\/avatar\/bdabe1eeeed97b65a9cb7de2edd624b07995f7e13abc5fead15961f745f908cc?s=96&d=mm&r=g","contentUrl":"https:\/\/secure.gravatar.com\/avatar\/bdabe1eeeed97b65a9cb7de2edd624b07995f7e13abc5fead15961f745f908cc?s=96&d=mm&r=g","caption":"Eduardo Lizarraga"},"description":"Periodista Econ\u00f3mico. Ha trabajado en diversos campos de la informaci\u00f3n. Corresponsal en conflictos, analista pol\u00edtico en Congreso y Senado, periodista del medio ambiente, editor, director editorial, director de comunicaci\u00f3n.... En estos momentos se ha especializado en el sector inmobiliario. Pero tambi\u00e9n es navegante y viajero, preocupado por la pobreza, el medio ambiente y por las actuaciones descontroladas del neoliberalismo empresarial y pol\u00edtico en todo el mundo. Los desahucios, la pobreza infantil y la falta de acceso a los suministros b\u00e1sicos son algunos de los grandes dramas de nuestra sociedad y que es preciso solucionar para hacerla m\u00e1s justa. CEO en www.aquimicasa.net","sameAs":["https:\/\/www.aquimicasa.net\/"],"url":"https:\/\/www.aquimicasa.net\/blog\/author\/eduardo\/"}]}},"jetpack_publicize_connections":[],"jetpack_featured_media_url":"https:\/\/www.aquimicasa.net\/blog\/wp-content\/uploads\/Burbuja7-e1645030710696.jpg","jetpack_sharing_enabled":true,"jetpack_likes_enabled":true,"_links":{"self":[{"href":"https:\/\/www.aquimicasa.net\/blog\/wp-json\/wp\/v2\/posts\/40022","targetHints":{"allow":["GET"]}}],"collection":[{"href":"https:\/\/www.aquimicasa.net\/blog\/wp-json\/wp\/v2\/posts"}],"about":[{"href":"https:\/\/www.aquimicasa.net\/blog\/wp-json\/wp\/v2\/types\/post"}],"author":[{"embeddable":true,"href":"https:\/\/www.aquimicasa.net\/blog\/wp-json\/wp\/v2\/users\/3"}],"replies":[{"embeddable":true,"href":"https:\/\/www.aquimicasa.net\/blog\/wp-json\/wp\/v2\/comments?post=40022"}],"version-history":[{"count":3,"href":"https:\/\/www.aquimicasa.net\/blog\/wp-json\/wp\/v2\/posts\/40022\/revisions"}],"predecessor-version":[{"id":40026,"href":"https:\/\/www.aquimicasa.net\/blog\/wp-json\/wp\/v2\/posts\/40022\/revisions\/40026"}],"wp:featuredmedia":[{"embeddable":true,"href":"https:\/\/www.aquimicasa.net\/blog\/wp-json\/wp\/v2\/media\/40024"}],"wp:attachment":[{"href":"https:\/\/www.aquimicasa.net\/blog\/wp-json\/wp\/v2\/media?parent=40022"}],"wp:term":[{"taxonomy":"category","embeddable":true,"href":"https:\/\/www.aquimicasa.net\/blog\/wp-json\/wp\/v2\/categories?post=40022"},{"taxonomy":"post_tag","embeddable":true,"href":"https:\/\/www.aquimicasa.net\/blog\/wp-json\/wp\/v2\/tags?post=40022"}],"curies":[{"name":"wp","href":"https:\/\/api.w.org\/{rel}","templated":true}]}}