{"id":40189,"date":"2022-03-08T23:30:06","date_gmt":"2022-03-08T22:30:06","guid":{"rendered":"https:\/\/www.aquimicasa.net\/blog\/?p=40189"},"modified":"2022-03-08T23:30:06","modified_gmt":"2022-03-08T22:30:06","slug":"las-compraventas-de-viviendas-suben-un-319-en-enero","status":"publish","type":"post","link":"https:\/\/www.aquimicasa.net\/blog\/vivienda\/compraventa-de-viviendas\/las-compraventas-de-viviendas-suben-un-319-en-enero\/","title":{"rendered":"Las compraventas de viviendas suben un 31,9 % en enero"},"content":{"rendered":"<div class=\"fusion-fullwidth fullwidth-box fusion-builder-row-1 fusion-flex-container nonhundred-percent-fullwidth non-hundred-percent-height-scrolling\" style=\"background-color: rgba(255,255,255,0);background-position: center center;background-repeat: no-repeat;border-width: 0px 0px 0px 0px;border-color:#eae9e9;border-style:solid;\" ><div class=\"fusion-builder-row fusion-row fusion-flex-align-items-flex-start\" style=\"max-width:1144px;margin-left: calc(-4% \/ 2 );margin-right: calc(-4% \/ 2 );\"><div class=\"fusion-layout-column fusion_builder_column fusion-builder-column-0 fusion_builder_column_1_1 1_1 fusion-flex-column\"><div class=\"fusion-column-wrapper fusion-flex-justify-content-flex-start fusion-content-layout-column\" style=\"background-position:left top;background-repeat:no-repeat;-webkit-background-size:cover;-moz-background-size:cover;-o-background-size:cover;background-size:cover;padding: 0px 0px 0px 0px;\"><div class=\"fusion-text fusion-text-1\"><p>Las compraventas de vivienda en el territorio nacional se incrementaron un 31,8% durante el pasado mes de enero en relaci\u00f3n al mismo mes del a\u00f1o anterior, lo asegura el Colegio de Registradores en un avance de sus datos provisionales. En concreto, de las 37.584 operaciones realizadas en enero del a\u00f1o pasado, se han pasado a las 49.529 en enero de este a\u00f1o, casi 12.000 operaciones m\u00e1s. Por su parte, las compraventas totales pasan de las 77.334 operaciones realizadas en enero de 2021,\u00a0 a las 99.614 en enero de este a\u00f1o, un aumento de m\u00e1s de 22.200 operaciones.<\/p>\n<p><img decoding=\"async\" src=\"https:\/\/www.registradores.org\/documents\/33383\/0\/1_notaregistradores070322.png\/80c32cd7-8c78-443b-ea33-b1f4878fc898?t=1646646166628\" alt=\"\" \/><\/p>\n<p>De igual forma, en enero del a\u00f1o pasado, la evoluci\u00f3n positiva experimentada por el sector inmobiliario mostr\u00f3 un significativo incremento en las compraventas de vivienda. De las 37.584 operaciones realizadas en enero del a\u00f1o pasado, se han pasado a las 49.529 en enero de este a\u00f1o, casi 12.000 operaciones m\u00e1s<\/p>\n<p>La evoluci\u00f3n de las hipotecas contin\u00faa mostrando tambi\u00e9n una tendencia clara de crecimiento, similar a la mostrada por las compraventas. Durante 2021 se produjeron incrementos persistentes desde marzo, que han continuado en enero de este a\u00f1o. En n\u00famero de operaciones, se han registrado 44.541 operaciones en las hipotecas totales, frente a las 35.165 del mismo mes del a\u00f1o anterior, lo que supone un aumento de m\u00e1s de 9.000 operaciones. En cuanto a las hipotecas de vivienda, se han incrementado en cerca de 8.000, pasando de las 25.992 en enero de 2021 a las 33.917 de enero.<\/p>\n<p>Si se mide la evoluci\u00f3n mediante la tasa de variaci\u00f3n, las compraventas totales inscritas en enero de este a\u00f1o frente al mismo mes de 2021 contin\u00faan creciendo fuertemente y aumentan el 28,8%, siendo incluso superior el incremento de las compraventas de vivienda (31,8%). En cuanto a las hipotecas totales constituidas tambi\u00e9n se incrementan con similar intensidad, un 26,7%, mientras las de vivienda las superan, con un incremento del 30,5%.<\/p>\n<p><strong>La situaci\u00f3n en las Comunidades Aut\u00f3nomas<\/strong><br \/>\nCon relaci\u00f3n a la evoluci\u00f3n anual por CC.AA y Ciudades Aut\u00f3nomas, en cuanto a las compraventas totales, todos los territorios mostraron incrementos, en siete de ellos por encima del 30%, siendo m\u00e1s importantes en Melilla (70,3%), seguido de Baleares (60,9%), Cantabria (44,1%) y Madrid (36,9%)<\/p>\n<p>Con relaci\u00f3n al total de hipotecas totales constituidas con relaci\u00f3n a enero del a\u00f1o pasado, se produjeron resultados positivos en todos los territorios, a excepci\u00f3n de Navarra, sobre todo se incrementaron en Melilla (60,0%), Asturias (55,0%) y La Rioja (43,6%).<\/p>\n<p><img decoding=\"async\" src=\"https:\/\/www.registradores.org\/documents\/33383\/0\/3_notaregistradores070322.png\/5ea63091-0658-b771-f437-85d50f0d3784?t=1646646238682\" alt=\"\" \/><\/p>\n<p>Por \u00faltimo, el an\u00e1lisis mensual de la evoluci\u00f3n anual de compraventas e hipotecas inscritas en los registros de la propiedad durante los \u00faltimos doce meses, de febrero de 2021 a enero de 2022, mediante la comparaci\u00f3n con el mismo mes del a\u00f1o anterior, muestra los siguientes resultados:<\/p>\n<p><img decoding=\"async\" src=\"https:\/\/www.registradores.org\/documents\/33383\/0\/4_notaregistradores070322.png\/a2fe45ef-0da4-f72d-76d2-21cfb5722150?t=1646646269202\" alt=\"\" \/><\/p>\n<p>El a\u00f1o 2021 comenz\u00f3 con datos negativos, pero es a partir de marzo, por coincidir con los meses del primer estado de alarma y las restricciones econ\u00f3micas que llev\u00f3 aparejadas, cuando la evoluci\u00f3n anual muestra repuntes con mayor fuerza. En mayo se produjo el mayor incremento, del 145,9% en las compraventas totales, y el 108,4% para las compraventas de vivienda, ralentiz\u00e1ndose hasta valores en torno al 20% en los meses de octubre y noviembre, aumentando su crecimiento al entorno del 25-30% desde diciembre pasado.<\/p>\n<p>Contrariamente a lo que sucedi\u00f3 en la comparativa con los meses m\u00e1s duros de la pandemia, en los \u00faltimos siete meses se ha producido un incremento anual mayor de compraventas de vivienda frente al de compraventas totales.<\/p>\n<p><img decoding=\"async\" src=\"https:\/\/www.registradores.org\/documents\/33383\/0\/5_notaregistradores070322.png\/9b4652c3-d3a2-8501-2ca7-238455013d69?t=1646646311915\" alt=\"\" \/><\/p>\n<p>En cuanto a las hipotecas totales durante los \u00faltimos doce meses, las ca\u00eddas terminaron en febrero de 2021 y desde ese momento se registraron intensas subidas anuales, entre el 30% y el 40%, hasta el mes de julio, agudiz\u00e1ndose dichos incrementos en agosto y septiembre, para estabilizarse alrededor de crecimientos anuales en torno al 25%, similar a lo que sucedi\u00f3 con las compraventas. En enero se han incrementado nuevamente respecto al mes anterior de forma muy significativa, un 26,7% las hipotecas totales, y un 30,5% las de vivienda. Destaca durante toda la pandemia el crecimiento sostenido de las hipotecas, independiente de su concesi\u00f3n para financiar viviendas u otro tipo de fincas.<\/p>\n<h5 data-block-key=\"qec6k\"><\/h5>\n<\/div><\/div><style type=\"text\/css\">.fusion-body .fusion-builder-column-0{width:100% !important;margin-top : 0px;margin-bottom : 0px;}.fusion-builder-column-0 > .fusion-column-wrapper {padding-top : 0px !important;padding-right : 0px !important;margin-right : 1.92%;padding-bottom : 0px !important;padding-left : 0px !important;margin-left : 1.92%;}@media only screen and (max-width:1024px) {.fusion-body .fusion-builder-column-0{width:100% !important;}.fusion-builder-column-0 > .fusion-column-wrapper {margin-right : 1.92%;margin-left : 1.92%;}}@media only screen and (max-width:640px) {.fusion-body .fusion-builder-column-0{width:100% !important;}.fusion-builder-column-0 > .fusion-column-wrapper {margin-right : 1.92%;margin-left : 1.92%;}}<\/style><\/div><\/div><style type=\"text\/css\">.fusion-body .fusion-flex-container.fusion-builder-row-1{ padding-top : 0px;margin-top : 0px;padding-right : 0px;padding-bottom : 0px;margin-bottom : 0px;padding-left : 0px;}<\/style><\/div>\n","protected":false},"excerpt":{"rendered":"<p>Con relaci\u00f3n a la evoluci\u00f3n anual por CC.AA y Ciudades Aut\u00f3nomas, en cuanto a las compraventas totales, todos los territorios mostraron incrementos, en siete de ellos por encima del 30%, siendo m\u00e1s importantes en Melilla (70,3%), seguido de Baleares (60,9%), Cantabria (44,1%) y Madrid (36,9%)<\/p>\n","protected":false},"author":3,"featured_media":36629,"comment_status":"closed","ping_status":"closed","sticky":false,"template":"","format":"standard","meta":{"_jetpack_memberships_contains_paid_content":false,"footnotes":"","jetpack_publicize_message":"","jetpack_publicize_feature_enabled":true,"jetpack_social_post_already_shared":true,"jetpack_social_options":{"image_generator_settings":{"template":"highway","default_image_id":0,"font":"","enabled":false},"version":2}},"categories":[100],"tags":[8013],"class_list":["post-40189","post","type-post","status-publish","format-standard","has-post-thumbnail","hentry","category-compraventa-de-viviendas","tag-newsletter-348"],"yoast_head":"<!-- This site is optimized with the Yoast SEO plugin v27.5 - https:\/\/yoast.com\/product\/yoast-seo-wordpress\/ -->\n<title>Las compraventas de viviendas suben un 31,9 % en enero<\/title>\n<meta name=\"description\" content=\"De las 37.584 operaciones realizadas en enero del a\u00f1o pasado, se han pasado a las 49.529 en enero de este a\u00f1o\" \/>\n<meta name=\"robots\" content=\"index, follow, max-snippet:-1, max-image-preview:large, max-video-preview:-1\" \/>\n<link rel=\"canonical\" href=\"https:\/\/www.aquimicasa.net\/blog\/vivienda\/compraventa-de-viviendas\/las-compraventas-de-viviendas-suben-un-319-en-enero\/\" \/>\n<meta property=\"og:locale\" content=\"es_ES\" \/>\n<meta property=\"og:type\" content=\"article\" \/>\n<meta property=\"og:title\" content=\"Las compraventas de viviendas suben un 31,9 % en enero\" \/>\n<meta property=\"og:description\" content=\"De las 37.584 operaciones realizadas en enero del a\u00f1o pasado, se han pasado a las 49.529 en enero de este a\u00f1o\" \/>\n<meta property=\"og:url\" content=\"https:\/\/www.aquimicasa.net\/blog\/vivienda\/compraventa-de-viviendas\/las-compraventas-de-viviendas-suben-un-319-en-enero\/\" \/>\n<meta property=\"og:site_name\" content=\"Blog de aquimicasa.net\" \/>\n<meta property=\"article:publisher\" content=\"https:\/\/www.facebook.com\/aquimicasa.net\" \/>\n<meta property=\"article:published_time\" content=\"2022-03-08T22:30:06+00:00\" \/>\n<meta property=\"og:image\" content=\"https:\/\/www.aquimicasa.net\/blog\/wp-content\/uploads\/Sareb2-e1617173588194.jpg\" \/>\n\t<meta property=\"og:image:width\" content=\"400\" \/>\n\t<meta property=\"og:image:height\" content=\"225\" \/>\n\t<meta property=\"og:image:type\" content=\"image\/jpeg\" \/>\n<meta name=\"author\" content=\"Eduardo Lizarraga\" \/>\n<meta name=\"twitter:label1\" content=\"Escrito por\" \/>\n\t<meta name=\"twitter:data1\" content=\"Eduardo Lizarraga\" \/>\n\t<meta name=\"twitter:label2\" content=\"Tiempo de lectura\" \/>\n\t<meta name=\"twitter:data2\" content=\"5 minutos\" \/>\n<script type=\"application\/ld+json\" class=\"yoast-schema-graph\">{\"@context\":\"https:\\\/\\\/schema.org\",\"@graph\":[{\"@type\":\"Article\",\"@id\":\"https:\\\/\\\/www.aquimicasa.net\\\/blog\\\/vivienda\\\/compraventa-de-viviendas\\\/las-compraventas-de-viviendas-suben-un-319-en-enero\\\/#article\",\"isPartOf\":{\"@id\":\"https:\\\/\\\/www.aquimicasa.net\\\/blog\\\/vivienda\\\/compraventa-de-viviendas\\\/las-compraventas-de-viviendas-suben-un-319-en-enero\\\/\"},\"author\":{\"name\":\"Eduardo Lizarraga\",\"@id\":\"https:\\\/\\\/www.aquimicasa.net\\\/blog\\\/#\\\/schema\\\/person\\\/2cdfa2605534583395c8d7ce1d6cac14\"},\"headline\":\"Las compraventas de viviendas suben un 31,9 % en enero\",\"datePublished\":\"2022-03-08T22:30:06+00:00\",\"mainEntityOfPage\":{\"@id\":\"https:\\\/\\\/www.aquimicasa.net\\\/blog\\\/vivienda\\\/compraventa-de-viviendas\\\/las-compraventas-de-viviendas-suben-un-319-en-enero\\\/\"},\"wordCount\":864,\"publisher\":{\"@id\":\"https:\\\/\\\/www.aquimicasa.net\\\/blog\\\/#organization\"},\"image\":{\"@id\":\"https:\\\/\\\/www.aquimicasa.net\\\/blog\\\/vivienda\\\/compraventa-de-viviendas\\\/las-compraventas-de-viviendas-suben-un-319-en-enero\\\/#primaryimage\"},\"thumbnailUrl\":\"https:\\\/\\\/www.aquimicasa.net\\\/blog\\\/wp-content\\\/uploads\\\/Sareb2-e1617173588194.jpg\",\"keywords\":[\"newsletter 348\"],\"articleSection\":[\"Compra Venta\"],\"inLanguage\":\"es\"},{\"@type\":\"WebPage\",\"@id\":\"https:\\\/\\\/www.aquimicasa.net\\\/blog\\\/vivienda\\\/compraventa-de-viviendas\\\/las-compraventas-de-viviendas-suben-un-319-en-enero\\\/\",\"url\":\"https:\\\/\\\/www.aquimicasa.net\\\/blog\\\/vivienda\\\/compraventa-de-viviendas\\\/las-compraventas-de-viviendas-suben-un-319-en-enero\\\/\",\"name\":\"Las compraventas de viviendas suben un 31,9 % en enero\",\"isPartOf\":{\"@id\":\"https:\\\/\\\/www.aquimicasa.net\\\/blog\\\/#website\"},\"primaryImageOfPage\":{\"@id\":\"https:\\\/\\\/www.aquimicasa.net\\\/blog\\\/vivienda\\\/compraventa-de-viviendas\\\/las-compraventas-de-viviendas-suben-un-319-en-enero\\\/#primaryimage\"},\"image\":{\"@id\":\"https:\\\/\\\/www.aquimicasa.net\\\/blog\\\/vivienda\\\/compraventa-de-viviendas\\\/las-compraventas-de-viviendas-suben-un-319-en-enero\\\/#primaryimage\"},\"thumbnailUrl\":\"https:\\\/\\\/www.aquimicasa.net\\\/blog\\\/wp-content\\\/uploads\\\/Sareb2-e1617173588194.jpg\",\"datePublished\":\"2022-03-08T22:30:06+00:00\",\"description\":\"De las 37.584 operaciones realizadas en enero del a\u00f1o pasado, se han pasado a las 49.529 en enero de este a\u00f1o\",\"breadcrumb\":{\"@id\":\"https:\\\/\\\/www.aquimicasa.net\\\/blog\\\/vivienda\\\/compraventa-de-viviendas\\\/las-compraventas-de-viviendas-suben-un-319-en-enero\\\/#breadcrumb\"},\"inLanguage\":\"es\",\"potentialAction\":[{\"@type\":\"ReadAction\",\"target\":[\"https:\\\/\\\/www.aquimicasa.net\\\/blog\\\/vivienda\\\/compraventa-de-viviendas\\\/las-compraventas-de-viviendas-suben-un-319-en-enero\\\/\"]}]},{\"@type\":\"ImageObject\",\"inLanguage\":\"es\",\"@id\":\"https:\\\/\\\/www.aquimicasa.net\\\/blog\\\/vivienda\\\/compraventa-de-viviendas\\\/las-compraventas-de-viviendas-suben-un-319-en-enero\\\/#primaryimage\",\"url\":\"https:\\\/\\\/www.aquimicasa.net\\\/blog\\\/wp-content\\\/uploads\\\/Sareb2-e1617173588194.jpg\",\"contentUrl\":\"https:\\\/\\\/www.aquimicasa.net\\\/blog\\\/wp-content\\\/uploads\\\/Sareb2-e1617173588194.jpg\",\"width\":400,\"height\":225,\"caption\":\"La Sareb se compromete con el alquiler social\"},{\"@type\":\"BreadcrumbList\",\"@id\":\"https:\\\/\\\/www.aquimicasa.net\\\/blog\\\/vivienda\\\/compraventa-de-viviendas\\\/las-compraventas-de-viviendas-suben-un-319-en-enero\\\/#breadcrumb\",\"itemListElement\":[{\"@type\":\"ListItem\",\"position\":1,\"name\":\"Portada\",\"item\":\"https:\\\/\\\/www.aquimicasa.net\\\/blog\\\/\"},{\"@type\":\"ListItem\",\"position\":2,\"name\":\"Las compraventas de viviendas suben un 31,9 % en enero\"}]},{\"@type\":\"WebSite\",\"@id\":\"https:\\\/\\\/www.aquimicasa.net\\\/blog\\\/#website\",\"url\":\"https:\\\/\\\/www.aquimicasa.net\\\/blog\\\/\",\"name\":\"Blog de aquimicasa.net\",\"description\":\"Noticias del Mundo Inmobiliario\",\"publisher\":{\"@id\":\"https:\\\/\\\/www.aquimicasa.net\\\/blog\\\/#organization\"},\"potentialAction\":[{\"@type\":\"SearchAction\",\"target\":{\"@type\":\"EntryPoint\",\"urlTemplate\":\"https:\\\/\\\/www.aquimicasa.net\\\/blog\\\/?s={search_term_string}\"},\"query-input\":{\"@type\":\"PropertyValueSpecification\",\"valueRequired\":true,\"valueName\":\"search_term_string\"}}],\"inLanguage\":\"es\"},{\"@type\":\"Organization\",\"@id\":\"https:\\\/\\\/www.aquimicasa.net\\\/blog\\\/#organization\",\"name\":\"Blog de aquimicasa.net\",\"url\":\"https:\\\/\\\/www.aquimicasa.net\\\/blog\\\/\",\"logo\":{\"@type\":\"ImageObject\",\"inLanguage\":\"es\",\"@id\":\"https:\\\/\\\/www.aquimicasa.net\\\/blog\\\/#\\\/schema\\\/logo\\\/image\\\/\",\"url\":\"https:\\\/\\\/www.aquimicasa.net\\\/blog\\\/wp-content\\\/uploads\\\/Logo-aquimicasa-1-e1528048213782.png\",\"contentUrl\":\"https:\\\/\\\/www.aquimicasa.net\\\/blog\\\/wp-content\\\/uploads\\\/Logo-aquimicasa-1-e1528048213782.png\",\"width\":225,\"height\":225,\"caption\":\"Blog de aquimicasa.net\"},\"image\":{\"@id\":\"https:\\\/\\\/www.aquimicasa.net\\\/blog\\\/#\\\/schema\\\/logo\\\/image\\\/\"},\"sameAs\":[\"https:\\\/\\\/www.facebook.com\\\/aquimicasa.net\",\"https:\\\/\\\/www.instagram.com\\\/\",\"https:\\\/\\\/x.com\\\/EduLizarragaD\",\"https:\\\/\\\/www.linkedin.com\\\/feed\\\/\"]},{\"@type\":\"Person\",\"@id\":\"https:\\\/\\\/www.aquimicasa.net\\\/blog\\\/#\\\/schema\\\/person\\\/2cdfa2605534583395c8d7ce1d6cac14\",\"name\":\"Eduardo Lizarraga\",\"image\":{\"@type\":\"ImageObject\",\"inLanguage\":\"es\",\"@id\":\"https:\\\/\\\/secure.gravatar.com\\\/avatar\\\/bdabe1eeeed97b65a9cb7de2edd624b07995f7e13abc5fead15961f745f908cc?s=96&d=mm&r=g\",\"url\":\"https:\\\/\\\/secure.gravatar.com\\\/avatar\\\/bdabe1eeeed97b65a9cb7de2edd624b07995f7e13abc5fead15961f745f908cc?s=96&d=mm&r=g\",\"contentUrl\":\"https:\\\/\\\/secure.gravatar.com\\\/avatar\\\/bdabe1eeeed97b65a9cb7de2edd624b07995f7e13abc5fead15961f745f908cc?s=96&d=mm&r=g\",\"caption\":\"Eduardo Lizarraga\"},\"description\":\"Periodista Econ\u00f3mico. Ha trabajado en diversos campos de la informaci\u00f3n. Corresponsal en conflictos, analista pol\u00edtico en Congreso y Senado, periodista del medio ambiente, editor, director editorial, director de comunicaci\u00f3n.... En estos momentos se ha especializado en el sector inmobiliario. Pero tambi\u00e9n es navegante y viajero, preocupado por la pobreza, el medio ambiente y por las actuaciones descontroladas del neoliberalismo empresarial y pol\u00edtico en todo el mundo. Los desahucios, la pobreza infantil y la falta de acceso a los suministros b\u00e1sicos son algunos de los grandes dramas de nuestra sociedad y que es preciso solucionar para hacerla m\u00e1s justa. CEO en www.aquimicasa.net\",\"sameAs\":[\"https:\\\/\\\/www.aquimicasa.net\\\/\"],\"url\":\"https:\\\/\\\/www.aquimicasa.net\\\/blog\\\/author\\\/eduardo\\\/\"}]}<\/script>\n<!-- \/ Yoast SEO plugin. -->","yoast_head_json":{"title":"Las compraventas de viviendas suben un 31,9 % en enero","description":"De las 37.584 operaciones realizadas en enero del a\u00f1o pasado, se han pasado a las 49.529 en enero de este a\u00f1o","robots":{"index":"index","follow":"follow","max-snippet":"max-snippet:-1","max-image-preview":"max-image-preview:large","max-video-preview":"max-video-preview:-1"},"canonical":"https:\/\/www.aquimicasa.net\/blog\/vivienda\/compraventa-de-viviendas\/las-compraventas-de-viviendas-suben-un-319-en-enero\/","og_locale":"es_ES","og_type":"article","og_title":"Las compraventas de viviendas suben un 31,9 % en enero","og_description":"De las 37.584 operaciones realizadas en enero del a\u00f1o pasado, se han pasado a las 49.529 en enero de este a\u00f1o","og_url":"https:\/\/www.aquimicasa.net\/blog\/vivienda\/compraventa-de-viviendas\/las-compraventas-de-viviendas-suben-un-319-en-enero\/","og_site_name":"Blog de aquimicasa.net","article_publisher":"https:\/\/www.facebook.com\/aquimicasa.net","article_published_time":"2022-03-08T22:30:06+00:00","og_image":[{"width":400,"height":225,"url":"https:\/\/www.aquimicasa.net\/blog\/wp-content\/uploads\/Sareb2-e1617173588194.jpg","type":"image\/jpeg"}],"author":"Eduardo Lizarraga","twitter_misc":{"Escrito por":"Eduardo Lizarraga","Tiempo de lectura":"5 minutos"},"schema":{"@context":"https:\/\/schema.org","@graph":[{"@type":"Article","@id":"https:\/\/www.aquimicasa.net\/blog\/vivienda\/compraventa-de-viviendas\/las-compraventas-de-viviendas-suben-un-319-en-enero\/#article","isPartOf":{"@id":"https:\/\/www.aquimicasa.net\/blog\/vivienda\/compraventa-de-viviendas\/las-compraventas-de-viviendas-suben-un-319-en-enero\/"},"author":{"name":"Eduardo Lizarraga","@id":"https:\/\/www.aquimicasa.net\/blog\/#\/schema\/person\/2cdfa2605534583395c8d7ce1d6cac14"},"headline":"Las compraventas de viviendas suben un 31,9 % en enero","datePublished":"2022-03-08T22:30:06+00:00","mainEntityOfPage":{"@id":"https:\/\/www.aquimicasa.net\/blog\/vivienda\/compraventa-de-viviendas\/las-compraventas-de-viviendas-suben-un-319-en-enero\/"},"wordCount":864,"publisher":{"@id":"https:\/\/www.aquimicasa.net\/blog\/#organization"},"image":{"@id":"https:\/\/www.aquimicasa.net\/blog\/vivienda\/compraventa-de-viviendas\/las-compraventas-de-viviendas-suben-un-319-en-enero\/#primaryimage"},"thumbnailUrl":"https:\/\/www.aquimicasa.net\/blog\/wp-content\/uploads\/Sareb2-e1617173588194.jpg","keywords":["newsletter 348"],"articleSection":["Compra Venta"],"inLanguage":"es"},{"@type":"WebPage","@id":"https:\/\/www.aquimicasa.net\/blog\/vivienda\/compraventa-de-viviendas\/las-compraventas-de-viviendas-suben-un-319-en-enero\/","url":"https:\/\/www.aquimicasa.net\/blog\/vivienda\/compraventa-de-viviendas\/las-compraventas-de-viviendas-suben-un-319-en-enero\/","name":"Las compraventas de viviendas suben un 31,9 % en enero","isPartOf":{"@id":"https:\/\/www.aquimicasa.net\/blog\/#website"},"primaryImageOfPage":{"@id":"https:\/\/www.aquimicasa.net\/blog\/vivienda\/compraventa-de-viviendas\/las-compraventas-de-viviendas-suben-un-319-en-enero\/#primaryimage"},"image":{"@id":"https:\/\/www.aquimicasa.net\/blog\/vivienda\/compraventa-de-viviendas\/las-compraventas-de-viviendas-suben-un-319-en-enero\/#primaryimage"},"thumbnailUrl":"https:\/\/www.aquimicasa.net\/blog\/wp-content\/uploads\/Sareb2-e1617173588194.jpg","datePublished":"2022-03-08T22:30:06+00:00","description":"De las 37.584 operaciones realizadas en enero del a\u00f1o pasado, se han pasado a las 49.529 en enero de este a\u00f1o","breadcrumb":{"@id":"https:\/\/www.aquimicasa.net\/blog\/vivienda\/compraventa-de-viviendas\/las-compraventas-de-viviendas-suben-un-319-en-enero\/#breadcrumb"},"inLanguage":"es","potentialAction":[{"@type":"ReadAction","target":["https:\/\/www.aquimicasa.net\/blog\/vivienda\/compraventa-de-viviendas\/las-compraventas-de-viviendas-suben-un-319-en-enero\/"]}]},{"@type":"ImageObject","inLanguage":"es","@id":"https:\/\/www.aquimicasa.net\/blog\/vivienda\/compraventa-de-viviendas\/las-compraventas-de-viviendas-suben-un-319-en-enero\/#primaryimage","url":"https:\/\/www.aquimicasa.net\/blog\/wp-content\/uploads\/Sareb2-e1617173588194.jpg","contentUrl":"https:\/\/www.aquimicasa.net\/blog\/wp-content\/uploads\/Sareb2-e1617173588194.jpg","width":400,"height":225,"caption":"La Sareb se compromete con el alquiler social"},{"@type":"BreadcrumbList","@id":"https:\/\/www.aquimicasa.net\/blog\/vivienda\/compraventa-de-viviendas\/las-compraventas-de-viviendas-suben-un-319-en-enero\/#breadcrumb","itemListElement":[{"@type":"ListItem","position":1,"name":"Portada","item":"https:\/\/www.aquimicasa.net\/blog\/"},{"@type":"ListItem","position":2,"name":"Las compraventas de viviendas suben un 31,9 % en enero"}]},{"@type":"WebSite","@id":"https:\/\/www.aquimicasa.net\/blog\/#website","url":"https:\/\/www.aquimicasa.net\/blog\/","name":"Blog de aquimicasa.net","description":"Noticias del Mundo Inmobiliario","publisher":{"@id":"https:\/\/www.aquimicasa.net\/blog\/#organization"},"potentialAction":[{"@type":"SearchAction","target":{"@type":"EntryPoint","urlTemplate":"https:\/\/www.aquimicasa.net\/blog\/?s={search_term_string}"},"query-input":{"@type":"PropertyValueSpecification","valueRequired":true,"valueName":"search_term_string"}}],"inLanguage":"es"},{"@type":"Organization","@id":"https:\/\/www.aquimicasa.net\/blog\/#organization","name":"Blog de aquimicasa.net","url":"https:\/\/www.aquimicasa.net\/blog\/","logo":{"@type":"ImageObject","inLanguage":"es","@id":"https:\/\/www.aquimicasa.net\/blog\/#\/schema\/logo\/image\/","url":"https:\/\/www.aquimicasa.net\/blog\/wp-content\/uploads\/Logo-aquimicasa-1-e1528048213782.png","contentUrl":"https:\/\/www.aquimicasa.net\/blog\/wp-content\/uploads\/Logo-aquimicasa-1-e1528048213782.png","width":225,"height":225,"caption":"Blog de aquimicasa.net"},"image":{"@id":"https:\/\/www.aquimicasa.net\/blog\/#\/schema\/logo\/image\/"},"sameAs":["https:\/\/www.facebook.com\/aquimicasa.net","https:\/\/www.instagram.com\/","https:\/\/x.com\/EduLizarragaD","https:\/\/www.linkedin.com\/feed\/"]},{"@type":"Person","@id":"https:\/\/www.aquimicasa.net\/blog\/#\/schema\/person\/2cdfa2605534583395c8d7ce1d6cac14","name":"Eduardo Lizarraga","image":{"@type":"ImageObject","inLanguage":"es","@id":"https:\/\/secure.gravatar.com\/avatar\/bdabe1eeeed97b65a9cb7de2edd624b07995f7e13abc5fead15961f745f908cc?s=96&d=mm&r=g","url":"https:\/\/secure.gravatar.com\/avatar\/bdabe1eeeed97b65a9cb7de2edd624b07995f7e13abc5fead15961f745f908cc?s=96&d=mm&r=g","contentUrl":"https:\/\/secure.gravatar.com\/avatar\/bdabe1eeeed97b65a9cb7de2edd624b07995f7e13abc5fead15961f745f908cc?s=96&d=mm&r=g","caption":"Eduardo Lizarraga"},"description":"Periodista Econ\u00f3mico. Ha trabajado en diversos campos de la informaci\u00f3n. Corresponsal en conflictos, analista pol\u00edtico en Congreso y Senado, periodista del medio ambiente, editor, director editorial, director de comunicaci\u00f3n.... En estos momentos se ha especializado en el sector inmobiliario. Pero tambi\u00e9n es navegante y viajero, preocupado por la pobreza, el medio ambiente y por las actuaciones descontroladas del neoliberalismo empresarial y pol\u00edtico en todo el mundo. Los desahucios, la pobreza infantil y la falta de acceso a los suministros b\u00e1sicos son algunos de los grandes dramas de nuestra sociedad y que es preciso solucionar para hacerla m\u00e1s justa. CEO en www.aquimicasa.net","sameAs":["https:\/\/www.aquimicasa.net\/"],"url":"https:\/\/www.aquimicasa.net\/blog\/author\/eduardo\/"}]}},"jetpack_publicize_connections":[],"jetpack_featured_media_url":"https:\/\/www.aquimicasa.net\/blog\/wp-content\/uploads\/Sareb2-e1617173588194.jpg","jetpack_sharing_enabled":true,"jetpack_likes_enabled":true,"_links":{"self":[{"href":"https:\/\/www.aquimicasa.net\/blog\/wp-json\/wp\/v2\/posts\/40189","targetHints":{"allow":["GET"]}}],"collection":[{"href":"https:\/\/www.aquimicasa.net\/blog\/wp-json\/wp\/v2\/posts"}],"about":[{"href":"https:\/\/www.aquimicasa.net\/blog\/wp-json\/wp\/v2\/types\/post"}],"author":[{"embeddable":true,"href":"https:\/\/www.aquimicasa.net\/blog\/wp-json\/wp\/v2\/users\/3"}],"replies":[{"embeddable":true,"href":"https:\/\/www.aquimicasa.net\/blog\/wp-json\/wp\/v2\/comments?post=40189"}],"version-history":[{"count":2,"href":"https:\/\/www.aquimicasa.net\/blog\/wp-json\/wp\/v2\/posts\/40189\/revisions"}],"predecessor-version":[{"id":40191,"href":"https:\/\/www.aquimicasa.net\/blog\/wp-json\/wp\/v2\/posts\/40189\/revisions\/40191"}],"wp:featuredmedia":[{"embeddable":true,"href":"https:\/\/www.aquimicasa.net\/blog\/wp-json\/wp\/v2\/media\/36629"}],"wp:attachment":[{"href":"https:\/\/www.aquimicasa.net\/blog\/wp-json\/wp\/v2\/media?parent=40189"}],"wp:term":[{"taxonomy":"category","embeddable":true,"href":"https:\/\/www.aquimicasa.net\/blog\/wp-json\/wp\/v2\/categories?post=40189"},{"taxonomy":"post_tag","embeddable":true,"href":"https:\/\/www.aquimicasa.net\/blog\/wp-json\/wp\/v2\/tags?post=40189"}],"curies":[{"name":"wp","href":"https:\/\/api.w.org\/{rel}","templated":true}]}}