{"id":40208,"date":"2022-03-20T20:07:14","date_gmt":"2022-03-20T19:07:14","guid":{"rendered":"https:\/\/www.aquimicasa.net\/blog\/?p=40208"},"modified":"2022-03-20T20:07:14","modified_gmt":"2022-03-20T19:07:14","slug":"abogados-res-continuara-denunciando-al-supremo-por-el-irph","status":"publish","type":"post","link":"https:\/\/www.aquimicasa.net\/blog\/consumo\/consumidores\/abogados-res-continuara-denunciando-al-supremo-por-el-irph\/","title":{"rendered":"Abogados Res continuar\u00e1 denunciando al Supremo por el IRPH"},"content":{"rendered":"<div class=\"fusion-fullwidth fullwidth-box fusion-builder-row-1 fusion-flex-container nonhundred-percent-fullwidth non-hundred-percent-height-scrolling\" style=\"background-color: rgba(255,255,255,0);background-position: center center;background-repeat: no-repeat;border-width: 0px 0px 0px 0px;border-color:#eae9e9;border-style:solid;\" ><div class=\"fusion-builder-row fusion-row fusion-flex-align-items-flex-start\" style=\"max-width:1144px;margin-left: calc(-4% \/ 2 );margin-right: calc(-4% \/ 2 );\"><div class=\"fusion-layout-column fusion_builder_column fusion-builder-column-0 fusion_builder_column_1_1 1_1 fusion-flex-column\"><div class=\"fusion-column-wrapper fusion-flex-justify-content-flex-start fusion-content-layout-column\" style=\"background-position:left top;background-repeat:no-repeat;-webkit-background-size:cover;-moz-background-size:cover;-o-background-size:cover;background-size:cover;padding: 0px 0px 0px 0px;\"><div class=\"fusion-text fusion-text-1\"><p>Demostrando que la estafa generalizada que ha supuesto el <strong>\u00edndice IRPH<\/strong> a centenares de miles de familias hipotecadas no puede quedarse en lo que decida un Supremo caducado, bufetes de abogados como <strong>Abogados Res y Arriaga Asociados<\/strong> han decidido plantar cara a la irregular situaci\u00f3n que vive nuestro pa\u00eds con la Justicia. Y lo hacen denunciando el repetido incumplimiento de la jurisprudencia comunitaria por parte de nuestro Tribunal Supremo en lo referente a la abusividad de la cl\u00e1usula que incorpora el \u00edndice IRPH en contratos con consumidores.<\/p>\n<div id=\"r89-desktop-leaderboard-atf-1-wrapper\">\n<div id=\"r89-desktop-leaderboard-atf-1\" data-google-query-id=\"CP7t28aru_YCFdLV1Qod9kYEKg\">\n<div id=\"google_ads_iframe_\/15748617\/Economistjuristes\/Economistjuristes-Desktop-Leaderboard-ATF_0__container__\">La situaci\u00f3n en estos momentos vuelve a estar en Luxemburgo despu\u00e9s de que nuestro Alto Tribunal revocara las decisiones de Juzgado y Audiencia y volviera a darle la raz\u00f3n a los bancos en contra de los consumidores.<\/div>\n<div><\/div>\n<div>Hay que remontarse a julio de 2016 cuando el Juzgado de lo Mercantil n.\u00ba 1 de Vitoria declar\u00f3 la\u00a0<strong>falta de transparencia<\/strong>\u00a0de la cl\u00e1usula relativa al tipo de inter\u00e9s IRPH,\u00a0<strong>su abusividad y nulidad<\/strong>. Recurrido el fallo por Caja Rural de Navarra,\u00a0 la Audiencia Provincial de \u00c1lava,\u00a0<strong>confirm\u00f3 \u00edntegramente<\/strong>\u00a0la resoluci\u00f3n de instancia.<\/div>\n<\/div>\n<div><\/div>\n<div>Sin embargo, <strong>el pasado 15 de febrero de 2022<\/strong>, la Sala de lo Civil del TS <strong>revoc\u00f3 las dos resoluciones<\/strong> anteriores, entendiendo que la posibilidad de que el consumidor pueda conocer el m\u00e9todo de c\u00e1lculo del tipo IRPH y los elementos que lo definen a trav\u00e9s del Bolet\u00edn Oficial del Estado supone, <strong>para todos los casos<\/strong>, la superaci\u00f3n del control de transparencia, y que el hecho de que el pol\u00e9mico \u00edndice resulte un tipo oficial, acredita\u00a0<em>per se<\/em>\u00a0la buena fe del profesional.<\/div>\n<div><\/div>\n<div>Y dict\u00f3 esta resoluci\u00f3n sin hacer alusi\u00f3n a las resoluciones antes citadas, sin valorar la prueba practicada, sin evaluar la actuaci\u00f3n del profesional de la entidad y sin cerciorarse si se dio complimiento a la normativa nacional vigente en el momento de la contrataci\u00f3n.<\/div>\n<div><\/div>\n<div>Ante esta situaci\u00f3n, el bufete donostiarra de Abogados Res, integrado por Maite Ortiz y Jos\u00e9 Mar\u00eda Erauskin, procedi\u00f3 a denunciar al Tribunal Supremo ante la alta instancia europea. En su escrito, Abogados Res expone que el incumplimiento por parte del TS de la jurisprudencia del Tribunal de Justicia de la Uni\u00f3n Europea supone privar al consumidor de la protecci\u00f3n que le otorga la Directiva 93\/13\/CEE del Consejo, de 5 de abril de 1993, sobre las cl\u00e1usulas abusivas en los contratos celebrados con consumidores, provocando, en consecuencia, una vulneraci\u00f3n de su\u00a0<strong>tutela judicial efectiva<\/strong>.<\/div>\n<div><\/div>\n<\/div>\n<div>Prosigue, a\u00f1adiendo que a su juicio el conjunto de sentencias sentencias dictadas por nuestro Alto Tribunal tras las SSTS de 27 de enero\u00a0resulta contraria a la jurisprudencia del TJUE, ya que\u00a0<strong>traslada la obligaci\u00f3n del profesional de informar<\/strong> sobre el m\u00e9todo de c\u00e1lculo y de funcionamiento del \u00edndice, a fin de que el cliente pueda valorar las consecuencias econ\u00f3micamente significativas que su aplicaci\u00f3n supondr\u00e1 para su econom\u00eda, al propio consumidor, quien, adem\u00e1s, deber\u00e1 buscar, con sus propios medios, dicha informaci\u00f3n en el BOE.<\/div>\n<div><\/div>\n<div>Asegura Abogados Res en su denuncia, que \u201cno es cierto que un consumidor pueda encontrar en el BOE la informaci\u00f3n relativa al m\u00e9todo de c\u00e1lculo de los tipos IRPH y los elementos que lo definen\u201d, pues en el mismo \u201cse publica el dato correspondiente al importe mensual determinado por el Banco de Espa\u00f1a\u201d. Lo que quiere decir que el citado m\u00e9todo de c\u00e1lculo y los elementos que lo definen \u201c<strong>no est\u00e1n expl\u00edcitamente recogidos en ninguna parte<\/strong>, pues han de deducirse de la definici\u00f3n del tipo IRPH que se recoge en el Anexo VIII de la\u00a0Circular n\u00famero 8\/1990, de 7 de septiembre, a Entidades de Cr\u00e9dito, sobre transparencia de las operaciones y protecci\u00f3n de la clientela, que se public\u00f3 en el BOE de 20 de septiembre de 1990,\u00a0<strong>entre las p\u00e1ginas 27498 y 27508<\/strong>\u201d.<\/div>\n<div id=\"attachment_112773\" class=\"wp-caption aligncenter\">\n<p id=\"caption-attachment-112773\" class=\"wp-caption-text\"><img decoding=\"async\" class=\"alignnone size-medium wp-image-40308\" src=\"https:\/\/www.aquimicasa.net\/blog\/wp-content\/uploads\/abogados-Res-300x201.jpg\" alt=\"\" width=\"300\" height=\"201\" srcset=\"https:\/\/www.aquimicasa.net\/blog\/wp-content\/uploads\/abogados-Res-150x101.jpg 150w, https:\/\/www.aquimicasa.net\/blog\/wp-content\/uploads\/abogados-Res-200x134.jpg 200w, https:\/\/www.aquimicasa.net\/blog\/wp-content\/uploads\/abogados-Res-300x201.jpg 300w, https:\/\/www.aquimicasa.net\/blog\/wp-content\/uploads\/abogados-Res-400x269.jpg 400w, https:\/\/www.aquimicasa.net\/blog\/wp-content\/uploads\/abogados-Res-600x403.jpg 600w, https:\/\/www.aquimicasa.net\/blog\/wp-content\/uploads\/abogados-Res.jpg 624w\" sizes=\"(max-width: 300px) 100vw, 300px\" \/><\/p>\n<\/div>\n<p>Por otro lado, en el marco de la buena fe, frente a los mandatos comunitarios que exigen al juez nacional comprobar si el profesional pod\u00eda estimar razonablemente que, tratando de manera leal y equitativa con el consumidor, \u00e9ste \u00faltimo aceptar\u00eda una cl\u00e1usula de ese tipo en el marco de una negociaci\u00f3n individual, ahora, la Sala Primera del TS entiende que el profesional ha actuado de buena fe por el mero hecho de haber remitido el contrato a un tipo oficial.<\/p>\n<p>Los abogados donostiarras estiman que las \u00faltimas SSTS \u201c<strong>niegan cualquier posibilidad de entender abusiva la cl\u00e1usula<\/strong>\u201d, ya que no se analizan las circunstancias concretas de la contrataci\u00f3n, ni la informaci\u00f3n proporcionada por el profesional de la entidad en orden a que el cliente pudiese tomar una decisi\u00f3n prudente y con conocimiento de causa, sino que se examina sencillamente el propio \u00edndice, su publicaci\u00f3n en el BOE y su car\u00e1cter oficial, lo que, a juicio de Abogados Res, resulta contrario al art. 1.2 de la citada Directiva 93\/13\/CEE.<\/p>\n<p>En un comunicado posterior, el despacho de abogados anuncia la presentaci\u00f3n del escrito-denuncia ante la Comisi\u00f3n Europea y expresa que el TS ha incumplido la jurisprudencia comunitaria en relaci\u00f3n a la cl\u00e1usula que incorpora el \u00edndice IRPH en contratos con consumidores: \u201cEn conformidad con la parte demandante del caso concreto, los Letrados de este Despacho hemos decidido\u00a0<strong>no escatimar esfuerzos en acudir a estamentos europeos<\/strong>, as\u00ed como al propio Tribunal Constitucional, para tratar de que nuestros defendidos, obtengan la debida tutela judicial\u201d.<\/p>\n<p>Finalizan el comunicado asegurando que \u201ciniciamos este recorrido con la primera sentencia que hemos recibido por parte del TS, <strong>y lo seguiremos haciendo siempre y cuando as\u00ed nos lo pidan las personas a las que defendemos<\/strong>, con las sucesivas sentencias que obtengamos, si dicho Tribunal sigue manteniendo el mismo criterio\u201d.<\/p>\n<\/div><\/div><style type=\"text\/css\">.fusion-body .fusion-builder-column-0{width:100% !important;margin-top : 0px;margin-bottom : 0px;}.fusion-builder-column-0 > .fusion-column-wrapper {padding-top : 0px !important;padding-right : 0px !important;margin-right : 1.92%;padding-bottom : 0px !important;padding-left : 0px !important;margin-left : 1.92%;}@media only screen and (max-width:1024px) {.fusion-body .fusion-builder-column-0{width:100% !important;}.fusion-builder-column-0 > .fusion-column-wrapper {margin-right : 1.92%;margin-left : 1.92%;}}@media only screen and (max-width:640px) {.fusion-body .fusion-builder-column-0{width:100% !important;}.fusion-builder-column-0 > .fusion-column-wrapper {margin-right : 1.92%;margin-left : 1.92%;}}<\/style><\/div><\/div><style type=\"text\/css\">.fusion-body .fusion-flex-container.fusion-builder-row-1{ padding-top : 0px;margin-top : 0px;padding-right : 0px;padding-bottom : 0px;margin-bottom : 0px;padding-left : 0px;}<\/style><\/div>\n","protected":false},"excerpt":{"rendered":"<p>El despacho de abogados donostiarra anuncia la presentaci\u00f3n del escrito-denuncia ante la Comisi\u00f3n Europea y expresa que el TS ha incumplido la jurisprudencia comunitaria en relaci\u00f3n a la cl\u00e1usula que incorpora el \u00edndice IRPH en contratos con consumidores<\/p>\n","protected":false},"author":3,"featured_media":16514,"comment_status":"closed","ping_status":"closed","sticky":false,"template":"","format":"standard","meta":{"_jetpack_memberships_contains_paid_content":false,"footnotes":"","jetpack_publicize_message":"","jetpack_publicize_feature_enabled":true,"jetpack_social_post_already_shared":true,"jetpack_social_options":{"image_generator_settings":{"template":"highway","default_image_id":0,"font":"","enabled":false},"version":2}},"categories":[7512,43,7559],"tags":[8015],"class_list":["post-40208","post","type-post","status-publish","format-standard","has-post-thumbnail","hentry","category-consumidores","category-credito-hipotecario","category-tribunal-supremo","tag-newsletter-350"],"yoast_head":"<!-- This site is optimized with the Yoast SEO plugin v27.5 - https:\/\/yoast.com\/product\/yoast-seo-wordpress\/ -->\n<title>Abogados Res continuar\u00e1 denunciando al Supremo por el IRPH<\/title>\n<meta name=\"description\" content=\"Abogados Res denuncia el repetido incumplimiento de la jurisprudencia comunitaria por parte de nuestro Tribunal Supremo\" \/>\n<meta name=\"robots\" content=\"index, follow, max-snippet:-1, max-image-preview:large, max-video-preview:-1\" \/>\n<link rel=\"canonical\" href=\"https:\/\/www.aquimicasa.net\/blog\/consumo\/consumidores\/abogados-res-continuara-denunciando-al-supremo-por-el-irph\/\" \/>\n<meta property=\"og:locale\" content=\"es_ES\" \/>\n<meta property=\"og:type\" content=\"article\" \/>\n<meta property=\"og:title\" content=\"Abogados Res continuar\u00e1 denunciando al Supremo por el IRPH\" \/>\n<meta property=\"og:description\" content=\"Abogados Res denuncia el repetido incumplimiento de la jurisprudencia comunitaria por parte de nuestro Tribunal Supremo\" \/>\n<meta property=\"og:url\" content=\"https:\/\/www.aquimicasa.net\/blog\/consumo\/consumidores\/abogados-res-continuara-denunciando-al-supremo-por-el-irph\/\" \/>\n<meta property=\"og:site_name\" content=\"Blog de aquimicasa.net\" \/>\n<meta property=\"article:publisher\" content=\"https:\/\/www.facebook.com\/aquimicasa.net\" \/>\n<meta property=\"article:published_time\" content=\"2022-03-20T19:07:14+00:00\" \/>\n<meta property=\"og:image\" content=\"https:\/\/www.aquimicasa.net\/blog\/wp-content\/uploads\/Tribunal-Supremo2-e1499504462882.jpg\" \/>\n\t<meta property=\"og:image:width\" content=\"360\" \/>\n\t<meta property=\"og:image:height\" content=\"243\" \/>\n\t<meta property=\"og:image:type\" content=\"image\/jpeg\" \/>\n<meta name=\"author\" content=\"Eduardo Lizarraga\" \/>\n<meta name=\"twitter:label1\" content=\"Escrito por\" \/>\n\t<meta name=\"twitter:data1\" content=\"Eduardo Lizarraga\" \/>\n\t<meta name=\"twitter:label2\" content=\"Tiempo de lectura\" \/>\n\t<meta name=\"twitter:data2\" content=\"5 minutos\" \/>\n<script type=\"application\/ld+json\" class=\"yoast-schema-graph\">{\"@context\":\"https:\\\/\\\/schema.org\",\"@graph\":[{\"@type\":\"Article\",\"@id\":\"https:\\\/\\\/www.aquimicasa.net\\\/blog\\\/consumo\\\/consumidores\\\/abogados-res-continuara-denunciando-al-supremo-por-el-irph\\\/#article\",\"isPartOf\":{\"@id\":\"https:\\\/\\\/www.aquimicasa.net\\\/blog\\\/consumo\\\/consumidores\\\/abogados-res-continuara-denunciando-al-supremo-por-el-irph\\\/\"},\"author\":{\"name\":\"Eduardo Lizarraga\",\"@id\":\"https:\\\/\\\/www.aquimicasa.net\\\/blog\\\/#\\\/schema\\\/person\\\/2cdfa2605534583395c8d7ce1d6cac14\"},\"headline\":\"Abogados Res continuar\u00e1 denunciando al Supremo por el IRPH\",\"datePublished\":\"2022-03-20T19:07:14+00:00\",\"mainEntityOfPage\":{\"@id\":\"https:\\\/\\\/www.aquimicasa.net\\\/blog\\\/consumo\\\/consumidores\\\/abogados-res-continuara-denunciando-al-supremo-por-el-irph\\\/\"},\"wordCount\":1210,\"publisher\":{\"@id\":\"https:\\\/\\\/www.aquimicasa.net\\\/blog\\\/#organization\"},\"image\":{\"@id\":\"https:\\\/\\\/www.aquimicasa.net\\\/blog\\\/consumo\\\/consumidores\\\/abogados-res-continuara-denunciando-al-supremo-por-el-irph\\\/#primaryimage\"},\"thumbnailUrl\":\"https:\\\/\\\/www.aquimicasa.net\\\/blog\\\/wp-content\\\/uploads\\\/Tribunal-Supremo2-e1499504462882.jpg\",\"keywords\":[\"newsletter 350\"],\"articleSection\":[\"Consumidores\",\"Cr\u00e9dito hipotecario\",\"Tribunal Supremo\"],\"inLanguage\":\"es\"},{\"@type\":\"WebPage\",\"@id\":\"https:\\\/\\\/www.aquimicasa.net\\\/blog\\\/consumo\\\/consumidores\\\/abogados-res-continuara-denunciando-al-supremo-por-el-irph\\\/\",\"url\":\"https:\\\/\\\/www.aquimicasa.net\\\/blog\\\/consumo\\\/consumidores\\\/abogados-res-continuara-denunciando-al-supremo-por-el-irph\\\/\",\"name\":\"Abogados Res continuar\u00e1 denunciando al Supremo por el IRPH\",\"isPartOf\":{\"@id\":\"https:\\\/\\\/www.aquimicasa.net\\\/blog\\\/#website\"},\"primaryImageOfPage\":{\"@id\":\"https:\\\/\\\/www.aquimicasa.net\\\/blog\\\/consumo\\\/consumidores\\\/abogados-res-continuara-denunciando-al-supremo-por-el-irph\\\/#primaryimage\"},\"image\":{\"@id\":\"https:\\\/\\\/www.aquimicasa.net\\\/blog\\\/consumo\\\/consumidores\\\/abogados-res-continuara-denunciando-al-supremo-por-el-irph\\\/#primaryimage\"},\"thumbnailUrl\":\"https:\\\/\\\/www.aquimicasa.net\\\/blog\\\/wp-content\\\/uploads\\\/Tribunal-Supremo2-e1499504462882.jpg\",\"datePublished\":\"2022-03-20T19:07:14+00:00\",\"description\":\"Abogados Res denuncia el repetido incumplimiento de la jurisprudencia comunitaria por parte de nuestro Tribunal Supremo\",\"breadcrumb\":{\"@id\":\"https:\\\/\\\/www.aquimicasa.net\\\/blog\\\/consumo\\\/consumidores\\\/abogados-res-continuara-denunciando-al-supremo-por-el-irph\\\/#breadcrumb\"},\"inLanguage\":\"es\",\"potentialAction\":[{\"@type\":\"ReadAction\",\"target\":[\"https:\\\/\\\/www.aquimicasa.net\\\/blog\\\/consumo\\\/consumidores\\\/abogados-res-continuara-denunciando-al-supremo-por-el-irph\\\/\"]}]},{\"@type\":\"ImageObject\",\"inLanguage\":\"es\",\"@id\":\"https:\\\/\\\/www.aquimicasa.net\\\/blog\\\/consumo\\\/consumidores\\\/abogados-res-continuara-denunciando-al-supremo-por-el-irph\\\/#primaryimage\",\"url\":\"https:\\\/\\\/www.aquimicasa.net\\\/blog\\\/wp-content\\\/uploads\\\/Tribunal-Supremo2-e1499504462882.jpg\",\"contentUrl\":\"https:\\\/\\\/www.aquimicasa.net\\\/blog\\\/wp-content\\\/uploads\\\/Tribunal-Supremo2-e1499504462882.jpg\",\"width\":360,\"height\":243,\"caption\":\"Tribunal Supremo contra el TJUE\"},{\"@type\":\"BreadcrumbList\",\"@id\":\"https:\\\/\\\/www.aquimicasa.net\\\/blog\\\/consumo\\\/consumidores\\\/abogados-res-continuara-denunciando-al-supremo-por-el-irph\\\/#breadcrumb\",\"itemListElement\":[{\"@type\":\"ListItem\",\"position\":1,\"name\":\"Portada\",\"item\":\"https:\\\/\\\/www.aquimicasa.net\\\/blog\\\/\"},{\"@type\":\"ListItem\",\"position\":2,\"name\":\"Abogados Res continuar\u00e1 denunciando al Supremo por el IRPH\"}]},{\"@type\":\"WebSite\",\"@id\":\"https:\\\/\\\/www.aquimicasa.net\\\/blog\\\/#website\",\"url\":\"https:\\\/\\\/www.aquimicasa.net\\\/blog\\\/\",\"name\":\"Blog de aquimicasa.net\",\"description\":\"Noticias del Mundo Inmobiliario\",\"publisher\":{\"@id\":\"https:\\\/\\\/www.aquimicasa.net\\\/blog\\\/#organization\"},\"potentialAction\":[{\"@type\":\"SearchAction\",\"target\":{\"@type\":\"EntryPoint\",\"urlTemplate\":\"https:\\\/\\\/www.aquimicasa.net\\\/blog\\\/?s={search_term_string}\"},\"query-input\":{\"@type\":\"PropertyValueSpecification\",\"valueRequired\":true,\"valueName\":\"search_term_string\"}}],\"inLanguage\":\"es\"},{\"@type\":\"Organization\",\"@id\":\"https:\\\/\\\/www.aquimicasa.net\\\/blog\\\/#organization\",\"name\":\"Blog de aquimicasa.net\",\"url\":\"https:\\\/\\\/www.aquimicasa.net\\\/blog\\\/\",\"logo\":{\"@type\":\"ImageObject\",\"inLanguage\":\"es\",\"@id\":\"https:\\\/\\\/www.aquimicasa.net\\\/blog\\\/#\\\/schema\\\/logo\\\/image\\\/\",\"url\":\"https:\\\/\\\/www.aquimicasa.net\\\/blog\\\/wp-content\\\/uploads\\\/Logo-aquimicasa-1-e1528048213782.png\",\"contentUrl\":\"https:\\\/\\\/www.aquimicasa.net\\\/blog\\\/wp-content\\\/uploads\\\/Logo-aquimicasa-1-e1528048213782.png\",\"width\":225,\"height\":225,\"caption\":\"Blog de aquimicasa.net\"},\"image\":{\"@id\":\"https:\\\/\\\/www.aquimicasa.net\\\/blog\\\/#\\\/schema\\\/logo\\\/image\\\/\"},\"sameAs\":[\"https:\\\/\\\/www.facebook.com\\\/aquimicasa.net\",\"https:\\\/\\\/www.instagram.com\\\/\",\"https:\\\/\\\/x.com\\\/EduLizarragaD\",\"https:\\\/\\\/www.linkedin.com\\\/feed\\\/\"]},{\"@type\":\"Person\",\"@id\":\"https:\\\/\\\/www.aquimicasa.net\\\/blog\\\/#\\\/schema\\\/person\\\/2cdfa2605534583395c8d7ce1d6cac14\",\"name\":\"Eduardo Lizarraga\",\"image\":{\"@type\":\"ImageObject\",\"inLanguage\":\"es\",\"@id\":\"https:\\\/\\\/secure.gravatar.com\\\/avatar\\\/bdabe1eeeed97b65a9cb7de2edd624b07995f7e13abc5fead15961f745f908cc?s=96&d=mm&r=g\",\"url\":\"https:\\\/\\\/secure.gravatar.com\\\/avatar\\\/bdabe1eeeed97b65a9cb7de2edd624b07995f7e13abc5fead15961f745f908cc?s=96&d=mm&r=g\",\"contentUrl\":\"https:\\\/\\\/secure.gravatar.com\\\/avatar\\\/bdabe1eeeed97b65a9cb7de2edd624b07995f7e13abc5fead15961f745f908cc?s=96&d=mm&r=g\",\"caption\":\"Eduardo Lizarraga\"},\"description\":\"Periodista Econ\u00f3mico. Ha trabajado en diversos campos de la informaci\u00f3n. Corresponsal en conflictos, analista pol\u00edtico en Congreso y Senado, periodista del medio ambiente, editor, director editorial, director de comunicaci\u00f3n.... En estos momentos se ha especializado en el sector inmobiliario. Pero tambi\u00e9n es navegante y viajero, preocupado por la pobreza, el medio ambiente y por las actuaciones descontroladas del neoliberalismo empresarial y pol\u00edtico en todo el mundo. Los desahucios, la pobreza infantil y la falta de acceso a los suministros b\u00e1sicos son algunos de los grandes dramas de nuestra sociedad y que es preciso solucionar para hacerla m\u00e1s justa. CEO en www.aquimicasa.net\",\"sameAs\":[\"https:\\\/\\\/www.aquimicasa.net\\\/\"],\"url\":\"https:\\\/\\\/www.aquimicasa.net\\\/blog\\\/author\\\/eduardo\\\/\"}]}<\/script>\n<!-- \/ Yoast SEO plugin. -->","yoast_head_json":{"title":"Abogados Res continuar\u00e1 denunciando al Supremo por el IRPH","description":"Abogados Res denuncia el repetido incumplimiento de la jurisprudencia comunitaria por parte de nuestro Tribunal Supremo","robots":{"index":"index","follow":"follow","max-snippet":"max-snippet:-1","max-image-preview":"max-image-preview:large","max-video-preview":"max-video-preview:-1"},"canonical":"https:\/\/www.aquimicasa.net\/blog\/consumo\/consumidores\/abogados-res-continuara-denunciando-al-supremo-por-el-irph\/","og_locale":"es_ES","og_type":"article","og_title":"Abogados Res continuar\u00e1 denunciando al Supremo por el IRPH","og_description":"Abogados Res denuncia el repetido incumplimiento de la jurisprudencia comunitaria por parte de nuestro Tribunal Supremo","og_url":"https:\/\/www.aquimicasa.net\/blog\/consumo\/consumidores\/abogados-res-continuara-denunciando-al-supremo-por-el-irph\/","og_site_name":"Blog de aquimicasa.net","article_publisher":"https:\/\/www.facebook.com\/aquimicasa.net","article_published_time":"2022-03-20T19:07:14+00:00","og_image":[{"width":360,"height":243,"url":"https:\/\/www.aquimicasa.net\/blog\/wp-content\/uploads\/Tribunal-Supremo2-e1499504462882.jpg","type":"image\/jpeg"}],"author":"Eduardo Lizarraga","twitter_misc":{"Escrito por":"Eduardo Lizarraga","Tiempo de lectura":"5 minutos"},"schema":{"@context":"https:\/\/schema.org","@graph":[{"@type":"Article","@id":"https:\/\/www.aquimicasa.net\/blog\/consumo\/consumidores\/abogados-res-continuara-denunciando-al-supremo-por-el-irph\/#article","isPartOf":{"@id":"https:\/\/www.aquimicasa.net\/blog\/consumo\/consumidores\/abogados-res-continuara-denunciando-al-supremo-por-el-irph\/"},"author":{"name":"Eduardo Lizarraga","@id":"https:\/\/www.aquimicasa.net\/blog\/#\/schema\/person\/2cdfa2605534583395c8d7ce1d6cac14"},"headline":"Abogados Res continuar\u00e1 denunciando al Supremo por el IRPH","datePublished":"2022-03-20T19:07:14+00:00","mainEntityOfPage":{"@id":"https:\/\/www.aquimicasa.net\/blog\/consumo\/consumidores\/abogados-res-continuara-denunciando-al-supremo-por-el-irph\/"},"wordCount":1210,"publisher":{"@id":"https:\/\/www.aquimicasa.net\/blog\/#organization"},"image":{"@id":"https:\/\/www.aquimicasa.net\/blog\/consumo\/consumidores\/abogados-res-continuara-denunciando-al-supremo-por-el-irph\/#primaryimage"},"thumbnailUrl":"https:\/\/www.aquimicasa.net\/blog\/wp-content\/uploads\/Tribunal-Supremo2-e1499504462882.jpg","keywords":["newsletter 350"],"articleSection":["Consumidores","Cr\u00e9dito hipotecario","Tribunal Supremo"],"inLanguage":"es"},{"@type":"WebPage","@id":"https:\/\/www.aquimicasa.net\/blog\/consumo\/consumidores\/abogados-res-continuara-denunciando-al-supremo-por-el-irph\/","url":"https:\/\/www.aquimicasa.net\/blog\/consumo\/consumidores\/abogados-res-continuara-denunciando-al-supremo-por-el-irph\/","name":"Abogados Res continuar\u00e1 denunciando al Supremo por el IRPH","isPartOf":{"@id":"https:\/\/www.aquimicasa.net\/blog\/#website"},"primaryImageOfPage":{"@id":"https:\/\/www.aquimicasa.net\/blog\/consumo\/consumidores\/abogados-res-continuara-denunciando-al-supremo-por-el-irph\/#primaryimage"},"image":{"@id":"https:\/\/www.aquimicasa.net\/blog\/consumo\/consumidores\/abogados-res-continuara-denunciando-al-supremo-por-el-irph\/#primaryimage"},"thumbnailUrl":"https:\/\/www.aquimicasa.net\/blog\/wp-content\/uploads\/Tribunal-Supremo2-e1499504462882.jpg","datePublished":"2022-03-20T19:07:14+00:00","description":"Abogados Res denuncia el repetido incumplimiento de la jurisprudencia comunitaria por parte de nuestro Tribunal Supremo","breadcrumb":{"@id":"https:\/\/www.aquimicasa.net\/blog\/consumo\/consumidores\/abogados-res-continuara-denunciando-al-supremo-por-el-irph\/#breadcrumb"},"inLanguage":"es","potentialAction":[{"@type":"ReadAction","target":["https:\/\/www.aquimicasa.net\/blog\/consumo\/consumidores\/abogados-res-continuara-denunciando-al-supremo-por-el-irph\/"]}]},{"@type":"ImageObject","inLanguage":"es","@id":"https:\/\/www.aquimicasa.net\/blog\/consumo\/consumidores\/abogados-res-continuara-denunciando-al-supremo-por-el-irph\/#primaryimage","url":"https:\/\/www.aquimicasa.net\/blog\/wp-content\/uploads\/Tribunal-Supremo2-e1499504462882.jpg","contentUrl":"https:\/\/www.aquimicasa.net\/blog\/wp-content\/uploads\/Tribunal-Supremo2-e1499504462882.jpg","width":360,"height":243,"caption":"Tribunal Supremo contra el TJUE"},{"@type":"BreadcrumbList","@id":"https:\/\/www.aquimicasa.net\/blog\/consumo\/consumidores\/abogados-res-continuara-denunciando-al-supremo-por-el-irph\/#breadcrumb","itemListElement":[{"@type":"ListItem","position":1,"name":"Portada","item":"https:\/\/www.aquimicasa.net\/blog\/"},{"@type":"ListItem","position":2,"name":"Abogados Res continuar\u00e1 denunciando al Supremo por el IRPH"}]},{"@type":"WebSite","@id":"https:\/\/www.aquimicasa.net\/blog\/#website","url":"https:\/\/www.aquimicasa.net\/blog\/","name":"Blog de aquimicasa.net","description":"Noticias del Mundo Inmobiliario","publisher":{"@id":"https:\/\/www.aquimicasa.net\/blog\/#organization"},"potentialAction":[{"@type":"SearchAction","target":{"@type":"EntryPoint","urlTemplate":"https:\/\/www.aquimicasa.net\/blog\/?s={search_term_string}"},"query-input":{"@type":"PropertyValueSpecification","valueRequired":true,"valueName":"search_term_string"}}],"inLanguage":"es"},{"@type":"Organization","@id":"https:\/\/www.aquimicasa.net\/blog\/#organization","name":"Blog de aquimicasa.net","url":"https:\/\/www.aquimicasa.net\/blog\/","logo":{"@type":"ImageObject","inLanguage":"es","@id":"https:\/\/www.aquimicasa.net\/blog\/#\/schema\/logo\/image\/","url":"https:\/\/www.aquimicasa.net\/blog\/wp-content\/uploads\/Logo-aquimicasa-1-e1528048213782.png","contentUrl":"https:\/\/www.aquimicasa.net\/blog\/wp-content\/uploads\/Logo-aquimicasa-1-e1528048213782.png","width":225,"height":225,"caption":"Blog de aquimicasa.net"},"image":{"@id":"https:\/\/www.aquimicasa.net\/blog\/#\/schema\/logo\/image\/"},"sameAs":["https:\/\/www.facebook.com\/aquimicasa.net","https:\/\/www.instagram.com\/","https:\/\/x.com\/EduLizarragaD","https:\/\/www.linkedin.com\/feed\/"]},{"@type":"Person","@id":"https:\/\/www.aquimicasa.net\/blog\/#\/schema\/person\/2cdfa2605534583395c8d7ce1d6cac14","name":"Eduardo Lizarraga","image":{"@type":"ImageObject","inLanguage":"es","@id":"https:\/\/secure.gravatar.com\/avatar\/bdabe1eeeed97b65a9cb7de2edd624b07995f7e13abc5fead15961f745f908cc?s=96&d=mm&r=g","url":"https:\/\/secure.gravatar.com\/avatar\/bdabe1eeeed97b65a9cb7de2edd624b07995f7e13abc5fead15961f745f908cc?s=96&d=mm&r=g","contentUrl":"https:\/\/secure.gravatar.com\/avatar\/bdabe1eeeed97b65a9cb7de2edd624b07995f7e13abc5fead15961f745f908cc?s=96&d=mm&r=g","caption":"Eduardo Lizarraga"},"description":"Periodista Econ\u00f3mico. Ha trabajado en diversos campos de la informaci\u00f3n. Corresponsal en conflictos, analista pol\u00edtico en Congreso y Senado, periodista del medio ambiente, editor, director editorial, director de comunicaci\u00f3n.... En estos momentos se ha especializado en el sector inmobiliario. Pero tambi\u00e9n es navegante y viajero, preocupado por la pobreza, el medio ambiente y por las actuaciones descontroladas del neoliberalismo empresarial y pol\u00edtico en todo el mundo. Los desahucios, la pobreza infantil y la falta de acceso a los suministros b\u00e1sicos son algunos de los grandes dramas de nuestra sociedad y que es preciso solucionar para hacerla m\u00e1s justa. CEO en www.aquimicasa.net","sameAs":["https:\/\/www.aquimicasa.net\/"],"url":"https:\/\/www.aquimicasa.net\/blog\/author\/eduardo\/"}]}},"jetpack_publicize_connections":[],"jetpack_featured_media_url":"https:\/\/www.aquimicasa.net\/blog\/wp-content\/uploads\/Tribunal-Supremo2-e1499504462882.jpg","jetpack_sharing_enabled":true,"jetpack_likes_enabled":true,"_links":{"self":[{"href":"https:\/\/www.aquimicasa.net\/blog\/wp-json\/wp\/v2\/posts\/40208","targetHints":{"allow":["GET"]}}],"collection":[{"href":"https:\/\/www.aquimicasa.net\/blog\/wp-json\/wp\/v2\/posts"}],"about":[{"href":"https:\/\/www.aquimicasa.net\/blog\/wp-json\/wp\/v2\/types\/post"}],"author":[{"embeddable":true,"href":"https:\/\/www.aquimicasa.net\/blog\/wp-json\/wp\/v2\/users\/3"}],"replies":[{"embeddable":true,"href":"https:\/\/www.aquimicasa.net\/blog\/wp-json\/wp\/v2\/comments?post=40208"}],"version-history":[{"count":6,"href":"https:\/\/www.aquimicasa.net\/blog\/wp-json\/wp\/v2\/posts\/40208\/revisions"}],"predecessor-version":[{"id":40310,"href":"https:\/\/www.aquimicasa.net\/blog\/wp-json\/wp\/v2\/posts\/40208\/revisions\/40310"}],"wp:featuredmedia":[{"embeddable":true,"href":"https:\/\/www.aquimicasa.net\/blog\/wp-json\/wp\/v2\/media\/16514"}],"wp:attachment":[{"href":"https:\/\/www.aquimicasa.net\/blog\/wp-json\/wp\/v2\/media?parent=40208"}],"wp:term":[{"taxonomy":"category","embeddable":true,"href":"https:\/\/www.aquimicasa.net\/blog\/wp-json\/wp\/v2\/categories?post=40208"},{"taxonomy":"post_tag","embeddable":true,"href":"https:\/\/www.aquimicasa.net\/blog\/wp-json\/wp\/v2\/tags?post=40208"}],"curies":[{"name":"wp","href":"https:\/\/api.w.org\/{rel}","templated":true}]}}