{"id":40368,"date":"2022-03-27T00:28:32","date_gmt":"2022-03-26T23:28:32","guid":{"rendered":"https:\/\/www.aquimicasa.net\/blog\/?p=40368"},"modified":"2022-03-27T00:28:32","modified_gmt":"2022-03-26T23:28:32","slug":"los-beneficios-de-las-energeticas-hunden-la-economia","status":"publish","type":"post","link":"https:\/\/www.aquimicasa.net\/blog\/consumo\/consumidores\/los-beneficios-de-las-energeticas-hunden-la-economia\/","title":{"rendered":"Los beneficios de las energ\u00e9ticas hunden la econom\u00eda"},"content":{"rendered":"<div class=\"fusion-fullwidth fullwidth-box fusion-builder-row-1 fusion-flex-container nonhundred-percent-fullwidth non-hundred-percent-height-scrolling\" style=\"background-color: rgba(255,255,255,0);background-position: center center;background-repeat: no-repeat;border-width: 0px 0px 0px 0px;border-color:#eae9e9;border-style:solid;\" ><div class=\"fusion-builder-row fusion-row fusion-flex-align-items-flex-start\" style=\"max-width:1144px;margin-left: calc(-4% \/ 2 );margin-right: calc(-4% \/ 2 );\"><div class=\"fusion-layout-column fusion_builder_column fusion-builder-column-0 fusion_builder_column_1_1 1_1 fusion-flex-column\"><div class=\"fusion-column-wrapper fusion-flex-justify-content-flex-start fusion-content-layout-column\" style=\"background-position:left top;background-repeat:no-repeat;-webkit-background-size:cover;-moz-background-size:cover;-o-background-size:cover;background-size:cover;padding: 0px 0px 0px 0px;\"><div class=\"fusion-text fusion-text-1\"><p>El <strong>acuerdo<\/strong> alcanzado esta semana por S\u00e1nchez en Bruselas abre la puerta a la bajada de los precios de la luz. Poder poner un precio m\u00e1ximo a la participaci\u00f3n del gas en la factura el\u00e9ctrica la bajar\u00e1 y disminuir\u00e1 los <strong>abusivos beneficios de las compa\u00f1\u00edas el\u00e9ctricas<\/strong> que nos colaban la producci\u00f3n hidroel\u00e9ctrica o e\u00f3lica a precio de gas. Ya no ser\u00e1 tanto y S\u00e1nchez tiene margen para que <strong>disminuya la factura el\u00e9ctrica<\/strong> y la econom\u00eda comience a respirar. Porque eso es lo que estaban consiguiendo las el\u00e9ctricas con sus abusos, destrozar nuestra econom\u00eda, poner en problemas a las empresas y tirar por la ventana la recuperaci\u00f3n econ\u00f3mica. Veremos la semana pr\u00f3xima la marcha de sus acciones en la bolsa y las decisiones de S\u00e1nchez.<\/p>\n<p>Previamente a este acuerdo en Bruselas,<strong> FACUA-Consumidores en Acci\u00f3n<\/strong> reclamaba ya al Gobierno que fije precios m\u00e1ximos para las gasolinas, un tope de <strong>50 euros al megavatio hora (MWh)<\/strong> de electricidad en el mercado mayorista y la aplicaci\u00f3n de un <strong>impuesto especial a las grandes compa\u00f1\u00edas petroleras y energ\u00e9ticas.<\/strong> Se trata, advierte la asociaci\u00f3n, de medidas perfectamente compatibles con las propuestas lanzadas desde la Comisi\u00f3n Europea en materia energ\u00e9tica.<\/p>\n<p>La asociaci\u00f3n indica que la intervenci\u00f3n estatal en los precios de la energ\u00eda y los carburantes de automoci\u00f3n es esencial para frenar el <strong>da\u00f1o irreparable<\/strong> que est\u00e1n causando las empresas de ambos sectores a los consumidores, tanto de forma directa en los recibos de los suministros dom\u00e9sticos y el coste de llenar el dep\u00f3sito de sus veh\u00edculos como por las subidas que est\u00e1n causando en multitud de productos y servicios.<\/p>\n<p>La soluci\u00f3n a la desmesurada carest\u00eda de la energ\u00eda y los combustibles no puede pasar exclusivamente por bajadas en los impuestos y la parte regulada de las tarifas energ\u00e9ticas -como ocurri\u00f3 el a\u00f1o pasado con la electricidad- o la entrega de posibles bonos o cheques a los consumidores a cargo de los Presupuestos Generales del Estado, se\u00f1ala FACUA. En este sentido, exige al Gobierno que adem\u00e1s de intervenir en sus precios, aplique una <strong>subida de impuestos<\/strong> a sectores que est\u00e1n inflando sus milmillonarios beneficios para sufragar las citadas medidas.<\/p>\n<p>FACUA lamenta que el presidente\u00a0<strong>S\u00e1nchez\u00a0<\/strong>y la vicepresidenta\u00a0<strong>Ribera\u00a0<\/strong>est\u00e9n dando la espalda a los consumidores y ninguneando a las organizaciones que representan sus intereses. Mientras que se han reunido esta semana con los m\u00e1ximos responsables de las grandes energ\u00e9ticas y petroleras, el presidente del Gobierno y la ministra competente en energ\u00eda siguen sin reunirse con las <strong>organizaciones de consumidores<\/strong> representativas para escuchar sus reivindicaciones en relaci\u00f3n a los precios de las electricidad, el gas y las gasolinas.<\/p>\n<p>En este sentido, la asociaci\u00f3n manifiesta que el mensaje que est\u00e1 trasladando el Gobierno es que est\u00e1 plegado a los intereses de los oligopolios de la energ\u00eda y las gasolinas, dado que adem\u00e1s de haberles anunciado que no les subir\u00e1 los impuestos -pese a que Bruselas ha indicado que en esta coyuntura puede hacerse-, sigue sin emprender ni anunciar <strong>medidas de calado<\/strong> que representen un dr\u00e1stico recorte a sus<strong> enormes m\u00e1rgenes de beneficio<\/strong>.<\/p>\n<\/div><\/div><style type=\"text\/css\">.fusion-body .fusion-builder-column-0{width:100% !important;margin-top : 0px;margin-bottom : 0px;}.fusion-builder-column-0 > .fusion-column-wrapper {padding-top : 0px !important;padding-right : 0px !important;margin-right : 1.92%;padding-bottom : 0px !important;padding-left : 0px !important;margin-left : 1.92%;}@media only screen and (max-width:1024px) {.fusion-body .fusion-builder-column-0{width:100% !important;}.fusion-builder-column-0 > .fusion-column-wrapper {margin-right : 1.92%;margin-left : 1.92%;}}@media only screen and (max-width:640px) {.fusion-body .fusion-builder-column-0{width:100% !important;}.fusion-builder-column-0 > .fusion-column-wrapper {margin-right : 1.92%;margin-left : 1.92%;}}<\/style><\/div><\/div><style type=\"text\/css\">.fusion-body .fusion-flex-container.fusion-builder-row-1{ padding-top : 0px;margin-top : 0px;padding-right : 0px;padding-bottom : 0px;margin-bottom : 0px;padding-left : 0px;}<\/style><\/div>\n","protected":false},"excerpt":{"rendered":"<p>La soluci\u00f3n a la desmesurada carest\u00eda de la energ\u00eda y los combustibles no puede pasar exclusivamente por bajadas en los impuestos y la parte regulada de las tarifas energ\u00e9ticas -como ocurri\u00f3 el a\u00f1o pasado con la electricidad- o la entrega de posibles bonos o cheques a los consumidores a cargo de los Presupuestos Generales del Estado<\/p>\n","protected":false},"author":3,"featured_media":40378,"comment_status":"closed","ping_status":"closed","sticky":false,"template":"","format":"standard","meta":{"_jetpack_memberships_contains_paid_content":false,"footnotes":"","jetpack_publicize_message":"","jetpack_publicize_feature_enabled":true,"jetpack_social_post_already_shared":true,"jetpack_social_options":{"image_generator_settings":{"template":"highway","default_image_id":0,"font":"","enabled":false},"version":2}},"categories":[7512,639,7558],"tags":[8017],"class_list":["post-40368","post","type-post","status-publish","format-standard","has-post-thumbnail","hentry","category-consumidores","category-electricas","category-gas-y-petroleo","tag-newsletter-351"],"yoast_head":"<!-- This site is optimized with the Yoast SEO plugin v27.4 - https:\/\/yoast.com\/product\/yoast-seo-wordpress\/ -->\n<title>Los beneficios de las energ\u00e9ticas hunden la econom\u00eda<\/title>\n<meta name=\"description\" content=\"La intervenci\u00f3n de los precios de la energ\u00eda y los carburantes es esencial para frenar el da\u00f1o irreparable a los consumidores\" \/>\n<meta name=\"robots\" content=\"index, follow, max-snippet:-1, max-image-preview:large, max-video-preview:-1\" \/>\n<link rel=\"canonical\" href=\"https:\/\/www.aquimicasa.net\/blog\/consumo\/consumidores\/los-beneficios-de-las-energeticas-hunden-la-economia\/\" \/>\n<meta property=\"og:locale\" content=\"es_ES\" \/>\n<meta property=\"og:type\" content=\"article\" \/>\n<meta property=\"og:title\" content=\"Los beneficios de las energ\u00e9ticas hunden la econom\u00eda\" \/>\n<meta property=\"og:description\" content=\"La intervenci\u00f3n de los precios de la energ\u00eda y los carburantes es esencial para frenar el da\u00f1o irreparable a los consumidores\" \/>\n<meta property=\"og:url\" content=\"https:\/\/www.aquimicasa.net\/blog\/consumo\/consumidores\/los-beneficios-de-las-energeticas-hunden-la-economia\/\" \/>\n<meta property=\"og:site_name\" content=\"Blog de aquimicasa.net\" \/>\n<meta property=\"article:publisher\" content=\"https:\/\/www.facebook.com\/aquimicasa.net\" \/>\n<meta property=\"article:published_time\" content=\"2022-03-26T23:28:32+00:00\" \/>\n<meta property=\"og:image\" content=\"https:\/\/www.aquimicasa.net\/blog\/wp-content\/uploads\/pobreza-energetica8-2.jpg\" \/>\n\t<meta property=\"og:image:width\" content=\"400\" \/>\n\t<meta property=\"og:image:height\" content=\"224\" \/>\n\t<meta property=\"og:image:type\" content=\"image\/jpeg\" \/>\n<meta name=\"author\" content=\"Eduardo Lizarraga\" \/>\n<meta name=\"twitter:label1\" content=\"Escrito por\" \/>\n\t<meta name=\"twitter:data1\" content=\"Eduardo Lizarraga\" \/>\n\t<meta name=\"twitter:label2\" content=\"Tiempo de lectura\" \/>\n\t<meta name=\"twitter:data2\" content=\"2 minutos\" \/>\n<script type=\"application\/ld+json\" class=\"yoast-schema-graph\">{\"@context\":\"https:\\\/\\\/schema.org\",\"@graph\":[{\"@type\":\"Article\",\"@id\":\"https:\\\/\\\/www.aquimicasa.net\\\/blog\\\/consumo\\\/consumidores\\\/los-beneficios-de-las-energeticas-hunden-la-economia\\\/#article\",\"isPartOf\":{\"@id\":\"https:\\\/\\\/www.aquimicasa.net\\\/blog\\\/consumo\\\/consumidores\\\/los-beneficios-de-las-energeticas-hunden-la-economia\\\/\"},\"author\":{\"name\":\"Eduardo Lizarraga\",\"@id\":\"https:\\\/\\\/www.aquimicasa.net\\\/blog\\\/#\\\/schema\\\/person\\\/2cdfa2605534583395c8d7ce1d6cac14\"},\"headline\":\"Los beneficios de las energ\u00e9ticas hunden la econom\u00eda\",\"datePublished\":\"2022-03-26T23:28:32+00:00\",\"mainEntityOfPage\":{\"@id\":\"https:\\\/\\\/www.aquimicasa.net\\\/blog\\\/consumo\\\/consumidores\\\/los-beneficios-de-las-energeticas-hunden-la-economia\\\/\"},\"wordCount\":807,\"publisher\":{\"@id\":\"https:\\\/\\\/www.aquimicasa.net\\\/blog\\\/#organization\"},\"image\":{\"@id\":\"https:\\\/\\\/www.aquimicasa.net\\\/blog\\\/consumo\\\/consumidores\\\/los-beneficios-de-las-energeticas-hunden-la-economia\\\/#primaryimage\"},\"thumbnailUrl\":\"https:\\\/\\\/www.aquimicasa.net\\\/blog\\\/wp-content\\\/uploads\\\/pobreza-energetica8-2.jpg\",\"keywords\":[\"newsletter 351\"],\"articleSection\":[\"Consumidores\",\"El\u00e9ctricas\",\"Gas y Petr\u00f3leo\"],\"inLanguage\":\"es\"},{\"@type\":\"WebPage\",\"@id\":\"https:\\\/\\\/www.aquimicasa.net\\\/blog\\\/consumo\\\/consumidores\\\/los-beneficios-de-las-energeticas-hunden-la-economia\\\/\",\"url\":\"https:\\\/\\\/www.aquimicasa.net\\\/blog\\\/consumo\\\/consumidores\\\/los-beneficios-de-las-energeticas-hunden-la-economia\\\/\",\"name\":\"Los beneficios de las energ\u00e9ticas hunden la econom\u00eda\",\"isPartOf\":{\"@id\":\"https:\\\/\\\/www.aquimicasa.net\\\/blog\\\/#website\"},\"primaryImageOfPage\":{\"@id\":\"https:\\\/\\\/www.aquimicasa.net\\\/blog\\\/consumo\\\/consumidores\\\/los-beneficios-de-las-energeticas-hunden-la-economia\\\/#primaryimage\"},\"image\":{\"@id\":\"https:\\\/\\\/www.aquimicasa.net\\\/blog\\\/consumo\\\/consumidores\\\/los-beneficios-de-las-energeticas-hunden-la-economia\\\/#primaryimage\"},\"thumbnailUrl\":\"https:\\\/\\\/www.aquimicasa.net\\\/blog\\\/wp-content\\\/uploads\\\/pobreza-energetica8-2.jpg\",\"datePublished\":\"2022-03-26T23:28:32+00:00\",\"description\":\"La intervenci\u00f3n de los precios de la energ\u00eda y los carburantes es esencial para frenar el da\u00f1o irreparable a los consumidores\",\"breadcrumb\":{\"@id\":\"https:\\\/\\\/www.aquimicasa.net\\\/blog\\\/consumo\\\/consumidores\\\/los-beneficios-de-las-energeticas-hunden-la-economia\\\/#breadcrumb\"},\"inLanguage\":\"es\",\"potentialAction\":[{\"@type\":\"ReadAction\",\"target\":[\"https:\\\/\\\/www.aquimicasa.net\\\/blog\\\/consumo\\\/consumidores\\\/los-beneficios-de-las-energeticas-hunden-la-economia\\\/\"]}]},{\"@type\":\"ImageObject\",\"inLanguage\":\"es\",\"@id\":\"https:\\\/\\\/www.aquimicasa.net\\\/blog\\\/consumo\\\/consumidores\\\/los-beneficios-de-las-energeticas-hunden-la-economia\\\/#primaryimage\",\"url\":\"https:\\\/\\\/www.aquimicasa.net\\\/blog\\\/wp-content\\\/uploads\\\/pobreza-energetica8-2.jpg\",\"contentUrl\":\"https:\\\/\\\/www.aquimicasa.net\\\/blog\\\/wp-content\\\/uploads\\\/pobreza-energetica8-2.jpg\",\"width\":400,\"height\":224,\"caption\":\"Los beneficios energ\u00e9ticos dejan a las familias sin recursos\"},{\"@type\":\"BreadcrumbList\",\"@id\":\"https:\\\/\\\/www.aquimicasa.net\\\/blog\\\/consumo\\\/consumidores\\\/los-beneficios-de-las-energeticas-hunden-la-economia\\\/#breadcrumb\",\"itemListElement\":[{\"@type\":\"ListItem\",\"position\":1,\"name\":\"Portada\",\"item\":\"https:\\\/\\\/www.aquimicasa.net\\\/blog\\\/\"},{\"@type\":\"ListItem\",\"position\":2,\"name\":\"Los beneficios de las energ\u00e9ticas hunden la econom\u00eda\"}]},{\"@type\":\"WebSite\",\"@id\":\"https:\\\/\\\/www.aquimicasa.net\\\/blog\\\/#website\",\"url\":\"https:\\\/\\\/www.aquimicasa.net\\\/blog\\\/\",\"name\":\"Blog de aquimicasa.net\",\"description\":\"Noticias del Mundo Inmobiliario\",\"publisher\":{\"@id\":\"https:\\\/\\\/www.aquimicasa.net\\\/blog\\\/#organization\"},\"potentialAction\":[{\"@type\":\"SearchAction\",\"target\":{\"@type\":\"EntryPoint\",\"urlTemplate\":\"https:\\\/\\\/www.aquimicasa.net\\\/blog\\\/?s={search_term_string}\"},\"query-input\":{\"@type\":\"PropertyValueSpecification\",\"valueRequired\":true,\"valueName\":\"search_term_string\"}}],\"inLanguage\":\"es\"},{\"@type\":\"Organization\",\"@id\":\"https:\\\/\\\/www.aquimicasa.net\\\/blog\\\/#organization\",\"name\":\"Blog de aquimicasa.net\",\"url\":\"https:\\\/\\\/www.aquimicasa.net\\\/blog\\\/\",\"logo\":{\"@type\":\"ImageObject\",\"inLanguage\":\"es\",\"@id\":\"https:\\\/\\\/www.aquimicasa.net\\\/blog\\\/#\\\/schema\\\/logo\\\/image\\\/\",\"url\":\"https:\\\/\\\/www.aquimicasa.net\\\/blog\\\/wp-content\\\/uploads\\\/Logo-aquimicasa-1-e1528048213782.png\",\"contentUrl\":\"https:\\\/\\\/www.aquimicasa.net\\\/blog\\\/wp-content\\\/uploads\\\/Logo-aquimicasa-1-e1528048213782.png\",\"width\":225,\"height\":225,\"caption\":\"Blog de aquimicasa.net\"},\"image\":{\"@id\":\"https:\\\/\\\/www.aquimicasa.net\\\/blog\\\/#\\\/schema\\\/logo\\\/image\\\/\"},\"sameAs\":[\"https:\\\/\\\/www.facebook.com\\\/aquimicasa.net\",\"https:\\\/\\\/www.instagram.com\\\/\",\"https:\\\/\\\/x.com\\\/EduLizarragaD\",\"https:\\\/\\\/www.linkedin.com\\\/feed\\\/\"]},{\"@type\":\"Person\",\"@id\":\"https:\\\/\\\/www.aquimicasa.net\\\/blog\\\/#\\\/schema\\\/person\\\/2cdfa2605534583395c8d7ce1d6cac14\",\"name\":\"Eduardo Lizarraga\",\"image\":{\"@type\":\"ImageObject\",\"inLanguage\":\"es\",\"@id\":\"https:\\\/\\\/secure.gravatar.com\\\/avatar\\\/bdabe1eeeed97b65a9cb7de2edd624b07995f7e13abc5fead15961f745f908cc?s=96&d=mm&r=g\",\"url\":\"https:\\\/\\\/secure.gravatar.com\\\/avatar\\\/bdabe1eeeed97b65a9cb7de2edd624b07995f7e13abc5fead15961f745f908cc?s=96&d=mm&r=g\",\"contentUrl\":\"https:\\\/\\\/secure.gravatar.com\\\/avatar\\\/bdabe1eeeed97b65a9cb7de2edd624b07995f7e13abc5fead15961f745f908cc?s=96&d=mm&r=g\",\"caption\":\"Eduardo Lizarraga\"},\"description\":\"Periodista Econ\u00f3mico. Ha trabajado en diversos campos de la informaci\u00f3n. Corresponsal en conflictos, analista pol\u00edtico en Congreso y Senado, periodista del medio ambiente, editor, director editorial, director de comunicaci\u00f3n.... En estos momentos se ha especializado en el sector inmobiliario. Pero tambi\u00e9n es navegante y viajero, preocupado por la pobreza, el medio ambiente y por las actuaciones descontroladas del neoliberalismo empresarial y pol\u00edtico en todo el mundo. Los desahucios, la pobreza infantil y la falta de acceso a los suministros b\u00e1sicos son algunos de los grandes dramas de nuestra sociedad y que es preciso solucionar para hacerla m\u00e1s justa. CEO en www.aquimicasa.net\",\"sameAs\":[\"https:\\\/\\\/www.aquimicasa.net\\\/\"],\"url\":\"https:\\\/\\\/www.aquimicasa.net\\\/blog\\\/author\\\/eduardo\\\/\"}]}<\/script>\n<!-- \/ Yoast SEO plugin. -->","yoast_head_json":{"title":"Los beneficios de las energ\u00e9ticas hunden la econom\u00eda","description":"La intervenci\u00f3n de los precios de la energ\u00eda y los carburantes es esencial para frenar el da\u00f1o irreparable a los consumidores","robots":{"index":"index","follow":"follow","max-snippet":"max-snippet:-1","max-image-preview":"max-image-preview:large","max-video-preview":"max-video-preview:-1"},"canonical":"https:\/\/www.aquimicasa.net\/blog\/consumo\/consumidores\/los-beneficios-de-las-energeticas-hunden-la-economia\/","og_locale":"es_ES","og_type":"article","og_title":"Los beneficios de las energ\u00e9ticas hunden la econom\u00eda","og_description":"La intervenci\u00f3n de los precios de la energ\u00eda y los carburantes es esencial para frenar el da\u00f1o irreparable a los consumidores","og_url":"https:\/\/www.aquimicasa.net\/blog\/consumo\/consumidores\/los-beneficios-de-las-energeticas-hunden-la-economia\/","og_site_name":"Blog de aquimicasa.net","article_publisher":"https:\/\/www.facebook.com\/aquimicasa.net","article_published_time":"2022-03-26T23:28:32+00:00","og_image":[{"width":400,"height":224,"url":"https:\/\/www.aquimicasa.net\/blog\/wp-content\/uploads\/pobreza-energetica8-2.jpg","type":"image\/jpeg"}],"author":"Eduardo Lizarraga","twitter_misc":{"Escrito por":"Eduardo Lizarraga","Tiempo de lectura":"2 minutos"},"schema":{"@context":"https:\/\/schema.org","@graph":[{"@type":"Article","@id":"https:\/\/www.aquimicasa.net\/blog\/consumo\/consumidores\/los-beneficios-de-las-energeticas-hunden-la-economia\/#article","isPartOf":{"@id":"https:\/\/www.aquimicasa.net\/blog\/consumo\/consumidores\/los-beneficios-de-las-energeticas-hunden-la-economia\/"},"author":{"name":"Eduardo Lizarraga","@id":"https:\/\/www.aquimicasa.net\/blog\/#\/schema\/person\/2cdfa2605534583395c8d7ce1d6cac14"},"headline":"Los beneficios de las energ\u00e9ticas hunden la econom\u00eda","datePublished":"2022-03-26T23:28:32+00:00","mainEntityOfPage":{"@id":"https:\/\/www.aquimicasa.net\/blog\/consumo\/consumidores\/los-beneficios-de-las-energeticas-hunden-la-economia\/"},"wordCount":807,"publisher":{"@id":"https:\/\/www.aquimicasa.net\/blog\/#organization"},"image":{"@id":"https:\/\/www.aquimicasa.net\/blog\/consumo\/consumidores\/los-beneficios-de-las-energeticas-hunden-la-economia\/#primaryimage"},"thumbnailUrl":"https:\/\/www.aquimicasa.net\/blog\/wp-content\/uploads\/pobreza-energetica8-2.jpg","keywords":["newsletter 351"],"articleSection":["Consumidores","El\u00e9ctricas","Gas y Petr\u00f3leo"],"inLanguage":"es"},{"@type":"WebPage","@id":"https:\/\/www.aquimicasa.net\/blog\/consumo\/consumidores\/los-beneficios-de-las-energeticas-hunden-la-economia\/","url":"https:\/\/www.aquimicasa.net\/blog\/consumo\/consumidores\/los-beneficios-de-las-energeticas-hunden-la-economia\/","name":"Los beneficios de las energ\u00e9ticas hunden la econom\u00eda","isPartOf":{"@id":"https:\/\/www.aquimicasa.net\/blog\/#website"},"primaryImageOfPage":{"@id":"https:\/\/www.aquimicasa.net\/blog\/consumo\/consumidores\/los-beneficios-de-las-energeticas-hunden-la-economia\/#primaryimage"},"image":{"@id":"https:\/\/www.aquimicasa.net\/blog\/consumo\/consumidores\/los-beneficios-de-las-energeticas-hunden-la-economia\/#primaryimage"},"thumbnailUrl":"https:\/\/www.aquimicasa.net\/blog\/wp-content\/uploads\/pobreza-energetica8-2.jpg","datePublished":"2022-03-26T23:28:32+00:00","description":"La intervenci\u00f3n de los precios de la energ\u00eda y los carburantes es esencial para frenar el da\u00f1o irreparable a los consumidores","breadcrumb":{"@id":"https:\/\/www.aquimicasa.net\/blog\/consumo\/consumidores\/los-beneficios-de-las-energeticas-hunden-la-economia\/#breadcrumb"},"inLanguage":"es","potentialAction":[{"@type":"ReadAction","target":["https:\/\/www.aquimicasa.net\/blog\/consumo\/consumidores\/los-beneficios-de-las-energeticas-hunden-la-economia\/"]}]},{"@type":"ImageObject","inLanguage":"es","@id":"https:\/\/www.aquimicasa.net\/blog\/consumo\/consumidores\/los-beneficios-de-las-energeticas-hunden-la-economia\/#primaryimage","url":"https:\/\/www.aquimicasa.net\/blog\/wp-content\/uploads\/pobreza-energetica8-2.jpg","contentUrl":"https:\/\/www.aquimicasa.net\/blog\/wp-content\/uploads\/pobreza-energetica8-2.jpg","width":400,"height":224,"caption":"Los beneficios energ\u00e9ticos dejan a las familias sin recursos"},{"@type":"BreadcrumbList","@id":"https:\/\/www.aquimicasa.net\/blog\/consumo\/consumidores\/los-beneficios-de-las-energeticas-hunden-la-economia\/#breadcrumb","itemListElement":[{"@type":"ListItem","position":1,"name":"Portada","item":"https:\/\/www.aquimicasa.net\/blog\/"},{"@type":"ListItem","position":2,"name":"Los beneficios de las energ\u00e9ticas hunden la econom\u00eda"}]},{"@type":"WebSite","@id":"https:\/\/www.aquimicasa.net\/blog\/#website","url":"https:\/\/www.aquimicasa.net\/blog\/","name":"Blog de aquimicasa.net","description":"Noticias del Mundo Inmobiliario","publisher":{"@id":"https:\/\/www.aquimicasa.net\/blog\/#organization"},"potentialAction":[{"@type":"SearchAction","target":{"@type":"EntryPoint","urlTemplate":"https:\/\/www.aquimicasa.net\/blog\/?s={search_term_string}"},"query-input":{"@type":"PropertyValueSpecification","valueRequired":true,"valueName":"search_term_string"}}],"inLanguage":"es"},{"@type":"Organization","@id":"https:\/\/www.aquimicasa.net\/blog\/#organization","name":"Blog de aquimicasa.net","url":"https:\/\/www.aquimicasa.net\/blog\/","logo":{"@type":"ImageObject","inLanguage":"es","@id":"https:\/\/www.aquimicasa.net\/blog\/#\/schema\/logo\/image\/","url":"https:\/\/www.aquimicasa.net\/blog\/wp-content\/uploads\/Logo-aquimicasa-1-e1528048213782.png","contentUrl":"https:\/\/www.aquimicasa.net\/blog\/wp-content\/uploads\/Logo-aquimicasa-1-e1528048213782.png","width":225,"height":225,"caption":"Blog de aquimicasa.net"},"image":{"@id":"https:\/\/www.aquimicasa.net\/blog\/#\/schema\/logo\/image\/"},"sameAs":["https:\/\/www.facebook.com\/aquimicasa.net","https:\/\/www.instagram.com\/","https:\/\/x.com\/EduLizarragaD","https:\/\/www.linkedin.com\/feed\/"]},{"@type":"Person","@id":"https:\/\/www.aquimicasa.net\/blog\/#\/schema\/person\/2cdfa2605534583395c8d7ce1d6cac14","name":"Eduardo Lizarraga","image":{"@type":"ImageObject","inLanguage":"es","@id":"https:\/\/secure.gravatar.com\/avatar\/bdabe1eeeed97b65a9cb7de2edd624b07995f7e13abc5fead15961f745f908cc?s=96&d=mm&r=g","url":"https:\/\/secure.gravatar.com\/avatar\/bdabe1eeeed97b65a9cb7de2edd624b07995f7e13abc5fead15961f745f908cc?s=96&d=mm&r=g","contentUrl":"https:\/\/secure.gravatar.com\/avatar\/bdabe1eeeed97b65a9cb7de2edd624b07995f7e13abc5fead15961f745f908cc?s=96&d=mm&r=g","caption":"Eduardo Lizarraga"},"description":"Periodista Econ\u00f3mico. Ha trabajado en diversos campos de la informaci\u00f3n. Corresponsal en conflictos, analista pol\u00edtico en Congreso y Senado, periodista del medio ambiente, editor, director editorial, director de comunicaci\u00f3n.... En estos momentos se ha especializado en el sector inmobiliario. Pero tambi\u00e9n es navegante y viajero, preocupado por la pobreza, el medio ambiente y por las actuaciones descontroladas del neoliberalismo empresarial y pol\u00edtico en todo el mundo. Los desahucios, la pobreza infantil y la falta de acceso a los suministros b\u00e1sicos son algunos de los grandes dramas de nuestra sociedad y que es preciso solucionar para hacerla m\u00e1s justa. CEO en www.aquimicasa.net","sameAs":["https:\/\/www.aquimicasa.net\/"],"url":"https:\/\/www.aquimicasa.net\/blog\/author\/eduardo\/"}]}},"jetpack_publicize_connections":[],"jetpack_featured_media_url":"https:\/\/www.aquimicasa.net\/blog\/wp-content\/uploads\/pobreza-energetica8-2.jpg","jetpack_sharing_enabled":true,"jetpack_likes_enabled":true,"_links":{"self":[{"href":"https:\/\/www.aquimicasa.net\/blog\/wp-json\/wp\/v2\/posts\/40368","targetHints":{"allow":["GET"]}}],"collection":[{"href":"https:\/\/www.aquimicasa.net\/blog\/wp-json\/wp\/v2\/posts"}],"about":[{"href":"https:\/\/www.aquimicasa.net\/blog\/wp-json\/wp\/v2\/types\/post"}],"author":[{"embeddable":true,"href":"https:\/\/www.aquimicasa.net\/blog\/wp-json\/wp\/v2\/users\/3"}],"replies":[{"embeddable":true,"href":"https:\/\/www.aquimicasa.net\/blog\/wp-json\/wp\/v2\/comments?post=40368"}],"version-history":[{"count":3,"href":"https:\/\/www.aquimicasa.net\/blog\/wp-json\/wp\/v2\/posts\/40368\/revisions"}],"predecessor-version":[{"id":40379,"href":"https:\/\/www.aquimicasa.net\/blog\/wp-json\/wp\/v2\/posts\/40368\/revisions\/40379"}],"wp:featuredmedia":[{"embeddable":true,"href":"https:\/\/www.aquimicasa.net\/blog\/wp-json\/wp\/v2\/media\/40378"}],"wp:attachment":[{"href":"https:\/\/www.aquimicasa.net\/blog\/wp-json\/wp\/v2\/media?parent=40368"}],"wp:term":[{"taxonomy":"category","embeddable":true,"href":"https:\/\/www.aquimicasa.net\/blog\/wp-json\/wp\/v2\/categories?post=40368"},{"taxonomy":"post_tag","embeddable":true,"href":"https:\/\/www.aquimicasa.net\/blog\/wp-json\/wp\/v2\/tags?post=40368"}],"curies":[{"name":"wp","href":"https:\/\/api.w.org\/{rel}","templated":true}]}}