{"id":40411,"date":"2022-03-30T07:53:09","date_gmt":"2022-03-30T05:53:09","guid":{"rendered":"https:\/\/www.aquimicasa.net\/blog\/?p=40411"},"modified":"2025-02-25T08:48:09","modified_gmt":"2025-02-25T07:48:09","slug":"villarti-es-la-mejor-agencia-inmobiliaria-en-valladolid-2","status":"publish","type":"post","link":"https:\/\/www.aquimicasa.net\/blog\/vivienda\/agencias-inmobiliarias\/villarti-es-la-mejor-agencia-inmobiliaria-en-valladolid-2\/","title":{"rendered":"Villart\u00ed es la mejor agencia inmobiliaria en Valladolid"},"content":{"rendered":"<p><div class=\"fusion-fullwidth fullwidth-box fusion-builder-row-1 nonhundred-percent-fullwidth non-hundred-percent-height-scrolling\" style=\"background-color: rgba(255,255,255,0);background-position: center center;background-repeat: no-repeat;padding-top:0px;padding-right:0px;padding-bottom:0px;padding-left:0px;margin-bottom: 0px;margin-top: 0px;border-width: 0px 0px 0px 0px;border-color:#eae9e9;border-style:solid;\" ><div class=\"fusion-builder-row fusion-row\"><div class=\"fusion-layout-column fusion_builder_column fusion-builder-column-0 fusion_builder_column_1_1 1_1 fusion-one-full fusion-column-first fusion-column-last\" style=\"margin-top:0px;margin-bottom:20px;\"><div class=\"fusion-column-wrapper fusion-flex-column-wrapper-legacy\" style=\"background-position:left top;background-repeat:no-repeat;-webkit-background-size:cover;-moz-background-size:cover;-o-background-size:cover;background-size:cover;padding: 0px 0px 0px 0px;\"><style type=\"text\/css\"><\/style><div class=\"fusion-title title fusion-title-1 fusion-sep-none fusion-title-text fusion-title-size-two\" style=\"font-size:28px;margin-top:0px;margin-right:0px;margin-bottom:31px;margin-left:0px;\"><h2 class=\"title-heading-left\" style=\"margin:0;font-size:1em;\">Villart\u00ed es la agencia de confianza para encontrar vivienda en Valladolid<\/h2><\/div><div class=\"fusion-text fusion-text-1\"><p>Sin antecedentes romanos ni anteriores, que no supieron ver lo acertado de su ubicaci\u00f3n entre los r\u00edos Pisuerga y Esgueva,\u00a0<strong>Valladolid<\/strong>\u00a0comenz\u00f3 a cobrar importancia como ciudad en los albores del a\u00f1o 1000, con la retirada de los musulmanes m\u00e1s al sur.<\/p>\n<p>Su ubicaci\u00f3n, en el centro de la Meseta norte y equidistante del resto de las ciudades castellanas, fue acrecentando su importancia hasta convertirse en sede de la Corte de Castilla con Carlos I en 1561, tras recoger el testigo de la Imperial Toledo y\u00a0<strong>capital del Imperio espa\u00f1ol<\/strong>\u00a0con su nieto y sucesor Felipe III.<\/p>\n<\/div><div class=\"fusion-clearfix\"><\/div><\/div><\/div><\/div><\/div><div class=\"fusion-fullwidth fullwidth-box fusion-builder-row-2 nonhundred-percent-fullwidth non-hundred-percent-height-scrolling\" style=\"background-color: rgba(255,255,255,0);background-position: center center;background-repeat: no-repeat;padding-top:0px;padding-right:0px;padding-bottom:0px;padding-left:0px;margin-bottom: 0px;margin-top: 0px;border-width: 0px 0px 0px 0px;border-color:#eae9e9;border-style:solid;\" ><div class=\"fusion-builder-row fusion-row\"><div class=\"fusion-layout-column fusion_builder_column fusion-builder-column-1 fusion_builder_column_1_4 1_4 fusion-one-fourth fusion-column-first\" style=\"width:25%;width:calc(25% - ( ( 4% + 4% + 4% ) * 0.25 ) );margin-right: 4%;margin-top:0px;margin-bottom:20px;\"><div class=\"fusion-column-wrapper fusion-flex-column-wrapper-legacy\" style=\"background-position:left top;background-repeat:no-repeat;-webkit-background-size:cover;-moz-background-size:cover;-o-background-size:cover;background-size:cover;padding: 10% 0px 10% 0px;\"><div class=\"fusion-fa-align-center\"><i class=\"fb-icon-element-1 fb-icon-element fontawesome-icon fa-building fas circle-yes\" style=\"font-size:44px;line-height:86px;height:88px;width:88px;border-width:1px;\"><\/i><\/div><style>i.fb-icon-element.fontawesome-icon.fb-icon-element-1{ color: rgba(0,0,0,0.8); background-color: #ffffff; border-color: rgba(101,188,123,0.8);}i.fb-icon-element.fontawesome-icon.fb-icon-element-1:hover { color: rgba(0,0,0,0.8); background-color: #ffffff; border-color: rgba(101,188,123,0.8);}<\/style><div class=\"fusion-sep-clear\"><\/div><div class=\"fusion-separator fusion-full-width-sep\" style=\"margin-left: auto;margin-right: auto;margin-top:5%;margin-bottom:5%;width:100%;\"><\/div><div class=\"fusion-sep-clear\"><\/div><div class=\"fusion-aligncenter\"><style type=\"text\/css\">.fusion-button.button-1 .fusion-button-text, .fusion-button.button-1 i {color:rgba(101,188,123,0.8);}.fusion-button.button-1 .fusion-button-icon-divider{border-color:rgba(101,188,123,0.8);}.fusion-button.button-1:hover .fusion-button-text, .fusion-button.button-1:hover i,.fusion-button.button-1:focus .fusion-button-text, .fusion-button.button-1:focus i,.fusion-button.button-1:active .fusion-button-text, .fusion-button.button-1:active{color:#ffffff;}.fusion-button.button-1:hover .fusion-button-icon-divider, .fusion-button.button-1:hover .fusion-button-icon-divider, .fusion-button.button-1:active .fusion-button-icon-divider{border-color:#ffffff;}.fusion-button.button-1:hover, .fusion-button.button-1:focus, .fusion-button.button-1:active{border-color:#ffffff;border-width:0px;}.fusion-button.button-1 {border-color:rgba(101,188,123,0.8);border-width:0px;border-radius:0px;}.fusion-button.button-1{background: #f6f6f6;}.fusion-button.button-1:hover,.button-1:focus,.fusion-button.button-1:active{background: rgba(101,188,123,0.8);}<\/style><a class=\"fusion-button button-flat button-xlarge button-custom button-1 fusion-button-default-span fusion-button-default-type\" target=\"_blank\" rel=\"noopener noreferrer\" href=\"https:\/\/www.aquimicasa.net\/profesionales\/507\/alvaro-y-javier-gestion-y-servicios-s-l\/t\/pisos\/\"><span class=\"fusion-button-text\">pisos<\/span><\/a><\/div><div class=\"fusion-clearfix\"><\/div><\/div><\/div><div class=\"fusion-layout-column fusion_builder_column fusion-builder-column-2 fusion_builder_column_1_4 1_4 fusion-one-fourth\" style=\"width:25%;width:calc(25% - ( ( 4% + 4% + 4% ) * 0.25 ) );margin-right: 4%;margin-top:0px;margin-bottom:20px;\"><div class=\"fusion-column-wrapper fusion-flex-column-wrapper-legacy\" style=\"background-position:left top;background-repeat:no-repeat;-webkit-background-size:cover;-moz-background-size:cover;-o-background-size:cover;background-size:cover;padding: 10% 0px 10% 0px;\"><div class=\"fusion-fa-align-center\"><i class=\"fb-icon-element-2 fb-icon-element fontawesome-icon fa-home fas circle-yes\" style=\"font-size:44px;line-height:86px;height:88px;width:88px;border-width:1px;\"><\/i><\/div><style>i.fb-icon-element.fontawesome-icon.fb-icon-element-2{ color: #000000; background-color: #ffffff; border-color: rgba(101,188,123,0.8);}i.fb-icon-element.fontawesome-icon.fb-icon-element-2:hover { color: #000000; background-color: #ffffff; border-color: rgba(101,188,123,0.8);}<\/style><div class=\"fusion-sep-clear\"><\/div><div class=\"fusion-separator fusion-full-width-sep\" style=\"margin-left: auto;margin-right: auto;margin-top:5%;margin-bottom:5%;width:100%;\"><\/div><div class=\"fusion-sep-clear\"><\/div><div class=\"fusion-aligncenter\"><style type=\"text\/css\">.fusion-button.button-2 .fusion-button-text, .fusion-button.button-2 i {color:rgba(101,188,123,0.8);}.fusion-button.button-2 .fusion-button-icon-divider{border-color:rgba(101,188,123,0.8);}.fusion-button.button-2:hover .fusion-button-text, .fusion-button.button-2:hover i,.fusion-button.button-2:focus .fusion-button-text, .fusion-button.button-2:focus i,.fusion-button.button-2:active .fusion-button-text, .fusion-button.button-2:active{color:#ffffff;}.fusion-button.button-2:hover .fusion-button-icon-divider, .fusion-button.button-2:hover .fusion-button-icon-divider, .fusion-button.button-2:active .fusion-button-icon-divider{border-color:#ffffff;}.fusion-button.button-2:hover, .fusion-button.button-2:focus, .fusion-button.button-2:active{border-color:#ffffff;border-width:0px;}.fusion-button.button-2 {border-color:rgba(101,188,123,0.8);border-width:0px;border-radius:0px;}.fusion-button.button-2{background: #f6f6f6;}.fusion-button.button-2:hover,.button-2:focus,.fusion-button.button-2:active{background: rgba(101,188,123,0.8);}.fusion-button.button-2 .fusion-button-text {text-transform:uppercase;}<\/style><a class=\"fusion-button button-flat button-xlarge button-custom button-2 fusion-button-default-span \" target=\"_blank\" rel=\"noopener noreferrer\" href=\"https:\/\/www.aquimicasa.net\/profesionales\/507\/alvaro-y-javier-gestion-y-servicios-s-l\/t\/casas-chalets-adosados\/\"><span class=\"fusion-button-text\">casas y chalets<\/span><\/a><\/div><div class=\"fusion-clearfix\"><\/div><\/div><\/div><div class=\"fusion-layout-column fusion_builder_column fusion-builder-column-3 fusion_builder_column_1_4 1_4 fusion-one-fourth\" style=\"width:25%;width:calc(25% - ( ( 4% + 4% + 4% ) * 0.25 ) );margin-right: 4%;margin-top:0px;margin-bottom:20px;\"><div class=\"fusion-column-wrapper fusion-flex-column-wrapper-legacy\" style=\"background-position:left top;background-repeat:no-repeat;-webkit-background-size:cover;-moz-background-size:cover;-o-background-size:cover;background-size:cover;padding: 10% 0px 10% 0px;\"><div class=\"fusion-fa-align-center\"><i class=\"fb-icon-element-3 fb-icon-element fontawesome-icon fa-city fas circle-yes\" style=\"font-size:44px;line-height:86px;height:88px;width:88px;border-width:1px;\"><\/i><\/div><style>i.fb-icon-element.fontawesome-icon.fb-icon-element-3{ color: #000000; background-color: #ffffff; border-color: rgba(101,188,123,0.8);}i.fb-icon-element.fontawesome-icon.fb-icon-element-3:hover { color: #000000; background-color: #ffffff; border-color: rgba(101,188,123,0.8);}<\/style><div class=\"fusion-sep-clear\"><\/div><div class=\"fusion-separator fusion-full-width-sep\" style=\"margin-left: auto;margin-right: auto;margin-top:5%;margin-bottom:5%;width:100%;\"><\/div><div class=\"fusion-sep-clear\"><\/div><div class=\"fusion-aligncenter\"><style type=\"text\/css\">.fusion-button.button-3 .fusion-button-text, .fusion-button.button-3 i {color:rgba(101,188,123,0.8);}.fusion-button.button-3 .fusion-button-icon-divider{border-color:rgba(101,188,123,0.8);}.fusion-button.button-3:hover .fusion-button-text, .fusion-button.button-3:hover i,.fusion-button.button-3:focus .fusion-button-text, .fusion-button.button-3:focus i,.fusion-button.button-3:active .fusion-button-text, .fusion-button.button-3:active{color:#ffffff;}.fusion-button.button-3:hover .fusion-button-icon-divider, .fusion-button.button-3:hover .fusion-button-icon-divider, .fusion-button.button-3:active .fusion-button-icon-divider{border-color:#ffffff;}.fusion-button.button-3:hover, .fusion-button.button-3:focus, .fusion-button.button-3:active{border-color:#ffffff;border-width:0px;}.fusion-button.button-3 {border-color:rgba(101,188,123,0.8);border-width:0px;border-radius:0px;}.fusion-button.button-3{background: #f6f6f6;}.fusion-button.button-3:hover,.button-3:focus,.fusion-button.button-3:active{background: rgba(101,188,123,0.8);}<\/style><a class=\"fusion-button button-flat button-xlarge button-custom button-3 fusion-button-default-span fusion-button-default-type\" target=\"_blank\" rel=\"noopener noreferrer\" href=\"https:\/\/www.aquimicasa.net\/profesionales\/507\/alvaro-y-javier-gestion-y-servicios-s-l\/t\/aticos\/\"><span class=\"fusion-button-text\">\u00e1ticos<\/span><\/a><\/div><div class=\"fusion-clearfix\"><\/div><\/div><\/div><div class=\"fusion-layout-column fusion_builder_column fusion-builder-column-4 fusion_builder_column_1_4 1_4 fusion-one-fourth fusion-column-last\" style=\"width:25%;width:calc(25% - ( ( 4% + 4% + 4% ) * 0.25 ) );margin-top:0px;margin-bottom:20px;\"><div class=\"fusion-column-wrapper fusion-flex-column-wrapper-legacy\" style=\"background-position:left top;background-repeat:no-repeat;-webkit-background-size:cover;-moz-background-size:cover;-o-background-size:cover;background-size:cover;padding: 10% 0px 10% 0px;\"><div class=\"fusion-fa-align-center\"><i class=\"fb-icon-element-4 fb-icon-element fontawesome-icon fa-laptop-house fas circle-yes\" style=\"font-size:44px;line-height:86px;height:88px;width:88px;border-width:1px;\"><\/i><\/div><style>i.fb-icon-element.fontawesome-icon.fb-icon-element-4{ color: #000000; background-color: #ffffff; border-color: rgba(101,188,123,0.8);}i.fb-icon-element.fontawesome-icon.fb-icon-element-4:hover { color: #000000; background-color: #ffffff; border-color: rgba(101,188,123,0.8);}<\/style><div class=\"fusion-sep-clear\"><\/div><div class=\"fusion-separator fusion-full-width-sep\" style=\"margin-left: auto;margin-right: auto;margin-top:5%;margin-bottom:5%;width:100%;\"><\/div><div class=\"fusion-sep-clear\"><\/div><div class=\"fusion-aligncenter\"><style type=\"text\/css\">.fusion-button.button-4 .fusion-button-text, .fusion-button.button-4 i {color:rgba(101,188,123,0.8);}.fusion-button.button-4 .fusion-button-icon-divider{border-color:rgba(101,188,123,0.8);}.fusion-button.button-4:hover .fusion-button-text, .fusion-button.button-4:hover i,.fusion-button.button-4:focus .fusion-button-text, .fusion-button.button-4:focus i,.fusion-button.button-4:active .fusion-button-text, .fusion-button.button-4:active{color:#ffffff;}.fusion-button.button-4:hover .fusion-button-icon-divider, .fusion-button.button-4:hover .fusion-button-icon-divider, .fusion-button.button-4:active .fusion-button-icon-divider{border-color:#ffffff;}.fusion-button.button-4:hover, .fusion-button.button-4:focus, .fusion-button.button-4:active{border-color:#ffffff;border-width:0px;}.fusion-button.button-4 {border-color:rgba(101,188,123,0.8);border-width:0px;border-radius:0px;}.fusion-button.button-4{background: #f6f6f6;}.fusion-button.button-4:hover,.button-4:focus,.fusion-button.button-4:active{background: rgba(101,188,123,0.8);}<\/style><a class=\"fusion-button button-flat button-xlarge button-custom button-4 fusion-button-default-span fusion-button-default-type\" target=\"_blank\" rel=\"noopener noreferrer\" href=\"https:\/\/www.aquimicasa.net\/profesionales\/507\/alvaro-y-javier-gestion-y-servicios-s-l\/t\/oficinas\/\"><span class=\"fusion-button-text\">oficinas<\/span><\/a><\/div><div class=\"fusion-clearfix\"><\/div><\/div><\/div><div class=\"fusion-layout-column fusion_builder_column fusion-builder-column-5 fusion_builder_column_1_3 1_3 fusion-one-third fusion-column-first\" style=\"width:33.333333333333%;width:calc(33.333333333333% - ( ( 4% + 4% ) * 0.33333333333333 ) );margin-right: 4%;margin-top:0px;margin-bottom:20px;\"><div class=\"fusion-column-wrapper fusion-flex-column-wrapper-legacy\" style=\"background-position:left top;background-repeat:no-repeat;-webkit-background-size:cover;-moz-background-size:cover;-o-background-size:cover;background-size:cover;padding: 10% 0px 10% 0px;\"><div class=\"fusion-fa-align-center\"><i class=\"fb-icon-element-5 fb-icon-element fontawesome-icon fa-store-alt fas circle-yes\" style=\"font-size:44px;line-height:86px;height:88px;width:88px;border-width:1px;\"><\/i><\/div><style>i.fb-icon-element.fontawesome-icon.fb-icon-element-5{ color: #000000; background-color: #ffffff; border-color: rgba(101,188,123,0.8);}i.fb-icon-element.fontawesome-icon.fb-icon-element-5:hover { color: #000000; background-color: #ffffff; border-color: rgba(101,188,123,0.8);}<\/style><div class=\"fusion-sep-clear\"><\/div><div class=\"fusion-separator fusion-full-width-sep\" style=\"margin-left: auto;margin-right: auto;margin-top:5%;margin-bottom:5%;width:100%;\"><\/div><div class=\"fusion-sep-clear\"><\/div><div class=\"fusion-aligncenter\"><style type=\"text\/css\">.fusion-button.button-5 .fusion-button-text, .fusion-button.button-5 i {color:rgba(101,188,123,0.8);}.fusion-button.button-5 .fusion-button-icon-divider{border-color:rgba(101,188,123,0.8);}.fusion-button.button-5:hover .fusion-button-text, .fusion-button.button-5:hover i,.fusion-button.button-5:focus .fusion-button-text, .fusion-button.button-5:focus i,.fusion-button.button-5:active .fusion-button-text, .fusion-button.button-5:active{color:#ffffff;}.fusion-button.button-5:hover .fusion-button-icon-divider, .fusion-button.button-5:hover .fusion-button-icon-divider, .fusion-button.button-5:active .fusion-button-icon-divider{border-color:#ffffff;}.fusion-button.button-5:hover, .fusion-button.button-5:focus, .fusion-button.button-5:active{border-color:#ffffff;border-width:0px;}.fusion-button.button-5 {border-color:rgba(101,188,123,0.8);border-width:0px;border-radius:0px;}.fusion-button.button-5{background: #f6f6f6;}.fusion-button.button-5:hover,.button-5:focus,.fusion-button.button-5:active{background: rgba(101,188,123,0.8);}<\/style><a class=\"fusion-button button-flat button-xlarge button-custom button-5 fusion-button-default-span fusion-button-default-type\" target=\"_blank\" rel=\"noopener noreferrer\" href=\"https:\/\/www.aquimicasa.net\/profesionales\/507\/alvaro-y-javier-gestion-y-servicios-s-l\/t\/locales-comerciales\/\"><span class=\"fusion-button-text\">locales comerciales<\/span><\/a><\/div><div class=\"fusion-clearfix\"><\/div><\/div><\/div><div class=\"fusion-layout-column fusion_builder_column fusion-builder-column-6 fusion_builder_column_1_3 1_3 fusion-one-third\" style=\"width:33.333333333333%;width:calc(33.333333333333% - ( ( 4% + 4% ) * 0.33333333333333 ) );margin-right: 4%;margin-top:0px;margin-bottom:20px;\"><div class=\"fusion-column-wrapper fusion-flex-column-wrapper-legacy\" style=\"background-position:left top;background-repeat:no-repeat;-webkit-background-size:cover;-moz-background-size:cover;-o-background-size:cover;background-size:cover;padding: 10% 0px 10% 0px;\"><div class=\"fusion-fa-align-center\"><i class=\"fb-icon-element-6 fb-icon-element fontawesome-icon fa-tree fas circle-yes\" style=\"font-size:44px;line-height:86px;height:88px;width:88px;border-width:1px;\"><\/i><\/div><style>i.fb-icon-element.fontawesome-icon.fb-icon-element-6{ color: #000000; background-color: #ffffff; border-color: rgba(101,188,123,0.8);}i.fb-icon-element.fontawesome-icon.fb-icon-element-6:hover { color: #000000; background-color: #ffffff; border-color: rgba(101,188,123,0.8);}<\/style><div class=\"fusion-sep-clear\"><\/div><div class=\"fusion-separator fusion-full-width-sep\" style=\"margin-left: auto;margin-right: auto;margin-top:5%;margin-bottom:5%;width:100%;\"><\/div><div class=\"fusion-sep-clear\"><\/div><div class=\"fusion-aligncenter\"><style type=\"text\/css\">.fusion-button.button-6 .fusion-button-text, .fusion-button.button-6 i {color:rgba(101,188,123,0.8);}.fusion-button.button-6 .fusion-button-icon-divider{border-color:rgba(101,188,123,0.8);}.fusion-button.button-6:hover .fusion-button-text, .fusion-button.button-6:hover i,.fusion-button.button-6:focus .fusion-button-text, .fusion-button.button-6:focus i,.fusion-button.button-6:active .fusion-button-text, .fusion-button.button-6:active{color:#ffffff;}.fusion-button.button-6:hover .fusion-button-icon-divider, .fusion-button.button-6:hover .fusion-button-icon-divider, .fusion-button.button-6:active .fusion-button-icon-divider{border-color:#ffffff;}.fusion-button.button-6:hover, .fusion-button.button-6:focus, .fusion-button.button-6:active{border-color:#ffffff;border-width:0px;}.fusion-button.button-6 {border-color:rgba(101,188,123,0.8);border-width:0px;border-radius:0px;}.fusion-button.button-6{background: #f6f6f6;}.fusion-button.button-6:hover,.button-6:focus,.fusion-button.button-6:active{background: rgba(101,188,123,0.8);}<\/style><a class=\"fusion-button button-flat button-xlarge button-custom button-6 fusion-button-default-span fusion-button-default-type\" target=\"_blank\" rel=\"noopener noreferrer\" href=\"https:\/\/www.aquimicasa.net\/profesionales\/507\/alvaro-y-javier-gestion-y-servicios-s-l\/t\/solares-terrenos\/\"><span class=\"fusion-button-text\">terrenos y parcelas<\/span><\/a><\/div><div class=\"fusion-clearfix\"><\/div><\/div><\/div><div class=\"fusion-layout-column fusion_builder_column fusion-builder-column-7 fusion_builder_column_1_3 1_3 fusion-one-third fusion-column-last\" style=\"width:33.333333333333%;width:calc(33.333333333333% - ( ( 4% + 4% ) * 0.33333333333333 ) );margin-top:0px;margin-bottom:20px;\"><div class=\"fusion-column-wrapper fusion-flex-column-wrapper-legacy\" style=\"background-position:left top;background-repeat:no-repeat;-webkit-background-size:cover;-moz-background-size:cover;-o-background-size:cover;background-size:cover;padding: 10% 0px 10% 0px;\"><div class=\"fusion-fa-align-center\"><i class=\"fb-icon-element-7 fb-icon-element fontawesome-icon fa-industry fas circle-yes\" style=\"font-size:44px;line-height:86px;height:88px;width:88px;border-width:1px;\"><\/i><\/div><style>i.fb-icon-element.fontawesome-icon.fb-icon-element-7{ color: #000000; background-color: #ffffff; border-color: rgba(101,188,123,0.8);}i.fb-icon-element.fontawesome-icon.fb-icon-element-7:hover { color: #000000; background-color: #ffffff; border-color: rgba(101,188,123,0.8);}<\/style><div class=\"fusion-sep-clear\"><\/div><div class=\"fusion-separator fusion-full-width-sep\" style=\"margin-left: auto;margin-right: auto;margin-top:5%;margin-bottom:5%;width:100%;\"><\/div><div class=\"fusion-sep-clear\"><\/div><div class=\"fusion-aligncenter\"><style type=\"text\/css\">.fusion-button.button-7 .fusion-button-text, .fusion-button.button-7 i {color:rgba(101,188,123,0.8);}.fusion-button.button-7 .fusion-button-icon-divider{border-color:rgba(101,188,123,0.8);}.fusion-button.button-7:hover .fusion-button-text, .fusion-button.button-7:hover i,.fusion-button.button-7:focus .fusion-button-text, .fusion-button.button-7:focus i,.fusion-button.button-7:active .fusion-button-text, .fusion-button.button-7:active{color:#ffffff;}.fusion-button.button-7:hover .fusion-button-icon-divider, .fusion-button.button-7:hover .fusion-button-icon-divider, .fusion-button.button-7:active .fusion-button-icon-divider{border-color:#ffffff;}.fusion-button.button-7:hover, .fusion-button.button-7:focus, .fusion-button.button-7:active{border-color:#ffffff;border-width:0px;}.fusion-button.button-7 {border-color:rgba(101,188,123,0.8);border-width:0px;border-radius:0px;}.fusion-button.button-7{background: #f6f6f6;}.fusion-button.button-7:hover,.button-7:focus,.fusion-button.button-7:active{background: rgba(101,188,123,0.8);}<\/style><a class=\"fusion-button button-flat button-xlarge button-custom button-7 fusion-button-default-span fusion-button-default-type\" target=\"_blank\" rel=\"noopener noreferrer\" href=\"https:\/\/www.aquimicasa.net\/profesionales\/507\/alvaro-y-javier-gestion-y-servicios-s-l\/t\/naves-industriales\/\"><span class=\"fusion-button-text\">naves industriales<\/span><\/a><\/div><div class=\"fusion-clearfix\"><\/div><\/div><\/div><\/div><\/div><div class=\"fusion-fullwidth fullwidth-box fusion-builder-row-3 nonhundred-percent-fullwidth non-hundred-percent-height-scrolling\" style=\"background-color: rgba(255,255,255,0);background-position: center center;background-repeat: no-repeat;padding-top:0px;padding-right:0px;padding-bottom:0px;padding-left:0px;margin-bottom: 0px;margin-top: 0px;border-width: 0px 0px 0px 0px;border-color:#eae9e9;border-style:solid;\" ><div class=\"fusion-builder-row fusion-row\"><div class=\"fusion-layout-column fusion_builder_column fusion-builder-column-8 fusion_builder_column_1_1 1_1 fusion-one-full fusion-column-first fusion-column-last\" style=\"margin-top:0px;margin-bottom:20px;\"><div class=\"fusion-column-wrapper fusion-flex-column-wrapper-legacy\" style=\"background-position:left top;background-repeat:no-repeat;-webkit-background-size:cover;-moz-background-size:cover;-o-background-size:cover;background-size:cover;padding: 0px 0px 2% 0px;\"><div class=\"fusion-sep-clear\"><\/div><div class=\"fusion-separator fusion-full-width-sep\" style=\"margin-left: auto;margin-right: auto;margin-top:1%;margin-bottom:1%;width:100%;\"><\/div><div class=\"fusion-sep-clear\"><\/div><div class=\"fusion-text fusion-text-2\"><p>Y aunque con Felipe II la corte pas\u00f3 a Madrid durante unos a\u00f1os, el 11 de enero de 1601 se cambi\u00f3 de nuevo a\u00a0<strong>Valladoli<\/strong>d, en un vaiv\u00e9n que durar\u00eda hasta 1606. Un mes despu\u00e9s, el 9 de febrero de 1601, es el rey Felipe III el que muda definitivamente a la\u00a0<strong>capital<\/strong>\u00a0del Pisuerga, convirtiendo as\u00ed a\u00a0<strong>Valladolid<\/strong>\u00a0en\u00a0<strong>capital<\/strong>\u00a0del Imperio espa\u00f1ol.<\/p>\n<p>La definitiva p\u00e9rdida de la capitalidad en favor de Madrid, trajo una lenta decadencia a la\u00a0<strong>capital vallisoletana<\/strong>\u00a0que continu\u00f3 viviendo de pasados laureles hasta que a finales del XIX se realiz\u00f3 un importante cambio econ\u00f3mico que se consolid\u00f3 a mediados del siguiente siglo. La econom\u00eda continu\u00f3 creciendo hasta convertirse en el mayor centro industrial y econ\u00f3mico de\u00a0<strong>Castilla y Le\u00f3n<\/strong>\u00a0y tambi\u00e9n demogr\u00e1fico, pasando la ciudad de los 110.000 habitantes en 1950 a los m\u00e1s de 300.000 que tiene hoy en d\u00eda.<\/p>\n<p>El crecimiento demogr\u00e1fico impuls\u00f3 la construcci\u00f3n de la necesaria\u00a0<strong>vivienda<\/strong>\u00a0y la formaci\u00f3n de nuevos barrios agrupados en\u00a0<strong>12 distritos residenciales<\/strong>. Este impulso poblacional se explica por el pujante sector industrial, muy ligado a la industria del autom\u00f3vil. Dos grandes pol\u00edgonos industriales que albergan centenares de peque\u00f1as y medianas empresas, suministran todo tipo de materiales y componentes al mercado espa\u00f1ol.<\/p>\n<p>Estos \u00faltimos a\u00f1os, debido a la\u00a0<strong>carest\u00eda de la vivienda<\/strong>\u00a0y a los problemas de un urbanismo no muy eficiente, muchas personas, sobre todo parejas j\u00f3venes, est\u00e1n trasladando su residencia a la corona metropolitana vallisoletana que le est\u00e1 \u201crobando\u201d habitantes a la capital y sobrepasa ya los 400.000 habitantes. Esta regi\u00f3n metropolitana, aunque no est\u00e1 registrada como tal, cuenta ya con buenos servicios de transporte, sanitarios y educacionales para su creciente poblaci\u00f3n.<\/p>\n<p>En toda esta corona metropolitana se encuentran los pueblos de Laguna, Cabez\u00f3n de Pisuerga, Tudela, Santovenia, Villanubla, Boecillo, Renedo de Esgueva y Zarat\u00e1n, Arroyo de la Encomienda, Cigales, Mucientes, Fuensalda\u00f1a, La Cist\u00e9rniga y Simancas. En todos ellos crecen las nuevas \u00e1reas residenciales y puede encontrarse una\u00a0<strong>buena oferta de\u00a0vivienda<\/strong>, aunque lo m\u00e1s recomendable es contar con los servicios de un profesional conocedor y en ese sentido\u00a0<strong>Villart\u00ed es la mejor agencia inmobiliaria en Valladolid<\/strong>.<\/p>\n<p>La empresa inmobiliaria se fund\u00f3 en\u00a0<strong>Medina del Campo<\/strong>\u00a0en el a\u00f1o 2005, con el nombre de Inmobiliaria Artiller\u00eda, posicion\u00e1ndose de forma r\u00e1pida como una de las mejores de la comarca. Y ya en el al a\u00f1o 2009 abri\u00f3 una nueva oficina en Valladolid en la\u00a0<strong>zona de Parquesol<\/strong>.<\/p>\n<p>No eran buenos a\u00f1os para el sector de la vivienda, pero a pesar de las dificultades\u00a0<strong>Villart\u00ed<\/strong>\u00a0supo mantenerse y crecer gracias al trabajo bien hecho y a la confianza de sus clientes. Y estos son los tres puntales de la empresa, el trabajo, la confianza de sus clientes y las recomendaciones de que\u00a0<strong>Villart\u00ed es la mejor agencia inmobiliaria en Valladolid.<\/strong><\/p>\n<p>La inmobiliaria no se dedica a un producto en concreto, sino que abarca todo el tipo de\u00a0<strong>propiedades inmobiliarias<\/strong>\u00a0que pueden encontrarse en el mercado: pisos, apartamentos, chalets, terrenos r\u00fasticos y urbanos, casas de pueblo, edificios, obra nueva, naves industriales, locales comerciales\u2026<\/p>\n<p>Lo mismo sucede con el tipo de cliente que frecuenta la inmobiliaria, sobre todo particulares que quieren\u00a0<strong>comprar, vender o alquilar<\/strong>, pero tambi\u00e9n\u00a0<strong>grupos de inversores<\/strong>\u00a0interesados en la amplia\u00a0<strong>cartera de propiedades<\/strong>\u00a0que maneja\u00a0<strong>Villart\u00ed<\/strong>. A todos ellos la agencia inmobiliaria muestra las cualidades que le han llevado al \u00e9xito, el trato personalizado, la empat\u00eda con el cliente y sobre todo la confianza. Cualidades por las\u00a0<strong>que\u00a0<\/strong><strong>Villart\u00ed es la mejor agencia inmobiliaria en Valladolid.<\/strong><\/p>\n<p>La empresa es tambi\u00e9n innovadora en sus planteamientos comerciales y cuenta con un servicio de\u00a0<strong>Personal Shopper inmobiliario<\/strong>\u00a0tanto para el\u00a0<strong>comprador<\/strong>\u00a0como para el<strong>\u00a0vendedo<\/strong>r. Al primero le ayuda a encontrar la vivienda que busca en un proceso sencillo y sobre todo transparente en el que este comprador sabe que puede despreocuparse, porque todo queda en buenas manos. Y el cliente que elige Villart\u00ed para vender su propiedad, va a encontrar tambi\u00e9n transparencia en todo el procedimiento y sobre todo confianza en que se defender\u00e1n sus intereses, respet\u00e1ndose las condiciones de forma escrupulosa pactadas.<\/p>\n<p><strong>Villart\u00ed fue tambi\u00e9n pionera en Valladolid<\/strong>\u00a0en realizar un cuidado y pulcro servicio de\u00a0<strong>Home Staging<\/strong>, tanto en viviendas captadas para vender por la propia inmobiliaria, como para particulares que contratan sus\u00a0<strong>servicios de decoraci\u00f3n<\/strong>, porque ya son muy conocidos. Por estas actividades, a las que tambi\u00e9n hay que a\u00f1adir una preocupaci\u00f3n por las\u00a0<strong>nuevas tecnolog\u00edas<\/strong>\u00a0y la promoci\u00f3n de sus propiedades on line,\u00a0<strong>Villart\u00ed es la mejor agencia inmobiliaria en Valladolid.<\/strong><\/p>\n<p><a href=\"https:\/\/www.villarti.com\/index.php\" class=\"fusion-no-lightbox\" rel=\"nofollow noopener\"><img decoding=\"async\" class=\"alignnone size-full wp-image-40408\" src=\"https:\/\/www.aquimicasa.net\/blog\/wp-content\/uploads\/logo-villarti.jpg\" sizes=\"(max-width: 200px) 100vw, 200px\" srcset=\"https:\/\/www.aquimicasa.net\/blog\/wp-content\/uploads\/logo-villarti-66x66.jpg 66w, https:\/\/www.aquimicasa.net\/blog\/wp-content\/uploads\/logo-villarti-150x150.jpg 150w, https:\/\/www.aquimicasa.net\/blog\/wp-content\/uploads\/logo-villarti.jpg 200w\" alt=\"\" width=\"200\" height=\"200\" \/><\/a>\u00a0 \u00a0 \u00a0<a href=\"https:\/\/www.villarti.com\/index.php\"  rel=\"nofollow noopener\"><strong>Villart\u00ed tu inmobiliaria en Valladolid<\/strong><\/a><\/p>\n<\/div><div class=\"fusion-clearfix\"><\/div><\/div><\/div><div class=\"fusion-layout-column fusion_builder_column fusion-builder-column-9 fusion_builder_column_1_1 1_1 fusion-one-full fusion-column-first fusion-column-last\" style=\"margin-top:0px;margin-bottom:20px;\"><div class=\"fusion-column-wrapper fusion-flex-column-wrapper-legacy\" style=\"background-position:left top;background-repeat:no-repeat;-webkit-background-size:cover;-moz-background-size:cover;-o-background-size:cover;background-size:cover;padding: 2% 0px 0px 0px;\"><div class=\"fusion-aligncenter\"><style type=\"text\/css\">.fusion-button.button-8 {border-radius:2px;}<\/style><a class=\"fusion-button button-flat button-xlarge button-default button-8 fusion-button-default-span fusion-button-default-type\" target=\"_blank\" rel=\"noopener noreferrer\" href=\"https:\/\/www.aquimicasa.net\/profesionales\/507\/alvaro-y-javier-gestion-y-servicios-s-l\/\"><span class=\"fusion-button-text\">Ver m\u00e1s inmuebles de Villart\u00ed Inmobiliaria<\/span><\/a><\/div><div class=\"fusion-clearfix\"><\/div><\/div><\/div><div class=\"fusion-layout-column fusion_builder_column fusion-builder-column-10 fusion_builder_column_1_1 1_1 fusion-one-full fusion-column-first fusion-column-last\" style=\"margin-top:0px;margin-bottom:20px;\"><div class=\"fusion-column-wrapper fusion-flex-column-wrapper-legacy\" style=\"background-position:left top;background-repeat:no-repeat;-webkit-background-size:cover;-moz-background-size:cover;-o-background-size:cover;background-size:cover;padding: 0px 0px 0px 0px;\"><div class=\"fusion-sep-clear\"><\/div><div class=\"fusion-separator fusion-full-width-sep\" style=\"margin-left: auto;margin-right: auto;margin-bottom:2%;width:100%;\"><\/div><div class=\"fusion-sep-clear\"><\/div><div class=\"fusion-clearfix\"><\/div><\/div><\/div><\/div><\/div><\/p>\n","protected":false},"excerpt":{"rendered":"<p>Por estas actividades de Personal Shopper y Home Staging, a las que tambi\u00e9n hay que a\u00f1adir una preocupaci\u00f3n por las nuevas tecnolog\u00edas y la promoci\u00f3n de sus propiedades on line, Villart\u00ed es la mejor agencia inmobiliaria en Valladolid.<\/p>\n","protected":false},"author":3,"featured_media":50521,"comment_status":"open","ping_status":"open","sticky":false,"template":"","format":"standard","meta":{"_jetpack_memberships_contains_paid_content":false,"footnotes":"","jetpack_publicize_message":"","jetpack_publicize_feature_enabled":true,"jetpack_social_post_already_shared":true,"jetpack_social_options":{"image_generator_settings":{"template":"highway","default_image_id":0,"font":"","enabled":false},"version":2}},"categories":[7562],"tags":[7859,8017],"class_list":["post-40411","post","type-post","status-publish","format-standard","has-post-thumbnail","hentry","category-agencias-inmobiliarias","tag-agencia-boletin-1","tag-newsletter-351"],"yoast_head":"<!-- This site is optimized with the Yoast SEO plugin v27.4 - https:\/\/yoast.com\/product\/yoast-seo-wordpress\/ -->\n<title>Villart\u00ed es la mejor agencia inmobiliaria en Valladolid<\/title>\n<meta name=\"description\" content=\"El trabajo de Villart\u00ed abarca todo el tipo de propiedades inmobiliaria que pueden encontrarse en el mercado de Valladolid\" \/>\n<meta name=\"robots\" content=\"index, follow, max-snippet:-1, max-image-preview:large, max-video-preview:-1\" \/>\n<link rel=\"canonical\" href=\"https:\/\/www.aquimicasa.net\/blog\/vivienda\/agencias-inmobiliarias\/villarti-es-la-mejor-agencia-inmobiliaria-en-valladolid-2\/\" \/>\n<meta property=\"og:locale\" content=\"es_ES\" \/>\n<meta property=\"og:type\" content=\"article\" \/>\n<meta property=\"og:title\" content=\"Villart\u00ed es la mejor agencia inmobiliaria en Valladolid\" \/>\n<meta property=\"og:description\" content=\"El trabajo de Villart\u00ed abarca todo el tipo de propiedades inmobiliaria que pueden encontrarse en el mercado de Valladolid\" \/>\n<meta property=\"og:url\" content=\"https:\/\/www.aquimicasa.net\/blog\/vivienda\/agencias-inmobiliarias\/villarti-es-la-mejor-agencia-inmobiliaria-en-valladolid-2\/\" \/>\n<meta property=\"og:site_name\" content=\"Blog de aquimicasa.net\" \/>\n<meta property=\"article:publisher\" content=\"https:\/\/www.facebook.com\/aquimicasa.net\" \/>\n<meta property=\"article:published_time\" content=\"2022-03-30T05:53:09+00:00\" \/>\n<meta property=\"article:modified_time\" content=\"2025-02-25T07:48:09+00:00\" \/>\n<meta property=\"og:image\" content=\"https:\/\/www.aquimicasa.net\/blog\/wp-content\/uploads\/Villarti.jpeg\" \/>\n\t<meta property=\"og:image:width\" content=\"680\" \/>\n\t<meta property=\"og:image:height\" content=\"510\" \/>\n\t<meta property=\"og:image:type\" content=\"image\/jpeg\" \/>\n<meta name=\"author\" content=\"Eduardo Lizarraga\" \/>\n<meta name=\"twitter:label1\" content=\"Escrito por\" \/>\n\t<meta name=\"twitter:data1\" content=\"Eduardo Lizarraga\" \/>\n\t<meta name=\"twitter:label2\" content=\"Tiempo de lectura\" \/>\n\t<meta name=\"twitter:data2\" content=\"14 minutos\" \/>\n<script type=\"application\/ld+json\" class=\"yoast-schema-graph\">{\"@context\":\"https:\\\/\\\/schema.org\",\"@graph\":[{\"@type\":\"Article\",\"@id\":\"https:\\\/\\\/www.aquimicasa.net\\\/blog\\\/vivienda\\\/agencias-inmobiliarias\\\/villarti-es-la-mejor-agencia-inmobiliaria-en-valladolid-2\\\/#article\",\"isPartOf\":{\"@id\":\"https:\\\/\\\/www.aquimicasa.net\\\/blog\\\/vivienda\\\/agencias-inmobiliarias\\\/villarti-es-la-mejor-agencia-inmobiliaria-en-valladolid-2\\\/\"},\"author\":{\"name\":\"Eduardo Lizarraga\",\"@id\":\"https:\\\/\\\/www.aquimicasa.net\\\/blog\\\/#\\\/schema\\\/person\\\/2cdfa2605534583395c8d7ce1d6cac14\"},\"headline\":\"Villart\u00ed es la mejor agencia inmobiliaria en Valladolid\",\"datePublished\":\"2022-03-30T05:53:09+00:00\",\"dateModified\":\"2025-02-25T07:48:09+00:00\",\"mainEntityOfPage\":{\"@id\":\"https:\\\/\\\/www.aquimicasa.net\\\/blog\\\/vivienda\\\/agencias-inmobiliarias\\\/villarti-es-la-mejor-agencia-inmobiliaria-en-valladolid-2\\\/\"},\"wordCount\":5866,\"commentCount\":0,\"publisher\":{\"@id\":\"https:\\\/\\\/www.aquimicasa.net\\\/blog\\\/#organization\"},\"image\":{\"@id\":\"https:\\\/\\\/www.aquimicasa.net\\\/blog\\\/vivienda\\\/agencias-inmobiliarias\\\/villarti-es-la-mejor-agencia-inmobiliaria-en-valladolid-2\\\/#primaryimage\"},\"thumbnailUrl\":\"https:\\\/\\\/www.aquimicasa.net\\\/blog\\\/wp-content\\\/uploads\\\/Villarti.jpeg\",\"keywords\":[\"Agencia Newsletter 1\",\"newsletter 351\"],\"articleSection\":[\"Agencias Inmobiliarias\"],\"inLanguage\":\"es\",\"potentialAction\":[{\"@type\":\"CommentAction\",\"name\":\"Comment\",\"target\":[\"https:\\\/\\\/www.aquimicasa.net\\\/blog\\\/vivienda\\\/agencias-inmobiliarias\\\/villarti-es-la-mejor-agencia-inmobiliaria-en-valladolid-2\\\/#respond\"]}]},{\"@type\":\"WebPage\",\"@id\":\"https:\\\/\\\/www.aquimicasa.net\\\/blog\\\/vivienda\\\/agencias-inmobiliarias\\\/villarti-es-la-mejor-agencia-inmobiliaria-en-valladolid-2\\\/\",\"url\":\"https:\\\/\\\/www.aquimicasa.net\\\/blog\\\/vivienda\\\/agencias-inmobiliarias\\\/villarti-es-la-mejor-agencia-inmobiliaria-en-valladolid-2\\\/\",\"name\":\"Villart\u00ed es la mejor agencia inmobiliaria en Valladolid\",\"isPartOf\":{\"@id\":\"https:\\\/\\\/www.aquimicasa.net\\\/blog\\\/#website\"},\"primaryImageOfPage\":{\"@id\":\"https:\\\/\\\/www.aquimicasa.net\\\/blog\\\/vivienda\\\/agencias-inmobiliarias\\\/villarti-es-la-mejor-agencia-inmobiliaria-en-valladolid-2\\\/#primaryimage\"},\"image\":{\"@id\":\"https:\\\/\\\/www.aquimicasa.net\\\/blog\\\/vivienda\\\/agencias-inmobiliarias\\\/villarti-es-la-mejor-agencia-inmobiliaria-en-valladolid-2\\\/#primaryimage\"},\"thumbnailUrl\":\"https:\\\/\\\/www.aquimicasa.net\\\/blog\\\/wp-content\\\/uploads\\\/Villarti.jpeg\",\"datePublished\":\"2022-03-30T05:53:09+00:00\",\"dateModified\":\"2025-02-25T07:48:09+00:00\",\"description\":\"El trabajo de Villart\u00ed abarca todo el tipo de propiedades inmobiliaria que pueden encontrarse en el mercado de Valladolid\",\"breadcrumb\":{\"@id\":\"https:\\\/\\\/www.aquimicasa.net\\\/blog\\\/vivienda\\\/agencias-inmobiliarias\\\/villarti-es-la-mejor-agencia-inmobiliaria-en-valladolid-2\\\/#breadcrumb\"},\"inLanguage\":\"es\",\"potentialAction\":[{\"@type\":\"ReadAction\",\"target\":[\"https:\\\/\\\/www.aquimicasa.net\\\/blog\\\/vivienda\\\/agencias-inmobiliarias\\\/villarti-es-la-mejor-agencia-inmobiliaria-en-valladolid-2\\\/\"]}]},{\"@type\":\"ImageObject\",\"inLanguage\":\"es\",\"@id\":\"https:\\\/\\\/www.aquimicasa.net\\\/blog\\\/vivienda\\\/agencias-inmobiliarias\\\/villarti-es-la-mejor-agencia-inmobiliaria-en-valladolid-2\\\/#primaryimage\",\"url\":\"https:\\\/\\\/www.aquimicasa.net\\\/blog\\\/wp-content\\\/uploads\\\/Villarti.jpeg\",\"contentUrl\":\"https:\\\/\\\/www.aquimicasa.net\\\/blog\\\/wp-content\\\/uploads\\\/Villarti.jpeg\",\"width\":680,\"height\":510,\"caption\":\"Mejor agencia inmobiliaria en Valladolid\"},{\"@type\":\"BreadcrumbList\",\"@id\":\"https:\\\/\\\/www.aquimicasa.net\\\/blog\\\/vivienda\\\/agencias-inmobiliarias\\\/villarti-es-la-mejor-agencia-inmobiliaria-en-valladolid-2\\\/#breadcrumb\",\"itemListElement\":[{\"@type\":\"ListItem\",\"position\":1,\"name\":\"Portada\",\"item\":\"https:\\\/\\\/www.aquimicasa.net\\\/blog\\\/\"},{\"@type\":\"ListItem\",\"position\":2,\"name\":\"Villart\u00ed es la mejor agencia inmobiliaria en Valladolid\"}]},{\"@type\":\"WebSite\",\"@id\":\"https:\\\/\\\/www.aquimicasa.net\\\/blog\\\/#website\",\"url\":\"https:\\\/\\\/www.aquimicasa.net\\\/blog\\\/\",\"name\":\"Blog de aquimicasa.net\",\"description\":\"Noticias del Mundo Inmobiliario\",\"publisher\":{\"@id\":\"https:\\\/\\\/www.aquimicasa.net\\\/blog\\\/#organization\"},\"potentialAction\":[{\"@type\":\"SearchAction\",\"target\":{\"@type\":\"EntryPoint\",\"urlTemplate\":\"https:\\\/\\\/www.aquimicasa.net\\\/blog\\\/?s={search_term_string}\"},\"query-input\":{\"@type\":\"PropertyValueSpecification\",\"valueRequired\":true,\"valueName\":\"search_term_string\"}}],\"inLanguage\":\"es\"},{\"@type\":\"Organization\",\"@id\":\"https:\\\/\\\/www.aquimicasa.net\\\/blog\\\/#organization\",\"name\":\"Blog de aquimicasa.net\",\"url\":\"https:\\\/\\\/www.aquimicasa.net\\\/blog\\\/\",\"logo\":{\"@type\":\"ImageObject\",\"inLanguage\":\"es\",\"@id\":\"https:\\\/\\\/www.aquimicasa.net\\\/blog\\\/#\\\/schema\\\/logo\\\/image\\\/\",\"url\":\"https:\\\/\\\/www.aquimicasa.net\\\/blog\\\/wp-content\\\/uploads\\\/Logo-aquimicasa-1-e1528048213782.png\",\"contentUrl\":\"https:\\\/\\\/www.aquimicasa.net\\\/blog\\\/wp-content\\\/uploads\\\/Logo-aquimicasa-1-e1528048213782.png\",\"width\":225,\"height\":225,\"caption\":\"Blog de aquimicasa.net\"},\"image\":{\"@id\":\"https:\\\/\\\/www.aquimicasa.net\\\/blog\\\/#\\\/schema\\\/logo\\\/image\\\/\"},\"sameAs\":[\"https:\\\/\\\/www.facebook.com\\\/aquimicasa.net\",\"https:\\\/\\\/www.instagram.com\\\/\",\"https:\\\/\\\/x.com\\\/EduLizarragaD\",\"https:\\\/\\\/www.linkedin.com\\\/feed\\\/\"]},{\"@type\":\"Person\",\"@id\":\"https:\\\/\\\/www.aquimicasa.net\\\/blog\\\/#\\\/schema\\\/person\\\/2cdfa2605534583395c8d7ce1d6cac14\",\"name\":\"Eduardo Lizarraga\",\"image\":{\"@type\":\"ImageObject\",\"inLanguage\":\"es\",\"@id\":\"https:\\\/\\\/secure.gravatar.com\\\/avatar\\\/bdabe1eeeed97b65a9cb7de2edd624b07995f7e13abc5fead15961f745f908cc?s=96&d=mm&r=g\",\"url\":\"https:\\\/\\\/secure.gravatar.com\\\/avatar\\\/bdabe1eeeed97b65a9cb7de2edd624b07995f7e13abc5fead15961f745f908cc?s=96&d=mm&r=g\",\"contentUrl\":\"https:\\\/\\\/secure.gravatar.com\\\/avatar\\\/bdabe1eeeed97b65a9cb7de2edd624b07995f7e13abc5fead15961f745f908cc?s=96&d=mm&r=g\",\"caption\":\"Eduardo Lizarraga\"},\"description\":\"Periodista Econ\u00f3mico. Ha trabajado en diversos campos de la informaci\u00f3n. Corresponsal en conflictos, analista pol\u00edtico en Congreso y Senado, periodista del medio ambiente, editor, director editorial, director de comunicaci\u00f3n.... En estos momentos se ha especializado en el sector inmobiliario. Pero tambi\u00e9n es navegante y viajero, preocupado por la pobreza, el medio ambiente y por las actuaciones descontroladas del neoliberalismo empresarial y pol\u00edtico en todo el mundo. Los desahucios, la pobreza infantil y la falta de acceso a los suministros b\u00e1sicos son algunos de los grandes dramas de nuestra sociedad y que es preciso solucionar para hacerla m\u00e1s justa. CEO en www.aquimicasa.net\",\"sameAs\":[\"https:\\\/\\\/www.aquimicasa.net\\\/\"],\"url\":\"https:\\\/\\\/www.aquimicasa.net\\\/blog\\\/author\\\/eduardo\\\/\"}]}<\/script>\n<!-- \/ Yoast SEO plugin. -->","yoast_head_json":{"title":"Villart\u00ed es la mejor agencia inmobiliaria en Valladolid","description":"El trabajo de Villart\u00ed abarca todo el tipo de propiedades inmobiliaria que pueden encontrarse en el mercado de Valladolid","robots":{"index":"index","follow":"follow","max-snippet":"max-snippet:-1","max-image-preview":"max-image-preview:large","max-video-preview":"max-video-preview:-1"},"canonical":"https:\/\/www.aquimicasa.net\/blog\/vivienda\/agencias-inmobiliarias\/villarti-es-la-mejor-agencia-inmobiliaria-en-valladolid-2\/","og_locale":"es_ES","og_type":"article","og_title":"Villart\u00ed es la mejor agencia inmobiliaria en Valladolid","og_description":"El trabajo de Villart\u00ed abarca todo el tipo de propiedades inmobiliaria que pueden encontrarse en el mercado de Valladolid","og_url":"https:\/\/www.aquimicasa.net\/blog\/vivienda\/agencias-inmobiliarias\/villarti-es-la-mejor-agencia-inmobiliaria-en-valladolid-2\/","og_site_name":"Blog de aquimicasa.net","article_publisher":"https:\/\/www.facebook.com\/aquimicasa.net","article_published_time":"2022-03-30T05:53:09+00:00","article_modified_time":"2025-02-25T07:48:09+00:00","og_image":[{"width":680,"height":510,"url":"https:\/\/www.aquimicasa.net\/blog\/wp-content\/uploads\/Villarti.jpeg","type":"image\/jpeg"}],"author":"Eduardo Lizarraga","twitter_misc":{"Escrito por":"Eduardo Lizarraga","Tiempo de lectura":"14 minutos"},"schema":{"@context":"https:\/\/schema.org","@graph":[{"@type":"Article","@id":"https:\/\/www.aquimicasa.net\/blog\/vivienda\/agencias-inmobiliarias\/villarti-es-la-mejor-agencia-inmobiliaria-en-valladolid-2\/#article","isPartOf":{"@id":"https:\/\/www.aquimicasa.net\/blog\/vivienda\/agencias-inmobiliarias\/villarti-es-la-mejor-agencia-inmobiliaria-en-valladolid-2\/"},"author":{"name":"Eduardo Lizarraga","@id":"https:\/\/www.aquimicasa.net\/blog\/#\/schema\/person\/2cdfa2605534583395c8d7ce1d6cac14"},"headline":"Villart\u00ed es la mejor agencia inmobiliaria en Valladolid","datePublished":"2022-03-30T05:53:09+00:00","dateModified":"2025-02-25T07:48:09+00:00","mainEntityOfPage":{"@id":"https:\/\/www.aquimicasa.net\/blog\/vivienda\/agencias-inmobiliarias\/villarti-es-la-mejor-agencia-inmobiliaria-en-valladolid-2\/"},"wordCount":5866,"commentCount":0,"publisher":{"@id":"https:\/\/www.aquimicasa.net\/blog\/#organization"},"image":{"@id":"https:\/\/www.aquimicasa.net\/blog\/vivienda\/agencias-inmobiliarias\/villarti-es-la-mejor-agencia-inmobiliaria-en-valladolid-2\/#primaryimage"},"thumbnailUrl":"https:\/\/www.aquimicasa.net\/blog\/wp-content\/uploads\/Villarti.jpeg","keywords":["Agencia Newsletter 1","newsletter 351"],"articleSection":["Agencias Inmobiliarias"],"inLanguage":"es","potentialAction":[{"@type":"CommentAction","name":"Comment","target":["https:\/\/www.aquimicasa.net\/blog\/vivienda\/agencias-inmobiliarias\/villarti-es-la-mejor-agencia-inmobiliaria-en-valladolid-2\/#respond"]}]},{"@type":"WebPage","@id":"https:\/\/www.aquimicasa.net\/blog\/vivienda\/agencias-inmobiliarias\/villarti-es-la-mejor-agencia-inmobiliaria-en-valladolid-2\/","url":"https:\/\/www.aquimicasa.net\/blog\/vivienda\/agencias-inmobiliarias\/villarti-es-la-mejor-agencia-inmobiliaria-en-valladolid-2\/","name":"Villart\u00ed es la mejor agencia inmobiliaria en Valladolid","isPartOf":{"@id":"https:\/\/www.aquimicasa.net\/blog\/#website"},"primaryImageOfPage":{"@id":"https:\/\/www.aquimicasa.net\/blog\/vivienda\/agencias-inmobiliarias\/villarti-es-la-mejor-agencia-inmobiliaria-en-valladolid-2\/#primaryimage"},"image":{"@id":"https:\/\/www.aquimicasa.net\/blog\/vivienda\/agencias-inmobiliarias\/villarti-es-la-mejor-agencia-inmobiliaria-en-valladolid-2\/#primaryimage"},"thumbnailUrl":"https:\/\/www.aquimicasa.net\/blog\/wp-content\/uploads\/Villarti.jpeg","datePublished":"2022-03-30T05:53:09+00:00","dateModified":"2025-02-25T07:48:09+00:00","description":"El trabajo de Villart\u00ed abarca todo el tipo de propiedades inmobiliaria que pueden encontrarse en el mercado de Valladolid","breadcrumb":{"@id":"https:\/\/www.aquimicasa.net\/blog\/vivienda\/agencias-inmobiliarias\/villarti-es-la-mejor-agencia-inmobiliaria-en-valladolid-2\/#breadcrumb"},"inLanguage":"es","potentialAction":[{"@type":"ReadAction","target":["https:\/\/www.aquimicasa.net\/blog\/vivienda\/agencias-inmobiliarias\/villarti-es-la-mejor-agencia-inmobiliaria-en-valladolid-2\/"]}]},{"@type":"ImageObject","inLanguage":"es","@id":"https:\/\/www.aquimicasa.net\/blog\/vivienda\/agencias-inmobiliarias\/villarti-es-la-mejor-agencia-inmobiliaria-en-valladolid-2\/#primaryimage","url":"https:\/\/www.aquimicasa.net\/blog\/wp-content\/uploads\/Villarti.jpeg","contentUrl":"https:\/\/www.aquimicasa.net\/blog\/wp-content\/uploads\/Villarti.jpeg","width":680,"height":510,"caption":"Mejor agencia inmobiliaria en Valladolid"},{"@type":"BreadcrumbList","@id":"https:\/\/www.aquimicasa.net\/blog\/vivienda\/agencias-inmobiliarias\/villarti-es-la-mejor-agencia-inmobiliaria-en-valladolid-2\/#breadcrumb","itemListElement":[{"@type":"ListItem","position":1,"name":"Portada","item":"https:\/\/www.aquimicasa.net\/blog\/"},{"@type":"ListItem","position":2,"name":"Villart\u00ed es la mejor agencia inmobiliaria en Valladolid"}]},{"@type":"WebSite","@id":"https:\/\/www.aquimicasa.net\/blog\/#website","url":"https:\/\/www.aquimicasa.net\/blog\/","name":"Blog de aquimicasa.net","description":"Noticias del Mundo Inmobiliario","publisher":{"@id":"https:\/\/www.aquimicasa.net\/blog\/#organization"},"potentialAction":[{"@type":"SearchAction","target":{"@type":"EntryPoint","urlTemplate":"https:\/\/www.aquimicasa.net\/blog\/?s={search_term_string}"},"query-input":{"@type":"PropertyValueSpecification","valueRequired":true,"valueName":"search_term_string"}}],"inLanguage":"es"},{"@type":"Organization","@id":"https:\/\/www.aquimicasa.net\/blog\/#organization","name":"Blog de aquimicasa.net","url":"https:\/\/www.aquimicasa.net\/blog\/","logo":{"@type":"ImageObject","inLanguage":"es","@id":"https:\/\/www.aquimicasa.net\/blog\/#\/schema\/logo\/image\/","url":"https:\/\/www.aquimicasa.net\/blog\/wp-content\/uploads\/Logo-aquimicasa-1-e1528048213782.png","contentUrl":"https:\/\/www.aquimicasa.net\/blog\/wp-content\/uploads\/Logo-aquimicasa-1-e1528048213782.png","width":225,"height":225,"caption":"Blog de aquimicasa.net"},"image":{"@id":"https:\/\/www.aquimicasa.net\/blog\/#\/schema\/logo\/image\/"},"sameAs":["https:\/\/www.facebook.com\/aquimicasa.net","https:\/\/www.instagram.com\/","https:\/\/x.com\/EduLizarragaD","https:\/\/www.linkedin.com\/feed\/"]},{"@type":"Person","@id":"https:\/\/www.aquimicasa.net\/blog\/#\/schema\/person\/2cdfa2605534583395c8d7ce1d6cac14","name":"Eduardo Lizarraga","image":{"@type":"ImageObject","inLanguage":"es","@id":"https:\/\/secure.gravatar.com\/avatar\/bdabe1eeeed97b65a9cb7de2edd624b07995f7e13abc5fead15961f745f908cc?s=96&d=mm&r=g","url":"https:\/\/secure.gravatar.com\/avatar\/bdabe1eeeed97b65a9cb7de2edd624b07995f7e13abc5fead15961f745f908cc?s=96&d=mm&r=g","contentUrl":"https:\/\/secure.gravatar.com\/avatar\/bdabe1eeeed97b65a9cb7de2edd624b07995f7e13abc5fead15961f745f908cc?s=96&d=mm&r=g","caption":"Eduardo Lizarraga"},"description":"Periodista Econ\u00f3mico. Ha trabajado en diversos campos de la informaci\u00f3n. Corresponsal en conflictos, analista pol\u00edtico en Congreso y Senado, periodista del medio ambiente, editor, director editorial, director de comunicaci\u00f3n.... En estos momentos se ha especializado en el sector inmobiliario. Pero tambi\u00e9n es navegante y viajero, preocupado por la pobreza, el medio ambiente y por las actuaciones descontroladas del neoliberalismo empresarial y pol\u00edtico en todo el mundo. Los desahucios, la pobreza infantil y la falta de acceso a los suministros b\u00e1sicos son algunos de los grandes dramas de nuestra sociedad y que es preciso solucionar para hacerla m\u00e1s justa. CEO en www.aquimicasa.net","sameAs":["https:\/\/www.aquimicasa.net\/"],"url":"https:\/\/www.aquimicasa.net\/blog\/author\/eduardo\/"}]}},"jetpack_publicize_connections":[],"jetpack_featured_media_url":"https:\/\/www.aquimicasa.net\/blog\/wp-content\/uploads\/Villarti.jpeg","jetpack_sharing_enabled":true,"jetpack_likes_enabled":true,"_links":{"self":[{"href":"https:\/\/www.aquimicasa.net\/blog\/wp-json\/wp\/v2\/posts\/40411","targetHints":{"allow":["GET"]}}],"collection":[{"href":"https:\/\/www.aquimicasa.net\/blog\/wp-json\/wp\/v2\/posts"}],"about":[{"href":"https:\/\/www.aquimicasa.net\/blog\/wp-json\/wp\/v2\/types\/post"}],"author":[{"embeddable":true,"href":"https:\/\/www.aquimicasa.net\/blog\/wp-json\/wp\/v2\/users\/3"}],"replies":[{"embeddable":true,"href":"https:\/\/www.aquimicasa.net\/blog\/wp-json\/wp\/v2\/comments?post=40411"}],"version-history":[{"count":2,"href":"https:\/\/www.aquimicasa.net\/blog\/wp-json\/wp\/v2\/posts\/40411\/revisions"}],"predecessor-version":[{"id":40413,"href":"https:\/\/www.aquimicasa.net\/blog\/wp-json\/wp\/v2\/posts\/40411\/revisions\/40413"}],"wp:featuredmedia":[{"embeddable":true,"href":"https:\/\/www.aquimicasa.net\/blog\/wp-json\/wp\/v2\/media\/50521"}],"wp:attachment":[{"href":"https:\/\/www.aquimicasa.net\/blog\/wp-json\/wp\/v2\/media?parent=40411"}],"wp:term":[{"taxonomy":"category","embeddable":true,"href":"https:\/\/www.aquimicasa.net\/blog\/wp-json\/wp\/v2\/categories?post=40411"},{"taxonomy":"post_tag","embeddable":true,"href":"https:\/\/www.aquimicasa.net\/blog\/wp-json\/wp\/v2\/tags?post=40411"}],"curies":[{"name":"wp","href":"https:\/\/api.w.org\/{rel}","templated":true}]}}