{"id":40487,"date":"2022-04-06T21:04:21","date_gmt":"2022-04-06T19:04:21","guid":{"rendered":"https:\/\/www.aquimicasa.net\/blog\/?p=40487"},"modified":"2022-04-06T21:04:21","modified_gmt":"2022-04-06T19:04:21","slug":"y-de-nuevo-desde-palma-un-cuestion-prejudicial-sobre-el-irph","status":"publish","type":"post","link":"https:\/\/www.aquimicasa.net\/blog\/consumo\/consumidores\/y-de-nuevo-desde-palma-un-cuestion-prejudicial-sobre-el-irph\/","title":{"rendered":"Y de nuevo, desde Palma, un cuesti\u00f3n prejudicial sobre el IRPH"},"content":{"rendered":"<div class=\"fusion-fullwidth fullwidth-box fusion-builder-row-1 fusion-flex-container nonhundred-percent-fullwidth non-hundred-percent-height-scrolling\" style=\"background-color: rgba(255,255,255,0);background-position: center center;background-repeat: no-repeat;border-width: 0px 0px 0px 0px;border-color:#eae9e9;border-style:solid;\" ><div class=\"fusion-builder-row fusion-row fusion-flex-align-items-flex-start\" style=\"max-width:1144px;margin-left: calc(-4% \/ 2 );margin-right: calc(-4% \/ 2 );\"><div class=\"fusion-layout-column fusion_builder_column fusion-builder-column-0 fusion_builder_column_1_1 1_1 fusion-flex-column\"><div class=\"fusion-column-wrapper fusion-flex-justify-content-flex-start fusion-content-layout-column\" style=\"background-position:left top;background-repeat:no-repeat;-webkit-background-size:cover;-moz-background-size:cover;-o-background-size:cover;background-size:cover;padding: 0px 0px 0px 0px;\"><div class=\"fusion-text fusion-text-1\"><div class=\"innerArticle__content newsType\">\n<div class=\"newsType__content\">\n<p data-mrf-recirculation=\"links-parrafos\">Cuando l0s bancos espa\u00f1oles ya han dado por superado uno de sus mayores problemas de los \u00faltimos a\u00f1os: el de las demandas por las hipotecas referenciadas al <strong>IRPH<\/strong>, tras los fallos del Tribunal de Justicia de la Uni\u00f3n Europea (TJUE) interpretados a su manera por nuestro Tribunal Supremo, surge de nuevo un juzgado que no est\u00e1 de acuerdo con la situaci\u00f3n. Ha sido el juzgado de primera instancia n\u00famero 17 de Palma, que en un auto de 73 p\u00e1ginas remite <strong>env\u00eda 15 preguntas a los jueces europeos<\/strong>.<\/p>\n<p data-mrf-recirculation=\"links-parrafos\">Y tan seguras est\u00e1n las entidades bancarias de su posici\u00f3n con el Supremo de su parte, que la mayor parte ya no hacen constancia en sus balances de cuentas de este problema. Tan solo CaixaBank detalla una exposici\u00f3n a estos cr\u00e9ditos con IRPH de 5.596 millones a finales de 2021. En el otro lado el profundo malestar y desesperaci\u00f3n de los afectados.<\/p>\n<p data-mrf-recirculation=\"links-parrafos\">Pero descontando las altas instancias judiciales, los tribunales espa\u00f1oles siguen sin ver clara la lectura enviada desde Europa, lo que ha derivado de nuevo en sentencias contradictorias a lo largo de la geograf\u00eda nacional \u00a0y en que un juez de Palma de Mallorca vuelva a enviar una cuesti\u00f3n prejudicial a Luxemburgo para intentar aclarar la situaci\u00f3n.<\/p>\n<p data-mrf-recirculation=\"links-parrafos\">El magistrado quiere que de una vez y de forma clara, el TJUE determine si declarar nula \u00abuna cl\u00e1usula no transparente\u00bb de estas hipotecas contradice art\u00edculos de las directivas europeas 93\/13\/CE y 2014\/17\/UE. Lo pregunta recordando que esta cl\u00e1usula ha \u00abcausado un perjuicio econ\u00f3mico acreditado al consumidor al suponer un coste notablemente superior en comparaci\u00f3n al resto de \u00edndices disponibles en el momento de la suscripci\u00f3n de pr\u00e9stamos, cuando la cl\u00e1usula impone un \u00edndice de referencia concreto, sin que el profesional hubiera informado m\u00ednimamente al consumidor que se introducir\u00eda ese concreto \u00edndice o que podr\u00eda ser una situaci\u00f3n de abuso por privar al hipotecado de la posibilidad de contemplar otros \u00edndices.<\/p>\n<p data-mrf-recirculation=\"links-parrafos\">El escrito del\u00a0 magistrado a\u00f1ade que esta cl\u00e1usula \u00abno transparente\u00bb impone \u00abun per\u00edodo de inter\u00e9s fijo inicial en un pr\u00e9stamo a inter\u00e9s variable, convirtiendo el pr\u00e9stamo a inter\u00e9s fijo de forma temporal\u00bb que le provoca abonar \u00abm\u00e1s intereses que los ordinariamente establecidos\u00bb. Y aunque la cuesti\u00f3n prejudicial surge con un pleito con Caixabank, seguro en en muchos otros juzgados existen causas semejantes que podr\u00edan terminar como cuesti\u00f3n prejudicial.<\/p>\n<p data-mrf-recirculation=\"links-parrafos\">El Supremo, en su sentencia de finales de enero 2022,\u00a0 consideraba que el hecho de que pudiera probarse la falta de transparencia de un \u00edndice no implicaba necesariamente la abusividad del mismo y, por tanto, su nulidad. Aquel fallo cont\u00f3 con el voto particular del magistrado, Francisco Javier Arroyo Fiestas, quien consider\u00f3 que las cl\u00e1usulas enjuiciadas deb\u00edan ser nulas, por no superar el control de abusividad. Y esta consideraci\u00f3n est\u00e1 proliferando en muchos juzgados de Espa\u00f1a.<\/p>\n<p data-mrf-recirculation=\"links-parrafos\">\n<\/div>\n<\/div>\n<\/div><\/div><style type=\"text\/css\">.fusion-body .fusion-builder-column-0{width:100% !important;margin-top : 0px;margin-bottom : 0px;}.fusion-builder-column-0 > .fusion-column-wrapper {padding-top : 0px !important;padding-right : 0px !important;margin-right : 1.92%;padding-bottom : 0px !important;padding-left : 0px !important;margin-left : 1.92%;}@media only screen and (max-width:1024px) {.fusion-body .fusion-builder-column-0{width:100% !important;}.fusion-builder-column-0 > .fusion-column-wrapper {margin-right : 1.92%;margin-left : 1.92%;}}@media only screen and (max-width:640px) {.fusion-body .fusion-builder-column-0{width:100% !important;}.fusion-builder-column-0 > .fusion-column-wrapper {margin-right : 1.92%;margin-left : 1.92%;}}<\/style><\/div><\/div><style type=\"text\/css\">.fusion-body .fusion-flex-container.fusion-builder-row-1{ padding-top : 0px;margin-top : 0px;padding-right : 0px;padding-bottom : 0px;margin-bottom : 0px;padding-left : 0px;}<\/style><\/div>\n","protected":false},"excerpt":{"rendered":"<p>Esta cl\u00e1usula ha \u00abcausado un perjuicio econ\u00f3mico acreditado al consumidor al suponer un coste notablemente superior en comparaci\u00f3n al resto de \u00edndices disponibles en el momento de la suscripci\u00f3n de pr\u00e9stamos, cuando la cl\u00e1usula impone un \u00edndice de referencia concreto<\/p>\n","protected":false},"author":3,"featured_media":12482,"comment_status":"closed","ping_status":"closed","sticky":false,"template":"","format":"standard","meta":{"_jetpack_memberships_contains_paid_content":false,"footnotes":"","jetpack_publicize_message":"","jetpack_publicize_feature_enabled":true,"jetpack_social_post_already_shared":true,"jetpack_social_options":{"image_generator_settings":{"template":"highway","default_image_id":0,"font":"","enabled":false},"version":2}},"categories":[7512,43],"tags":[8020],"class_list":["post-40487","post","type-post","status-publish","format-standard","has-post-thumbnail","hentry","category-consumidores","category-credito-hipotecario","tag-newsletter-352"],"yoast_head":"<!-- This site is optimized with the Yoast SEO plugin v27.5 - https:\/\/yoast.com\/product\/yoast-seo-wordpress\/ -->\n<title>Y de nuevo, desde Palma, un cuesti\u00f3n prejudicial sobre el IRPH<\/title>\n<meta name=\"description\" content=\"El juzgado de primera instancia n\u00famero 17 de Palma en un auto de 73 p\u00e1ginas remite 15 preguntas a los jueces europeos\" \/>\n<meta name=\"robots\" content=\"index, follow, max-snippet:-1, max-image-preview:large, max-video-preview:-1\" \/>\n<link rel=\"canonical\" href=\"https:\/\/www.aquimicasa.net\/blog\/consumo\/consumidores\/y-de-nuevo-desde-palma-un-cuestion-prejudicial-sobre-el-irph\/\" \/>\n<meta property=\"og:locale\" content=\"es_ES\" \/>\n<meta property=\"og:type\" content=\"article\" \/>\n<meta property=\"og:title\" content=\"Y de nuevo, desde Palma, un cuesti\u00f3n prejudicial sobre el IRPH\" \/>\n<meta property=\"og:description\" content=\"El juzgado de primera instancia n\u00famero 17 de Palma en un auto de 73 p\u00e1ginas remite 15 preguntas a los jueces europeos\" \/>\n<meta property=\"og:url\" content=\"https:\/\/www.aquimicasa.net\/blog\/consumo\/consumidores\/y-de-nuevo-desde-palma-un-cuestion-prejudicial-sobre-el-irph\/\" \/>\n<meta property=\"og:site_name\" content=\"Blog de aquimicasa.net\" \/>\n<meta property=\"article:publisher\" content=\"https:\/\/www.facebook.com\/aquimicasa.net\" \/>\n<meta property=\"article:published_time\" content=\"2022-04-06T19:04:21+00:00\" \/>\n<meta property=\"og:image\" content=\"https:\/\/www.aquimicasa.net\/blog\/wp-content\/uploads\/IRPH.jpg\" \/>\n\t<meta property=\"og:image:width\" content=\"206\" \/>\n\t<meta property=\"og:image:height\" content=\"206\" \/>\n\t<meta property=\"og:image:type\" content=\"image\/jpeg\" \/>\n<meta name=\"author\" content=\"Eduardo Lizarraga\" \/>\n<meta name=\"twitter:label1\" content=\"Escrito por\" \/>\n\t<meta name=\"twitter:data1\" content=\"Eduardo Lizarraga\" \/>\n\t<meta name=\"twitter:label2\" content=\"Tiempo de lectura\" \/>\n\t<meta name=\"twitter:data2\" content=\"4 minutos\" \/>\n<script type=\"application\/ld+json\" class=\"yoast-schema-graph\">{\"@context\":\"https:\\\/\\\/schema.org\",\"@graph\":[{\"@type\":\"Article\",\"@id\":\"https:\\\/\\\/www.aquimicasa.net\\\/blog\\\/consumo\\\/consumidores\\\/y-de-nuevo-desde-palma-un-cuestion-prejudicial-sobre-el-irph\\\/#article\",\"isPartOf\":{\"@id\":\"https:\\\/\\\/www.aquimicasa.net\\\/blog\\\/consumo\\\/consumidores\\\/y-de-nuevo-desde-palma-un-cuestion-prejudicial-sobre-el-irph\\\/\"},\"author\":{\"name\":\"Eduardo Lizarraga\",\"@id\":\"https:\\\/\\\/www.aquimicasa.net\\\/blog\\\/#\\\/schema\\\/person\\\/2cdfa2605534583395c8d7ce1d6cac14\"},\"headline\":\"Y de nuevo, desde Palma, un cuesti\u00f3n prejudicial sobre el IRPH\",\"datePublished\":\"2022-04-06T19:04:21+00:00\",\"mainEntityOfPage\":{\"@id\":\"https:\\\/\\\/www.aquimicasa.net\\\/blog\\\/consumo\\\/consumidores\\\/y-de-nuevo-desde-palma-un-cuestion-prejudicial-sobre-el-irph\\\/\"},\"wordCount\":750,\"publisher\":{\"@id\":\"https:\\\/\\\/www.aquimicasa.net\\\/blog\\\/#organization\"},\"image\":{\"@id\":\"https:\\\/\\\/www.aquimicasa.net\\\/blog\\\/consumo\\\/consumidores\\\/y-de-nuevo-desde-palma-un-cuestion-prejudicial-sobre-el-irph\\\/#primaryimage\"},\"thumbnailUrl\":\"https:\\\/\\\/www.aquimicasa.net\\\/blog\\\/wp-content\\\/uploads\\\/IRPH.jpg\",\"keywords\":[\"newsletter 352\"],\"articleSection\":[\"Consumidores\",\"Cr\u00e9dito hipotecario\"],\"inLanguage\":\"es\"},{\"@type\":\"WebPage\",\"@id\":\"https:\\\/\\\/www.aquimicasa.net\\\/blog\\\/consumo\\\/consumidores\\\/y-de-nuevo-desde-palma-un-cuestion-prejudicial-sobre-el-irph\\\/\",\"url\":\"https:\\\/\\\/www.aquimicasa.net\\\/blog\\\/consumo\\\/consumidores\\\/y-de-nuevo-desde-palma-un-cuestion-prejudicial-sobre-el-irph\\\/\",\"name\":\"Y de nuevo, desde Palma, un cuesti\u00f3n prejudicial sobre el IRPH\",\"isPartOf\":{\"@id\":\"https:\\\/\\\/www.aquimicasa.net\\\/blog\\\/#website\"},\"primaryImageOfPage\":{\"@id\":\"https:\\\/\\\/www.aquimicasa.net\\\/blog\\\/consumo\\\/consumidores\\\/y-de-nuevo-desde-palma-un-cuestion-prejudicial-sobre-el-irph\\\/#primaryimage\"},\"image\":{\"@id\":\"https:\\\/\\\/www.aquimicasa.net\\\/blog\\\/consumo\\\/consumidores\\\/y-de-nuevo-desde-palma-un-cuestion-prejudicial-sobre-el-irph\\\/#primaryimage\"},\"thumbnailUrl\":\"https:\\\/\\\/www.aquimicasa.net\\\/blog\\\/wp-content\\\/uploads\\\/IRPH.jpg\",\"datePublished\":\"2022-04-06T19:04:21+00:00\",\"description\":\"El juzgado de primera instancia n\u00famero 17 de Palma en un auto de 73 p\u00e1ginas remite 15 preguntas a los jueces europeos\",\"breadcrumb\":{\"@id\":\"https:\\\/\\\/www.aquimicasa.net\\\/blog\\\/consumo\\\/consumidores\\\/y-de-nuevo-desde-palma-un-cuestion-prejudicial-sobre-el-irph\\\/#breadcrumb\"},\"inLanguage\":\"es\",\"potentialAction\":[{\"@type\":\"ReadAction\",\"target\":[\"https:\\\/\\\/www.aquimicasa.net\\\/blog\\\/consumo\\\/consumidores\\\/y-de-nuevo-desde-palma-un-cuestion-prejudicial-sobre-el-irph\\\/\"]}]},{\"@type\":\"ImageObject\",\"inLanguage\":\"es\",\"@id\":\"https:\\\/\\\/www.aquimicasa.net\\\/blog\\\/consumo\\\/consumidores\\\/y-de-nuevo-desde-palma-un-cuestion-prejudicial-sobre-el-irph\\\/#primaryimage\",\"url\":\"https:\\\/\\\/www.aquimicasa.net\\\/blog\\\/wp-content\\\/uploads\\\/IRPH.jpg\",\"contentUrl\":\"https:\\\/\\\/www.aquimicasa.net\\\/blog\\\/wp-content\\\/uploads\\\/IRPH.jpg\",\"width\":206,\"height\":206,\"caption\":\"Arriaga se querella contra la Audiencia de Baleares por prevaricaci\u00f3n\"},{\"@type\":\"BreadcrumbList\",\"@id\":\"https:\\\/\\\/www.aquimicasa.net\\\/blog\\\/consumo\\\/consumidores\\\/y-de-nuevo-desde-palma-un-cuestion-prejudicial-sobre-el-irph\\\/#breadcrumb\",\"itemListElement\":[{\"@type\":\"ListItem\",\"position\":1,\"name\":\"Portada\",\"item\":\"https:\\\/\\\/www.aquimicasa.net\\\/blog\\\/\"},{\"@type\":\"ListItem\",\"position\":2,\"name\":\"Y de nuevo, desde Palma, un cuesti\u00f3n prejudicial sobre el IRPH\"}]},{\"@type\":\"WebSite\",\"@id\":\"https:\\\/\\\/www.aquimicasa.net\\\/blog\\\/#website\",\"url\":\"https:\\\/\\\/www.aquimicasa.net\\\/blog\\\/\",\"name\":\"Blog de aquimicasa.net\",\"description\":\"Noticias del Mundo Inmobiliario\",\"publisher\":{\"@id\":\"https:\\\/\\\/www.aquimicasa.net\\\/blog\\\/#organization\"},\"potentialAction\":[{\"@type\":\"SearchAction\",\"target\":{\"@type\":\"EntryPoint\",\"urlTemplate\":\"https:\\\/\\\/www.aquimicasa.net\\\/blog\\\/?s={search_term_string}\"},\"query-input\":{\"@type\":\"PropertyValueSpecification\",\"valueRequired\":true,\"valueName\":\"search_term_string\"}}],\"inLanguage\":\"es\"},{\"@type\":\"Organization\",\"@id\":\"https:\\\/\\\/www.aquimicasa.net\\\/blog\\\/#organization\",\"name\":\"Blog de aquimicasa.net\",\"url\":\"https:\\\/\\\/www.aquimicasa.net\\\/blog\\\/\",\"logo\":{\"@type\":\"ImageObject\",\"inLanguage\":\"es\",\"@id\":\"https:\\\/\\\/www.aquimicasa.net\\\/blog\\\/#\\\/schema\\\/logo\\\/image\\\/\",\"url\":\"https:\\\/\\\/www.aquimicasa.net\\\/blog\\\/wp-content\\\/uploads\\\/Logo-aquimicasa-1-e1528048213782.png\",\"contentUrl\":\"https:\\\/\\\/www.aquimicasa.net\\\/blog\\\/wp-content\\\/uploads\\\/Logo-aquimicasa-1-e1528048213782.png\",\"width\":225,\"height\":225,\"caption\":\"Blog de aquimicasa.net\"},\"image\":{\"@id\":\"https:\\\/\\\/www.aquimicasa.net\\\/blog\\\/#\\\/schema\\\/logo\\\/image\\\/\"},\"sameAs\":[\"https:\\\/\\\/www.facebook.com\\\/aquimicasa.net\",\"https:\\\/\\\/www.instagram.com\\\/\",\"https:\\\/\\\/x.com\\\/EduLizarragaD\",\"https:\\\/\\\/www.linkedin.com\\\/feed\\\/\"]},{\"@type\":\"Person\",\"@id\":\"https:\\\/\\\/www.aquimicasa.net\\\/blog\\\/#\\\/schema\\\/person\\\/2cdfa2605534583395c8d7ce1d6cac14\",\"name\":\"Eduardo Lizarraga\",\"image\":{\"@type\":\"ImageObject\",\"inLanguage\":\"es\",\"@id\":\"https:\\\/\\\/secure.gravatar.com\\\/avatar\\\/bdabe1eeeed97b65a9cb7de2edd624b07995f7e13abc5fead15961f745f908cc?s=96&d=mm&r=g\",\"url\":\"https:\\\/\\\/secure.gravatar.com\\\/avatar\\\/bdabe1eeeed97b65a9cb7de2edd624b07995f7e13abc5fead15961f745f908cc?s=96&d=mm&r=g\",\"contentUrl\":\"https:\\\/\\\/secure.gravatar.com\\\/avatar\\\/bdabe1eeeed97b65a9cb7de2edd624b07995f7e13abc5fead15961f745f908cc?s=96&d=mm&r=g\",\"caption\":\"Eduardo Lizarraga\"},\"description\":\"Periodista Econ\u00f3mico. Ha trabajado en diversos campos de la informaci\u00f3n. Corresponsal en conflictos, analista pol\u00edtico en Congreso y Senado, periodista del medio ambiente, editor, director editorial, director de comunicaci\u00f3n.... En estos momentos se ha especializado en el sector inmobiliario. Pero tambi\u00e9n es navegante y viajero, preocupado por la pobreza, el medio ambiente y por las actuaciones descontroladas del neoliberalismo empresarial y pol\u00edtico en todo el mundo. Los desahucios, la pobreza infantil y la falta de acceso a los suministros b\u00e1sicos son algunos de los grandes dramas de nuestra sociedad y que es preciso solucionar para hacerla m\u00e1s justa. CEO en www.aquimicasa.net\",\"sameAs\":[\"https:\\\/\\\/www.aquimicasa.net\\\/\"],\"url\":\"https:\\\/\\\/www.aquimicasa.net\\\/blog\\\/author\\\/eduardo\\\/\"}]}<\/script>\n<!-- \/ Yoast SEO plugin. -->","yoast_head_json":{"title":"Y de nuevo, desde Palma, un cuesti\u00f3n prejudicial sobre el IRPH","description":"El juzgado de primera instancia n\u00famero 17 de Palma en un auto de 73 p\u00e1ginas remite 15 preguntas a los jueces europeos","robots":{"index":"index","follow":"follow","max-snippet":"max-snippet:-1","max-image-preview":"max-image-preview:large","max-video-preview":"max-video-preview:-1"},"canonical":"https:\/\/www.aquimicasa.net\/blog\/consumo\/consumidores\/y-de-nuevo-desde-palma-un-cuestion-prejudicial-sobre-el-irph\/","og_locale":"es_ES","og_type":"article","og_title":"Y de nuevo, desde Palma, un cuesti\u00f3n prejudicial sobre el IRPH","og_description":"El juzgado de primera instancia n\u00famero 17 de Palma en un auto de 73 p\u00e1ginas remite 15 preguntas a los jueces europeos","og_url":"https:\/\/www.aquimicasa.net\/blog\/consumo\/consumidores\/y-de-nuevo-desde-palma-un-cuestion-prejudicial-sobre-el-irph\/","og_site_name":"Blog de aquimicasa.net","article_publisher":"https:\/\/www.facebook.com\/aquimicasa.net","article_published_time":"2022-04-06T19:04:21+00:00","og_image":[{"width":206,"height":206,"url":"https:\/\/www.aquimicasa.net\/blog\/wp-content\/uploads\/IRPH.jpg","type":"image\/jpeg"}],"author":"Eduardo Lizarraga","twitter_misc":{"Escrito por":"Eduardo Lizarraga","Tiempo de lectura":"4 minutos"},"schema":{"@context":"https:\/\/schema.org","@graph":[{"@type":"Article","@id":"https:\/\/www.aquimicasa.net\/blog\/consumo\/consumidores\/y-de-nuevo-desde-palma-un-cuestion-prejudicial-sobre-el-irph\/#article","isPartOf":{"@id":"https:\/\/www.aquimicasa.net\/blog\/consumo\/consumidores\/y-de-nuevo-desde-palma-un-cuestion-prejudicial-sobre-el-irph\/"},"author":{"name":"Eduardo Lizarraga","@id":"https:\/\/www.aquimicasa.net\/blog\/#\/schema\/person\/2cdfa2605534583395c8d7ce1d6cac14"},"headline":"Y de nuevo, desde Palma, un cuesti\u00f3n prejudicial sobre el IRPH","datePublished":"2022-04-06T19:04:21+00:00","mainEntityOfPage":{"@id":"https:\/\/www.aquimicasa.net\/blog\/consumo\/consumidores\/y-de-nuevo-desde-palma-un-cuestion-prejudicial-sobre-el-irph\/"},"wordCount":750,"publisher":{"@id":"https:\/\/www.aquimicasa.net\/blog\/#organization"},"image":{"@id":"https:\/\/www.aquimicasa.net\/blog\/consumo\/consumidores\/y-de-nuevo-desde-palma-un-cuestion-prejudicial-sobre-el-irph\/#primaryimage"},"thumbnailUrl":"https:\/\/www.aquimicasa.net\/blog\/wp-content\/uploads\/IRPH.jpg","keywords":["newsletter 352"],"articleSection":["Consumidores","Cr\u00e9dito hipotecario"],"inLanguage":"es"},{"@type":"WebPage","@id":"https:\/\/www.aquimicasa.net\/blog\/consumo\/consumidores\/y-de-nuevo-desde-palma-un-cuestion-prejudicial-sobre-el-irph\/","url":"https:\/\/www.aquimicasa.net\/blog\/consumo\/consumidores\/y-de-nuevo-desde-palma-un-cuestion-prejudicial-sobre-el-irph\/","name":"Y de nuevo, desde Palma, un cuesti\u00f3n prejudicial sobre el IRPH","isPartOf":{"@id":"https:\/\/www.aquimicasa.net\/blog\/#website"},"primaryImageOfPage":{"@id":"https:\/\/www.aquimicasa.net\/blog\/consumo\/consumidores\/y-de-nuevo-desde-palma-un-cuestion-prejudicial-sobre-el-irph\/#primaryimage"},"image":{"@id":"https:\/\/www.aquimicasa.net\/blog\/consumo\/consumidores\/y-de-nuevo-desde-palma-un-cuestion-prejudicial-sobre-el-irph\/#primaryimage"},"thumbnailUrl":"https:\/\/www.aquimicasa.net\/blog\/wp-content\/uploads\/IRPH.jpg","datePublished":"2022-04-06T19:04:21+00:00","description":"El juzgado de primera instancia n\u00famero 17 de Palma en un auto de 73 p\u00e1ginas remite 15 preguntas a los jueces europeos","breadcrumb":{"@id":"https:\/\/www.aquimicasa.net\/blog\/consumo\/consumidores\/y-de-nuevo-desde-palma-un-cuestion-prejudicial-sobre-el-irph\/#breadcrumb"},"inLanguage":"es","potentialAction":[{"@type":"ReadAction","target":["https:\/\/www.aquimicasa.net\/blog\/consumo\/consumidores\/y-de-nuevo-desde-palma-un-cuestion-prejudicial-sobre-el-irph\/"]}]},{"@type":"ImageObject","inLanguage":"es","@id":"https:\/\/www.aquimicasa.net\/blog\/consumo\/consumidores\/y-de-nuevo-desde-palma-un-cuestion-prejudicial-sobre-el-irph\/#primaryimage","url":"https:\/\/www.aquimicasa.net\/blog\/wp-content\/uploads\/IRPH.jpg","contentUrl":"https:\/\/www.aquimicasa.net\/blog\/wp-content\/uploads\/IRPH.jpg","width":206,"height":206,"caption":"Arriaga se querella contra la Audiencia de Baleares por prevaricaci\u00f3n"},{"@type":"BreadcrumbList","@id":"https:\/\/www.aquimicasa.net\/blog\/consumo\/consumidores\/y-de-nuevo-desde-palma-un-cuestion-prejudicial-sobre-el-irph\/#breadcrumb","itemListElement":[{"@type":"ListItem","position":1,"name":"Portada","item":"https:\/\/www.aquimicasa.net\/blog\/"},{"@type":"ListItem","position":2,"name":"Y de nuevo, desde Palma, un cuesti\u00f3n prejudicial sobre el IRPH"}]},{"@type":"WebSite","@id":"https:\/\/www.aquimicasa.net\/blog\/#website","url":"https:\/\/www.aquimicasa.net\/blog\/","name":"Blog de aquimicasa.net","description":"Noticias del Mundo Inmobiliario","publisher":{"@id":"https:\/\/www.aquimicasa.net\/blog\/#organization"},"potentialAction":[{"@type":"SearchAction","target":{"@type":"EntryPoint","urlTemplate":"https:\/\/www.aquimicasa.net\/blog\/?s={search_term_string}"},"query-input":{"@type":"PropertyValueSpecification","valueRequired":true,"valueName":"search_term_string"}}],"inLanguage":"es"},{"@type":"Organization","@id":"https:\/\/www.aquimicasa.net\/blog\/#organization","name":"Blog de aquimicasa.net","url":"https:\/\/www.aquimicasa.net\/blog\/","logo":{"@type":"ImageObject","inLanguage":"es","@id":"https:\/\/www.aquimicasa.net\/blog\/#\/schema\/logo\/image\/","url":"https:\/\/www.aquimicasa.net\/blog\/wp-content\/uploads\/Logo-aquimicasa-1-e1528048213782.png","contentUrl":"https:\/\/www.aquimicasa.net\/blog\/wp-content\/uploads\/Logo-aquimicasa-1-e1528048213782.png","width":225,"height":225,"caption":"Blog de aquimicasa.net"},"image":{"@id":"https:\/\/www.aquimicasa.net\/blog\/#\/schema\/logo\/image\/"},"sameAs":["https:\/\/www.facebook.com\/aquimicasa.net","https:\/\/www.instagram.com\/","https:\/\/x.com\/EduLizarragaD","https:\/\/www.linkedin.com\/feed\/"]},{"@type":"Person","@id":"https:\/\/www.aquimicasa.net\/blog\/#\/schema\/person\/2cdfa2605534583395c8d7ce1d6cac14","name":"Eduardo Lizarraga","image":{"@type":"ImageObject","inLanguage":"es","@id":"https:\/\/secure.gravatar.com\/avatar\/bdabe1eeeed97b65a9cb7de2edd624b07995f7e13abc5fead15961f745f908cc?s=96&d=mm&r=g","url":"https:\/\/secure.gravatar.com\/avatar\/bdabe1eeeed97b65a9cb7de2edd624b07995f7e13abc5fead15961f745f908cc?s=96&d=mm&r=g","contentUrl":"https:\/\/secure.gravatar.com\/avatar\/bdabe1eeeed97b65a9cb7de2edd624b07995f7e13abc5fead15961f745f908cc?s=96&d=mm&r=g","caption":"Eduardo Lizarraga"},"description":"Periodista Econ\u00f3mico. Ha trabajado en diversos campos de la informaci\u00f3n. Corresponsal en conflictos, analista pol\u00edtico en Congreso y Senado, periodista del medio ambiente, editor, director editorial, director de comunicaci\u00f3n.... En estos momentos se ha especializado en el sector inmobiliario. Pero tambi\u00e9n es navegante y viajero, preocupado por la pobreza, el medio ambiente y por las actuaciones descontroladas del neoliberalismo empresarial y pol\u00edtico en todo el mundo. Los desahucios, la pobreza infantil y la falta de acceso a los suministros b\u00e1sicos son algunos de los grandes dramas de nuestra sociedad y que es preciso solucionar para hacerla m\u00e1s justa. CEO en www.aquimicasa.net","sameAs":["https:\/\/www.aquimicasa.net\/"],"url":"https:\/\/www.aquimicasa.net\/blog\/author\/eduardo\/"}]}},"jetpack_publicize_connections":[],"jetpack_featured_media_url":"https:\/\/www.aquimicasa.net\/blog\/wp-content\/uploads\/IRPH.jpg","jetpack_sharing_enabled":true,"jetpack_likes_enabled":true,"_links":{"self":[{"href":"https:\/\/www.aquimicasa.net\/blog\/wp-json\/wp\/v2\/posts\/40487","targetHints":{"allow":["GET"]}}],"collection":[{"href":"https:\/\/www.aquimicasa.net\/blog\/wp-json\/wp\/v2\/posts"}],"about":[{"href":"https:\/\/www.aquimicasa.net\/blog\/wp-json\/wp\/v2\/types\/post"}],"author":[{"embeddable":true,"href":"https:\/\/www.aquimicasa.net\/blog\/wp-json\/wp\/v2\/users\/3"}],"replies":[{"embeddable":true,"href":"https:\/\/www.aquimicasa.net\/blog\/wp-json\/wp\/v2\/comments?post=40487"}],"version-history":[{"count":3,"href":"https:\/\/www.aquimicasa.net\/blog\/wp-json\/wp\/v2\/posts\/40487\/revisions"}],"predecessor-version":[{"id":40491,"href":"https:\/\/www.aquimicasa.net\/blog\/wp-json\/wp\/v2\/posts\/40487\/revisions\/40491"}],"wp:featuredmedia":[{"embeddable":true,"href":"https:\/\/www.aquimicasa.net\/blog\/wp-json\/wp\/v2\/media\/12482"}],"wp:attachment":[{"href":"https:\/\/www.aquimicasa.net\/blog\/wp-json\/wp\/v2\/media?parent=40487"}],"wp:term":[{"taxonomy":"category","embeddable":true,"href":"https:\/\/www.aquimicasa.net\/blog\/wp-json\/wp\/v2\/categories?post=40487"},{"taxonomy":"post_tag","embeddable":true,"href":"https:\/\/www.aquimicasa.net\/blog\/wp-json\/wp\/v2\/tags?post=40487"}],"curies":[{"name":"wp","href":"https:\/\/api.w.org\/{rel}","templated":true}]}}