{"id":40494,"date":"2022-04-06T22:03:54","date_gmt":"2022-04-06T20:03:54","guid":{"rendered":"https:\/\/www.aquimicasa.net\/blog\/?p=40494"},"modified":"2022-04-06T22:03:54","modified_gmt":"2022-04-06T20:03:54","slug":"el-recibo-del-gas-sube-un-23-interanual-en-abril","status":"publish","type":"post","link":"https:\/\/www.aquimicasa.net\/blog\/vivienda\/compraventa-de-viviendas\/el-recibo-del-gas-sube-un-23-interanual-en-abril\/","title":{"rendered":"El recibo del gas sube un 23% interanual en abril"},"content":{"rendered":"<div class=\"fusion-fullwidth fullwidth-box fusion-builder-row-1 fusion-flex-container nonhundred-percent-fullwidth non-hundred-percent-height-scrolling\" style=\"background-color: rgba(255,255,255,0);background-position: center center;background-repeat: no-repeat;border-width: 0px 0px 0px 0px;border-color:#eae9e9;border-style:solid;\" ><div class=\"fusion-builder-row fusion-row fusion-flex-align-items-flex-start\" style=\"max-width:1144px;margin-left: calc(-4% \/ 2 );margin-right: calc(-4% \/ 2 );\"><div class=\"fusion-layout-column fusion_builder_column fusion-builder-column-0 fusion_builder_column_1_1 1_1 fusion-flex-column\"><div class=\"fusion-column-wrapper fusion-flex-justify-content-flex-start fusion-content-layout-column\" style=\"background-position:left top;background-repeat:no-repeat;-webkit-background-size:cover;-moz-background-size:cover;-o-background-size:cover;background-size:cover;padding: 0px 0px 0px 0px;\"><div class=\"fusion-text fusion-text-1\"><p style=\"font-weight: 400;\">Y siguiendo la misma t\u00f3nica de la luz, los carburantes, la alimentaci\u00f3n y todo el resto, <strong>sube el gas<\/strong> y no lo hace poco. FACUA-Consumidores en Acci\u00f3n advierte de que el recibo mensual para la <strong>Tarifa de \u00daltimo Recurso (TUR)<\/strong> 2, destinada a aquellos que sobrepasan los 5.000 kWh al a\u00f1o y que suelen ser hogares con agua caliente, cocina y calefacci\u00f3n con gas natural, <strong>ha subido este mes de abril un 23,0%<\/strong> para un consumo tipo de 800 kWh al mes al compararla con la de enero de 2021 (tarifa vigente en abril de 2021), que era de 51,04 euros.<\/p>\n<p style=\"font-weight: 400;\">Por su parte la tarifa TUR 1, destinada a consumidores que no superan los 5.000 kWh al a\u00f1o, sufre una subida interanual de un 13,3% para un usuario tipo con un consumo de 400 kWh al mes con respecto a la tarifa existente en abril de 2021, cuando estaba en 29,51 euros.<\/p>\n<p style=\"font-weight: 400;\">FACUA se\u00f1ala que la parte fija de la tarifa ha visto incrementado su valor interanual en un 27,7% para la tarifa TUR 1, al pasar de los 4,26 euros al mes de enero de 2021 a los 5,44 euros al mes de la\u00a0<a href=\"https:\/\/www.boe.es\/buscar\/doc.php?id=BOE-A-2022-5064\"  rel=\"nofollow noopener\">\u00faltima revisi\u00f3n de abril de 2022<\/a>. Mismo porcentaje de subida para TUR 2, al subir de los 8,02 euros al mes de enero de 2021 a los 10,24 euros al mes de la \u00faltima tarifa.<\/p>\n<p style=\"font-weight: 400;\">La parte variable del recibo (kWh) se ve incrementada en un 10,7% para la tarifa TUR 1 al pasar de los 4,798944 c\u00e9nt.\/kWh de enero de 2021 a los 5,311545 c\u00e9nt.\/kWh de abril de 2022 (precios sin impuestos). En la TUR 2, la subida es de un 23,1%, ya que se incrementa de los 4,036244 c\u00e9nt.\/kWh de enero de 2021 a los 4,969479 c\u00e9nt.\/kWh de abril de 2022 (precios sin impuestos).<\/p>\n<p style=\"font-weight: 400;\">El estudio de FACUA revela que <strong>el recibo mensual para la TUR 2 se sit\u00faa en los 62,76 euros al mes<\/strong> para un usuario tipo con un consumo de 800 kWh, un 7,5% m\u00e1s al compararla con la \u00faltima revisi\u00f3n de la tarifa, en enero de 2022, que era de 58,41 euros.<\/p>\n<p style=\"font-weight: 400;\">Para la tarifa TUR 1, alcanza los 33,42 euros, siendo la subida de un 6,9% para un usuario tipo con un consumo de 400 kWh con respecto al pasado mes de enero, cuando estaba en 31,25 euros.<\/p>\n<p style=\"font-weight: 400;\">El precio del kilovatio hora (kWh) se ve incrementado en un 9,2% para la tarifa TUR 1 al pasar de los\u00a04,862181\u00a0c\u00e9nt.\/kWh de enero de 2022 a los\u00a05,311545\u00a0c\u00e9nt.\/kWh de este mes de abril (precios sin impuestos). En la TUR 2, la subida es de un 9,9%, ya que se incrementa de los\u00a04,520114\u00a0c\u00e9nt.\/kWh de enero de 2022 a los\u00a04,969479\u00a0c\u00e9nt.\/kWh de abril de 2022 (precios sin impuestos). La parte fija del recibo se mantiene sin subidas en esta \u00faltima revisi\u00f3n, siendo 5,44 euros al mes para la TUR 1 y 10,24 euros al mes para la TUR 2.<\/p>\n<p>La asociaci\u00f3n reclama cambios regulatorios para recortar m\u00e1rgenes a las energ\u00e9ticas ante determinadas coyunturas econ\u00f3micas lesivas para los intereses de los consumidores con cambios en la metodolog\u00eda para la<strong> fijaci\u00f3n de las tarifas reguladas de gas natural<\/strong> de manera que no se limite a trasladarles las evoluciones al alza o a la baja de los costes.<\/p>\n<\/div><\/div><style type=\"text\/css\">.fusion-body .fusion-builder-column-0{width:100% !important;margin-top : 0px;margin-bottom : 0px;}.fusion-builder-column-0 > .fusion-column-wrapper {padding-top : 0px !important;padding-right : 0px !important;margin-right : 1.92%;padding-bottom : 0px !important;padding-left : 0px !important;margin-left : 1.92%;}@media only screen and (max-width:1024px) {.fusion-body .fusion-builder-column-0{width:100% !important;}.fusion-builder-column-0 > .fusion-column-wrapper {margin-right : 1.92%;margin-left : 1.92%;}}@media only screen and (max-width:640px) {.fusion-body .fusion-builder-column-0{width:100% !important;}.fusion-builder-column-0 > .fusion-column-wrapper {margin-right : 1.92%;margin-left : 1.92%;}}<\/style><\/div><\/div><style type=\"text\/css\">.fusion-body .fusion-flex-container.fusion-builder-row-1{ padding-top : 0px;margin-top : 0px;padding-right : 0px;padding-bottom : 0px;margin-bottom : 0px;padding-left : 0px;}<\/style><\/div>\n","protected":false},"excerpt":{"rendered":"<p>La asociaci\u00f3n reclama cambios regulatorios para recortar m\u00e1rgenes a las energ\u00e9ticas ante determinadas coyunturas econ\u00f3micas lesivas para los intereses de los consumidores.<\/p>\n","protected":false},"author":34,"featured_media":16683,"comment_status":"closed","ping_status":"closed","sticky":false,"template":"","format":"standard","meta":{"_jetpack_memberships_contains_paid_content":false,"footnotes":"","jetpack_publicize_message":"","jetpack_publicize_feature_enabled":true,"jetpack_social_post_already_shared":true,"jetpack_social_options":{"image_generator_settings":{"template":"highway","default_image_id":0,"font":"","enabled":false},"version":2}},"categories":[100],"tags":[8020],"class_list":["post-40494","post","type-post","status-publish","format-standard","has-post-thumbnail","hentry","category-compraventa-de-viviendas","tag-newsletter-352"],"yoast_head":"<!-- This site is optimized with the Yoast SEO plugin v27.4 - https:\/\/yoast.com\/product\/yoast-seo-wordpress\/ -->\n<title>El recibo del gas sube un 23% interanual en abril<\/title>\n<meta name=\"robots\" content=\"index, follow, max-snippet:-1, max-image-preview:large, max-video-preview:-1\" \/>\n<link rel=\"canonical\" href=\"https:\/\/www.aquimicasa.net\/blog\/vivienda\/compraventa-de-viviendas\/el-recibo-del-gas-sube-un-23-interanual-en-abril\/\" \/>\n<meta property=\"og:locale\" content=\"es_ES\" \/>\n<meta property=\"og:type\" content=\"article\" \/>\n<meta property=\"og:title\" content=\"El recibo del gas sube un 23% interanual en abril\" \/>\n<meta property=\"og:description\" content=\"La asociaci\u00f3n reclama cambios regulatorios para recortar m\u00e1rgenes a las energ\u00e9ticas ante determinadas coyunturas econ\u00f3micas lesivas para los intereses de los consumidores.\" \/>\n<meta property=\"og:url\" content=\"https:\/\/www.aquimicasa.net\/blog\/vivienda\/compraventa-de-viviendas\/el-recibo-del-gas-sube-un-23-interanual-en-abril\/\" \/>\n<meta property=\"og:site_name\" content=\"Blog de aquimicasa.net\" \/>\n<meta property=\"article:publisher\" content=\"https:\/\/www.facebook.com\/aquimicasa.net\" \/>\n<meta property=\"article:published_time\" content=\"2022-04-06T20:03:54+00:00\" \/>\n<meta property=\"og:image\" content=\"https:\/\/www.aquimicasa.net\/blog\/wp-content\/uploads\/Gas-Natural1-e1500915397726.jpg\" \/>\n\t<meta property=\"og:image:width\" content=\"360\" \/>\n\t<meta property=\"og:image:height\" content=\"240\" \/>\n\t<meta property=\"og:image:type\" content=\"image\/jpeg\" \/>\n<meta name=\"author\" content=\"Jose\" \/>\n<meta name=\"twitter:label1\" content=\"Escrito por\" \/>\n\t<meta name=\"twitter:data1\" content=\"Jose\" \/>\n\t<meta name=\"twitter:label2\" content=\"Tiempo de lectura\" \/>\n\t<meta name=\"twitter:data2\" content=\"3 minutos\" \/>\n<script type=\"application\/ld+json\" class=\"yoast-schema-graph\">{\"@context\":\"https:\\\/\\\/schema.org\",\"@graph\":[{\"@type\":\"Article\",\"@id\":\"https:\\\/\\\/www.aquimicasa.net\\\/blog\\\/vivienda\\\/compraventa-de-viviendas\\\/el-recibo-del-gas-sube-un-23-interanual-en-abril\\\/#article\",\"isPartOf\":{\"@id\":\"https:\\\/\\\/www.aquimicasa.net\\\/blog\\\/vivienda\\\/compraventa-de-viviendas\\\/el-recibo-del-gas-sube-un-23-interanual-en-abril\\\/\"},\"author\":{\"name\":\"Jose\",\"@id\":\"https:\\\/\\\/www.aquimicasa.net\\\/blog\\\/#\\\/schema\\\/person\\\/8ed1fcc6b27ced82fb23566cecc6b72b\"},\"headline\":\"El recibo del gas sube un 23% interanual en abril\",\"datePublished\":\"2022-04-06T20:03:54+00:00\",\"mainEntityOfPage\":{\"@id\":\"https:\\\/\\\/www.aquimicasa.net\\\/blog\\\/vivienda\\\/compraventa-de-viviendas\\\/el-recibo-del-gas-sube-un-23-interanual-en-abril\\\/\"},\"wordCount\":771,\"publisher\":{\"@id\":\"https:\\\/\\\/www.aquimicasa.net\\\/blog\\\/#organization\"},\"image\":{\"@id\":\"https:\\\/\\\/www.aquimicasa.net\\\/blog\\\/vivienda\\\/compraventa-de-viviendas\\\/el-recibo-del-gas-sube-un-23-interanual-en-abril\\\/#primaryimage\"},\"thumbnailUrl\":\"https:\\\/\\\/www.aquimicasa.net\\\/blog\\\/wp-content\\\/uploads\\\/Gas-Natural1-e1500915397726.jpg\",\"keywords\":[\"newsletter 352\"],\"articleSection\":[\"Compra Venta\"],\"inLanguage\":\"es\"},{\"@type\":\"WebPage\",\"@id\":\"https:\\\/\\\/www.aquimicasa.net\\\/blog\\\/vivienda\\\/compraventa-de-viviendas\\\/el-recibo-del-gas-sube-un-23-interanual-en-abril\\\/\",\"url\":\"https:\\\/\\\/www.aquimicasa.net\\\/blog\\\/vivienda\\\/compraventa-de-viviendas\\\/el-recibo-del-gas-sube-un-23-interanual-en-abril\\\/\",\"name\":\"El recibo del gas sube un 23% interanual en abril\",\"isPartOf\":{\"@id\":\"https:\\\/\\\/www.aquimicasa.net\\\/blog\\\/#website\"},\"primaryImageOfPage\":{\"@id\":\"https:\\\/\\\/www.aquimicasa.net\\\/blog\\\/vivienda\\\/compraventa-de-viviendas\\\/el-recibo-del-gas-sube-un-23-interanual-en-abril\\\/#primaryimage\"},\"image\":{\"@id\":\"https:\\\/\\\/www.aquimicasa.net\\\/blog\\\/vivienda\\\/compraventa-de-viviendas\\\/el-recibo-del-gas-sube-un-23-interanual-en-abril\\\/#primaryimage\"},\"thumbnailUrl\":\"https:\\\/\\\/www.aquimicasa.net\\\/blog\\\/wp-content\\\/uploads\\\/Gas-Natural1-e1500915397726.jpg\",\"datePublished\":\"2022-04-06T20:03:54+00:00\",\"breadcrumb\":{\"@id\":\"https:\\\/\\\/www.aquimicasa.net\\\/blog\\\/vivienda\\\/compraventa-de-viviendas\\\/el-recibo-del-gas-sube-un-23-interanual-en-abril\\\/#breadcrumb\"},\"inLanguage\":\"es\",\"potentialAction\":[{\"@type\":\"ReadAction\",\"target\":[\"https:\\\/\\\/www.aquimicasa.net\\\/blog\\\/vivienda\\\/compraventa-de-viviendas\\\/el-recibo-del-gas-sube-un-23-interanual-en-abril\\\/\"]}]},{\"@type\":\"ImageObject\",\"inLanguage\":\"es\",\"@id\":\"https:\\\/\\\/www.aquimicasa.net\\\/blog\\\/vivienda\\\/compraventa-de-viviendas\\\/el-recibo-del-gas-sube-un-23-interanual-en-abril\\\/#primaryimage\",\"url\":\"https:\\\/\\\/www.aquimicasa.net\\\/blog\\\/wp-content\\\/uploads\\\/Gas-Natural1-e1500915397726.jpg\",\"contentUrl\":\"https:\\\/\\\/www.aquimicasa.net\\\/blog\\\/wp-content\\\/uploads\\\/Gas-Natural1-e1500915397726.jpg\",\"width\":360,\"height\":240,\"caption\":\"Sube de nuevo el gas butano\"},{\"@type\":\"BreadcrumbList\",\"@id\":\"https:\\\/\\\/www.aquimicasa.net\\\/blog\\\/vivienda\\\/compraventa-de-viviendas\\\/el-recibo-del-gas-sube-un-23-interanual-en-abril\\\/#breadcrumb\",\"itemListElement\":[{\"@type\":\"ListItem\",\"position\":1,\"name\":\"Portada\",\"item\":\"https:\\\/\\\/www.aquimicasa.net\\\/blog\\\/\"},{\"@type\":\"ListItem\",\"position\":2,\"name\":\"El recibo del gas sube un 23% interanual en abril\"}]},{\"@type\":\"WebSite\",\"@id\":\"https:\\\/\\\/www.aquimicasa.net\\\/blog\\\/#website\",\"url\":\"https:\\\/\\\/www.aquimicasa.net\\\/blog\\\/\",\"name\":\"Blog de aquimicasa.net\",\"description\":\"Noticias del Mundo Inmobiliario\",\"publisher\":{\"@id\":\"https:\\\/\\\/www.aquimicasa.net\\\/blog\\\/#organization\"},\"potentialAction\":[{\"@type\":\"SearchAction\",\"target\":{\"@type\":\"EntryPoint\",\"urlTemplate\":\"https:\\\/\\\/www.aquimicasa.net\\\/blog\\\/?s={search_term_string}\"},\"query-input\":{\"@type\":\"PropertyValueSpecification\",\"valueRequired\":true,\"valueName\":\"search_term_string\"}}],\"inLanguage\":\"es\"},{\"@type\":\"Organization\",\"@id\":\"https:\\\/\\\/www.aquimicasa.net\\\/blog\\\/#organization\",\"name\":\"Blog de aquimicasa.net\",\"url\":\"https:\\\/\\\/www.aquimicasa.net\\\/blog\\\/\",\"logo\":{\"@type\":\"ImageObject\",\"inLanguage\":\"es\",\"@id\":\"https:\\\/\\\/www.aquimicasa.net\\\/blog\\\/#\\\/schema\\\/logo\\\/image\\\/\",\"url\":\"https:\\\/\\\/www.aquimicasa.net\\\/blog\\\/wp-content\\\/uploads\\\/Logo-aquimicasa-1-e1528048213782.png\",\"contentUrl\":\"https:\\\/\\\/www.aquimicasa.net\\\/blog\\\/wp-content\\\/uploads\\\/Logo-aquimicasa-1-e1528048213782.png\",\"width\":225,\"height\":225,\"caption\":\"Blog de aquimicasa.net\"},\"image\":{\"@id\":\"https:\\\/\\\/www.aquimicasa.net\\\/blog\\\/#\\\/schema\\\/logo\\\/image\\\/\"},\"sameAs\":[\"https:\\\/\\\/www.facebook.com\\\/aquimicasa.net\",\"https:\\\/\\\/www.instagram.com\\\/\",\"https:\\\/\\\/x.com\\\/EduLizarragaD\",\"https:\\\/\\\/www.linkedin.com\\\/feed\\\/\"]},{\"@type\":\"Person\",\"@id\":\"https:\\\/\\\/www.aquimicasa.net\\\/blog\\\/#\\\/schema\\\/person\\\/8ed1fcc6b27ced82fb23566cecc6b72b\",\"name\":\"Jose\",\"image\":{\"@type\":\"ImageObject\",\"inLanguage\":\"es\",\"@id\":\"https:\\\/\\\/secure.gravatar.com\\\/avatar\\\/ce95a11fb9316b17c5b3b988f8315c121fded09f329009883a12a11a977b5e99?s=96&d=mm&r=g\",\"url\":\"https:\\\/\\\/secure.gravatar.com\\\/avatar\\\/ce95a11fb9316b17c5b3b988f8315c121fded09f329009883a12a11a977b5e99?s=96&d=mm&r=g\",\"contentUrl\":\"https:\\\/\\\/secure.gravatar.com\\\/avatar\\\/ce95a11fb9316b17c5b3b988f8315c121fded09f329009883a12a11a977b5e99?s=96&d=mm&r=g\",\"caption\":\"Jose\"},\"url\":\"https:\\\/\\\/www.aquimicasa.net\\\/blog\\\/author\\\/jose\\\/\"}]}<\/script>\n<!-- \/ Yoast SEO plugin. -->","yoast_head_json":{"title":"El recibo del gas sube un 23% interanual en abril","robots":{"index":"index","follow":"follow","max-snippet":"max-snippet:-1","max-image-preview":"max-image-preview:large","max-video-preview":"max-video-preview:-1"},"canonical":"https:\/\/www.aquimicasa.net\/blog\/vivienda\/compraventa-de-viviendas\/el-recibo-del-gas-sube-un-23-interanual-en-abril\/","og_locale":"es_ES","og_type":"article","og_title":"El recibo del gas sube un 23% interanual en abril","og_description":"La asociaci\u00f3n reclama cambios regulatorios para recortar m\u00e1rgenes a las energ\u00e9ticas ante determinadas coyunturas econ\u00f3micas lesivas para los intereses de los consumidores.","og_url":"https:\/\/www.aquimicasa.net\/blog\/vivienda\/compraventa-de-viviendas\/el-recibo-del-gas-sube-un-23-interanual-en-abril\/","og_site_name":"Blog de aquimicasa.net","article_publisher":"https:\/\/www.facebook.com\/aquimicasa.net","article_published_time":"2022-04-06T20:03:54+00:00","og_image":[{"width":360,"height":240,"url":"https:\/\/www.aquimicasa.net\/blog\/wp-content\/uploads\/Gas-Natural1-e1500915397726.jpg","type":"image\/jpeg"}],"author":"Jose","twitter_misc":{"Escrito por":"Jose","Tiempo de lectura":"3 minutos"},"schema":{"@context":"https:\/\/schema.org","@graph":[{"@type":"Article","@id":"https:\/\/www.aquimicasa.net\/blog\/vivienda\/compraventa-de-viviendas\/el-recibo-del-gas-sube-un-23-interanual-en-abril\/#article","isPartOf":{"@id":"https:\/\/www.aquimicasa.net\/blog\/vivienda\/compraventa-de-viviendas\/el-recibo-del-gas-sube-un-23-interanual-en-abril\/"},"author":{"name":"Jose","@id":"https:\/\/www.aquimicasa.net\/blog\/#\/schema\/person\/8ed1fcc6b27ced82fb23566cecc6b72b"},"headline":"El recibo del gas sube un 23% interanual en abril","datePublished":"2022-04-06T20:03:54+00:00","mainEntityOfPage":{"@id":"https:\/\/www.aquimicasa.net\/blog\/vivienda\/compraventa-de-viviendas\/el-recibo-del-gas-sube-un-23-interanual-en-abril\/"},"wordCount":771,"publisher":{"@id":"https:\/\/www.aquimicasa.net\/blog\/#organization"},"image":{"@id":"https:\/\/www.aquimicasa.net\/blog\/vivienda\/compraventa-de-viviendas\/el-recibo-del-gas-sube-un-23-interanual-en-abril\/#primaryimage"},"thumbnailUrl":"https:\/\/www.aquimicasa.net\/blog\/wp-content\/uploads\/Gas-Natural1-e1500915397726.jpg","keywords":["newsletter 352"],"articleSection":["Compra Venta"],"inLanguage":"es"},{"@type":"WebPage","@id":"https:\/\/www.aquimicasa.net\/blog\/vivienda\/compraventa-de-viviendas\/el-recibo-del-gas-sube-un-23-interanual-en-abril\/","url":"https:\/\/www.aquimicasa.net\/blog\/vivienda\/compraventa-de-viviendas\/el-recibo-del-gas-sube-un-23-interanual-en-abril\/","name":"El recibo del gas sube un 23% interanual en abril","isPartOf":{"@id":"https:\/\/www.aquimicasa.net\/blog\/#website"},"primaryImageOfPage":{"@id":"https:\/\/www.aquimicasa.net\/blog\/vivienda\/compraventa-de-viviendas\/el-recibo-del-gas-sube-un-23-interanual-en-abril\/#primaryimage"},"image":{"@id":"https:\/\/www.aquimicasa.net\/blog\/vivienda\/compraventa-de-viviendas\/el-recibo-del-gas-sube-un-23-interanual-en-abril\/#primaryimage"},"thumbnailUrl":"https:\/\/www.aquimicasa.net\/blog\/wp-content\/uploads\/Gas-Natural1-e1500915397726.jpg","datePublished":"2022-04-06T20:03:54+00:00","breadcrumb":{"@id":"https:\/\/www.aquimicasa.net\/blog\/vivienda\/compraventa-de-viviendas\/el-recibo-del-gas-sube-un-23-interanual-en-abril\/#breadcrumb"},"inLanguage":"es","potentialAction":[{"@type":"ReadAction","target":["https:\/\/www.aquimicasa.net\/blog\/vivienda\/compraventa-de-viviendas\/el-recibo-del-gas-sube-un-23-interanual-en-abril\/"]}]},{"@type":"ImageObject","inLanguage":"es","@id":"https:\/\/www.aquimicasa.net\/blog\/vivienda\/compraventa-de-viviendas\/el-recibo-del-gas-sube-un-23-interanual-en-abril\/#primaryimage","url":"https:\/\/www.aquimicasa.net\/blog\/wp-content\/uploads\/Gas-Natural1-e1500915397726.jpg","contentUrl":"https:\/\/www.aquimicasa.net\/blog\/wp-content\/uploads\/Gas-Natural1-e1500915397726.jpg","width":360,"height":240,"caption":"Sube de nuevo el gas butano"},{"@type":"BreadcrumbList","@id":"https:\/\/www.aquimicasa.net\/blog\/vivienda\/compraventa-de-viviendas\/el-recibo-del-gas-sube-un-23-interanual-en-abril\/#breadcrumb","itemListElement":[{"@type":"ListItem","position":1,"name":"Portada","item":"https:\/\/www.aquimicasa.net\/blog\/"},{"@type":"ListItem","position":2,"name":"El recibo del gas sube un 23% interanual en abril"}]},{"@type":"WebSite","@id":"https:\/\/www.aquimicasa.net\/blog\/#website","url":"https:\/\/www.aquimicasa.net\/blog\/","name":"Blog de aquimicasa.net","description":"Noticias del Mundo Inmobiliario","publisher":{"@id":"https:\/\/www.aquimicasa.net\/blog\/#organization"},"potentialAction":[{"@type":"SearchAction","target":{"@type":"EntryPoint","urlTemplate":"https:\/\/www.aquimicasa.net\/blog\/?s={search_term_string}"},"query-input":{"@type":"PropertyValueSpecification","valueRequired":true,"valueName":"search_term_string"}}],"inLanguage":"es"},{"@type":"Organization","@id":"https:\/\/www.aquimicasa.net\/blog\/#organization","name":"Blog de aquimicasa.net","url":"https:\/\/www.aquimicasa.net\/blog\/","logo":{"@type":"ImageObject","inLanguage":"es","@id":"https:\/\/www.aquimicasa.net\/blog\/#\/schema\/logo\/image\/","url":"https:\/\/www.aquimicasa.net\/blog\/wp-content\/uploads\/Logo-aquimicasa-1-e1528048213782.png","contentUrl":"https:\/\/www.aquimicasa.net\/blog\/wp-content\/uploads\/Logo-aquimicasa-1-e1528048213782.png","width":225,"height":225,"caption":"Blog de aquimicasa.net"},"image":{"@id":"https:\/\/www.aquimicasa.net\/blog\/#\/schema\/logo\/image\/"},"sameAs":["https:\/\/www.facebook.com\/aquimicasa.net","https:\/\/www.instagram.com\/","https:\/\/x.com\/EduLizarragaD","https:\/\/www.linkedin.com\/feed\/"]},{"@type":"Person","@id":"https:\/\/www.aquimicasa.net\/blog\/#\/schema\/person\/8ed1fcc6b27ced82fb23566cecc6b72b","name":"Jose","image":{"@type":"ImageObject","inLanguage":"es","@id":"https:\/\/secure.gravatar.com\/avatar\/ce95a11fb9316b17c5b3b988f8315c121fded09f329009883a12a11a977b5e99?s=96&d=mm&r=g","url":"https:\/\/secure.gravatar.com\/avatar\/ce95a11fb9316b17c5b3b988f8315c121fded09f329009883a12a11a977b5e99?s=96&d=mm&r=g","contentUrl":"https:\/\/secure.gravatar.com\/avatar\/ce95a11fb9316b17c5b3b988f8315c121fded09f329009883a12a11a977b5e99?s=96&d=mm&r=g","caption":"Jose"},"url":"https:\/\/www.aquimicasa.net\/blog\/author\/jose\/"}]}},"jetpack_publicize_connections":[],"jetpack_featured_media_url":"https:\/\/www.aquimicasa.net\/blog\/wp-content\/uploads\/Gas-Natural1-e1500915397726.jpg","jetpack_sharing_enabled":true,"jetpack_likes_enabled":true,"_links":{"self":[{"href":"https:\/\/www.aquimicasa.net\/blog\/wp-json\/wp\/v2\/posts\/40494","targetHints":{"allow":["GET"]}}],"collection":[{"href":"https:\/\/www.aquimicasa.net\/blog\/wp-json\/wp\/v2\/posts"}],"about":[{"href":"https:\/\/www.aquimicasa.net\/blog\/wp-json\/wp\/v2\/types\/post"}],"author":[{"embeddable":true,"href":"https:\/\/www.aquimicasa.net\/blog\/wp-json\/wp\/v2\/users\/34"}],"replies":[{"embeddable":true,"href":"https:\/\/www.aquimicasa.net\/blog\/wp-json\/wp\/v2\/comments?post=40494"}],"version-history":[{"count":2,"href":"https:\/\/www.aquimicasa.net\/blog\/wp-json\/wp\/v2\/posts\/40494\/revisions"}],"predecessor-version":[{"id":40496,"href":"https:\/\/www.aquimicasa.net\/blog\/wp-json\/wp\/v2\/posts\/40494\/revisions\/40496"}],"wp:featuredmedia":[{"embeddable":true,"href":"https:\/\/www.aquimicasa.net\/blog\/wp-json\/wp\/v2\/media\/16683"}],"wp:attachment":[{"href":"https:\/\/www.aquimicasa.net\/blog\/wp-json\/wp\/v2\/media?parent=40494"}],"wp:term":[{"taxonomy":"category","embeddable":true,"href":"https:\/\/www.aquimicasa.net\/blog\/wp-json\/wp\/v2\/categories?post=40494"},{"taxonomy":"post_tag","embeddable":true,"href":"https:\/\/www.aquimicasa.net\/blog\/wp-json\/wp\/v2\/tags?post=40494"}],"curies":[{"name":"wp","href":"https:\/\/api.w.org\/{rel}","templated":true}]}}