{"id":40593,"date":"2022-04-20T19:10:49","date_gmt":"2022-04-20T17:10:49","guid":{"rendered":"https:\/\/www.aquimicasa.net\/blog\/?p=40593"},"modified":"2022-04-20T19:10:49","modified_gmt":"2022-04-20T17:10:49","slug":"que-no-se-nos-vaya-el-dinero-por-puertas-y-ventanas","status":"publish","type":"post","link":"https:\/\/www.aquimicasa.net\/blog\/consumo\/consumidores\/que-no-se-nos-vaya-el-dinero-por-puertas-y-ventanas\/","title":{"rendered":"Que no se nos vaya el dinero por puertas y ventanas"},"content":{"rendered":"<div class=\"fusion-fullwidth fullwidth-box fusion-builder-row-1 fusion-flex-container nonhundred-percent-fullwidth non-hundred-percent-height-scrolling\" style=\"background-color: rgba(255,255,255,0);background-position: center center;background-repeat: no-repeat;border-width: 0px 0px 0px 0px;border-color:#eae9e9;border-style:solid;\" ><div class=\"fusion-builder-row fusion-row fusion-flex-align-items-flex-start\" style=\"max-width:1144px;margin-left: calc(-4% \/ 2 );margin-right: calc(-4% \/ 2 );\"><div class=\"fusion-layout-column fusion_builder_column fusion-builder-column-0 fusion_builder_column_1_1 1_1 fusion-flex-column\"><div class=\"fusion-column-wrapper fusion-flex-justify-content-flex-start fusion-content-layout-column\" style=\"background-position:left top;background-repeat:no-repeat;-webkit-background-size:cover;-moz-background-size:cover;-o-background-size:cover;background-size:cover;padding: 0px 0px 0px 0px;\"><div class=\"fusion-text fusion-text-1\"><div class=\"teaser-holder\">\n<p>En un momento de subidas disparatadas de cualquier forma de energ\u00eda, ya sea el\u00e9ctrica o basada en los combustibles f\u00f3siles, la importancia de un <strong>buen aislamiento en la vivienda<\/strong> es fundamental y puede ahorrarnos mucho dinero al a\u00f1o. Que de momento es mucha la cantidad que se nos va por paredes, puertas y ventanas. De ah\u00ed la importancia de considerar seriamente invertir en una mejora que a la larga nos saldr\u00e1 rentable y que podemos disminuir el tiempo para alcanzar esa rentabilidad con la pol\u00edtica de subvenciones existente.<\/p>\n<p>La <strong>Organizaci\u00f3n de Consumidores y Usuarios<\/strong> (OCU) advierte que el 50% de las viviendas espa\u00f1olas son <strong>anteriores a 1.980<\/strong> y, por lo tanto, su construcci\u00f3n no estuvo sujeta a ning\u00fan <strong>C\u00f3digo T\u00e9cnico de Edificaci\u00f3n<\/strong> que obligara a poner unos espesores m\u00ednimos de material aislante en techos, paredes y ventanas. Por lo tanto, salvo que se hubieran reformado luego, sus <strong>aislamientos t\u00e9rmicos<\/strong> son deficientes o muy deficientes.<\/p>\n<\/div>\n<div class=\"content-holder\">\n<p class=\"Standard\">Adem\u00e1s de en las viviendas antiguas, es recomendable mejorar el aislamiento en casas con problemas de humedades en las paredes, condensaciones en las ventanas o con etiqueta energ\u00e9tica D o E, especialmente si est\u00e1n ubicadas en una<strong> zona clim\u00e1tica fr\u00eda<\/strong>.<\/p>\n<p class=\"Standard\">Con el fin de conocer los costes en aislamiento, la asociaci\u00f3n ha pedido varios presupuestos para un piso de <span class=\"Fuentedeprrafopredeter1\">90 m<sup>2<\/sup>\u00a0en la zona clim\u00e1tica D, la segunda m\u00e1s fr\u00eda, incluyendo instalaci\u00f3n, acabados, pintura e impuestos. Y los precios var\u00edan entre los 3.200 euros si se hace una reforma ligera, aislando parcialmente los muros exteriores (6 cm de poliestireno extruido), y 10.500 euros si se opta por un mayor espesor del aislamiento (12 cm) o un relleno de las c\u00e1maras interiores al 100% (con fibra de celulosa, por ejemplo), adem\u00e1s del cambio de las ventanas a unas de calidad PVC con vidrio 4-16-4 bajo emisivo. En el primer caso, el <strong>ahorro en climatizaci\u00f3n<\/strong> alcanzar\u00eda los 165 euros al a\u00f1o, en el segundo, 975 euros al a\u00f1o.<\/span><\/p>\n<p class=\"Standard\"><span class=\"Fuentedeprrafopredeter1\">Los costes del aislamiento <strong>siempre acaban amortiz\u00e1ndose<\/strong>, sobre todo en una zona fr\u00eda. El plazo depende b\u00e1sicamente del tipo y el importe de la subvenci\u00f3n, que oscila entre el 30% y el 80%: hay subvenciones directas a las obras de aislamiento (Real Decreto 835\/2021), subvenciones para rehabilitar viviendas en poblaciones en \u201creto demogr\u00e1fico\u201d (Plan Pree 5.000) y deducciones fiscales para la inversi\u00f3n en la rehabilitaci\u00f3n de la vivienda habitual. Ayudas que deben solicitarse\u00a0<\/span><a href=\"https:\/\/www.idae.es\/ayudas-y-financiacion\/para-la-rehabilitacion-de-edificios\"  rel=\"nofollow noopener\">telem\u00e1ticamente<\/a><span class=\"Fuentedeprrafopredeter1\">\u00a0en cada comunidad aut\u00f3noma.<\/span><\/p>\n<p class=\"Standard\"><span class=\"Fuentedeprrafopredeter1\">Para conseguir un significativo ahorro energ\u00e9tico por mejora en los edificios en necesario mejorar<\/span><span class=\"Fuentedeprrafopredeter1\"> la tramitaci\u00f3n de las ayudas, simplificando el papeleo y creando una ventanilla \u00fanica. Pero tambi\u00e9n controlar de manera m\u00e1s estricta la expedici\u00f3n del certificado energ\u00e9tico. Adem\u00e1s, en el caso de los consumidores vulnerables, OCU considera que deber\u00edan poder beneficiarse de <strong>subvenciones de hasta el 100%<\/strong> del importe, incluyendo el IVA<\/span>. Subvenciones que no deber\u00edan condicionarse a ser<strong> beneficiarios del bono social<\/strong>, ya que alrededor de 1,2 millones de personas que tienen derecho a \u00e9l no lo conocen o no saben c\u00f3mo tramitarlo.<\/p>\n<\/div>\n<\/div><\/div><style type=\"text\/css\">.fusion-body .fusion-builder-column-0{width:100% !important;margin-top : 0px;margin-bottom : 0px;}.fusion-builder-column-0 > .fusion-column-wrapper {padding-top : 0px !important;padding-right : 0px !important;margin-right : 1.92%;padding-bottom : 0px !important;padding-left : 0px !important;margin-left : 1.92%;}@media only screen and (max-width:1024px) {.fusion-body .fusion-builder-column-0{width:100% !important;}.fusion-builder-column-0 > .fusion-column-wrapper {margin-right : 1.92%;margin-left : 1.92%;}}@media only screen and (max-width:640px) {.fusion-body .fusion-builder-column-0{width:100% !important;}.fusion-builder-column-0 > .fusion-column-wrapper {margin-right : 1.92%;margin-left : 1.92%;}}<\/style><\/div><\/div><style type=\"text\/css\">.fusion-body .fusion-flex-container.fusion-builder-row-1{ padding-top : 0px;margin-top : 0px;padding-right : 0px;padding-bottom : 0px;margin-bottom : 0px;padding-left : 0px;}<\/style><\/div>\n","protected":false},"excerpt":{"rendered":"<p>Adem\u00e1s de en las viviendas antiguas, es recomendable mejorar el aislamiento en casas con problemas de humedades en las paredes, condensaciones en las ventanas o con etiqueta energ\u00e9tica D o E, especialmente si est\u00e1n ubicadas en una zona clim\u00e1tica fr\u00eda.<\/p>\n","protected":false},"author":3,"featured_media":14314,"comment_status":"closed","ping_status":"closed","sticky":false,"template":"","format":"standard","meta":{"_jetpack_memberships_contains_paid_content":false,"footnotes":"","jetpack_publicize_message":"","jetpack_publicize_feature_enabled":true,"jetpack_social_post_already_shared":true,"jetpack_social_options":{"image_generator_settings":{"template":"highway","default_image_id":0,"font":"","enabled":false},"version":2}},"categories":[7512,639,7558],"tags":[8022],"class_list":["post-40593","post","type-post","status-publish","format-standard","has-post-thumbnail","hentry","category-consumidores","category-electricas","category-gas-y-petroleo","tag-newsletter-354"],"yoast_head":"<!-- This site is optimized with the Yoast SEO plugin v27.5 - https:\/\/yoast.com\/product\/yoast-seo-wordpress\/ -->\n<title>Que no se nos vaya el dinero por puertas y ventanas<\/title>\n<meta name=\"description\" content=\"Los costes del aislamiento siempre acaban amortiz\u00e1ndose, el plazo depende b\u00e1sicamente del tipo y el importe de la subvenci\u00f3n\" \/>\n<meta name=\"robots\" content=\"index, follow, max-snippet:-1, max-image-preview:large, max-video-preview:-1\" \/>\n<link rel=\"canonical\" href=\"https:\/\/www.aquimicasa.net\/blog\/consumo\/consumidores\/que-no-se-nos-vaya-el-dinero-por-puertas-y-ventanas\/\" \/>\n<meta property=\"og:locale\" content=\"es_ES\" \/>\n<meta property=\"og:type\" content=\"article\" \/>\n<meta property=\"og:title\" content=\"Que no se nos vaya el dinero por puertas y ventanas\" \/>\n<meta property=\"og:description\" content=\"Los costes del aislamiento siempre acaban amortiz\u00e1ndose, el plazo depende b\u00e1sicamente del tipo y el importe de la subvenci\u00f3n\" \/>\n<meta property=\"og:url\" content=\"https:\/\/www.aquimicasa.net\/blog\/consumo\/consumidores\/que-no-se-nos-vaya-el-dinero-por-puertas-y-ventanas\/\" \/>\n<meta property=\"og:site_name\" content=\"Blog de aquimicasa.net\" \/>\n<meta property=\"article:publisher\" content=\"https:\/\/www.facebook.com\/aquimicasa.net\" \/>\n<meta property=\"article:published_time\" content=\"2022-04-20T17:10:49+00:00\" \/>\n<meta property=\"og:image\" content=\"https:\/\/www.aquimicasa.net\/blog\/wp-content\/uploads\/certificado-energetico1-e1485343625496.jpg\" \/>\n\t<meta property=\"og:image:width\" content=\"450\" \/>\n\t<meta property=\"og:image:height\" content=\"253\" \/>\n\t<meta property=\"og:image:type\" content=\"image\/jpeg\" \/>\n<meta name=\"author\" content=\"Eduardo Lizarraga\" \/>\n<meta name=\"twitter:label1\" content=\"Escrito por\" \/>\n\t<meta name=\"twitter:data1\" content=\"Eduardo Lizarraga\" \/>\n\t<meta name=\"twitter:label2\" content=\"Tiempo de lectura\" \/>\n\t<meta name=\"twitter:data2\" content=\"3 minutos\" \/>\n<script type=\"application\/ld+json\" class=\"yoast-schema-graph\">{\"@context\":\"https:\\\/\\\/schema.org\",\"@graph\":[{\"@type\":\"Article\",\"@id\":\"https:\\\/\\\/www.aquimicasa.net\\\/blog\\\/consumo\\\/consumidores\\\/que-no-se-nos-vaya-el-dinero-por-puertas-y-ventanas\\\/#article\",\"isPartOf\":{\"@id\":\"https:\\\/\\\/www.aquimicasa.net\\\/blog\\\/consumo\\\/consumidores\\\/que-no-se-nos-vaya-el-dinero-por-puertas-y-ventanas\\\/\"},\"author\":{\"name\":\"Eduardo Lizarraga\",\"@id\":\"https:\\\/\\\/www.aquimicasa.net\\\/blog\\\/#\\\/schema\\\/person\\\/2cdfa2605534583395c8d7ce1d6cac14\"},\"headline\":\"Que no se nos vaya el dinero por puertas y ventanas\",\"datePublished\":\"2022-04-20T17:10:49+00:00\",\"mainEntityOfPage\":{\"@id\":\"https:\\\/\\\/www.aquimicasa.net\\\/blog\\\/consumo\\\/consumidores\\\/que-no-se-nos-vaya-el-dinero-por-puertas-y-ventanas\\\/\"},\"wordCount\":779,\"publisher\":{\"@id\":\"https:\\\/\\\/www.aquimicasa.net\\\/blog\\\/#organization\"},\"image\":{\"@id\":\"https:\\\/\\\/www.aquimicasa.net\\\/blog\\\/consumo\\\/consumidores\\\/que-no-se-nos-vaya-el-dinero-por-puertas-y-ventanas\\\/#primaryimage\"},\"thumbnailUrl\":\"https:\\\/\\\/www.aquimicasa.net\\\/blog\\\/wp-content\\\/uploads\\\/certificado-energetico1-e1485343625496.jpg\",\"keywords\":[\"newsletter 354\"],\"articleSection\":[\"Consumidores\",\"El\u00e9ctricas\",\"Gas y Petr\u00f3leo\"],\"inLanguage\":\"es\"},{\"@type\":\"WebPage\",\"@id\":\"https:\\\/\\\/www.aquimicasa.net\\\/blog\\\/consumo\\\/consumidores\\\/que-no-se-nos-vaya-el-dinero-por-puertas-y-ventanas\\\/\",\"url\":\"https:\\\/\\\/www.aquimicasa.net\\\/blog\\\/consumo\\\/consumidores\\\/que-no-se-nos-vaya-el-dinero-por-puertas-y-ventanas\\\/\",\"name\":\"Que no se nos vaya el dinero por puertas y ventanas\",\"isPartOf\":{\"@id\":\"https:\\\/\\\/www.aquimicasa.net\\\/blog\\\/#website\"},\"primaryImageOfPage\":{\"@id\":\"https:\\\/\\\/www.aquimicasa.net\\\/blog\\\/consumo\\\/consumidores\\\/que-no-se-nos-vaya-el-dinero-por-puertas-y-ventanas\\\/#primaryimage\"},\"image\":{\"@id\":\"https:\\\/\\\/www.aquimicasa.net\\\/blog\\\/consumo\\\/consumidores\\\/que-no-se-nos-vaya-el-dinero-por-puertas-y-ventanas\\\/#primaryimage\"},\"thumbnailUrl\":\"https:\\\/\\\/www.aquimicasa.net\\\/blog\\\/wp-content\\\/uploads\\\/certificado-energetico1-e1485343625496.jpg\",\"datePublished\":\"2022-04-20T17:10:49+00:00\",\"description\":\"Los costes del aislamiento siempre acaban amortiz\u00e1ndose, el plazo depende b\u00e1sicamente del tipo y el importe de la subvenci\u00f3n\",\"breadcrumb\":{\"@id\":\"https:\\\/\\\/www.aquimicasa.net\\\/blog\\\/consumo\\\/consumidores\\\/que-no-se-nos-vaya-el-dinero-por-puertas-y-ventanas\\\/#breadcrumb\"},\"inLanguage\":\"es\",\"potentialAction\":[{\"@type\":\"ReadAction\",\"target\":[\"https:\\\/\\\/www.aquimicasa.net\\\/blog\\\/consumo\\\/consumidores\\\/que-no-se-nos-vaya-el-dinero-por-puertas-y-ventanas\\\/\"]}]},{\"@type\":\"ImageObject\",\"inLanguage\":\"es\",\"@id\":\"https:\\\/\\\/www.aquimicasa.net\\\/blog\\\/consumo\\\/consumidores\\\/que-no-se-nos-vaya-el-dinero-por-puertas-y-ventanas\\\/#primaryimage\",\"url\":\"https:\\\/\\\/www.aquimicasa.net\\\/blog\\\/wp-content\\\/uploads\\\/certificado-energetico1-e1485343625496.jpg\",\"contentUrl\":\"https:\\\/\\\/www.aquimicasa.net\\\/blog\\\/wp-content\\\/uploads\\\/certificado-energetico1-e1485343625496.jpg\",\"width\":450,\"height\":253,\"caption\":\"Ahorrar dinero aislando la vivienda\"},{\"@type\":\"BreadcrumbList\",\"@id\":\"https:\\\/\\\/www.aquimicasa.net\\\/blog\\\/consumo\\\/consumidores\\\/que-no-se-nos-vaya-el-dinero-por-puertas-y-ventanas\\\/#breadcrumb\",\"itemListElement\":[{\"@type\":\"ListItem\",\"position\":1,\"name\":\"Portada\",\"item\":\"https:\\\/\\\/www.aquimicasa.net\\\/blog\\\/\"},{\"@type\":\"ListItem\",\"position\":2,\"name\":\"Que no se nos vaya el dinero por puertas y ventanas\"}]},{\"@type\":\"WebSite\",\"@id\":\"https:\\\/\\\/www.aquimicasa.net\\\/blog\\\/#website\",\"url\":\"https:\\\/\\\/www.aquimicasa.net\\\/blog\\\/\",\"name\":\"Blog de aquimicasa.net\",\"description\":\"Noticias del Mundo Inmobiliario\",\"publisher\":{\"@id\":\"https:\\\/\\\/www.aquimicasa.net\\\/blog\\\/#organization\"},\"potentialAction\":[{\"@type\":\"SearchAction\",\"target\":{\"@type\":\"EntryPoint\",\"urlTemplate\":\"https:\\\/\\\/www.aquimicasa.net\\\/blog\\\/?s={search_term_string}\"},\"query-input\":{\"@type\":\"PropertyValueSpecification\",\"valueRequired\":true,\"valueName\":\"search_term_string\"}}],\"inLanguage\":\"es\"},{\"@type\":\"Organization\",\"@id\":\"https:\\\/\\\/www.aquimicasa.net\\\/blog\\\/#organization\",\"name\":\"Blog de aquimicasa.net\",\"url\":\"https:\\\/\\\/www.aquimicasa.net\\\/blog\\\/\",\"logo\":{\"@type\":\"ImageObject\",\"inLanguage\":\"es\",\"@id\":\"https:\\\/\\\/www.aquimicasa.net\\\/blog\\\/#\\\/schema\\\/logo\\\/image\\\/\",\"url\":\"https:\\\/\\\/www.aquimicasa.net\\\/blog\\\/wp-content\\\/uploads\\\/Logo-aquimicasa-1-e1528048213782.png\",\"contentUrl\":\"https:\\\/\\\/www.aquimicasa.net\\\/blog\\\/wp-content\\\/uploads\\\/Logo-aquimicasa-1-e1528048213782.png\",\"width\":225,\"height\":225,\"caption\":\"Blog de aquimicasa.net\"},\"image\":{\"@id\":\"https:\\\/\\\/www.aquimicasa.net\\\/blog\\\/#\\\/schema\\\/logo\\\/image\\\/\"},\"sameAs\":[\"https:\\\/\\\/www.facebook.com\\\/aquimicasa.net\",\"https:\\\/\\\/www.instagram.com\\\/\",\"https:\\\/\\\/x.com\\\/EduLizarragaD\",\"https:\\\/\\\/www.linkedin.com\\\/feed\\\/\"]},{\"@type\":\"Person\",\"@id\":\"https:\\\/\\\/www.aquimicasa.net\\\/blog\\\/#\\\/schema\\\/person\\\/2cdfa2605534583395c8d7ce1d6cac14\",\"name\":\"Eduardo Lizarraga\",\"image\":{\"@type\":\"ImageObject\",\"inLanguage\":\"es\",\"@id\":\"https:\\\/\\\/secure.gravatar.com\\\/avatar\\\/bdabe1eeeed97b65a9cb7de2edd624b07995f7e13abc5fead15961f745f908cc?s=96&d=mm&r=g\",\"url\":\"https:\\\/\\\/secure.gravatar.com\\\/avatar\\\/bdabe1eeeed97b65a9cb7de2edd624b07995f7e13abc5fead15961f745f908cc?s=96&d=mm&r=g\",\"contentUrl\":\"https:\\\/\\\/secure.gravatar.com\\\/avatar\\\/bdabe1eeeed97b65a9cb7de2edd624b07995f7e13abc5fead15961f745f908cc?s=96&d=mm&r=g\",\"caption\":\"Eduardo Lizarraga\"},\"description\":\"Periodista Econ\u00f3mico. Ha trabajado en diversos campos de la informaci\u00f3n. Corresponsal en conflictos, analista pol\u00edtico en Congreso y Senado, periodista del medio ambiente, editor, director editorial, director de comunicaci\u00f3n.... En estos momentos se ha especializado en el sector inmobiliario. Pero tambi\u00e9n es navegante y viajero, preocupado por la pobreza, el medio ambiente y por las actuaciones descontroladas del neoliberalismo empresarial y pol\u00edtico en todo el mundo. Los desahucios, la pobreza infantil y la falta de acceso a los suministros b\u00e1sicos son algunos de los grandes dramas de nuestra sociedad y que es preciso solucionar para hacerla m\u00e1s justa. CEO en www.aquimicasa.net\",\"sameAs\":[\"https:\\\/\\\/www.aquimicasa.net\\\/\"],\"url\":\"https:\\\/\\\/www.aquimicasa.net\\\/blog\\\/author\\\/eduardo\\\/\"}]}<\/script>\n<!-- \/ Yoast SEO plugin. -->","yoast_head_json":{"title":"Que no se nos vaya el dinero por puertas y ventanas","description":"Los costes del aislamiento siempre acaban amortiz\u00e1ndose, el plazo depende b\u00e1sicamente del tipo y el importe de la subvenci\u00f3n","robots":{"index":"index","follow":"follow","max-snippet":"max-snippet:-1","max-image-preview":"max-image-preview:large","max-video-preview":"max-video-preview:-1"},"canonical":"https:\/\/www.aquimicasa.net\/blog\/consumo\/consumidores\/que-no-se-nos-vaya-el-dinero-por-puertas-y-ventanas\/","og_locale":"es_ES","og_type":"article","og_title":"Que no se nos vaya el dinero por puertas y ventanas","og_description":"Los costes del aislamiento siempre acaban amortiz\u00e1ndose, el plazo depende b\u00e1sicamente del tipo y el importe de la subvenci\u00f3n","og_url":"https:\/\/www.aquimicasa.net\/blog\/consumo\/consumidores\/que-no-se-nos-vaya-el-dinero-por-puertas-y-ventanas\/","og_site_name":"Blog de aquimicasa.net","article_publisher":"https:\/\/www.facebook.com\/aquimicasa.net","article_published_time":"2022-04-20T17:10:49+00:00","og_image":[{"width":450,"height":253,"url":"https:\/\/www.aquimicasa.net\/blog\/wp-content\/uploads\/certificado-energetico1-e1485343625496.jpg","type":"image\/jpeg"}],"author":"Eduardo Lizarraga","twitter_misc":{"Escrito por":"Eduardo Lizarraga","Tiempo de lectura":"3 minutos"},"schema":{"@context":"https:\/\/schema.org","@graph":[{"@type":"Article","@id":"https:\/\/www.aquimicasa.net\/blog\/consumo\/consumidores\/que-no-se-nos-vaya-el-dinero-por-puertas-y-ventanas\/#article","isPartOf":{"@id":"https:\/\/www.aquimicasa.net\/blog\/consumo\/consumidores\/que-no-se-nos-vaya-el-dinero-por-puertas-y-ventanas\/"},"author":{"name":"Eduardo Lizarraga","@id":"https:\/\/www.aquimicasa.net\/blog\/#\/schema\/person\/2cdfa2605534583395c8d7ce1d6cac14"},"headline":"Que no se nos vaya el dinero por puertas y ventanas","datePublished":"2022-04-20T17:10:49+00:00","mainEntityOfPage":{"@id":"https:\/\/www.aquimicasa.net\/blog\/consumo\/consumidores\/que-no-se-nos-vaya-el-dinero-por-puertas-y-ventanas\/"},"wordCount":779,"publisher":{"@id":"https:\/\/www.aquimicasa.net\/blog\/#organization"},"image":{"@id":"https:\/\/www.aquimicasa.net\/blog\/consumo\/consumidores\/que-no-se-nos-vaya-el-dinero-por-puertas-y-ventanas\/#primaryimage"},"thumbnailUrl":"https:\/\/www.aquimicasa.net\/blog\/wp-content\/uploads\/certificado-energetico1-e1485343625496.jpg","keywords":["newsletter 354"],"articleSection":["Consumidores","El\u00e9ctricas","Gas y Petr\u00f3leo"],"inLanguage":"es"},{"@type":"WebPage","@id":"https:\/\/www.aquimicasa.net\/blog\/consumo\/consumidores\/que-no-se-nos-vaya-el-dinero-por-puertas-y-ventanas\/","url":"https:\/\/www.aquimicasa.net\/blog\/consumo\/consumidores\/que-no-se-nos-vaya-el-dinero-por-puertas-y-ventanas\/","name":"Que no se nos vaya el dinero por puertas y ventanas","isPartOf":{"@id":"https:\/\/www.aquimicasa.net\/blog\/#website"},"primaryImageOfPage":{"@id":"https:\/\/www.aquimicasa.net\/blog\/consumo\/consumidores\/que-no-se-nos-vaya-el-dinero-por-puertas-y-ventanas\/#primaryimage"},"image":{"@id":"https:\/\/www.aquimicasa.net\/blog\/consumo\/consumidores\/que-no-se-nos-vaya-el-dinero-por-puertas-y-ventanas\/#primaryimage"},"thumbnailUrl":"https:\/\/www.aquimicasa.net\/blog\/wp-content\/uploads\/certificado-energetico1-e1485343625496.jpg","datePublished":"2022-04-20T17:10:49+00:00","description":"Los costes del aislamiento siempre acaban amortiz\u00e1ndose, el plazo depende b\u00e1sicamente del tipo y el importe de la subvenci\u00f3n","breadcrumb":{"@id":"https:\/\/www.aquimicasa.net\/blog\/consumo\/consumidores\/que-no-se-nos-vaya-el-dinero-por-puertas-y-ventanas\/#breadcrumb"},"inLanguage":"es","potentialAction":[{"@type":"ReadAction","target":["https:\/\/www.aquimicasa.net\/blog\/consumo\/consumidores\/que-no-se-nos-vaya-el-dinero-por-puertas-y-ventanas\/"]}]},{"@type":"ImageObject","inLanguage":"es","@id":"https:\/\/www.aquimicasa.net\/blog\/consumo\/consumidores\/que-no-se-nos-vaya-el-dinero-por-puertas-y-ventanas\/#primaryimage","url":"https:\/\/www.aquimicasa.net\/blog\/wp-content\/uploads\/certificado-energetico1-e1485343625496.jpg","contentUrl":"https:\/\/www.aquimicasa.net\/blog\/wp-content\/uploads\/certificado-energetico1-e1485343625496.jpg","width":450,"height":253,"caption":"Ahorrar dinero aislando la vivienda"},{"@type":"BreadcrumbList","@id":"https:\/\/www.aquimicasa.net\/blog\/consumo\/consumidores\/que-no-se-nos-vaya-el-dinero-por-puertas-y-ventanas\/#breadcrumb","itemListElement":[{"@type":"ListItem","position":1,"name":"Portada","item":"https:\/\/www.aquimicasa.net\/blog\/"},{"@type":"ListItem","position":2,"name":"Que no se nos vaya el dinero por puertas y ventanas"}]},{"@type":"WebSite","@id":"https:\/\/www.aquimicasa.net\/blog\/#website","url":"https:\/\/www.aquimicasa.net\/blog\/","name":"Blog de aquimicasa.net","description":"Noticias del Mundo Inmobiliario","publisher":{"@id":"https:\/\/www.aquimicasa.net\/blog\/#organization"},"potentialAction":[{"@type":"SearchAction","target":{"@type":"EntryPoint","urlTemplate":"https:\/\/www.aquimicasa.net\/blog\/?s={search_term_string}"},"query-input":{"@type":"PropertyValueSpecification","valueRequired":true,"valueName":"search_term_string"}}],"inLanguage":"es"},{"@type":"Organization","@id":"https:\/\/www.aquimicasa.net\/blog\/#organization","name":"Blog de aquimicasa.net","url":"https:\/\/www.aquimicasa.net\/blog\/","logo":{"@type":"ImageObject","inLanguage":"es","@id":"https:\/\/www.aquimicasa.net\/blog\/#\/schema\/logo\/image\/","url":"https:\/\/www.aquimicasa.net\/blog\/wp-content\/uploads\/Logo-aquimicasa-1-e1528048213782.png","contentUrl":"https:\/\/www.aquimicasa.net\/blog\/wp-content\/uploads\/Logo-aquimicasa-1-e1528048213782.png","width":225,"height":225,"caption":"Blog de aquimicasa.net"},"image":{"@id":"https:\/\/www.aquimicasa.net\/blog\/#\/schema\/logo\/image\/"},"sameAs":["https:\/\/www.facebook.com\/aquimicasa.net","https:\/\/www.instagram.com\/","https:\/\/x.com\/EduLizarragaD","https:\/\/www.linkedin.com\/feed\/"]},{"@type":"Person","@id":"https:\/\/www.aquimicasa.net\/blog\/#\/schema\/person\/2cdfa2605534583395c8d7ce1d6cac14","name":"Eduardo Lizarraga","image":{"@type":"ImageObject","inLanguage":"es","@id":"https:\/\/secure.gravatar.com\/avatar\/bdabe1eeeed97b65a9cb7de2edd624b07995f7e13abc5fead15961f745f908cc?s=96&d=mm&r=g","url":"https:\/\/secure.gravatar.com\/avatar\/bdabe1eeeed97b65a9cb7de2edd624b07995f7e13abc5fead15961f745f908cc?s=96&d=mm&r=g","contentUrl":"https:\/\/secure.gravatar.com\/avatar\/bdabe1eeeed97b65a9cb7de2edd624b07995f7e13abc5fead15961f745f908cc?s=96&d=mm&r=g","caption":"Eduardo Lizarraga"},"description":"Periodista Econ\u00f3mico. Ha trabajado en diversos campos de la informaci\u00f3n. Corresponsal en conflictos, analista pol\u00edtico en Congreso y Senado, periodista del medio ambiente, editor, director editorial, director de comunicaci\u00f3n.... En estos momentos se ha especializado en el sector inmobiliario. Pero tambi\u00e9n es navegante y viajero, preocupado por la pobreza, el medio ambiente y por las actuaciones descontroladas del neoliberalismo empresarial y pol\u00edtico en todo el mundo. Los desahucios, la pobreza infantil y la falta de acceso a los suministros b\u00e1sicos son algunos de los grandes dramas de nuestra sociedad y que es preciso solucionar para hacerla m\u00e1s justa. CEO en www.aquimicasa.net","sameAs":["https:\/\/www.aquimicasa.net\/"],"url":"https:\/\/www.aquimicasa.net\/blog\/author\/eduardo\/"}]}},"jetpack_publicize_connections":[],"jetpack_featured_media_url":"https:\/\/www.aquimicasa.net\/blog\/wp-content\/uploads\/certificado-energetico1-e1485343625496.jpg","jetpack_sharing_enabled":true,"jetpack_likes_enabled":true,"_links":{"self":[{"href":"https:\/\/www.aquimicasa.net\/blog\/wp-json\/wp\/v2\/posts\/40593","targetHints":{"allow":["GET"]}}],"collection":[{"href":"https:\/\/www.aquimicasa.net\/blog\/wp-json\/wp\/v2\/posts"}],"about":[{"href":"https:\/\/www.aquimicasa.net\/blog\/wp-json\/wp\/v2\/types\/post"}],"author":[{"embeddable":true,"href":"https:\/\/www.aquimicasa.net\/blog\/wp-json\/wp\/v2\/users\/3"}],"replies":[{"embeddable":true,"href":"https:\/\/www.aquimicasa.net\/blog\/wp-json\/wp\/v2\/comments?post=40593"}],"version-history":[{"count":2,"href":"https:\/\/www.aquimicasa.net\/blog\/wp-json\/wp\/v2\/posts\/40593\/revisions"}],"predecessor-version":[{"id":40595,"href":"https:\/\/www.aquimicasa.net\/blog\/wp-json\/wp\/v2\/posts\/40593\/revisions\/40595"}],"wp:featuredmedia":[{"embeddable":true,"href":"https:\/\/www.aquimicasa.net\/blog\/wp-json\/wp\/v2\/media\/14314"}],"wp:attachment":[{"href":"https:\/\/www.aquimicasa.net\/blog\/wp-json\/wp\/v2\/media?parent=40593"}],"wp:term":[{"taxonomy":"category","embeddable":true,"href":"https:\/\/www.aquimicasa.net\/blog\/wp-json\/wp\/v2\/categories?post=40593"},{"taxonomy":"post_tag","embeddable":true,"href":"https:\/\/www.aquimicasa.net\/blog\/wp-json\/wp\/v2\/tags?post=40593"}],"curies":[{"name":"wp","href":"https:\/\/api.w.org\/{rel}","templated":true}]}}