{"id":40600,"date":"2022-04-21T09:01:24","date_gmt":"2022-04-21T07:01:24","guid":{"rendered":"https:\/\/www.aquimicasa.net\/blog\/?p=40600"},"modified":"2022-05-01T11:09:52","modified_gmt":"2022-05-01T09:09:52","slug":"punto-de-inflexion-suave-o-comienzo-de-crisis-profunda","status":"publish","type":"post","link":"https:\/\/www.aquimicasa.net\/blog\/opinion\/punto-de-inflexion-suave-o-comienzo-de-crisis-profunda\/","title":{"rendered":"\u00bfPunto de inflexi\u00f3n suave o comienzo de crisis profunda?"},"content":{"rendered":"<div class=\"fusion-fullwidth fullwidth-box fusion-builder-row-1 fusion-flex-container nonhundred-percent-fullwidth non-hundred-percent-height-scrolling\" style=\"background-color: rgba(255,255,255,0);background-position: center center;background-repeat: no-repeat;border-width: 0px 0px 0px 0px;border-color:#eae9e9;border-style:solid;\" ><div class=\"fusion-builder-row fusion-row fusion-flex-align-items-flex-start\" style=\"max-width:1144px;margin-left: calc(-4% \/ 2 );margin-right: calc(-4% \/ 2 );\"><div class=\"fusion-layout-column fusion_builder_column fusion-builder-column-0 fusion_builder_column_1_1 1_1 fusion-flex-column\"><div class=\"fusion-column-wrapper fusion-flex-justify-content-flex-start fusion-content-layout-column\" style=\"background-position:left top;background-repeat:no-repeat;-webkit-background-size:cover;-moz-background-size:cover;-o-background-size:cover;background-size:cover;padding: 0px 0px 0px 0px;\"><div class=\"fusion-text fusion-text-1\"><p>Nos fuimos de procesiones con la mosca detr\u00e1s de la oreja y antes de volver al trabajo nos sorprendi\u00f3 la noticia de que el eur\u00edbor, despu\u00e9s de seis a\u00f1os, se hab\u00eda puesto en positivo, lo que termin\u00f3 de preocuparnos del todo: el panorama estaba cambiando<strong>\u00a0<\/strong><\/p>\n<p>El mes de marzo hab\u00eda terminado con algo m\u00e1s de tranquilidad en las<strong> agencias inmobiliarias<\/strong>, acostumbradas a un ritmo fren\u00e9tico desde al menos ocho meses antes y en los primeros d\u00edas de abril la situaci\u00f3n no cambi\u00f3. Pero todo ven\u00eda de un poco m\u00e1s atr\u00e1s. En concreto de febrero, cuando ya la <strong>Estad\u00edstica Registral Inmobiliaria<\/strong> detectaba una ralentizaci\u00f3n en el mercado de la <strong>compraventa de viviendas<\/strong> a pesar de los datos positivos. Y no s\u00f3lo en las operaciones de vivienda, tambi\u00e9n en las hipotecas, que registraron en febrero el <strong>incremento anual m\u00e1s moderado de los \u00faltimos doce meses<\/strong>.<\/p>\n<p>Los datos de febrero, sin que los carros de Putin se hubieran puesto a\u00fan en marcha, ya mostraban un descenso en los ratios de crecimiento. Podr\u00eda deberse a la <strong>inflaci\u00f3n<\/strong>, con su efecto perverso sobre el disponible familiar o a que la alta demanda precedente comenzaba a satisfacerse.<\/p>\n<p>En marzo, la <strong>guerra en Ucrania<\/strong>, la inflaci\u00f3n que segu\u00eda creciendo y los precios de los carburantes no mejoraron la situaci\u00f3n y ante la falta de datos, los comentarios de las inmobiliarias son muy clarificadores; se contin\u00faan cerrando operaciones que vienen de atr\u00e1s pero se nota un retraimiento, una <strong>bajada de la alegr\u00eda<\/strong> que nos hab\u00eda tra\u00eddo la disminuci\u00f3n de las medidas covid. Ahora, la nueva realidad del <strong>Eur\u00edbor<\/strong>, que puede cerrar a cero este mes, es una preocupaci\u00f3n m\u00e1s y empiezan a ser demasiadas,\u00a0 la pregunta de si es buen momento para a<strong>dquirir vivienda<\/strong> comienza a hacerse con insistencia.<\/p>\n<p>De entre las grandes cuestiones que est\u00e1n marcando la evoluci\u00f3n econ\u00f3mica de este a\u00f1o y con ello la del sector de la vivienda, debemos apartar la <strong>guerra de Putin<\/strong> que, aunque posiblemente sea el origen de la mayor incertidumbre que nos aflige, no es, por desgracia nada que est\u00e9 en nuestras manos poder solucionar. Lo \u00fanico que podemos pedir es que termine cuanto antes, no s\u00f3lo porque el pueblo ucraniano se est\u00e1 quedando sin pa\u00eds, sino porque su prolongaci\u00f3n es un riesgo de que el conflicto se extienda y porque las consecuencias econ\u00f3micas ir\u00e1n en relaci\u00f3n a su duraci\u00f3n.<\/p>\n<p>Lo de la inflaci\u00f3n es diferente y para poder controlarla en lo posible es necesario entender de qu\u00e9 se estructura y poder atajar a cada uno de sus componentes de forma distinta. Podr\u00eda decirse que ese <strong>9,8% de inflaci\u00f3n del pasado mes<\/strong> es producto de la conjunci\u00f3n de varios problemas inflacionistas.<\/p>\n<p>Sin duda el primer componente de la inflaci\u00f3n, por antig\u00fcedad e importancia, es la <strong>actuaci\u00f3n del BCE<\/strong> que ha mantenido el precio del dinero en negativo durante seis a\u00f1os, con dinero barato para todo,\u00a0 para favorecer el crecimiento sin darle importancia a la inflaci\u00f3n que a la salida de la recuperaci\u00f3n podr\u00eda producirse. La <strong>subida de los tipos de inter\u00e9s<\/strong> que ya llega y la restricci\u00f3n monetaria que impulsar\u00e1 deber\u00eda contener el consumo y bajar los precios y por tanto la inflaci\u00f3n. Aunque claro est\u00e1 a costa de <strong>recesi\u00f3n y puestos de trabajo<\/strong>. M\u00e1xime en un pa\u00eds con el PIB tan ligado al consumo como el nuestro.<\/p>\n<p>Otra importante componente de la inflaci\u00f3n y de dif\u00edcil soluci\u00f3n es la <strong>subida de los productos energ\u00e9ticos<\/strong> y otras materias primas sobre las que es m\u00e1s dif\u00edcil actuar. Sobre todo, porque el conflicto de Ucrania impedir\u00e1 que bajen los precios energ\u00e9ticos al nivel de antes, por lo que finalmente deber\u00e1n ser asumidos por la econom\u00eda como <strong>mayores costes<\/strong>, con un incremento de precio del producto final. Propiciando tambi\u00e9n un menor consumo.<\/p>\n<p>No hay que olvidar que la salida de los momentos m\u00e1s duros de la pandemia, propici\u00f3 un <strong>fuerte aumento del consumo<\/strong> impulsado por el ahorro generado. Y este mayor consumo, que se produjo con unas estructuras industriales en extremo oriente debilitadas por la pandemia, dejo escasez en los mercados y por lo tanto aumento de precios, a lo que tampoco fueron ajenos el espectacular incremento de los fletes mar\u00edtimos. La vuelta al ahorro por precauci\u00f3n y el incremento del precio de los productos solucionar\u00e1 la situaci\u00f3n en unos meses, aunque tambi\u00e9n incidiendo sobre el consumo, con la conocida relaci\u00f3n que tiene sobre el mercado laboral.<\/p>\n<p>La novedad de este mes es el <strong>cambio de direcci\u00f3n del Eur\u00edbor<\/strong> que va a tener mucha influencia sobre la econom\u00eda familiar, el coste de las hipotecas y por lo tanto en el <strong>mercado de la vivienda<\/strong>.<\/p>\n<p>Nuestro principal \u00edndice hipotecario sube con fuerza ante el inminente ascenso de los tipos de inter\u00e9s y el pasado 12 de abril cotiz\u00f3 en positivo por primera vez en seis a\u00f1os. Es cierto que al d\u00eda siguiente volvi\u00f3 a bajar y que desde entonces<strong> se mantiene ligeramente por debajo del cero<\/strong>. Y esa es la previsi\u00f3n del mes, con lo que podr\u00eda encarecer las hipotecas hasta 600 euros al a\u00f1o. Y s\u00f3lo es el principio.<\/p>\n<p>La principal raz\u00f3n de la fuerte subida del eur\u00edbor es la <strong>inflaci\u00f3n descontrolada<\/strong> desde la guerra de Putin, que seguro nos vuelve a dar un susto -la inflaci\u00f3n, espero que Putin no- al finalizar abril. Y con esta presi\u00f3n inflacionista el BCE deber\u00e1 actuar subiendo los tipos y los bancos, que se lo esperan, ya est\u00e1n aplicando intereses m\u00e1s altos a sus operaciones. No ser\u00e1 la \u00fanica medida que adopte el BCE, que en boca de su presidenta, Christine Lagarde, ya ha anunciado que podr\u00edan <strong>finalizar las compras de activos<\/strong> en el tercer trimestre. \u00a1Se acab\u00f3 el dinero barato para que los Estados se financien! El pr\u00f3ximo 9 de junio tendr\u00e1 lugar su pr\u00f3xima reuni\u00f3n en la que podr\u00edan tomarse importantes decisiones. Y avanzarse proyecciones macroecon\u00f3micas para la zona euro&#8230;<\/p>\n<p>La inflaci\u00f3n desbocada, los precios energ\u00e9ticos descontrolados, el eur\u00edbor subiendo\u2026son demasiadas cuestiones sin control en Europa para que no sea <strong>incertidumbre<\/strong> de nuevo la palabra m\u00e1s utilizada.<\/p>\n<p>Todas estas cuestiones en su conjunto est\u00e1n afectando al sector inmobiliario como al resto, pero hay que a\u00f1adir otra nueva fuente de preocupaci\u00f3n. Y es que la construcci\u00f3n est\u00e1 con muchos problemas. Tantos que un buen n\u00famero de promotoras y constructoras podr\u00edan entrar en <strong>concurso de acreedores<\/strong> los pr\u00f3ximos meses. \u00bfLos culpables? M\u00e1s de lo mismo: el incremento del precio de los materiales, su escasez, el transporte, la energ\u00eda y la ausencia de mano de obra cualificada, que se estima en unos 700.000 operarios. El resultado de todo ello es que las viviendas que salen ahora al mercado son, de media, 100.000 euros m\u00e1s caras que las usadas.<\/p>\n<p>La mala situaci\u00f3n se est\u00e1 dando tanto en la<strong> obra p\u00fablica como en la construcci\u00f3n residencial<\/strong>. Se necesitan como poco 100.000 viviendas nuevas cada a\u00f1o para la demanda de reposici\u00f3n, pero el pasado tan s\u00f3lo se lleg\u00f3 a las 70.000 y \u00e9ste, a pesar de haber mucha obra iniciada, podr\u00edan no terminarse y ponerse en el mercado ni 50.000 viviendas. Muchos empresarios parar\u00e1n antes de terminarlas a un precio que no era el pactado, al estar asumiendo un incremento de costes en construcci\u00f3n residencial que fue del 23,5% el pasado a\u00f1o. La situaci\u00f3n ha hecho que sea el sector de <strong>construcci\u00f3n e inmobiliario<\/strong> el que encabeza las insolvencias producidas, con el 24% del total. Y la situaci\u00f3n est\u00e1 empeorando porque si contemplamos los datos de este primer trimestre el porcentaje sube al 44%.<\/p>\n<p>Ante tal avalancha de datos negativos y panorama sombr\u00edo, el que quiera acogerse, como Pandora a la esperanza, tiene como asidero que las <strong>inversiones en vivienda<\/strong>, tanto la compra como la reforma, se han contemplado siempre como una buena medida contra la inflaci\u00f3n. Lo que suele ser <strong>cierto en el largo plazo<\/strong>, pero no tanto en el medio o corto. Y es que el precio de la vivienda tambi\u00e9n podr\u00eda colocarse por debajo del IPC, sobre todo cuando contemplamos un escenario de ca\u00edda del poder adquisitivo y por lo tanto del consumo, incremento ya inmediato del precio del dinero y un m\u00e1s que probable aumento del desempleo cuando las <strong>ayudas p\u00fablicas<\/strong> no puedan seguir manteni\u00e9ndose en el tiempo.<\/p>\n<p>La capacidad de recuperaci\u00f3n de la econom\u00eda y del PIB <strong>por encima de la inflaci\u00f3n, <\/strong>que de momento no son esos los datos, \u00a0ser\u00e1n la clave en un panorama de ca\u00edda del poder adquisitivo y\u00a0 con la sombra de Putin creciendo sobre Europa.<\/p>\n<p><img decoding=\"async\" class=\" wp-image-27470\" src=\"https:\/\/www.aquimicasa.net\/blog\/wp-content\/uploads\/Eduardo2-244x300.jpg\" alt=\"Periodista econ\u00f3mico\" width=\"120\" height=\"148\" srcset=\"https:\/\/www.aquimicasa.net\/blog\/wp-content\/uploads\/Eduardo2-122x150.jpg 122w, https:\/\/www.aquimicasa.net\/blog\/wp-content\/uploads\/Eduardo2-200x246.jpg 200w, https:\/\/www.aquimicasa.net\/blog\/wp-content\/uploads\/Eduardo2-244x300.jpg 244w, https:\/\/www.aquimicasa.net\/blog\/wp-content\/uploads\/Eduardo2-400x492.jpg 400w, https:\/\/www.aquimicasa.net\/blog\/wp-content\/uploads\/Eduardo2.jpg 513w\" sizes=\"(max-width: 120px) 100vw, 120px\" \/><\/p>\n<p>Eduardo Lizarraga<\/p>\n<p>WWW.AQUIMICASA.NET<\/p>\n<\/div><\/div><style type=\"text\/css\">.fusion-body .fusion-builder-column-0{width:100% !important;margin-top : 0px;margin-bottom : 0px;}.fusion-builder-column-0 > .fusion-column-wrapper {padding-top : 0px !important;padding-right : 0px !important;margin-right : 1.92%;padding-bottom : 0px !important;padding-left : 0px !important;margin-left : 1.92%;}@media only screen and (max-width:1024px) {.fusion-body .fusion-builder-column-0{width:100% !important;}.fusion-builder-column-0 > .fusion-column-wrapper {margin-right : 1.92%;margin-left : 1.92%;}}@media only screen and (max-width:640px) {.fusion-body .fusion-builder-column-0{width:100% !important;}.fusion-builder-column-0 > .fusion-column-wrapper {margin-right : 1.92%;margin-left : 1.92%;}}<\/style><\/div><\/div><style type=\"text\/css\">.fusion-body .fusion-flex-container.fusion-builder-row-1{ padding-top : 0px;margin-top : 0px;padding-right : 0px;padding-bottom : 0px;margin-bottom : 0px;padding-left : 0px;}<\/style><\/div>\n","protected":false},"excerpt":{"rendered":"<p>Ante tal avalancha de datos negativos y panorama sombr\u00edo, el que quiera acogerse, como Pandora a la esperanza, tiene como asidero que las inversiones en vivienda, tanto la compra como la reforma, se han contemplado siempre como una buena medida contra la inflaci\u00f3n. Lo que suele ser cierto en el largo plazo, pero no tanto en el medio o corto.<\/p>\n","protected":false},"author":3,"featured_media":40603,"comment_status":"closed","ping_status":"closed","sticky":false,"template":"","format":"standard","meta":{"_jetpack_memberships_contains_paid_content":false,"footnotes":"","jetpack_publicize_message":"","jetpack_publicize_feature_enabled":true,"jetpack_social_post_already_shared":true,"jetpack_social_options":{"image_generator_settings":{"template":"highway","default_image_id":0,"font":"","enabled":false},"version":2}},"categories":[3249],"tags":[2989,8022,8024],"class_list":["post-40600","post","type-post","status-publish","format-standard","has-post-thumbnail","hentry","category-opinion","tag-articulo-de-opinion","tag-newsletter-354","tag-newsletter-355"],"yoast_head":"<!-- This site is optimized with the Yoast SEO plugin v28.2 - https:\/\/yoast.com\/product\/yoast-seo-wordpress\/ -->\n<title>\u00bfPunto de inflexi\u00f3n suave o comienzo de crisis profunda?<\/title>\n<meta name=\"description\" content=\"La inflaci\u00f3n, la energ\u00eda, el eur\u00edbor... demasiadas cuestiones sin control para que no sea incertidumbre de nuevo la palabra m\u00e1s utilizada\" \/>\n<meta name=\"robots\" content=\"index, follow, max-snippet:-1, max-image-preview:large, max-video-preview:-1\" \/>\n<link rel=\"canonical\" href=\"https:\/\/www.aquimicasa.net\/blog\/opinion\/punto-de-inflexion-suave-o-comienzo-de-crisis-profunda\/\" \/>\n<meta property=\"og:locale\" content=\"es_ES\" \/>\n<meta property=\"og:type\" content=\"article\" \/>\n<meta property=\"og:title\" content=\"\u00bfPunto de inflexi\u00f3n suave o comienzo de crisis profunda?\" \/>\n<meta property=\"og:description\" content=\"La inflaci\u00f3n, la energ\u00eda, el eur\u00edbor... demasiadas cuestiones sin control para que no sea incertidumbre de nuevo la palabra m\u00e1s utilizada\" \/>\n<meta property=\"og:url\" content=\"https:\/\/www.aquimicasa.net\/blog\/opinion\/punto-de-inflexion-suave-o-comienzo-de-crisis-profunda\/\" \/>\n<meta property=\"og:site_name\" content=\"Blog de aquimicasa.net\" \/>\n<meta property=\"article:publisher\" content=\"https:\/\/www.facebook.com\/aquimicasa.net\" \/>\n<meta property=\"article:published_time\" content=\"2022-04-21T07:01:24+00:00\" \/>\n<meta property=\"article:modified_time\" content=\"2022-05-01T09:09:52+00:00\" \/>\n<meta property=\"og:image\" content=\"https:\/\/www.aquimicasa.net\/blog\/wp-content\/uploads\/inflacion3-e1650523528482.jpg\" \/>\n\t<meta property=\"og:image:width\" content=\"400\" \/>\n\t<meta property=\"og:image:height\" content=\"366\" \/>\n\t<meta property=\"og:image:type\" content=\"image\/jpeg\" \/>\n<meta name=\"author\" content=\"Eduardo Lizarraga\" \/>\n<meta name=\"twitter:label1\" content=\"Escrito por\" \/>\n\t<meta name=\"twitter:data1\" content=\"Eduardo Lizarraga\" \/>\n\t<meta name=\"twitter:label2\" content=\"Tiempo de lectura\" \/>\n\t<meta name=\"twitter:data2\" content=\"7 minutos\" \/>\n<script type=\"application\/ld+json\" class=\"yoast-schema-graph\">{\"@context\":\"https:\\\/\\\/schema.org\",\"@graph\":[{\"@type\":\"Article\",\"@id\":\"https:\\\/\\\/www.aquimicasa.net\\\/blog\\\/opinion\\\/punto-de-inflexion-suave-o-comienzo-de-crisis-profunda\\\/#article\",\"isPartOf\":{\"@id\":\"https:\\\/\\\/www.aquimicasa.net\\\/blog\\\/opinion\\\/punto-de-inflexion-suave-o-comienzo-de-crisis-profunda\\\/\"},\"author\":{\"name\":\"Eduardo Lizarraga\",\"@id\":\"https:\\\/\\\/www.aquimicasa.net\\\/blog\\\/#\\\/schema\\\/person\\\/2cdfa2605534583395c8d7ce1d6cac14\"},\"headline\":\"\u00bfPunto de inflexi\u00f3n suave o comienzo de crisis profunda?\",\"datePublished\":\"2022-04-21T07:01:24+00:00\",\"dateModified\":\"2022-05-01T09:09:52+00:00\",\"mainEntityOfPage\":{\"@id\":\"https:\\\/\\\/www.aquimicasa.net\\\/blog\\\/opinion\\\/punto-de-inflexion-suave-o-comienzo-de-crisis-profunda\\\/\"},\"wordCount\":1779,\"publisher\":{\"@id\":\"https:\\\/\\\/www.aquimicasa.net\\\/blog\\\/#organization\"},\"image\":{\"@id\":\"https:\\\/\\\/www.aquimicasa.net\\\/blog\\\/opinion\\\/punto-de-inflexion-suave-o-comienzo-de-crisis-profunda\\\/#primaryimage\"},\"thumbnailUrl\":\"https:\\\/\\\/www.aquimicasa.net\\\/blog\\\/wp-content\\\/uploads\\\/inflacion3-e1650523528482.jpg\",\"keywords\":[\"art\u00edculo de opini\u00f3n\",\"newsletter 354\",\"newsletter 355\"],\"articleSection\":[\"Opini\u00f3n\"],\"inLanguage\":\"es\"},{\"@type\":\"WebPage\",\"@id\":\"https:\\\/\\\/www.aquimicasa.net\\\/blog\\\/opinion\\\/punto-de-inflexion-suave-o-comienzo-de-crisis-profunda\\\/\",\"url\":\"https:\\\/\\\/www.aquimicasa.net\\\/blog\\\/opinion\\\/punto-de-inflexion-suave-o-comienzo-de-crisis-profunda\\\/\",\"name\":\"\u00bfPunto de inflexi\u00f3n suave o comienzo de crisis profunda?\",\"isPartOf\":{\"@id\":\"https:\\\/\\\/www.aquimicasa.net\\\/blog\\\/#website\"},\"primaryImageOfPage\":{\"@id\":\"https:\\\/\\\/www.aquimicasa.net\\\/blog\\\/opinion\\\/punto-de-inflexion-suave-o-comienzo-de-crisis-profunda\\\/#primaryimage\"},\"image\":{\"@id\":\"https:\\\/\\\/www.aquimicasa.net\\\/blog\\\/opinion\\\/punto-de-inflexion-suave-o-comienzo-de-crisis-profunda\\\/#primaryimage\"},\"thumbnailUrl\":\"https:\\\/\\\/www.aquimicasa.net\\\/blog\\\/wp-content\\\/uploads\\\/inflacion3-e1650523528482.jpg\",\"datePublished\":\"2022-04-21T07:01:24+00:00\",\"dateModified\":\"2022-05-01T09:09:52+00:00\",\"description\":\"La inflaci\u00f3n, la energ\u00eda, el eur\u00edbor... demasiadas cuestiones sin control para que no sea incertidumbre de nuevo la palabra m\u00e1s utilizada\",\"breadcrumb\":{\"@id\":\"https:\\\/\\\/www.aquimicasa.net\\\/blog\\\/opinion\\\/punto-de-inflexion-suave-o-comienzo-de-crisis-profunda\\\/#breadcrumb\"},\"inLanguage\":\"es\",\"potentialAction\":[{\"@type\":\"ReadAction\",\"target\":[\"https:\\\/\\\/www.aquimicasa.net\\\/blog\\\/opinion\\\/punto-de-inflexion-suave-o-comienzo-de-crisis-profunda\\\/\"]}]},{\"@type\":\"ImageObject\",\"inLanguage\":\"es\",\"@id\":\"https:\\\/\\\/www.aquimicasa.net\\\/blog\\\/opinion\\\/punto-de-inflexion-suave-o-comienzo-de-crisis-profunda\\\/#primaryimage\",\"url\":\"https:\\\/\\\/www.aquimicasa.net\\\/blog\\\/wp-content\\\/uploads\\\/inflacion3-e1650523528482.jpg\",\"contentUrl\":\"https:\\\/\\\/www.aquimicasa.net\\\/blog\\\/wp-content\\\/uploads\\\/inflacion3-e1650523528482.jpg\",\"width\":400,\"height\":366,\"caption\":\"La inflaci\u00f3n bajar\u00e9 el consumo y el PIB\"},{\"@type\":\"BreadcrumbList\",\"@id\":\"https:\\\/\\\/www.aquimicasa.net\\\/blog\\\/opinion\\\/punto-de-inflexion-suave-o-comienzo-de-crisis-profunda\\\/#breadcrumb\",\"itemListElement\":[{\"@type\":\"ListItem\",\"position\":1,\"name\":\"Portada\",\"item\":\"https:\\\/\\\/www.aquimicasa.net\\\/blog\\\/\"},{\"@type\":\"ListItem\",\"position\":2,\"name\":\"\u00bfPunto de inflexi\u00f3n suave o comienzo de crisis profunda?\"}]},{\"@type\":\"WebSite\",\"@id\":\"https:\\\/\\\/www.aquimicasa.net\\\/blog\\\/#website\",\"url\":\"https:\\\/\\\/www.aquimicasa.net\\\/blog\\\/\",\"name\":\"Blog de aquimicasa.net\",\"description\":\"Noticias del Mundo Inmobiliario\",\"publisher\":{\"@id\":\"https:\\\/\\\/www.aquimicasa.net\\\/blog\\\/#organization\"},\"potentialAction\":[{\"@type\":\"SearchAction\",\"target\":{\"@type\":\"EntryPoint\",\"urlTemplate\":\"https:\\\/\\\/www.aquimicasa.net\\\/blog\\\/?s={search_term_string}\"},\"query-input\":{\"@type\":\"PropertyValueSpecification\",\"valueRequired\":true,\"valueName\":\"search_term_string\"}}],\"inLanguage\":\"es\"},{\"@type\":\"Organization\",\"@id\":\"https:\\\/\\\/www.aquimicasa.net\\\/blog\\\/#organization\",\"name\":\"Blog de aquimicasa.net\",\"url\":\"https:\\\/\\\/www.aquimicasa.net\\\/blog\\\/\",\"logo\":{\"@type\":\"ImageObject\",\"inLanguage\":\"es\",\"@id\":\"https:\\\/\\\/www.aquimicasa.net\\\/blog\\\/#\\\/schema\\\/logo\\\/image\\\/\",\"url\":\"https:\\\/\\\/www.aquimicasa.net\\\/blog\\\/wp-content\\\/uploads\\\/Logo-aquimicasa-1-e1528048213782.png\",\"contentUrl\":\"https:\\\/\\\/www.aquimicasa.net\\\/blog\\\/wp-content\\\/uploads\\\/Logo-aquimicasa-1-e1528048213782.png\",\"width\":225,\"height\":225,\"caption\":\"Blog de aquimicasa.net\"},\"image\":{\"@id\":\"https:\\\/\\\/www.aquimicasa.net\\\/blog\\\/#\\\/schema\\\/logo\\\/image\\\/\"},\"sameAs\":[\"https:\\\/\\\/www.facebook.com\\\/aquimicasa.net\",\"https:\\\/\\\/www.instagram.com\\\/\",\"https:\\\/\\\/x.com\\\/EduLizarragaD\",\"https:\\\/\\\/www.linkedin.com\\\/feed\\\/\"]},{\"@type\":\"Person\",\"@id\":\"https:\\\/\\\/www.aquimicasa.net\\\/blog\\\/#\\\/schema\\\/person\\\/2cdfa2605534583395c8d7ce1d6cac14\",\"name\":\"Eduardo Lizarraga\",\"image\":{\"@type\":\"ImageObject\",\"inLanguage\":\"es\",\"@id\":\"https:\\\/\\\/secure.gravatar.com\\\/avatar\\\/bdabe1eeeed97b65a9cb7de2edd624b07995f7e13abc5fead15961f745f908cc?s=96&d=mm&r=g\",\"url\":\"https:\\\/\\\/secure.gravatar.com\\\/avatar\\\/bdabe1eeeed97b65a9cb7de2edd624b07995f7e13abc5fead15961f745f908cc?s=96&d=mm&r=g\",\"contentUrl\":\"https:\\\/\\\/secure.gravatar.com\\\/avatar\\\/bdabe1eeeed97b65a9cb7de2edd624b07995f7e13abc5fead15961f745f908cc?s=96&d=mm&r=g\",\"caption\":\"Eduardo Lizarraga\"},\"description\":\"Periodista Econ\u00f3mico. Ha trabajado en diversos campos de la informaci\u00f3n. Corresponsal en conflictos, analista pol\u00edtico en Congreso y Senado, periodista del medio ambiente, editor, director editorial, director de comunicaci\u00f3n.... En estos momentos se ha especializado en el sector inmobiliario. Pero tambi\u00e9n es navegante y viajero, preocupado por la pobreza, el medio ambiente y por las actuaciones descontroladas del neoliberalismo empresarial y pol\u00edtico en todo el mundo. Los desahucios, la pobreza infantil y la falta de acceso a los suministros b\u00e1sicos son algunos de los grandes dramas de nuestra sociedad y que es preciso solucionar para hacerla m\u00e1s justa. CEO en www.aquimicasa.net\",\"sameAs\":[\"https:\\\/\\\/www.aquimicasa.net\\\/\"],\"url\":\"https:\\\/\\\/www.aquimicasa.net\\\/blog\\\/author\\\/eduardo\\\/\"}]}<\/script>\n<!-- \/ Yoast SEO plugin. -->","yoast_head_json":{"title":"\u00bfPunto de inflexi\u00f3n suave o comienzo de crisis profunda?","description":"La inflaci\u00f3n, la energ\u00eda, el eur\u00edbor... demasiadas cuestiones sin control para que no sea incertidumbre de nuevo la palabra m\u00e1s utilizada","robots":{"index":"index","follow":"follow","max-snippet":"max-snippet:-1","max-image-preview":"max-image-preview:large","max-video-preview":"max-video-preview:-1"},"canonical":"https:\/\/www.aquimicasa.net\/blog\/opinion\/punto-de-inflexion-suave-o-comienzo-de-crisis-profunda\/","og_locale":"es_ES","og_type":"article","og_title":"\u00bfPunto de inflexi\u00f3n suave o comienzo de crisis profunda?","og_description":"La inflaci\u00f3n, la energ\u00eda, el eur\u00edbor... demasiadas cuestiones sin control para que no sea incertidumbre de nuevo la palabra m\u00e1s utilizada","og_url":"https:\/\/www.aquimicasa.net\/blog\/opinion\/punto-de-inflexion-suave-o-comienzo-de-crisis-profunda\/","og_site_name":"Blog de aquimicasa.net","article_publisher":"https:\/\/www.facebook.com\/aquimicasa.net","article_published_time":"2022-04-21T07:01:24+00:00","article_modified_time":"2022-05-01T09:09:52+00:00","og_image":[{"width":400,"height":366,"url":"https:\/\/www.aquimicasa.net\/blog\/wp-content\/uploads\/inflacion3-e1650523528482.jpg","type":"image\/jpeg"}],"author":"Eduardo Lizarraga","twitter_misc":{"Escrito por":"Eduardo Lizarraga","Tiempo de lectura":"7 minutos"},"schema":{"@context":"https:\/\/schema.org","@graph":[{"@type":"Article","@id":"https:\/\/www.aquimicasa.net\/blog\/opinion\/punto-de-inflexion-suave-o-comienzo-de-crisis-profunda\/#article","isPartOf":{"@id":"https:\/\/www.aquimicasa.net\/blog\/opinion\/punto-de-inflexion-suave-o-comienzo-de-crisis-profunda\/"},"author":{"name":"Eduardo Lizarraga","@id":"https:\/\/www.aquimicasa.net\/blog\/#\/schema\/person\/2cdfa2605534583395c8d7ce1d6cac14"},"headline":"\u00bfPunto de inflexi\u00f3n suave o comienzo de crisis profunda?","datePublished":"2022-04-21T07:01:24+00:00","dateModified":"2022-05-01T09:09:52+00:00","mainEntityOfPage":{"@id":"https:\/\/www.aquimicasa.net\/blog\/opinion\/punto-de-inflexion-suave-o-comienzo-de-crisis-profunda\/"},"wordCount":1779,"publisher":{"@id":"https:\/\/www.aquimicasa.net\/blog\/#organization"},"image":{"@id":"https:\/\/www.aquimicasa.net\/blog\/opinion\/punto-de-inflexion-suave-o-comienzo-de-crisis-profunda\/#primaryimage"},"thumbnailUrl":"https:\/\/www.aquimicasa.net\/blog\/wp-content\/uploads\/inflacion3-e1650523528482.jpg","keywords":["art\u00edculo de opini\u00f3n","newsletter 354","newsletter 355"],"articleSection":["Opini\u00f3n"],"inLanguage":"es"},{"@type":"WebPage","@id":"https:\/\/www.aquimicasa.net\/blog\/opinion\/punto-de-inflexion-suave-o-comienzo-de-crisis-profunda\/","url":"https:\/\/www.aquimicasa.net\/blog\/opinion\/punto-de-inflexion-suave-o-comienzo-de-crisis-profunda\/","name":"\u00bfPunto de inflexi\u00f3n suave o comienzo de crisis profunda?","isPartOf":{"@id":"https:\/\/www.aquimicasa.net\/blog\/#website"},"primaryImageOfPage":{"@id":"https:\/\/www.aquimicasa.net\/blog\/opinion\/punto-de-inflexion-suave-o-comienzo-de-crisis-profunda\/#primaryimage"},"image":{"@id":"https:\/\/www.aquimicasa.net\/blog\/opinion\/punto-de-inflexion-suave-o-comienzo-de-crisis-profunda\/#primaryimage"},"thumbnailUrl":"https:\/\/www.aquimicasa.net\/blog\/wp-content\/uploads\/inflacion3-e1650523528482.jpg","datePublished":"2022-04-21T07:01:24+00:00","dateModified":"2022-05-01T09:09:52+00:00","description":"La inflaci\u00f3n, la energ\u00eda, el eur\u00edbor... demasiadas cuestiones sin control para que no sea incertidumbre de nuevo la palabra m\u00e1s utilizada","breadcrumb":{"@id":"https:\/\/www.aquimicasa.net\/blog\/opinion\/punto-de-inflexion-suave-o-comienzo-de-crisis-profunda\/#breadcrumb"},"inLanguage":"es","potentialAction":[{"@type":"ReadAction","target":["https:\/\/www.aquimicasa.net\/blog\/opinion\/punto-de-inflexion-suave-o-comienzo-de-crisis-profunda\/"]}]},{"@type":"ImageObject","inLanguage":"es","@id":"https:\/\/www.aquimicasa.net\/blog\/opinion\/punto-de-inflexion-suave-o-comienzo-de-crisis-profunda\/#primaryimage","url":"https:\/\/www.aquimicasa.net\/blog\/wp-content\/uploads\/inflacion3-e1650523528482.jpg","contentUrl":"https:\/\/www.aquimicasa.net\/blog\/wp-content\/uploads\/inflacion3-e1650523528482.jpg","width":400,"height":366,"caption":"La inflaci\u00f3n bajar\u00e9 el consumo y el PIB"},{"@type":"BreadcrumbList","@id":"https:\/\/www.aquimicasa.net\/blog\/opinion\/punto-de-inflexion-suave-o-comienzo-de-crisis-profunda\/#breadcrumb","itemListElement":[{"@type":"ListItem","position":1,"name":"Portada","item":"https:\/\/www.aquimicasa.net\/blog\/"},{"@type":"ListItem","position":2,"name":"\u00bfPunto de inflexi\u00f3n suave o comienzo de crisis profunda?"}]},{"@type":"WebSite","@id":"https:\/\/www.aquimicasa.net\/blog\/#website","url":"https:\/\/www.aquimicasa.net\/blog\/","name":"Blog de aquimicasa.net","description":"Noticias del Mundo Inmobiliario","publisher":{"@id":"https:\/\/www.aquimicasa.net\/blog\/#organization"},"potentialAction":[{"@type":"SearchAction","target":{"@type":"EntryPoint","urlTemplate":"https:\/\/www.aquimicasa.net\/blog\/?s={search_term_string}"},"query-input":{"@type":"PropertyValueSpecification","valueRequired":true,"valueName":"search_term_string"}}],"inLanguage":"es"},{"@type":"Organization","@id":"https:\/\/www.aquimicasa.net\/blog\/#organization","name":"Blog de aquimicasa.net","url":"https:\/\/www.aquimicasa.net\/blog\/","logo":{"@type":"ImageObject","inLanguage":"es","@id":"https:\/\/www.aquimicasa.net\/blog\/#\/schema\/logo\/image\/","url":"https:\/\/www.aquimicasa.net\/blog\/wp-content\/uploads\/Logo-aquimicasa-1-e1528048213782.png","contentUrl":"https:\/\/www.aquimicasa.net\/blog\/wp-content\/uploads\/Logo-aquimicasa-1-e1528048213782.png","width":225,"height":225,"caption":"Blog de aquimicasa.net"},"image":{"@id":"https:\/\/www.aquimicasa.net\/blog\/#\/schema\/logo\/image\/"},"sameAs":["https:\/\/www.facebook.com\/aquimicasa.net","https:\/\/www.instagram.com\/","https:\/\/x.com\/EduLizarragaD","https:\/\/www.linkedin.com\/feed\/"]},{"@type":"Person","@id":"https:\/\/www.aquimicasa.net\/blog\/#\/schema\/person\/2cdfa2605534583395c8d7ce1d6cac14","name":"Eduardo Lizarraga","image":{"@type":"ImageObject","inLanguage":"es","@id":"https:\/\/secure.gravatar.com\/avatar\/bdabe1eeeed97b65a9cb7de2edd624b07995f7e13abc5fead15961f745f908cc?s=96&d=mm&r=g","url":"https:\/\/secure.gravatar.com\/avatar\/bdabe1eeeed97b65a9cb7de2edd624b07995f7e13abc5fead15961f745f908cc?s=96&d=mm&r=g","contentUrl":"https:\/\/secure.gravatar.com\/avatar\/bdabe1eeeed97b65a9cb7de2edd624b07995f7e13abc5fead15961f745f908cc?s=96&d=mm&r=g","caption":"Eduardo Lizarraga"},"description":"Periodista Econ\u00f3mico. Ha trabajado en diversos campos de la informaci\u00f3n. Corresponsal en conflictos, analista pol\u00edtico en Congreso y Senado, periodista del medio ambiente, editor, director editorial, director de comunicaci\u00f3n.... En estos momentos se ha especializado en el sector inmobiliario. Pero tambi\u00e9n es navegante y viajero, preocupado por la pobreza, el medio ambiente y por las actuaciones descontroladas del neoliberalismo empresarial y pol\u00edtico en todo el mundo. Los desahucios, la pobreza infantil y la falta de acceso a los suministros b\u00e1sicos son algunos de los grandes dramas de nuestra sociedad y que es preciso solucionar para hacerla m\u00e1s justa. CEO en www.aquimicasa.net","sameAs":["https:\/\/www.aquimicasa.net\/"],"url":"https:\/\/www.aquimicasa.net\/blog\/author\/eduardo\/"}]}},"jetpack_publicize_connections":[],"jetpack_featured_media_url":"https:\/\/www.aquimicasa.net\/blog\/wp-content\/uploads\/inflacion3-e1650523528482.jpg","jetpack_sharing_enabled":true,"jetpack_likes_enabled":true,"_links":{"self":[{"href":"https:\/\/www.aquimicasa.net\/blog\/wp-json\/wp\/v2\/posts\/40600","targetHints":{"allow":["GET"]}}],"collection":[{"href":"https:\/\/www.aquimicasa.net\/blog\/wp-json\/wp\/v2\/posts"}],"about":[{"href":"https:\/\/www.aquimicasa.net\/blog\/wp-json\/wp\/v2\/types\/post"}],"author":[{"embeddable":true,"href":"https:\/\/www.aquimicasa.net\/blog\/wp-json\/wp\/v2\/users\/3"}],"replies":[{"embeddable":true,"href":"https:\/\/www.aquimicasa.net\/blog\/wp-json\/wp\/v2\/comments?post=40600"}],"version-history":[{"count":4,"href":"https:\/\/www.aquimicasa.net\/blog\/wp-json\/wp\/v2\/posts\/40600\/revisions"}],"predecessor-version":[{"id":40605,"href":"https:\/\/www.aquimicasa.net\/blog\/wp-json\/wp\/v2\/posts\/40600\/revisions\/40605"}],"wp:featuredmedia":[{"embeddable":true,"href":"https:\/\/www.aquimicasa.net\/blog\/wp-json\/wp\/v2\/media\/40603"}],"wp:attachment":[{"href":"https:\/\/www.aquimicasa.net\/blog\/wp-json\/wp\/v2\/media?parent=40600"}],"wp:term":[{"taxonomy":"category","embeddable":true,"href":"https:\/\/www.aquimicasa.net\/blog\/wp-json\/wp\/v2\/categories?post=40600"},{"taxonomy":"post_tag","embeddable":true,"href":"https:\/\/www.aquimicasa.net\/blog\/wp-json\/wp\/v2\/tags?post=40600"}],"curies":[{"name":"wp","href":"https:\/\/api.w.org\/{rel}","templated":true}]}}