{"id":40656,"date":"2022-04-28T08:48:28","date_gmt":"2022-04-28T06:48:28","guid":{"rendered":"https:\/\/www.aquimicasa.net\/blog\/?p=40656"},"modified":"2022-05-08T10:48:30","modified_gmt":"2022-05-08T08:48:30","slug":"la-primera-espada-de-damocles-es-el-euribor","status":"publish","type":"post","link":"https:\/\/www.aquimicasa.net\/blog\/opinion\/la-primera-espada-de-damocles-es-el-euribor\/","title":{"rendered":"La primera espada de Damocles es el Eur\u00edbor"},"content":{"rendered":"<div class=\"fusion-fullwidth fullwidth-box fusion-builder-row-1 fusion-flex-container nonhundred-percent-fullwidth non-hundred-percent-height-scrolling\" style=\"background-color: rgba(255,255,255,0);background-position: center center;background-repeat: no-repeat;border-width: 0px 0px 0px 0px;border-color:#eae9e9;border-style:solid;\" ><div class=\"fusion-builder-row fusion-row fusion-flex-align-items-flex-start\" style=\"max-width:1144px;margin-left: calc(-4% \/ 2 );margin-right: calc(-4% \/ 2 );\"><div class=\"fusion-layout-column fusion_builder_column fusion-builder-column-0 fusion_builder_column_1_1 1_1 fusion-flex-column\"><div class=\"fusion-column-wrapper fusion-flex-justify-content-flex-start fusion-content-layout-column\" style=\"background-position:left top;background-repeat:no-repeat;-webkit-background-size:cover;-moz-background-size:cover;-o-background-size:cover;background-size:cover;padding: 0px 0px 0px 0px;\"><div class=\"fusion-text fusion-text-1\"><p>El d\u00eda 27 de abril, a dos d\u00edas para finalizar el mes, contamos con 15 valores del <strong>Eur\u00edbor<\/strong> que de cerrarse el mes sin variaci\u00f3n lo dejar\u00eda en el -0,017%. De esta forma experimentar\u00eda una subida de 0,467 puntos respecto al Eur\u00edbor de abril del a\u00f1o pasado y <strong>encarecer\u00eda las hipotecas<\/strong> a las que tocara revisi\u00f3n anual en abril. Para hacernos una idea, una hipoteca media de 120.000 euros a 20 a\u00f1os subir\u00eda casi 24 euros al mes.<\/p>\n<p>La <strong>subida del Eur\u00edbor<\/strong> no es a\u00fan un drama para los hipotecados, pero est\u00e1 marcando una direcci\u00f3n preocupante que le va a llevar casi con seguridad a valores positivos de entre el 0,5% y el 1% a final de a\u00f1o. A mucha distancia a\u00fan de los intereses que viv\u00edamos en el 2008 cuando se alcanz\u00f3 un m\u00e1ximo del 5,4%.<\/p>\n<p>La primera causa de esta vertiginosa subida en el mes de abril es que los bancos europeos, anticip\u00e1ndose a las medidas que vaya a tomar el BCE, ya est\u00e1n subiendo el precio de los cr\u00e9ditos que se hacen entre ellos. El endurecimiento de la <strong>pol\u00edtica monetaria de los bancos centrales<\/strong> ante la escalada de la inflaci\u00f3n con la que terminamos el a\u00f1o 2021 y que se ha visto incrementada a\u00fan m\u00e1s por la invasi\u00f3n de Ucrania, es una incuestionable realidad para este a\u00f1o.<\/p>\n<p>La<strong> FED<\/strong> ya subi\u00f3 el tipo de inter\u00e9s el pasado 16 de marzo en un 0,25% y no se descartan nuevas subidas el pr\u00f3ximo mes para controlar la inflaci\u00f3n que no remite. Y esta medida va a empujar al <strong>Banco Central Europeo<\/strong> a ir normalizando la pol\u00edtica monetaria a lo largo de este a\u00f1o con una primera subida de los tipos de inter\u00e9s para el tercer trimestre del a\u00f1o y que seg\u00fan <strong>Luis de Guindos<\/strong> podr\u00eda ser el mismo mes de julio.<\/p>\n<p>No siendo una subida importante va a tener un importante efecto psicol\u00f3gico sobre muchos previsibles <strong>compradores de primera residencia<\/strong>, que enfriar\u00e1n sus \u00e1nimos y esperar\u00e1n a ver qu\u00e9 pasa. Distinta situaci\u00f3n tienen los inversores, acuciados por una inflaci\u00f3n cercana al 10% que est\u00e1 disminuyendo el valor de sus ahorros. Todav\u00eda, a pesar de la subida del \u00edndice y de las previsiones, les compensa adquirir vivienda con capital ahorrado complementado con una cierta hipoteca y ponerla en rentabilidad para compensar.<\/p>\n<p>No es el \u00fanico dato de la semana que va a dar mucho que pensar a ahorradores y compradores de vivienda. Por desgracia la guerra y sus consecuencias est\u00e1n todos los d\u00edas en las primeras p\u00e1ginas de los peri\u00f3dicos. La decisi\u00f3n de Putin de <strong>interrumpir el suministro de gas<\/strong> a Polonia y Bulgaria, al que podr\u00eda seguir el cierre a otras naciones por no pagar el gas en rublos, vuelve a poner sobre la mesa la realidad de una crisis energ\u00e9tica en Europa, que importa de Mosc\u00fa el 40% del gas que necesita. Es cierto que ya no estamos en lo m\u00e1s crudo del invierno, pero las necesidades industriales del combustible pueden poner en aprietos a muchas empresas. De momento <strong>el gas subi\u00f3 un 24%<\/strong> nada m\u00e1s conocerse la noticia, aunque posteriormente se moder\u00f3 hasta el 3%.<\/p>\n<p>La consigna para todos los europeos debe centrarse en el <strong>ahorro del combustible<\/strong>, tambi\u00e9n en Espa\u00f1a, porque aunque nuestra dependencia del gas ruso no alcanza el 6%, en caso de que los cierres de suministro se ampl\u00eden a otros pa\u00edses, habr\u00e1 que compartir nuestros recursos con los que m\u00e1s lo necesiten, como Alemania. De momento la situaci\u00f3n parece controlada.<\/p>\n<p>Conocido el cierre del suministro a estos dos pa\u00edses europeos, la <strong>Comisi\u00f3n Europea<\/strong> no se ha mostrado muy alarmada, asegurando que lleva tiempo trabajando en la posibilidad que ahora se ha producido. La propia presidenta de la Comisi\u00f3n, <strong>Ursula Von del Leyen<\/strong> ha hablado de solidaridad y de respuesta coordinada.<\/p>\n<p>Y m\u00e1s problemas en nuestro negociado; a pesar de que intentan venderlo como un \u00e9xito, <strong>Teresa Ribera<\/strong> se vuelve de Bruselas con un acuerdo que deja mucho que desear, Y es que a pesar de su petici\u00f3n para poder rebajar el precio del gas para generaci\u00f3n el\u00e9ctrica en 30 euros MWh, desde Bruselas han rebajado las expectativas y han puesto el tope para el MWh en 50 euros, un 67% m\u00e1s de lo que Espa\u00f1a y Portugal solicitaban.<\/p>\n<p>Este precio impuesto por Bruselas para la <strong>excepcionalidad ib\u00e9rica<\/strong>, se traducir\u00e1 en unos 140 euros\/MWh para la electricidad en la subasta diaria. Como viene sucediendo con las el\u00e9ctricas no se les han pisado los callos yendo a la ra\u00edz del problema, que es la <strong>especulaci\u00f3n provocada por el modelo de subasta marginalista<\/strong> que obliga al consumidor espa\u00f1ol a pagar las energ\u00edas m\u00e1s baratas o a coste cero, al precio de las m\u00e1s caras.<\/p>\n<p>Y aunque la huelga de transportistas ya no existe y los precios de los carburantes no son tampoco los de hace un mes, la inflaci\u00f3n no remite y no parece que los datos del mes de abril, que nos adelantar\u00e1 en Banco de Espa\u00f1a la semana pr\u00f3xima, vayan a ser muy diferentes de los de marzo. Que cuando vas a la compra te das cuenta de que los precios de <strong>los productos alimenticios<\/strong> ni han bajado ni se espera que lo hagan.<\/p>\n<p>Inflaci\u00f3n, Eur\u00edbor, precio del gas y de la electricidad, carburantes\u2026el panorama de todo lo que llevamos, como Damocles sobre su cabeza, resulta muy similar al de hace un mes, a lo que hay que a\u00f1adir las nuevas<strong> restricciones sanitarias de Chi<\/strong>na en su principal \u00e1rea econ\u00f3mica. Por eso debemos prepararnos para que la inflaci\u00f3n no remita y tengamos precios altos al menos durante este a\u00f1o.<\/p>\n<p>\u00bfC\u00f3mo va a influir esta situaci\u00f3n en el <strong>mercado inmobiliario<\/strong>? Lo cierto es que ante una situaci\u00f3n econ\u00f3mica tan revuelta y que se sale de los marcos tradicionales resulta dif\u00edcil realizar previsiones. Parece claro que un <strong>incremento del Eur\u00edbor<\/strong> puede echar atr\u00e1s a muchos compradores precavidos ante el desarrollo que pueda tener esta crisis en ciernes. Pero tambi\u00e9n la inflaci\u00f3n puede contenerse por una <strong>disminuci\u00f3n del consumo<\/strong>, al mantenerse los salarios muy por debajo del incremento de los precios, con las tiranteces que provocar\u00e1 en nuestra econom\u00eda.<\/p>\n<p>Pasada la euforia con la que termin\u00f3 el 2021 y que prosigui\u00f3 los primeros meses del a\u00f1o, los <strong>grandes inversores<\/strong> pueden tambi\u00e9n sentarse y esperar acontecimientos, incluyendo el retraso de muchas operaciones en marcha. Las inversiones log\u00edsticas y sanitarias pueden mantenerse a pesar de todo.<\/p>\n<p>Tambi\u00e9n parece claro y ya se est\u00e1 produciendo, que el <strong>precio de la vivienda nueva<\/strong>, influenciado por los costes energ\u00e9ticos y de materiales va a subir muy por encima del de la vivienda de segunda mano y podr\u00eda producirse tambi\u00e9n un <strong>descenso en el precio de los suelos<\/strong> al cancelarse hasta mejor ocasi\u00f3n muchas <strong>construcciones residenciales<\/strong> previstas. Los problemas de China y la rotura de las cadenas de suministro no van a mejorar la situaci\u00f3n, originando no s\u00f3lo incremento de los precios sino falta de materiales como perfiles de aluminio, acero y componentes el\u00e9ctricos y electr\u00f3nicos.<\/p>\n<p>Todo ello sin olvidar que el producto inmobiliario ha sido tradicionalmente un valor refugio frente a la inflaci\u00f3n y que su puesta en rentabilidad para el alquiler est\u00e1 muy asegurada por la tensi\u00f3n existente en un <strong>mercado con exceso de demanda<\/strong>. Adem\u00e1s, la situaci\u00f3n de la Bolsa contin\u00faa siendo apta s\u00f3lo para gente templada. Parece por lo tanto que podemos tener unos <strong>meses continuistas<\/strong> con el pasado a\u00f1o, aunque sin tanto movimiento y con unos precios m\u00e1s contenidos. Muchas agencias inmobiliarias ya est\u00e1n hablando de una <strong>menor \u201calegr\u00eda \u201cen el sector<\/strong>.<\/p>\n<p>Veremos como van evolucionando el resto de las \u201cespadas de Damocles\u201d que llevamos pendientes sobre nuestra cabeza y en cuya oscilaci\u00f3n Putin puede tener algunos hilos en su mano, aunque no todos.<\/p>\n<p><img decoding=\"async\" class=\" wp-image-27470\" src=\"https:\/\/www.aquimicasa.net\/blog\/wp-content\/uploads\/Eduardo2-244x300.jpg\" alt=\"Periodista econ\u00f3mico\" width=\"111\" height=\"137\" srcset=\"https:\/\/www.aquimicasa.net\/blog\/wp-content\/uploads\/Eduardo2-122x150.jpg 122w, https:\/\/www.aquimicasa.net\/blog\/wp-content\/uploads\/Eduardo2-200x246.jpg 200w, https:\/\/www.aquimicasa.net\/blog\/wp-content\/uploads\/Eduardo2-244x300.jpg 244w, https:\/\/www.aquimicasa.net\/blog\/wp-content\/uploads\/Eduardo2-400x492.jpg 400w, https:\/\/www.aquimicasa.net\/blog\/wp-content\/uploads\/Eduardo2.jpg 513w\" sizes=\"(max-width: 111px) 100vw, 111px\" \/><\/p>\n<p>Eduardo Lizarraga<\/p>\n<p>WWW.AQUIMICASA.NET<\/p>\n<\/div><\/div><style type=\"text\/css\">.fusion-body .fusion-builder-column-0{width:100% !important;margin-top : 0px;margin-bottom : 0px;}.fusion-builder-column-0 > .fusion-column-wrapper {padding-top : 0px !important;padding-right : 0px !important;margin-right : 1.92%;padding-bottom : 0px !important;padding-left : 0px !important;margin-left : 1.92%;}@media only screen and (max-width:1024px) {.fusion-body .fusion-builder-column-0{width:100% !important;}.fusion-builder-column-0 > .fusion-column-wrapper {margin-right : 1.92%;margin-left : 1.92%;}}@media only screen and (max-width:640px) {.fusion-body .fusion-builder-column-0{width:100% !important;}.fusion-builder-column-0 > .fusion-column-wrapper {margin-right : 1.92%;margin-left : 1.92%;}}<\/style><\/div><\/div><style type=\"text\/css\">.fusion-body .fusion-flex-container.fusion-builder-row-1{ padding-top : 0px;margin-top : 0px;padding-right : 0px;padding-bottom : 0px;margin-bottom : 0px;padding-left : 0px;}<\/style><\/div>\n","protected":false},"excerpt":{"rendered":"<p>Inflaci\u00f3n, Eur\u00edbor, precio del gas y de la electricidad, carburantes\u2026el panorama de todo lo que llevamos, como Damocles sobre su cabeza, resulta muy similar al de hace un mes, a lo que hay que a\u00f1adir las nuevas restricciones sanitarias de China en su principal \u00e1rea econ\u00f3mica.<\/p>\n","protected":false},"author":3,"featured_media":40659,"comment_status":"closed","ping_status":"closed","sticky":false,"template":"","format":"standard","meta":{"_jetpack_memberships_contains_paid_content":false,"footnotes":"","jetpack_publicize_message":"","jetpack_publicize_feature_enabled":true,"jetpack_social_post_already_shared":true,"jetpack_social_options":{"image_generator_settings":{"template":"highway","default_image_id":0,"font":"","enabled":false},"version":2}},"categories":[3249],"tags":[2989,8024,8025],"class_list":["post-40656","post","type-post","status-publish","format-standard","has-post-thumbnail","hentry","category-opinion","tag-articulo-de-opinion","tag-newsletter-355","tag-newsletter-356"],"yoast_head":"<!-- This site is optimized with the Yoast SEO plugin v27.4 - https:\/\/yoast.com\/product\/yoast-seo-wordpress\/ -->\n<title>La primera espada de Damocles es el Eur\u00edbor<\/title>\n<meta name=\"description\" content=\"La subida del Eur\u00edbor no es a\u00fan un drama para los hipotecados, pero est\u00e1 marcando una direcci\u00f3n preocupante\" \/>\n<meta name=\"robots\" content=\"index, follow, max-snippet:-1, max-image-preview:large, max-video-preview:-1\" \/>\n<link rel=\"canonical\" href=\"https:\/\/www.aquimicasa.net\/blog\/opinion\/la-primera-espada-de-damocles-es-el-euribor\/\" \/>\n<meta property=\"og:locale\" content=\"es_ES\" \/>\n<meta property=\"og:type\" content=\"article\" \/>\n<meta property=\"og:title\" content=\"La primera espada de Damocles es el Eur\u00edbor\" \/>\n<meta property=\"og:description\" content=\"La subida del Eur\u00edbor no es a\u00fan un drama para los hipotecados, pero est\u00e1 marcando una direcci\u00f3n preocupante\" \/>\n<meta property=\"og:url\" content=\"https:\/\/www.aquimicasa.net\/blog\/opinion\/la-primera-espada-de-damocles-es-el-euribor\/\" \/>\n<meta property=\"og:site_name\" content=\"Blog de aquimicasa.net\" \/>\n<meta property=\"article:publisher\" content=\"https:\/\/www.facebook.com\/aquimicasa.net\" \/>\n<meta property=\"article:published_time\" content=\"2022-04-28T06:48:28+00:00\" \/>\n<meta property=\"article:modified_time\" content=\"2022-05-08T08:48:30+00:00\" \/>\n<meta property=\"og:image\" content=\"https:\/\/www.aquimicasa.net\/blog\/wp-content\/uploads\/Euribor2-2-e1651128496884.jpg\" \/>\n\t<meta property=\"og:image:width\" content=\"400\" \/>\n\t<meta property=\"og:image:height\" content=\"267\" \/>\n\t<meta property=\"og:image:type\" content=\"image\/jpeg\" \/>\n<meta name=\"author\" content=\"Eduardo Lizarraga\" \/>\n<meta name=\"twitter:label1\" content=\"Escrito por\" \/>\n\t<meta name=\"twitter:data1\" content=\"Eduardo Lizarraga\" \/>\n\t<meta name=\"twitter:label2\" content=\"Tiempo de lectura\" \/>\n\t<meta name=\"twitter:data2\" content=\"7 minutos\" \/>\n<script type=\"application\/ld+json\" class=\"yoast-schema-graph\">{\"@context\":\"https:\\\/\\\/schema.org\",\"@graph\":[{\"@type\":\"Article\",\"@id\":\"https:\\\/\\\/www.aquimicasa.net\\\/blog\\\/opinion\\\/la-primera-espada-de-damocles-es-el-euribor\\\/#article\",\"isPartOf\":{\"@id\":\"https:\\\/\\\/www.aquimicasa.net\\\/blog\\\/opinion\\\/la-primera-espada-de-damocles-es-el-euribor\\\/\"},\"author\":{\"name\":\"Eduardo Lizarraga\",\"@id\":\"https:\\\/\\\/www.aquimicasa.net\\\/blog\\\/#\\\/schema\\\/person\\\/2cdfa2605534583395c8d7ce1d6cac14\"},\"headline\":\"La primera espada de Damocles es el Eur\u00edbor\",\"datePublished\":\"2022-04-28T06:48:28+00:00\",\"dateModified\":\"2022-05-08T08:48:30+00:00\",\"mainEntityOfPage\":{\"@id\":\"https:\\\/\\\/www.aquimicasa.net\\\/blog\\\/opinion\\\/la-primera-espada-de-damocles-es-el-euribor\\\/\"},\"wordCount\":1627,\"publisher\":{\"@id\":\"https:\\\/\\\/www.aquimicasa.net\\\/blog\\\/#organization\"},\"image\":{\"@id\":\"https:\\\/\\\/www.aquimicasa.net\\\/blog\\\/opinion\\\/la-primera-espada-de-damocles-es-el-euribor\\\/#primaryimage\"},\"thumbnailUrl\":\"https:\\\/\\\/www.aquimicasa.net\\\/blog\\\/wp-content\\\/uploads\\\/Euribor2-2-e1651128496884.jpg\",\"keywords\":[\"art\u00edculo de opini\u00f3n\",\"newsletter 355\",\"newsletter 356\"],\"articleSection\":[\"Opini\u00f3n\"],\"inLanguage\":\"es\"},{\"@type\":\"WebPage\",\"@id\":\"https:\\\/\\\/www.aquimicasa.net\\\/blog\\\/opinion\\\/la-primera-espada-de-damocles-es-el-euribor\\\/\",\"url\":\"https:\\\/\\\/www.aquimicasa.net\\\/blog\\\/opinion\\\/la-primera-espada-de-damocles-es-el-euribor\\\/\",\"name\":\"La primera espada de Damocles es el Eur\u00edbor\",\"isPartOf\":{\"@id\":\"https:\\\/\\\/www.aquimicasa.net\\\/blog\\\/#website\"},\"primaryImageOfPage\":{\"@id\":\"https:\\\/\\\/www.aquimicasa.net\\\/blog\\\/opinion\\\/la-primera-espada-de-damocles-es-el-euribor\\\/#primaryimage\"},\"image\":{\"@id\":\"https:\\\/\\\/www.aquimicasa.net\\\/blog\\\/opinion\\\/la-primera-espada-de-damocles-es-el-euribor\\\/#primaryimage\"},\"thumbnailUrl\":\"https:\\\/\\\/www.aquimicasa.net\\\/blog\\\/wp-content\\\/uploads\\\/Euribor2-2-e1651128496884.jpg\",\"datePublished\":\"2022-04-28T06:48:28+00:00\",\"dateModified\":\"2022-05-08T08:48:30+00:00\",\"description\":\"La subida del Eur\u00edbor no es a\u00fan un drama para los hipotecados, pero est\u00e1 marcando una direcci\u00f3n preocupante\",\"breadcrumb\":{\"@id\":\"https:\\\/\\\/www.aquimicasa.net\\\/blog\\\/opinion\\\/la-primera-espada-de-damocles-es-el-euribor\\\/#breadcrumb\"},\"inLanguage\":\"es\",\"potentialAction\":[{\"@type\":\"ReadAction\",\"target\":[\"https:\\\/\\\/www.aquimicasa.net\\\/blog\\\/opinion\\\/la-primera-espada-de-damocles-es-el-euribor\\\/\"]}]},{\"@type\":\"ImageObject\",\"inLanguage\":\"es\",\"@id\":\"https:\\\/\\\/www.aquimicasa.net\\\/blog\\\/opinion\\\/la-primera-espada-de-damocles-es-el-euribor\\\/#primaryimage\",\"url\":\"https:\\\/\\\/www.aquimicasa.net\\\/blog\\\/wp-content\\\/uploads\\\/Euribor2-2-e1651128496884.jpg\",\"contentUrl\":\"https:\\\/\\\/www.aquimicasa.net\\\/blog\\\/wp-content\\\/uploads\\\/Euribor2-2-e1651128496884.jpg\",\"width\":400,\"height\":267,\"caption\":\"Previsiones inmobiliarias llenas de incertidumbre\"},{\"@type\":\"BreadcrumbList\",\"@id\":\"https:\\\/\\\/www.aquimicasa.net\\\/blog\\\/opinion\\\/la-primera-espada-de-damocles-es-el-euribor\\\/#breadcrumb\",\"itemListElement\":[{\"@type\":\"ListItem\",\"position\":1,\"name\":\"Portada\",\"item\":\"https:\\\/\\\/www.aquimicasa.net\\\/blog\\\/\"},{\"@type\":\"ListItem\",\"position\":2,\"name\":\"La primera espada de Damocles es el Eur\u00edbor\"}]},{\"@type\":\"WebSite\",\"@id\":\"https:\\\/\\\/www.aquimicasa.net\\\/blog\\\/#website\",\"url\":\"https:\\\/\\\/www.aquimicasa.net\\\/blog\\\/\",\"name\":\"Blog de aquimicasa.net\",\"description\":\"Noticias del Mundo Inmobiliario\",\"publisher\":{\"@id\":\"https:\\\/\\\/www.aquimicasa.net\\\/blog\\\/#organization\"},\"potentialAction\":[{\"@type\":\"SearchAction\",\"target\":{\"@type\":\"EntryPoint\",\"urlTemplate\":\"https:\\\/\\\/www.aquimicasa.net\\\/blog\\\/?s={search_term_string}\"},\"query-input\":{\"@type\":\"PropertyValueSpecification\",\"valueRequired\":true,\"valueName\":\"search_term_string\"}}],\"inLanguage\":\"es\"},{\"@type\":\"Organization\",\"@id\":\"https:\\\/\\\/www.aquimicasa.net\\\/blog\\\/#organization\",\"name\":\"Blog de aquimicasa.net\",\"url\":\"https:\\\/\\\/www.aquimicasa.net\\\/blog\\\/\",\"logo\":{\"@type\":\"ImageObject\",\"inLanguage\":\"es\",\"@id\":\"https:\\\/\\\/www.aquimicasa.net\\\/blog\\\/#\\\/schema\\\/logo\\\/image\\\/\",\"url\":\"https:\\\/\\\/www.aquimicasa.net\\\/blog\\\/wp-content\\\/uploads\\\/Logo-aquimicasa-1-e1528048213782.png\",\"contentUrl\":\"https:\\\/\\\/www.aquimicasa.net\\\/blog\\\/wp-content\\\/uploads\\\/Logo-aquimicasa-1-e1528048213782.png\",\"width\":225,\"height\":225,\"caption\":\"Blog de aquimicasa.net\"},\"image\":{\"@id\":\"https:\\\/\\\/www.aquimicasa.net\\\/blog\\\/#\\\/schema\\\/logo\\\/image\\\/\"},\"sameAs\":[\"https:\\\/\\\/www.facebook.com\\\/aquimicasa.net\",\"https:\\\/\\\/www.instagram.com\\\/\",\"https:\\\/\\\/x.com\\\/EduLizarragaD\",\"https:\\\/\\\/www.linkedin.com\\\/feed\\\/\"]},{\"@type\":\"Person\",\"@id\":\"https:\\\/\\\/www.aquimicasa.net\\\/blog\\\/#\\\/schema\\\/person\\\/2cdfa2605534583395c8d7ce1d6cac14\",\"name\":\"Eduardo Lizarraga\",\"image\":{\"@type\":\"ImageObject\",\"inLanguage\":\"es\",\"@id\":\"https:\\\/\\\/secure.gravatar.com\\\/avatar\\\/bdabe1eeeed97b65a9cb7de2edd624b07995f7e13abc5fead15961f745f908cc?s=96&d=mm&r=g\",\"url\":\"https:\\\/\\\/secure.gravatar.com\\\/avatar\\\/bdabe1eeeed97b65a9cb7de2edd624b07995f7e13abc5fead15961f745f908cc?s=96&d=mm&r=g\",\"contentUrl\":\"https:\\\/\\\/secure.gravatar.com\\\/avatar\\\/bdabe1eeeed97b65a9cb7de2edd624b07995f7e13abc5fead15961f745f908cc?s=96&d=mm&r=g\",\"caption\":\"Eduardo Lizarraga\"},\"description\":\"Periodista Econ\u00f3mico. Ha trabajado en diversos campos de la informaci\u00f3n. Corresponsal en conflictos, analista pol\u00edtico en Congreso y Senado, periodista del medio ambiente, editor, director editorial, director de comunicaci\u00f3n.... En estos momentos se ha especializado en el sector inmobiliario. Pero tambi\u00e9n es navegante y viajero, preocupado por la pobreza, el medio ambiente y por las actuaciones descontroladas del neoliberalismo empresarial y pol\u00edtico en todo el mundo. Los desahucios, la pobreza infantil y la falta de acceso a los suministros b\u00e1sicos son algunos de los grandes dramas de nuestra sociedad y que es preciso solucionar para hacerla m\u00e1s justa. CEO en www.aquimicasa.net\",\"sameAs\":[\"https:\\\/\\\/www.aquimicasa.net\\\/\"],\"url\":\"https:\\\/\\\/www.aquimicasa.net\\\/blog\\\/author\\\/eduardo\\\/\"}]}<\/script>\n<!-- \/ Yoast SEO plugin. -->","yoast_head_json":{"title":"La primera espada de Damocles es el Eur\u00edbor","description":"La subida del Eur\u00edbor no es a\u00fan un drama para los hipotecados, pero est\u00e1 marcando una direcci\u00f3n preocupante","robots":{"index":"index","follow":"follow","max-snippet":"max-snippet:-1","max-image-preview":"max-image-preview:large","max-video-preview":"max-video-preview:-1"},"canonical":"https:\/\/www.aquimicasa.net\/blog\/opinion\/la-primera-espada-de-damocles-es-el-euribor\/","og_locale":"es_ES","og_type":"article","og_title":"La primera espada de Damocles es el Eur\u00edbor","og_description":"La subida del Eur\u00edbor no es a\u00fan un drama para los hipotecados, pero est\u00e1 marcando una direcci\u00f3n preocupante","og_url":"https:\/\/www.aquimicasa.net\/blog\/opinion\/la-primera-espada-de-damocles-es-el-euribor\/","og_site_name":"Blog de aquimicasa.net","article_publisher":"https:\/\/www.facebook.com\/aquimicasa.net","article_published_time":"2022-04-28T06:48:28+00:00","article_modified_time":"2022-05-08T08:48:30+00:00","og_image":[{"width":400,"height":267,"url":"https:\/\/www.aquimicasa.net\/blog\/wp-content\/uploads\/Euribor2-2-e1651128496884.jpg","type":"image\/jpeg"}],"author":"Eduardo Lizarraga","twitter_misc":{"Escrito por":"Eduardo Lizarraga","Tiempo de lectura":"7 minutos"},"schema":{"@context":"https:\/\/schema.org","@graph":[{"@type":"Article","@id":"https:\/\/www.aquimicasa.net\/blog\/opinion\/la-primera-espada-de-damocles-es-el-euribor\/#article","isPartOf":{"@id":"https:\/\/www.aquimicasa.net\/blog\/opinion\/la-primera-espada-de-damocles-es-el-euribor\/"},"author":{"name":"Eduardo Lizarraga","@id":"https:\/\/www.aquimicasa.net\/blog\/#\/schema\/person\/2cdfa2605534583395c8d7ce1d6cac14"},"headline":"La primera espada de Damocles es el Eur\u00edbor","datePublished":"2022-04-28T06:48:28+00:00","dateModified":"2022-05-08T08:48:30+00:00","mainEntityOfPage":{"@id":"https:\/\/www.aquimicasa.net\/blog\/opinion\/la-primera-espada-de-damocles-es-el-euribor\/"},"wordCount":1627,"publisher":{"@id":"https:\/\/www.aquimicasa.net\/blog\/#organization"},"image":{"@id":"https:\/\/www.aquimicasa.net\/blog\/opinion\/la-primera-espada-de-damocles-es-el-euribor\/#primaryimage"},"thumbnailUrl":"https:\/\/www.aquimicasa.net\/blog\/wp-content\/uploads\/Euribor2-2-e1651128496884.jpg","keywords":["art\u00edculo de opini\u00f3n","newsletter 355","newsletter 356"],"articleSection":["Opini\u00f3n"],"inLanguage":"es"},{"@type":"WebPage","@id":"https:\/\/www.aquimicasa.net\/blog\/opinion\/la-primera-espada-de-damocles-es-el-euribor\/","url":"https:\/\/www.aquimicasa.net\/blog\/opinion\/la-primera-espada-de-damocles-es-el-euribor\/","name":"La primera espada de Damocles es el Eur\u00edbor","isPartOf":{"@id":"https:\/\/www.aquimicasa.net\/blog\/#website"},"primaryImageOfPage":{"@id":"https:\/\/www.aquimicasa.net\/blog\/opinion\/la-primera-espada-de-damocles-es-el-euribor\/#primaryimage"},"image":{"@id":"https:\/\/www.aquimicasa.net\/blog\/opinion\/la-primera-espada-de-damocles-es-el-euribor\/#primaryimage"},"thumbnailUrl":"https:\/\/www.aquimicasa.net\/blog\/wp-content\/uploads\/Euribor2-2-e1651128496884.jpg","datePublished":"2022-04-28T06:48:28+00:00","dateModified":"2022-05-08T08:48:30+00:00","description":"La subida del Eur\u00edbor no es a\u00fan un drama para los hipotecados, pero est\u00e1 marcando una direcci\u00f3n preocupante","breadcrumb":{"@id":"https:\/\/www.aquimicasa.net\/blog\/opinion\/la-primera-espada-de-damocles-es-el-euribor\/#breadcrumb"},"inLanguage":"es","potentialAction":[{"@type":"ReadAction","target":["https:\/\/www.aquimicasa.net\/blog\/opinion\/la-primera-espada-de-damocles-es-el-euribor\/"]}]},{"@type":"ImageObject","inLanguage":"es","@id":"https:\/\/www.aquimicasa.net\/blog\/opinion\/la-primera-espada-de-damocles-es-el-euribor\/#primaryimage","url":"https:\/\/www.aquimicasa.net\/blog\/wp-content\/uploads\/Euribor2-2-e1651128496884.jpg","contentUrl":"https:\/\/www.aquimicasa.net\/blog\/wp-content\/uploads\/Euribor2-2-e1651128496884.jpg","width":400,"height":267,"caption":"Previsiones inmobiliarias llenas de incertidumbre"},{"@type":"BreadcrumbList","@id":"https:\/\/www.aquimicasa.net\/blog\/opinion\/la-primera-espada-de-damocles-es-el-euribor\/#breadcrumb","itemListElement":[{"@type":"ListItem","position":1,"name":"Portada","item":"https:\/\/www.aquimicasa.net\/blog\/"},{"@type":"ListItem","position":2,"name":"La primera espada de Damocles es el Eur\u00edbor"}]},{"@type":"WebSite","@id":"https:\/\/www.aquimicasa.net\/blog\/#website","url":"https:\/\/www.aquimicasa.net\/blog\/","name":"Blog de aquimicasa.net","description":"Noticias del Mundo Inmobiliario","publisher":{"@id":"https:\/\/www.aquimicasa.net\/blog\/#organization"},"potentialAction":[{"@type":"SearchAction","target":{"@type":"EntryPoint","urlTemplate":"https:\/\/www.aquimicasa.net\/blog\/?s={search_term_string}"},"query-input":{"@type":"PropertyValueSpecification","valueRequired":true,"valueName":"search_term_string"}}],"inLanguage":"es"},{"@type":"Organization","@id":"https:\/\/www.aquimicasa.net\/blog\/#organization","name":"Blog de aquimicasa.net","url":"https:\/\/www.aquimicasa.net\/blog\/","logo":{"@type":"ImageObject","inLanguage":"es","@id":"https:\/\/www.aquimicasa.net\/blog\/#\/schema\/logo\/image\/","url":"https:\/\/www.aquimicasa.net\/blog\/wp-content\/uploads\/Logo-aquimicasa-1-e1528048213782.png","contentUrl":"https:\/\/www.aquimicasa.net\/blog\/wp-content\/uploads\/Logo-aquimicasa-1-e1528048213782.png","width":225,"height":225,"caption":"Blog de aquimicasa.net"},"image":{"@id":"https:\/\/www.aquimicasa.net\/blog\/#\/schema\/logo\/image\/"},"sameAs":["https:\/\/www.facebook.com\/aquimicasa.net","https:\/\/www.instagram.com\/","https:\/\/x.com\/EduLizarragaD","https:\/\/www.linkedin.com\/feed\/"]},{"@type":"Person","@id":"https:\/\/www.aquimicasa.net\/blog\/#\/schema\/person\/2cdfa2605534583395c8d7ce1d6cac14","name":"Eduardo Lizarraga","image":{"@type":"ImageObject","inLanguage":"es","@id":"https:\/\/secure.gravatar.com\/avatar\/bdabe1eeeed97b65a9cb7de2edd624b07995f7e13abc5fead15961f745f908cc?s=96&d=mm&r=g","url":"https:\/\/secure.gravatar.com\/avatar\/bdabe1eeeed97b65a9cb7de2edd624b07995f7e13abc5fead15961f745f908cc?s=96&d=mm&r=g","contentUrl":"https:\/\/secure.gravatar.com\/avatar\/bdabe1eeeed97b65a9cb7de2edd624b07995f7e13abc5fead15961f745f908cc?s=96&d=mm&r=g","caption":"Eduardo Lizarraga"},"description":"Periodista Econ\u00f3mico. Ha trabajado en diversos campos de la informaci\u00f3n. Corresponsal en conflictos, analista pol\u00edtico en Congreso y Senado, periodista del medio ambiente, editor, director editorial, director de comunicaci\u00f3n.... En estos momentos se ha especializado en el sector inmobiliario. Pero tambi\u00e9n es navegante y viajero, preocupado por la pobreza, el medio ambiente y por las actuaciones descontroladas del neoliberalismo empresarial y pol\u00edtico en todo el mundo. Los desahucios, la pobreza infantil y la falta de acceso a los suministros b\u00e1sicos son algunos de los grandes dramas de nuestra sociedad y que es preciso solucionar para hacerla m\u00e1s justa. CEO en www.aquimicasa.net","sameAs":["https:\/\/www.aquimicasa.net\/"],"url":"https:\/\/www.aquimicasa.net\/blog\/author\/eduardo\/"}]}},"jetpack_publicize_connections":[],"jetpack_featured_media_url":"https:\/\/www.aquimicasa.net\/blog\/wp-content\/uploads\/Euribor2-2-e1651128496884.jpg","jetpack_sharing_enabled":true,"jetpack_likes_enabled":true,"_links":{"self":[{"href":"https:\/\/www.aquimicasa.net\/blog\/wp-json\/wp\/v2\/posts\/40656","targetHints":{"allow":["GET"]}}],"collection":[{"href":"https:\/\/www.aquimicasa.net\/blog\/wp-json\/wp\/v2\/posts"}],"about":[{"href":"https:\/\/www.aquimicasa.net\/blog\/wp-json\/wp\/v2\/types\/post"}],"author":[{"embeddable":true,"href":"https:\/\/www.aquimicasa.net\/blog\/wp-json\/wp\/v2\/users\/3"}],"replies":[{"embeddable":true,"href":"https:\/\/www.aquimicasa.net\/blog\/wp-json\/wp\/v2\/comments?post=40656"}],"version-history":[{"count":3,"href":"https:\/\/www.aquimicasa.net\/blog\/wp-json\/wp\/v2\/posts\/40656\/revisions"}],"predecessor-version":[{"id":40660,"href":"https:\/\/www.aquimicasa.net\/blog\/wp-json\/wp\/v2\/posts\/40656\/revisions\/40660"}],"wp:featuredmedia":[{"embeddable":true,"href":"https:\/\/www.aquimicasa.net\/blog\/wp-json\/wp\/v2\/media\/40659"}],"wp:attachment":[{"href":"https:\/\/www.aquimicasa.net\/blog\/wp-json\/wp\/v2\/media?parent=40656"}],"wp:term":[{"taxonomy":"category","embeddable":true,"href":"https:\/\/www.aquimicasa.net\/blog\/wp-json\/wp\/v2\/categories?post=40656"},{"taxonomy":"post_tag","embeddable":true,"href":"https:\/\/www.aquimicasa.net\/blog\/wp-json\/wp\/v2\/tags?post=40656"}],"curies":[{"name":"wp","href":"https:\/\/api.w.org\/{rel}","templated":true}]}}