{"id":40684,"date":"2022-05-02T18:55:14","date_gmt":"2022-05-02T16:55:14","guid":{"rendered":"https:\/\/www.aquimicasa.net\/blog\/?p=40684"},"modified":"2022-05-02T18:55:14","modified_gmt":"2022-05-02T16:55:14","slug":"indicios-de-la-suspension-de-los-procedimientos-por-el-irph","status":"publish","type":"post","link":"https:\/\/www.aquimicasa.net\/blog\/consumo\/consumidores\/indicios-de-la-suspension-de-los-procedimientos-por-el-irph\/","title":{"rendered":"Indicios de la suspensi\u00f3n de los procedimientos por el IRPH"},"content":{"rendered":"<div class=\"fusion-fullwidth fullwidth-box fusion-builder-row-1 fusion-flex-container nonhundred-percent-fullwidth non-hundred-percent-height-scrolling\" style=\"background-color: rgba(255,255,255,0);background-position: center center;background-repeat: no-repeat;border-width: 0px 0px 0px 0px;border-color:#eae9e9;border-style:solid;\" ><div class=\"fusion-builder-row fusion-row fusion-flex-align-items-flex-start\" style=\"max-width:1144px;margin-left: calc(-4% \/ 2 );margin-right: calc(-4% \/ 2 );\"><div class=\"fusion-layout-column fusion_builder_column fusion-builder-column-0 fusion_builder_column_1_1 1_1 fusion-flex-column\"><div class=\"fusion-column-wrapper fusion-flex-justify-content-flex-start fusion-content-layout-column\" style=\"background-position:left top;background-repeat:no-repeat;-webkit-background-size:cover;-moz-background-size:cover;-o-background-size:cover;background-size:cover;padding: 0px 0px 0px 0px;\"><div class=\"fusion-text fusion-text-1\"><p>En un reciente webinar promovido por <strong>ASUFIN<\/strong>, la magistrada <strong>Margarita Poved<\/strong>a del juzgado especializado 3 de Palma de Mallorca, asegura que, como ocurri\u00f3 con la primera cuesti\u00f3n prejudicial del IRPH, le gustar\u00eda que el TJUE permitiera a las partes preguntar al Banco de Espa\u00f1a y disponer de un informe del regulador<\/p>\n<p>\u201cEs imposible, yo no me lo creo, que ning\u00fan prestatario conociera este \u00edndice. Tuvo que ser algo que se ofreciera desde las entidades financieras\u201d, continu\u00f3 afirmando\u00a0 la magistrada Margarita Poveda autora de las dos cuestiones prejudiciales que devuelven el pol\u00e9mico \u00edndice a Europa desde una perspectiva totalmente novedosa. Abund\u00f3 en que, adem\u00e1s, el hecho de que estas hipotecas se colocaran con un diferencial m\u00e1s bajo<strong> \u201cse usaba como gancho\u201d<\/strong>.<\/p>\n<p>El IRPH, en tanto que \u00edndice elaborado en base a los precios medios TAE del mercado, incluidas comisiones y resto de gastos, ha resultado sistem\u00e1ticamente m\u00e1s caro que el Euribor. Un extremo desconocido para el consumidor, y en este escenario, \u201c<strong>el hecho de operar con diferenciales m\u00e1s bajos, como lo hac\u00edan las entidades, supon\u00eda perpetuar el enga\u00f1o\u201d. <\/strong>Es decir, un consumidor con un IRPH y un diferencial al 0,25% pensaba que su hipoteca iba a ser m\u00e1s ventajosa que un Euribor y diferencial al 0,75% o 1%, explic\u00f3.<\/p>\n<p>Es m\u00e1s, afirm\u00f3 la magistrada que \u201c<strong>hay mucha gente, todav\u00eda hoy, que no sabe que tiene IRPH en su hipoteca<\/strong>. El Supremo nunca ha tenido en cuenta la iniciativa en la contrataci\u00f3n\u201d. Y puso como ejemplo la hipoteca multidivisa: \u201cMuchos consumidores, especialmente del mundo aeron\u00e1utico, iban preguntando a las entidades por ese producto. Pero no tengo ninguna duda de que ning\u00fan consumidor fuera pidiendo un IRPH.\u00a0<strong>Era un \u00edndice excepcional<\/strong>, s\u00f3lo lo tienen menos de un 20% de los hipotecados y m\u00e1s caro que el Euribor\u201d.<\/p>\n<p>Las dos nuevas cuestiones prejudiciales que plantea a Luxemburgo la magistrada, <strong style=\"font-size: 16px;\">una de las cuales ya tiene numeraci\u00f3n, la C284\/22<\/strong><span style=\"font-size: 16px;\">, hacen necesaria la paralizaci\u00f3n de todos los procedimientos actuales, ya que todos los casos que queden inadmitidos o con sentencia negativa quedar\u00e1n como cosa juzgada, <strong>generando indefensi\u00f3n<\/strong> entre los afectados.\u00a0<\/span><strong style=\"font-size: 16px;\">Patricia Suarez, <\/strong>presidenta de ASUFIN<strong style=\"font-size: 16px;\">,<\/strong> inst\u00f3 al Supremo a dicha suspensi\u00f3n y asegur\u00f3 que<strong style=\"font-size: 16px;\"> \u201ces algo que estamos pidiendo a todas las instancias\u201d.<\/strong><\/p>\n<p>La magistrada Poveda revel\u00f3 que la Audiencia Provincial de Palma le ha pedido sendos autos, lo que podr\u00eda ir en la direcci\u00f3n de dicha suspensi\u00f3n.<\/p>\n<p>Ante la pregunta de por qu\u00e9 volvemos a Europa, tras haber resuelto el\u00a0<a href=\"https:\/\/curia.europa.eu\/jcms\/jcms\/j_6\/es\/\" target=\"_blank\" rel=\"nofollow noopener\">TJUE<\/a>\u00a0ya varias cuestiones sobre IRPH, la magistrada asegur\u00f3 que \u201c<strong>no est\u00e1 todo dicho, ni mucho menos<\/strong>\u201d. Es m\u00e1s, los argumentos del \u00faltimo auto del TJUE, a prop\u00f3sito de las cuestiones planteadas por el 28 de Barcelona y el 2 de Ibiza\u00a0<strong>\u201cson pobres y rebatibles\u201d.<\/strong>\u00a0Adem\u00e1s, le llama la atenci\u00f3n \u201cla <strong>reinterpretaci\u00f3n del Derecho de la Uni\u00f3n<\/strong> que ha hecho el Supremo\u201d. Cuesti\u00f3n denunciada por ASUFIN ante la Comisi\u00f3n Europea.<\/p>\n<\/div><\/div><style type=\"text\/css\">.fusion-body .fusion-builder-column-0{width:100% !important;margin-top : 0px;margin-bottom : 0px;}.fusion-builder-column-0 > .fusion-column-wrapper {padding-top : 0px !important;padding-right : 0px !important;margin-right : 1.92%;padding-bottom : 0px !important;padding-left : 0px !important;margin-left : 1.92%;}@media only screen and (max-width:1024px) {.fusion-body .fusion-builder-column-0{width:100% !important;}.fusion-builder-column-0 > .fusion-column-wrapper {margin-right : 1.92%;margin-left : 1.92%;}}@media only screen and (max-width:640px) {.fusion-body .fusion-builder-column-0{width:100% !important;}.fusion-builder-column-0 > .fusion-column-wrapper {margin-right : 1.92%;margin-left : 1.92%;}}<\/style><\/div><\/div><style type=\"text\/css\">.fusion-body .fusion-flex-container.fusion-builder-row-1{ padding-top : 0px;margin-top : 0px;padding-right : 0px;padding-bottom : 0px;margin-bottom : 0px;padding-left : 0px;}<\/style><\/div>\n","protected":false},"excerpt":{"rendered":"<p>Ante la pregunta de por qu\u00e9 volvemos a Europa, tras haber resuelto el\u00a0TJUE\u00a0ya varias cuestiones sobre IRPH, la magistrada asegur\u00f3 que \u201cno est\u00e1 todo dicho, ni mucho menos\u201d. Es m\u00e1s, los argumentos del \u00faltimo auto del TJUE, a prop\u00f3sito de las cuestiones planteadas por el 28 de Barcelona y el 2 de Ibiza\u00a0\u201cson pobres y rebatibles\u201d.\u00a0Adem\u00e1s, le llama la atenci\u00f3n \u201cla reinterpretaci\u00f3n del Derecho de la Uni\u00f3n que ha hecho el Supremo\u201d. Cuesti\u00f3n denunciada por ASUFIN ante la Comisi\u00f3n Europea.<\/p>\n","protected":false},"author":3,"featured_media":12482,"comment_status":"closed","ping_status":"closed","sticky":false,"template":"","format":"standard","meta":{"_jetpack_memberships_contains_paid_content":false,"footnotes":"","jetpack_publicize_message":"","jetpack_publicize_feature_enabled":true,"jetpack_social_post_already_shared":true,"jetpack_social_options":{"image_generator_settings":{"template":"highway","default_image_id":0,"font":"","enabled":false},"version":2}},"categories":[7512,43],"tags":[8025],"class_list":["post-40684","post","type-post","status-publish","format-standard","has-post-thumbnail","hentry","category-consumidores","category-credito-hipotecario","tag-newsletter-356"],"yoast_head":"<!-- This site is optimized with the Yoast SEO plugin v27.5 - https:\/\/yoast.com\/product\/yoast-seo-wordpress\/ -->\n<title>Indicios de la suspensi\u00f3n de los procedimientos por el IRPH<\/title>\n<meta name=\"description\" content=\"Poveda revel\u00f3 que la Audiencia Provincial de Palma le ha pedido sendos autos, lo que podr\u00eda ir en la direcci\u00f3n de dicha suspensi\u00f3n.\" \/>\n<meta name=\"robots\" content=\"index, follow, max-snippet:-1, max-image-preview:large, max-video-preview:-1\" \/>\n<link rel=\"canonical\" href=\"https:\/\/www.aquimicasa.net\/blog\/consumo\/consumidores\/indicios-de-la-suspension-de-los-procedimientos-por-el-irph\/\" \/>\n<meta property=\"og:locale\" content=\"es_ES\" \/>\n<meta property=\"og:type\" content=\"article\" \/>\n<meta property=\"og:title\" content=\"Indicios de la suspensi\u00f3n de los procedimientos por el IRPH\" \/>\n<meta property=\"og:description\" content=\"Poveda revel\u00f3 que la Audiencia Provincial de Palma le ha pedido sendos autos, lo que podr\u00eda ir en la direcci\u00f3n de dicha suspensi\u00f3n.\" \/>\n<meta property=\"og:url\" content=\"https:\/\/www.aquimicasa.net\/blog\/consumo\/consumidores\/indicios-de-la-suspension-de-los-procedimientos-por-el-irph\/\" \/>\n<meta property=\"og:site_name\" content=\"Blog de aquimicasa.net\" \/>\n<meta property=\"article:publisher\" content=\"https:\/\/www.facebook.com\/aquimicasa.net\" \/>\n<meta property=\"article:published_time\" content=\"2022-05-02T16:55:14+00:00\" \/>\n<meta property=\"og:image\" content=\"https:\/\/www.aquimicasa.net\/blog\/wp-content\/uploads\/IRPH.jpg\" \/>\n\t<meta property=\"og:image:width\" content=\"206\" \/>\n\t<meta property=\"og:image:height\" content=\"206\" \/>\n\t<meta property=\"og:image:type\" content=\"image\/jpeg\" \/>\n<meta name=\"author\" content=\"Eduardo Lizarraga\" \/>\n<meta name=\"twitter:label1\" content=\"Escrito por\" \/>\n\t<meta name=\"twitter:data1\" content=\"Eduardo Lizarraga\" \/>\n\t<meta name=\"twitter:label2\" content=\"Tiempo de lectura\" \/>\n\t<meta name=\"twitter:data2\" content=\"3 minutos\" \/>\n<script type=\"application\/ld+json\" class=\"yoast-schema-graph\">{\"@context\":\"https:\\\/\\\/schema.org\",\"@graph\":[{\"@type\":\"Article\",\"@id\":\"https:\\\/\\\/www.aquimicasa.net\\\/blog\\\/consumo\\\/consumidores\\\/indicios-de-la-suspension-de-los-procedimientos-por-el-irph\\\/#article\",\"isPartOf\":{\"@id\":\"https:\\\/\\\/www.aquimicasa.net\\\/blog\\\/consumo\\\/consumidores\\\/indicios-de-la-suspension-de-los-procedimientos-por-el-irph\\\/\"},\"author\":{\"name\":\"Eduardo Lizarraga\",\"@id\":\"https:\\\/\\\/www.aquimicasa.net\\\/blog\\\/#\\\/schema\\\/person\\\/2cdfa2605534583395c8d7ce1d6cac14\"},\"headline\":\"Indicios de la suspensi\u00f3n de los procedimientos por el IRPH\",\"datePublished\":\"2022-05-02T16:55:14+00:00\",\"mainEntityOfPage\":{\"@id\":\"https:\\\/\\\/www.aquimicasa.net\\\/blog\\\/consumo\\\/consumidores\\\/indicios-de-la-suspension-de-los-procedimientos-por-el-irph\\\/\"},\"wordCount\":756,\"publisher\":{\"@id\":\"https:\\\/\\\/www.aquimicasa.net\\\/blog\\\/#organization\"},\"image\":{\"@id\":\"https:\\\/\\\/www.aquimicasa.net\\\/blog\\\/consumo\\\/consumidores\\\/indicios-de-la-suspension-de-los-procedimientos-por-el-irph\\\/#primaryimage\"},\"thumbnailUrl\":\"https:\\\/\\\/www.aquimicasa.net\\\/blog\\\/wp-content\\\/uploads\\\/IRPH.jpg\",\"keywords\":[\"newsletter 356\"],\"articleSection\":[\"Consumidores\",\"Cr\u00e9dito hipotecario\"],\"inLanguage\":\"es\"},{\"@type\":\"WebPage\",\"@id\":\"https:\\\/\\\/www.aquimicasa.net\\\/blog\\\/consumo\\\/consumidores\\\/indicios-de-la-suspension-de-los-procedimientos-por-el-irph\\\/\",\"url\":\"https:\\\/\\\/www.aquimicasa.net\\\/blog\\\/consumo\\\/consumidores\\\/indicios-de-la-suspension-de-los-procedimientos-por-el-irph\\\/\",\"name\":\"Indicios de la suspensi\u00f3n de los procedimientos por el IRPH\",\"isPartOf\":{\"@id\":\"https:\\\/\\\/www.aquimicasa.net\\\/blog\\\/#website\"},\"primaryImageOfPage\":{\"@id\":\"https:\\\/\\\/www.aquimicasa.net\\\/blog\\\/consumo\\\/consumidores\\\/indicios-de-la-suspension-de-los-procedimientos-por-el-irph\\\/#primaryimage\"},\"image\":{\"@id\":\"https:\\\/\\\/www.aquimicasa.net\\\/blog\\\/consumo\\\/consumidores\\\/indicios-de-la-suspension-de-los-procedimientos-por-el-irph\\\/#primaryimage\"},\"thumbnailUrl\":\"https:\\\/\\\/www.aquimicasa.net\\\/blog\\\/wp-content\\\/uploads\\\/IRPH.jpg\",\"datePublished\":\"2022-05-02T16:55:14+00:00\",\"description\":\"Poveda revel\u00f3 que la Audiencia Provincial de Palma le ha pedido sendos autos, lo que podr\u00eda ir en la direcci\u00f3n de dicha suspensi\u00f3n.\",\"breadcrumb\":{\"@id\":\"https:\\\/\\\/www.aquimicasa.net\\\/blog\\\/consumo\\\/consumidores\\\/indicios-de-la-suspension-de-los-procedimientos-por-el-irph\\\/#breadcrumb\"},\"inLanguage\":\"es\",\"potentialAction\":[{\"@type\":\"ReadAction\",\"target\":[\"https:\\\/\\\/www.aquimicasa.net\\\/blog\\\/consumo\\\/consumidores\\\/indicios-de-la-suspension-de-los-procedimientos-por-el-irph\\\/\"]}]},{\"@type\":\"ImageObject\",\"inLanguage\":\"es\",\"@id\":\"https:\\\/\\\/www.aquimicasa.net\\\/blog\\\/consumo\\\/consumidores\\\/indicios-de-la-suspension-de-los-procedimientos-por-el-irph\\\/#primaryimage\",\"url\":\"https:\\\/\\\/www.aquimicasa.net\\\/blog\\\/wp-content\\\/uploads\\\/IRPH.jpg\",\"contentUrl\":\"https:\\\/\\\/www.aquimicasa.net\\\/blog\\\/wp-content\\\/uploads\\\/IRPH.jpg\",\"width\":206,\"height\":206,\"caption\":\"Arriaga se querella contra la Audiencia de Baleares por prevaricaci\u00f3n\"},{\"@type\":\"BreadcrumbList\",\"@id\":\"https:\\\/\\\/www.aquimicasa.net\\\/blog\\\/consumo\\\/consumidores\\\/indicios-de-la-suspension-de-los-procedimientos-por-el-irph\\\/#breadcrumb\",\"itemListElement\":[{\"@type\":\"ListItem\",\"position\":1,\"name\":\"Portada\",\"item\":\"https:\\\/\\\/www.aquimicasa.net\\\/blog\\\/\"},{\"@type\":\"ListItem\",\"position\":2,\"name\":\"Indicios de la suspensi\u00f3n de los procedimientos por el IRPH\"}]},{\"@type\":\"WebSite\",\"@id\":\"https:\\\/\\\/www.aquimicasa.net\\\/blog\\\/#website\",\"url\":\"https:\\\/\\\/www.aquimicasa.net\\\/blog\\\/\",\"name\":\"Blog de aquimicasa.net\",\"description\":\"Noticias del Mundo Inmobiliario\",\"publisher\":{\"@id\":\"https:\\\/\\\/www.aquimicasa.net\\\/blog\\\/#organization\"},\"potentialAction\":[{\"@type\":\"SearchAction\",\"target\":{\"@type\":\"EntryPoint\",\"urlTemplate\":\"https:\\\/\\\/www.aquimicasa.net\\\/blog\\\/?s={search_term_string}\"},\"query-input\":{\"@type\":\"PropertyValueSpecification\",\"valueRequired\":true,\"valueName\":\"search_term_string\"}}],\"inLanguage\":\"es\"},{\"@type\":\"Organization\",\"@id\":\"https:\\\/\\\/www.aquimicasa.net\\\/blog\\\/#organization\",\"name\":\"Blog de aquimicasa.net\",\"url\":\"https:\\\/\\\/www.aquimicasa.net\\\/blog\\\/\",\"logo\":{\"@type\":\"ImageObject\",\"inLanguage\":\"es\",\"@id\":\"https:\\\/\\\/www.aquimicasa.net\\\/blog\\\/#\\\/schema\\\/logo\\\/image\\\/\",\"url\":\"https:\\\/\\\/www.aquimicasa.net\\\/blog\\\/wp-content\\\/uploads\\\/Logo-aquimicasa-1-e1528048213782.png\",\"contentUrl\":\"https:\\\/\\\/www.aquimicasa.net\\\/blog\\\/wp-content\\\/uploads\\\/Logo-aquimicasa-1-e1528048213782.png\",\"width\":225,\"height\":225,\"caption\":\"Blog de aquimicasa.net\"},\"image\":{\"@id\":\"https:\\\/\\\/www.aquimicasa.net\\\/blog\\\/#\\\/schema\\\/logo\\\/image\\\/\"},\"sameAs\":[\"https:\\\/\\\/www.facebook.com\\\/aquimicasa.net\",\"https:\\\/\\\/www.instagram.com\\\/\",\"https:\\\/\\\/x.com\\\/EduLizarragaD\",\"https:\\\/\\\/www.linkedin.com\\\/feed\\\/\"]},{\"@type\":\"Person\",\"@id\":\"https:\\\/\\\/www.aquimicasa.net\\\/blog\\\/#\\\/schema\\\/person\\\/2cdfa2605534583395c8d7ce1d6cac14\",\"name\":\"Eduardo Lizarraga\",\"image\":{\"@type\":\"ImageObject\",\"inLanguage\":\"es\",\"@id\":\"https:\\\/\\\/secure.gravatar.com\\\/avatar\\\/bdabe1eeeed97b65a9cb7de2edd624b07995f7e13abc5fead15961f745f908cc?s=96&d=mm&r=g\",\"url\":\"https:\\\/\\\/secure.gravatar.com\\\/avatar\\\/bdabe1eeeed97b65a9cb7de2edd624b07995f7e13abc5fead15961f745f908cc?s=96&d=mm&r=g\",\"contentUrl\":\"https:\\\/\\\/secure.gravatar.com\\\/avatar\\\/bdabe1eeeed97b65a9cb7de2edd624b07995f7e13abc5fead15961f745f908cc?s=96&d=mm&r=g\",\"caption\":\"Eduardo Lizarraga\"},\"description\":\"Periodista Econ\u00f3mico. Ha trabajado en diversos campos de la informaci\u00f3n. Corresponsal en conflictos, analista pol\u00edtico en Congreso y Senado, periodista del medio ambiente, editor, director editorial, director de comunicaci\u00f3n.... En estos momentos se ha especializado en el sector inmobiliario. Pero tambi\u00e9n es navegante y viajero, preocupado por la pobreza, el medio ambiente y por las actuaciones descontroladas del neoliberalismo empresarial y pol\u00edtico en todo el mundo. Los desahucios, la pobreza infantil y la falta de acceso a los suministros b\u00e1sicos son algunos de los grandes dramas de nuestra sociedad y que es preciso solucionar para hacerla m\u00e1s justa. CEO en www.aquimicasa.net\",\"sameAs\":[\"https:\\\/\\\/www.aquimicasa.net\\\/\"],\"url\":\"https:\\\/\\\/www.aquimicasa.net\\\/blog\\\/author\\\/eduardo\\\/\"}]}<\/script>\n<!-- \/ Yoast SEO plugin. -->","yoast_head_json":{"title":"Indicios de la suspensi\u00f3n de los procedimientos por el IRPH","description":"Poveda revel\u00f3 que la Audiencia Provincial de Palma le ha pedido sendos autos, lo que podr\u00eda ir en la direcci\u00f3n de dicha suspensi\u00f3n.","robots":{"index":"index","follow":"follow","max-snippet":"max-snippet:-1","max-image-preview":"max-image-preview:large","max-video-preview":"max-video-preview:-1"},"canonical":"https:\/\/www.aquimicasa.net\/blog\/consumo\/consumidores\/indicios-de-la-suspension-de-los-procedimientos-por-el-irph\/","og_locale":"es_ES","og_type":"article","og_title":"Indicios de la suspensi\u00f3n de los procedimientos por el IRPH","og_description":"Poveda revel\u00f3 que la Audiencia Provincial de Palma le ha pedido sendos autos, lo que podr\u00eda ir en la direcci\u00f3n de dicha suspensi\u00f3n.","og_url":"https:\/\/www.aquimicasa.net\/blog\/consumo\/consumidores\/indicios-de-la-suspension-de-los-procedimientos-por-el-irph\/","og_site_name":"Blog de aquimicasa.net","article_publisher":"https:\/\/www.facebook.com\/aquimicasa.net","article_published_time":"2022-05-02T16:55:14+00:00","og_image":[{"width":206,"height":206,"url":"https:\/\/www.aquimicasa.net\/blog\/wp-content\/uploads\/IRPH.jpg","type":"image\/jpeg"}],"author":"Eduardo Lizarraga","twitter_misc":{"Escrito por":"Eduardo Lizarraga","Tiempo de lectura":"3 minutos"},"schema":{"@context":"https:\/\/schema.org","@graph":[{"@type":"Article","@id":"https:\/\/www.aquimicasa.net\/blog\/consumo\/consumidores\/indicios-de-la-suspension-de-los-procedimientos-por-el-irph\/#article","isPartOf":{"@id":"https:\/\/www.aquimicasa.net\/blog\/consumo\/consumidores\/indicios-de-la-suspension-de-los-procedimientos-por-el-irph\/"},"author":{"name":"Eduardo Lizarraga","@id":"https:\/\/www.aquimicasa.net\/blog\/#\/schema\/person\/2cdfa2605534583395c8d7ce1d6cac14"},"headline":"Indicios de la suspensi\u00f3n de los procedimientos por el IRPH","datePublished":"2022-05-02T16:55:14+00:00","mainEntityOfPage":{"@id":"https:\/\/www.aquimicasa.net\/blog\/consumo\/consumidores\/indicios-de-la-suspension-de-los-procedimientos-por-el-irph\/"},"wordCount":756,"publisher":{"@id":"https:\/\/www.aquimicasa.net\/blog\/#organization"},"image":{"@id":"https:\/\/www.aquimicasa.net\/blog\/consumo\/consumidores\/indicios-de-la-suspension-de-los-procedimientos-por-el-irph\/#primaryimage"},"thumbnailUrl":"https:\/\/www.aquimicasa.net\/blog\/wp-content\/uploads\/IRPH.jpg","keywords":["newsletter 356"],"articleSection":["Consumidores","Cr\u00e9dito hipotecario"],"inLanguage":"es"},{"@type":"WebPage","@id":"https:\/\/www.aquimicasa.net\/blog\/consumo\/consumidores\/indicios-de-la-suspension-de-los-procedimientos-por-el-irph\/","url":"https:\/\/www.aquimicasa.net\/blog\/consumo\/consumidores\/indicios-de-la-suspension-de-los-procedimientos-por-el-irph\/","name":"Indicios de la suspensi\u00f3n de los procedimientos por el IRPH","isPartOf":{"@id":"https:\/\/www.aquimicasa.net\/blog\/#website"},"primaryImageOfPage":{"@id":"https:\/\/www.aquimicasa.net\/blog\/consumo\/consumidores\/indicios-de-la-suspension-de-los-procedimientos-por-el-irph\/#primaryimage"},"image":{"@id":"https:\/\/www.aquimicasa.net\/blog\/consumo\/consumidores\/indicios-de-la-suspension-de-los-procedimientos-por-el-irph\/#primaryimage"},"thumbnailUrl":"https:\/\/www.aquimicasa.net\/blog\/wp-content\/uploads\/IRPH.jpg","datePublished":"2022-05-02T16:55:14+00:00","description":"Poveda revel\u00f3 que la Audiencia Provincial de Palma le ha pedido sendos autos, lo que podr\u00eda ir en la direcci\u00f3n de dicha suspensi\u00f3n.","breadcrumb":{"@id":"https:\/\/www.aquimicasa.net\/blog\/consumo\/consumidores\/indicios-de-la-suspension-de-los-procedimientos-por-el-irph\/#breadcrumb"},"inLanguage":"es","potentialAction":[{"@type":"ReadAction","target":["https:\/\/www.aquimicasa.net\/blog\/consumo\/consumidores\/indicios-de-la-suspension-de-los-procedimientos-por-el-irph\/"]}]},{"@type":"ImageObject","inLanguage":"es","@id":"https:\/\/www.aquimicasa.net\/blog\/consumo\/consumidores\/indicios-de-la-suspension-de-los-procedimientos-por-el-irph\/#primaryimage","url":"https:\/\/www.aquimicasa.net\/blog\/wp-content\/uploads\/IRPH.jpg","contentUrl":"https:\/\/www.aquimicasa.net\/blog\/wp-content\/uploads\/IRPH.jpg","width":206,"height":206,"caption":"Arriaga se querella contra la Audiencia de Baleares por prevaricaci\u00f3n"},{"@type":"BreadcrumbList","@id":"https:\/\/www.aquimicasa.net\/blog\/consumo\/consumidores\/indicios-de-la-suspension-de-los-procedimientos-por-el-irph\/#breadcrumb","itemListElement":[{"@type":"ListItem","position":1,"name":"Portada","item":"https:\/\/www.aquimicasa.net\/blog\/"},{"@type":"ListItem","position":2,"name":"Indicios de la suspensi\u00f3n de los procedimientos por el IRPH"}]},{"@type":"WebSite","@id":"https:\/\/www.aquimicasa.net\/blog\/#website","url":"https:\/\/www.aquimicasa.net\/blog\/","name":"Blog de aquimicasa.net","description":"Noticias del Mundo Inmobiliario","publisher":{"@id":"https:\/\/www.aquimicasa.net\/blog\/#organization"},"potentialAction":[{"@type":"SearchAction","target":{"@type":"EntryPoint","urlTemplate":"https:\/\/www.aquimicasa.net\/blog\/?s={search_term_string}"},"query-input":{"@type":"PropertyValueSpecification","valueRequired":true,"valueName":"search_term_string"}}],"inLanguage":"es"},{"@type":"Organization","@id":"https:\/\/www.aquimicasa.net\/blog\/#organization","name":"Blog de aquimicasa.net","url":"https:\/\/www.aquimicasa.net\/blog\/","logo":{"@type":"ImageObject","inLanguage":"es","@id":"https:\/\/www.aquimicasa.net\/blog\/#\/schema\/logo\/image\/","url":"https:\/\/www.aquimicasa.net\/blog\/wp-content\/uploads\/Logo-aquimicasa-1-e1528048213782.png","contentUrl":"https:\/\/www.aquimicasa.net\/blog\/wp-content\/uploads\/Logo-aquimicasa-1-e1528048213782.png","width":225,"height":225,"caption":"Blog de aquimicasa.net"},"image":{"@id":"https:\/\/www.aquimicasa.net\/blog\/#\/schema\/logo\/image\/"},"sameAs":["https:\/\/www.facebook.com\/aquimicasa.net","https:\/\/www.instagram.com\/","https:\/\/x.com\/EduLizarragaD","https:\/\/www.linkedin.com\/feed\/"]},{"@type":"Person","@id":"https:\/\/www.aquimicasa.net\/blog\/#\/schema\/person\/2cdfa2605534583395c8d7ce1d6cac14","name":"Eduardo Lizarraga","image":{"@type":"ImageObject","inLanguage":"es","@id":"https:\/\/secure.gravatar.com\/avatar\/bdabe1eeeed97b65a9cb7de2edd624b07995f7e13abc5fead15961f745f908cc?s=96&d=mm&r=g","url":"https:\/\/secure.gravatar.com\/avatar\/bdabe1eeeed97b65a9cb7de2edd624b07995f7e13abc5fead15961f745f908cc?s=96&d=mm&r=g","contentUrl":"https:\/\/secure.gravatar.com\/avatar\/bdabe1eeeed97b65a9cb7de2edd624b07995f7e13abc5fead15961f745f908cc?s=96&d=mm&r=g","caption":"Eduardo Lizarraga"},"description":"Periodista Econ\u00f3mico. Ha trabajado en diversos campos de la informaci\u00f3n. Corresponsal en conflictos, analista pol\u00edtico en Congreso y Senado, periodista del medio ambiente, editor, director editorial, director de comunicaci\u00f3n.... En estos momentos se ha especializado en el sector inmobiliario. Pero tambi\u00e9n es navegante y viajero, preocupado por la pobreza, el medio ambiente y por las actuaciones descontroladas del neoliberalismo empresarial y pol\u00edtico en todo el mundo. Los desahucios, la pobreza infantil y la falta de acceso a los suministros b\u00e1sicos son algunos de los grandes dramas de nuestra sociedad y que es preciso solucionar para hacerla m\u00e1s justa. CEO en www.aquimicasa.net","sameAs":["https:\/\/www.aquimicasa.net\/"],"url":"https:\/\/www.aquimicasa.net\/blog\/author\/eduardo\/"}]}},"jetpack_publicize_connections":[],"jetpack_featured_media_url":"https:\/\/www.aquimicasa.net\/blog\/wp-content\/uploads\/IRPH.jpg","jetpack_sharing_enabled":true,"jetpack_likes_enabled":true,"_links":{"self":[{"href":"https:\/\/www.aquimicasa.net\/blog\/wp-json\/wp\/v2\/posts\/40684","targetHints":{"allow":["GET"]}}],"collection":[{"href":"https:\/\/www.aquimicasa.net\/blog\/wp-json\/wp\/v2\/posts"}],"about":[{"href":"https:\/\/www.aquimicasa.net\/blog\/wp-json\/wp\/v2\/types\/post"}],"author":[{"embeddable":true,"href":"https:\/\/www.aquimicasa.net\/blog\/wp-json\/wp\/v2\/users\/3"}],"replies":[{"embeddable":true,"href":"https:\/\/www.aquimicasa.net\/blog\/wp-json\/wp\/v2\/comments?post=40684"}],"version-history":[{"count":4,"href":"https:\/\/www.aquimicasa.net\/blog\/wp-json\/wp\/v2\/posts\/40684\/revisions"}],"predecessor-version":[{"id":40740,"href":"https:\/\/www.aquimicasa.net\/blog\/wp-json\/wp\/v2\/posts\/40684\/revisions\/40740"}],"wp:featuredmedia":[{"embeddable":true,"href":"https:\/\/www.aquimicasa.net\/blog\/wp-json\/wp\/v2\/media\/12482"}],"wp:attachment":[{"href":"https:\/\/www.aquimicasa.net\/blog\/wp-json\/wp\/v2\/media?parent=40684"}],"wp:term":[{"taxonomy":"category","embeddable":true,"href":"https:\/\/www.aquimicasa.net\/blog\/wp-json\/wp\/v2\/categories?post=40684"},{"taxonomy":"post_tag","embeddable":true,"href":"https:\/\/www.aquimicasa.net\/blog\/wp-json\/wp\/v2\/tags?post=40684"}],"curies":[{"name":"wp","href":"https:\/\/api.w.org\/{rel}","templated":true}]}}