{"id":40828,"date":"2022-05-12T08:22:51","date_gmt":"2022-05-12T06:22:51","guid":{"rendered":"https:\/\/www.aquimicasa.net\/blog\/?p=40828"},"modified":"2022-05-22T15:36:17","modified_gmt":"2022-05-22T13:36:17","slug":"el-sinverguenza-lo-oscuro-y-el-esperpento","status":"publish","type":"post","link":"https:\/\/www.aquimicasa.net\/blog\/vivienda\/compraventa-de-viviendas\/el-sinverguenza-lo-oscuro-y-el-esperpento\/","title":{"rendered":"El sinverg\u00fcenza, lo oscuro y el esperpento"},"content":{"rendered":"<div class=\"fusion-fullwidth fullwidth-box fusion-builder-row-1 fusion-flex-container nonhundred-percent-fullwidth non-hundred-percent-height-scrolling\" style=\"background-color: rgba(255,255,255,0);background-position: center center;background-repeat: no-repeat;border-width: 0px 0px 0px 0px;border-color:#eae9e9;border-style:solid;\" ><div class=\"fusion-builder-row fusion-row fusion-flex-align-items-flex-start\" style=\"max-width:1144px;margin-left: calc(-4% \/ 2 );margin-right: calc(-4% \/ 2 );\"><div class=\"fusion-layout-column fusion_builder_column fusion-builder-column-0 fusion_builder_column_1_1 1_1 fusion-flex-column\"><div class=\"fusion-column-wrapper fusion-flex-justify-content-flex-start fusion-content-layout-column\" style=\"background-position:left top;background-repeat:no-repeat;-webkit-background-size:cover;-moz-background-size:cover;-o-background-size:cover;background-size:cover;padding: 0px 0px 0px 0px;\"><div class=\"fusion-text fusion-text-1\"><p>No se puede negar que hemos tenido una semana muy interesante, en la que <strong>el esperpento, la sinvergonzoner\u00eda y el oscurantismo<\/strong> han sido los protagonistas, aunque algo de humor tambi\u00e9n hemos podido presenciar.<\/p>\n<p>Uno de los actores destacados ha sido el presidente de Iberdrola, <strong>Ignacio S\u00e1nchez Gal\u00e1n<\/strong>, que en un desliz imprudente ha mostrado lo que esconde en su interior y lo que opina de unos cuantos millones de espa\u00f1oles, muchos de ellos sus clientes. Todos sabemos ya que a muchos de nosotros <strong>nos llam\u00f3 tontos<\/strong>, con toda la desfachatez y la \u201cclac\u201d presente ri\u00e9ndole la gracia.<\/p>\n<p>El ep\u00edteto lo dirigi\u00f3 a todos esos millones de espa\u00f1oles, nada menos que 10, es decir casi la cuarta parte de la poblaci\u00f3n, que disponen de la <strong>tarifa regulada<\/strong> por el Gobierno (PVPC) y no compran directamente su electricidad en el mercado libre. Y como lleva m\u00e1s de 20 a\u00f1os al frente de Iberdrola sabe perfectamente lo que es el<strong> bono social<\/strong>, que disponen de \u00e9l alrededor de un mill\u00f3n de personas y que es condici\u00f3n \u201csine qua non\u201d estar adscrito a la tarifa semi regulada para poder solicitarlo y disponer de \u00e9l.<\/p>\n<p>Y aunque sabe que estas familias ganan menos de 1.500 euros al mes, lo que gana \u00e9l a la hora, su endiosamiento le lleva al insulto y el agravio hacia los m\u00e1s vulnerables. Y esto es sencillamente asqueroso y m\u00e1s teniendo el conocimiento, posici\u00f3n y reconocimiento que tiene este individuo, S\u00e1nchez Gal\u00e1n. Debe estar muy dolido con esos millones de personas que le restan ingresos para actuar as\u00ed ante las c\u00e1maras.<\/p>\n<p>Su empresa, <strong>Iberdrola<\/strong>, obtuvo en 2021 unos beneficios hist\u00f3ricos, alcanzando la cifra de 3.855 millones de euros, es decir, un 8% m\u00e1s que el a\u00f1o anterior. En casi id\u00e9ntica proporci\u00f3n subi\u00f3 el sueldo de <strong>Ignacio S\u00e1nchez Gal\u00e1n<\/strong>, que percibi\u00f3 un total de <strong>13,205 millones de euros<\/strong>, 36.172 euros al d\u00eda, 1.507 a la hora; es decir, un 8,23% m\u00e1s que el a\u00f1o anterior. En la presentaci\u00f3n de esos resultados a los accionistas, que babeaban ante la promesa, se comprometi\u00f3 a llevar los beneficios de la el\u00e9ctrica a los 4.200 millones este a\u00f1o.<\/p>\n<p>Y para ello, adem\u00e1s de triqui\u00f1uelas varias, como vaciar embalses, trampear con tarifas y cobrar la luz hidroel\u00e9ctrica a precio de gas, el presidente de Iberdrola ha impuesto unas tarifas en los suministros energ\u00e9ticos que vac\u00edan nuestros bolsillos y colocan en mala situaci\u00f3n a centenares de miles de empresas de este pa\u00eds que dice es el suyo.<\/p>\n<p>Las empresas energ\u00e9ticas se est\u00e1n aprovechando de las pol\u00edticas de fiscalidad impuestas por el Gobierno y <strong>est\u00e1n encareci\u00e9ndose<\/strong>\u00a0de forma importante en los \u00faltimos meses l<strong>as ofertas del mercado libre <\/strong>siendo cada vez m\u00e1s las que, a pesar de las palabras del listo de Iberdrola, resultan m\u00e1s caras que la\u00a0<strong>tarifa semi regulada (PVPC)<\/strong>.<\/p>\n<p>Y estando las ofertas del mercado libre de la electricidad, algunas por arriba y otras por debajo de esta tarifa que da derecho al bono social, la situaci\u00f3n en el <strong>mercado del gas<\/strong> es muy diferente. La factura de un <strong>usuario de gas natural<\/strong>\u00a0se infla entre un 91 y un 177% si tiene contratada una tarifa de mercado libre en lugar de la regulada\u00a0<strong>Tarifa de \u00daltimo Recurso (TUR)<\/strong>.<\/p>\n<p>Y efectivamente es <strong>Iberdrola<\/strong>, con diferencia, la compa\u00f1\u00eda con\u00a0<strong>las ofertas m\u00e1s caras<\/strong>. Un usuario con un consumo mensual de 9.600 kilovatios hora (kWh) al a\u00f1o (800 al mes) paga con ella una factura mensual de 174,14 euros.\u00a0<strong>Es un 230,8% m\u00e1s que con su oferta de\u00a0<a href=\"https:\/\/www.facua.org\/16776\"  rel=\"nofollow noopener\">mayo de 2021<\/a><\/strong>, cuando el recibo para ese consumo era de 52,65 euros.<\/p>\n<p>Es decir, el importe de la factura de Iberdrola casi\u00a0<strong>multiplica por tres<\/strong>\u00a0los 62,76 euros que abona el mismo usuario con la TUR correspondiente a los hogares con consumos de entre 5.000 y 15.000 kWh al a\u00f1o.<\/p>\n<p>Tal vez el enfado que denota la salida de tono del primer ejecutivo de Iberdrola se deba a que con las medidas del Gobierno para abaratar la luz, con un coste fiscal de unos 12.000 millones de euros, as\u00ed como el intento de pasar m\u00e1s personas al bono social y la bajada del precio del gas para su producci\u00f3n, el deslenguado S\u00e1nchez Gal\u00e1n vea dif\u00edcil llegar a los 4.200 millones de beneficios este a\u00f1o, como hab\u00eda previsto, con lo que su sueldo y bonus tambi\u00e9n se ver\u00edan reducidos. \u00a0Recordemos en este sentido sus declaraciones contra la <strong>excepci\u00f3n ib\u00e9rica<\/strong> que los presidentes de Espa\u00f1a y Portugal obtuvieron de Bruselas.<\/p>\n<p>Pero, aunque no creo que un mill\u00f3n arriba o abajo le importen demasiado. Lo cierto es que Iberdrola est\u00e1 siendo una de las empresas menos emp\u00e1ticas con la ciudadan\u00eda, obviando la responsabilidad social y no facilitando la informaci\u00f3n -es la \u00fanica- para poder actualizar el IPC y que \u00e9ste refleje el coste real de la electricidad, con lo que bajar\u00eda la carga inflacionista para todo el estado. \u00bfSer\u00e1 un rej\u00f3n pol\u00edtico al Gobierno por ser chicos malos y echarle abajo sus previsiones?<\/p>\n<p>Y si S\u00e1nchez Gal\u00e1n ha ocupado el puesto de <strong>sinverg\u00fcenza de la semana<\/strong>, desbancando por una vez a Olona o Ayuso, <strong>el esperpento<\/strong> ha corrido a cargo de la izquierda de Andaluc\u00eda, que en poco menos de una semana se ha cargado cualquier posible expectativa que pudieran tener. Y no se puede negar que han obtenido un \u201ccum laude\u201d en el proceso, explicado por su largo historial de imbecilidades personalistas.\u00a0 Y luego se quejan de que el electorado no les entiende\u2026<\/p>\n<p>Ser\u00e1n <strong>seis coaliciones de izquierdas<\/strong> las que se presentar\u00e1n el pr\u00f3ximo d\u00eda 19 de junio a las elecciones andaluzas, la mayor\u00eda de ellas en todas las provincias salvo Conecta Andaluc\u00eda que se presenta tan s\u00f3lo en M\u00e1laga. Pero <strong>ni Podemos, ni Alianza Verde estar\u00e1n<\/strong> con ellos, porque tensaron tanto la cuerda para tratar de imponer hasta el \u00faltimo minuto a su propio candidato como cabeza de cartel para las elecciones, que llegaron tarde a la inscripci\u00f3n. La Junta Electoral de Andaluc\u00eda les rechaz\u00f3 el escrito de subsanaci\u00f3n \u00a0y <strong>no van a presentar recurso<\/strong> ante la Junta Electoral Central, supongo que para no seguir revolviendo que oler\u00e1 peor.<\/p>\n<p>La coalici\u00f3n, en boca de la candidata de la confluencia a la Presidencia de la Junta de Andaluc\u00eda, Inmaculada Nieto (IU), ha pedido \u00abdisculpas por el bochornoso espect\u00e1culo de la \u00faltima semana, pero a\u00fan no ha aclarado como lo van a solucionar para cumplir el acuerdo pol\u00edtico y que Podemos est\u00e9 en las listas electorales, aunque sea como independientes.<\/p>\n<p>Pero hay m\u00e1s problemas de fondo a resolver y no peque\u00f1os; al no formar legalmente parte de la confluencia, Podemos no est\u00e1 en los \u00f3rganos de direcci\u00f3n y coordinaci\u00f3n de &#8216;Por Andaluc\u00eda, tampoco podr\u00e1 tener acceso a las <strong>subvenciones electorales<\/strong> y fondos parlamentarios y quedan en el aire el <strong>reparto de los cargos electos<\/strong> en los \u00f3rganos de gobierno andaluces, comisiones, C\u00e1mara de Cuentas\u2026 demasiados problemas cuando se ha empezado con mal pie.<\/p>\n<p>Si seg\u00fan las encuestas ten\u00edan pocas posibilidades, con lo sucedido se promete una buena debacle. A ver <strong>a quien se le echa la culpa<\/strong> al d\u00eda siguiente\u2026<\/p>\n<p>La oscuridad de la semana ha corrido a cargo del Gobierno, el CNI y su estructura, compitiendo para aclarar el nombre del \u201cAnacleto agente secreto\u201d que ha puesto el conocido programa israel\u00ed Pegasus en los tel\u00e9fonos de parte del Gobierno. El problema se ha cobrado la primera cabeza en <strong>Paz Esteban<\/strong>, \u00a0directora del Centro Nacional de Inteligencia (CNI), que ha sido destituida por el Gobierno. La jefa de los esp\u00edas estaba defenestrada desde que reconoci\u00f3 en el Congreso que se hab\u00eda espiado al Presidente de la Generalitat, <strong>Pere Aragon\u00e9s<\/strong> y a otros 18 pol\u00edticos catalanes implicados en el Proc\u00e9s, siempre con aval judicial.<\/p>\n<p>Pero hab\u00eda que buscar un motivo que no diera tanta gasolina al bloque de las derechas en el Parlamento, que lo tomar\u00edan como una concesi\u00f3n al independentismo. El espionaje a 3 de los tel\u00e9fonos m\u00f3viles m\u00e1s sensibles y protegidos del pa\u00eds: Presidente del Gobierno, Ministra de Defensa y Ministro del Interior, parece argumento lo bastante grave como para que ruede alguna cabeza y no iba a ser ni la de Robles ni la de Bola\u00f1os.<\/p>\n<p>El bloque de investidura quiere saber m\u00e1s y tener respuestas, por eso volver\u00e1 a exigir la creaci\u00f3n de una comisi\u00f3n de investigaci\u00f3n para depurar responsabilidades, como ya se hizo la pasada semana y el PSOE, Ciudadanos, VOX y el PP tumbaron. Es preciso saber qui\u00e9n est\u00e1 detr\u00e1s del espionaje\u2026 \u00bfser\u00e1 Marruecos como apuntan algunos datos?&#8230; pero seguro que <strong>nunca lo sabremos<\/strong>.<\/p>\n<p>Tambi\u00e9n esta semana nos hemos enterado que Putin pretend\u00eda ayudar a Puigdemont en su <strong>declaraci\u00f3n unilateral de independencia<\/strong>, para lo que le pasar\u00eda generosamente 500.000 millones, llevando a 10.000 soldados a desembarcar en la Barceloneta. Si no fuera por la actual situaci\u00f3n en Ucrania se podr\u00eda hacer alg\u00fan chiste con los ruskis y las mongetes con butifarra.<\/p>\n<p>Y terminando que esto se alarga, me ha hecho gracia la cara de sorpresa y desaz\u00f3n del presidente de la patronal madrile\u00f1a, (CEIM), <strong>Miguel Garrido<\/strong> y de sus dos acompa\u00f1antes, organizadores del primer F\u00f3rum sobre liderazgo empresarial y directivo Madrid Leaders Forum, cuando la vicepresidenta primera del Gobierno, <strong>Nadia Calvi\u00f1o<\/strong>, se ha negado a hacerse la foto con ellos, <strong>por ser la \u00fanica mujer<\/strong>, tal y como advirti\u00f3 en febrero que har\u00eda si se daba esta circunstancia. Lo cierto es que creo que se ha marcado un buen tanto en la lucha por la i<strong>gualdad de la mujer<\/strong> en los \u00e1mbitos profesionales y empresariales.<\/p>\n<p>Semana movidita y con los pol\u00edticos cada vez m\u00e1s <strong>alejados de la realidad<\/strong>, como lo demuestra el sondeo del CIS, que asegura que son el primer motivo de crispaci\u00f3n para m\u00e1s del 90% de la poblaci\u00f3n. Demasiado endiosado, narcisista, vago e inculto en pol\u00edtica. Aunque, como vemos por S\u00e1nchez Gal\u00e1n, tambi\u00e9n est\u00e1n en otros lugares.\u00a0 La semana que viene hablaremos del inmobiliario, que <strong>va calentito<\/strong>.<\/p>\n<p>Eduardo Lizarraga<\/p>\n<p>WWW.AQUIMICASA.NET<\/p>\n<\/div><\/div><style type=\"text\/css\">.fusion-body .fusion-builder-column-0{width:100% !important;margin-top : 0px;margin-bottom : 0px;}.fusion-builder-column-0 > .fusion-column-wrapper {padding-top : 0px !important;padding-right : 0px !important;margin-right : 1.92%;padding-bottom : 0px !important;padding-left : 0px !important;margin-left : 1.92%;}@media only screen and (max-width:1024px) {.fusion-body .fusion-builder-column-0{width:100% !important;}.fusion-builder-column-0 > .fusion-column-wrapper {margin-right : 1.92%;margin-left : 1.92%;}}@media only screen and (max-width:640px) {.fusion-body .fusion-builder-column-0{width:100% !important;}.fusion-builder-column-0 > .fusion-column-wrapper {margin-right : 1.92%;margin-left : 1.92%;}}<\/style><\/div><\/div><style type=\"text\/css\">.fusion-body .fusion-flex-container.fusion-builder-row-1{ padding-top : 0px;margin-top : 0px;padding-right : 0px;padding-bottom : 0px;margin-bottom : 0px;padding-left : 0px;}<\/style><\/div>\n","protected":false},"excerpt":{"rendered":"<p>Iberdrola est\u00e1 siendo una de las empresas menos emp\u00e1ticas con la ciudadan\u00eda, obviando la responsabilidad social y no facilitando la informaci\u00f3n -es la \u00fanica- para poder actualizar el IPC y que \u00e9ste refleje el coste real de la electricidad, con lo que bajar\u00eda la carga inflacionista para todo el estado.<\/p>\n","protected":false},"author":3,"featured_media":15917,"comment_status":"closed","ping_status":"closed","sticky":false,"template":"","format":"standard","meta":{"_jetpack_memberships_contains_paid_content":false,"footnotes":"","jetpack_publicize_message":"","jetpack_publicize_feature_enabled":true,"jetpack_social_post_already_shared":true,"jetpack_social_options":{"image_generator_settings":{"template":"highway","default_image_id":0,"font":"","enabled":false},"version":2}},"categories":[100,3249],"tags":[4044,8030,8031],"class_list":["post-40828","post","type-post","status-publish","format-standard","has-post-thumbnail","hentry","category-compraventa-de-viviendas","category-opinion","tag-articulo-de-opinion-eduardo-lizarraga","tag-newsletter-357","tag-newsletter-358"],"yoast_head":"<!-- This site is optimized with the Yoast SEO plugin v27.4 - https:\/\/yoast.com\/product\/yoast-seo-wordpress\/ -->\n<title>El sinverg\u00fcenza, lo oscuro y el esperpento<\/title>\n<meta name=\"description\" content=\"Las empresas energ\u00e9ticas se aprovechan de las pol\u00edticas de fiscalidad impuestas por el Gobierno y encarecen las ofertas del mercado libre\" \/>\n<meta name=\"robots\" content=\"index, follow, max-snippet:-1, max-image-preview:large, max-video-preview:-1\" \/>\n<link rel=\"canonical\" href=\"https:\/\/www.aquimicasa.net\/blog\/vivienda\/compraventa-de-viviendas\/el-sinverguenza-lo-oscuro-y-el-esperpento\/\" \/>\n<meta property=\"og:locale\" content=\"es_ES\" \/>\n<meta property=\"og:type\" content=\"article\" \/>\n<meta property=\"og:title\" content=\"El sinverg\u00fcenza, lo oscuro y el esperpento\" \/>\n<meta property=\"og:description\" content=\"Las empresas energ\u00e9ticas se aprovechan de las pol\u00edticas de fiscalidad impuestas por el Gobierno y encarecen las ofertas del mercado libre\" \/>\n<meta property=\"og:url\" content=\"https:\/\/www.aquimicasa.net\/blog\/vivienda\/compraventa-de-viviendas\/el-sinverguenza-lo-oscuro-y-el-esperpento\/\" \/>\n<meta property=\"og:site_name\" content=\"Blog de aquimicasa.net\" \/>\n<meta property=\"article:publisher\" content=\"https:\/\/www.facebook.com\/aquimicasa.net\" \/>\n<meta property=\"article:published_time\" content=\"2022-05-12T06:22:51+00:00\" \/>\n<meta property=\"article:modified_time\" content=\"2022-05-22T13:36:17+00:00\" \/>\n<meta property=\"og:image\" content=\"https:\/\/www.aquimicasa.net\/blog\/wp-content\/uploads\/Galan-Iberdrola-e1494532428370.jpg\" \/>\n\t<meta property=\"og:image:width\" content=\"320\" \/>\n\t<meta property=\"og:image:height\" content=\"240\" \/>\n\t<meta property=\"og:image:type\" content=\"image\/jpeg\" \/>\n<meta name=\"author\" content=\"Eduardo Lizarraga\" \/>\n<meta name=\"twitter:label1\" content=\"Escrito por\" \/>\n\t<meta name=\"twitter:data1\" content=\"Eduardo Lizarraga\" \/>\n\t<meta name=\"twitter:label2\" content=\"Tiempo de lectura\" \/>\n\t<meta name=\"twitter:data2\" content=\"8 minutos\" \/>\n<script type=\"application\/ld+json\" class=\"yoast-schema-graph\">{\"@context\":\"https:\\\/\\\/schema.org\",\"@graph\":[{\"@type\":\"Article\",\"@id\":\"https:\\\/\\\/www.aquimicasa.net\\\/blog\\\/vivienda\\\/compraventa-de-viviendas\\\/el-sinverguenza-lo-oscuro-y-el-esperpento\\\/#article\",\"isPartOf\":{\"@id\":\"https:\\\/\\\/www.aquimicasa.net\\\/blog\\\/vivienda\\\/compraventa-de-viviendas\\\/el-sinverguenza-lo-oscuro-y-el-esperpento\\\/\"},\"author\":{\"name\":\"Eduardo Lizarraga\",\"@id\":\"https:\\\/\\\/www.aquimicasa.net\\\/blog\\\/#\\\/schema\\\/person\\\/2cdfa2605534583395c8d7ce1d6cac14\"},\"headline\":\"El sinverg\u00fcenza, lo oscuro y el esperpento\",\"datePublished\":\"2022-05-12T06:22:51+00:00\",\"dateModified\":\"2022-05-22T13:36:17+00:00\",\"mainEntityOfPage\":{\"@id\":\"https:\\\/\\\/www.aquimicasa.net\\\/blog\\\/vivienda\\\/compraventa-de-viviendas\\\/el-sinverguenza-lo-oscuro-y-el-esperpento\\\/\"},\"wordCount\":2000,\"publisher\":{\"@id\":\"https:\\\/\\\/www.aquimicasa.net\\\/blog\\\/#organization\"},\"image\":{\"@id\":\"https:\\\/\\\/www.aquimicasa.net\\\/blog\\\/vivienda\\\/compraventa-de-viviendas\\\/el-sinverguenza-lo-oscuro-y-el-esperpento\\\/#primaryimage\"},\"thumbnailUrl\":\"https:\\\/\\\/www.aquimicasa.net\\\/blog\\\/wp-content\\\/uploads\\\/Galan-Iberdrola-e1494532428370.jpg\",\"keywords\":[\"Art\u00edculo de opini\u00f3n. Eduardo Lizarraga\",\"newsletter 357\",\"newsletter 358\"],\"articleSection\":[\"Compra Venta\",\"Opini\u00f3n\"],\"inLanguage\":\"es\"},{\"@type\":\"WebPage\",\"@id\":\"https:\\\/\\\/www.aquimicasa.net\\\/blog\\\/vivienda\\\/compraventa-de-viviendas\\\/el-sinverguenza-lo-oscuro-y-el-esperpento\\\/\",\"url\":\"https:\\\/\\\/www.aquimicasa.net\\\/blog\\\/vivienda\\\/compraventa-de-viviendas\\\/el-sinverguenza-lo-oscuro-y-el-esperpento\\\/\",\"name\":\"El sinverg\u00fcenza, lo oscuro y el esperpento\",\"isPartOf\":{\"@id\":\"https:\\\/\\\/www.aquimicasa.net\\\/blog\\\/#website\"},\"primaryImageOfPage\":{\"@id\":\"https:\\\/\\\/www.aquimicasa.net\\\/blog\\\/vivienda\\\/compraventa-de-viviendas\\\/el-sinverguenza-lo-oscuro-y-el-esperpento\\\/#primaryimage\"},\"image\":{\"@id\":\"https:\\\/\\\/www.aquimicasa.net\\\/blog\\\/vivienda\\\/compraventa-de-viviendas\\\/el-sinverguenza-lo-oscuro-y-el-esperpento\\\/#primaryimage\"},\"thumbnailUrl\":\"https:\\\/\\\/www.aquimicasa.net\\\/blog\\\/wp-content\\\/uploads\\\/Galan-Iberdrola-e1494532428370.jpg\",\"datePublished\":\"2022-05-12T06:22:51+00:00\",\"dateModified\":\"2022-05-22T13:36:17+00:00\",\"description\":\"Las empresas energ\u00e9ticas se aprovechan de las pol\u00edticas de fiscalidad impuestas por el Gobierno y encarecen las ofertas del mercado libre\",\"breadcrumb\":{\"@id\":\"https:\\\/\\\/www.aquimicasa.net\\\/blog\\\/vivienda\\\/compraventa-de-viviendas\\\/el-sinverguenza-lo-oscuro-y-el-esperpento\\\/#breadcrumb\"},\"inLanguage\":\"es\",\"potentialAction\":[{\"@type\":\"ReadAction\",\"target\":[\"https:\\\/\\\/www.aquimicasa.net\\\/blog\\\/vivienda\\\/compraventa-de-viviendas\\\/el-sinverguenza-lo-oscuro-y-el-esperpento\\\/\"]}]},{\"@type\":\"ImageObject\",\"inLanguage\":\"es\",\"@id\":\"https:\\\/\\\/www.aquimicasa.net\\\/blog\\\/vivienda\\\/compraventa-de-viviendas\\\/el-sinverguenza-lo-oscuro-y-el-esperpento\\\/#primaryimage\",\"url\":\"https:\\\/\\\/www.aquimicasa.net\\\/blog\\\/wp-content\\\/uploads\\\/Galan-Iberdrola-e1494532428370.jpg\",\"contentUrl\":\"https:\\\/\\\/www.aquimicasa.net\\\/blog\\\/wp-content\\\/uploads\\\/Galan-Iberdrola-e1494532428370.jpg\",\"width\":320,\"height\":240,\"caption\":\"S\u00e1nchez Gal\u00e1n amenaza al Estado\"},{\"@type\":\"BreadcrumbList\",\"@id\":\"https:\\\/\\\/www.aquimicasa.net\\\/blog\\\/vivienda\\\/compraventa-de-viviendas\\\/el-sinverguenza-lo-oscuro-y-el-esperpento\\\/#breadcrumb\",\"itemListElement\":[{\"@type\":\"ListItem\",\"position\":1,\"name\":\"Portada\",\"item\":\"https:\\\/\\\/www.aquimicasa.net\\\/blog\\\/\"},{\"@type\":\"ListItem\",\"position\":2,\"name\":\"El sinverg\u00fcenza, lo oscuro y el esperpento\"}]},{\"@type\":\"WebSite\",\"@id\":\"https:\\\/\\\/www.aquimicasa.net\\\/blog\\\/#website\",\"url\":\"https:\\\/\\\/www.aquimicasa.net\\\/blog\\\/\",\"name\":\"Blog de aquimicasa.net\",\"description\":\"Noticias del Mundo Inmobiliario\",\"publisher\":{\"@id\":\"https:\\\/\\\/www.aquimicasa.net\\\/blog\\\/#organization\"},\"potentialAction\":[{\"@type\":\"SearchAction\",\"target\":{\"@type\":\"EntryPoint\",\"urlTemplate\":\"https:\\\/\\\/www.aquimicasa.net\\\/blog\\\/?s={search_term_string}\"},\"query-input\":{\"@type\":\"PropertyValueSpecification\",\"valueRequired\":true,\"valueName\":\"search_term_string\"}}],\"inLanguage\":\"es\"},{\"@type\":\"Organization\",\"@id\":\"https:\\\/\\\/www.aquimicasa.net\\\/blog\\\/#organization\",\"name\":\"Blog de aquimicasa.net\",\"url\":\"https:\\\/\\\/www.aquimicasa.net\\\/blog\\\/\",\"logo\":{\"@type\":\"ImageObject\",\"inLanguage\":\"es\",\"@id\":\"https:\\\/\\\/www.aquimicasa.net\\\/blog\\\/#\\\/schema\\\/logo\\\/image\\\/\",\"url\":\"https:\\\/\\\/www.aquimicasa.net\\\/blog\\\/wp-content\\\/uploads\\\/Logo-aquimicasa-1-e1528048213782.png\",\"contentUrl\":\"https:\\\/\\\/www.aquimicasa.net\\\/blog\\\/wp-content\\\/uploads\\\/Logo-aquimicasa-1-e1528048213782.png\",\"width\":225,\"height\":225,\"caption\":\"Blog de aquimicasa.net\"},\"image\":{\"@id\":\"https:\\\/\\\/www.aquimicasa.net\\\/blog\\\/#\\\/schema\\\/logo\\\/image\\\/\"},\"sameAs\":[\"https:\\\/\\\/www.facebook.com\\\/aquimicasa.net\",\"https:\\\/\\\/www.instagram.com\\\/\",\"https:\\\/\\\/x.com\\\/EduLizarragaD\",\"https:\\\/\\\/www.linkedin.com\\\/feed\\\/\"]},{\"@type\":\"Person\",\"@id\":\"https:\\\/\\\/www.aquimicasa.net\\\/blog\\\/#\\\/schema\\\/person\\\/2cdfa2605534583395c8d7ce1d6cac14\",\"name\":\"Eduardo Lizarraga\",\"image\":{\"@type\":\"ImageObject\",\"inLanguage\":\"es\",\"@id\":\"https:\\\/\\\/secure.gravatar.com\\\/avatar\\\/bdabe1eeeed97b65a9cb7de2edd624b07995f7e13abc5fead15961f745f908cc?s=96&d=mm&r=g\",\"url\":\"https:\\\/\\\/secure.gravatar.com\\\/avatar\\\/bdabe1eeeed97b65a9cb7de2edd624b07995f7e13abc5fead15961f745f908cc?s=96&d=mm&r=g\",\"contentUrl\":\"https:\\\/\\\/secure.gravatar.com\\\/avatar\\\/bdabe1eeeed97b65a9cb7de2edd624b07995f7e13abc5fead15961f745f908cc?s=96&d=mm&r=g\",\"caption\":\"Eduardo Lizarraga\"},\"description\":\"Periodista Econ\u00f3mico. Ha trabajado en diversos campos de la informaci\u00f3n. Corresponsal en conflictos, analista pol\u00edtico en Congreso y Senado, periodista del medio ambiente, editor, director editorial, director de comunicaci\u00f3n.... En estos momentos se ha especializado en el sector inmobiliario. Pero tambi\u00e9n es navegante y viajero, preocupado por la pobreza, el medio ambiente y por las actuaciones descontroladas del neoliberalismo empresarial y pol\u00edtico en todo el mundo. Los desahucios, la pobreza infantil y la falta de acceso a los suministros b\u00e1sicos son algunos de los grandes dramas de nuestra sociedad y que es preciso solucionar para hacerla m\u00e1s justa. CEO en www.aquimicasa.net\",\"sameAs\":[\"https:\\\/\\\/www.aquimicasa.net\\\/\"],\"url\":\"https:\\\/\\\/www.aquimicasa.net\\\/blog\\\/author\\\/eduardo\\\/\"}]}<\/script>\n<!-- \/ Yoast SEO plugin. -->","yoast_head_json":{"title":"El sinverg\u00fcenza, lo oscuro y el esperpento","description":"Las empresas energ\u00e9ticas se aprovechan de las pol\u00edticas de fiscalidad impuestas por el Gobierno y encarecen las ofertas del mercado libre","robots":{"index":"index","follow":"follow","max-snippet":"max-snippet:-1","max-image-preview":"max-image-preview:large","max-video-preview":"max-video-preview:-1"},"canonical":"https:\/\/www.aquimicasa.net\/blog\/vivienda\/compraventa-de-viviendas\/el-sinverguenza-lo-oscuro-y-el-esperpento\/","og_locale":"es_ES","og_type":"article","og_title":"El sinverg\u00fcenza, lo oscuro y el esperpento","og_description":"Las empresas energ\u00e9ticas se aprovechan de las pol\u00edticas de fiscalidad impuestas por el Gobierno y encarecen las ofertas del mercado libre","og_url":"https:\/\/www.aquimicasa.net\/blog\/vivienda\/compraventa-de-viviendas\/el-sinverguenza-lo-oscuro-y-el-esperpento\/","og_site_name":"Blog de aquimicasa.net","article_publisher":"https:\/\/www.facebook.com\/aquimicasa.net","article_published_time":"2022-05-12T06:22:51+00:00","article_modified_time":"2022-05-22T13:36:17+00:00","og_image":[{"width":320,"height":240,"url":"https:\/\/www.aquimicasa.net\/blog\/wp-content\/uploads\/Galan-Iberdrola-e1494532428370.jpg","type":"image\/jpeg"}],"author":"Eduardo Lizarraga","twitter_misc":{"Escrito por":"Eduardo Lizarraga","Tiempo de lectura":"8 minutos"},"schema":{"@context":"https:\/\/schema.org","@graph":[{"@type":"Article","@id":"https:\/\/www.aquimicasa.net\/blog\/vivienda\/compraventa-de-viviendas\/el-sinverguenza-lo-oscuro-y-el-esperpento\/#article","isPartOf":{"@id":"https:\/\/www.aquimicasa.net\/blog\/vivienda\/compraventa-de-viviendas\/el-sinverguenza-lo-oscuro-y-el-esperpento\/"},"author":{"name":"Eduardo Lizarraga","@id":"https:\/\/www.aquimicasa.net\/blog\/#\/schema\/person\/2cdfa2605534583395c8d7ce1d6cac14"},"headline":"El sinverg\u00fcenza, lo oscuro y el esperpento","datePublished":"2022-05-12T06:22:51+00:00","dateModified":"2022-05-22T13:36:17+00:00","mainEntityOfPage":{"@id":"https:\/\/www.aquimicasa.net\/blog\/vivienda\/compraventa-de-viviendas\/el-sinverguenza-lo-oscuro-y-el-esperpento\/"},"wordCount":2000,"publisher":{"@id":"https:\/\/www.aquimicasa.net\/blog\/#organization"},"image":{"@id":"https:\/\/www.aquimicasa.net\/blog\/vivienda\/compraventa-de-viviendas\/el-sinverguenza-lo-oscuro-y-el-esperpento\/#primaryimage"},"thumbnailUrl":"https:\/\/www.aquimicasa.net\/blog\/wp-content\/uploads\/Galan-Iberdrola-e1494532428370.jpg","keywords":["Art\u00edculo de opini\u00f3n. Eduardo Lizarraga","newsletter 357","newsletter 358"],"articleSection":["Compra Venta","Opini\u00f3n"],"inLanguage":"es"},{"@type":"WebPage","@id":"https:\/\/www.aquimicasa.net\/blog\/vivienda\/compraventa-de-viviendas\/el-sinverguenza-lo-oscuro-y-el-esperpento\/","url":"https:\/\/www.aquimicasa.net\/blog\/vivienda\/compraventa-de-viviendas\/el-sinverguenza-lo-oscuro-y-el-esperpento\/","name":"El sinverg\u00fcenza, lo oscuro y el esperpento","isPartOf":{"@id":"https:\/\/www.aquimicasa.net\/blog\/#website"},"primaryImageOfPage":{"@id":"https:\/\/www.aquimicasa.net\/blog\/vivienda\/compraventa-de-viviendas\/el-sinverguenza-lo-oscuro-y-el-esperpento\/#primaryimage"},"image":{"@id":"https:\/\/www.aquimicasa.net\/blog\/vivienda\/compraventa-de-viviendas\/el-sinverguenza-lo-oscuro-y-el-esperpento\/#primaryimage"},"thumbnailUrl":"https:\/\/www.aquimicasa.net\/blog\/wp-content\/uploads\/Galan-Iberdrola-e1494532428370.jpg","datePublished":"2022-05-12T06:22:51+00:00","dateModified":"2022-05-22T13:36:17+00:00","description":"Las empresas energ\u00e9ticas se aprovechan de las pol\u00edticas de fiscalidad impuestas por el Gobierno y encarecen las ofertas del mercado libre","breadcrumb":{"@id":"https:\/\/www.aquimicasa.net\/blog\/vivienda\/compraventa-de-viviendas\/el-sinverguenza-lo-oscuro-y-el-esperpento\/#breadcrumb"},"inLanguage":"es","potentialAction":[{"@type":"ReadAction","target":["https:\/\/www.aquimicasa.net\/blog\/vivienda\/compraventa-de-viviendas\/el-sinverguenza-lo-oscuro-y-el-esperpento\/"]}]},{"@type":"ImageObject","inLanguage":"es","@id":"https:\/\/www.aquimicasa.net\/blog\/vivienda\/compraventa-de-viviendas\/el-sinverguenza-lo-oscuro-y-el-esperpento\/#primaryimage","url":"https:\/\/www.aquimicasa.net\/blog\/wp-content\/uploads\/Galan-Iberdrola-e1494532428370.jpg","contentUrl":"https:\/\/www.aquimicasa.net\/blog\/wp-content\/uploads\/Galan-Iberdrola-e1494532428370.jpg","width":320,"height":240,"caption":"S\u00e1nchez Gal\u00e1n amenaza al Estado"},{"@type":"BreadcrumbList","@id":"https:\/\/www.aquimicasa.net\/blog\/vivienda\/compraventa-de-viviendas\/el-sinverguenza-lo-oscuro-y-el-esperpento\/#breadcrumb","itemListElement":[{"@type":"ListItem","position":1,"name":"Portada","item":"https:\/\/www.aquimicasa.net\/blog\/"},{"@type":"ListItem","position":2,"name":"El sinverg\u00fcenza, lo oscuro y el esperpento"}]},{"@type":"WebSite","@id":"https:\/\/www.aquimicasa.net\/blog\/#website","url":"https:\/\/www.aquimicasa.net\/blog\/","name":"Blog de aquimicasa.net","description":"Noticias del Mundo Inmobiliario","publisher":{"@id":"https:\/\/www.aquimicasa.net\/blog\/#organization"},"potentialAction":[{"@type":"SearchAction","target":{"@type":"EntryPoint","urlTemplate":"https:\/\/www.aquimicasa.net\/blog\/?s={search_term_string}"},"query-input":{"@type":"PropertyValueSpecification","valueRequired":true,"valueName":"search_term_string"}}],"inLanguage":"es"},{"@type":"Organization","@id":"https:\/\/www.aquimicasa.net\/blog\/#organization","name":"Blog de aquimicasa.net","url":"https:\/\/www.aquimicasa.net\/blog\/","logo":{"@type":"ImageObject","inLanguage":"es","@id":"https:\/\/www.aquimicasa.net\/blog\/#\/schema\/logo\/image\/","url":"https:\/\/www.aquimicasa.net\/blog\/wp-content\/uploads\/Logo-aquimicasa-1-e1528048213782.png","contentUrl":"https:\/\/www.aquimicasa.net\/blog\/wp-content\/uploads\/Logo-aquimicasa-1-e1528048213782.png","width":225,"height":225,"caption":"Blog de aquimicasa.net"},"image":{"@id":"https:\/\/www.aquimicasa.net\/blog\/#\/schema\/logo\/image\/"},"sameAs":["https:\/\/www.facebook.com\/aquimicasa.net","https:\/\/www.instagram.com\/","https:\/\/x.com\/EduLizarragaD","https:\/\/www.linkedin.com\/feed\/"]},{"@type":"Person","@id":"https:\/\/www.aquimicasa.net\/blog\/#\/schema\/person\/2cdfa2605534583395c8d7ce1d6cac14","name":"Eduardo Lizarraga","image":{"@type":"ImageObject","inLanguage":"es","@id":"https:\/\/secure.gravatar.com\/avatar\/bdabe1eeeed97b65a9cb7de2edd624b07995f7e13abc5fead15961f745f908cc?s=96&d=mm&r=g","url":"https:\/\/secure.gravatar.com\/avatar\/bdabe1eeeed97b65a9cb7de2edd624b07995f7e13abc5fead15961f745f908cc?s=96&d=mm&r=g","contentUrl":"https:\/\/secure.gravatar.com\/avatar\/bdabe1eeeed97b65a9cb7de2edd624b07995f7e13abc5fead15961f745f908cc?s=96&d=mm&r=g","caption":"Eduardo Lizarraga"},"description":"Periodista Econ\u00f3mico. Ha trabajado en diversos campos de la informaci\u00f3n. Corresponsal en conflictos, analista pol\u00edtico en Congreso y Senado, periodista del medio ambiente, editor, director editorial, director de comunicaci\u00f3n.... En estos momentos se ha especializado en el sector inmobiliario. Pero tambi\u00e9n es navegante y viajero, preocupado por la pobreza, el medio ambiente y por las actuaciones descontroladas del neoliberalismo empresarial y pol\u00edtico en todo el mundo. Los desahucios, la pobreza infantil y la falta de acceso a los suministros b\u00e1sicos son algunos de los grandes dramas de nuestra sociedad y que es preciso solucionar para hacerla m\u00e1s justa. CEO en www.aquimicasa.net","sameAs":["https:\/\/www.aquimicasa.net\/"],"url":"https:\/\/www.aquimicasa.net\/blog\/author\/eduardo\/"}]}},"jetpack_publicize_connections":[],"jetpack_featured_media_url":"https:\/\/www.aquimicasa.net\/blog\/wp-content\/uploads\/Galan-Iberdrola-e1494532428370.jpg","jetpack_sharing_enabled":true,"jetpack_likes_enabled":true,"_links":{"self":[{"href":"https:\/\/www.aquimicasa.net\/blog\/wp-json\/wp\/v2\/posts\/40828","targetHints":{"allow":["GET"]}}],"collection":[{"href":"https:\/\/www.aquimicasa.net\/blog\/wp-json\/wp\/v2\/posts"}],"about":[{"href":"https:\/\/www.aquimicasa.net\/blog\/wp-json\/wp\/v2\/types\/post"}],"author":[{"embeddable":true,"href":"https:\/\/www.aquimicasa.net\/blog\/wp-json\/wp\/v2\/users\/3"}],"replies":[{"embeddable":true,"href":"https:\/\/www.aquimicasa.net\/blog\/wp-json\/wp\/v2\/comments?post=40828"}],"version-history":[{"count":4,"href":"https:\/\/www.aquimicasa.net\/blog\/wp-json\/wp\/v2\/posts\/40828\/revisions"}],"predecessor-version":[{"id":40832,"href":"https:\/\/www.aquimicasa.net\/blog\/wp-json\/wp\/v2\/posts\/40828\/revisions\/40832"}],"wp:featuredmedia":[{"embeddable":true,"href":"https:\/\/www.aquimicasa.net\/blog\/wp-json\/wp\/v2\/media\/15917"}],"wp:attachment":[{"href":"https:\/\/www.aquimicasa.net\/blog\/wp-json\/wp\/v2\/media?parent=40828"}],"wp:term":[{"taxonomy":"category","embeddable":true,"href":"https:\/\/www.aquimicasa.net\/blog\/wp-json\/wp\/v2\/categories?post=40828"},{"taxonomy":"post_tag","embeddable":true,"href":"https:\/\/www.aquimicasa.net\/blog\/wp-json\/wp\/v2\/tags?post=40828"}],"curies":[{"name":"wp","href":"https:\/\/api.w.org\/{rel}","templated":true}]}}