{"id":40883,"date":"2022-05-15T23:36:05","date_gmt":"2022-05-15T21:36:05","guid":{"rendered":"https:\/\/www.aquimicasa.net\/blog\/?p=40883"},"modified":"2025-04-25T12:02:46","modified_gmt":"2025-04-25T10:02:46","slug":"opiniones-sobre-la-inmobiliaria-enclave-en-oviedo","status":"publish","type":"post","link":"https:\/\/www.aquimicasa.net\/blog\/vivienda\/agencias-inmobiliarias\/opiniones-sobre-la-inmobiliaria-enclave-en-oviedo\/","title":{"rendered":"Opiniones sobre la inmobiliaria Enclave en Oviedo"},"content":{"rendered":"<div class=\"fusion-fullwidth fullwidth-box fusion-builder-row-1 fusion-flex-container nonhundred-percent-fullwidth non-hundred-percent-height-scrolling\" style=\"background-color: rgba(255,255,255,0);background-position: center center;background-repeat: no-repeat;border-width: 0px 0px 0px 0px;border-color:#eae9e9;border-style:solid;\" ><div class=\"fusion-builder-row fusion-row fusion-flex-align-items-flex-start\" style=\"max-width:1144px;margin-left: calc(-4% \/ 2 );margin-right: calc(-4% \/ 2 );\"><div class=\"fusion-layout-column fusion_builder_column fusion-builder-column-0 fusion_builder_column_1_1 1_1 fusion-flex-column\"><div class=\"fusion-column-wrapper fusion-flex-justify-content-flex-start fusion-content-layout-column\" style=\"background-position:left top;background-repeat:no-repeat;-webkit-background-size:cover;-moz-background-size:cover;-o-background-size:cover;background-size:cover;padding: 0px 0px 0px 0px;\"><div class=\"fusion-text fusion-text-1\"><p>Oviedo entra en la modernidad a mediados del siglo XIX, aprovechando la importante industrializaci\u00f3n del Principado y el auge del sector servicios. Este impulso econ\u00f3mico tambi\u00e9n fue incrementando de forma constante la demograf\u00eda, que pas\u00f3 de los 20.000 habitantes de 1850 a los m\u00e1s de 220.000 que tiene hoy en d\u00eda.<\/p>\n<p>Los tres primitivos barrios de la ciudad,\u00a0<strong>La Villa, Socastiello y Cimadevilla<\/strong>\u00a0fueron creciendo y dando cobijo a otros nuevos y ni tan siquiera la p\u00e9rdida de la capitalidad del reino en favor de Le\u00f3n pudo hacer sombra al papel preponderante de<strong> Oviedo<\/strong> en el Camino de Santiago, la v\u00eda por la que toda la influencia europea lleg\u00f3 a la pen\u00ednsula.<\/p>\n<p>Oviedo, pasado el momento de auge industrial, es ahora una ciudad comercial y de servicios. El <strong>centro comercial de Oviedo<\/strong> se encuentra en los alrededores de la calle Ur\u00eda, con multitud de tiendas y boutiques de las m\u00e1s prestigiosas marcas en calles como Gil de Jaz, Independencia, Doctor Casal, Covadonga, Melquiades \u00c1lvarez o la calle del Nueve de Mayo. Este tejido comercial se complementa con algunos buenos almacenes que atraen a visitantes desde distintos puntos de la provincia.<\/p>\n<p>A partir de 2012,\u00a0<strong>Oviedo<\/strong>\u00a0qued\u00f3 organizado en cinco distritos urbanos: Distrito Centro y Casco Hist\u00f3rico, Distrito de Las Campas y San Claudio, Distrito de La Corredoria y Ventanielles, Distrito de San L\u00e1zaro y Otero, Distrito de El Cristo y Buenavista. Adem\u00e1s, cuenta con dos distritos rurales. El municipio se divide actualmente en 30 parroquias, porque algunas de las m\u00e1s cercanas, como Arga\u00f1osa, Pumar\u00edn, Silla del Rey, Vallob\u00edn, Ventanielles, Tenderina, Villar se incluyeron ya en el caso urbano. \u00a0En todos estos barrios y parroquias <strong>Enclave Inmobiliaria\u00a0<\/strong>dispone de viviendas para la demanda existente.<\/p>\n<p>La agencia comenz\u00f3 su andadura en 1996,\u00a0desarrollando su actividad en el <strong>alquiler y venta de pisos<\/strong>, aunque tambi\u00e9n trabaja en productos industriales, fincas r\u00fasticas o urbanas y locales comerciales. La fundadora, Pilar Fern\u00e1ndez Gal\u00e1n, desempe\u00f1o la direcci\u00f3n hasta octubre de 2014. Desde entonces la gerencia y direcci\u00f3n empresarial pasan a su hijo, Borja Garc\u00eda Fern\u00e1ndez, con la direcci\u00f3n comercial de Sandra Alvarez. Y deben estar haci\u00e9ndolo muy bien por las excelentes <strong>opiniones sobre la inmobiliaria Enclave en Oviedo <\/strong>que tienen sus numerosos clientes.<\/p>\n<p>Como asegura Diego, que recomienda Enclave como la <strong>mejor inmobiliaria de Oviedo<\/strong>, tanto por la atenci\u00f3n y profesionalidad de Borja, su actual gerente, como por el \u00e9xito al alquilar su piso. \u201ctodo chapeau\u201d afirma. En la misma circunstancia de alquiler, Ada, se muestra contenta al haber encontrado a profesionales como Borja y Sandra que consiguen que la operaci\u00f3n de alquiler de tu casa resulte sencilla. Marta, una clienta vendedora, tambi\u00e9n se muestra muy satisfecha por el trato personal y profesional dispensado por Borja y como Diego no duda en <strong>recomendar a Enclave<\/strong> para cualquier tipo de operaci\u00f3n inmobiliaria. Y es que las buenas <strong>opiniones sobre la inmobiliaria Enclave en Oviedo <\/strong>abundan tanto como sus clientes.<\/p>\n<p>El producto principal de\u00a0<strong>Enclave Inmobiliaria s<\/strong>on las grandes\u00a0<strong>viviendas de lujo<\/strong>\u00a0actualizadas, o para rehabilitar y tambi\u00e9n obra nueva en la zona centro de Oviedo, pero su cartera abarca las principales zonas residenciales de la capital del Principado. La inmobiliaria dispone de una excelente <strong>oferta tanto en pisos y \u00e1ticos<\/strong>, como en chalets en distintas zonas de Oviedo y alrededores. Y sin descuidar <strong>zonas residenciales<\/strong> como La Fresneda y Soto de Llanera o vacacionales como Luanco, Cand\u00e1s y Llanes.<\/p>\n<p>Otra clienta, Mar\u00eda, adem\u00e1s de los comentarios sobre la profesionalidad y el trato introduce la importancia del apoyo constante que ha sentido a lo largo de todo el procedimiento de compra, incluso despu\u00e9s de cerrado ya todo. Luis, otro cliente vendedor, quiere destacar el trato familiar a la vez que profesional, asegurando que repetir\u00e1 con la agencia en cualquier otra operaci\u00f3n inmobiliaria. Para Fernando, que tambi\u00e9n recomienda la inmobiliaria al 100%, por su trato y conocimiento, lo que m\u00e1s le gust\u00f3 fue la transparencia en todo el proceso, estando completamente informado de la gesti\u00f3n que se estaba realizando.<\/p>\n<p>Pero no es \u00fanicamente la vivienda el centro del <strong>trabajo inmobiliario de Enclave<\/strong>, ya que tambi\u00e9n se dedican a la gesti\u00f3n de\u00a0<strong>locales comerciales y oficinas<\/strong>\u00a0en las zonas m\u00e1s comerciales del centro y centro peatonal de Oviedo. Esta oferta dirigida a la empresa se completa con\u00a0la gesti\u00f3n de <strong>naves industriales<\/strong>\u00a0en los principales pol\u00edgonos industriales del centro de Asturias. En los m\u00e1s de 25 a\u00f1os de trabajo de la inmobiliaria se han llevado a buen t\u00e9rmino centenares de operaciones de todo tipo, creando muchos puestos de trabajo en el \u00e1mbito comercial, pero conservando siempre el esp\u00edritu familiar de la empresa.<\/p>\n<p>La dedicaci\u00f3n y atenci\u00f3n de la inmobiliaria son algunas de las razones de las buenas <strong>opiniones sobre la inmobiliaria Enclave en Oviedo, <\/strong>como la de Toni que con ocasi\u00f3n de un alquiler ha podido comprobar su dedicaci\u00f3n, cercan\u00eda y educaci\u00f3n, pero tambi\u00e9n el estar pendientes constantemente del cliente. Por eso apuesta por ella como la m\u00e1s profesional. Gandoy asegura que tuvieron un inmueble en varias agencias y que fue Enclave quien no s\u00f3lo consigui\u00f3 venderlo, sino que facilit\u00f3 todas las gestiones necesarias en notaria, comprador, ayuntamiento, comunidad, etc., \u201cincluso d\u00edas despu\u00e9s de cerrarse y finiquitar la operaci\u00f3n\u201d. Por su parte Isabel agradece todas las facilidades recibidas con una <strong>comunicaci\u00f3n constante y excelente<\/strong>.<\/p>\n<p>La comunicaci\u00f3n, transparencia, amabilidad, profesionalidad\u2026 son las principales causas por las que abundan las buenas <strong>opiniones sobre la inmobiliaria Enclave en Oviedo<\/strong>.<strong>\u00a0<\/strong>Como las que por estos conceptos le dedican Alejandro, Rafael, Javier, Rebeca, Andr\u00e9s y un sinf\u00edn de clientes satisfechos y agradecidos, que recomiendan la agencia a otras personas interesadas, tanto en encontrar una vivienda en venta o alquiler, como en vender o alquilar su propiedad. Y es que en cualquiera de estos casos es f\u00e1cil encontrar personas agradecidas por el trabajo que desarrolla <strong>Enclave Inmobiliaria<\/strong>.<\/p>\n<p>En Enclave Inmobiliaria trabajan para que sus clientes obtengan un servicio eficiente espec\u00edfico y de gran calidad. Toda la experiencia de sus 26 a\u00f1os de profesi\u00f3n, su eficacia y la actitud siempre positiva son la mejor presentaci\u00f3n para resolver todos los problemas que puedan surgir en cualquier<strong> operaci\u00f3n inmobiliaria<\/strong>, siempre las llevar\u00e1n a buen t\u00e9rmino de manera que todas partes queden satisfechas.<\/p>\n<p><a href=\"https:\/\/www.enclaveinmobiliaria.es\/\"  rel=\"nofollow noopener\"><img decoding=\"async\" class=\"alignnone size-medium wp-image-40887\" src=\"https:\/\/www.aquimicasa.net\/blog\/wp-content\/uploads\/logo-enclave-2-300x125.jpg\" alt=\"Enclave Inmobiliaria\" width=\"300\" height=\"125\" srcset=\"https:\/\/www.aquimicasa.net\/blog\/wp-content\/uploads\/logo-enclave-2-150x63.jpg 150w, https:\/\/www.aquimicasa.net\/blog\/wp-content\/uploads\/logo-enclave-2-200x83.jpg 200w, https:\/\/www.aquimicasa.net\/blog\/wp-content\/uploads\/logo-enclave-2-300x125.jpg 300w, https:\/\/www.aquimicasa.net\/blog\/wp-content\/uploads\/logo-enclave-2-400x167.jpg 400w, https:\/\/www.aquimicasa.net\/blog\/wp-content\/uploads\/logo-enclave-2.jpg 600w\" sizes=\"(max-width: 300px) 100vw, 300px\" \/><\/a>\u00a0 <a href=\"https:\/\/www.enclaveinmobiliaria.es\/\"  rel=\"nofollow noopener\"><strong><span style=\"font-size: 14pt;\">Para la mejor gesti\u00f3n inmobiliaria en Oviedo<\/span><\/strong><\/a><\/p>\n<\/div><\/div><style type=\"text\/css\">.fusion-body .fusion-builder-column-0{width:100% !important;margin-top : 0px;margin-bottom : 0px;}.fusion-builder-column-0 > .fusion-column-wrapper {padding-top : 0px !important;padding-right : 0px !important;margin-right : 1.92%;padding-bottom : 0px !important;padding-left : 0px !important;margin-left : 1.92%;}@media only screen and (max-width:1024px) {.fusion-body .fusion-builder-column-0{width:100% !important;}.fusion-builder-column-0 > .fusion-column-wrapper {margin-right : 1.92%;margin-left : 1.92%;}}@media only screen and (max-width:640px) {.fusion-body .fusion-builder-column-0{width:100% !important;}.fusion-builder-column-0 > .fusion-column-wrapper {margin-right : 1.92%;margin-left : 1.92%;}}<\/style><\/div><\/div><style type=\"text\/css\">.fusion-body .fusion-flex-container.fusion-builder-row-1{ padding-top : 0px;margin-top : 0px;padding-right : 0px;padding-bottom : 0px;margin-bottom : 0px;padding-left : 0px;}<\/style><\/div>\n","protected":false},"excerpt":{"rendered":"<p>En Enclave Inmobiliaria trabajan para que sus clientes obtengan un servicio eficiente espec\u00edfico y de gran calidad. Toda la experiencia de sus 26 a\u00f1os de profesi\u00f3n, su eficacia y la actitud siempre positiva son la mejor presentaci\u00f3n para resolver todos los problemas que puedan surgir en cualquier operaci\u00f3n inmobiliaria, siempre las llevar\u00e1n a buen t\u00e9rmino de manera que todas partes queden satisfechas.<\/p>\n","protected":false},"author":3,"featured_media":51265,"comment_status":"closed","ping_status":"closed","sticky":false,"template":"","format":"standard","meta":{"_jetpack_memberships_contains_paid_content":false,"footnotes":"","jetpack_publicize_message":"","jetpack_publicize_feature_enabled":true,"jetpack_social_post_already_shared":true,"jetpack_social_options":{"image_generator_settings":{"template":"highway","default_image_id":0,"font":"","enabled":false},"version":2}},"categories":[7562],"tags":[8031],"class_list":["post-40883","post","type-post","status-publish","format-standard","has-post-thumbnail","hentry","category-agencias-inmobiliarias","tag-newsletter-358"],"yoast_head":"<!-- This site is optimized with the Yoast SEO plugin v27.4 - https:\/\/yoast.com\/product\/yoast-seo-wordpress\/ -->\n<title>Opiniones sobre la inmobiliaria Enclave en Oviedo<\/title>\n<meta name=\"description\" content=\"La dedicaci\u00f3n y atenci\u00f3n de la inmobiliaria son algunas de las razones de las buenas opiniones sobre la inmobiliaria Enclave en Oviedo\" \/>\n<meta name=\"robots\" content=\"index, follow, max-snippet:-1, max-image-preview:large, max-video-preview:-1\" \/>\n<link rel=\"canonical\" href=\"https:\/\/www.aquimicasa.net\/blog\/vivienda\/agencias-inmobiliarias\/opiniones-sobre-la-inmobiliaria-enclave-en-oviedo\/\" \/>\n<meta property=\"og:locale\" content=\"es_ES\" \/>\n<meta property=\"og:type\" content=\"article\" \/>\n<meta property=\"og:title\" content=\"Opiniones sobre la inmobiliaria Enclave en Oviedo\" \/>\n<meta property=\"og:description\" content=\"La dedicaci\u00f3n y atenci\u00f3n de la inmobiliaria son algunas de las razones de las buenas opiniones sobre la inmobiliaria Enclave en Oviedo\" \/>\n<meta property=\"og:url\" content=\"https:\/\/www.aquimicasa.net\/blog\/vivienda\/agencias-inmobiliarias\/opiniones-sobre-la-inmobiliaria-enclave-en-oviedo\/\" \/>\n<meta property=\"og:site_name\" content=\"Blog de aquimicasa.net\" \/>\n<meta property=\"article:publisher\" content=\"https:\/\/www.facebook.com\/aquimicasa.net\" \/>\n<meta property=\"article:published_time\" content=\"2022-05-15T21:36:05+00:00\" \/>\n<meta property=\"article:modified_time\" content=\"2025-04-25T10:02:46+00:00\" \/>\n<meta property=\"og:image\" content=\"https:\/\/www.aquimicasa.net\/blog\/wp-content\/uploads\/Enclave3.jpg\" \/>\n\t<meta property=\"og:image:width\" content=\"680\" \/>\n\t<meta property=\"og:image:height\" content=\"452\" \/>\n\t<meta property=\"og:image:type\" content=\"image\/jpeg\" \/>\n<meta name=\"author\" content=\"Eduardo Lizarraga\" \/>\n<meta name=\"twitter:label1\" content=\"Escrito por\" \/>\n\t<meta name=\"twitter:data1\" content=\"Eduardo Lizarraga\" \/>\n\t<meta name=\"twitter:label2\" content=\"Tiempo de lectura\" \/>\n\t<meta name=\"twitter:data2\" content=\"6 minutos\" \/>\n<script type=\"application\/ld+json\" class=\"yoast-schema-graph\">{\"@context\":\"https:\\\/\\\/schema.org\",\"@graph\":[{\"@type\":\"Article\",\"@id\":\"https:\\\/\\\/www.aquimicasa.net\\\/blog\\\/vivienda\\\/agencias-inmobiliarias\\\/opiniones-sobre-la-inmobiliaria-enclave-en-oviedo\\\/#article\",\"isPartOf\":{\"@id\":\"https:\\\/\\\/www.aquimicasa.net\\\/blog\\\/vivienda\\\/agencias-inmobiliarias\\\/opiniones-sobre-la-inmobiliaria-enclave-en-oviedo\\\/\"},\"author\":{\"name\":\"Eduardo Lizarraga\",\"@id\":\"https:\\\/\\\/www.aquimicasa.net\\\/blog\\\/#\\\/schema\\\/person\\\/2cdfa2605534583395c8d7ce1d6cac14\"},\"headline\":\"Opiniones sobre la inmobiliaria Enclave en Oviedo\",\"datePublished\":\"2022-05-15T21:36:05+00:00\",\"dateModified\":\"2025-04-25T10:02:46+00:00\",\"mainEntityOfPage\":{\"@id\":\"https:\\\/\\\/www.aquimicasa.net\\\/blog\\\/vivienda\\\/agencias-inmobiliarias\\\/opiniones-sobre-la-inmobiliaria-enclave-en-oviedo\\\/\"},\"wordCount\":1343,\"publisher\":{\"@id\":\"https:\\\/\\\/www.aquimicasa.net\\\/blog\\\/#organization\"},\"image\":{\"@id\":\"https:\\\/\\\/www.aquimicasa.net\\\/blog\\\/vivienda\\\/agencias-inmobiliarias\\\/opiniones-sobre-la-inmobiliaria-enclave-en-oviedo\\\/#primaryimage\"},\"thumbnailUrl\":\"https:\\\/\\\/www.aquimicasa.net\\\/blog\\\/wp-content\\\/uploads\\\/Enclave3.jpg\",\"keywords\":[\"newsletter 358\"],\"articleSection\":[\"Agencias Inmobiliarias\"],\"inLanguage\":\"es\"},{\"@type\":\"WebPage\",\"@id\":\"https:\\\/\\\/www.aquimicasa.net\\\/blog\\\/vivienda\\\/agencias-inmobiliarias\\\/opiniones-sobre-la-inmobiliaria-enclave-en-oviedo\\\/\",\"url\":\"https:\\\/\\\/www.aquimicasa.net\\\/blog\\\/vivienda\\\/agencias-inmobiliarias\\\/opiniones-sobre-la-inmobiliaria-enclave-en-oviedo\\\/\",\"name\":\"Opiniones sobre la inmobiliaria Enclave en Oviedo\",\"isPartOf\":{\"@id\":\"https:\\\/\\\/www.aquimicasa.net\\\/blog\\\/#website\"},\"primaryImageOfPage\":{\"@id\":\"https:\\\/\\\/www.aquimicasa.net\\\/blog\\\/vivienda\\\/agencias-inmobiliarias\\\/opiniones-sobre-la-inmobiliaria-enclave-en-oviedo\\\/#primaryimage\"},\"image\":{\"@id\":\"https:\\\/\\\/www.aquimicasa.net\\\/blog\\\/vivienda\\\/agencias-inmobiliarias\\\/opiniones-sobre-la-inmobiliaria-enclave-en-oviedo\\\/#primaryimage\"},\"thumbnailUrl\":\"https:\\\/\\\/www.aquimicasa.net\\\/blog\\\/wp-content\\\/uploads\\\/Enclave3.jpg\",\"datePublished\":\"2022-05-15T21:36:05+00:00\",\"dateModified\":\"2025-04-25T10:02:46+00:00\",\"description\":\"La dedicaci\u00f3n y atenci\u00f3n de la inmobiliaria son algunas de las razones de las buenas opiniones sobre la inmobiliaria Enclave en Oviedo\",\"breadcrumb\":{\"@id\":\"https:\\\/\\\/www.aquimicasa.net\\\/blog\\\/vivienda\\\/agencias-inmobiliarias\\\/opiniones-sobre-la-inmobiliaria-enclave-en-oviedo\\\/#breadcrumb\"},\"inLanguage\":\"es\",\"potentialAction\":[{\"@type\":\"ReadAction\",\"target\":[\"https:\\\/\\\/www.aquimicasa.net\\\/blog\\\/vivienda\\\/agencias-inmobiliarias\\\/opiniones-sobre-la-inmobiliaria-enclave-en-oviedo\\\/\"]}]},{\"@type\":\"ImageObject\",\"inLanguage\":\"es\",\"@id\":\"https:\\\/\\\/www.aquimicasa.net\\\/blog\\\/vivienda\\\/agencias-inmobiliarias\\\/opiniones-sobre-la-inmobiliaria-enclave-en-oviedo\\\/#primaryimage\",\"url\":\"https:\\\/\\\/www.aquimicasa.net\\\/blog\\\/wp-content\\\/uploads\\\/Enclave3.jpg\",\"contentUrl\":\"https:\\\/\\\/www.aquimicasa.net\\\/blog\\\/wp-content\\\/uploads\\\/Enclave3.jpg\",\"width\":680,\"height\":452,\"caption\":\"OPiniones sobre la inmobiliaria Enclave en Oviedo\"},{\"@type\":\"BreadcrumbList\",\"@id\":\"https:\\\/\\\/www.aquimicasa.net\\\/blog\\\/vivienda\\\/agencias-inmobiliarias\\\/opiniones-sobre-la-inmobiliaria-enclave-en-oviedo\\\/#breadcrumb\",\"itemListElement\":[{\"@type\":\"ListItem\",\"position\":1,\"name\":\"Portada\",\"item\":\"https:\\\/\\\/www.aquimicasa.net\\\/blog\\\/\"},{\"@type\":\"ListItem\",\"position\":2,\"name\":\"Opiniones sobre la inmobiliaria Enclave en Oviedo\"}]},{\"@type\":\"WebSite\",\"@id\":\"https:\\\/\\\/www.aquimicasa.net\\\/blog\\\/#website\",\"url\":\"https:\\\/\\\/www.aquimicasa.net\\\/blog\\\/\",\"name\":\"Blog de aquimicasa.net\",\"description\":\"Noticias del Mundo Inmobiliario\",\"publisher\":{\"@id\":\"https:\\\/\\\/www.aquimicasa.net\\\/blog\\\/#organization\"},\"potentialAction\":[{\"@type\":\"SearchAction\",\"target\":{\"@type\":\"EntryPoint\",\"urlTemplate\":\"https:\\\/\\\/www.aquimicasa.net\\\/blog\\\/?s={search_term_string}\"},\"query-input\":{\"@type\":\"PropertyValueSpecification\",\"valueRequired\":true,\"valueName\":\"search_term_string\"}}],\"inLanguage\":\"es\"},{\"@type\":\"Organization\",\"@id\":\"https:\\\/\\\/www.aquimicasa.net\\\/blog\\\/#organization\",\"name\":\"Blog de aquimicasa.net\",\"url\":\"https:\\\/\\\/www.aquimicasa.net\\\/blog\\\/\",\"logo\":{\"@type\":\"ImageObject\",\"inLanguage\":\"es\",\"@id\":\"https:\\\/\\\/www.aquimicasa.net\\\/blog\\\/#\\\/schema\\\/logo\\\/image\\\/\",\"url\":\"https:\\\/\\\/www.aquimicasa.net\\\/blog\\\/wp-content\\\/uploads\\\/Logo-aquimicasa-1-e1528048213782.png\",\"contentUrl\":\"https:\\\/\\\/www.aquimicasa.net\\\/blog\\\/wp-content\\\/uploads\\\/Logo-aquimicasa-1-e1528048213782.png\",\"width\":225,\"height\":225,\"caption\":\"Blog de aquimicasa.net\"},\"image\":{\"@id\":\"https:\\\/\\\/www.aquimicasa.net\\\/blog\\\/#\\\/schema\\\/logo\\\/image\\\/\"},\"sameAs\":[\"https:\\\/\\\/www.facebook.com\\\/aquimicasa.net\",\"https:\\\/\\\/www.instagram.com\\\/\",\"https:\\\/\\\/x.com\\\/EduLizarragaD\",\"https:\\\/\\\/www.linkedin.com\\\/feed\\\/\"]},{\"@type\":\"Person\",\"@id\":\"https:\\\/\\\/www.aquimicasa.net\\\/blog\\\/#\\\/schema\\\/person\\\/2cdfa2605534583395c8d7ce1d6cac14\",\"name\":\"Eduardo Lizarraga\",\"image\":{\"@type\":\"ImageObject\",\"inLanguage\":\"es\",\"@id\":\"https:\\\/\\\/secure.gravatar.com\\\/avatar\\\/bdabe1eeeed97b65a9cb7de2edd624b07995f7e13abc5fead15961f745f908cc?s=96&d=mm&r=g\",\"url\":\"https:\\\/\\\/secure.gravatar.com\\\/avatar\\\/bdabe1eeeed97b65a9cb7de2edd624b07995f7e13abc5fead15961f745f908cc?s=96&d=mm&r=g\",\"contentUrl\":\"https:\\\/\\\/secure.gravatar.com\\\/avatar\\\/bdabe1eeeed97b65a9cb7de2edd624b07995f7e13abc5fead15961f745f908cc?s=96&d=mm&r=g\",\"caption\":\"Eduardo Lizarraga\"},\"description\":\"Periodista Econ\u00f3mico. Ha trabajado en diversos campos de la informaci\u00f3n. Corresponsal en conflictos, analista pol\u00edtico en Congreso y Senado, periodista del medio ambiente, editor, director editorial, director de comunicaci\u00f3n.... En estos momentos se ha especializado en el sector inmobiliario. Pero tambi\u00e9n es navegante y viajero, preocupado por la pobreza, el medio ambiente y por las actuaciones descontroladas del neoliberalismo empresarial y pol\u00edtico en todo el mundo. Los desahucios, la pobreza infantil y la falta de acceso a los suministros b\u00e1sicos son algunos de los grandes dramas de nuestra sociedad y que es preciso solucionar para hacerla m\u00e1s justa. CEO en www.aquimicasa.net\",\"sameAs\":[\"https:\\\/\\\/www.aquimicasa.net\\\/\"],\"url\":\"https:\\\/\\\/www.aquimicasa.net\\\/blog\\\/author\\\/eduardo\\\/\"}]}<\/script>\n<!-- \/ Yoast SEO plugin. -->","yoast_head_json":{"title":"Opiniones sobre la inmobiliaria Enclave en Oviedo","description":"La dedicaci\u00f3n y atenci\u00f3n de la inmobiliaria son algunas de las razones de las buenas opiniones sobre la inmobiliaria Enclave en Oviedo","robots":{"index":"index","follow":"follow","max-snippet":"max-snippet:-1","max-image-preview":"max-image-preview:large","max-video-preview":"max-video-preview:-1"},"canonical":"https:\/\/www.aquimicasa.net\/blog\/vivienda\/agencias-inmobiliarias\/opiniones-sobre-la-inmobiliaria-enclave-en-oviedo\/","og_locale":"es_ES","og_type":"article","og_title":"Opiniones sobre la inmobiliaria Enclave en Oviedo","og_description":"La dedicaci\u00f3n y atenci\u00f3n de la inmobiliaria son algunas de las razones de las buenas opiniones sobre la inmobiliaria Enclave en Oviedo","og_url":"https:\/\/www.aquimicasa.net\/blog\/vivienda\/agencias-inmobiliarias\/opiniones-sobre-la-inmobiliaria-enclave-en-oviedo\/","og_site_name":"Blog de aquimicasa.net","article_publisher":"https:\/\/www.facebook.com\/aquimicasa.net","article_published_time":"2022-05-15T21:36:05+00:00","article_modified_time":"2025-04-25T10:02:46+00:00","og_image":[{"width":680,"height":452,"url":"https:\/\/www.aquimicasa.net\/blog\/wp-content\/uploads\/Enclave3.jpg","type":"image\/jpeg"}],"author":"Eduardo Lizarraga","twitter_misc":{"Escrito por":"Eduardo Lizarraga","Tiempo de lectura":"6 minutos"},"schema":{"@context":"https:\/\/schema.org","@graph":[{"@type":"Article","@id":"https:\/\/www.aquimicasa.net\/blog\/vivienda\/agencias-inmobiliarias\/opiniones-sobre-la-inmobiliaria-enclave-en-oviedo\/#article","isPartOf":{"@id":"https:\/\/www.aquimicasa.net\/blog\/vivienda\/agencias-inmobiliarias\/opiniones-sobre-la-inmobiliaria-enclave-en-oviedo\/"},"author":{"name":"Eduardo Lizarraga","@id":"https:\/\/www.aquimicasa.net\/blog\/#\/schema\/person\/2cdfa2605534583395c8d7ce1d6cac14"},"headline":"Opiniones sobre la inmobiliaria Enclave en Oviedo","datePublished":"2022-05-15T21:36:05+00:00","dateModified":"2025-04-25T10:02:46+00:00","mainEntityOfPage":{"@id":"https:\/\/www.aquimicasa.net\/blog\/vivienda\/agencias-inmobiliarias\/opiniones-sobre-la-inmobiliaria-enclave-en-oviedo\/"},"wordCount":1343,"publisher":{"@id":"https:\/\/www.aquimicasa.net\/blog\/#organization"},"image":{"@id":"https:\/\/www.aquimicasa.net\/blog\/vivienda\/agencias-inmobiliarias\/opiniones-sobre-la-inmobiliaria-enclave-en-oviedo\/#primaryimage"},"thumbnailUrl":"https:\/\/www.aquimicasa.net\/blog\/wp-content\/uploads\/Enclave3.jpg","keywords":["newsletter 358"],"articleSection":["Agencias Inmobiliarias"],"inLanguage":"es"},{"@type":"WebPage","@id":"https:\/\/www.aquimicasa.net\/blog\/vivienda\/agencias-inmobiliarias\/opiniones-sobre-la-inmobiliaria-enclave-en-oviedo\/","url":"https:\/\/www.aquimicasa.net\/blog\/vivienda\/agencias-inmobiliarias\/opiniones-sobre-la-inmobiliaria-enclave-en-oviedo\/","name":"Opiniones sobre la inmobiliaria Enclave en Oviedo","isPartOf":{"@id":"https:\/\/www.aquimicasa.net\/blog\/#website"},"primaryImageOfPage":{"@id":"https:\/\/www.aquimicasa.net\/blog\/vivienda\/agencias-inmobiliarias\/opiniones-sobre-la-inmobiliaria-enclave-en-oviedo\/#primaryimage"},"image":{"@id":"https:\/\/www.aquimicasa.net\/blog\/vivienda\/agencias-inmobiliarias\/opiniones-sobre-la-inmobiliaria-enclave-en-oviedo\/#primaryimage"},"thumbnailUrl":"https:\/\/www.aquimicasa.net\/blog\/wp-content\/uploads\/Enclave3.jpg","datePublished":"2022-05-15T21:36:05+00:00","dateModified":"2025-04-25T10:02:46+00:00","description":"La dedicaci\u00f3n y atenci\u00f3n de la inmobiliaria son algunas de las razones de las buenas opiniones sobre la inmobiliaria Enclave en Oviedo","breadcrumb":{"@id":"https:\/\/www.aquimicasa.net\/blog\/vivienda\/agencias-inmobiliarias\/opiniones-sobre-la-inmobiliaria-enclave-en-oviedo\/#breadcrumb"},"inLanguage":"es","potentialAction":[{"@type":"ReadAction","target":["https:\/\/www.aquimicasa.net\/blog\/vivienda\/agencias-inmobiliarias\/opiniones-sobre-la-inmobiliaria-enclave-en-oviedo\/"]}]},{"@type":"ImageObject","inLanguage":"es","@id":"https:\/\/www.aquimicasa.net\/blog\/vivienda\/agencias-inmobiliarias\/opiniones-sobre-la-inmobiliaria-enclave-en-oviedo\/#primaryimage","url":"https:\/\/www.aquimicasa.net\/blog\/wp-content\/uploads\/Enclave3.jpg","contentUrl":"https:\/\/www.aquimicasa.net\/blog\/wp-content\/uploads\/Enclave3.jpg","width":680,"height":452,"caption":"OPiniones sobre la inmobiliaria Enclave en Oviedo"},{"@type":"BreadcrumbList","@id":"https:\/\/www.aquimicasa.net\/blog\/vivienda\/agencias-inmobiliarias\/opiniones-sobre-la-inmobiliaria-enclave-en-oviedo\/#breadcrumb","itemListElement":[{"@type":"ListItem","position":1,"name":"Portada","item":"https:\/\/www.aquimicasa.net\/blog\/"},{"@type":"ListItem","position":2,"name":"Opiniones sobre la inmobiliaria Enclave en Oviedo"}]},{"@type":"WebSite","@id":"https:\/\/www.aquimicasa.net\/blog\/#website","url":"https:\/\/www.aquimicasa.net\/blog\/","name":"Blog de aquimicasa.net","description":"Noticias del Mundo Inmobiliario","publisher":{"@id":"https:\/\/www.aquimicasa.net\/blog\/#organization"},"potentialAction":[{"@type":"SearchAction","target":{"@type":"EntryPoint","urlTemplate":"https:\/\/www.aquimicasa.net\/blog\/?s={search_term_string}"},"query-input":{"@type":"PropertyValueSpecification","valueRequired":true,"valueName":"search_term_string"}}],"inLanguage":"es"},{"@type":"Organization","@id":"https:\/\/www.aquimicasa.net\/blog\/#organization","name":"Blog de aquimicasa.net","url":"https:\/\/www.aquimicasa.net\/blog\/","logo":{"@type":"ImageObject","inLanguage":"es","@id":"https:\/\/www.aquimicasa.net\/blog\/#\/schema\/logo\/image\/","url":"https:\/\/www.aquimicasa.net\/blog\/wp-content\/uploads\/Logo-aquimicasa-1-e1528048213782.png","contentUrl":"https:\/\/www.aquimicasa.net\/blog\/wp-content\/uploads\/Logo-aquimicasa-1-e1528048213782.png","width":225,"height":225,"caption":"Blog de aquimicasa.net"},"image":{"@id":"https:\/\/www.aquimicasa.net\/blog\/#\/schema\/logo\/image\/"},"sameAs":["https:\/\/www.facebook.com\/aquimicasa.net","https:\/\/www.instagram.com\/","https:\/\/x.com\/EduLizarragaD","https:\/\/www.linkedin.com\/feed\/"]},{"@type":"Person","@id":"https:\/\/www.aquimicasa.net\/blog\/#\/schema\/person\/2cdfa2605534583395c8d7ce1d6cac14","name":"Eduardo Lizarraga","image":{"@type":"ImageObject","inLanguage":"es","@id":"https:\/\/secure.gravatar.com\/avatar\/bdabe1eeeed97b65a9cb7de2edd624b07995f7e13abc5fead15961f745f908cc?s=96&d=mm&r=g","url":"https:\/\/secure.gravatar.com\/avatar\/bdabe1eeeed97b65a9cb7de2edd624b07995f7e13abc5fead15961f745f908cc?s=96&d=mm&r=g","contentUrl":"https:\/\/secure.gravatar.com\/avatar\/bdabe1eeeed97b65a9cb7de2edd624b07995f7e13abc5fead15961f745f908cc?s=96&d=mm&r=g","caption":"Eduardo Lizarraga"},"description":"Periodista Econ\u00f3mico. Ha trabajado en diversos campos de la informaci\u00f3n. Corresponsal en conflictos, analista pol\u00edtico en Congreso y Senado, periodista del medio ambiente, editor, director editorial, director de comunicaci\u00f3n.... En estos momentos se ha especializado en el sector inmobiliario. Pero tambi\u00e9n es navegante y viajero, preocupado por la pobreza, el medio ambiente y por las actuaciones descontroladas del neoliberalismo empresarial y pol\u00edtico en todo el mundo. Los desahucios, la pobreza infantil y la falta de acceso a los suministros b\u00e1sicos son algunos de los grandes dramas de nuestra sociedad y que es preciso solucionar para hacerla m\u00e1s justa. CEO en www.aquimicasa.net","sameAs":["https:\/\/www.aquimicasa.net\/"],"url":"https:\/\/www.aquimicasa.net\/blog\/author\/eduardo\/"}]}},"jetpack_publicize_connections":[],"jetpack_featured_media_url":"https:\/\/www.aquimicasa.net\/blog\/wp-content\/uploads\/Enclave3.jpg","jetpack_sharing_enabled":true,"jetpack_likes_enabled":true,"_links":{"self":[{"href":"https:\/\/www.aquimicasa.net\/blog\/wp-json\/wp\/v2\/posts\/40883","targetHints":{"allow":["GET"]}}],"collection":[{"href":"https:\/\/www.aquimicasa.net\/blog\/wp-json\/wp\/v2\/posts"}],"about":[{"href":"https:\/\/www.aquimicasa.net\/blog\/wp-json\/wp\/v2\/types\/post"}],"author":[{"embeddable":true,"href":"https:\/\/www.aquimicasa.net\/blog\/wp-json\/wp\/v2\/users\/3"}],"replies":[{"embeddable":true,"href":"https:\/\/www.aquimicasa.net\/blog\/wp-json\/wp\/v2\/comments?post=40883"}],"version-history":[{"count":3,"href":"https:\/\/www.aquimicasa.net\/blog\/wp-json\/wp\/v2\/posts\/40883\/revisions"}],"predecessor-version":[{"id":41674,"href":"https:\/\/www.aquimicasa.net\/blog\/wp-json\/wp\/v2\/posts\/40883\/revisions\/41674"}],"wp:featuredmedia":[{"embeddable":true,"href":"https:\/\/www.aquimicasa.net\/blog\/wp-json\/wp\/v2\/media\/51265"}],"wp:attachment":[{"href":"https:\/\/www.aquimicasa.net\/blog\/wp-json\/wp\/v2\/media?parent=40883"}],"wp:term":[{"taxonomy":"category","embeddable":true,"href":"https:\/\/www.aquimicasa.net\/blog\/wp-json\/wp\/v2\/categories?post=40883"},{"taxonomy":"post_tag","embeddable":true,"href":"https:\/\/www.aquimicasa.net\/blog\/wp-json\/wp\/v2\/tags?post=40883"}],"curies":[{"name":"wp","href":"https:\/\/api.w.org\/{rel}","templated":true}]}}