{"id":40985,"date":"2022-05-26T08:25:50","date_gmt":"2022-05-26T06:25:50","guid":{"rendered":"https:\/\/www.aquimicasa.net\/blog\/?p=40985"},"modified":"2022-06-05T20:38:59","modified_gmt":"2022-06-05T18:38:59","slug":"vendido-cuarto-sin-ascensor-y-a-partir-de-ahora-que","status":"publish","type":"post","link":"https:\/\/www.aquimicasa.net\/blog\/vivienda\/compraventa-de-viviendas\/vendido-cuarto-sin-ascensor-y-a-partir-de-ahora-que\/","title":{"rendered":"\u00a1Vendido cuarto sin ascensor! \u00bfY a partir de ahora qu\u00e9?"},"content":{"rendered":"<div class=\"fusion-fullwidth fullwidth-box fusion-builder-row-1 fusion-flex-container nonhundred-percent-fullwidth non-hundred-percent-height-scrolling\" style=\"background-color: rgba(255,255,255,0);background-position: center center;background-repeat: no-repeat;border-width: 0px 0px 0px 0px;border-color:#eae9e9;border-style:solid;\" ><div class=\"fusion-builder-row fusion-row fusion-flex-align-items-flex-start\" style=\"max-width:1144px;margin-left: calc(-4% \/ 2 );margin-right: calc(-4% \/ 2 );\"><div class=\"fusion-layout-column fusion_builder_column fusion-builder-column-0 fusion_builder_column_1_1 1_1 fusion-flex-column\"><div class=\"fusion-column-wrapper fusion-flex-justify-content-flex-start fusion-content-layout-column\" style=\"background-position:left top;background-repeat:no-repeat;-webkit-background-size:cover;-moz-background-size:cover;-o-background-size:cover;background-size:cover;padding: 0px 0px 0px 0px;\"><div class=\"fusion-text fusion-text-1\"><p>Desde el a\u00f1o 2007 nadie recordaba un mercado con tanto movimiento como lo sucedido el pasado 2021, con <strong>565.523 viviendas vendidas<\/strong>, seg\u00fan los datos del <strong>Instituto Nacional de Estad\u00edstica (INE)<\/strong>, lo que supone un 34,6% m\u00e1s que el a\u00f1o anterior. Mucho que ver con la demanda embalsada y los ahorros de todo un a\u00f1o, junto con el cambio de enfoque de la vivienda que queremos.<\/p>\n<p>Y si bien se comenz\u00f3 el a\u00f1o con el mismo impulso con el que se hab\u00eda terminado, la serie de malas noticias hac\u00edan presagiar que el 2022 pod\u00eda empeorar y mucho. La <strong>inflaci\u00f3n<\/strong>, que alcanz\u00f3 en marzo el 9,8%, la <strong>guerra en Ucrania<\/strong>, la<strong> crisis energ\u00e9tica<\/strong>, el incremento del <strong>precio del dinero<\/strong>\u2026 Y sin embargo nada ha sido capaz de parar al mercado inmobiliario que contin\u00faa encadenando meses de compraventas y tambi\u00e9n de <strong>subida de precios<\/strong>.<\/p>\n<p>As\u00ed, en marzo, la <strong>Estad\u00edstica Registral Inmobiliaria<\/strong> nos muestra un fuerte incremento de las <strong>compraventas de vivienda<\/strong> del 26,3% sobre marzo del a\u00f1o anterior. El balance de ventas es de 11.400 operaciones m\u00e1s que en 2021. Es decir, se han alcanzado las 55.065 operaciones frente a las 43.605 del mismo periodo del a\u00f1o anterior.<\/p>\n<p>Tampoco los <strong>precios de la vivienda<\/strong> dan tregua y los registradores aseguran que el precio en el primer trimestre registra un\u00a0<strong>incremento interanual del 5,3%<\/strong>, teniendo en cuenta los datos conjuntos de la vivienda nueva y la usada. Los 1.911 \u20ac\/m\u00b2 del primer trimestre suponen un incremento del 3,1% con respecto al trimestre precedente, originado sobre todo por el crecimiento de precio en\u00a0<strong>vivienda usada<\/strong>\u00a0(3,5%), mientras que la\u00a0<strong>vivienda nueva<\/strong>\u00a0tambi\u00e9n sube ligeramente el 1,6%.<\/p>\n<p>No son los registradores los \u00fanicos que constatan este incremento de precios. Seg\u00fan la estad\u00edstica IMIE General y Grandes Mercados de <strong>Tinsa<\/strong>, la vivienda nueva y usada se encareci\u00f3 de media en Espa\u00f1a\u00a0<strong>un 1,1 % mensual<\/strong>\u00a0en abril, lo que sit\u00faa\u00a0el<strong> crecimiento en tasa interanual en un 7,7 %.<\/strong><\/p>\n<p>Buena marcha lleva tambi\u00e9n el mercado hipotecario. Las\u00a0<strong>hipotecas de vivienda<\/strong> pasan de las 33.782 operaciones de marzo del a\u00f1o pasado, a las 39.819 de este pasado mes de marzo, un 17,9% de incremento con 6.000 operaciones m\u00e1s. Por tanto, la evoluci\u00f3n de las hipotecas muestra un mes m\u00e1s, una tendencia de\u00a0<strong>gran incremento, <\/strong>como ha ocurrido con las compraventas.<\/p>\n<p>Tambi\u00e9n se recuperan en este primer trimestre las <strong>compraventas por extranjeros<\/strong>, alcanz\u00e1ndose el 13,2%, con lo que se acumulan cinco trimestres consecutivos de crecimiento y se vuelve a niveles por encima del 13%, habituales antes de la pandemia. Los brit\u00e1nicos vuelven a encabezar los resultados, con un 12,0%, seguidos por alemanes (9,5%), franceses (7,1%), marroqu\u00edes (5,8%), suecos (5,8%) y belgas (5,7%).<\/p>\n<p>Estamos en mayo y la actividad de los <strong>intermediarios inmobiliarios<\/strong> contin\u00faa siendo fren\u00e9tica, pudiendo percibirse determinados elementos m\u00e1s o menos comunes a todos ellos.<\/p>\n<ul>\n<li>Dificultades crecientes en la captaci\u00f3n<\/li>\n<li>Incremento en porcentaje de los inversores sobre los compradores de vivienda habitual<\/li>\n<li>Operaciones farragosas<\/li>\n<li>Ausencia de producto, tanto en segunda mano como -sobre todo- en obra nueva<\/li>\n<li>Subida de los precios de segunda mano por parte de los particulares, que el pasado mes de abril pudo estar entre el 2 y el 4%, al menos en los anuncios de venta.<\/li>\n<li>Prisas para cerrar las operaciones antes de la aparici\u00f3n de De Guindos<\/li>\n<\/ul>\n<p>Tras el glorioso a\u00f1o 2021 y sobre todo desde el pasado \u00faltimo trimestre, las dificultades para captar se han incrementado. Puede haber varias razones, entre ellas que hay un mayor n\u00famero de actores en el mercado y se toca a menos chicha. Seg\u00fan los registradores, las empresas del <strong>sector Inmobiliario<\/strong> y la Construcci\u00f3n aumentan su peso relativo un 13,6% las Actividades Inmobiliarias y un 13,8% la Construcci\u00f3n. Tambi\u00e9n, que conocida la bonanza y facilidad en las operaciones de compraventa, muchos particulares han decidido prescindir del profesional y <strong>poner por su cuenta la propiedad en venta<\/strong>. La gratuidad de la publicidad y el f\u00e1cil acceso a internet le ayudan a ello.<\/p>\n<p>Un caso que tambi\u00e9n se est\u00e1 produciendo es el del <strong>vendedor que se arrepiente<\/strong> y retira la propiedad de la venta. Tal vez para venderlo por su cuenta o para esperar a ver a cu\u00e1nto sube. Al fin y al cabo, en el banco le van a dar mucho menos de lo que va a subir la propiedad.<\/p>\n<p>Y otra particularidad de estos primeros meses del a\u00f1o es que hay <strong>muchos m\u00e1s inversores que en 2021<\/strong>, al menos en porcentaje, sobre todo peque\u00f1os, clientes del apartamento de a 100.000. La alta tasa de inflaci\u00f3n y el fin de las hipotecas baratas que viene, pueden estar detr\u00e1s de este aluvi\u00f3n de inversores en el ladrillo, que adem\u00e1s tienen prisa.<\/p>\n<p>Y tal vez por las prisas, tal vez por las muchas herencias o tal vez influenciados por la inseguridad del momento, el caso es que las operaciones de compraventa se han complicado y dan mucho m\u00e1s trabajo e idas y venidas que antes de la pandemia.<\/p>\n<p>Y en cuanto al producto a la venta, es <strong>escaso y est\u00e1 subiendo de precio<\/strong> mes a mes, en una espiral que recuerda mucho a lo sucedido en los primeros a\u00f1os del siglo. Y lo uno lleva a lo otro porque se vende todo. \u00a1Vendido cuarto sin ascensor! pregonaban en una agencia catalana. Y es que todo vale para despu\u00e9s de un lavado de cara ponerlo en rentabilidad, que en estos momentos es de un 3,8%, mucho m\u00e1s que lo que pueda remunerarnos el banco o podamos obtener de cualquier inversi\u00f3n. \u00a1Cuidad\u00edn con las criptomonedas! Que est\u00e1n palmando.<\/p>\n<p>Otra de las caracter\u00edsticas que se repite en muchas operaciones son las <strong>prisas<\/strong>. El fin de las buenas condiciones financieras y el incremento de los precios mes a mes, junto con una especie de psicosis de que despu\u00e9s del verano llega el diluvio -muchos nos acordamos del verano del 2007- est\u00e1n marcando los tiempos en las agencias inmobiliarias y hay una sensaci\u00f3n de agobio generalizada<\/p>\n<p>\u00bfY ahora que va a pasar?&#8230; Pues es una pregunta que se est\u00e1 haciendo todo el sector y hay datos para casi todas las especulaciones. Pudiera ser que tras el disgusto que nos propine De Guindos el pr\u00f3ximo mes de julio, subi\u00e9ndonos previsiblemente medio punto el precio del dinero, llegue un cierto par\u00f3n que ser\u00e1 sobre todo psicol\u00f3gico. Para recuperarse el buen \u00e1nimo de nuevo a finales de septiembre.<\/p>\n<p>Lo que est\u00e1 relativamente claro es que a final de a\u00f1o no se van a alcanzar las cifras de ventas del 2021 y que avanzamos hacia una moderaci\u00f3n de precios. \u00a0<strong>Las transacciones de viviendas podr\u00edan reducirse \u201calrededor de un 15% interanual en 2022\u201d <\/strong>-seg\u00fan algunos especialistas- para crecer de forma moderada en 2023, aunque en dicho a\u00f1o el n\u00famero de operaciones seguir\u00e1 estando por debajo de los niveles de 2021, cuando las ventas se dispararon m\u00e1s de un 38% y tocaron m\u00e1ximos de 14 a\u00f1os.<\/p>\n<p>Y es preciso considerar varias razones para ello:<\/p>\n<p>El Banco Central Europeo tiene previsto<strong> subir los tipos de inter\u00e9s en julio<\/strong> y eso provocar\u00e1 un mayor aumento del eur\u00edbor y el encarecimiento de las hipotecas despu\u00e9s del verano, con lo que la demanda de vivienda tender\u00eda a moderarse, contribuyendo a una desaceleraci\u00f3n del incremento de los precios.<\/p>\n<p>La falta de fortaleza econ\u00f3mica, recordemos lo sucedido en la anterior crisis, debilitar\u00e1 los flujos migratorios y por lo tanto la necesidad de vivienda. Esa debilidad econ\u00f3mica y la inflaci\u00f3n disminuir\u00e1n la capacidad adquisitiva de las familias y sus posibilidades de ahorro, con lo que no podr\u00e1n dedicar tanto dinero a la <strong>inversi\u00f3n en vivienda<\/strong>.<\/p>\n<p>Aunque por otro lado y visto que el fin de la guerra en Ucrania no se vislumbra, con riesgo de contaminaci\u00f3n a otras zonas y problemas energ\u00e9ticos el pr\u00f3ximo invierno, va a continuar la<strong> incertidumbre general con inseguridad econ\u00f3mica<\/strong> y la cl\u00e1sica percepci\u00f3n del ladrillo como inversi\u00f3n segura; tambi\u00e9n para los compradores extranjeros, que ven a Espa\u00f1a un pa\u00eds alejado del conflicto, la vivienda va a continuar siendo un <strong>valor refugio<\/strong>.<\/p>\n<p>La vivienda se encareci\u00f3 un 6,5% interanual en el 2021, pero eso no se va a repetir ni este a\u00f1o, ni el pr\u00f3ximo, con una econom\u00eda que no acompa\u00f1a y una menor demanda. Los precios subir\u00e1n, pero <strong>de forma moderada y menos que la inflaci\u00f3n<\/strong>. Siempre hay que entender que la vivienda, como muchos otros productos valen lo que los consumidores pueden pagar por ellos. Y con el incremento del IPC y el endurecimiento de las condiciones de financiaci\u00f3n, junto con una subida de salarios que no cubrir\u00e1 esas subidas, <strong>los precios tienen que contenerse<\/strong>.<\/p>\n<p><img decoding=\"async\" class=\" wp-image-33307\" src=\"https:\/\/www.aquimicasa.net\/blog\/wp-content\/uploads\/Con-la-burra-de-domingo1-240x300.jpg\" alt=\"Eduardo Lizarraga\" width=\"137\" height=\"172\" srcset=\"https:\/\/www.aquimicasa.net\/blog\/wp-content\/uploads\/Con-la-burra-de-domingo1-120x150.jpg 120w, https:\/\/www.aquimicasa.net\/blog\/wp-content\/uploads\/Con-la-burra-de-domingo1-200x250.jpg 200w, https:\/\/www.aquimicasa.net\/blog\/wp-content\/uploads\/Con-la-burra-de-domingo1-240x300.jpg 240w, https:\/\/www.aquimicasa.net\/blog\/wp-content\/uploads\/Con-la-burra-de-domingo1-400x500.jpg 400w, https:\/\/www.aquimicasa.net\/blog\/wp-content\/uploads\/Con-la-burra-de-domingo1.jpg 485w\" sizes=\"(max-width: 137px) 100vw, 137px\" \/><\/p>\n<p>Eduardo Lizarraga<\/p>\n<p>WWW.AQUIMICASA.NET<\/p>\n<\/div><\/div><style type=\"text\/css\">.fusion-body .fusion-builder-column-0{width:100% !important;margin-top : 0px;margin-bottom : 0px;}.fusion-builder-column-0 > .fusion-column-wrapper {padding-top : 0px !important;padding-right : 0px !important;margin-right : 1.92%;padding-bottom : 0px !important;padding-left : 0px !important;margin-left : 1.92%;}@media only screen and (max-width:1024px) {.fusion-body .fusion-builder-column-0{width:100% !important;}.fusion-builder-column-0 > .fusion-column-wrapper {margin-right : 1.92%;margin-left : 1.92%;}}@media only screen and (max-width:640px) {.fusion-body .fusion-builder-column-0{width:100% !important;}.fusion-builder-column-0 > .fusion-column-wrapper {margin-right : 1.92%;margin-left : 1.92%;}}<\/style><\/div><\/div><style type=\"text\/css\">.fusion-body .fusion-flex-container.fusion-builder-row-1{ padding-top : 0px;margin-top : 0px;padding-right : 0px;padding-bottom : 0px;margin-bottom : 0px;padding-left : 0px;}<\/style><\/div>\n","protected":false},"excerpt":{"rendered":"<p>Hay que entender que la vivienda, como muchos otros productos valen lo que los consumidores pueden pagar por ellos. Y con el incremento del IPC y el endurecimiento de las condiciones de financiaci\u00f3n, junto con una subida de salarios que no cubrir\u00e1 esas subidas, los precios tienen que contenerse<\/p>\n","protected":false},"author":3,"featured_media":40991,"comment_status":"closed","ping_status":"closed","sticky":false,"template":"","format":"standard","meta":{"_jetpack_memberships_contains_paid_content":false,"footnotes":"","jetpack_publicize_message":"","jetpack_publicize_feature_enabled":true,"jetpack_social_post_already_shared":true,"jetpack_social_options":{"image_generator_settings":{"template":"highway","default_image_id":0,"font":"","enabled":false},"version":2}},"categories":[100],"tags":[2989,8036,8037],"class_list":["post-40985","post","type-post","status-publish","format-standard","has-post-thumbnail","hentry","category-compraventa-de-viviendas","tag-articulo-de-opinion","tag-newsletter-359","tag-newsletter-360"],"yoast_head":"<!-- This site is optimized with the Yoast SEO plugin v27.4 - https:\/\/yoast.com\/product\/yoast-seo-wordpress\/ -->\n<title>\u00a1Vendido cuarto sin ascensor! \u00bfY a partir de ahora qu\u00e9?<\/title>\n<meta name=\"description\" content=\"Parece que a final de a\u00f1o no se van a alcanzar las cifras de ventas del 2021 y que avanzamos hacia una moderaci\u00f3n de precios\" \/>\n<meta name=\"robots\" content=\"index, follow, max-snippet:-1, max-image-preview:large, max-video-preview:-1\" \/>\n<link rel=\"canonical\" href=\"https:\/\/www.aquimicasa.net\/blog\/vivienda\/compraventa-de-viviendas\/vendido-cuarto-sin-ascensor-y-a-partir-de-ahora-que\/\" \/>\n<meta property=\"og:locale\" content=\"es_ES\" \/>\n<meta property=\"og:type\" content=\"article\" \/>\n<meta property=\"og:title\" content=\"\u00a1Vendido cuarto sin ascensor! \u00bfY a partir de ahora qu\u00e9?\" \/>\n<meta property=\"og:description\" content=\"Parece que a final de a\u00f1o no se van a alcanzar las cifras de ventas del 2021 y que avanzamos hacia una moderaci\u00f3n de precios\" \/>\n<meta property=\"og:url\" content=\"https:\/\/www.aquimicasa.net\/blog\/vivienda\/compraventa-de-viviendas\/vendido-cuarto-sin-ascensor-y-a-partir-de-ahora-que\/\" \/>\n<meta property=\"og:site_name\" content=\"Blog de aquimicasa.net\" \/>\n<meta property=\"article:publisher\" content=\"https:\/\/www.facebook.com\/aquimicasa.net\" \/>\n<meta property=\"article:published_time\" content=\"2022-05-26T06:25:50+00:00\" \/>\n<meta property=\"article:modified_time\" content=\"2022-06-05T18:38:59+00:00\" \/>\n<meta property=\"og:image\" content=\"https:\/\/www.aquimicasa.net\/blog\/wp-content\/uploads\/Casitas-1-e1653546342406.jpg\" \/>\n\t<meta property=\"og:image:width\" content=\"450\" \/>\n\t<meta property=\"og:image:height\" content=\"301\" \/>\n\t<meta property=\"og:image:type\" content=\"image\/jpeg\" \/>\n<meta name=\"author\" content=\"Eduardo Lizarraga\" \/>\n<meta name=\"twitter:label1\" content=\"Escrito por\" \/>\n\t<meta name=\"twitter:data1\" content=\"Eduardo Lizarraga\" \/>\n\t<meta name=\"twitter:label2\" content=\"Tiempo de lectura\" \/>\n\t<meta name=\"twitter:data2\" content=\"7 minutos\" \/>\n<script type=\"application\/ld+json\" class=\"yoast-schema-graph\">{\"@context\":\"https:\\\/\\\/schema.org\",\"@graph\":[{\"@type\":\"Article\",\"@id\":\"https:\\\/\\\/www.aquimicasa.net\\\/blog\\\/vivienda\\\/compraventa-de-viviendas\\\/vendido-cuarto-sin-ascensor-y-a-partir-de-ahora-que\\\/#article\",\"isPartOf\":{\"@id\":\"https:\\\/\\\/www.aquimicasa.net\\\/blog\\\/vivienda\\\/compraventa-de-viviendas\\\/vendido-cuarto-sin-ascensor-y-a-partir-de-ahora-que\\\/\"},\"author\":{\"name\":\"Eduardo Lizarraga\",\"@id\":\"https:\\\/\\\/www.aquimicasa.net\\\/blog\\\/#\\\/schema\\\/person\\\/2cdfa2605534583395c8d7ce1d6cac14\"},\"headline\":\"\u00a1Vendido cuarto sin ascensor! \u00bfY a partir de ahora qu\u00e9?\",\"datePublished\":\"2022-05-26T06:25:50+00:00\",\"dateModified\":\"2022-06-05T18:38:59+00:00\",\"mainEntityOfPage\":{\"@id\":\"https:\\\/\\\/www.aquimicasa.net\\\/blog\\\/vivienda\\\/compraventa-de-viviendas\\\/vendido-cuarto-sin-ascensor-y-a-partir-de-ahora-que\\\/\"},\"wordCount\":1723,\"publisher\":{\"@id\":\"https:\\\/\\\/www.aquimicasa.net\\\/blog\\\/#organization\"},\"image\":{\"@id\":\"https:\\\/\\\/www.aquimicasa.net\\\/blog\\\/vivienda\\\/compraventa-de-viviendas\\\/vendido-cuarto-sin-ascensor-y-a-partir-de-ahora-que\\\/#primaryimage\"},\"thumbnailUrl\":\"https:\\\/\\\/www.aquimicasa.net\\\/blog\\\/wp-content\\\/uploads\\\/Casitas-1-e1653546342406.jpg\",\"keywords\":[\"art\u00edculo de opini\u00f3n\",\"newsletter 359\",\"newsletter 360\"],\"articleSection\":[\"Compra Venta\"],\"inLanguage\":\"es\"},{\"@type\":\"WebPage\",\"@id\":\"https:\\\/\\\/www.aquimicasa.net\\\/blog\\\/vivienda\\\/compraventa-de-viviendas\\\/vendido-cuarto-sin-ascensor-y-a-partir-de-ahora-que\\\/\",\"url\":\"https:\\\/\\\/www.aquimicasa.net\\\/blog\\\/vivienda\\\/compraventa-de-viviendas\\\/vendido-cuarto-sin-ascensor-y-a-partir-de-ahora-que\\\/\",\"name\":\"\u00a1Vendido cuarto sin ascensor! \u00bfY a partir de ahora qu\u00e9?\",\"isPartOf\":{\"@id\":\"https:\\\/\\\/www.aquimicasa.net\\\/blog\\\/#website\"},\"primaryImageOfPage\":{\"@id\":\"https:\\\/\\\/www.aquimicasa.net\\\/blog\\\/vivienda\\\/compraventa-de-viviendas\\\/vendido-cuarto-sin-ascensor-y-a-partir-de-ahora-que\\\/#primaryimage\"},\"image\":{\"@id\":\"https:\\\/\\\/www.aquimicasa.net\\\/blog\\\/vivienda\\\/compraventa-de-viviendas\\\/vendido-cuarto-sin-ascensor-y-a-partir-de-ahora-que\\\/#primaryimage\"},\"thumbnailUrl\":\"https:\\\/\\\/www.aquimicasa.net\\\/blog\\\/wp-content\\\/uploads\\\/Casitas-1-e1653546342406.jpg\",\"datePublished\":\"2022-05-26T06:25:50+00:00\",\"dateModified\":\"2022-06-05T18:38:59+00:00\",\"description\":\"Parece que a final de a\u00f1o no se van a alcanzar las cifras de ventas del 2021 y que avanzamos hacia una moderaci\u00f3n de precios\",\"breadcrumb\":{\"@id\":\"https:\\\/\\\/www.aquimicasa.net\\\/blog\\\/vivienda\\\/compraventa-de-viviendas\\\/vendido-cuarto-sin-ascensor-y-a-partir-de-ahora-que\\\/#breadcrumb\"},\"inLanguage\":\"es\",\"potentialAction\":[{\"@type\":\"ReadAction\",\"target\":[\"https:\\\/\\\/www.aquimicasa.net\\\/blog\\\/vivienda\\\/compraventa-de-viviendas\\\/vendido-cuarto-sin-ascensor-y-a-partir-de-ahora-que\\\/\"]}]},{\"@type\":\"ImageObject\",\"inLanguage\":\"es\",\"@id\":\"https:\\\/\\\/www.aquimicasa.net\\\/blog\\\/vivienda\\\/compraventa-de-viviendas\\\/vendido-cuarto-sin-ascensor-y-a-partir-de-ahora-que\\\/#primaryimage\",\"url\":\"https:\\\/\\\/www.aquimicasa.net\\\/blog\\\/wp-content\\\/uploads\\\/Casitas-1-e1653546342406.jpg\",\"contentUrl\":\"https:\\\/\\\/www.aquimicasa.net\\\/blog\\\/wp-content\\\/uploads\\\/Casitas-1-e1653546342406.jpg\",\"width\":450,\"height\":301,\"caption\":\"Buenos resultados en el sector inmobiliario\"},{\"@type\":\"BreadcrumbList\",\"@id\":\"https:\\\/\\\/www.aquimicasa.net\\\/blog\\\/vivienda\\\/compraventa-de-viviendas\\\/vendido-cuarto-sin-ascensor-y-a-partir-de-ahora-que\\\/#breadcrumb\",\"itemListElement\":[{\"@type\":\"ListItem\",\"position\":1,\"name\":\"Portada\",\"item\":\"https:\\\/\\\/www.aquimicasa.net\\\/blog\\\/\"},{\"@type\":\"ListItem\",\"position\":2,\"name\":\"\u00a1Vendido cuarto sin ascensor! \u00bfY a partir de ahora qu\u00e9?\"}]},{\"@type\":\"WebSite\",\"@id\":\"https:\\\/\\\/www.aquimicasa.net\\\/blog\\\/#website\",\"url\":\"https:\\\/\\\/www.aquimicasa.net\\\/blog\\\/\",\"name\":\"Blog de aquimicasa.net\",\"description\":\"Noticias del Mundo Inmobiliario\",\"publisher\":{\"@id\":\"https:\\\/\\\/www.aquimicasa.net\\\/blog\\\/#organization\"},\"potentialAction\":[{\"@type\":\"SearchAction\",\"target\":{\"@type\":\"EntryPoint\",\"urlTemplate\":\"https:\\\/\\\/www.aquimicasa.net\\\/blog\\\/?s={search_term_string}\"},\"query-input\":{\"@type\":\"PropertyValueSpecification\",\"valueRequired\":true,\"valueName\":\"search_term_string\"}}],\"inLanguage\":\"es\"},{\"@type\":\"Organization\",\"@id\":\"https:\\\/\\\/www.aquimicasa.net\\\/blog\\\/#organization\",\"name\":\"Blog de aquimicasa.net\",\"url\":\"https:\\\/\\\/www.aquimicasa.net\\\/blog\\\/\",\"logo\":{\"@type\":\"ImageObject\",\"inLanguage\":\"es\",\"@id\":\"https:\\\/\\\/www.aquimicasa.net\\\/blog\\\/#\\\/schema\\\/logo\\\/image\\\/\",\"url\":\"https:\\\/\\\/www.aquimicasa.net\\\/blog\\\/wp-content\\\/uploads\\\/Logo-aquimicasa-1-e1528048213782.png\",\"contentUrl\":\"https:\\\/\\\/www.aquimicasa.net\\\/blog\\\/wp-content\\\/uploads\\\/Logo-aquimicasa-1-e1528048213782.png\",\"width\":225,\"height\":225,\"caption\":\"Blog de aquimicasa.net\"},\"image\":{\"@id\":\"https:\\\/\\\/www.aquimicasa.net\\\/blog\\\/#\\\/schema\\\/logo\\\/image\\\/\"},\"sameAs\":[\"https:\\\/\\\/www.facebook.com\\\/aquimicasa.net\",\"https:\\\/\\\/www.instagram.com\\\/\",\"https:\\\/\\\/x.com\\\/EduLizarragaD\",\"https:\\\/\\\/www.linkedin.com\\\/feed\\\/\"]},{\"@type\":\"Person\",\"@id\":\"https:\\\/\\\/www.aquimicasa.net\\\/blog\\\/#\\\/schema\\\/person\\\/2cdfa2605534583395c8d7ce1d6cac14\",\"name\":\"Eduardo Lizarraga\",\"image\":{\"@type\":\"ImageObject\",\"inLanguage\":\"es\",\"@id\":\"https:\\\/\\\/secure.gravatar.com\\\/avatar\\\/bdabe1eeeed97b65a9cb7de2edd624b07995f7e13abc5fead15961f745f908cc?s=96&d=mm&r=g\",\"url\":\"https:\\\/\\\/secure.gravatar.com\\\/avatar\\\/bdabe1eeeed97b65a9cb7de2edd624b07995f7e13abc5fead15961f745f908cc?s=96&d=mm&r=g\",\"contentUrl\":\"https:\\\/\\\/secure.gravatar.com\\\/avatar\\\/bdabe1eeeed97b65a9cb7de2edd624b07995f7e13abc5fead15961f745f908cc?s=96&d=mm&r=g\",\"caption\":\"Eduardo Lizarraga\"},\"description\":\"Periodista Econ\u00f3mico. Ha trabajado en diversos campos de la informaci\u00f3n. Corresponsal en conflictos, analista pol\u00edtico en Congreso y Senado, periodista del medio ambiente, editor, director editorial, director de comunicaci\u00f3n.... En estos momentos se ha especializado en el sector inmobiliario. Pero tambi\u00e9n es navegante y viajero, preocupado por la pobreza, el medio ambiente y por las actuaciones descontroladas del neoliberalismo empresarial y pol\u00edtico en todo el mundo. Los desahucios, la pobreza infantil y la falta de acceso a los suministros b\u00e1sicos son algunos de los grandes dramas de nuestra sociedad y que es preciso solucionar para hacerla m\u00e1s justa. CEO en www.aquimicasa.net\",\"sameAs\":[\"https:\\\/\\\/www.aquimicasa.net\\\/\"],\"url\":\"https:\\\/\\\/www.aquimicasa.net\\\/blog\\\/author\\\/eduardo\\\/\"}]}<\/script>\n<!-- \/ Yoast SEO plugin. -->","yoast_head_json":{"title":"\u00a1Vendido cuarto sin ascensor! \u00bfY a partir de ahora qu\u00e9?","description":"Parece que a final de a\u00f1o no se van a alcanzar las cifras de ventas del 2021 y que avanzamos hacia una moderaci\u00f3n de precios","robots":{"index":"index","follow":"follow","max-snippet":"max-snippet:-1","max-image-preview":"max-image-preview:large","max-video-preview":"max-video-preview:-1"},"canonical":"https:\/\/www.aquimicasa.net\/blog\/vivienda\/compraventa-de-viviendas\/vendido-cuarto-sin-ascensor-y-a-partir-de-ahora-que\/","og_locale":"es_ES","og_type":"article","og_title":"\u00a1Vendido cuarto sin ascensor! \u00bfY a partir de ahora qu\u00e9?","og_description":"Parece que a final de a\u00f1o no se van a alcanzar las cifras de ventas del 2021 y que avanzamos hacia una moderaci\u00f3n de precios","og_url":"https:\/\/www.aquimicasa.net\/blog\/vivienda\/compraventa-de-viviendas\/vendido-cuarto-sin-ascensor-y-a-partir-de-ahora-que\/","og_site_name":"Blog de aquimicasa.net","article_publisher":"https:\/\/www.facebook.com\/aquimicasa.net","article_published_time":"2022-05-26T06:25:50+00:00","article_modified_time":"2022-06-05T18:38:59+00:00","og_image":[{"width":450,"height":301,"url":"https:\/\/www.aquimicasa.net\/blog\/wp-content\/uploads\/Casitas-1-e1653546342406.jpg","type":"image\/jpeg"}],"author":"Eduardo Lizarraga","twitter_misc":{"Escrito por":"Eduardo Lizarraga","Tiempo de lectura":"7 minutos"},"schema":{"@context":"https:\/\/schema.org","@graph":[{"@type":"Article","@id":"https:\/\/www.aquimicasa.net\/blog\/vivienda\/compraventa-de-viviendas\/vendido-cuarto-sin-ascensor-y-a-partir-de-ahora-que\/#article","isPartOf":{"@id":"https:\/\/www.aquimicasa.net\/blog\/vivienda\/compraventa-de-viviendas\/vendido-cuarto-sin-ascensor-y-a-partir-de-ahora-que\/"},"author":{"name":"Eduardo Lizarraga","@id":"https:\/\/www.aquimicasa.net\/blog\/#\/schema\/person\/2cdfa2605534583395c8d7ce1d6cac14"},"headline":"\u00a1Vendido cuarto sin ascensor! \u00bfY a partir de ahora qu\u00e9?","datePublished":"2022-05-26T06:25:50+00:00","dateModified":"2022-06-05T18:38:59+00:00","mainEntityOfPage":{"@id":"https:\/\/www.aquimicasa.net\/blog\/vivienda\/compraventa-de-viviendas\/vendido-cuarto-sin-ascensor-y-a-partir-de-ahora-que\/"},"wordCount":1723,"publisher":{"@id":"https:\/\/www.aquimicasa.net\/blog\/#organization"},"image":{"@id":"https:\/\/www.aquimicasa.net\/blog\/vivienda\/compraventa-de-viviendas\/vendido-cuarto-sin-ascensor-y-a-partir-de-ahora-que\/#primaryimage"},"thumbnailUrl":"https:\/\/www.aquimicasa.net\/blog\/wp-content\/uploads\/Casitas-1-e1653546342406.jpg","keywords":["art\u00edculo de opini\u00f3n","newsletter 359","newsletter 360"],"articleSection":["Compra Venta"],"inLanguage":"es"},{"@type":"WebPage","@id":"https:\/\/www.aquimicasa.net\/blog\/vivienda\/compraventa-de-viviendas\/vendido-cuarto-sin-ascensor-y-a-partir-de-ahora-que\/","url":"https:\/\/www.aquimicasa.net\/blog\/vivienda\/compraventa-de-viviendas\/vendido-cuarto-sin-ascensor-y-a-partir-de-ahora-que\/","name":"\u00a1Vendido cuarto sin ascensor! \u00bfY a partir de ahora qu\u00e9?","isPartOf":{"@id":"https:\/\/www.aquimicasa.net\/blog\/#website"},"primaryImageOfPage":{"@id":"https:\/\/www.aquimicasa.net\/blog\/vivienda\/compraventa-de-viviendas\/vendido-cuarto-sin-ascensor-y-a-partir-de-ahora-que\/#primaryimage"},"image":{"@id":"https:\/\/www.aquimicasa.net\/blog\/vivienda\/compraventa-de-viviendas\/vendido-cuarto-sin-ascensor-y-a-partir-de-ahora-que\/#primaryimage"},"thumbnailUrl":"https:\/\/www.aquimicasa.net\/blog\/wp-content\/uploads\/Casitas-1-e1653546342406.jpg","datePublished":"2022-05-26T06:25:50+00:00","dateModified":"2022-06-05T18:38:59+00:00","description":"Parece que a final de a\u00f1o no se van a alcanzar las cifras de ventas del 2021 y que avanzamos hacia una moderaci\u00f3n de precios","breadcrumb":{"@id":"https:\/\/www.aquimicasa.net\/blog\/vivienda\/compraventa-de-viviendas\/vendido-cuarto-sin-ascensor-y-a-partir-de-ahora-que\/#breadcrumb"},"inLanguage":"es","potentialAction":[{"@type":"ReadAction","target":["https:\/\/www.aquimicasa.net\/blog\/vivienda\/compraventa-de-viviendas\/vendido-cuarto-sin-ascensor-y-a-partir-de-ahora-que\/"]}]},{"@type":"ImageObject","inLanguage":"es","@id":"https:\/\/www.aquimicasa.net\/blog\/vivienda\/compraventa-de-viviendas\/vendido-cuarto-sin-ascensor-y-a-partir-de-ahora-que\/#primaryimage","url":"https:\/\/www.aquimicasa.net\/blog\/wp-content\/uploads\/Casitas-1-e1653546342406.jpg","contentUrl":"https:\/\/www.aquimicasa.net\/blog\/wp-content\/uploads\/Casitas-1-e1653546342406.jpg","width":450,"height":301,"caption":"Buenos resultados en el sector inmobiliario"},{"@type":"BreadcrumbList","@id":"https:\/\/www.aquimicasa.net\/blog\/vivienda\/compraventa-de-viviendas\/vendido-cuarto-sin-ascensor-y-a-partir-de-ahora-que\/#breadcrumb","itemListElement":[{"@type":"ListItem","position":1,"name":"Portada","item":"https:\/\/www.aquimicasa.net\/blog\/"},{"@type":"ListItem","position":2,"name":"\u00a1Vendido cuarto sin ascensor! \u00bfY a partir de ahora qu\u00e9?"}]},{"@type":"WebSite","@id":"https:\/\/www.aquimicasa.net\/blog\/#website","url":"https:\/\/www.aquimicasa.net\/blog\/","name":"Blog de aquimicasa.net","description":"Noticias del Mundo Inmobiliario","publisher":{"@id":"https:\/\/www.aquimicasa.net\/blog\/#organization"},"potentialAction":[{"@type":"SearchAction","target":{"@type":"EntryPoint","urlTemplate":"https:\/\/www.aquimicasa.net\/blog\/?s={search_term_string}"},"query-input":{"@type":"PropertyValueSpecification","valueRequired":true,"valueName":"search_term_string"}}],"inLanguage":"es"},{"@type":"Organization","@id":"https:\/\/www.aquimicasa.net\/blog\/#organization","name":"Blog de aquimicasa.net","url":"https:\/\/www.aquimicasa.net\/blog\/","logo":{"@type":"ImageObject","inLanguage":"es","@id":"https:\/\/www.aquimicasa.net\/blog\/#\/schema\/logo\/image\/","url":"https:\/\/www.aquimicasa.net\/blog\/wp-content\/uploads\/Logo-aquimicasa-1-e1528048213782.png","contentUrl":"https:\/\/www.aquimicasa.net\/blog\/wp-content\/uploads\/Logo-aquimicasa-1-e1528048213782.png","width":225,"height":225,"caption":"Blog de aquimicasa.net"},"image":{"@id":"https:\/\/www.aquimicasa.net\/blog\/#\/schema\/logo\/image\/"},"sameAs":["https:\/\/www.facebook.com\/aquimicasa.net","https:\/\/www.instagram.com\/","https:\/\/x.com\/EduLizarragaD","https:\/\/www.linkedin.com\/feed\/"]},{"@type":"Person","@id":"https:\/\/www.aquimicasa.net\/blog\/#\/schema\/person\/2cdfa2605534583395c8d7ce1d6cac14","name":"Eduardo Lizarraga","image":{"@type":"ImageObject","inLanguage":"es","@id":"https:\/\/secure.gravatar.com\/avatar\/bdabe1eeeed97b65a9cb7de2edd624b07995f7e13abc5fead15961f745f908cc?s=96&d=mm&r=g","url":"https:\/\/secure.gravatar.com\/avatar\/bdabe1eeeed97b65a9cb7de2edd624b07995f7e13abc5fead15961f745f908cc?s=96&d=mm&r=g","contentUrl":"https:\/\/secure.gravatar.com\/avatar\/bdabe1eeeed97b65a9cb7de2edd624b07995f7e13abc5fead15961f745f908cc?s=96&d=mm&r=g","caption":"Eduardo Lizarraga"},"description":"Periodista Econ\u00f3mico. Ha trabajado en diversos campos de la informaci\u00f3n. Corresponsal en conflictos, analista pol\u00edtico en Congreso y Senado, periodista del medio ambiente, editor, director editorial, director de comunicaci\u00f3n.... En estos momentos se ha especializado en el sector inmobiliario. Pero tambi\u00e9n es navegante y viajero, preocupado por la pobreza, el medio ambiente y por las actuaciones descontroladas del neoliberalismo empresarial y pol\u00edtico en todo el mundo. Los desahucios, la pobreza infantil y la falta de acceso a los suministros b\u00e1sicos son algunos de los grandes dramas de nuestra sociedad y que es preciso solucionar para hacerla m\u00e1s justa. CEO en www.aquimicasa.net","sameAs":["https:\/\/www.aquimicasa.net\/"],"url":"https:\/\/www.aquimicasa.net\/blog\/author\/eduardo\/"}]}},"jetpack_publicize_connections":[],"jetpack_featured_media_url":"https:\/\/www.aquimicasa.net\/blog\/wp-content\/uploads\/Casitas-1-e1653546342406.jpg","jetpack_sharing_enabled":true,"jetpack_likes_enabled":true,"_links":{"self":[{"href":"https:\/\/www.aquimicasa.net\/blog\/wp-json\/wp\/v2\/posts\/40985","targetHints":{"allow":["GET"]}}],"collection":[{"href":"https:\/\/www.aquimicasa.net\/blog\/wp-json\/wp\/v2\/posts"}],"about":[{"href":"https:\/\/www.aquimicasa.net\/blog\/wp-json\/wp\/v2\/types\/post"}],"author":[{"embeddable":true,"href":"https:\/\/www.aquimicasa.net\/blog\/wp-json\/wp\/v2\/users\/3"}],"replies":[{"embeddable":true,"href":"https:\/\/www.aquimicasa.net\/blog\/wp-json\/wp\/v2\/comments?post=40985"}],"version-history":[{"count":5,"href":"https:\/\/www.aquimicasa.net\/blog\/wp-json\/wp\/v2\/posts\/40985\/revisions"}],"predecessor-version":[{"id":40992,"href":"https:\/\/www.aquimicasa.net\/blog\/wp-json\/wp\/v2\/posts\/40985\/revisions\/40992"}],"wp:featuredmedia":[{"embeddable":true,"href":"https:\/\/www.aquimicasa.net\/blog\/wp-json\/wp\/v2\/media\/40991"}],"wp:attachment":[{"href":"https:\/\/www.aquimicasa.net\/blog\/wp-json\/wp\/v2\/media?parent=40985"}],"wp:term":[{"taxonomy":"category","embeddable":true,"href":"https:\/\/www.aquimicasa.net\/blog\/wp-json\/wp\/v2\/categories?post=40985"},{"taxonomy":"post_tag","embeddable":true,"href":"https:\/\/www.aquimicasa.net\/blog\/wp-json\/wp\/v2\/tags?post=40985"}],"curies":[{"name":"wp","href":"https:\/\/api.w.org\/{rel}","templated":true}]}}